{"id":521,"date":"2015-01-26T14:02:26","date_gmt":"2015-01-26T13:02:26","guid":{"rendered":"http:\/\/blogg.svenskakyrkan.se\/tankarinforhelgen\/?p=521"},"modified":"2017-02-21T11:39:16","modified_gmt":"2017-02-21T10:39:16","slug":"plaster-pa-skavsar-i-sjalen","status":"publish","type":"post","link":"https:\/\/blogg.svenskakyrkan.se\/tankarinforhelgen\/2015\/01\/26\/plaster-pa-skavsar-i-sjalen\/","title":{"rendered":"Pl\u00e5ster p\u00e5 skavs\u00e5r i sj\u00e4len"},"content":{"rendered":"<p><a href=\"http:\/\/blogg.svenskakyrkan.se\/tankarinforhelgen\/files\/2017\/02\/Foto-Elsa-Karlsson.jpg\"><img loading=\"lazy\" decoding=\"async\" class=\"alignnone size-full wp-image-522\" src=\"http:\/\/blogg.svenskakyrkan.se\/tankarinforhelgen\/files\/2017\/02\/Foto-Elsa-Karlsson.jpg\" alt=\"Foto-Elsa-Karlsson\" width=\"438\" height=\"291\" srcset=\"https:\/\/blogg.svenskakyrkan.se\/tankarinforhelgen\/files\/2017\/02\/Foto-Elsa-Karlsson.jpg 438w, https:\/\/blogg.svenskakyrkan.se\/tankarinforhelgen\/files\/2017\/02\/Foto-Elsa-Karlsson-300x199.jpg 300w\" sizes=\"auto, (max-width: 438px) 100vw, 438px\" \/><\/a><\/p>\n<p>Det \u00e4r m\u00e4nskligt, tillh\u00f6r kanske jordelivets villkor att n\u00e5gon g\u00e5ng uppleva en or\u00e4ttvisa som omvandlas till den sinnesst\u00e4mning vi kallar avundsjuka. En m\u00e4nsklig erfarenhet vi alla k\u00e4nner till men s\u00e4llan vill tala h\u00f6gt om, som om det vore ett nederlag att erk\u00e4nna de till synes f\u00f6rdelar som n\u00e5gon annan har.<\/p>\n<p>Som om det vore ett nederlag att visa sina sj\u00e4lsliga skavs\u00e5r f\u00f6r n\u00e5gon som vi tycker har det b\u00e4ttre. Som om det vore ett nederlag att inte ha dragit h\u00f6gsta vinsten. Men avunden kommer s\u00e4llan ensam.<\/p>\n<p>Den g\u00e5r ofta hand i hand med missunnsamhet och tillsammans har de gjort det till en konstart att suga gl\u00e4dje och lust ur m\u00e4nniskor. Deras vassa framfart l\u00e4mnar bittra eftersmaker i b\u00e5de kropp och sj\u00e4l.<\/p>\n<p>Ving\u00e5rdsarbetarna var n\u00f6jda med sin \u00f6verenskommelse tills de f\u00f6rstod att andra slitit mindre, sluppit svett och kanske t\u00e5rar och \u00e4nd\u00e5 f\u00e5tt samma l\u00f6n. Det skaver.<\/p>\n<p>Paret var n\u00f6jda med budgivningen p\u00e5 sin l\u00e4genhet tills de fick h\u00f6ra om grannen som fick mer, trots samma m\u00e4klare och samma planl\u00f6sning. Det skaver.<\/p>\n<p>De \u00e4lskande tyckte sig leva i lyckan tills de tr\u00e4ffade v\u00e4nnerna vars liv tedde sig b\u00e5de mer romantiskt och inramat av festligheter. Det skaver. Lillkillen var glad \u00f6ver sin \u00e4rvda telefon tills kompisen stolt visade upp sin nyare, snabbare och b\u00e4ttre. Det skaver.<\/p>\n<p>Avundsjukan ger skavs\u00e5r och f\u00e5r oss att se det vi nyss v\u00e4rdesatte h\u00f6gt som n\u00e5got som pl\u00f6tsligt balanserar p\u00e5 kanten till det v\u00e4rdel\u00f6sa. Den f\u00e5r mjuka hj\u00e4rtan att h\u00e5rdna en smula och den skymmer sikten mot det himmelrike som han talar om.<\/p>\n<p>Han som v\u00e4nde upp och ner p\u00e5 invanda m\u00f6nster, tankar och k\u00e4nslor s\u00e5 att de sista blev de f\u00f6rsta och de f\u00f6rsta de sista. Han som v\u00e4nder upp och ner p\u00e5 invanda m\u00f6nster, tankar och k\u00e4nslor s\u00e5 att de sista \u00e4r de f\u00f6rsta och de f\u00f6rsta de sista.<\/p>\n<p>En regelbok s\u00e5 fj\u00e4rran fr\u00e5n vinna eller f\u00f6rsvinna. Vi beh\u00f6ver skavs\u00e5rspl\u00e5ster mot avund och missunnsamhet och s\u00e5dana l\u00e5ter sig inte k\u00f6pas p\u00e5 vanliga apotek. N\u00e4r allt kommer omkring l\u00e5ter de sig inte k\u00f6pas f\u00f6r pengar \u00f6verhuvudtaget. Gud har delat v\u00e5ra m\u00e4nskliga villkor och vi f\u00e5r hoppas och tro att det g\u00e4ller allt.<\/p>\n<p>I s\u00e5 fall har Gud erfarit k\u00e4nslan av att flyga l\u00e4tt \u00f6ver himmelska h\u00f6jder, himmelriket \u00e4r n\u00e4ra! Men Gud vet ocks\u00e5 hur det t\u00e4r att g\u00e5 haltande med ol\u00e4kta skavs\u00e5r. Och kanske kan det vara n\u00e5got av ett pl\u00e5ster, att Gud vet.<\/p>\n<p>Gud vet att livet \u00e4r gott \u00e4ven om det inte alltid \u00e4r r\u00e4ttvist i v\u00e5ra \u00f6gon. Gud vet att det kanske handlar om att v\u00e4lja sina strider, att v\u00e4lja mellan att odla avundsjuka genom att st\u00e4ndigt pilla bort tunna s\u00e5rskorpor eller att l\u00e5ta bli.<\/p>\n<p>Gud vet vad vi ibland gl\u00f6mmer: Betydelsen i att f\u00e5 bli tagen i bruk efter f\u00f6rm\u00e5ga och f\u00f6ruts\u00e4ttningar, utan att j\u00e4mf\u00f6ras med andra. Med himmelriket \u00e4r det ibland s\u00e5 att det \u00e4r r\u00e4ttvist att det \u00e4r or\u00e4ttvist.<\/p>\n<p><i>Charlotta Ingerholt<br \/>\nF\u00f6rsamlingspedagog och gymnasieteolog,\u00a0Uppsala domkyrkof\u00f6rsamling\u00a0\u00a0\u00a0\u00a0 <\/i><\/p>\n","protected":false},"excerpt":{"rendered":"<p>Det \u00e4r m\u00e4nskligt, tillh\u00f6r kanske jordelivets villkor att n\u00e5gon g\u00e5ng uppleva en or\u00e4ttvisa som omvandlas till den sinnesst\u00e4mning vi kallar avundsjuka. En m\u00e4nsklig erfarenhet vi alla k\u00e4nner till men s\u00e4llan vill tala h\u00f6gt om, som om det vore ett nederlag att erk\u00e4nna de till synes f\u00f6rdelar som n\u00e5gon annan har. Som om det vore ett [&hellip;]<\/p>\n","protected":false},"author":458,"featured_media":0,"comment_status":"open","ping_status":"open","sticky":false,"template":"","format":"standard","meta":{"_acf_changed":false,"footnotes":""},"categories":[138525],"tags":[],"class_list":["post-521","post","type-post","status-publish","format-standard","hentry","category-septuagesima"],"acf":[],"yoast_head":"<!-- This site is optimized with the Yoast SEO plugin v27.1.1 - https:\/\/yoast.com\/product\/yoast-seo-wordpress\/ -->\n<title>Pl\u00e5ster p\u00e5 skavs\u00e5r i sj\u00e4len - Tankar inf\u00f6r helgen<\/title>\n<meta name=\"robots\" content=\"index, follow, max-snippet:-1, max-image-preview:large, max-video-preview:-1\" \/>\n<link rel=\"canonical\" href=\"https:\/\/blogg.svenskakyrkan.se\/tankarinforhelgen\/2015\/01\/26\/plaster-pa-skavsar-i-sjalen\/\" \/>\n<meta property=\"og:locale\" content=\"sv_SE\" \/>\n<meta property=\"og:type\" content=\"article\" \/>\n<meta property=\"og:title\" content=\"Pl\u00e5ster p\u00e5 skavs\u00e5r i sj\u00e4len - Tankar inf\u00f6r helgen\" \/>\n<meta property=\"og:description\" content=\"Det \u00e4r m\u00e4nskligt, tillh\u00f6r kanske jordelivets villkor att n\u00e5gon g\u00e5ng uppleva en or\u00e4ttvisa som omvandlas till den sinnesst\u00e4mning vi kallar avundsjuka. En m\u00e4nsklig erfarenhet vi alla k\u00e4nner till men s\u00e4llan vill tala h\u00f6gt om, som om det vore ett nederlag att erk\u00e4nna de till synes f\u00f6rdelar som n\u00e5gon annan har. Som om det vore ett [&hellip;]\" \/>\n<meta property=\"og:url\" content=\"https:\/\/blogg.svenskakyrkan.se\/tankarinforhelgen\/2015\/01\/26\/plaster-pa-skavsar-i-sjalen\/\" \/>\n<meta property=\"og:site_name\" content=\"Tankar inf\u00f6r helgen\" \/>\n<meta property=\"article:published_time\" content=\"2015-01-26T13:02:26+00:00\" \/>\n<meta property=\"article:modified_time\" content=\"2017-02-21T10:39:16+00:00\" \/>\n<meta property=\"og:image\" content=\"http:\/\/blogg.svenskakyrkan.se\/tankarinforhelgen\/files\/2017\/02\/Foto-Elsa-Karlsson.jpg\" \/>\n<meta name=\"author\" content=\"Magdalena Wernefeldt\" \/>\n<meta name=\"twitter:card\" content=\"summary_large_image\" \/>\n<meta name=\"twitter:label1\" content=\"Skriven av\" \/>\n\t<meta name=\"twitter:data1\" content=\"Magdalena Wernefeldt\" \/>\n\t<meta name=\"twitter:label2\" content=\"Ber\u00e4knad l\u00e4stid\" \/>\n\t<meta name=\"twitter:data2\" content=\"3 minuter\" \/>\n<script type=\"application\/ld+json\" class=\"yoast-schema-graph\">{\"@context\":\"https:\/\/schema.org\",\"@graph\":[{\"@type\":\"Article\",\"@id\":\"https:\/\/blogg.svenskakyrkan.se\/tankarinforhelgen\/2015\/01\/26\/plaster-pa-skavsar-i-sjalen\/#article\",\"isPartOf\":{\"@id\":\"https:\/\/blogg.svenskakyrkan.se\/tankarinforhelgen\/2015\/01\/26\/plaster-pa-skavsar-i-sjalen\/\"},\"author\":{\"name\":\"Magdalena Wernefeldt\",\"@id\":\"https:\/\/blogg.svenskakyrkan.se\/tankarinforhelgen\/#\/schema\/person\/c19e8a124f507336a7f712f3b02d924b\"},\"headline\":\"Pl\u00e5ster p\u00e5 skavs\u00e5r i sj\u00e4len\",\"datePublished\":\"2015-01-26T13:02:26+00:00\",\"dateModified\":\"2017-02-21T10:39:16+00:00\",\"mainEntityOfPage\":{\"@id\":\"https:\/\/blogg.svenskakyrkan.se\/tankarinforhelgen\/2015\/01\/26\/plaster-pa-skavsar-i-sjalen\/\"},\"wordCount\":600,\"commentCount\":0,\"image\":{\"@id\":\"https:\/\/blogg.svenskakyrkan.se\/tankarinforhelgen\/2015\/01\/26\/plaster-pa-skavsar-i-sjalen\/#primaryimage\"},\"thumbnailUrl\":\"http:\/\/blogg.svenskakyrkan.se\/tankarinforhelgen\/files\/2017\/02\/Foto-Elsa-Karlsson.jpg\",\"articleSection\":[\"Septuagesima\"],\"inLanguage\":\"sv-SE\",\"potentialAction\":[{\"@type\":\"CommentAction\",\"name\":\"Comment\",\"target\":[\"https:\/\/blogg.svenskakyrkan.se\/tankarinforhelgen\/2015\/01\/26\/plaster-pa-skavsar-i-sjalen\/#respond\"]}]},{\"@type\":\"WebPage\",\"@id\":\"https:\/\/blogg.svenskakyrkan.se\/tankarinforhelgen\/2015\/01\/26\/plaster-pa-skavsar-i-sjalen\/\",\"url\":\"https:\/\/blogg.svenskakyrkan.se\/tankarinforhelgen\/2015\/01\/26\/plaster-pa-skavsar-i-sjalen\/\",\"name\":\"Pl\u00e5ster p\u00e5 skavs\u00e5r i sj\u00e4len - Tankar inf\u00f6r helgen\",\"isPartOf\":{\"@id\":\"https:\/\/blogg.svenskakyrkan.se\/tankarinforhelgen\/#website\"},\"primaryImageOfPage\":{\"@id\":\"https:\/\/blogg.svenskakyrkan.se\/tankarinforhelgen\/2015\/01\/26\/plaster-pa-skavsar-i-sjalen\/#primaryimage\"},\"image\":{\"@id\":\"https:\/\/blogg.svenskakyrkan.se\/tankarinforhelgen\/2015\/01\/26\/plaster-pa-skavsar-i-sjalen\/#primaryimage\"},\"thumbnailUrl\":\"http:\/\/blogg.svenskakyrkan.se\/tankarinforhelgen\/files\/2017\/02\/Foto-Elsa-Karlsson.jpg\",\"datePublished\":\"2015-01-26T13:02:26+00:00\",\"dateModified\":\"2017-02-21T10:39:16+00:00\",\"author\":{\"@id\":\"https:\/\/blogg.svenskakyrkan.se\/tankarinforhelgen\/#\/schema\/person\/c19e8a124f507336a7f712f3b02d924b\"},\"breadcrumb\":{\"@id\":\"https:\/\/blogg.svenskakyrkan.se\/tankarinforhelgen\/2015\/01\/26\/plaster-pa-skavsar-i-sjalen\/#breadcrumb\"},\"inLanguage\":\"sv-SE\",\"potentialAction\":[{\"@type\":\"ReadAction\",\"target\":[\"https:\/\/blogg.svenskakyrkan.se\/tankarinforhelgen\/2015\/01\/26\/plaster-pa-skavsar-i-sjalen\/\"]}]},{\"@type\":\"ImageObject\",\"inLanguage\":\"sv-SE\",\"@id\":\"https:\/\/blogg.svenskakyrkan.se\/tankarinforhelgen\/2015\/01\/26\/plaster-pa-skavsar-i-sjalen\/#primaryimage\",\"url\":\"http:\/\/blogg.svenskakyrkan.se\/tankarinforhelgen\/files\/2017\/02\/Foto-Elsa-Karlsson.jpg\",\"contentUrl\":\"http:\/\/blogg.svenskakyrkan.se\/tankarinforhelgen\/files\/2017\/02\/Foto-Elsa-Karlsson.jpg\"},{\"@type\":\"BreadcrumbList\",\"@id\":\"https:\/\/blogg.svenskakyrkan.se\/tankarinforhelgen\/2015\/01\/26\/plaster-pa-skavsar-i-sjalen\/#breadcrumb\",\"itemListElement\":[{\"@type\":\"ListItem\",\"position\":1,\"name\":\"Hem\",\"item\":\"https:\/\/blogg.svenskakyrkan.se\/tankarinforhelgen\/\"},{\"@type\":\"ListItem\",\"position\":2,\"name\":\"Pl\u00e5ster p\u00e5 skavs\u00e5r i sj\u00e4len\"}]},{\"@type\":\"WebSite\",\"@id\":\"https:\/\/blogg.svenskakyrkan.se\/tankarinforhelgen\/#website\",\"url\":\"https:\/\/blogg.svenskakyrkan.se\/tankarinforhelgen\/\",\"name\":\"Tankar inf\u00f6r helgen\",\"description\":\"Pr\u00e4ster funderar utifr\u00e5n kommande s\u00f6ndags texter\",\"potentialAction\":[{\"@type\":\"SearchAction\",\"target\":{\"@type\":\"EntryPoint\",\"urlTemplate\":\"https:\/\/blogg.svenskakyrkan.se\/tankarinforhelgen\/?s={search_term_string}\"},\"query-input\":{\"@type\":\"PropertyValueSpecification\",\"valueRequired\":true,\"valueName\":\"search_term_string\"}}],\"inLanguage\":\"sv-SE\"},{\"@type\":\"Person\",\"@id\":\"https:\/\/blogg.svenskakyrkan.se\/tankarinforhelgen\/#\/schema\/person\/c19e8a124f507336a7f712f3b02d924b\",\"name\":\"Magdalena Wernefeldt\",\"image\":{\"@type\":\"ImageObject\",\"inLanguage\":\"sv-SE\",\"@id\":\"https:\/\/blogg.svenskakyrkan.se\/tankarinforhelgen\/#\/schema\/person\/image\/\",\"url\":\"https:\/\/secure.gravatar.com\/avatar\/23dab26aed51bdfcff5c1559ea1a5d339f00dac73f3d56d1d8b724c1d9074328?s=96&d=mm&r=g\",\"contentUrl\":\"https:\/\/secure.gravatar.com\/avatar\/23dab26aed51bdfcff5c1559ea1a5d339f00dac73f3d56d1d8b724c1d9074328?s=96&d=mm&r=g\",\"caption\":\"Magdalena Wernefeldt\"},\"url\":\"https:\/\/blogg.svenskakyrkan.se\/tankarinforhelgen\/author\/svkmwt\/\"}]}<\/script>\n<!-- \/ Yoast SEO plugin. -->","yoast_head_json":{"title":"Pl\u00e5ster p\u00e5 skavs\u00e5r i sj\u00e4len - Tankar inf\u00f6r helgen","robots":{"index":"index","follow":"follow","max-snippet":"max-snippet:-1","max-image-preview":"max-image-preview:large","max-video-preview":"max-video-preview:-1"},"canonical":"https:\/\/blogg.svenskakyrkan.se\/tankarinforhelgen\/2015\/01\/26\/plaster-pa-skavsar-i-sjalen\/","og_locale":"sv_SE","og_type":"article","og_title":"Pl\u00e5ster p\u00e5 skavs\u00e5r i sj\u00e4len - Tankar inf\u00f6r helgen","og_description":"Det \u00e4r m\u00e4nskligt, tillh\u00f6r kanske jordelivets villkor att n\u00e5gon g\u00e5ng uppleva en or\u00e4ttvisa som omvandlas till den sinnesst\u00e4mning vi kallar avundsjuka. En m\u00e4nsklig erfarenhet vi alla k\u00e4nner till men s\u00e4llan vill tala h\u00f6gt om, som om det vore ett nederlag att erk\u00e4nna de till synes f\u00f6rdelar som n\u00e5gon annan har. Som om det vore ett [&hellip;]","og_url":"https:\/\/blogg.svenskakyrkan.se\/tankarinforhelgen\/2015\/01\/26\/plaster-pa-skavsar-i-sjalen\/","og_site_name":"Tankar inf\u00f6r helgen","article_published_time":"2015-01-26T13:02:26+00:00","article_modified_time":"2017-02-21T10:39:16+00:00","og_image":[{"url":"http:\/\/blogg.svenskakyrkan.se\/tankarinforhelgen\/files\/2017\/02\/Foto-Elsa-Karlsson.jpg","type":"","width":"","height":""}],"author":"Magdalena Wernefeldt","twitter_card":"summary_large_image","twitter_misc":{"Skriven av":"Magdalena Wernefeldt","Ber\u00e4knad l\u00e4stid":"3 minuter"},"schema":{"@context":"https:\/\/schema.org","@graph":[{"@type":"Article","@id":"https:\/\/blogg.svenskakyrkan.se\/tankarinforhelgen\/2015\/01\/26\/plaster-pa-skavsar-i-sjalen\/#article","isPartOf":{"@id":"https:\/\/blogg.svenskakyrkan.se\/tankarinforhelgen\/2015\/01\/26\/plaster-pa-skavsar-i-sjalen\/"},"author":{"name":"Magdalena Wernefeldt","@id":"https:\/\/blogg.svenskakyrkan.se\/tankarinforhelgen\/#\/schema\/person\/c19e8a124f507336a7f712f3b02d924b"},"headline":"Pl\u00e5ster p\u00e5 skavs\u00e5r i sj\u00e4len","datePublished":"2015-01-26T13:02:26+00:00","dateModified":"2017-02-21T10:39:16+00:00","mainEntityOfPage":{"@id":"https:\/\/blogg.svenskakyrkan.se\/tankarinforhelgen\/2015\/01\/26\/plaster-pa-skavsar-i-sjalen\/"},"wordCount":600,"commentCount":0,"image":{"@id":"https:\/\/blogg.svenskakyrkan.se\/tankarinforhelgen\/2015\/01\/26\/plaster-pa-skavsar-i-sjalen\/#primaryimage"},"thumbnailUrl":"http:\/\/blogg.svenskakyrkan.se\/tankarinforhelgen\/files\/2017\/02\/Foto-Elsa-Karlsson.jpg","articleSection":["Septuagesima"],"inLanguage":"sv-SE","potentialAction":[{"@type":"CommentAction","name":"Comment","target":["https:\/\/blogg.svenskakyrkan.se\/tankarinforhelgen\/2015\/01\/26\/plaster-pa-skavsar-i-sjalen\/#respond"]}]},{"@type":"WebPage","@id":"https:\/\/blogg.svenskakyrkan.se\/tankarinforhelgen\/2015\/01\/26\/plaster-pa-skavsar-i-sjalen\/","url":"https:\/\/blogg.svenskakyrkan.se\/tankarinforhelgen\/2015\/01\/26\/plaster-pa-skavsar-i-sjalen\/","name":"Pl\u00e5ster p\u00e5 skavs\u00e5r i sj\u00e4len - Tankar inf\u00f6r helgen","isPartOf":{"@id":"https:\/\/blogg.svenskakyrkan.se\/tankarinforhelgen\/#website"},"primaryImageOfPage":{"@id":"https:\/\/blogg.svenskakyrkan.se\/tankarinforhelgen\/2015\/01\/26\/plaster-pa-skavsar-i-sjalen\/#primaryimage"},"image":{"@id":"https:\/\/blogg.svenskakyrkan.se\/tankarinforhelgen\/2015\/01\/26\/plaster-pa-skavsar-i-sjalen\/#primaryimage"},"thumbnailUrl":"http:\/\/blogg.svenskakyrkan.se\/tankarinforhelgen\/files\/2017\/02\/Foto-Elsa-Karlsson.jpg","datePublished":"2015-01-26T13:02:26+00:00","dateModified":"2017-02-21T10:39:16+00:00","author":{"@id":"https:\/\/blogg.svenskakyrkan.se\/tankarinforhelgen\/#\/schema\/person\/c19e8a124f507336a7f712f3b02d924b"},"breadcrumb":{"@id":"https:\/\/blogg.svenskakyrkan.se\/tankarinforhelgen\/2015\/01\/26\/plaster-pa-skavsar-i-sjalen\/#breadcrumb"},"inLanguage":"sv-SE","potentialAction":[{"@type":"ReadAction","target":["https:\/\/blogg.svenskakyrkan.se\/tankarinforhelgen\/2015\/01\/26\/plaster-pa-skavsar-i-sjalen\/"]}]},{"@type":"ImageObject","inLanguage":"sv-SE","@id":"https:\/\/blogg.svenskakyrkan.se\/tankarinforhelgen\/2015\/01\/26\/plaster-pa-skavsar-i-sjalen\/#primaryimage","url":"http:\/\/blogg.svenskakyrkan.se\/tankarinforhelgen\/files\/2017\/02\/Foto-Elsa-Karlsson.jpg","contentUrl":"http:\/\/blogg.svenskakyrkan.se\/tankarinforhelgen\/files\/2017\/02\/Foto-Elsa-Karlsson.jpg"},{"@type":"BreadcrumbList","@id":"https:\/\/blogg.svenskakyrkan.se\/tankarinforhelgen\/2015\/01\/26\/plaster-pa-skavsar-i-sjalen\/#breadcrumb","itemListElement":[{"@type":"ListItem","position":1,"name":"Hem","item":"https:\/\/blogg.svenskakyrkan.se\/tankarinforhelgen\/"},{"@type":"ListItem","position":2,"name":"Pl\u00e5ster p\u00e5 skavs\u00e5r i sj\u00e4len"}]},{"@type":"WebSite","@id":"https:\/\/blogg.svenskakyrkan.se\/tankarinforhelgen\/#website","url":"https:\/\/blogg.svenskakyrkan.se\/tankarinforhelgen\/","name":"Tankar inf\u00f6r helgen","description":"Pr\u00e4ster funderar utifr\u00e5n kommande s\u00f6ndags texter","potentialAction":[{"@type":"SearchAction","target":{"@type":"EntryPoint","urlTemplate":"https:\/\/blogg.svenskakyrkan.se\/tankarinforhelgen\/?s={search_term_string}"},"query-input":{"@type":"PropertyValueSpecification","valueRequired":true,"valueName":"search_term_string"}}],"inLanguage":"sv-SE"},{"@type":"Person","@id":"https:\/\/blogg.svenskakyrkan.se\/tankarinforhelgen\/#\/schema\/person\/c19e8a124f507336a7f712f3b02d924b","name":"Magdalena Wernefeldt","image":{"@type":"ImageObject","inLanguage":"sv-SE","@id":"https:\/\/blogg.svenskakyrkan.se\/tankarinforhelgen\/#\/schema\/person\/image\/","url":"https:\/\/secure.gravatar.com\/avatar\/23dab26aed51bdfcff5c1559ea1a5d339f00dac73f3d56d1d8b724c1d9074328?s=96&d=mm&r=g","contentUrl":"https:\/\/secure.gravatar.com\/avatar\/23dab26aed51bdfcff5c1559ea1a5d339f00dac73f3d56d1d8b724c1d9074328?s=96&d=mm&r=g","caption":"Magdalena Wernefeldt"},"url":"https:\/\/blogg.svenskakyrkan.se\/tankarinforhelgen\/author\/svkmwt\/"}]}},"author_meta":{"ID":"458","user_nicename":"svkmwt","user_registered":"2014-10-14 11:18:34","display_name":"Magdalena Wernefeldt","first_name":"Magdalena","last_name":"Wernefeldt","avatar":"https:\/\/secure.gravatar.com\/avatar\/23dab26aed51bdfcff5c1559ea1a5d339f00dac73f3d56d1d8b724c1d9074328?s=96&d=mm&r=g"},"featured_image":false,"bloginfo":{"name":"Tankar inf\u00f6r helgen","url":"https:\/\/blogg.svenskakyrkan.se\/tankarinforhelgen"},"_links":{"self":[{"href":"https:\/\/blogg.svenskakyrkan.se\/tankarinforhelgen\/wp-json\/wp\/v2\/posts\/521","targetHints":{"allow":["GET"]}}],"collection":[{"href":"https:\/\/blogg.svenskakyrkan.se\/tankarinforhelgen\/wp-json\/wp\/v2\/posts"}],"about":[{"href":"https:\/\/blogg.svenskakyrkan.se\/tankarinforhelgen\/wp-json\/wp\/v2\/types\/post"}],"author":[{"embeddable":true,"href":"https:\/\/blogg.svenskakyrkan.se\/tankarinforhelgen\/wp-json\/wp\/v2\/users\/458"}],"replies":[{"embeddable":true,"href":"https:\/\/blogg.svenskakyrkan.se\/tankarinforhelgen\/wp-json\/wp\/v2\/comments?post=521"}],"version-history":[{"count":1,"href":"https:\/\/blogg.svenskakyrkan.se\/tankarinforhelgen\/wp-json\/wp\/v2\/posts\/521\/revisions"}],"predecessor-version":[{"id":523,"href":"https:\/\/blogg.svenskakyrkan.se\/tankarinforhelgen\/wp-json\/wp\/v2\/posts\/521\/revisions\/523"}],"wp:attachment":[{"href":"https:\/\/blogg.svenskakyrkan.se\/tankarinforhelgen\/wp-json\/wp\/v2\/media?parent=521"}],"wp:term":[{"taxonomy":"category","embeddable":true,"href":"https:\/\/blogg.svenskakyrkan.se\/tankarinforhelgen\/wp-json\/wp\/v2\/categories?post=521"},{"taxonomy":"post_tag","embeddable":true,"href":"https:\/\/blogg.svenskakyrkan.se\/tankarinforhelgen\/wp-json\/wp\/v2\/tags?post=521"}],"curies":[{"name":"wp","href":"https:\/\/api.w.org\/{rel}","templated":true}]}}