{"id":536,"date":"2015-02-09T14:12:14","date_gmt":"2015-02-09T13:12:14","guid":{"rendered":"http:\/\/blogg.svenskakyrkan.se\/tankarinforhelgen\/?p=536"},"modified":"2017-02-22T13:58:22","modified_gmt":"2017-02-22T12:58:22","slug":"lattare-att-vara-kristen-nu","status":"publish","type":"post","link":"https:\/\/blogg.svenskakyrkan.se\/tankarinforhelgen\/2015\/02\/09\/lattare-att-vara-kristen-nu\/","title":{"rendered":"L\u00e4ttare att vara kristen nu?"},"content":{"rendered":"<p><a href=\"http:\/\/blogg.svenskakyrkan.se\/tankarinforhelgen\/files\/2017\/02\/Hemlos_Daniel_Mott.jpg\"><img loading=\"lazy\" decoding=\"async\" class=\"alignnone size-full wp-image-537\" src=\"http:\/\/blogg.svenskakyrkan.se\/tankarinforhelgen\/files\/2017\/02\/Hemlos_Daniel_Mott.jpg\" alt=\"Hemlos_Daniel_Mott\" width=\"438\" height=\"271\" srcset=\"https:\/\/blogg.svenskakyrkan.se\/tankarinforhelgen\/files\/2017\/02\/Hemlos_Daniel_Mott.jpg 438w, https:\/\/blogg.svenskakyrkan.se\/tankarinforhelgen\/files\/2017\/02\/Hemlos_Daniel_Mott-300x186.jpg 300w\" sizes=\"auto, (max-width: 438px) 100vw, 438px\" \/><\/a><\/p>\n<p>&#8211; Det \u00e4r mycket l\u00e4ttare att vara kristen h\u00e4r i Indien \u00e4n i Sverige. Du vet h\u00e4r k\u00e4nner folk p\u00e5 ett helt annat s\u00e4tt igen sig i texterna, milj\u00f6erna \u00e4r i stort sett likadana.<\/p>\n<p>Ungef\u00e4r s\u00e5 h\u00e4r sa hon till mig. Jag var ung och f\u00f6r f\u00f6rsta g\u00e5ngen i Asien och hon hade tillbringat mer eller mindre hela sitt yrkesverksamma liv d\u00e4r och framf\u00f6rallt i Indien. Hennes ord kommer upp inom mig n\u00e4r jag g\u00e5r l\u00e4ngs med gatorna i Lund och Malm\u00f6 samtidigt som Fastlags\u00f6ndagens text finns i bakhuvudet.<\/p>\n<p>N\u00e4r Jesus n\u00e4rmade sig Jeriko satt d\u00e4r en blind vid v\u00e4gkanten och tiggde. D\u00e5 n\u00e4r jag som ung kom till Indien fanns inga tiggare i Sverige, men de fanns i Indien och p\u00e5 n\u00e5got s\u00e4tt tyckte den \u00e4ldre mission\u00e4ren att det var l\u00e4ttare att vara kristen d\u00e4r f\u00f6r det bibeln handlar om fanns ju ocks\u00e5 d\u00e4r.<\/p>\n<p>Nu 30 \u00e5r senare har Sverige f\u00e4rdats tillbaka till Indien f\u00f6r 30 \u00e5r sedan eller Palestina f\u00f6r 2000 \u00e5r sedan. Tiggaren sitter vid v\u00e4gkanten. Har det d\u00e5 blivit l\u00e4ttare att vara kristen h\u00e4r?<\/p>\n<p>Lite efter m\u00f6tet med mission\u00e4ren kom jag till Calcutta. H\u00e4r var det n\u00e4stan outh\u00e4rdligt att m\u00f6ta alla dessa tiggare. Tiggare som inte hade n\u00e5gonting, knappt kl\u00e4der p\u00e5 kroppen och ibland varken syn eller lemmar. En klok jesuitbroder gav n\u00e5gra r\u00e5d till mig hur man skulle f\u00f6rh\u00e5lla sig.<\/p>\n<p>&#8211; Ge aldrig pengar, sa han. Risken \u00e4r stor att de g\u00e5r till n\u00e5gon annan \u00e4n den som tigger. Om du k\u00e4nner att du vill ge, ge n\u00e5got att \u00e4ta, men om det \u00e4r en banan eller annan frukt skala den f\u00f6r annars kommer den bara s\u00e4ljas och s\u00e5 hamnar pengarna l\u00e4tt i fel ficka. De d\u00e4r r\u00e5den har jag f\u00f6rs\u00f6kt leva med sen dess, inte alltid enkelt, men jag tror att det \u00e4r det b\u00e4sta f\u00f6rh\u00e5llningss\u00e4ttet.<\/p>\n<p>&#8211; Vad vill du jag ska g\u00f6ra f\u00f6r dig, sa Jesus till den blinde mannen?<\/p>\n<p>&#8211; Herre g\u00f6r s\u00e5 att jag kan se igen, sa mannen till Jesus.<\/p>\n<p>\u00c4r det l\u00e4ttare att vara kristen h\u00e4r nu n\u00e4r tiggaren sitter i v\u00e4gkanten? Det l\u00e4ttaste \u00e4r ju att ge, men \u00e4r det kristet? \u00c4r det inte s\u00e5 att vi d\u00e5 bara g\u00f6der ett or\u00e4ttf\u00e4rdigt system som inte tar itu med grundorsakerna, strukturerna som vi sa d\u00e5 f\u00f6r 30 \u00e5r sedan.<\/p>\n<p>Jesus gav inte, han st\u00e4llde en fr\u00e5ga om vad som var mannens problem. \u00c4r det inte d\u00e5 v\u00e5r uppgift som kristna och kyrka att p\u00e5 samma s\u00e4tt st\u00e4lla fr\u00e5gan om problemets orsaker? Sen be och verka f\u00f6r att \u00f6gonen \u00f6ppnas och att vi sj\u00e4lva, de som tigger p\u00e5 gatan och samh\u00e4lle och v\u00e4rld ser att detta kan inte fortg\u00e5. Vi m\u00e5ste tillsammans finna s\u00e4tt som skapar f\u00f6ruts\u00e4ttningar f\u00f6r m\u00e4nniskor att leva v\u00e4rdigt.<\/p>\n<p>Jag t\u00e4nker s\u00e5 konkret att k\u00e4rlekens v\u00e4g nog inte f\u00f6rst och fr\u00e4mst \u00e4r att stoppa ett par kronor i pappmuggen, utan att spara dem till fastekampanjen som b\u00f6rjar nu.<\/p>\n<p>Att st\u00f6tta Svenska kyrkans internationella arbete som b\u00e5de arbetar med att st\u00e4lla fr\u00e5gan och &#8221;\u00f6ppna \u00f6gonen&#8221; s\u00e5 att m\u00e4nniskor ser sina m\u00f6jligheter, men ocks\u00e5 tillsammans med kyrkor runt om i v\u00e4rlden \u00e4r en ljudande profetisk st\u00e4mma som f\u00f6rhoppningsvis \u00f6ppnar \u00f6gonen p\u00e5 de som har makt att f\u00f6r\u00e4ndra!<\/p>\n<p>Herre att finna din v\u00e4g i denna v\u00e4rld \u00e4r inte l\u00e4tt, men Herre visa mig din v\u00e4g, k\u00e4rlekens v\u00e4g!<\/p>\n<p><i>Per Kristiansson<br \/>\nKomminister i V\u00e4stra Skr\u00e4vlinge kyrka i Malm\u00f6<\/i><\/p>\n","protected":false},"excerpt":{"rendered":"<p>&#8211; Det \u00e4r mycket l\u00e4ttare att vara kristen h\u00e4r i Indien \u00e4n i Sverige. Du vet h\u00e4r k\u00e4nner folk p\u00e5 ett helt annat s\u00e4tt igen sig i texterna, milj\u00f6erna \u00e4r i stort sett likadana. Ungef\u00e4r s\u00e5 h\u00e4r sa hon till mig. Jag var ung och f\u00f6r f\u00f6rsta g\u00e5ngen i Asien och hon hade tillbringat mer [&hellip;]<\/p>\n","protected":false},"author":458,"featured_media":0,"comment_status":"open","ping_status":"open","sticky":false,"template":"","format":"standard","meta":{"_acf_changed":false,"footnotes":""},"categories":[138009],"tags":[],"class_list":["post-536","post","type-post","status-publish","format-standard","hentry","category-fastlagssondagen"],"acf":[],"yoast_head":"<!-- This site is optimized with the Yoast SEO plugin v27.1.1 - https:\/\/yoast.com\/product\/yoast-seo-wordpress\/ -->\n<title>L\u00e4ttare att vara kristen nu? - Tankar inf\u00f6r helgen<\/title>\n<meta name=\"robots\" content=\"index, follow, max-snippet:-1, max-image-preview:large, max-video-preview:-1\" \/>\n<link rel=\"canonical\" href=\"https:\/\/blogg.svenskakyrkan.se\/tankarinforhelgen\/2015\/02\/09\/lattare-att-vara-kristen-nu\/\" \/>\n<meta property=\"og:locale\" content=\"sv_SE\" \/>\n<meta property=\"og:type\" content=\"article\" \/>\n<meta property=\"og:title\" content=\"L\u00e4ttare att vara kristen nu? - Tankar inf\u00f6r helgen\" \/>\n<meta property=\"og:description\" content=\"&#8211; Det \u00e4r mycket l\u00e4ttare att vara kristen h\u00e4r i Indien \u00e4n i Sverige. Du vet h\u00e4r k\u00e4nner folk p\u00e5 ett helt annat s\u00e4tt igen sig i texterna, milj\u00f6erna \u00e4r i stort sett likadana. Ungef\u00e4r s\u00e5 h\u00e4r sa hon till mig. Jag var ung och f\u00f6r f\u00f6rsta g\u00e5ngen i Asien och hon hade tillbringat mer [&hellip;]\" \/>\n<meta property=\"og:url\" content=\"https:\/\/blogg.svenskakyrkan.se\/tankarinforhelgen\/2015\/02\/09\/lattare-att-vara-kristen-nu\/\" \/>\n<meta property=\"og:site_name\" content=\"Tankar inf\u00f6r helgen\" \/>\n<meta property=\"article:published_time\" content=\"2015-02-09T13:12:14+00:00\" \/>\n<meta property=\"article:modified_time\" content=\"2017-02-22T12:58:22+00:00\" \/>\n<meta property=\"og:image\" content=\"http:\/\/blogg.svenskakyrkan.se\/tankarinforhelgen\/files\/2017\/02\/Hemlos_Daniel_Mott.jpg\" \/>\n<meta name=\"author\" content=\"Magdalena Wernefeldt\" \/>\n<meta name=\"twitter:card\" content=\"summary_large_image\" \/>\n<meta name=\"twitter:label1\" content=\"Skriven av\" \/>\n\t<meta name=\"twitter:data1\" content=\"Magdalena Wernefeldt\" \/>\n\t<meta name=\"twitter:label2\" content=\"Ber\u00e4knad l\u00e4stid\" \/>\n\t<meta name=\"twitter:data2\" content=\"3 minuter\" \/>\n<script type=\"application\/ld+json\" class=\"yoast-schema-graph\">{\"@context\":\"https:\/\/schema.org\",\"@graph\":[{\"@type\":\"Article\",\"@id\":\"https:\/\/blogg.svenskakyrkan.se\/tankarinforhelgen\/2015\/02\/09\/lattare-att-vara-kristen-nu\/#article\",\"isPartOf\":{\"@id\":\"https:\/\/blogg.svenskakyrkan.se\/tankarinforhelgen\/2015\/02\/09\/lattare-att-vara-kristen-nu\/\"},\"author\":{\"name\":\"Magdalena Wernefeldt\",\"@id\":\"https:\/\/blogg.svenskakyrkan.se\/tankarinforhelgen\/#\/schema\/person\/c19e8a124f507336a7f712f3b02d924b\"},\"headline\":\"L\u00e4ttare att vara kristen nu?\",\"datePublished\":\"2015-02-09T13:12:14+00:00\",\"dateModified\":\"2017-02-22T12:58:22+00:00\",\"mainEntityOfPage\":{\"@id\":\"https:\/\/blogg.svenskakyrkan.se\/tankarinforhelgen\/2015\/02\/09\/lattare-att-vara-kristen-nu\/\"},\"wordCount\":674,\"commentCount\":0,\"image\":{\"@id\":\"https:\/\/blogg.svenskakyrkan.se\/tankarinforhelgen\/2015\/02\/09\/lattare-att-vara-kristen-nu\/#primaryimage\"},\"thumbnailUrl\":\"http:\/\/blogg.svenskakyrkan.se\/tankarinforhelgen\/files\/2017\/02\/Hemlos_Daniel_Mott.jpg\",\"articleSection\":[\"Fastlagss\u00f6ndagen\"],\"inLanguage\":\"sv-SE\",\"potentialAction\":[{\"@type\":\"CommentAction\",\"name\":\"Comment\",\"target\":[\"https:\/\/blogg.svenskakyrkan.se\/tankarinforhelgen\/2015\/02\/09\/lattare-att-vara-kristen-nu\/#respond\"]}]},{\"@type\":\"WebPage\",\"@id\":\"https:\/\/blogg.svenskakyrkan.se\/tankarinforhelgen\/2015\/02\/09\/lattare-att-vara-kristen-nu\/\",\"url\":\"https:\/\/blogg.svenskakyrkan.se\/tankarinforhelgen\/2015\/02\/09\/lattare-att-vara-kristen-nu\/\",\"name\":\"L\u00e4ttare att vara kristen nu? - Tankar inf\u00f6r helgen\",\"isPartOf\":{\"@id\":\"https:\/\/blogg.svenskakyrkan.se\/tankarinforhelgen\/#website\"},\"primaryImageOfPage\":{\"@id\":\"https:\/\/blogg.svenskakyrkan.se\/tankarinforhelgen\/2015\/02\/09\/lattare-att-vara-kristen-nu\/#primaryimage\"},\"image\":{\"@id\":\"https:\/\/blogg.svenskakyrkan.se\/tankarinforhelgen\/2015\/02\/09\/lattare-att-vara-kristen-nu\/#primaryimage\"},\"thumbnailUrl\":\"http:\/\/blogg.svenskakyrkan.se\/tankarinforhelgen\/files\/2017\/02\/Hemlos_Daniel_Mott.jpg\",\"datePublished\":\"2015-02-09T13:12:14+00:00\",\"dateModified\":\"2017-02-22T12:58:22+00:00\",\"author\":{\"@id\":\"https:\/\/blogg.svenskakyrkan.se\/tankarinforhelgen\/#\/schema\/person\/c19e8a124f507336a7f712f3b02d924b\"},\"breadcrumb\":{\"@id\":\"https:\/\/blogg.svenskakyrkan.se\/tankarinforhelgen\/2015\/02\/09\/lattare-att-vara-kristen-nu\/#breadcrumb\"},\"inLanguage\":\"sv-SE\",\"potentialAction\":[{\"@type\":\"ReadAction\",\"target\":[\"https:\/\/blogg.svenskakyrkan.se\/tankarinforhelgen\/2015\/02\/09\/lattare-att-vara-kristen-nu\/\"]}]},{\"@type\":\"ImageObject\",\"inLanguage\":\"sv-SE\",\"@id\":\"https:\/\/blogg.svenskakyrkan.se\/tankarinforhelgen\/2015\/02\/09\/lattare-att-vara-kristen-nu\/#primaryimage\",\"url\":\"http:\/\/blogg.svenskakyrkan.se\/tankarinforhelgen\/files\/2017\/02\/Hemlos_Daniel_Mott.jpg\",\"contentUrl\":\"http:\/\/blogg.svenskakyrkan.se\/tankarinforhelgen\/files\/2017\/02\/Hemlos_Daniel_Mott.jpg\"},{\"@type\":\"BreadcrumbList\",\"@id\":\"https:\/\/blogg.svenskakyrkan.se\/tankarinforhelgen\/2015\/02\/09\/lattare-att-vara-kristen-nu\/#breadcrumb\",\"itemListElement\":[{\"@type\":\"ListItem\",\"position\":1,\"name\":\"Hem\",\"item\":\"https:\/\/blogg.svenskakyrkan.se\/tankarinforhelgen\/\"},{\"@type\":\"ListItem\",\"position\":2,\"name\":\"L\u00e4ttare att vara kristen nu?\"}]},{\"@type\":\"WebSite\",\"@id\":\"https:\/\/blogg.svenskakyrkan.se\/tankarinforhelgen\/#website\",\"url\":\"https:\/\/blogg.svenskakyrkan.se\/tankarinforhelgen\/\",\"name\":\"Tankar inf\u00f6r helgen\",\"description\":\"Pr\u00e4ster funderar utifr\u00e5n kommande s\u00f6ndags texter\",\"potentialAction\":[{\"@type\":\"SearchAction\",\"target\":{\"@type\":\"EntryPoint\",\"urlTemplate\":\"https:\/\/blogg.svenskakyrkan.se\/tankarinforhelgen\/?s={search_term_string}\"},\"query-input\":{\"@type\":\"PropertyValueSpecification\",\"valueRequired\":true,\"valueName\":\"search_term_string\"}}],\"inLanguage\":\"sv-SE\"},{\"@type\":\"Person\",\"@id\":\"https:\/\/blogg.svenskakyrkan.se\/tankarinforhelgen\/#\/schema\/person\/c19e8a124f507336a7f712f3b02d924b\",\"name\":\"Magdalena Wernefeldt\",\"image\":{\"@type\":\"ImageObject\",\"inLanguage\":\"sv-SE\",\"@id\":\"https:\/\/blogg.svenskakyrkan.se\/tankarinforhelgen\/#\/schema\/person\/image\/\",\"url\":\"https:\/\/secure.gravatar.com\/avatar\/23dab26aed51bdfcff5c1559ea1a5d339f00dac73f3d56d1d8b724c1d9074328?s=96&d=mm&r=g\",\"contentUrl\":\"https:\/\/secure.gravatar.com\/avatar\/23dab26aed51bdfcff5c1559ea1a5d339f00dac73f3d56d1d8b724c1d9074328?s=96&d=mm&r=g\",\"caption\":\"Magdalena Wernefeldt\"},\"url\":\"https:\/\/blogg.svenskakyrkan.se\/tankarinforhelgen\/author\/svkmwt\/\"}]}<\/script>\n<!-- \/ Yoast SEO plugin. -->","yoast_head_json":{"title":"L\u00e4ttare att vara kristen nu? - Tankar inf\u00f6r helgen","robots":{"index":"index","follow":"follow","max-snippet":"max-snippet:-1","max-image-preview":"max-image-preview:large","max-video-preview":"max-video-preview:-1"},"canonical":"https:\/\/blogg.svenskakyrkan.se\/tankarinforhelgen\/2015\/02\/09\/lattare-att-vara-kristen-nu\/","og_locale":"sv_SE","og_type":"article","og_title":"L\u00e4ttare att vara kristen nu? - Tankar inf\u00f6r helgen","og_description":"&#8211; Det \u00e4r mycket l\u00e4ttare att vara kristen h\u00e4r i Indien \u00e4n i Sverige. Du vet h\u00e4r k\u00e4nner folk p\u00e5 ett helt annat s\u00e4tt igen sig i texterna, milj\u00f6erna \u00e4r i stort sett likadana. Ungef\u00e4r s\u00e5 h\u00e4r sa hon till mig. Jag var ung och f\u00f6r f\u00f6rsta g\u00e5ngen i Asien och hon hade tillbringat mer [&hellip;]","og_url":"https:\/\/blogg.svenskakyrkan.se\/tankarinforhelgen\/2015\/02\/09\/lattare-att-vara-kristen-nu\/","og_site_name":"Tankar inf\u00f6r helgen","article_published_time":"2015-02-09T13:12:14+00:00","article_modified_time":"2017-02-22T12:58:22+00:00","og_image":[{"url":"http:\/\/blogg.svenskakyrkan.se\/tankarinforhelgen\/files\/2017\/02\/Hemlos_Daniel_Mott.jpg","type":"","width":"","height":""}],"author":"Magdalena Wernefeldt","twitter_card":"summary_large_image","twitter_misc":{"Skriven av":"Magdalena Wernefeldt","Ber\u00e4knad l\u00e4stid":"3 minuter"},"schema":{"@context":"https:\/\/schema.org","@graph":[{"@type":"Article","@id":"https:\/\/blogg.svenskakyrkan.se\/tankarinforhelgen\/2015\/02\/09\/lattare-att-vara-kristen-nu\/#article","isPartOf":{"@id":"https:\/\/blogg.svenskakyrkan.se\/tankarinforhelgen\/2015\/02\/09\/lattare-att-vara-kristen-nu\/"},"author":{"name":"Magdalena Wernefeldt","@id":"https:\/\/blogg.svenskakyrkan.se\/tankarinforhelgen\/#\/schema\/person\/c19e8a124f507336a7f712f3b02d924b"},"headline":"L\u00e4ttare att vara kristen nu?","datePublished":"2015-02-09T13:12:14+00:00","dateModified":"2017-02-22T12:58:22+00:00","mainEntityOfPage":{"@id":"https:\/\/blogg.svenskakyrkan.se\/tankarinforhelgen\/2015\/02\/09\/lattare-att-vara-kristen-nu\/"},"wordCount":674,"commentCount":0,"image":{"@id":"https:\/\/blogg.svenskakyrkan.se\/tankarinforhelgen\/2015\/02\/09\/lattare-att-vara-kristen-nu\/#primaryimage"},"thumbnailUrl":"http:\/\/blogg.svenskakyrkan.se\/tankarinforhelgen\/files\/2017\/02\/Hemlos_Daniel_Mott.jpg","articleSection":["Fastlagss\u00f6ndagen"],"inLanguage":"sv-SE","potentialAction":[{"@type":"CommentAction","name":"Comment","target":["https:\/\/blogg.svenskakyrkan.se\/tankarinforhelgen\/2015\/02\/09\/lattare-att-vara-kristen-nu\/#respond"]}]},{"@type":"WebPage","@id":"https:\/\/blogg.svenskakyrkan.se\/tankarinforhelgen\/2015\/02\/09\/lattare-att-vara-kristen-nu\/","url":"https:\/\/blogg.svenskakyrkan.se\/tankarinforhelgen\/2015\/02\/09\/lattare-att-vara-kristen-nu\/","name":"L\u00e4ttare att vara kristen nu? - Tankar inf\u00f6r helgen","isPartOf":{"@id":"https:\/\/blogg.svenskakyrkan.se\/tankarinforhelgen\/#website"},"primaryImageOfPage":{"@id":"https:\/\/blogg.svenskakyrkan.se\/tankarinforhelgen\/2015\/02\/09\/lattare-att-vara-kristen-nu\/#primaryimage"},"image":{"@id":"https:\/\/blogg.svenskakyrkan.se\/tankarinforhelgen\/2015\/02\/09\/lattare-att-vara-kristen-nu\/#primaryimage"},"thumbnailUrl":"http:\/\/blogg.svenskakyrkan.se\/tankarinforhelgen\/files\/2017\/02\/Hemlos_Daniel_Mott.jpg","datePublished":"2015-02-09T13:12:14+00:00","dateModified":"2017-02-22T12:58:22+00:00","author":{"@id":"https:\/\/blogg.svenskakyrkan.se\/tankarinforhelgen\/#\/schema\/person\/c19e8a124f507336a7f712f3b02d924b"},"breadcrumb":{"@id":"https:\/\/blogg.svenskakyrkan.se\/tankarinforhelgen\/2015\/02\/09\/lattare-att-vara-kristen-nu\/#breadcrumb"},"inLanguage":"sv-SE","potentialAction":[{"@type":"ReadAction","target":["https:\/\/blogg.svenskakyrkan.se\/tankarinforhelgen\/2015\/02\/09\/lattare-att-vara-kristen-nu\/"]}]},{"@type":"ImageObject","inLanguage":"sv-SE","@id":"https:\/\/blogg.svenskakyrkan.se\/tankarinforhelgen\/2015\/02\/09\/lattare-att-vara-kristen-nu\/#primaryimage","url":"http:\/\/blogg.svenskakyrkan.se\/tankarinforhelgen\/files\/2017\/02\/Hemlos_Daniel_Mott.jpg","contentUrl":"http:\/\/blogg.svenskakyrkan.se\/tankarinforhelgen\/files\/2017\/02\/Hemlos_Daniel_Mott.jpg"},{"@type":"BreadcrumbList","@id":"https:\/\/blogg.svenskakyrkan.se\/tankarinforhelgen\/2015\/02\/09\/lattare-att-vara-kristen-nu\/#breadcrumb","itemListElement":[{"@type":"ListItem","position":1,"name":"Hem","item":"https:\/\/blogg.svenskakyrkan.se\/tankarinforhelgen\/"},{"@type":"ListItem","position":2,"name":"L\u00e4ttare att vara kristen nu?"}]},{"@type":"WebSite","@id":"https:\/\/blogg.svenskakyrkan.se\/tankarinforhelgen\/#website","url":"https:\/\/blogg.svenskakyrkan.se\/tankarinforhelgen\/","name":"Tankar inf\u00f6r helgen","description":"Pr\u00e4ster funderar utifr\u00e5n kommande s\u00f6ndags texter","potentialAction":[{"@type":"SearchAction","target":{"@type":"EntryPoint","urlTemplate":"https:\/\/blogg.svenskakyrkan.se\/tankarinforhelgen\/?s={search_term_string}"},"query-input":{"@type":"PropertyValueSpecification","valueRequired":true,"valueName":"search_term_string"}}],"inLanguage":"sv-SE"},{"@type":"Person","@id":"https:\/\/blogg.svenskakyrkan.se\/tankarinforhelgen\/#\/schema\/person\/c19e8a124f507336a7f712f3b02d924b","name":"Magdalena Wernefeldt","image":{"@type":"ImageObject","inLanguage":"sv-SE","@id":"https:\/\/blogg.svenskakyrkan.se\/tankarinforhelgen\/#\/schema\/person\/image\/","url":"https:\/\/secure.gravatar.com\/avatar\/23dab26aed51bdfcff5c1559ea1a5d339f00dac73f3d56d1d8b724c1d9074328?s=96&d=mm&r=g","contentUrl":"https:\/\/secure.gravatar.com\/avatar\/23dab26aed51bdfcff5c1559ea1a5d339f00dac73f3d56d1d8b724c1d9074328?s=96&d=mm&r=g","caption":"Magdalena Wernefeldt"},"url":"https:\/\/blogg.svenskakyrkan.se\/tankarinforhelgen\/author\/svkmwt\/"}]}},"author_meta":{"ID":"458","user_nicename":"svkmwt","user_registered":"2014-10-14 11:18:34","display_name":"Magdalena Wernefeldt","first_name":"Magdalena","last_name":"Wernefeldt","avatar":"https:\/\/secure.gravatar.com\/avatar\/23dab26aed51bdfcff5c1559ea1a5d339f00dac73f3d56d1d8b724c1d9074328?s=96&d=mm&r=g"},"featured_image":false,"bloginfo":{"name":"Tankar inf\u00f6r helgen","url":"https:\/\/blogg.svenskakyrkan.se\/tankarinforhelgen"},"_links":{"self":[{"href":"https:\/\/blogg.svenskakyrkan.se\/tankarinforhelgen\/wp-json\/wp\/v2\/posts\/536","targetHints":{"allow":["GET"]}}],"collection":[{"href":"https:\/\/blogg.svenskakyrkan.se\/tankarinforhelgen\/wp-json\/wp\/v2\/posts"}],"about":[{"href":"https:\/\/blogg.svenskakyrkan.se\/tankarinforhelgen\/wp-json\/wp\/v2\/types\/post"}],"author":[{"embeddable":true,"href":"https:\/\/blogg.svenskakyrkan.se\/tankarinforhelgen\/wp-json\/wp\/v2\/users\/458"}],"replies":[{"embeddable":true,"href":"https:\/\/blogg.svenskakyrkan.se\/tankarinforhelgen\/wp-json\/wp\/v2\/comments?post=536"}],"version-history":[{"count":1,"href":"https:\/\/blogg.svenskakyrkan.se\/tankarinforhelgen\/wp-json\/wp\/v2\/posts\/536\/revisions"}],"predecessor-version":[{"id":538,"href":"https:\/\/blogg.svenskakyrkan.se\/tankarinforhelgen\/wp-json\/wp\/v2\/posts\/536\/revisions\/538"}],"wp:attachment":[{"href":"https:\/\/blogg.svenskakyrkan.se\/tankarinforhelgen\/wp-json\/wp\/v2\/media?parent=536"}],"wp:term":[{"taxonomy":"category","embeddable":true,"href":"https:\/\/blogg.svenskakyrkan.se\/tankarinforhelgen\/wp-json\/wp\/v2\/categories?post=536"},{"taxonomy":"post_tag","embeddable":true,"href":"https:\/\/blogg.svenskakyrkan.se\/tankarinforhelgen\/wp-json\/wp\/v2\/tags?post=536"}],"curies":[{"name":"wp","href":"https:\/\/api.w.org\/{rel}","templated":true}]}}