{"id":588,"date":"2017-02-15T14:02:04","date_gmt":"2017-02-15T13:02:04","guid":{"rendered":"http:\/\/blogg.svenskakyrkan.se\/tankarinforhelgen\/?p=588"},"modified":"2017-04-29T09:20:18","modified_gmt":"2017-04-29T07:20:18","slug":"ord-som-far-liv","status":"publish","type":"post","link":"https:\/\/blogg.svenskakyrkan.se\/tankarinforhelgen\/2017\/02\/15\/ord-som-far-liv\/","title":{"rendered":"Ord som f\u00e5r liv"},"content":{"rendered":"<p><a href=\"http:\/\/blogg.svenskakyrkan.se\/tankarinforhelgen\/files\/2017\/02\/TIH17021921.png\"><img loading=\"lazy\" decoding=\"async\" class=\"alignnone size-full wp-image-591\" src=\"http:\/\/blogg.svenskakyrkan.se\/tankarinforhelgen\/files\/2017\/02\/TIH17021921.png\" alt=\"TIH1702192\" width=\"596\" height=\"397\" srcset=\"https:\/\/blogg.svenskakyrkan.se\/tankarinforhelgen\/files\/2017\/02\/TIH17021921.png 596w, https:\/\/blogg.svenskakyrkan.se\/tankarinforhelgen\/files\/2017\/02\/TIH17021921-300x200.png 300w, https:\/\/blogg.svenskakyrkan.se\/tankarinforhelgen\/files\/2017\/02\/TIH17021921-450x300.png 450w\" sizes=\"auto, (max-width: 596px) 100vw, 596px\" \/><\/a><\/p>\n<p>-Hur m\u00e5nga spr\u00e5k kan du? Jag blir lite \u00f6verrumplad \u00f6ver fr\u00e5gan och dr\u00f6jer p\u00e5 svaret.<br \/>\n-Jag talar\u00a0svenska. \u00c4r ju trots allt mitt modersm\u00e5l. Sedan kan jag v\u00e4l engelska ganska bra, svarar jag dr\u00f6jande<br \/>\n-Ja, men du bor ju i \u00d6sterrike, d\u00e5 kan du v\u00e4l tyska ocks\u00e5?<br \/>\n-Nja\u2026.s\u00e5 mycket tyska kan jag nog tyv\u00e4rr inte. Jag dr\u00f6jer p\u00e5 svaret. Sk\u00e4ms lite \u00f6ver att jag inte l\u00e4rt mig mer p\u00e5 snart fem \u00e5r.<\/p>\n<p>N\u00e4r vi skiljs \u00e5t funderar jag vidare. Hur m\u00e5nga spr\u00e5k kan jag egentligen? Och vad \u00e4r ett spr\u00e5k? Det \u00e4r ju s\u00e5 mycket mer \u00e4n bara orden som s\u00e4gs. Nyanserna, meningen i dem spelar roll. Jag tar mig fram p\u00e5 tyska. Kan fr\u00e5ga efter v\u00e4gen, best\u00e4lla mat p\u00e5 restaurangen. Prata om v\u00e4dret. Men n\u00e4r spr\u00e5ket skall fyllas med mening. Bli levande, s\u00e5 sviker orden mig och d\u00f6r. K\u00e4nsligheten finns inte d\u00e4r.<\/p>\n<p>Men engelska d\u00e5? L\u00e4ser ju b\u00e5de romaner och kurslitteratur p\u00e5 detta spr\u00e5k. Det kan jag v\u00e4l? Men nej, \u00e4ven h\u00e4r sviker spr\u00e5ket mig. Orden blir trubbiga. Det blir svart eller vitt och nyanser och skiftningar g\u00e5r f\u00f6rlorade.<br \/>\nDet \u00e4r f\u00f6rst n\u00e4r jag talar mitt hj\u00e4rtas spr\u00e5k, mitt modersm\u00e5l, som orden blir levande, f\u00e5r liv. Som jag verkligen kan f\u00f6rklara vad jag menar. Som jag kan g\u00f6ra mig f\u00f6rst\u00e5dd.<\/p>\n<p>Eller \u00e4r det alltid s\u00e5? Att n\u00e4r vi talar samma spr\u00e5k s\u00e5 f\u00f6rst\u00e5r vi varandra?<\/p>\n<p>Vi talar b\u00e5da svenska. Den uppr\u00f6rde mannen och jag. Har samma modersm\u00e5l. \u00c4nd\u00e5 f\u00f6rst\u00e5r vi inte varandra. Vi talar f\u00f6rbi varandra. Jag biter tillbaka de h\u00e5rda ord som br\u00e4nner p\u00e5 min tunga. Tystnar. B\u00f6rjar lyssna. Vad s\u00e4ger han?? Varf\u00f6r f\u00f6rst\u00e5r han inte? H\u00f6r han inte vad jag s\u00e4ger? Sakta b\u00f6rjar jag inse. Vi kanske anv\u00e4nder samma ord, men vi menar helt olika saker. Vi l\u00e4gger helt olika v\u00e4rderingar i orden. Det d\u00e4r ordet som f\u00f6r mig uttryckte uppskattning och gl\u00e4dje, var f\u00f6r honom nedv\u00e4rderande, \u00f6verl\u00e4gset, fel. Vi \u00e4ger samma ord, s\u00e4ger samma ord, men talar inte samma spr\u00e5k.<\/p>\n<p>Vilket spr\u00e5k talar Gud? Med vilka ord talar Gud till mig? Jag f\u00f6rbereder predikan och letar efter orden. Var hittar jag orden som beskriver det jag vill s\u00e4ga? Som f\u00e5ngar h\u00f6jd och bredd. Som tr\u00e4nger ner i djupet? Som blir levande och skapar liv? Vilket spr\u00e5k skall jag anv\u00e4nda? Vilket spr\u00e5k talar Gud?<\/p>\n<p>Vi tittar p\u00e5 varandra. Den f\u00f6rut s\u00e5 uppr\u00f6rde mannen lugnar ner sig. B\u00f6rjar lyssna. Vi fr\u00e5gar varandra vad vi menar med v\u00e5ra ord. Ber varandra f\u00f6rklara. Samtalet fylls med inneh\u00e5ll i takt med att orden f\u00e5r struktur och mening. Nyanser och f\u00e4rgskiftningar. Vi delar inte l\u00e4ngre bara samma spr\u00e5k, utan \u00e4ven samma v\u00e4rld. Orden anv\u00e4nds inte l\u00e4ngre som vapen f\u00f6r att tvinga, utan som verktyg f\u00f6r att skapa. Orden f\u00e5r liv och b\u00f6rjar leva.<\/p>\n<p>Hur m\u00e5nga spr\u00e5k kan jag?<br \/>\nHur m\u00e5nga spr\u00e5k kan Gud?<br \/>\nMed vilka ord talar Gud till mig? Jag lyssnar, f\u00f6rs\u00f6ker f\u00f6rst\u00e5. Sakta trevar jag mig fram. Ber om f\u00f6rklaringar. Mitt liv fylls med inneh\u00e5ll i takt med att Guds ord f\u00e5r struktur och mening. Orden sl\u00e5r rot, f\u00e5r liv, v\u00e4xer och jag v\u00e4xer med dem, med det levande ordet. Det som ger nyans, f\u00e4rg och struktur till mitt liv.<\/p>\n<p>Hur m\u00e5nga spr\u00e5k kan du?<\/p>\n<p>________________________<br \/>\nMaria Scharffenberg, kyrkoherde<\/p>\n","protected":false},"excerpt":{"rendered":"<p>-Hur m\u00e5nga spr\u00e5k kan du? Jag blir lite \u00f6verrumplad \u00f6ver fr\u00e5gan och dr\u00f6jer p\u00e5 svaret. -Jag talar\u00a0svenska. \u00c4r ju trots allt mitt modersm\u00e5l. Sedan kan jag v\u00e4l engelska ganska bra, svarar jag dr\u00f6jande -Ja, men du bor ju i \u00d6sterrike, d\u00e5 kan du v\u00e4l tyska ocks\u00e5? -Nja\u2026.s\u00e5 mycket tyska kan jag nog tyv\u00e4rr inte. Jag [&hellip;]<\/p>\n","protected":false},"author":620,"featured_media":0,"comment_status":"open","ping_status":"open","sticky":false,"template":"","format":"standard","meta":{"_acf_changed":false,"footnotes":""},"categories":[142439],"tags":[142440],"class_list":["post-588","post","type-post","status-publish","format-standard","hentry","category-sexagesima","tag-maria-scharffenberg"],"acf":[],"yoast_head":"<!-- This site is optimized with the Yoast SEO plugin v27.1.1 - https:\/\/yoast.com\/product\/yoast-seo-wordpress\/ -->\n<title>Ord som f\u00e5r liv - Tankar inf\u00f6r helgen<\/title>\n<meta name=\"robots\" content=\"index, follow, max-snippet:-1, max-image-preview:large, max-video-preview:-1\" \/>\n<link rel=\"canonical\" href=\"https:\/\/blogg.svenskakyrkan.se\/tankarinforhelgen\/2017\/02\/15\/ord-som-far-liv\/\" \/>\n<meta property=\"og:locale\" content=\"sv_SE\" \/>\n<meta property=\"og:type\" content=\"article\" \/>\n<meta property=\"og:title\" content=\"Ord som f\u00e5r liv - Tankar inf\u00f6r helgen\" \/>\n<meta property=\"og:description\" content=\"-Hur m\u00e5nga spr\u00e5k kan du? Jag blir lite \u00f6verrumplad \u00f6ver fr\u00e5gan och dr\u00f6jer p\u00e5 svaret. -Jag talar\u00a0svenska. \u00c4r ju trots allt mitt modersm\u00e5l. Sedan kan jag v\u00e4l engelska ganska bra, svarar jag dr\u00f6jande -Ja, men du bor ju i \u00d6sterrike, d\u00e5 kan du v\u00e4l tyska ocks\u00e5? -Nja\u2026.s\u00e5 mycket tyska kan jag nog tyv\u00e4rr inte. Jag [&hellip;]\" \/>\n<meta property=\"og:url\" content=\"https:\/\/blogg.svenskakyrkan.se\/tankarinforhelgen\/2017\/02\/15\/ord-som-far-liv\/\" \/>\n<meta property=\"og:site_name\" content=\"Tankar inf\u00f6r helgen\" \/>\n<meta property=\"article:published_time\" content=\"2017-02-15T13:02:04+00:00\" \/>\n<meta property=\"article:modified_time\" content=\"2017-04-29T07:20:18+00:00\" \/>\n<meta property=\"og:image\" content=\"http:\/\/blogg.svenskakyrkan.se\/tankarinforhelgen\/files\/2017\/02\/TIH17021921.png\" \/>\n<meta name=\"author\" content=\"Maria Scharffenberg, pr\u00e4st\" \/>\n<meta name=\"twitter:card\" content=\"summary_large_image\" \/>\n<meta name=\"twitter:label1\" content=\"Skriven av\" \/>\n\t<meta name=\"twitter:data1\" content=\"Maria Scharffenberg, pr\u00e4st\" \/>\n\t<meta name=\"twitter:label2\" content=\"Ber\u00e4knad l\u00e4stid\" \/>\n\t<meta name=\"twitter:data2\" content=\"3 minuter\" \/>\n<script type=\"application\/ld+json\" class=\"yoast-schema-graph\">{\"@context\":\"https:\/\/schema.org\",\"@graph\":[{\"@type\":\"Article\",\"@id\":\"https:\/\/blogg.svenskakyrkan.se\/tankarinforhelgen\/2017\/02\/15\/ord-som-far-liv\/#article\",\"isPartOf\":{\"@id\":\"https:\/\/blogg.svenskakyrkan.se\/tankarinforhelgen\/2017\/02\/15\/ord-som-far-liv\/\"},\"author\":{\"name\":\"Maria Scharffenberg, pr\u00e4st\",\"@id\":\"https:\/\/blogg.svenskakyrkan.se\/tankarinforhelgen\/#\/schema\/person\/3f50c58ee789e9c3a0f46452362f6294\"},\"headline\":\"Ord som f\u00e5r liv\",\"datePublished\":\"2017-02-15T13:02:04+00:00\",\"dateModified\":\"2017-04-29T07:20:18+00:00\",\"mainEntityOfPage\":{\"@id\":\"https:\/\/blogg.svenskakyrkan.se\/tankarinforhelgen\/2017\/02\/15\/ord-som-far-liv\/\"},\"wordCount\":653,\"commentCount\":0,\"image\":{\"@id\":\"https:\/\/blogg.svenskakyrkan.se\/tankarinforhelgen\/2017\/02\/15\/ord-som-far-liv\/#primaryimage\"},\"thumbnailUrl\":\"http:\/\/blogg.svenskakyrkan.se\/tankarinforhelgen\/files\/2017\/02\/TIH17021921.png\",\"keywords\":[\"Maria Scharffenberg\"],\"articleSection\":[\"Sexagesima\"],\"inLanguage\":\"sv-SE\",\"potentialAction\":[{\"@type\":\"CommentAction\",\"name\":\"Comment\",\"target\":[\"https:\/\/blogg.svenskakyrkan.se\/tankarinforhelgen\/2017\/02\/15\/ord-som-far-liv\/#respond\"]}]},{\"@type\":\"WebPage\",\"@id\":\"https:\/\/blogg.svenskakyrkan.se\/tankarinforhelgen\/2017\/02\/15\/ord-som-far-liv\/\",\"url\":\"https:\/\/blogg.svenskakyrkan.se\/tankarinforhelgen\/2017\/02\/15\/ord-som-far-liv\/\",\"name\":\"Ord som f\u00e5r liv - Tankar inf\u00f6r helgen\",\"isPartOf\":{\"@id\":\"https:\/\/blogg.svenskakyrkan.se\/tankarinforhelgen\/#website\"},\"primaryImageOfPage\":{\"@id\":\"https:\/\/blogg.svenskakyrkan.se\/tankarinforhelgen\/2017\/02\/15\/ord-som-far-liv\/#primaryimage\"},\"image\":{\"@id\":\"https:\/\/blogg.svenskakyrkan.se\/tankarinforhelgen\/2017\/02\/15\/ord-som-far-liv\/#primaryimage\"},\"thumbnailUrl\":\"http:\/\/blogg.svenskakyrkan.se\/tankarinforhelgen\/files\/2017\/02\/TIH17021921.png\",\"datePublished\":\"2017-02-15T13:02:04+00:00\",\"dateModified\":\"2017-04-29T07:20:18+00:00\",\"author\":{\"@id\":\"https:\/\/blogg.svenskakyrkan.se\/tankarinforhelgen\/#\/schema\/person\/3f50c58ee789e9c3a0f46452362f6294\"},\"breadcrumb\":{\"@id\":\"https:\/\/blogg.svenskakyrkan.se\/tankarinforhelgen\/2017\/02\/15\/ord-som-far-liv\/#breadcrumb\"},\"inLanguage\":\"sv-SE\",\"potentialAction\":[{\"@type\":\"ReadAction\",\"target\":[\"https:\/\/blogg.svenskakyrkan.se\/tankarinforhelgen\/2017\/02\/15\/ord-som-far-liv\/\"]}]},{\"@type\":\"ImageObject\",\"inLanguage\":\"sv-SE\",\"@id\":\"https:\/\/blogg.svenskakyrkan.se\/tankarinforhelgen\/2017\/02\/15\/ord-som-far-liv\/#primaryimage\",\"url\":\"http:\/\/blogg.svenskakyrkan.se\/tankarinforhelgen\/files\/2017\/02\/TIH17021921.png\",\"contentUrl\":\"http:\/\/blogg.svenskakyrkan.se\/tankarinforhelgen\/files\/2017\/02\/TIH17021921.png\"},{\"@type\":\"BreadcrumbList\",\"@id\":\"https:\/\/blogg.svenskakyrkan.se\/tankarinforhelgen\/2017\/02\/15\/ord-som-far-liv\/#breadcrumb\",\"itemListElement\":[{\"@type\":\"ListItem\",\"position\":1,\"name\":\"Hem\",\"item\":\"https:\/\/blogg.svenskakyrkan.se\/tankarinforhelgen\/\"},{\"@type\":\"ListItem\",\"position\":2,\"name\":\"Ord som f\u00e5r liv\"}]},{\"@type\":\"WebSite\",\"@id\":\"https:\/\/blogg.svenskakyrkan.se\/tankarinforhelgen\/#website\",\"url\":\"https:\/\/blogg.svenskakyrkan.se\/tankarinforhelgen\/\",\"name\":\"Tankar inf\u00f6r helgen\",\"description\":\"Pr\u00e4ster funderar utifr\u00e5n kommande s\u00f6ndags texter\",\"potentialAction\":[{\"@type\":\"SearchAction\",\"target\":{\"@type\":\"EntryPoint\",\"urlTemplate\":\"https:\/\/blogg.svenskakyrkan.se\/tankarinforhelgen\/?s={search_term_string}\"},\"query-input\":{\"@type\":\"PropertyValueSpecification\",\"valueRequired\":true,\"valueName\":\"search_term_string\"}}],\"inLanguage\":\"sv-SE\"},{\"@type\":\"Person\",\"@id\":\"https:\/\/blogg.svenskakyrkan.se\/tankarinforhelgen\/#\/schema\/person\/3f50c58ee789e9c3a0f46452362f6294\",\"name\":\"Maria Scharffenberg, pr\u00e4st\",\"image\":{\"@type\":\"ImageObject\",\"inLanguage\":\"sv-SE\",\"@id\":\"https:\/\/blogg.svenskakyrkan.se\/tankarinforhelgen\/#\/schema\/person\/image\/\",\"url\":\"https:\/\/secure.gravatar.com\/avatar\/107a9e0984072024dc45f018755d2248f476561fc0eafc75d51f93d1e06c36ff?s=96&d=mm&r=g\",\"contentUrl\":\"https:\/\/secure.gravatar.com\/avatar\/107a9e0984072024dc45f018755d2248f476561fc0eafc75d51f93d1e06c36ff?s=96&d=mm&r=g\",\"caption\":\"Maria Scharffenberg, pr\u00e4st\"},\"url\":\"https:\/\/blogg.svenskakyrkan.se\/tankarinforhelgen\/author\/mariascharffenberg\/\"}]}<\/script>\n<!-- \/ Yoast SEO plugin. -->","yoast_head_json":{"title":"Ord som f\u00e5r liv - Tankar inf\u00f6r helgen","robots":{"index":"index","follow":"follow","max-snippet":"max-snippet:-1","max-image-preview":"max-image-preview:large","max-video-preview":"max-video-preview:-1"},"canonical":"https:\/\/blogg.svenskakyrkan.se\/tankarinforhelgen\/2017\/02\/15\/ord-som-far-liv\/","og_locale":"sv_SE","og_type":"article","og_title":"Ord som f\u00e5r liv - Tankar inf\u00f6r helgen","og_description":"-Hur m\u00e5nga spr\u00e5k kan du? Jag blir lite \u00f6verrumplad \u00f6ver fr\u00e5gan och dr\u00f6jer p\u00e5 svaret. -Jag talar\u00a0svenska. \u00c4r ju trots allt mitt modersm\u00e5l. Sedan kan jag v\u00e4l engelska ganska bra, svarar jag dr\u00f6jande -Ja, men du bor ju i \u00d6sterrike, d\u00e5 kan du v\u00e4l tyska ocks\u00e5? -Nja\u2026.s\u00e5 mycket tyska kan jag nog tyv\u00e4rr inte. Jag [&hellip;]","og_url":"https:\/\/blogg.svenskakyrkan.se\/tankarinforhelgen\/2017\/02\/15\/ord-som-far-liv\/","og_site_name":"Tankar inf\u00f6r helgen","article_published_time":"2017-02-15T13:02:04+00:00","article_modified_time":"2017-04-29T07:20:18+00:00","og_image":[{"url":"http:\/\/blogg.svenskakyrkan.se\/tankarinforhelgen\/files\/2017\/02\/TIH17021921.png","type":"","width":"","height":""}],"author":"Maria Scharffenberg, pr\u00e4st","twitter_card":"summary_large_image","twitter_misc":{"Skriven av":"Maria Scharffenberg, pr\u00e4st","Ber\u00e4knad l\u00e4stid":"3 minuter"},"schema":{"@context":"https:\/\/schema.org","@graph":[{"@type":"Article","@id":"https:\/\/blogg.svenskakyrkan.se\/tankarinforhelgen\/2017\/02\/15\/ord-som-far-liv\/#article","isPartOf":{"@id":"https:\/\/blogg.svenskakyrkan.se\/tankarinforhelgen\/2017\/02\/15\/ord-som-far-liv\/"},"author":{"name":"Maria Scharffenberg, pr\u00e4st","@id":"https:\/\/blogg.svenskakyrkan.se\/tankarinforhelgen\/#\/schema\/person\/3f50c58ee789e9c3a0f46452362f6294"},"headline":"Ord som f\u00e5r liv","datePublished":"2017-02-15T13:02:04+00:00","dateModified":"2017-04-29T07:20:18+00:00","mainEntityOfPage":{"@id":"https:\/\/blogg.svenskakyrkan.se\/tankarinforhelgen\/2017\/02\/15\/ord-som-far-liv\/"},"wordCount":653,"commentCount":0,"image":{"@id":"https:\/\/blogg.svenskakyrkan.se\/tankarinforhelgen\/2017\/02\/15\/ord-som-far-liv\/#primaryimage"},"thumbnailUrl":"http:\/\/blogg.svenskakyrkan.se\/tankarinforhelgen\/files\/2017\/02\/TIH17021921.png","keywords":["Maria Scharffenberg"],"articleSection":["Sexagesima"],"inLanguage":"sv-SE","potentialAction":[{"@type":"CommentAction","name":"Comment","target":["https:\/\/blogg.svenskakyrkan.se\/tankarinforhelgen\/2017\/02\/15\/ord-som-far-liv\/#respond"]}]},{"@type":"WebPage","@id":"https:\/\/blogg.svenskakyrkan.se\/tankarinforhelgen\/2017\/02\/15\/ord-som-far-liv\/","url":"https:\/\/blogg.svenskakyrkan.se\/tankarinforhelgen\/2017\/02\/15\/ord-som-far-liv\/","name":"Ord som f\u00e5r liv - Tankar inf\u00f6r helgen","isPartOf":{"@id":"https:\/\/blogg.svenskakyrkan.se\/tankarinforhelgen\/#website"},"primaryImageOfPage":{"@id":"https:\/\/blogg.svenskakyrkan.se\/tankarinforhelgen\/2017\/02\/15\/ord-som-far-liv\/#primaryimage"},"image":{"@id":"https:\/\/blogg.svenskakyrkan.se\/tankarinforhelgen\/2017\/02\/15\/ord-som-far-liv\/#primaryimage"},"thumbnailUrl":"http:\/\/blogg.svenskakyrkan.se\/tankarinforhelgen\/files\/2017\/02\/TIH17021921.png","datePublished":"2017-02-15T13:02:04+00:00","dateModified":"2017-04-29T07:20:18+00:00","author":{"@id":"https:\/\/blogg.svenskakyrkan.se\/tankarinforhelgen\/#\/schema\/person\/3f50c58ee789e9c3a0f46452362f6294"},"breadcrumb":{"@id":"https:\/\/blogg.svenskakyrkan.se\/tankarinforhelgen\/2017\/02\/15\/ord-som-far-liv\/#breadcrumb"},"inLanguage":"sv-SE","potentialAction":[{"@type":"ReadAction","target":["https:\/\/blogg.svenskakyrkan.se\/tankarinforhelgen\/2017\/02\/15\/ord-som-far-liv\/"]}]},{"@type":"ImageObject","inLanguage":"sv-SE","@id":"https:\/\/blogg.svenskakyrkan.se\/tankarinforhelgen\/2017\/02\/15\/ord-som-far-liv\/#primaryimage","url":"http:\/\/blogg.svenskakyrkan.se\/tankarinforhelgen\/files\/2017\/02\/TIH17021921.png","contentUrl":"http:\/\/blogg.svenskakyrkan.se\/tankarinforhelgen\/files\/2017\/02\/TIH17021921.png"},{"@type":"BreadcrumbList","@id":"https:\/\/blogg.svenskakyrkan.se\/tankarinforhelgen\/2017\/02\/15\/ord-som-far-liv\/#breadcrumb","itemListElement":[{"@type":"ListItem","position":1,"name":"Hem","item":"https:\/\/blogg.svenskakyrkan.se\/tankarinforhelgen\/"},{"@type":"ListItem","position":2,"name":"Ord som f\u00e5r liv"}]},{"@type":"WebSite","@id":"https:\/\/blogg.svenskakyrkan.se\/tankarinforhelgen\/#website","url":"https:\/\/blogg.svenskakyrkan.se\/tankarinforhelgen\/","name":"Tankar inf\u00f6r helgen","description":"Pr\u00e4ster funderar utifr\u00e5n kommande s\u00f6ndags texter","potentialAction":[{"@type":"SearchAction","target":{"@type":"EntryPoint","urlTemplate":"https:\/\/blogg.svenskakyrkan.se\/tankarinforhelgen\/?s={search_term_string}"},"query-input":{"@type":"PropertyValueSpecification","valueRequired":true,"valueName":"search_term_string"}}],"inLanguage":"sv-SE"},{"@type":"Person","@id":"https:\/\/blogg.svenskakyrkan.se\/tankarinforhelgen\/#\/schema\/person\/3f50c58ee789e9c3a0f46452362f6294","name":"Maria Scharffenberg, pr\u00e4st","image":{"@type":"ImageObject","inLanguage":"sv-SE","@id":"https:\/\/blogg.svenskakyrkan.se\/tankarinforhelgen\/#\/schema\/person\/image\/","url":"https:\/\/secure.gravatar.com\/avatar\/107a9e0984072024dc45f018755d2248f476561fc0eafc75d51f93d1e06c36ff?s=96&d=mm&r=g","contentUrl":"https:\/\/secure.gravatar.com\/avatar\/107a9e0984072024dc45f018755d2248f476561fc0eafc75d51f93d1e06c36ff?s=96&d=mm&r=g","caption":"Maria Scharffenberg, pr\u00e4st"},"url":"https:\/\/blogg.svenskakyrkan.se\/tankarinforhelgen\/author\/mariascharffenberg\/"}]}},"author_meta":{"ID":"620","user_nicename":"mariascharffenberg","user_registered":"2017-04-09 08:20:01","display_name":"Maria Scharffenberg, pr\u00e4st","first_name":"Maria","last_name":"Scharffenberg, pr\u00e4st","avatar":"https:\/\/secure.gravatar.com\/avatar\/107a9e0984072024dc45f018755d2248f476561fc0eafc75d51f93d1e06c36ff?s=96&d=mm&r=g"},"featured_image":false,"bloginfo":{"name":"Tankar inf\u00f6r helgen","url":"https:\/\/blogg.svenskakyrkan.se\/tankarinforhelgen"},"_links":{"self":[{"href":"https:\/\/blogg.svenskakyrkan.se\/tankarinforhelgen\/wp-json\/wp\/v2\/posts\/588","targetHints":{"allow":["GET"]}}],"collection":[{"href":"https:\/\/blogg.svenskakyrkan.se\/tankarinforhelgen\/wp-json\/wp\/v2\/posts"}],"about":[{"href":"https:\/\/blogg.svenskakyrkan.se\/tankarinforhelgen\/wp-json\/wp\/v2\/types\/post"}],"author":[{"embeddable":true,"href":"https:\/\/blogg.svenskakyrkan.se\/tankarinforhelgen\/wp-json\/wp\/v2\/users\/620"}],"replies":[{"embeddable":true,"href":"https:\/\/blogg.svenskakyrkan.se\/tankarinforhelgen\/wp-json\/wp\/v2\/comments?post=588"}],"version-history":[{"count":2,"href":"https:\/\/blogg.svenskakyrkan.se\/tankarinforhelgen\/wp-json\/wp\/v2\/posts\/588\/revisions"}],"predecessor-version":[{"id":630,"href":"https:\/\/blogg.svenskakyrkan.se\/tankarinforhelgen\/wp-json\/wp\/v2\/posts\/588\/revisions\/630"}],"wp:attachment":[{"href":"https:\/\/blogg.svenskakyrkan.se\/tankarinforhelgen\/wp-json\/wp\/v2\/media?parent=588"}],"wp:term":[{"taxonomy":"category","embeddable":true,"href":"https:\/\/blogg.svenskakyrkan.se\/tankarinforhelgen\/wp-json\/wp\/v2\/categories?post=588"},{"taxonomy":"post_tag","embeddable":true,"href":"https:\/\/blogg.svenskakyrkan.se\/tankarinforhelgen\/wp-json\/wp\/v2\/tags?post=588"}],"curies":[{"name":"wp","href":"https:\/\/api.w.org\/{rel}","templated":true}]}}