{"id":606,"date":"2012-10-28T15:22:56","date_gmt":"2012-10-28T14:22:56","guid":{"rendered":"http:\/\/blogg.svenskakyrkan.se\/tankarinforhelgen\/?p=606"},"modified":"2017-02-23T10:40:57","modified_gmt":"2017-02-23T09:40:57","slug":"varning-for-den-absoluta-rationaliteten-28-oktober","status":"publish","type":"post","link":"https:\/\/blogg.svenskakyrkan.se\/tankarinforhelgen\/2012\/10\/28\/varning-for-den-absoluta-rationaliteten-28-oktober\/","title":{"rendered":"Varning f\u00f6r den absoluta rationaliteten &#8211; 28 oktober"},"content":{"rendered":"<p><a href=\"http:\/\/blogg.svenskakyrkan.se\/tankarinforhelgen\/files\/2017\/02\/19366259-20e2-43cd-8ef0-a810a02b093c.jpg\"><img loading=\"lazy\" decoding=\"async\" class=\"alignnone size-full wp-image-607\" src=\"http:\/\/blogg.svenskakyrkan.se\/tankarinforhelgen\/files\/2017\/02\/19366259-20e2-43cd-8ef0-a810a02b093c.jpg\" alt=\"19366259-20e2-43cd-8ef0-a810a02b093c\" width=\"438\" height=\"225\" srcset=\"https:\/\/blogg.svenskakyrkan.se\/tankarinforhelgen\/files\/2017\/02\/19366259-20e2-43cd-8ef0-a810a02b093c.jpg 438w, https:\/\/blogg.svenskakyrkan.se\/tankarinforhelgen\/files\/2017\/02\/19366259-20e2-43cd-8ef0-a810a02b093c-300x154.jpg 300w\" sizes=\"auto, (max-width: 438px) 100vw, 438px\" \/><\/a><\/p>\n<p><i>&#8221;Under v\u00e4gytan finns ett b\u00e4rlager med makadam &#8211; inte s\u00e4llan med vackra f\u00e4rger.<\/i><\/p>\n<p>Jag l\u00e4ser det i tidskriften &#8221;RETUR &#8211; en tidning om avfall&#8221;, i en artikel om \u00e5tervinning av v\u00e4gar. Jo, \u00e4ven uttj\u00e4nta v\u00e4gar \u00e5tervinns. Och bland \u00e5tervinnarna av v\u00e4gar finns allts\u00e5 m\u00e4nniskor som l\u00e4gger m\u00e4rke till sk\u00f6nheten hos de osynliga b\u00e4rande stenarna. Dessa m\u00e4nniskor tar sitt ansvar inte bara ekonomiskt och milj\u00f6m\u00e4ssigt utan ocks\u00e5 poetiskt &#8211; ett viktigt ansvar.<\/p>\n<p>Sociologen Max Weber och flera andra t\u00e4nkare har med fog varnat f\u00f6r den absoluta rationaliteten, som bland annat g\u00f6r oss blinda f\u00f6r sk\u00f6nheten i den skenbart gr\u00e5aste stenen. Ser vi inte de vackra f\u00e4rgerna i v\u00e4gfyllningen blir v\u00e4rlden tom p\u00e5 dr\u00f6m och lek &#8211; och m\u00e4nniskan blir inte en samh\u00e4llsvarelse med mindre \u00e4n att hon dr\u00f6mmer och leker.<\/p>\n<p>Ett samh\u00e4lle byggt p\u00e5 enbart kalkyl, konstruktion och rationella beslut \u00e4r mer \u00e4n tr\u00e5kigt, det \u00e4r farligt, f\u00f6r var f\u00e5r hj\u00e4rtat plats?<\/p>\n<p>Ingenstans.&#8221;<\/p>\n<p>Maria K\u00fcchen, f\u00f6rfattare<\/p>\n<p><a title=\"Kontakta redaktionen\" href=\"default.aspx?di=832601\">Kontakta redaktionen<\/a><\/p>\n","protected":false},"excerpt":{"rendered":"<p>&#8221;Under v\u00e4gytan finns ett b\u00e4rlager med makadam &#8211; inte s\u00e4llan med vackra f\u00e4rger. Jag l\u00e4ser det i tidskriften &#8221;RETUR &#8211; en tidning om avfall&#8221;, i en artikel om \u00e5tervinning av v\u00e4gar. Jo, \u00e4ven uttj\u00e4nta v\u00e4gar \u00e5tervinns. Och bland \u00e5tervinnarna av v\u00e4gar finns allts\u00e5 m\u00e4nniskor som l\u00e4gger m\u00e4rke till sk\u00f6nheten hos de osynliga b\u00e4rande stenarna. Dessa [&hellip;]<\/p>\n","protected":false},"author":458,"featured_media":0,"comment_status":"open","ping_status":"open","sticky":false,"template":"","format":"standard","meta":{"_acf_changed":false,"footnotes":""},"categories":[129882],"tags":[],"class_list":["post-606","post","type-post","status-publish","format-standard","hentry","category-21a-sondagen-efter-trefaldighet"],"acf":[],"yoast_head":"<!-- This site is optimized with the Yoast SEO plugin v27.1.1 - https:\/\/yoast.com\/product\/yoast-seo-wordpress\/ -->\n<title>Varning f\u00f6r den absoluta rationaliteten - 28 oktober - Tankar inf\u00f6r helgen<\/title>\n<meta name=\"robots\" content=\"index, follow, max-snippet:-1, max-image-preview:large, max-video-preview:-1\" \/>\n<link rel=\"canonical\" href=\"https:\/\/blogg.svenskakyrkan.se\/tankarinforhelgen\/2012\/10\/28\/varning-for-den-absoluta-rationaliteten-28-oktober\/\" \/>\n<meta property=\"og:locale\" content=\"sv_SE\" \/>\n<meta property=\"og:type\" content=\"article\" \/>\n<meta property=\"og:title\" content=\"Varning f\u00f6r den absoluta rationaliteten - 28 oktober - Tankar inf\u00f6r helgen\" \/>\n<meta property=\"og:description\" content=\"&#8221;Under v\u00e4gytan finns ett b\u00e4rlager med makadam &#8211; inte s\u00e4llan med vackra f\u00e4rger. Jag l\u00e4ser det i tidskriften &#8221;RETUR &#8211; en tidning om avfall&#8221;, i en artikel om \u00e5tervinning av v\u00e4gar. Jo, \u00e4ven uttj\u00e4nta v\u00e4gar \u00e5tervinns. Och bland \u00e5tervinnarna av v\u00e4gar finns allts\u00e5 m\u00e4nniskor som l\u00e4gger m\u00e4rke till sk\u00f6nheten hos de osynliga b\u00e4rande stenarna. Dessa [&hellip;]\" \/>\n<meta property=\"og:url\" content=\"https:\/\/blogg.svenskakyrkan.se\/tankarinforhelgen\/2012\/10\/28\/varning-for-den-absoluta-rationaliteten-28-oktober\/\" \/>\n<meta property=\"og:site_name\" content=\"Tankar inf\u00f6r helgen\" \/>\n<meta property=\"article:published_time\" content=\"2012-10-28T14:22:56+00:00\" \/>\n<meta property=\"article:modified_time\" content=\"2017-02-23T09:40:57+00:00\" \/>\n<meta property=\"og:image\" content=\"http:\/\/blogg.svenskakyrkan.se\/tankarinforhelgen\/files\/2017\/02\/19366259-20e2-43cd-8ef0-a810a02b093c.jpg\" \/>\n<meta name=\"author\" content=\"Magdalena Wernefeldt\" \/>\n<meta name=\"twitter:card\" content=\"summary_large_image\" \/>\n<meta name=\"twitter:label1\" content=\"Skriven av\" \/>\n\t<meta name=\"twitter:data1\" content=\"Magdalena Wernefeldt\" \/>\n\t<meta name=\"twitter:label2\" content=\"Ber\u00e4knad l\u00e4stid\" \/>\n\t<meta name=\"twitter:data2\" content=\"1 minut\" \/>\n<script type=\"application\/ld+json\" class=\"yoast-schema-graph\">{\"@context\":\"https:\/\/schema.org\",\"@graph\":[{\"@type\":\"Article\",\"@id\":\"https:\/\/blogg.svenskakyrkan.se\/tankarinforhelgen\/2012\/10\/28\/varning-for-den-absoluta-rationaliteten-28-oktober\/#article\",\"isPartOf\":{\"@id\":\"https:\/\/blogg.svenskakyrkan.se\/tankarinforhelgen\/2012\/10\/28\/varning-for-den-absoluta-rationaliteten-28-oktober\/\"},\"author\":{\"name\":\"Magdalena Wernefeldt\",\"@id\":\"https:\/\/blogg.svenskakyrkan.se\/tankarinforhelgen\/#\/schema\/person\/c19e8a124f507336a7f712f3b02d924b\"},\"headline\":\"Varning f\u00f6r den absoluta rationaliteten &#8211; 28 oktober\",\"datePublished\":\"2012-10-28T14:22:56+00:00\",\"dateModified\":\"2017-02-23T09:40:57+00:00\",\"mainEntityOfPage\":{\"@id\":\"https:\/\/blogg.svenskakyrkan.se\/tankarinforhelgen\/2012\/10\/28\/varning-for-den-absoluta-rationaliteten-28-oktober\/\"},\"wordCount\":202,\"commentCount\":0,\"image\":{\"@id\":\"https:\/\/blogg.svenskakyrkan.se\/tankarinforhelgen\/2012\/10\/28\/varning-for-den-absoluta-rationaliteten-28-oktober\/#primaryimage\"},\"thumbnailUrl\":\"http:\/\/blogg.svenskakyrkan.se\/tankarinforhelgen\/files\/2017\/02\/19366259-20e2-43cd-8ef0-a810a02b093c.jpg\",\"articleSection\":[\"21:a s\u00f6ndagen efter trefaldighet\"],\"inLanguage\":\"sv-SE\",\"potentialAction\":[{\"@type\":\"CommentAction\",\"name\":\"Comment\",\"target\":[\"https:\/\/blogg.svenskakyrkan.se\/tankarinforhelgen\/2012\/10\/28\/varning-for-den-absoluta-rationaliteten-28-oktober\/#respond\"]}]},{\"@type\":\"WebPage\",\"@id\":\"https:\/\/blogg.svenskakyrkan.se\/tankarinforhelgen\/2012\/10\/28\/varning-for-den-absoluta-rationaliteten-28-oktober\/\",\"url\":\"https:\/\/blogg.svenskakyrkan.se\/tankarinforhelgen\/2012\/10\/28\/varning-for-den-absoluta-rationaliteten-28-oktober\/\",\"name\":\"Varning f\u00f6r den absoluta rationaliteten - 28 oktober - Tankar inf\u00f6r helgen\",\"isPartOf\":{\"@id\":\"https:\/\/blogg.svenskakyrkan.se\/tankarinforhelgen\/#website\"},\"primaryImageOfPage\":{\"@id\":\"https:\/\/blogg.svenskakyrkan.se\/tankarinforhelgen\/2012\/10\/28\/varning-for-den-absoluta-rationaliteten-28-oktober\/#primaryimage\"},\"image\":{\"@id\":\"https:\/\/blogg.svenskakyrkan.se\/tankarinforhelgen\/2012\/10\/28\/varning-for-den-absoluta-rationaliteten-28-oktober\/#primaryimage\"},\"thumbnailUrl\":\"http:\/\/blogg.svenskakyrkan.se\/tankarinforhelgen\/files\/2017\/02\/19366259-20e2-43cd-8ef0-a810a02b093c.jpg\",\"datePublished\":\"2012-10-28T14:22:56+00:00\",\"dateModified\":\"2017-02-23T09:40:57+00:00\",\"author\":{\"@id\":\"https:\/\/blogg.svenskakyrkan.se\/tankarinforhelgen\/#\/schema\/person\/c19e8a124f507336a7f712f3b02d924b\"},\"breadcrumb\":{\"@id\":\"https:\/\/blogg.svenskakyrkan.se\/tankarinforhelgen\/2012\/10\/28\/varning-for-den-absoluta-rationaliteten-28-oktober\/#breadcrumb\"},\"inLanguage\":\"sv-SE\",\"potentialAction\":[{\"@type\":\"ReadAction\",\"target\":[\"https:\/\/blogg.svenskakyrkan.se\/tankarinforhelgen\/2012\/10\/28\/varning-for-den-absoluta-rationaliteten-28-oktober\/\"]}]},{\"@type\":\"ImageObject\",\"inLanguage\":\"sv-SE\",\"@id\":\"https:\/\/blogg.svenskakyrkan.se\/tankarinforhelgen\/2012\/10\/28\/varning-for-den-absoluta-rationaliteten-28-oktober\/#primaryimage\",\"url\":\"http:\/\/blogg.svenskakyrkan.se\/tankarinforhelgen\/files\/2017\/02\/19366259-20e2-43cd-8ef0-a810a02b093c.jpg\",\"contentUrl\":\"http:\/\/blogg.svenskakyrkan.se\/tankarinforhelgen\/files\/2017\/02\/19366259-20e2-43cd-8ef0-a810a02b093c.jpg\"},{\"@type\":\"BreadcrumbList\",\"@id\":\"https:\/\/blogg.svenskakyrkan.se\/tankarinforhelgen\/2012\/10\/28\/varning-for-den-absoluta-rationaliteten-28-oktober\/#breadcrumb\",\"itemListElement\":[{\"@type\":\"ListItem\",\"position\":1,\"name\":\"Hem\",\"item\":\"https:\/\/blogg.svenskakyrkan.se\/tankarinforhelgen\/\"},{\"@type\":\"ListItem\",\"position\":2,\"name\":\"Varning f\u00f6r den absoluta rationaliteten &#8211; 28 oktober\"}]},{\"@type\":\"WebSite\",\"@id\":\"https:\/\/blogg.svenskakyrkan.se\/tankarinforhelgen\/#website\",\"url\":\"https:\/\/blogg.svenskakyrkan.se\/tankarinforhelgen\/\",\"name\":\"Tankar inf\u00f6r helgen\",\"description\":\"Pr\u00e4ster funderar utifr\u00e5n kommande s\u00f6ndags texter\",\"potentialAction\":[{\"@type\":\"SearchAction\",\"target\":{\"@type\":\"EntryPoint\",\"urlTemplate\":\"https:\/\/blogg.svenskakyrkan.se\/tankarinforhelgen\/?s={search_term_string}\"},\"query-input\":{\"@type\":\"PropertyValueSpecification\",\"valueRequired\":true,\"valueName\":\"search_term_string\"}}],\"inLanguage\":\"sv-SE\"},{\"@type\":\"Person\",\"@id\":\"https:\/\/blogg.svenskakyrkan.se\/tankarinforhelgen\/#\/schema\/person\/c19e8a124f507336a7f712f3b02d924b\",\"name\":\"Magdalena Wernefeldt\",\"image\":{\"@type\":\"ImageObject\",\"inLanguage\":\"sv-SE\",\"@id\":\"https:\/\/blogg.svenskakyrkan.se\/tankarinforhelgen\/#\/schema\/person\/image\/\",\"url\":\"https:\/\/secure.gravatar.com\/avatar\/23dab26aed51bdfcff5c1559ea1a5d339f00dac73f3d56d1d8b724c1d9074328?s=96&d=mm&r=g\",\"contentUrl\":\"https:\/\/secure.gravatar.com\/avatar\/23dab26aed51bdfcff5c1559ea1a5d339f00dac73f3d56d1d8b724c1d9074328?s=96&d=mm&r=g\",\"caption\":\"Magdalena Wernefeldt\"},\"url\":\"https:\/\/blogg.svenskakyrkan.se\/tankarinforhelgen\/author\/svkmwt\/\"}]}<\/script>\n<!-- \/ Yoast SEO plugin. -->","yoast_head_json":{"title":"Varning f\u00f6r den absoluta rationaliteten - 28 oktober - Tankar inf\u00f6r helgen","robots":{"index":"index","follow":"follow","max-snippet":"max-snippet:-1","max-image-preview":"max-image-preview:large","max-video-preview":"max-video-preview:-1"},"canonical":"https:\/\/blogg.svenskakyrkan.se\/tankarinforhelgen\/2012\/10\/28\/varning-for-den-absoluta-rationaliteten-28-oktober\/","og_locale":"sv_SE","og_type":"article","og_title":"Varning f\u00f6r den absoluta rationaliteten - 28 oktober - Tankar inf\u00f6r helgen","og_description":"&#8221;Under v\u00e4gytan finns ett b\u00e4rlager med makadam &#8211; inte s\u00e4llan med vackra f\u00e4rger. Jag l\u00e4ser det i tidskriften &#8221;RETUR &#8211; en tidning om avfall&#8221;, i en artikel om \u00e5tervinning av v\u00e4gar. Jo, \u00e4ven uttj\u00e4nta v\u00e4gar \u00e5tervinns. Och bland \u00e5tervinnarna av v\u00e4gar finns allts\u00e5 m\u00e4nniskor som l\u00e4gger m\u00e4rke till sk\u00f6nheten hos de osynliga b\u00e4rande stenarna. Dessa [&hellip;]","og_url":"https:\/\/blogg.svenskakyrkan.se\/tankarinforhelgen\/2012\/10\/28\/varning-for-den-absoluta-rationaliteten-28-oktober\/","og_site_name":"Tankar inf\u00f6r helgen","article_published_time":"2012-10-28T14:22:56+00:00","article_modified_time":"2017-02-23T09:40:57+00:00","og_image":[{"url":"http:\/\/blogg.svenskakyrkan.se\/tankarinforhelgen\/files\/2017\/02\/19366259-20e2-43cd-8ef0-a810a02b093c.jpg","type":"","width":"","height":""}],"author":"Magdalena Wernefeldt","twitter_card":"summary_large_image","twitter_misc":{"Skriven av":"Magdalena Wernefeldt","Ber\u00e4knad l\u00e4stid":"1 minut"},"schema":{"@context":"https:\/\/schema.org","@graph":[{"@type":"Article","@id":"https:\/\/blogg.svenskakyrkan.se\/tankarinforhelgen\/2012\/10\/28\/varning-for-den-absoluta-rationaliteten-28-oktober\/#article","isPartOf":{"@id":"https:\/\/blogg.svenskakyrkan.se\/tankarinforhelgen\/2012\/10\/28\/varning-for-den-absoluta-rationaliteten-28-oktober\/"},"author":{"name":"Magdalena Wernefeldt","@id":"https:\/\/blogg.svenskakyrkan.se\/tankarinforhelgen\/#\/schema\/person\/c19e8a124f507336a7f712f3b02d924b"},"headline":"Varning f\u00f6r den absoluta rationaliteten &#8211; 28 oktober","datePublished":"2012-10-28T14:22:56+00:00","dateModified":"2017-02-23T09:40:57+00:00","mainEntityOfPage":{"@id":"https:\/\/blogg.svenskakyrkan.se\/tankarinforhelgen\/2012\/10\/28\/varning-for-den-absoluta-rationaliteten-28-oktober\/"},"wordCount":202,"commentCount":0,"image":{"@id":"https:\/\/blogg.svenskakyrkan.se\/tankarinforhelgen\/2012\/10\/28\/varning-for-den-absoluta-rationaliteten-28-oktober\/#primaryimage"},"thumbnailUrl":"http:\/\/blogg.svenskakyrkan.se\/tankarinforhelgen\/files\/2017\/02\/19366259-20e2-43cd-8ef0-a810a02b093c.jpg","articleSection":["21:a s\u00f6ndagen efter trefaldighet"],"inLanguage":"sv-SE","potentialAction":[{"@type":"CommentAction","name":"Comment","target":["https:\/\/blogg.svenskakyrkan.se\/tankarinforhelgen\/2012\/10\/28\/varning-for-den-absoluta-rationaliteten-28-oktober\/#respond"]}]},{"@type":"WebPage","@id":"https:\/\/blogg.svenskakyrkan.se\/tankarinforhelgen\/2012\/10\/28\/varning-for-den-absoluta-rationaliteten-28-oktober\/","url":"https:\/\/blogg.svenskakyrkan.se\/tankarinforhelgen\/2012\/10\/28\/varning-for-den-absoluta-rationaliteten-28-oktober\/","name":"Varning f\u00f6r den absoluta rationaliteten - 28 oktober - Tankar inf\u00f6r helgen","isPartOf":{"@id":"https:\/\/blogg.svenskakyrkan.se\/tankarinforhelgen\/#website"},"primaryImageOfPage":{"@id":"https:\/\/blogg.svenskakyrkan.se\/tankarinforhelgen\/2012\/10\/28\/varning-for-den-absoluta-rationaliteten-28-oktober\/#primaryimage"},"image":{"@id":"https:\/\/blogg.svenskakyrkan.se\/tankarinforhelgen\/2012\/10\/28\/varning-for-den-absoluta-rationaliteten-28-oktober\/#primaryimage"},"thumbnailUrl":"http:\/\/blogg.svenskakyrkan.se\/tankarinforhelgen\/files\/2017\/02\/19366259-20e2-43cd-8ef0-a810a02b093c.jpg","datePublished":"2012-10-28T14:22:56+00:00","dateModified":"2017-02-23T09:40:57+00:00","author":{"@id":"https:\/\/blogg.svenskakyrkan.se\/tankarinforhelgen\/#\/schema\/person\/c19e8a124f507336a7f712f3b02d924b"},"breadcrumb":{"@id":"https:\/\/blogg.svenskakyrkan.se\/tankarinforhelgen\/2012\/10\/28\/varning-for-den-absoluta-rationaliteten-28-oktober\/#breadcrumb"},"inLanguage":"sv-SE","potentialAction":[{"@type":"ReadAction","target":["https:\/\/blogg.svenskakyrkan.se\/tankarinforhelgen\/2012\/10\/28\/varning-for-den-absoluta-rationaliteten-28-oktober\/"]}]},{"@type":"ImageObject","inLanguage":"sv-SE","@id":"https:\/\/blogg.svenskakyrkan.se\/tankarinforhelgen\/2012\/10\/28\/varning-for-den-absoluta-rationaliteten-28-oktober\/#primaryimage","url":"http:\/\/blogg.svenskakyrkan.se\/tankarinforhelgen\/files\/2017\/02\/19366259-20e2-43cd-8ef0-a810a02b093c.jpg","contentUrl":"http:\/\/blogg.svenskakyrkan.se\/tankarinforhelgen\/files\/2017\/02\/19366259-20e2-43cd-8ef0-a810a02b093c.jpg"},{"@type":"BreadcrumbList","@id":"https:\/\/blogg.svenskakyrkan.se\/tankarinforhelgen\/2012\/10\/28\/varning-for-den-absoluta-rationaliteten-28-oktober\/#breadcrumb","itemListElement":[{"@type":"ListItem","position":1,"name":"Hem","item":"https:\/\/blogg.svenskakyrkan.se\/tankarinforhelgen\/"},{"@type":"ListItem","position":2,"name":"Varning f\u00f6r den absoluta rationaliteten &#8211; 28 oktober"}]},{"@type":"WebSite","@id":"https:\/\/blogg.svenskakyrkan.se\/tankarinforhelgen\/#website","url":"https:\/\/blogg.svenskakyrkan.se\/tankarinforhelgen\/","name":"Tankar inf\u00f6r helgen","description":"Pr\u00e4ster funderar utifr\u00e5n kommande s\u00f6ndags texter","potentialAction":[{"@type":"SearchAction","target":{"@type":"EntryPoint","urlTemplate":"https:\/\/blogg.svenskakyrkan.se\/tankarinforhelgen\/?s={search_term_string}"},"query-input":{"@type":"PropertyValueSpecification","valueRequired":true,"valueName":"search_term_string"}}],"inLanguage":"sv-SE"},{"@type":"Person","@id":"https:\/\/blogg.svenskakyrkan.se\/tankarinforhelgen\/#\/schema\/person\/c19e8a124f507336a7f712f3b02d924b","name":"Magdalena Wernefeldt","image":{"@type":"ImageObject","inLanguage":"sv-SE","@id":"https:\/\/blogg.svenskakyrkan.se\/tankarinforhelgen\/#\/schema\/person\/image\/","url":"https:\/\/secure.gravatar.com\/avatar\/23dab26aed51bdfcff5c1559ea1a5d339f00dac73f3d56d1d8b724c1d9074328?s=96&d=mm&r=g","contentUrl":"https:\/\/secure.gravatar.com\/avatar\/23dab26aed51bdfcff5c1559ea1a5d339f00dac73f3d56d1d8b724c1d9074328?s=96&d=mm&r=g","caption":"Magdalena Wernefeldt"},"url":"https:\/\/blogg.svenskakyrkan.se\/tankarinforhelgen\/author\/svkmwt\/"}]}},"author_meta":{"ID":"458","user_nicename":"svkmwt","user_registered":"2014-10-14 11:18:34","display_name":"Magdalena Wernefeldt","first_name":"Magdalena","last_name":"Wernefeldt","avatar":"https:\/\/secure.gravatar.com\/avatar\/23dab26aed51bdfcff5c1559ea1a5d339f00dac73f3d56d1d8b724c1d9074328?s=96&d=mm&r=g"},"featured_image":false,"bloginfo":{"name":"Tankar inf\u00f6r helgen","url":"https:\/\/blogg.svenskakyrkan.se\/tankarinforhelgen"},"_links":{"self":[{"href":"https:\/\/blogg.svenskakyrkan.se\/tankarinforhelgen\/wp-json\/wp\/v2\/posts\/606","targetHints":{"allow":["GET"]}}],"collection":[{"href":"https:\/\/blogg.svenskakyrkan.se\/tankarinforhelgen\/wp-json\/wp\/v2\/posts"}],"about":[{"href":"https:\/\/blogg.svenskakyrkan.se\/tankarinforhelgen\/wp-json\/wp\/v2\/types\/post"}],"author":[{"embeddable":true,"href":"https:\/\/blogg.svenskakyrkan.se\/tankarinforhelgen\/wp-json\/wp\/v2\/users\/458"}],"replies":[{"embeddable":true,"href":"https:\/\/blogg.svenskakyrkan.se\/tankarinforhelgen\/wp-json\/wp\/v2\/comments?post=606"}],"version-history":[{"count":1,"href":"https:\/\/blogg.svenskakyrkan.se\/tankarinforhelgen\/wp-json\/wp\/v2\/posts\/606\/revisions"}],"predecessor-version":[{"id":608,"href":"https:\/\/blogg.svenskakyrkan.se\/tankarinforhelgen\/wp-json\/wp\/v2\/posts\/606\/revisions\/608"}],"wp:attachment":[{"href":"https:\/\/blogg.svenskakyrkan.se\/tankarinforhelgen\/wp-json\/wp\/v2\/media?parent=606"}],"wp:term":[{"taxonomy":"category","embeddable":true,"href":"https:\/\/blogg.svenskakyrkan.se\/tankarinforhelgen\/wp-json\/wp\/v2\/categories?post=606"},{"taxonomy":"post_tag","embeddable":true,"href":"https:\/\/blogg.svenskakyrkan.se\/tankarinforhelgen\/wp-json\/wp\/v2\/tags?post=606"}],"curies":[{"name":"wp","href":"https:\/\/api.w.org\/{rel}","templated":true}]}}