{"id":635,"date":"2012-07-15T10:02:12","date_gmt":"2012-07-15T08:02:12","guid":{"rendered":"http:\/\/blogg.svenskakyrkan.se\/tankarinforhelgen\/?p=635"},"modified":"2017-02-21T15:12:38","modified_gmt":"2017-02-21T14:12:38","slug":"hoppla-hoppla-vad-han-tar-i-15-juli","status":"publish","type":"post","link":"https:\/\/blogg.svenskakyrkan.se\/tankarinforhelgen\/2012\/07\/15\/hoppla-hoppla-vad-han-tar-i-15-juli\/","title":{"rendered":"&#8221;Hoppla, hoppla vad han tar i&#8230;&#8221; &#8211; 15 juli"},"content":{"rendered":"<p><a href=\"http:\/\/blogg.svenskakyrkan.se\/tankarinforhelgen\/files\/2017\/02\/ce76c821-ec0c-4ede-a608-9e95fffa3c21.jpg\"><img loading=\"lazy\" decoding=\"async\" class=\"alignnone size-full wp-image-636\" src=\"http:\/\/blogg.svenskakyrkan.se\/tankarinforhelgen\/files\/2017\/02\/ce76c821-ec0c-4ede-a608-9e95fffa3c21.jpg\" alt=\"ce76c821-ec0c-4ede-a608-9e95fffa3c21\" width=\"438\" height=\"200\" srcset=\"https:\/\/blogg.svenskakyrkan.se\/tankarinforhelgen\/files\/2017\/02\/ce76c821-ec0c-4ede-a608-9e95fffa3c21.jpg 438w, https:\/\/blogg.svenskakyrkan.se\/tankarinforhelgen\/files\/2017\/02\/ce76c821-ec0c-4ede-a608-9e95fffa3c21-300x137.jpg 300w\" sizes=\"auto, (max-width: 438px) 100vw, 438px\" \/><\/a><\/p>\n<p>-Han \u00e4r stark, intelligent, humoristisk, allm\u00e4nbildad\u2026<\/p>\n<p>Charlotta var ton\u00e5rsk\u00e4r och galen, och laddade med extra-allt i en ambition att \u00f6vertyga mig om sin nyvunna pojkv\u00e4ns alla f\u00f6rtj\u00e4nster.<\/p>\n<p>&#8211; Han kan allt, Johan \u2013 allt! Han sjunger som Pavarotti \u2013 i st\u00e4mmor \u2013 MED SIG SJ\u00c4LV!<\/p>\n<p>Ibland g\u00f6r k\u00e4rleken s\u00e5 med oss. F\u00f6rblindar oss. Eller kanske snarare, trollbinder oss s\u00e5 att v\u00e5rt synf\u00e4lt blir selektivt s\u00e5 att vi mest bara ser det vi vill se.<\/p>\n<p>S\u00e5 \u00e4r det f\u00f6r min dotter n\u00e4r det g\u00e4ller Rihanna, min hustru n\u00e4r det g\u00e4ller Louis Masreliez och mig n\u00e4r det g\u00e4ller John Bull.<\/p>\n<p>Klart det h\u00e4nder att Rihanna wailar falskt, att Masreliez kluddar till det eller att John Bull ballar ur \u2013 men \u2013 bryr sig &#8211; varf\u00f6r s\u00e5lla mygg n\u00e4r den osvalda kamelen \u00e4r Mmmm som i Marabou.<\/p>\n<p>Veckans texter s\u00e4tter fingret p\u00e5 samma fr\u00e5ga, men i ett l\u00e5ngt allvarligare avseende. Platsen evangelietexten f\u00f6r oss till \u00e4r v\u00e4lk\u00e4nd och viktig. P\u00e5 ett berg i Galileen samlas vi kring Jesus f\u00f6r att lyssna till hans programf\u00f6rklaring.<\/p>\n<p>I Bergspredikan prisar han enkla och \u00f6dmjuka m\u00e4nniskor saliga, talar han om l\u00e4rjungaskapet, ditt och mitt, som en kallelse att vara jordens salt och v\u00e4rldens ljus. L\u00e4r han oss v\u00e4nda andra kinden till och att be den b\u00f6n han sj\u00e4lv ber.<\/p>\n<p>S\u00e4rskilt minnesv\u00e4rt \u00e4r hans ord i den guldkantade regel vi s\u00e5 g\u00e4rna f\u00f6rknippar med hans k\u00e4rleksfulla och r\u00e4ttr\u00e5diga person, att; Allt vad ni vill att m\u00e4nniskorna skall g\u00f6ra er, det skall ni ocks\u00e5 g\u00f6ra dem\u201d (Matt 7:12).<\/p>\n<p>Se och h\u00f6r, s\u00e4ger jag till dem omkring mig \u2013 se och h\u00f6r s\u00e5 klok han \u00e4r, Jesus. Visst var det m\u00f6dan v\u00e4rt att komma hit upp p\u00e5 berget? Visst \u00e4r han v\u00e4rd att f\u00f6lja? Karln \u00e4r ju s\u00e5 ink\u00e4nnande och klok &#8211; m\u00f6ter m\u00e4nniskor i \u00f6gonh\u00f6jd.<\/p>\n<p>Och s\u00e5 \u00e4r det \u2013 men \u00e4r det bara s\u00e5?<\/p>\n<p>I veckans evangelietext, och framf\u00f6r allt i den text som f\u00f6ljer omedelbart efter veckans evangelietext sk\u00e4rper n\u00e4mligen Jesus tonen. Inte kommer han f\u00f6r att upph\u00e4va lagen inte \u2013 s\u00e5 ve den som beg\u00e5r \u00e4ktenskapsbrott, sneglar p\u00e5 andras livspartner eller skiljer sig.<\/p>\n<p>Och visst \u2013 jag lyssnar s\u00e5klart fortsatt men m\u00e4rker hur jag smilar lite urskuldande mot dem som sitter bredvid.<\/p>\n<p>Hoppla, hoppla vad han tar i\u2026 det d\u00e4r var v\u00e4l kanske m\u00f6jligen eventuellt lite sm\u00e5tufft i \u00f6verkant. Det tycker jag vi f\u00f6r \u00f6gonblicket l\u00e4mnar f\u00f6r att ist\u00e4llet fokusera p\u00e5 det d\u00e4r med den gyllene regeln\u2026<\/p>\n<p>Varf\u00f6r g\u00f6r jag s\u00e5? Varf\u00f6r talar jag s\u00e5 g\u00e4rna om Jesu kraftfulla, \u00e4rliga, sanna f\u00f6rkunnelse samtidigt som jag s\u00e4nker tonl\u00e4get n\u00e4r jag kommer till passager d\u00e4r hans ord blir till stenar i samh\u00e4llsskon?<\/p>\n<p>Jag tror jag vet varf\u00f6r; jag vill ju s\u00e4lja in honom \u2013 underbl\u00e5sa hans popularitet. M\u00e5la upp bilden av honom som en sympatisk r\u00f6st b\u00e5de f\u00f6r sin och min tid. D\u00e4rf\u00f6r g\u00f6r jag honom lite mindre kantig. Ni kan ordleken: Inte helig, helig, helig utan trevlig, trevlig, trevlig \u00e4r Herren Gud Sebaot.<\/p>\n<p>Men det \u00e4r fegt och fel. \u00c4lskar jag honom m\u00e5ste jag l\u00e5ta honom sj\u00e4lv f\u00e5 komma till tals med det han vill s\u00e4ga, utan att regissera eller moderera hans framtr\u00e4danden.<\/p>\n<p>N\u00e4r han s\u00e4ger att jag inte ska ta en medm\u00e4nniskas liv utmanar han mig att inte anv\u00e4nda ett eventuellt \u00f6vertag till att trycka till en annan m\u00e4nniska \u2013 oavsett om situationen ytligt sett motiverar det.<\/p>\n<p>N\u00e4r han s\u00e4ger \u00e5t mig att inte visa vrede eller hat, inte f\u00f6rtala andra eller g\u00e5 bakom ryggen p\u00e5 andra, \u00e4r det inte bara i det stora utan ocks\u00e5 i det lilla han f\u00f6rmanar mig. Ta, kort sagt, inte po\u00e4ng p\u00e5 andras bekostnad.<\/p>\n<p>N\u00e4r han s\u00e4ger \u00e5t mig att inte skiljas fr\u00e5n n\u00e5gon som ov\u00e4n \u00e4r det om den v\u00e4rdighetsnedbrytande \u00f6dmjukheten han talar \u2013 erk\u00e4nn dina brister och var redo att st\u00e5 med m\u00f6ssan i handen.<\/p>\n<p>D\u00e4r p\u00e5 berget st\u00e4lls jag inf\u00f6r sanningar som skaver men som jag beh\u00f6ver h\u00f6ra.<br \/>\nOch inom mig manar en r\u00f6st; St\u00e5r jag, med mitt liv, min tro och det s\u00e4tt jag vittnar om min tro, i v\u00e4gen f\u00f6r det jag \u00e4lskar \u2013 st\u00e5r jag i v\u00e4gen f\u00f6r Dig Jesus?<\/p>\n<p>Johan Dalman<br \/>\nStr\u00e4ngn\u00e4s<\/p>\n","protected":false},"excerpt":{"rendered":"<p>-Han \u00e4r stark, intelligent, humoristisk, allm\u00e4nbildad\u2026 Charlotta var ton\u00e5rsk\u00e4r och galen, och laddade med extra-allt i en ambition att \u00f6vertyga mig om sin nyvunna pojkv\u00e4ns alla f\u00f6rtj\u00e4nster. &#8211; Han kan allt, Johan \u2013 allt! Han sjunger som Pavarotti \u2013 i st\u00e4mmor \u2013 MED SIG SJ\u00c4LV! Ibland g\u00f6r k\u00e4rleken s\u00e5 med oss. F\u00f6rblindar oss. Eller kanske [&hellip;]<\/p>\n","protected":false},"author":458,"featured_media":0,"comment_status":"open","ping_status":"open","sticky":false,"template":"","format":"standard","meta":{"_acf_changed":false,"footnotes":""},"categories":[133530],"tags":[],"class_list":["post-635","post","type-post","status-publish","format-standard","hentry","category-6e-sondagen-efter-trefaldighet"],"acf":[],"yoast_head":"<!-- This site is optimized with the Yoast SEO plugin v27.1.1 - https:\/\/yoast.com\/product\/yoast-seo-wordpress\/ -->\n<title>&quot;Hoppla, hoppla vad han tar i...&quot; - 15 juli - Tankar inf\u00f6r helgen<\/title>\n<meta name=\"robots\" content=\"index, follow, max-snippet:-1, max-image-preview:large, max-video-preview:-1\" \/>\n<link rel=\"canonical\" href=\"https:\/\/blogg.svenskakyrkan.se\/tankarinforhelgen\/2012\/07\/15\/hoppla-hoppla-vad-han-tar-i-15-juli\/\" \/>\n<meta property=\"og:locale\" content=\"sv_SE\" \/>\n<meta property=\"og:type\" content=\"article\" \/>\n<meta property=\"og:title\" content=\"&quot;Hoppla, hoppla vad han tar i...&quot; - 15 juli - Tankar inf\u00f6r helgen\" \/>\n<meta property=\"og:description\" content=\"-Han \u00e4r stark, intelligent, humoristisk, allm\u00e4nbildad\u2026 Charlotta var ton\u00e5rsk\u00e4r och galen, och laddade med extra-allt i en ambition att \u00f6vertyga mig om sin nyvunna pojkv\u00e4ns alla f\u00f6rtj\u00e4nster. &#8211; Han kan allt, Johan \u2013 allt! Han sjunger som Pavarotti \u2013 i st\u00e4mmor \u2013 MED SIG SJ\u00c4LV! Ibland g\u00f6r k\u00e4rleken s\u00e5 med oss. F\u00f6rblindar oss. Eller kanske [&hellip;]\" \/>\n<meta property=\"og:url\" content=\"https:\/\/blogg.svenskakyrkan.se\/tankarinforhelgen\/2012\/07\/15\/hoppla-hoppla-vad-han-tar-i-15-juli\/\" \/>\n<meta property=\"og:site_name\" content=\"Tankar inf\u00f6r helgen\" \/>\n<meta property=\"article:published_time\" content=\"2012-07-15T08:02:12+00:00\" \/>\n<meta property=\"article:modified_time\" content=\"2017-02-21T14:12:38+00:00\" \/>\n<meta property=\"og:image\" content=\"http:\/\/blogg.svenskakyrkan.se\/tankarinforhelgen\/files\/2017\/02\/ce76c821-ec0c-4ede-a608-9e95fffa3c21.jpg\" \/>\n<meta name=\"author\" content=\"Magdalena Wernefeldt\" \/>\n<meta name=\"twitter:card\" content=\"summary_large_image\" \/>\n<meta name=\"twitter:label1\" content=\"Skriven av\" \/>\n\t<meta name=\"twitter:data1\" content=\"Magdalena Wernefeldt\" \/>\n\t<meta name=\"twitter:label2\" content=\"Ber\u00e4knad l\u00e4stid\" \/>\n\t<meta name=\"twitter:data2\" content=\"4 minuter\" \/>\n<script type=\"application\/ld+json\" class=\"yoast-schema-graph\">{\"@context\":\"https:\/\/schema.org\",\"@graph\":[{\"@type\":\"Article\",\"@id\":\"https:\/\/blogg.svenskakyrkan.se\/tankarinforhelgen\/2012\/07\/15\/hoppla-hoppla-vad-han-tar-i-15-juli\/#article\",\"isPartOf\":{\"@id\":\"https:\/\/blogg.svenskakyrkan.se\/tankarinforhelgen\/2012\/07\/15\/hoppla-hoppla-vad-han-tar-i-15-juli\/\"},\"author\":{\"name\":\"Magdalena Wernefeldt\",\"@id\":\"https:\/\/blogg.svenskakyrkan.se\/tankarinforhelgen\/#\/schema\/person\/c19e8a124f507336a7f712f3b02d924b\"},\"headline\":\"&#8221;Hoppla, hoppla vad han tar i&#8230;&#8221; &#8211; 15 juli\",\"datePublished\":\"2012-07-15T08:02:12+00:00\",\"dateModified\":\"2017-02-21T14:12:38+00:00\",\"mainEntityOfPage\":{\"@id\":\"https:\/\/blogg.svenskakyrkan.se\/tankarinforhelgen\/2012\/07\/15\/hoppla-hoppla-vad-han-tar-i-15-juli\/\"},\"wordCount\":809,\"commentCount\":0,\"image\":{\"@id\":\"https:\/\/blogg.svenskakyrkan.se\/tankarinforhelgen\/2012\/07\/15\/hoppla-hoppla-vad-han-tar-i-15-juli\/#primaryimage\"},\"thumbnailUrl\":\"http:\/\/blogg.svenskakyrkan.se\/tankarinforhelgen\/files\/2017\/02\/ce76c821-ec0c-4ede-a608-9e95fffa3c21.jpg\",\"articleSection\":[\"6:e s\u00f6ndagen efter trefaldighet\"],\"inLanguage\":\"sv-SE\",\"potentialAction\":[{\"@type\":\"CommentAction\",\"name\":\"Comment\",\"target\":[\"https:\/\/blogg.svenskakyrkan.se\/tankarinforhelgen\/2012\/07\/15\/hoppla-hoppla-vad-han-tar-i-15-juli\/#respond\"]}]},{\"@type\":\"WebPage\",\"@id\":\"https:\/\/blogg.svenskakyrkan.se\/tankarinforhelgen\/2012\/07\/15\/hoppla-hoppla-vad-han-tar-i-15-juli\/\",\"url\":\"https:\/\/blogg.svenskakyrkan.se\/tankarinforhelgen\/2012\/07\/15\/hoppla-hoppla-vad-han-tar-i-15-juli\/\",\"name\":\"\\\"Hoppla, hoppla vad han tar i...\\\" - 15 juli - Tankar inf\u00f6r helgen\",\"isPartOf\":{\"@id\":\"https:\/\/blogg.svenskakyrkan.se\/tankarinforhelgen\/#website\"},\"primaryImageOfPage\":{\"@id\":\"https:\/\/blogg.svenskakyrkan.se\/tankarinforhelgen\/2012\/07\/15\/hoppla-hoppla-vad-han-tar-i-15-juli\/#primaryimage\"},\"image\":{\"@id\":\"https:\/\/blogg.svenskakyrkan.se\/tankarinforhelgen\/2012\/07\/15\/hoppla-hoppla-vad-han-tar-i-15-juli\/#primaryimage\"},\"thumbnailUrl\":\"http:\/\/blogg.svenskakyrkan.se\/tankarinforhelgen\/files\/2017\/02\/ce76c821-ec0c-4ede-a608-9e95fffa3c21.jpg\",\"datePublished\":\"2012-07-15T08:02:12+00:00\",\"dateModified\":\"2017-02-21T14:12:38+00:00\",\"author\":{\"@id\":\"https:\/\/blogg.svenskakyrkan.se\/tankarinforhelgen\/#\/schema\/person\/c19e8a124f507336a7f712f3b02d924b\"},\"breadcrumb\":{\"@id\":\"https:\/\/blogg.svenskakyrkan.se\/tankarinforhelgen\/2012\/07\/15\/hoppla-hoppla-vad-han-tar-i-15-juli\/#breadcrumb\"},\"inLanguage\":\"sv-SE\",\"potentialAction\":[{\"@type\":\"ReadAction\",\"target\":[\"https:\/\/blogg.svenskakyrkan.se\/tankarinforhelgen\/2012\/07\/15\/hoppla-hoppla-vad-han-tar-i-15-juli\/\"]}]},{\"@type\":\"ImageObject\",\"inLanguage\":\"sv-SE\",\"@id\":\"https:\/\/blogg.svenskakyrkan.se\/tankarinforhelgen\/2012\/07\/15\/hoppla-hoppla-vad-han-tar-i-15-juli\/#primaryimage\",\"url\":\"http:\/\/blogg.svenskakyrkan.se\/tankarinforhelgen\/files\/2017\/02\/ce76c821-ec0c-4ede-a608-9e95fffa3c21.jpg\",\"contentUrl\":\"http:\/\/blogg.svenskakyrkan.se\/tankarinforhelgen\/files\/2017\/02\/ce76c821-ec0c-4ede-a608-9e95fffa3c21.jpg\"},{\"@type\":\"BreadcrumbList\",\"@id\":\"https:\/\/blogg.svenskakyrkan.se\/tankarinforhelgen\/2012\/07\/15\/hoppla-hoppla-vad-han-tar-i-15-juli\/#breadcrumb\",\"itemListElement\":[{\"@type\":\"ListItem\",\"position\":1,\"name\":\"Hem\",\"item\":\"https:\/\/blogg.svenskakyrkan.se\/tankarinforhelgen\/\"},{\"@type\":\"ListItem\",\"position\":2,\"name\":\"&#8221;Hoppla, hoppla vad han tar i&#8230;&#8221; &#8211; 15 juli\"}]},{\"@type\":\"WebSite\",\"@id\":\"https:\/\/blogg.svenskakyrkan.se\/tankarinforhelgen\/#website\",\"url\":\"https:\/\/blogg.svenskakyrkan.se\/tankarinforhelgen\/\",\"name\":\"Tankar inf\u00f6r helgen\",\"description\":\"Pr\u00e4ster funderar utifr\u00e5n kommande s\u00f6ndags texter\",\"potentialAction\":[{\"@type\":\"SearchAction\",\"target\":{\"@type\":\"EntryPoint\",\"urlTemplate\":\"https:\/\/blogg.svenskakyrkan.se\/tankarinforhelgen\/?s={search_term_string}\"},\"query-input\":{\"@type\":\"PropertyValueSpecification\",\"valueRequired\":true,\"valueName\":\"search_term_string\"}}],\"inLanguage\":\"sv-SE\"},{\"@type\":\"Person\",\"@id\":\"https:\/\/blogg.svenskakyrkan.se\/tankarinforhelgen\/#\/schema\/person\/c19e8a124f507336a7f712f3b02d924b\",\"name\":\"Magdalena Wernefeldt\",\"image\":{\"@type\":\"ImageObject\",\"inLanguage\":\"sv-SE\",\"@id\":\"https:\/\/blogg.svenskakyrkan.se\/tankarinforhelgen\/#\/schema\/person\/image\/\",\"url\":\"https:\/\/secure.gravatar.com\/avatar\/23dab26aed51bdfcff5c1559ea1a5d339f00dac73f3d56d1d8b724c1d9074328?s=96&d=mm&r=g\",\"contentUrl\":\"https:\/\/secure.gravatar.com\/avatar\/23dab26aed51bdfcff5c1559ea1a5d339f00dac73f3d56d1d8b724c1d9074328?s=96&d=mm&r=g\",\"caption\":\"Magdalena Wernefeldt\"},\"url\":\"https:\/\/blogg.svenskakyrkan.se\/tankarinforhelgen\/author\/svkmwt\/\"}]}<\/script>\n<!-- \/ Yoast SEO plugin. -->","yoast_head_json":{"title":"\"Hoppla, hoppla vad han tar i...\" - 15 juli - Tankar inf\u00f6r helgen","robots":{"index":"index","follow":"follow","max-snippet":"max-snippet:-1","max-image-preview":"max-image-preview:large","max-video-preview":"max-video-preview:-1"},"canonical":"https:\/\/blogg.svenskakyrkan.se\/tankarinforhelgen\/2012\/07\/15\/hoppla-hoppla-vad-han-tar-i-15-juli\/","og_locale":"sv_SE","og_type":"article","og_title":"\"Hoppla, hoppla vad han tar i...\" - 15 juli - Tankar inf\u00f6r helgen","og_description":"-Han \u00e4r stark, intelligent, humoristisk, allm\u00e4nbildad\u2026 Charlotta var ton\u00e5rsk\u00e4r och galen, och laddade med extra-allt i en ambition att \u00f6vertyga mig om sin nyvunna pojkv\u00e4ns alla f\u00f6rtj\u00e4nster. &#8211; Han kan allt, Johan \u2013 allt! Han sjunger som Pavarotti \u2013 i st\u00e4mmor \u2013 MED SIG SJ\u00c4LV! Ibland g\u00f6r k\u00e4rleken s\u00e5 med oss. F\u00f6rblindar oss. Eller kanske [&hellip;]","og_url":"https:\/\/blogg.svenskakyrkan.se\/tankarinforhelgen\/2012\/07\/15\/hoppla-hoppla-vad-han-tar-i-15-juli\/","og_site_name":"Tankar inf\u00f6r helgen","article_published_time":"2012-07-15T08:02:12+00:00","article_modified_time":"2017-02-21T14:12:38+00:00","og_image":[{"url":"http:\/\/blogg.svenskakyrkan.se\/tankarinforhelgen\/files\/2017\/02\/ce76c821-ec0c-4ede-a608-9e95fffa3c21.jpg","type":"","width":"","height":""}],"author":"Magdalena Wernefeldt","twitter_card":"summary_large_image","twitter_misc":{"Skriven av":"Magdalena Wernefeldt","Ber\u00e4knad l\u00e4stid":"4 minuter"},"schema":{"@context":"https:\/\/schema.org","@graph":[{"@type":"Article","@id":"https:\/\/blogg.svenskakyrkan.se\/tankarinforhelgen\/2012\/07\/15\/hoppla-hoppla-vad-han-tar-i-15-juli\/#article","isPartOf":{"@id":"https:\/\/blogg.svenskakyrkan.se\/tankarinforhelgen\/2012\/07\/15\/hoppla-hoppla-vad-han-tar-i-15-juli\/"},"author":{"name":"Magdalena Wernefeldt","@id":"https:\/\/blogg.svenskakyrkan.se\/tankarinforhelgen\/#\/schema\/person\/c19e8a124f507336a7f712f3b02d924b"},"headline":"&#8221;Hoppla, hoppla vad han tar i&#8230;&#8221; &#8211; 15 juli","datePublished":"2012-07-15T08:02:12+00:00","dateModified":"2017-02-21T14:12:38+00:00","mainEntityOfPage":{"@id":"https:\/\/blogg.svenskakyrkan.se\/tankarinforhelgen\/2012\/07\/15\/hoppla-hoppla-vad-han-tar-i-15-juli\/"},"wordCount":809,"commentCount":0,"image":{"@id":"https:\/\/blogg.svenskakyrkan.se\/tankarinforhelgen\/2012\/07\/15\/hoppla-hoppla-vad-han-tar-i-15-juli\/#primaryimage"},"thumbnailUrl":"http:\/\/blogg.svenskakyrkan.se\/tankarinforhelgen\/files\/2017\/02\/ce76c821-ec0c-4ede-a608-9e95fffa3c21.jpg","articleSection":["6:e s\u00f6ndagen efter trefaldighet"],"inLanguage":"sv-SE","potentialAction":[{"@type":"CommentAction","name":"Comment","target":["https:\/\/blogg.svenskakyrkan.se\/tankarinforhelgen\/2012\/07\/15\/hoppla-hoppla-vad-han-tar-i-15-juli\/#respond"]}]},{"@type":"WebPage","@id":"https:\/\/blogg.svenskakyrkan.se\/tankarinforhelgen\/2012\/07\/15\/hoppla-hoppla-vad-han-tar-i-15-juli\/","url":"https:\/\/blogg.svenskakyrkan.se\/tankarinforhelgen\/2012\/07\/15\/hoppla-hoppla-vad-han-tar-i-15-juli\/","name":"\"Hoppla, hoppla vad han tar i...\" - 15 juli - Tankar inf\u00f6r helgen","isPartOf":{"@id":"https:\/\/blogg.svenskakyrkan.se\/tankarinforhelgen\/#website"},"primaryImageOfPage":{"@id":"https:\/\/blogg.svenskakyrkan.se\/tankarinforhelgen\/2012\/07\/15\/hoppla-hoppla-vad-han-tar-i-15-juli\/#primaryimage"},"image":{"@id":"https:\/\/blogg.svenskakyrkan.se\/tankarinforhelgen\/2012\/07\/15\/hoppla-hoppla-vad-han-tar-i-15-juli\/#primaryimage"},"thumbnailUrl":"http:\/\/blogg.svenskakyrkan.se\/tankarinforhelgen\/files\/2017\/02\/ce76c821-ec0c-4ede-a608-9e95fffa3c21.jpg","datePublished":"2012-07-15T08:02:12+00:00","dateModified":"2017-02-21T14:12:38+00:00","author":{"@id":"https:\/\/blogg.svenskakyrkan.se\/tankarinforhelgen\/#\/schema\/person\/c19e8a124f507336a7f712f3b02d924b"},"breadcrumb":{"@id":"https:\/\/blogg.svenskakyrkan.se\/tankarinforhelgen\/2012\/07\/15\/hoppla-hoppla-vad-han-tar-i-15-juli\/#breadcrumb"},"inLanguage":"sv-SE","potentialAction":[{"@type":"ReadAction","target":["https:\/\/blogg.svenskakyrkan.se\/tankarinforhelgen\/2012\/07\/15\/hoppla-hoppla-vad-han-tar-i-15-juli\/"]}]},{"@type":"ImageObject","inLanguage":"sv-SE","@id":"https:\/\/blogg.svenskakyrkan.se\/tankarinforhelgen\/2012\/07\/15\/hoppla-hoppla-vad-han-tar-i-15-juli\/#primaryimage","url":"http:\/\/blogg.svenskakyrkan.se\/tankarinforhelgen\/files\/2017\/02\/ce76c821-ec0c-4ede-a608-9e95fffa3c21.jpg","contentUrl":"http:\/\/blogg.svenskakyrkan.se\/tankarinforhelgen\/files\/2017\/02\/ce76c821-ec0c-4ede-a608-9e95fffa3c21.jpg"},{"@type":"BreadcrumbList","@id":"https:\/\/blogg.svenskakyrkan.se\/tankarinforhelgen\/2012\/07\/15\/hoppla-hoppla-vad-han-tar-i-15-juli\/#breadcrumb","itemListElement":[{"@type":"ListItem","position":1,"name":"Hem","item":"https:\/\/blogg.svenskakyrkan.se\/tankarinforhelgen\/"},{"@type":"ListItem","position":2,"name":"&#8221;Hoppla, hoppla vad han tar i&#8230;&#8221; &#8211; 15 juli"}]},{"@type":"WebSite","@id":"https:\/\/blogg.svenskakyrkan.se\/tankarinforhelgen\/#website","url":"https:\/\/blogg.svenskakyrkan.se\/tankarinforhelgen\/","name":"Tankar inf\u00f6r helgen","description":"Pr\u00e4ster funderar utifr\u00e5n kommande s\u00f6ndags texter","potentialAction":[{"@type":"SearchAction","target":{"@type":"EntryPoint","urlTemplate":"https:\/\/blogg.svenskakyrkan.se\/tankarinforhelgen\/?s={search_term_string}"},"query-input":{"@type":"PropertyValueSpecification","valueRequired":true,"valueName":"search_term_string"}}],"inLanguage":"sv-SE"},{"@type":"Person","@id":"https:\/\/blogg.svenskakyrkan.se\/tankarinforhelgen\/#\/schema\/person\/c19e8a124f507336a7f712f3b02d924b","name":"Magdalena Wernefeldt","image":{"@type":"ImageObject","inLanguage":"sv-SE","@id":"https:\/\/blogg.svenskakyrkan.se\/tankarinforhelgen\/#\/schema\/person\/image\/","url":"https:\/\/secure.gravatar.com\/avatar\/23dab26aed51bdfcff5c1559ea1a5d339f00dac73f3d56d1d8b724c1d9074328?s=96&d=mm&r=g","contentUrl":"https:\/\/secure.gravatar.com\/avatar\/23dab26aed51bdfcff5c1559ea1a5d339f00dac73f3d56d1d8b724c1d9074328?s=96&d=mm&r=g","caption":"Magdalena Wernefeldt"},"url":"https:\/\/blogg.svenskakyrkan.se\/tankarinforhelgen\/author\/svkmwt\/"}]}},"author_meta":{"ID":"458","user_nicename":"svkmwt","user_registered":"2014-10-14 11:18:34","display_name":"Magdalena Wernefeldt","first_name":"Magdalena","last_name":"Wernefeldt","avatar":"https:\/\/secure.gravatar.com\/avatar\/23dab26aed51bdfcff5c1559ea1a5d339f00dac73f3d56d1d8b724c1d9074328?s=96&d=mm&r=g"},"featured_image":false,"bloginfo":{"name":"Tankar inf\u00f6r helgen","url":"https:\/\/blogg.svenskakyrkan.se\/tankarinforhelgen"},"_links":{"self":[{"href":"https:\/\/blogg.svenskakyrkan.se\/tankarinforhelgen\/wp-json\/wp\/v2\/posts\/635","targetHints":{"allow":["GET"]}}],"collection":[{"href":"https:\/\/blogg.svenskakyrkan.se\/tankarinforhelgen\/wp-json\/wp\/v2\/posts"}],"about":[{"href":"https:\/\/blogg.svenskakyrkan.se\/tankarinforhelgen\/wp-json\/wp\/v2\/types\/post"}],"author":[{"embeddable":true,"href":"https:\/\/blogg.svenskakyrkan.se\/tankarinforhelgen\/wp-json\/wp\/v2\/users\/458"}],"replies":[{"embeddable":true,"href":"https:\/\/blogg.svenskakyrkan.se\/tankarinforhelgen\/wp-json\/wp\/v2\/comments?post=635"}],"version-history":[{"count":1,"href":"https:\/\/blogg.svenskakyrkan.se\/tankarinforhelgen\/wp-json\/wp\/v2\/posts\/635\/revisions"}],"predecessor-version":[{"id":637,"href":"https:\/\/blogg.svenskakyrkan.se\/tankarinforhelgen\/wp-json\/wp\/v2\/posts\/635\/revisions\/637"}],"wp:attachment":[{"href":"https:\/\/blogg.svenskakyrkan.se\/tankarinforhelgen\/wp-json\/wp\/v2\/media?parent=635"}],"wp:term":[{"taxonomy":"category","embeddable":true,"href":"https:\/\/blogg.svenskakyrkan.se\/tankarinforhelgen\/wp-json\/wp\/v2\/categories?post=635"},{"taxonomy":"post_tag","embeddable":true,"href":"https:\/\/blogg.svenskakyrkan.se\/tankarinforhelgen\/wp-json\/wp\/v2\/tags?post=635"}],"curies":[{"name":"wp","href":"https:\/\/api.w.org\/{rel}","templated":true}]}}