{"id":675,"date":"2012-03-04T11:16:32","date_gmt":"2012-03-04T10:16:32","guid":{"rendered":"http:\/\/blogg.svenskakyrkan.se\/tankarinforhelgen\/?p=675"},"modified":"2017-02-22T13:57:54","modified_gmt":"2017-02-22T12:57:54","slug":"om-maria-och-mortar-4-mars","status":"publish","type":"post","link":"https:\/\/blogg.svenskakyrkan.se\/tankarinforhelgen\/2012\/03\/04\/om-maria-och-mortar-4-mars\/","title":{"rendered":"Om Maria och m\u00f6rtar &#8211; 4 mars"},"content":{"rendered":"<p><a href=\"http:\/\/blogg.svenskakyrkan.se\/tankarinforhelgen\/files\/2017\/02\/8619e8d5-642e-4fb1-ad1e-5063ee26ab6a.jpg\"><img loading=\"lazy\" decoding=\"async\" class=\"alignnone size-full wp-image-676\" src=\"http:\/\/blogg.svenskakyrkan.se\/tankarinforhelgen\/files\/2017\/02\/8619e8d5-642e-4fb1-ad1e-5063ee26ab6a.jpg\" alt=\"8619e8d5-642e-4fb1-ad1e-5063ee26ab6a\" width=\"438\" height=\"294\" srcset=\"https:\/\/blogg.svenskakyrkan.se\/tankarinforhelgen\/files\/2017\/02\/8619e8d5-642e-4fb1-ad1e-5063ee26ab6a.jpg 438w, https:\/\/blogg.svenskakyrkan.se\/tankarinforhelgen\/files\/2017\/02\/8619e8d5-642e-4fb1-ad1e-5063ee26ab6a-300x201.jpg 300w\" sizes=\"auto, (max-width: 438px) 100vw, 438px\" \/><\/a><\/p>\n<p>I b\u00f6rjan av 1990-talet tr\u00e4ffade jag en 93-\u00e5rig lettisk kvinna, Maria, som levt mer \u00e4n h\u00e4lften av sitt kristna liv i ett ockuperat land. En ockupation som innebar att det var f\u00f6rbjudet att offentligt eller i hemlighet tala om sin tro. Hon ber\u00e4ttade att allt som kunde f\u00f6rknippas med hennes tro p\u00e5 Gud, l\u00e5g nedgr\u00e4vt i hennes tr\u00e4dg\u00e5rd sedan ockupationen den 17 juni 1940.<\/p>\n<p>Sj\u00e4lva tron l\u00e5g v\u00e4l bevarad i hennes hj\u00e4rta och under alla \u00e5r av kamp, var hon fast \u00f6vertygad om att befrielsen en dag skulle komma. Den 6 september 1991 erk\u00e4nde ockupationsmakten Marias hemland f\u00f6r sj\u00e4lvst\u00e4ndigt.<\/p>\n<p>Marias ber\u00e4ttelse leder oss rakt in i en av s\u00f6ndagens bibeltexter.<br \/>\n<i>Jag vill inte vara till anst\u00f6t f\u00f6r n\u00e5gon, ingen skall kunna anm\u00e4rka p\u00e5 min tj\u00e4nst. Som Guds tj\u00e4nare visar jag p\u00e5 allt s\u00e4tt vad jag duger till: med stor uth\u00e5llighet under p\u00e5frestningar, tr\u00e5ngm\u00e5l och n\u00f6d, under prygel, f\u00e5ngenskap och upplopp, under m\u00f6da, vaka och sv\u00e4lt. <\/i>(2 Kor. 6:3-5).<\/p>\n<p><b>Rustad f\u00f6r livet<br \/>\n<\/b>Det som fascinerade mig i m\u00f6tet med Maria, var hennes beskrivning av de vapen som Gud rustat henne med och med vilka hon kunde k\u00e4mpa trons goda kamp.<br \/>\n<i>Med renhet, kunskap, t\u00e5lamod och godhet, med helig ande, uppriktig k\u00e4rlek, sanningens ord och Guds kraft, med r\u00e4ttf\u00e4rdighetens vapen till anfall och f\u00f6rsvar, i \u00e4ra och van\u00e4ra, med d\u00e5ligt rykte och gott rykte.<\/i> (2 Kor. 6:6-7).<\/p>\n<p>Maria k\u00e4mpade sin kamp v\u00e4l. Hon blev ett f\u00f6red\u00f6me f\u00f6r mig. Bibelordet st\u00e4mmer s\u00e5 v\u00e4l \u00f6verens med henne och hennes liv.<br \/>\n<i>Jag kallas villol\u00e4rare, men s\u00e4ger sanningen. Jag \u00e4r missk\u00e4nd men \u00e4nd\u00e5 erk\u00e4nd, jag \u00e4r n\u00e4ra d\u00f6den men \u00e4nd\u00e5 lever jag, tuktad men inte till d\u00f6ds, pl\u00e5gad men alltid glad. Jag \u00e4r fattig men g\u00f6r m\u00e5nga rika, jag har ingenting men \u00e4ger allt. <\/i>(2 Kor. 6:8\u201310).<\/p>\n<p>S\u00e5 minns jag Maria.<\/p>\n<p>M\u00f6tet med Maria kommer ofta tillbaka till mina tankar, men extra tydligt blir det n\u00e4r jag n\u00e5gon g\u00e5ng under v\u00e5ren bes\u00f6ker Verkmyra\u00e5n vid Utnora, strax norr om G\u00e4vle. D\u00e4r bjuds det p\u00e5 ett sk\u00e5despel av s\u00e4llan sk\u00e5dat slag. Tusentals fiskar, i huvudsak abborre och m\u00f6rt, k\u00e4mpar f\u00f6r att ta sig fr\u00e5n havet till Hillesj\u00f6n f\u00f6r att leka. Det verkar vara ett hoppl\u00f6st projekt och d\u00e4r finns allt motst\u00e5nd vi kan t\u00e4nka oss. Vattenmassor, stenar, isformationer, h\u00e5var och m\u00e4nniskoh\u00e4nder.<\/p>\n<p><b>Hinder f\u00f6r att n\u00e5 m\u00e5let<br \/>\n<\/b>Det k\u00e4nns som om f\u00f6ruts\u00e4ttningarna d\u00e4r ute i \u00e5n p\u00e5 n\u00e5got s\u00e4tt kan liknas vid omst\u00e4ndigheterna att leva under en ockupationsmakt eller helt enkelt att bara leva och vara h\u00e4r och nu i livet. Det finns s\u00e5 mycket som vill hindra fiskarna fr\u00e5n att n\u00e5 m\u00e5let. Precis som det finns s\u00e5 mycket som vill hindra oss m\u00e4nniskor fr\u00e5n att n\u00e5 v\u00e5rt huvudsakliga m\u00e5l.<\/p>\n<p>Vilken kamp vi \u00e4n utk\u00e4mpar i tro du och jag, s\u00e5 kan vi s\u00e4kert f\u00f6rena oss i orden fr\u00e5n s\u00f6ndagens Psaltarpsalm:<br \/>\n<i>Ur djupen ropar jag till dig, Herre. Herre, h\u00f6r mitt rop, lyssna n\u00e4r jag b\u00f6nfaller dig! Om du lade synder p\u00e5 minnet, Herre, vem kunde d\u00e5 best\u00e5? Men hos dig finns f\u00f6rl\u00e5telse och d\u00e4rf\u00f6r fruktar man dig. Jag v\u00e4ntar p\u00e5 Herren, jag l\u00e4ngtar, jag hoppas f\u00e5 h\u00f6ra hans ord&#8230; ty hos Herren finns n\u00e5d och makten att befria\u2026<\/i> (Ps. 130).<\/p>\n<p>Om vi avslutningsvis tar oss tillbaka till Verkmyra\u00e5n, s\u00e5 kan jag tycka att det ser mer intressant ut f\u00f6r de fiskar som k\u00e4mpar, \u00e4n f\u00f6r de som inte g\u00f6r det. Det syns tydligt att de fiskar som k\u00e4mpar sig mot str\u00f6mmen \u00e4r levande. Bara de d\u00f6da flyter med str\u00f6mmen. Med buken upp\u00e5t. En beklaglig syn.<\/p>\n<p><i>Ing-Marie Lundberg<br \/>\nStiftskonsulent teckenspr\u00e5kig verksamhet Uppsala stift<\/i><\/p>\n<p><a href=\"http:\/\/svenskakyrkan.se\/default.aspx?di=832601\" target=\"_blank\">Kontakta redaktionen<\/a><\/p>\n","protected":false},"excerpt":{"rendered":"<p>I b\u00f6rjan av 1990-talet tr\u00e4ffade jag en 93-\u00e5rig lettisk kvinna, Maria, som levt mer \u00e4n h\u00e4lften av sitt kristna liv i ett ockuperat land. En ockupation som innebar att det var f\u00f6rbjudet att offentligt eller i hemlighet tala om sin tro. Hon ber\u00e4ttade att allt som kunde f\u00f6rknippas med hennes tro p\u00e5 Gud, l\u00e5g nedgr\u00e4vt [&hellip;]<\/p>\n","protected":false},"author":458,"featured_media":0,"comment_status":"open","ping_status":"open","sticky":false,"template":"","format":"standard","meta":{"_acf_changed":false,"footnotes":""},"categories":[99409],"tags":[],"class_list":["post-675","post","type-post","status-publish","format-standard","hentry","category-andra-sondagen-i-fastan"],"acf":[],"yoast_head":"<!-- This site is optimized with the Yoast SEO plugin v27.1.1 - https:\/\/yoast.com\/product\/yoast-seo-wordpress\/ -->\n<title>Om Maria och m\u00f6rtar - 4 mars - Tankar inf\u00f6r helgen<\/title>\n<meta name=\"robots\" content=\"index, follow, max-snippet:-1, max-image-preview:large, max-video-preview:-1\" \/>\n<link rel=\"canonical\" href=\"https:\/\/blogg.svenskakyrkan.se\/tankarinforhelgen\/2012\/03\/04\/om-maria-och-mortar-4-mars\/\" \/>\n<meta property=\"og:locale\" content=\"sv_SE\" \/>\n<meta property=\"og:type\" content=\"article\" \/>\n<meta property=\"og:title\" content=\"Om Maria och m\u00f6rtar - 4 mars - Tankar inf\u00f6r helgen\" \/>\n<meta property=\"og:description\" content=\"I b\u00f6rjan av 1990-talet tr\u00e4ffade jag en 93-\u00e5rig lettisk kvinna, Maria, som levt mer \u00e4n h\u00e4lften av sitt kristna liv i ett ockuperat land. En ockupation som innebar att det var f\u00f6rbjudet att offentligt eller i hemlighet tala om sin tro. Hon ber\u00e4ttade att allt som kunde f\u00f6rknippas med hennes tro p\u00e5 Gud, l\u00e5g nedgr\u00e4vt [&hellip;]\" \/>\n<meta property=\"og:url\" content=\"https:\/\/blogg.svenskakyrkan.se\/tankarinforhelgen\/2012\/03\/04\/om-maria-och-mortar-4-mars\/\" \/>\n<meta property=\"og:site_name\" content=\"Tankar inf\u00f6r helgen\" \/>\n<meta property=\"article:published_time\" content=\"2012-03-04T10:16:32+00:00\" \/>\n<meta property=\"article:modified_time\" content=\"2017-02-22T12:57:54+00:00\" \/>\n<meta property=\"og:image\" content=\"http:\/\/blogg.svenskakyrkan.se\/tankarinforhelgen\/files\/2017\/02\/8619e8d5-642e-4fb1-ad1e-5063ee26ab6a.jpg\" \/>\n<meta name=\"author\" content=\"Magdalena Wernefeldt\" \/>\n<meta name=\"twitter:card\" content=\"summary_large_image\" \/>\n<meta name=\"twitter:label1\" content=\"Skriven av\" \/>\n\t<meta name=\"twitter:data1\" content=\"Magdalena Wernefeldt\" \/>\n\t<meta name=\"twitter:label2\" content=\"Ber\u00e4knad l\u00e4stid\" \/>\n\t<meta name=\"twitter:data2\" content=\"4 minuter\" \/>\n<script type=\"application\/ld+json\" class=\"yoast-schema-graph\">{\"@context\":\"https:\/\/schema.org\",\"@graph\":[{\"@type\":\"Article\",\"@id\":\"https:\/\/blogg.svenskakyrkan.se\/tankarinforhelgen\/2012\/03\/04\/om-maria-och-mortar-4-mars\/#article\",\"isPartOf\":{\"@id\":\"https:\/\/blogg.svenskakyrkan.se\/tankarinforhelgen\/2012\/03\/04\/om-maria-och-mortar-4-mars\/\"},\"author\":{\"name\":\"Magdalena Wernefeldt\",\"@id\":\"https:\/\/blogg.svenskakyrkan.se\/tankarinforhelgen\/#\/schema\/person\/c19e8a124f507336a7f712f3b02d924b\"},\"headline\":\"Om Maria och m\u00f6rtar &#8211; 4 mars\",\"datePublished\":\"2012-03-04T10:16:32+00:00\",\"dateModified\":\"2017-02-22T12:57:54+00:00\",\"mainEntityOfPage\":{\"@id\":\"https:\/\/blogg.svenskakyrkan.se\/tankarinforhelgen\/2012\/03\/04\/om-maria-och-mortar-4-mars\/\"},\"wordCount\":715,\"commentCount\":0,\"image\":{\"@id\":\"https:\/\/blogg.svenskakyrkan.se\/tankarinforhelgen\/2012\/03\/04\/om-maria-och-mortar-4-mars\/#primaryimage\"},\"thumbnailUrl\":\"http:\/\/blogg.svenskakyrkan.se\/tankarinforhelgen\/files\/2017\/02\/8619e8d5-642e-4fb1-ad1e-5063ee26ab6a.jpg\",\"articleSection\":[\"Andra s\u00f6ndagen i fastan\"],\"inLanguage\":\"sv-SE\",\"potentialAction\":[{\"@type\":\"CommentAction\",\"name\":\"Comment\",\"target\":[\"https:\/\/blogg.svenskakyrkan.se\/tankarinforhelgen\/2012\/03\/04\/om-maria-och-mortar-4-mars\/#respond\"]}]},{\"@type\":\"WebPage\",\"@id\":\"https:\/\/blogg.svenskakyrkan.se\/tankarinforhelgen\/2012\/03\/04\/om-maria-och-mortar-4-mars\/\",\"url\":\"https:\/\/blogg.svenskakyrkan.se\/tankarinforhelgen\/2012\/03\/04\/om-maria-och-mortar-4-mars\/\",\"name\":\"Om Maria och m\u00f6rtar - 4 mars - Tankar inf\u00f6r helgen\",\"isPartOf\":{\"@id\":\"https:\/\/blogg.svenskakyrkan.se\/tankarinforhelgen\/#website\"},\"primaryImageOfPage\":{\"@id\":\"https:\/\/blogg.svenskakyrkan.se\/tankarinforhelgen\/2012\/03\/04\/om-maria-och-mortar-4-mars\/#primaryimage\"},\"image\":{\"@id\":\"https:\/\/blogg.svenskakyrkan.se\/tankarinforhelgen\/2012\/03\/04\/om-maria-och-mortar-4-mars\/#primaryimage\"},\"thumbnailUrl\":\"http:\/\/blogg.svenskakyrkan.se\/tankarinforhelgen\/files\/2017\/02\/8619e8d5-642e-4fb1-ad1e-5063ee26ab6a.jpg\",\"datePublished\":\"2012-03-04T10:16:32+00:00\",\"dateModified\":\"2017-02-22T12:57:54+00:00\",\"author\":{\"@id\":\"https:\/\/blogg.svenskakyrkan.se\/tankarinforhelgen\/#\/schema\/person\/c19e8a124f507336a7f712f3b02d924b\"},\"breadcrumb\":{\"@id\":\"https:\/\/blogg.svenskakyrkan.se\/tankarinforhelgen\/2012\/03\/04\/om-maria-och-mortar-4-mars\/#breadcrumb\"},\"inLanguage\":\"sv-SE\",\"potentialAction\":[{\"@type\":\"ReadAction\",\"target\":[\"https:\/\/blogg.svenskakyrkan.se\/tankarinforhelgen\/2012\/03\/04\/om-maria-och-mortar-4-mars\/\"]}]},{\"@type\":\"ImageObject\",\"inLanguage\":\"sv-SE\",\"@id\":\"https:\/\/blogg.svenskakyrkan.se\/tankarinforhelgen\/2012\/03\/04\/om-maria-och-mortar-4-mars\/#primaryimage\",\"url\":\"http:\/\/blogg.svenskakyrkan.se\/tankarinforhelgen\/files\/2017\/02\/8619e8d5-642e-4fb1-ad1e-5063ee26ab6a.jpg\",\"contentUrl\":\"http:\/\/blogg.svenskakyrkan.se\/tankarinforhelgen\/files\/2017\/02\/8619e8d5-642e-4fb1-ad1e-5063ee26ab6a.jpg\"},{\"@type\":\"BreadcrumbList\",\"@id\":\"https:\/\/blogg.svenskakyrkan.se\/tankarinforhelgen\/2012\/03\/04\/om-maria-och-mortar-4-mars\/#breadcrumb\",\"itemListElement\":[{\"@type\":\"ListItem\",\"position\":1,\"name\":\"Hem\",\"item\":\"https:\/\/blogg.svenskakyrkan.se\/tankarinforhelgen\/\"},{\"@type\":\"ListItem\",\"position\":2,\"name\":\"Om Maria och m\u00f6rtar &#8211; 4 mars\"}]},{\"@type\":\"WebSite\",\"@id\":\"https:\/\/blogg.svenskakyrkan.se\/tankarinforhelgen\/#website\",\"url\":\"https:\/\/blogg.svenskakyrkan.se\/tankarinforhelgen\/\",\"name\":\"Tankar inf\u00f6r helgen\",\"description\":\"Pr\u00e4ster funderar utifr\u00e5n kommande s\u00f6ndags texter\",\"potentialAction\":[{\"@type\":\"SearchAction\",\"target\":{\"@type\":\"EntryPoint\",\"urlTemplate\":\"https:\/\/blogg.svenskakyrkan.se\/tankarinforhelgen\/?s={search_term_string}\"},\"query-input\":{\"@type\":\"PropertyValueSpecification\",\"valueRequired\":true,\"valueName\":\"search_term_string\"}}],\"inLanguage\":\"sv-SE\"},{\"@type\":\"Person\",\"@id\":\"https:\/\/blogg.svenskakyrkan.se\/tankarinforhelgen\/#\/schema\/person\/c19e8a124f507336a7f712f3b02d924b\",\"name\":\"Magdalena Wernefeldt\",\"image\":{\"@type\":\"ImageObject\",\"inLanguage\":\"sv-SE\",\"@id\":\"https:\/\/blogg.svenskakyrkan.se\/tankarinforhelgen\/#\/schema\/person\/image\/\",\"url\":\"https:\/\/secure.gravatar.com\/avatar\/23dab26aed51bdfcff5c1559ea1a5d339f00dac73f3d56d1d8b724c1d9074328?s=96&d=mm&r=g\",\"contentUrl\":\"https:\/\/secure.gravatar.com\/avatar\/23dab26aed51bdfcff5c1559ea1a5d339f00dac73f3d56d1d8b724c1d9074328?s=96&d=mm&r=g\",\"caption\":\"Magdalena Wernefeldt\"},\"url\":\"https:\/\/blogg.svenskakyrkan.se\/tankarinforhelgen\/author\/svkmwt\/\"}]}<\/script>\n<!-- \/ Yoast SEO plugin. -->","yoast_head_json":{"title":"Om Maria och m\u00f6rtar - 4 mars - Tankar inf\u00f6r helgen","robots":{"index":"index","follow":"follow","max-snippet":"max-snippet:-1","max-image-preview":"max-image-preview:large","max-video-preview":"max-video-preview:-1"},"canonical":"https:\/\/blogg.svenskakyrkan.se\/tankarinforhelgen\/2012\/03\/04\/om-maria-och-mortar-4-mars\/","og_locale":"sv_SE","og_type":"article","og_title":"Om Maria och m\u00f6rtar - 4 mars - Tankar inf\u00f6r helgen","og_description":"I b\u00f6rjan av 1990-talet tr\u00e4ffade jag en 93-\u00e5rig lettisk kvinna, Maria, som levt mer \u00e4n h\u00e4lften av sitt kristna liv i ett ockuperat land. En ockupation som innebar att det var f\u00f6rbjudet att offentligt eller i hemlighet tala om sin tro. Hon ber\u00e4ttade att allt som kunde f\u00f6rknippas med hennes tro p\u00e5 Gud, l\u00e5g nedgr\u00e4vt [&hellip;]","og_url":"https:\/\/blogg.svenskakyrkan.se\/tankarinforhelgen\/2012\/03\/04\/om-maria-och-mortar-4-mars\/","og_site_name":"Tankar inf\u00f6r helgen","article_published_time":"2012-03-04T10:16:32+00:00","article_modified_time":"2017-02-22T12:57:54+00:00","og_image":[{"url":"http:\/\/blogg.svenskakyrkan.se\/tankarinforhelgen\/files\/2017\/02\/8619e8d5-642e-4fb1-ad1e-5063ee26ab6a.jpg","type":"","width":"","height":""}],"author":"Magdalena Wernefeldt","twitter_card":"summary_large_image","twitter_misc":{"Skriven av":"Magdalena Wernefeldt","Ber\u00e4knad l\u00e4stid":"4 minuter"},"schema":{"@context":"https:\/\/schema.org","@graph":[{"@type":"Article","@id":"https:\/\/blogg.svenskakyrkan.se\/tankarinforhelgen\/2012\/03\/04\/om-maria-och-mortar-4-mars\/#article","isPartOf":{"@id":"https:\/\/blogg.svenskakyrkan.se\/tankarinforhelgen\/2012\/03\/04\/om-maria-och-mortar-4-mars\/"},"author":{"name":"Magdalena Wernefeldt","@id":"https:\/\/blogg.svenskakyrkan.se\/tankarinforhelgen\/#\/schema\/person\/c19e8a124f507336a7f712f3b02d924b"},"headline":"Om Maria och m\u00f6rtar &#8211; 4 mars","datePublished":"2012-03-04T10:16:32+00:00","dateModified":"2017-02-22T12:57:54+00:00","mainEntityOfPage":{"@id":"https:\/\/blogg.svenskakyrkan.se\/tankarinforhelgen\/2012\/03\/04\/om-maria-och-mortar-4-mars\/"},"wordCount":715,"commentCount":0,"image":{"@id":"https:\/\/blogg.svenskakyrkan.se\/tankarinforhelgen\/2012\/03\/04\/om-maria-och-mortar-4-mars\/#primaryimage"},"thumbnailUrl":"http:\/\/blogg.svenskakyrkan.se\/tankarinforhelgen\/files\/2017\/02\/8619e8d5-642e-4fb1-ad1e-5063ee26ab6a.jpg","articleSection":["Andra s\u00f6ndagen i fastan"],"inLanguage":"sv-SE","potentialAction":[{"@type":"CommentAction","name":"Comment","target":["https:\/\/blogg.svenskakyrkan.se\/tankarinforhelgen\/2012\/03\/04\/om-maria-och-mortar-4-mars\/#respond"]}]},{"@type":"WebPage","@id":"https:\/\/blogg.svenskakyrkan.se\/tankarinforhelgen\/2012\/03\/04\/om-maria-och-mortar-4-mars\/","url":"https:\/\/blogg.svenskakyrkan.se\/tankarinforhelgen\/2012\/03\/04\/om-maria-och-mortar-4-mars\/","name":"Om Maria och m\u00f6rtar - 4 mars - Tankar inf\u00f6r helgen","isPartOf":{"@id":"https:\/\/blogg.svenskakyrkan.se\/tankarinforhelgen\/#website"},"primaryImageOfPage":{"@id":"https:\/\/blogg.svenskakyrkan.se\/tankarinforhelgen\/2012\/03\/04\/om-maria-och-mortar-4-mars\/#primaryimage"},"image":{"@id":"https:\/\/blogg.svenskakyrkan.se\/tankarinforhelgen\/2012\/03\/04\/om-maria-och-mortar-4-mars\/#primaryimage"},"thumbnailUrl":"http:\/\/blogg.svenskakyrkan.se\/tankarinforhelgen\/files\/2017\/02\/8619e8d5-642e-4fb1-ad1e-5063ee26ab6a.jpg","datePublished":"2012-03-04T10:16:32+00:00","dateModified":"2017-02-22T12:57:54+00:00","author":{"@id":"https:\/\/blogg.svenskakyrkan.se\/tankarinforhelgen\/#\/schema\/person\/c19e8a124f507336a7f712f3b02d924b"},"breadcrumb":{"@id":"https:\/\/blogg.svenskakyrkan.se\/tankarinforhelgen\/2012\/03\/04\/om-maria-och-mortar-4-mars\/#breadcrumb"},"inLanguage":"sv-SE","potentialAction":[{"@type":"ReadAction","target":["https:\/\/blogg.svenskakyrkan.se\/tankarinforhelgen\/2012\/03\/04\/om-maria-och-mortar-4-mars\/"]}]},{"@type":"ImageObject","inLanguage":"sv-SE","@id":"https:\/\/blogg.svenskakyrkan.se\/tankarinforhelgen\/2012\/03\/04\/om-maria-och-mortar-4-mars\/#primaryimage","url":"http:\/\/blogg.svenskakyrkan.se\/tankarinforhelgen\/files\/2017\/02\/8619e8d5-642e-4fb1-ad1e-5063ee26ab6a.jpg","contentUrl":"http:\/\/blogg.svenskakyrkan.se\/tankarinforhelgen\/files\/2017\/02\/8619e8d5-642e-4fb1-ad1e-5063ee26ab6a.jpg"},{"@type":"BreadcrumbList","@id":"https:\/\/blogg.svenskakyrkan.se\/tankarinforhelgen\/2012\/03\/04\/om-maria-och-mortar-4-mars\/#breadcrumb","itemListElement":[{"@type":"ListItem","position":1,"name":"Hem","item":"https:\/\/blogg.svenskakyrkan.se\/tankarinforhelgen\/"},{"@type":"ListItem","position":2,"name":"Om Maria och m\u00f6rtar &#8211; 4 mars"}]},{"@type":"WebSite","@id":"https:\/\/blogg.svenskakyrkan.se\/tankarinforhelgen\/#website","url":"https:\/\/blogg.svenskakyrkan.se\/tankarinforhelgen\/","name":"Tankar inf\u00f6r helgen","description":"Pr\u00e4ster funderar utifr\u00e5n kommande s\u00f6ndags texter","potentialAction":[{"@type":"SearchAction","target":{"@type":"EntryPoint","urlTemplate":"https:\/\/blogg.svenskakyrkan.se\/tankarinforhelgen\/?s={search_term_string}"},"query-input":{"@type":"PropertyValueSpecification","valueRequired":true,"valueName":"search_term_string"}}],"inLanguage":"sv-SE"},{"@type":"Person","@id":"https:\/\/blogg.svenskakyrkan.se\/tankarinforhelgen\/#\/schema\/person\/c19e8a124f507336a7f712f3b02d924b","name":"Magdalena Wernefeldt","image":{"@type":"ImageObject","inLanguage":"sv-SE","@id":"https:\/\/blogg.svenskakyrkan.se\/tankarinforhelgen\/#\/schema\/person\/image\/","url":"https:\/\/secure.gravatar.com\/avatar\/23dab26aed51bdfcff5c1559ea1a5d339f00dac73f3d56d1d8b724c1d9074328?s=96&d=mm&r=g","contentUrl":"https:\/\/secure.gravatar.com\/avatar\/23dab26aed51bdfcff5c1559ea1a5d339f00dac73f3d56d1d8b724c1d9074328?s=96&d=mm&r=g","caption":"Magdalena Wernefeldt"},"url":"https:\/\/blogg.svenskakyrkan.se\/tankarinforhelgen\/author\/svkmwt\/"}]}},"author_meta":{"ID":"458","user_nicename":"svkmwt","user_registered":"2014-10-14 11:18:34","display_name":"Magdalena Wernefeldt","first_name":"Magdalena","last_name":"Wernefeldt","avatar":"https:\/\/secure.gravatar.com\/avatar\/23dab26aed51bdfcff5c1559ea1a5d339f00dac73f3d56d1d8b724c1d9074328?s=96&d=mm&r=g"},"featured_image":false,"bloginfo":{"name":"Tankar inf\u00f6r helgen","url":"https:\/\/blogg.svenskakyrkan.se\/tankarinforhelgen"},"_links":{"self":[{"href":"https:\/\/blogg.svenskakyrkan.se\/tankarinforhelgen\/wp-json\/wp\/v2\/posts\/675","targetHints":{"allow":["GET"]}}],"collection":[{"href":"https:\/\/blogg.svenskakyrkan.se\/tankarinforhelgen\/wp-json\/wp\/v2\/posts"}],"about":[{"href":"https:\/\/blogg.svenskakyrkan.se\/tankarinforhelgen\/wp-json\/wp\/v2\/types\/post"}],"author":[{"embeddable":true,"href":"https:\/\/blogg.svenskakyrkan.se\/tankarinforhelgen\/wp-json\/wp\/v2\/users\/458"}],"replies":[{"embeddable":true,"href":"https:\/\/blogg.svenskakyrkan.se\/tankarinforhelgen\/wp-json\/wp\/v2\/comments?post=675"}],"version-history":[{"count":1,"href":"https:\/\/blogg.svenskakyrkan.se\/tankarinforhelgen\/wp-json\/wp\/v2\/posts\/675\/revisions"}],"predecessor-version":[{"id":677,"href":"https:\/\/blogg.svenskakyrkan.se\/tankarinforhelgen\/wp-json\/wp\/v2\/posts\/675\/revisions\/677"}],"wp:attachment":[{"href":"https:\/\/blogg.svenskakyrkan.se\/tankarinforhelgen\/wp-json\/wp\/v2\/media?parent=675"}],"wp:term":[{"taxonomy":"category","embeddable":true,"href":"https:\/\/blogg.svenskakyrkan.se\/tankarinforhelgen\/wp-json\/wp\/v2\/categories?post=675"},{"taxonomy":"post_tag","embeddable":true,"href":"https:\/\/blogg.svenskakyrkan.se\/tankarinforhelgen\/wp-json\/wp\/v2\/tags?post=675"}],"curies":[{"name":"wp","href":"https:\/\/api.w.org\/{rel}","templated":true}]}}