{"id":76,"date":"2016-06-26T09:21:09","date_gmt":"2016-06-26T07:21:09","guid":{"rendered":"http:\/\/blogg.svenskakyrkan.se\/tankarinforhelgen\/?p=76"},"modified":"2017-01-03T14:33:26","modified_gmt":"2017-01-03T13:33:26","slug":"den-hogstes-profet","status":"publish","type":"post","link":"https:\/\/blogg.svenskakyrkan.se\/tankarinforhelgen\/2016\/06\/26\/den-hogstes-profet\/","title":{"rendered":"Den h\u00f6gstes profet"},"content":{"rendered":"<p><a href=\"http:\/\/blogg.svenskakyrkan.se\/tankarinforhelgen\/files\/2016\/12\/Duva-Linda-Mickelsson-1024108.jpg\"><img loading=\"lazy\" decoding=\"async\" class=\"alignnone size-full wp-image-77\" src=\"http:\/\/blogg.svenskakyrkan.se\/tankarinforhelgen\/files\/2016\/12\/Duva-Linda-Mickelsson-1024108.jpg\" alt=\"IMG_1102\" width=\"1920\" height=\"1307\" srcset=\"https:\/\/blogg.svenskakyrkan.se\/tankarinforhelgen\/files\/2016\/12\/Duva-Linda-Mickelsson-1024108.jpg 1920w, https:\/\/blogg.svenskakyrkan.se\/tankarinforhelgen\/files\/2016\/12\/Duva-Linda-Mickelsson-1024108-300x204.jpg 300w, https:\/\/blogg.svenskakyrkan.se\/tankarinforhelgen\/files\/2016\/12\/Duva-Linda-Mickelsson-1024108-1024x697.jpg 1024w, https:\/\/blogg.svenskakyrkan.se\/tankarinforhelgen\/files\/2016\/12\/Duva-Linda-Mickelsson-1024108-441x300.jpg 441w\" sizes=\"auto, (max-width: 1920px) 100vw, 1920px\" \/><\/a><\/p>\n<p><strong>Tankar inf\u00f6r Johannes d\u00f6parens dag &#8211; 26 juni<\/strong><\/p>\n<p><em>Omskakad kommer jag ut i solljuset och f\u00f6rst\u00e5r att det jag varit med om har ber\u00f6rt mig p\u00e5 djupet. Pr\u00e4sten P\u00e4r Friberg ber\u00e4ttar om ett bes\u00f6k i Ein Karem, Johannes d\u00f6parens f\u00f6delseort.<\/em><\/p>\n<p>Under en resa i det heliga landet bes\u00f6kte jag Ein Karem som bl a \u00e4r k\u00e4nd som Johannes d\u00f6parens f\u00f6delseort. Byn ligger en bit utanf\u00f6r Jerusalem och vi \u00e4r fyra personer som planerat att pilgrimsvandra fr\u00e5n Jerusalem till Ein Karem.<\/p>\n<p>Det \u00e4r i slutet av februari, gr\u00e4set \u00e4r gr\u00f6nt och mandeltr\u00e4den blommar. Efter n\u00e5gra timmars vandring kommer vi fram till byn. Vi g\u00e5r f\u00f6rst till bes\u00f6kskyrkan som \u00e4r byggd till minne av att Maria bes\u00f6kte sin sl\u00e4ktning Elisabet n\u00e4r hon f\u00e5tt reda p\u00e5 att hon v\u00e4ntar barn. De b\u00e5da kvinnorna finns som statyer utanf\u00f6r kyrkan och Elisabet \u00e4r m\u00e4rkbart gravid.<\/p>\n<p>N\u00e4r jag stiger in i kyrkan f\u00e5r jag en kalldusch. Religi\u00f6st stiliserade m\u00e5lningar och f\u00f6rem\u00e5l har f\u00e5tt ge plats f\u00f6r ett klippblock och en m\u00e5lning som skildrar hur soldater hugger ned sm\u00e5 barn med sv\u00e4rd.<\/p>\n<p>Klippblocket har en h\u00e5lighet p\u00e5 undersidan och enligt traditionen g\u00f6mde Elisabet och Sakarias sin son Johannes i denna h\u00e5lighet n\u00e4r Herodes soldater genomf\u00f6r en massaker p\u00e5 alla barn upp till tv\u00e5 \u00e5rs \u00e5lder i jakt p\u00e5 det nyf\u00f6dda Jesusbarnet.<\/p>\n<section class=\"c-quote quote--article quote--left\">\n<div class=\"quote-container grid-container\">\n<blockquote class=\"quote-content\">\n<p class=\"quote-text\">Klippblocket har en h\u00e5lighet p\u00e5 undersidan och enligt traditionen g\u00f6mde Elisabet och Sakarias sin son Johannes i denna h\u00e5lighet.<\/p>\n<\/blockquote>\n<\/div>\n<\/section>\n<p>Det sl\u00e5r mig att jag aldrig funderat p\u00e5 vad som h\u00e4nde Johannes som f\u00f6ddes sex m\u00e5nader f\u00f6re Jesus i samma geografiska omr\u00e5de. Jag har uppm\u00e4rksammat att Maria och Josef flydde till Egypten med Jesus. Men inne i bes\u00f6kskyrkan m\u00f6ter jag ett klippblock och en m\u00e5lning som p\u00e5 ett obevekligt s\u00e4tt f\u00f6r mig i kontakt med massmord.<\/p>\n<p>Omskakad kommer jag ut i solljuset och f\u00f6rst\u00e5r att det jag varit med om har ber\u00f6rt mig p\u00e5 djupet. Jag har m\u00e5nga g\u00e5nger reflekterat kring hur mitt kulturella sammanhang och min kristna tradition st\u00e4rker vissa tolkningar medan andra associationer och tolkningar avstyrs. Nu hade jag just gjort en aha-upplevelse som hj\u00e4lper mig att f\u00e5 nya perspektiv.<\/p>\n<p>N\u00e4r jag forts\u00e4tter min resa och bes\u00f6ker platser i Israel och Palestina \u2013 denna lilla landremsa som \u00e4r pr\u00e4glad av v\u00e5ld och konflikter \u2013 forts\u00e4tter mina tankar att kretsa kring Johannes. Jag undrar hur vetskapen om att ha \u00f6verlevt en massaker p\u00e5verkade honom.<\/p>\n<p>N\u00e4r Johannes framtr\u00e4der i sin verksamhet m\u00f6ter vi en person med ett rakt och chosefritt spr\u00e5k. Folk s\u00f6ker sig till trakterna kring Jordan d\u00e4r Johannes h\u00e5ller till. I sin f\u00f6rkunnelse markerar han att tro och andlighet handlar om det m\u00e4nskliga liv som alla lever och att vi d\u00e4rf\u00f6r m\u00e5ste visa medm\u00e4nsklighet.<\/p>\n<p>\u00c4ven romerska soldater kommer till Johannes och r\u00e5dfr\u00e5gar honom. Man skulle kunna t\u00e4nka sig att Johannes svar skulle pr\u00e4glas av hat och f\u00f6rakt, s\u00e4rskilt med tanke p\u00e5 de fruktansv\u00e4rda handlingar dessa romerska soldater har utf\u00f6rt. Johannes budskap h\u00e5ller fokus p\u00e5 det v\u00e4sentliga. \u201dPressa inte av n\u00e5gon pengar med v\u00e5ld eller hot, utan n\u00f6j er med er sold\u201d (Lukas 3:14).<\/p>\n<p>S\u00e5 blir Johannes \u201dDen h\u00f6gstes profet\u201d, som \u00e4r en titel hans far, pr\u00e4sten Sakarias, uttalar och som \u00e4r s\u00f6ndagens tema. \u201den soluppg\u00e5ng f\u00f6r dem som \u00e4r i m\u00f6rkret och i d\u00f6dens skugga, och styra v\u00e5ra f\u00f6tter in p\u00e5 fredens v\u00e4g\u201d (Lukas 1:67-79).<\/p>\n<p>P\u00e4r Friberg, pr\u00e4st<\/p>\n<p><a href=\"https:\/\/www.svenskakyrkan.se\/den-helige-johannes-doparens-dag\">L\u00e4s mer om Johannes d\u00f6paren<\/a><\/p>\n<p><a href=\"https:\/\/www.svenskakyrkan.se\/kyrkoarets-bibeltexter?datum=2016-06-26\">L\u00e4s bibeltexterna f\u00f6r Johannes d\u00f6parens dag<\/a><\/p>\n<p><a href=\"https:\/\/www.svenskakyrkan.se\/kyrkoarets-bibeltexter?datum=2016-06-25\">L\u00e4s bibeltexterna f\u00f6r Midsommardagen som har tema Skapelsen<\/a><\/p>\n","protected":false},"excerpt":{"rendered":"<p>Tankar inf\u00f6r Johannes d\u00f6parens dag &#8211; 26 juni Omskakad kommer jag ut i solljuset och f\u00f6rst\u00e5r att det jag varit med om har ber\u00f6rt mig p\u00e5 djupet. Pr\u00e4sten P\u00e4r Friberg ber\u00e4ttar om ett bes\u00f6k i Ein Karem, Johannes d\u00f6parens f\u00f6delseort. Under en resa i det heliga landet bes\u00f6kte jag Ein Karem som bl a \u00e4r [&hellip;]<\/p>\n","protected":false},"author":458,"featured_media":0,"comment_status":"open","ping_status":"open","sticky":false,"template":"","format":"standard","meta":{"_acf_changed":false,"footnotes":""},"categories":[133632],"tags":[],"class_list":["post-76","post","type-post","status-publish","format-standard","hentry","category-den-helige-johannes-doparens-dag"],"acf":[],"yoast_head":"<!-- This site is optimized with the Yoast SEO plugin v27.1.1 - https:\/\/yoast.com\/product\/yoast-seo-wordpress\/ -->\n<title>Den h\u00f6gstes profet - Tankar inf\u00f6r helgen<\/title>\n<meta name=\"robots\" content=\"index, follow, max-snippet:-1, max-image-preview:large, max-video-preview:-1\" \/>\n<link rel=\"canonical\" href=\"https:\/\/blogg.svenskakyrkan.se\/tankarinforhelgen\/2016\/06\/26\/den-hogstes-profet\/\" \/>\n<meta property=\"og:locale\" content=\"sv_SE\" \/>\n<meta property=\"og:type\" content=\"article\" \/>\n<meta property=\"og:title\" content=\"Den h\u00f6gstes profet - Tankar inf\u00f6r helgen\" \/>\n<meta property=\"og:description\" content=\"Tankar inf\u00f6r Johannes d\u00f6parens dag &#8211; 26 juni Omskakad kommer jag ut i solljuset och f\u00f6rst\u00e5r att det jag varit med om har ber\u00f6rt mig p\u00e5 djupet. Pr\u00e4sten P\u00e4r Friberg ber\u00e4ttar om ett bes\u00f6k i Ein Karem, Johannes d\u00f6parens f\u00f6delseort. Under en resa i det heliga landet bes\u00f6kte jag Ein Karem som bl a \u00e4r [&hellip;]\" \/>\n<meta property=\"og:url\" content=\"https:\/\/blogg.svenskakyrkan.se\/tankarinforhelgen\/2016\/06\/26\/den-hogstes-profet\/\" \/>\n<meta property=\"og:site_name\" content=\"Tankar inf\u00f6r helgen\" \/>\n<meta property=\"article:published_time\" content=\"2016-06-26T07:21:09+00:00\" \/>\n<meta property=\"article:modified_time\" content=\"2017-01-03T13:33:26+00:00\" \/>\n<meta property=\"og:image\" content=\"http:\/\/blogg.svenskakyrkan.se\/tankarinforhelgen\/files\/2016\/12\/Duva-Linda-Mickelsson-1024108.jpg\" \/>\n<meta name=\"author\" content=\"Magdalena Wernefeldt\" \/>\n<meta name=\"twitter:card\" content=\"summary_large_image\" \/>\n<meta name=\"twitter:label1\" content=\"Skriven av\" \/>\n\t<meta name=\"twitter:data1\" content=\"Magdalena Wernefeldt\" \/>\n\t<meta name=\"twitter:label2\" content=\"Ber\u00e4knad l\u00e4stid\" \/>\n\t<meta name=\"twitter:data2\" content=\"3 minuter\" \/>\n<script type=\"application\/ld+json\" class=\"yoast-schema-graph\">{\"@context\":\"https:\/\/schema.org\",\"@graph\":[{\"@type\":\"Article\",\"@id\":\"https:\/\/blogg.svenskakyrkan.se\/tankarinforhelgen\/2016\/06\/26\/den-hogstes-profet\/#article\",\"isPartOf\":{\"@id\":\"https:\/\/blogg.svenskakyrkan.se\/tankarinforhelgen\/2016\/06\/26\/den-hogstes-profet\/\"},\"author\":{\"name\":\"Magdalena Wernefeldt\",\"@id\":\"https:\/\/blogg.svenskakyrkan.se\/tankarinforhelgen\/#\/schema\/person\/c19e8a124f507336a7f712f3b02d924b\"},\"headline\":\"Den h\u00f6gstes profet\",\"datePublished\":\"2016-06-26T07:21:09+00:00\",\"dateModified\":\"2017-01-03T13:33:26+00:00\",\"mainEntityOfPage\":{\"@id\":\"https:\/\/blogg.svenskakyrkan.se\/tankarinforhelgen\/2016\/06\/26\/den-hogstes-profet\/\"},\"wordCount\":684,\"commentCount\":0,\"image\":{\"@id\":\"https:\/\/blogg.svenskakyrkan.se\/tankarinforhelgen\/2016\/06\/26\/den-hogstes-profet\/#primaryimage\"},\"thumbnailUrl\":\"http:\/\/blogg.svenskakyrkan.se\/tankarinforhelgen\/files\/2016\/12\/Duva-Linda-Mickelsson-1024108.jpg\",\"articleSection\":[\"Den helige Johannes D\u00f6parens dag\"],\"inLanguage\":\"sv-SE\",\"potentialAction\":[{\"@type\":\"CommentAction\",\"name\":\"Comment\",\"target\":[\"https:\/\/blogg.svenskakyrkan.se\/tankarinforhelgen\/2016\/06\/26\/den-hogstes-profet\/#respond\"]}]},{\"@type\":\"WebPage\",\"@id\":\"https:\/\/blogg.svenskakyrkan.se\/tankarinforhelgen\/2016\/06\/26\/den-hogstes-profet\/\",\"url\":\"https:\/\/blogg.svenskakyrkan.se\/tankarinforhelgen\/2016\/06\/26\/den-hogstes-profet\/\",\"name\":\"Den h\u00f6gstes profet - Tankar inf\u00f6r helgen\",\"isPartOf\":{\"@id\":\"https:\/\/blogg.svenskakyrkan.se\/tankarinforhelgen\/#website\"},\"primaryImageOfPage\":{\"@id\":\"https:\/\/blogg.svenskakyrkan.se\/tankarinforhelgen\/2016\/06\/26\/den-hogstes-profet\/#primaryimage\"},\"image\":{\"@id\":\"https:\/\/blogg.svenskakyrkan.se\/tankarinforhelgen\/2016\/06\/26\/den-hogstes-profet\/#primaryimage\"},\"thumbnailUrl\":\"http:\/\/blogg.svenskakyrkan.se\/tankarinforhelgen\/files\/2016\/12\/Duva-Linda-Mickelsson-1024108.jpg\",\"datePublished\":\"2016-06-26T07:21:09+00:00\",\"dateModified\":\"2017-01-03T13:33:26+00:00\",\"author\":{\"@id\":\"https:\/\/blogg.svenskakyrkan.se\/tankarinforhelgen\/#\/schema\/person\/c19e8a124f507336a7f712f3b02d924b\"},\"breadcrumb\":{\"@id\":\"https:\/\/blogg.svenskakyrkan.se\/tankarinforhelgen\/2016\/06\/26\/den-hogstes-profet\/#breadcrumb\"},\"inLanguage\":\"sv-SE\",\"potentialAction\":[{\"@type\":\"ReadAction\",\"target\":[\"https:\/\/blogg.svenskakyrkan.se\/tankarinforhelgen\/2016\/06\/26\/den-hogstes-profet\/\"]}]},{\"@type\":\"ImageObject\",\"inLanguage\":\"sv-SE\",\"@id\":\"https:\/\/blogg.svenskakyrkan.se\/tankarinforhelgen\/2016\/06\/26\/den-hogstes-profet\/#primaryimage\",\"url\":\"http:\/\/blogg.svenskakyrkan.se\/tankarinforhelgen\/files\/2016\/12\/Duva-Linda-Mickelsson-1024108.jpg\",\"contentUrl\":\"http:\/\/blogg.svenskakyrkan.se\/tankarinforhelgen\/files\/2016\/12\/Duva-Linda-Mickelsson-1024108.jpg\"},{\"@type\":\"BreadcrumbList\",\"@id\":\"https:\/\/blogg.svenskakyrkan.se\/tankarinforhelgen\/2016\/06\/26\/den-hogstes-profet\/#breadcrumb\",\"itemListElement\":[{\"@type\":\"ListItem\",\"position\":1,\"name\":\"Hem\",\"item\":\"https:\/\/blogg.svenskakyrkan.se\/tankarinforhelgen\/\"},{\"@type\":\"ListItem\",\"position\":2,\"name\":\"Den h\u00f6gstes profet\"}]},{\"@type\":\"WebSite\",\"@id\":\"https:\/\/blogg.svenskakyrkan.se\/tankarinforhelgen\/#website\",\"url\":\"https:\/\/blogg.svenskakyrkan.se\/tankarinforhelgen\/\",\"name\":\"Tankar inf\u00f6r helgen\",\"description\":\"Pr\u00e4ster funderar utifr\u00e5n kommande s\u00f6ndags texter\",\"potentialAction\":[{\"@type\":\"SearchAction\",\"target\":{\"@type\":\"EntryPoint\",\"urlTemplate\":\"https:\/\/blogg.svenskakyrkan.se\/tankarinforhelgen\/?s={search_term_string}\"},\"query-input\":{\"@type\":\"PropertyValueSpecification\",\"valueRequired\":true,\"valueName\":\"search_term_string\"}}],\"inLanguage\":\"sv-SE\"},{\"@type\":\"Person\",\"@id\":\"https:\/\/blogg.svenskakyrkan.se\/tankarinforhelgen\/#\/schema\/person\/c19e8a124f507336a7f712f3b02d924b\",\"name\":\"Magdalena Wernefeldt\",\"image\":{\"@type\":\"ImageObject\",\"inLanguage\":\"sv-SE\",\"@id\":\"https:\/\/blogg.svenskakyrkan.se\/tankarinforhelgen\/#\/schema\/person\/image\/\",\"url\":\"https:\/\/secure.gravatar.com\/avatar\/23dab26aed51bdfcff5c1559ea1a5d339f00dac73f3d56d1d8b724c1d9074328?s=96&d=mm&r=g\",\"contentUrl\":\"https:\/\/secure.gravatar.com\/avatar\/23dab26aed51bdfcff5c1559ea1a5d339f00dac73f3d56d1d8b724c1d9074328?s=96&d=mm&r=g\",\"caption\":\"Magdalena Wernefeldt\"},\"url\":\"https:\/\/blogg.svenskakyrkan.se\/tankarinforhelgen\/author\/svkmwt\/\"}]}<\/script>\n<!-- \/ Yoast SEO plugin. -->","yoast_head_json":{"title":"Den h\u00f6gstes profet - Tankar inf\u00f6r helgen","robots":{"index":"index","follow":"follow","max-snippet":"max-snippet:-1","max-image-preview":"max-image-preview:large","max-video-preview":"max-video-preview:-1"},"canonical":"https:\/\/blogg.svenskakyrkan.se\/tankarinforhelgen\/2016\/06\/26\/den-hogstes-profet\/","og_locale":"sv_SE","og_type":"article","og_title":"Den h\u00f6gstes profet - Tankar inf\u00f6r helgen","og_description":"Tankar inf\u00f6r Johannes d\u00f6parens dag &#8211; 26 juni Omskakad kommer jag ut i solljuset och f\u00f6rst\u00e5r att det jag varit med om har ber\u00f6rt mig p\u00e5 djupet. Pr\u00e4sten P\u00e4r Friberg ber\u00e4ttar om ett bes\u00f6k i Ein Karem, Johannes d\u00f6parens f\u00f6delseort. Under en resa i det heliga landet bes\u00f6kte jag Ein Karem som bl a \u00e4r [&hellip;]","og_url":"https:\/\/blogg.svenskakyrkan.se\/tankarinforhelgen\/2016\/06\/26\/den-hogstes-profet\/","og_site_name":"Tankar inf\u00f6r helgen","article_published_time":"2016-06-26T07:21:09+00:00","article_modified_time":"2017-01-03T13:33:26+00:00","og_image":[{"url":"http:\/\/blogg.svenskakyrkan.se\/tankarinforhelgen\/files\/2016\/12\/Duva-Linda-Mickelsson-1024108.jpg","type":"","width":"","height":""}],"author":"Magdalena Wernefeldt","twitter_card":"summary_large_image","twitter_misc":{"Skriven av":"Magdalena Wernefeldt","Ber\u00e4knad l\u00e4stid":"3 minuter"},"schema":{"@context":"https:\/\/schema.org","@graph":[{"@type":"Article","@id":"https:\/\/blogg.svenskakyrkan.se\/tankarinforhelgen\/2016\/06\/26\/den-hogstes-profet\/#article","isPartOf":{"@id":"https:\/\/blogg.svenskakyrkan.se\/tankarinforhelgen\/2016\/06\/26\/den-hogstes-profet\/"},"author":{"name":"Magdalena Wernefeldt","@id":"https:\/\/blogg.svenskakyrkan.se\/tankarinforhelgen\/#\/schema\/person\/c19e8a124f507336a7f712f3b02d924b"},"headline":"Den h\u00f6gstes profet","datePublished":"2016-06-26T07:21:09+00:00","dateModified":"2017-01-03T13:33:26+00:00","mainEntityOfPage":{"@id":"https:\/\/blogg.svenskakyrkan.se\/tankarinforhelgen\/2016\/06\/26\/den-hogstes-profet\/"},"wordCount":684,"commentCount":0,"image":{"@id":"https:\/\/blogg.svenskakyrkan.se\/tankarinforhelgen\/2016\/06\/26\/den-hogstes-profet\/#primaryimage"},"thumbnailUrl":"http:\/\/blogg.svenskakyrkan.se\/tankarinforhelgen\/files\/2016\/12\/Duva-Linda-Mickelsson-1024108.jpg","articleSection":["Den helige Johannes D\u00f6parens dag"],"inLanguage":"sv-SE","potentialAction":[{"@type":"CommentAction","name":"Comment","target":["https:\/\/blogg.svenskakyrkan.se\/tankarinforhelgen\/2016\/06\/26\/den-hogstes-profet\/#respond"]}]},{"@type":"WebPage","@id":"https:\/\/blogg.svenskakyrkan.se\/tankarinforhelgen\/2016\/06\/26\/den-hogstes-profet\/","url":"https:\/\/blogg.svenskakyrkan.se\/tankarinforhelgen\/2016\/06\/26\/den-hogstes-profet\/","name":"Den h\u00f6gstes profet - Tankar inf\u00f6r helgen","isPartOf":{"@id":"https:\/\/blogg.svenskakyrkan.se\/tankarinforhelgen\/#website"},"primaryImageOfPage":{"@id":"https:\/\/blogg.svenskakyrkan.se\/tankarinforhelgen\/2016\/06\/26\/den-hogstes-profet\/#primaryimage"},"image":{"@id":"https:\/\/blogg.svenskakyrkan.se\/tankarinforhelgen\/2016\/06\/26\/den-hogstes-profet\/#primaryimage"},"thumbnailUrl":"http:\/\/blogg.svenskakyrkan.se\/tankarinforhelgen\/files\/2016\/12\/Duva-Linda-Mickelsson-1024108.jpg","datePublished":"2016-06-26T07:21:09+00:00","dateModified":"2017-01-03T13:33:26+00:00","author":{"@id":"https:\/\/blogg.svenskakyrkan.se\/tankarinforhelgen\/#\/schema\/person\/c19e8a124f507336a7f712f3b02d924b"},"breadcrumb":{"@id":"https:\/\/blogg.svenskakyrkan.se\/tankarinforhelgen\/2016\/06\/26\/den-hogstes-profet\/#breadcrumb"},"inLanguage":"sv-SE","potentialAction":[{"@type":"ReadAction","target":["https:\/\/blogg.svenskakyrkan.se\/tankarinforhelgen\/2016\/06\/26\/den-hogstes-profet\/"]}]},{"@type":"ImageObject","inLanguage":"sv-SE","@id":"https:\/\/blogg.svenskakyrkan.se\/tankarinforhelgen\/2016\/06\/26\/den-hogstes-profet\/#primaryimage","url":"http:\/\/blogg.svenskakyrkan.se\/tankarinforhelgen\/files\/2016\/12\/Duva-Linda-Mickelsson-1024108.jpg","contentUrl":"http:\/\/blogg.svenskakyrkan.se\/tankarinforhelgen\/files\/2016\/12\/Duva-Linda-Mickelsson-1024108.jpg"},{"@type":"BreadcrumbList","@id":"https:\/\/blogg.svenskakyrkan.se\/tankarinforhelgen\/2016\/06\/26\/den-hogstes-profet\/#breadcrumb","itemListElement":[{"@type":"ListItem","position":1,"name":"Hem","item":"https:\/\/blogg.svenskakyrkan.se\/tankarinforhelgen\/"},{"@type":"ListItem","position":2,"name":"Den h\u00f6gstes profet"}]},{"@type":"WebSite","@id":"https:\/\/blogg.svenskakyrkan.se\/tankarinforhelgen\/#website","url":"https:\/\/blogg.svenskakyrkan.se\/tankarinforhelgen\/","name":"Tankar inf\u00f6r helgen","description":"Pr\u00e4ster funderar utifr\u00e5n kommande s\u00f6ndags texter","potentialAction":[{"@type":"SearchAction","target":{"@type":"EntryPoint","urlTemplate":"https:\/\/blogg.svenskakyrkan.se\/tankarinforhelgen\/?s={search_term_string}"},"query-input":{"@type":"PropertyValueSpecification","valueRequired":true,"valueName":"search_term_string"}}],"inLanguage":"sv-SE"},{"@type":"Person","@id":"https:\/\/blogg.svenskakyrkan.se\/tankarinforhelgen\/#\/schema\/person\/c19e8a124f507336a7f712f3b02d924b","name":"Magdalena Wernefeldt","image":{"@type":"ImageObject","inLanguage":"sv-SE","@id":"https:\/\/blogg.svenskakyrkan.se\/tankarinforhelgen\/#\/schema\/person\/image\/","url":"https:\/\/secure.gravatar.com\/avatar\/23dab26aed51bdfcff5c1559ea1a5d339f00dac73f3d56d1d8b724c1d9074328?s=96&d=mm&r=g","contentUrl":"https:\/\/secure.gravatar.com\/avatar\/23dab26aed51bdfcff5c1559ea1a5d339f00dac73f3d56d1d8b724c1d9074328?s=96&d=mm&r=g","caption":"Magdalena Wernefeldt"},"url":"https:\/\/blogg.svenskakyrkan.se\/tankarinforhelgen\/author\/svkmwt\/"}]}},"author_meta":{"ID":"458","user_nicename":"svkmwt","user_registered":"2014-10-14 11:18:34","display_name":"Magdalena Wernefeldt","first_name":"Magdalena","last_name":"Wernefeldt","avatar":"https:\/\/secure.gravatar.com\/avatar\/23dab26aed51bdfcff5c1559ea1a5d339f00dac73f3d56d1d8b724c1d9074328?s=96&d=mm&r=g"},"featured_image":false,"bloginfo":{"name":"Tankar inf\u00f6r helgen","url":"https:\/\/blogg.svenskakyrkan.se\/tankarinforhelgen"},"_links":{"self":[{"href":"https:\/\/blogg.svenskakyrkan.se\/tankarinforhelgen\/wp-json\/wp\/v2\/posts\/76","targetHints":{"allow":["GET"]}}],"collection":[{"href":"https:\/\/blogg.svenskakyrkan.se\/tankarinforhelgen\/wp-json\/wp\/v2\/posts"}],"about":[{"href":"https:\/\/blogg.svenskakyrkan.se\/tankarinforhelgen\/wp-json\/wp\/v2\/types\/post"}],"author":[{"embeddable":true,"href":"https:\/\/blogg.svenskakyrkan.se\/tankarinforhelgen\/wp-json\/wp\/v2\/users\/458"}],"replies":[{"embeddable":true,"href":"https:\/\/blogg.svenskakyrkan.se\/tankarinforhelgen\/wp-json\/wp\/v2\/comments?post=76"}],"version-history":[{"count":2,"href":"https:\/\/blogg.svenskakyrkan.se\/tankarinforhelgen\/wp-json\/wp\/v2\/posts\/76\/revisions"}],"predecessor-version":[{"id":124,"href":"https:\/\/blogg.svenskakyrkan.se\/tankarinforhelgen\/wp-json\/wp\/v2\/posts\/76\/revisions\/124"}],"wp:attachment":[{"href":"https:\/\/blogg.svenskakyrkan.se\/tankarinforhelgen\/wp-json\/wp\/v2\/media?parent=76"}],"wp:term":[{"taxonomy":"category","embeddable":true,"href":"https:\/\/blogg.svenskakyrkan.se\/tankarinforhelgen\/wp-json\/wp\/v2\/categories?post=76"},{"taxonomy":"post_tag","embeddable":true,"href":"https:\/\/blogg.svenskakyrkan.se\/tankarinforhelgen\/wp-json\/wp\/v2\/tags?post=76"}],"curies":[{"name":"wp","href":"https:\/\/api.w.org\/{rel}","templated":true}]}}