{"id":79,"date":"2016-07-03T09:44:12","date_gmt":"2016-07-03T07:44:12","guid":{"rendered":"http:\/\/blogg.svenskakyrkan.se\/tankarinforhelgen\/?p=79"},"modified":"2017-01-03T14:33:03","modified_gmt":"2017-01-03T13:33:03","slug":"en-honsmammas-vishet","status":"publish","type":"post","link":"https:\/\/blogg.svenskakyrkan.se\/tankarinforhelgen\/2016\/07\/03\/en-honsmammas-vishet\/","title":{"rendered":"En h\u00f6nsmammas vishet"},"content":{"rendered":"<p><a href=\"http:\/\/blogg.svenskakyrkan.se\/tankarinforhelgen\/files\/2016\/12\/ho\u0308nsmamma.jpg\"><img loading=\"lazy\" decoding=\"async\" class=\"alignnone size-full wp-image-80\" src=\"http:\/\/blogg.svenskakyrkan.se\/tankarinforhelgen\/files\/2016\/12\/ho\u0308nsmamma.jpg\" alt=\"ho%cc%88nsmamma\" width=\"924\" height=\"615\" srcset=\"https:\/\/blogg.svenskakyrkan.se\/tankarinforhelgen\/files\/2016\/12\/ho\u0308nsmamma.jpg 924w, https:\/\/blogg.svenskakyrkan.se\/tankarinforhelgen\/files\/2016\/12\/ho\u0308nsmamma-300x200.jpg 300w, https:\/\/blogg.svenskakyrkan.se\/tankarinforhelgen\/files\/2016\/12\/ho\u0308nsmamma-451x300.jpg 451w\" sizes=\"auto, (max-width: 924px) 100vw, 924px\" \/><\/a><\/p>\n<p><em>Hj\u00e4lp de som \u00e4r svaga, st\u00e4rk de som \u00e4r r\u00e4dda, skydda de som \u00e4r sm\u00e5. Och l\u00e5t de som s\u00e5 beh\u00f6ver l\u00f6pa amok ibland. L\u00e4s pr\u00e4sten Charlotte Frycklunds tankar inf\u00f6r helgen, den 3 juli.<\/em><\/p>\n<p>Gud samlar, st\u00e5r det i Bibeln,<br \/>\nOss under sina vingar<br \/>\nSom en h\u00f6na samlar sina kycklingar.<\/p>\n<p>S\u00e5 Gud \u00e4r en h\u00f6nsmamma<br \/>\nSom \u00e4lskar sina kycklingar<br \/>\nSom oroligt pysslar om sin lilla flock<br \/>\nSom v\u00e4rnar och vaktar och r\u00e4knar in<br \/>\nSom sprider sina vingar och l\u00e5ter sina sm\u00e5 kycklingar<br \/>\nVila tryggt, vila varmt, vila lugnt.<\/p>\n<p>Och vi kan tryggt f\u00f6lja Gud,<br \/>\nSom kycklingar p\u00e5 ett led efter sin mamma,<br \/>\nS\u00e4kra p\u00e5 att vi \u00e4r r\u00e4knade, skyddade, \u00e4lskade.<\/p>\n<p>Men i varje kull finns hon<br \/>\nDen d\u00e4r lilla kycklingen<br \/>\nSom hellre sitter p\u00e5 mammans rygg<br \/>\nEller kl\u00e4ttrar p\u00e5 v\u00e4ggarna<br \/>\nEller utforskar takstolarna<br \/>\nEller vad som helst egentligen<br \/>\nF\u00f6rutom det som de andra kycklingarna g\u00f6r.<\/p>\n<p>F\u00f6r den d\u00e4r lilla kycklingen<br \/>\nSom hellre sitter p\u00e5 mammans rygg<br \/>\nHon m\u00e5ste g\u00f6ra allting p\u00e5 sitt s\u00e4tt.<br \/>\nDet bara \u00e4r s\u00e5. Det har varit s\u00e5<br \/>\nAlltsedan hon l\u00e4mnade sitt \u00e4gg.<br \/>\nF\u00f6r det \u00e4r s\u00e5 hon funkar.<\/p>\n<p>Och kanske undrar inte h\u00f6nsmamman varf\u00f6r,<br \/>\nF\u00f6r jag tror faktiskt inte att h\u00f6ns funderar s\u00e5 mycket.<br \/>\nHon vet bara att i just hennes kull finns<br \/>\nDen d\u00e4r lilla kycklingen<br \/>\nSom skiljer sig fr\u00e5n m\u00e4ngden,<br \/>\nSom f\u00f6redrar \u00e4ventyr framf\u00f6r lugn<br \/>\nFrihet framf\u00f6r trygghet<br \/>\nKaos framf\u00f6r ro.<\/p>\n<p>F\u00f6r det \u00e4r s\u00e5nt som mammor bara vet<br \/>\nAtt den h\u00e4r kycklingen ska skapa sin egen dramatik:<br \/>\nG\u00e5 sin egen v\u00e4g, hitta sitt eget rike, prata sitt eget spr\u00e5k.<br \/>\nDen h\u00e4r lilla kycklingen kommer att rymma \u00f6ver staketet<br \/>\n(Inte en g\u00e5ng, utan m\u00e5nga),<br \/>\nSt\u00e4ndigt s\u00f6ka det gr\u00f6nare gr\u00e4set p\u00e5 andra sidan,<br \/>\nH\u00e4lsa varje soluppg\u00e5ng och jaga varje regnb\u00e5ge.<\/p>\n<p>Men \u00e4ven \u00e4ventyrarna bland kycklingar<br \/>\nBeh\u00f6ver sina h\u00f6nsmammor,<br \/>\nKanske inte s\u00e5 mycket f\u00f6r att vila hos dem<br \/>\nUtan hellre, mycket hellre, st\u00e5 p\u00e5 deras axlar<br \/>\nF\u00f6r att prova att se v\u00e4rlden ur det perspektivet.<\/p>\n<p>Och detta \u00e4r h\u00f6nsmammans gudagivna vishet:<br \/>\nHj\u00e4lp de som \u00e4r svaga, st\u00e4rk de som \u00e4r r\u00e4dda, skydda de som \u00e4r sm\u00e5.<br \/>\nOch l\u00e5t de som s\u00e5 beh\u00f6ver l\u00f6pa amok ibland.<\/p>\n<p>Och det \u00e4r mycket jag inte vet om h\u00f6ns<br \/>\nOch \u00e4nnu mer jag inte vet om Gud<br \/>\nMen kanske t\u00e4nker \u00e4nd\u00e5 denna mamma h\u00f6na:<br \/>\n&#8221;Jaja, hon \u00e4r som hon \u00e4r, hon g\u00f6r som hon g\u00f6r.<br \/>\nHon har sina vingar. Hon m\u00e5ste f\u00e5 prova dem.&#8221;<\/p>\n<p>Och jag tycker nog \u00e4nd\u00e5,<br \/>\nfast det \u00e4r mycket sv\u00e5rt att se s\u00e5dant p\u00e5 h\u00f6ns,<br \/>\natt hon ler, den d\u00e4r mamman.<\/p>\n<p>Och s\u00e5 samlar hon de sm\u00e5kycklingar som vill vila under vingarna<br \/>\nOch t\u00e4nker, lite som Gud, tror jag,<br \/>\nAtt de d\u00e4r kycklingarna som m\u00e5ste kl\u00e4ttra p\u00e5 v\u00e4ggarna<br \/>\nOch takstolarna<br \/>\nOch mammors ryggar<br \/>\nDe som inte vill bo i vingarnas skugga<br \/>\nDe bor \u00e4nd\u00e5 tryggt<br \/>\nI mammans hj\u00e4rta.<\/p>\n<p>S\u00e5 t\u00e4nker hon, tror jag,<br \/>\nOch jag dristar mig till att tro att Gud t\u00e4nker s\u00e5 ocks\u00e5,<br \/>\nN\u00e4r Gud diskret str\u00e4cker ut sina vingar<br \/>\nOch hj\u00e4lper mig upp till den \u00e4nnu h\u00f6gre takstolen<br \/>\nSom jag i hemlighet efterstr\u00e4vat ganska l\u00e4nge nu.<\/p>\n<p>Och mamma h\u00f6na och Gud<br \/>\nUtbyter den sortens blick<br \/>\nSom mammor utbyter:<br \/>\nTr\u00f6tt, k\u00e4rleksfull och o\u00e4ndligt t\u00e5lmodig.<\/p>\n<p>&nbsp;<\/p>\n<p><em>Charlotte Frycklund, Pr\u00e4st<\/em><\/p>\n","protected":false},"excerpt":{"rendered":"<p>Hj\u00e4lp de som \u00e4r svaga, st\u00e4rk de som \u00e4r r\u00e4dda, skydda de som \u00e4r sm\u00e5. Och l\u00e5t de som s\u00e5 beh\u00f6ver l\u00f6pa amok ibland. L\u00e4s pr\u00e4sten Charlotte Frycklunds tankar inf\u00f6r helgen, den 3 juli. Gud samlar, st\u00e5r det i Bibeln, Oss under sina vingar Som en h\u00f6na samlar sina kycklingar. S\u00e5 Gud \u00e4r en h\u00f6nsmamma [&hellip;]<\/p>\n","protected":false},"author":458,"featured_media":0,"comment_status":"open","ping_status":"open","sticky":false,"template":"","format":"standard","meta":{"_acf_changed":false,"footnotes":""},"categories":[133530],"tags":[],"class_list":["post-79","post","type-post","status-publish","format-standard","hentry","category-6e-sondagen-efter-trefaldighet"],"acf":[],"yoast_head":"<!-- This site is optimized with the Yoast SEO plugin v27.1.1 - https:\/\/yoast.com\/product\/yoast-seo-wordpress\/ -->\n<title>En h\u00f6nsmammas vishet - Tankar inf\u00f6r helgen<\/title>\n<meta name=\"robots\" content=\"index, follow, max-snippet:-1, max-image-preview:large, max-video-preview:-1\" \/>\n<link rel=\"canonical\" href=\"https:\/\/blogg.svenskakyrkan.se\/tankarinforhelgen\/2016\/07\/03\/en-honsmammas-vishet\/\" \/>\n<meta property=\"og:locale\" content=\"sv_SE\" \/>\n<meta property=\"og:type\" content=\"article\" \/>\n<meta property=\"og:title\" content=\"En h\u00f6nsmammas vishet - Tankar inf\u00f6r helgen\" \/>\n<meta property=\"og:description\" content=\"Hj\u00e4lp de som \u00e4r svaga, st\u00e4rk de som \u00e4r r\u00e4dda, skydda de som \u00e4r sm\u00e5. Och l\u00e5t de som s\u00e5 beh\u00f6ver l\u00f6pa amok ibland. L\u00e4s pr\u00e4sten Charlotte Frycklunds tankar inf\u00f6r helgen, den 3 juli. Gud samlar, st\u00e5r det i Bibeln, Oss under sina vingar Som en h\u00f6na samlar sina kycklingar. S\u00e5 Gud \u00e4r en h\u00f6nsmamma [&hellip;]\" \/>\n<meta property=\"og:url\" content=\"https:\/\/blogg.svenskakyrkan.se\/tankarinforhelgen\/2016\/07\/03\/en-honsmammas-vishet\/\" \/>\n<meta property=\"og:site_name\" content=\"Tankar inf\u00f6r helgen\" \/>\n<meta property=\"article:published_time\" content=\"2016-07-03T07:44:12+00:00\" \/>\n<meta property=\"article:modified_time\" content=\"2017-01-03T13:33:03+00:00\" \/>\n<meta name=\"author\" content=\"Magdalena Wernefeldt\" \/>\n<meta name=\"twitter:card\" content=\"summary_large_image\" \/>\n<meta name=\"twitter:label1\" content=\"Skriven av\" \/>\n\t<meta name=\"twitter:data1\" content=\"Magdalena Wernefeldt\" \/>\n\t<meta name=\"twitter:label2\" content=\"Ber\u00e4knad l\u00e4stid\" \/>\n\t<meta name=\"twitter:data2\" content=\"3 minuter\" \/>\n<script type=\"application\/ld+json\" class=\"yoast-schema-graph\">{\"@context\":\"https:\/\/schema.org\",\"@graph\":[{\"@type\":\"Article\",\"@id\":\"https:\/\/blogg.svenskakyrkan.se\/tankarinforhelgen\/2016\/07\/03\/en-honsmammas-vishet\/#article\",\"isPartOf\":{\"@id\":\"https:\/\/blogg.svenskakyrkan.se\/tankarinforhelgen\/2016\/07\/03\/en-honsmammas-vishet\/\"},\"author\":{\"name\":\"Magdalena Wernefeldt\",\"@id\":\"https:\/\/blogg.svenskakyrkan.se\/tankarinforhelgen\/#\/schema\/person\/c19e8a124f507336a7f712f3b02d924b\"},\"headline\":\"En h\u00f6nsmammas vishet\",\"datePublished\":\"2016-07-03T07:44:12+00:00\",\"dateModified\":\"2017-01-03T13:33:03+00:00\",\"mainEntityOfPage\":{\"@id\":\"https:\/\/blogg.svenskakyrkan.se\/tankarinforhelgen\/2016\/07\/03\/en-honsmammas-vishet\/\"},\"wordCount\":625,\"commentCount\":0,\"articleSection\":[\"6:e s\u00f6ndagen efter trefaldighet\"],\"inLanguage\":\"sv-SE\",\"potentialAction\":[{\"@type\":\"CommentAction\",\"name\":\"Comment\",\"target\":[\"https:\/\/blogg.svenskakyrkan.se\/tankarinforhelgen\/2016\/07\/03\/en-honsmammas-vishet\/#respond\"]}]},{\"@type\":\"WebPage\",\"@id\":\"https:\/\/blogg.svenskakyrkan.se\/tankarinforhelgen\/2016\/07\/03\/en-honsmammas-vishet\/\",\"url\":\"https:\/\/blogg.svenskakyrkan.se\/tankarinforhelgen\/2016\/07\/03\/en-honsmammas-vishet\/\",\"name\":\"En h\u00f6nsmammas vishet - Tankar inf\u00f6r helgen\",\"isPartOf\":{\"@id\":\"https:\/\/blogg.svenskakyrkan.se\/tankarinforhelgen\/#website\"},\"datePublished\":\"2016-07-03T07:44:12+00:00\",\"dateModified\":\"2017-01-03T13:33:03+00:00\",\"author\":{\"@id\":\"https:\/\/blogg.svenskakyrkan.se\/tankarinforhelgen\/#\/schema\/person\/c19e8a124f507336a7f712f3b02d924b\"},\"breadcrumb\":{\"@id\":\"https:\/\/blogg.svenskakyrkan.se\/tankarinforhelgen\/2016\/07\/03\/en-honsmammas-vishet\/#breadcrumb\"},\"inLanguage\":\"sv-SE\",\"potentialAction\":[{\"@type\":\"ReadAction\",\"target\":[\"https:\/\/blogg.svenskakyrkan.se\/tankarinforhelgen\/2016\/07\/03\/en-honsmammas-vishet\/\"]}]},{\"@type\":\"BreadcrumbList\",\"@id\":\"https:\/\/blogg.svenskakyrkan.se\/tankarinforhelgen\/2016\/07\/03\/en-honsmammas-vishet\/#breadcrumb\",\"itemListElement\":[{\"@type\":\"ListItem\",\"position\":1,\"name\":\"Hem\",\"item\":\"https:\/\/blogg.svenskakyrkan.se\/tankarinforhelgen\/\"},{\"@type\":\"ListItem\",\"position\":2,\"name\":\"En h\u00f6nsmammas vishet\"}]},{\"@type\":\"WebSite\",\"@id\":\"https:\/\/blogg.svenskakyrkan.se\/tankarinforhelgen\/#website\",\"url\":\"https:\/\/blogg.svenskakyrkan.se\/tankarinforhelgen\/\",\"name\":\"Tankar inf\u00f6r helgen\",\"description\":\"Pr\u00e4ster funderar utifr\u00e5n kommande s\u00f6ndags texter\",\"potentialAction\":[{\"@type\":\"SearchAction\",\"target\":{\"@type\":\"EntryPoint\",\"urlTemplate\":\"https:\/\/blogg.svenskakyrkan.se\/tankarinforhelgen\/?s={search_term_string}\"},\"query-input\":{\"@type\":\"PropertyValueSpecification\",\"valueRequired\":true,\"valueName\":\"search_term_string\"}}],\"inLanguage\":\"sv-SE\"},{\"@type\":\"Person\",\"@id\":\"https:\/\/blogg.svenskakyrkan.se\/tankarinforhelgen\/#\/schema\/person\/c19e8a124f507336a7f712f3b02d924b\",\"name\":\"Magdalena Wernefeldt\",\"image\":{\"@type\":\"ImageObject\",\"inLanguage\":\"sv-SE\",\"@id\":\"https:\/\/blogg.svenskakyrkan.se\/tankarinforhelgen\/#\/schema\/person\/image\/\",\"url\":\"https:\/\/secure.gravatar.com\/avatar\/23dab26aed51bdfcff5c1559ea1a5d339f00dac73f3d56d1d8b724c1d9074328?s=96&d=mm&r=g\",\"contentUrl\":\"https:\/\/secure.gravatar.com\/avatar\/23dab26aed51bdfcff5c1559ea1a5d339f00dac73f3d56d1d8b724c1d9074328?s=96&d=mm&r=g\",\"caption\":\"Magdalena Wernefeldt\"},\"url\":\"https:\/\/blogg.svenskakyrkan.se\/tankarinforhelgen\/author\/svkmwt\/\"}]}<\/script>\n<!-- \/ Yoast SEO plugin. -->","yoast_head_json":{"title":"En h\u00f6nsmammas vishet - Tankar inf\u00f6r helgen","robots":{"index":"index","follow":"follow","max-snippet":"max-snippet:-1","max-image-preview":"max-image-preview:large","max-video-preview":"max-video-preview:-1"},"canonical":"https:\/\/blogg.svenskakyrkan.se\/tankarinforhelgen\/2016\/07\/03\/en-honsmammas-vishet\/","og_locale":"sv_SE","og_type":"article","og_title":"En h\u00f6nsmammas vishet - Tankar inf\u00f6r helgen","og_description":"Hj\u00e4lp de som \u00e4r svaga, st\u00e4rk de som \u00e4r r\u00e4dda, skydda de som \u00e4r sm\u00e5. Och l\u00e5t de som s\u00e5 beh\u00f6ver l\u00f6pa amok ibland. L\u00e4s pr\u00e4sten Charlotte Frycklunds tankar inf\u00f6r helgen, den 3 juli. Gud samlar, st\u00e5r det i Bibeln, Oss under sina vingar Som en h\u00f6na samlar sina kycklingar. S\u00e5 Gud \u00e4r en h\u00f6nsmamma [&hellip;]","og_url":"https:\/\/blogg.svenskakyrkan.se\/tankarinforhelgen\/2016\/07\/03\/en-honsmammas-vishet\/","og_site_name":"Tankar inf\u00f6r helgen","article_published_time":"2016-07-03T07:44:12+00:00","article_modified_time":"2017-01-03T13:33:03+00:00","author":"Magdalena Wernefeldt","twitter_card":"summary_large_image","twitter_misc":{"Skriven av":"Magdalena Wernefeldt","Ber\u00e4knad l\u00e4stid":"3 minuter"},"schema":{"@context":"https:\/\/schema.org","@graph":[{"@type":"Article","@id":"https:\/\/blogg.svenskakyrkan.se\/tankarinforhelgen\/2016\/07\/03\/en-honsmammas-vishet\/#article","isPartOf":{"@id":"https:\/\/blogg.svenskakyrkan.se\/tankarinforhelgen\/2016\/07\/03\/en-honsmammas-vishet\/"},"author":{"name":"Magdalena Wernefeldt","@id":"https:\/\/blogg.svenskakyrkan.se\/tankarinforhelgen\/#\/schema\/person\/c19e8a124f507336a7f712f3b02d924b"},"headline":"En h\u00f6nsmammas vishet","datePublished":"2016-07-03T07:44:12+00:00","dateModified":"2017-01-03T13:33:03+00:00","mainEntityOfPage":{"@id":"https:\/\/blogg.svenskakyrkan.se\/tankarinforhelgen\/2016\/07\/03\/en-honsmammas-vishet\/"},"wordCount":625,"commentCount":0,"articleSection":["6:e s\u00f6ndagen efter trefaldighet"],"inLanguage":"sv-SE","potentialAction":[{"@type":"CommentAction","name":"Comment","target":["https:\/\/blogg.svenskakyrkan.se\/tankarinforhelgen\/2016\/07\/03\/en-honsmammas-vishet\/#respond"]}]},{"@type":"WebPage","@id":"https:\/\/blogg.svenskakyrkan.se\/tankarinforhelgen\/2016\/07\/03\/en-honsmammas-vishet\/","url":"https:\/\/blogg.svenskakyrkan.se\/tankarinforhelgen\/2016\/07\/03\/en-honsmammas-vishet\/","name":"En h\u00f6nsmammas vishet - Tankar inf\u00f6r helgen","isPartOf":{"@id":"https:\/\/blogg.svenskakyrkan.se\/tankarinforhelgen\/#website"},"datePublished":"2016-07-03T07:44:12+00:00","dateModified":"2017-01-03T13:33:03+00:00","author":{"@id":"https:\/\/blogg.svenskakyrkan.se\/tankarinforhelgen\/#\/schema\/person\/c19e8a124f507336a7f712f3b02d924b"},"breadcrumb":{"@id":"https:\/\/blogg.svenskakyrkan.se\/tankarinforhelgen\/2016\/07\/03\/en-honsmammas-vishet\/#breadcrumb"},"inLanguage":"sv-SE","potentialAction":[{"@type":"ReadAction","target":["https:\/\/blogg.svenskakyrkan.se\/tankarinforhelgen\/2016\/07\/03\/en-honsmammas-vishet\/"]}]},{"@type":"BreadcrumbList","@id":"https:\/\/blogg.svenskakyrkan.se\/tankarinforhelgen\/2016\/07\/03\/en-honsmammas-vishet\/#breadcrumb","itemListElement":[{"@type":"ListItem","position":1,"name":"Hem","item":"https:\/\/blogg.svenskakyrkan.se\/tankarinforhelgen\/"},{"@type":"ListItem","position":2,"name":"En h\u00f6nsmammas vishet"}]},{"@type":"WebSite","@id":"https:\/\/blogg.svenskakyrkan.se\/tankarinforhelgen\/#website","url":"https:\/\/blogg.svenskakyrkan.se\/tankarinforhelgen\/","name":"Tankar inf\u00f6r helgen","description":"Pr\u00e4ster funderar utifr\u00e5n kommande s\u00f6ndags texter","potentialAction":[{"@type":"SearchAction","target":{"@type":"EntryPoint","urlTemplate":"https:\/\/blogg.svenskakyrkan.se\/tankarinforhelgen\/?s={search_term_string}"},"query-input":{"@type":"PropertyValueSpecification","valueRequired":true,"valueName":"search_term_string"}}],"inLanguage":"sv-SE"},{"@type":"Person","@id":"https:\/\/blogg.svenskakyrkan.se\/tankarinforhelgen\/#\/schema\/person\/c19e8a124f507336a7f712f3b02d924b","name":"Magdalena Wernefeldt","image":{"@type":"ImageObject","inLanguage":"sv-SE","@id":"https:\/\/blogg.svenskakyrkan.se\/tankarinforhelgen\/#\/schema\/person\/image\/","url":"https:\/\/secure.gravatar.com\/avatar\/23dab26aed51bdfcff5c1559ea1a5d339f00dac73f3d56d1d8b724c1d9074328?s=96&d=mm&r=g","contentUrl":"https:\/\/secure.gravatar.com\/avatar\/23dab26aed51bdfcff5c1559ea1a5d339f00dac73f3d56d1d8b724c1d9074328?s=96&d=mm&r=g","caption":"Magdalena Wernefeldt"},"url":"https:\/\/blogg.svenskakyrkan.se\/tankarinforhelgen\/author\/svkmwt\/"}]}},"author_meta":{"ID":"458","user_nicename":"svkmwt","user_registered":"2014-10-14 11:18:34","display_name":"Magdalena Wernefeldt","first_name":"Magdalena","last_name":"Wernefeldt","avatar":"https:\/\/secure.gravatar.com\/avatar\/23dab26aed51bdfcff5c1559ea1a5d339f00dac73f3d56d1d8b724c1d9074328?s=96&d=mm&r=g"},"featured_image":false,"bloginfo":{"name":"Tankar inf\u00f6r helgen","url":"https:\/\/blogg.svenskakyrkan.se\/tankarinforhelgen"},"_links":{"self":[{"href":"https:\/\/blogg.svenskakyrkan.se\/tankarinforhelgen\/wp-json\/wp\/v2\/posts\/79","targetHints":{"allow":["GET"]}}],"collection":[{"href":"https:\/\/blogg.svenskakyrkan.se\/tankarinforhelgen\/wp-json\/wp\/v2\/posts"}],"about":[{"href":"https:\/\/blogg.svenskakyrkan.se\/tankarinforhelgen\/wp-json\/wp\/v2\/types\/post"}],"author":[{"embeddable":true,"href":"https:\/\/blogg.svenskakyrkan.se\/tankarinforhelgen\/wp-json\/wp\/v2\/users\/458"}],"replies":[{"embeddable":true,"href":"https:\/\/blogg.svenskakyrkan.se\/tankarinforhelgen\/wp-json\/wp\/v2\/comments?post=79"}],"version-history":[{"count":2,"href":"https:\/\/blogg.svenskakyrkan.se\/tankarinforhelgen\/wp-json\/wp\/v2\/posts\/79\/revisions"}],"predecessor-version":[{"id":125,"href":"https:\/\/blogg.svenskakyrkan.se\/tankarinforhelgen\/wp-json\/wp\/v2\/posts\/79\/revisions\/125"}],"wp:attachment":[{"href":"https:\/\/blogg.svenskakyrkan.se\/tankarinforhelgen\/wp-json\/wp\/v2\/media?parent=79"}],"wp:term":[{"taxonomy":"category","embeddable":true,"href":"https:\/\/blogg.svenskakyrkan.se\/tankarinforhelgen\/wp-json\/wp\/v2\/categories?post=79"},{"taxonomy":"post_tag","embeddable":true,"href":"https:\/\/blogg.svenskakyrkan.se\/tankarinforhelgen\/wp-json\/wp\/v2\/tags?post=79"}],"curies":[{"name":"wp","href":"https:\/\/api.w.org\/{rel}","templated":true}]}}