{"id":88,"date":"2016-07-17T09:55:45","date_gmt":"2016-07-17T07:55:45","guid":{"rendered":"http:\/\/blogg.svenskakyrkan.se\/tankarinforhelgen\/?p=88"},"modified":"2017-04-07T13:11:38","modified_gmt":"2017-04-07T11:11:38","slug":"att-bygga-pa-fast-mark","status":"publish","type":"post","link":"https:\/\/blogg.svenskakyrkan.se\/tankarinforhelgen\/2016\/07\/17\/att-bygga-pa-fast-mark\/","title":{"rendered":"Att bygga p\u00e5 fast mark"},"content":{"rendered":"<p><a href=\"http:\/\/blogg.svenskakyrkan.se\/tankarinforhelgen\/files\/2016\/12\/IMG_0220-Leitchuor-Beskuren-1.jpg\"><img loading=\"lazy\" decoding=\"async\" class=\"alignnone size-full wp-image-87\" src=\"http:\/\/blogg.svenskakyrkan.se\/tankarinforhelgen\/files\/2016\/12\/IMG_0220-Leitchuor-Beskuren-1.jpg\" alt=\"img_0220-leitchuor-beskuren-1\" width=\"3462\" height=\"1846\" srcset=\"https:\/\/blogg.svenskakyrkan.se\/tankarinforhelgen\/files\/2016\/12\/IMG_0220-Leitchuor-Beskuren-1.jpg 3462w, https:\/\/blogg.svenskakyrkan.se\/tankarinforhelgen\/files\/2016\/12\/IMG_0220-Leitchuor-Beskuren-1-300x160.jpg 300w, https:\/\/blogg.svenskakyrkan.se\/tankarinforhelgen\/files\/2016\/12\/IMG_0220-Leitchuor-Beskuren-1-1024x546.jpg 1024w, https:\/\/blogg.svenskakyrkan.se\/tankarinforhelgen\/files\/2016\/12\/IMG_0220-Leitchuor-Beskuren-1-500x267.jpg 500w\" sizes=\"auto, (max-width: 3462px) 100vw, 3462px\" \/><\/a><\/p>\n<p><strong>Tankar inf\u00f6r 8:e s\u00f6ndagen efter trefaldighet, 17 juli<\/strong><\/p>\n<p><em>Under hela 2014 k\u00e4mpade vi som arbetar i Etiopien med att ta emot flyktingar fr\u00e5n Sydsudan. December 2013 br\u00f6t oroligheter ut i huvudstaden Juba i v\u00e4rldens d\u00e5 yngsta land.<\/em><\/p>\n<article class=\"article-content text-editor-content\">Politisk maktkamp utvecklades till fullt inb\u00f6rdeskrig och i stor m\u00e4ngd flydde framf\u00f6r allt kvinnor och barn till grannl\u00e4nderna.I Etiopien var Lutherska v\u00e4rldsf\u00f6rbundets humanit\u00e4ra organisation f\u00f6rberedd f\u00f6r ett s\u00e5dant scenario som nu blev grym verklighet och de lokala medlemmarna i Action by Churches Together &#8211; ACT &#8211; i Etiopien gjorde sitt f\u00f6r att st\u00f6tta flyktingarna\u00a0med det som \u00e4r n\u00f6dv\u00e4ndigt f\u00f6r \u00f6verlevnad inklusive psykosocialt st\u00f6d.F\u00f6renta nationernas flyktingorgan hade sv\u00e5rt att f\u00e5 till mark \u00e5t de flyktingl\u00e4ger som beh\u00f6vdes. Det tillh\u00f6r n\u00e5got av det sv\u00e5raste &#8211; att p\u00e5 kort varsel finna en l\u00e4mplig plats. T\u00e4nk dig att du ska planera en liten stad f\u00f6r 20.000 personer &#8211; vad beh\u00f6ver du d\u00e5? En plats med vattentillg\u00e5ng, g\u00e4rna med skog (f\u00f6r vedbehov) och odlingsbar mark (f\u00f6r syssels\u00e4ttning och l\u00e5ngsiktigare matf\u00f6rs\u00f6rjning). Om det dessutom finns elf\u00f6rs\u00f6rjning och mobiln\u00e4t s\u00e5 \u00e4r det n\u00e4rmast lyx! Det viktigaste \u00e4r dock att finna en s\u00e4ker plats d\u00e4r vuxna och barn kan p\u00e5b\u00f6rja en ny tillvaro &#8211; p\u00e5 kortare eller l\u00e4ngre sikt.Det l\u00e4ger Svenska kyrkan och andra ACT-medlemmar var med och arbetade i &#8211; kallat Leitchuor (stavningen varierar stort) &#8211; var p\u00e5 relativt lummig mark och det fanns tillg\u00e5ng till vatten (f\u00f6r den som kan borra +100 M djupt). Annars befinner sig m\u00e5nga l\u00e4ger i \u00f6kenomr\u00e5den d\u00e4r vatten och gr\u00f6nska \u00e4r n\u00e4st intill obefintligt och levnadsf\u00f6rh\u00e5llanden (bara med tanken p\u00e5 milj\u00f6n) \u00e4r tuffa. Det fanns dock ett dolt problem. Risken f\u00f6r \u00f6versv\u00e4mning. Stora delar av regionen Gambella \u00e4r relativt l\u00e5gland och l\u00e4gerplatsen delade med dessa delar risken f\u00f6r att regn eller flod skulle skapa \u00f6versv\u00e4mning.<\/p>\n<p>Det var just det som h\u00e4nde. I augusti, under regns\u00e4songen, sv\u00e4mmade Barofloden \u00f6ver sex kilometer bort. Det r\u00e4ckte f\u00f6r att stora delar av l\u00e4gret skulle l\u00e4ggas under vatten. Flyktingarna tog sina t\u00e4lt och flyttade till h\u00f6gre mark. De fick dela den mark d\u00e4r ortsbefolkningen bodde &#8211; h\u00f6gre upp! Tr\u00e5ngt blev det, men att bo i vattnet \u00e4r inte m\u00f6jligt.<\/p>\n<p>Jag och en kollega som skulle dit f\u00f6r att se hur insatserna gick, beh\u00f6vde flygas in med helikopter. V\u00e4gen var avst\u00e4ngd av vatten. Stora omr\u00e5den av regionen befann sig d\u00e5 under vatten. Floden hade skapat nya tillf\u00e4lliga sj\u00f6ar! Trots allt k\u00e4mpade flyktingar och hj\u00e4lparbetare p\u00e5 f\u00f6r att f\u00e5 vardagen att fungera. Sv\u00e5rast var att f\u00e5 in f\u00f6rn\u00f6denheter. Gods fick fraktas med lokala flodb\u00e5tar fr\u00e5n regionhuvudstaden. Teddy fr\u00e5n Ortodoxa kyrkan som d\u00e5 arbetade i l\u00e4gret ber\u00e4ttar hur han arbetat med frivilliga och med att l\u00e4ra ut hur man kan l\u00f6sa konflikter. Tr\u00e5ngboddheten ledde till m\u00e5nga gr\u00e4l, \u00e4nd\u00e5 kunde man till slut samsas. Barnen var de som hade gl\u00e4dje av allt vatten. Glatt badade de i de nya poolerna. F\u00f6r f\u00f6r\u00e4ldrarna var det dock mer ambivalent &#8211; risken att drunkna var stor.<\/p>\n<p>L\u00e4gret fick senare flyttas till h\u00f6gre och s\u00e4krare mark. Flyktingar, myndigheter och humanit\u00e4ra organisationer fick tillsammans b\u00f6rja om att bygga upp tillvaron p\u00e5 en annan plats. H\u00e4ndelsen och det h\u00e5rda arbetet f\u00e5r mig idag att t\u00e4nka p\u00e5 en av s\u00f6ndagens texter fr\u00e5n F\u00f6rsta Korinthierbrevet 3:10-15 \u201dTack vare den n\u00e5d Gud har gett mig har jag som en klok byggm\u00e4stare lagt en grund som n\u00e5gon annan bygger vidare p\u00e5. Men var och en m\u00e5ste t\u00e4nka p\u00e5 hur han bygger. Ingen kan l\u00e4gga en annan grund \u00e4n den som redan finns, och den \u00e4r Jesus Kristus. P\u00e5 den grunden kan man bygga med guld, silver eller \u00e4delstenar, tr\u00e4, gr\u00e4s eller halm, och det skall visa sig hur var och en har byggt. Den dagen skall avsl\u00f6ja det, ty den kommer med eld, och elden skall pr\u00f6va vad vars och ens arbete \u00e4r v\u00e4rt. Den vars byggnad best\u00e5r skall f\u00e5 l\u00f6n. Den vars verk brinner ner skall bli utan. Sj\u00e4lv skall han dock r\u00e4ddas, men som ur eld.\u201d<\/p>\n<p>Bygger vi v\u00e5ra liv p\u00e5 r\u00e4tt grund? Annars kommer vi att f\u00e5 bygga om p\u00e5 nytt. Den kristna tron s\u00e4ger att det endast \u00e4r Kristus som \u00e4r s\u00e4ker mark att bygga p\u00e5. Andra st\u00e4llen kan ha f\u00f6rtj\u00e4nster, men inget att lita p\u00e5 n\u00e4r det \u00f6ser ner. Om Kristus \u00e4r grunden i v\u00e5ra liv d\u00e5 bygger vi p\u00e5 fast mark. Sen g\u00e4ller det att bygga h\u00e5llbart, men det kanske vi f\u00e5r m\u00f6jlighet att \u00e5terkomma till.<\/p>\n<p><strong>K\u00e4re Fader,<\/strong><\/p>\n<p>Tack f\u00f6r att du byggde din kyrka p\u00e5 Kristus Jesus och apostlarna. Hj\u00e4lp oss att bygga v\u00e5r tro p\u00e5 fast mark, p\u00e5 Klippan Kristus! L\u00e4r oss att se klart och v\u00e5ga st\u00e5 f\u00f6r det som \u00e4r sant och r\u00e4tt, ty sanningen kommer fr\u00e5n dig. Bygg upp v\u00e5ra trasiga liv och styrk oss med din n\u00e5d, genom Jesus Kristus, Amen.<\/p>\n<p>&nbsp;<\/p>\n<p><em>Torbj\u00f6rn Toll, \u00a0tidigare uts\u00e4nd f\u00f6r Svenska kyrkan.<\/em><br \/>\nLever med sin familj och arbetar frivilligt i Addis Abeba vid The Ethiopian Graduate School of Theology och The International Lutheran Church.<\/p>\n<\/article>\n<section class=\"c-infobox infobox infobox--article infobox--article-right is-collapsed has-overflow is-checked\">\n<div class=\"infobox-container\"><\/div>\n<\/section>\n","protected":false},"excerpt":{"rendered":"<p>Tankar inf\u00f6r 8:e s\u00f6ndagen efter trefaldighet, 17 juli Under hela 2014 k\u00e4mpade vi som arbetar i Etiopien med att ta emot flyktingar fr\u00e5n Sydsudan. December 2013 br\u00f6t oroligheter ut i huvudstaden Juba i v\u00e4rldens d\u00e5 yngsta land. Politisk maktkamp utvecklades till fullt inb\u00f6rdeskrig och i stor m\u00e4ngd flydde framf\u00f6r allt kvinnor och barn till grannl\u00e4nderna.I [&hellip;]<\/p>\n","protected":false},"author":458,"featured_media":0,"comment_status":"open","ping_status":"open","sticky":false,"template":"","format":"standard","meta":{"_acf_changed":false,"footnotes":""},"categories":[133181],"tags":[142455],"class_list":["post-88","post","type-post","status-publish","format-standard","hentry","category-8e-sondagen-efter-trefaldighet","tag-trefaldighetstiden"],"acf":[],"yoast_head":"<!-- This site is optimized with the Yoast SEO plugin v27.1.1 - https:\/\/yoast.com\/product\/yoast-seo-wordpress\/ -->\n<title>Att bygga p\u00e5 fast mark - Tankar inf\u00f6r helgen<\/title>\n<meta name=\"robots\" content=\"index, follow, max-snippet:-1, max-image-preview:large, max-video-preview:-1\" \/>\n<link rel=\"canonical\" href=\"https:\/\/blogg.svenskakyrkan.se\/tankarinforhelgen\/2016\/07\/17\/att-bygga-pa-fast-mark\/\" \/>\n<meta property=\"og:locale\" content=\"sv_SE\" \/>\n<meta property=\"og:type\" content=\"article\" \/>\n<meta property=\"og:title\" content=\"Att bygga p\u00e5 fast mark - Tankar inf\u00f6r helgen\" \/>\n<meta property=\"og:description\" content=\"Tankar inf\u00f6r 8:e s\u00f6ndagen efter trefaldighet, 17 juli Under hela 2014 k\u00e4mpade vi som arbetar i Etiopien med att ta emot flyktingar fr\u00e5n Sydsudan. December 2013 br\u00f6t oroligheter ut i huvudstaden Juba i v\u00e4rldens d\u00e5 yngsta land. Politisk maktkamp utvecklades till fullt inb\u00f6rdeskrig och i stor m\u00e4ngd flydde framf\u00f6r allt kvinnor och barn till grannl\u00e4nderna.I [&hellip;]\" \/>\n<meta property=\"og:url\" content=\"https:\/\/blogg.svenskakyrkan.se\/tankarinforhelgen\/2016\/07\/17\/att-bygga-pa-fast-mark\/\" \/>\n<meta property=\"og:site_name\" content=\"Tankar inf\u00f6r helgen\" \/>\n<meta property=\"article:published_time\" content=\"2016-07-17T07:55:45+00:00\" \/>\n<meta property=\"article:modified_time\" content=\"2017-04-07T11:11:38+00:00\" \/>\n<meta property=\"og:image\" content=\"http:\/\/blogg.svenskakyrkan.se\/tankarinforhelgen\/files\/2016\/12\/IMG_0220-Leitchuor-Beskuren-1.jpg\" \/>\n<meta name=\"author\" content=\"Magdalena Wernefeldt\" \/>\n<meta name=\"twitter:card\" content=\"summary_large_image\" \/>\n<meta name=\"twitter:label1\" content=\"Skriven av\" \/>\n\t<meta name=\"twitter:data1\" content=\"Magdalena Wernefeldt\" \/>\n\t<meta name=\"twitter:label2\" content=\"Ber\u00e4knad l\u00e4stid\" \/>\n\t<meta name=\"twitter:data2\" content=\"5 minuter\" \/>\n<script type=\"application\/ld+json\" class=\"yoast-schema-graph\">{\"@context\":\"https:\/\/schema.org\",\"@graph\":[{\"@type\":\"Article\",\"@id\":\"https:\/\/blogg.svenskakyrkan.se\/tankarinforhelgen\/2016\/07\/17\/att-bygga-pa-fast-mark\/#article\",\"isPartOf\":{\"@id\":\"https:\/\/blogg.svenskakyrkan.se\/tankarinforhelgen\/2016\/07\/17\/att-bygga-pa-fast-mark\/\"},\"author\":{\"name\":\"Magdalena Wernefeldt\",\"@id\":\"https:\/\/blogg.svenskakyrkan.se\/tankarinforhelgen\/#\/schema\/person\/c19e8a124f507336a7f712f3b02d924b\"},\"headline\":\"Att bygga p\u00e5 fast mark\",\"datePublished\":\"2016-07-17T07:55:45+00:00\",\"dateModified\":\"2017-04-07T11:11:38+00:00\",\"mainEntityOfPage\":{\"@id\":\"https:\/\/blogg.svenskakyrkan.se\/tankarinforhelgen\/2016\/07\/17\/att-bygga-pa-fast-mark\/\"},\"wordCount\":975,\"commentCount\":0,\"image\":{\"@id\":\"https:\/\/blogg.svenskakyrkan.se\/tankarinforhelgen\/2016\/07\/17\/att-bygga-pa-fast-mark\/#primaryimage\"},\"thumbnailUrl\":\"http:\/\/blogg.svenskakyrkan.se\/tankarinforhelgen\/files\/2016\/12\/IMG_0220-Leitchuor-Beskuren-1.jpg\",\"keywords\":[\"Trefaldighetstiden\"],\"articleSection\":[\"8:e s\u00f6ndagen efter trefaldighet\"],\"inLanguage\":\"sv-SE\",\"potentialAction\":[{\"@type\":\"CommentAction\",\"name\":\"Comment\",\"target\":[\"https:\/\/blogg.svenskakyrkan.se\/tankarinforhelgen\/2016\/07\/17\/att-bygga-pa-fast-mark\/#respond\"]}]},{\"@type\":\"WebPage\",\"@id\":\"https:\/\/blogg.svenskakyrkan.se\/tankarinforhelgen\/2016\/07\/17\/att-bygga-pa-fast-mark\/\",\"url\":\"https:\/\/blogg.svenskakyrkan.se\/tankarinforhelgen\/2016\/07\/17\/att-bygga-pa-fast-mark\/\",\"name\":\"Att bygga p\u00e5 fast mark - Tankar inf\u00f6r helgen\",\"isPartOf\":{\"@id\":\"https:\/\/blogg.svenskakyrkan.se\/tankarinforhelgen\/#website\"},\"primaryImageOfPage\":{\"@id\":\"https:\/\/blogg.svenskakyrkan.se\/tankarinforhelgen\/2016\/07\/17\/att-bygga-pa-fast-mark\/#primaryimage\"},\"image\":{\"@id\":\"https:\/\/blogg.svenskakyrkan.se\/tankarinforhelgen\/2016\/07\/17\/att-bygga-pa-fast-mark\/#primaryimage\"},\"thumbnailUrl\":\"http:\/\/blogg.svenskakyrkan.se\/tankarinforhelgen\/files\/2016\/12\/IMG_0220-Leitchuor-Beskuren-1.jpg\",\"datePublished\":\"2016-07-17T07:55:45+00:00\",\"dateModified\":\"2017-04-07T11:11:38+00:00\",\"author\":{\"@id\":\"https:\/\/blogg.svenskakyrkan.se\/tankarinforhelgen\/#\/schema\/person\/c19e8a124f507336a7f712f3b02d924b\"},\"breadcrumb\":{\"@id\":\"https:\/\/blogg.svenskakyrkan.se\/tankarinforhelgen\/2016\/07\/17\/att-bygga-pa-fast-mark\/#breadcrumb\"},\"inLanguage\":\"sv-SE\",\"potentialAction\":[{\"@type\":\"ReadAction\",\"target\":[\"https:\/\/blogg.svenskakyrkan.se\/tankarinforhelgen\/2016\/07\/17\/att-bygga-pa-fast-mark\/\"]}]},{\"@type\":\"ImageObject\",\"inLanguage\":\"sv-SE\",\"@id\":\"https:\/\/blogg.svenskakyrkan.se\/tankarinforhelgen\/2016\/07\/17\/att-bygga-pa-fast-mark\/#primaryimage\",\"url\":\"http:\/\/blogg.svenskakyrkan.se\/tankarinforhelgen\/files\/2016\/12\/IMG_0220-Leitchuor-Beskuren-1.jpg\",\"contentUrl\":\"http:\/\/blogg.svenskakyrkan.se\/tankarinforhelgen\/files\/2016\/12\/IMG_0220-Leitchuor-Beskuren-1.jpg\"},{\"@type\":\"BreadcrumbList\",\"@id\":\"https:\/\/blogg.svenskakyrkan.se\/tankarinforhelgen\/2016\/07\/17\/att-bygga-pa-fast-mark\/#breadcrumb\",\"itemListElement\":[{\"@type\":\"ListItem\",\"position\":1,\"name\":\"Hem\",\"item\":\"https:\/\/blogg.svenskakyrkan.se\/tankarinforhelgen\/\"},{\"@type\":\"ListItem\",\"position\":2,\"name\":\"Att bygga p\u00e5 fast mark\"}]},{\"@type\":\"WebSite\",\"@id\":\"https:\/\/blogg.svenskakyrkan.se\/tankarinforhelgen\/#website\",\"url\":\"https:\/\/blogg.svenskakyrkan.se\/tankarinforhelgen\/\",\"name\":\"Tankar inf\u00f6r helgen\",\"description\":\"Pr\u00e4ster funderar utifr\u00e5n kommande s\u00f6ndags texter\",\"potentialAction\":[{\"@type\":\"SearchAction\",\"target\":{\"@type\":\"EntryPoint\",\"urlTemplate\":\"https:\/\/blogg.svenskakyrkan.se\/tankarinforhelgen\/?s={search_term_string}\"},\"query-input\":{\"@type\":\"PropertyValueSpecification\",\"valueRequired\":true,\"valueName\":\"search_term_string\"}}],\"inLanguage\":\"sv-SE\"},{\"@type\":\"Person\",\"@id\":\"https:\/\/blogg.svenskakyrkan.se\/tankarinforhelgen\/#\/schema\/person\/c19e8a124f507336a7f712f3b02d924b\",\"name\":\"Magdalena Wernefeldt\",\"image\":{\"@type\":\"ImageObject\",\"inLanguage\":\"sv-SE\",\"@id\":\"https:\/\/blogg.svenskakyrkan.se\/tankarinforhelgen\/#\/schema\/person\/image\/\",\"url\":\"https:\/\/secure.gravatar.com\/avatar\/23dab26aed51bdfcff5c1559ea1a5d339f00dac73f3d56d1d8b724c1d9074328?s=96&d=mm&r=g\",\"contentUrl\":\"https:\/\/secure.gravatar.com\/avatar\/23dab26aed51bdfcff5c1559ea1a5d339f00dac73f3d56d1d8b724c1d9074328?s=96&d=mm&r=g\",\"caption\":\"Magdalena Wernefeldt\"},\"url\":\"https:\/\/blogg.svenskakyrkan.se\/tankarinforhelgen\/author\/svkmwt\/\"}]}<\/script>\n<!-- \/ Yoast SEO plugin. -->","yoast_head_json":{"title":"Att bygga p\u00e5 fast mark - Tankar inf\u00f6r helgen","robots":{"index":"index","follow":"follow","max-snippet":"max-snippet:-1","max-image-preview":"max-image-preview:large","max-video-preview":"max-video-preview:-1"},"canonical":"https:\/\/blogg.svenskakyrkan.se\/tankarinforhelgen\/2016\/07\/17\/att-bygga-pa-fast-mark\/","og_locale":"sv_SE","og_type":"article","og_title":"Att bygga p\u00e5 fast mark - Tankar inf\u00f6r helgen","og_description":"Tankar inf\u00f6r 8:e s\u00f6ndagen efter trefaldighet, 17 juli Under hela 2014 k\u00e4mpade vi som arbetar i Etiopien med att ta emot flyktingar fr\u00e5n Sydsudan. December 2013 br\u00f6t oroligheter ut i huvudstaden Juba i v\u00e4rldens d\u00e5 yngsta land. Politisk maktkamp utvecklades till fullt inb\u00f6rdeskrig och i stor m\u00e4ngd flydde framf\u00f6r allt kvinnor och barn till grannl\u00e4nderna.I [&hellip;]","og_url":"https:\/\/blogg.svenskakyrkan.se\/tankarinforhelgen\/2016\/07\/17\/att-bygga-pa-fast-mark\/","og_site_name":"Tankar inf\u00f6r helgen","article_published_time":"2016-07-17T07:55:45+00:00","article_modified_time":"2017-04-07T11:11:38+00:00","og_image":[{"url":"http:\/\/blogg.svenskakyrkan.se\/tankarinforhelgen\/files\/2016\/12\/IMG_0220-Leitchuor-Beskuren-1.jpg","type":"","width":"","height":""}],"author":"Magdalena Wernefeldt","twitter_card":"summary_large_image","twitter_misc":{"Skriven av":"Magdalena Wernefeldt","Ber\u00e4knad l\u00e4stid":"5 minuter"},"schema":{"@context":"https:\/\/schema.org","@graph":[{"@type":"Article","@id":"https:\/\/blogg.svenskakyrkan.se\/tankarinforhelgen\/2016\/07\/17\/att-bygga-pa-fast-mark\/#article","isPartOf":{"@id":"https:\/\/blogg.svenskakyrkan.se\/tankarinforhelgen\/2016\/07\/17\/att-bygga-pa-fast-mark\/"},"author":{"name":"Magdalena Wernefeldt","@id":"https:\/\/blogg.svenskakyrkan.se\/tankarinforhelgen\/#\/schema\/person\/c19e8a124f507336a7f712f3b02d924b"},"headline":"Att bygga p\u00e5 fast mark","datePublished":"2016-07-17T07:55:45+00:00","dateModified":"2017-04-07T11:11:38+00:00","mainEntityOfPage":{"@id":"https:\/\/blogg.svenskakyrkan.se\/tankarinforhelgen\/2016\/07\/17\/att-bygga-pa-fast-mark\/"},"wordCount":975,"commentCount":0,"image":{"@id":"https:\/\/blogg.svenskakyrkan.se\/tankarinforhelgen\/2016\/07\/17\/att-bygga-pa-fast-mark\/#primaryimage"},"thumbnailUrl":"http:\/\/blogg.svenskakyrkan.se\/tankarinforhelgen\/files\/2016\/12\/IMG_0220-Leitchuor-Beskuren-1.jpg","keywords":["Trefaldighetstiden"],"articleSection":["8:e s\u00f6ndagen efter trefaldighet"],"inLanguage":"sv-SE","potentialAction":[{"@type":"CommentAction","name":"Comment","target":["https:\/\/blogg.svenskakyrkan.se\/tankarinforhelgen\/2016\/07\/17\/att-bygga-pa-fast-mark\/#respond"]}]},{"@type":"WebPage","@id":"https:\/\/blogg.svenskakyrkan.se\/tankarinforhelgen\/2016\/07\/17\/att-bygga-pa-fast-mark\/","url":"https:\/\/blogg.svenskakyrkan.se\/tankarinforhelgen\/2016\/07\/17\/att-bygga-pa-fast-mark\/","name":"Att bygga p\u00e5 fast mark - Tankar inf\u00f6r helgen","isPartOf":{"@id":"https:\/\/blogg.svenskakyrkan.se\/tankarinforhelgen\/#website"},"primaryImageOfPage":{"@id":"https:\/\/blogg.svenskakyrkan.se\/tankarinforhelgen\/2016\/07\/17\/att-bygga-pa-fast-mark\/#primaryimage"},"image":{"@id":"https:\/\/blogg.svenskakyrkan.se\/tankarinforhelgen\/2016\/07\/17\/att-bygga-pa-fast-mark\/#primaryimage"},"thumbnailUrl":"http:\/\/blogg.svenskakyrkan.se\/tankarinforhelgen\/files\/2016\/12\/IMG_0220-Leitchuor-Beskuren-1.jpg","datePublished":"2016-07-17T07:55:45+00:00","dateModified":"2017-04-07T11:11:38+00:00","author":{"@id":"https:\/\/blogg.svenskakyrkan.se\/tankarinforhelgen\/#\/schema\/person\/c19e8a124f507336a7f712f3b02d924b"},"breadcrumb":{"@id":"https:\/\/blogg.svenskakyrkan.se\/tankarinforhelgen\/2016\/07\/17\/att-bygga-pa-fast-mark\/#breadcrumb"},"inLanguage":"sv-SE","potentialAction":[{"@type":"ReadAction","target":["https:\/\/blogg.svenskakyrkan.se\/tankarinforhelgen\/2016\/07\/17\/att-bygga-pa-fast-mark\/"]}]},{"@type":"ImageObject","inLanguage":"sv-SE","@id":"https:\/\/blogg.svenskakyrkan.se\/tankarinforhelgen\/2016\/07\/17\/att-bygga-pa-fast-mark\/#primaryimage","url":"http:\/\/blogg.svenskakyrkan.se\/tankarinforhelgen\/files\/2016\/12\/IMG_0220-Leitchuor-Beskuren-1.jpg","contentUrl":"http:\/\/blogg.svenskakyrkan.se\/tankarinforhelgen\/files\/2016\/12\/IMG_0220-Leitchuor-Beskuren-1.jpg"},{"@type":"BreadcrumbList","@id":"https:\/\/blogg.svenskakyrkan.se\/tankarinforhelgen\/2016\/07\/17\/att-bygga-pa-fast-mark\/#breadcrumb","itemListElement":[{"@type":"ListItem","position":1,"name":"Hem","item":"https:\/\/blogg.svenskakyrkan.se\/tankarinforhelgen\/"},{"@type":"ListItem","position":2,"name":"Att bygga p\u00e5 fast mark"}]},{"@type":"WebSite","@id":"https:\/\/blogg.svenskakyrkan.se\/tankarinforhelgen\/#website","url":"https:\/\/blogg.svenskakyrkan.se\/tankarinforhelgen\/","name":"Tankar inf\u00f6r helgen","description":"Pr\u00e4ster funderar utifr\u00e5n kommande s\u00f6ndags texter","potentialAction":[{"@type":"SearchAction","target":{"@type":"EntryPoint","urlTemplate":"https:\/\/blogg.svenskakyrkan.se\/tankarinforhelgen\/?s={search_term_string}"},"query-input":{"@type":"PropertyValueSpecification","valueRequired":true,"valueName":"search_term_string"}}],"inLanguage":"sv-SE"},{"@type":"Person","@id":"https:\/\/blogg.svenskakyrkan.se\/tankarinforhelgen\/#\/schema\/person\/c19e8a124f507336a7f712f3b02d924b","name":"Magdalena Wernefeldt","image":{"@type":"ImageObject","inLanguage":"sv-SE","@id":"https:\/\/blogg.svenskakyrkan.se\/tankarinforhelgen\/#\/schema\/person\/image\/","url":"https:\/\/secure.gravatar.com\/avatar\/23dab26aed51bdfcff5c1559ea1a5d339f00dac73f3d56d1d8b724c1d9074328?s=96&d=mm&r=g","contentUrl":"https:\/\/secure.gravatar.com\/avatar\/23dab26aed51bdfcff5c1559ea1a5d339f00dac73f3d56d1d8b724c1d9074328?s=96&d=mm&r=g","caption":"Magdalena Wernefeldt"},"url":"https:\/\/blogg.svenskakyrkan.se\/tankarinforhelgen\/author\/svkmwt\/"}]}},"author_meta":{"ID":"458","user_nicename":"svkmwt","user_registered":"2014-10-14 11:18:34","display_name":"Magdalena Wernefeldt","first_name":"Magdalena","last_name":"Wernefeldt","avatar":"https:\/\/secure.gravatar.com\/avatar\/23dab26aed51bdfcff5c1559ea1a5d339f00dac73f3d56d1d8b724c1d9074328?s=96&d=mm&r=g"},"featured_image":false,"bloginfo":{"name":"Tankar inf\u00f6r helgen","url":"https:\/\/blogg.svenskakyrkan.se\/tankarinforhelgen"},"_links":{"self":[{"href":"https:\/\/blogg.svenskakyrkan.se\/tankarinforhelgen\/wp-json\/wp\/v2\/posts\/88","targetHints":{"allow":["GET"]}}],"collection":[{"href":"https:\/\/blogg.svenskakyrkan.se\/tankarinforhelgen\/wp-json\/wp\/v2\/posts"}],"about":[{"href":"https:\/\/blogg.svenskakyrkan.se\/tankarinforhelgen\/wp-json\/wp\/v2\/types\/post"}],"author":[{"embeddable":true,"href":"https:\/\/blogg.svenskakyrkan.se\/tankarinforhelgen\/wp-json\/wp\/v2\/users\/458"}],"replies":[{"embeddable":true,"href":"https:\/\/blogg.svenskakyrkan.se\/tankarinforhelgen\/wp-json\/wp\/v2\/comments?post=88"}],"version-history":[{"count":4,"href":"https:\/\/blogg.svenskakyrkan.se\/tankarinforhelgen\/wp-json\/wp\/v2\/posts\/88\/revisions"}],"predecessor-version":[{"id":264,"href":"https:\/\/blogg.svenskakyrkan.se\/tankarinforhelgen\/wp-json\/wp\/v2\/posts\/88\/revisions\/264"}],"wp:attachment":[{"href":"https:\/\/blogg.svenskakyrkan.se\/tankarinforhelgen\/wp-json\/wp\/v2\/media?parent=88"}],"wp:term":[{"taxonomy":"category","embeddable":true,"href":"https:\/\/blogg.svenskakyrkan.se\/tankarinforhelgen\/wp-json\/wp\/v2\/categories?post=88"},{"taxonomy":"post_tag","embeddable":true,"href":"https:\/\/blogg.svenskakyrkan.se\/tankarinforhelgen\/wp-json\/wp\/v2\/tags?post=88"}],"curies":[{"name":"wp","href":"https:\/\/api.w.org\/{rel}","templated":true}]}}