{"id":918,"date":"2017-04-11T17:27:37","date_gmt":"2017-04-11T15:27:37","guid":{"rendered":"http:\/\/blogg.svenskakyrkan.se\/tankarinforhelgen\/?p=918"},"modified":"2019-02-28T14:21:20","modified_gmt":"2019-02-28T13:21:20","slug":"forradarens-slut","status":"publish","type":"post","link":"https:\/\/blogg.svenskakyrkan.se\/tankarinforhelgen\/2017\/04\/11\/forradarens-slut\/","title":{"rendered":"F\u00f6rr\u00e4darens slut"},"content":{"rendered":"<p>I Markusevangeliets version av nattvardens instiftande, som vi l\u00e4ser i kyrkorna i \u00e5r, n\u00e4mns inte f\u00f6rr\u00e4daren vid namn. Men vi k\u00e4nner honom \u00e4nd\u00e5: Judas Iskariot, f\u00f6rr\u00e4daren, kungam\u00f6rdaren, gudsdr\u00e4paren, r\u00f6varen. Med genomtr\u00e4ngande och isande blick, kliver han ut ur skuggorna. I m\u00e4ngder av konstverk av \u00e4ldre datum skildras han just s\u00e5, ond r\u00e4tt igenom. S\u00e5 f\u00f6rf\u00e4rligt och of\u00f6rl\u00e5tligt var hans brott att medan Kristi lidande tog slut p\u00e5 l\u00e5ngfredagen, var Judas tvungen att f\u00f6r alltid leva kvar i skrifter och konstverk som f\u00f6rr\u00e4daren.<\/p>\n<p>Och det \u00e4r f\u00f6rst\u00e5s l\u00e4tt att k\u00e4nna vrede inf\u00f6r Judas, den f\u00f6rd\u00f6mde. Han hade det ju s\u00e5 bra, han hade f\u00e5tt vandra med Jesus, se hans underverk, h\u00f6ra hans tal och predikningar. Nog m\u00e5ste v\u00e4l Judas ha vetat vem han hade att g\u00f6ra med? Hur kunde han svika som han gjorde? Hur kunde han f\u00f6rr\u00e5da Jesus? Hur kunde han f\u00f6rr\u00e5da Guds egen son? Ja, Gud sj\u00e4lv? Vilken sorts m\u00e4nniska var han som kunde g\u00f6ra n\u00e5got s\u00e5dant? Om vi t\u00e4nker oss in i hans situation skulle vi f\u00f6rst\u00e5s aldrig ha kunnat g\u00f6ra som han. Vi skulle aldrig kunna svika Jesus p\u00e5 det s\u00e4ttet. Vi skulle aldrig kunna bli f\u00f6rr\u00e4dare.<\/p>\n<p>Eller skulle vi det? Kanske skulle vi det, vi ocks\u00e5, om situationen var s\u00e5dan? Kanske g\u00f6r vi det? Kanske f\u00f6rr\u00e5der vi sj\u00e4lva Jesus? Kanske sviker \u00e4ven vi Gud sj\u00e4lv ibland? Om vi g\u00f6r det som vi vet \u00e4r or\u00e4tt, g\u00f6r vi Guds vilja d\u00e5? Om vi l\u00e5ter bli att g\u00f6ra det som vi vet \u00e4r r\u00e4tt, g\u00f6r vi Guds vilja d\u00e5? Nej, jag tror inte det. Jag tror att Guds vilja \u00e4r att vi ska ta hand om varandra, k\u00e4mpa f\u00f6r att g\u00f6ra gott, undvika att g\u00f6ra ont. Och kanske kan man s\u00e4ga, att om vi inte handlar efter Guds vilja s\u00e5 blir vi ocks\u00e5 svikare. Om vi handlar emot Guds vilja trots att vi oftast faktiskt har m\u00f6jlighet att skilja p\u00e5 gott och ont \u2013 \u00e4r inte vi ocks\u00e5 ett slags f\u00f6rr\u00e4dare d\u00e5? Och f\u00f6rr\u00e5der vi inte \u00e4ven oss sj\u00e4lva i s\u00e5 fall? Om vi g\u00f6r oss sj\u00e4lva s\u00e4mre \u00e4n vad vi skulle kunna vara, f\u00f6rr\u00e5der vi inte de Guds skapelser som vi \u00e4nd\u00e5 faktiskt \u00e4r? Kanske har vi alla p\u00e5 n\u00e5got s\u00e4tt en Judas inom oss.<\/p>\n<p>Det \u00e4r inte s\u00e5 l\u00e4tt att vara m\u00e4nniska. Det \u00e4r inte s\u00e5 l\u00e4tt att alltid g\u00f6ra r\u00e4tt. Men Gud k\u00e4nner till det. Genom Jesus Kristus som vandrade i m\u00e5nga \u00e5r p\u00e5 jorden k\u00e4nner Gud till hur det \u00e4r att vara m\u00e4nniska. Det gick ju inte s\u00e5 bra f\u00f6r Judas, evangelierna har tv\u00e5 gr\u00e4sliga och vitt skilda historier om hur det gick till n\u00e4r han dog \u2013 men oavsett hur han slutade s\u00e5 tror jag personligen att han blev f\u00f6rl\u00e5ten. F\u00f6r Gud \u00e4lskar m\u00e4nniskorna. Gud \u00e4r k\u00e4rleksfull och Gud f\u00f6rl\u00e5ter. Om och om igen. F\u00f6r Gud vet att det inte \u00e4r l\u00e4tt att vara m\u00e4nniska. Gud vet att det \u00e4r l\u00e4tt att v\u00e4lja den enklare v\u00e4gen ist\u00e4llet f\u00f6r den r\u00e4tta. Och Gud f\u00f6rl\u00e5ter. N\u00e4r vi m\u00e4nniskor varken vill eller kan f\u00f6rl\u00e5ta, finns f\u00f6rl\u00e5telse att f\u00e5 hos Gud, f\u00f6r den som s\u00f6ker den. Hos Gud finns f\u00f6rl\u00e5telse f\u00f6r alla. \u00c4ven f\u00f6r Judas.<\/p>\n<p>Kjell Dellert<br \/>\nPr\u00e4st, Sollentuna<\/p>\n","protected":false},"excerpt":{"rendered":"<p>I Markusevangeliets version av nattvardens instiftande, som vi l\u00e4ser i kyrkorna i \u00e5r, n\u00e4mns inte f\u00f6rr\u00e4daren vid namn. Men vi k\u00e4nner honom \u00e4nd\u00e5: Judas Iskariot, f\u00f6rr\u00e4daren, kungam\u00f6rdaren, gudsdr\u00e4paren, r\u00f6varen. Med genomtr\u00e4ngande och isande blick, kliver han ut ur skuggorna. I m\u00e4ngder av konstverk av \u00e4ldre datum skildras han just s\u00e5, ond r\u00e4tt igenom. S\u00e5 f\u00f6rf\u00e4rligt [&hellip;]<\/p>\n","protected":false},"author":622,"featured_media":919,"comment_status":"open","ping_status":"open","sticky":false,"template":"","format":"standard","meta":{"_acf_changed":false,"footnotes":""},"categories":[159863],"tags":[142450,159852,142457],"class_list":["post-918","post","type-post","status-publish","format-standard","has-post-thumbnail","hentry","category-skartorsdagen","tag-kjell-dellert","tag-paskens-drama","tag-tankarinforhelgen"],"acf":[],"yoast_head":"<!-- This site is optimized with the Yoast SEO plugin v27.1.1 - https:\/\/yoast.com\/product\/yoast-seo-wordpress\/ -->\n<title>F\u00f6rr\u00e4darens slut - Tankar inf\u00f6r helgen<\/title>\n<meta name=\"robots\" content=\"index, follow, max-snippet:-1, max-image-preview:large, max-video-preview:-1\" \/>\n<link rel=\"canonical\" href=\"https:\/\/blogg.svenskakyrkan.se\/tankarinforhelgen\/2017\/04\/11\/forradarens-slut\/\" \/>\n<meta property=\"og:locale\" content=\"sv_SE\" \/>\n<meta property=\"og:type\" content=\"article\" \/>\n<meta property=\"og:title\" content=\"F\u00f6rr\u00e4darens slut - Tankar inf\u00f6r helgen\" \/>\n<meta property=\"og:description\" content=\"I Markusevangeliets version av nattvardens instiftande, som vi l\u00e4ser i kyrkorna i \u00e5r, n\u00e4mns inte f\u00f6rr\u00e4daren vid namn. Men vi k\u00e4nner honom \u00e4nd\u00e5: Judas Iskariot, f\u00f6rr\u00e4daren, kungam\u00f6rdaren, gudsdr\u00e4paren, r\u00f6varen. Med genomtr\u00e4ngande och isande blick, kliver han ut ur skuggorna. I m\u00e4ngder av konstverk av \u00e4ldre datum skildras han just s\u00e5, ond r\u00e4tt igenom. S\u00e5 f\u00f6rf\u00e4rligt [&hellip;]\" \/>\n<meta property=\"og:url\" content=\"https:\/\/blogg.svenskakyrkan.se\/tankarinforhelgen\/2017\/04\/11\/forradarens-slut\/\" \/>\n<meta property=\"og:site_name\" content=\"Tankar inf\u00f6r helgen\" \/>\n<meta property=\"article:published_time\" content=\"2017-04-11T15:27:37+00:00\" \/>\n<meta property=\"article:modified_time\" content=\"2019-02-28T13:21:20+00:00\" \/>\n<meta name=\"author\" content=\"Kjell Dellert, pr\u00e4st\" \/>\n<meta name=\"twitter:card\" content=\"summary_large_image\" \/>\n<meta name=\"twitter:label1\" content=\"Skriven av\" \/>\n\t<meta name=\"twitter:data1\" content=\"Kjell Dellert, pr\u00e4st\" \/>\n\t<meta name=\"twitter:label2\" content=\"Ber\u00e4knad l\u00e4stid\" \/>\n\t<meta name=\"twitter:data2\" content=\"3 minuter\" \/>\n<script type=\"application\/ld+json\" class=\"yoast-schema-graph\">{\"@context\":\"https:\/\/schema.org\",\"@graph\":[{\"@type\":\"Article\",\"@id\":\"https:\/\/blogg.svenskakyrkan.se\/tankarinforhelgen\/2017\/04\/11\/forradarens-slut\/#article\",\"isPartOf\":{\"@id\":\"https:\/\/blogg.svenskakyrkan.se\/tankarinforhelgen\/2017\/04\/11\/forradarens-slut\/\"},\"author\":{\"name\":\"Kjell Dellert, pr\u00e4st\",\"@id\":\"https:\/\/blogg.svenskakyrkan.se\/tankarinforhelgen\/#\/schema\/person\/9fbb20960ac259b95769de25e0ef7002\"},\"headline\":\"F\u00f6rr\u00e4darens slut\",\"datePublished\":\"2017-04-11T15:27:37+00:00\",\"dateModified\":\"2019-02-28T13:21:20+00:00\",\"mainEntityOfPage\":{\"@id\":\"https:\/\/blogg.svenskakyrkan.se\/tankarinforhelgen\/2017\/04\/11\/forradarens-slut\/\"},\"wordCount\":647,\"commentCount\":1,\"image\":{\"@id\":\"https:\/\/blogg.svenskakyrkan.se\/tankarinforhelgen\/2017\/04\/11\/forradarens-slut\/#primaryimage\"},\"thumbnailUrl\":\"https:\/\/blogg.svenskakyrkan.se\/tankarinforhelgen\/files\/2017\/04\/IMG_1298.jpg\",\"keywords\":[\"Kjell Dellert\",\"P\u00e5skens drama\",\"TANKARINFORHELGEN\"],\"articleSection\":[\"Sk\u00e4rtorsdagen\"],\"inLanguage\":\"sv-SE\",\"potentialAction\":[{\"@type\":\"CommentAction\",\"name\":\"Comment\",\"target\":[\"https:\/\/blogg.svenskakyrkan.se\/tankarinforhelgen\/2017\/04\/11\/forradarens-slut\/#respond\"]}]},{\"@type\":\"WebPage\",\"@id\":\"https:\/\/blogg.svenskakyrkan.se\/tankarinforhelgen\/2017\/04\/11\/forradarens-slut\/\",\"url\":\"https:\/\/blogg.svenskakyrkan.se\/tankarinforhelgen\/2017\/04\/11\/forradarens-slut\/\",\"name\":\"F\u00f6rr\u00e4darens slut - Tankar inf\u00f6r helgen\",\"isPartOf\":{\"@id\":\"https:\/\/blogg.svenskakyrkan.se\/tankarinforhelgen\/#website\"},\"primaryImageOfPage\":{\"@id\":\"https:\/\/blogg.svenskakyrkan.se\/tankarinforhelgen\/2017\/04\/11\/forradarens-slut\/#primaryimage\"},\"image\":{\"@id\":\"https:\/\/blogg.svenskakyrkan.se\/tankarinforhelgen\/2017\/04\/11\/forradarens-slut\/#primaryimage\"},\"thumbnailUrl\":\"https:\/\/blogg.svenskakyrkan.se\/tankarinforhelgen\/files\/2017\/04\/IMG_1298.jpg\",\"datePublished\":\"2017-04-11T15:27:37+00:00\",\"dateModified\":\"2019-02-28T13:21:20+00:00\",\"author\":{\"@id\":\"https:\/\/blogg.svenskakyrkan.se\/tankarinforhelgen\/#\/schema\/person\/9fbb20960ac259b95769de25e0ef7002\"},\"breadcrumb\":{\"@id\":\"https:\/\/blogg.svenskakyrkan.se\/tankarinforhelgen\/2017\/04\/11\/forradarens-slut\/#breadcrumb\"},\"inLanguage\":\"sv-SE\",\"potentialAction\":[{\"@type\":\"ReadAction\",\"target\":[\"https:\/\/blogg.svenskakyrkan.se\/tankarinforhelgen\/2017\/04\/11\/forradarens-slut\/\"]}]},{\"@type\":\"ImageObject\",\"inLanguage\":\"sv-SE\",\"@id\":\"https:\/\/blogg.svenskakyrkan.se\/tankarinforhelgen\/2017\/04\/11\/forradarens-slut\/#primaryimage\",\"url\":\"https:\/\/blogg.svenskakyrkan.se\/tankarinforhelgen\/files\/2017\/04\/IMG_1298.jpg\",\"contentUrl\":\"https:\/\/blogg.svenskakyrkan.se\/tankarinforhelgen\/files\/2017\/04\/IMG_1298.jpg\",\"width\":1920,\"height\":1275},{\"@type\":\"BreadcrumbList\",\"@id\":\"https:\/\/blogg.svenskakyrkan.se\/tankarinforhelgen\/2017\/04\/11\/forradarens-slut\/#breadcrumb\",\"itemListElement\":[{\"@type\":\"ListItem\",\"position\":1,\"name\":\"Hem\",\"item\":\"https:\/\/blogg.svenskakyrkan.se\/tankarinforhelgen\/\"},{\"@type\":\"ListItem\",\"position\":2,\"name\":\"F\u00f6rr\u00e4darens slut\"}]},{\"@type\":\"WebSite\",\"@id\":\"https:\/\/blogg.svenskakyrkan.se\/tankarinforhelgen\/#website\",\"url\":\"https:\/\/blogg.svenskakyrkan.se\/tankarinforhelgen\/\",\"name\":\"Tankar inf\u00f6r helgen\",\"description\":\"Pr\u00e4ster funderar utifr\u00e5n kommande s\u00f6ndags texter\",\"potentialAction\":[{\"@type\":\"SearchAction\",\"target\":{\"@type\":\"EntryPoint\",\"urlTemplate\":\"https:\/\/blogg.svenskakyrkan.se\/tankarinforhelgen\/?s={search_term_string}\"},\"query-input\":{\"@type\":\"PropertyValueSpecification\",\"valueRequired\":true,\"valueName\":\"search_term_string\"}}],\"inLanguage\":\"sv-SE\"},{\"@type\":\"Person\",\"@id\":\"https:\/\/blogg.svenskakyrkan.se\/tankarinforhelgen\/#\/schema\/person\/9fbb20960ac259b95769de25e0ef7002\",\"name\":\"Kjell Dellert, pr\u00e4st\",\"image\":{\"@type\":\"ImageObject\",\"inLanguage\":\"sv-SE\",\"@id\":\"https:\/\/blogg.svenskakyrkan.se\/tankarinforhelgen\/#\/schema\/person\/image\/\",\"url\":\"https:\/\/secure.gravatar.com\/avatar\/23eb7a08c9ca38f9ae7525f37de54e71d121503f9420825a7029fe46ea1acba8?s=96&d=mm&r=g\",\"contentUrl\":\"https:\/\/secure.gravatar.com\/avatar\/23eb7a08c9ca38f9ae7525f37de54e71d121503f9420825a7029fe46ea1acba8?s=96&d=mm&r=g\",\"caption\":\"Kjell Dellert, pr\u00e4st\"},\"url\":\"https:\/\/blogg.svenskakyrkan.se\/tankarinforhelgen\/author\/kjelldellert\/\"}]}<\/script>\n<!-- \/ Yoast SEO plugin. -->","yoast_head_json":{"title":"F\u00f6rr\u00e4darens slut - Tankar inf\u00f6r helgen","robots":{"index":"index","follow":"follow","max-snippet":"max-snippet:-1","max-image-preview":"max-image-preview:large","max-video-preview":"max-video-preview:-1"},"canonical":"https:\/\/blogg.svenskakyrkan.se\/tankarinforhelgen\/2017\/04\/11\/forradarens-slut\/","og_locale":"sv_SE","og_type":"article","og_title":"F\u00f6rr\u00e4darens slut - Tankar inf\u00f6r helgen","og_description":"I Markusevangeliets version av nattvardens instiftande, som vi l\u00e4ser i kyrkorna i \u00e5r, n\u00e4mns inte f\u00f6rr\u00e4daren vid namn. Men vi k\u00e4nner honom \u00e4nd\u00e5: Judas Iskariot, f\u00f6rr\u00e4daren, kungam\u00f6rdaren, gudsdr\u00e4paren, r\u00f6varen. Med genomtr\u00e4ngande och isande blick, kliver han ut ur skuggorna. I m\u00e4ngder av konstverk av \u00e4ldre datum skildras han just s\u00e5, ond r\u00e4tt igenom. S\u00e5 f\u00f6rf\u00e4rligt [&hellip;]","og_url":"https:\/\/blogg.svenskakyrkan.se\/tankarinforhelgen\/2017\/04\/11\/forradarens-slut\/","og_site_name":"Tankar inf\u00f6r helgen","article_published_time":"2017-04-11T15:27:37+00:00","article_modified_time":"2019-02-28T13:21:20+00:00","author":"Kjell Dellert, pr\u00e4st","twitter_card":"summary_large_image","twitter_misc":{"Skriven av":"Kjell Dellert, pr\u00e4st","Ber\u00e4knad l\u00e4stid":"3 minuter"},"schema":{"@context":"https:\/\/schema.org","@graph":[{"@type":"Article","@id":"https:\/\/blogg.svenskakyrkan.se\/tankarinforhelgen\/2017\/04\/11\/forradarens-slut\/#article","isPartOf":{"@id":"https:\/\/blogg.svenskakyrkan.se\/tankarinforhelgen\/2017\/04\/11\/forradarens-slut\/"},"author":{"name":"Kjell Dellert, pr\u00e4st","@id":"https:\/\/blogg.svenskakyrkan.se\/tankarinforhelgen\/#\/schema\/person\/9fbb20960ac259b95769de25e0ef7002"},"headline":"F\u00f6rr\u00e4darens slut","datePublished":"2017-04-11T15:27:37+00:00","dateModified":"2019-02-28T13:21:20+00:00","mainEntityOfPage":{"@id":"https:\/\/blogg.svenskakyrkan.se\/tankarinforhelgen\/2017\/04\/11\/forradarens-slut\/"},"wordCount":647,"commentCount":1,"image":{"@id":"https:\/\/blogg.svenskakyrkan.se\/tankarinforhelgen\/2017\/04\/11\/forradarens-slut\/#primaryimage"},"thumbnailUrl":"https:\/\/blogg.svenskakyrkan.se\/tankarinforhelgen\/files\/2017\/04\/IMG_1298.jpg","keywords":["Kjell Dellert","P\u00e5skens drama","TANKARINFORHELGEN"],"articleSection":["Sk\u00e4rtorsdagen"],"inLanguage":"sv-SE","potentialAction":[{"@type":"CommentAction","name":"Comment","target":["https:\/\/blogg.svenskakyrkan.se\/tankarinforhelgen\/2017\/04\/11\/forradarens-slut\/#respond"]}]},{"@type":"WebPage","@id":"https:\/\/blogg.svenskakyrkan.se\/tankarinforhelgen\/2017\/04\/11\/forradarens-slut\/","url":"https:\/\/blogg.svenskakyrkan.se\/tankarinforhelgen\/2017\/04\/11\/forradarens-slut\/","name":"F\u00f6rr\u00e4darens slut - Tankar inf\u00f6r helgen","isPartOf":{"@id":"https:\/\/blogg.svenskakyrkan.se\/tankarinforhelgen\/#website"},"primaryImageOfPage":{"@id":"https:\/\/blogg.svenskakyrkan.se\/tankarinforhelgen\/2017\/04\/11\/forradarens-slut\/#primaryimage"},"image":{"@id":"https:\/\/blogg.svenskakyrkan.se\/tankarinforhelgen\/2017\/04\/11\/forradarens-slut\/#primaryimage"},"thumbnailUrl":"https:\/\/blogg.svenskakyrkan.se\/tankarinforhelgen\/files\/2017\/04\/IMG_1298.jpg","datePublished":"2017-04-11T15:27:37+00:00","dateModified":"2019-02-28T13:21:20+00:00","author":{"@id":"https:\/\/blogg.svenskakyrkan.se\/tankarinforhelgen\/#\/schema\/person\/9fbb20960ac259b95769de25e0ef7002"},"breadcrumb":{"@id":"https:\/\/blogg.svenskakyrkan.se\/tankarinforhelgen\/2017\/04\/11\/forradarens-slut\/#breadcrumb"},"inLanguage":"sv-SE","potentialAction":[{"@type":"ReadAction","target":["https:\/\/blogg.svenskakyrkan.se\/tankarinforhelgen\/2017\/04\/11\/forradarens-slut\/"]}]},{"@type":"ImageObject","inLanguage":"sv-SE","@id":"https:\/\/blogg.svenskakyrkan.se\/tankarinforhelgen\/2017\/04\/11\/forradarens-slut\/#primaryimage","url":"https:\/\/blogg.svenskakyrkan.se\/tankarinforhelgen\/files\/2017\/04\/IMG_1298.jpg","contentUrl":"https:\/\/blogg.svenskakyrkan.se\/tankarinforhelgen\/files\/2017\/04\/IMG_1298.jpg","width":1920,"height":1275},{"@type":"BreadcrumbList","@id":"https:\/\/blogg.svenskakyrkan.se\/tankarinforhelgen\/2017\/04\/11\/forradarens-slut\/#breadcrumb","itemListElement":[{"@type":"ListItem","position":1,"name":"Hem","item":"https:\/\/blogg.svenskakyrkan.se\/tankarinforhelgen\/"},{"@type":"ListItem","position":2,"name":"F\u00f6rr\u00e4darens slut"}]},{"@type":"WebSite","@id":"https:\/\/blogg.svenskakyrkan.se\/tankarinforhelgen\/#website","url":"https:\/\/blogg.svenskakyrkan.se\/tankarinforhelgen\/","name":"Tankar inf\u00f6r helgen","description":"Pr\u00e4ster funderar utifr\u00e5n kommande s\u00f6ndags texter","potentialAction":[{"@type":"SearchAction","target":{"@type":"EntryPoint","urlTemplate":"https:\/\/blogg.svenskakyrkan.se\/tankarinforhelgen\/?s={search_term_string}"},"query-input":{"@type":"PropertyValueSpecification","valueRequired":true,"valueName":"search_term_string"}}],"inLanguage":"sv-SE"},{"@type":"Person","@id":"https:\/\/blogg.svenskakyrkan.se\/tankarinforhelgen\/#\/schema\/person\/9fbb20960ac259b95769de25e0ef7002","name":"Kjell Dellert, pr\u00e4st","image":{"@type":"ImageObject","inLanguage":"sv-SE","@id":"https:\/\/blogg.svenskakyrkan.se\/tankarinforhelgen\/#\/schema\/person\/image\/","url":"https:\/\/secure.gravatar.com\/avatar\/23eb7a08c9ca38f9ae7525f37de54e71d121503f9420825a7029fe46ea1acba8?s=96&d=mm&r=g","contentUrl":"https:\/\/secure.gravatar.com\/avatar\/23eb7a08c9ca38f9ae7525f37de54e71d121503f9420825a7029fe46ea1acba8?s=96&d=mm&r=g","caption":"Kjell Dellert, pr\u00e4st"},"url":"https:\/\/blogg.svenskakyrkan.se\/tankarinforhelgen\/author\/kjelldellert\/"}]}},"author_meta":{"ID":"622","user_nicename":"kjelldellert","user_registered":"2017-04-29 07:18:27","display_name":"Kjell Dellert, pr\u00e4st","first_name":"Kjell","last_name":"Dellert, pr\u00e4st","avatar":"https:\/\/secure.gravatar.com\/avatar\/23eb7a08c9ca38f9ae7525f37de54e71d121503f9420825a7029fe46ea1acba8?s=96&d=mm&r=g"},"featured_image":["https:\/\/blogg.svenskakyrkan.se\/tankarinforhelgen\/files\/2017\/04\/IMG_1298-1024x680.jpg",1024,680,true],"bloginfo":{"name":"Tankar inf\u00f6r helgen","url":"https:\/\/blogg.svenskakyrkan.se\/tankarinforhelgen"},"_links":{"self":[{"href":"https:\/\/blogg.svenskakyrkan.se\/tankarinforhelgen\/wp-json\/wp\/v2\/posts\/918","targetHints":{"allow":["GET"]}}],"collection":[{"href":"https:\/\/blogg.svenskakyrkan.se\/tankarinforhelgen\/wp-json\/wp\/v2\/posts"}],"about":[{"href":"https:\/\/blogg.svenskakyrkan.se\/tankarinforhelgen\/wp-json\/wp\/v2\/types\/post"}],"author":[{"embeddable":true,"href":"https:\/\/blogg.svenskakyrkan.se\/tankarinforhelgen\/wp-json\/wp\/v2\/users\/622"}],"replies":[{"embeddable":true,"href":"https:\/\/blogg.svenskakyrkan.se\/tankarinforhelgen\/wp-json\/wp\/v2\/comments?post=918"}],"version-history":[{"count":5,"href":"https:\/\/blogg.svenskakyrkan.se\/tankarinforhelgen\/wp-json\/wp\/v2\/posts\/918\/revisions"}],"predecessor-version":[{"id":1015,"href":"https:\/\/blogg.svenskakyrkan.se\/tankarinforhelgen\/wp-json\/wp\/v2\/posts\/918\/revisions\/1015"}],"wp:featuredmedia":[{"embeddable":true,"href":"https:\/\/blogg.svenskakyrkan.se\/tankarinforhelgen\/wp-json\/wp\/v2\/media\/919"}],"wp:attachment":[{"href":"https:\/\/blogg.svenskakyrkan.se\/tankarinforhelgen\/wp-json\/wp\/v2\/media?parent=918"}],"wp:term":[{"taxonomy":"category","embeddable":true,"href":"https:\/\/blogg.svenskakyrkan.se\/tankarinforhelgen\/wp-json\/wp\/v2\/categories?post=918"},{"taxonomy":"post_tag","embeddable":true,"href":"https:\/\/blogg.svenskakyrkan.se\/tankarinforhelgen\/wp-json\/wp\/v2\/tags?post=918"}],"curies":[{"name":"wp","href":"https:\/\/api.w.org\/{rel}","templated":true}]}}