{"id":923,"date":"2017-04-12T08:08:33","date_gmt":"2017-04-12T06:08:33","guid":{"rendered":"http:\/\/blogg.svenskakyrkan.se\/tankarinforhelgen\/?p=923"},"modified":"2018-03-15T10:50:04","modified_gmt":"2018-03-15T09:50:04","slug":"var-inte-radd","status":"publish","type":"post","link":"https:\/\/blogg.svenskakyrkan.se\/tankarinforhelgen\/2017\/04\/12\/var-inte-radd\/","title":{"rendered":"Var inte r\u00e4dd"},"content":{"rendered":"<p>N\u00e4r jag k\u00e4nner mig nere eller ledsen brukar jag titta p\u00e5 videos med gulliga djurungar. Det spelar inte s\u00e5 stor roll vilken sort de \u00e4r, men ju fluffigare desto b\u00e4ttre (fast pyttekrokodiler \u00e4r r\u00e4tt s\u00f6ta de med). De \u00e4r ju liksom skapade f\u00f6r att f\u00e5 alla att k\u00e4nna \u00f6mhet mot dem. Stora \u00f6gon, mjuk p\u00e4ls, klumpiga r\u00f6relser. Jag klickar mig fram genom video efter video. Det finns massor. Jag \u00e4r inte ensam om min fluffiga djurungar-behandling.<\/p>\n<p>Jag har v\u00e4nner som ist\u00e4llet \u00e4gnar sig \u00e5t att systematisera sin f\u00f6rvaring hemma, eller odla massor med krukv\u00e4xter, eller m\u00e5la tavlor. Ytterligare andra stickar f\u00f6r att hantera sin \u00e5ngest och depression. Det \u00e4r n\u00e5gonting med det mjuka garnet, de vackra f\u00e4rgerna, med att se n\u00e5gonting v\u00e4xa fram, att g\u00f6ra n\u00e5got med h\u00e4nderna, som hj\u00e4lper.<\/p>\n<p>F\u00f6r en tid sedan s\u00e5g jag en m\u00e5lning av beb\u00e5delsen, d\u00e4r Maria h\u00e5ller en stickning n\u00e4r \u00e4ngeln bes\u00f6ker henne. Jag funderade p\u00e5 om hon blev irriterad \u00f6ver avbrottet, kanske var hon mitt i r\u00e4knandet av r\u00e4ta och aviga maskor? Sedan blev jag glad, och t\u00e4nkte mig henne stickandes graviditeten igenom, under v\u00e4rkarbetet, och sedan under flykten till Egypten. Kanske hon stickade till sin son hela livet? Kanske stickade hon mjuka sm\u00e5 babyplagg till barnbarn hon aldrig fick? Och kanske, t\u00e4nkte jag till slut, gr\u00e4t hon ner i stickningen under de m\u00f6rka och tysta dygn d\u00e5 hennes son var d\u00f6d. Hur hennes fingrar n\u00e4stan mekaniskt lade garnet om stickan, hur l\u00e4pparna r\u00f6rde sig n\u00e4r hon tyst r\u00e4knade, hur garnet l\u00f6pte mellan fingrarna. Mjukt, och \u00e4nd\u00e5 s\u00e5 helt utan tr\u00f6st. Maska efter maska. Andetag efter andetag.<\/p>\n<p>En vill ju g\u00f6ra n\u00e5got. N\u00e5gonting som hj\u00e4lper en att leva en timme till.<\/p>\n<p>Och sen. Sen ser jag stickningen ligga d\u00e4r \u00f6vergiven. Grovt hemspunnet yllegarn i ett nystan som farit ner p\u00e5 golvet och rullat iv\u00e4g n\u00e4r hon rest sig upp i all hast. En sticka som glidit ur maskorna, men det spelar inte l\u00e4ngre n\u00e5gon roll. Solstr\u00e5larna glider \u00f6ver golvet, och en mamma h\u00e5ller om sin vuxne son. Han var d\u00f6d, men han lever. Hon som hade gett upp, hon som hade k\u00e4nt sv\u00e4rdet g\u00e5 rakt igenom sin sj\u00e4l, fick sj\u00e4lv livet \u00e5ter.<\/p>\n<p>Det finns ingen bibeltext som \u00e5terger Marias m\u00f6te med den uppst\u00e5ndne Jesus. Hon verkar inte vara med bland kvinnorna som g\u00e5r till graven. Inte heller n\u00e4mns hon bland l\u00e4rjungarna. Jag t\u00e4nker mig att hennes m\u00f6te med sin son var privat. Jag t\u00e4nker mig att han kom till henne innan l\u00e4rjungarna. Jag t\u00e4nker mig t\u00e5rar och ofattbar gl\u00e4dje, en l\u00e4ttnad st\u00f6rre \u00e4n ord. Jag t\u00e4nker mig att hon kysste hans kinder, att hon str\u00f6k hans h\u00e5r, h\u00f6ll honom n\u00e4ra sig. Och hur han omfamnade henne, hur han viskade: \u201dVar inte r\u00e4dd, mamma, var inte r\u00e4dd. Jag \u00e4r h\u00e4r nu.\u201d<\/p>\n<p>Han viskar till henne, han viskar till oss. \u201dVar inte r\u00e4dda. Jag \u00e4r h\u00e4r nu.\u201d F\u00f6r det finns inte l\u00e4ngre n\u00e5gon anledning att frukta d\u00f6den. Den \u00e4r fortfarande en verklighet, och den g\u00f6r oss fortfarande illa. Men den har f\u00f6rlorat kampen om oss, f\u00f6r alltid, en solig morgon i Jerusalem \u00e5r 33.<\/p>\n<p>Maria Bergius, pr\u00e4st<\/p>\n","protected":false},"excerpt":{"rendered":"<p>N\u00e4r jag k\u00e4nner mig nere eller ledsen brukar jag titta p\u00e5 videos med gulliga djurungar. Det spelar inte s\u00e5 stor roll vilken sort de \u00e4r, men ju fluffigare desto b\u00e4ttre (fast pyttekrokodiler \u00e4r r\u00e4tt s\u00f6ta de med). De \u00e4r ju liksom skapade f\u00f6r att f\u00e5 alla att k\u00e4nna \u00f6mhet mot dem. Stora \u00f6gon, mjuk p\u00e4ls, [&hellip;]<\/p>\n","protected":false},"author":606,"featured_media":925,"comment_status":"open","ping_status":"open","sticky":false,"template":"","format":"standard","meta":{"_acf_changed":false,"footnotes":""},"categories":[74330],"tags":[141795,159852,142457],"class_list":["post-923","post","type-post","status-publish","format-standard","has-post-thumbnail","hentry","category-paskdagen","tag-maria-bergius","tag-paskens-drama","tag-tankarinforhelgen"],"acf":[],"yoast_head":"<!-- This site is optimized with the Yoast SEO plugin v27.1.1 - https:\/\/yoast.com\/product\/yoast-seo-wordpress\/ -->\n<title>Var inte r\u00e4dd - Tankar inf\u00f6r helgen<\/title>\n<meta name=\"robots\" content=\"index, follow, max-snippet:-1, max-image-preview:large, max-video-preview:-1\" \/>\n<link rel=\"canonical\" href=\"https:\/\/blogg.svenskakyrkan.se\/tankarinforhelgen\/2017\/04\/12\/var-inte-radd\/\" \/>\n<meta property=\"og:locale\" content=\"sv_SE\" \/>\n<meta property=\"og:type\" content=\"article\" \/>\n<meta property=\"og:title\" content=\"Var inte r\u00e4dd - Tankar inf\u00f6r helgen\" \/>\n<meta property=\"og:description\" content=\"N\u00e4r jag k\u00e4nner mig nere eller ledsen brukar jag titta p\u00e5 videos med gulliga djurungar. Det spelar inte s\u00e5 stor roll vilken sort de \u00e4r, men ju fluffigare desto b\u00e4ttre (fast pyttekrokodiler \u00e4r r\u00e4tt s\u00f6ta de med). De \u00e4r ju liksom skapade f\u00f6r att f\u00e5 alla att k\u00e4nna \u00f6mhet mot dem. Stora \u00f6gon, mjuk p\u00e4ls, [&hellip;]\" \/>\n<meta property=\"og:url\" content=\"https:\/\/blogg.svenskakyrkan.se\/tankarinforhelgen\/2017\/04\/12\/var-inte-radd\/\" \/>\n<meta property=\"og:site_name\" content=\"Tankar inf\u00f6r helgen\" \/>\n<meta property=\"article:published_time\" content=\"2017-04-12T06:08:33+00:00\" \/>\n<meta property=\"article:modified_time\" content=\"2018-03-15T09:50:04+00:00\" \/>\n<meta name=\"author\" content=\"Maria Bergius, pr\u00e4st\" \/>\n<meta name=\"twitter:card\" content=\"summary_large_image\" \/>\n<meta name=\"twitter:label1\" content=\"Skriven av\" \/>\n\t<meta name=\"twitter:data1\" content=\"Maria Bergius, pr\u00e4st\" \/>\n\t<meta name=\"twitter:label2\" content=\"Ber\u00e4knad l\u00e4stid\" \/>\n\t<meta name=\"twitter:data2\" content=\"3 minuter\" \/>\n<script type=\"application\/ld+json\" class=\"yoast-schema-graph\">{\"@context\":\"https:\/\/schema.org\",\"@graph\":[{\"@type\":\"Article\",\"@id\":\"https:\/\/blogg.svenskakyrkan.se\/tankarinforhelgen\/2017\/04\/12\/var-inte-radd\/#article\",\"isPartOf\":{\"@id\":\"https:\/\/blogg.svenskakyrkan.se\/tankarinforhelgen\/2017\/04\/12\/var-inte-radd\/\"},\"author\":{\"name\":\"Maria Bergius, pr\u00e4st\",\"@id\":\"https:\/\/blogg.svenskakyrkan.se\/tankarinforhelgen\/#\/schema\/person\/51402ee78d61b200104320043c6474b5\"},\"headline\":\"Var inte r\u00e4dd\",\"datePublished\":\"2017-04-12T06:08:33+00:00\",\"dateModified\":\"2018-03-15T09:50:04+00:00\",\"mainEntityOfPage\":{\"@id\":\"https:\/\/blogg.svenskakyrkan.se\/tankarinforhelgen\/2017\/04\/12\/var-inte-radd\/\"},\"wordCount\":609,\"commentCount\":1,\"image\":{\"@id\":\"https:\/\/blogg.svenskakyrkan.se\/tankarinforhelgen\/2017\/04\/12\/var-inte-radd\/#primaryimage\"},\"thumbnailUrl\":\"https:\/\/blogg.svenskakyrkan.se\/tankarinforhelgen\/files\/2017\/04\/IMG_1299.jpg\",\"keywords\":[\"Maria Bergius\",\"P\u00e5skens drama\",\"TANKARINFORHELGEN\"],\"articleSection\":[\"P\u00e5skdagen\"],\"inLanguage\":\"sv-SE\",\"potentialAction\":[{\"@type\":\"CommentAction\",\"name\":\"Comment\",\"target\":[\"https:\/\/blogg.svenskakyrkan.se\/tankarinforhelgen\/2017\/04\/12\/var-inte-radd\/#respond\"]}]},{\"@type\":\"WebPage\",\"@id\":\"https:\/\/blogg.svenskakyrkan.se\/tankarinforhelgen\/2017\/04\/12\/var-inte-radd\/\",\"url\":\"https:\/\/blogg.svenskakyrkan.se\/tankarinforhelgen\/2017\/04\/12\/var-inte-radd\/\",\"name\":\"Var inte r\u00e4dd - Tankar inf\u00f6r helgen\",\"isPartOf\":{\"@id\":\"https:\/\/blogg.svenskakyrkan.se\/tankarinforhelgen\/#website\"},\"primaryImageOfPage\":{\"@id\":\"https:\/\/blogg.svenskakyrkan.se\/tankarinforhelgen\/2017\/04\/12\/var-inte-radd\/#primaryimage\"},\"image\":{\"@id\":\"https:\/\/blogg.svenskakyrkan.se\/tankarinforhelgen\/2017\/04\/12\/var-inte-radd\/#primaryimage\"},\"thumbnailUrl\":\"https:\/\/blogg.svenskakyrkan.se\/tankarinforhelgen\/files\/2017\/04\/IMG_1299.jpg\",\"datePublished\":\"2017-04-12T06:08:33+00:00\",\"dateModified\":\"2018-03-15T09:50:04+00:00\",\"author\":{\"@id\":\"https:\/\/blogg.svenskakyrkan.se\/tankarinforhelgen\/#\/schema\/person\/51402ee78d61b200104320043c6474b5\"},\"breadcrumb\":{\"@id\":\"https:\/\/blogg.svenskakyrkan.se\/tankarinforhelgen\/2017\/04\/12\/var-inte-radd\/#breadcrumb\"},\"inLanguage\":\"sv-SE\",\"potentialAction\":[{\"@type\":\"ReadAction\",\"target\":[\"https:\/\/blogg.svenskakyrkan.se\/tankarinforhelgen\/2017\/04\/12\/var-inte-radd\/\"]}]},{\"@type\":\"ImageObject\",\"inLanguage\":\"sv-SE\",\"@id\":\"https:\/\/blogg.svenskakyrkan.se\/tankarinforhelgen\/2017\/04\/12\/var-inte-radd\/#primaryimage\",\"url\":\"https:\/\/blogg.svenskakyrkan.se\/tankarinforhelgen\/files\/2017\/04\/IMG_1299.jpg\",\"contentUrl\":\"https:\/\/blogg.svenskakyrkan.se\/tankarinforhelgen\/files\/2017\/04\/IMG_1299.jpg\",\"width\":1920,\"height\":1440},{\"@type\":\"BreadcrumbList\",\"@id\":\"https:\/\/blogg.svenskakyrkan.se\/tankarinforhelgen\/2017\/04\/12\/var-inte-radd\/#breadcrumb\",\"itemListElement\":[{\"@type\":\"ListItem\",\"position\":1,\"name\":\"Hem\",\"item\":\"https:\/\/blogg.svenskakyrkan.se\/tankarinforhelgen\/\"},{\"@type\":\"ListItem\",\"position\":2,\"name\":\"Var inte r\u00e4dd\"}]},{\"@type\":\"WebSite\",\"@id\":\"https:\/\/blogg.svenskakyrkan.se\/tankarinforhelgen\/#website\",\"url\":\"https:\/\/blogg.svenskakyrkan.se\/tankarinforhelgen\/\",\"name\":\"Tankar inf\u00f6r helgen\",\"description\":\"Pr\u00e4ster funderar utifr\u00e5n kommande s\u00f6ndags texter\",\"potentialAction\":[{\"@type\":\"SearchAction\",\"target\":{\"@type\":\"EntryPoint\",\"urlTemplate\":\"https:\/\/blogg.svenskakyrkan.se\/tankarinforhelgen\/?s={search_term_string}\"},\"query-input\":{\"@type\":\"PropertyValueSpecification\",\"valueRequired\":true,\"valueName\":\"search_term_string\"}}],\"inLanguage\":\"sv-SE\"},{\"@type\":\"Person\",\"@id\":\"https:\/\/blogg.svenskakyrkan.se\/tankarinforhelgen\/#\/schema\/person\/51402ee78d61b200104320043c6474b5\",\"name\":\"Maria Bergius, pr\u00e4st\",\"image\":{\"@type\":\"ImageObject\",\"inLanguage\":\"sv-SE\",\"@id\":\"https:\/\/blogg.svenskakyrkan.se\/tankarinforhelgen\/#\/schema\/person\/image\/\",\"url\":\"https:\/\/secure.gravatar.com\/avatar\/624463bbbe48169ec9693e665d4198400fd71f79652705d0ff2f62aa3878a59b?s=96&d=mm&r=g\",\"contentUrl\":\"https:\/\/secure.gravatar.com\/avatar\/624463bbbe48169ec9693e665d4198400fd71f79652705d0ff2f62aa3878a59b?s=96&d=mm&r=g\",\"caption\":\"Maria Bergius, pr\u00e4st\"},\"url\":\"https:\/\/blogg.svenskakyrkan.se\/tankarinforhelgen\/author\/mariabergius\/\"}]}<\/script>\n<!-- \/ Yoast SEO plugin. -->","yoast_head_json":{"title":"Var inte r\u00e4dd - Tankar inf\u00f6r helgen","robots":{"index":"index","follow":"follow","max-snippet":"max-snippet:-1","max-image-preview":"max-image-preview:large","max-video-preview":"max-video-preview:-1"},"canonical":"https:\/\/blogg.svenskakyrkan.se\/tankarinforhelgen\/2017\/04\/12\/var-inte-radd\/","og_locale":"sv_SE","og_type":"article","og_title":"Var inte r\u00e4dd - Tankar inf\u00f6r helgen","og_description":"N\u00e4r jag k\u00e4nner mig nere eller ledsen brukar jag titta p\u00e5 videos med gulliga djurungar. Det spelar inte s\u00e5 stor roll vilken sort de \u00e4r, men ju fluffigare desto b\u00e4ttre (fast pyttekrokodiler \u00e4r r\u00e4tt s\u00f6ta de med). De \u00e4r ju liksom skapade f\u00f6r att f\u00e5 alla att k\u00e4nna \u00f6mhet mot dem. Stora \u00f6gon, mjuk p\u00e4ls, [&hellip;]","og_url":"https:\/\/blogg.svenskakyrkan.se\/tankarinforhelgen\/2017\/04\/12\/var-inte-radd\/","og_site_name":"Tankar inf\u00f6r helgen","article_published_time":"2017-04-12T06:08:33+00:00","article_modified_time":"2018-03-15T09:50:04+00:00","author":"Maria Bergius, pr\u00e4st","twitter_card":"summary_large_image","twitter_misc":{"Skriven av":"Maria Bergius, pr\u00e4st","Ber\u00e4knad l\u00e4stid":"3 minuter"},"schema":{"@context":"https:\/\/schema.org","@graph":[{"@type":"Article","@id":"https:\/\/blogg.svenskakyrkan.se\/tankarinforhelgen\/2017\/04\/12\/var-inte-radd\/#article","isPartOf":{"@id":"https:\/\/blogg.svenskakyrkan.se\/tankarinforhelgen\/2017\/04\/12\/var-inte-radd\/"},"author":{"name":"Maria Bergius, pr\u00e4st","@id":"https:\/\/blogg.svenskakyrkan.se\/tankarinforhelgen\/#\/schema\/person\/51402ee78d61b200104320043c6474b5"},"headline":"Var inte r\u00e4dd","datePublished":"2017-04-12T06:08:33+00:00","dateModified":"2018-03-15T09:50:04+00:00","mainEntityOfPage":{"@id":"https:\/\/blogg.svenskakyrkan.se\/tankarinforhelgen\/2017\/04\/12\/var-inte-radd\/"},"wordCount":609,"commentCount":1,"image":{"@id":"https:\/\/blogg.svenskakyrkan.se\/tankarinforhelgen\/2017\/04\/12\/var-inte-radd\/#primaryimage"},"thumbnailUrl":"https:\/\/blogg.svenskakyrkan.se\/tankarinforhelgen\/files\/2017\/04\/IMG_1299.jpg","keywords":["Maria Bergius","P\u00e5skens drama","TANKARINFORHELGEN"],"articleSection":["P\u00e5skdagen"],"inLanguage":"sv-SE","potentialAction":[{"@type":"CommentAction","name":"Comment","target":["https:\/\/blogg.svenskakyrkan.se\/tankarinforhelgen\/2017\/04\/12\/var-inte-radd\/#respond"]}]},{"@type":"WebPage","@id":"https:\/\/blogg.svenskakyrkan.se\/tankarinforhelgen\/2017\/04\/12\/var-inte-radd\/","url":"https:\/\/blogg.svenskakyrkan.se\/tankarinforhelgen\/2017\/04\/12\/var-inte-radd\/","name":"Var inte r\u00e4dd - Tankar inf\u00f6r helgen","isPartOf":{"@id":"https:\/\/blogg.svenskakyrkan.se\/tankarinforhelgen\/#website"},"primaryImageOfPage":{"@id":"https:\/\/blogg.svenskakyrkan.se\/tankarinforhelgen\/2017\/04\/12\/var-inte-radd\/#primaryimage"},"image":{"@id":"https:\/\/blogg.svenskakyrkan.se\/tankarinforhelgen\/2017\/04\/12\/var-inte-radd\/#primaryimage"},"thumbnailUrl":"https:\/\/blogg.svenskakyrkan.se\/tankarinforhelgen\/files\/2017\/04\/IMG_1299.jpg","datePublished":"2017-04-12T06:08:33+00:00","dateModified":"2018-03-15T09:50:04+00:00","author":{"@id":"https:\/\/blogg.svenskakyrkan.se\/tankarinforhelgen\/#\/schema\/person\/51402ee78d61b200104320043c6474b5"},"breadcrumb":{"@id":"https:\/\/blogg.svenskakyrkan.se\/tankarinforhelgen\/2017\/04\/12\/var-inte-radd\/#breadcrumb"},"inLanguage":"sv-SE","potentialAction":[{"@type":"ReadAction","target":["https:\/\/blogg.svenskakyrkan.se\/tankarinforhelgen\/2017\/04\/12\/var-inte-radd\/"]}]},{"@type":"ImageObject","inLanguage":"sv-SE","@id":"https:\/\/blogg.svenskakyrkan.se\/tankarinforhelgen\/2017\/04\/12\/var-inte-radd\/#primaryimage","url":"https:\/\/blogg.svenskakyrkan.se\/tankarinforhelgen\/files\/2017\/04\/IMG_1299.jpg","contentUrl":"https:\/\/blogg.svenskakyrkan.se\/tankarinforhelgen\/files\/2017\/04\/IMG_1299.jpg","width":1920,"height":1440},{"@type":"BreadcrumbList","@id":"https:\/\/blogg.svenskakyrkan.se\/tankarinforhelgen\/2017\/04\/12\/var-inte-radd\/#breadcrumb","itemListElement":[{"@type":"ListItem","position":1,"name":"Hem","item":"https:\/\/blogg.svenskakyrkan.se\/tankarinforhelgen\/"},{"@type":"ListItem","position":2,"name":"Var inte r\u00e4dd"}]},{"@type":"WebSite","@id":"https:\/\/blogg.svenskakyrkan.se\/tankarinforhelgen\/#website","url":"https:\/\/blogg.svenskakyrkan.se\/tankarinforhelgen\/","name":"Tankar inf\u00f6r helgen","description":"Pr\u00e4ster funderar utifr\u00e5n kommande s\u00f6ndags texter","potentialAction":[{"@type":"SearchAction","target":{"@type":"EntryPoint","urlTemplate":"https:\/\/blogg.svenskakyrkan.se\/tankarinforhelgen\/?s={search_term_string}"},"query-input":{"@type":"PropertyValueSpecification","valueRequired":true,"valueName":"search_term_string"}}],"inLanguage":"sv-SE"},{"@type":"Person","@id":"https:\/\/blogg.svenskakyrkan.se\/tankarinforhelgen\/#\/schema\/person\/51402ee78d61b200104320043c6474b5","name":"Maria Bergius, pr\u00e4st","image":{"@type":"ImageObject","inLanguage":"sv-SE","@id":"https:\/\/blogg.svenskakyrkan.se\/tankarinforhelgen\/#\/schema\/person\/image\/","url":"https:\/\/secure.gravatar.com\/avatar\/624463bbbe48169ec9693e665d4198400fd71f79652705d0ff2f62aa3878a59b?s=96&d=mm&r=g","contentUrl":"https:\/\/secure.gravatar.com\/avatar\/624463bbbe48169ec9693e665d4198400fd71f79652705d0ff2f62aa3878a59b?s=96&d=mm&r=g","caption":"Maria Bergius, pr\u00e4st"},"url":"https:\/\/blogg.svenskakyrkan.se\/tankarinforhelgen\/author\/mariabergius\/"}]}},"author_meta":{"ID":"606","user_nicename":"mariabergius","user_registered":"2017-01-20 18:04:44","display_name":"Maria Bergius, pr\u00e4st","first_name":"Maria","last_name":"Bergius, pr\u00e4st","avatar":"https:\/\/secure.gravatar.com\/avatar\/624463bbbe48169ec9693e665d4198400fd71f79652705d0ff2f62aa3878a59b?s=96&d=mm&r=g"},"featured_image":["https:\/\/blogg.svenskakyrkan.se\/tankarinforhelgen\/files\/2017\/04\/IMG_1299-1024x768.jpg",1024,768,true],"bloginfo":{"name":"Tankar inf\u00f6r helgen","url":"https:\/\/blogg.svenskakyrkan.se\/tankarinforhelgen"},"_links":{"self":[{"href":"https:\/\/blogg.svenskakyrkan.se\/tankarinforhelgen\/wp-json\/wp\/v2\/posts\/923","targetHints":{"allow":["GET"]}}],"collection":[{"href":"https:\/\/blogg.svenskakyrkan.se\/tankarinforhelgen\/wp-json\/wp\/v2\/posts"}],"about":[{"href":"https:\/\/blogg.svenskakyrkan.se\/tankarinforhelgen\/wp-json\/wp\/v2\/types\/post"}],"author":[{"embeddable":true,"href":"https:\/\/blogg.svenskakyrkan.se\/tankarinforhelgen\/wp-json\/wp\/v2\/users\/606"}],"replies":[{"embeddable":true,"href":"https:\/\/blogg.svenskakyrkan.se\/tankarinforhelgen\/wp-json\/wp\/v2\/comments?post=923"}],"version-history":[{"count":5,"href":"https:\/\/blogg.svenskakyrkan.se\/tankarinforhelgen\/wp-json\/wp\/v2\/posts\/923\/revisions"}],"predecessor-version":[{"id":1014,"href":"https:\/\/blogg.svenskakyrkan.se\/tankarinforhelgen\/wp-json\/wp\/v2\/posts\/923\/revisions\/1014"}],"wp:featuredmedia":[{"embeddable":true,"href":"https:\/\/blogg.svenskakyrkan.se\/tankarinforhelgen\/wp-json\/wp\/v2\/media\/925"}],"wp:attachment":[{"href":"https:\/\/blogg.svenskakyrkan.se\/tankarinforhelgen\/wp-json\/wp\/v2\/media?parent=923"}],"wp:term":[{"taxonomy":"category","embeddable":true,"href":"https:\/\/blogg.svenskakyrkan.se\/tankarinforhelgen\/wp-json\/wp\/v2\/categories?post=923"},{"taxonomy":"post_tag","embeddable":true,"href":"https:\/\/blogg.svenskakyrkan.se\/tankarinforhelgen\/wp-json\/wp\/v2\/tags?post=923"}],"curies":[{"name":"wp","href":"https:\/\/api.w.org\/{rel}","templated":true}]}}