{"id":5656,"date":"2026-08-31T16:04:27","date_gmt":"2026-08-31T14:04:27","guid":{"rendered":"https:\/\/blogg.svenskakyrkan.se\/utbyte\/?p=5656"},"modified":"2026-08-31T16:05:46","modified_gmt":"2026-08-31T14:05:46","slug":"mot-valentina-fran-lund-till-filippinerna","status":"publish","type":"post","link":"https:\/\/blogg.svenskakyrkan.se\/utbyte\/2026\/08\/31\/mot-valentina-fran-lund-till-filippinerna\/","title":{"rendered":"M\u00f6t Valentina: fr\u00e5n Lund till Filippinerna"},"content":{"rendered":"\n<p class=\"is-style-intro\">I ett antal inl\u00e4gg fram\u00f6ver presenterar sig 2026 \u00e5rs svenska deltagare i\u00a0<em>Ung i den v\u00e4rldsvida kyrkan<\/em>. De \u00e4r p\u00e5 sina utbyten under september till november. H\u00e4r m\u00f6ter du Valentina M. Sundelius som reser fr\u00e5n Lunds stift till Filippinerna.<\/p>\n\n\n<figure class=\"wp-block-post-featured-image\"><img loading=\"lazy\" decoding=\"async\" width=\"800\" height=\"534\" src=\"https:\/\/blogg.svenskakyrkan.se\/utbyte\/files\/2026\/08\/Valentina.jpg\" class=\"attachment-post-thumbnail size-post-thumbnail wp-post-image\" alt=\"\" style=\"object-fit:cover;\" srcset=\"https:\/\/blogg.svenskakyrkan.se\/utbyte\/files\/2026\/08\/Valentina.jpg 800w, https:\/\/blogg.svenskakyrkan.se\/utbyte\/files\/2026\/08\/Valentina-300x200.jpg 300w, https:\/\/blogg.svenskakyrkan.se\/utbyte\/files\/2026\/08\/Valentina-768x513.jpg 768w\" sizes=\"auto, (max-width: 800px) 100vw, 800px\" \/><\/figure>\n\n\n<p><em>Hej! Mitt namn \u00e4r Valentina Massoudi Sundelius och jag \u00e4r 24 \u00e5r gammal. Jag \u00e4r en av<br>tv\u00e5 deltagare fr\u00e5n Lunds stift. I skrivande stund sitter jag p\u00e5 golvet, omringad av<br>v\u00e4skor packade f\u00f6r att ta mig ut p\u00e5 \u00e4ventyr. F\u00f6rst v\u00e4ntar avresekurs i R\u00e4ttvik och<br>sedan tre m\u00e5nader i Filippinerna. En k\u00e4nsla av pirr, nervositet och exaltation fyller<br>mig.<\/em><\/p>\n\n\n\n<p>Jag har precis avslutat studentlivet och tagit logopedexamen fr\u00e5n Lunds universitet. I<br>dagsl\u00e4get \u00e4r jag engagerad i Veber\u00f6ds f\u00f6rsamling. Under tidigare somrar har jag<br>jobbat som kyrkog\u00e5rdsarbetare d\u00e4r, och jag har engagerat mig ideellt i f\u00f6rsamlingens<br>olika verksamheter samt jobbat i kyrkovalet 2025. M\u00f6tet mellan m\u00e4nniskor \u00e4r v\u00e4ldigt roligt, och jag ser det som en av kyrkans starkaste tillg\u00e5ngar.<\/p>\n\n\n\n<blockquote class=\"wp-block-quote is-layout-flow wp-block-quote-is-layout-flow\">\n<p> N\u00e4r jag var pytteliten gick jag p\u00e5 kyrkans barntimmar, sedan blev det s\u00f6ndagsskola, barnkyrkok\u00f6r, konfirmand och konfirmandledare, sommarjobb som kyrkog\u00e5rdsarbetare och nu stipendiat i Ung i den v\u00e4rldsvida kyrkan.<\/p>\n<\/blockquote>\n\n\n\n<p>Jag \u00e4r uppvuxen i kyrkan d\u00e5 min mamma \u00e4r pr\u00e4st, och s\u00e5 l\u00e4nge jag kan minnas har<br>jag tyckt det varit roligt att m\u00f6ta olika m\u00e4nniskor d\u00e4r. Allt ifr\u00e5n syf\u00f6reningsdamerna till<br>dem i min egen \u00e5lder och yngre. Kyrkan har f\u00f6ljt mig genom hela livet. N\u00e4r jag var pytteliten gick jag p\u00e5 kyrkans barntimmar, sedan blev det s\u00f6ndagsskola, barnkyrkok\u00f6r, konfirmand och konfirmandledare, sommarjobb som kyrkog\u00e5rdsarbetare och nu stipendiat i Ung i den v\u00e4rldsvida kyrkan. Min uppv\u00e4xt i kyrkan har nog ocks\u00e5 avspeglat sig i mitt val av yrke som logoped \u2013 ett jobb d\u00e4r man f\u00e5r tr\u00e4ffa m\u00e4nniskor i alla \u00e5ldrar och med olika bakgrund.<\/p>\n\n\n\n<figure class=\"wp-block-image size-full\"><a href=\"https:\/\/blogg.svenskakyrkan.se\/utbyte\/files\/2026\/08\/Alla.jpg\"><img loading=\"lazy\" decoding=\"async\" width=\"800\" height=\"534\" src=\"https:\/\/blogg.svenskakyrkan.se\/utbyte\/files\/2026\/08\/Alla.jpg\" alt=\"\" class=\"wp-image-5659\" srcset=\"https:\/\/blogg.svenskakyrkan.se\/utbyte\/files\/2026\/08\/Alla.jpg 800w, https:\/\/blogg.svenskakyrkan.se\/utbyte\/files\/2026\/08\/Alla-300x200.jpg 300w, https:\/\/blogg.svenskakyrkan.se\/utbyte\/files\/2026\/08\/Alla-768x513.jpg 768w\" sizes=\"auto, (max-width: 800px) 100vw, 800px\" \/><\/a><\/figure>\n\n\n\n<p>F\u00f6rsta g\u00e5ngen jag h\u00f6rde talas om Ung i den v\u00e4rldsvida kyrkan var f\u00f6r lite drygt fem<br>\u00e5r sedan. Jag har alltid haft en l\u00e4ngtan att ge mig ut i v\u00e4rlden, leva och bo p\u00e5 andra<br>st\u00e4llen. N\u00e4r jag f\u00f6rst h\u00f6rde talas som programmet var det pausat p\u00e5 grund<br>av pandemin, men jag sade till mig sj\u00e4lv att n\u00e4r jag har pluggat klart p\u00e5 universitetet<br>ska jag s\u00f6ka\u2026 <em>and here we are!<\/em><\/p>\n\n\n\n<blockquote class=\"wp-block-quote is-layout-flow wp-block-quote-is-layout-flow\">\n<p> N\u00e4r jag fick reda p\u00e5 att jag hade kommit med gav jag mig sj\u00e4lv ett l\u00f6fte: jag ska h\u00e4nge mig till detta utbyte och l\u00e5ta det drabba mig. D\u00e4rf\u00f6r v\u00e4ljer jag att se dessa farh\u00e5gor som moln som bara flyger f\u00f6rbi. <\/p>\n<\/blockquote>\n\n\n\n<h3 class=\"wp-block-heading\">Pirr och tacksamhet<\/h3>\n\n\n\n<p>Jag k\u00e4nner mig s\u00e5 tacksam f\u00f6r att jag har f\u00e5tt denna chans, och jag hoppas kunna<br>f\u00f6rvalta den p\u00e5 ett bra s\u00e4tt. Det ska bli s\u00e5 sp\u00e4nnande att f\u00e5 ta del av ett annat s\u00e4tt att<br>leva, tr\u00e4ffa nya m\u00e4nniskor och f\u00e5 uppleva fina m\u00f6ten. Men n\u00e5gonstans mitt i all<br>denna exaltation och pirr finns ocks\u00e5 en k\u00e4nsla av nervositet, oro och FOMO (fear of<br>missing out). Jag ska s\u00e5 l\u00e5ngt hemifr\u00e5n till ett helt nytt land. T\u00e4nk om jag blir sjuk?<br>Eller, Gud f\u00f6rbjude, att n\u00e5gon d\u00e4r hemma blir sjuk n\u00e4r jag \u00e4r s\u00e5 l\u00e5ngt borta? T\u00e4nk om<br>heml\u00e4ngtan blir f\u00f6r mycket? Saknaden att vara en del av vardagen hemma. Men det<br>\u00e4r lite det som jag tycker g\u00f6r resan extra sp\u00e4nnande, jag kommer skapa en ny<br>vardag i Filippinerna. <\/p>\n\n\n\n<p>N\u00e4r jag fick reda p\u00e5 att jag hade kommit med gav jag mig sj\u00e4lv ett l\u00f6fte: jag ska h\u00e4nge mig till detta utbyte och l\u00e5ta det drabba mig. D\u00e4rf\u00f6r v\u00e4ljer jag att se dessa farh\u00e5gor som moln som bara flyger f\u00f6rbi. Den fj\u00e4rde september b\u00e4r det av och jag kommer bara l\u00e5ta det drabba mig, s\u00e5 f\u00e5r vi se vad som h\u00e4nder\u2026<\/p>\n\n\n\n<p>F\u00f6lj g\u00e4rna mig och min medresen\u00e4rer under v\u00e5r resa p\u00e5 Instagram: @mubahaysisters och @ungivarldsvida<\/p>\n\n\n\n<p>&#8211; Valentina<\/p>\n\n\n\n<p><\/p>\n\n\n\n<p><\/p>\n","protected":false},"excerpt":{"rendered":"<p> N\u00e4r jag fick reda p\u00e5 att jag hade kommit med gav jag mig sj\u00e4lv ett l\u00f6fte: jag ska h\u00e4nge mig till detta utbyte och l\u00e5ta det drabba mig. D\u00e4rf\u00f6r v\u00e4ljer jag att se dessa farh\u00e5gor som moln som bara flyger f\u00f6rbi.<\/p>\n","protected":false},"author":696,"featured_media":5657,"comment_status":"closed","ping_status":"open","sticky":false,"template":"","format":"standard","meta":{"_acf_changed":false,"footnotes":""},"categories":[10120,8625],"tags":[124005,124003,124004],"class_list":["post-5656","post","type-post","status-publish","format-standard","has-post-thumbnail","hentry","category-filippinerna","category-sverige","tag-filippinerna","tag-uivvk","tag-utbyte"],"acf":[],"yoast_head":"<!-- This site is optimized with the Yoast SEO plugin v27.1.1 - https:\/\/yoast.com\/product\/yoast-seo-wordpress\/ -->\n<title>M\u00f6t Valentina: fr\u00e5n Lund till Filippinerna - I n\u00e5gon annans vardag<\/title>\n<meta name=\"robots\" content=\"index, follow, max-snippet:-1, max-image-preview:large, max-video-preview:-1\" \/>\n<link rel=\"canonical\" href=\"https:\/\/blogg.svenskakyrkan.se\/utbyte\/2026\/08\/31\/mot-valentina-fran-lund-till-filippinerna\/\" \/>\n<meta property=\"og:locale\" content=\"sv_SE\" \/>\n<meta property=\"og:type\" content=\"article\" \/>\n<meta property=\"og:title\" content=\"M\u00f6t Valentina: fr\u00e5n Lund till Filippinerna - I n\u00e5gon annans vardag\" \/>\n<meta property=\"og:description\" content=\"N\u00e4r jag fick reda p\u00e5 att jag hade kommit med gav jag mig sj\u00e4lv ett l\u00f6fte: jag ska h\u00e4nge mig till detta utbyte och l\u00e5ta det drabba mig. D\u00e4rf\u00f6r v\u00e4ljer jag att se dessa farh\u00e5gor som moln som bara flyger f\u00f6rbi.\" \/>\n<meta property=\"og:url\" content=\"https:\/\/blogg.svenskakyrkan.se\/utbyte\/2026\/08\/31\/mot-valentina-fran-lund-till-filippinerna\/\" \/>\n<meta property=\"og:site_name\" content=\"I n\u00e5gon annans vardag\" \/>\n<meta property=\"article:published_time\" content=\"2026-08-31T14:04:27+00:00\" \/>\n<meta property=\"article:modified_time\" content=\"2026-08-31T14:05:46+00:00\" \/>\n<meta property=\"og:image\" content=\"http:\/\/blogg.svenskakyrkan.se\/utbyte\/files\/2026\/08\/Valentina.jpg\" \/>\n\t<meta property=\"og:image:width\" content=\"800\" \/>\n\t<meta property=\"og:image:height\" content=\"534\" \/>\n\t<meta property=\"og:image:type\" content=\"image\/jpeg\" \/>\n<meta name=\"author\" content=\"Act Svenska kyrkan\" \/>\n<meta name=\"twitter:card\" content=\"summary_large_image\" \/>\n<meta name=\"twitter:label1\" content=\"Skriven av\" \/>\n\t<meta name=\"twitter:data1\" content=\"Act Svenska kyrkan\" \/>\n\t<meta name=\"twitter:label2\" content=\"Ber\u00e4knad l\u00e4stid\" \/>\n\t<meta name=\"twitter:data2\" content=\"4 minuter\" \/>\n<script type=\"application\/ld+json\" class=\"yoast-schema-graph\">{\"@context\":\"https:\/\/schema.org\",\"@graph\":[{\"@type\":\"Article\",\"@id\":\"https:\/\/blogg.svenskakyrkan.se\/utbyte\/2026\/08\/31\/mot-valentina-fran-lund-till-filippinerna\/#article\",\"isPartOf\":{\"@id\":\"https:\/\/blogg.svenskakyrkan.se\/utbyte\/2026\/08\/31\/mot-valentina-fran-lund-till-filippinerna\/\"},\"author\":{\"name\":\"Act Svenska kyrkan\",\"@id\":\"https:\/\/blogg.svenskakyrkan.se\/utbyte\/#\/schema\/person\/9bf731c3d4419e86b92c0b4d9f9424fe\"},\"headline\":\"M\u00f6t Valentina: fr\u00e5n Lund till Filippinerna\",\"datePublished\":\"2026-08-31T14:04:27+00:00\",\"dateModified\":\"2026-08-31T14:05:46+00:00\",\"mainEntityOfPage\":{\"@id\":\"https:\/\/blogg.svenskakyrkan.se\/utbyte\/2026\/08\/31\/mot-valentina-fran-lund-till-filippinerna\/\"},\"wordCount\":718,\"image\":{\"@id\":\"https:\/\/blogg.svenskakyrkan.se\/utbyte\/2026\/08\/31\/mot-valentina-fran-lund-till-filippinerna\/#primaryimage\"},\"thumbnailUrl\":\"https:\/\/blogg.svenskakyrkan.se\/utbyte\/files\/2026\/08\/Valentina.jpg\",\"keywords\":[\"Filippinerna\",\"UiVVK\",\"Utbyte\"],\"articleSection\":[\"Filippinerna\",\"Sverige\"],\"inLanguage\":\"sv-SE\"},{\"@type\":\"WebPage\",\"@id\":\"https:\/\/blogg.svenskakyrkan.se\/utbyte\/2026\/08\/31\/mot-valentina-fran-lund-till-filippinerna\/\",\"url\":\"https:\/\/blogg.svenskakyrkan.se\/utbyte\/2026\/08\/31\/mot-valentina-fran-lund-till-filippinerna\/\",\"name\":\"M\u00f6t Valentina: fr\u00e5n Lund till Filippinerna - I n\u00e5gon annans vardag\",\"isPartOf\":{\"@id\":\"https:\/\/blogg.svenskakyrkan.se\/utbyte\/#website\"},\"primaryImageOfPage\":{\"@id\":\"https:\/\/blogg.svenskakyrkan.se\/utbyte\/2026\/08\/31\/mot-valentina-fran-lund-till-filippinerna\/#primaryimage\"},\"image\":{\"@id\":\"https:\/\/blogg.svenskakyrkan.se\/utbyte\/2026\/08\/31\/mot-valentina-fran-lund-till-filippinerna\/#primaryimage\"},\"thumbnailUrl\":\"https:\/\/blogg.svenskakyrkan.se\/utbyte\/files\/2026\/08\/Valentina.jpg\",\"datePublished\":\"2026-08-31T14:04:27+00:00\",\"dateModified\":\"2026-08-31T14:05:46+00:00\",\"author\":{\"@id\":\"https:\/\/blogg.svenskakyrkan.se\/utbyte\/#\/schema\/person\/9bf731c3d4419e86b92c0b4d9f9424fe\"},\"breadcrumb\":{\"@id\":\"https:\/\/blogg.svenskakyrkan.se\/utbyte\/2026\/08\/31\/mot-valentina-fran-lund-till-filippinerna\/#breadcrumb\"},\"inLanguage\":\"sv-SE\",\"potentialAction\":[{\"@type\":\"ReadAction\",\"target\":[\"https:\/\/blogg.svenskakyrkan.se\/utbyte\/2026\/08\/31\/mot-valentina-fran-lund-till-filippinerna\/\"]}]},{\"@type\":\"ImageObject\",\"inLanguage\":\"sv-SE\",\"@id\":\"https:\/\/blogg.svenskakyrkan.se\/utbyte\/2026\/08\/31\/mot-valentina-fran-lund-till-filippinerna\/#primaryimage\",\"url\":\"https:\/\/blogg.svenskakyrkan.se\/utbyte\/files\/2026\/08\/Valentina.jpg\",\"contentUrl\":\"https:\/\/blogg.svenskakyrkan.se\/utbyte\/files\/2026\/08\/Valentina.jpg\",\"width\":800,\"height\":534},{\"@type\":\"BreadcrumbList\",\"@id\":\"https:\/\/blogg.svenskakyrkan.se\/utbyte\/2026\/08\/31\/mot-valentina-fran-lund-till-filippinerna\/#breadcrumb\",\"itemListElement\":[{\"@type\":\"ListItem\",\"position\":1,\"name\":\"Hem\",\"item\":\"https:\/\/blogg.svenskakyrkan.se\/utbyte\/\"},{\"@type\":\"ListItem\",\"position\":2,\"name\":\"M\u00f6t Valentina: fr\u00e5n Lund till Filippinerna\"}]},{\"@type\":\"WebSite\",\"@id\":\"https:\/\/blogg.svenskakyrkan.se\/utbyte\/#website\",\"url\":\"https:\/\/blogg.svenskakyrkan.se\/utbyte\/\",\"name\":\"I n\u00e5gon annans vardag\",\"description\":\"Utbytesprogrammet Ung i den v\u00e4rldsvida kyrkan\",\"potentialAction\":[{\"@type\":\"SearchAction\",\"target\":{\"@type\":\"EntryPoint\",\"urlTemplate\":\"https:\/\/blogg.svenskakyrkan.se\/utbyte\/?s={search_term_string}\"},\"query-input\":{\"@type\":\"PropertyValueSpecification\",\"valueRequired\":true,\"valueName\":\"search_term_string\"}}],\"inLanguage\":\"sv-SE\"},{\"@type\":\"Person\",\"@id\":\"https:\/\/blogg.svenskakyrkan.se\/utbyte\/#\/schema\/person\/9bf731c3d4419e86b92c0b4d9f9424fe\",\"name\":\"Act Svenska kyrkan\",\"image\":{\"@type\":\"ImageObject\",\"inLanguage\":\"sv-SE\",\"@id\":\"https:\/\/blogg.svenskakyrkan.se\/utbyte\/#\/schema\/person\/image\/\",\"url\":\"https:\/\/secure.gravatar.com\/avatar\/dad841196686727e2ffedb0188c265e5bdf1c43732884cfd19099c46d7f62f68?s=96&d=blank&r=g\",\"contentUrl\":\"https:\/\/secure.gravatar.com\/avatar\/dad841196686727e2ffedb0188c265e5bdf1c43732884cfd19099c46d7f62f68?s=96&d=blank&r=g\",\"caption\":\"Act Svenska kyrkan\"},\"url\":\"https:\/\/blogg.svenskakyrkan.se\/utbyte\/author\/intkom\/\"}]}<\/script>\n<!-- \/ Yoast SEO plugin. -->","yoast_head_json":{"title":"M\u00f6t Valentina: fr\u00e5n Lund till Filippinerna - I n\u00e5gon annans vardag","robots":{"index":"index","follow":"follow","max-snippet":"max-snippet:-1","max-image-preview":"max-image-preview:large","max-video-preview":"max-video-preview:-1"},"canonical":"https:\/\/blogg.svenskakyrkan.se\/utbyte\/2026\/08\/31\/mot-valentina-fran-lund-till-filippinerna\/","og_locale":"sv_SE","og_type":"article","og_title":"M\u00f6t Valentina: fr\u00e5n Lund till Filippinerna - I n\u00e5gon annans vardag","og_description":"N\u00e4r jag fick reda p\u00e5 att jag hade kommit med gav jag mig sj\u00e4lv ett l\u00f6fte: jag ska h\u00e4nge mig till detta utbyte och l\u00e5ta det drabba mig. D\u00e4rf\u00f6r v\u00e4ljer jag att se dessa farh\u00e5gor som moln som bara flyger f\u00f6rbi.","og_url":"https:\/\/blogg.svenskakyrkan.se\/utbyte\/2026\/08\/31\/mot-valentina-fran-lund-till-filippinerna\/","og_site_name":"I n\u00e5gon annans vardag","article_published_time":"2026-08-31T14:04:27+00:00","article_modified_time":"2026-08-31T14:05:46+00:00","og_image":[{"width":800,"height":534,"url":"http:\/\/blogg.svenskakyrkan.se\/utbyte\/files\/2026\/08\/Valentina.jpg","type":"image\/jpeg"}],"author":"Act Svenska kyrkan","twitter_card":"summary_large_image","twitter_misc":{"Skriven av":"Act Svenska kyrkan","Ber\u00e4knad l\u00e4stid":"4 minuter"},"schema":{"@context":"https:\/\/schema.org","@graph":[{"@type":"Article","@id":"https:\/\/blogg.svenskakyrkan.se\/utbyte\/2026\/08\/31\/mot-valentina-fran-lund-till-filippinerna\/#article","isPartOf":{"@id":"https:\/\/blogg.svenskakyrkan.se\/utbyte\/2026\/08\/31\/mot-valentina-fran-lund-till-filippinerna\/"},"author":{"name":"Act Svenska kyrkan","@id":"https:\/\/blogg.svenskakyrkan.se\/utbyte\/#\/schema\/person\/9bf731c3d4419e86b92c0b4d9f9424fe"},"headline":"M\u00f6t Valentina: fr\u00e5n Lund till Filippinerna","datePublished":"2026-08-31T14:04:27+00:00","dateModified":"2026-08-31T14:05:46+00:00","mainEntityOfPage":{"@id":"https:\/\/blogg.svenskakyrkan.se\/utbyte\/2026\/08\/31\/mot-valentina-fran-lund-till-filippinerna\/"},"wordCount":718,"image":{"@id":"https:\/\/blogg.svenskakyrkan.se\/utbyte\/2026\/08\/31\/mot-valentina-fran-lund-till-filippinerna\/#primaryimage"},"thumbnailUrl":"https:\/\/blogg.svenskakyrkan.se\/utbyte\/files\/2026\/08\/Valentina.jpg","keywords":["Filippinerna","UiVVK","Utbyte"],"articleSection":["Filippinerna","Sverige"],"inLanguage":"sv-SE"},{"@type":"WebPage","@id":"https:\/\/blogg.svenskakyrkan.se\/utbyte\/2026\/08\/31\/mot-valentina-fran-lund-till-filippinerna\/","url":"https:\/\/blogg.svenskakyrkan.se\/utbyte\/2026\/08\/31\/mot-valentina-fran-lund-till-filippinerna\/","name":"M\u00f6t Valentina: fr\u00e5n Lund till Filippinerna - I n\u00e5gon annans vardag","isPartOf":{"@id":"https:\/\/blogg.svenskakyrkan.se\/utbyte\/#website"},"primaryImageOfPage":{"@id":"https:\/\/blogg.svenskakyrkan.se\/utbyte\/2026\/08\/31\/mot-valentina-fran-lund-till-filippinerna\/#primaryimage"},"image":{"@id":"https:\/\/blogg.svenskakyrkan.se\/utbyte\/2026\/08\/31\/mot-valentina-fran-lund-till-filippinerna\/#primaryimage"},"thumbnailUrl":"https:\/\/blogg.svenskakyrkan.se\/utbyte\/files\/2026\/08\/Valentina.jpg","datePublished":"2026-08-31T14:04:27+00:00","dateModified":"2026-08-31T14:05:46+00:00","author":{"@id":"https:\/\/blogg.svenskakyrkan.se\/utbyte\/#\/schema\/person\/9bf731c3d4419e86b92c0b4d9f9424fe"},"breadcrumb":{"@id":"https:\/\/blogg.svenskakyrkan.se\/utbyte\/2026\/08\/31\/mot-valentina-fran-lund-till-filippinerna\/#breadcrumb"},"inLanguage":"sv-SE","potentialAction":[{"@type":"ReadAction","target":["https:\/\/blogg.svenskakyrkan.se\/utbyte\/2026\/08\/31\/mot-valentina-fran-lund-till-filippinerna\/"]}]},{"@type":"ImageObject","inLanguage":"sv-SE","@id":"https:\/\/blogg.svenskakyrkan.se\/utbyte\/2026\/08\/31\/mot-valentina-fran-lund-till-filippinerna\/#primaryimage","url":"https:\/\/blogg.svenskakyrkan.se\/utbyte\/files\/2026\/08\/Valentina.jpg","contentUrl":"https:\/\/blogg.svenskakyrkan.se\/utbyte\/files\/2026\/08\/Valentina.jpg","width":800,"height":534},{"@type":"BreadcrumbList","@id":"https:\/\/blogg.svenskakyrkan.se\/utbyte\/2026\/08\/31\/mot-valentina-fran-lund-till-filippinerna\/#breadcrumb","itemListElement":[{"@type":"ListItem","position":1,"name":"Hem","item":"https:\/\/blogg.svenskakyrkan.se\/utbyte\/"},{"@type":"ListItem","position":2,"name":"M\u00f6t Valentina: fr\u00e5n Lund till Filippinerna"}]},{"@type":"WebSite","@id":"https:\/\/blogg.svenskakyrkan.se\/utbyte\/#website","url":"https:\/\/blogg.svenskakyrkan.se\/utbyte\/","name":"I n\u00e5gon annans vardag","description":"Utbytesprogrammet Ung i den v\u00e4rldsvida kyrkan","potentialAction":[{"@type":"SearchAction","target":{"@type":"EntryPoint","urlTemplate":"https:\/\/blogg.svenskakyrkan.se\/utbyte\/?s={search_term_string}"},"query-input":{"@type":"PropertyValueSpecification","valueRequired":true,"valueName":"search_term_string"}}],"inLanguage":"sv-SE"},{"@type":"Person","@id":"https:\/\/blogg.svenskakyrkan.se\/utbyte\/#\/schema\/person\/9bf731c3d4419e86b92c0b4d9f9424fe","name":"Act Svenska kyrkan","image":{"@type":"ImageObject","inLanguage":"sv-SE","@id":"https:\/\/blogg.svenskakyrkan.se\/utbyte\/#\/schema\/person\/image\/","url":"https:\/\/secure.gravatar.com\/avatar\/dad841196686727e2ffedb0188c265e5bdf1c43732884cfd19099c46d7f62f68?s=96&d=blank&r=g","contentUrl":"https:\/\/secure.gravatar.com\/avatar\/dad841196686727e2ffedb0188c265e5bdf1c43732884cfd19099c46d7f62f68?s=96&d=blank&r=g","caption":"Act Svenska kyrkan"},"url":"https:\/\/blogg.svenskakyrkan.se\/utbyte\/author\/intkom\/"}]}},"author_meta":{"ID":"696","user_nicename":"intkom","user_registered":"2019-02-06 08:14:30","display_name":"Act Svenska kyrkan","first_name":"Act Svenska kyrkan","last_name":"Redakt\u00f6r","avatar":"https:\/\/secure.gravatar.com\/avatar\/dad841196686727e2ffedb0188c265e5bdf1c43732884cfd19099c46d7f62f68?s=96&d=blank&r=g"},"featured_image":["https:\/\/blogg.svenskakyrkan.se\/utbyte\/files\/2026\/08\/Valentina.jpg",800,534,false],"bloginfo":{"name":"I n\u00e5gon annans vardag","url":"https:\/\/blogg.svenskakyrkan.se\/utbyte"},"_links":{"self":[{"href":"https:\/\/blogg.svenskakyrkan.se\/utbyte\/wp-json\/wp\/v2\/posts\/5656","targetHints":{"allow":["GET"]}}],"collection":[{"href":"https:\/\/blogg.svenskakyrkan.se\/utbyte\/wp-json\/wp\/v2\/posts"}],"about":[{"href":"https:\/\/blogg.svenskakyrkan.se\/utbyte\/wp-json\/wp\/v2\/types\/post"}],"author":[{"embeddable":true,"href":"https:\/\/blogg.svenskakyrkan.se\/utbyte\/wp-json\/wp\/v2\/users\/696"}],"replies":[{"embeddable":true,"href":"https:\/\/blogg.svenskakyrkan.se\/utbyte\/wp-json\/wp\/v2\/comments?post=5656"}],"version-history":[{"count":1,"href":"https:\/\/blogg.svenskakyrkan.se\/utbyte\/wp-json\/wp\/v2\/posts\/5656\/revisions"}],"predecessor-version":[{"id":5660,"href":"https:\/\/blogg.svenskakyrkan.se\/utbyte\/wp-json\/wp\/v2\/posts\/5656\/revisions\/5660"}],"wp:featuredmedia":[{"embeddable":true,"href":"https:\/\/blogg.svenskakyrkan.se\/utbyte\/wp-json\/wp\/v2\/media\/5657"}],"wp:attachment":[{"href":"https:\/\/blogg.svenskakyrkan.se\/utbyte\/wp-json\/wp\/v2\/media?parent=5656"}],"wp:term":[{"taxonomy":"category","embeddable":true,"href":"https:\/\/blogg.svenskakyrkan.se\/utbyte\/wp-json\/wp\/v2\/categories?post=5656"},{"taxonomy":"post_tag","embeddable":true,"href":"https:\/\/blogg.svenskakyrkan.se\/utbyte\/wp-json\/wp\/v2\/tags?post=5656"}],"curies":[{"name":"wp","href":"https:\/\/api.w.org\/{rel}","templated":true}]}}