{"id":5661,"date":"2026-09-01T08:07:00","date_gmt":"2026-09-01T06:07:00","guid":{"rendered":"https:\/\/blogg.svenskakyrkan.se\/utbyte\/?p=5661"},"modified":"2026-09-01T09:34:05","modified_gmt":"2026-09-01T07:34:05","slug":"mot-petter-fran-vasteras-till-karagwe","status":"publish","type":"post","link":"https:\/\/blogg.svenskakyrkan.se\/utbyte\/2026\/09\/01\/mot-petter-fran-vasteras-till-karagwe\/","title":{"rendered":"M\u00f6t Petter: fr\u00e5n V\u00e4ster\u00e5s till Karagwe"},"content":{"rendered":"\n<p class=\"is-style-intro\">I ett antal inl\u00e4gg fram\u00f6ver presenterar sig 2026 \u00e5rs svenska deltagare i\u00a0<em>Ung i den v\u00e4rldsvida kyrkan<\/em>. De \u00e4r p\u00e5 sina utbyten under september till november. H\u00e4r m\u00f6ter du Petter Stenson som reser fr\u00e5n V\u00e4ster\u00e5s stift till Karagwe, Tanzania.<\/p>\n\n\n<figure class=\"wp-block-post-featured-image\"><img loading=\"lazy\" decoding=\"async\" width=\"1200\" height=\"802\" src=\"https:\/\/blogg.svenskakyrkan.se\/utbyte\/files\/2026\/08\/Petter.jpg\" class=\"attachment-post-thumbnail size-post-thumbnail wp-post-image\" alt=\"\" style=\"object-fit:cover;\" srcset=\"https:\/\/blogg.svenskakyrkan.se\/utbyte\/files\/2026\/08\/Petter.jpg 1200w, https:\/\/blogg.svenskakyrkan.se\/utbyte\/files\/2026\/08\/Petter-300x201.jpg 300w, https:\/\/blogg.svenskakyrkan.se\/utbyte\/files\/2026\/08\/Petter-1024x684.jpg 1024w, https:\/\/blogg.svenskakyrkan.se\/utbyte\/files\/2026\/08\/Petter-768x513.jpg 768w\" sizes=\"auto, (max-width: 1200px) 100vw, 1200px\" \/><\/figure>\n\n\n<p><em>Hej, Jag heter Petter och har f\u00e5tt f\u00f6rm\u00e5nen att bes\u00f6ka Karagwe stift under h\u00f6sten. I tre m\u00e5nader ska jag f\u00e5 l\u00e4ra mig s\u00e5 mycket som m\u00f6jligt om kyrkan d\u00e4r, m\u00e4nniskorna som jobbar och deltar i f\u00f6rsamlingarna och deras liv. Fr\u00e5n skogarna i Dalarna ska jag f\u00e5 bes\u00f6ka n\u00e5got helt annat, och jag har ingen aning om vad som v\u00e4ntar. <\/em><\/p>\n\n\n\n<p>De stora trygga kyrkorummen, omgivna av skog och sj\u00f6ar s\u00e5 l\u00e5ngt \u00f6gat kan n\u00e5, d\u00e4r jag l\u00e5ser in mig och spelar orgel om kv\u00e4llarna kommer vara sm\u00e4rtsamt l\u00e5ngt borta men det \u00e4r d\u00e4r, l\u00e5ngt borta fr\u00e5n tryggheten som jag f\u00f6rhoppningsvis f\u00e5r se n\u00e5got mer. Att f\u00e5 se och uppleva nya uttryck f\u00f6r v\u00e5r gemensamma kristna tro, i hymner, liturgi och f\u00f6rsamlingsliv, \u00e4r det jag ser mest fram emot under min utbytestid.&nbsp;<\/p>\n\n\n\n<blockquote class=\"wp-block-quote is-layout-flow wp-block-quote-is-layout-flow\">\n<p>De stora trygga kyrkorummen, omgivna av skog och sj\u00f6ar s\u00e5 l\u00e5ngt \u00f6gat kan n\u00e5, d\u00e4r jag l\u00e5ser in mig och spelar orgel om kv\u00e4llarna kommer vara sm\u00e4rtsamt l\u00e5ngt borta<\/p>\n<\/blockquote>\n\n\n\n<p>Hemma i V\u00e4ster\u00e5s stift \u00e4r jag engagerad inom Svenska Kyrkans Unga och spelar piano och orgel i n\u00e5gra olika kyrkor s\u00e5 jag \u00e4r nyfiken p\u00e5 hur Karagwe stifts ungdomsarbete ser ut och vilken roll musiken spelar i gudstj\u00e4nsterna. Jag har f\u00f6rst\u00e5tt att piporglar \u00e4r minst sagt sv\u00e5ra att f\u00e5 tag p\u00e5 men att kyrkok\u00f6rerna har en desto mer framtr\u00e4dande roll.&nbsp;<\/p>\n\n\n\n<figure class=\"wp-block-image size-full\"><a href=\"https:\/\/blogg.svenskakyrkan.se\/utbyte\/files\/2026\/08\/Samtal2.jpg\"><img loading=\"lazy\" decoding=\"async\" width=\"800\" height=\"534\" src=\"https:\/\/blogg.svenskakyrkan.se\/utbyte\/files\/2026\/08\/Samtal2.jpg\" alt=\"\" class=\"wp-image-5663\" srcset=\"https:\/\/blogg.svenskakyrkan.se\/utbyte\/files\/2026\/08\/Samtal2.jpg 800w, https:\/\/blogg.svenskakyrkan.se\/utbyte\/files\/2026\/08\/Samtal2-300x200.jpg 300w, https:\/\/blogg.svenskakyrkan.se\/utbyte\/files\/2026\/08\/Samtal2-768x513.jpg 768w\" sizes=\"auto, (max-width: 800px) 100vw, 800px\" \/><\/a><figcaption class=\"wp-element-caption\">Petter och Jakob som reser till Karagwe Tanzania i samtal med utbytesdeltagarna Julieth, Eveline och Rev. Lightness fr\u00e5n Tanzania som var i Sverige under v\u00e5ren.<\/figcaption><\/figure>\n\n\n\n<blockquote class=\"wp-block-quote is-layout-flow wp-block-quote-is-layout-flow\">\n<p>Jag vet inte riktigt vad som v\u00e4ntar men med b\u00e5de Bibel och psalmbok nedpackad i handbagaget \u00e4r jag nog s\u00e5 redo som jag kan vara.<\/p>\n<\/blockquote>\n\n\n\n<p>Jag \u00e4r bekant med flera olika typer av kyrkliga uttryck, b\u00e5de SKUs enkla l\u00e4germ\u00e4ssor om l\u00f6rdagskv\u00e4llarna och R\u00e4ttviks f\u00f6rsamlings h\u00f6gm\u00e4ssa p\u00e5 s\u00f6ndagsf\u00f6rmiddagen ligger mig n\u00e4ra om hj\u00e4rtat, och jag hoppas kunna f\u00e5 uppt\u00e4cka nya s\u00e4tt att uttrycka min tro! Jag vet inte riktigt vad som v\u00e4ntar men med b\u00e5de Bibel och psalmbok nedpackad i handbagaget \u00e4r jag nog s\u00e5 redo som jag kan vara.<\/p>\n\n\n\n<p>F\u00f6lj g\u00e4rna mig och Jakob p\u00e5 v\u00e5rt utbyte i Karagwe via Instagram:  @jakobpetteritanzania och @ungivarldsvida<\/p>\n\n\n\n<p>&#8211; Petter<\/p>\n","protected":false},"excerpt":{"rendered":"<p>De stora trygga kyrkorummen, omgivna av skog och sj\u00f6ar s\u00e5 l\u00e5ngt \u00f6gat kan n\u00e5, d\u00e4r jag l\u00e5ser in mig och spelar orgel om kv\u00e4llarna kommer vara sm\u00e4rtsamt l\u00e5ngt borta men det \u00e4r d\u00e4r, l\u00e5ngt borta fr\u00e5n tryggheten som jag f\u00f6rhoppningsvis f\u00e5r se n\u00e5got mer. Att f\u00e5 se och uppleva nya uttryck f\u00f6r v\u00e5r gemensamma kristna tro, i hymner, liturgi och f\u00f6rsamlingsliv, \u00e4r det jag ser mest fram emot under min utbytestid.\u00a0<\/p>\n","protected":false},"author":696,"featured_media":5662,"comment_status":"closed","ping_status":"open","sticky":false,"template":"","format":"standard","meta":{"_acf_changed":false,"footnotes":""},"categories":[8625,11634],"tags":[124002,124007,124006,124003,124004,124008],"class_list":["post-5661","post","type-post","status-publish","format-standard","has-post-thumbnail","hentry","category-sverige","category-tanzania","tag-124002","tag-karagwe","tag-tanzania","tag-uivvk","tag-utbyte","tag-vasteras-stift"],"acf":[],"yoast_head":"<!-- This site is optimized with the Yoast SEO plugin v27.1.1 - https:\/\/yoast.com\/product\/yoast-seo-wordpress\/ -->\n<title>M\u00f6t Petter: fr\u00e5n V\u00e4ster\u00e5s till Karagwe - I n\u00e5gon annans vardag<\/title>\n<meta name=\"robots\" content=\"index, follow, max-snippet:-1, max-image-preview:large, max-video-preview:-1\" \/>\n<link rel=\"canonical\" href=\"https:\/\/blogg.svenskakyrkan.se\/utbyte\/2026\/09\/01\/mot-petter-fran-vasteras-till-karagwe\/\" \/>\n<meta property=\"og:locale\" content=\"sv_SE\" \/>\n<meta property=\"og:type\" content=\"article\" \/>\n<meta property=\"og:title\" content=\"M\u00f6t Petter: fr\u00e5n V\u00e4ster\u00e5s till Karagwe - I n\u00e5gon annans vardag\" \/>\n<meta property=\"og:description\" content=\"De stora trygga kyrkorummen, omgivna av skog och sj\u00f6ar s\u00e5 l\u00e5ngt \u00f6gat kan n\u00e5, d\u00e4r jag l\u00e5ser in mig och spelar orgel om kv\u00e4llarna kommer vara sm\u00e4rtsamt l\u00e5ngt borta men det \u00e4r d\u00e4r, l\u00e5ngt borta fr\u00e5n tryggheten som jag f\u00f6rhoppningsvis f\u00e5r se n\u00e5got mer. Att f\u00e5 se och uppleva nya uttryck f\u00f6r v\u00e5r gemensamma kristna tro, i hymner, liturgi och f\u00f6rsamlingsliv, \u00e4r det jag ser mest fram emot under min utbytestid.\u00a0\" \/>\n<meta property=\"og:url\" content=\"https:\/\/blogg.svenskakyrkan.se\/utbyte\/2026\/09\/01\/mot-petter-fran-vasteras-till-karagwe\/\" \/>\n<meta property=\"og:site_name\" content=\"I n\u00e5gon annans vardag\" \/>\n<meta property=\"article:published_time\" content=\"2026-09-01T06:07:00+00:00\" \/>\n<meta property=\"article:modified_time\" content=\"2026-09-01T07:34:05+00:00\" \/>\n<meta property=\"og:image\" content=\"http:\/\/blogg.svenskakyrkan.se\/utbyte\/files\/2026\/08\/Petter.jpg\" \/>\n\t<meta property=\"og:image:width\" content=\"1200\" \/>\n\t<meta property=\"og:image:height\" content=\"802\" \/>\n\t<meta property=\"og:image:type\" content=\"image\/jpeg\" \/>\n<meta name=\"author\" content=\"Act Svenska kyrkan\" \/>\n<meta name=\"twitter:card\" content=\"summary_large_image\" \/>\n<meta name=\"twitter:label1\" content=\"Skriven av\" \/>\n\t<meta name=\"twitter:data1\" content=\"Act Svenska kyrkan\" \/>\n\t<meta name=\"twitter:label2\" content=\"Ber\u00e4knad l\u00e4stid\" \/>\n\t<meta name=\"twitter:data2\" content=\"3 minuter\" \/>\n<script type=\"application\/ld+json\" class=\"yoast-schema-graph\">{\"@context\":\"https:\/\/schema.org\",\"@graph\":[{\"@type\":\"Article\",\"@id\":\"https:\/\/blogg.svenskakyrkan.se\/utbyte\/2026\/09\/01\/mot-petter-fran-vasteras-till-karagwe\/#article\",\"isPartOf\":{\"@id\":\"https:\/\/blogg.svenskakyrkan.se\/utbyte\/2026\/09\/01\/mot-petter-fran-vasteras-till-karagwe\/\"},\"author\":{\"name\":\"Act Svenska kyrkan\",\"@id\":\"https:\/\/blogg.svenskakyrkan.se\/utbyte\/#\/schema\/person\/9bf731c3d4419e86b92c0b4d9f9424fe\"},\"headline\":\"M\u00f6t Petter: fr\u00e5n V\u00e4ster\u00e5s till Karagwe\",\"datePublished\":\"2026-09-01T06:07:00+00:00\",\"dateModified\":\"2026-09-01T07:34:05+00:00\",\"mainEntityOfPage\":{\"@id\":\"https:\/\/blogg.svenskakyrkan.se\/utbyte\/2026\/09\/01\/mot-petter-fran-vasteras-till-karagwe\/\"},\"wordCount\":479,\"image\":{\"@id\":\"https:\/\/blogg.svenskakyrkan.se\/utbyte\/2026\/09\/01\/mot-petter-fran-vasteras-till-karagwe\/#primaryimage\"},\"thumbnailUrl\":\"https:\/\/blogg.svenskakyrkan.se\/utbyte\/files\/2026\/08\/Petter.jpg\",\"keywords\":[\"2026\",\"Karagwe\",\"Tanzania\",\"UiVVK\",\"Utbyte\",\"V\u00e4ster\u00e5s Stift\"],\"articleSection\":[\"Sverige\",\"Tanzania\"],\"inLanguage\":\"sv-SE\"},{\"@type\":\"WebPage\",\"@id\":\"https:\/\/blogg.svenskakyrkan.se\/utbyte\/2026\/09\/01\/mot-petter-fran-vasteras-till-karagwe\/\",\"url\":\"https:\/\/blogg.svenskakyrkan.se\/utbyte\/2026\/09\/01\/mot-petter-fran-vasteras-till-karagwe\/\",\"name\":\"M\u00f6t Petter: fr\u00e5n V\u00e4ster\u00e5s till Karagwe - I n\u00e5gon annans vardag\",\"isPartOf\":{\"@id\":\"https:\/\/blogg.svenskakyrkan.se\/utbyte\/#website\"},\"primaryImageOfPage\":{\"@id\":\"https:\/\/blogg.svenskakyrkan.se\/utbyte\/2026\/09\/01\/mot-petter-fran-vasteras-till-karagwe\/#primaryimage\"},\"image\":{\"@id\":\"https:\/\/blogg.svenskakyrkan.se\/utbyte\/2026\/09\/01\/mot-petter-fran-vasteras-till-karagwe\/#primaryimage\"},\"thumbnailUrl\":\"https:\/\/blogg.svenskakyrkan.se\/utbyte\/files\/2026\/08\/Petter.jpg\",\"datePublished\":\"2026-09-01T06:07:00+00:00\",\"dateModified\":\"2026-09-01T07:34:05+00:00\",\"author\":{\"@id\":\"https:\/\/blogg.svenskakyrkan.se\/utbyte\/#\/schema\/person\/9bf731c3d4419e86b92c0b4d9f9424fe\"},\"breadcrumb\":{\"@id\":\"https:\/\/blogg.svenskakyrkan.se\/utbyte\/2026\/09\/01\/mot-petter-fran-vasteras-till-karagwe\/#breadcrumb\"},\"inLanguage\":\"sv-SE\",\"potentialAction\":[{\"@type\":\"ReadAction\",\"target\":[\"https:\/\/blogg.svenskakyrkan.se\/utbyte\/2026\/09\/01\/mot-petter-fran-vasteras-till-karagwe\/\"]}]},{\"@type\":\"ImageObject\",\"inLanguage\":\"sv-SE\",\"@id\":\"https:\/\/blogg.svenskakyrkan.se\/utbyte\/2026\/09\/01\/mot-petter-fran-vasteras-till-karagwe\/#primaryimage\",\"url\":\"https:\/\/blogg.svenskakyrkan.se\/utbyte\/files\/2026\/08\/Petter.jpg\",\"contentUrl\":\"https:\/\/blogg.svenskakyrkan.se\/utbyte\/files\/2026\/08\/Petter.jpg\",\"width\":1200,\"height\":802},{\"@type\":\"BreadcrumbList\",\"@id\":\"https:\/\/blogg.svenskakyrkan.se\/utbyte\/2026\/09\/01\/mot-petter-fran-vasteras-till-karagwe\/#breadcrumb\",\"itemListElement\":[{\"@type\":\"ListItem\",\"position\":1,\"name\":\"Hem\",\"item\":\"https:\/\/blogg.svenskakyrkan.se\/utbyte\/\"},{\"@type\":\"ListItem\",\"position\":2,\"name\":\"M\u00f6t Petter: fr\u00e5n V\u00e4ster\u00e5s till Karagwe\"}]},{\"@type\":\"WebSite\",\"@id\":\"https:\/\/blogg.svenskakyrkan.se\/utbyte\/#website\",\"url\":\"https:\/\/blogg.svenskakyrkan.se\/utbyte\/\",\"name\":\"I n\u00e5gon annans vardag\",\"description\":\"Utbytesprogrammet Ung i den v\u00e4rldsvida kyrkan\",\"potentialAction\":[{\"@type\":\"SearchAction\",\"target\":{\"@type\":\"EntryPoint\",\"urlTemplate\":\"https:\/\/blogg.svenskakyrkan.se\/utbyte\/?s={search_term_string}\"},\"query-input\":{\"@type\":\"PropertyValueSpecification\",\"valueRequired\":true,\"valueName\":\"search_term_string\"}}],\"inLanguage\":\"sv-SE\"},{\"@type\":\"Person\",\"@id\":\"https:\/\/blogg.svenskakyrkan.se\/utbyte\/#\/schema\/person\/9bf731c3d4419e86b92c0b4d9f9424fe\",\"name\":\"Act Svenska kyrkan\",\"image\":{\"@type\":\"ImageObject\",\"inLanguage\":\"sv-SE\",\"@id\":\"https:\/\/blogg.svenskakyrkan.se\/utbyte\/#\/schema\/person\/image\/\",\"url\":\"https:\/\/secure.gravatar.com\/avatar\/dad841196686727e2ffedb0188c265e5bdf1c43732884cfd19099c46d7f62f68?s=96&d=blank&r=g\",\"contentUrl\":\"https:\/\/secure.gravatar.com\/avatar\/dad841196686727e2ffedb0188c265e5bdf1c43732884cfd19099c46d7f62f68?s=96&d=blank&r=g\",\"caption\":\"Act Svenska kyrkan\"},\"url\":\"https:\/\/blogg.svenskakyrkan.se\/utbyte\/author\/intkom\/\"}]}<\/script>\n<!-- \/ Yoast SEO plugin. -->","yoast_head_json":{"title":"M\u00f6t Petter: fr\u00e5n V\u00e4ster\u00e5s till Karagwe - I n\u00e5gon annans vardag","robots":{"index":"index","follow":"follow","max-snippet":"max-snippet:-1","max-image-preview":"max-image-preview:large","max-video-preview":"max-video-preview:-1"},"canonical":"https:\/\/blogg.svenskakyrkan.se\/utbyte\/2026\/09\/01\/mot-petter-fran-vasteras-till-karagwe\/","og_locale":"sv_SE","og_type":"article","og_title":"M\u00f6t Petter: fr\u00e5n V\u00e4ster\u00e5s till Karagwe - I n\u00e5gon annans vardag","og_description":"De stora trygga kyrkorummen, omgivna av skog och sj\u00f6ar s\u00e5 l\u00e5ngt \u00f6gat kan n\u00e5, d\u00e4r jag l\u00e5ser in mig och spelar orgel om kv\u00e4llarna kommer vara sm\u00e4rtsamt l\u00e5ngt borta men det \u00e4r d\u00e4r, l\u00e5ngt borta fr\u00e5n tryggheten som jag f\u00f6rhoppningsvis f\u00e5r se n\u00e5got mer. Att f\u00e5 se och uppleva nya uttryck f\u00f6r v\u00e5r gemensamma kristna tro, i hymner, liturgi och f\u00f6rsamlingsliv, \u00e4r det jag ser mest fram emot under min utbytestid.\u00a0","og_url":"https:\/\/blogg.svenskakyrkan.se\/utbyte\/2026\/09\/01\/mot-petter-fran-vasteras-till-karagwe\/","og_site_name":"I n\u00e5gon annans vardag","article_published_time":"2026-09-01T06:07:00+00:00","article_modified_time":"2026-09-01T07:34:05+00:00","og_image":[{"width":1200,"height":802,"url":"http:\/\/blogg.svenskakyrkan.se\/utbyte\/files\/2026\/08\/Petter.jpg","type":"image\/jpeg"}],"author":"Act Svenska kyrkan","twitter_card":"summary_large_image","twitter_misc":{"Skriven av":"Act Svenska kyrkan","Ber\u00e4knad l\u00e4stid":"3 minuter"},"schema":{"@context":"https:\/\/schema.org","@graph":[{"@type":"Article","@id":"https:\/\/blogg.svenskakyrkan.se\/utbyte\/2026\/09\/01\/mot-petter-fran-vasteras-till-karagwe\/#article","isPartOf":{"@id":"https:\/\/blogg.svenskakyrkan.se\/utbyte\/2026\/09\/01\/mot-petter-fran-vasteras-till-karagwe\/"},"author":{"name":"Act Svenska kyrkan","@id":"https:\/\/blogg.svenskakyrkan.se\/utbyte\/#\/schema\/person\/9bf731c3d4419e86b92c0b4d9f9424fe"},"headline":"M\u00f6t Petter: fr\u00e5n V\u00e4ster\u00e5s till Karagwe","datePublished":"2026-09-01T06:07:00+00:00","dateModified":"2026-09-01T07:34:05+00:00","mainEntityOfPage":{"@id":"https:\/\/blogg.svenskakyrkan.se\/utbyte\/2026\/09\/01\/mot-petter-fran-vasteras-till-karagwe\/"},"wordCount":479,"image":{"@id":"https:\/\/blogg.svenskakyrkan.se\/utbyte\/2026\/09\/01\/mot-petter-fran-vasteras-till-karagwe\/#primaryimage"},"thumbnailUrl":"https:\/\/blogg.svenskakyrkan.se\/utbyte\/files\/2026\/08\/Petter.jpg","keywords":["2026","Karagwe","Tanzania","UiVVK","Utbyte","V\u00e4ster\u00e5s Stift"],"articleSection":["Sverige","Tanzania"],"inLanguage":"sv-SE"},{"@type":"WebPage","@id":"https:\/\/blogg.svenskakyrkan.se\/utbyte\/2026\/09\/01\/mot-petter-fran-vasteras-till-karagwe\/","url":"https:\/\/blogg.svenskakyrkan.se\/utbyte\/2026\/09\/01\/mot-petter-fran-vasteras-till-karagwe\/","name":"M\u00f6t Petter: fr\u00e5n V\u00e4ster\u00e5s till Karagwe - I n\u00e5gon annans vardag","isPartOf":{"@id":"https:\/\/blogg.svenskakyrkan.se\/utbyte\/#website"},"primaryImageOfPage":{"@id":"https:\/\/blogg.svenskakyrkan.se\/utbyte\/2026\/09\/01\/mot-petter-fran-vasteras-till-karagwe\/#primaryimage"},"image":{"@id":"https:\/\/blogg.svenskakyrkan.se\/utbyte\/2026\/09\/01\/mot-petter-fran-vasteras-till-karagwe\/#primaryimage"},"thumbnailUrl":"https:\/\/blogg.svenskakyrkan.se\/utbyte\/files\/2026\/08\/Petter.jpg","datePublished":"2026-09-01T06:07:00+00:00","dateModified":"2026-09-01T07:34:05+00:00","author":{"@id":"https:\/\/blogg.svenskakyrkan.se\/utbyte\/#\/schema\/person\/9bf731c3d4419e86b92c0b4d9f9424fe"},"breadcrumb":{"@id":"https:\/\/blogg.svenskakyrkan.se\/utbyte\/2026\/09\/01\/mot-petter-fran-vasteras-till-karagwe\/#breadcrumb"},"inLanguage":"sv-SE","potentialAction":[{"@type":"ReadAction","target":["https:\/\/blogg.svenskakyrkan.se\/utbyte\/2026\/09\/01\/mot-petter-fran-vasteras-till-karagwe\/"]}]},{"@type":"ImageObject","inLanguage":"sv-SE","@id":"https:\/\/blogg.svenskakyrkan.se\/utbyte\/2026\/09\/01\/mot-petter-fran-vasteras-till-karagwe\/#primaryimage","url":"https:\/\/blogg.svenskakyrkan.se\/utbyte\/files\/2026\/08\/Petter.jpg","contentUrl":"https:\/\/blogg.svenskakyrkan.se\/utbyte\/files\/2026\/08\/Petter.jpg","width":1200,"height":802},{"@type":"BreadcrumbList","@id":"https:\/\/blogg.svenskakyrkan.se\/utbyte\/2026\/09\/01\/mot-petter-fran-vasteras-till-karagwe\/#breadcrumb","itemListElement":[{"@type":"ListItem","position":1,"name":"Hem","item":"https:\/\/blogg.svenskakyrkan.se\/utbyte\/"},{"@type":"ListItem","position":2,"name":"M\u00f6t Petter: fr\u00e5n V\u00e4ster\u00e5s till Karagwe"}]},{"@type":"WebSite","@id":"https:\/\/blogg.svenskakyrkan.se\/utbyte\/#website","url":"https:\/\/blogg.svenskakyrkan.se\/utbyte\/","name":"I n\u00e5gon annans vardag","description":"Utbytesprogrammet Ung i den v\u00e4rldsvida kyrkan","potentialAction":[{"@type":"SearchAction","target":{"@type":"EntryPoint","urlTemplate":"https:\/\/blogg.svenskakyrkan.se\/utbyte\/?s={search_term_string}"},"query-input":{"@type":"PropertyValueSpecification","valueRequired":true,"valueName":"search_term_string"}}],"inLanguage":"sv-SE"},{"@type":"Person","@id":"https:\/\/blogg.svenskakyrkan.se\/utbyte\/#\/schema\/person\/9bf731c3d4419e86b92c0b4d9f9424fe","name":"Act Svenska kyrkan","image":{"@type":"ImageObject","inLanguage":"sv-SE","@id":"https:\/\/blogg.svenskakyrkan.se\/utbyte\/#\/schema\/person\/image\/","url":"https:\/\/secure.gravatar.com\/avatar\/dad841196686727e2ffedb0188c265e5bdf1c43732884cfd19099c46d7f62f68?s=96&d=blank&r=g","contentUrl":"https:\/\/secure.gravatar.com\/avatar\/dad841196686727e2ffedb0188c265e5bdf1c43732884cfd19099c46d7f62f68?s=96&d=blank&r=g","caption":"Act Svenska kyrkan"},"url":"https:\/\/blogg.svenskakyrkan.se\/utbyte\/author\/intkom\/"}]}},"author_meta":{"ID":"696","user_nicename":"intkom","user_registered":"2019-02-06 08:14:30","display_name":"Act Svenska kyrkan","first_name":"Act Svenska kyrkan","last_name":"Redakt\u00f6r","avatar":"https:\/\/secure.gravatar.com\/avatar\/dad841196686727e2ffedb0188c265e5bdf1c43732884cfd19099c46d7f62f68?s=96&d=blank&r=g"},"featured_image":["https:\/\/blogg.svenskakyrkan.se\/utbyte\/files\/2026\/08\/Petter-1024x684.jpg",1024,684,true],"bloginfo":{"name":"I n\u00e5gon annans vardag","url":"https:\/\/blogg.svenskakyrkan.se\/utbyte"},"_links":{"self":[{"href":"https:\/\/blogg.svenskakyrkan.se\/utbyte\/wp-json\/wp\/v2\/posts\/5661","targetHints":{"allow":["GET"]}}],"collection":[{"href":"https:\/\/blogg.svenskakyrkan.se\/utbyte\/wp-json\/wp\/v2\/posts"}],"about":[{"href":"https:\/\/blogg.svenskakyrkan.se\/utbyte\/wp-json\/wp\/v2\/types\/post"}],"author":[{"embeddable":true,"href":"https:\/\/blogg.svenskakyrkan.se\/utbyte\/wp-json\/wp\/v2\/users\/696"}],"replies":[{"embeddable":true,"href":"https:\/\/blogg.svenskakyrkan.se\/utbyte\/wp-json\/wp\/v2\/comments?post=5661"}],"version-history":[{"count":2,"href":"https:\/\/blogg.svenskakyrkan.se\/utbyte\/wp-json\/wp\/v2\/posts\/5661\/revisions"}],"predecessor-version":[{"id":5687,"href":"https:\/\/blogg.svenskakyrkan.se\/utbyte\/wp-json\/wp\/v2\/posts\/5661\/revisions\/5687"}],"wp:featuredmedia":[{"embeddable":true,"href":"https:\/\/blogg.svenskakyrkan.se\/utbyte\/wp-json\/wp\/v2\/media\/5662"}],"wp:attachment":[{"href":"https:\/\/blogg.svenskakyrkan.se\/utbyte\/wp-json\/wp\/v2\/media?parent=5661"}],"wp:term":[{"taxonomy":"category","embeddable":true,"href":"https:\/\/blogg.svenskakyrkan.se\/utbyte\/wp-json\/wp\/v2\/categories?post=5661"},{"taxonomy":"post_tag","embeddable":true,"href":"https:\/\/blogg.svenskakyrkan.se\/utbyte\/wp-json\/wp\/v2\/tags?post=5661"}],"curies":[{"name":"wp","href":"https:\/\/api.w.org\/{rel}","templated":true}]}}