{"id":5665,"date":"2026-09-01T16:25:46","date_gmt":"2026-09-01T14:25:46","guid":{"rendered":"https:\/\/blogg.svenskakyrkan.se\/utbyte\/?p=5665"},"modified":"2026-09-01T09:09:19","modified_gmt":"2026-09-01T07:09:19","slug":"mot-elin-fran-stockholm-till-bukoba","status":"publish","type":"post","link":"https:\/\/blogg.svenskakyrkan.se\/utbyte\/2026\/09\/01\/mot-elin-fran-stockholm-till-bukoba\/","title":{"rendered":"M\u00f6t Elin: fr\u00e5n Stockholm till Bukoba"},"content":{"rendered":"\n<p class=\"is-style-intro\">I ett antal inl\u00e4gg fram\u00f6ver presenterar sig 2026 \u00e5rs svenska deltagare i\u00a0<em>Ung i den v\u00e4rldsvida kyrkan<\/em>. De \u00e4r p\u00e5 sina utbyten under september till november. H\u00e4r m\u00f6ter du Elin Oskarsson som reser fr\u00e5n Stockholms stift till Bukoba, Tanzania.<\/p>\n\n\n<figure class=\"wp-block-post-featured-image\"><img loading=\"lazy\" decoding=\"async\" width=\"1200\" height=\"801\" src=\"https:\/\/blogg.svenskakyrkan.se\/utbyte\/files\/2026\/08\/Elin.jpg\" class=\"attachment-post-thumbnail size-post-thumbnail wp-post-image\" alt=\"\" style=\"object-fit:cover;\" srcset=\"https:\/\/blogg.svenskakyrkan.se\/utbyte\/files\/2026\/08\/Elin.jpg 1200w, https:\/\/blogg.svenskakyrkan.se\/utbyte\/files\/2026\/08\/Elin-300x200.jpg 300w, https:\/\/blogg.svenskakyrkan.se\/utbyte\/files\/2026\/08\/Elin-1024x684.jpg 1024w, https:\/\/blogg.svenskakyrkan.se\/utbyte\/files\/2026\/08\/Elin-768x513.jpg 768w\" sizes=\"auto, (max-width: 1200px) 100vw, 1200px\" \/><\/figure>\n\n\n<p><em>Hejsan!<\/em><\/p>\n\n\n\n<p><em>Jag heter Elin Oskarsson och kommer \u00e5ka till Bukoba i Tanzania. Jag tillh\u00f6r Stockholms stift och bor i Solna, d\u00e4r jag \u00e4r aktiv i f\u00f6rsamlingen b\u00e5de som kyrkv\u00e4rd och f\u00f6rtroendevald. Till vardags jobbar jag med kommunikation och pluggar lite teologi vid sidan av. Jag bor tillsammans med min pojkv\u00e4n Markus och jag gillar att l\u00e4sa, promenera och \u00e4ta gott \u2013 och jag gillar Mumin, jag har \u00f6ver 70 muminmuggar (till min sambos f\u00f6rtret).<\/em><\/p>\n\n\n\n<p>Jag har l\u00e4nge haft en l\u00e4ngtan efter att ta en paus ifr\u00e5n min vardag f\u00f6r att g\u00f6ra n\u00e5got annat: se n\u00e5got nytt, l\u00e4ra mig n\u00e5got, f\u00e5 nya perspektiv eller g\u00f6ra n\u00e5got betydelsefullt. N\u00e4r denna m\u00f6jlighet d\u00f6k upp kunde jag inte s\u00e4ga nej. Jag t\u00e4nkte \u201cvi k\u00f6r\u201d, s\u00e5 det g\u00f6r vi.<\/p>\n\n\n\n<blockquote class=\"wp-block-quote is-layout-flow wp-block-quote-is-layout-flow\">\n<p>N\u00e4r denna m\u00f6jlighet d\u00f6k upp kunde jag inte s\u00e4ga nej. Jag t\u00e4nkte \u201cvi k\u00f6r\u201d, s\u00e5 det g\u00f6r vi.<\/p>\n<\/blockquote>\n\n\n\n<p>Jag ser mycket fram emot m\u00f6jligheten att f\u00e5 m\u00f6ta nya m\u00e4nniskor, l\u00e4ra k\u00e4nna en annan kultur och f\u00e5 en inblick i hur vardagen ser ut f\u00f6r m\u00e4nniskorna i Bukoba. Att f\u00e5 dela b\u00e5de gudstj\u00e4nst, gemenskap och vardagsliv k\u00e4nns fint och v\u00e4rdefullt, och n\u00e5got som kan ge m\u00e5nga nya erfarenheter. Jag hoppas att resan ger oss m\u00f6jlighet till m\u00f6ten och erfarenheter som vi kanske inte hade f\u00e5tt p\u00e5 samma s\u00e4tt om vi exempelvis hade rest p\u00e5 egen hand.<\/p>\n\n\n\n<figure class=\"wp-block-image size-large\"><a href=\"https:\/\/blogg.svenskakyrkan.se\/utbyte\/files\/2026\/08\/Elin-Lova-AsiimweJoyness.jpg\"><img loading=\"lazy\" decoding=\"async\" width=\"1024\" height=\"684\" src=\"https:\/\/blogg.svenskakyrkan.se\/utbyte\/files\/2026\/08\/Elin-Lova-AsiimweJoyness-1024x684.jpg\" alt=\"\" class=\"wp-image-5668\" srcset=\"https:\/\/blogg.svenskakyrkan.se\/utbyte\/files\/2026\/08\/Elin-Lova-AsiimweJoyness-1024x684.jpg 1024w, https:\/\/blogg.svenskakyrkan.se\/utbyte\/files\/2026\/08\/Elin-Lova-AsiimweJoyness-300x201.jpg 300w, https:\/\/blogg.svenskakyrkan.se\/utbyte\/files\/2026\/08\/Elin-Lova-AsiimweJoyness-768x513.jpg 768w, https:\/\/blogg.svenskakyrkan.se\/utbyte\/files\/2026\/08\/Elin-Lova-AsiimweJoyness.jpg 1200w\" sizes=\"auto, (max-width: 1024px) 100vw, 1024px\" \/><\/a><figcaption class=\"wp-element-caption\">Elin och Lova i samtal med Asiimwe och Joyness fr\u00e5n Bukoba<\/figcaption><\/figure>\n\n\n\n<p>Jag tycker att det \u00e4r sv\u00e5rt att skriva ner exakt vad jag f\u00f6rv\u00e4ntar mig. Jag g\u00e5r in i detta \u00e4ventyr med ett \u00f6ppet sinne, utan en tydlig bild av vad jag ska f\u00f6rv\u00e4nta mig. Det tror jag i grunden \u00e4r n\u00e5got positivt \u2013 att f\u00f6rs\u00f6ka ge sig h\u00e4n \u00e5t upplevelsen. Jag har f\u00f6rs\u00f6kt traggla swahili p\u00e5 duolingo, det har i \u00e4rlighetens namn g\u00e5tt s\u00e5d\u00e4r, men vad g\u00f6r v\u00e4l det!<\/p>\n\n\n\n<p>S\u00e5 kwa heri, s\u00e5 h\u00f6rs vi senare!<\/p>\n\n\n\n<p>F\u00f6lj g\u00e4rna mig och Lova p\u00e5 v\u00e5rt utbyte i Bukoba via Instagram: @elinochlova_tanzania och @ungivarldsvida<\/p>\n\n\n\n<p>&#8211; Elin<\/p>\n","protected":false},"excerpt":{"rendered":"<p>Jag ser mycket fram emot m\u00f6jligheten att f\u00e5 m\u00f6ta nya m\u00e4nniskor, l\u00e4ra k\u00e4nna en annan kultur och f\u00e5 en inblick i hur vardagen ser ut f\u00f6r m\u00e4nniskorna i Bukoba. Att f\u00e5 dela b\u00e5de gudstj\u00e4nst, gemenskap och vardagsliv k\u00e4nns fint och v\u00e4rdefullt, och n\u00e5got som kan ge m\u00e5nga nya erfarenheter. <\/p>\n","protected":false},"author":696,"featured_media":5666,"comment_status":"closed","ping_status":"open","sticky":false,"template":"","format":"standard","meta":{"_acf_changed":false,"footnotes":""},"categories":[8625,11634],"tags":[124002,124009,124006,124003,124004],"class_list":["post-5665","post","type-post","status-publish","format-standard","has-post-thumbnail","hentry","category-sverige","category-tanzania","tag-124002","tag-bukoba","tag-tanzania","tag-uivvk","tag-utbyte"],"acf":[],"yoast_head":"<!-- This site is optimized with the Yoast SEO plugin v27.1.1 - https:\/\/yoast.com\/product\/yoast-seo-wordpress\/ -->\n<title>M\u00f6t Elin: fr\u00e5n Stockholm till Bukoba - I n\u00e5gon annans vardag<\/title>\n<meta name=\"robots\" content=\"index, follow, max-snippet:-1, max-image-preview:large, max-video-preview:-1\" \/>\n<link rel=\"canonical\" href=\"https:\/\/blogg.svenskakyrkan.se\/utbyte\/2026\/09\/01\/mot-elin-fran-stockholm-till-bukoba\/\" \/>\n<meta property=\"og:locale\" content=\"sv_SE\" \/>\n<meta property=\"og:type\" content=\"article\" \/>\n<meta property=\"og:title\" content=\"M\u00f6t Elin: fr\u00e5n Stockholm till Bukoba - I n\u00e5gon annans vardag\" \/>\n<meta property=\"og:description\" content=\"Jag ser mycket fram emot m\u00f6jligheten att f\u00e5 m\u00f6ta nya m\u00e4nniskor, l\u00e4ra k\u00e4nna en annan kultur och f\u00e5 en inblick i hur vardagen ser ut f\u00f6r m\u00e4nniskorna i Bukoba. Att f\u00e5 dela b\u00e5de gudstj\u00e4nst, gemenskap och vardagsliv k\u00e4nns fint och v\u00e4rdefullt, och n\u00e5got som kan ge m\u00e5nga nya erfarenheter.\" \/>\n<meta property=\"og:url\" content=\"https:\/\/blogg.svenskakyrkan.se\/utbyte\/2026\/09\/01\/mot-elin-fran-stockholm-till-bukoba\/\" \/>\n<meta property=\"og:site_name\" content=\"I n\u00e5gon annans vardag\" \/>\n<meta property=\"article:published_time\" content=\"2026-09-01T14:25:46+00:00\" \/>\n<meta property=\"og:image\" content=\"https:\/\/blogg.svenskakyrkan.se\/utbyte\/files\/2026\/08\/Elin.jpg\" \/>\n\t<meta property=\"og:image:width\" content=\"1200\" \/>\n\t<meta property=\"og:image:height\" content=\"801\" \/>\n\t<meta property=\"og:image:type\" content=\"image\/jpeg\" \/>\n<meta name=\"author\" content=\"Act Svenska kyrkan\" \/>\n<meta name=\"twitter:card\" content=\"summary_large_image\" \/>\n<meta name=\"twitter:label1\" content=\"Skriven av\" \/>\n\t<meta name=\"twitter:data1\" content=\"Act Svenska kyrkan\" \/>\n\t<meta name=\"twitter:label2\" content=\"Ber\u00e4knad l\u00e4stid\" \/>\n\t<meta name=\"twitter:data2\" content=\"3 minuter\" \/>\n<script type=\"application\/ld+json\" class=\"yoast-schema-graph\">{\"@context\":\"https:\/\/schema.org\",\"@graph\":[{\"@type\":\"Article\",\"@id\":\"https:\/\/blogg.svenskakyrkan.se\/utbyte\/2026\/09\/01\/mot-elin-fran-stockholm-till-bukoba\/#article\",\"isPartOf\":{\"@id\":\"https:\/\/blogg.svenskakyrkan.se\/utbyte\/2026\/09\/01\/mot-elin-fran-stockholm-till-bukoba\/\"},\"author\":{\"name\":\"Act Svenska kyrkan\",\"@id\":\"https:\/\/blogg.svenskakyrkan.se\/utbyte\/#\/schema\/person\/9bf731c3d4419e86b92c0b4d9f9424fe\"},\"headline\":\"M\u00f6t Elin: fr\u00e5n Stockholm till Bukoba\",\"datePublished\":\"2026-09-01T14:25:46+00:00\",\"mainEntityOfPage\":{\"@id\":\"https:\/\/blogg.svenskakyrkan.se\/utbyte\/2026\/09\/01\/mot-elin-fran-stockholm-till-bukoba\/\"},\"wordCount\":446,\"image\":{\"@id\":\"https:\/\/blogg.svenskakyrkan.se\/utbyte\/2026\/09\/01\/mot-elin-fran-stockholm-till-bukoba\/#primaryimage\"},\"thumbnailUrl\":\"https:\/\/blogg.svenskakyrkan.se\/utbyte\/files\/2026\/08\/Elin.jpg\",\"keywords\":[\"2026\",\"Bukoba\",\"Tanzania\",\"UiVVK\",\"Utbyte\"],\"articleSection\":[\"Sverige\",\"Tanzania\"],\"inLanguage\":\"sv-SE\"},{\"@type\":\"WebPage\",\"@id\":\"https:\/\/blogg.svenskakyrkan.se\/utbyte\/2026\/09\/01\/mot-elin-fran-stockholm-till-bukoba\/\",\"url\":\"https:\/\/blogg.svenskakyrkan.se\/utbyte\/2026\/09\/01\/mot-elin-fran-stockholm-till-bukoba\/\",\"name\":\"M\u00f6t Elin: fr\u00e5n Stockholm till Bukoba - I n\u00e5gon annans vardag\",\"isPartOf\":{\"@id\":\"https:\/\/blogg.svenskakyrkan.se\/utbyte\/#website\"},\"primaryImageOfPage\":{\"@id\":\"https:\/\/blogg.svenskakyrkan.se\/utbyte\/2026\/09\/01\/mot-elin-fran-stockholm-till-bukoba\/#primaryimage\"},\"image\":{\"@id\":\"https:\/\/blogg.svenskakyrkan.se\/utbyte\/2026\/09\/01\/mot-elin-fran-stockholm-till-bukoba\/#primaryimage\"},\"thumbnailUrl\":\"https:\/\/blogg.svenskakyrkan.se\/utbyte\/files\/2026\/08\/Elin.jpg\",\"datePublished\":\"2026-09-01T14:25:46+00:00\",\"author\":{\"@id\":\"https:\/\/blogg.svenskakyrkan.se\/utbyte\/#\/schema\/person\/9bf731c3d4419e86b92c0b4d9f9424fe\"},\"breadcrumb\":{\"@id\":\"https:\/\/blogg.svenskakyrkan.se\/utbyte\/2026\/09\/01\/mot-elin-fran-stockholm-till-bukoba\/#breadcrumb\"},\"inLanguage\":\"sv-SE\",\"potentialAction\":[{\"@type\":\"ReadAction\",\"target\":[\"https:\/\/blogg.svenskakyrkan.se\/utbyte\/2026\/09\/01\/mot-elin-fran-stockholm-till-bukoba\/\"]}]},{\"@type\":\"ImageObject\",\"inLanguage\":\"sv-SE\",\"@id\":\"https:\/\/blogg.svenskakyrkan.se\/utbyte\/2026\/09\/01\/mot-elin-fran-stockholm-till-bukoba\/#primaryimage\",\"url\":\"https:\/\/blogg.svenskakyrkan.se\/utbyte\/files\/2026\/08\/Elin.jpg\",\"contentUrl\":\"https:\/\/blogg.svenskakyrkan.se\/utbyte\/files\/2026\/08\/Elin.jpg\",\"width\":1200,\"height\":801},{\"@type\":\"BreadcrumbList\",\"@id\":\"https:\/\/blogg.svenskakyrkan.se\/utbyte\/2026\/09\/01\/mot-elin-fran-stockholm-till-bukoba\/#breadcrumb\",\"itemListElement\":[{\"@type\":\"ListItem\",\"position\":1,\"name\":\"Hem\",\"item\":\"https:\/\/blogg.svenskakyrkan.se\/utbyte\/\"},{\"@type\":\"ListItem\",\"position\":2,\"name\":\"M\u00f6t Elin: fr\u00e5n Stockholm till Bukoba\"}]},{\"@type\":\"WebSite\",\"@id\":\"https:\/\/blogg.svenskakyrkan.se\/utbyte\/#website\",\"url\":\"https:\/\/blogg.svenskakyrkan.se\/utbyte\/\",\"name\":\"I n\u00e5gon annans vardag\",\"description\":\"Utbytesprogrammet Ung i den v\u00e4rldsvida kyrkan\",\"potentialAction\":[{\"@type\":\"SearchAction\",\"target\":{\"@type\":\"EntryPoint\",\"urlTemplate\":\"https:\/\/blogg.svenskakyrkan.se\/utbyte\/?s={search_term_string}\"},\"query-input\":{\"@type\":\"PropertyValueSpecification\",\"valueRequired\":true,\"valueName\":\"search_term_string\"}}],\"inLanguage\":\"sv-SE\"},{\"@type\":\"Person\",\"@id\":\"https:\/\/blogg.svenskakyrkan.se\/utbyte\/#\/schema\/person\/9bf731c3d4419e86b92c0b4d9f9424fe\",\"name\":\"Act Svenska kyrkan\",\"image\":{\"@type\":\"ImageObject\",\"inLanguage\":\"sv-SE\",\"@id\":\"https:\/\/blogg.svenskakyrkan.se\/utbyte\/#\/schema\/person\/image\/\",\"url\":\"https:\/\/secure.gravatar.com\/avatar\/dad841196686727e2ffedb0188c265e5bdf1c43732884cfd19099c46d7f62f68?s=96&d=blank&r=g\",\"contentUrl\":\"https:\/\/secure.gravatar.com\/avatar\/dad841196686727e2ffedb0188c265e5bdf1c43732884cfd19099c46d7f62f68?s=96&d=blank&r=g\",\"caption\":\"Act Svenska kyrkan\"},\"url\":\"https:\/\/blogg.svenskakyrkan.se\/utbyte\/author\/intkom\/\"}]}<\/script>\n<!-- \/ Yoast SEO plugin. -->","yoast_head_json":{"title":"M\u00f6t Elin: fr\u00e5n Stockholm till Bukoba - I n\u00e5gon annans vardag","robots":{"index":"index","follow":"follow","max-snippet":"max-snippet:-1","max-image-preview":"max-image-preview:large","max-video-preview":"max-video-preview:-1"},"canonical":"https:\/\/blogg.svenskakyrkan.se\/utbyte\/2026\/09\/01\/mot-elin-fran-stockholm-till-bukoba\/","og_locale":"sv_SE","og_type":"article","og_title":"M\u00f6t Elin: fr\u00e5n Stockholm till Bukoba - I n\u00e5gon annans vardag","og_description":"Jag ser mycket fram emot m\u00f6jligheten att f\u00e5 m\u00f6ta nya m\u00e4nniskor, l\u00e4ra k\u00e4nna en annan kultur och f\u00e5 en inblick i hur vardagen ser ut f\u00f6r m\u00e4nniskorna i Bukoba. Att f\u00e5 dela b\u00e5de gudstj\u00e4nst, gemenskap och vardagsliv k\u00e4nns fint och v\u00e4rdefullt, och n\u00e5got som kan ge m\u00e5nga nya erfarenheter.","og_url":"https:\/\/blogg.svenskakyrkan.se\/utbyte\/2026\/09\/01\/mot-elin-fran-stockholm-till-bukoba\/","og_site_name":"I n\u00e5gon annans vardag","article_published_time":"2026-09-01T14:25:46+00:00","og_image":[{"width":1200,"height":801,"url":"https:\/\/blogg.svenskakyrkan.se\/utbyte\/files\/2026\/08\/Elin.jpg","type":"image\/jpeg"}],"author":"Act Svenska kyrkan","twitter_card":"summary_large_image","twitter_misc":{"Skriven av":"Act Svenska kyrkan","Ber\u00e4knad l\u00e4stid":"3 minuter"},"schema":{"@context":"https:\/\/schema.org","@graph":[{"@type":"Article","@id":"https:\/\/blogg.svenskakyrkan.se\/utbyte\/2026\/09\/01\/mot-elin-fran-stockholm-till-bukoba\/#article","isPartOf":{"@id":"https:\/\/blogg.svenskakyrkan.se\/utbyte\/2026\/09\/01\/mot-elin-fran-stockholm-till-bukoba\/"},"author":{"name":"Act Svenska kyrkan","@id":"https:\/\/blogg.svenskakyrkan.se\/utbyte\/#\/schema\/person\/9bf731c3d4419e86b92c0b4d9f9424fe"},"headline":"M\u00f6t Elin: fr\u00e5n Stockholm till Bukoba","datePublished":"2026-09-01T14:25:46+00:00","mainEntityOfPage":{"@id":"https:\/\/blogg.svenskakyrkan.se\/utbyte\/2026\/09\/01\/mot-elin-fran-stockholm-till-bukoba\/"},"wordCount":446,"image":{"@id":"https:\/\/blogg.svenskakyrkan.se\/utbyte\/2026\/09\/01\/mot-elin-fran-stockholm-till-bukoba\/#primaryimage"},"thumbnailUrl":"https:\/\/blogg.svenskakyrkan.se\/utbyte\/files\/2026\/08\/Elin.jpg","keywords":["2026","Bukoba","Tanzania","UiVVK","Utbyte"],"articleSection":["Sverige","Tanzania"],"inLanguage":"sv-SE"},{"@type":"WebPage","@id":"https:\/\/blogg.svenskakyrkan.se\/utbyte\/2026\/09\/01\/mot-elin-fran-stockholm-till-bukoba\/","url":"https:\/\/blogg.svenskakyrkan.se\/utbyte\/2026\/09\/01\/mot-elin-fran-stockholm-till-bukoba\/","name":"M\u00f6t Elin: fr\u00e5n Stockholm till Bukoba - I n\u00e5gon annans vardag","isPartOf":{"@id":"https:\/\/blogg.svenskakyrkan.se\/utbyte\/#website"},"primaryImageOfPage":{"@id":"https:\/\/blogg.svenskakyrkan.se\/utbyte\/2026\/09\/01\/mot-elin-fran-stockholm-till-bukoba\/#primaryimage"},"image":{"@id":"https:\/\/blogg.svenskakyrkan.se\/utbyte\/2026\/09\/01\/mot-elin-fran-stockholm-till-bukoba\/#primaryimage"},"thumbnailUrl":"https:\/\/blogg.svenskakyrkan.se\/utbyte\/files\/2026\/08\/Elin.jpg","datePublished":"2026-09-01T14:25:46+00:00","author":{"@id":"https:\/\/blogg.svenskakyrkan.se\/utbyte\/#\/schema\/person\/9bf731c3d4419e86b92c0b4d9f9424fe"},"breadcrumb":{"@id":"https:\/\/blogg.svenskakyrkan.se\/utbyte\/2026\/09\/01\/mot-elin-fran-stockholm-till-bukoba\/#breadcrumb"},"inLanguage":"sv-SE","potentialAction":[{"@type":"ReadAction","target":["https:\/\/blogg.svenskakyrkan.se\/utbyte\/2026\/09\/01\/mot-elin-fran-stockholm-till-bukoba\/"]}]},{"@type":"ImageObject","inLanguage":"sv-SE","@id":"https:\/\/blogg.svenskakyrkan.se\/utbyte\/2026\/09\/01\/mot-elin-fran-stockholm-till-bukoba\/#primaryimage","url":"https:\/\/blogg.svenskakyrkan.se\/utbyte\/files\/2026\/08\/Elin.jpg","contentUrl":"https:\/\/blogg.svenskakyrkan.se\/utbyte\/files\/2026\/08\/Elin.jpg","width":1200,"height":801},{"@type":"BreadcrumbList","@id":"https:\/\/blogg.svenskakyrkan.se\/utbyte\/2026\/09\/01\/mot-elin-fran-stockholm-till-bukoba\/#breadcrumb","itemListElement":[{"@type":"ListItem","position":1,"name":"Hem","item":"https:\/\/blogg.svenskakyrkan.se\/utbyte\/"},{"@type":"ListItem","position":2,"name":"M\u00f6t Elin: fr\u00e5n Stockholm till Bukoba"}]},{"@type":"WebSite","@id":"https:\/\/blogg.svenskakyrkan.se\/utbyte\/#website","url":"https:\/\/blogg.svenskakyrkan.se\/utbyte\/","name":"I n\u00e5gon annans vardag","description":"Utbytesprogrammet Ung i den v\u00e4rldsvida kyrkan","potentialAction":[{"@type":"SearchAction","target":{"@type":"EntryPoint","urlTemplate":"https:\/\/blogg.svenskakyrkan.se\/utbyte\/?s={search_term_string}"},"query-input":{"@type":"PropertyValueSpecification","valueRequired":true,"valueName":"search_term_string"}}],"inLanguage":"sv-SE"},{"@type":"Person","@id":"https:\/\/blogg.svenskakyrkan.se\/utbyte\/#\/schema\/person\/9bf731c3d4419e86b92c0b4d9f9424fe","name":"Act Svenska kyrkan","image":{"@type":"ImageObject","inLanguage":"sv-SE","@id":"https:\/\/blogg.svenskakyrkan.se\/utbyte\/#\/schema\/person\/image\/","url":"https:\/\/secure.gravatar.com\/avatar\/dad841196686727e2ffedb0188c265e5bdf1c43732884cfd19099c46d7f62f68?s=96&d=blank&r=g","contentUrl":"https:\/\/secure.gravatar.com\/avatar\/dad841196686727e2ffedb0188c265e5bdf1c43732884cfd19099c46d7f62f68?s=96&d=blank&r=g","caption":"Act Svenska kyrkan"},"url":"https:\/\/blogg.svenskakyrkan.se\/utbyte\/author\/intkom\/"}]}},"author_meta":{"ID":"696","user_nicename":"intkom","user_registered":"2019-02-06 08:14:30","display_name":"Act Svenska kyrkan","first_name":"Act Svenska kyrkan","last_name":"Redakt\u00f6r","avatar":"https:\/\/secure.gravatar.com\/avatar\/dad841196686727e2ffedb0188c265e5bdf1c43732884cfd19099c46d7f62f68?s=96&d=blank&r=g"},"featured_image":["https:\/\/blogg.svenskakyrkan.se\/utbyte\/files\/2026\/08\/Elin-1024x684.jpg",1024,684,true],"bloginfo":{"name":"I n\u00e5gon annans vardag","url":"https:\/\/blogg.svenskakyrkan.se\/utbyte"},"_links":{"self":[{"href":"https:\/\/blogg.svenskakyrkan.se\/utbyte\/wp-json\/wp\/v2\/posts\/5665","targetHints":{"allow":["GET"]}}],"collection":[{"href":"https:\/\/blogg.svenskakyrkan.se\/utbyte\/wp-json\/wp\/v2\/posts"}],"about":[{"href":"https:\/\/blogg.svenskakyrkan.se\/utbyte\/wp-json\/wp\/v2\/types\/post"}],"author":[{"embeddable":true,"href":"https:\/\/blogg.svenskakyrkan.se\/utbyte\/wp-json\/wp\/v2\/users\/696"}],"replies":[{"embeddable":true,"href":"https:\/\/blogg.svenskakyrkan.se\/utbyte\/wp-json\/wp\/v2\/comments?post=5665"}],"version-history":[{"count":4,"href":"https:\/\/blogg.svenskakyrkan.se\/utbyte\/wp-json\/wp\/v2\/posts\/5665\/revisions"}],"predecessor-version":[{"id":5680,"href":"https:\/\/blogg.svenskakyrkan.se\/utbyte\/wp-json\/wp\/v2\/posts\/5665\/revisions\/5680"}],"wp:featuredmedia":[{"embeddable":true,"href":"https:\/\/blogg.svenskakyrkan.se\/utbyte\/wp-json\/wp\/v2\/media\/5666"}],"wp:attachment":[{"href":"https:\/\/blogg.svenskakyrkan.se\/utbyte\/wp-json\/wp\/v2\/media?parent=5665"}],"wp:term":[{"taxonomy":"category","embeddable":true,"href":"https:\/\/blogg.svenskakyrkan.se\/utbyte\/wp-json\/wp\/v2\/categories?post=5665"},{"taxonomy":"post_tag","embeddable":true,"href":"https:\/\/blogg.svenskakyrkan.se\/utbyte\/wp-json\/wp\/v2\/tags?post=5665"}],"curies":[{"name":"wp","href":"https:\/\/api.w.org\/{rel}","templated":true}]}}