{"id":5670,"date":"2026-09-02T08:00:00","date_gmt":"2026-09-02T06:00:00","guid":{"rendered":"https:\/\/blogg.svenskakyrkan.se\/utbyte\/?p=5670"},"modified":"2026-09-01T09:09:38","modified_gmt":"2026-09-01T07:09:38","slug":"mot-ludvig-fran-goteborg-till-filippinerna","status":"publish","type":"post","link":"https:\/\/blogg.svenskakyrkan.se\/utbyte\/2026\/09\/02\/mot-ludvig-fran-goteborg-till-filippinerna\/","title":{"rendered":"M\u00f6t Ludvig: fr\u00e5n G\u00f6teborg till Filippinerna"},"content":{"rendered":"\n<p class=\"is-style-intro\">I ett antal inl\u00e4gg fram\u00f6ver presenterar sig 2026 \u00e5rs svenska deltagare i\u00a0<em>Ung i den v\u00e4rldsvida kyrkan<\/em>. De \u00e4r p\u00e5 sina utbyten under september till november. H\u00e4r m\u00f6ter du Ludvig Segolson som reser fr\u00e5n G\u00f6teborgs stift till Filippinerna.<\/p>\n\n\n<figure class=\"wp-block-post-featured-image\"><img loading=\"lazy\" decoding=\"async\" width=\"1200\" height=\"801\" src=\"https:\/\/blogg.svenskakyrkan.se\/utbyte\/files\/2026\/08\/Ludvig.jpg\" class=\"attachment-post-thumbnail size-post-thumbnail wp-post-image\" alt=\"\" style=\"object-fit:cover;\" srcset=\"https:\/\/blogg.svenskakyrkan.se\/utbyte\/files\/2026\/08\/Ludvig.jpg 1200w, https:\/\/blogg.svenskakyrkan.se\/utbyte\/files\/2026\/08\/Ludvig-300x200.jpg 300w, https:\/\/blogg.svenskakyrkan.se\/utbyte\/files\/2026\/08\/Ludvig-1024x684.jpg 1024w, https:\/\/blogg.svenskakyrkan.se\/utbyte\/files\/2026\/08\/Ludvig-768x513.jpg 768w\" sizes=\"auto, (max-width: 1200px) 100vw, 1200px\" \/><\/figure>\n\n\n<p><em>Hej hej! <\/em><\/p>\n\n\n\n<p><em>Jag heter Ludvig Segolson, \u00e4r 18 \u00e5r och kommer fr\u00e5n Kung\u00e4lv som tillh\u00f6r G\u00f6teborgs stift. Om bara n\u00e5gra veckor \u00e5ker jag till Filippinerna genom utbytet \u201dUng i den v\u00e4rldsvida kyrkan\u201d. D\u00e4r kommer jag att spendera tre m\u00e5nader genom att bo hos v\u00e4rdfamiljer och f\u00e5 uppleva livet i ett land d\u00e4r vardagen skiljer sig mycket fr\u00e5n den hemma i Sverige. <\/em><\/p>\n\n\n\n<p>Jag har precis tagit studenten och st\u00e5r inf\u00f6r en h\u00f6st som kommer bli n\u00e5got helt annorlunda \u00e4n vad jag kunde f\u00f6rest\u00e4lla mig. Efter studenten var jag \u00f6vertygad om att jag skulle ta en paus fr\u00e5n plugget. \u00c5tminstone ett \u00e5r. Tanken p\u00e5 att g\u00f6ra n\u00e5got betydelsefullt och g\u00e4rna internationellt har lockat mig mycket senaste \u00e5ren, s\u00e5 n\u00e4r jag fick tips om det h\u00e4r utbytet hemifr\u00e5n k\u00e4ndes det perfekt. N\u00e4r jag fick beskedet att jag var en av \u00e5rets deltagare blev jag v\u00e4ldigt glad! <\/p>\n\n\n\n<blockquote class=\"wp-block-quote is-layout-flow wp-block-quote-is-layout-flow\">\n<p>Tanken p\u00e5 att g\u00f6ra n\u00e5got betydelsefullt och g\u00e4rna internationellt har lockat mig mycket senaste \u00e5ren, s\u00e5 n\u00e4r jag fick tips om det h\u00e4r utbytet hemifr\u00e5n k\u00e4ndes det perfekt.<\/p>\n<\/blockquote>\n\n\n\n<p>Det jag \u00e4r mest nyfiken p\u00e5 \u00e4r att f\u00e5 bo hos v\u00e4rdfamiljer. Att inte bara bes\u00f6ka ett land som turist utan faktiskt f\u00e5 ta del av m\u00e4nniskors vardag, traditioner och kultur tror jag b\u00e5de kommer bli l\u00e4rorikt och minnesv\u00e4rt. Jag ser fram emot att f\u00e5 tr\u00e4ffa nya m\u00e4nniskor, h\u00f6ra deras historier och f\u00e5 uppleva s\u00e5dant som man knappast kan l\u00e4sa sig till i en bok i skolan. <\/p>\n\n\n\n<figure class=\"wp-block-image size-large\"><a href=\"https:\/\/blogg.svenskakyrkan.se\/utbyte\/files\/2026\/08\/GangiKapell.jpg\"><img loading=\"lazy\" decoding=\"async\" width=\"1024\" height=\"684\" src=\"https:\/\/blogg.svenskakyrkan.se\/utbyte\/files\/2026\/08\/GangiKapell-1024x684.jpg\" alt=\"\" class=\"wp-image-5675\" srcset=\"https:\/\/blogg.svenskakyrkan.se\/utbyte\/files\/2026\/08\/GangiKapell-1024x684.jpg 1024w, https:\/\/blogg.svenskakyrkan.se\/utbyte\/files\/2026\/08\/GangiKapell-300x201.jpg 300w, https:\/\/blogg.svenskakyrkan.se\/utbyte\/files\/2026\/08\/GangiKapell-768x513.jpg 768w, https:\/\/blogg.svenskakyrkan.se\/utbyte\/files\/2026\/08\/GangiKapell.jpg 1200w\" sizes=\"auto, (max-width: 1024px) 100vw, 1024px\" \/><\/a><figcaption class=\"wp-element-caption\">I kapellet vid Stiftsg\u00e5rden i R\u00e4ttvik under f\u00f6rberedelsekurs inf\u00f6r utbytet.<\/figcaption><\/figure>\n\n\n\n<p>N\u00e4r jag inte funderar p\u00e5 resan i h\u00f6st brukar jag spela fotboll, lyssna p\u00e5 musik eller kanske ge mig ut p\u00e5 en vandring i fj\u00e4llen med mina v\u00e4nner. Jag tycker om att utmana mig sj\u00e4lv och prova nya saker, vilket kanske \u00e4r en av anledningarna till att denna resan lockade mig fr\u00e5n f\u00f6rsta b\u00f6rjan. Just nu \u00e4r k\u00e4nslorna lite blandade. Jag ser verkligen fram emot \u00e4ventyret men det k\u00e4nns annorlunda att l\u00e4mna familj, v\u00e4nner och min vardag h\u00e4r hemma en s\u00e5pass l\u00e5ng tid eftersom jag aldrig gjort det tidigare. Men det \u00e4r ocks\u00e5 det som g\u00f6r det sp\u00e4nnande! <\/p>\n\n\n\n<blockquote class=\"wp-block-quote is-layout-flow wp-block-quote-is-layout-flow\">\n<p> Jag tycker om att utmana mig sj\u00e4lv och prova nya saker, vilket kanske \u00e4r en av anledningarna till att denna resan lockade mig fr\u00e5n f\u00f6rsta b\u00f6rjan.<\/p>\n<\/blockquote>\n\n\n\n<p>Jag vet inte exakt vad det \u00e4r som v\u00e4ntar mig, men det \u00e4r just det som \u00e4r kul! F\u00f6rhoppningsvis kommer h\u00f6sten att bjuda p\u00e5 m\u00e5nga nya erfarenheter, nya perspektiv och en hel del minnen f\u00f6r livet. Jag hoppas ni vill ta del av resan och f\u00f6lja allt som h\u00e4nder p\u00e5 v\u00e4gen. Vi h\u00f6rs snart fr\u00e5n Filippinerna! <\/p>\n\n\n\n<p>F\u00f6lj g\u00e4rna mig och Felix p\u00e5 v\u00e5rt utbyte i Filippinerna via Instagram: @felixludvigfilippinerna och @ungivarldsvida<\/p>\n\n\n\n<p> &#8211; Ludvig <\/p>\n\n\n\n<p><\/p>\n","protected":false},"excerpt":{"rendered":"<p>Efter studenten var jag \u00f6vertygad om att jag skulle ta en paus fr\u00e5n plugget. \u00c5tminstone ett \u00e5r. Tanken p\u00e5 att g\u00f6ra n\u00e5got betydelsefullt och g\u00e4rna internationellt har lockat mig mycket senaste \u00e5ren, s\u00e5 n\u00e4r jag fick tips om det h\u00e4r utbytet hemifr\u00e5n k\u00e4ndes det perfekt. N\u00e4r jag fick beskedet att jag var en av \u00e5rets deltagare blev jag v\u00e4ldigt glad! <\/p>\n","protected":false},"author":696,"featured_media":5672,"comment_status":"closed","ping_status":"open","sticky":false,"template":"","format":"standard","meta":{"_acf_changed":false,"footnotes":""},"categories":[10120,8625],"tags":[124002,124005,124003,124004],"class_list":["post-5670","post","type-post","status-publish","format-standard","has-post-thumbnail","hentry","category-filippinerna","category-sverige","tag-124002","tag-filippinerna","tag-uivvk","tag-utbyte"],"acf":[],"yoast_head":"<!-- This site is optimized with the Yoast SEO plugin v27.1.1 - https:\/\/yoast.com\/product\/yoast-seo-wordpress\/ -->\n<title>M\u00f6t Ludvig: fr\u00e5n G\u00f6teborg till Filippinerna - I n\u00e5gon annans vardag<\/title>\n<meta name=\"robots\" content=\"index, follow, max-snippet:-1, max-image-preview:large, max-video-preview:-1\" \/>\n<link rel=\"canonical\" href=\"https:\/\/blogg.svenskakyrkan.se\/utbyte\/2026\/09\/02\/mot-ludvig-fran-goteborg-till-filippinerna\/\" \/>\n<meta property=\"og:locale\" content=\"sv_SE\" \/>\n<meta property=\"og:type\" content=\"article\" \/>\n<meta property=\"og:title\" content=\"M\u00f6t Ludvig: fr\u00e5n G\u00f6teborg till Filippinerna - I n\u00e5gon annans vardag\" \/>\n<meta property=\"og:description\" content=\"Efter studenten var jag \u00f6vertygad om att jag skulle ta en paus fr\u00e5n plugget. \u00c5tminstone ett \u00e5r. Tanken p\u00e5 att g\u00f6ra n\u00e5got betydelsefullt och g\u00e4rna internationellt har lockat mig mycket senaste \u00e5ren, s\u00e5 n\u00e4r jag fick tips om det h\u00e4r utbytet hemifr\u00e5n k\u00e4ndes det perfekt. N\u00e4r jag fick beskedet att jag var en av \u00e5rets deltagare blev jag v\u00e4ldigt glad!\" \/>\n<meta property=\"og:url\" content=\"https:\/\/blogg.svenskakyrkan.se\/utbyte\/2026\/09\/02\/mot-ludvig-fran-goteborg-till-filippinerna\/\" \/>\n<meta property=\"og:site_name\" content=\"I n\u00e5gon annans vardag\" \/>\n<meta property=\"article:published_time\" content=\"2026-09-02T06:00:00+00:00\" \/>\n<meta property=\"og:image\" content=\"https:\/\/blogg.svenskakyrkan.se\/utbyte\/files\/2026\/08\/Ludvig.jpg\" \/>\n\t<meta property=\"og:image:width\" content=\"1200\" \/>\n\t<meta property=\"og:image:height\" content=\"801\" \/>\n\t<meta property=\"og:image:type\" content=\"image\/jpeg\" \/>\n<meta name=\"author\" content=\"Act Svenska kyrkan\" \/>\n<meta name=\"twitter:card\" content=\"summary_large_image\" \/>\n<meta name=\"twitter:label1\" content=\"Skriven av\" \/>\n\t<meta name=\"twitter:data1\" content=\"Act Svenska kyrkan\" \/>\n\t<meta name=\"twitter:label2\" content=\"Ber\u00e4knad l\u00e4stid\" \/>\n\t<meta name=\"twitter:data2\" content=\"3 minuter\" \/>\n<script type=\"application\/ld+json\" class=\"yoast-schema-graph\">{\"@context\":\"https:\/\/schema.org\",\"@graph\":[{\"@type\":\"Article\",\"@id\":\"https:\/\/blogg.svenskakyrkan.se\/utbyte\/2026\/09\/02\/mot-ludvig-fran-goteborg-till-filippinerna\/#article\",\"isPartOf\":{\"@id\":\"https:\/\/blogg.svenskakyrkan.se\/utbyte\/2026\/09\/02\/mot-ludvig-fran-goteborg-till-filippinerna\/\"},\"author\":{\"name\":\"Act Svenska kyrkan\",\"@id\":\"https:\/\/blogg.svenskakyrkan.se\/utbyte\/#\/schema\/person\/9bf731c3d4419e86b92c0b4d9f9424fe\"},\"headline\":\"M\u00f6t Ludvig: fr\u00e5n G\u00f6teborg till Filippinerna\",\"datePublished\":\"2026-09-02T06:00:00+00:00\",\"mainEntityOfPage\":{\"@id\":\"https:\/\/blogg.svenskakyrkan.se\/utbyte\/2026\/09\/02\/mot-ludvig-fran-goteborg-till-filippinerna\/\"},\"wordCount\":580,\"image\":{\"@id\":\"https:\/\/blogg.svenskakyrkan.se\/utbyte\/2026\/09\/02\/mot-ludvig-fran-goteborg-till-filippinerna\/#primaryimage\"},\"thumbnailUrl\":\"https:\/\/blogg.svenskakyrkan.se\/utbyte\/files\/2026\/08\/Ludvig.jpg\",\"keywords\":[\"2026\",\"Filippinerna\",\"UiVVK\",\"Utbyte\"],\"articleSection\":[\"Filippinerna\",\"Sverige\"],\"inLanguage\":\"sv-SE\"},{\"@type\":\"WebPage\",\"@id\":\"https:\/\/blogg.svenskakyrkan.se\/utbyte\/2026\/09\/02\/mot-ludvig-fran-goteborg-till-filippinerna\/\",\"url\":\"https:\/\/blogg.svenskakyrkan.se\/utbyte\/2026\/09\/02\/mot-ludvig-fran-goteborg-till-filippinerna\/\",\"name\":\"M\u00f6t Ludvig: fr\u00e5n G\u00f6teborg till Filippinerna - I n\u00e5gon annans vardag\",\"isPartOf\":{\"@id\":\"https:\/\/blogg.svenskakyrkan.se\/utbyte\/#website\"},\"primaryImageOfPage\":{\"@id\":\"https:\/\/blogg.svenskakyrkan.se\/utbyte\/2026\/09\/02\/mot-ludvig-fran-goteborg-till-filippinerna\/#primaryimage\"},\"image\":{\"@id\":\"https:\/\/blogg.svenskakyrkan.se\/utbyte\/2026\/09\/02\/mot-ludvig-fran-goteborg-till-filippinerna\/#primaryimage\"},\"thumbnailUrl\":\"https:\/\/blogg.svenskakyrkan.se\/utbyte\/files\/2026\/08\/Ludvig.jpg\",\"datePublished\":\"2026-09-02T06:00:00+00:00\",\"author\":{\"@id\":\"https:\/\/blogg.svenskakyrkan.se\/utbyte\/#\/schema\/person\/9bf731c3d4419e86b92c0b4d9f9424fe\"},\"breadcrumb\":{\"@id\":\"https:\/\/blogg.svenskakyrkan.se\/utbyte\/2026\/09\/02\/mot-ludvig-fran-goteborg-till-filippinerna\/#breadcrumb\"},\"inLanguage\":\"sv-SE\",\"potentialAction\":[{\"@type\":\"ReadAction\",\"target\":[\"https:\/\/blogg.svenskakyrkan.se\/utbyte\/2026\/09\/02\/mot-ludvig-fran-goteborg-till-filippinerna\/\"]}]},{\"@type\":\"ImageObject\",\"inLanguage\":\"sv-SE\",\"@id\":\"https:\/\/blogg.svenskakyrkan.se\/utbyte\/2026\/09\/02\/mot-ludvig-fran-goteborg-till-filippinerna\/#primaryimage\",\"url\":\"https:\/\/blogg.svenskakyrkan.se\/utbyte\/files\/2026\/08\/Ludvig.jpg\",\"contentUrl\":\"https:\/\/blogg.svenskakyrkan.se\/utbyte\/files\/2026\/08\/Ludvig.jpg\",\"width\":1200,\"height\":801},{\"@type\":\"BreadcrumbList\",\"@id\":\"https:\/\/blogg.svenskakyrkan.se\/utbyte\/2026\/09\/02\/mot-ludvig-fran-goteborg-till-filippinerna\/#breadcrumb\",\"itemListElement\":[{\"@type\":\"ListItem\",\"position\":1,\"name\":\"Hem\",\"item\":\"https:\/\/blogg.svenskakyrkan.se\/utbyte\/\"},{\"@type\":\"ListItem\",\"position\":2,\"name\":\"M\u00f6t Ludvig: fr\u00e5n G\u00f6teborg till Filippinerna\"}]},{\"@type\":\"WebSite\",\"@id\":\"https:\/\/blogg.svenskakyrkan.se\/utbyte\/#website\",\"url\":\"https:\/\/blogg.svenskakyrkan.se\/utbyte\/\",\"name\":\"I n\u00e5gon annans vardag\",\"description\":\"Utbytesprogrammet Ung i den v\u00e4rldsvida kyrkan\",\"potentialAction\":[{\"@type\":\"SearchAction\",\"target\":{\"@type\":\"EntryPoint\",\"urlTemplate\":\"https:\/\/blogg.svenskakyrkan.se\/utbyte\/?s={search_term_string}\"},\"query-input\":{\"@type\":\"PropertyValueSpecification\",\"valueRequired\":true,\"valueName\":\"search_term_string\"}}],\"inLanguage\":\"sv-SE\"},{\"@type\":\"Person\",\"@id\":\"https:\/\/blogg.svenskakyrkan.se\/utbyte\/#\/schema\/person\/9bf731c3d4419e86b92c0b4d9f9424fe\",\"name\":\"Act Svenska kyrkan\",\"image\":{\"@type\":\"ImageObject\",\"inLanguage\":\"sv-SE\",\"@id\":\"https:\/\/blogg.svenskakyrkan.se\/utbyte\/#\/schema\/person\/image\/\",\"url\":\"https:\/\/secure.gravatar.com\/avatar\/dad841196686727e2ffedb0188c265e5bdf1c43732884cfd19099c46d7f62f68?s=96&d=blank&r=g\",\"contentUrl\":\"https:\/\/secure.gravatar.com\/avatar\/dad841196686727e2ffedb0188c265e5bdf1c43732884cfd19099c46d7f62f68?s=96&d=blank&r=g\",\"caption\":\"Act Svenska kyrkan\"},\"url\":\"https:\/\/blogg.svenskakyrkan.se\/utbyte\/author\/intkom\/\"}]}<\/script>\n<!-- \/ Yoast SEO plugin. -->","yoast_head_json":{"title":"M\u00f6t Ludvig: fr\u00e5n G\u00f6teborg till Filippinerna - I n\u00e5gon annans vardag","robots":{"index":"index","follow":"follow","max-snippet":"max-snippet:-1","max-image-preview":"max-image-preview:large","max-video-preview":"max-video-preview:-1"},"canonical":"https:\/\/blogg.svenskakyrkan.se\/utbyte\/2026\/09\/02\/mot-ludvig-fran-goteborg-till-filippinerna\/","og_locale":"sv_SE","og_type":"article","og_title":"M\u00f6t Ludvig: fr\u00e5n G\u00f6teborg till Filippinerna - I n\u00e5gon annans vardag","og_description":"Efter studenten var jag \u00f6vertygad om att jag skulle ta en paus fr\u00e5n plugget. \u00c5tminstone ett \u00e5r. Tanken p\u00e5 att g\u00f6ra n\u00e5got betydelsefullt och g\u00e4rna internationellt har lockat mig mycket senaste \u00e5ren, s\u00e5 n\u00e4r jag fick tips om det h\u00e4r utbytet hemifr\u00e5n k\u00e4ndes det perfekt. N\u00e4r jag fick beskedet att jag var en av \u00e5rets deltagare blev jag v\u00e4ldigt glad!","og_url":"https:\/\/blogg.svenskakyrkan.se\/utbyte\/2026\/09\/02\/mot-ludvig-fran-goteborg-till-filippinerna\/","og_site_name":"I n\u00e5gon annans vardag","article_published_time":"2026-09-02T06:00:00+00:00","og_image":[{"width":1200,"height":801,"url":"https:\/\/blogg.svenskakyrkan.se\/utbyte\/files\/2026\/08\/Ludvig.jpg","type":"image\/jpeg"}],"author":"Act Svenska kyrkan","twitter_card":"summary_large_image","twitter_misc":{"Skriven av":"Act Svenska kyrkan","Ber\u00e4knad l\u00e4stid":"3 minuter"},"schema":{"@context":"https:\/\/schema.org","@graph":[{"@type":"Article","@id":"https:\/\/blogg.svenskakyrkan.se\/utbyte\/2026\/09\/02\/mot-ludvig-fran-goteborg-till-filippinerna\/#article","isPartOf":{"@id":"https:\/\/blogg.svenskakyrkan.se\/utbyte\/2026\/09\/02\/mot-ludvig-fran-goteborg-till-filippinerna\/"},"author":{"name":"Act Svenska kyrkan","@id":"https:\/\/blogg.svenskakyrkan.se\/utbyte\/#\/schema\/person\/9bf731c3d4419e86b92c0b4d9f9424fe"},"headline":"M\u00f6t Ludvig: fr\u00e5n G\u00f6teborg till Filippinerna","datePublished":"2026-09-02T06:00:00+00:00","mainEntityOfPage":{"@id":"https:\/\/blogg.svenskakyrkan.se\/utbyte\/2026\/09\/02\/mot-ludvig-fran-goteborg-till-filippinerna\/"},"wordCount":580,"image":{"@id":"https:\/\/blogg.svenskakyrkan.se\/utbyte\/2026\/09\/02\/mot-ludvig-fran-goteborg-till-filippinerna\/#primaryimage"},"thumbnailUrl":"https:\/\/blogg.svenskakyrkan.se\/utbyte\/files\/2026\/08\/Ludvig.jpg","keywords":["2026","Filippinerna","UiVVK","Utbyte"],"articleSection":["Filippinerna","Sverige"],"inLanguage":"sv-SE"},{"@type":"WebPage","@id":"https:\/\/blogg.svenskakyrkan.se\/utbyte\/2026\/09\/02\/mot-ludvig-fran-goteborg-till-filippinerna\/","url":"https:\/\/blogg.svenskakyrkan.se\/utbyte\/2026\/09\/02\/mot-ludvig-fran-goteborg-till-filippinerna\/","name":"M\u00f6t Ludvig: fr\u00e5n G\u00f6teborg till Filippinerna - I n\u00e5gon annans vardag","isPartOf":{"@id":"https:\/\/blogg.svenskakyrkan.se\/utbyte\/#website"},"primaryImageOfPage":{"@id":"https:\/\/blogg.svenskakyrkan.se\/utbyte\/2026\/09\/02\/mot-ludvig-fran-goteborg-till-filippinerna\/#primaryimage"},"image":{"@id":"https:\/\/blogg.svenskakyrkan.se\/utbyte\/2026\/09\/02\/mot-ludvig-fran-goteborg-till-filippinerna\/#primaryimage"},"thumbnailUrl":"https:\/\/blogg.svenskakyrkan.se\/utbyte\/files\/2026\/08\/Ludvig.jpg","datePublished":"2026-09-02T06:00:00+00:00","author":{"@id":"https:\/\/blogg.svenskakyrkan.se\/utbyte\/#\/schema\/person\/9bf731c3d4419e86b92c0b4d9f9424fe"},"breadcrumb":{"@id":"https:\/\/blogg.svenskakyrkan.se\/utbyte\/2026\/09\/02\/mot-ludvig-fran-goteborg-till-filippinerna\/#breadcrumb"},"inLanguage":"sv-SE","potentialAction":[{"@type":"ReadAction","target":["https:\/\/blogg.svenskakyrkan.se\/utbyte\/2026\/09\/02\/mot-ludvig-fran-goteborg-till-filippinerna\/"]}]},{"@type":"ImageObject","inLanguage":"sv-SE","@id":"https:\/\/blogg.svenskakyrkan.se\/utbyte\/2026\/09\/02\/mot-ludvig-fran-goteborg-till-filippinerna\/#primaryimage","url":"https:\/\/blogg.svenskakyrkan.se\/utbyte\/files\/2026\/08\/Ludvig.jpg","contentUrl":"https:\/\/blogg.svenskakyrkan.se\/utbyte\/files\/2026\/08\/Ludvig.jpg","width":1200,"height":801},{"@type":"BreadcrumbList","@id":"https:\/\/blogg.svenskakyrkan.se\/utbyte\/2026\/09\/02\/mot-ludvig-fran-goteborg-till-filippinerna\/#breadcrumb","itemListElement":[{"@type":"ListItem","position":1,"name":"Hem","item":"https:\/\/blogg.svenskakyrkan.se\/utbyte\/"},{"@type":"ListItem","position":2,"name":"M\u00f6t Ludvig: fr\u00e5n G\u00f6teborg till Filippinerna"}]},{"@type":"WebSite","@id":"https:\/\/blogg.svenskakyrkan.se\/utbyte\/#website","url":"https:\/\/blogg.svenskakyrkan.se\/utbyte\/","name":"I n\u00e5gon annans vardag","description":"Utbytesprogrammet Ung i den v\u00e4rldsvida kyrkan","potentialAction":[{"@type":"SearchAction","target":{"@type":"EntryPoint","urlTemplate":"https:\/\/blogg.svenskakyrkan.se\/utbyte\/?s={search_term_string}"},"query-input":{"@type":"PropertyValueSpecification","valueRequired":true,"valueName":"search_term_string"}}],"inLanguage":"sv-SE"},{"@type":"Person","@id":"https:\/\/blogg.svenskakyrkan.se\/utbyte\/#\/schema\/person\/9bf731c3d4419e86b92c0b4d9f9424fe","name":"Act Svenska kyrkan","image":{"@type":"ImageObject","inLanguage":"sv-SE","@id":"https:\/\/blogg.svenskakyrkan.se\/utbyte\/#\/schema\/person\/image\/","url":"https:\/\/secure.gravatar.com\/avatar\/dad841196686727e2ffedb0188c265e5bdf1c43732884cfd19099c46d7f62f68?s=96&d=blank&r=g","contentUrl":"https:\/\/secure.gravatar.com\/avatar\/dad841196686727e2ffedb0188c265e5bdf1c43732884cfd19099c46d7f62f68?s=96&d=blank&r=g","caption":"Act Svenska kyrkan"},"url":"https:\/\/blogg.svenskakyrkan.se\/utbyte\/author\/intkom\/"}]}},"author_meta":{"ID":"696","user_nicename":"intkom","user_registered":"2019-02-06 08:14:30","display_name":"Act Svenska kyrkan","first_name":"Act Svenska kyrkan","last_name":"Redakt\u00f6r","avatar":"https:\/\/secure.gravatar.com\/avatar\/dad841196686727e2ffedb0188c265e5bdf1c43732884cfd19099c46d7f62f68?s=96&d=blank&r=g"},"featured_image":["https:\/\/blogg.svenskakyrkan.se\/utbyte\/files\/2026\/08\/Ludvig-1024x684.jpg",1024,684,true],"bloginfo":{"name":"I n\u00e5gon annans vardag","url":"https:\/\/blogg.svenskakyrkan.se\/utbyte"},"_links":{"self":[{"href":"https:\/\/blogg.svenskakyrkan.se\/utbyte\/wp-json\/wp\/v2\/posts\/5670","targetHints":{"allow":["GET"]}}],"collection":[{"href":"https:\/\/blogg.svenskakyrkan.se\/utbyte\/wp-json\/wp\/v2\/posts"}],"about":[{"href":"https:\/\/blogg.svenskakyrkan.se\/utbyte\/wp-json\/wp\/v2\/types\/post"}],"author":[{"embeddable":true,"href":"https:\/\/blogg.svenskakyrkan.se\/utbyte\/wp-json\/wp\/v2\/users\/696"}],"replies":[{"embeddable":true,"href":"https:\/\/blogg.svenskakyrkan.se\/utbyte\/wp-json\/wp\/v2\/comments?post=5670"}],"version-history":[{"count":1,"href":"https:\/\/blogg.svenskakyrkan.se\/utbyte\/wp-json\/wp\/v2\/posts\/5670\/revisions"}],"predecessor-version":[{"id":5676,"href":"https:\/\/blogg.svenskakyrkan.se\/utbyte\/wp-json\/wp\/v2\/posts\/5670\/revisions\/5676"}],"wp:featuredmedia":[{"embeddable":true,"href":"https:\/\/blogg.svenskakyrkan.se\/utbyte\/wp-json\/wp\/v2\/media\/5672"}],"wp:attachment":[{"href":"https:\/\/blogg.svenskakyrkan.se\/utbyte\/wp-json\/wp\/v2\/media?parent=5670"}],"wp:term":[{"taxonomy":"category","embeddable":true,"href":"https:\/\/blogg.svenskakyrkan.se\/utbyte\/wp-json\/wp\/v2\/categories?post=5670"},{"taxonomy":"post_tag","embeddable":true,"href":"https:\/\/blogg.svenskakyrkan.se\/utbyte\/wp-json\/wp\/v2\/tags?post=5670"}],"curies":[{"name":"wp","href":"https:\/\/api.w.org\/{rel}","templated":true}]}}