{"id":5677,"date":"2026-09-02T16:01:00","date_gmt":"2026-09-02T14:01:00","guid":{"rendered":"https:\/\/blogg.svenskakyrkan.se\/utbyte\/?p=5677"},"modified":"2026-09-01T09:10:01","modified_gmt":"2026-09-01T07:10:01","slug":"mot-ester-fran-goteborg-till-karagwe","status":"publish","type":"post","link":"https:\/\/blogg.svenskakyrkan.se\/utbyte\/2026\/09\/02\/mot-ester-fran-goteborg-till-karagwe\/","title":{"rendered":"M\u00f6t Ester: fr\u00e5n G\u00f6teborg till Karagwe"},"content":{"rendered":"\n<p class=\"is-style-intro\">I ett antal inl\u00e4gg fram\u00f6ver presenterar sig 2026 \u00e5rs svenska deltagare i\u00a0<em>Ung i den v\u00e4rldsvida kyrkan<\/em>. De \u00e4r p\u00e5 sina utbyten under september till november. H\u00e4r m\u00f6ter du Ester Lasson som reser fr\u00e5n G\u00f6teborgs stift till Karagwe, Tanzania.<\/p>\n\n\n<figure class=\"wp-block-post-featured-image\"><img loading=\"lazy\" decoding=\"async\" width=\"1200\" height=\"802\" src=\"https:\/\/blogg.svenskakyrkan.se\/utbyte\/files\/2026\/08\/Ester.jpg\" class=\"attachment-post-thumbnail size-post-thumbnail wp-post-image\" alt=\"\" style=\"object-fit:cover;\" srcset=\"https:\/\/blogg.svenskakyrkan.se\/utbyte\/files\/2026\/08\/Ester.jpg 1200w, https:\/\/blogg.svenskakyrkan.se\/utbyte\/files\/2026\/08\/Ester-300x201.jpg 300w, https:\/\/blogg.svenskakyrkan.se\/utbyte\/files\/2026\/08\/Ester-1024x684.jpg 1024w, https:\/\/blogg.svenskakyrkan.se\/utbyte\/files\/2026\/08\/Ester-768x513.jpg 768w\" sizes=\"auto, (max-width: 1200px) 100vw, 1200px\" \/><\/figure>\n\n\n<p><em>Hej!<\/em><\/p>\n\n\n\n<p><em>Jag som har tagit en liten paus fr\u00e5n packningsfunderingar och n\u00e5gra Swahiliglosor heter Ester, \u00e4r 22 \u00e5r gammal, och skriver detta eftersom jag har f\u00e5tt den otroliga m\u00f6jligheten att \u00e5ka till stiftet Karagwe i Tanzania genom ACT Svenska kyrkans utbytesprogram Ung i den V\u00e4rldsvida kyrkan. <\/em><\/p>\n\n\n\n<p>Jag kommer fr\u00e5n G\u00f6teborgs stift, d\u00e4r min hemf\u00f6rsamling \u00e4r G\u00f6teborgs domkyrka. Detta \u00e4ventyret ska jag f\u00e5 dela med min reskamrat Amelia som reser fr\u00e5n V\u00e4xj\u00f6 stift! Jag \u00e4r 22 \u00e5r gammal och arbetar till vardags som v\u00e5rdbitr\u00e4de p\u00e5 \u00e4ldreboende i G\u00f6teborg.<\/p>\n\n\n\n<blockquote class=\"wp-block-quote is-layout-flow wp-block-quote-is-layout-flow\">\n<p>Lika mycket handlar tankarna om olika f\u00f6rberedelser, f\u00f6r hur vattent\u00e4ta skor beh\u00f6ver man egentligen n\u00e4r det \u00e4r monsuns\u00e4song och n\u00e4r var det egentligen man kunde b\u00f6rja f\u00f6rtidsr\u00f6sta?<\/p>\n<\/blockquote>\n\n\n\n<p>Dagarna och tankarna snurrar just nu ganska mycket kring att f\u00f6rs\u00f6ka fatta att detta ska h\u00e4nda, att jag ska \u00e5ka iv\u00e4g i tre m\u00e5nader till en ny kontinent och att jag d\u00e4r ska f\u00e5 dela vardag och kyrklig gemenskap p\u00e5 ett helt unikt s\u00e4tt. Lika mycket handlar tankarna om olika f\u00f6rberedelser, f\u00f6r hur vattent\u00e4ta skor beh\u00f6ver man egentligen n\u00e4r det \u00e4r monsuns\u00e4song och n\u00e4r var det egentligen man kunde b\u00f6rja f\u00f6rtidsr\u00f6sta? Och kanske framf\u00f6r allt, vad \u00e4r det nu jag helt har gl\u00f6mt att fundera p\u00e5.<\/p>\n\n\n\n<figure class=\"wp-block-image size-full\"><a href=\"https:\/\/blogg.svenskakyrkan.se\/utbyte\/files\/2026\/08\/AmeliaEster.jpg\"><img loading=\"lazy\" decoding=\"async\" width=\"800\" height=\"534\" src=\"https:\/\/blogg.svenskakyrkan.se\/utbyte\/files\/2026\/08\/AmeliaEster.jpg\" alt=\"\" class=\"wp-image-5679\" srcset=\"https:\/\/blogg.svenskakyrkan.se\/utbyte\/files\/2026\/08\/AmeliaEster.jpg 800w, https:\/\/blogg.svenskakyrkan.se\/utbyte\/files\/2026\/08\/AmeliaEster-300x200.jpg 300w, https:\/\/blogg.svenskakyrkan.se\/utbyte\/files\/2026\/08\/AmeliaEster-768x513.jpg 768w\" sizes=\"auto, (max-width: 800px) 100vw, 800px\" \/><\/a><\/figure>\n\n\n\n<p>Ut\u00f6ver att f\u00e5 m\u00f6ta en kyrka, kultur och m\u00e4nniskor i en annan del av v\u00e4rlden har jag n\u00e5gra personliga intressen som g\u00f6r mig glad och som jag \u00e4r nyfiken p\u00e5 att utforska i Tanzania. Tv\u00e5 av mina stora intressen \u00e4r musik och hantverk. Jag sjunger mer \u00e4n g\u00e4rna i k\u00f6r, n\u00e5got jag har gjort under hela min uppv\u00e4xt och nu g\u00f6r i Gustavi ungdomsk\u00f6r i G\u00f6teborgs domkyrka. Av tidigare deltagare har jag f\u00f6rst\u00e5tt att musiken, g\u00e4rna tillsammans med dans i f\u00f6rsamlingen, \u00e4r riklig och central i gudstj\u00e4nstlivet och jag k\u00e4nner mig s\u00e5 taggad p\u00e5 att f\u00e5 uppleva musik och sjunga tillsammans i gudstj\u00e4nster, eventuella k\u00f6rer och i vardag.<\/p>\n\n\n\n<blockquote class=\"wp-block-quote is-layout-flow wp-block-quote-is-layout-flow\">\n<p>Ut\u00f6ver att f\u00e5 m\u00f6ta en kyrka, kultur och m\u00e4nniskor i en annan del av v\u00e4rlden har jag n\u00e5gra personliga intressen som g\u00f6r mig glad och som jag \u00e4r nyfiken p\u00e5 att utforska i Tanzania.<\/p>\n<\/blockquote>\n\n\n\n<p>Hantverk och konst har ju, tyv\u00e4rr kan jag tycka, inte en lika given och p\u00e5g\u00e5ende plats i det gemensamma kyrkolivet. Jag \u00e4lskar konsthantverket som en m\u00f6jlighet till reflektion, uttryck, delande och som ett s\u00e4tt att manifestera n\u00e5got. N\u00e5got inre, eller n\u00e5got som ber\u00e4ttar n\u00e5got om gemenskapen p\u00e5 ett annat s\u00e4tt \u00e4n ord. Jag \u00e4r v\u00e4ldigt nyfiken p\u00e5 om jag skulle kunna anv\u00e4nda detta intresse p\u00e5 n\u00e5got s\u00e4tt under utbytet. Just nu funderar p\u00e5 olika projekt jag kan ta med som \u00f6ppnar upp f\u00f6r att samla in m\u00f6ten och delande.<\/p>\n\n\n\n<p>Jag \u00e4r s\u00e5 otroligt tacksam f\u00f6r att jag ska f\u00e5 vara med om detta och vill skicka ett enormt tack till alla som p\u00e5 olika s\u00e4tt g\u00f6r detta utbytet m\u00f6jligt. Det \u00e4r med stor f\u00f6rv\u00e4ntan om \u00e4n blandad med en stor dos nervositet som jag ser fram emot den 5 september d\u00e5 flyget lyfter mot Tanzania!<\/p>\n\n\n\n<p>F\u00f6lj g\u00e4rna mig och Amelia p\u00e5 v\u00e5rt utbyte i Karagwe via Instagram: @amelia.och.ester.tanzania och @ungivarldsvida<\/p>\n\n\n\n<p>&#8211; Ester<\/p>\n\n\n\n<p><\/p>\n","protected":false},"excerpt":{"rendered":"<p>Lika mycket handlar tankarna om olika f\u00f6rberedelser, f\u00f6r hur vattent\u00e4ta skor beh\u00f6ver man egentligen n\u00e4r det \u00e4r monsuns\u00e4song och n\u00e4r var det egentligen man kunde b\u00f6rja f\u00f6rtidsr\u00f6sta?<\/p>\n","protected":false},"author":696,"featured_media":5678,"comment_status":"closed","ping_status":"open","sticky":false,"template":"","format":"standard","meta":{"_acf_changed":false,"footnotes":""},"categories":[8625,11634],"tags":[124002,124007,124006,124003,124004],"class_list":["post-5677","post","type-post","status-publish","format-standard","has-post-thumbnail","hentry","category-sverige","category-tanzania","tag-124002","tag-karagwe","tag-tanzania","tag-uivvk","tag-utbyte"],"acf":[],"yoast_head":"<!-- This site is optimized with the Yoast SEO plugin v27.1.1 - https:\/\/yoast.com\/product\/yoast-seo-wordpress\/ -->\n<title>M\u00f6t Ester: fr\u00e5n G\u00f6teborg till Karagwe - I n\u00e5gon annans vardag<\/title>\n<meta name=\"robots\" content=\"index, follow, max-snippet:-1, max-image-preview:large, max-video-preview:-1\" \/>\n<link rel=\"canonical\" href=\"https:\/\/blogg.svenskakyrkan.se\/utbyte\/2026\/09\/02\/mot-ester-fran-goteborg-till-karagwe\/\" \/>\n<meta property=\"og:locale\" content=\"sv_SE\" \/>\n<meta property=\"og:type\" content=\"article\" \/>\n<meta property=\"og:title\" content=\"M\u00f6t Ester: fr\u00e5n G\u00f6teborg till Karagwe - I n\u00e5gon annans vardag\" \/>\n<meta property=\"og:description\" content=\"Lika mycket handlar tankarna om olika f\u00f6rberedelser, f\u00f6r hur vattent\u00e4ta skor beh\u00f6ver man egentligen n\u00e4r det \u00e4r monsuns\u00e4song och n\u00e4r var det egentligen man kunde b\u00f6rja f\u00f6rtidsr\u00f6sta?\" \/>\n<meta property=\"og:url\" content=\"https:\/\/blogg.svenskakyrkan.se\/utbyte\/2026\/09\/02\/mot-ester-fran-goteborg-till-karagwe\/\" \/>\n<meta property=\"og:site_name\" content=\"I n\u00e5gon annans vardag\" \/>\n<meta property=\"article:published_time\" content=\"2026-09-02T14:01:00+00:00\" \/>\n<meta property=\"og:image\" content=\"https:\/\/blogg.svenskakyrkan.se\/utbyte\/files\/2026\/08\/Ester.jpg\" \/>\n\t<meta property=\"og:image:width\" content=\"1200\" \/>\n\t<meta property=\"og:image:height\" content=\"802\" \/>\n\t<meta property=\"og:image:type\" content=\"image\/jpeg\" \/>\n<meta name=\"author\" content=\"Act Svenska kyrkan\" \/>\n<meta name=\"twitter:card\" content=\"summary_large_image\" \/>\n<meta name=\"twitter:label1\" content=\"Skriven av\" \/>\n\t<meta name=\"twitter:data1\" content=\"Act Svenska kyrkan\" \/>\n\t<meta name=\"twitter:label2\" content=\"Ber\u00e4knad l\u00e4stid\" \/>\n\t<meta name=\"twitter:data2\" content=\"3 minuter\" \/>\n<script type=\"application\/ld+json\" class=\"yoast-schema-graph\">{\"@context\":\"https:\/\/schema.org\",\"@graph\":[{\"@type\":\"Article\",\"@id\":\"https:\/\/blogg.svenskakyrkan.se\/utbyte\/2026\/09\/02\/mot-ester-fran-goteborg-till-karagwe\/#article\",\"isPartOf\":{\"@id\":\"https:\/\/blogg.svenskakyrkan.se\/utbyte\/2026\/09\/02\/mot-ester-fran-goteborg-till-karagwe\/\"},\"author\":{\"name\":\"Act Svenska kyrkan\",\"@id\":\"https:\/\/blogg.svenskakyrkan.se\/utbyte\/#\/schema\/person\/9bf731c3d4419e86b92c0b4d9f9424fe\"},\"headline\":\"M\u00f6t Ester: fr\u00e5n G\u00f6teborg till Karagwe\",\"datePublished\":\"2026-09-02T14:01:00+00:00\",\"mainEntityOfPage\":{\"@id\":\"https:\/\/blogg.svenskakyrkan.se\/utbyte\/2026\/09\/02\/mot-ester-fran-goteborg-till-karagwe\/\"},\"wordCount\":655,\"image\":{\"@id\":\"https:\/\/blogg.svenskakyrkan.se\/utbyte\/2026\/09\/02\/mot-ester-fran-goteborg-till-karagwe\/#primaryimage\"},\"thumbnailUrl\":\"https:\/\/blogg.svenskakyrkan.se\/utbyte\/files\/2026\/08\/Ester.jpg\",\"keywords\":[\"2026\",\"Karagwe\",\"Tanzania\",\"UiVVK\",\"Utbyte\"],\"articleSection\":[\"Sverige\",\"Tanzania\"],\"inLanguage\":\"sv-SE\"},{\"@type\":\"WebPage\",\"@id\":\"https:\/\/blogg.svenskakyrkan.se\/utbyte\/2026\/09\/02\/mot-ester-fran-goteborg-till-karagwe\/\",\"url\":\"https:\/\/blogg.svenskakyrkan.se\/utbyte\/2026\/09\/02\/mot-ester-fran-goteborg-till-karagwe\/\",\"name\":\"M\u00f6t Ester: fr\u00e5n G\u00f6teborg till Karagwe - I n\u00e5gon annans vardag\",\"isPartOf\":{\"@id\":\"https:\/\/blogg.svenskakyrkan.se\/utbyte\/#website\"},\"primaryImageOfPage\":{\"@id\":\"https:\/\/blogg.svenskakyrkan.se\/utbyte\/2026\/09\/02\/mot-ester-fran-goteborg-till-karagwe\/#primaryimage\"},\"image\":{\"@id\":\"https:\/\/blogg.svenskakyrkan.se\/utbyte\/2026\/09\/02\/mot-ester-fran-goteborg-till-karagwe\/#primaryimage\"},\"thumbnailUrl\":\"https:\/\/blogg.svenskakyrkan.se\/utbyte\/files\/2026\/08\/Ester.jpg\",\"datePublished\":\"2026-09-02T14:01:00+00:00\",\"author\":{\"@id\":\"https:\/\/blogg.svenskakyrkan.se\/utbyte\/#\/schema\/person\/9bf731c3d4419e86b92c0b4d9f9424fe\"},\"breadcrumb\":{\"@id\":\"https:\/\/blogg.svenskakyrkan.se\/utbyte\/2026\/09\/02\/mot-ester-fran-goteborg-till-karagwe\/#breadcrumb\"},\"inLanguage\":\"sv-SE\",\"potentialAction\":[{\"@type\":\"ReadAction\",\"target\":[\"https:\/\/blogg.svenskakyrkan.se\/utbyte\/2026\/09\/02\/mot-ester-fran-goteborg-till-karagwe\/\"]}]},{\"@type\":\"ImageObject\",\"inLanguage\":\"sv-SE\",\"@id\":\"https:\/\/blogg.svenskakyrkan.se\/utbyte\/2026\/09\/02\/mot-ester-fran-goteborg-till-karagwe\/#primaryimage\",\"url\":\"https:\/\/blogg.svenskakyrkan.se\/utbyte\/files\/2026\/08\/Ester.jpg\",\"contentUrl\":\"https:\/\/blogg.svenskakyrkan.se\/utbyte\/files\/2026\/08\/Ester.jpg\",\"width\":1200,\"height\":802},{\"@type\":\"BreadcrumbList\",\"@id\":\"https:\/\/blogg.svenskakyrkan.se\/utbyte\/2026\/09\/02\/mot-ester-fran-goteborg-till-karagwe\/#breadcrumb\",\"itemListElement\":[{\"@type\":\"ListItem\",\"position\":1,\"name\":\"Hem\",\"item\":\"https:\/\/blogg.svenskakyrkan.se\/utbyte\/\"},{\"@type\":\"ListItem\",\"position\":2,\"name\":\"M\u00f6t Ester: fr\u00e5n G\u00f6teborg till Karagwe\"}]},{\"@type\":\"WebSite\",\"@id\":\"https:\/\/blogg.svenskakyrkan.se\/utbyte\/#website\",\"url\":\"https:\/\/blogg.svenskakyrkan.se\/utbyte\/\",\"name\":\"I n\u00e5gon annans vardag\",\"description\":\"Utbytesprogrammet Ung i den v\u00e4rldsvida kyrkan\",\"potentialAction\":[{\"@type\":\"SearchAction\",\"target\":{\"@type\":\"EntryPoint\",\"urlTemplate\":\"https:\/\/blogg.svenskakyrkan.se\/utbyte\/?s={search_term_string}\"},\"query-input\":{\"@type\":\"PropertyValueSpecification\",\"valueRequired\":true,\"valueName\":\"search_term_string\"}}],\"inLanguage\":\"sv-SE\"},{\"@type\":\"Person\",\"@id\":\"https:\/\/blogg.svenskakyrkan.se\/utbyte\/#\/schema\/person\/9bf731c3d4419e86b92c0b4d9f9424fe\",\"name\":\"Act Svenska kyrkan\",\"image\":{\"@type\":\"ImageObject\",\"inLanguage\":\"sv-SE\",\"@id\":\"https:\/\/blogg.svenskakyrkan.se\/utbyte\/#\/schema\/person\/image\/\",\"url\":\"https:\/\/secure.gravatar.com\/avatar\/dad841196686727e2ffedb0188c265e5bdf1c43732884cfd19099c46d7f62f68?s=96&d=blank&r=g\",\"contentUrl\":\"https:\/\/secure.gravatar.com\/avatar\/dad841196686727e2ffedb0188c265e5bdf1c43732884cfd19099c46d7f62f68?s=96&d=blank&r=g\",\"caption\":\"Act Svenska kyrkan\"},\"url\":\"https:\/\/blogg.svenskakyrkan.se\/utbyte\/author\/intkom\/\"}]}<\/script>\n<!-- \/ Yoast SEO plugin. -->","yoast_head_json":{"title":"M\u00f6t Ester: fr\u00e5n G\u00f6teborg till Karagwe - I n\u00e5gon annans vardag","robots":{"index":"index","follow":"follow","max-snippet":"max-snippet:-1","max-image-preview":"max-image-preview:large","max-video-preview":"max-video-preview:-1"},"canonical":"https:\/\/blogg.svenskakyrkan.se\/utbyte\/2026\/09\/02\/mot-ester-fran-goteborg-till-karagwe\/","og_locale":"sv_SE","og_type":"article","og_title":"M\u00f6t Ester: fr\u00e5n G\u00f6teborg till Karagwe - I n\u00e5gon annans vardag","og_description":"Lika mycket handlar tankarna om olika f\u00f6rberedelser, f\u00f6r hur vattent\u00e4ta skor beh\u00f6ver man egentligen n\u00e4r det \u00e4r monsuns\u00e4song och n\u00e4r var det egentligen man kunde b\u00f6rja f\u00f6rtidsr\u00f6sta?","og_url":"https:\/\/blogg.svenskakyrkan.se\/utbyte\/2026\/09\/02\/mot-ester-fran-goteborg-till-karagwe\/","og_site_name":"I n\u00e5gon annans vardag","article_published_time":"2026-09-02T14:01:00+00:00","og_image":[{"width":1200,"height":802,"url":"https:\/\/blogg.svenskakyrkan.se\/utbyte\/files\/2026\/08\/Ester.jpg","type":"image\/jpeg"}],"author":"Act Svenska kyrkan","twitter_card":"summary_large_image","twitter_misc":{"Skriven av":"Act Svenska kyrkan","Ber\u00e4knad l\u00e4stid":"3 minuter"},"schema":{"@context":"https:\/\/schema.org","@graph":[{"@type":"Article","@id":"https:\/\/blogg.svenskakyrkan.se\/utbyte\/2026\/09\/02\/mot-ester-fran-goteborg-till-karagwe\/#article","isPartOf":{"@id":"https:\/\/blogg.svenskakyrkan.se\/utbyte\/2026\/09\/02\/mot-ester-fran-goteborg-till-karagwe\/"},"author":{"name":"Act Svenska kyrkan","@id":"https:\/\/blogg.svenskakyrkan.se\/utbyte\/#\/schema\/person\/9bf731c3d4419e86b92c0b4d9f9424fe"},"headline":"M\u00f6t Ester: fr\u00e5n G\u00f6teborg till Karagwe","datePublished":"2026-09-02T14:01:00+00:00","mainEntityOfPage":{"@id":"https:\/\/blogg.svenskakyrkan.se\/utbyte\/2026\/09\/02\/mot-ester-fran-goteborg-till-karagwe\/"},"wordCount":655,"image":{"@id":"https:\/\/blogg.svenskakyrkan.se\/utbyte\/2026\/09\/02\/mot-ester-fran-goteborg-till-karagwe\/#primaryimage"},"thumbnailUrl":"https:\/\/blogg.svenskakyrkan.se\/utbyte\/files\/2026\/08\/Ester.jpg","keywords":["2026","Karagwe","Tanzania","UiVVK","Utbyte"],"articleSection":["Sverige","Tanzania"],"inLanguage":"sv-SE"},{"@type":"WebPage","@id":"https:\/\/blogg.svenskakyrkan.se\/utbyte\/2026\/09\/02\/mot-ester-fran-goteborg-till-karagwe\/","url":"https:\/\/blogg.svenskakyrkan.se\/utbyte\/2026\/09\/02\/mot-ester-fran-goteborg-till-karagwe\/","name":"M\u00f6t Ester: fr\u00e5n G\u00f6teborg till Karagwe - I n\u00e5gon annans vardag","isPartOf":{"@id":"https:\/\/blogg.svenskakyrkan.se\/utbyte\/#website"},"primaryImageOfPage":{"@id":"https:\/\/blogg.svenskakyrkan.se\/utbyte\/2026\/09\/02\/mot-ester-fran-goteborg-till-karagwe\/#primaryimage"},"image":{"@id":"https:\/\/blogg.svenskakyrkan.se\/utbyte\/2026\/09\/02\/mot-ester-fran-goteborg-till-karagwe\/#primaryimage"},"thumbnailUrl":"https:\/\/blogg.svenskakyrkan.se\/utbyte\/files\/2026\/08\/Ester.jpg","datePublished":"2026-09-02T14:01:00+00:00","author":{"@id":"https:\/\/blogg.svenskakyrkan.se\/utbyte\/#\/schema\/person\/9bf731c3d4419e86b92c0b4d9f9424fe"},"breadcrumb":{"@id":"https:\/\/blogg.svenskakyrkan.se\/utbyte\/2026\/09\/02\/mot-ester-fran-goteborg-till-karagwe\/#breadcrumb"},"inLanguage":"sv-SE","potentialAction":[{"@type":"ReadAction","target":["https:\/\/blogg.svenskakyrkan.se\/utbyte\/2026\/09\/02\/mot-ester-fran-goteborg-till-karagwe\/"]}]},{"@type":"ImageObject","inLanguage":"sv-SE","@id":"https:\/\/blogg.svenskakyrkan.se\/utbyte\/2026\/09\/02\/mot-ester-fran-goteborg-till-karagwe\/#primaryimage","url":"https:\/\/blogg.svenskakyrkan.se\/utbyte\/files\/2026\/08\/Ester.jpg","contentUrl":"https:\/\/blogg.svenskakyrkan.se\/utbyte\/files\/2026\/08\/Ester.jpg","width":1200,"height":802},{"@type":"BreadcrumbList","@id":"https:\/\/blogg.svenskakyrkan.se\/utbyte\/2026\/09\/02\/mot-ester-fran-goteborg-till-karagwe\/#breadcrumb","itemListElement":[{"@type":"ListItem","position":1,"name":"Hem","item":"https:\/\/blogg.svenskakyrkan.se\/utbyte\/"},{"@type":"ListItem","position":2,"name":"M\u00f6t Ester: fr\u00e5n G\u00f6teborg till Karagwe"}]},{"@type":"WebSite","@id":"https:\/\/blogg.svenskakyrkan.se\/utbyte\/#website","url":"https:\/\/blogg.svenskakyrkan.se\/utbyte\/","name":"I n\u00e5gon annans vardag","description":"Utbytesprogrammet Ung i den v\u00e4rldsvida kyrkan","potentialAction":[{"@type":"SearchAction","target":{"@type":"EntryPoint","urlTemplate":"https:\/\/blogg.svenskakyrkan.se\/utbyte\/?s={search_term_string}"},"query-input":{"@type":"PropertyValueSpecification","valueRequired":true,"valueName":"search_term_string"}}],"inLanguage":"sv-SE"},{"@type":"Person","@id":"https:\/\/blogg.svenskakyrkan.se\/utbyte\/#\/schema\/person\/9bf731c3d4419e86b92c0b4d9f9424fe","name":"Act Svenska kyrkan","image":{"@type":"ImageObject","inLanguage":"sv-SE","@id":"https:\/\/blogg.svenskakyrkan.se\/utbyte\/#\/schema\/person\/image\/","url":"https:\/\/secure.gravatar.com\/avatar\/dad841196686727e2ffedb0188c265e5bdf1c43732884cfd19099c46d7f62f68?s=96&d=blank&r=g","contentUrl":"https:\/\/secure.gravatar.com\/avatar\/dad841196686727e2ffedb0188c265e5bdf1c43732884cfd19099c46d7f62f68?s=96&d=blank&r=g","caption":"Act Svenska kyrkan"},"url":"https:\/\/blogg.svenskakyrkan.se\/utbyte\/author\/intkom\/"}]}},"author_meta":{"ID":"696","user_nicename":"intkom","user_registered":"2019-02-06 08:14:30","display_name":"Act Svenska kyrkan","first_name":"Act Svenska kyrkan","last_name":"Redakt\u00f6r","avatar":"https:\/\/secure.gravatar.com\/avatar\/dad841196686727e2ffedb0188c265e5bdf1c43732884cfd19099c46d7f62f68?s=96&d=blank&r=g"},"featured_image":["https:\/\/blogg.svenskakyrkan.se\/utbyte\/files\/2026\/08\/Ester-1024x684.jpg",1024,684,true],"bloginfo":{"name":"I n\u00e5gon annans vardag","url":"https:\/\/blogg.svenskakyrkan.se\/utbyte"},"_links":{"self":[{"href":"https:\/\/blogg.svenskakyrkan.se\/utbyte\/wp-json\/wp\/v2\/posts\/5677","targetHints":{"allow":["GET"]}}],"collection":[{"href":"https:\/\/blogg.svenskakyrkan.se\/utbyte\/wp-json\/wp\/v2\/posts"}],"about":[{"href":"https:\/\/blogg.svenskakyrkan.se\/utbyte\/wp-json\/wp\/v2\/types\/post"}],"author":[{"embeddable":true,"href":"https:\/\/blogg.svenskakyrkan.se\/utbyte\/wp-json\/wp\/v2\/users\/696"}],"replies":[{"embeddable":true,"href":"https:\/\/blogg.svenskakyrkan.se\/utbyte\/wp-json\/wp\/v2\/comments?post=5677"}],"version-history":[{"count":1,"href":"https:\/\/blogg.svenskakyrkan.se\/utbyte\/wp-json\/wp\/v2\/posts\/5677\/revisions"}],"predecessor-version":[{"id":5681,"href":"https:\/\/blogg.svenskakyrkan.se\/utbyte\/wp-json\/wp\/v2\/posts\/5677\/revisions\/5681"}],"wp:featuredmedia":[{"embeddable":true,"href":"https:\/\/blogg.svenskakyrkan.se\/utbyte\/wp-json\/wp\/v2\/media\/5678"}],"wp:attachment":[{"href":"https:\/\/blogg.svenskakyrkan.se\/utbyte\/wp-json\/wp\/v2\/media?parent=5677"}],"wp:term":[{"taxonomy":"category","embeddable":true,"href":"https:\/\/blogg.svenskakyrkan.se\/utbyte\/wp-json\/wp\/v2\/categories?post=5677"},{"taxonomy":"post_tag","embeddable":true,"href":"https:\/\/blogg.svenskakyrkan.se\/utbyte\/wp-json\/wp\/v2\/tags?post=5677"}],"curies":[{"name":"wp","href":"https:\/\/api.w.org\/{rel}","templated":true}]}}