{"id":5682,"date":"2026-09-03T08:15:00","date_gmt":"2026-09-03T06:15:00","guid":{"rendered":"https:\/\/blogg.svenskakyrkan.se\/utbyte\/?p=5682"},"modified":"2026-09-01T09:29:10","modified_gmt":"2026-09-01T07:29:10","slug":"mot-hedvig-fran-stockholm-till-bukoba","status":"publish","type":"post","link":"https:\/\/blogg.svenskakyrkan.se\/utbyte\/2026\/09\/03\/mot-hedvig-fran-stockholm-till-bukoba\/","title":{"rendered":"M\u00f6t Hedvig: fr\u00e5n Stockholm till Bukoba"},"content":{"rendered":"\n<p class=\"is-style-intro\">I ett antal inl\u00e4gg fram\u00f6ver presenterar sig 2026 \u00e5rs svenska deltagare i\u00a0<em>Ung i den v\u00e4rldsvida kyrkan<\/em>. De \u00e4r p\u00e5 sina utbyten under september till november. H\u00e4r m\u00f6ter du Hedvig Tottie som reser fr\u00e5n Stockholms stift till Bukoba, Tanzania.<\/p>\n\n\n<figure class=\"wp-block-post-featured-image\"><img loading=\"lazy\" decoding=\"async\" width=\"1200\" height=\"802\" src=\"https:\/\/blogg.svenskakyrkan.se\/utbyte\/files\/2026\/09\/Hedvig.jpg\" class=\"attachment-post-thumbnail size-post-thumbnail wp-post-image\" alt=\"\" style=\"object-fit:cover;\" srcset=\"https:\/\/blogg.svenskakyrkan.se\/utbyte\/files\/2026\/09\/Hedvig.jpg 1200w, https:\/\/blogg.svenskakyrkan.se\/utbyte\/files\/2026\/09\/Hedvig-300x201.jpg 300w, https:\/\/blogg.svenskakyrkan.se\/utbyte\/files\/2026\/09\/Hedvig-1024x684.jpg 1024w, https:\/\/blogg.svenskakyrkan.se\/utbyte\/files\/2026\/09\/Hedvig-768x513.jpg 768w\" sizes=\"auto, (max-width: 1200px) 100vw, 1200px\" \/><\/figure>\n\n\n<p><em>Hejsan!<\/em><\/p>\n\n\n\n<p><em>Mitt namn \u00e4r Hedvig Tottie, och jag \u00e4r aktiv i Skarpn\u00e4cks f\u00f6rsamling i Stockholms stift. Jag \u00e4r 19 \u00e5r gammal och boende i T\u00e4by! D\u00e5 kanske du undrar; \u201dvarf\u00f6r \u00e4r hon aktiv i Skarpn\u00e4ck om hon bor i T\u00e4by?\u201d. Det \u00f6nskar jag att jag hade ett bra svar p\u00e5, men sanningen \u00e4r faktiskt att det bara \u00e4r resultatet av en slump. Eller slump och slump, Guds vilja!<\/em><\/p>\n\n\n\n<p>I Skarpn\u00e4cks f\u00f6rsamling har jag h\u00e4ngt sedan jag var konfirmand. \u00c4nda sedan jag \u00e5kte p\u00e5 l\u00e4ger som konfirmand har jag inte riktigt lyckats sl\u00e4ppa min underbara f\u00f6rsamling, med personal som aldrig slutar tro p\u00e5 mig. Jag hade aldrig v\u00e5gat s\u00f6ka det h\u00e4r utbytet om jag inte hade k\u00e4nt ett s\u00e5dant st\u00f6d fr\u00e5n Skarpn\u00e4cks fantastiska pedagoger, pr\u00e4ster och diakoner! Med mina egna ungdomsledares st\u00f6d blev jag peppad till att g\u00e5 f\u00f6rsamlingens ledarutbildning, vilket gjorde att jag senare sj\u00e4lv blev ungdomsledare f\u00f6r egna konfirmander. <\/p>\n\n\n\n<blockquote class=\"wp-block-quote is-layout-flow wp-block-quote-is-layout-flow\">\n<p>Jag hade aldrig v\u00e5gat s\u00f6ka det h\u00e4r utbytet om jag inte hade k\u00e4nt ett s\u00e5dant st\u00f6d fr\u00e5n Skarpn\u00e4cks fantastiska pedagoger, pr\u00e4ster och diakoner!<\/p>\n<\/blockquote>\n\n\n\n<p>Jag har \u00e4ven varit med i styrelsen f\u00f6r v\u00e5r lokalavdelning SKB \u201dSkarpn\u00e4ck K\u00f6r Bara\u201d under SKUSS (Svenska Kyrkans Unga i Stockholms Stift). Efter ett tredje \u00e5r som ungdom p\u00e5 Skarpn\u00e4cks f\u00f6rsamlings underbara kv\u00e4llsh\u00e4ng, som ungdomsledare, och som styrelsemedlem, var jag lite sugen p\u00e5 att ta n\u00e4sta steg p\u00e5 min resa genom kyrkans m\u00f6jligheter. Resultatet av de tankarna blev en ans\u00f6kan till Ung i den v\u00e4rldsvida kyrkan!<\/p>\n\n\n\n<figure class=\"wp-block-image size-large\"><a href=\"https:\/\/blogg.svenskakyrkan.se\/utbyte\/files\/2026\/09\/Hedvig2.jpg\"><img loading=\"lazy\" decoding=\"async\" width=\"1024\" height=\"684\" src=\"https:\/\/blogg.svenskakyrkan.se\/utbyte\/files\/2026\/09\/Hedvig2-1024x684.jpg\" alt=\"\" class=\"wp-image-5684\" srcset=\"https:\/\/blogg.svenskakyrkan.se\/utbyte\/files\/2026\/09\/Hedvig2-1024x684.jpg 1024w, https:\/\/blogg.svenskakyrkan.se\/utbyte\/files\/2026\/09\/Hedvig2-300x200.jpg 300w, https:\/\/blogg.svenskakyrkan.se\/utbyte\/files\/2026\/09\/Hedvig2-768x513.jpg 768w, https:\/\/blogg.svenskakyrkan.se\/utbyte\/files\/2026\/09\/Hedvig2.jpg 1200w\" sizes=\"auto, (max-width: 1024px) 100vw, 1024px\" \/><\/a><figcaption class=\"wp-element-caption\">Hedvig p\u00e5 kurs i R\u00e4ttvik som f\u00f6rberedelse f\u00f6r utbytet i Bukoba<\/figcaption><\/figure>\n\n\n\n<p>Jag \u00e4r allts\u00e5 en av deltagarna i utbytesprogrammet, och jag ska spendera min utbytesperiod i Bukoba, Tanzania. Just nu \u00e4r k\u00e4nslorna inf\u00f6r resan v\u00e4ldigt laddade och taggade, men det \u00e4r s\u00e5klart lite nerv\u00f6st ocks\u00e5. Min nervositet grundar sig i den enorma ovissheten kring utbytet. Jag har verkligen ingen aning om hur det ser ut i Bukoba, hur maten smakar, vilka dofter som finns, vilka ljud man h\u00f6r. Min oro i kroppen handlar ocks\u00e5 om att jag aldrig varit borta s\u00e5 h\u00e4r l\u00e4nge fr\u00e5n familjen, och aldrig s\u00e5 h\u00e4r l\u00e5ngt bort fr\u00e5n hemma. Det \u00e4r ocks\u00e5 d\u00e4rf\u00f6r jag tror att detta kommer bli en upplevelse l\u00e5ngt fr\u00e5n n\u00e5got annat jag tidigare testat p\u00e5! Men nya upplevelser \u00e4r ocks\u00e5 oftast de mest givande upplevelserna, s\u00e5 detta kommer bli j\u00e4ttebra.<\/p>\n\n\n\n<blockquote class=\"wp-block-quote is-layout-flow wp-block-quote-is-layout-flow\">\n<p> Jag har verkligen ingen aning om hur det ser ut i Bukoba, hur maten smakar, vilka dofter som finns, vilka ljud man h\u00f6r. Min oro i kroppen handlar ocks\u00e5 om att jag aldrig varit borta s\u00e5 h\u00e4r l\u00e4nge fr\u00e5n familjen, och aldrig s\u00e5 h\u00e4r l\u00e5ngt bort fr\u00e5n hemma. <\/p>\n<\/blockquote>\n\n\n\n<p>Mina f\u00f6rv\u00e4ntningar p\u00e5 utbytet \u00e4r att jag kommer f\u00e5 m\u00f6ta m\u00e5nga nya upplevelser och situationer, saker jag b\u00e5de \u00e4r beredd p\u00e5 och inte beredd p\u00e5. Det \u00e4r nog i de of\u00f6rberedda m\u00f6tena man l\u00e4r sig som mest om sig sj\u00e4lv. Jag ser framf\u00f6r mig att jag kommer skratta en hel del, inte minst med min fantastiska resepartner Rut som \u00e4r himla skoj. Min vardag i Bukoba kommer f\u00f6rmodligen skilja sig en hel del fr\u00e5n vardagen i T\u00e4by, men f\u00f6rmodligen vara precis lika bra. Om inte \u00e4nnu b\u00e4ttre?<\/p>\n\n\n\n<blockquote class=\"wp-block-quote is-layout-flow wp-block-quote-is-layout-flow\">\n<p>Jag kan inte hj\u00e4lpa att undra vad som kommer f\u00f6r\u00e4ndras inuti mig under dessa tre m\u00e5nader?<\/p>\n<\/blockquote>\n\n\n\n<p>M\u00e5nga jag m\u00f6tt den senaste tiden, som har gjort ett likande utbyte n\u00e5gon g\u00e5ng, har sagt att s\u00e5dana h\u00e4r upplevelser b\u00e5de \u00e4r en yttre och inre resa, s\u00e5 det ser jag ocks\u00e5 lite fram emot att f\u00e5 ha med mig genom resans g\u00e5ng. Jag kan inte hj\u00e4lpa att undra vad som kommer f\u00f6r\u00e4ndras inuti mig under dessa tre m\u00e5nader? Kanske har jag l\u00e4rt mig en massa nytt om mig sj\u00e4lv, om v\u00e4rlden runt omkring mig, och om min och andras tro. Kanske har jag hittat nya favoritr\u00e4tter, nya s\u00e4tt att leva p\u00e5, och nya vanor. Kanske vill jag aldrig l\u00e4mna Bukoba!<\/p>\n\n\n\n<p>Det \u00e5terst\u00e5r att se, och jag hoppas att ni vill f\u00f6lja med p\u00e5 v\u00e4gen. Jag ser v\u00e4ldigt mycket fram emot min utbytestid! Vi h\u00f6rs snart igen, b\u00e5de h\u00e4r p\u00e5 bloggen och p\u00e5 min och Ruts Instagram: @rutochhedvigupplevertanzania och @ungivarldsvida<\/p>\n\n\n\n<p>Massa h\u00e4lsningar,<\/p>\n\n\n\n<p>&#8211; Hedvig Tottie.<\/p>\n\n\n\n<p><\/p>\n\n\n\n<p><\/p>\n","protected":false},"excerpt":{"rendered":"<p>Jag \u00e4r allts\u00e5 en av deltagarna i utbytesprogrammet, och jag ska spendera min utbytesperiod i Bukoba, Tanzania. Just nu \u00e4r k\u00e4nslorna inf\u00f6r resan v\u00e4ldigt laddade och taggade, men det \u00e4r s\u00e5klart lite nerv\u00f6st ocks\u00e5. Min nervositet grundar sig i den enorma ovissheten kring utbytet. Jag har verkligen ingen aning om hur det ser ut i Bukoba, hur maten smakar, vilka dofter som finns, vilka ljud man h\u00f6r. Min oro i kroppen handlar ocks\u00e5 om att jag aldrig varit borta s\u00e5 h\u00e4r l\u00e4nge fr\u00e5n familjen, och aldrig s\u00e5 h\u00e4r l\u00e5ngt bort fr\u00e5n hemma. Det \u00e4r ocks\u00e5 d\u00e4rf\u00f6r jag tror att detta kommer bli en upplevelse l\u00e5ngt fr\u00e5n n\u00e5got annat jag tidigare testat p\u00e5! Men nya upplevelser \u00e4r ocks\u00e5 oftast de mest givande upplevelserna, s\u00e5 detta kommer bli j\u00e4ttebra.<\/p>\n","protected":false},"author":696,"featured_media":5683,"comment_status":"closed","ping_status":"open","sticky":false,"template":"","format":"standard","meta":{"_acf_changed":false,"footnotes":""},"categories":[8625,11634],"tags":[124002,124009,124006,124003,124004],"class_list":["post-5682","post","type-post","status-publish","format-standard","has-post-thumbnail","hentry","category-sverige","category-tanzania","tag-124002","tag-bukoba","tag-tanzania","tag-uivvk","tag-utbyte"],"acf":[],"yoast_head":"<!-- This site is optimized with the Yoast SEO plugin v27.1.1 - https:\/\/yoast.com\/product\/yoast-seo-wordpress\/ -->\n<title>M\u00f6t Hedvig: fr\u00e5n Stockholm till Bukoba - I n\u00e5gon annans vardag<\/title>\n<meta name=\"robots\" content=\"index, follow, max-snippet:-1, max-image-preview:large, max-video-preview:-1\" \/>\n<link rel=\"canonical\" href=\"https:\/\/blogg.svenskakyrkan.se\/utbyte\/2026\/09\/03\/mot-hedvig-fran-stockholm-till-bukoba\/\" \/>\n<meta property=\"og:locale\" content=\"sv_SE\" \/>\n<meta property=\"og:type\" content=\"article\" \/>\n<meta property=\"og:title\" content=\"M\u00f6t Hedvig: fr\u00e5n Stockholm till Bukoba - I n\u00e5gon annans vardag\" \/>\n<meta property=\"og:description\" content=\"Jag \u00e4r allts\u00e5 en av deltagarna i utbytesprogrammet, och jag ska spendera min utbytesperiod i Bukoba, Tanzania. Just nu \u00e4r k\u00e4nslorna inf\u00f6r resan v\u00e4ldigt laddade och taggade, men det \u00e4r s\u00e5klart lite nerv\u00f6st ocks\u00e5. Min nervositet grundar sig i den enorma ovissheten kring utbytet. Jag har verkligen ingen aning om hur det ser ut i Bukoba, hur maten smakar, vilka dofter som finns, vilka ljud man h\u00f6r. Min oro i kroppen handlar ocks\u00e5 om att jag aldrig varit borta s\u00e5 h\u00e4r l\u00e4nge fr\u00e5n familjen, och aldrig s\u00e5 h\u00e4r l\u00e5ngt bort fr\u00e5n hemma. Det \u00e4r ocks\u00e5 d\u00e4rf\u00f6r jag tror att detta kommer bli en upplevelse l\u00e5ngt fr\u00e5n n\u00e5got annat jag tidigare testat p\u00e5! Men nya upplevelser \u00e4r ocks\u00e5 oftast de mest givande upplevelserna, s\u00e5 detta kommer bli j\u00e4ttebra.\" \/>\n<meta property=\"og:url\" content=\"https:\/\/blogg.svenskakyrkan.se\/utbyte\/2026\/09\/03\/mot-hedvig-fran-stockholm-till-bukoba\/\" \/>\n<meta property=\"og:site_name\" content=\"I n\u00e5gon annans vardag\" \/>\n<meta property=\"article:published_time\" content=\"2026-09-03T06:15:00+00:00\" \/>\n<meta property=\"og:image\" content=\"https:\/\/blogg.svenskakyrkan.se\/utbyte\/files\/2026\/09\/Hedvig.jpg\" \/>\n\t<meta property=\"og:image:width\" content=\"1200\" \/>\n\t<meta property=\"og:image:height\" content=\"802\" \/>\n\t<meta property=\"og:image:type\" content=\"image\/jpeg\" \/>\n<meta name=\"author\" content=\"Act Svenska kyrkan\" \/>\n<meta name=\"twitter:card\" content=\"summary_large_image\" \/>\n<meta name=\"twitter:label1\" content=\"Skriven av\" \/>\n\t<meta name=\"twitter:data1\" content=\"Act Svenska kyrkan\" \/>\n\t<meta name=\"twitter:label2\" content=\"Ber\u00e4knad l\u00e4stid\" \/>\n\t<meta name=\"twitter:data2\" content=\"4 minuter\" \/>\n<script type=\"application\/ld+json\" class=\"yoast-schema-graph\">{\"@context\":\"https:\/\/schema.org\",\"@graph\":[{\"@type\":\"Article\",\"@id\":\"https:\/\/blogg.svenskakyrkan.se\/utbyte\/2026\/09\/03\/mot-hedvig-fran-stockholm-till-bukoba\/#article\",\"isPartOf\":{\"@id\":\"https:\/\/blogg.svenskakyrkan.se\/utbyte\/2026\/09\/03\/mot-hedvig-fran-stockholm-till-bukoba\/\"},\"author\":{\"name\":\"Act Svenska kyrkan\",\"@id\":\"https:\/\/blogg.svenskakyrkan.se\/utbyte\/#\/schema\/person\/9bf731c3d4419e86b92c0b4d9f9424fe\"},\"headline\":\"M\u00f6t Hedvig: fr\u00e5n Stockholm till Bukoba\",\"datePublished\":\"2026-09-03T06:15:00+00:00\",\"mainEntityOfPage\":{\"@id\":\"https:\/\/blogg.svenskakyrkan.se\/utbyte\/2026\/09\/03\/mot-hedvig-fran-stockholm-till-bukoba\/\"},\"wordCount\":843,\"image\":{\"@id\":\"https:\/\/blogg.svenskakyrkan.se\/utbyte\/2026\/09\/03\/mot-hedvig-fran-stockholm-till-bukoba\/#primaryimage\"},\"thumbnailUrl\":\"https:\/\/blogg.svenskakyrkan.se\/utbyte\/files\/2026\/09\/Hedvig.jpg\",\"keywords\":[\"2026\",\"Bukoba\",\"Tanzania\",\"UiVVK\",\"Utbyte\"],\"articleSection\":[\"Sverige\",\"Tanzania\"],\"inLanguage\":\"sv-SE\"},{\"@type\":\"WebPage\",\"@id\":\"https:\/\/blogg.svenskakyrkan.se\/utbyte\/2026\/09\/03\/mot-hedvig-fran-stockholm-till-bukoba\/\",\"url\":\"https:\/\/blogg.svenskakyrkan.se\/utbyte\/2026\/09\/03\/mot-hedvig-fran-stockholm-till-bukoba\/\",\"name\":\"M\u00f6t Hedvig: fr\u00e5n Stockholm till Bukoba - I n\u00e5gon annans vardag\",\"isPartOf\":{\"@id\":\"https:\/\/blogg.svenskakyrkan.se\/utbyte\/#website\"},\"primaryImageOfPage\":{\"@id\":\"https:\/\/blogg.svenskakyrkan.se\/utbyte\/2026\/09\/03\/mot-hedvig-fran-stockholm-till-bukoba\/#primaryimage\"},\"image\":{\"@id\":\"https:\/\/blogg.svenskakyrkan.se\/utbyte\/2026\/09\/03\/mot-hedvig-fran-stockholm-till-bukoba\/#primaryimage\"},\"thumbnailUrl\":\"https:\/\/blogg.svenskakyrkan.se\/utbyte\/files\/2026\/09\/Hedvig.jpg\",\"datePublished\":\"2026-09-03T06:15:00+00:00\",\"author\":{\"@id\":\"https:\/\/blogg.svenskakyrkan.se\/utbyte\/#\/schema\/person\/9bf731c3d4419e86b92c0b4d9f9424fe\"},\"breadcrumb\":{\"@id\":\"https:\/\/blogg.svenskakyrkan.se\/utbyte\/2026\/09\/03\/mot-hedvig-fran-stockholm-till-bukoba\/#breadcrumb\"},\"inLanguage\":\"sv-SE\",\"potentialAction\":[{\"@type\":\"ReadAction\",\"target\":[\"https:\/\/blogg.svenskakyrkan.se\/utbyte\/2026\/09\/03\/mot-hedvig-fran-stockholm-till-bukoba\/\"]}]},{\"@type\":\"ImageObject\",\"inLanguage\":\"sv-SE\",\"@id\":\"https:\/\/blogg.svenskakyrkan.se\/utbyte\/2026\/09\/03\/mot-hedvig-fran-stockholm-till-bukoba\/#primaryimage\",\"url\":\"https:\/\/blogg.svenskakyrkan.se\/utbyte\/files\/2026\/09\/Hedvig.jpg\",\"contentUrl\":\"https:\/\/blogg.svenskakyrkan.se\/utbyte\/files\/2026\/09\/Hedvig.jpg\",\"width\":1200,\"height\":802},{\"@type\":\"BreadcrumbList\",\"@id\":\"https:\/\/blogg.svenskakyrkan.se\/utbyte\/2026\/09\/03\/mot-hedvig-fran-stockholm-till-bukoba\/#breadcrumb\",\"itemListElement\":[{\"@type\":\"ListItem\",\"position\":1,\"name\":\"Hem\",\"item\":\"https:\/\/blogg.svenskakyrkan.se\/utbyte\/\"},{\"@type\":\"ListItem\",\"position\":2,\"name\":\"M\u00f6t Hedvig: fr\u00e5n Stockholm till Bukoba\"}]},{\"@type\":\"WebSite\",\"@id\":\"https:\/\/blogg.svenskakyrkan.se\/utbyte\/#website\",\"url\":\"https:\/\/blogg.svenskakyrkan.se\/utbyte\/\",\"name\":\"I n\u00e5gon annans vardag\",\"description\":\"Utbytesprogrammet Ung i den v\u00e4rldsvida kyrkan\",\"potentialAction\":[{\"@type\":\"SearchAction\",\"target\":{\"@type\":\"EntryPoint\",\"urlTemplate\":\"https:\/\/blogg.svenskakyrkan.se\/utbyte\/?s={search_term_string}\"},\"query-input\":{\"@type\":\"PropertyValueSpecification\",\"valueRequired\":true,\"valueName\":\"search_term_string\"}}],\"inLanguage\":\"sv-SE\"},{\"@type\":\"Person\",\"@id\":\"https:\/\/blogg.svenskakyrkan.se\/utbyte\/#\/schema\/person\/9bf731c3d4419e86b92c0b4d9f9424fe\",\"name\":\"Act Svenska kyrkan\",\"image\":{\"@type\":\"ImageObject\",\"inLanguage\":\"sv-SE\",\"@id\":\"https:\/\/blogg.svenskakyrkan.se\/utbyte\/#\/schema\/person\/image\/\",\"url\":\"https:\/\/secure.gravatar.com\/avatar\/dad841196686727e2ffedb0188c265e5bdf1c43732884cfd19099c46d7f62f68?s=96&d=blank&r=g\",\"contentUrl\":\"https:\/\/secure.gravatar.com\/avatar\/dad841196686727e2ffedb0188c265e5bdf1c43732884cfd19099c46d7f62f68?s=96&d=blank&r=g\",\"caption\":\"Act Svenska kyrkan\"},\"url\":\"https:\/\/blogg.svenskakyrkan.se\/utbyte\/author\/intkom\/\"}]}<\/script>\n<!-- \/ Yoast SEO plugin. -->","yoast_head_json":{"title":"M\u00f6t Hedvig: fr\u00e5n Stockholm till Bukoba - I n\u00e5gon annans vardag","robots":{"index":"index","follow":"follow","max-snippet":"max-snippet:-1","max-image-preview":"max-image-preview:large","max-video-preview":"max-video-preview:-1"},"canonical":"https:\/\/blogg.svenskakyrkan.se\/utbyte\/2026\/09\/03\/mot-hedvig-fran-stockholm-till-bukoba\/","og_locale":"sv_SE","og_type":"article","og_title":"M\u00f6t Hedvig: fr\u00e5n Stockholm till Bukoba - I n\u00e5gon annans vardag","og_description":"Jag \u00e4r allts\u00e5 en av deltagarna i utbytesprogrammet, och jag ska spendera min utbytesperiod i Bukoba, Tanzania. Just nu \u00e4r k\u00e4nslorna inf\u00f6r resan v\u00e4ldigt laddade och taggade, men det \u00e4r s\u00e5klart lite nerv\u00f6st ocks\u00e5. Min nervositet grundar sig i den enorma ovissheten kring utbytet. Jag har verkligen ingen aning om hur det ser ut i Bukoba, hur maten smakar, vilka dofter som finns, vilka ljud man h\u00f6r. Min oro i kroppen handlar ocks\u00e5 om att jag aldrig varit borta s\u00e5 h\u00e4r l\u00e4nge fr\u00e5n familjen, och aldrig s\u00e5 h\u00e4r l\u00e5ngt bort fr\u00e5n hemma. Det \u00e4r ocks\u00e5 d\u00e4rf\u00f6r jag tror att detta kommer bli en upplevelse l\u00e5ngt fr\u00e5n n\u00e5got annat jag tidigare testat p\u00e5! Men nya upplevelser \u00e4r ocks\u00e5 oftast de mest givande upplevelserna, s\u00e5 detta kommer bli j\u00e4ttebra.","og_url":"https:\/\/blogg.svenskakyrkan.se\/utbyte\/2026\/09\/03\/mot-hedvig-fran-stockholm-till-bukoba\/","og_site_name":"I n\u00e5gon annans vardag","article_published_time":"2026-09-03T06:15:00+00:00","og_image":[{"width":1200,"height":802,"url":"https:\/\/blogg.svenskakyrkan.se\/utbyte\/files\/2026\/09\/Hedvig.jpg","type":"image\/jpeg"}],"author":"Act Svenska kyrkan","twitter_card":"summary_large_image","twitter_misc":{"Skriven av":"Act Svenska kyrkan","Ber\u00e4knad l\u00e4stid":"4 minuter"},"schema":{"@context":"https:\/\/schema.org","@graph":[{"@type":"Article","@id":"https:\/\/blogg.svenskakyrkan.se\/utbyte\/2026\/09\/03\/mot-hedvig-fran-stockholm-till-bukoba\/#article","isPartOf":{"@id":"https:\/\/blogg.svenskakyrkan.se\/utbyte\/2026\/09\/03\/mot-hedvig-fran-stockholm-till-bukoba\/"},"author":{"name":"Act Svenska kyrkan","@id":"https:\/\/blogg.svenskakyrkan.se\/utbyte\/#\/schema\/person\/9bf731c3d4419e86b92c0b4d9f9424fe"},"headline":"M\u00f6t Hedvig: fr\u00e5n Stockholm till Bukoba","datePublished":"2026-09-03T06:15:00+00:00","mainEntityOfPage":{"@id":"https:\/\/blogg.svenskakyrkan.se\/utbyte\/2026\/09\/03\/mot-hedvig-fran-stockholm-till-bukoba\/"},"wordCount":843,"image":{"@id":"https:\/\/blogg.svenskakyrkan.se\/utbyte\/2026\/09\/03\/mot-hedvig-fran-stockholm-till-bukoba\/#primaryimage"},"thumbnailUrl":"https:\/\/blogg.svenskakyrkan.se\/utbyte\/files\/2026\/09\/Hedvig.jpg","keywords":["2026","Bukoba","Tanzania","UiVVK","Utbyte"],"articleSection":["Sverige","Tanzania"],"inLanguage":"sv-SE"},{"@type":"WebPage","@id":"https:\/\/blogg.svenskakyrkan.se\/utbyte\/2026\/09\/03\/mot-hedvig-fran-stockholm-till-bukoba\/","url":"https:\/\/blogg.svenskakyrkan.se\/utbyte\/2026\/09\/03\/mot-hedvig-fran-stockholm-till-bukoba\/","name":"M\u00f6t Hedvig: fr\u00e5n Stockholm till Bukoba - I n\u00e5gon annans vardag","isPartOf":{"@id":"https:\/\/blogg.svenskakyrkan.se\/utbyte\/#website"},"primaryImageOfPage":{"@id":"https:\/\/blogg.svenskakyrkan.se\/utbyte\/2026\/09\/03\/mot-hedvig-fran-stockholm-till-bukoba\/#primaryimage"},"image":{"@id":"https:\/\/blogg.svenskakyrkan.se\/utbyte\/2026\/09\/03\/mot-hedvig-fran-stockholm-till-bukoba\/#primaryimage"},"thumbnailUrl":"https:\/\/blogg.svenskakyrkan.se\/utbyte\/files\/2026\/09\/Hedvig.jpg","datePublished":"2026-09-03T06:15:00+00:00","author":{"@id":"https:\/\/blogg.svenskakyrkan.se\/utbyte\/#\/schema\/person\/9bf731c3d4419e86b92c0b4d9f9424fe"},"breadcrumb":{"@id":"https:\/\/blogg.svenskakyrkan.se\/utbyte\/2026\/09\/03\/mot-hedvig-fran-stockholm-till-bukoba\/#breadcrumb"},"inLanguage":"sv-SE","potentialAction":[{"@type":"ReadAction","target":["https:\/\/blogg.svenskakyrkan.se\/utbyte\/2026\/09\/03\/mot-hedvig-fran-stockholm-till-bukoba\/"]}]},{"@type":"ImageObject","inLanguage":"sv-SE","@id":"https:\/\/blogg.svenskakyrkan.se\/utbyte\/2026\/09\/03\/mot-hedvig-fran-stockholm-till-bukoba\/#primaryimage","url":"https:\/\/blogg.svenskakyrkan.se\/utbyte\/files\/2026\/09\/Hedvig.jpg","contentUrl":"https:\/\/blogg.svenskakyrkan.se\/utbyte\/files\/2026\/09\/Hedvig.jpg","width":1200,"height":802},{"@type":"BreadcrumbList","@id":"https:\/\/blogg.svenskakyrkan.se\/utbyte\/2026\/09\/03\/mot-hedvig-fran-stockholm-till-bukoba\/#breadcrumb","itemListElement":[{"@type":"ListItem","position":1,"name":"Hem","item":"https:\/\/blogg.svenskakyrkan.se\/utbyte\/"},{"@type":"ListItem","position":2,"name":"M\u00f6t Hedvig: fr\u00e5n Stockholm till Bukoba"}]},{"@type":"WebSite","@id":"https:\/\/blogg.svenskakyrkan.se\/utbyte\/#website","url":"https:\/\/blogg.svenskakyrkan.se\/utbyte\/","name":"I n\u00e5gon annans vardag","description":"Utbytesprogrammet Ung i den v\u00e4rldsvida kyrkan","potentialAction":[{"@type":"SearchAction","target":{"@type":"EntryPoint","urlTemplate":"https:\/\/blogg.svenskakyrkan.se\/utbyte\/?s={search_term_string}"},"query-input":{"@type":"PropertyValueSpecification","valueRequired":true,"valueName":"search_term_string"}}],"inLanguage":"sv-SE"},{"@type":"Person","@id":"https:\/\/blogg.svenskakyrkan.se\/utbyte\/#\/schema\/person\/9bf731c3d4419e86b92c0b4d9f9424fe","name":"Act Svenska kyrkan","image":{"@type":"ImageObject","inLanguage":"sv-SE","@id":"https:\/\/blogg.svenskakyrkan.se\/utbyte\/#\/schema\/person\/image\/","url":"https:\/\/secure.gravatar.com\/avatar\/dad841196686727e2ffedb0188c265e5bdf1c43732884cfd19099c46d7f62f68?s=96&d=blank&r=g","contentUrl":"https:\/\/secure.gravatar.com\/avatar\/dad841196686727e2ffedb0188c265e5bdf1c43732884cfd19099c46d7f62f68?s=96&d=blank&r=g","caption":"Act Svenska kyrkan"},"url":"https:\/\/blogg.svenskakyrkan.se\/utbyte\/author\/intkom\/"}]}},"author_meta":{"ID":"696","user_nicename":"intkom","user_registered":"2019-02-06 08:14:30","display_name":"Act Svenska kyrkan","first_name":"Act Svenska kyrkan","last_name":"Redakt\u00f6r","avatar":"https:\/\/secure.gravatar.com\/avatar\/dad841196686727e2ffedb0188c265e5bdf1c43732884cfd19099c46d7f62f68?s=96&d=blank&r=g"},"featured_image":["https:\/\/blogg.svenskakyrkan.se\/utbyte\/files\/2026\/09\/Hedvig-1024x684.jpg",1024,684,true],"bloginfo":{"name":"I n\u00e5gon annans vardag","url":"https:\/\/blogg.svenskakyrkan.se\/utbyte"},"_links":{"self":[{"href":"https:\/\/blogg.svenskakyrkan.se\/utbyte\/wp-json\/wp\/v2\/posts\/5682","targetHints":{"allow":["GET"]}}],"collection":[{"href":"https:\/\/blogg.svenskakyrkan.se\/utbyte\/wp-json\/wp\/v2\/posts"}],"about":[{"href":"https:\/\/blogg.svenskakyrkan.se\/utbyte\/wp-json\/wp\/v2\/types\/post"}],"author":[{"embeddable":true,"href":"https:\/\/blogg.svenskakyrkan.se\/utbyte\/wp-json\/wp\/v2\/users\/696"}],"replies":[{"embeddable":true,"href":"https:\/\/blogg.svenskakyrkan.se\/utbyte\/wp-json\/wp\/v2\/comments?post=5682"}],"version-history":[{"count":1,"href":"https:\/\/blogg.svenskakyrkan.se\/utbyte\/wp-json\/wp\/v2\/posts\/5682\/revisions"}],"predecessor-version":[{"id":5685,"href":"https:\/\/blogg.svenskakyrkan.se\/utbyte\/wp-json\/wp\/v2\/posts\/5682\/revisions\/5685"}],"wp:featuredmedia":[{"embeddable":true,"href":"https:\/\/blogg.svenskakyrkan.se\/utbyte\/wp-json\/wp\/v2\/media\/5683"}],"wp:attachment":[{"href":"https:\/\/blogg.svenskakyrkan.se\/utbyte\/wp-json\/wp\/v2\/media?parent=5682"}],"wp:term":[{"taxonomy":"category","embeddable":true,"href":"https:\/\/blogg.svenskakyrkan.se\/utbyte\/wp-json\/wp\/v2\/categories?post=5682"},{"taxonomy":"post_tag","embeddable":true,"href":"https:\/\/blogg.svenskakyrkan.se\/utbyte\/wp-json\/wp\/v2\/tags?post=5682"}],"curies":[{"name":"wp","href":"https:\/\/api.w.org\/{rel}","templated":true}]}}