{"id":5686,"date":"2026-09-03T16:29:00","date_gmt":"2026-09-03T14:29:00","guid":{"rendered":"https:\/\/blogg.svenskakyrkan.se\/utbyte\/?p=5686"},"modified":"2026-09-01T10:29:07","modified_gmt":"2026-09-01T08:29:07","slug":"mot-daga-fran-strangnas-till-filippinerna","status":"publish","type":"post","link":"https:\/\/blogg.svenskakyrkan.se\/utbyte\/2026\/09\/03\/mot-daga-fran-strangnas-till-filippinerna\/","title":{"rendered":"M\u00f6t Daga: fr\u00e5n Str\u00e4ngn\u00e4s till Filippinerna"},"content":{"rendered":"\n<p class=\"is-style-intro\">I ett antal inl\u00e4gg fram\u00f6ver presenterar sig 2026 \u00e5rs svenska deltagare i\u00a0<em>Ung i den v\u00e4rldsvida kyrkan<\/em>. De \u00e4r p\u00e5 sina utbyten under september till november. H\u00e4r m\u00f6ter du Daga G\u00f6ransson som reser fr\u00e5n Str\u00e4ngn\u00e4s stift till Filippinerna.<\/p>\n\n\n<figure class=\"wp-block-post-featured-image\"><img loading=\"lazy\" decoding=\"async\" width=\"1200\" height=\"801\" src=\"https:\/\/blogg.svenskakyrkan.se\/utbyte\/files\/2026\/09\/Daga.jpg\" class=\"attachment-post-thumbnail size-post-thumbnail wp-post-image\" alt=\"\" style=\"object-fit:cover;\" srcset=\"https:\/\/blogg.svenskakyrkan.se\/utbyte\/files\/2026\/09\/Daga.jpg 1200w, https:\/\/blogg.svenskakyrkan.se\/utbyte\/files\/2026\/09\/Daga-300x200.jpg 300w, https:\/\/blogg.svenskakyrkan.se\/utbyte\/files\/2026\/09\/Daga-1024x684.jpg 1024w, https:\/\/blogg.svenskakyrkan.se\/utbyte\/files\/2026\/09\/Daga-768x513.jpg 768w\" sizes=\"auto, (max-width: 1200px) 100vw, 1200px\" \/><\/figure>\n\n\n<p><em>Hej! Jag heter Daga G\u00f6ransson, \u00e4r 20 \u00e5r och kommer fr\u00e5n Nyk\u00f6ping, som tillh\u00f6r Str\u00e4ngn\u00e4s stift. Jag konfirmerade mig n\u00e4r jag gick p\u00e5 gymnasiet, och har d\u00e4refter engagerat mig som ung ledare f\u00f6r konfirmander.<\/em><\/p>\n\n\n\n<p>Jag har alltid varit v\u00e4ldigt nyfiken p\u00e5 m\u00e4nskliga livsfr\u00e5gor som handlar tro, \u00e5sikter,<br>v\u00e4rderingar, v\u00e4lf\u00e4rd och, inte minst, relationer. Enligt mig finns det inget viktigare \u00e4n att m\u00f6ta sina medm\u00e4nniskor, oavsett hur m\u00f6tet ser ut. Det finns n\u00e5got v\u00e4ldigt v\u00e4rdefullt i att finna gemenskap, inte minst eftersom det idag \u00e4r v\u00e4ldigt l\u00e4tt att fastna i egna tankem\u00f6nster, utan att stanna upp och ta in vad som h\u00e4nder runt omkring en. Det \u00e4r nog mycket d\u00e4rf\u00f6r som jag tror att det kommer att bli v\u00e4ldigt l\u00e4rorikt f\u00f6r mig att f\u00e5 uppleva en annan del av v\u00e4rlden, andra sammanhang och helt enkelt andra s\u00e4tt se p\u00e5 saker. I de m\u00f6tena hoppas jag givetvis ocks\u00e5 att kunna bidra med min bakgrund och mina erfarenheter.<\/p>\n\n\n\n<blockquote class=\"wp-block-quote is-layout-flow wp-block-quote-is-layout-flow\">\n<p>Det finns n\u00e5got v\u00e4ldigt v\u00e4rdefullt i att finna gemenskap, inte minst eftersom det idag \u00e4r v\u00e4ldigt l\u00e4tt att fastna i egna tankem\u00f6nster, utan att stanna upp och ta in vad som h\u00e4nder runt omkring en.<\/p>\n<\/blockquote>\n\n\n\n<figure class=\"wp-block-image size-large\"><a href=\"https:\/\/blogg.svenskakyrkan.se\/utbyte\/files\/2026\/09\/Samtal.jpg\"><img loading=\"lazy\" decoding=\"async\" width=\"1024\" height=\"684\" src=\"https:\/\/blogg.svenskakyrkan.se\/utbyte\/files\/2026\/09\/Samtal-1024x684.jpg\" alt=\"\" class=\"wp-image-5689\" srcset=\"https:\/\/blogg.svenskakyrkan.se\/utbyte\/files\/2026\/09\/Samtal-1024x684.jpg 1024w, https:\/\/blogg.svenskakyrkan.se\/utbyte\/files\/2026\/09\/Samtal-300x201.jpg 300w, https:\/\/blogg.svenskakyrkan.se\/utbyte\/files\/2026\/09\/Samtal-768x513.jpg 768w, https:\/\/blogg.svenskakyrkan.se\/utbyte\/files\/2026\/09\/Samtal.jpg 1200w\" sizes=\"auto, (max-width: 1024px) 100vw, 1024px\" \/><\/a><\/figure>\n\n\n\n<p>Det \u00e4r inte l\u00e5ngt kvar till avresan. Filippinerna, s\u00e5 d\u00e4r en 950 mil hemifr\u00e5n. Sj\u00e4lvklart \u00e4r det lite pirrigt, men orolig \u00e4r jag inte. Jag k\u00e4nner mig v\u00e4ldigt trygg med gruppen jag ska \u00e5ka med, och med f\u00f6rberedelserna fr\u00e5n Svenska kyrkan. Jag \u00e4r snarare f\u00f6rv\u00e4ntansfull. Vi har redan f\u00e5tt tr\u00e4ffa n\u00e5gra av \u00e5rets filippinska utbytesmedlemmar, och vi ska snart tr\u00e4ffa dem igen! Det \u00e4r b\u00e5de v\u00e4ldigt roligt och givande. F\u00f6rst tio fina dagar i R\u00e4ttvik med g\u00e4nget, en gemenskap jag \u00e4r s\u00e5 tacksam f\u00f6r, sen \u00e4r det dags.<\/p>\n\n\n\n<blockquote class=\"wp-block-quote is-layout-flow wp-block-quote-is-layout-flow\">\n<p>Det \u00e4r inte l\u00e5ngt kvar till avresan. Filippinerna, s\u00e5 d\u00e4r en 950 mil hemifr\u00e5n. Sj\u00e4lvklart \u00e4r det lite pirrigt, men orolig \u00e4r jag inte.<\/p>\n<\/blockquote>\n\n\n\n<p>\u00c4ven i os\u00e4kerheten kan jag med all s\u00e4kerhet s\u00e4ga en sak: Det h\u00e4r k\u00e4nns helt r\u00e4tt!<\/p>\n\n\n\n<p>F\u00f6lj g\u00e4rna mig och min medresen\u00e4rer under v\u00e5r resa p\u00e5 Instagram: @mubahaysisters och @ungivarldsvida<\/p>\n\n\n\n<p>&#8211; Daga<\/p>\n","protected":false},"excerpt":{"rendered":"<p> Enligt mig finns det inget viktigare \u00e4n att m\u00f6ta sina medm\u00e4nniskor, oavsett hur m\u00f6tet ser ut. Det finns n\u00e5got v\u00e4ldigt v\u00e4rdefullt i att finna gemenskap, inte minst eftersom det idag \u00e4r v\u00e4ldigt l\u00e4tt att fastna i egna tankem\u00f6nster, utan att stanna upp och ta in vad som h\u00e4nder runt omkring en. Det \u00e4r nog mycket d\u00e4rf\u00f6r som jag tror att det kommer att bli v\u00e4ldigt l\u00e4rorikt f\u00f6r mig att f\u00e5 uppleva en annan del av v\u00e4rlden, andra sammanhang och helt enkelt andra s\u00e4tt se p\u00e5 saker. I de m\u00f6tena hoppas jag givetvis ocks\u00e5 att kunna bidra med min bakgrund och mina erfarenheter.<\/p>\n","protected":false},"author":696,"featured_media":5688,"comment_status":"closed","ping_status":"open","sticky":false,"template":"","format":"standard","meta":{"_acf_changed":false,"footnotes":""},"categories":[10120,8625],"tags":[124002,124005,124010,124003,124004],"class_list":["post-5686","post","type-post","status-publish","format-standard","has-post-thumbnail","hentry","category-filippinerna","category-sverige","tag-124002","tag-filippinerna","tag-strangnas","tag-uivvk","tag-utbyte"],"acf":[],"yoast_head":"<!-- This site is optimized with the Yoast SEO plugin v27.1.1 - https:\/\/yoast.com\/product\/yoast-seo-wordpress\/ -->\n<title>M\u00f6t Daga: fr\u00e5n Str\u00e4ngn\u00e4s till Filippinerna - I n\u00e5gon annans vardag<\/title>\n<meta name=\"robots\" content=\"index, follow, max-snippet:-1, max-image-preview:large, max-video-preview:-1\" \/>\n<link rel=\"canonical\" href=\"https:\/\/blogg.svenskakyrkan.se\/utbyte\/2026\/09\/03\/mot-daga-fran-strangnas-till-filippinerna\/\" \/>\n<meta property=\"og:locale\" content=\"sv_SE\" \/>\n<meta property=\"og:type\" content=\"article\" \/>\n<meta property=\"og:title\" content=\"M\u00f6t Daga: fr\u00e5n Str\u00e4ngn\u00e4s till Filippinerna - I n\u00e5gon annans vardag\" \/>\n<meta property=\"og:description\" content=\"Enligt mig finns det inget viktigare \u00e4n att m\u00f6ta sina medm\u00e4nniskor, oavsett hur m\u00f6tet ser ut. Det finns n\u00e5got v\u00e4ldigt v\u00e4rdefullt i att finna gemenskap, inte minst eftersom det idag \u00e4r v\u00e4ldigt l\u00e4tt att fastna i egna tankem\u00f6nster, utan att stanna upp och ta in vad som h\u00e4nder runt omkring en. Det \u00e4r nog mycket d\u00e4rf\u00f6r som jag tror att det kommer att bli v\u00e4ldigt l\u00e4rorikt f\u00f6r mig att f\u00e5 uppleva en annan del av v\u00e4rlden, andra sammanhang och helt enkelt andra s\u00e4tt se p\u00e5 saker. I de m\u00f6tena hoppas jag givetvis ocks\u00e5 att kunna bidra med min bakgrund och mina erfarenheter.\" \/>\n<meta property=\"og:url\" content=\"https:\/\/blogg.svenskakyrkan.se\/utbyte\/2026\/09\/03\/mot-daga-fran-strangnas-till-filippinerna\/\" \/>\n<meta property=\"og:site_name\" content=\"I n\u00e5gon annans vardag\" \/>\n<meta property=\"article:published_time\" content=\"2026-09-03T14:29:00+00:00\" \/>\n<meta property=\"og:image\" content=\"https:\/\/blogg.svenskakyrkan.se\/utbyte\/files\/2026\/09\/Daga.jpg\" \/>\n\t<meta property=\"og:image:width\" content=\"1200\" \/>\n\t<meta property=\"og:image:height\" content=\"801\" \/>\n\t<meta property=\"og:image:type\" content=\"image\/jpeg\" \/>\n<meta name=\"author\" content=\"Act Svenska kyrkan\" \/>\n<meta name=\"twitter:card\" content=\"summary_large_image\" \/>\n<meta name=\"twitter:label1\" content=\"Skriven av\" \/>\n\t<meta name=\"twitter:data1\" content=\"Act Svenska kyrkan\" \/>\n\t<meta name=\"twitter:label2\" content=\"Ber\u00e4knad l\u00e4stid\" \/>\n\t<meta name=\"twitter:data2\" content=\"2 minuter\" \/>\n<script type=\"application\/ld+json\" class=\"yoast-schema-graph\">{\"@context\":\"https:\/\/schema.org\",\"@graph\":[{\"@type\":\"Article\",\"@id\":\"https:\/\/blogg.svenskakyrkan.se\/utbyte\/2026\/09\/03\/mot-daga-fran-strangnas-till-filippinerna\/#article\",\"isPartOf\":{\"@id\":\"https:\/\/blogg.svenskakyrkan.se\/utbyte\/2026\/09\/03\/mot-daga-fran-strangnas-till-filippinerna\/\"},\"author\":{\"name\":\"Act Svenska kyrkan\",\"@id\":\"https:\/\/blogg.svenskakyrkan.se\/utbyte\/#\/schema\/person\/9bf731c3d4419e86b92c0b4d9f9424fe\"},\"headline\":\"M\u00f6t Daga: fr\u00e5n Str\u00e4ngn\u00e4s till Filippinerna\",\"datePublished\":\"2026-09-03T14:29:00+00:00\",\"mainEntityOfPage\":{\"@id\":\"https:\/\/blogg.svenskakyrkan.se\/utbyte\/2026\/09\/03\/mot-daga-fran-strangnas-till-filippinerna\/\"},\"wordCount\":461,\"image\":{\"@id\":\"https:\/\/blogg.svenskakyrkan.se\/utbyte\/2026\/09\/03\/mot-daga-fran-strangnas-till-filippinerna\/#primaryimage\"},\"thumbnailUrl\":\"https:\/\/blogg.svenskakyrkan.se\/utbyte\/files\/2026\/09\/Daga.jpg\",\"keywords\":[\"2026\",\"Filippinerna\",\"Str\u00e4ngn\u00e4s\",\"UiVVK\",\"Utbyte\"],\"articleSection\":[\"Filippinerna\",\"Sverige\"],\"inLanguage\":\"sv-SE\"},{\"@type\":\"WebPage\",\"@id\":\"https:\/\/blogg.svenskakyrkan.se\/utbyte\/2026\/09\/03\/mot-daga-fran-strangnas-till-filippinerna\/\",\"url\":\"https:\/\/blogg.svenskakyrkan.se\/utbyte\/2026\/09\/03\/mot-daga-fran-strangnas-till-filippinerna\/\",\"name\":\"M\u00f6t Daga: fr\u00e5n Str\u00e4ngn\u00e4s till Filippinerna - I n\u00e5gon annans vardag\",\"isPartOf\":{\"@id\":\"https:\/\/blogg.svenskakyrkan.se\/utbyte\/#website\"},\"primaryImageOfPage\":{\"@id\":\"https:\/\/blogg.svenskakyrkan.se\/utbyte\/2026\/09\/03\/mot-daga-fran-strangnas-till-filippinerna\/#primaryimage\"},\"image\":{\"@id\":\"https:\/\/blogg.svenskakyrkan.se\/utbyte\/2026\/09\/03\/mot-daga-fran-strangnas-till-filippinerna\/#primaryimage\"},\"thumbnailUrl\":\"https:\/\/blogg.svenskakyrkan.se\/utbyte\/files\/2026\/09\/Daga.jpg\",\"datePublished\":\"2026-09-03T14:29:00+00:00\",\"author\":{\"@id\":\"https:\/\/blogg.svenskakyrkan.se\/utbyte\/#\/schema\/person\/9bf731c3d4419e86b92c0b4d9f9424fe\"},\"breadcrumb\":{\"@id\":\"https:\/\/blogg.svenskakyrkan.se\/utbyte\/2026\/09\/03\/mot-daga-fran-strangnas-till-filippinerna\/#breadcrumb\"},\"inLanguage\":\"sv-SE\",\"potentialAction\":[{\"@type\":\"ReadAction\",\"target\":[\"https:\/\/blogg.svenskakyrkan.se\/utbyte\/2026\/09\/03\/mot-daga-fran-strangnas-till-filippinerna\/\"]}]},{\"@type\":\"ImageObject\",\"inLanguage\":\"sv-SE\",\"@id\":\"https:\/\/blogg.svenskakyrkan.se\/utbyte\/2026\/09\/03\/mot-daga-fran-strangnas-till-filippinerna\/#primaryimage\",\"url\":\"https:\/\/blogg.svenskakyrkan.se\/utbyte\/files\/2026\/09\/Daga.jpg\",\"contentUrl\":\"https:\/\/blogg.svenskakyrkan.se\/utbyte\/files\/2026\/09\/Daga.jpg\",\"width\":1200,\"height\":801},{\"@type\":\"BreadcrumbList\",\"@id\":\"https:\/\/blogg.svenskakyrkan.se\/utbyte\/2026\/09\/03\/mot-daga-fran-strangnas-till-filippinerna\/#breadcrumb\",\"itemListElement\":[{\"@type\":\"ListItem\",\"position\":1,\"name\":\"Hem\",\"item\":\"https:\/\/blogg.svenskakyrkan.se\/utbyte\/\"},{\"@type\":\"ListItem\",\"position\":2,\"name\":\"M\u00f6t Daga: fr\u00e5n Str\u00e4ngn\u00e4s till Filippinerna\"}]},{\"@type\":\"WebSite\",\"@id\":\"https:\/\/blogg.svenskakyrkan.se\/utbyte\/#website\",\"url\":\"https:\/\/blogg.svenskakyrkan.se\/utbyte\/\",\"name\":\"I n\u00e5gon annans vardag\",\"description\":\"Utbytesprogrammet Ung i den v\u00e4rldsvida kyrkan\",\"potentialAction\":[{\"@type\":\"SearchAction\",\"target\":{\"@type\":\"EntryPoint\",\"urlTemplate\":\"https:\/\/blogg.svenskakyrkan.se\/utbyte\/?s={search_term_string}\"},\"query-input\":{\"@type\":\"PropertyValueSpecification\",\"valueRequired\":true,\"valueName\":\"search_term_string\"}}],\"inLanguage\":\"sv-SE\"},{\"@type\":\"Person\",\"@id\":\"https:\/\/blogg.svenskakyrkan.se\/utbyte\/#\/schema\/person\/9bf731c3d4419e86b92c0b4d9f9424fe\",\"name\":\"Act Svenska kyrkan\",\"image\":{\"@type\":\"ImageObject\",\"inLanguage\":\"sv-SE\",\"@id\":\"https:\/\/blogg.svenskakyrkan.se\/utbyte\/#\/schema\/person\/image\/\",\"url\":\"https:\/\/secure.gravatar.com\/avatar\/dad841196686727e2ffedb0188c265e5bdf1c43732884cfd19099c46d7f62f68?s=96&d=blank&r=g\",\"contentUrl\":\"https:\/\/secure.gravatar.com\/avatar\/dad841196686727e2ffedb0188c265e5bdf1c43732884cfd19099c46d7f62f68?s=96&d=blank&r=g\",\"caption\":\"Act Svenska kyrkan\"},\"url\":\"https:\/\/blogg.svenskakyrkan.se\/utbyte\/author\/intkom\/\"}]}<\/script>\n<!-- \/ Yoast SEO plugin. -->","yoast_head_json":{"title":"M\u00f6t Daga: fr\u00e5n Str\u00e4ngn\u00e4s till Filippinerna - I n\u00e5gon annans vardag","robots":{"index":"index","follow":"follow","max-snippet":"max-snippet:-1","max-image-preview":"max-image-preview:large","max-video-preview":"max-video-preview:-1"},"canonical":"https:\/\/blogg.svenskakyrkan.se\/utbyte\/2026\/09\/03\/mot-daga-fran-strangnas-till-filippinerna\/","og_locale":"sv_SE","og_type":"article","og_title":"M\u00f6t Daga: fr\u00e5n Str\u00e4ngn\u00e4s till Filippinerna - I n\u00e5gon annans vardag","og_description":"Enligt mig finns det inget viktigare \u00e4n att m\u00f6ta sina medm\u00e4nniskor, oavsett hur m\u00f6tet ser ut. Det finns n\u00e5got v\u00e4ldigt v\u00e4rdefullt i att finna gemenskap, inte minst eftersom det idag \u00e4r v\u00e4ldigt l\u00e4tt att fastna i egna tankem\u00f6nster, utan att stanna upp och ta in vad som h\u00e4nder runt omkring en. Det \u00e4r nog mycket d\u00e4rf\u00f6r som jag tror att det kommer att bli v\u00e4ldigt l\u00e4rorikt f\u00f6r mig att f\u00e5 uppleva en annan del av v\u00e4rlden, andra sammanhang och helt enkelt andra s\u00e4tt se p\u00e5 saker. I de m\u00f6tena hoppas jag givetvis ocks\u00e5 att kunna bidra med min bakgrund och mina erfarenheter.","og_url":"https:\/\/blogg.svenskakyrkan.se\/utbyte\/2026\/09\/03\/mot-daga-fran-strangnas-till-filippinerna\/","og_site_name":"I n\u00e5gon annans vardag","article_published_time":"2026-09-03T14:29:00+00:00","og_image":[{"width":1200,"height":801,"url":"https:\/\/blogg.svenskakyrkan.se\/utbyte\/files\/2026\/09\/Daga.jpg","type":"image\/jpeg"}],"author":"Act Svenska kyrkan","twitter_card":"summary_large_image","twitter_misc":{"Skriven av":"Act Svenska kyrkan","Ber\u00e4knad l\u00e4stid":"2 minuter"},"schema":{"@context":"https:\/\/schema.org","@graph":[{"@type":"Article","@id":"https:\/\/blogg.svenskakyrkan.se\/utbyte\/2026\/09\/03\/mot-daga-fran-strangnas-till-filippinerna\/#article","isPartOf":{"@id":"https:\/\/blogg.svenskakyrkan.se\/utbyte\/2026\/09\/03\/mot-daga-fran-strangnas-till-filippinerna\/"},"author":{"name":"Act Svenska kyrkan","@id":"https:\/\/blogg.svenskakyrkan.se\/utbyte\/#\/schema\/person\/9bf731c3d4419e86b92c0b4d9f9424fe"},"headline":"M\u00f6t Daga: fr\u00e5n Str\u00e4ngn\u00e4s till Filippinerna","datePublished":"2026-09-03T14:29:00+00:00","mainEntityOfPage":{"@id":"https:\/\/blogg.svenskakyrkan.se\/utbyte\/2026\/09\/03\/mot-daga-fran-strangnas-till-filippinerna\/"},"wordCount":461,"image":{"@id":"https:\/\/blogg.svenskakyrkan.se\/utbyte\/2026\/09\/03\/mot-daga-fran-strangnas-till-filippinerna\/#primaryimage"},"thumbnailUrl":"https:\/\/blogg.svenskakyrkan.se\/utbyte\/files\/2026\/09\/Daga.jpg","keywords":["2026","Filippinerna","Str\u00e4ngn\u00e4s","UiVVK","Utbyte"],"articleSection":["Filippinerna","Sverige"],"inLanguage":"sv-SE"},{"@type":"WebPage","@id":"https:\/\/blogg.svenskakyrkan.se\/utbyte\/2026\/09\/03\/mot-daga-fran-strangnas-till-filippinerna\/","url":"https:\/\/blogg.svenskakyrkan.se\/utbyte\/2026\/09\/03\/mot-daga-fran-strangnas-till-filippinerna\/","name":"M\u00f6t Daga: fr\u00e5n Str\u00e4ngn\u00e4s till Filippinerna - I n\u00e5gon annans vardag","isPartOf":{"@id":"https:\/\/blogg.svenskakyrkan.se\/utbyte\/#website"},"primaryImageOfPage":{"@id":"https:\/\/blogg.svenskakyrkan.se\/utbyte\/2026\/09\/03\/mot-daga-fran-strangnas-till-filippinerna\/#primaryimage"},"image":{"@id":"https:\/\/blogg.svenskakyrkan.se\/utbyte\/2026\/09\/03\/mot-daga-fran-strangnas-till-filippinerna\/#primaryimage"},"thumbnailUrl":"https:\/\/blogg.svenskakyrkan.se\/utbyte\/files\/2026\/09\/Daga.jpg","datePublished":"2026-09-03T14:29:00+00:00","author":{"@id":"https:\/\/blogg.svenskakyrkan.se\/utbyte\/#\/schema\/person\/9bf731c3d4419e86b92c0b4d9f9424fe"},"breadcrumb":{"@id":"https:\/\/blogg.svenskakyrkan.se\/utbyte\/2026\/09\/03\/mot-daga-fran-strangnas-till-filippinerna\/#breadcrumb"},"inLanguage":"sv-SE","potentialAction":[{"@type":"ReadAction","target":["https:\/\/blogg.svenskakyrkan.se\/utbyte\/2026\/09\/03\/mot-daga-fran-strangnas-till-filippinerna\/"]}]},{"@type":"ImageObject","inLanguage":"sv-SE","@id":"https:\/\/blogg.svenskakyrkan.se\/utbyte\/2026\/09\/03\/mot-daga-fran-strangnas-till-filippinerna\/#primaryimage","url":"https:\/\/blogg.svenskakyrkan.se\/utbyte\/files\/2026\/09\/Daga.jpg","contentUrl":"https:\/\/blogg.svenskakyrkan.se\/utbyte\/files\/2026\/09\/Daga.jpg","width":1200,"height":801},{"@type":"BreadcrumbList","@id":"https:\/\/blogg.svenskakyrkan.se\/utbyte\/2026\/09\/03\/mot-daga-fran-strangnas-till-filippinerna\/#breadcrumb","itemListElement":[{"@type":"ListItem","position":1,"name":"Hem","item":"https:\/\/blogg.svenskakyrkan.se\/utbyte\/"},{"@type":"ListItem","position":2,"name":"M\u00f6t Daga: fr\u00e5n Str\u00e4ngn\u00e4s till Filippinerna"}]},{"@type":"WebSite","@id":"https:\/\/blogg.svenskakyrkan.se\/utbyte\/#website","url":"https:\/\/blogg.svenskakyrkan.se\/utbyte\/","name":"I n\u00e5gon annans vardag","description":"Utbytesprogrammet Ung i den v\u00e4rldsvida kyrkan","potentialAction":[{"@type":"SearchAction","target":{"@type":"EntryPoint","urlTemplate":"https:\/\/blogg.svenskakyrkan.se\/utbyte\/?s={search_term_string}"},"query-input":{"@type":"PropertyValueSpecification","valueRequired":true,"valueName":"search_term_string"}}],"inLanguage":"sv-SE"},{"@type":"Person","@id":"https:\/\/blogg.svenskakyrkan.se\/utbyte\/#\/schema\/person\/9bf731c3d4419e86b92c0b4d9f9424fe","name":"Act Svenska kyrkan","image":{"@type":"ImageObject","inLanguage":"sv-SE","@id":"https:\/\/blogg.svenskakyrkan.se\/utbyte\/#\/schema\/person\/image\/","url":"https:\/\/secure.gravatar.com\/avatar\/dad841196686727e2ffedb0188c265e5bdf1c43732884cfd19099c46d7f62f68?s=96&d=blank&r=g","contentUrl":"https:\/\/secure.gravatar.com\/avatar\/dad841196686727e2ffedb0188c265e5bdf1c43732884cfd19099c46d7f62f68?s=96&d=blank&r=g","caption":"Act Svenska kyrkan"},"url":"https:\/\/blogg.svenskakyrkan.se\/utbyte\/author\/intkom\/"}]}},"author_meta":{"ID":"696","user_nicename":"intkom","user_registered":"2019-02-06 08:14:30","display_name":"Act Svenska kyrkan","first_name":"Act Svenska kyrkan","last_name":"Redakt\u00f6r","avatar":"https:\/\/secure.gravatar.com\/avatar\/dad841196686727e2ffedb0188c265e5bdf1c43732884cfd19099c46d7f62f68?s=96&d=blank&r=g"},"featured_image":["https:\/\/blogg.svenskakyrkan.se\/utbyte\/files\/2026\/09\/Daga-1024x684.jpg",1024,684,true],"bloginfo":{"name":"I n\u00e5gon annans vardag","url":"https:\/\/blogg.svenskakyrkan.se\/utbyte"},"_links":{"self":[{"href":"https:\/\/blogg.svenskakyrkan.se\/utbyte\/wp-json\/wp\/v2\/posts\/5686","targetHints":{"allow":["GET"]}}],"collection":[{"href":"https:\/\/blogg.svenskakyrkan.se\/utbyte\/wp-json\/wp\/v2\/posts"}],"about":[{"href":"https:\/\/blogg.svenskakyrkan.se\/utbyte\/wp-json\/wp\/v2\/types\/post"}],"author":[{"embeddable":true,"href":"https:\/\/blogg.svenskakyrkan.se\/utbyte\/wp-json\/wp\/v2\/users\/696"}],"replies":[{"embeddable":true,"href":"https:\/\/blogg.svenskakyrkan.se\/utbyte\/wp-json\/wp\/v2\/comments?post=5686"}],"version-history":[{"count":2,"href":"https:\/\/blogg.svenskakyrkan.se\/utbyte\/wp-json\/wp\/v2\/posts\/5686\/revisions"}],"predecessor-version":[{"id":5696,"href":"https:\/\/blogg.svenskakyrkan.se\/utbyte\/wp-json\/wp\/v2\/posts\/5686\/revisions\/5696"}],"wp:featuredmedia":[{"embeddable":true,"href":"https:\/\/blogg.svenskakyrkan.se\/utbyte\/wp-json\/wp\/v2\/media\/5688"}],"wp:attachment":[{"href":"https:\/\/blogg.svenskakyrkan.se\/utbyte\/wp-json\/wp\/v2\/media?parent=5686"}],"wp:term":[{"taxonomy":"category","embeddable":true,"href":"https:\/\/blogg.svenskakyrkan.se\/utbyte\/wp-json\/wp\/v2\/categories?post=5686"},{"taxonomy":"post_tag","embeddable":true,"href":"https:\/\/blogg.svenskakyrkan.se\/utbyte\/wp-json\/wp\/v2\/tags?post=5686"}],"curies":[{"name":"wp","href":"https:\/\/api.w.org\/{rel}","templated":true}]}}