{"id":5691,"date":"2026-09-04T08:12:00","date_gmt":"2026-09-04T06:12:00","guid":{"rendered":"https:\/\/blogg.svenskakyrkan.se\/utbyte\/?p=5691"},"modified":"2026-09-04T13:57:28","modified_gmt":"2026-09-04T11:57:28","slug":"mot-jakob-fran-skara-till-karagwe","status":"publish","type":"post","link":"https:\/\/blogg.svenskakyrkan.se\/utbyte\/2026\/09\/04\/mot-jakob-fran-skara-till-karagwe\/","title":{"rendered":"M\u00f6t Jakob: fr\u00e5n Skara till Karagwe"},"content":{"rendered":"\n<p class=\"is-style-intro\">I ett antal inl\u00e4gg fram\u00f6ver presenterar sig 2026 \u00e5rs svenska deltagare i\u00a0<em>Ung i den v\u00e4rldsvida kyrkan<\/em>. De \u00e4r p\u00e5 sina utbyten under september till november. H\u00e4r m\u00f6ter du Jakob Appelfeldt som reser fr\u00e5n Skara stift till Karagwe, Tanzania.<\/p>\n\n\n<figure class=\"wp-block-post-featured-image\"><img loading=\"lazy\" decoding=\"async\" width=\"1200\" height=\"801\" src=\"https:\/\/blogg.svenskakyrkan.se\/utbyte\/files\/2026\/09\/Jakob.jpg\" class=\"attachment-post-thumbnail size-post-thumbnail wp-post-image\" alt=\"\" style=\"object-fit:cover;\" srcset=\"https:\/\/blogg.svenskakyrkan.se\/utbyte\/files\/2026\/09\/Jakob.jpg 1200w, https:\/\/blogg.svenskakyrkan.se\/utbyte\/files\/2026\/09\/Jakob-300x200.jpg 300w, https:\/\/blogg.svenskakyrkan.se\/utbyte\/files\/2026\/09\/Jakob-1024x684.jpg 1024w, https:\/\/blogg.svenskakyrkan.se\/utbyte\/files\/2026\/09\/Jakob-768x513.jpg 768w\" sizes=\"auto, (max-width: 1200px) 100vw, 1200px\" \/><\/figure>\n\n\n<p><em>Hej!<br>Jakob heter jag och \u00e4r 19 \u00e5r och kommer fr\u00e5n Lidk\u00f6ping i Skara stift. N\u00e4r jag fick h\u00f6ra om det h\u00e4r programmet k\u00e4nde jag direkt att det var n\u00e5got f\u00f6r mig. Jag har alltid v\u00e4rderat resor och nya upplevelser h\u00f6gt, eftersom det \u00e4r erfarenheter och minnen som man b\u00e4r med sig resten av livet. <\/em><\/p>\n\n\n\n<p>Utbytesprogrammet \u00e4r en fantastisk m\u00f6jlighet att v\u00e4xa i tro, som medm\u00e4nniska och i kunskap om kyrkan och dess arbete. Det som lockar mig s\u00e4rskilt \u00e4r m\u00f6jligheten att f\u00e5 komma n\u00e4ra vardagslivet och uppleva den tanzaniska kulturen p\u00e5 ett s\u00e4tt som en vanlig turistresa inte kan erbjuda. <\/p>\n\n\n\n<blockquote class=\"wp-block-quote is-layout-flow wp-block-quote-is-layout-flow\">\n<p>Utbytesprogrammet \u00e4r en fantastisk m\u00f6jlighet att v\u00e4xa i tro, som medm\u00e4nniska och i kunskap om kyrkan och dess arbete.<\/p>\n<\/blockquote>\n\n\n\n<p>Jag hoppas f\u00e5 m\u00f6ta m\u00e4nniskor med andra erfarenheter och perspektiv \u00e4n mina egna, och genom dessa m\u00f6ten utvecklas och f\u00e5 nya erfarenheter som jag kan b\u00e4ra med mig resten av livet. Jag ser verkligen fram emot att f\u00e5 ta del av f\u00f6rsamlingslivet, l\u00e4ra k\u00e4nna olika traditioner och se hur kyrkan arbetar i en annan del av v\u00e4rlden. Samtidigt hoppas jag att sj\u00e4lv kunna bidra genom att dela med mig av svenska traditioner, erfarenheter och min egen tro.<\/p>\n\n\n\n<figure class=\"wp-block-image size-large\"><a href=\"https:\/\/blogg.svenskakyrkan.se\/utbyte\/files\/2026\/09\/JakobChristoffer.jpg\"><img loading=\"lazy\" decoding=\"async\" width=\"1024\" height=\"684\" src=\"https:\/\/blogg.svenskakyrkan.se\/utbyte\/files\/2026\/09\/JakobChristoffer-1024x684.jpg\" alt=\"\" class=\"wp-image-5694\" srcset=\"https:\/\/blogg.svenskakyrkan.se\/utbyte\/files\/2026\/09\/JakobChristoffer-1024x684.jpg 1024w, https:\/\/blogg.svenskakyrkan.se\/utbyte\/files\/2026\/09\/JakobChristoffer-300x201.jpg 300w, https:\/\/blogg.svenskakyrkan.se\/utbyte\/files\/2026\/09\/JakobChristoffer-768x513.jpg 768w, https:\/\/blogg.svenskakyrkan.se\/utbyte\/files\/2026\/09\/JakobChristoffer.jpg 1200w\" sizes=\"auto, (max-width: 1024px) 100vw, 1024px\" \/><\/a><figcaption class=\"wp-element-caption\">Jakob h\u00e4lsar p\u00e5 Christoffer, Internationell deltagare fr\u00e5n Filippinerna<\/figcaption><\/figure>\n\n\n\n<blockquote class=\"wp-block-quote is-layout-flow wp-block-quote-is-layout-flow\">\n<p>Jag \u00e5ker till Tanzania med orden &#8217;Hakuna Matata&#8217; ekandes i huvudet.<\/p>\n<\/blockquote>\n\n\n\n<p>Motg\u00e5ngar och utmaningar kommer att vara en viktig del av resan. Sj\u00e4lvklart hoppas jag att allt ska g\u00e5 bra, men jag tror att \u00e4ven det som k\u00e4nns sv\u00e5rt i stunden kan g\u00f6ra resan mer l\u00e4rorik och minnesv\u00e4rd. Jag vill f\u00f6rs\u00f6ka m\u00f6ta s\u00e5dana situationer med ett \u00f6ppet sinne och g\u00f6ra det b\u00e4sta av varje situation. Jag \u00e5ker till Tanzania med orden \u201dHakuna Matata\u201d ekandes i huvudet. P\u00e5 swahili betyder det ungef\u00e4r \u201dinga bekymmer\u201d, och f\u00f6r mig f\u00e5r det symbolisera inst\u00e4llningen att saker kommer att l\u00f6sa sig och att det viktigaste \u00e4r att g\u00f6ra sitt b\u00e4sta, vara \u00f6ppen f\u00f6r det som h\u00e4nder och ta vara p\u00e5 varje m\u00f6jlighet.<\/p>\n\n\n\n<blockquote class=\"wp-block-quote is-layout-flow wp-block-quote-is-layout-flow\">\n<p>Motg\u00e5ngar och utmaningar kommer att vara en viktig del av resan<\/p>\n<\/blockquote>\n\n\n\n<p>Jag ser mycket fram emot m\u00f6jligheten att f\u00e5 vara en del av programmet, m\u00f6ta nya<br>m\u00e4nniskor, v\u00e4xa i min tro och f\u00e5 erfarenheter som jag kan b\u00e4ra med mig l\u00e5ngt efter att resan \u00e4r \u00f6ver.<\/p>\n\n\n\n<p>F\u00f6lj g\u00e4rna mig och Petter p\u00e5 v\u00e5rt utbyte i Karagwe via Instagram: @jakobpetteritanzania och @ungivarldsvida<\/p>\n\n\n\n<p>&#8211; Jakob<\/p>\n","protected":false},"excerpt":{"rendered":"<p>Jag hoppas f\u00e5 m\u00f6ta m\u00e4nniskor med andra erfarenheter och perspektiv \u00e4n mina egna, och genom dessa m\u00f6ten utvecklas och f\u00e5 nya erfarenheter som jag kan b\u00e4ra med mig resten av livet. Jag ser verkligen fram emot att f\u00e5 ta del av f\u00f6rsamlingslivet, l\u00e4ra k\u00e4nna olika traditioner och se hur kyrkan arbetar i en annan del av v\u00e4rlden. Samtidigt hoppas jag att sj\u00e4lv kunna bidra genom att dela med mig av svenska traditioner, erfarenheter och min egen tro<\/p>\n","protected":false},"author":696,"featured_media":5693,"comment_status":"closed","ping_status":"open","sticky":false,"template":"","format":"standard","meta":{"_acf_changed":false,"footnotes":""},"categories":[8625,11634],"tags":[124002,124007,124011,124006,124003,124004],"class_list":["post-5691","post","type-post","status-publish","format-standard","has-post-thumbnail","hentry","category-sverige","category-tanzania","tag-124002","tag-karagwe","tag-skara-stift","tag-tanzania","tag-uivvk","tag-utbyte"],"acf":[],"yoast_head":"<!-- This site is optimized with the Yoast SEO plugin v27.1.1 - https:\/\/yoast.com\/product\/yoast-seo-wordpress\/ -->\n<title>M\u00f6t Jakob: fr\u00e5n Skara till Karagwe - I n\u00e5gon annans vardag<\/title>\n<meta name=\"robots\" content=\"index, follow, max-snippet:-1, max-image-preview:large, max-video-preview:-1\" \/>\n<link rel=\"canonical\" href=\"https:\/\/blogg.svenskakyrkan.se\/utbyte\/2026\/09\/04\/mot-jakob-fran-skara-till-karagwe\/\" \/>\n<meta property=\"og:locale\" content=\"sv_SE\" \/>\n<meta property=\"og:type\" content=\"article\" \/>\n<meta property=\"og:title\" content=\"M\u00f6t Jakob: fr\u00e5n Skara till Karagwe - I n\u00e5gon annans vardag\" \/>\n<meta property=\"og:description\" content=\"Jag hoppas f\u00e5 m\u00f6ta m\u00e4nniskor med andra erfarenheter och perspektiv \u00e4n mina egna, och genom dessa m\u00f6ten utvecklas och f\u00e5 nya erfarenheter som jag kan b\u00e4ra med mig resten av livet. Jag ser verkligen fram emot att f\u00e5 ta del av f\u00f6rsamlingslivet, l\u00e4ra k\u00e4nna olika traditioner och se hur kyrkan arbetar i en annan del av v\u00e4rlden. Samtidigt hoppas jag att sj\u00e4lv kunna bidra genom att dela med mig av svenska traditioner, erfarenheter och min egen tro\" \/>\n<meta property=\"og:url\" content=\"https:\/\/blogg.svenskakyrkan.se\/utbyte\/2026\/09\/04\/mot-jakob-fran-skara-till-karagwe\/\" \/>\n<meta property=\"og:site_name\" content=\"I n\u00e5gon annans vardag\" \/>\n<meta property=\"article:published_time\" content=\"2026-09-04T06:12:00+00:00\" \/>\n<meta property=\"article:modified_time\" content=\"2026-09-04T11:57:28+00:00\" \/>\n<meta property=\"og:image\" content=\"http:\/\/blogg.svenskakyrkan.se\/utbyte\/files\/2026\/09\/Jakob.jpg\" \/>\n\t<meta property=\"og:image:width\" content=\"1200\" \/>\n\t<meta property=\"og:image:height\" content=\"801\" \/>\n\t<meta property=\"og:image:type\" content=\"image\/jpeg\" \/>\n<meta name=\"author\" content=\"Act Svenska kyrkan\" \/>\n<meta name=\"twitter:card\" content=\"summary_large_image\" \/>\n<meta name=\"twitter:label1\" content=\"Skriven av\" \/>\n\t<meta name=\"twitter:data1\" content=\"Act Svenska kyrkan\" \/>\n\t<meta name=\"twitter:label2\" content=\"Ber\u00e4knad l\u00e4stid\" \/>\n\t<meta name=\"twitter:data2\" content=\"3 minuter\" \/>\n<script type=\"application\/ld+json\" class=\"yoast-schema-graph\">{\"@context\":\"https:\/\/schema.org\",\"@graph\":[{\"@type\":\"Article\",\"@id\":\"https:\/\/blogg.svenskakyrkan.se\/utbyte\/2026\/09\/04\/mot-jakob-fran-skara-till-karagwe\/#article\",\"isPartOf\":{\"@id\":\"https:\/\/blogg.svenskakyrkan.se\/utbyte\/2026\/09\/04\/mot-jakob-fran-skara-till-karagwe\/\"},\"author\":{\"name\":\"Act Svenska kyrkan\",\"@id\":\"https:\/\/blogg.svenskakyrkan.se\/utbyte\/#\/schema\/person\/9bf731c3d4419e86b92c0b4d9f9424fe\"},\"headline\":\"M\u00f6t Jakob: fr\u00e5n Skara till Karagwe\",\"datePublished\":\"2026-09-04T06:12:00+00:00\",\"dateModified\":\"2026-09-04T11:57:28+00:00\",\"mainEntityOfPage\":{\"@id\":\"https:\/\/blogg.svenskakyrkan.se\/utbyte\/2026\/09\/04\/mot-jakob-fran-skara-till-karagwe\/\"},\"wordCount\":500,\"image\":{\"@id\":\"https:\/\/blogg.svenskakyrkan.se\/utbyte\/2026\/09\/04\/mot-jakob-fran-skara-till-karagwe\/#primaryimage\"},\"thumbnailUrl\":\"https:\/\/blogg.svenskakyrkan.se\/utbyte\/files\/2026\/09\/Jakob.jpg\",\"keywords\":[\"2026\",\"Karagwe\",\"Skara stift\",\"Tanzania\",\"UiVVK\",\"Utbyte\"],\"articleSection\":[\"Sverige\",\"Tanzania\"],\"inLanguage\":\"sv-SE\"},{\"@type\":\"WebPage\",\"@id\":\"https:\/\/blogg.svenskakyrkan.se\/utbyte\/2026\/09\/04\/mot-jakob-fran-skara-till-karagwe\/\",\"url\":\"https:\/\/blogg.svenskakyrkan.se\/utbyte\/2026\/09\/04\/mot-jakob-fran-skara-till-karagwe\/\",\"name\":\"M\u00f6t Jakob: fr\u00e5n Skara till Karagwe - I n\u00e5gon annans vardag\",\"isPartOf\":{\"@id\":\"https:\/\/blogg.svenskakyrkan.se\/utbyte\/#website\"},\"primaryImageOfPage\":{\"@id\":\"https:\/\/blogg.svenskakyrkan.se\/utbyte\/2026\/09\/04\/mot-jakob-fran-skara-till-karagwe\/#primaryimage\"},\"image\":{\"@id\":\"https:\/\/blogg.svenskakyrkan.se\/utbyte\/2026\/09\/04\/mot-jakob-fran-skara-till-karagwe\/#primaryimage\"},\"thumbnailUrl\":\"https:\/\/blogg.svenskakyrkan.se\/utbyte\/files\/2026\/09\/Jakob.jpg\",\"datePublished\":\"2026-09-04T06:12:00+00:00\",\"dateModified\":\"2026-09-04T11:57:28+00:00\",\"author\":{\"@id\":\"https:\/\/blogg.svenskakyrkan.se\/utbyte\/#\/schema\/person\/9bf731c3d4419e86b92c0b4d9f9424fe\"},\"breadcrumb\":{\"@id\":\"https:\/\/blogg.svenskakyrkan.se\/utbyte\/2026\/09\/04\/mot-jakob-fran-skara-till-karagwe\/#breadcrumb\"},\"inLanguage\":\"sv-SE\",\"potentialAction\":[{\"@type\":\"ReadAction\",\"target\":[\"https:\/\/blogg.svenskakyrkan.se\/utbyte\/2026\/09\/04\/mot-jakob-fran-skara-till-karagwe\/\"]}]},{\"@type\":\"ImageObject\",\"inLanguage\":\"sv-SE\",\"@id\":\"https:\/\/blogg.svenskakyrkan.se\/utbyte\/2026\/09\/04\/mot-jakob-fran-skara-till-karagwe\/#primaryimage\",\"url\":\"https:\/\/blogg.svenskakyrkan.se\/utbyte\/files\/2026\/09\/Jakob.jpg\",\"contentUrl\":\"https:\/\/blogg.svenskakyrkan.se\/utbyte\/files\/2026\/09\/Jakob.jpg\",\"width\":1200,\"height\":801},{\"@type\":\"BreadcrumbList\",\"@id\":\"https:\/\/blogg.svenskakyrkan.se\/utbyte\/2026\/09\/04\/mot-jakob-fran-skara-till-karagwe\/#breadcrumb\",\"itemListElement\":[{\"@type\":\"ListItem\",\"position\":1,\"name\":\"Hem\",\"item\":\"https:\/\/blogg.svenskakyrkan.se\/utbyte\/\"},{\"@type\":\"ListItem\",\"position\":2,\"name\":\"M\u00f6t Jakob: fr\u00e5n Skara till Karagwe\"}]},{\"@type\":\"WebSite\",\"@id\":\"https:\/\/blogg.svenskakyrkan.se\/utbyte\/#website\",\"url\":\"https:\/\/blogg.svenskakyrkan.se\/utbyte\/\",\"name\":\"I n\u00e5gon annans vardag\",\"description\":\"Utbytesprogrammet Ung i den v\u00e4rldsvida kyrkan\",\"potentialAction\":[{\"@type\":\"SearchAction\",\"target\":{\"@type\":\"EntryPoint\",\"urlTemplate\":\"https:\/\/blogg.svenskakyrkan.se\/utbyte\/?s={search_term_string}\"},\"query-input\":{\"@type\":\"PropertyValueSpecification\",\"valueRequired\":true,\"valueName\":\"search_term_string\"}}],\"inLanguage\":\"sv-SE\"},{\"@type\":\"Person\",\"@id\":\"https:\/\/blogg.svenskakyrkan.se\/utbyte\/#\/schema\/person\/9bf731c3d4419e86b92c0b4d9f9424fe\",\"name\":\"Act Svenska kyrkan\",\"image\":{\"@type\":\"ImageObject\",\"inLanguage\":\"sv-SE\",\"@id\":\"https:\/\/blogg.svenskakyrkan.se\/utbyte\/#\/schema\/person\/image\/\",\"url\":\"https:\/\/secure.gravatar.com\/avatar\/dad841196686727e2ffedb0188c265e5bdf1c43732884cfd19099c46d7f62f68?s=96&d=blank&r=g\",\"contentUrl\":\"https:\/\/secure.gravatar.com\/avatar\/dad841196686727e2ffedb0188c265e5bdf1c43732884cfd19099c46d7f62f68?s=96&d=blank&r=g\",\"caption\":\"Act Svenska kyrkan\"},\"url\":\"https:\/\/blogg.svenskakyrkan.se\/utbyte\/author\/intkom\/\"}]}<\/script>\n<!-- \/ Yoast SEO plugin. -->","yoast_head_json":{"title":"M\u00f6t Jakob: fr\u00e5n Skara till Karagwe - I n\u00e5gon annans vardag","robots":{"index":"index","follow":"follow","max-snippet":"max-snippet:-1","max-image-preview":"max-image-preview:large","max-video-preview":"max-video-preview:-1"},"canonical":"https:\/\/blogg.svenskakyrkan.se\/utbyte\/2026\/09\/04\/mot-jakob-fran-skara-till-karagwe\/","og_locale":"sv_SE","og_type":"article","og_title":"M\u00f6t Jakob: fr\u00e5n Skara till Karagwe - I n\u00e5gon annans vardag","og_description":"Jag hoppas f\u00e5 m\u00f6ta m\u00e4nniskor med andra erfarenheter och perspektiv \u00e4n mina egna, och genom dessa m\u00f6ten utvecklas och f\u00e5 nya erfarenheter som jag kan b\u00e4ra med mig resten av livet. Jag ser verkligen fram emot att f\u00e5 ta del av f\u00f6rsamlingslivet, l\u00e4ra k\u00e4nna olika traditioner och se hur kyrkan arbetar i en annan del av v\u00e4rlden. Samtidigt hoppas jag att sj\u00e4lv kunna bidra genom att dela med mig av svenska traditioner, erfarenheter och min egen tro","og_url":"https:\/\/blogg.svenskakyrkan.se\/utbyte\/2026\/09\/04\/mot-jakob-fran-skara-till-karagwe\/","og_site_name":"I n\u00e5gon annans vardag","article_published_time":"2026-09-04T06:12:00+00:00","article_modified_time":"2026-09-04T11:57:28+00:00","og_image":[{"width":1200,"height":801,"url":"http:\/\/blogg.svenskakyrkan.se\/utbyte\/files\/2026\/09\/Jakob.jpg","type":"image\/jpeg"}],"author":"Act Svenska kyrkan","twitter_card":"summary_large_image","twitter_misc":{"Skriven av":"Act Svenska kyrkan","Ber\u00e4knad l\u00e4stid":"3 minuter"},"schema":{"@context":"https:\/\/schema.org","@graph":[{"@type":"Article","@id":"https:\/\/blogg.svenskakyrkan.se\/utbyte\/2026\/09\/04\/mot-jakob-fran-skara-till-karagwe\/#article","isPartOf":{"@id":"https:\/\/blogg.svenskakyrkan.se\/utbyte\/2026\/09\/04\/mot-jakob-fran-skara-till-karagwe\/"},"author":{"name":"Act Svenska kyrkan","@id":"https:\/\/blogg.svenskakyrkan.se\/utbyte\/#\/schema\/person\/9bf731c3d4419e86b92c0b4d9f9424fe"},"headline":"M\u00f6t Jakob: fr\u00e5n Skara till Karagwe","datePublished":"2026-09-04T06:12:00+00:00","dateModified":"2026-09-04T11:57:28+00:00","mainEntityOfPage":{"@id":"https:\/\/blogg.svenskakyrkan.se\/utbyte\/2026\/09\/04\/mot-jakob-fran-skara-till-karagwe\/"},"wordCount":500,"image":{"@id":"https:\/\/blogg.svenskakyrkan.se\/utbyte\/2026\/09\/04\/mot-jakob-fran-skara-till-karagwe\/#primaryimage"},"thumbnailUrl":"https:\/\/blogg.svenskakyrkan.se\/utbyte\/files\/2026\/09\/Jakob.jpg","keywords":["2026","Karagwe","Skara stift","Tanzania","UiVVK","Utbyte"],"articleSection":["Sverige","Tanzania"],"inLanguage":"sv-SE"},{"@type":"WebPage","@id":"https:\/\/blogg.svenskakyrkan.se\/utbyte\/2026\/09\/04\/mot-jakob-fran-skara-till-karagwe\/","url":"https:\/\/blogg.svenskakyrkan.se\/utbyte\/2026\/09\/04\/mot-jakob-fran-skara-till-karagwe\/","name":"M\u00f6t Jakob: fr\u00e5n Skara till Karagwe - I n\u00e5gon annans vardag","isPartOf":{"@id":"https:\/\/blogg.svenskakyrkan.se\/utbyte\/#website"},"primaryImageOfPage":{"@id":"https:\/\/blogg.svenskakyrkan.se\/utbyte\/2026\/09\/04\/mot-jakob-fran-skara-till-karagwe\/#primaryimage"},"image":{"@id":"https:\/\/blogg.svenskakyrkan.se\/utbyte\/2026\/09\/04\/mot-jakob-fran-skara-till-karagwe\/#primaryimage"},"thumbnailUrl":"https:\/\/blogg.svenskakyrkan.se\/utbyte\/files\/2026\/09\/Jakob.jpg","datePublished":"2026-09-04T06:12:00+00:00","dateModified":"2026-09-04T11:57:28+00:00","author":{"@id":"https:\/\/blogg.svenskakyrkan.se\/utbyte\/#\/schema\/person\/9bf731c3d4419e86b92c0b4d9f9424fe"},"breadcrumb":{"@id":"https:\/\/blogg.svenskakyrkan.se\/utbyte\/2026\/09\/04\/mot-jakob-fran-skara-till-karagwe\/#breadcrumb"},"inLanguage":"sv-SE","potentialAction":[{"@type":"ReadAction","target":["https:\/\/blogg.svenskakyrkan.se\/utbyte\/2026\/09\/04\/mot-jakob-fran-skara-till-karagwe\/"]}]},{"@type":"ImageObject","inLanguage":"sv-SE","@id":"https:\/\/blogg.svenskakyrkan.se\/utbyte\/2026\/09\/04\/mot-jakob-fran-skara-till-karagwe\/#primaryimage","url":"https:\/\/blogg.svenskakyrkan.se\/utbyte\/files\/2026\/09\/Jakob.jpg","contentUrl":"https:\/\/blogg.svenskakyrkan.se\/utbyte\/files\/2026\/09\/Jakob.jpg","width":1200,"height":801},{"@type":"BreadcrumbList","@id":"https:\/\/blogg.svenskakyrkan.se\/utbyte\/2026\/09\/04\/mot-jakob-fran-skara-till-karagwe\/#breadcrumb","itemListElement":[{"@type":"ListItem","position":1,"name":"Hem","item":"https:\/\/blogg.svenskakyrkan.se\/utbyte\/"},{"@type":"ListItem","position":2,"name":"M\u00f6t Jakob: fr\u00e5n Skara till Karagwe"}]},{"@type":"WebSite","@id":"https:\/\/blogg.svenskakyrkan.se\/utbyte\/#website","url":"https:\/\/blogg.svenskakyrkan.se\/utbyte\/","name":"I n\u00e5gon annans vardag","description":"Utbytesprogrammet Ung i den v\u00e4rldsvida kyrkan","potentialAction":[{"@type":"SearchAction","target":{"@type":"EntryPoint","urlTemplate":"https:\/\/blogg.svenskakyrkan.se\/utbyte\/?s={search_term_string}"},"query-input":{"@type":"PropertyValueSpecification","valueRequired":true,"valueName":"search_term_string"}}],"inLanguage":"sv-SE"},{"@type":"Person","@id":"https:\/\/blogg.svenskakyrkan.se\/utbyte\/#\/schema\/person\/9bf731c3d4419e86b92c0b4d9f9424fe","name":"Act Svenska kyrkan","image":{"@type":"ImageObject","inLanguage":"sv-SE","@id":"https:\/\/blogg.svenskakyrkan.se\/utbyte\/#\/schema\/person\/image\/","url":"https:\/\/secure.gravatar.com\/avatar\/dad841196686727e2ffedb0188c265e5bdf1c43732884cfd19099c46d7f62f68?s=96&d=blank&r=g","contentUrl":"https:\/\/secure.gravatar.com\/avatar\/dad841196686727e2ffedb0188c265e5bdf1c43732884cfd19099c46d7f62f68?s=96&d=blank&r=g","caption":"Act Svenska kyrkan"},"url":"https:\/\/blogg.svenskakyrkan.se\/utbyte\/author\/intkom\/"}]}},"author_meta":{"ID":"696","user_nicename":"intkom","user_registered":"2019-02-06 08:14:30","display_name":"Act Svenska kyrkan","first_name":"Act Svenska kyrkan","last_name":"Redakt\u00f6r","avatar":"https:\/\/secure.gravatar.com\/avatar\/dad841196686727e2ffedb0188c265e5bdf1c43732884cfd19099c46d7f62f68?s=96&d=blank&r=g"},"featured_image":["https:\/\/blogg.svenskakyrkan.se\/utbyte\/files\/2026\/09\/Jakob-1024x684.jpg",1024,684,true],"bloginfo":{"name":"I n\u00e5gon annans vardag","url":"https:\/\/blogg.svenskakyrkan.se\/utbyte"},"_links":{"self":[{"href":"https:\/\/blogg.svenskakyrkan.se\/utbyte\/wp-json\/wp\/v2\/posts\/5691","targetHints":{"allow":["GET"]}}],"collection":[{"href":"https:\/\/blogg.svenskakyrkan.se\/utbyte\/wp-json\/wp\/v2\/posts"}],"about":[{"href":"https:\/\/blogg.svenskakyrkan.se\/utbyte\/wp-json\/wp\/v2\/types\/post"}],"author":[{"embeddable":true,"href":"https:\/\/blogg.svenskakyrkan.se\/utbyte\/wp-json\/wp\/v2\/users\/696"}],"replies":[{"embeddable":true,"href":"https:\/\/blogg.svenskakyrkan.se\/utbyte\/wp-json\/wp\/v2\/comments?post=5691"}],"version-history":[{"count":1,"href":"https:\/\/blogg.svenskakyrkan.se\/utbyte\/wp-json\/wp\/v2\/posts\/5691\/revisions"}],"predecessor-version":[{"id":5695,"href":"https:\/\/blogg.svenskakyrkan.se\/utbyte\/wp-json\/wp\/v2\/posts\/5691\/revisions\/5695"}],"wp:featuredmedia":[{"embeddable":true,"href":"https:\/\/blogg.svenskakyrkan.se\/utbyte\/wp-json\/wp\/v2\/media\/5693"}],"wp:attachment":[{"href":"https:\/\/blogg.svenskakyrkan.se\/utbyte\/wp-json\/wp\/v2\/media?parent=5691"}],"wp:term":[{"taxonomy":"category","embeddable":true,"href":"https:\/\/blogg.svenskakyrkan.se\/utbyte\/wp-json\/wp\/v2\/categories?post=5691"},{"taxonomy":"post_tag","embeddable":true,"href":"https:\/\/blogg.svenskakyrkan.se\/utbyte\/wp-json\/wp\/v2\/tags?post=5691"}],"curies":[{"name":"wp","href":"https:\/\/api.w.org\/{rel}","templated":true}]}}