{"id":5697,"date":"2026-09-04T16:29:00","date_gmt":"2026-09-04T14:29:00","guid":{"rendered":"https:\/\/blogg.svenskakyrkan.se\/utbyte\/?p=5697"},"modified":"2026-09-01T10:50:14","modified_gmt":"2026-09-01T08:50:14","slug":"mot-lova-fran-lund-till-bukoba","status":"publish","type":"post","link":"https:\/\/blogg.svenskakyrkan.se\/utbyte\/2026\/09\/04\/mot-lova-fran-lund-till-bukoba\/","title":{"rendered":"M\u00f6t Lova: fr\u00e5n Lund till Bukoba"},"content":{"rendered":"\n<p class=\"is-style-intro\">I ett antal inl\u00e4gg fram\u00f6ver presenterar sig 2026 \u00e5rs svenska deltagare i\u00a0<em>Ung i den v\u00e4rldsvida kyrkan<\/em>. De \u00e4r p\u00e5 sina utbyten under september till november. H\u00e4r m\u00f6ter du Lova Nilsson  som reser fr\u00e5n Lunds stift till Bukoba, Tanzania.<\/p>\n\n\n<figure class=\"wp-block-post-featured-image\"><img loading=\"lazy\" decoding=\"async\" width=\"1200\" height=\"801\" src=\"https:\/\/blogg.svenskakyrkan.se\/utbyte\/files\/2026\/09\/Lova.jpg\" class=\"attachment-post-thumbnail size-post-thumbnail wp-post-image\" alt=\"\" style=\"object-fit:cover;\" srcset=\"https:\/\/blogg.svenskakyrkan.se\/utbyte\/files\/2026\/09\/Lova.jpg 1200w, https:\/\/blogg.svenskakyrkan.se\/utbyte\/files\/2026\/09\/Lova-300x200.jpg 300w, https:\/\/blogg.svenskakyrkan.se\/utbyte\/files\/2026\/09\/Lova-1024x684.jpg 1024w, https:\/\/blogg.svenskakyrkan.se\/utbyte\/files\/2026\/09\/Lova-768x513.jpg 768w\" sizes=\"auto, (max-width: 1200px) 100vw, 1200px\" \/><\/figure>\n\n\n<p><em>Hej! Jag heter Lova Nilsson, \u00e4r 20 \u00e5r gammal och har f\u00e5tt m\u00f6jligheten att \u00e5ka till Bukoba i Tanzania nu i h\u00f6st. Den 5 september packar jag v\u00e4skan och l\u00e4mnar Sverige f\u00f6r tre m\u00e5nader fyllda av personliga m\u00f6ten, nya landskap och f\u00f6rhoppningsvis m\u00e5nga nya insikter.\u00a0<\/em><\/p>\n\n\n\n<p>\u00c4nda sedan jag tog studenten, f\u00f6r tv\u00e5 \u00e5r sedan, har jag k\u00e4nt en otroligt stark l\u00e4ngtan till att komma bort fr\u00e5n Sverige och se n\u00e5got nytt. N\u00e4r jag var ute och reste f\u00f6rra \u00e5ret fick jag l\u00e4ra mig ett tyskt ord som beskriver den k\u00e4nslan b\u00e4ttre \u00e4n n\u00e5got annat ord: \u201cFernweh\u201d. Det betyder ungef\u00e4r motsatsen till heml\u00e4ngtan, allts\u00e5 typ \u201cbortl\u00e4ngtan\u201d, eller v\u00e4rldsl\u00e4ngtan.\u00a0<\/p>\n\n\n\n<blockquote class=\"wp-block-quote is-layout-flow wp-block-quote-is-layout-flow\">\n<p>N\u00e4r jag var ute och reste f\u00f6rra \u00e5ret fick jag l\u00e4ra mig ett tyskt ord som beskriver den k\u00e4nslan b\u00e4ttre \u00e4n n\u00e5got annat ord: \u201cFernweh\u201d. Det betyder ungef\u00e4r motsatsen till heml\u00e4ngtan, allts\u00e5 typ \u201cbortl\u00e4ngtan\u201d, eller v\u00e4rldsl\u00e4ngtan.\u00a0<\/p>\n<\/blockquote>\n\n\n\n<p>De senaste \u00e5ren har jag k\u00e4nt mig lite som en innekatt som har suttit i f\u00f6nstret och tittat ut mot v\u00e4rlden. Jag har st\u00e5tt och jamat vid d\u00f6rren men inte sl\u00e4ppts ut. Men nu \u00e4ntligen \u00e4r det min tur att f\u00e5 utforska v\u00e4rlden med mina egna \u00f6gon, och inte endast genom en sk\u00e4rm, eller andras ber\u00e4ttelser.&nbsp;<\/p>\n\n\n\n<figure class=\"wp-block-image size-full\"><a href=\"https:\/\/blogg.svenskakyrkan.se\/utbyte\/files\/2026\/09\/DagaLovaChristoffer.jpg\"><img loading=\"lazy\" decoding=\"async\" width=\"800\" height=\"534\" src=\"https:\/\/blogg.svenskakyrkan.se\/utbyte\/files\/2026\/09\/DagaLovaChristoffer.jpg\" alt=\"\" class=\"wp-image-5699\" srcset=\"https:\/\/blogg.svenskakyrkan.se\/utbyte\/files\/2026\/09\/DagaLovaChristoffer.jpg 800w, https:\/\/blogg.svenskakyrkan.se\/utbyte\/files\/2026\/09\/DagaLovaChristoffer-300x200.jpg 300w, https:\/\/blogg.svenskakyrkan.se\/utbyte\/files\/2026\/09\/DagaLovaChristoffer-768x513.jpg 768w\" sizes=\"auto, (max-width: 800px) 100vw, 800px\" \/><\/a><figcaption class=\"wp-element-caption\">Lova i samtal med Christoffer och Daga i R\u00e4ttvik<\/figcaption><\/figure>\n\n\n\n<p>Jag k\u00e4nner en otroligt stark tacksamhet och \u00f6dmjukhet inf\u00f6r resan. Att f\u00e5 m\u00f6jligheten att utforska ett nytt land, f\u00e5 uppleva deras kultur och traditioner, och dela erfarenheter och tro med andra personer, med olika livserfarenheter \u00e4n mig sj\u00e4lv, \u00e4r inget jag tar f\u00f6r givet.\u00a0Jag ser s\u00e5 mycket fram emot att f\u00e5 uppleva Tanzania, inte bara som turist, utan genom m\u00e4nniskorna som faktiskt bor d\u00e4r.<\/p>\n\n\n\n<blockquote class=\"wp-block-quote is-layout-flow wp-block-quote-is-layout-flow\">\n<p>Jag k\u00e4nner en otroligt stark tacksamhet och \u00f6dmjukhet inf\u00f6r resan. <\/p>\n<\/blockquote>\n\n\n\n<p>De h\u00e4r tre m\u00e5naderna kommer att f\u00f6r\u00e4ndra mig, det \u00e4r jag s\u00e4ker p\u00e5. Jag vet bara inte hur \u00e4n. Kanske kommer jag hem med lite mindre v\u00e4rldsl\u00e4ngtan. Eller s\u00e5 kommer jag hem med \u00e4nnu mer.<\/p>\n\n\n\n<p>F\u00f6lj g\u00e4rna mig och Lova p\u00e5 v\u00e5rt utbyte i Bukoba via Instagram: @elinochlova_tanzania och @ungivarldsvida<\/p>\n\n\n\n<p>Vi h\u00f6rs snart igen!<\/p>\n\n\n\n<p>\/\/Lova<\/p>\n","protected":false},"excerpt":{"rendered":"<p>De senaste \u00e5ren har jag k\u00e4nt mig lite som en innekatt som har suttit i f\u00f6nstret och tittat ut mot v\u00e4rlden. Jag har st\u00e5tt och jamat vid d\u00f6rren men inte sl\u00e4ppts ut. Men nu \u00e4ntligen \u00e4r det min tur att f\u00e5 utforska v\u00e4rlden med mina egna \u00f6gon, och inte endast genom en sk\u00e4rm, eller andras ber\u00e4ttelser.\u00a0<\/p>\n","protected":false},"author":696,"featured_media":5698,"comment_status":"closed","ping_status":"open","sticky":false,"template":"","format":"standard","meta":{"_acf_changed":false,"footnotes":""},"categories":[8625,11634],"tags":[124002,124009,124012,124006,124003,124004],"class_list":["post-5697","post","type-post","status-publish","format-standard","has-post-thumbnail","hentry","category-sverige","category-tanzania","tag-124002","tag-bukoba","tag-lund","tag-tanzania","tag-uivvk","tag-utbyte"],"acf":[],"yoast_head":"<!-- This site is optimized with the Yoast SEO plugin v27.1.1 - https:\/\/yoast.com\/product\/yoast-seo-wordpress\/ -->\n<title>M\u00f6t Lova: fr\u00e5n Lund till Bukoba - I n\u00e5gon annans vardag<\/title>\n<meta name=\"robots\" content=\"index, follow, max-snippet:-1, max-image-preview:large, max-video-preview:-1\" \/>\n<link rel=\"canonical\" href=\"https:\/\/blogg.svenskakyrkan.se\/utbyte\/2026\/09\/04\/mot-lova-fran-lund-till-bukoba\/\" \/>\n<meta property=\"og:locale\" content=\"sv_SE\" \/>\n<meta property=\"og:type\" content=\"article\" \/>\n<meta property=\"og:title\" content=\"M\u00f6t Lova: fr\u00e5n Lund till Bukoba - I n\u00e5gon annans vardag\" \/>\n<meta property=\"og:description\" content=\"De senaste \u00e5ren har jag k\u00e4nt mig lite som en innekatt som har suttit i f\u00f6nstret och tittat ut mot v\u00e4rlden. Jag har st\u00e5tt och jamat vid d\u00f6rren men inte sl\u00e4ppts ut. Men nu \u00e4ntligen \u00e4r det min tur att f\u00e5 utforska v\u00e4rlden med mina egna \u00f6gon, och inte endast genom en sk\u00e4rm, eller andras ber\u00e4ttelser.\u00a0\" \/>\n<meta property=\"og:url\" content=\"https:\/\/blogg.svenskakyrkan.se\/utbyte\/2026\/09\/04\/mot-lova-fran-lund-till-bukoba\/\" \/>\n<meta property=\"og:site_name\" content=\"I n\u00e5gon annans vardag\" \/>\n<meta property=\"article:published_time\" content=\"2026-09-04T14:29:00+00:00\" \/>\n<meta property=\"og:image\" content=\"https:\/\/blogg.svenskakyrkan.se\/utbyte\/files\/2026\/09\/Lova.jpg\" \/>\n\t<meta property=\"og:image:width\" content=\"1200\" \/>\n\t<meta property=\"og:image:height\" content=\"801\" \/>\n\t<meta property=\"og:image:type\" content=\"image\/jpeg\" \/>\n<meta name=\"author\" content=\"Act Svenska kyrkan\" \/>\n<meta name=\"twitter:card\" content=\"summary_large_image\" \/>\n<meta name=\"twitter:label1\" content=\"Skriven av\" \/>\n\t<meta name=\"twitter:data1\" content=\"Act Svenska kyrkan\" \/>\n\t<meta name=\"twitter:label2\" content=\"Ber\u00e4knad l\u00e4stid\" \/>\n\t<meta name=\"twitter:data2\" content=\"3 minuter\" \/>\n<script type=\"application\/ld+json\" class=\"yoast-schema-graph\">{\"@context\":\"https:\/\/schema.org\",\"@graph\":[{\"@type\":\"Article\",\"@id\":\"https:\/\/blogg.svenskakyrkan.se\/utbyte\/2026\/09\/04\/mot-lova-fran-lund-till-bukoba\/#article\",\"isPartOf\":{\"@id\":\"https:\/\/blogg.svenskakyrkan.se\/utbyte\/2026\/09\/04\/mot-lova-fran-lund-till-bukoba\/\"},\"author\":{\"name\":\"Act Svenska kyrkan\",\"@id\":\"https:\/\/blogg.svenskakyrkan.se\/utbyte\/#\/schema\/person\/9bf731c3d4419e86b92c0b4d9f9424fe\"},\"headline\":\"M\u00f6t Lova: fr\u00e5n Lund till Bukoba\",\"datePublished\":\"2026-09-04T14:29:00+00:00\",\"mainEntityOfPage\":{\"@id\":\"https:\/\/blogg.svenskakyrkan.se\/utbyte\/2026\/09\/04\/mot-lova-fran-lund-till-bukoba\/\"},\"wordCount\":457,\"image\":{\"@id\":\"https:\/\/blogg.svenskakyrkan.se\/utbyte\/2026\/09\/04\/mot-lova-fran-lund-till-bukoba\/#primaryimage\"},\"thumbnailUrl\":\"https:\/\/blogg.svenskakyrkan.se\/utbyte\/files\/2026\/09\/Lova.jpg\",\"keywords\":[\"2026\",\"Bukoba\",\"Lund\",\"Tanzania\",\"UiVVK\",\"Utbyte\"],\"articleSection\":[\"Sverige\",\"Tanzania\"],\"inLanguage\":\"sv-SE\"},{\"@type\":\"WebPage\",\"@id\":\"https:\/\/blogg.svenskakyrkan.se\/utbyte\/2026\/09\/04\/mot-lova-fran-lund-till-bukoba\/\",\"url\":\"https:\/\/blogg.svenskakyrkan.se\/utbyte\/2026\/09\/04\/mot-lova-fran-lund-till-bukoba\/\",\"name\":\"M\u00f6t Lova: fr\u00e5n Lund till Bukoba - I n\u00e5gon annans vardag\",\"isPartOf\":{\"@id\":\"https:\/\/blogg.svenskakyrkan.se\/utbyte\/#website\"},\"primaryImageOfPage\":{\"@id\":\"https:\/\/blogg.svenskakyrkan.se\/utbyte\/2026\/09\/04\/mot-lova-fran-lund-till-bukoba\/#primaryimage\"},\"image\":{\"@id\":\"https:\/\/blogg.svenskakyrkan.se\/utbyte\/2026\/09\/04\/mot-lova-fran-lund-till-bukoba\/#primaryimage\"},\"thumbnailUrl\":\"https:\/\/blogg.svenskakyrkan.se\/utbyte\/files\/2026\/09\/Lova.jpg\",\"datePublished\":\"2026-09-04T14:29:00+00:00\",\"author\":{\"@id\":\"https:\/\/blogg.svenskakyrkan.se\/utbyte\/#\/schema\/person\/9bf731c3d4419e86b92c0b4d9f9424fe\"},\"breadcrumb\":{\"@id\":\"https:\/\/blogg.svenskakyrkan.se\/utbyte\/2026\/09\/04\/mot-lova-fran-lund-till-bukoba\/#breadcrumb\"},\"inLanguage\":\"sv-SE\",\"potentialAction\":[{\"@type\":\"ReadAction\",\"target\":[\"https:\/\/blogg.svenskakyrkan.se\/utbyte\/2026\/09\/04\/mot-lova-fran-lund-till-bukoba\/\"]}]},{\"@type\":\"ImageObject\",\"inLanguage\":\"sv-SE\",\"@id\":\"https:\/\/blogg.svenskakyrkan.se\/utbyte\/2026\/09\/04\/mot-lova-fran-lund-till-bukoba\/#primaryimage\",\"url\":\"https:\/\/blogg.svenskakyrkan.se\/utbyte\/files\/2026\/09\/Lova.jpg\",\"contentUrl\":\"https:\/\/blogg.svenskakyrkan.se\/utbyte\/files\/2026\/09\/Lova.jpg\",\"width\":1200,\"height\":801},{\"@type\":\"BreadcrumbList\",\"@id\":\"https:\/\/blogg.svenskakyrkan.se\/utbyte\/2026\/09\/04\/mot-lova-fran-lund-till-bukoba\/#breadcrumb\",\"itemListElement\":[{\"@type\":\"ListItem\",\"position\":1,\"name\":\"Hem\",\"item\":\"https:\/\/blogg.svenskakyrkan.se\/utbyte\/\"},{\"@type\":\"ListItem\",\"position\":2,\"name\":\"M\u00f6t Lova: fr\u00e5n Lund till Bukoba\"}]},{\"@type\":\"WebSite\",\"@id\":\"https:\/\/blogg.svenskakyrkan.se\/utbyte\/#website\",\"url\":\"https:\/\/blogg.svenskakyrkan.se\/utbyte\/\",\"name\":\"I n\u00e5gon annans vardag\",\"description\":\"Utbytesprogrammet Ung i den v\u00e4rldsvida kyrkan\",\"potentialAction\":[{\"@type\":\"SearchAction\",\"target\":{\"@type\":\"EntryPoint\",\"urlTemplate\":\"https:\/\/blogg.svenskakyrkan.se\/utbyte\/?s={search_term_string}\"},\"query-input\":{\"@type\":\"PropertyValueSpecification\",\"valueRequired\":true,\"valueName\":\"search_term_string\"}}],\"inLanguage\":\"sv-SE\"},{\"@type\":\"Person\",\"@id\":\"https:\/\/blogg.svenskakyrkan.se\/utbyte\/#\/schema\/person\/9bf731c3d4419e86b92c0b4d9f9424fe\",\"name\":\"Act Svenska kyrkan\",\"image\":{\"@type\":\"ImageObject\",\"inLanguage\":\"sv-SE\",\"@id\":\"https:\/\/blogg.svenskakyrkan.se\/utbyte\/#\/schema\/person\/image\/\",\"url\":\"https:\/\/secure.gravatar.com\/avatar\/dad841196686727e2ffedb0188c265e5bdf1c43732884cfd19099c46d7f62f68?s=96&d=blank&r=g\",\"contentUrl\":\"https:\/\/secure.gravatar.com\/avatar\/dad841196686727e2ffedb0188c265e5bdf1c43732884cfd19099c46d7f62f68?s=96&d=blank&r=g\",\"caption\":\"Act Svenska kyrkan\"},\"url\":\"https:\/\/blogg.svenskakyrkan.se\/utbyte\/author\/intkom\/\"}]}<\/script>\n<!-- \/ Yoast SEO plugin. -->","yoast_head_json":{"title":"M\u00f6t Lova: fr\u00e5n Lund till Bukoba - I n\u00e5gon annans vardag","robots":{"index":"index","follow":"follow","max-snippet":"max-snippet:-1","max-image-preview":"max-image-preview:large","max-video-preview":"max-video-preview:-1"},"canonical":"https:\/\/blogg.svenskakyrkan.se\/utbyte\/2026\/09\/04\/mot-lova-fran-lund-till-bukoba\/","og_locale":"sv_SE","og_type":"article","og_title":"M\u00f6t Lova: fr\u00e5n Lund till Bukoba - I n\u00e5gon annans vardag","og_description":"De senaste \u00e5ren har jag k\u00e4nt mig lite som en innekatt som har suttit i f\u00f6nstret och tittat ut mot v\u00e4rlden. Jag har st\u00e5tt och jamat vid d\u00f6rren men inte sl\u00e4ppts ut. Men nu \u00e4ntligen \u00e4r det min tur att f\u00e5 utforska v\u00e4rlden med mina egna \u00f6gon, och inte endast genom en sk\u00e4rm, eller andras ber\u00e4ttelser.\u00a0","og_url":"https:\/\/blogg.svenskakyrkan.se\/utbyte\/2026\/09\/04\/mot-lova-fran-lund-till-bukoba\/","og_site_name":"I n\u00e5gon annans vardag","article_published_time":"2026-09-04T14:29:00+00:00","og_image":[{"width":1200,"height":801,"url":"https:\/\/blogg.svenskakyrkan.se\/utbyte\/files\/2026\/09\/Lova.jpg","type":"image\/jpeg"}],"author":"Act Svenska kyrkan","twitter_card":"summary_large_image","twitter_misc":{"Skriven av":"Act Svenska kyrkan","Ber\u00e4knad l\u00e4stid":"3 minuter"},"schema":{"@context":"https:\/\/schema.org","@graph":[{"@type":"Article","@id":"https:\/\/blogg.svenskakyrkan.se\/utbyte\/2026\/09\/04\/mot-lova-fran-lund-till-bukoba\/#article","isPartOf":{"@id":"https:\/\/blogg.svenskakyrkan.se\/utbyte\/2026\/09\/04\/mot-lova-fran-lund-till-bukoba\/"},"author":{"name":"Act Svenska kyrkan","@id":"https:\/\/blogg.svenskakyrkan.se\/utbyte\/#\/schema\/person\/9bf731c3d4419e86b92c0b4d9f9424fe"},"headline":"M\u00f6t Lova: fr\u00e5n Lund till Bukoba","datePublished":"2026-09-04T14:29:00+00:00","mainEntityOfPage":{"@id":"https:\/\/blogg.svenskakyrkan.se\/utbyte\/2026\/09\/04\/mot-lova-fran-lund-till-bukoba\/"},"wordCount":457,"image":{"@id":"https:\/\/blogg.svenskakyrkan.se\/utbyte\/2026\/09\/04\/mot-lova-fran-lund-till-bukoba\/#primaryimage"},"thumbnailUrl":"https:\/\/blogg.svenskakyrkan.se\/utbyte\/files\/2026\/09\/Lova.jpg","keywords":["2026","Bukoba","Lund","Tanzania","UiVVK","Utbyte"],"articleSection":["Sverige","Tanzania"],"inLanguage":"sv-SE"},{"@type":"WebPage","@id":"https:\/\/blogg.svenskakyrkan.se\/utbyte\/2026\/09\/04\/mot-lova-fran-lund-till-bukoba\/","url":"https:\/\/blogg.svenskakyrkan.se\/utbyte\/2026\/09\/04\/mot-lova-fran-lund-till-bukoba\/","name":"M\u00f6t Lova: fr\u00e5n Lund till Bukoba - I n\u00e5gon annans vardag","isPartOf":{"@id":"https:\/\/blogg.svenskakyrkan.se\/utbyte\/#website"},"primaryImageOfPage":{"@id":"https:\/\/blogg.svenskakyrkan.se\/utbyte\/2026\/09\/04\/mot-lova-fran-lund-till-bukoba\/#primaryimage"},"image":{"@id":"https:\/\/blogg.svenskakyrkan.se\/utbyte\/2026\/09\/04\/mot-lova-fran-lund-till-bukoba\/#primaryimage"},"thumbnailUrl":"https:\/\/blogg.svenskakyrkan.se\/utbyte\/files\/2026\/09\/Lova.jpg","datePublished":"2026-09-04T14:29:00+00:00","author":{"@id":"https:\/\/blogg.svenskakyrkan.se\/utbyte\/#\/schema\/person\/9bf731c3d4419e86b92c0b4d9f9424fe"},"breadcrumb":{"@id":"https:\/\/blogg.svenskakyrkan.se\/utbyte\/2026\/09\/04\/mot-lova-fran-lund-till-bukoba\/#breadcrumb"},"inLanguage":"sv-SE","potentialAction":[{"@type":"ReadAction","target":["https:\/\/blogg.svenskakyrkan.se\/utbyte\/2026\/09\/04\/mot-lova-fran-lund-till-bukoba\/"]}]},{"@type":"ImageObject","inLanguage":"sv-SE","@id":"https:\/\/blogg.svenskakyrkan.se\/utbyte\/2026\/09\/04\/mot-lova-fran-lund-till-bukoba\/#primaryimage","url":"https:\/\/blogg.svenskakyrkan.se\/utbyte\/files\/2026\/09\/Lova.jpg","contentUrl":"https:\/\/blogg.svenskakyrkan.se\/utbyte\/files\/2026\/09\/Lova.jpg","width":1200,"height":801},{"@type":"BreadcrumbList","@id":"https:\/\/blogg.svenskakyrkan.se\/utbyte\/2026\/09\/04\/mot-lova-fran-lund-till-bukoba\/#breadcrumb","itemListElement":[{"@type":"ListItem","position":1,"name":"Hem","item":"https:\/\/blogg.svenskakyrkan.se\/utbyte\/"},{"@type":"ListItem","position":2,"name":"M\u00f6t Lova: fr\u00e5n Lund till Bukoba"}]},{"@type":"WebSite","@id":"https:\/\/blogg.svenskakyrkan.se\/utbyte\/#website","url":"https:\/\/blogg.svenskakyrkan.se\/utbyte\/","name":"I n\u00e5gon annans vardag","description":"Utbytesprogrammet Ung i den v\u00e4rldsvida kyrkan","potentialAction":[{"@type":"SearchAction","target":{"@type":"EntryPoint","urlTemplate":"https:\/\/blogg.svenskakyrkan.se\/utbyte\/?s={search_term_string}"},"query-input":{"@type":"PropertyValueSpecification","valueRequired":true,"valueName":"search_term_string"}}],"inLanguage":"sv-SE"},{"@type":"Person","@id":"https:\/\/blogg.svenskakyrkan.se\/utbyte\/#\/schema\/person\/9bf731c3d4419e86b92c0b4d9f9424fe","name":"Act Svenska kyrkan","image":{"@type":"ImageObject","inLanguage":"sv-SE","@id":"https:\/\/blogg.svenskakyrkan.se\/utbyte\/#\/schema\/person\/image\/","url":"https:\/\/secure.gravatar.com\/avatar\/dad841196686727e2ffedb0188c265e5bdf1c43732884cfd19099c46d7f62f68?s=96&d=blank&r=g","contentUrl":"https:\/\/secure.gravatar.com\/avatar\/dad841196686727e2ffedb0188c265e5bdf1c43732884cfd19099c46d7f62f68?s=96&d=blank&r=g","caption":"Act Svenska kyrkan"},"url":"https:\/\/blogg.svenskakyrkan.se\/utbyte\/author\/intkom\/"}]}},"author_meta":{"ID":"696","user_nicename":"intkom","user_registered":"2019-02-06 08:14:30","display_name":"Act Svenska kyrkan","first_name":"Act Svenska kyrkan","last_name":"Redakt\u00f6r","avatar":"https:\/\/secure.gravatar.com\/avatar\/dad841196686727e2ffedb0188c265e5bdf1c43732884cfd19099c46d7f62f68?s=96&d=blank&r=g"},"featured_image":["https:\/\/blogg.svenskakyrkan.se\/utbyte\/files\/2026\/09\/Lova-1024x684.jpg",1024,684,true],"bloginfo":{"name":"I n\u00e5gon annans vardag","url":"https:\/\/blogg.svenskakyrkan.se\/utbyte"},"_links":{"self":[{"href":"https:\/\/blogg.svenskakyrkan.se\/utbyte\/wp-json\/wp\/v2\/posts\/5697","targetHints":{"allow":["GET"]}}],"collection":[{"href":"https:\/\/blogg.svenskakyrkan.se\/utbyte\/wp-json\/wp\/v2\/posts"}],"about":[{"href":"https:\/\/blogg.svenskakyrkan.se\/utbyte\/wp-json\/wp\/v2\/types\/post"}],"author":[{"embeddable":true,"href":"https:\/\/blogg.svenskakyrkan.se\/utbyte\/wp-json\/wp\/v2\/users\/696"}],"replies":[{"embeddable":true,"href":"https:\/\/blogg.svenskakyrkan.se\/utbyte\/wp-json\/wp\/v2\/comments?post=5697"}],"version-history":[{"count":1,"href":"https:\/\/blogg.svenskakyrkan.se\/utbyte\/wp-json\/wp\/v2\/posts\/5697\/revisions"}],"predecessor-version":[{"id":5700,"href":"https:\/\/blogg.svenskakyrkan.se\/utbyte\/wp-json\/wp\/v2\/posts\/5697\/revisions\/5700"}],"wp:featuredmedia":[{"embeddable":true,"href":"https:\/\/blogg.svenskakyrkan.se\/utbyte\/wp-json\/wp\/v2\/media\/5698"}],"wp:attachment":[{"href":"https:\/\/blogg.svenskakyrkan.se\/utbyte\/wp-json\/wp\/v2\/media?parent=5697"}],"wp:term":[{"taxonomy":"category","embeddable":true,"href":"https:\/\/blogg.svenskakyrkan.se\/utbyte\/wp-json\/wp\/v2\/categories?post=5697"},{"taxonomy":"post_tag","embeddable":true,"href":"https:\/\/blogg.svenskakyrkan.se\/utbyte\/wp-json\/wp\/v2\/tags?post=5697"}],"curies":[{"name":"wp","href":"https:\/\/api.w.org\/{rel}","templated":true}]}}