{"id":5703,"date":"2026-09-05T08:13:00","date_gmt":"2026-09-05T06:13:00","guid":{"rendered":"https:\/\/blogg.svenskakyrkan.se\/utbyte\/?p=5703"},"modified":"2026-09-02T09:31:49","modified_gmt":"2026-09-02T07:31:49","slug":"mot-amanda-fran-skara-till-filippinerna","status":"publish","type":"post","link":"https:\/\/blogg.svenskakyrkan.se\/utbyte\/2026\/09\/05\/mot-amanda-fran-skara-till-filippinerna\/","title":{"rendered":"M\u00f6t Amanda: fr\u00e5n Skara till Filippinerna"},"content":{"rendered":"\n<p class=\"is-style-intro\">I ett antal inl\u00e4gg fram\u00f6ver presenterar sig 2026 \u00e5rs svenska deltagare i\u00a0<em>Ung i den v\u00e4rldsvida kyrkan<\/em>. De \u00e4r p\u00e5 sina utbyten under september till november. H\u00e4r m\u00f6ter du Amanda Carlqvist som reser fr\u00e5n Skara stift till Filippinerna.<\/p>\n\n\n<figure class=\"wp-block-post-featured-image\"><img loading=\"lazy\" decoding=\"async\" width=\"1200\" height=\"801\" src=\"https:\/\/blogg.svenskakyrkan.se\/utbyte\/files\/2026\/09\/Amanda.jpg\" class=\"attachment-post-thumbnail size-post-thumbnail wp-post-image\" alt=\"\" style=\"object-fit:cover;\" srcset=\"https:\/\/blogg.svenskakyrkan.se\/utbyte\/files\/2026\/09\/Amanda.jpg 1200w, https:\/\/blogg.svenskakyrkan.se\/utbyte\/files\/2026\/09\/Amanda-300x200.jpg 300w, https:\/\/blogg.svenskakyrkan.se\/utbyte\/files\/2026\/09\/Amanda-1024x684.jpg 1024w, https:\/\/blogg.svenskakyrkan.se\/utbyte\/files\/2026\/09\/Amanda-768x513.jpg 768w\" sizes=\"auto, (max-width: 1200px) 100vw, 1200px\" \/><\/figure>\n\n\n<p><em>Hej!\u00a0<\/em><\/p>\n\n\n\n<p><em>Jag heter Amanda Carlqvist och kommer fr\u00e5n Skara. Jag \u00e4r en av tretton unga som har f\u00e5tt den fantastiska m\u00f6jligheten att delta i Act Svenska kyrkans utbytesprogram. Under tre m\u00e5nader ska jag f\u00e5 uppt\u00e4cka och utforska en helt annan vardag, i ett helt nytt land: Filippinerna! Jag \u00e4r s\u00e5 tacksam och exalterad \u00f6ver att f\u00e5 ge mig ut p\u00e5 detta \u00e4ventyr.<\/em><\/p>\n\n\n\n<p>Jag tog studenten i \u00e5r fr\u00e5n International Baccalaureate p\u00e5 Katedralskolan i Skara. Linjen fokuserar mycket p\u00e5 internationella relationer och globalt t\u00e4nkande, vilket verkligen v\u00e4ckt mitt intresse f\u00f6r dessa fr\u00e5gor. Jag \u00e4lskar att resa och att l\u00e4ra mig om nya kulturer och spr\u00e5k. Jag har varit aktiv i min lokala ungdomsgrupp i Skara domkyrka, ung ledare f\u00f6r konfirmander, samt arbetat som guide och sommarv\u00e4rd i domkyrkan.&nbsp;<\/p>\n\n\n\n<blockquote class=\"wp-block-quote is-layout-flow wp-block-quote-is-layout-flow\">\n<p>Helt pl\u00f6tsligt, en natt n\u00e4r jag inte lyckades somna, var det som att det bara t\u00e4ndes n\u00e5got inom mig. Sj\u00e4lvklart skulle jag s\u00f6ka.<\/p>\n<\/blockquote>\n\n\n\n<p>Beslutet att s\u00f6ka till utbytesprogrammet var lite pl\u00f6tsligt fr\u00e5n min sida. Jag var v\u00e4ldigt nerv\u00f6s vid tanken p\u00e5 att l\u00e4mna mitt hem och allt jag k\u00e4nner f\u00f6r att \u00e5ka s\u00e5 l\u00e5ngt bort. En n\u00e4ra familjemedlem tipsade mig om programmet och s\u00e5dde ett fr\u00f6, men f\u00f6rst var jag n\u00e4stan s\u00e4ker p\u00e5 att jag inte v\u00e5gade. Helt pl\u00f6tsligt, en natt n\u00e4r jag inte lyckades somna, var det som att det bara t\u00e4ndes n\u00e5got inom mig. Sj\u00e4lvklart skulle jag s\u00f6ka. Idag, med resan precis runt h\u00f6rnet, \u00e4r jag otroligt glad f\u00f6r den insikten och tacksam f\u00f6r att\u00a0\u00a0jag blev pushad till att v\u00e5ga. Nu n\u00e4r jag \u00e4r mer insatt i vad utbytet inneb\u00e4r \u00e4r jag s\u00e5 lycklig och hedrad att jag f\u00e5r vara en del av det.\u00a0<\/p>\n\n\n\n<blockquote class=\"wp-block-quote is-layout-flow wp-block-quote-is-layout-flow\">\n<p>Det k\u00e4nns stort och n\u00e4stintill \u00e4rofyllt att dessa m\u00e4nniskor kommer \u00f6ppna upp sina hem och liv f\u00f6r oss.<\/p>\n<\/blockquote>\n\n\n\n<p>Jag tycker att gemenskapen inom kyrkan \u00e4r s\u00e5 fin, och jag ser verkligen fram emot att m\u00f6ta den i ett helt nytt land och en annan kontext. Jag och mina resekamrater kommer tillsammans att f\u00e5 flytta in i vardagen p\u00e5 andra sidan jorden. Det jag ser mest fram emot med min resa \u00e4r just m\u00f6tet med m\u00e4nniskor. Att f\u00e5 uppt\u00e4cka hur lika vi alla \u00e4r under ytan, trots olika spr\u00e5k, l\u00e4nder och f\u00f6ruts\u00e4ttningar. <\/p>\n\n\n\n<figure class=\"wp-block-image size-full\"><a href=\"https:\/\/blogg.svenskakyrkan.se\/utbyte\/files\/2026\/09\/Alla.jpg\"><img loading=\"lazy\" decoding=\"async\" width=\"800\" height=\"534\" src=\"https:\/\/blogg.svenskakyrkan.se\/utbyte\/files\/2026\/09\/Alla.jpg\" alt=\"\" class=\"wp-image-5706\" srcset=\"https:\/\/blogg.svenskakyrkan.se\/utbyte\/files\/2026\/09\/Alla.jpg 800w, https:\/\/blogg.svenskakyrkan.se\/utbyte\/files\/2026\/09\/Alla-300x200.jpg 300w, https:\/\/blogg.svenskakyrkan.se\/utbyte\/files\/2026\/09\/Alla-768x513.jpg 768w\" sizes=\"auto, (max-width: 800px) 100vw, 800px\" \/><\/a><figcaption class=\"wp-element-caption\">G\u00e4nget som ska iv\u00e4g p\u00e5 utbytet i \u00e5r<\/figcaption><\/figure>\n\n\n\n<p>Jag tror att man b\u00e4st skapar en fin relation till familjen genom att vara s\u00e5 deltagande som m\u00f6jligt i vardagslivet. Att prata med v\u00e4rdfamiljen medan man diskar. Hj\u00e4lpa till och st\u00e4da och f\u00e5 uppleva att vara som en del av familjen. Det k\u00e4nns stort och n\u00e4stintill \u00e4rofyllt att dessa m\u00e4nniskor kommer \u00f6ppna upp sina hem och liv f\u00f6r oss.<\/p>\n\n\n\n<blockquote class=\"wp-block-quote is-layout-flow wp-block-quote-is-layout-flow\">\n<p>Det k\u00e4nns som att vi tillsammans, m\u00e5nga b\u00e4ckar sm\u00e5, kan vara med och bidra till en \u00f6ppnare, mer k\u00e4rleksfull v\u00e4rld. <\/p>\n<\/blockquote>\n\n\n\n<p>I skrivande stund befinner jag mig p\u00e5 R\u00e4ttviks stiftsg\u00e5rd p\u00e5 en avresekurs. Jag \u00e4r tagen av hur m\u00e5nga fantastiska m\u00e4nniskor jag f\u00e5r tr\u00e4ffa h\u00e4r. Jag har helt underbara resekamrater, och jag fylls av gl\u00e4dje och hopp av de m\u00f6ten jag f\u00e5tt h\u00e4r. Vi har pratat om allt m\u00f6jligt, men mycket fokus har legat p\u00e5 de stora problem som v\u00e4rlden st\u00e5r inf\u00f6r. Klimatkris. Krig. Or\u00e4ttvisor och fattigdom. Dessa m\u00f6ten ger mig dock hopp. Det k\u00e4nns som att vi tillsammans, m\u00e5nga b\u00e4ckar sm\u00e5, kan vara med och bidra till en \u00f6ppnare, mer k\u00e4rleksfull v\u00e4rld. Nu \u00e4r v\u00e5rt uppdrag att ta med detta hopp och vilja att g\u00f6ra skillnad ut i de l\u00e4nder, stift och v\u00e4rdf\u00f6rsamlingar vi snart ska f\u00e5 tr\u00e4ffa!&nbsp;<\/p>\n\n\n\n<p>F\u00f6lj g\u00e4rna mig och min medresen\u00e4rer under v\u00e5r resa p\u00e5 Instagram: @mubahaysisters och @ungivarldsvida<\/p>\n\n\n\n<p>Vi h\u00f6rs!<\/p>\n\n\n\n<p>&#8211; Amanda <\/p>\n","protected":false},"excerpt":{"rendered":"<p>Beslutet att s\u00f6ka till utbytesprogrammet var lite pl\u00f6tsligt fr\u00e5n min sida. Jag var v\u00e4ldigt nerv\u00f6s vid tanken p\u00e5 att l\u00e4mna mitt hem och allt jag k\u00e4nner f\u00f6r att \u00e5ka s\u00e5 l\u00e5ngt bort. En n\u00e4ra familjemedlem tipsade mig om programmet och s\u00e5dde ett fr\u00f6, men f\u00f6rst var jag n\u00e4stan s\u00e4ker p\u00e5 att jag inte v\u00e5gade. Helt pl\u00f6tsligt, en natt n\u00e4r jag inte lyckades somna, var det som att det bara t\u00e4ndes n\u00e5got inom mig. Sj\u00e4lvklart skulle jag s\u00f6ka. Idag, med resan precis runt h\u00f6rnet, \u00e4r jag otroligt glad f\u00f6r den insikten och tacksam f\u00f6r att\u00a0\u00a0jag blev pushad till att v\u00e5ga. Nu n\u00e4r jag \u00e4r mer insatt i vad utbytet inneb\u00e4r \u00e4r jag s\u00e5 lycklig och hedrad att jag f\u00e5r vara en del av det.\u00a0<\/p>\n","protected":false},"author":696,"featured_media":5704,"comment_status":"closed","ping_status":"open","sticky":false,"template":"","format":"standard","meta":{"_acf_changed":false,"footnotes":""},"categories":[10120,8625],"tags":[124002,124005,124011,124003,124004],"class_list":["post-5703","post","type-post","status-publish","format-standard","has-post-thumbnail","hentry","category-filippinerna","category-sverige","tag-124002","tag-filippinerna","tag-skara-stift","tag-uivvk","tag-utbyte"],"acf":[],"yoast_head":"<!-- This site is optimized with the Yoast SEO plugin v27.1.1 - https:\/\/yoast.com\/product\/yoast-seo-wordpress\/ -->\n<title>M\u00f6t Amanda: fr\u00e5n Skara till Filippinerna - I n\u00e5gon annans vardag<\/title>\n<meta name=\"robots\" content=\"index, follow, max-snippet:-1, max-image-preview:large, max-video-preview:-1\" \/>\n<link rel=\"canonical\" href=\"https:\/\/blogg.svenskakyrkan.se\/utbyte\/2026\/09\/05\/mot-amanda-fran-skara-till-filippinerna\/\" \/>\n<meta property=\"og:locale\" content=\"sv_SE\" \/>\n<meta property=\"og:type\" content=\"article\" \/>\n<meta property=\"og:title\" content=\"M\u00f6t Amanda: fr\u00e5n Skara till Filippinerna - I n\u00e5gon annans vardag\" \/>\n<meta property=\"og:description\" content=\"Beslutet att s\u00f6ka till utbytesprogrammet var lite pl\u00f6tsligt fr\u00e5n min sida. Jag var v\u00e4ldigt nerv\u00f6s vid tanken p\u00e5 att l\u00e4mna mitt hem och allt jag k\u00e4nner f\u00f6r att \u00e5ka s\u00e5 l\u00e5ngt bort. En n\u00e4ra familjemedlem tipsade mig om programmet och s\u00e5dde ett fr\u00f6, men f\u00f6rst var jag n\u00e4stan s\u00e4ker p\u00e5 att jag inte v\u00e5gade. Helt pl\u00f6tsligt, en natt n\u00e4r jag inte lyckades somna, var det som att det bara t\u00e4ndes n\u00e5got inom mig. Sj\u00e4lvklart skulle jag s\u00f6ka. Idag, med resan precis runt h\u00f6rnet, \u00e4r jag otroligt glad f\u00f6r den insikten och tacksam f\u00f6r att\u00a0\u00a0jag blev pushad till att v\u00e5ga. Nu n\u00e4r jag \u00e4r mer insatt i vad utbytet inneb\u00e4r \u00e4r jag s\u00e5 lycklig och hedrad att jag f\u00e5r vara en del av det.\u00a0\" \/>\n<meta property=\"og:url\" content=\"https:\/\/blogg.svenskakyrkan.se\/utbyte\/2026\/09\/05\/mot-amanda-fran-skara-till-filippinerna\/\" \/>\n<meta property=\"og:site_name\" content=\"I n\u00e5gon annans vardag\" \/>\n<meta property=\"article:published_time\" content=\"2026-09-05T06:13:00+00:00\" \/>\n<meta property=\"og:image\" content=\"https:\/\/blogg.svenskakyrkan.se\/utbyte\/files\/2026\/09\/Amanda.jpg\" \/>\n\t<meta property=\"og:image:width\" content=\"1200\" \/>\n\t<meta property=\"og:image:height\" content=\"801\" \/>\n\t<meta property=\"og:image:type\" content=\"image\/jpeg\" \/>\n<meta name=\"author\" content=\"Act Svenska kyrkan\" \/>\n<meta name=\"twitter:card\" content=\"summary_large_image\" \/>\n<meta name=\"twitter:label1\" content=\"Skriven av\" \/>\n\t<meta name=\"twitter:data1\" content=\"Act Svenska kyrkan\" \/>\n\t<meta name=\"twitter:label2\" content=\"Ber\u00e4knad l\u00e4stid\" \/>\n\t<meta name=\"twitter:data2\" content=\"4 minuter\" \/>\n<script type=\"application\/ld+json\" class=\"yoast-schema-graph\">{\"@context\":\"https:\/\/schema.org\",\"@graph\":[{\"@type\":\"Article\",\"@id\":\"https:\/\/blogg.svenskakyrkan.se\/utbyte\/2026\/09\/05\/mot-amanda-fran-skara-till-filippinerna\/#article\",\"isPartOf\":{\"@id\":\"https:\/\/blogg.svenskakyrkan.se\/utbyte\/2026\/09\/05\/mot-amanda-fran-skara-till-filippinerna\/\"},\"author\":{\"name\":\"Act Svenska kyrkan\",\"@id\":\"https:\/\/blogg.svenskakyrkan.se\/utbyte\/#\/schema\/person\/9bf731c3d4419e86b92c0b4d9f9424fe\"},\"headline\":\"M\u00f6t Amanda: fr\u00e5n Skara till Filippinerna\",\"datePublished\":\"2026-09-05T06:13:00+00:00\",\"mainEntityOfPage\":{\"@id\":\"https:\/\/blogg.svenskakyrkan.se\/utbyte\/2026\/09\/05\/mot-amanda-fran-skara-till-filippinerna\/\"},\"wordCount\":750,\"image\":{\"@id\":\"https:\/\/blogg.svenskakyrkan.se\/utbyte\/2026\/09\/05\/mot-amanda-fran-skara-till-filippinerna\/#primaryimage\"},\"thumbnailUrl\":\"https:\/\/blogg.svenskakyrkan.se\/utbyte\/files\/2026\/09\/Amanda.jpg\",\"keywords\":[\"2026\",\"Filippinerna\",\"Skara stift\",\"UiVVK\",\"Utbyte\"],\"articleSection\":[\"Filippinerna\",\"Sverige\"],\"inLanguage\":\"sv-SE\"},{\"@type\":\"WebPage\",\"@id\":\"https:\/\/blogg.svenskakyrkan.se\/utbyte\/2026\/09\/05\/mot-amanda-fran-skara-till-filippinerna\/\",\"url\":\"https:\/\/blogg.svenskakyrkan.se\/utbyte\/2026\/09\/05\/mot-amanda-fran-skara-till-filippinerna\/\",\"name\":\"M\u00f6t Amanda: fr\u00e5n Skara till Filippinerna - I n\u00e5gon annans vardag\",\"isPartOf\":{\"@id\":\"https:\/\/blogg.svenskakyrkan.se\/utbyte\/#website\"},\"primaryImageOfPage\":{\"@id\":\"https:\/\/blogg.svenskakyrkan.se\/utbyte\/2026\/09\/05\/mot-amanda-fran-skara-till-filippinerna\/#primaryimage\"},\"image\":{\"@id\":\"https:\/\/blogg.svenskakyrkan.se\/utbyte\/2026\/09\/05\/mot-amanda-fran-skara-till-filippinerna\/#primaryimage\"},\"thumbnailUrl\":\"https:\/\/blogg.svenskakyrkan.se\/utbyte\/files\/2026\/09\/Amanda.jpg\",\"datePublished\":\"2026-09-05T06:13:00+00:00\",\"author\":{\"@id\":\"https:\/\/blogg.svenskakyrkan.se\/utbyte\/#\/schema\/person\/9bf731c3d4419e86b92c0b4d9f9424fe\"},\"breadcrumb\":{\"@id\":\"https:\/\/blogg.svenskakyrkan.se\/utbyte\/2026\/09\/05\/mot-amanda-fran-skara-till-filippinerna\/#breadcrumb\"},\"inLanguage\":\"sv-SE\",\"potentialAction\":[{\"@type\":\"ReadAction\",\"target\":[\"https:\/\/blogg.svenskakyrkan.se\/utbyte\/2026\/09\/05\/mot-amanda-fran-skara-till-filippinerna\/\"]}]},{\"@type\":\"ImageObject\",\"inLanguage\":\"sv-SE\",\"@id\":\"https:\/\/blogg.svenskakyrkan.se\/utbyte\/2026\/09\/05\/mot-amanda-fran-skara-till-filippinerna\/#primaryimage\",\"url\":\"https:\/\/blogg.svenskakyrkan.se\/utbyte\/files\/2026\/09\/Amanda.jpg\",\"contentUrl\":\"https:\/\/blogg.svenskakyrkan.se\/utbyte\/files\/2026\/09\/Amanda.jpg\",\"width\":1200,\"height\":801},{\"@type\":\"BreadcrumbList\",\"@id\":\"https:\/\/blogg.svenskakyrkan.se\/utbyte\/2026\/09\/05\/mot-amanda-fran-skara-till-filippinerna\/#breadcrumb\",\"itemListElement\":[{\"@type\":\"ListItem\",\"position\":1,\"name\":\"Hem\",\"item\":\"https:\/\/blogg.svenskakyrkan.se\/utbyte\/\"},{\"@type\":\"ListItem\",\"position\":2,\"name\":\"M\u00f6t Amanda: fr\u00e5n Skara till Filippinerna\"}]},{\"@type\":\"WebSite\",\"@id\":\"https:\/\/blogg.svenskakyrkan.se\/utbyte\/#website\",\"url\":\"https:\/\/blogg.svenskakyrkan.se\/utbyte\/\",\"name\":\"I n\u00e5gon annans vardag\",\"description\":\"Utbytesprogrammet Ung i den v\u00e4rldsvida kyrkan\",\"potentialAction\":[{\"@type\":\"SearchAction\",\"target\":{\"@type\":\"EntryPoint\",\"urlTemplate\":\"https:\/\/blogg.svenskakyrkan.se\/utbyte\/?s={search_term_string}\"},\"query-input\":{\"@type\":\"PropertyValueSpecification\",\"valueRequired\":true,\"valueName\":\"search_term_string\"}}],\"inLanguage\":\"sv-SE\"},{\"@type\":\"Person\",\"@id\":\"https:\/\/blogg.svenskakyrkan.se\/utbyte\/#\/schema\/person\/9bf731c3d4419e86b92c0b4d9f9424fe\",\"name\":\"Act Svenska kyrkan\",\"image\":{\"@type\":\"ImageObject\",\"inLanguage\":\"sv-SE\",\"@id\":\"https:\/\/blogg.svenskakyrkan.se\/utbyte\/#\/schema\/person\/image\/\",\"url\":\"https:\/\/secure.gravatar.com\/avatar\/dad841196686727e2ffedb0188c265e5bdf1c43732884cfd19099c46d7f62f68?s=96&d=blank&r=g\",\"contentUrl\":\"https:\/\/secure.gravatar.com\/avatar\/dad841196686727e2ffedb0188c265e5bdf1c43732884cfd19099c46d7f62f68?s=96&d=blank&r=g\",\"caption\":\"Act Svenska kyrkan\"},\"url\":\"https:\/\/blogg.svenskakyrkan.se\/utbyte\/author\/intkom\/\"}]}<\/script>\n<!-- \/ Yoast SEO plugin. -->","yoast_head_json":{"title":"M\u00f6t Amanda: fr\u00e5n Skara till Filippinerna - I n\u00e5gon annans vardag","robots":{"index":"index","follow":"follow","max-snippet":"max-snippet:-1","max-image-preview":"max-image-preview:large","max-video-preview":"max-video-preview:-1"},"canonical":"https:\/\/blogg.svenskakyrkan.se\/utbyte\/2026\/09\/05\/mot-amanda-fran-skara-till-filippinerna\/","og_locale":"sv_SE","og_type":"article","og_title":"M\u00f6t Amanda: fr\u00e5n Skara till Filippinerna - I n\u00e5gon annans vardag","og_description":"Beslutet att s\u00f6ka till utbytesprogrammet var lite pl\u00f6tsligt fr\u00e5n min sida. Jag var v\u00e4ldigt nerv\u00f6s vid tanken p\u00e5 att l\u00e4mna mitt hem och allt jag k\u00e4nner f\u00f6r att \u00e5ka s\u00e5 l\u00e5ngt bort. En n\u00e4ra familjemedlem tipsade mig om programmet och s\u00e5dde ett fr\u00f6, men f\u00f6rst var jag n\u00e4stan s\u00e4ker p\u00e5 att jag inte v\u00e5gade. Helt pl\u00f6tsligt, en natt n\u00e4r jag inte lyckades somna, var det som att det bara t\u00e4ndes n\u00e5got inom mig. Sj\u00e4lvklart skulle jag s\u00f6ka. Idag, med resan precis runt h\u00f6rnet, \u00e4r jag otroligt glad f\u00f6r den insikten och tacksam f\u00f6r att\u00a0\u00a0jag blev pushad till att v\u00e5ga. Nu n\u00e4r jag \u00e4r mer insatt i vad utbytet inneb\u00e4r \u00e4r jag s\u00e5 lycklig och hedrad att jag f\u00e5r vara en del av det.\u00a0","og_url":"https:\/\/blogg.svenskakyrkan.se\/utbyte\/2026\/09\/05\/mot-amanda-fran-skara-till-filippinerna\/","og_site_name":"I n\u00e5gon annans vardag","article_published_time":"2026-09-05T06:13:00+00:00","og_image":[{"width":1200,"height":801,"url":"https:\/\/blogg.svenskakyrkan.se\/utbyte\/files\/2026\/09\/Amanda.jpg","type":"image\/jpeg"}],"author":"Act Svenska kyrkan","twitter_card":"summary_large_image","twitter_misc":{"Skriven av":"Act Svenska kyrkan","Ber\u00e4knad l\u00e4stid":"4 minuter"},"schema":{"@context":"https:\/\/schema.org","@graph":[{"@type":"Article","@id":"https:\/\/blogg.svenskakyrkan.se\/utbyte\/2026\/09\/05\/mot-amanda-fran-skara-till-filippinerna\/#article","isPartOf":{"@id":"https:\/\/blogg.svenskakyrkan.se\/utbyte\/2026\/09\/05\/mot-amanda-fran-skara-till-filippinerna\/"},"author":{"name":"Act Svenska kyrkan","@id":"https:\/\/blogg.svenskakyrkan.se\/utbyte\/#\/schema\/person\/9bf731c3d4419e86b92c0b4d9f9424fe"},"headline":"M\u00f6t Amanda: fr\u00e5n Skara till Filippinerna","datePublished":"2026-09-05T06:13:00+00:00","mainEntityOfPage":{"@id":"https:\/\/blogg.svenskakyrkan.se\/utbyte\/2026\/09\/05\/mot-amanda-fran-skara-till-filippinerna\/"},"wordCount":750,"image":{"@id":"https:\/\/blogg.svenskakyrkan.se\/utbyte\/2026\/09\/05\/mot-amanda-fran-skara-till-filippinerna\/#primaryimage"},"thumbnailUrl":"https:\/\/blogg.svenskakyrkan.se\/utbyte\/files\/2026\/09\/Amanda.jpg","keywords":["2026","Filippinerna","Skara stift","UiVVK","Utbyte"],"articleSection":["Filippinerna","Sverige"],"inLanguage":"sv-SE"},{"@type":"WebPage","@id":"https:\/\/blogg.svenskakyrkan.se\/utbyte\/2026\/09\/05\/mot-amanda-fran-skara-till-filippinerna\/","url":"https:\/\/blogg.svenskakyrkan.se\/utbyte\/2026\/09\/05\/mot-amanda-fran-skara-till-filippinerna\/","name":"M\u00f6t Amanda: fr\u00e5n Skara till Filippinerna - I n\u00e5gon annans vardag","isPartOf":{"@id":"https:\/\/blogg.svenskakyrkan.se\/utbyte\/#website"},"primaryImageOfPage":{"@id":"https:\/\/blogg.svenskakyrkan.se\/utbyte\/2026\/09\/05\/mot-amanda-fran-skara-till-filippinerna\/#primaryimage"},"image":{"@id":"https:\/\/blogg.svenskakyrkan.se\/utbyte\/2026\/09\/05\/mot-amanda-fran-skara-till-filippinerna\/#primaryimage"},"thumbnailUrl":"https:\/\/blogg.svenskakyrkan.se\/utbyte\/files\/2026\/09\/Amanda.jpg","datePublished":"2026-09-05T06:13:00+00:00","author":{"@id":"https:\/\/blogg.svenskakyrkan.se\/utbyte\/#\/schema\/person\/9bf731c3d4419e86b92c0b4d9f9424fe"},"breadcrumb":{"@id":"https:\/\/blogg.svenskakyrkan.se\/utbyte\/2026\/09\/05\/mot-amanda-fran-skara-till-filippinerna\/#breadcrumb"},"inLanguage":"sv-SE","potentialAction":[{"@type":"ReadAction","target":["https:\/\/blogg.svenskakyrkan.se\/utbyte\/2026\/09\/05\/mot-amanda-fran-skara-till-filippinerna\/"]}]},{"@type":"ImageObject","inLanguage":"sv-SE","@id":"https:\/\/blogg.svenskakyrkan.se\/utbyte\/2026\/09\/05\/mot-amanda-fran-skara-till-filippinerna\/#primaryimage","url":"https:\/\/blogg.svenskakyrkan.se\/utbyte\/files\/2026\/09\/Amanda.jpg","contentUrl":"https:\/\/blogg.svenskakyrkan.se\/utbyte\/files\/2026\/09\/Amanda.jpg","width":1200,"height":801},{"@type":"BreadcrumbList","@id":"https:\/\/blogg.svenskakyrkan.se\/utbyte\/2026\/09\/05\/mot-amanda-fran-skara-till-filippinerna\/#breadcrumb","itemListElement":[{"@type":"ListItem","position":1,"name":"Hem","item":"https:\/\/blogg.svenskakyrkan.se\/utbyte\/"},{"@type":"ListItem","position":2,"name":"M\u00f6t Amanda: fr\u00e5n Skara till Filippinerna"}]},{"@type":"WebSite","@id":"https:\/\/blogg.svenskakyrkan.se\/utbyte\/#website","url":"https:\/\/blogg.svenskakyrkan.se\/utbyte\/","name":"I n\u00e5gon annans vardag","description":"Utbytesprogrammet Ung i den v\u00e4rldsvida kyrkan","potentialAction":[{"@type":"SearchAction","target":{"@type":"EntryPoint","urlTemplate":"https:\/\/blogg.svenskakyrkan.se\/utbyte\/?s={search_term_string}"},"query-input":{"@type":"PropertyValueSpecification","valueRequired":true,"valueName":"search_term_string"}}],"inLanguage":"sv-SE"},{"@type":"Person","@id":"https:\/\/blogg.svenskakyrkan.se\/utbyte\/#\/schema\/person\/9bf731c3d4419e86b92c0b4d9f9424fe","name":"Act Svenska kyrkan","image":{"@type":"ImageObject","inLanguage":"sv-SE","@id":"https:\/\/blogg.svenskakyrkan.se\/utbyte\/#\/schema\/person\/image\/","url":"https:\/\/secure.gravatar.com\/avatar\/dad841196686727e2ffedb0188c265e5bdf1c43732884cfd19099c46d7f62f68?s=96&d=blank&r=g","contentUrl":"https:\/\/secure.gravatar.com\/avatar\/dad841196686727e2ffedb0188c265e5bdf1c43732884cfd19099c46d7f62f68?s=96&d=blank&r=g","caption":"Act Svenska kyrkan"},"url":"https:\/\/blogg.svenskakyrkan.se\/utbyte\/author\/intkom\/"}]}},"author_meta":{"ID":"696","user_nicename":"intkom","user_registered":"2019-02-06 08:14:30","display_name":"Act Svenska kyrkan","first_name":"Act Svenska kyrkan","last_name":"Redakt\u00f6r","avatar":"https:\/\/secure.gravatar.com\/avatar\/dad841196686727e2ffedb0188c265e5bdf1c43732884cfd19099c46d7f62f68?s=96&d=blank&r=g"},"featured_image":["https:\/\/blogg.svenskakyrkan.se\/utbyte\/files\/2026\/09\/Amanda-1024x684.jpg",1024,684,true],"bloginfo":{"name":"I n\u00e5gon annans vardag","url":"https:\/\/blogg.svenskakyrkan.se\/utbyte"},"_links":{"self":[{"href":"https:\/\/blogg.svenskakyrkan.se\/utbyte\/wp-json\/wp\/v2\/posts\/5703","targetHints":{"allow":["GET"]}}],"collection":[{"href":"https:\/\/blogg.svenskakyrkan.se\/utbyte\/wp-json\/wp\/v2\/posts"}],"about":[{"href":"https:\/\/blogg.svenskakyrkan.se\/utbyte\/wp-json\/wp\/v2\/types\/post"}],"author":[{"embeddable":true,"href":"https:\/\/blogg.svenskakyrkan.se\/utbyte\/wp-json\/wp\/v2\/users\/696"}],"replies":[{"embeddable":true,"href":"https:\/\/blogg.svenskakyrkan.se\/utbyte\/wp-json\/wp\/v2\/comments?post=5703"}],"version-history":[{"count":1,"href":"https:\/\/blogg.svenskakyrkan.se\/utbyte\/wp-json\/wp\/v2\/posts\/5703\/revisions"}],"predecessor-version":[{"id":5707,"href":"https:\/\/blogg.svenskakyrkan.se\/utbyte\/wp-json\/wp\/v2\/posts\/5703\/revisions\/5707"}],"wp:featuredmedia":[{"embeddable":true,"href":"https:\/\/blogg.svenskakyrkan.se\/utbyte\/wp-json\/wp\/v2\/media\/5704"}],"wp:attachment":[{"href":"https:\/\/blogg.svenskakyrkan.se\/utbyte\/wp-json\/wp\/v2\/media?parent=5703"}],"wp:term":[{"taxonomy":"category","embeddable":true,"href":"https:\/\/blogg.svenskakyrkan.se\/utbyte\/wp-json\/wp\/v2\/categories?post=5703"},{"taxonomy":"post_tag","embeddable":true,"href":"https:\/\/blogg.svenskakyrkan.se\/utbyte\/wp-json\/wp\/v2\/tags?post=5703"}],"curies":[{"name":"wp","href":"https:\/\/api.w.org\/{rel}","templated":true}]}}