{"id":5708,"date":"2026-09-05T15:32:00","date_gmt":"2026-09-05T13:32:00","guid":{"rendered":"https:\/\/blogg.svenskakyrkan.se\/utbyte\/?p=5708"},"modified":"2026-09-02T09:48:10","modified_gmt":"2026-09-02T07:48:10","slug":"mot-felix-fran-stockholm-till-filippinerna","status":"publish","type":"post","link":"https:\/\/blogg.svenskakyrkan.se\/utbyte\/2026\/09\/05\/mot-felix-fran-stockholm-till-filippinerna\/","title":{"rendered":"M\u00f6t Felix: fr\u00e5n Stockholm till Filippinerna"},"content":{"rendered":"\n<p class=\"is-style-intro\">I ett antal inl\u00e4gg fram\u00f6ver presenterar sig 2026 \u00e5rs svenska deltagare i\u00a0<em>Ung i den v\u00e4rldsvida kyrkan<\/em>. De \u00e4r p\u00e5 sina utbyten under september till november. H\u00e4r m\u00f6ter du Felix Karlberg som reser fr\u00e5n Stockholms stift till Filippinerna.<\/p>\n\n\n<figure class=\"wp-block-post-featured-image\"><img loading=\"lazy\" decoding=\"async\" width=\"1200\" height=\"802\" src=\"https:\/\/blogg.svenskakyrkan.se\/utbyte\/files\/2026\/09\/Felix.jpg\" class=\"attachment-post-thumbnail size-post-thumbnail wp-post-image\" alt=\"\" style=\"object-fit:cover;\" srcset=\"https:\/\/blogg.svenskakyrkan.se\/utbyte\/files\/2026\/09\/Felix.jpg 1200w, https:\/\/blogg.svenskakyrkan.se\/utbyte\/files\/2026\/09\/Felix-300x201.jpg 300w, https:\/\/blogg.svenskakyrkan.se\/utbyte\/files\/2026\/09\/Felix-1024x684.jpg 1024w, https:\/\/blogg.svenskakyrkan.se\/utbyte\/files\/2026\/09\/Felix-768x513.jpg 768w\" sizes=\"auto, (max-width: 1200px) 100vw, 1200px\" \/><\/figure>\n\n\n<p><em>Tjena!<\/em><\/p>\n\n\n\n<p><em>Jag heter Felix Karlberg, under det senaste \u00e5ret har jag jobbat med barn och unga i Sollentuna f\u00f6rsamling efter att ha tagit studenten 2025. Jag har nog ett av de roligaste jobben i v\u00e4rlden, och det \u00e4r ett privilegium att verkligen l\u00e4ngta till arbetsplatsen och kollegorna. Det \u00e4r inte fritt fr\u00e5n utmaningar, inte ens n\u00e4ra, men jag trivs verkligen. Efter att ha varit aktiv i f\u00f6rsamlingen har jag blivit van vid och v\u00e4ldigt bekv\u00e4m i den milj\u00f6n.<\/em><\/p>\n\n\n\n<p>Kanske \u00e4r den bekv\u00e4mligheten just en av anledningarna till att jag \u00e4r s\u00e5 tacksam f\u00f6r att den h\u00e4r m\u00f6jligheten finns. Jag har l\u00e4ngtat efter en st\u00f6rre omst\u00e4llning efter gymnasiet och jag \u00e4r \u00f6vertygad om att jag har hittat r\u00e4tt! Utbytet kommer ge mig en otrolig upplevelse innan jag forts\u00e4tter jobba med det jag \u00e4lskar, samtidigt som jag f\u00e5r en chans att sprida mina l\u00e4rdomar vidare till andra.<\/p>\n\n\n\n<blockquote class=\"wp-block-quote is-layout-flow wp-block-quote-is-layout-flow\">\n<p>Utbytet och tiden i Filippinerna kommer att bli en stor omst\u00e4llning och ett avbrott fr\u00e5n den vardagliga rutin som jag nu har blivit s\u00e5 bekv\u00e4m vid.<\/p>\n<\/blockquote>\n\n\n\n<p>Utbytet och tiden i Filippinerna kommer att bli en stor omst\u00e4llning och ett avbrott fr\u00e5n den vardagliga rutin som jag nu har blivit s\u00e5 bekv\u00e4m vid. Jobb p\u00e5 dagen, fotboll eller gym med polarna p\u00e5 kv\u00e4llen, en dusch i varmvatten och sedan ner i mina nytv\u00e4ttade lakan. N\u00e5got jag inte kan r\u00e4kna med n\u00e4r jag \u00e4r borta.<\/p>\n\n\n\n<figure class=\"wp-block-image size-full\"><a href=\"https:\/\/blogg.svenskakyrkan.se\/utbyte\/files\/2026\/09\/Felix2.jpg\"><img loading=\"lazy\" decoding=\"async\" width=\"800\" height=\"534\" src=\"https:\/\/blogg.svenskakyrkan.se\/utbyte\/files\/2026\/09\/Felix2.jpg\" alt=\"\" class=\"wp-image-5710\" srcset=\"https:\/\/blogg.svenskakyrkan.se\/utbyte\/files\/2026\/09\/Felix2.jpg 800w, https:\/\/blogg.svenskakyrkan.se\/utbyte\/files\/2026\/09\/Felix2-300x200.jpg 300w, https:\/\/blogg.svenskakyrkan.se\/utbyte\/files\/2026\/09\/Felix2-768x513.jpg 768w\" sizes=\"auto, (max-width: 800px) 100vw, 800px\" \/><\/a><figcaption class=\"wp-element-caption\">Felix i m\u00f6te med internationella och tidigare deltagare i Ung i den v\u00e4rldsvida kyrkan<\/figcaption><\/figure>\n\n\n\n<p>Omst\u00e4llningen kommer kanske att vara tuff, men jag tror att det \u00e4r en erfarenhet som kommer att leva med mig hela livet. Jag ser redan fram emot att tr\u00e4ffa den m\u00e4nniska jag kommer att vara om tre m\u00e5nader, f\u00f6r inte \u00e4r det samma person som sitter h\u00e4r nu.<\/p>\n\n\n\n<p>Jag ser fram emot att f\u00e5 leva i en v\u00e4rld som skiljer sig l\u00e5ngt ifr\u00e5n min vardag och att f\u00e5 vara \u00f6gon och \u00f6ron f\u00f6r en verklighet d\u00e4r levnadsstandarden p\u00e5 m\u00e5nga s\u00e4tt skiljer sig fr\u00e5n den i Sverige. Jag hoppas att jag genom det kan bidra med min lilla del till en mer sammanh\u00e5llen v\u00e4rld.<\/p>\n\n\n\n<blockquote class=\"wp-block-quote is-layout-flow wp-block-quote-is-layout-flow\">\n<p>Efter att ha tr\u00e4ffat m\u00e5nga p\u00e5 den internationella avdelningen och f\u00e5tt h\u00f6ra att flera av dem har sin rot i programmet har det hj\u00e4lpt mig att inse vilken otrolig m\u00f6jlighet det h\u00e4r \u00e4r<\/p>\n<\/blockquote>\n\n\n\n<p>Efter att ha tr\u00e4ffat m\u00e5nga p\u00e5 den internationella avdelningen och f\u00e5tt h\u00f6ra att flera av dem har sin rot i programmet har det hj\u00e4lpt mig att inse vilken otrolig m\u00f6jlighet det h\u00e4r \u00e4r. Jag har alltid \u00e4lskat att g\u00f6ra skillnad f\u00f6r m\u00e4nniskorna jag m\u00f6ter, oavsett om det \u00e4r konfirmander, v\u00e4nner eller andra m\u00e4nniskor i min n\u00e4rhet. Med det sagt tror jag att det h\u00e4r kan bli en otrolig m\u00f6jlighet att f\u00f6rhoppningsvis p\u00e5verka livet f\u00f6r \u00e4nnu fler m\u00e4nniskor jag m\u00f6ter (och s\u00e5klart mig sj\u00e4lv p\u00e5 v\u00e4gen!). Kanske kan det ocks\u00e5 bli b\u00f6rjan p\u00e5 en framtid d\u00e4r jag f\u00e5r forts\u00e4tta arbeta med och bygga internationella relationer. Sen har jag dessutom h\u00f6rt att de ska vara redigt bra p\u00e5 karaoke d\u00e4r borta, och det klargjorde f\u00f6r mig att jag var p\u00e5 r\u00e4tt plats.<\/p>\n\n\n\n<blockquote class=\"wp-block-quote is-layout-flow wp-block-quote-is-layout-flow\">\n<p>Sen har jag dessutom h\u00f6rt att de ska vara redigt bra p\u00e5 karaoke d\u00e4r borta, och det klargjorde f\u00f6r mig att jag var p\u00e5 r\u00e4tt plats.<\/p>\n<\/blockquote>\n\n\n\n<p>Jag har h\u00f6ga f\u00f6rv\u00e4ntningar p\u00e5 utbytet, och jag vill och tror att det ska bli ett minne f\u00f6r livet. Jag hoppas att jag kommer f\u00e5 en chans att v\u00e4xa som m\u00e4nniska genom m\u00f6tet med nya m\u00e4nniskor, platser och kulturer. Jag hoppas samtidigt kunna utforska min tro, se saker jag aldrig sett f\u00f6rut, m\u00f6ta m\u00e4nniskor som jag annars aldrig hade f\u00e5tt m\u00f6ta och framf\u00f6r allt utmana mig sj\u00e4lv.<\/p>\n\n\n\n<figure class=\"wp-block-image size-large\"><a href=\"https:\/\/blogg.svenskakyrkan.se\/utbyte\/files\/2026\/09\/FelixLudvig.jpg\"><img loading=\"lazy\" decoding=\"async\" width=\"1024\" height=\"684\" src=\"https:\/\/blogg.svenskakyrkan.se\/utbyte\/files\/2026\/09\/FelixLudvig-1024x684.jpg\" alt=\"\" class=\"wp-image-5711\" srcset=\"https:\/\/blogg.svenskakyrkan.se\/utbyte\/files\/2026\/09\/FelixLudvig-1024x684.jpg 1024w, https:\/\/blogg.svenskakyrkan.se\/utbyte\/files\/2026\/09\/FelixLudvig-300x200.jpg 300w, https:\/\/blogg.svenskakyrkan.se\/utbyte\/files\/2026\/09\/FelixLudvig-768x513.jpg 768w, https:\/\/blogg.svenskakyrkan.se\/utbyte\/files\/2026\/09\/FelixLudvig.jpg 1200w\" sizes=\"auto, (max-width: 1024px) 100vw, 1024px\" \/><\/a><figcaption class=\"wp-element-caption\">Felix och Ludvig som reser tillsammans<\/figcaption><\/figure>\n\n\n\n<p>Att f\u00e5 g\u00f6ra allt det h\u00e4r och samtidigt tj\u00e4na samma Gud och samma kyrka som jag g\u00f6r p\u00e5 den h\u00e4r sidan jordklotet \u00e4r en dr\u00f6m. I Jesus \u00e4r vi alla samma.\u00a0<\/p>\n\n\n\n<p>F\u00f6lj g\u00e4rna mig och Ludvig p\u00e5 v\u00e5rt utbyte i Filippinerna via Instagram: @felixludvigfilippinerna och @ungivarldsvida<\/p>\n\n\n\n<p>&#8211; Felix<\/p>\n","protected":false},"excerpt":{"rendered":"<p>Efter att ha tr\u00e4ffat m\u00e5nga p\u00e5 den internationella avdelningen och f\u00e5tt h\u00f6ra att flera av dem har sin rot i programmet har det hj\u00e4lpt mig att inse vilken otrolig m\u00f6jlighet det h\u00e4r \u00e4r. Jag har alltid \u00e4lskat att g\u00f6ra skillnad f\u00f6r m\u00e4nniskorna jag m\u00f6ter, oavsett om det \u00e4r konfirmander, v\u00e4nner eller andra m\u00e4nniskor i min n\u00e4rhet. Med det sagt tror jag att det h\u00e4r kan bli en otrolig m\u00f6jlighet att f\u00f6rhoppningsvis p\u00e5verka livet f\u00f6r \u00e4nnu fler m\u00e4nniskor jag m\u00f6ter (och s\u00e5klart mig sj\u00e4lv p\u00e5 v\u00e4gen!). Kanske kan det ocks\u00e5 bli b\u00f6rjan p\u00e5 en framtid d\u00e4r jag f\u00e5r forts\u00e4tta arbeta med och bygga internationella relationer. <\/p>\n","protected":false},"author":696,"featured_media":5709,"comment_status":"closed","ping_status":"open","sticky":false,"template":"","format":"standard","meta":{"_acf_changed":false,"footnotes":""},"categories":[10120,8625],"tags":[124002,124005,124013,124003,124004],"class_list":["post-5708","post","type-post","status-publish","format-standard","has-post-thumbnail","hentry","category-filippinerna","category-sverige","tag-124002","tag-filippinerna","tag-stockolms-stift","tag-uivvk","tag-utbyte"],"acf":[],"yoast_head":"<!-- This site is optimized with the Yoast SEO plugin v27.1.1 - https:\/\/yoast.com\/product\/yoast-seo-wordpress\/ -->\n<title>M\u00f6t Felix: fr\u00e5n Stockholm till Filippinerna - I n\u00e5gon annans vardag<\/title>\n<meta name=\"robots\" content=\"index, follow, max-snippet:-1, max-image-preview:large, max-video-preview:-1\" \/>\n<link rel=\"canonical\" href=\"https:\/\/blogg.svenskakyrkan.se\/utbyte\/2026\/09\/05\/mot-felix-fran-stockholm-till-filippinerna\/\" \/>\n<meta property=\"og:locale\" content=\"sv_SE\" \/>\n<meta property=\"og:type\" content=\"article\" \/>\n<meta property=\"og:title\" content=\"M\u00f6t Felix: fr\u00e5n Stockholm till Filippinerna - I n\u00e5gon annans vardag\" \/>\n<meta property=\"og:description\" content=\"Efter att ha tr\u00e4ffat m\u00e5nga p\u00e5 den internationella avdelningen och f\u00e5tt h\u00f6ra att flera av dem har sin rot i programmet har det hj\u00e4lpt mig att inse vilken otrolig m\u00f6jlighet det h\u00e4r \u00e4r. Jag har alltid \u00e4lskat att g\u00f6ra skillnad f\u00f6r m\u00e4nniskorna jag m\u00f6ter, oavsett om det \u00e4r konfirmander, v\u00e4nner eller andra m\u00e4nniskor i min n\u00e4rhet. Med det sagt tror jag att det h\u00e4r kan bli en otrolig m\u00f6jlighet att f\u00f6rhoppningsvis p\u00e5verka livet f\u00f6r \u00e4nnu fler m\u00e4nniskor jag m\u00f6ter (och s\u00e5klart mig sj\u00e4lv p\u00e5 v\u00e4gen!). Kanske kan det ocks\u00e5 bli b\u00f6rjan p\u00e5 en framtid d\u00e4r jag f\u00e5r forts\u00e4tta arbeta med och bygga internationella relationer.\" \/>\n<meta property=\"og:url\" content=\"https:\/\/blogg.svenskakyrkan.se\/utbyte\/2026\/09\/05\/mot-felix-fran-stockholm-till-filippinerna\/\" \/>\n<meta property=\"og:site_name\" content=\"I n\u00e5gon annans vardag\" \/>\n<meta property=\"article:published_time\" content=\"2026-09-05T13:32:00+00:00\" \/>\n<meta property=\"og:image\" content=\"https:\/\/blogg.svenskakyrkan.se\/utbyte\/files\/2026\/09\/Felix.jpg\" \/>\n\t<meta property=\"og:image:width\" content=\"1200\" \/>\n\t<meta property=\"og:image:height\" content=\"802\" \/>\n\t<meta property=\"og:image:type\" content=\"image\/jpeg\" \/>\n<meta name=\"author\" content=\"Act Svenska kyrkan\" \/>\n<meta name=\"twitter:card\" content=\"summary_large_image\" \/>\n<meta name=\"twitter:label1\" content=\"Skriven av\" \/>\n\t<meta name=\"twitter:data1\" content=\"Act Svenska kyrkan\" \/>\n\t<meta name=\"twitter:label2\" content=\"Ber\u00e4knad l\u00e4stid\" \/>\n\t<meta name=\"twitter:data2\" content=\"4 minuter\" \/>\n<script type=\"application\/ld+json\" class=\"yoast-schema-graph\">{\"@context\":\"https:\/\/schema.org\",\"@graph\":[{\"@type\":\"Article\",\"@id\":\"https:\/\/blogg.svenskakyrkan.se\/utbyte\/2026\/09\/05\/mot-felix-fran-stockholm-till-filippinerna\/#article\",\"isPartOf\":{\"@id\":\"https:\/\/blogg.svenskakyrkan.se\/utbyte\/2026\/09\/05\/mot-felix-fran-stockholm-till-filippinerna\/\"},\"author\":{\"name\":\"Act Svenska kyrkan\",\"@id\":\"https:\/\/blogg.svenskakyrkan.se\/utbyte\/#\/schema\/person\/9bf731c3d4419e86b92c0b4d9f9424fe\"},\"headline\":\"M\u00f6t Felix: fr\u00e5n Stockholm till Filippinerna\",\"datePublished\":\"2026-09-05T13:32:00+00:00\",\"mainEntityOfPage\":{\"@id\":\"https:\/\/blogg.svenskakyrkan.se\/utbyte\/2026\/09\/05\/mot-felix-fran-stockholm-till-filippinerna\/\"},\"wordCount\":821,\"image\":{\"@id\":\"https:\/\/blogg.svenskakyrkan.se\/utbyte\/2026\/09\/05\/mot-felix-fran-stockholm-till-filippinerna\/#primaryimage\"},\"thumbnailUrl\":\"https:\/\/blogg.svenskakyrkan.se\/utbyte\/files\/2026\/09\/Felix.jpg\",\"keywords\":[\"2026\",\"Filippinerna\",\"Stockolms stift\",\"UiVVK\",\"Utbyte\"],\"articleSection\":[\"Filippinerna\",\"Sverige\"],\"inLanguage\":\"sv-SE\"},{\"@type\":\"WebPage\",\"@id\":\"https:\/\/blogg.svenskakyrkan.se\/utbyte\/2026\/09\/05\/mot-felix-fran-stockholm-till-filippinerna\/\",\"url\":\"https:\/\/blogg.svenskakyrkan.se\/utbyte\/2026\/09\/05\/mot-felix-fran-stockholm-till-filippinerna\/\",\"name\":\"M\u00f6t Felix: fr\u00e5n Stockholm till Filippinerna - I n\u00e5gon annans vardag\",\"isPartOf\":{\"@id\":\"https:\/\/blogg.svenskakyrkan.se\/utbyte\/#website\"},\"primaryImageOfPage\":{\"@id\":\"https:\/\/blogg.svenskakyrkan.se\/utbyte\/2026\/09\/05\/mot-felix-fran-stockholm-till-filippinerna\/#primaryimage\"},\"image\":{\"@id\":\"https:\/\/blogg.svenskakyrkan.se\/utbyte\/2026\/09\/05\/mot-felix-fran-stockholm-till-filippinerna\/#primaryimage\"},\"thumbnailUrl\":\"https:\/\/blogg.svenskakyrkan.se\/utbyte\/files\/2026\/09\/Felix.jpg\",\"datePublished\":\"2026-09-05T13:32:00+00:00\",\"author\":{\"@id\":\"https:\/\/blogg.svenskakyrkan.se\/utbyte\/#\/schema\/person\/9bf731c3d4419e86b92c0b4d9f9424fe\"},\"breadcrumb\":{\"@id\":\"https:\/\/blogg.svenskakyrkan.se\/utbyte\/2026\/09\/05\/mot-felix-fran-stockholm-till-filippinerna\/#breadcrumb\"},\"inLanguage\":\"sv-SE\",\"potentialAction\":[{\"@type\":\"ReadAction\",\"target\":[\"https:\/\/blogg.svenskakyrkan.se\/utbyte\/2026\/09\/05\/mot-felix-fran-stockholm-till-filippinerna\/\"]}]},{\"@type\":\"ImageObject\",\"inLanguage\":\"sv-SE\",\"@id\":\"https:\/\/blogg.svenskakyrkan.se\/utbyte\/2026\/09\/05\/mot-felix-fran-stockholm-till-filippinerna\/#primaryimage\",\"url\":\"https:\/\/blogg.svenskakyrkan.se\/utbyte\/files\/2026\/09\/Felix.jpg\",\"contentUrl\":\"https:\/\/blogg.svenskakyrkan.se\/utbyte\/files\/2026\/09\/Felix.jpg\",\"width\":1200,\"height\":802},{\"@type\":\"BreadcrumbList\",\"@id\":\"https:\/\/blogg.svenskakyrkan.se\/utbyte\/2026\/09\/05\/mot-felix-fran-stockholm-till-filippinerna\/#breadcrumb\",\"itemListElement\":[{\"@type\":\"ListItem\",\"position\":1,\"name\":\"Hem\",\"item\":\"https:\/\/blogg.svenskakyrkan.se\/utbyte\/\"},{\"@type\":\"ListItem\",\"position\":2,\"name\":\"M\u00f6t Felix: fr\u00e5n Stockholm till Filippinerna\"}]},{\"@type\":\"WebSite\",\"@id\":\"https:\/\/blogg.svenskakyrkan.se\/utbyte\/#website\",\"url\":\"https:\/\/blogg.svenskakyrkan.se\/utbyte\/\",\"name\":\"I n\u00e5gon annans vardag\",\"description\":\"Utbytesprogrammet Ung i den v\u00e4rldsvida kyrkan\",\"potentialAction\":[{\"@type\":\"SearchAction\",\"target\":{\"@type\":\"EntryPoint\",\"urlTemplate\":\"https:\/\/blogg.svenskakyrkan.se\/utbyte\/?s={search_term_string}\"},\"query-input\":{\"@type\":\"PropertyValueSpecification\",\"valueRequired\":true,\"valueName\":\"search_term_string\"}}],\"inLanguage\":\"sv-SE\"},{\"@type\":\"Person\",\"@id\":\"https:\/\/blogg.svenskakyrkan.se\/utbyte\/#\/schema\/person\/9bf731c3d4419e86b92c0b4d9f9424fe\",\"name\":\"Act Svenska kyrkan\",\"image\":{\"@type\":\"ImageObject\",\"inLanguage\":\"sv-SE\",\"@id\":\"https:\/\/blogg.svenskakyrkan.se\/utbyte\/#\/schema\/person\/image\/\",\"url\":\"https:\/\/secure.gravatar.com\/avatar\/dad841196686727e2ffedb0188c265e5bdf1c43732884cfd19099c46d7f62f68?s=96&d=blank&r=g\",\"contentUrl\":\"https:\/\/secure.gravatar.com\/avatar\/dad841196686727e2ffedb0188c265e5bdf1c43732884cfd19099c46d7f62f68?s=96&d=blank&r=g\",\"caption\":\"Act Svenska kyrkan\"},\"url\":\"https:\/\/blogg.svenskakyrkan.se\/utbyte\/author\/intkom\/\"}]}<\/script>\n<!-- \/ Yoast SEO plugin. -->","yoast_head_json":{"title":"M\u00f6t Felix: fr\u00e5n Stockholm till Filippinerna - I n\u00e5gon annans vardag","robots":{"index":"index","follow":"follow","max-snippet":"max-snippet:-1","max-image-preview":"max-image-preview:large","max-video-preview":"max-video-preview:-1"},"canonical":"https:\/\/blogg.svenskakyrkan.se\/utbyte\/2026\/09\/05\/mot-felix-fran-stockholm-till-filippinerna\/","og_locale":"sv_SE","og_type":"article","og_title":"M\u00f6t Felix: fr\u00e5n Stockholm till Filippinerna - I n\u00e5gon annans vardag","og_description":"Efter att ha tr\u00e4ffat m\u00e5nga p\u00e5 den internationella avdelningen och f\u00e5tt h\u00f6ra att flera av dem har sin rot i programmet har det hj\u00e4lpt mig att inse vilken otrolig m\u00f6jlighet det h\u00e4r \u00e4r. Jag har alltid \u00e4lskat att g\u00f6ra skillnad f\u00f6r m\u00e4nniskorna jag m\u00f6ter, oavsett om det \u00e4r konfirmander, v\u00e4nner eller andra m\u00e4nniskor i min n\u00e4rhet. Med det sagt tror jag att det h\u00e4r kan bli en otrolig m\u00f6jlighet att f\u00f6rhoppningsvis p\u00e5verka livet f\u00f6r \u00e4nnu fler m\u00e4nniskor jag m\u00f6ter (och s\u00e5klart mig sj\u00e4lv p\u00e5 v\u00e4gen!). Kanske kan det ocks\u00e5 bli b\u00f6rjan p\u00e5 en framtid d\u00e4r jag f\u00e5r forts\u00e4tta arbeta med och bygga internationella relationer.","og_url":"https:\/\/blogg.svenskakyrkan.se\/utbyte\/2026\/09\/05\/mot-felix-fran-stockholm-till-filippinerna\/","og_site_name":"I n\u00e5gon annans vardag","article_published_time":"2026-09-05T13:32:00+00:00","og_image":[{"width":1200,"height":802,"url":"https:\/\/blogg.svenskakyrkan.se\/utbyte\/files\/2026\/09\/Felix.jpg","type":"image\/jpeg"}],"author":"Act Svenska kyrkan","twitter_card":"summary_large_image","twitter_misc":{"Skriven av":"Act Svenska kyrkan","Ber\u00e4knad l\u00e4stid":"4 minuter"},"schema":{"@context":"https:\/\/schema.org","@graph":[{"@type":"Article","@id":"https:\/\/blogg.svenskakyrkan.se\/utbyte\/2026\/09\/05\/mot-felix-fran-stockholm-till-filippinerna\/#article","isPartOf":{"@id":"https:\/\/blogg.svenskakyrkan.se\/utbyte\/2026\/09\/05\/mot-felix-fran-stockholm-till-filippinerna\/"},"author":{"name":"Act Svenska kyrkan","@id":"https:\/\/blogg.svenskakyrkan.se\/utbyte\/#\/schema\/person\/9bf731c3d4419e86b92c0b4d9f9424fe"},"headline":"M\u00f6t Felix: fr\u00e5n Stockholm till Filippinerna","datePublished":"2026-09-05T13:32:00+00:00","mainEntityOfPage":{"@id":"https:\/\/blogg.svenskakyrkan.se\/utbyte\/2026\/09\/05\/mot-felix-fran-stockholm-till-filippinerna\/"},"wordCount":821,"image":{"@id":"https:\/\/blogg.svenskakyrkan.se\/utbyte\/2026\/09\/05\/mot-felix-fran-stockholm-till-filippinerna\/#primaryimage"},"thumbnailUrl":"https:\/\/blogg.svenskakyrkan.se\/utbyte\/files\/2026\/09\/Felix.jpg","keywords":["2026","Filippinerna","Stockolms stift","UiVVK","Utbyte"],"articleSection":["Filippinerna","Sverige"],"inLanguage":"sv-SE"},{"@type":"WebPage","@id":"https:\/\/blogg.svenskakyrkan.se\/utbyte\/2026\/09\/05\/mot-felix-fran-stockholm-till-filippinerna\/","url":"https:\/\/blogg.svenskakyrkan.se\/utbyte\/2026\/09\/05\/mot-felix-fran-stockholm-till-filippinerna\/","name":"M\u00f6t Felix: fr\u00e5n Stockholm till Filippinerna - I n\u00e5gon annans vardag","isPartOf":{"@id":"https:\/\/blogg.svenskakyrkan.se\/utbyte\/#website"},"primaryImageOfPage":{"@id":"https:\/\/blogg.svenskakyrkan.se\/utbyte\/2026\/09\/05\/mot-felix-fran-stockholm-till-filippinerna\/#primaryimage"},"image":{"@id":"https:\/\/blogg.svenskakyrkan.se\/utbyte\/2026\/09\/05\/mot-felix-fran-stockholm-till-filippinerna\/#primaryimage"},"thumbnailUrl":"https:\/\/blogg.svenskakyrkan.se\/utbyte\/files\/2026\/09\/Felix.jpg","datePublished":"2026-09-05T13:32:00+00:00","author":{"@id":"https:\/\/blogg.svenskakyrkan.se\/utbyte\/#\/schema\/person\/9bf731c3d4419e86b92c0b4d9f9424fe"},"breadcrumb":{"@id":"https:\/\/blogg.svenskakyrkan.se\/utbyte\/2026\/09\/05\/mot-felix-fran-stockholm-till-filippinerna\/#breadcrumb"},"inLanguage":"sv-SE","potentialAction":[{"@type":"ReadAction","target":["https:\/\/blogg.svenskakyrkan.se\/utbyte\/2026\/09\/05\/mot-felix-fran-stockholm-till-filippinerna\/"]}]},{"@type":"ImageObject","inLanguage":"sv-SE","@id":"https:\/\/blogg.svenskakyrkan.se\/utbyte\/2026\/09\/05\/mot-felix-fran-stockholm-till-filippinerna\/#primaryimage","url":"https:\/\/blogg.svenskakyrkan.se\/utbyte\/files\/2026\/09\/Felix.jpg","contentUrl":"https:\/\/blogg.svenskakyrkan.se\/utbyte\/files\/2026\/09\/Felix.jpg","width":1200,"height":802},{"@type":"BreadcrumbList","@id":"https:\/\/blogg.svenskakyrkan.se\/utbyte\/2026\/09\/05\/mot-felix-fran-stockholm-till-filippinerna\/#breadcrumb","itemListElement":[{"@type":"ListItem","position":1,"name":"Hem","item":"https:\/\/blogg.svenskakyrkan.se\/utbyte\/"},{"@type":"ListItem","position":2,"name":"M\u00f6t Felix: fr\u00e5n Stockholm till Filippinerna"}]},{"@type":"WebSite","@id":"https:\/\/blogg.svenskakyrkan.se\/utbyte\/#website","url":"https:\/\/blogg.svenskakyrkan.se\/utbyte\/","name":"I n\u00e5gon annans vardag","description":"Utbytesprogrammet Ung i den v\u00e4rldsvida kyrkan","potentialAction":[{"@type":"SearchAction","target":{"@type":"EntryPoint","urlTemplate":"https:\/\/blogg.svenskakyrkan.se\/utbyte\/?s={search_term_string}"},"query-input":{"@type":"PropertyValueSpecification","valueRequired":true,"valueName":"search_term_string"}}],"inLanguage":"sv-SE"},{"@type":"Person","@id":"https:\/\/blogg.svenskakyrkan.se\/utbyte\/#\/schema\/person\/9bf731c3d4419e86b92c0b4d9f9424fe","name":"Act Svenska kyrkan","image":{"@type":"ImageObject","inLanguage":"sv-SE","@id":"https:\/\/blogg.svenskakyrkan.se\/utbyte\/#\/schema\/person\/image\/","url":"https:\/\/secure.gravatar.com\/avatar\/dad841196686727e2ffedb0188c265e5bdf1c43732884cfd19099c46d7f62f68?s=96&d=blank&r=g","contentUrl":"https:\/\/secure.gravatar.com\/avatar\/dad841196686727e2ffedb0188c265e5bdf1c43732884cfd19099c46d7f62f68?s=96&d=blank&r=g","caption":"Act Svenska kyrkan"},"url":"https:\/\/blogg.svenskakyrkan.se\/utbyte\/author\/intkom\/"}]}},"author_meta":{"ID":"696","user_nicename":"intkom","user_registered":"2019-02-06 08:14:30","display_name":"Act Svenska kyrkan","first_name":"Act Svenska kyrkan","last_name":"Redakt\u00f6r","avatar":"https:\/\/secure.gravatar.com\/avatar\/dad841196686727e2ffedb0188c265e5bdf1c43732884cfd19099c46d7f62f68?s=96&d=blank&r=g"},"featured_image":["https:\/\/blogg.svenskakyrkan.se\/utbyte\/files\/2026\/09\/Felix-1024x684.jpg",1024,684,true],"bloginfo":{"name":"I n\u00e5gon annans vardag","url":"https:\/\/blogg.svenskakyrkan.se\/utbyte"},"_links":{"self":[{"href":"https:\/\/blogg.svenskakyrkan.se\/utbyte\/wp-json\/wp\/v2\/posts\/5708","targetHints":{"allow":["GET"]}}],"collection":[{"href":"https:\/\/blogg.svenskakyrkan.se\/utbyte\/wp-json\/wp\/v2\/posts"}],"about":[{"href":"https:\/\/blogg.svenskakyrkan.se\/utbyte\/wp-json\/wp\/v2\/types\/post"}],"author":[{"embeddable":true,"href":"https:\/\/blogg.svenskakyrkan.se\/utbyte\/wp-json\/wp\/v2\/users\/696"}],"replies":[{"embeddable":true,"href":"https:\/\/blogg.svenskakyrkan.se\/utbyte\/wp-json\/wp\/v2\/comments?post=5708"}],"version-history":[{"count":2,"href":"https:\/\/blogg.svenskakyrkan.se\/utbyte\/wp-json\/wp\/v2\/posts\/5708\/revisions"}],"predecessor-version":[{"id":5714,"href":"https:\/\/blogg.svenskakyrkan.se\/utbyte\/wp-json\/wp\/v2\/posts\/5708\/revisions\/5714"}],"wp:featuredmedia":[{"embeddable":true,"href":"https:\/\/blogg.svenskakyrkan.se\/utbyte\/wp-json\/wp\/v2\/media\/5709"}],"wp:attachment":[{"href":"https:\/\/blogg.svenskakyrkan.se\/utbyte\/wp-json\/wp\/v2\/media?parent=5708"}],"wp:term":[{"taxonomy":"category","embeddable":true,"href":"https:\/\/blogg.svenskakyrkan.se\/utbyte\/wp-json\/wp\/v2\/categories?post=5708"},{"taxonomy":"post_tag","embeddable":true,"href":"https:\/\/blogg.svenskakyrkan.se\/utbyte\/wp-json\/wp\/v2\/tags?post=5708"}],"curies":[{"name":"wp","href":"https:\/\/api.w.org\/{rel}","templated":true}]}}