{"id":1003,"date":"2012-08-12T23:12:00","date_gmt":"2012-08-12T21:12:00","guid":{"rendered":"http:\/\/blogg.svenskakyrkan.se\/vandravagen\/2012\/08\/12\/hur-ar-det-att-vara-gift\/"},"modified":"2012-08-12T23:12:00","modified_gmt":"2012-08-12T21:12:00","slug":"hur-ar-det-att-vara-gift","status":"publish","type":"post","link":"https:\/\/blogg.svenskakyrkan.se\/vandravagen\/2012\/08\/12\/hur-ar-det-att-vara-gift\/","title":{"rendered":"Hur \u00e4r det att vara gift?"},"content":{"rendered":"<table align=\"center\" cellpadding=\"0\" cellspacing=\"0\">\n<tbody>\n<tr>\n<td><a href=\"http:\/\/3.bp.blogspot.com\/-_i_yjiA3JNY\/UCgXE8GFd1I\/AAAAAAAAAX0\/FksyyAi7ByA\/s1600\/IMG_7600.JPG\"><img loading=\"lazy\" decoding=\"async\" border=\"0\" height=\"300\" src=\"http:\/\/3.bp.blogspot.com\/-_i_yjiA3JNY\/UCgXE8GFd1I\/AAAAAAAAAX0\/FksyyAi7ByA\/s400\/IMG_7600.JPG\" width=\"400\"><\/a><\/td>\n<\/tr>\n<tr>\n<td>En rej\u00e4l mistel<\/td>\n<\/tr>\n<\/tbody>\n<\/table>\n<p>N\u00e4r n\u00e5gon skiljer sig s\u00e5 \u00e4r det nyheter. Det \u00e4r bara att titta p\u00e5 veckotidningarnas f\u00f6rstasidor s\u00e5 \u00e4r det ofta det st\u00e5r om n\u00e5gon k\u00e4ndis skilsm\u00e4ssa. N\u00e4r n\u00e5gon forts\u00e4tter att vara gift\/h\u00e5lla ihop i \u00e5r efter \u00e5r blir det inga nyheter f\u00f6rst\u00e5s av det. D\u00e5 lunkar det ju bara p\u00e5.<\/p>\n<p>Jag t\u00e4nker ibland att media ger oss bilden att livsl\u00e5nga relationer \u00e4r om\u00f6jliga. Och om inte s\u00e5 antas \u00e5tminstone alla varma k\u00e4nslor f\u00f6rsvinna med tiden.<\/p>\n<p>Skilsm\u00e4ssotalen \u00e4r f\u00f6r all del h\u00f6ga, men riktigt s\u00e5 illa verkar det \u00e4nd\u00e5 inte vara. Visserligen slutar varannat \u00e4ktenskap i skilsm\u00e4ssa men d\u00e5 inneb\u00e4r det samtidigt faktiskt ocks\u00e5 att\u00a0<i>varannat h\u00e5ller<\/i>.<\/p>\n<p>Det vore roligt om det kunde h\u00f6ras mer om de relationerna ist\u00e4llet, eller hur? Jag t\u00e4nker mig att det s\u00e4kert s\u00e4kert bidra till en mindre pessimistisk syn p\u00e5 m\u00f6jligheten att leva lyckliga tillsammans livet ut.<\/p>\n<p>Om du h\u00e5ller med s\u00e5 l\u00e5ngt s\u00e5 kommer h\u00e4r en utmaning till dig.<\/p>\n<p>Ta s\u00e5 fort du kan tillf\u00e4lle att <b>fr\u00e5ga n\u00e5gon<\/b> i din omgivning som varit gift\/sambo l\u00e4nge om vad hon\/han tycker \u00e4r viktigt i ett l\u00e5ngt f\u00f6rh\u00e5llande. Personen blir s\u00e4kert glad att bli tillfr\u00e5gad och Gud ska veta att s\u00e5dana samtal \u00e4r viktiga oss m\u00e4nniskor emellan!<\/p>\n<p>Om du \u00e4r en lycklig \u00e4kta make\/sambo sj\u00e4lv s\u00e5 kommer utmaning tv\u00e5: Ta nu idag f\u00f6rsta b\u00e4sta l\u00e4mpliga tillf\u00e4lle att <b>visa det ut\u00e5t<\/b>. \u00c4r du glad att ha en fru att g\u00e5 hem till efter jobbet? S\u00e4g det. Det l\u00e5ter inte speciellt skrytigt med ett enkelt &#8221;nu ska det bli sk\u00f6nt att f\u00e5 komma hem och krama om Britta&#8221; eller liknande. Jag tror det \u00e4r viktigt med s\u00e5dana sm\u00e5 vittnesb\u00f6rd till varandra om hur viktiga de n\u00e4ra relationerna \u00e4r.<\/p>\n<p>Sj\u00e4lv har jag varit gift i tv\u00e5 \u00e5r s\u00e5 jag f\u00e5r r\u00e4knas som nyb\u00f6rjare p\u00e5 det h\u00e4r men jag vet \u00e4nd\u00e5 att det vi v\u00e4rdes\u00e4tter och \u00e4gnar tid och uppm\u00e4rksamhet \u00e5t h\u00e4r i livet, de sakerna brukar inte f\u00f6rfalla.<\/p>\n<p>Skriv g\u00e4rna en rad nedan om hur det h\u00e4r passar ihop med ditt liv. L\u00e5ter det vettigt?<\/p>\n","protected":false},"excerpt":{"rendered":"<p>En rej\u00e4l mistel N\u00e4r n\u00e5gon skiljer sig s\u00e5 \u00e4r det nyheter. Det \u00e4r bara att titta p\u00e5 veckotidningarnas f\u00f6rstasidor s\u00e5 \u00e4r det ofta det st\u00e5r om n\u00e5gon k\u00e4ndis skilsm\u00e4ssa. N\u00e4r n\u00e5gon forts\u00e4tter att vara gift\/h\u00e5lla ihop i \u00e5r efter \u00e5r blir det inga nyheter f\u00f6rst\u00e5s av det. D\u00e5 lunkar det ju bara p\u00e5. Jag t\u00e4nker [&hellip;]<\/p>\n","protected":false},"author":392,"featured_media":0,"comment_status":"open","ping_status":"open","sticky":false,"template":"","format":"standard","meta":{"_acf_changed":false,"footnotes":""},"categories":[77164,8345,77554],"tags":[],"class_list":["post-1003","post","type-post","status-publish","format-standard","hentry","category-man-och-kvinna","category-relationer","category-vara-manniska"],"acf":[],"yoast_head":"<!-- This site is optimized with the Yoast SEO plugin v27.1.1 - https:\/\/yoast.com\/product\/yoast-seo-wordpress\/ -->\n<title>Hur \u00e4r det att vara gift? - Vandra V\u00e4gen<\/title>\n<meta name=\"robots\" content=\"index, follow, max-snippet:-1, max-image-preview:large, max-video-preview:-1\" \/>\n<link rel=\"canonical\" href=\"https:\/\/blogg.svenskakyrkan.se\/vandravagen\/2012\/08\/12\/hur-ar-det-att-vara-gift\/\" \/>\n<meta property=\"og:locale\" content=\"sv_SE\" \/>\n<meta property=\"og:type\" content=\"article\" \/>\n<meta property=\"og:title\" content=\"Hur \u00e4r det att vara gift? - Vandra V\u00e4gen\" \/>\n<meta property=\"og:description\" content=\"En rej\u00e4l mistel N\u00e4r n\u00e5gon skiljer sig s\u00e5 \u00e4r det nyheter. Det \u00e4r bara att titta p\u00e5 veckotidningarnas f\u00f6rstasidor s\u00e5 \u00e4r det ofta det st\u00e5r om n\u00e5gon k\u00e4ndis skilsm\u00e4ssa. N\u00e4r n\u00e5gon forts\u00e4tter att vara gift\/h\u00e5lla ihop i \u00e5r efter \u00e5r blir det inga nyheter f\u00f6rst\u00e5s av det. D\u00e5 lunkar det ju bara p\u00e5. Jag t\u00e4nker [&hellip;]\" \/>\n<meta property=\"og:url\" content=\"https:\/\/blogg.svenskakyrkan.se\/vandravagen\/2012\/08\/12\/hur-ar-det-att-vara-gift\/\" \/>\n<meta property=\"og:site_name\" content=\"Vandra V\u00e4gen\" \/>\n<meta property=\"article:publisher\" content=\"http:\/\/facebook.com\/vandravagen\" \/>\n<meta property=\"article:published_time\" content=\"2012-08-12T21:12:00+00:00\" \/>\n<meta property=\"og:image\" content=\"http:\/\/3.bp.blogspot.com\/-_i_yjiA3JNY\/UCgXE8GFd1I\/AAAAAAAAAX0\/FksyyAi7ByA\/s400\/IMG_7600.JPG\" \/>\n<meta name=\"author\" content=\"Tomas Jarvid\" \/>\n<meta name=\"twitter:card\" content=\"summary_large_image\" \/>\n<meta name=\"twitter:creator\" content=\"@fadertomas\" \/>\n<meta name=\"twitter:site\" content=\"@fadertomas\" \/>\n<meta name=\"twitter:label1\" content=\"Skriven av\" \/>\n\t<meta name=\"twitter:data1\" content=\"Tomas Jarvid\" \/>\n\t<meta name=\"twitter:label2\" content=\"Ber\u00e4knad l\u00e4stid\" \/>\n\t<meta name=\"twitter:data2\" content=\"2 minuter\" \/>\n<script type=\"application\/ld+json\" class=\"yoast-schema-graph\">{\"@context\":\"https:\/\/schema.org\",\"@graph\":[{\"@type\":\"Article\",\"@id\":\"https:\/\/blogg.svenskakyrkan.se\/vandravagen\/2012\/08\/12\/hur-ar-det-att-vara-gift\/#article\",\"isPartOf\":{\"@id\":\"https:\/\/blogg.svenskakyrkan.se\/vandravagen\/2012\/08\/12\/hur-ar-det-att-vara-gift\/\"},\"author\":{\"name\":\"Tomas Jarvid\",\"@id\":\"https:\/\/blogg.svenskakyrkan.se\/vandravagen\/#\/schema\/person\/25da02d4f76b137d04291711e2c9fc16\"},\"headline\":\"Hur \u00e4r det att vara gift?\",\"datePublished\":\"2012-08-12T21:12:00+00:00\",\"mainEntityOfPage\":{\"@id\":\"https:\/\/blogg.svenskakyrkan.se\/vandravagen\/2012\/08\/12\/hur-ar-det-att-vara-gift\/\"},\"wordCount\":417,\"commentCount\":6,\"publisher\":{\"@id\":\"https:\/\/blogg.svenskakyrkan.se\/vandravagen\/#organization\"},\"image\":{\"@id\":\"https:\/\/blogg.svenskakyrkan.se\/vandravagen\/2012\/08\/12\/hur-ar-det-att-vara-gift\/#primaryimage\"},\"thumbnailUrl\":\"http:\/\/3.bp.blogspot.com\/-_i_yjiA3JNY\/UCgXE8GFd1I\/AAAAAAAAAX0\/FksyyAi7ByA\/s400\/IMG_7600.JPG\",\"articleSection\":[\"man och kvinna\",\"relationer\",\"vara m\u00e4nniska\"],\"inLanguage\":\"sv-SE\",\"potentialAction\":[{\"@type\":\"CommentAction\",\"name\":\"Comment\",\"target\":[\"https:\/\/blogg.svenskakyrkan.se\/vandravagen\/2012\/08\/12\/hur-ar-det-att-vara-gift\/#respond\"]}]},{\"@type\":\"WebPage\",\"@id\":\"https:\/\/blogg.svenskakyrkan.se\/vandravagen\/2012\/08\/12\/hur-ar-det-att-vara-gift\/\",\"url\":\"https:\/\/blogg.svenskakyrkan.se\/vandravagen\/2012\/08\/12\/hur-ar-det-att-vara-gift\/\",\"name\":\"Hur \u00e4r det att vara gift? - Vandra V\u00e4gen\",\"isPartOf\":{\"@id\":\"https:\/\/blogg.svenskakyrkan.se\/vandravagen\/#website\"},\"primaryImageOfPage\":{\"@id\":\"https:\/\/blogg.svenskakyrkan.se\/vandravagen\/2012\/08\/12\/hur-ar-det-att-vara-gift\/#primaryimage\"},\"image\":{\"@id\":\"https:\/\/blogg.svenskakyrkan.se\/vandravagen\/2012\/08\/12\/hur-ar-det-att-vara-gift\/#primaryimage\"},\"thumbnailUrl\":\"http:\/\/3.bp.blogspot.com\/-_i_yjiA3JNY\/UCgXE8GFd1I\/AAAAAAAAAX0\/FksyyAi7ByA\/s400\/IMG_7600.JPG\",\"datePublished\":\"2012-08-12T21:12:00+00:00\",\"breadcrumb\":{\"@id\":\"https:\/\/blogg.svenskakyrkan.se\/vandravagen\/2012\/08\/12\/hur-ar-det-att-vara-gift\/#breadcrumb\"},\"inLanguage\":\"sv-SE\",\"potentialAction\":[{\"@type\":\"ReadAction\",\"target\":[\"https:\/\/blogg.svenskakyrkan.se\/vandravagen\/2012\/08\/12\/hur-ar-det-att-vara-gift\/\"]}]},{\"@type\":\"ImageObject\",\"inLanguage\":\"sv-SE\",\"@id\":\"https:\/\/blogg.svenskakyrkan.se\/vandravagen\/2012\/08\/12\/hur-ar-det-att-vara-gift\/#primaryimage\",\"url\":\"http:\/\/3.bp.blogspot.com\/-_i_yjiA3JNY\/UCgXE8GFd1I\/AAAAAAAAAX0\/FksyyAi7ByA\/s400\/IMG_7600.JPG\",\"contentUrl\":\"http:\/\/3.bp.blogspot.com\/-_i_yjiA3JNY\/UCgXE8GFd1I\/AAAAAAAAAX0\/FksyyAi7ByA\/s400\/IMG_7600.JPG\"},{\"@type\":\"BreadcrumbList\",\"@id\":\"https:\/\/blogg.svenskakyrkan.se\/vandravagen\/2012\/08\/12\/hur-ar-det-att-vara-gift\/#breadcrumb\",\"itemListElement\":[{\"@type\":\"ListItem\",\"position\":1,\"name\":\"Hem\",\"item\":\"https:\/\/blogg.svenskakyrkan.se\/vandravagen\/\"},{\"@type\":\"ListItem\",\"position\":2,\"name\":\"Hur \u00e4r det att vara gift?\"}]},{\"@type\":\"WebSite\",\"@id\":\"https:\/\/blogg.svenskakyrkan.se\/vandravagen\/#website\",\"url\":\"https:\/\/blogg.svenskakyrkan.se\/vandravagen\/\",\"name\":\"Vandra V\u00e4gen\",\"description\":\"-Mot en tro f\u00f6r hela livet\",\"publisher\":{\"@id\":\"https:\/\/blogg.svenskakyrkan.se\/vandravagen\/#organization\"},\"potentialAction\":[{\"@type\":\"SearchAction\",\"target\":{\"@type\":\"EntryPoint\",\"urlTemplate\":\"https:\/\/blogg.svenskakyrkan.se\/vandravagen\/?s={search_term_string}\"},\"query-input\":{\"@type\":\"PropertyValueSpecification\",\"valueRequired\":true,\"valueName\":\"search_term_string\"}}],\"inLanguage\":\"sv-SE\"},{\"@type\":\"Organization\",\"@id\":\"https:\/\/blogg.svenskakyrkan.se\/vandravagen\/#organization\",\"name\":\"ulricehamns pastorat\",\"alternateName\":\"ulricehamns pastorat\",\"url\":\"https:\/\/blogg.svenskakyrkan.se\/vandravagen\/\",\"logo\":{\"@type\":\"ImageObject\",\"inLanguage\":\"sv-SE\",\"@id\":\"https:\/\/blogg.svenskakyrkan.se\/vandravagen\/#\/schema\/logo\/image\/\",\"url\":\"https:\/\/blogg.svenskakyrkan.se\/vandravagen\/files\/2023\/05\/Ulr_logo_RGB.png\",\"contentUrl\":\"https:\/\/blogg.svenskakyrkan.se\/vandravagen\/files\/2023\/05\/Ulr_logo_RGB.png\",\"width\":205,\"height\":77,\"caption\":\"ulricehamns pastorat\"},\"image\":{\"@id\":\"https:\/\/blogg.svenskakyrkan.se\/vandravagen\/#\/schema\/logo\/image\/\"},\"sameAs\":[\"http:\/\/facebook.com\/vandravagen\",\"https:\/\/x.com\/fadertomas\",\"http:\/\/www.facebook.com\/svenskakyrkaniulricehamn\"]},{\"@type\":\"Person\",\"@id\":\"https:\/\/blogg.svenskakyrkan.se\/vandravagen\/#\/schema\/person\/25da02d4f76b137d04291711e2c9fc16\",\"name\":\"Tomas Jarvid\",\"image\":{\"@type\":\"ImageObject\",\"inLanguage\":\"sv-SE\",\"@id\":\"https:\/\/blogg.svenskakyrkan.se\/vandravagen\/#\/schema\/person\/image\/\",\"url\":\"https:\/\/secure.gravatar.com\/avatar\/7fa71899795e8f540f615a1f5ab25255dc27aa40f05ee7ddd21aac521e01bf50?s=96&d=identicon&r=g\",\"contentUrl\":\"https:\/\/secure.gravatar.com\/avatar\/7fa71899795e8f540f615a1f5ab25255dc27aa40f05ee7ddd21aac521e01bf50?s=96&d=identicon&r=g\",\"caption\":\"Tomas Jarvid\"},\"description\":\"Jag bor i Ulricehamn i V\u00e4sterg\u00f6tland och \u00e4r f\u00f6rsamlingspr\u00e4st i Svenska Kyrkan f\u00f6r Dalstorps f\u00f6rsamling i Kinds pastorat. P\u00e5 den h\u00e4r bloggen skriver jag ner tankar om vandringen som kristen.\",\"sameAs\":[\"http:\/\/www.vandravagen.se\"],\"url\":\"https:\/\/blogg.svenskakyrkan.se\/vandravagen\/author\/vandravagen\/\"}]}<\/script>\n<!-- \/ Yoast SEO plugin. -->","yoast_head_json":{"title":"Hur \u00e4r det att vara gift? - Vandra V\u00e4gen","robots":{"index":"index","follow":"follow","max-snippet":"max-snippet:-1","max-image-preview":"max-image-preview:large","max-video-preview":"max-video-preview:-1"},"canonical":"https:\/\/blogg.svenskakyrkan.se\/vandravagen\/2012\/08\/12\/hur-ar-det-att-vara-gift\/","og_locale":"sv_SE","og_type":"article","og_title":"Hur \u00e4r det att vara gift? - Vandra V\u00e4gen","og_description":"En rej\u00e4l mistel N\u00e4r n\u00e5gon skiljer sig s\u00e5 \u00e4r det nyheter. Det \u00e4r bara att titta p\u00e5 veckotidningarnas f\u00f6rstasidor s\u00e5 \u00e4r det ofta det st\u00e5r om n\u00e5gon k\u00e4ndis skilsm\u00e4ssa. N\u00e4r n\u00e5gon forts\u00e4tter att vara gift\/h\u00e5lla ihop i \u00e5r efter \u00e5r blir det inga nyheter f\u00f6rst\u00e5s av det. D\u00e5 lunkar det ju bara p\u00e5. Jag t\u00e4nker [&hellip;]","og_url":"https:\/\/blogg.svenskakyrkan.se\/vandravagen\/2012\/08\/12\/hur-ar-det-att-vara-gift\/","og_site_name":"Vandra V\u00e4gen","article_publisher":"http:\/\/facebook.com\/vandravagen","article_published_time":"2012-08-12T21:12:00+00:00","og_image":[{"url":"http:\/\/3.bp.blogspot.com\/-_i_yjiA3JNY\/UCgXE8GFd1I\/AAAAAAAAAX0\/FksyyAi7ByA\/s400\/IMG_7600.JPG","type":"","width":"","height":""}],"author":"Tomas Jarvid","twitter_card":"summary_large_image","twitter_creator":"@fadertomas","twitter_site":"@fadertomas","twitter_misc":{"Skriven av":"Tomas Jarvid","Ber\u00e4knad l\u00e4stid":"2 minuter"},"schema":{"@context":"https:\/\/schema.org","@graph":[{"@type":"Article","@id":"https:\/\/blogg.svenskakyrkan.se\/vandravagen\/2012\/08\/12\/hur-ar-det-att-vara-gift\/#article","isPartOf":{"@id":"https:\/\/blogg.svenskakyrkan.se\/vandravagen\/2012\/08\/12\/hur-ar-det-att-vara-gift\/"},"author":{"name":"Tomas Jarvid","@id":"https:\/\/blogg.svenskakyrkan.se\/vandravagen\/#\/schema\/person\/25da02d4f76b137d04291711e2c9fc16"},"headline":"Hur \u00e4r det att vara gift?","datePublished":"2012-08-12T21:12:00+00:00","mainEntityOfPage":{"@id":"https:\/\/blogg.svenskakyrkan.se\/vandravagen\/2012\/08\/12\/hur-ar-det-att-vara-gift\/"},"wordCount":417,"commentCount":6,"publisher":{"@id":"https:\/\/blogg.svenskakyrkan.se\/vandravagen\/#organization"},"image":{"@id":"https:\/\/blogg.svenskakyrkan.se\/vandravagen\/2012\/08\/12\/hur-ar-det-att-vara-gift\/#primaryimage"},"thumbnailUrl":"http:\/\/3.bp.blogspot.com\/-_i_yjiA3JNY\/UCgXE8GFd1I\/AAAAAAAAAX0\/FksyyAi7ByA\/s400\/IMG_7600.JPG","articleSection":["man och kvinna","relationer","vara m\u00e4nniska"],"inLanguage":"sv-SE","potentialAction":[{"@type":"CommentAction","name":"Comment","target":["https:\/\/blogg.svenskakyrkan.se\/vandravagen\/2012\/08\/12\/hur-ar-det-att-vara-gift\/#respond"]}]},{"@type":"WebPage","@id":"https:\/\/blogg.svenskakyrkan.se\/vandravagen\/2012\/08\/12\/hur-ar-det-att-vara-gift\/","url":"https:\/\/blogg.svenskakyrkan.se\/vandravagen\/2012\/08\/12\/hur-ar-det-att-vara-gift\/","name":"Hur \u00e4r det att vara gift? - Vandra V\u00e4gen","isPartOf":{"@id":"https:\/\/blogg.svenskakyrkan.se\/vandravagen\/#website"},"primaryImageOfPage":{"@id":"https:\/\/blogg.svenskakyrkan.se\/vandravagen\/2012\/08\/12\/hur-ar-det-att-vara-gift\/#primaryimage"},"image":{"@id":"https:\/\/blogg.svenskakyrkan.se\/vandravagen\/2012\/08\/12\/hur-ar-det-att-vara-gift\/#primaryimage"},"thumbnailUrl":"http:\/\/3.bp.blogspot.com\/-_i_yjiA3JNY\/UCgXE8GFd1I\/AAAAAAAAAX0\/FksyyAi7ByA\/s400\/IMG_7600.JPG","datePublished":"2012-08-12T21:12:00+00:00","breadcrumb":{"@id":"https:\/\/blogg.svenskakyrkan.se\/vandravagen\/2012\/08\/12\/hur-ar-det-att-vara-gift\/#breadcrumb"},"inLanguage":"sv-SE","potentialAction":[{"@type":"ReadAction","target":["https:\/\/blogg.svenskakyrkan.se\/vandravagen\/2012\/08\/12\/hur-ar-det-att-vara-gift\/"]}]},{"@type":"ImageObject","inLanguage":"sv-SE","@id":"https:\/\/blogg.svenskakyrkan.se\/vandravagen\/2012\/08\/12\/hur-ar-det-att-vara-gift\/#primaryimage","url":"http:\/\/3.bp.blogspot.com\/-_i_yjiA3JNY\/UCgXE8GFd1I\/AAAAAAAAAX0\/FksyyAi7ByA\/s400\/IMG_7600.JPG","contentUrl":"http:\/\/3.bp.blogspot.com\/-_i_yjiA3JNY\/UCgXE8GFd1I\/AAAAAAAAAX0\/FksyyAi7ByA\/s400\/IMG_7600.JPG"},{"@type":"BreadcrumbList","@id":"https:\/\/blogg.svenskakyrkan.se\/vandravagen\/2012\/08\/12\/hur-ar-det-att-vara-gift\/#breadcrumb","itemListElement":[{"@type":"ListItem","position":1,"name":"Hem","item":"https:\/\/blogg.svenskakyrkan.se\/vandravagen\/"},{"@type":"ListItem","position":2,"name":"Hur \u00e4r det att vara gift?"}]},{"@type":"WebSite","@id":"https:\/\/blogg.svenskakyrkan.se\/vandravagen\/#website","url":"https:\/\/blogg.svenskakyrkan.se\/vandravagen\/","name":"Vandra V\u00e4gen","description":"-Mot en tro f\u00f6r hela livet","publisher":{"@id":"https:\/\/blogg.svenskakyrkan.se\/vandravagen\/#organization"},"potentialAction":[{"@type":"SearchAction","target":{"@type":"EntryPoint","urlTemplate":"https:\/\/blogg.svenskakyrkan.se\/vandravagen\/?s={search_term_string}"},"query-input":{"@type":"PropertyValueSpecification","valueRequired":true,"valueName":"search_term_string"}}],"inLanguage":"sv-SE"},{"@type":"Organization","@id":"https:\/\/blogg.svenskakyrkan.se\/vandravagen\/#organization","name":"ulricehamns pastorat","alternateName":"ulricehamns pastorat","url":"https:\/\/blogg.svenskakyrkan.se\/vandravagen\/","logo":{"@type":"ImageObject","inLanguage":"sv-SE","@id":"https:\/\/blogg.svenskakyrkan.se\/vandravagen\/#\/schema\/logo\/image\/","url":"https:\/\/blogg.svenskakyrkan.se\/vandravagen\/files\/2023\/05\/Ulr_logo_RGB.png","contentUrl":"https:\/\/blogg.svenskakyrkan.se\/vandravagen\/files\/2023\/05\/Ulr_logo_RGB.png","width":205,"height":77,"caption":"ulricehamns pastorat"},"image":{"@id":"https:\/\/blogg.svenskakyrkan.se\/vandravagen\/#\/schema\/logo\/image\/"},"sameAs":["http:\/\/facebook.com\/vandravagen","https:\/\/x.com\/fadertomas","http:\/\/www.facebook.com\/svenskakyrkaniulricehamn"]},{"@type":"Person","@id":"https:\/\/blogg.svenskakyrkan.se\/vandravagen\/#\/schema\/person\/25da02d4f76b137d04291711e2c9fc16","name":"Tomas Jarvid","image":{"@type":"ImageObject","inLanguage":"sv-SE","@id":"https:\/\/blogg.svenskakyrkan.se\/vandravagen\/#\/schema\/person\/image\/","url":"https:\/\/secure.gravatar.com\/avatar\/7fa71899795e8f540f615a1f5ab25255dc27aa40f05ee7ddd21aac521e01bf50?s=96&d=identicon&r=g","contentUrl":"https:\/\/secure.gravatar.com\/avatar\/7fa71899795e8f540f615a1f5ab25255dc27aa40f05ee7ddd21aac521e01bf50?s=96&d=identicon&r=g","caption":"Tomas Jarvid"},"description":"Jag bor i Ulricehamn i V\u00e4sterg\u00f6tland och \u00e4r f\u00f6rsamlingspr\u00e4st i Svenska Kyrkan f\u00f6r Dalstorps f\u00f6rsamling i Kinds pastorat. P\u00e5 den h\u00e4r bloggen skriver jag ner tankar om vandringen som kristen.","sameAs":["http:\/\/www.vandravagen.se"],"url":"https:\/\/blogg.svenskakyrkan.se\/vandravagen\/author\/vandravagen\/"}]}},"author_meta":{"ID":"392","user_nicename":"vandravagen","user_url":"http:\/\/www.vandravagen.se","user_registered":"2014-05-19 05:44:52","display_name":"Tomas Jarvid","first_name":"Tomas","last_name":"Jarvid","avatar":"https:\/\/secure.gravatar.com\/avatar\/7fa71899795e8f540f615a1f5ab25255dc27aa40f05ee7ddd21aac521e01bf50?s=96&d=identicon&r=g"},"featured_image":false,"bloginfo":{"name":"Vandra V\u00e4gen","url":"https:\/\/blogg.svenskakyrkan.se\/vandravagen"},"_links":{"self":[{"href":"https:\/\/blogg.svenskakyrkan.se\/vandravagen\/wp-json\/wp\/v2\/posts\/1003","targetHints":{"allow":["GET"]}}],"collection":[{"href":"https:\/\/blogg.svenskakyrkan.se\/vandravagen\/wp-json\/wp\/v2\/posts"}],"about":[{"href":"https:\/\/blogg.svenskakyrkan.se\/vandravagen\/wp-json\/wp\/v2\/types\/post"}],"author":[{"embeddable":true,"href":"https:\/\/blogg.svenskakyrkan.se\/vandravagen\/wp-json\/wp\/v2\/users\/392"}],"replies":[{"embeddable":true,"href":"https:\/\/blogg.svenskakyrkan.se\/vandravagen\/wp-json\/wp\/v2\/comments?post=1003"}],"version-history":[{"count":0,"href":"https:\/\/blogg.svenskakyrkan.se\/vandravagen\/wp-json\/wp\/v2\/posts\/1003\/revisions"}],"wp:attachment":[{"href":"https:\/\/blogg.svenskakyrkan.se\/vandravagen\/wp-json\/wp\/v2\/media?parent=1003"}],"wp:term":[{"taxonomy":"category","embeddable":true,"href":"https:\/\/blogg.svenskakyrkan.se\/vandravagen\/wp-json\/wp\/v2\/categories?post=1003"},{"taxonomy":"post_tag","embeddable":true,"href":"https:\/\/blogg.svenskakyrkan.se\/vandravagen\/wp-json\/wp\/v2\/tags?post=1003"}],"curies":[{"name":"wp","href":"https:\/\/api.w.org\/{rel}","templated":true}]}}