{"id":1007,"date":"2012-08-02T09:11:00","date_gmt":"2012-08-02T07:11:00","guid":{"rendered":"http:\/\/blogg.svenskakyrkan.se\/vandravagen\/2012\/08\/02\/att-atervanda-och-att-bli-en-framling\/"},"modified":"2012-08-02T09:11:00","modified_gmt":"2012-08-02T07:11:00","slug":"att-atervanda-och-att-bli-en-framling","status":"publish","type":"post","link":"https:\/\/blogg.svenskakyrkan.se\/vandravagen\/2012\/08\/02\/att-atervanda-och-att-bli-en-framling\/","title":{"rendered":"Att \u00e5terv\u00e4nda, och att bli en fr\u00e4mling"},"content":{"rendered":"<table align=\"center\" cellpadding=\"0\" cellspacing=\"0\">\n<tbody>\n<tr>\n<td><a href=\"http:\/\/4.bp.blogspot.com\/-CzEOtB7ruZo\/T_9BRr1eOXI\/AAAAAAAAASo\/_GiT8pbhLkY\/s1600\/P8010063.JPG\"><img loading=\"lazy\" decoding=\"async\" border=\"0\" height=\"240\" src=\"http:\/\/4.bp.blogspot.com\/-CzEOtB7ruZo\/T_9BRr1eOXI\/AAAAAAAAASo\/_GiT8pbhLkY\/s320\/P8010063.JPG\" width=\"320\"><\/a><\/td>\n<\/tr>\n<tr>\n<td>Ritam\u00e4ki, i v\u00e4gl\u00f6st land. En central plats i livet?<\/td>\n<\/tr>\n<\/tbody>\n<\/table>\n<p>Under semestern har jag \u00e5terv\u00e4nt en hel del. B\u00e5de till platser jag varit p\u00e5 tidigare i livet och i minnet. Jag har sett tillbaka en hel del p\u00e5 de somrar som varit de senaste tio \u00e5ren och k\u00e4nt p\u00e5 hur de minnena k\u00e4nns idag. Geografiska platser har en v\u00e4ldigt stor betydelse f\u00f6r mig har jag insett. De \u00e4r s\u00e5 n\u00e4ra kopplade till vad som h\u00e4nt d\u00e4r och vem jag var d\u00e5, och d\u00e4rf\u00f6r blir det d\u00e4r med att \u00e5terv\u00e4nda till gamla platser ofta ganska omtumlande.<\/p>\n<p>Det finns en definition av en pilgrim som jag ofta funderar p\u00e5. &#8221;En pilgrim \u00e4r den som gjort sig till fr\u00e4mling inf\u00f6r sitt liv f\u00f6r att kunna f\u00f6r\u00e4ndras&#8221;. Det h\u00e4nder f\u00f6rst\u00e5s pilgrimer som ger sig ut p\u00e5 l\u00e5nga vandringar, men det h\u00e4nder nog ocks\u00e5 vanliga bilsemesterfirare. S\u00e5 fort man l\u00e4mnar det invanda hemmalivet s\u00e5 utmanas man. Vad tycker jag egentligen \u00e4r viktigt i livet? Lever jag efter de v\u00e4rderingarna?<\/p>\n<p>P\u00e5 det s\u00e4ttet skulle jag vilja se sommarens biltur som en liten pilgrimsf\u00e4rd. En \u00e5terkomst till platser som varit v\u00e4gsk\u00e4l i livet och som g\u00f6r det m\u00f6jligt att se p\u00e5 sig sj\u00e4lv utifr\u00e5n. Fundera p\u00e5 vem jag \u00e4r och vad jag vill. Bli p\u00e5mind om att det finns mer i en \u00e4n man anv\u00e4nder sig av i vardagslunken.<\/p>\n<p>Hur \u00e4r det med dig? K\u00e4nner du igen dig eller \u00e4r det bara jag?<\/p>\n","protected":false},"excerpt":{"rendered":"<p>Ritam\u00e4ki, i v\u00e4gl\u00f6st land. En central plats i livet? Under semestern har jag \u00e5terv\u00e4nt en hel del. B\u00e5de till platser jag varit p\u00e5 tidigare i livet och i minnet. Jag har sett tillbaka en hel del p\u00e5 de somrar som varit de senaste tio \u00e5ren och k\u00e4nt p\u00e5 hur de minnena k\u00e4nns idag. Geografiska platser [&hellip;]<\/p>\n","protected":false},"author":392,"featured_media":0,"comment_status":"open","ping_status":"open","sticky":false,"template":"","format":"standard","meta":{"_acf_changed":false,"footnotes":""},"categories":[8331],"tags":[],"class_list":["post-1007","post","type-post","status-publish","format-standard","hentry","category-pilgrim"],"acf":[],"yoast_head":"<!-- This site is optimized with the Yoast SEO plugin v27.1.1 - https:\/\/yoast.com\/product\/yoast-seo-wordpress\/ -->\n<title>Att \u00e5terv\u00e4nda, och att bli en fr\u00e4mling - Vandra V\u00e4gen<\/title>\n<meta name=\"robots\" content=\"index, follow, max-snippet:-1, max-image-preview:large, max-video-preview:-1\" \/>\n<link rel=\"canonical\" href=\"https:\/\/blogg.svenskakyrkan.se\/vandravagen\/2012\/08\/02\/att-atervanda-och-att-bli-en-framling\/\" \/>\n<meta property=\"og:locale\" content=\"sv_SE\" \/>\n<meta property=\"og:type\" content=\"article\" \/>\n<meta property=\"og:title\" content=\"Att \u00e5terv\u00e4nda, och att bli en fr\u00e4mling - Vandra V\u00e4gen\" \/>\n<meta property=\"og:description\" content=\"Ritam\u00e4ki, i v\u00e4gl\u00f6st land. En central plats i livet? Under semestern har jag \u00e5terv\u00e4nt en hel del. B\u00e5de till platser jag varit p\u00e5 tidigare i livet och i minnet. Jag har sett tillbaka en hel del p\u00e5 de somrar som varit de senaste tio \u00e5ren och k\u00e4nt p\u00e5 hur de minnena k\u00e4nns idag. Geografiska platser [&hellip;]\" \/>\n<meta property=\"og:url\" content=\"https:\/\/blogg.svenskakyrkan.se\/vandravagen\/2012\/08\/02\/att-atervanda-och-att-bli-en-framling\/\" \/>\n<meta property=\"og:site_name\" content=\"Vandra V\u00e4gen\" \/>\n<meta property=\"article:publisher\" content=\"http:\/\/facebook.com\/vandravagen\" \/>\n<meta property=\"article:published_time\" content=\"2012-08-02T07:11:00+00:00\" \/>\n<meta property=\"og:image\" content=\"http:\/\/4.bp.blogspot.com\/-CzEOtB7ruZo\/T_9BRr1eOXI\/AAAAAAAAASo\/_GiT8pbhLkY\/s320\/P8010063.JPG\" \/>\n<meta name=\"author\" content=\"Tomas Jarvid\" \/>\n<meta name=\"twitter:card\" content=\"summary_large_image\" \/>\n<meta name=\"twitter:creator\" content=\"@fadertomas\" \/>\n<meta name=\"twitter:site\" content=\"@fadertomas\" \/>\n<meta name=\"twitter:label1\" content=\"Skriven av\" \/>\n\t<meta name=\"twitter:data1\" content=\"Tomas Jarvid\" \/>\n\t<meta name=\"twitter:label2\" content=\"Ber\u00e4knad l\u00e4stid\" \/>\n\t<meta name=\"twitter:data2\" content=\"1 minut\" \/>\n<script type=\"application\/ld+json\" class=\"yoast-schema-graph\">{\"@context\":\"https:\/\/schema.org\",\"@graph\":[{\"@type\":\"Article\",\"@id\":\"https:\/\/blogg.svenskakyrkan.se\/vandravagen\/2012\/08\/02\/att-atervanda-och-att-bli-en-framling\/#article\",\"isPartOf\":{\"@id\":\"https:\/\/blogg.svenskakyrkan.se\/vandravagen\/2012\/08\/02\/att-atervanda-och-att-bli-en-framling\/\"},\"author\":{\"name\":\"Tomas Jarvid\",\"@id\":\"https:\/\/blogg.svenskakyrkan.se\/vandravagen\/#\/schema\/person\/25da02d4f76b137d04291711e2c9fc16\"},\"headline\":\"Att \u00e5terv\u00e4nda, och att bli en fr\u00e4mling\",\"datePublished\":\"2012-08-02T07:11:00+00:00\",\"mainEntityOfPage\":{\"@id\":\"https:\/\/blogg.svenskakyrkan.se\/vandravagen\/2012\/08\/02\/att-atervanda-och-att-bli-en-framling\/\"},\"wordCount\":283,\"commentCount\":2,\"publisher\":{\"@id\":\"https:\/\/blogg.svenskakyrkan.se\/vandravagen\/#organization\"},\"image\":{\"@id\":\"https:\/\/blogg.svenskakyrkan.se\/vandravagen\/2012\/08\/02\/att-atervanda-och-att-bli-en-framling\/#primaryimage\"},\"thumbnailUrl\":\"http:\/\/4.bp.blogspot.com\/-CzEOtB7ruZo\/T_9BRr1eOXI\/AAAAAAAAASo\/_GiT8pbhLkY\/s320\/P8010063.JPG\",\"articleSection\":[\"pilgrim\"],\"inLanguage\":\"sv-SE\",\"potentialAction\":[{\"@type\":\"CommentAction\",\"name\":\"Comment\",\"target\":[\"https:\/\/blogg.svenskakyrkan.se\/vandravagen\/2012\/08\/02\/att-atervanda-och-att-bli-en-framling\/#respond\"]}]},{\"@type\":\"WebPage\",\"@id\":\"https:\/\/blogg.svenskakyrkan.se\/vandravagen\/2012\/08\/02\/att-atervanda-och-att-bli-en-framling\/\",\"url\":\"https:\/\/blogg.svenskakyrkan.se\/vandravagen\/2012\/08\/02\/att-atervanda-och-att-bli-en-framling\/\",\"name\":\"Att \u00e5terv\u00e4nda, och att bli en fr\u00e4mling - Vandra V\u00e4gen\",\"isPartOf\":{\"@id\":\"https:\/\/blogg.svenskakyrkan.se\/vandravagen\/#website\"},\"primaryImageOfPage\":{\"@id\":\"https:\/\/blogg.svenskakyrkan.se\/vandravagen\/2012\/08\/02\/att-atervanda-och-att-bli-en-framling\/#primaryimage\"},\"image\":{\"@id\":\"https:\/\/blogg.svenskakyrkan.se\/vandravagen\/2012\/08\/02\/att-atervanda-och-att-bli-en-framling\/#primaryimage\"},\"thumbnailUrl\":\"http:\/\/4.bp.blogspot.com\/-CzEOtB7ruZo\/T_9BRr1eOXI\/AAAAAAAAASo\/_GiT8pbhLkY\/s320\/P8010063.JPG\",\"datePublished\":\"2012-08-02T07:11:00+00:00\",\"breadcrumb\":{\"@id\":\"https:\/\/blogg.svenskakyrkan.se\/vandravagen\/2012\/08\/02\/att-atervanda-och-att-bli-en-framling\/#breadcrumb\"},\"inLanguage\":\"sv-SE\",\"potentialAction\":[{\"@type\":\"ReadAction\",\"target\":[\"https:\/\/blogg.svenskakyrkan.se\/vandravagen\/2012\/08\/02\/att-atervanda-och-att-bli-en-framling\/\"]}]},{\"@type\":\"ImageObject\",\"inLanguage\":\"sv-SE\",\"@id\":\"https:\/\/blogg.svenskakyrkan.se\/vandravagen\/2012\/08\/02\/att-atervanda-och-att-bli-en-framling\/#primaryimage\",\"url\":\"http:\/\/4.bp.blogspot.com\/-CzEOtB7ruZo\/T_9BRr1eOXI\/AAAAAAAAASo\/_GiT8pbhLkY\/s320\/P8010063.JPG\",\"contentUrl\":\"http:\/\/4.bp.blogspot.com\/-CzEOtB7ruZo\/T_9BRr1eOXI\/AAAAAAAAASo\/_GiT8pbhLkY\/s320\/P8010063.JPG\"},{\"@type\":\"BreadcrumbList\",\"@id\":\"https:\/\/blogg.svenskakyrkan.se\/vandravagen\/2012\/08\/02\/att-atervanda-och-att-bli-en-framling\/#breadcrumb\",\"itemListElement\":[{\"@type\":\"ListItem\",\"position\":1,\"name\":\"Hem\",\"item\":\"https:\/\/blogg.svenskakyrkan.se\/vandravagen\/\"},{\"@type\":\"ListItem\",\"position\":2,\"name\":\"Att \u00e5terv\u00e4nda, och att bli en fr\u00e4mling\"}]},{\"@type\":\"WebSite\",\"@id\":\"https:\/\/blogg.svenskakyrkan.se\/vandravagen\/#website\",\"url\":\"https:\/\/blogg.svenskakyrkan.se\/vandravagen\/\",\"name\":\"Vandra V\u00e4gen\",\"description\":\"-Mot en tro f\u00f6r hela livet\",\"publisher\":{\"@id\":\"https:\/\/blogg.svenskakyrkan.se\/vandravagen\/#organization\"},\"potentialAction\":[{\"@type\":\"SearchAction\",\"target\":{\"@type\":\"EntryPoint\",\"urlTemplate\":\"https:\/\/blogg.svenskakyrkan.se\/vandravagen\/?s={search_term_string}\"},\"query-input\":{\"@type\":\"PropertyValueSpecification\",\"valueRequired\":true,\"valueName\":\"search_term_string\"}}],\"inLanguage\":\"sv-SE\"},{\"@type\":\"Organization\",\"@id\":\"https:\/\/blogg.svenskakyrkan.se\/vandravagen\/#organization\",\"name\":\"ulricehamns pastorat\",\"alternateName\":\"ulricehamns pastorat\",\"url\":\"https:\/\/blogg.svenskakyrkan.se\/vandravagen\/\",\"logo\":{\"@type\":\"ImageObject\",\"inLanguage\":\"sv-SE\",\"@id\":\"https:\/\/blogg.svenskakyrkan.se\/vandravagen\/#\/schema\/logo\/image\/\",\"url\":\"https:\/\/blogg.svenskakyrkan.se\/vandravagen\/files\/2023\/05\/Ulr_logo_RGB.png\",\"contentUrl\":\"https:\/\/blogg.svenskakyrkan.se\/vandravagen\/files\/2023\/05\/Ulr_logo_RGB.png\",\"width\":205,\"height\":77,\"caption\":\"ulricehamns pastorat\"},\"image\":{\"@id\":\"https:\/\/blogg.svenskakyrkan.se\/vandravagen\/#\/schema\/logo\/image\/\"},\"sameAs\":[\"http:\/\/facebook.com\/vandravagen\",\"https:\/\/x.com\/fadertomas\",\"http:\/\/www.facebook.com\/svenskakyrkaniulricehamn\"]},{\"@type\":\"Person\",\"@id\":\"https:\/\/blogg.svenskakyrkan.se\/vandravagen\/#\/schema\/person\/25da02d4f76b137d04291711e2c9fc16\",\"name\":\"Tomas Jarvid\",\"image\":{\"@type\":\"ImageObject\",\"inLanguage\":\"sv-SE\",\"@id\":\"https:\/\/blogg.svenskakyrkan.se\/vandravagen\/#\/schema\/person\/image\/\",\"url\":\"https:\/\/secure.gravatar.com\/avatar\/7fa71899795e8f540f615a1f5ab25255dc27aa40f05ee7ddd21aac521e01bf50?s=96&d=identicon&r=g\",\"contentUrl\":\"https:\/\/secure.gravatar.com\/avatar\/7fa71899795e8f540f615a1f5ab25255dc27aa40f05ee7ddd21aac521e01bf50?s=96&d=identicon&r=g\",\"caption\":\"Tomas Jarvid\"},\"description\":\"Jag bor i Ulricehamn i V\u00e4sterg\u00f6tland och \u00e4r f\u00f6rsamlingspr\u00e4st i Svenska Kyrkan f\u00f6r Dalstorps f\u00f6rsamling i Kinds pastorat. P\u00e5 den h\u00e4r bloggen skriver jag ner tankar om vandringen som kristen.\",\"sameAs\":[\"http:\/\/www.vandravagen.se\"],\"url\":\"https:\/\/blogg.svenskakyrkan.se\/vandravagen\/author\/vandravagen\/\"}]}<\/script>\n<!-- \/ Yoast SEO plugin. -->","yoast_head_json":{"title":"Att \u00e5terv\u00e4nda, och att bli en fr\u00e4mling - Vandra V\u00e4gen","robots":{"index":"index","follow":"follow","max-snippet":"max-snippet:-1","max-image-preview":"max-image-preview:large","max-video-preview":"max-video-preview:-1"},"canonical":"https:\/\/blogg.svenskakyrkan.se\/vandravagen\/2012\/08\/02\/att-atervanda-och-att-bli-en-framling\/","og_locale":"sv_SE","og_type":"article","og_title":"Att \u00e5terv\u00e4nda, och att bli en fr\u00e4mling - Vandra V\u00e4gen","og_description":"Ritam\u00e4ki, i v\u00e4gl\u00f6st land. En central plats i livet? Under semestern har jag \u00e5terv\u00e4nt en hel del. B\u00e5de till platser jag varit p\u00e5 tidigare i livet och i minnet. Jag har sett tillbaka en hel del p\u00e5 de somrar som varit de senaste tio \u00e5ren och k\u00e4nt p\u00e5 hur de minnena k\u00e4nns idag. Geografiska platser [&hellip;]","og_url":"https:\/\/blogg.svenskakyrkan.se\/vandravagen\/2012\/08\/02\/att-atervanda-och-att-bli-en-framling\/","og_site_name":"Vandra V\u00e4gen","article_publisher":"http:\/\/facebook.com\/vandravagen","article_published_time":"2012-08-02T07:11:00+00:00","og_image":[{"url":"http:\/\/4.bp.blogspot.com\/-CzEOtB7ruZo\/T_9BRr1eOXI\/AAAAAAAAASo\/_GiT8pbhLkY\/s320\/P8010063.JPG","type":"","width":"","height":""}],"author":"Tomas Jarvid","twitter_card":"summary_large_image","twitter_creator":"@fadertomas","twitter_site":"@fadertomas","twitter_misc":{"Skriven av":"Tomas Jarvid","Ber\u00e4knad l\u00e4stid":"1 minut"},"schema":{"@context":"https:\/\/schema.org","@graph":[{"@type":"Article","@id":"https:\/\/blogg.svenskakyrkan.se\/vandravagen\/2012\/08\/02\/att-atervanda-och-att-bli-en-framling\/#article","isPartOf":{"@id":"https:\/\/blogg.svenskakyrkan.se\/vandravagen\/2012\/08\/02\/att-atervanda-och-att-bli-en-framling\/"},"author":{"name":"Tomas Jarvid","@id":"https:\/\/blogg.svenskakyrkan.se\/vandravagen\/#\/schema\/person\/25da02d4f76b137d04291711e2c9fc16"},"headline":"Att \u00e5terv\u00e4nda, och att bli en fr\u00e4mling","datePublished":"2012-08-02T07:11:00+00:00","mainEntityOfPage":{"@id":"https:\/\/blogg.svenskakyrkan.se\/vandravagen\/2012\/08\/02\/att-atervanda-och-att-bli-en-framling\/"},"wordCount":283,"commentCount":2,"publisher":{"@id":"https:\/\/blogg.svenskakyrkan.se\/vandravagen\/#organization"},"image":{"@id":"https:\/\/blogg.svenskakyrkan.se\/vandravagen\/2012\/08\/02\/att-atervanda-och-att-bli-en-framling\/#primaryimage"},"thumbnailUrl":"http:\/\/4.bp.blogspot.com\/-CzEOtB7ruZo\/T_9BRr1eOXI\/AAAAAAAAASo\/_GiT8pbhLkY\/s320\/P8010063.JPG","articleSection":["pilgrim"],"inLanguage":"sv-SE","potentialAction":[{"@type":"CommentAction","name":"Comment","target":["https:\/\/blogg.svenskakyrkan.se\/vandravagen\/2012\/08\/02\/att-atervanda-och-att-bli-en-framling\/#respond"]}]},{"@type":"WebPage","@id":"https:\/\/blogg.svenskakyrkan.se\/vandravagen\/2012\/08\/02\/att-atervanda-och-att-bli-en-framling\/","url":"https:\/\/blogg.svenskakyrkan.se\/vandravagen\/2012\/08\/02\/att-atervanda-och-att-bli-en-framling\/","name":"Att \u00e5terv\u00e4nda, och att bli en fr\u00e4mling - Vandra V\u00e4gen","isPartOf":{"@id":"https:\/\/blogg.svenskakyrkan.se\/vandravagen\/#website"},"primaryImageOfPage":{"@id":"https:\/\/blogg.svenskakyrkan.se\/vandravagen\/2012\/08\/02\/att-atervanda-och-att-bli-en-framling\/#primaryimage"},"image":{"@id":"https:\/\/blogg.svenskakyrkan.se\/vandravagen\/2012\/08\/02\/att-atervanda-och-att-bli-en-framling\/#primaryimage"},"thumbnailUrl":"http:\/\/4.bp.blogspot.com\/-CzEOtB7ruZo\/T_9BRr1eOXI\/AAAAAAAAASo\/_GiT8pbhLkY\/s320\/P8010063.JPG","datePublished":"2012-08-02T07:11:00+00:00","breadcrumb":{"@id":"https:\/\/blogg.svenskakyrkan.se\/vandravagen\/2012\/08\/02\/att-atervanda-och-att-bli-en-framling\/#breadcrumb"},"inLanguage":"sv-SE","potentialAction":[{"@type":"ReadAction","target":["https:\/\/blogg.svenskakyrkan.se\/vandravagen\/2012\/08\/02\/att-atervanda-och-att-bli-en-framling\/"]}]},{"@type":"ImageObject","inLanguage":"sv-SE","@id":"https:\/\/blogg.svenskakyrkan.se\/vandravagen\/2012\/08\/02\/att-atervanda-och-att-bli-en-framling\/#primaryimage","url":"http:\/\/4.bp.blogspot.com\/-CzEOtB7ruZo\/T_9BRr1eOXI\/AAAAAAAAASo\/_GiT8pbhLkY\/s320\/P8010063.JPG","contentUrl":"http:\/\/4.bp.blogspot.com\/-CzEOtB7ruZo\/T_9BRr1eOXI\/AAAAAAAAASo\/_GiT8pbhLkY\/s320\/P8010063.JPG"},{"@type":"BreadcrumbList","@id":"https:\/\/blogg.svenskakyrkan.se\/vandravagen\/2012\/08\/02\/att-atervanda-och-att-bli-en-framling\/#breadcrumb","itemListElement":[{"@type":"ListItem","position":1,"name":"Hem","item":"https:\/\/blogg.svenskakyrkan.se\/vandravagen\/"},{"@type":"ListItem","position":2,"name":"Att \u00e5terv\u00e4nda, och att bli en fr\u00e4mling"}]},{"@type":"WebSite","@id":"https:\/\/blogg.svenskakyrkan.se\/vandravagen\/#website","url":"https:\/\/blogg.svenskakyrkan.se\/vandravagen\/","name":"Vandra V\u00e4gen","description":"-Mot en tro f\u00f6r hela livet","publisher":{"@id":"https:\/\/blogg.svenskakyrkan.se\/vandravagen\/#organization"},"potentialAction":[{"@type":"SearchAction","target":{"@type":"EntryPoint","urlTemplate":"https:\/\/blogg.svenskakyrkan.se\/vandravagen\/?s={search_term_string}"},"query-input":{"@type":"PropertyValueSpecification","valueRequired":true,"valueName":"search_term_string"}}],"inLanguage":"sv-SE"},{"@type":"Organization","@id":"https:\/\/blogg.svenskakyrkan.se\/vandravagen\/#organization","name":"ulricehamns pastorat","alternateName":"ulricehamns pastorat","url":"https:\/\/blogg.svenskakyrkan.se\/vandravagen\/","logo":{"@type":"ImageObject","inLanguage":"sv-SE","@id":"https:\/\/blogg.svenskakyrkan.se\/vandravagen\/#\/schema\/logo\/image\/","url":"https:\/\/blogg.svenskakyrkan.se\/vandravagen\/files\/2023\/05\/Ulr_logo_RGB.png","contentUrl":"https:\/\/blogg.svenskakyrkan.se\/vandravagen\/files\/2023\/05\/Ulr_logo_RGB.png","width":205,"height":77,"caption":"ulricehamns pastorat"},"image":{"@id":"https:\/\/blogg.svenskakyrkan.se\/vandravagen\/#\/schema\/logo\/image\/"},"sameAs":["http:\/\/facebook.com\/vandravagen","https:\/\/x.com\/fadertomas","http:\/\/www.facebook.com\/svenskakyrkaniulricehamn"]},{"@type":"Person","@id":"https:\/\/blogg.svenskakyrkan.se\/vandravagen\/#\/schema\/person\/25da02d4f76b137d04291711e2c9fc16","name":"Tomas Jarvid","image":{"@type":"ImageObject","inLanguage":"sv-SE","@id":"https:\/\/blogg.svenskakyrkan.se\/vandravagen\/#\/schema\/person\/image\/","url":"https:\/\/secure.gravatar.com\/avatar\/7fa71899795e8f540f615a1f5ab25255dc27aa40f05ee7ddd21aac521e01bf50?s=96&d=identicon&r=g","contentUrl":"https:\/\/secure.gravatar.com\/avatar\/7fa71899795e8f540f615a1f5ab25255dc27aa40f05ee7ddd21aac521e01bf50?s=96&d=identicon&r=g","caption":"Tomas Jarvid"},"description":"Jag bor i Ulricehamn i V\u00e4sterg\u00f6tland och \u00e4r f\u00f6rsamlingspr\u00e4st i Svenska Kyrkan f\u00f6r Dalstorps f\u00f6rsamling i Kinds pastorat. P\u00e5 den h\u00e4r bloggen skriver jag ner tankar om vandringen som kristen.","sameAs":["http:\/\/www.vandravagen.se"],"url":"https:\/\/blogg.svenskakyrkan.se\/vandravagen\/author\/vandravagen\/"}]}},"author_meta":{"ID":"392","user_nicename":"vandravagen","user_url":"http:\/\/www.vandravagen.se","user_registered":"2014-05-19 05:44:52","display_name":"Tomas Jarvid","first_name":"Tomas","last_name":"Jarvid","avatar":"https:\/\/secure.gravatar.com\/avatar\/7fa71899795e8f540f615a1f5ab25255dc27aa40f05ee7ddd21aac521e01bf50?s=96&d=identicon&r=g"},"featured_image":false,"bloginfo":{"name":"Vandra V\u00e4gen","url":"https:\/\/blogg.svenskakyrkan.se\/vandravagen"},"_links":{"self":[{"href":"https:\/\/blogg.svenskakyrkan.se\/vandravagen\/wp-json\/wp\/v2\/posts\/1007","targetHints":{"allow":["GET"]}}],"collection":[{"href":"https:\/\/blogg.svenskakyrkan.se\/vandravagen\/wp-json\/wp\/v2\/posts"}],"about":[{"href":"https:\/\/blogg.svenskakyrkan.se\/vandravagen\/wp-json\/wp\/v2\/types\/post"}],"author":[{"embeddable":true,"href":"https:\/\/blogg.svenskakyrkan.se\/vandravagen\/wp-json\/wp\/v2\/users\/392"}],"replies":[{"embeddable":true,"href":"https:\/\/blogg.svenskakyrkan.se\/vandravagen\/wp-json\/wp\/v2\/comments?post=1007"}],"version-history":[{"count":0,"href":"https:\/\/blogg.svenskakyrkan.se\/vandravagen\/wp-json\/wp\/v2\/posts\/1007\/revisions"}],"wp:attachment":[{"href":"https:\/\/blogg.svenskakyrkan.se\/vandravagen\/wp-json\/wp\/v2\/media?parent=1007"}],"wp:term":[{"taxonomy":"category","embeddable":true,"href":"https:\/\/blogg.svenskakyrkan.se\/vandravagen\/wp-json\/wp\/v2\/categories?post=1007"},{"taxonomy":"post_tag","embeddable":true,"href":"https:\/\/blogg.svenskakyrkan.se\/vandravagen\/wp-json\/wp\/v2\/tags?post=1007"}],"curies":[{"name":"wp","href":"https:\/\/api.w.org\/{rel}","templated":true}]}}