{"id":1016,"date":"2012-07-20T08:25:00","date_gmt":"2012-07-20T06:25:00","guid":{"rendered":"http:\/\/blogg.svenskakyrkan.se\/vandravagen\/2012\/07\/20\/det-fina-med-att-vara-en-syndare\/"},"modified":"2012-07-20T08:25:00","modified_gmt":"2012-07-20T06:25:00","slug":"det-fina-med-att-vara-en-syndare","status":"publish","type":"post","link":"https:\/\/blogg.svenskakyrkan.se\/vandravagen\/2012\/07\/20\/det-fina-med-att-vara-en-syndare\/","title":{"rendered":"Det fina med att vara en syndare!?"},"content":{"rendered":"<div><\/div>\n<table align=\"center\" cellpadding=\"0\" cellspacing=\"0\">\n<tbody>\n<tr>\n<td><a href=\"http:\/\/4.bp.blogspot.com\/-GlmYuCdLTiY\/UAfL4LL9MEI\/AAAAAAAAATI\/7EFEW-ycPc8\/s1600\/IMG_1283.JPG\"><img loading=\"lazy\" decoding=\"async\" border=\"0\" height=\"400\" src=\"http:\/\/4.bp.blogspot.com\/-GlmYuCdLTiY\/UAfL4LL9MEI\/AAAAAAAAATI\/7EFEW-ycPc8\/s400\/IMG_1283.JPG\" width=\"266\"><\/a><\/td>\n<\/tr>\n<tr>\n<td>Den som \u00e4r \u00e4lskad \u00e4nd\u00e5 kan erk\u00e4nna sina fel<\/td>\n<\/tr>\n<\/tbody>\n<\/table>\n<p>N\u00e4r jag nyligen skrev om\u00a0<a href=\"http:\/\/vagenixp.blogspot.se\/2012\/06\/var-lite-mer-dogmatisk-da.html\">vikten av teologi och dogmer<\/a>\u00a0lovade jag att \u00e5terkomma med ett inl\u00e4gg med temat\u00a0&#8221;det fina med att vara en syndare&#8221;. En konstig rubrik kan man l\u00e4tt tycka. Skulle det finnas n\u00e5got fint med att vara en syndare? Finns det \u00f6verhuvudtaget n\u00e5gon m\u00e4nniska som kallar sig sj\u00e4lv s\u00e5 numera i v\u00e5r moderna v\u00e4rld? Degraderar inte det m\u00e4nniskan att kalla henne n\u00e5got s\u00e5dant? Jag vill \u00e4nd\u00e5 mena att det finns mycket goda sk\u00e4l att forts\u00e4tta anv\u00e4nda ordet synd.<\/p>\n<p>Ordet synd och alla som h\u00f6r ihop med det (syndare, syndan\u00f6d, syndig och s\u00e5 vidare) \u00e4r kanske de allra sv\u00e5raste i kyrkiskan att anv\u00e4nda idag och \u00e4nd\u00e5 samtidigt lyckas g\u00f6ra sig f\u00f6rst\u00e5dd -det finns s\u00e5 otroligt m\u00e5nga missuppfattningar om vad det handlar om.<\/p>\n<p>Jag menar f\u00f6rst\u00e5s inte att det \u00e4r bra att vara en syndare egentligen. Det \u00e4r n\u00e4mligen ett slaveri det \u00e4r fr\u00e5ga om. Precis som den f\u00f6rlorade sonen i Jesu liknelse har vi lockats bort fr\u00e5n fadershuset och hamnat l\u00e4ngre och l\u00e4ngre ner i f\u00f6rnedring under alla slags f\u00f6rslavande krafter. Egot inte minst. Nej, att vara en syndare \u00e4r inget vidare. Den f\u00f6rlorade sonen ins\u00e5g det och v\u00e4nde hem\u00e5t och genast var han i sin faders famn. Som bibeltexten \u00e4r skriven s\u00e5 kommer Fadern honom till m\u00f6tes s\u00e5 fort han bara best\u00e4mt sig f\u00f6r att g\u00e5 hem!<\/p>\n<p>Vad \u00e4r det d\u00e5 som \u00e4r positivt? Det \u00e4r i faktiskt sj\u00e4lva diagnosen. F\u00f6r en person med ADHD eller liknande \u00e4r det ofta sk\u00f6nt att f\u00e5 sin diagnos och f\u00e5 en f\u00f6rklaring p\u00e5 varf\u00f6r tillvaron skaver. S\u00e5 t\u00e4nker jag om ordet synd. Livet skaver f\u00f6r oss allihop. Vi vill tro att vi vill s\u00e5 v\u00e4l och \u00e4r s\u00e5 goda men \u00e4nd\u00e5 handlar vi ofta helt tv\u00e4rtom! Och eftersom vi har ansvar f\u00f6r v\u00e5ra liv har vi skuld inf\u00f6r varandra och framf\u00f6rallt inf\u00f6r Gud som vi avsatt genom att ta r\u00e4tten i egna h\u00e4nder. Det vore sj\u00e4lvklart ingen hj\u00e4lp att avskaffa sj\u00e4lva ordet synd, det har man f\u00f6r \u00f6vrigt redan f\u00f6rs\u00f6kt med l\u00e4nge. Ord \u00e4r kartor \u00f6ver verkligheten. De finns d\u00e4r f\u00f6r att vi ska kunna orientera oss med hj\u00e4lp av dem.<\/p>\n<p>Diagnos i all \u00e4ra men den vore inte till mycket gl\u00e4dje om det inte vore f\u00f6r att den kristna tron ocks\u00e5 har som special\u00e4rende att erbjuda en l\u00f6sning p\u00e5 problemet. Evangeliet om att Gud st\u00e4ndigt p\u00e5 nytt f\u00f6rl\u00e5ter, f\u00f6rsonar, befriar och bjuder oss till sig i f\u00f6rnyad gemenskap. Vi f\u00e5r ta v\u00e5r synd (och d\u00e4rmed v\u00e5rt ansvar) p\u00e5 allvar och tala med Gud om det. F\u00f6r d\u00e4r det finns k\u00e4rlek, d\u00e4r v\u00e5gar vi ocks\u00e5 erk\u00e4nna v\u00e5ra fel. Och erk\u00e4nner vi v\u00e5ra fel s\u00e5 \u00e4r de inte l\u00e4ngre n\u00e5gon m\u00f6rk hemlighet utan n\u00e5got vi och Gud f\u00e5r hj\u00e4lpas \u00e5t att k\u00e4mpa med tillsammans.<\/p>\n<p>Allts\u00e5: Jag \u00e4r en syndare, men det \u00e4r inte k\u00f6rt f\u00f6r det eftersom det finns en Gud som \u00e4lskar syndare och som d\u00f6tt p\u00e5 ett kors f\u00f6r att inga synder ska beh\u00f6va skilja oss \u00e5t.<\/p>\n<p>En annan g\u00e5ng kanske jag kan skriva om skillnaden mellan skuld och skam men f\u00f6r den h\u00e4r g\u00e5ngen f\u00e5r det r\u00e4cka med en f\u00f6rs\u00e4kran om att vad du \u00e4n gjort s\u00e5 rubbar det inte Guds k\u00e4rlek. Du \u00e4r \u00e4lskad!<\/p><\/p>\n","protected":false},"excerpt":{"rendered":"<p>Den som \u00e4r \u00e4lskad \u00e4nd\u00e5 kan erk\u00e4nna sina fel N\u00e4r jag nyligen skrev om\u00a0vikten av teologi och dogmer\u00a0lovade jag att \u00e5terkomma med ett inl\u00e4gg med temat\u00a0&#8221;det fina med att vara en syndare&#8221;. En konstig rubrik kan man l\u00e4tt tycka. Skulle det finnas n\u00e5got fint med att vara en syndare? Finns det \u00f6verhuvudtaget n\u00e5gon m\u00e4nniska som [&hellip;]<\/p>\n","protected":false},"author":392,"featured_media":0,"comment_status":"open","ping_status":"open","sticky":false,"template":"","format":"standard","meta":{"_acf_changed":false,"footnotes":""},"categories":[117,77554],"tags":[],"class_list":["post-1016","post","type-post","status-publish","format-standard","hentry","category-teologi","category-vara-manniska"],"acf":[],"yoast_head":"<!-- This site is optimized with the Yoast SEO plugin v27.1.1 - https:\/\/yoast.com\/product\/yoast-seo-wordpress\/ -->\n<title>Det fina med att vara en syndare!? - Vandra V\u00e4gen<\/title>\n<meta name=\"robots\" content=\"index, follow, max-snippet:-1, max-image-preview:large, max-video-preview:-1\" \/>\n<link rel=\"canonical\" href=\"https:\/\/blogg.svenskakyrkan.se\/vandravagen\/2012\/07\/20\/det-fina-med-att-vara-en-syndare\/\" \/>\n<meta property=\"og:locale\" content=\"sv_SE\" \/>\n<meta property=\"og:type\" content=\"article\" \/>\n<meta property=\"og:title\" content=\"Det fina med att vara en syndare!? - Vandra V\u00e4gen\" \/>\n<meta property=\"og:description\" content=\"Den som \u00e4r \u00e4lskad \u00e4nd\u00e5 kan erk\u00e4nna sina fel N\u00e4r jag nyligen skrev om\u00a0vikten av teologi och dogmer\u00a0lovade jag att \u00e5terkomma med ett inl\u00e4gg med temat\u00a0&#8221;det fina med att vara en syndare&#8221;. En konstig rubrik kan man l\u00e4tt tycka. Skulle det finnas n\u00e5got fint med att vara en syndare? Finns det \u00f6verhuvudtaget n\u00e5gon m\u00e4nniska som [&hellip;]\" \/>\n<meta property=\"og:url\" content=\"https:\/\/blogg.svenskakyrkan.se\/vandravagen\/2012\/07\/20\/det-fina-med-att-vara-en-syndare\/\" \/>\n<meta property=\"og:site_name\" content=\"Vandra V\u00e4gen\" \/>\n<meta property=\"article:publisher\" content=\"http:\/\/facebook.com\/vandravagen\" \/>\n<meta property=\"article:published_time\" content=\"2012-07-20T06:25:00+00:00\" \/>\n<meta property=\"og:image\" content=\"http:\/\/4.bp.blogspot.com\/-GlmYuCdLTiY\/UAfL4LL9MEI\/AAAAAAAAATI\/7EFEW-ycPc8\/s400\/IMG_1283.JPG\" \/>\n<meta name=\"author\" content=\"Tomas Jarvid\" \/>\n<meta name=\"twitter:card\" content=\"summary_large_image\" \/>\n<meta name=\"twitter:creator\" content=\"@fadertomas\" \/>\n<meta name=\"twitter:site\" content=\"@fadertomas\" \/>\n<meta name=\"twitter:label1\" content=\"Skriven av\" \/>\n\t<meta name=\"twitter:data1\" content=\"Tomas Jarvid\" \/>\n\t<meta name=\"twitter:label2\" content=\"Ber\u00e4knad l\u00e4stid\" \/>\n\t<meta name=\"twitter:data2\" content=\"3 minuter\" \/>\n<script type=\"application\/ld+json\" class=\"yoast-schema-graph\">{\"@context\":\"https:\/\/schema.org\",\"@graph\":[{\"@type\":\"Article\",\"@id\":\"https:\/\/blogg.svenskakyrkan.se\/vandravagen\/2012\/07\/20\/det-fina-med-att-vara-en-syndare\/#article\",\"isPartOf\":{\"@id\":\"https:\/\/blogg.svenskakyrkan.se\/vandravagen\/2012\/07\/20\/det-fina-med-att-vara-en-syndare\/\"},\"author\":{\"name\":\"Tomas Jarvid\",\"@id\":\"https:\/\/blogg.svenskakyrkan.se\/vandravagen\/#\/schema\/person\/25da02d4f76b137d04291711e2c9fc16\"},\"headline\":\"Det fina med att vara en syndare!?\",\"datePublished\":\"2012-07-20T06:25:00+00:00\",\"mainEntityOfPage\":{\"@id\":\"https:\/\/blogg.svenskakyrkan.se\/vandravagen\/2012\/07\/20\/det-fina-med-att-vara-en-syndare\/\"},\"wordCount\":654,\"commentCount\":1,\"publisher\":{\"@id\":\"https:\/\/blogg.svenskakyrkan.se\/vandravagen\/#organization\"},\"image\":{\"@id\":\"https:\/\/blogg.svenskakyrkan.se\/vandravagen\/2012\/07\/20\/det-fina-med-att-vara-en-syndare\/#primaryimage\"},\"thumbnailUrl\":\"http:\/\/4.bp.blogspot.com\/-GlmYuCdLTiY\/UAfL4LL9MEI\/AAAAAAAAATI\/7EFEW-ycPc8\/s400\/IMG_1283.JPG\",\"articleSection\":[\"Teologi\",\"vara m\u00e4nniska\"],\"inLanguage\":\"sv-SE\",\"potentialAction\":[{\"@type\":\"CommentAction\",\"name\":\"Comment\",\"target\":[\"https:\/\/blogg.svenskakyrkan.se\/vandravagen\/2012\/07\/20\/det-fina-med-att-vara-en-syndare\/#respond\"]}]},{\"@type\":\"WebPage\",\"@id\":\"https:\/\/blogg.svenskakyrkan.se\/vandravagen\/2012\/07\/20\/det-fina-med-att-vara-en-syndare\/\",\"url\":\"https:\/\/blogg.svenskakyrkan.se\/vandravagen\/2012\/07\/20\/det-fina-med-att-vara-en-syndare\/\",\"name\":\"Det fina med att vara en syndare!? - Vandra V\u00e4gen\",\"isPartOf\":{\"@id\":\"https:\/\/blogg.svenskakyrkan.se\/vandravagen\/#website\"},\"primaryImageOfPage\":{\"@id\":\"https:\/\/blogg.svenskakyrkan.se\/vandravagen\/2012\/07\/20\/det-fina-med-att-vara-en-syndare\/#primaryimage\"},\"image\":{\"@id\":\"https:\/\/blogg.svenskakyrkan.se\/vandravagen\/2012\/07\/20\/det-fina-med-att-vara-en-syndare\/#primaryimage\"},\"thumbnailUrl\":\"http:\/\/4.bp.blogspot.com\/-GlmYuCdLTiY\/UAfL4LL9MEI\/AAAAAAAAATI\/7EFEW-ycPc8\/s400\/IMG_1283.JPG\",\"datePublished\":\"2012-07-20T06:25:00+00:00\",\"breadcrumb\":{\"@id\":\"https:\/\/blogg.svenskakyrkan.se\/vandravagen\/2012\/07\/20\/det-fina-med-att-vara-en-syndare\/#breadcrumb\"},\"inLanguage\":\"sv-SE\",\"potentialAction\":[{\"@type\":\"ReadAction\",\"target\":[\"https:\/\/blogg.svenskakyrkan.se\/vandravagen\/2012\/07\/20\/det-fina-med-att-vara-en-syndare\/\"]}]},{\"@type\":\"ImageObject\",\"inLanguage\":\"sv-SE\",\"@id\":\"https:\/\/blogg.svenskakyrkan.se\/vandravagen\/2012\/07\/20\/det-fina-med-att-vara-en-syndare\/#primaryimage\",\"url\":\"http:\/\/4.bp.blogspot.com\/-GlmYuCdLTiY\/UAfL4LL9MEI\/AAAAAAAAATI\/7EFEW-ycPc8\/s400\/IMG_1283.JPG\",\"contentUrl\":\"http:\/\/4.bp.blogspot.com\/-GlmYuCdLTiY\/UAfL4LL9MEI\/AAAAAAAAATI\/7EFEW-ycPc8\/s400\/IMG_1283.JPG\"},{\"@type\":\"BreadcrumbList\",\"@id\":\"https:\/\/blogg.svenskakyrkan.se\/vandravagen\/2012\/07\/20\/det-fina-med-att-vara-en-syndare\/#breadcrumb\",\"itemListElement\":[{\"@type\":\"ListItem\",\"position\":1,\"name\":\"Hem\",\"item\":\"https:\/\/blogg.svenskakyrkan.se\/vandravagen\/\"},{\"@type\":\"ListItem\",\"position\":2,\"name\":\"Det fina med att vara en syndare!?\"}]},{\"@type\":\"WebSite\",\"@id\":\"https:\/\/blogg.svenskakyrkan.se\/vandravagen\/#website\",\"url\":\"https:\/\/blogg.svenskakyrkan.se\/vandravagen\/\",\"name\":\"Vandra V\u00e4gen\",\"description\":\"-Mot en tro f\u00f6r hela livet\",\"publisher\":{\"@id\":\"https:\/\/blogg.svenskakyrkan.se\/vandravagen\/#organization\"},\"potentialAction\":[{\"@type\":\"SearchAction\",\"target\":{\"@type\":\"EntryPoint\",\"urlTemplate\":\"https:\/\/blogg.svenskakyrkan.se\/vandravagen\/?s={search_term_string}\"},\"query-input\":{\"@type\":\"PropertyValueSpecification\",\"valueRequired\":true,\"valueName\":\"search_term_string\"}}],\"inLanguage\":\"sv-SE\"},{\"@type\":\"Organization\",\"@id\":\"https:\/\/blogg.svenskakyrkan.se\/vandravagen\/#organization\",\"name\":\"ulricehamns pastorat\",\"alternateName\":\"ulricehamns pastorat\",\"url\":\"https:\/\/blogg.svenskakyrkan.se\/vandravagen\/\",\"logo\":{\"@type\":\"ImageObject\",\"inLanguage\":\"sv-SE\",\"@id\":\"https:\/\/blogg.svenskakyrkan.se\/vandravagen\/#\/schema\/logo\/image\/\",\"url\":\"https:\/\/blogg.svenskakyrkan.se\/vandravagen\/files\/2023\/05\/Ulr_logo_RGB.png\",\"contentUrl\":\"https:\/\/blogg.svenskakyrkan.se\/vandravagen\/files\/2023\/05\/Ulr_logo_RGB.png\",\"width\":205,\"height\":77,\"caption\":\"ulricehamns pastorat\"},\"image\":{\"@id\":\"https:\/\/blogg.svenskakyrkan.se\/vandravagen\/#\/schema\/logo\/image\/\"},\"sameAs\":[\"http:\/\/facebook.com\/vandravagen\",\"https:\/\/x.com\/fadertomas\",\"http:\/\/www.facebook.com\/svenskakyrkaniulricehamn\"]},{\"@type\":\"Person\",\"@id\":\"https:\/\/blogg.svenskakyrkan.se\/vandravagen\/#\/schema\/person\/25da02d4f76b137d04291711e2c9fc16\",\"name\":\"Tomas Jarvid\",\"image\":{\"@type\":\"ImageObject\",\"inLanguage\":\"sv-SE\",\"@id\":\"https:\/\/blogg.svenskakyrkan.se\/vandravagen\/#\/schema\/person\/image\/\",\"url\":\"https:\/\/secure.gravatar.com\/avatar\/7fa71899795e8f540f615a1f5ab25255dc27aa40f05ee7ddd21aac521e01bf50?s=96&d=identicon&r=g\",\"contentUrl\":\"https:\/\/secure.gravatar.com\/avatar\/7fa71899795e8f540f615a1f5ab25255dc27aa40f05ee7ddd21aac521e01bf50?s=96&d=identicon&r=g\",\"caption\":\"Tomas Jarvid\"},\"description\":\"Jag bor i Ulricehamn i V\u00e4sterg\u00f6tland och \u00e4r f\u00f6rsamlingspr\u00e4st i Svenska Kyrkan f\u00f6r Dalstorps f\u00f6rsamling i Kinds pastorat. P\u00e5 den h\u00e4r bloggen skriver jag ner tankar om vandringen som kristen.\",\"sameAs\":[\"http:\/\/www.vandravagen.se\"],\"url\":\"https:\/\/blogg.svenskakyrkan.se\/vandravagen\/author\/vandravagen\/\"}]}<\/script>\n<!-- \/ Yoast SEO plugin. -->","yoast_head_json":{"title":"Det fina med att vara en syndare!? - Vandra V\u00e4gen","robots":{"index":"index","follow":"follow","max-snippet":"max-snippet:-1","max-image-preview":"max-image-preview:large","max-video-preview":"max-video-preview:-1"},"canonical":"https:\/\/blogg.svenskakyrkan.se\/vandravagen\/2012\/07\/20\/det-fina-med-att-vara-en-syndare\/","og_locale":"sv_SE","og_type":"article","og_title":"Det fina med att vara en syndare!? - Vandra V\u00e4gen","og_description":"Den som \u00e4r \u00e4lskad \u00e4nd\u00e5 kan erk\u00e4nna sina fel N\u00e4r jag nyligen skrev om\u00a0vikten av teologi och dogmer\u00a0lovade jag att \u00e5terkomma med ett inl\u00e4gg med temat\u00a0&#8221;det fina med att vara en syndare&#8221;. En konstig rubrik kan man l\u00e4tt tycka. Skulle det finnas n\u00e5got fint med att vara en syndare? Finns det \u00f6verhuvudtaget n\u00e5gon m\u00e4nniska som [&hellip;]","og_url":"https:\/\/blogg.svenskakyrkan.se\/vandravagen\/2012\/07\/20\/det-fina-med-att-vara-en-syndare\/","og_site_name":"Vandra V\u00e4gen","article_publisher":"http:\/\/facebook.com\/vandravagen","article_published_time":"2012-07-20T06:25:00+00:00","og_image":[{"url":"http:\/\/4.bp.blogspot.com\/-GlmYuCdLTiY\/UAfL4LL9MEI\/AAAAAAAAATI\/7EFEW-ycPc8\/s400\/IMG_1283.JPG","type":"","width":"","height":""}],"author":"Tomas Jarvid","twitter_card":"summary_large_image","twitter_creator":"@fadertomas","twitter_site":"@fadertomas","twitter_misc":{"Skriven av":"Tomas Jarvid","Ber\u00e4knad l\u00e4stid":"3 minuter"},"schema":{"@context":"https:\/\/schema.org","@graph":[{"@type":"Article","@id":"https:\/\/blogg.svenskakyrkan.se\/vandravagen\/2012\/07\/20\/det-fina-med-att-vara-en-syndare\/#article","isPartOf":{"@id":"https:\/\/blogg.svenskakyrkan.se\/vandravagen\/2012\/07\/20\/det-fina-med-att-vara-en-syndare\/"},"author":{"name":"Tomas Jarvid","@id":"https:\/\/blogg.svenskakyrkan.se\/vandravagen\/#\/schema\/person\/25da02d4f76b137d04291711e2c9fc16"},"headline":"Det fina med att vara en syndare!?","datePublished":"2012-07-20T06:25:00+00:00","mainEntityOfPage":{"@id":"https:\/\/blogg.svenskakyrkan.se\/vandravagen\/2012\/07\/20\/det-fina-med-att-vara-en-syndare\/"},"wordCount":654,"commentCount":1,"publisher":{"@id":"https:\/\/blogg.svenskakyrkan.se\/vandravagen\/#organization"},"image":{"@id":"https:\/\/blogg.svenskakyrkan.se\/vandravagen\/2012\/07\/20\/det-fina-med-att-vara-en-syndare\/#primaryimage"},"thumbnailUrl":"http:\/\/4.bp.blogspot.com\/-GlmYuCdLTiY\/UAfL4LL9MEI\/AAAAAAAAATI\/7EFEW-ycPc8\/s400\/IMG_1283.JPG","articleSection":["Teologi","vara m\u00e4nniska"],"inLanguage":"sv-SE","potentialAction":[{"@type":"CommentAction","name":"Comment","target":["https:\/\/blogg.svenskakyrkan.se\/vandravagen\/2012\/07\/20\/det-fina-med-att-vara-en-syndare\/#respond"]}]},{"@type":"WebPage","@id":"https:\/\/blogg.svenskakyrkan.se\/vandravagen\/2012\/07\/20\/det-fina-med-att-vara-en-syndare\/","url":"https:\/\/blogg.svenskakyrkan.se\/vandravagen\/2012\/07\/20\/det-fina-med-att-vara-en-syndare\/","name":"Det fina med att vara en syndare!? - Vandra V\u00e4gen","isPartOf":{"@id":"https:\/\/blogg.svenskakyrkan.se\/vandravagen\/#website"},"primaryImageOfPage":{"@id":"https:\/\/blogg.svenskakyrkan.se\/vandravagen\/2012\/07\/20\/det-fina-med-att-vara-en-syndare\/#primaryimage"},"image":{"@id":"https:\/\/blogg.svenskakyrkan.se\/vandravagen\/2012\/07\/20\/det-fina-med-att-vara-en-syndare\/#primaryimage"},"thumbnailUrl":"http:\/\/4.bp.blogspot.com\/-GlmYuCdLTiY\/UAfL4LL9MEI\/AAAAAAAAATI\/7EFEW-ycPc8\/s400\/IMG_1283.JPG","datePublished":"2012-07-20T06:25:00+00:00","breadcrumb":{"@id":"https:\/\/blogg.svenskakyrkan.se\/vandravagen\/2012\/07\/20\/det-fina-med-att-vara-en-syndare\/#breadcrumb"},"inLanguage":"sv-SE","potentialAction":[{"@type":"ReadAction","target":["https:\/\/blogg.svenskakyrkan.se\/vandravagen\/2012\/07\/20\/det-fina-med-att-vara-en-syndare\/"]}]},{"@type":"ImageObject","inLanguage":"sv-SE","@id":"https:\/\/blogg.svenskakyrkan.se\/vandravagen\/2012\/07\/20\/det-fina-med-att-vara-en-syndare\/#primaryimage","url":"http:\/\/4.bp.blogspot.com\/-GlmYuCdLTiY\/UAfL4LL9MEI\/AAAAAAAAATI\/7EFEW-ycPc8\/s400\/IMG_1283.JPG","contentUrl":"http:\/\/4.bp.blogspot.com\/-GlmYuCdLTiY\/UAfL4LL9MEI\/AAAAAAAAATI\/7EFEW-ycPc8\/s400\/IMG_1283.JPG"},{"@type":"BreadcrumbList","@id":"https:\/\/blogg.svenskakyrkan.se\/vandravagen\/2012\/07\/20\/det-fina-med-att-vara-en-syndare\/#breadcrumb","itemListElement":[{"@type":"ListItem","position":1,"name":"Hem","item":"https:\/\/blogg.svenskakyrkan.se\/vandravagen\/"},{"@type":"ListItem","position":2,"name":"Det fina med att vara en syndare!?"}]},{"@type":"WebSite","@id":"https:\/\/blogg.svenskakyrkan.se\/vandravagen\/#website","url":"https:\/\/blogg.svenskakyrkan.se\/vandravagen\/","name":"Vandra V\u00e4gen","description":"-Mot en tro f\u00f6r hela livet","publisher":{"@id":"https:\/\/blogg.svenskakyrkan.se\/vandravagen\/#organization"},"potentialAction":[{"@type":"SearchAction","target":{"@type":"EntryPoint","urlTemplate":"https:\/\/blogg.svenskakyrkan.se\/vandravagen\/?s={search_term_string}"},"query-input":{"@type":"PropertyValueSpecification","valueRequired":true,"valueName":"search_term_string"}}],"inLanguage":"sv-SE"},{"@type":"Organization","@id":"https:\/\/blogg.svenskakyrkan.se\/vandravagen\/#organization","name":"ulricehamns pastorat","alternateName":"ulricehamns pastorat","url":"https:\/\/blogg.svenskakyrkan.se\/vandravagen\/","logo":{"@type":"ImageObject","inLanguage":"sv-SE","@id":"https:\/\/blogg.svenskakyrkan.se\/vandravagen\/#\/schema\/logo\/image\/","url":"https:\/\/blogg.svenskakyrkan.se\/vandravagen\/files\/2023\/05\/Ulr_logo_RGB.png","contentUrl":"https:\/\/blogg.svenskakyrkan.se\/vandravagen\/files\/2023\/05\/Ulr_logo_RGB.png","width":205,"height":77,"caption":"ulricehamns pastorat"},"image":{"@id":"https:\/\/blogg.svenskakyrkan.se\/vandravagen\/#\/schema\/logo\/image\/"},"sameAs":["http:\/\/facebook.com\/vandravagen","https:\/\/x.com\/fadertomas","http:\/\/www.facebook.com\/svenskakyrkaniulricehamn"]},{"@type":"Person","@id":"https:\/\/blogg.svenskakyrkan.se\/vandravagen\/#\/schema\/person\/25da02d4f76b137d04291711e2c9fc16","name":"Tomas Jarvid","image":{"@type":"ImageObject","inLanguage":"sv-SE","@id":"https:\/\/blogg.svenskakyrkan.se\/vandravagen\/#\/schema\/person\/image\/","url":"https:\/\/secure.gravatar.com\/avatar\/7fa71899795e8f540f615a1f5ab25255dc27aa40f05ee7ddd21aac521e01bf50?s=96&d=identicon&r=g","contentUrl":"https:\/\/secure.gravatar.com\/avatar\/7fa71899795e8f540f615a1f5ab25255dc27aa40f05ee7ddd21aac521e01bf50?s=96&d=identicon&r=g","caption":"Tomas Jarvid"},"description":"Jag bor i Ulricehamn i V\u00e4sterg\u00f6tland och \u00e4r f\u00f6rsamlingspr\u00e4st i Svenska Kyrkan f\u00f6r Dalstorps f\u00f6rsamling i Kinds pastorat. P\u00e5 den h\u00e4r bloggen skriver jag ner tankar om vandringen som kristen.","sameAs":["http:\/\/www.vandravagen.se"],"url":"https:\/\/blogg.svenskakyrkan.se\/vandravagen\/author\/vandravagen\/"}]}},"author_meta":{"ID":"392","user_nicename":"vandravagen","user_url":"http:\/\/www.vandravagen.se","user_registered":"2014-05-19 05:44:52","display_name":"Tomas Jarvid","first_name":"Tomas","last_name":"Jarvid","avatar":"https:\/\/secure.gravatar.com\/avatar\/7fa71899795e8f540f615a1f5ab25255dc27aa40f05ee7ddd21aac521e01bf50?s=96&d=identicon&r=g"},"featured_image":false,"bloginfo":{"name":"Vandra V\u00e4gen","url":"https:\/\/blogg.svenskakyrkan.se\/vandravagen"},"_links":{"self":[{"href":"https:\/\/blogg.svenskakyrkan.se\/vandravagen\/wp-json\/wp\/v2\/posts\/1016","targetHints":{"allow":["GET"]}}],"collection":[{"href":"https:\/\/blogg.svenskakyrkan.se\/vandravagen\/wp-json\/wp\/v2\/posts"}],"about":[{"href":"https:\/\/blogg.svenskakyrkan.se\/vandravagen\/wp-json\/wp\/v2\/types\/post"}],"author":[{"embeddable":true,"href":"https:\/\/blogg.svenskakyrkan.se\/vandravagen\/wp-json\/wp\/v2\/users\/392"}],"replies":[{"embeddable":true,"href":"https:\/\/blogg.svenskakyrkan.se\/vandravagen\/wp-json\/wp\/v2\/comments?post=1016"}],"version-history":[{"count":0,"href":"https:\/\/blogg.svenskakyrkan.se\/vandravagen\/wp-json\/wp\/v2\/posts\/1016\/revisions"}],"wp:attachment":[{"href":"https:\/\/blogg.svenskakyrkan.se\/vandravagen\/wp-json\/wp\/v2\/media?parent=1016"}],"wp:term":[{"taxonomy":"category","embeddable":true,"href":"https:\/\/blogg.svenskakyrkan.se\/vandravagen\/wp-json\/wp\/v2\/categories?post=1016"},{"taxonomy":"post_tag","embeddable":true,"href":"https:\/\/blogg.svenskakyrkan.se\/vandravagen\/wp-json\/wp\/v2\/tags?post=1016"}],"curies":[{"name":"wp","href":"https:\/\/api.w.org\/{rel}","templated":true}]}}