{"id":1017,"date":"2012-07-18T08:10:00","date_gmt":"2012-07-18T06:10:00","guid":{"rendered":"http:\/\/blogg.svenskakyrkan.se\/vandravagen\/2012\/07\/18\/progg-i-min-blogg\/"},"modified":"2012-07-18T08:10:00","modified_gmt":"2012-07-18T06:10:00","slug":"progg-i-min-blogg","status":"publish","type":"post","link":"https:\/\/blogg.svenskakyrkan.se\/vandravagen\/2012\/07\/18\/progg-i-min-blogg\/","title":{"rendered":"Progg i min blogg"},"content":{"rendered":"<table align=\"center\" cellpadding=\"0\" cellspacing=\"0\">\n<tbody>\n<tr>\n<td><a href=\"https:\/\/lh3.googleusercontent.com\/-l6otGjD6YLw\/UAMm0NH78OI\/AAAAAAAAAS0\/EkL-jqFVmL4\/s640\/blogger-image--889396985.jpg\"><img loading=\"lazy\" decoding=\"async\" border=\"0\" height=\"320\" src=\"https:\/\/lh3.googleusercontent.com\/-l6otGjD6YLw\/UAMm0NH78OI\/AAAAAAAAAS0\/EkL-jqFVmL4\/s320\/blogger-image--889396985.jpg\" width=\"240\"><\/a><\/td>\n<\/tr>\n<tr>\n<td>Proggiga barnb\u00f6cker av Kalle Lind<\/td>\n<\/tr>\n<\/tbody>\n<\/table>\n<p>Min bror l\u00e4ser \u00f6verlag helt andra b\u00f6cker \u00e4n jag. Nyligen l\u00e5nade jag Kalle Linds &#8221;Proggiga barnb\u00f6cker&#8221;av honom och den l\u00e4ste jag med stor fascnination. Jag \u00e4r f\u00f6r ung f\u00f6r att ha n\u00e5gon egen erfarenhet av 70-talet (mer \u00e4n jag l\u00e4st en och annan kvarbliven barnbok med gryniga svartvita bilder p\u00e5 fattiga barn) och k\u00e4nslan n\u00e4r man \u00f6ppnar boken \u00e4r att man tittar in i en fr\u00e4mmande v\u00e4rld. H\u00e4r \u00e4r ett koncentrat av revolutionsromantik, betongf\u00f6rorter, uppdelningar av v\u00e4rlden i onda (h\u00f6gutbildade, tj\u00e4nstem\u00e4n, kapitalister) och goda (arbetare) som s\u00e5 h\u00e4r i efterhand ofta \u00e4r ganska m\u00e4rklig. Boken rekommenderas h\u00e4rmed. Som vanligt skriver Kalle Lind roligt.<\/p>\n<p>Tankarna g\u00e5r till det citat som p\u00e5st\u00e5s vara av Goethe:<\/p>\n<p>&#8221;Den som gifter sig med tidsandan blir \u00e4nkling i n\u00e4sta generation.&#8221;<\/p>\n<p>Det \u00e4r h\u00e4r som proggen platsar i bloggen (ni kan s\u00e4nka \u00f6gonbrynen \u00f6ver \u00e4mnesvalet nu). Hur \u00e4r det egentligen med v\u00e5r egen nutid? Hur kommer domen \u00f6ver den lyda om 30-40 \u00e5r? Gissningsvis kommer domen vara ganska h\u00e5rd \u00f6ver en del av v\u00e5r tids sanningar och blinda fl\u00e4ckar. Allra minst lika l\u00f6jev\u00e4ckande som de bl\u00e5\u00f6gda 70-tals idealen. Kanske dessutom betydligt mycket mindre sympatiska? Om proggen hyllade solidaritet s\u00e5 tenderar vi v\u00e4l mer att hylla stora egon?<\/p>\n<p>F\u00f6r Kyrkans r\u00e4kning \u00e4r det otroligt viktigt att f\u00f6rs\u00f6ka h\u00e5lla blicken klar, och det \u00e4r sv\u00e5rt n\u00e4r det s\u00e5 att s\u00e4ga handlar om vattnet vi simmar i. Jag kommer spontant p\u00e5 tv\u00e5 strategier som kan hj\u00e4lpa oss att inte gifta oss med tidsandan. Det f\u00f6rsta och viktigaste \u00e4r f\u00f6rst\u00e5s att g\u00f6ra det den h\u00e4r bloggen handlar om; Vandra V\u00e4gen och leva som en g\u00e4st och fr\u00e4mling p\u00e5 jorden. F\u00f6rs\u00f6ka ha sitt yttersta f\u00e4ste djupare \u00e4n h\u00e4r i tiden. Misstro alla andra \u00e4n Jesus som utlovar fr\u00e4lsning (vare sig det \u00e4r revolutionen eller sj\u00e4lvf\u00f6rverkligandet). Det d\u00e4r \u00e4r inte l\u00e4tt men det har v\u00e4l ingen sagt det ska vara heller tyv\u00e4rr. B\u00f6nen och regelbundna gudstj\u00e4nster kan i alla fall hj\u00e4lpa oss att med j\u00e4mna mellanrum h\u00f6ja blicken mot st\u00f6rre perspektiv.<\/p>\n<p>Den andra strategin \u00e4r ocks\u00e5 jobbig men i alla fall mer avgr\u00e4nsad. Det \u00e4r att l\u00e4sa historia. Kanske i form av b\u00f6cker om proggbarnb\u00f6cker&#8230;<\/p>\n","protected":false},"excerpt":{"rendered":"<p>Proggiga barnb\u00f6cker av Kalle Lind Min bror l\u00e4ser \u00f6verlag helt andra b\u00f6cker \u00e4n jag. Nyligen l\u00e5nade jag Kalle Linds &#8221;Proggiga barnb\u00f6cker&#8221;av honom och den l\u00e4ste jag med stor fascnination. Jag \u00e4r f\u00f6r ung f\u00f6r att ha n\u00e5gon egen erfarenhet av 70-talet (mer \u00e4n jag l\u00e4st en och annan kvarbliven barnbok med gryniga svartvita bilder p\u00e5 [&hellip;]<\/p>\n","protected":false},"author":392,"featured_media":0,"comment_status":"open","ping_status":"open","sticky":false,"template":"","format":"standard","meta":{"_acf_changed":false,"footnotes":""},"categories":[8253,33574],"tags":[],"class_list":["post-1017","post","type-post","status-publish","format-standard","hentry","category-bocker","category-kyrkan"],"acf":[],"yoast_head":"<!-- This site is optimized with the Yoast SEO plugin v27.1.1 - https:\/\/yoast.com\/product\/yoast-seo-wordpress\/ -->\n<title>Progg i min blogg - Vandra V\u00e4gen<\/title>\n<meta name=\"robots\" content=\"index, follow, max-snippet:-1, max-image-preview:large, max-video-preview:-1\" \/>\n<link rel=\"canonical\" href=\"https:\/\/blogg.svenskakyrkan.se\/vandravagen\/2012\/07\/18\/progg-i-min-blogg\/\" \/>\n<meta property=\"og:locale\" content=\"sv_SE\" \/>\n<meta property=\"og:type\" content=\"article\" \/>\n<meta property=\"og:title\" content=\"Progg i min blogg - Vandra V\u00e4gen\" \/>\n<meta property=\"og:description\" content=\"Proggiga barnb\u00f6cker av Kalle Lind Min bror l\u00e4ser \u00f6verlag helt andra b\u00f6cker \u00e4n jag. Nyligen l\u00e5nade jag Kalle Linds &#8221;Proggiga barnb\u00f6cker&#8221;av honom och den l\u00e4ste jag med stor fascnination. Jag \u00e4r f\u00f6r ung f\u00f6r att ha n\u00e5gon egen erfarenhet av 70-talet (mer \u00e4n jag l\u00e4st en och annan kvarbliven barnbok med gryniga svartvita bilder p\u00e5 [&hellip;]\" \/>\n<meta property=\"og:url\" content=\"https:\/\/blogg.svenskakyrkan.se\/vandravagen\/2012\/07\/18\/progg-i-min-blogg\/\" \/>\n<meta property=\"og:site_name\" content=\"Vandra V\u00e4gen\" \/>\n<meta property=\"article:publisher\" content=\"http:\/\/facebook.com\/vandravagen\" \/>\n<meta property=\"article:published_time\" content=\"2012-07-18T06:10:00+00:00\" \/>\n<meta property=\"og:image\" content=\"https:\/\/lh3.googleusercontent.com\/-l6otGjD6YLw\/UAMm0NH78OI\/AAAAAAAAAS0\/EkL-jqFVmL4\/s320\/blogger-image--889396985.jpg\" \/>\n<meta name=\"author\" content=\"Tomas Jarvid\" \/>\n<meta name=\"twitter:card\" content=\"summary_large_image\" \/>\n<meta name=\"twitter:creator\" content=\"@fadertomas\" \/>\n<meta name=\"twitter:site\" content=\"@fadertomas\" \/>\n<meta name=\"twitter:label1\" content=\"Skriven av\" \/>\n\t<meta name=\"twitter:data1\" content=\"Tomas Jarvid\" \/>\n\t<meta name=\"twitter:label2\" content=\"Ber\u00e4knad l\u00e4stid\" \/>\n\t<meta name=\"twitter:data2\" content=\"2 minuter\" \/>\n<script type=\"application\/ld+json\" class=\"yoast-schema-graph\">{\"@context\":\"https:\/\/schema.org\",\"@graph\":[{\"@type\":\"Article\",\"@id\":\"https:\/\/blogg.svenskakyrkan.se\/vandravagen\/2012\/07\/18\/progg-i-min-blogg\/#article\",\"isPartOf\":{\"@id\":\"https:\/\/blogg.svenskakyrkan.se\/vandravagen\/2012\/07\/18\/progg-i-min-blogg\/\"},\"author\":{\"name\":\"Tomas Jarvid\",\"@id\":\"https:\/\/blogg.svenskakyrkan.se\/vandravagen\/#\/schema\/person\/25da02d4f76b137d04291711e2c9fc16\"},\"headline\":\"Progg i min blogg\",\"datePublished\":\"2012-07-18T06:10:00+00:00\",\"mainEntityOfPage\":{\"@id\":\"https:\/\/blogg.svenskakyrkan.se\/vandravagen\/2012\/07\/18\/progg-i-min-blogg\/\"},\"wordCount\":437,\"commentCount\":0,\"publisher\":{\"@id\":\"https:\/\/blogg.svenskakyrkan.se\/vandravagen\/#organization\"},\"image\":{\"@id\":\"https:\/\/blogg.svenskakyrkan.se\/vandravagen\/2012\/07\/18\/progg-i-min-blogg\/#primaryimage\"},\"thumbnailUrl\":\"https:\/\/lh3.googleusercontent.com\/-l6otGjD6YLw\/UAMm0NH78OI\/AAAAAAAAAS0\/EkL-jqFVmL4\/s320\/blogger-image--889396985.jpg\",\"articleSection\":[\"b\u00f6cker\",\"kyrkan\"],\"inLanguage\":\"sv-SE\",\"potentialAction\":[{\"@type\":\"CommentAction\",\"name\":\"Comment\",\"target\":[\"https:\/\/blogg.svenskakyrkan.se\/vandravagen\/2012\/07\/18\/progg-i-min-blogg\/#respond\"]}]},{\"@type\":\"WebPage\",\"@id\":\"https:\/\/blogg.svenskakyrkan.se\/vandravagen\/2012\/07\/18\/progg-i-min-blogg\/\",\"url\":\"https:\/\/blogg.svenskakyrkan.se\/vandravagen\/2012\/07\/18\/progg-i-min-blogg\/\",\"name\":\"Progg i min blogg - Vandra V\u00e4gen\",\"isPartOf\":{\"@id\":\"https:\/\/blogg.svenskakyrkan.se\/vandravagen\/#website\"},\"primaryImageOfPage\":{\"@id\":\"https:\/\/blogg.svenskakyrkan.se\/vandravagen\/2012\/07\/18\/progg-i-min-blogg\/#primaryimage\"},\"image\":{\"@id\":\"https:\/\/blogg.svenskakyrkan.se\/vandravagen\/2012\/07\/18\/progg-i-min-blogg\/#primaryimage\"},\"thumbnailUrl\":\"https:\/\/lh3.googleusercontent.com\/-l6otGjD6YLw\/UAMm0NH78OI\/AAAAAAAAAS0\/EkL-jqFVmL4\/s320\/blogger-image--889396985.jpg\",\"datePublished\":\"2012-07-18T06:10:00+00:00\",\"breadcrumb\":{\"@id\":\"https:\/\/blogg.svenskakyrkan.se\/vandravagen\/2012\/07\/18\/progg-i-min-blogg\/#breadcrumb\"},\"inLanguage\":\"sv-SE\",\"potentialAction\":[{\"@type\":\"ReadAction\",\"target\":[\"https:\/\/blogg.svenskakyrkan.se\/vandravagen\/2012\/07\/18\/progg-i-min-blogg\/\"]}]},{\"@type\":\"ImageObject\",\"inLanguage\":\"sv-SE\",\"@id\":\"https:\/\/blogg.svenskakyrkan.se\/vandravagen\/2012\/07\/18\/progg-i-min-blogg\/#primaryimage\",\"url\":\"https:\/\/lh3.googleusercontent.com\/-l6otGjD6YLw\/UAMm0NH78OI\/AAAAAAAAAS0\/EkL-jqFVmL4\/s320\/blogger-image--889396985.jpg\",\"contentUrl\":\"https:\/\/lh3.googleusercontent.com\/-l6otGjD6YLw\/UAMm0NH78OI\/AAAAAAAAAS0\/EkL-jqFVmL4\/s320\/blogger-image--889396985.jpg\"},{\"@type\":\"BreadcrumbList\",\"@id\":\"https:\/\/blogg.svenskakyrkan.se\/vandravagen\/2012\/07\/18\/progg-i-min-blogg\/#breadcrumb\",\"itemListElement\":[{\"@type\":\"ListItem\",\"position\":1,\"name\":\"Hem\",\"item\":\"https:\/\/blogg.svenskakyrkan.se\/vandravagen\/\"},{\"@type\":\"ListItem\",\"position\":2,\"name\":\"Progg i min blogg\"}]},{\"@type\":\"WebSite\",\"@id\":\"https:\/\/blogg.svenskakyrkan.se\/vandravagen\/#website\",\"url\":\"https:\/\/blogg.svenskakyrkan.se\/vandravagen\/\",\"name\":\"Vandra V\u00e4gen\",\"description\":\"-Mot en tro f\u00f6r hela livet\",\"publisher\":{\"@id\":\"https:\/\/blogg.svenskakyrkan.se\/vandravagen\/#organization\"},\"potentialAction\":[{\"@type\":\"SearchAction\",\"target\":{\"@type\":\"EntryPoint\",\"urlTemplate\":\"https:\/\/blogg.svenskakyrkan.se\/vandravagen\/?s={search_term_string}\"},\"query-input\":{\"@type\":\"PropertyValueSpecification\",\"valueRequired\":true,\"valueName\":\"search_term_string\"}}],\"inLanguage\":\"sv-SE\"},{\"@type\":\"Organization\",\"@id\":\"https:\/\/blogg.svenskakyrkan.se\/vandravagen\/#organization\",\"name\":\"ulricehamns pastorat\",\"alternateName\":\"ulricehamns pastorat\",\"url\":\"https:\/\/blogg.svenskakyrkan.se\/vandravagen\/\",\"logo\":{\"@type\":\"ImageObject\",\"inLanguage\":\"sv-SE\",\"@id\":\"https:\/\/blogg.svenskakyrkan.se\/vandravagen\/#\/schema\/logo\/image\/\",\"url\":\"https:\/\/blogg.svenskakyrkan.se\/vandravagen\/files\/2023\/05\/Ulr_logo_RGB.png\",\"contentUrl\":\"https:\/\/blogg.svenskakyrkan.se\/vandravagen\/files\/2023\/05\/Ulr_logo_RGB.png\",\"width\":205,\"height\":77,\"caption\":\"ulricehamns pastorat\"},\"image\":{\"@id\":\"https:\/\/blogg.svenskakyrkan.se\/vandravagen\/#\/schema\/logo\/image\/\"},\"sameAs\":[\"http:\/\/facebook.com\/vandravagen\",\"https:\/\/x.com\/fadertomas\",\"http:\/\/www.facebook.com\/svenskakyrkaniulricehamn\"]},{\"@type\":\"Person\",\"@id\":\"https:\/\/blogg.svenskakyrkan.se\/vandravagen\/#\/schema\/person\/25da02d4f76b137d04291711e2c9fc16\",\"name\":\"Tomas Jarvid\",\"image\":{\"@type\":\"ImageObject\",\"inLanguage\":\"sv-SE\",\"@id\":\"https:\/\/blogg.svenskakyrkan.se\/vandravagen\/#\/schema\/person\/image\/\",\"url\":\"https:\/\/secure.gravatar.com\/avatar\/7fa71899795e8f540f615a1f5ab25255dc27aa40f05ee7ddd21aac521e01bf50?s=96&d=identicon&r=g\",\"contentUrl\":\"https:\/\/secure.gravatar.com\/avatar\/7fa71899795e8f540f615a1f5ab25255dc27aa40f05ee7ddd21aac521e01bf50?s=96&d=identicon&r=g\",\"caption\":\"Tomas Jarvid\"},\"description\":\"Jag bor i Ulricehamn i V\u00e4sterg\u00f6tland och \u00e4r f\u00f6rsamlingspr\u00e4st i Svenska Kyrkan f\u00f6r Dalstorps f\u00f6rsamling i Kinds pastorat. P\u00e5 den h\u00e4r bloggen skriver jag ner tankar om vandringen som kristen.\",\"sameAs\":[\"http:\/\/www.vandravagen.se\"],\"url\":\"https:\/\/blogg.svenskakyrkan.se\/vandravagen\/author\/vandravagen\/\"}]}<\/script>\n<!-- \/ Yoast SEO plugin. -->","yoast_head_json":{"title":"Progg i min blogg - Vandra V\u00e4gen","robots":{"index":"index","follow":"follow","max-snippet":"max-snippet:-1","max-image-preview":"max-image-preview:large","max-video-preview":"max-video-preview:-1"},"canonical":"https:\/\/blogg.svenskakyrkan.se\/vandravagen\/2012\/07\/18\/progg-i-min-blogg\/","og_locale":"sv_SE","og_type":"article","og_title":"Progg i min blogg - Vandra V\u00e4gen","og_description":"Proggiga barnb\u00f6cker av Kalle Lind Min bror l\u00e4ser \u00f6verlag helt andra b\u00f6cker \u00e4n jag. Nyligen l\u00e5nade jag Kalle Linds &#8221;Proggiga barnb\u00f6cker&#8221;av honom och den l\u00e4ste jag med stor fascnination. Jag \u00e4r f\u00f6r ung f\u00f6r att ha n\u00e5gon egen erfarenhet av 70-talet (mer \u00e4n jag l\u00e4st en och annan kvarbliven barnbok med gryniga svartvita bilder p\u00e5 [&hellip;]","og_url":"https:\/\/blogg.svenskakyrkan.se\/vandravagen\/2012\/07\/18\/progg-i-min-blogg\/","og_site_name":"Vandra V\u00e4gen","article_publisher":"http:\/\/facebook.com\/vandravagen","article_published_time":"2012-07-18T06:10:00+00:00","og_image":[{"url":"https:\/\/lh3.googleusercontent.com\/-l6otGjD6YLw\/UAMm0NH78OI\/AAAAAAAAAS0\/EkL-jqFVmL4\/s320\/blogger-image--889396985.jpg","type":"","width":"","height":""}],"author":"Tomas Jarvid","twitter_card":"summary_large_image","twitter_creator":"@fadertomas","twitter_site":"@fadertomas","twitter_misc":{"Skriven av":"Tomas Jarvid","Ber\u00e4knad l\u00e4stid":"2 minuter"},"schema":{"@context":"https:\/\/schema.org","@graph":[{"@type":"Article","@id":"https:\/\/blogg.svenskakyrkan.se\/vandravagen\/2012\/07\/18\/progg-i-min-blogg\/#article","isPartOf":{"@id":"https:\/\/blogg.svenskakyrkan.se\/vandravagen\/2012\/07\/18\/progg-i-min-blogg\/"},"author":{"name":"Tomas Jarvid","@id":"https:\/\/blogg.svenskakyrkan.se\/vandravagen\/#\/schema\/person\/25da02d4f76b137d04291711e2c9fc16"},"headline":"Progg i min blogg","datePublished":"2012-07-18T06:10:00+00:00","mainEntityOfPage":{"@id":"https:\/\/blogg.svenskakyrkan.se\/vandravagen\/2012\/07\/18\/progg-i-min-blogg\/"},"wordCount":437,"commentCount":0,"publisher":{"@id":"https:\/\/blogg.svenskakyrkan.se\/vandravagen\/#organization"},"image":{"@id":"https:\/\/blogg.svenskakyrkan.se\/vandravagen\/2012\/07\/18\/progg-i-min-blogg\/#primaryimage"},"thumbnailUrl":"https:\/\/lh3.googleusercontent.com\/-l6otGjD6YLw\/UAMm0NH78OI\/AAAAAAAAAS0\/EkL-jqFVmL4\/s320\/blogger-image--889396985.jpg","articleSection":["b\u00f6cker","kyrkan"],"inLanguage":"sv-SE","potentialAction":[{"@type":"CommentAction","name":"Comment","target":["https:\/\/blogg.svenskakyrkan.se\/vandravagen\/2012\/07\/18\/progg-i-min-blogg\/#respond"]}]},{"@type":"WebPage","@id":"https:\/\/blogg.svenskakyrkan.se\/vandravagen\/2012\/07\/18\/progg-i-min-blogg\/","url":"https:\/\/blogg.svenskakyrkan.se\/vandravagen\/2012\/07\/18\/progg-i-min-blogg\/","name":"Progg i min blogg - Vandra V\u00e4gen","isPartOf":{"@id":"https:\/\/blogg.svenskakyrkan.se\/vandravagen\/#website"},"primaryImageOfPage":{"@id":"https:\/\/blogg.svenskakyrkan.se\/vandravagen\/2012\/07\/18\/progg-i-min-blogg\/#primaryimage"},"image":{"@id":"https:\/\/blogg.svenskakyrkan.se\/vandravagen\/2012\/07\/18\/progg-i-min-blogg\/#primaryimage"},"thumbnailUrl":"https:\/\/lh3.googleusercontent.com\/-l6otGjD6YLw\/UAMm0NH78OI\/AAAAAAAAAS0\/EkL-jqFVmL4\/s320\/blogger-image--889396985.jpg","datePublished":"2012-07-18T06:10:00+00:00","breadcrumb":{"@id":"https:\/\/blogg.svenskakyrkan.se\/vandravagen\/2012\/07\/18\/progg-i-min-blogg\/#breadcrumb"},"inLanguage":"sv-SE","potentialAction":[{"@type":"ReadAction","target":["https:\/\/blogg.svenskakyrkan.se\/vandravagen\/2012\/07\/18\/progg-i-min-blogg\/"]}]},{"@type":"ImageObject","inLanguage":"sv-SE","@id":"https:\/\/blogg.svenskakyrkan.se\/vandravagen\/2012\/07\/18\/progg-i-min-blogg\/#primaryimage","url":"https:\/\/lh3.googleusercontent.com\/-l6otGjD6YLw\/UAMm0NH78OI\/AAAAAAAAAS0\/EkL-jqFVmL4\/s320\/blogger-image--889396985.jpg","contentUrl":"https:\/\/lh3.googleusercontent.com\/-l6otGjD6YLw\/UAMm0NH78OI\/AAAAAAAAAS0\/EkL-jqFVmL4\/s320\/blogger-image--889396985.jpg"},{"@type":"BreadcrumbList","@id":"https:\/\/blogg.svenskakyrkan.se\/vandravagen\/2012\/07\/18\/progg-i-min-blogg\/#breadcrumb","itemListElement":[{"@type":"ListItem","position":1,"name":"Hem","item":"https:\/\/blogg.svenskakyrkan.se\/vandravagen\/"},{"@type":"ListItem","position":2,"name":"Progg i min blogg"}]},{"@type":"WebSite","@id":"https:\/\/blogg.svenskakyrkan.se\/vandravagen\/#website","url":"https:\/\/blogg.svenskakyrkan.se\/vandravagen\/","name":"Vandra V\u00e4gen","description":"-Mot en tro f\u00f6r hela livet","publisher":{"@id":"https:\/\/blogg.svenskakyrkan.se\/vandravagen\/#organization"},"potentialAction":[{"@type":"SearchAction","target":{"@type":"EntryPoint","urlTemplate":"https:\/\/blogg.svenskakyrkan.se\/vandravagen\/?s={search_term_string}"},"query-input":{"@type":"PropertyValueSpecification","valueRequired":true,"valueName":"search_term_string"}}],"inLanguage":"sv-SE"},{"@type":"Organization","@id":"https:\/\/blogg.svenskakyrkan.se\/vandravagen\/#organization","name":"ulricehamns pastorat","alternateName":"ulricehamns pastorat","url":"https:\/\/blogg.svenskakyrkan.se\/vandravagen\/","logo":{"@type":"ImageObject","inLanguage":"sv-SE","@id":"https:\/\/blogg.svenskakyrkan.se\/vandravagen\/#\/schema\/logo\/image\/","url":"https:\/\/blogg.svenskakyrkan.se\/vandravagen\/files\/2023\/05\/Ulr_logo_RGB.png","contentUrl":"https:\/\/blogg.svenskakyrkan.se\/vandravagen\/files\/2023\/05\/Ulr_logo_RGB.png","width":205,"height":77,"caption":"ulricehamns pastorat"},"image":{"@id":"https:\/\/blogg.svenskakyrkan.se\/vandravagen\/#\/schema\/logo\/image\/"},"sameAs":["http:\/\/facebook.com\/vandravagen","https:\/\/x.com\/fadertomas","http:\/\/www.facebook.com\/svenskakyrkaniulricehamn"]},{"@type":"Person","@id":"https:\/\/blogg.svenskakyrkan.se\/vandravagen\/#\/schema\/person\/25da02d4f76b137d04291711e2c9fc16","name":"Tomas Jarvid","image":{"@type":"ImageObject","inLanguage":"sv-SE","@id":"https:\/\/blogg.svenskakyrkan.se\/vandravagen\/#\/schema\/person\/image\/","url":"https:\/\/secure.gravatar.com\/avatar\/7fa71899795e8f540f615a1f5ab25255dc27aa40f05ee7ddd21aac521e01bf50?s=96&d=identicon&r=g","contentUrl":"https:\/\/secure.gravatar.com\/avatar\/7fa71899795e8f540f615a1f5ab25255dc27aa40f05ee7ddd21aac521e01bf50?s=96&d=identicon&r=g","caption":"Tomas Jarvid"},"description":"Jag bor i Ulricehamn i V\u00e4sterg\u00f6tland och \u00e4r f\u00f6rsamlingspr\u00e4st i Svenska Kyrkan f\u00f6r Dalstorps f\u00f6rsamling i Kinds pastorat. P\u00e5 den h\u00e4r bloggen skriver jag ner tankar om vandringen som kristen.","sameAs":["http:\/\/www.vandravagen.se"],"url":"https:\/\/blogg.svenskakyrkan.se\/vandravagen\/author\/vandravagen\/"}]}},"author_meta":{"ID":"392","user_nicename":"vandravagen","user_url":"http:\/\/www.vandravagen.se","user_registered":"2014-05-19 05:44:52","display_name":"Tomas Jarvid","first_name":"Tomas","last_name":"Jarvid","avatar":"https:\/\/secure.gravatar.com\/avatar\/7fa71899795e8f540f615a1f5ab25255dc27aa40f05ee7ddd21aac521e01bf50?s=96&d=identicon&r=g"},"featured_image":false,"bloginfo":{"name":"Vandra V\u00e4gen","url":"https:\/\/blogg.svenskakyrkan.se\/vandravagen"},"_links":{"self":[{"href":"https:\/\/blogg.svenskakyrkan.se\/vandravagen\/wp-json\/wp\/v2\/posts\/1017","targetHints":{"allow":["GET"]}}],"collection":[{"href":"https:\/\/blogg.svenskakyrkan.se\/vandravagen\/wp-json\/wp\/v2\/posts"}],"about":[{"href":"https:\/\/blogg.svenskakyrkan.se\/vandravagen\/wp-json\/wp\/v2\/types\/post"}],"author":[{"embeddable":true,"href":"https:\/\/blogg.svenskakyrkan.se\/vandravagen\/wp-json\/wp\/v2\/users\/392"}],"replies":[{"embeddable":true,"href":"https:\/\/blogg.svenskakyrkan.se\/vandravagen\/wp-json\/wp\/v2\/comments?post=1017"}],"version-history":[{"count":0,"href":"https:\/\/blogg.svenskakyrkan.se\/vandravagen\/wp-json\/wp\/v2\/posts\/1017\/revisions"}],"wp:attachment":[{"href":"https:\/\/blogg.svenskakyrkan.se\/vandravagen\/wp-json\/wp\/v2\/media?parent=1017"}],"wp:term":[{"taxonomy":"category","embeddable":true,"href":"https:\/\/blogg.svenskakyrkan.se\/vandravagen\/wp-json\/wp\/v2\/categories?post=1017"},{"taxonomy":"post_tag","embeddable":true,"href":"https:\/\/blogg.svenskakyrkan.se\/vandravagen\/wp-json\/wp\/v2\/tags?post=1017"}],"curies":[{"name":"wp","href":"https:\/\/api.w.org\/{rel}","templated":true}]}}