{"id":1018,"date":"2012-07-15T23:35:00","date_gmt":"2012-07-15T21:35:00","guid":{"rendered":"http:\/\/blogg.svenskakyrkan.se\/vandravagen\/2012\/07\/15\/langt-fran-maktens-korridorer-missionen\/"},"modified":"2012-07-15T23:35:00","modified_gmt":"2012-07-15T21:35:00","slug":"langt-fran-maktens-korridorer-missionen","status":"publish","type":"post","link":"https:\/\/blogg.svenskakyrkan.se\/vandravagen\/2012\/07\/15\/langt-fran-maktens-korridorer-missionen\/","title":{"rendered":"L\u00e5ngt fr\u00e5n maktens korridorer -missionen!"},"content":{"rendered":"<div><\/div>\n<table align=\"center\" cellpadding=\"0\" cellspacing=\"0\">\n<tbody>\n<tr>\n<td><a href=\"https:\/\/lh3.googleusercontent.com\/-IhSguLRgCfo\/T_33Zqur68I\/AAAAAAAAASQ\/TUvxhSP-0ds\/s640\/blogger-image-1094430927.jpg\"><img loading=\"lazy\" decoding=\"async\" border=\"0\" height=\"400\" src=\"https:\/\/lh3.googleusercontent.com\/-IhSguLRgCfo\/T_33Zqur68I\/AAAAAAAAASQ\/TUvxhSP-0ds\/s400\/blogger-image-1094430927.jpg\" width=\"300\"><\/a><\/td>\n<\/tr>\n<tr>\n<td>\u00d6stmarks vackra kyrka<\/td>\n<\/tr>\n<\/tbody>\n<\/table>\n<div>Ett s\u00e4tt att veta att man bor i glesbygden &#8211; det \u00e4r n\u00e4r man bor s\u00e5 l\u00e5ngt ut i skogen att man \u00e5ker IN till \u00d6stmark (V\u00e4rmland) och handlar. \u00d6stmarks kyrka \u00e4r en vacker tr\u00e4kyrka med sp\u00e5nkl\u00e4dsel som vi \u00e5kte f\u00f6rbi p\u00e5 semestern (och nu blir det snart inte mer fr\u00e5n resan s\u00e5 var lugna). Det var en kyrka d\u00e4r fattiga svedjeb\u00f6nder fr\u00e5n finnskogarna firade sina gudstj\u00e4nster. De som bodde i s\u00e5dana h\u00e4r hus:<\/div>\n<div><\/div>\n<table align=\"center\" cellpadding=\"0\" cellspacing=\"0\">\n<tbody>\n<tr>\n<td><a href=\"https:\/\/lh5.googleusercontent.com\/-0NNa4a2JD8o\/T_33YcZK8HI\/AAAAAAAAASA\/iBlOpKwXeS4\/s640\/blogger-image--61743136.jpg\"><img loading=\"lazy\" decoding=\"async\" border=\"0\" height=\"240\" src=\"https:\/\/lh5.googleusercontent.com\/-0NNa4a2JD8o\/T_33YcZK8HI\/AAAAAAAAASA\/iBlOpKwXeS4\/s320\/blogger-image--61743136.jpg\" width=\"320\"><\/a><\/td>\n<\/tr>\n<tr>\n<td>Enkel stuga vid Ritam\u00e4ki<\/td>\n<\/tr>\n<\/tbody>\n<\/table>\n<div>Det som f\u00e4ngslade mig mest i \u00d6stmark var \u00e4nd\u00e5 den h\u00e4r gravstenen som stod utanf\u00f6r kyrkan. Det st\u00e5r:<\/div>\n<div><\/div>\n<div><a href=\"https:\/\/lh5.googleusercontent.com\/-vj_QBiFWwMk\/T_33ZAvzTEI\/AAAAAAAAASE\/3LIEGQxnzcg\/s640\/blogger-image--65606245.jpg\"><img loading=\"lazy\" decoding=\"async\" border=\"0\" height=\"400\" src=\"https:\/\/lh5.googleusercontent.com\/-vj_QBiFWwMk\/T_33ZAvzTEI\/AAAAAAAAASE\/3LIEGQxnzcg\/s400\/blogger-image--65606245.jpg\" width=\"300\"><\/a><\/div>\n<blockquote>\n<p><span>Mission\u00e4r Anna Johansson, Skraltbr\u00e5ten.\u00a0<\/span><\/p>\n<\/blockquote>\n<blockquote>\n<p><span>F\u00f6dd den 12\/4 1867. Stenad till d\u00f6ds i Kina den 29\/6 1900. Vilar i Soping, Kina p\u00e5 missionens gravplats.<\/span><\/p>\n<\/blockquote>\n<blockquote>\n<p><span> &#8221;Var trofast intill d\u00f6den s\u00e5 skall jag giva dig livets krona&#8221;. (upp 2)<\/span><\/p>\n<\/blockquote>\n<div><\/div>\n<div>Uppenbarligen kom mission\u00e4ren Anna fr\u00e5n dessa fattiga bygder men slutade sina dagar p\u00e5 andra sidan jorden. Som s\u00e5 m\u00e5nga andra kinamission\u00e4rer m\u00f6tte hon d\u00f6den under &#8221;boxarupproret&#8221; \u00e5r 1900.\u00a0\u00a0<\/div>\n<div><\/div>\n<div>Det finns en vanlig uppfattning om att kristen mission helt igenom \u00e4r n\u00e5got skumt; rika v\u00e4sterl\u00e4nningar som reser ut med kristendomen som svepsk\u00e4l f\u00f6r att f\u00e5 sprida v\u00e4sterl\u00e4ndsk kultur och l\u00e4gga nya marknader under sig. S\u00e4kert finns det mycket s\u00e5dant under himlen men framf\u00f6rallt har det funnits m\u00e5nga som Anna Johansson i Skraltbr\u00e5ten. S\u00e5dana som sj\u00e4lva varit fattiga men offrat pengar, tid, h\u00e4lsa och till slut sina liv f\u00f6r att dela med sig till andra fattiga i andra l\u00e4nder av den stora skatt man \u00e4nd\u00e5 hade; sin tro p\u00e5 Jesus. F\u00f6rmodligen hade inte Anna mycket av egna vinstintressen, mission var f\u00f6r henne anonymt vardagsslit i ett fr\u00e4mmande land. Mycket l\u00e5ngt fr\u00e5n sl\u00e4kten i \u00d6stmark.<\/div>\n<div>\n<div><\/div>\n<\/div>\n","protected":false},"excerpt":{"rendered":"<p>\u00d6stmarks vackra kyrka Ett s\u00e4tt att veta att man bor i glesbygden &#8211; det \u00e4r n\u00e4r man bor s\u00e5 l\u00e5ngt ut i skogen att man \u00e5ker IN till \u00d6stmark (V\u00e4rmland) och handlar. \u00d6stmarks kyrka \u00e4r en vacker tr\u00e4kyrka med sp\u00e5nkl\u00e4dsel som vi \u00e5kte f\u00f6rbi p\u00e5 semestern (och nu blir det snart inte mer fr\u00e5n resan [&hellip;]<\/p>\n","protected":false},"author":392,"featured_media":0,"comment_status":"open","ping_status":"open","sticky":false,"template":"","format":"standard","meta":{"_acf_changed":false,"footnotes":""},"categories":[79837,11394,8287],"tags":[],"class_list":["post-1018","post","type-post","status-publish","format-standard","hentry","category-gravsten","category-makt","category-mission"],"acf":[],"yoast_head":"<!-- This site is optimized with the Yoast SEO plugin v27.1.1 - https:\/\/yoast.com\/product\/yoast-seo-wordpress\/ -->\n<title>L\u00e5ngt fr\u00e5n maktens korridorer -missionen! - Vandra V\u00e4gen<\/title>\n<meta name=\"robots\" content=\"index, follow, max-snippet:-1, max-image-preview:large, max-video-preview:-1\" \/>\n<link rel=\"canonical\" href=\"https:\/\/blogg.svenskakyrkan.se\/vandravagen\/2012\/07\/15\/langt-fran-maktens-korridorer-missionen\/\" \/>\n<meta property=\"og:locale\" content=\"sv_SE\" \/>\n<meta property=\"og:type\" content=\"article\" \/>\n<meta property=\"og:title\" content=\"L\u00e5ngt fr\u00e5n maktens korridorer -missionen! - Vandra V\u00e4gen\" \/>\n<meta property=\"og:description\" content=\"\u00d6stmarks vackra kyrka Ett s\u00e4tt att veta att man bor i glesbygden &#8211; det \u00e4r n\u00e4r man bor s\u00e5 l\u00e5ngt ut i skogen att man \u00e5ker IN till \u00d6stmark (V\u00e4rmland) och handlar. \u00d6stmarks kyrka \u00e4r en vacker tr\u00e4kyrka med sp\u00e5nkl\u00e4dsel som vi \u00e5kte f\u00f6rbi p\u00e5 semestern (och nu blir det snart inte mer fr\u00e5n resan [&hellip;]\" \/>\n<meta property=\"og:url\" content=\"https:\/\/blogg.svenskakyrkan.se\/vandravagen\/2012\/07\/15\/langt-fran-maktens-korridorer-missionen\/\" \/>\n<meta property=\"og:site_name\" content=\"Vandra V\u00e4gen\" \/>\n<meta property=\"article:publisher\" content=\"http:\/\/facebook.com\/vandravagen\" \/>\n<meta property=\"article:published_time\" content=\"2012-07-15T21:35:00+00:00\" \/>\n<meta property=\"og:image\" content=\"https:\/\/lh3.googleusercontent.com\/-IhSguLRgCfo\/T_33Zqur68I\/AAAAAAAAASQ\/TUvxhSP-0ds\/s400\/blogger-image-1094430927.jpg\" \/>\n<meta name=\"author\" content=\"Tomas Jarvid\" \/>\n<meta name=\"twitter:card\" content=\"summary_large_image\" \/>\n<meta name=\"twitter:creator\" content=\"@fadertomas\" \/>\n<meta name=\"twitter:site\" content=\"@fadertomas\" \/>\n<meta name=\"twitter:label1\" content=\"Skriven av\" \/>\n\t<meta name=\"twitter:data1\" content=\"Tomas Jarvid\" \/>\n\t<meta name=\"twitter:label2\" content=\"Ber\u00e4knad l\u00e4stid\" \/>\n\t<meta name=\"twitter:data2\" content=\"2 minuter\" \/>\n<script type=\"application\/ld+json\" class=\"yoast-schema-graph\">{\"@context\":\"https:\/\/schema.org\",\"@graph\":[{\"@type\":\"Article\",\"@id\":\"https:\/\/blogg.svenskakyrkan.se\/vandravagen\/2012\/07\/15\/langt-fran-maktens-korridorer-missionen\/#article\",\"isPartOf\":{\"@id\":\"https:\/\/blogg.svenskakyrkan.se\/vandravagen\/2012\/07\/15\/langt-fran-maktens-korridorer-missionen\/\"},\"author\":{\"name\":\"Tomas Jarvid\",\"@id\":\"https:\/\/blogg.svenskakyrkan.se\/vandravagen\/#\/schema\/person\/25da02d4f76b137d04291711e2c9fc16\"},\"headline\":\"L\u00e5ngt fr\u00e5n maktens korridorer -missionen!\",\"datePublished\":\"2012-07-15T21:35:00+00:00\",\"mainEntityOfPage\":{\"@id\":\"https:\/\/blogg.svenskakyrkan.se\/vandravagen\/2012\/07\/15\/langt-fran-maktens-korridorer-missionen\/\"},\"wordCount\":333,\"commentCount\":2,\"publisher\":{\"@id\":\"https:\/\/blogg.svenskakyrkan.se\/vandravagen\/#organization\"},\"image\":{\"@id\":\"https:\/\/blogg.svenskakyrkan.se\/vandravagen\/2012\/07\/15\/langt-fran-maktens-korridorer-missionen\/#primaryimage\"},\"thumbnailUrl\":\"https:\/\/lh3.googleusercontent.com\/-IhSguLRgCfo\/T_33Zqur68I\/AAAAAAAAASQ\/TUvxhSP-0ds\/s400\/blogger-image-1094430927.jpg\",\"articleSection\":[\"gravsten\",\"makt\",\"mission\"],\"inLanguage\":\"sv-SE\",\"potentialAction\":[{\"@type\":\"CommentAction\",\"name\":\"Comment\",\"target\":[\"https:\/\/blogg.svenskakyrkan.se\/vandravagen\/2012\/07\/15\/langt-fran-maktens-korridorer-missionen\/#respond\"]}]},{\"@type\":\"WebPage\",\"@id\":\"https:\/\/blogg.svenskakyrkan.se\/vandravagen\/2012\/07\/15\/langt-fran-maktens-korridorer-missionen\/\",\"url\":\"https:\/\/blogg.svenskakyrkan.se\/vandravagen\/2012\/07\/15\/langt-fran-maktens-korridorer-missionen\/\",\"name\":\"L\u00e5ngt fr\u00e5n maktens korridorer -missionen! - Vandra V\u00e4gen\",\"isPartOf\":{\"@id\":\"https:\/\/blogg.svenskakyrkan.se\/vandravagen\/#website\"},\"primaryImageOfPage\":{\"@id\":\"https:\/\/blogg.svenskakyrkan.se\/vandravagen\/2012\/07\/15\/langt-fran-maktens-korridorer-missionen\/#primaryimage\"},\"image\":{\"@id\":\"https:\/\/blogg.svenskakyrkan.se\/vandravagen\/2012\/07\/15\/langt-fran-maktens-korridorer-missionen\/#primaryimage\"},\"thumbnailUrl\":\"https:\/\/lh3.googleusercontent.com\/-IhSguLRgCfo\/T_33Zqur68I\/AAAAAAAAASQ\/TUvxhSP-0ds\/s400\/blogger-image-1094430927.jpg\",\"datePublished\":\"2012-07-15T21:35:00+00:00\",\"breadcrumb\":{\"@id\":\"https:\/\/blogg.svenskakyrkan.se\/vandravagen\/2012\/07\/15\/langt-fran-maktens-korridorer-missionen\/#breadcrumb\"},\"inLanguage\":\"sv-SE\",\"potentialAction\":[{\"@type\":\"ReadAction\",\"target\":[\"https:\/\/blogg.svenskakyrkan.se\/vandravagen\/2012\/07\/15\/langt-fran-maktens-korridorer-missionen\/\"]}]},{\"@type\":\"ImageObject\",\"inLanguage\":\"sv-SE\",\"@id\":\"https:\/\/blogg.svenskakyrkan.se\/vandravagen\/2012\/07\/15\/langt-fran-maktens-korridorer-missionen\/#primaryimage\",\"url\":\"https:\/\/lh3.googleusercontent.com\/-IhSguLRgCfo\/T_33Zqur68I\/AAAAAAAAASQ\/TUvxhSP-0ds\/s400\/blogger-image-1094430927.jpg\",\"contentUrl\":\"https:\/\/lh3.googleusercontent.com\/-IhSguLRgCfo\/T_33Zqur68I\/AAAAAAAAASQ\/TUvxhSP-0ds\/s400\/blogger-image-1094430927.jpg\"},{\"@type\":\"BreadcrumbList\",\"@id\":\"https:\/\/blogg.svenskakyrkan.se\/vandravagen\/2012\/07\/15\/langt-fran-maktens-korridorer-missionen\/#breadcrumb\",\"itemListElement\":[{\"@type\":\"ListItem\",\"position\":1,\"name\":\"Hem\",\"item\":\"https:\/\/blogg.svenskakyrkan.se\/vandravagen\/\"},{\"@type\":\"ListItem\",\"position\":2,\"name\":\"L\u00e5ngt fr\u00e5n maktens korridorer -missionen!\"}]},{\"@type\":\"WebSite\",\"@id\":\"https:\/\/blogg.svenskakyrkan.se\/vandravagen\/#website\",\"url\":\"https:\/\/blogg.svenskakyrkan.se\/vandravagen\/\",\"name\":\"Vandra V\u00e4gen\",\"description\":\"-Mot en tro f\u00f6r hela livet\",\"publisher\":{\"@id\":\"https:\/\/blogg.svenskakyrkan.se\/vandravagen\/#organization\"},\"potentialAction\":[{\"@type\":\"SearchAction\",\"target\":{\"@type\":\"EntryPoint\",\"urlTemplate\":\"https:\/\/blogg.svenskakyrkan.se\/vandravagen\/?s={search_term_string}\"},\"query-input\":{\"@type\":\"PropertyValueSpecification\",\"valueRequired\":true,\"valueName\":\"search_term_string\"}}],\"inLanguage\":\"sv-SE\"},{\"@type\":\"Organization\",\"@id\":\"https:\/\/blogg.svenskakyrkan.se\/vandravagen\/#organization\",\"name\":\"ulricehamns pastorat\",\"alternateName\":\"ulricehamns pastorat\",\"url\":\"https:\/\/blogg.svenskakyrkan.se\/vandravagen\/\",\"logo\":{\"@type\":\"ImageObject\",\"inLanguage\":\"sv-SE\",\"@id\":\"https:\/\/blogg.svenskakyrkan.se\/vandravagen\/#\/schema\/logo\/image\/\",\"url\":\"https:\/\/blogg.svenskakyrkan.se\/vandravagen\/files\/2023\/05\/Ulr_logo_RGB.png\",\"contentUrl\":\"https:\/\/blogg.svenskakyrkan.se\/vandravagen\/files\/2023\/05\/Ulr_logo_RGB.png\",\"width\":205,\"height\":77,\"caption\":\"ulricehamns pastorat\"},\"image\":{\"@id\":\"https:\/\/blogg.svenskakyrkan.se\/vandravagen\/#\/schema\/logo\/image\/\"},\"sameAs\":[\"http:\/\/facebook.com\/vandravagen\",\"https:\/\/x.com\/fadertomas\",\"http:\/\/www.facebook.com\/svenskakyrkaniulricehamn\"]},{\"@type\":\"Person\",\"@id\":\"https:\/\/blogg.svenskakyrkan.se\/vandravagen\/#\/schema\/person\/25da02d4f76b137d04291711e2c9fc16\",\"name\":\"Tomas Jarvid\",\"image\":{\"@type\":\"ImageObject\",\"inLanguage\":\"sv-SE\",\"@id\":\"https:\/\/blogg.svenskakyrkan.se\/vandravagen\/#\/schema\/person\/image\/\",\"url\":\"https:\/\/secure.gravatar.com\/avatar\/7fa71899795e8f540f615a1f5ab25255dc27aa40f05ee7ddd21aac521e01bf50?s=96&d=identicon&r=g\",\"contentUrl\":\"https:\/\/secure.gravatar.com\/avatar\/7fa71899795e8f540f615a1f5ab25255dc27aa40f05ee7ddd21aac521e01bf50?s=96&d=identicon&r=g\",\"caption\":\"Tomas Jarvid\"},\"description\":\"Jag bor i Ulricehamn i V\u00e4sterg\u00f6tland och \u00e4r f\u00f6rsamlingspr\u00e4st i Svenska Kyrkan f\u00f6r Dalstorps f\u00f6rsamling i Kinds pastorat. P\u00e5 den h\u00e4r bloggen skriver jag ner tankar om vandringen som kristen.\",\"sameAs\":[\"http:\/\/www.vandravagen.se\"],\"url\":\"https:\/\/blogg.svenskakyrkan.se\/vandravagen\/author\/vandravagen\/\"}]}<\/script>\n<!-- \/ Yoast SEO plugin. -->","yoast_head_json":{"title":"L\u00e5ngt fr\u00e5n maktens korridorer -missionen! - Vandra V\u00e4gen","robots":{"index":"index","follow":"follow","max-snippet":"max-snippet:-1","max-image-preview":"max-image-preview:large","max-video-preview":"max-video-preview:-1"},"canonical":"https:\/\/blogg.svenskakyrkan.se\/vandravagen\/2012\/07\/15\/langt-fran-maktens-korridorer-missionen\/","og_locale":"sv_SE","og_type":"article","og_title":"L\u00e5ngt fr\u00e5n maktens korridorer -missionen! - Vandra V\u00e4gen","og_description":"\u00d6stmarks vackra kyrka Ett s\u00e4tt att veta att man bor i glesbygden &#8211; det \u00e4r n\u00e4r man bor s\u00e5 l\u00e5ngt ut i skogen att man \u00e5ker IN till \u00d6stmark (V\u00e4rmland) och handlar. \u00d6stmarks kyrka \u00e4r en vacker tr\u00e4kyrka med sp\u00e5nkl\u00e4dsel som vi \u00e5kte f\u00f6rbi p\u00e5 semestern (och nu blir det snart inte mer fr\u00e5n resan [&hellip;]","og_url":"https:\/\/blogg.svenskakyrkan.se\/vandravagen\/2012\/07\/15\/langt-fran-maktens-korridorer-missionen\/","og_site_name":"Vandra V\u00e4gen","article_publisher":"http:\/\/facebook.com\/vandravagen","article_published_time":"2012-07-15T21:35:00+00:00","og_image":[{"url":"https:\/\/lh3.googleusercontent.com\/-IhSguLRgCfo\/T_33Zqur68I\/AAAAAAAAASQ\/TUvxhSP-0ds\/s400\/blogger-image-1094430927.jpg","type":"","width":"","height":""}],"author":"Tomas Jarvid","twitter_card":"summary_large_image","twitter_creator":"@fadertomas","twitter_site":"@fadertomas","twitter_misc":{"Skriven av":"Tomas Jarvid","Ber\u00e4knad l\u00e4stid":"2 minuter"},"schema":{"@context":"https:\/\/schema.org","@graph":[{"@type":"Article","@id":"https:\/\/blogg.svenskakyrkan.se\/vandravagen\/2012\/07\/15\/langt-fran-maktens-korridorer-missionen\/#article","isPartOf":{"@id":"https:\/\/blogg.svenskakyrkan.se\/vandravagen\/2012\/07\/15\/langt-fran-maktens-korridorer-missionen\/"},"author":{"name":"Tomas Jarvid","@id":"https:\/\/blogg.svenskakyrkan.se\/vandravagen\/#\/schema\/person\/25da02d4f76b137d04291711e2c9fc16"},"headline":"L\u00e5ngt fr\u00e5n maktens korridorer -missionen!","datePublished":"2012-07-15T21:35:00+00:00","mainEntityOfPage":{"@id":"https:\/\/blogg.svenskakyrkan.se\/vandravagen\/2012\/07\/15\/langt-fran-maktens-korridorer-missionen\/"},"wordCount":333,"commentCount":2,"publisher":{"@id":"https:\/\/blogg.svenskakyrkan.se\/vandravagen\/#organization"},"image":{"@id":"https:\/\/blogg.svenskakyrkan.se\/vandravagen\/2012\/07\/15\/langt-fran-maktens-korridorer-missionen\/#primaryimage"},"thumbnailUrl":"https:\/\/lh3.googleusercontent.com\/-IhSguLRgCfo\/T_33Zqur68I\/AAAAAAAAASQ\/TUvxhSP-0ds\/s400\/blogger-image-1094430927.jpg","articleSection":["gravsten","makt","mission"],"inLanguage":"sv-SE","potentialAction":[{"@type":"CommentAction","name":"Comment","target":["https:\/\/blogg.svenskakyrkan.se\/vandravagen\/2012\/07\/15\/langt-fran-maktens-korridorer-missionen\/#respond"]}]},{"@type":"WebPage","@id":"https:\/\/blogg.svenskakyrkan.se\/vandravagen\/2012\/07\/15\/langt-fran-maktens-korridorer-missionen\/","url":"https:\/\/blogg.svenskakyrkan.se\/vandravagen\/2012\/07\/15\/langt-fran-maktens-korridorer-missionen\/","name":"L\u00e5ngt fr\u00e5n maktens korridorer -missionen! - Vandra V\u00e4gen","isPartOf":{"@id":"https:\/\/blogg.svenskakyrkan.se\/vandravagen\/#website"},"primaryImageOfPage":{"@id":"https:\/\/blogg.svenskakyrkan.se\/vandravagen\/2012\/07\/15\/langt-fran-maktens-korridorer-missionen\/#primaryimage"},"image":{"@id":"https:\/\/blogg.svenskakyrkan.se\/vandravagen\/2012\/07\/15\/langt-fran-maktens-korridorer-missionen\/#primaryimage"},"thumbnailUrl":"https:\/\/lh3.googleusercontent.com\/-IhSguLRgCfo\/T_33Zqur68I\/AAAAAAAAASQ\/TUvxhSP-0ds\/s400\/blogger-image-1094430927.jpg","datePublished":"2012-07-15T21:35:00+00:00","breadcrumb":{"@id":"https:\/\/blogg.svenskakyrkan.se\/vandravagen\/2012\/07\/15\/langt-fran-maktens-korridorer-missionen\/#breadcrumb"},"inLanguage":"sv-SE","potentialAction":[{"@type":"ReadAction","target":["https:\/\/blogg.svenskakyrkan.se\/vandravagen\/2012\/07\/15\/langt-fran-maktens-korridorer-missionen\/"]}]},{"@type":"ImageObject","inLanguage":"sv-SE","@id":"https:\/\/blogg.svenskakyrkan.se\/vandravagen\/2012\/07\/15\/langt-fran-maktens-korridorer-missionen\/#primaryimage","url":"https:\/\/lh3.googleusercontent.com\/-IhSguLRgCfo\/T_33Zqur68I\/AAAAAAAAASQ\/TUvxhSP-0ds\/s400\/blogger-image-1094430927.jpg","contentUrl":"https:\/\/lh3.googleusercontent.com\/-IhSguLRgCfo\/T_33Zqur68I\/AAAAAAAAASQ\/TUvxhSP-0ds\/s400\/blogger-image-1094430927.jpg"},{"@type":"BreadcrumbList","@id":"https:\/\/blogg.svenskakyrkan.se\/vandravagen\/2012\/07\/15\/langt-fran-maktens-korridorer-missionen\/#breadcrumb","itemListElement":[{"@type":"ListItem","position":1,"name":"Hem","item":"https:\/\/blogg.svenskakyrkan.se\/vandravagen\/"},{"@type":"ListItem","position":2,"name":"L\u00e5ngt fr\u00e5n maktens korridorer -missionen!"}]},{"@type":"WebSite","@id":"https:\/\/blogg.svenskakyrkan.se\/vandravagen\/#website","url":"https:\/\/blogg.svenskakyrkan.se\/vandravagen\/","name":"Vandra V\u00e4gen","description":"-Mot en tro f\u00f6r hela livet","publisher":{"@id":"https:\/\/blogg.svenskakyrkan.se\/vandravagen\/#organization"},"potentialAction":[{"@type":"SearchAction","target":{"@type":"EntryPoint","urlTemplate":"https:\/\/blogg.svenskakyrkan.se\/vandravagen\/?s={search_term_string}"},"query-input":{"@type":"PropertyValueSpecification","valueRequired":true,"valueName":"search_term_string"}}],"inLanguage":"sv-SE"},{"@type":"Organization","@id":"https:\/\/blogg.svenskakyrkan.se\/vandravagen\/#organization","name":"ulricehamns pastorat","alternateName":"ulricehamns pastorat","url":"https:\/\/blogg.svenskakyrkan.se\/vandravagen\/","logo":{"@type":"ImageObject","inLanguage":"sv-SE","@id":"https:\/\/blogg.svenskakyrkan.se\/vandravagen\/#\/schema\/logo\/image\/","url":"https:\/\/blogg.svenskakyrkan.se\/vandravagen\/files\/2023\/05\/Ulr_logo_RGB.png","contentUrl":"https:\/\/blogg.svenskakyrkan.se\/vandravagen\/files\/2023\/05\/Ulr_logo_RGB.png","width":205,"height":77,"caption":"ulricehamns pastorat"},"image":{"@id":"https:\/\/blogg.svenskakyrkan.se\/vandravagen\/#\/schema\/logo\/image\/"},"sameAs":["http:\/\/facebook.com\/vandravagen","https:\/\/x.com\/fadertomas","http:\/\/www.facebook.com\/svenskakyrkaniulricehamn"]},{"@type":"Person","@id":"https:\/\/blogg.svenskakyrkan.se\/vandravagen\/#\/schema\/person\/25da02d4f76b137d04291711e2c9fc16","name":"Tomas Jarvid","image":{"@type":"ImageObject","inLanguage":"sv-SE","@id":"https:\/\/blogg.svenskakyrkan.se\/vandravagen\/#\/schema\/person\/image\/","url":"https:\/\/secure.gravatar.com\/avatar\/7fa71899795e8f540f615a1f5ab25255dc27aa40f05ee7ddd21aac521e01bf50?s=96&d=identicon&r=g","contentUrl":"https:\/\/secure.gravatar.com\/avatar\/7fa71899795e8f540f615a1f5ab25255dc27aa40f05ee7ddd21aac521e01bf50?s=96&d=identicon&r=g","caption":"Tomas Jarvid"},"description":"Jag bor i Ulricehamn i V\u00e4sterg\u00f6tland och \u00e4r f\u00f6rsamlingspr\u00e4st i Svenska Kyrkan f\u00f6r Dalstorps f\u00f6rsamling i Kinds pastorat. P\u00e5 den h\u00e4r bloggen skriver jag ner tankar om vandringen som kristen.","sameAs":["http:\/\/www.vandravagen.se"],"url":"https:\/\/blogg.svenskakyrkan.se\/vandravagen\/author\/vandravagen\/"}]}},"author_meta":{"ID":"392","user_nicename":"vandravagen","user_url":"http:\/\/www.vandravagen.se","user_registered":"2014-05-19 05:44:52","display_name":"Tomas Jarvid","first_name":"Tomas","last_name":"Jarvid","avatar":"https:\/\/secure.gravatar.com\/avatar\/7fa71899795e8f540f615a1f5ab25255dc27aa40f05ee7ddd21aac521e01bf50?s=96&d=identicon&r=g"},"featured_image":false,"bloginfo":{"name":"Vandra V\u00e4gen","url":"https:\/\/blogg.svenskakyrkan.se\/vandravagen"},"_links":{"self":[{"href":"https:\/\/blogg.svenskakyrkan.se\/vandravagen\/wp-json\/wp\/v2\/posts\/1018","targetHints":{"allow":["GET"]}}],"collection":[{"href":"https:\/\/blogg.svenskakyrkan.se\/vandravagen\/wp-json\/wp\/v2\/posts"}],"about":[{"href":"https:\/\/blogg.svenskakyrkan.se\/vandravagen\/wp-json\/wp\/v2\/types\/post"}],"author":[{"embeddable":true,"href":"https:\/\/blogg.svenskakyrkan.se\/vandravagen\/wp-json\/wp\/v2\/users\/392"}],"replies":[{"embeddable":true,"href":"https:\/\/blogg.svenskakyrkan.se\/vandravagen\/wp-json\/wp\/v2\/comments?post=1018"}],"version-history":[{"count":0,"href":"https:\/\/blogg.svenskakyrkan.se\/vandravagen\/wp-json\/wp\/v2\/posts\/1018\/revisions"}],"wp:attachment":[{"href":"https:\/\/blogg.svenskakyrkan.se\/vandravagen\/wp-json\/wp\/v2\/media?parent=1018"}],"wp:term":[{"taxonomy":"category","embeddable":true,"href":"https:\/\/blogg.svenskakyrkan.se\/vandravagen\/wp-json\/wp\/v2\/categories?post=1018"},{"taxonomy":"post_tag","embeddable":true,"href":"https:\/\/blogg.svenskakyrkan.se\/vandravagen\/wp-json\/wp\/v2\/tags?post=1018"}],"curies":[{"name":"wp","href":"https:\/\/api.w.org\/{rel}","templated":true}]}}