{"id":1020,"date":"2012-07-12T23:16:00","date_gmt":"2012-07-12T21:16:00","guid":{"rendered":"http:\/\/blogg.svenskakyrkan.se\/vandravagen\/2012\/07\/12\/eksharads-kyrka\/"},"modified":"2012-07-12T23:16:00","modified_gmt":"2012-07-12T21:16:00","slug":"eksharads-kyrka","status":"publish","type":"post","link":"https:\/\/blogg.svenskakyrkan.se\/vandravagen\/2012\/07\/12\/eksharads-kyrka\/","title":{"rendered":"Eksh\u00e4rads kyrka"},"content":{"rendered":"<table align=\"center\" cellpadding=\"0\" cellspacing=\"0\">\n<tbody>\n<tr>\n<td><a href=\"https:\/\/lh4.googleusercontent.com\/-e1tV7O0tsgA\/T_33APfuNiI\/AAAAAAAAARc\/p-ZQJR1l-nE\/s640\/blogger-image--761342275.jpg\"><img loading=\"lazy\" decoding=\"async\" border=\"0\" height=\"400\" src=\"https:\/\/lh4.googleusercontent.com\/-e1tV7O0tsgA\/T_33APfuNiI\/AAAAAAAAARc\/p-ZQJR1l-nE\/s400\/blogger-image--761342275.jpg\" width=\"300\"><\/a><\/td>\n<\/tr>\n<tr>\n<td>Jag och dottern och j\u00e4rnkorsen p\u00e5 kyrkog\u00e5rden<\/td>\n<\/tr>\n<\/tbody>\n<\/table>\n<p>Jag visade ju nyligen bilder p\u00e5 utsidan av Eksh\u00e4rads kyrka i Klar\u00e4lvsdalen. Vi hamnade d\u00e4r p\u00e5 v\u00e4g mellan Torsby och Falun och inte f\u00f6rr\u00e4n vi l\u00e4mnat platsen s\u00e5g vi att d\u00e4r ocks\u00e5 finns en nybyggd stavkyrka (som den p\u00e5 http:\/\/www.skagagarden.com). P\u00e5 kyrkog\u00e5rden stod en skog av m\u00e4ktiga j\u00e4rnkors fr\u00e5n 17- och 1800talet och inne i kyrkan fanns bland annat de h\u00e4r fantastiska glasf\u00f6nstren.<\/p>\n<table align=\"center\" cellpadding=\"0\" cellspacing=\"0\">\n<tbody>\n<tr>\n<td><a href=\"https:\/\/lh6.googleusercontent.com\/-_dSvx54EkmI\/T_33AkfCOiI\/AAAAAAAAARo\/ovtKWzBNFPk\/s640\/blogger-image-964531552.jpg\"><img loading=\"lazy\" decoding=\"async\" border=\"0\" height=\"320\" src=\"https:\/\/lh6.googleusercontent.com\/-_dSvx54EkmI\/T_33AkfCOiI\/AAAAAAAAARo\/ovtKWzBNFPk\/s320\/blogger-image-964531552.jpg\" width=\"240\"><\/a><\/td>\n<\/tr>\n<tr>\n<td>Skapelsen<\/td>\n<\/tr>\n<\/tbody>\n<\/table>\n<table align=\"center\" cellpadding=\"0\" cellspacing=\"0\">\n<tbody>\n<tr>\n<td><a href=\"https:\/\/lh3.googleusercontent.com\/-crAH4IWjMsA\/T_33BpnvT_I\/AAAAAAAAARs\/D8Q2tBAekqw\/s640\/blogger-image-1947540721.jpg\"><img loading=\"lazy\" decoding=\"async\" border=\"0\" height=\"320\" src=\"https:\/\/lh3.googleusercontent.com\/-crAH4IWjMsA\/T_33BpnvT_I\/AAAAAAAAARs\/D8Q2tBAekqw\/s320\/blogger-image-1947540721.jpg\" width=\"240\"><\/a><\/td>\n<\/tr>\n<tr>\n<td>Fr\u00e4lsningen<\/td>\n<\/tr>\n<\/tbody>\n<\/table>\n<p>Och dessutom kunde man se detta m\u00e4rkliga f\u00f6rem\u00e5l. I m\u00e5nga kyrkor idag kan man hitta ett sakramentssk\u00e5p i n\u00e4rheten av altaret d\u00e4r invigda (konsekrerade) oblater f\u00f6rvaras f\u00f6r att p\u00e5minna om Jesu verkliga n\u00e4rvaro i Kyrkan. Det h\u00e4r \u00e4r inget mindre \u00e4n ett sakramentsHUS p\u00e5 kanske 1&#215;1,5 meter. Det \u00e4r kittlande att t\u00e4nka att det fanns d\u00e4r n\u00e4r de medeltida v\u00e4stg\u00f6tapilgrimerna kom vandrande upp l\u00e4ngs klar\u00e4lvdalen&#8230;<\/p>\n<div>\n<table align=\"center\" cellpadding=\"0\" cellspacing=\"0\">\n<tbody>\n<tr>\n<td><a href=\"https:\/\/lh3.googleusercontent.com\/-9Yi2wR7BIr4\/T_32-D49BsI\/AAAAAAAAARI\/0xjEwJF1GzI\/s1600\/blogger-image--532833594.jpg\"><img loading=\"lazy\" decoding=\"async\" border=\"0\" height=\"300\" src=\"https:\/\/lh3.googleusercontent.com\/-9Yi2wR7BIr4\/T_32-D49BsI\/AAAAAAAAARI\/0xjEwJF1GzI\/s400\/blogger-image--532833594.jpg\" width=\"400\"><\/a><\/td>\n<\/tr>\n<tr>\n<td>Sakramentshuset<\/td>\n<\/tr>\n<\/tbody>\n<\/table>\n<\/div>\n","protected":false},"excerpt":{"rendered":"<p>Jag och dottern och j\u00e4rnkorsen p\u00e5 kyrkog\u00e5rden Jag visade ju nyligen bilder p\u00e5 utsidan av Eksh\u00e4rads kyrka i Klar\u00e4lvsdalen. Vi hamnade d\u00e4r p\u00e5 v\u00e4g mellan Torsby och Falun och inte f\u00f6rr\u00e4n vi l\u00e4mnat platsen s\u00e5g vi att d\u00e4r ocks\u00e5 finns en nybyggd stavkyrka (som den p\u00e5 http:\/\/www.skagagarden.com). P\u00e5 kyrkog\u00e5rden stod en skog av m\u00e4ktiga j\u00e4rnkors [&hellip;]<\/p>\n","protected":false},"author":392,"featured_media":0,"comment_status":"open","ping_status":"open","sticky":false,"template":"","format":"standard","meta":{"_acf_changed":false,"footnotes":""},"categories":[33574,8331],"tags":[],"class_list":["post-1020","post","type-post","status-publish","format-standard","hentry","category-kyrkan","category-pilgrim"],"acf":[],"yoast_head":"<!-- This site is optimized with the Yoast SEO plugin v27.1.1 - https:\/\/yoast.com\/product\/yoast-seo-wordpress\/ -->\n<title>Eksh\u00e4rads kyrka - Vandra V\u00e4gen<\/title>\n<meta name=\"robots\" content=\"index, follow, max-snippet:-1, max-image-preview:large, max-video-preview:-1\" \/>\n<link rel=\"canonical\" href=\"https:\/\/blogg.svenskakyrkan.se\/vandravagen\/2012\/07\/12\/eksharads-kyrka\/\" \/>\n<meta property=\"og:locale\" content=\"sv_SE\" \/>\n<meta property=\"og:type\" content=\"article\" \/>\n<meta property=\"og:title\" content=\"Eksh\u00e4rads kyrka - Vandra V\u00e4gen\" \/>\n<meta property=\"og:description\" content=\"Jag och dottern och j\u00e4rnkorsen p\u00e5 kyrkog\u00e5rden Jag visade ju nyligen bilder p\u00e5 utsidan av Eksh\u00e4rads kyrka i Klar\u00e4lvsdalen. Vi hamnade d\u00e4r p\u00e5 v\u00e4g mellan Torsby och Falun och inte f\u00f6rr\u00e4n vi l\u00e4mnat platsen s\u00e5g vi att d\u00e4r ocks\u00e5 finns en nybyggd stavkyrka (som den p\u00e5 http:\/\/www.skagagarden.com). P\u00e5 kyrkog\u00e5rden stod en skog av m\u00e4ktiga j\u00e4rnkors [&hellip;]\" \/>\n<meta property=\"og:url\" content=\"https:\/\/blogg.svenskakyrkan.se\/vandravagen\/2012\/07\/12\/eksharads-kyrka\/\" \/>\n<meta property=\"og:site_name\" content=\"Vandra V\u00e4gen\" \/>\n<meta property=\"article:publisher\" content=\"http:\/\/facebook.com\/vandravagen\" \/>\n<meta property=\"article:published_time\" content=\"2012-07-12T21:16:00+00:00\" \/>\n<meta property=\"og:image\" content=\"https:\/\/lh4.googleusercontent.com\/-e1tV7O0tsgA\/T_33APfuNiI\/AAAAAAAAARc\/p-ZQJR1l-nE\/s400\/blogger-image--761342275.jpg\" \/>\n<meta name=\"author\" content=\"Tomas Jarvid\" \/>\n<meta name=\"twitter:card\" content=\"summary_large_image\" \/>\n<meta name=\"twitter:creator\" content=\"@fadertomas\" \/>\n<meta name=\"twitter:site\" content=\"@fadertomas\" \/>\n<meta name=\"twitter:label1\" content=\"Skriven av\" \/>\n\t<meta name=\"twitter:data1\" content=\"Tomas Jarvid\" \/>\n\t<meta name=\"twitter:label2\" content=\"Ber\u00e4knad l\u00e4stid\" \/>\n\t<meta name=\"twitter:data2\" content=\"1 minut\" \/>\n<script type=\"application\/ld+json\" class=\"yoast-schema-graph\">{\"@context\":\"https:\/\/schema.org\",\"@graph\":[{\"@type\":\"Article\",\"@id\":\"https:\/\/blogg.svenskakyrkan.se\/vandravagen\/2012\/07\/12\/eksharads-kyrka\/#article\",\"isPartOf\":{\"@id\":\"https:\/\/blogg.svenskakyrkan.se\/vandravagen\/2012\/07\/12\/eksharads-kyrka\/\"},\"author\":{\"name\":\"Tomas Jarvid\",\"@id\":\"https:\/\/blogg.svenskakyrkan.se\/vandravagen\/#\/schema\/person\/25da02d4f76b137d04291711e2c9fc16\"},\"headline\":\"Eksh\u00e4rads kyrka\",\"datePublished\":\"2012-07-12T21:16:00+00:00\",\"mainEntityOfPage\":{\"@id\":\"https:\/\/blogg.svenskakyrkan.se\/vandravagen\/2012\/07\/12\/eksharads-kyrka\/\"},\"wordCount\":181,\"commentCount\":0,\"publisher\":{\"@id\":\"https:\/\/blogg.svenskakyrkan.se\/vandravagen\/#organization\"},\"image\":{\"@id\":\"https:\/\/blogg.svenskakyrkan.se\/vandravagen\/2012\/07\/12\/eksharads-kyrka\/#primaryimage\"},\"thumbnailUrl\":\"https:\/\/lh4.googleusercontent.com\/-e1tV7O0tsgA\/T_33APfuNiI\/AAAAAAAAARc\/p-ZQJR1l-nE\/s400\/blogger-image--761342275.jpg\",\"articleSection\":[\"kyrkan\",\"pilgrim\"],\"inLanguage\":\"sv-SE\",\"potentialAction\":[{\"@type\":\"CommentAction\",\"name\":\"Comment\",\"target\":[\"https:\/\/blogg.svenskakyrkan.se\/vandravagen\/2012\/07\/12\/eksharads-kyrka\/#respond\"]}]},{\"@type\":\"WebPage\",\"@id\":\"https:\/\/blogg.svenskakyrkan.se\/vandravagen\/2012\/07\/12\/eksharads-kyrka\/\",\"url\":\"https:\/\/blogg.svenskakyrkan.se\/vandravagen\/2012\/07\/12\/eksharads-kyrka\/\",\"name\":\"Eksh\u00e4rads kyrka - Vandra V\u00e4gen\",\"isPartOf\":{\"@id\":\"https:\/\/blogg.svenskakyrkan.se\/vandravagen\/#website\"},\"primaryImageOfPage\":{\"@id\":\"https:\/\/blogg.svenskakyrkan.se\/vandravagen\/2012\/07\/12\/eksharads-kyrka\/#primaryimage\"},\"image\":{\"@id\":\"https:\/\/blogg.svenskakyrkan.se\/vandravagen\/2012\/07\/12\/eksharads-kyrka\/#primaryimage\"},\"thumbnailUrl\":\"https:\/\/lh4.googleusercontent.com\/-e1tV7O0tsgA\/T_33APfuNiI\/AAAAAAAAARc\/p-ZQJR1l-nE\/s400\/blogger-image--761342275.jpg\",\"datePublished\":\"2012-07-12T21:16:00+00:00\",\"breadcrumb\":{\"@id\":\"https:\/\/blogg.svenskakyrkan.se\/vandravagen\/2012\/07\/12\/eksharads-kyrka\/#breadcrumb\"},\"inLanguage\":\"sv-SE\",\"potentialAction\":[{\"@type\":\"ReadAction\",\"target\":[\"https:\/\/blogg.svenskakyrkan.se\/vandravagen\/2012\/07\/12\/eksharads-kyrka\/\"]}]},{\"@type\":\"ImageObject\",\"inLanguage\":\"sv-SE\",\"@id\":\"https:\/\/blogg.svenskakyrkan.se\/vandravagen\/2012\/07\/12\/eksharads-kyrka\/#primaryimage\",\"url\":\"https:\/\/lh4.googleusercontent.com\/-e1tV7O0tsgA\/T_33APfuNiI\/AAAAAAAAARc\/p-ZQJR1l-nE\/s400\/blogger-image--761342275.jpg\",\"contentUrl\":\"https:\/\/lh4.googleusercontent.com\/-e1tV7O0tsgA\/T_33APfuNiI\/AAAAAAAAARc\/p-ZQJR1l-nE\/s400\/blogger-image--761342275.jpg\"},{\"@type\":\"BreadcrumbList\",\"@id\":\"https:\/\/blogg.svenskakyrkan.se\/vandravagen\/2012\/07\/12\/eksharads-kyrka\/#breadcrumb\",\"itemListElement\":[{\"@type\":\"ListItem\",\"position\":1,\"name\":\"Hem\",\"item\":\"https:\/\/blogg.svenskakyrkan.se\/vandravagen\/\"},{\"@type\":\"ListItem\",\"position\":2,\"name\":\"Eksh\u00e4rads kyrka\"}]},{\"@type\":\"WebSite\",\"@id\":\"https:\/\/blogg.svenskakyrkan.se\/vandravagen\/#website\",\"url\":\"https:\/\/blogg.svenskakyrkan.se\/vandravagen\/\",\"name\":\"Vandra V\u00e4gen\",\"description\":\"-Mot en tro f\u00f6r hela livet\",\"publisher\":{\"@id\":\"https:\/\/blogg.svenskakyrkan.se\/vandravagen\/#organization\"},\"potentialAction\":[{\"@type\":\"SearchAction\",\"target\":{\"@type\":\"EntryPoint\",\"urlTemplate\":\"https:\/\/blogg.svenskakyrkan.se\/vandravagen\/?s={search_term_string}\"},\"query-input\":{\"@type\":\"PropertyValueSpecification\",\"valueRequired\":true,\"valueName\":\"search_term_string\"}}],\"inLanguage\":\"sv-SE\"},{\"@type\":\"Organization\",\"@id\":\"https:\/\/blogg.svenskakyrkan.se\/vandravagen\/#organization\",\"name\":\"ulricehamns pastorat\",\"alternateName\":\"ulricehamns pastorat\",\"url\":\"https:\/\/blogg.svenskakyrkan.se\/vandravagen\/\",\"logo\":{\"@type\":\"ImageObject\",\"inLanguage\":\"sv-SE\",\"@id\":\"https:\/\/blogg.svenskakyrkan.se\/vandravagen\/#\/schema\/logo\/image\/\",\"url\":\"https:\/\/blogg.svenskakyrkan.se\/vandravagen\/files\/2023\/05\/Ulr_logo_RGB.png\",\"contentUrl\":\"https:\/\/blogg.svenskakyrkan.se\/vandravagen\/files\/2023\/05\/Ulr_logo_RGB.png\",\"width\":205,\"height\":77,\"caption\":\"ulricehamns pastorat\"},\"image\":{\"@id\":\"https:\/\/blogg.svenskakyrkan.se\/vandravagen\/#\/schema\/logo\/image\/\"},\"sameAs\":[\"http:\/\/facebook.com\/vandravagen\",\"https:\/\/x.com\/fadertomas\",\"http:\/\/www.facebook.com\/svenskakyrkaniulricehamn\"]},{\"@type\":\"Person\",\"@id\":\"https:\/\/blogg.svenskakyrkan.se\/vandravagen\/#\/schema\/person\/25da02d4f76b137d04291711e2c9fc16\",\"name\":\"Tomas Jarvid\",\"image\":{\"@type\":\"ImageObject\",\"inLanguage\":\"sv-SE\",\"@id\":\"https:\/\/blogg.svenskakyrkan.se\/vandravagen\/#\/schema\/person\/image\/\",\"url\":\"https:\/\/secure.gravatar.com\/avatar\/7fa71899795e8f540f615a1f5ab25255dc27aa40f05ee7ddd21aac521e01bf50?s=96&d=identicon&r=g\",\"contentUrl\":\"https:\/\/secure.gravatar.com\/avatar\/7fa71899795e8f540f615a1f5ab25255dc27aa40f05ee7ddd21aac521e01bf50?s=96&d=identicon&r=g\",\"caption\":\"Tomas Jarvid\"},\"description\":\"Jag bor i Ulricehamn i V\u00e4sterg\u00f6tland och \u00e4r f\u00f6rsamlingspr\u00e4st i Svenska Kyrkan f\u00f6r Dalstorps f\u00f6rsamling i Kinds pastorat. P\u00e5 den h\u00e4r bloggen skriver jag ner tankar om vandringen som kristen.\",\"sameAs\":[\"http:\/\/www.vandravagen.se\"],\"url\":\"https:\/\/blogg.svenskakyrkan.se\/vandravagen\/author\/vandravagen\/\"}]}<\/script>\n<!-- \/ Yoast SEO plugin. -->","yoast_head_json":{"title":"Eksh\u00e4rads kyrka - Vandra V\u00e4gen","robots":{"index":"index","follow":"follow","max-snippet":"max-snippet:-1","max-image-preview":"max-image-preview:large","max-video-preview":"max-video-preview:-1"},"canonical":"https:\/\/blogg.svenskakyrkan.se\/vandravagen\/2012\/07\/12\/eksharads-kyrka\/","og_locale":"sv_SE","og_type":"article","og_title":"Eksh\u00e4rads kyrka - Vandra V\u00e4gen","og_description":"Jag och dottern och j\u00e4rnkorsen p\u00e5 kyrkog\u00e5rden Jag visade ju nyligen bilder p\u00e5 utsidan av Eksh\u00e4rads kyrka i Klar\u00e4lvsdalen. Vi hamnade d\u00e4r p\u00e5 v\u00e4g mellan Torsby och Falun och inte f\u00f6rr\u00e4n vi l\u00e4mnat platsen s\u00e5g vi att d\u00e4r ocks\u00e5 finns en nybyggd stavkyrka (som den p\u00e5 http:\/\/www.skagagarden.com). P\u00e5 kyrkog\u00e5rden stod en skog av m\u00e4ktiga j\u00e4rnkors [&hellip;]","og_url":"https:\/\/blogg.svenskakyrkan.se\/vandravagen\/2012\/07\/12\/eksharads-kyrka\/","og_site_name":"Vandra V\u00e4gen","article_publisher":"http:\/\/facebook.com\/vandravagen","article_published_time":"2012-07-12T21:16:00+00:00","og_image":[{"url":"https:\/\/lh4.googleusercontent.com\/-e1tV7O0tsgA\/T_33APfuNiI\/AAAAAAAAARc\/p-ZQJR1l-nE\/s400\/blogger-image--761342275.jpg","type":"","width":"","height":""}],"author":"Tomas Jarvid","twitter_card":"summary_large_image","twitter_creator":"@fadertomas","twitter_site":"@fadertomas","twitter_misc":{"Skriven av":"Tomas Jarvid","Ber\u00e4knad l\u00e4stid":"1 minut"},"schema":{"@context":"https:\/\/schema.org","@graph":[{"@type":"Article","@id":"https:\/\/blogg.svenskakyrkan.se\/vandravagen\/2012\/07\/12\/eksharads-kyrka\/#article","isPartOf":{"@id":"https:\/\/blogg.svenskakyrkan.se\/vandravagen\/2012\/07\/12\/eksharads-kyrka\/"},"author":{"name":"Tomas Jarvid","@id":"https:\/\/blogg.svenskakyrkan.se\/vandravagen\/#\/schema\/person\/25da02d4f76b137d04291711e2c9fc16"},"headline":"Eksh\u00e4rads kyrka","datePublished":"2012-07-12T21:16:00+00:00","mainEntityOfPage":{"@id":"https:\/\/blogg.svenskakyrkan.se\/vandravagen\/2012\/07\/12\/eksharads-kyrka\/"},"wordCount":181,"commentCount":0,"publisher":{"@id":"https:\/\/blogg.svenskakyrkan.se\/vandravagen\/#organization"},"image":{"@id":"https:\/\/blogg.svenskakyrkan.se\/vandravagen\/2012\/07\/12\/eksharads-kyrka\/#primaryimage"},"thumbnailUrl":"https:\/\/lh4.googleusercontent.com\/-e1tV7O0tsgA\/T_33APfuNiI\/AAAAAAAAARc\/p-ZQJR1l-nE\/s400\/blogger-image--761342275.jpg","articleSection":["kyrkan","pilgrim"],"inLanguage":"sv-SE","potentialAction":[{"@type":"CommentAction","name":"Comment","target":["https:\/\/blogg.svenskakyrkan.se\/vandravagen\/2012\/07\/12\/eksharads-kyrka\/#respond"]}]},{"@type":"WebPage","@id":"https:\/\/blogg.svenskakyrkan.se\/vandravagen\/2012\/07\/12\/eksharads-kyrka\/","url":"https:\/\/blogg.svenskakyrkan.se\/vandravagen\/2012\/07\/12\/eksharads-kyrka\/","name":"Eksh\u00e4rads kyrka - Vandra V\u00e4gen","isPartOf":{"@id":"https:\/\/blogg.svenskakyrkan.se\/vandravagen\/#website"},"primaryImageOfPage":{"@id":"https:\/\/blogg.svenskakyrkan.se\/vandravagen\/2012\/07\/12\/eksharads-kyrka\/#primaryimage"},"image":{"@id":"https:\/\/blogg.svenskakyrkan.se\/vandravagen\/2012\/07\/12\/eksharads-kyrka\/#primaryimage"},"thumbnailUrl":"https:\/\/lh4.googleusercontent.com\/-e1tV7O0tsgA\/T_33APfuNiI\/AAAAAAAAARc\/p-ZQJR1l-nE\/s400\/blogger-image--761342275.jpg","datePublished":"2012-07-12T21:16:00+00:00","breadcrumb":{"@id":"https:\/\/blogg.svenskakyrkan.se\/vandravagen\/2012\/07\/12\/eksharads-kyrka\/#breadcrumb"},"inLanguage":"sv-SE","potentialAction":[{"@type":"ReadAction","target":["https:\/\/blogg.svenskakyrkan.se\/vandravagen\/2012\/07\/12\/eksharads-kyrka\/"]}]},{"@type":"ImageObject","inLanguage":"sv-SE","@id":"https:\/\/blogg.svenskakyrkan.se\/vandravagen\/2012\/07\/12\/eksharads-kyrka\/#primaryimage","url":"https:\/\/lh4.googleusercontent.com\/-e1tV7O0tsgA\/T_33APfuNiI\/AAAAAAAAARc\/p-ZQJR1l-nE\/s400\/blogger-image--761342275.jpg","contentUrl":"https:\/\/lh4.googleusercontent.com\/-e1tV7O0tsgA\/T_33APfuNiI\/AAAAAAAAARc\/p-ZQJR1l-nE\/s400\/blogger-image--761342275.jpg"},{"@type":"BreadcrumbList","@id":"https:\/\/blogg.svenskakyrkan.se\/vandravagen\/2012\/07\/12\/eksharads-kyrka\/#breadcrumb","itemListElement":[{"@type":"ListItem","position":1,"name":"Hem","item":"https:\/\/blogg.svenskakyrkan.se\/vandravagen\/"},{"@type":"ListItem","position":2,"name":"Eksh\u00e4rads kyrka"}]},{"@type":"WebSite","@id":"https:\/\/blogg.svenskakyrkan.se\/vandravagen\/#website","url":"https:\/\/blogg.svenskakyrkan.se\/vandravagen\/","name":"Vandra V\u00e4gen","description":"-Mot en tro f\u00f6r hela livet","publisher":{"@id":"https:\/\/blogg.svenskakyrkan.se\/vandravagen\/#organization"},"potentialAction":[{"@type":"SearchAction","target":{"@type":"EntryPoint","urlTemplate":"https:\/\/blogg.svenskakyrkan.se\/vandravagen\/?s={search_term_string}"},"query-input":{"@type":"PropertyValueSpecification","valueRequired":true,"valueName":"search_term_string"}}],"inLanguage":"sv-SE"},{"@type":"Organization","@id":"https:\/\/blogg.svenskakyrkan.se\/vandravagen\/#organization","name":"ulricehamns pastorat","alternateName":"ulricehamns pastorat","url":"https:\/\/blogg.svenskakyrkan.se\/vandravagen\/","logo":{"@type":"ImageObject","inLanguage":"sv-SE","@id":"https:\/\/blogg.svenskakyrkan.se\/vandravagen\/#\/schema\/logo\/image\/","url":"https:\/\/blogg.svenskakyrkan.se\/vandravagen\/files\/2023\/05\/Ulr_logo_RGB.png","contentUrl":"https:\/\/blogg.svenskakyrkan.se\/vandravagen\/files\/2023\/05\/Ulr_logo_RGB.png","width":205,"height":77,"caption":"ulricehamns pastorat"},"image":{"@id":"https:\/\/blogg.svenskakyrkan.se\/vandravagen\/#\/schema\/logo\/image\/"},"sameAs":["http:\/\/facebook.com\/vandravagen","https:\/\/x.com\/fadertomas","http:\/\/www.facebook.com\/svenskakyrkaniulricehamn"]},{"@type":"Person","@id":"https:\/\/blogg.svenskakyrkan.se\/vandravagen\/#\/schema\/person\/25da02d4f76b137d04291711e2c9fc16","name":"Tomas Jarvid","image":{"@type":"ImageObject","inLanguage":"sv-SE","@id":"https:\/\/blogg.svenskakyrkan.se\/vandravagen\/#\/schema\/person\/image\/","url":"https:\/\/secure.gravatar.com\/avatar\/7fa71899795e8f540f615a1f5ab25255dc27aa40f05ee7ddd21aac521e01bf50?s=96&d=identicon&r=g","contentUrl":"https:\/\/secure.gravatar.com\/avatar\/7fa71899795e8f540f615a1f5ab25255dc27aa40f05ee7ddd21aac521e01bf50?s=96&d=identicon&r=g","caption":"Tomas Jarvid"},"description":"Jag bor i Ulricehamn i V\u00e4sterg\u00f6tland och \u00e4r f\u00f6rsamlingspr\u00e4st i Svenska Kyrkan f\u00f6r Dalstorps f\u00f6rsamling i Kinds pastorat. P\u00e5 den h\u00e4r bloggen skriver jag ner tankar om vandringen som kristen.","sameAs":["http:\/\/www.vandravagen.se"],"url":"https:\/\/blogg.svenskakyrkan.se\/vandravagen\/author\/vandravagen\/"}]}},"author_meta":{"ID":"392","user_nicename":"vandravagen","user_url":"http:\/\/www.vandravagen.se","user_registered":"2014-05-19 05:44:52","display_name":"Tomas Jarvid","first_name":"Tomas","last_name":"Jarvid","avatar":"https:\/\/secure.gravatar.com\/avatar\/7fa71899795e8f540f615a1f5ab25255dc27aa40f05ee7ddd21aac521e01bf50?s=96&d=identicon&r=g"},"featured_image":false,"bloginfo":{"name":"Vandra V\u00e4gen","url":"https:\/\/blogg.svenskakyrkan.se\/vandravagen"},"_links":{"self":[{"href":"https:\/\/blogg.svenskakyrkan.se\/vandravagen\/wp-json\/wp\/v2\/posts\/1020","targetHints":{"allow":["GET"]}}],"collection":[{"href":"https:\/\/blogg.svenskakyrkan.se\/vandravagen\/wp-json\/wp\/v2\/posts"}],"about":[{"href":"https:\/\/blogg.svenskakyrkan.se\/vandravagen\/wp-json\/wp\/v2\/types\/post"}],"author":[{"embeddable":true,"href":"https:\/\/blogg.svenskakyrkan.se\/vandravagen\/wp-json\/wp\/v2\/users\/392"}],"replies":[{"embeddable":true,"href":"https:\/\/blogg.svenskakyrkan.se\/vandravagen\/wp-json\/wp\/v2\/comments?post=1020"}],"version-history":[{"count":0,"href":"https:\/\/blogg.svenskakyrkan.se\/vandravagen\/wp-json\/wp\/v2\/posts\/1020\/revisions"}],"wp:attachment":[{"href":"https:\/\/blogg.svenskakyrkan.se\/vandravagen\/wp-json\/wp\/v2\/media?parent=1020"}],"wp:term":[{"taxonomy":"category","embeddable":true,"href":"https:\/\/blogg.svenskakyrkan.se\/vandravagen\/wp-json\/wp\/v2\/categories?post=1020"},{"taxonomy":"post_tag","embeddable":true,"href":"https:\/\/blogg.svenskakyrkan.se\/vandravagen\/wp-json\/wp\/v2\/tags?post=1020"}],"curies":[{"name":"wp","href":"https:\/\/api.w.org\/{rel}","templated":true}]}}