{"id":1021,"date":"2012-07-12T09:10:00","date_gmt":"2012-07-12T07:10:00","guid":{"rendered":"http:\/\/blogg.svenskakyrkan.se\/vandravagen\/2012\/07\/12\/fanfar-for-er\/"},"modified":"2012-07-12T09:10:00","modified_gmt":"2012-07-12T07:10:00","slug":"fanfar-for-er","status":"publish","type":"post","link":"https:\/\/blogg.svenskakyrkan.se\/vandravagen\/2012\/07\/12\/fanfar-for-er\/","title":{"rendered":"Fanfar f\u00f6r er!"},"content":{"rendered":"<table align=\"center\" cellpadding=\"0\" cellspacing=\"0\">\n<tbody>\n<tr>\n<td><a href=\"http:\/\/1.bp.blogspot.com\/-MPW9IiG165s\/T_52Fr0UcKI\/AAAAAAAAASc\/1l-A6Jr9bVs\/s1600\/P5050027.JPG\"><img loading=\"lazy\" decoding=\"async\" border=\"0\" height=\"640\" src=\"http:\/\/1.bp.blogspot.com\/-MPW9IiG165s\/T_52Fr0UcKI\/AAAAAAAAASc\/1l-A6Jr9bVs\/s640\/P5050027.JPG\" width=\"504\"><\/a><\/td>\n<\/tr>\n<tr>\n<td>Tuuuuuuuuuuuuuut!!!!<\/td>\n<\/tr>\n<\/tbody>\n<\/table>\n<div>Det \u00e4r v\u00e4ldigt roligt att fler och fler hittar hit till bloggen. Jag m\u00e4rker ocks\u00e5 att det snabbt kommer fler n\u00e4r n\u00e5gon av er delar en l\u00e4nk eller rekommenderar sidan, s\u00e5 g\u00f6r g\u00e4rna det! Om du tycker att n\u00e5got jag skriver \u00e4r bra s\u00e5 dela g\u00e4rna p\u00e5 facebook eller twitter eller genom att skriva handm\u00e5lade skyltar och s\u00e4tta upp i samh\u00e4llet d\u00e4r du bor, det vore kanon!<\/div>\n<div><\/div>\n<div>Det \u00e4r ocks\u00e5 v\u00e4ldigt roligt att f\u00e5 kommentarer, s\u00e5 kommentera g\u00e4rna och g\u00f6r social media \u00e4nnu lite mer sociala. Och om du vill ge feedback eller n\u00e5 mig av andra sk\u00e4l s\u00e5 tveka inte att h\u00f6ra av dig p\u00e5: tomas.jarvid@svenskakyrkan.se eller p\u00e5 @FaderTomas eller tel 0727-136165. Det finns ocks\u00e5 en Youtubekanal p\u00e5 under namnet TomasJarvid, men har du sett alla (b\u00e4gge&#8230;) filmerna d\u00e4r s\u00e5 kan du lita p\u00e5 att jag ber\u00e4ttar n\u00e4r det kommer n\u00e5got mer.<\/div>\n<div><\/div>\n<div>Sj\u00e4lv b\u00f6rjar jag tycka det var l\u00e4nge sedan jag hade g\u00e4stbloggare h\u00e4r, det hoppas jag att vi tillsammans kan \u00e4ndra p\u00e5?<\/div>\n<div><\/div>\n<div>S\u00e5: vad tycker ni om bloggen s\u00e5 h\u00e4r l\u00e5ngt? \u00c4r det f\u00f6r ofta, f\u00f6r s\u00e4llan, f\u00f6r ytligt, f\u00f6r djupt, saknar du n\u00e5got \u00e4mne?\u00a0<\/div>\n","protected":false},"excerpt":{"rendered":"<p>Tuuuuuuuuuuuuuut!!!! Det \u00e4r v\u00e4ldigt roligt att fler och fler hittar hit till bloggen. Jag m\u00e4rker ocks\u00e5 att det snabbt kommer fler n\u00e4r n\u00e5gon av er delar en l\u00e4nk eller rekommenderar sidan, s\u00e5 g\u00f6r g\u00e4rna det! Om du tycker att n\u00e5got jag skriver \u00e4r bra s\u00e5 dela g\u00e4rna p\u00e5 facebook eller twitter eller genom att skriva [&hellip;]<\/p>\n","protected":false},"author":392,"featured_media":0,"comment_status":"open","ping_status":"open","sticky":false,"template":"","format":"standard","meta":{"_acf_changed":false,"footnotes":""},"categories":[76608],"tags":[],"class_list":["post-1021","post","type-post","status-publish","format-standard","hentry","category-bloggen"],"acf":[],"yoast_head":"<!-- This site is optimized with the Yoast SEO plugin v27.1.1 - https:\/\/yoast.com\/product\/yoast-seo-wordpress\/ -->\n<title>Fanfar f\u00f6r er! - Vandra V\u00e4gen<\/title>\n<meta name=\"robots\" content=\"index, follow, max-snippet:-1, max-image-preview:large, max-video-preview:-1\" \/>\n<link rel=\"canonical\" href=\"https:\/\/blogg.svenskakyrkan.se\/vandravagen\/2012\/07\/12\/fanfar-for-er\/\" \/>\n<meta property=\"og:locale\" content=\"sv_SE\" \/>\n<meta property=\"og:type\" content=\"article\" \/>\n<meta property=\"og:title\" content=\"Fanfar f\u00f6r er! - Vandra V\u00e4gen\" \/>\n<meta property=\"og:description\" content=\"Tuuuuuuuuuuuuuut!!!! Det \u00e4r v\u00e4ldigt roligt att fler och fler hittar hit till bloggen. Jag m\u00e4rker ocks\u00e5 att det snabbt kommer fler n\u00e4r n\u00e5gon av er delar en l\u00e4nk eller rekommenderar sidan, s\u00e5 g\u00f6r g\u00e4rna det! Om du tycker att n\u00e5got jag skriver \u00e4r bra s\u00e5 dela g\u00e4rna p\u00e5 facebook eller twitter eller genom att skriva [&hellip;]\" \/>\n<meta property=\"og:url\" content=\"https:\/\/blogg.svenskakyrkan.se\/vandravagen\/2012\/07\/12\/fanfar-for-er\/\" \/>\n<meta property=\"og:site_name\" content=\"Vandra V\u00e4gen\" \/>\n<meta property=\"article:publisher\" content=\"http:\/\/facebook.com\/vandravagen\" \/>\n<meta property=\"article:published_time\" content=\"2012-07-12T07:10:00+00:00\" \/>\n<meta property=\"og:image\" content=\"http:\/\/1.bp.blogspot.com\/-MPW9IiG165s\/T_52Fr0UcKI\/AAAAAAAAASc\/1l-A6Jr9bVs\/s640\/P5050027.JPG\" \/>\n<meta name=\"author\" content=\"Tomas Jarvid\" \/>\n<meta name=\"twitter:card\" content=\"summary_large_image\" \/>\n<meta name=\"twitter:creator\" content=\"@fadertomas\" \/>\n<meta name=\"twitter:site\" content=\"@fadertomas\" \/>\n<meta name=\"twitter:label1\" content=\"Skriven av\" \/>\n\t<meta name=\"twitter:data1\" content=\"Tomas Jarvid\" \/>\n\t<meta name=\"twitter:label2\" content=\"Ber\u00e4knad l\u00e4stid\" \/>\n\t<meta name=\"twitter:data2\" content=\"1 minut\" \/>\n<script type=\"application\/ld+json\" class=\"yoast-schema-graph\">{\"@context\":\"https:\/\/schema.org\",\"@graph\":[{\"@type\":\"Article\",\"@id\":\"https:\/\/blogg.svenskakyrkan.se\/vandravagen\/2012\/07\/12\/fanfar-for-er\/#article\",\"isPartOf\":{\"@id\":\"https:\/\/blogg.svenskakyrkan.se\/vandravagen\/2012\/07\/12\/fanfar-for-er\/\"},\"author\":{\"name\":\"Tomas Jarvid\",\"@id\":\"https:\/\/blogg.svenskakyrkan.se\/vandravagen\/#\/schema\/person\/25da02d4f76b137d04291711e2c9fc16\"},\"headline\":\"Fanfar f\u00f6r er!\",\"datePublished\":\"2012-07-12T07:10:00+00:00\",\"mainEntityOfPage\":{\"@id\":\"https:\/\/blogg.svenskakyrkan.se\/vandravagen\/2012\/07\/12\/fanfar-for-er\/\"},\"wordCount\":231,\"commentCount\":3,\"publisher\":{\"@id\":\"https:\/\/blogg.svenskakyrkan.se\/vandravagen\/#organization\"},\"image\":{\"@id\":\"https:\/\/blogg.svenskakyrkan.se\/vandravagen\/2012\/07\/12\/fanfar-for-er\/#primaryimage\"},\"thumbnailUrl\":\"http:\/\/1.bp.blogspot.com\/-MPW9IiG165s\/T_52Fr0UcKI\/AAAAAAAAASc\/1l-A6Jr9bVs\/s640\/P5050027.JPG\",\"articleSection\":[\"bloggen\"],\"inLanguage\":\"sv-SE\",\"potentialAction\":[{\"@type\":\"CommentAction\",\"name\":\"Comment\",\"target\":[\"https:\/\/blogg.svenskakyrkan.se\/vandravagen\/2012\/07\/12\/fanfar-for-er\/#respond\"]}]},{\"@type\":\"WebPage\",\"@id\":\"https:\/\/blogg.svenskakyrkan.se\/vandravagen\/2012\/07\/12\/fanfar-for-er\/\",\"url\":\"https:\/\/blogg.svenskakyrkan.se\/vandravagen\/2012\/07\/12\/fanfar-for-er\/\",\"name\":\"Fanfar f\u00f6r er! - Vandra V\u00e4gen\",\"isPartOf\":{\"@id\":\"https:\/\/blogg.svenskakyrkan.se\/vandravagen\/#website\"},\"primaryImageOfPage\":{\"@id\":\"https:\/\/blogg.svenskakyrkan.se\/vandravagen\/2012\/07\/12\/fanfar-for-er\/#primaryimage\"},\"image\":{\"@id\":\"https:\/\/blogg.svenskakyrkan.se\/vandravagen\/2012\/07\/12\/fanfar-for-er\/#primaryimage\"},\"thumbnailUrl\":\"http:\/\/1.bp.blogspot.com\/-MPW9IiG165s\/T_52Fr0UcKI\/AAAAAAAAASc\/1l-A6Jr9bVs\/s640\/P5050027.JPG\",\"datePublished\":\"2012-07-12T07:10:00+00:00\",\"breadcrumb\":{\"@id\":\"https:\/\/blogg.svenskakyrkan.se\/vandravagen\/2012\/07\/12\/fanfar-for-er\/#breadcrumb\"},\"inLanguage\":\"sv-SE\",\"potentialAction\":[{\"@type\":\"ReadAction\",\"target\":[\"https:\/\/blogg.svenskakyrkan.se\/vandravagen\/2012\/07\/12\/fanfar-for-er\/\"]}]},{\"@type\":\"ImageObject\",\"inLanguage\":\"sv-SE\",\"@id\":\"https:\/\/blogg.svenskakyrkan.se\/vandravagen\/2012\/07\/12\/fanfar-for-er\/#primaryimage\",\"url\":\"http:\/\/1.bp.blogspot.com\/-MPW9IiG165s\/T_52Fr0UcKI\/AAAAAAAAASc\/1l-A6Jr9bVs\/s640\/P5050027.JPG\",\"contentUrl\":\"http:\/\/1.bp.blogspot.com\/-MPW9IiG165s\/T_52Fr0UcKI\/AAAAAAAAASc\/1l-A6Jr9bVs\/s640\/P5050027.JPG\"},{\"@type\":\"BreadcrumbList\",\"@id\":\"https:\/\/blogg.svenskakyrkan.se\/vandravagen\/2012\/07\/12\/fanfar-for-er\/#breadcrumb\",\"itemListElement\":[{\"@type\":\"ListItem\",\"position\":1,\"name\":\"Hem\",\"item\":\"https:\/\/blogg.svenskakyrkan.se\/vandravagen\/\"},{\"@type\":\"ListItem\",\"position\":2,\"name\":\"Fanfar f\u00f6r er!\"}]},{\"@type\":\"WebSite\",\"@id\":\"https:\/\/blogg.svenskakyrkan.se\/vandravagen\/#website\",\"url\":\"https:\/\/blogg.svenskakyrkan.se\/vandravagen\/\",\"name\":\"Vandra V\u00e4gen\",\"description\":\"-Mot en tro f\u00f6r hela livet\",\"publisher\":{\"@id\":\"https:\/\/blogg.svenskakyrkan.se\/vandravagen\/#organization\"},\"potentialAction\":[{\"@type\":\"SearchAction\",\"target\":{\"@type\":\"EntryPoint\",\"urlTemplate\":\"https:\/\/blogg.svenskakyrkan.se\/vandravagen\/?s={search_term_string}\"},\"query-input\":{\"@type\":\"PropertyValueSpecification\",\"valueRequired\":true,\"valueName\":\"search_term_string\"}}],\"inLanguage\":\"sv-SE\"},{\"@type\":\"Organization\",\"@id\":\"https:\/\/blogg.svenskakyrkan.se\/vandravagen\/#organization\",\"name\":\"ulricehamns pastorat\",\"alternateName\":\"ulricehamns pastorat\",\"url\":\"https:\/\/blogg.svenskakyrkan.se\/vandravagen\/\",\"logo\":{\"@type\":\"ImageObject\",\"inLanguage\":\"sv-SE\",\"@id\":\"https:\/\/blogg.svenskakyrkan.se\/vandravagen\/#\/schema\/logo\/image\/\",\"url\":\"https:\/\/blogg.svenskakyrkan.se\/vandravagen\/files\/2023\/05\/Ulr_logo_RGB.png\",\"contentUrl\":\"https:\/\/blogg.svenskakyrkan.se\/vandravagen\/files\/2023\/05\/Ulr_logo_RGB.png\",\"width\":205,\"height\":77,\"caption\":\"ulricehamns pastorat\"},\"image\":{\"@id\":\"https:\/\/blogg.svenskakyrkan.se\/vandravagen\/#\/schema\/logo\/image\/\"},\"sameAs\":[\"http:\/\/facebook.com\/vandravagen\",\"https:\/\/x.com\/fadertomas\",\"http:\/\/www.facebook.com\/svenskakyrkaniulricehamn\"]},{\"@type\":\"Person\",\"@id\":\"https:\/\/blogg.svenskakyrkan.se\/vandravagen\/#\/schema\/person\/25da02d4f76b137d04291711e2c9fc16\",\"name\":\"Tomas Jarvid\",\"image\":{\"@type\":\"ImageObject\",\"inLanguage\":\"sv-SE\",\"@id\":\"https:\/\/blogg.svenskakyrkan.se\/vandravagen\/#\/schema\/person\/image\/\",\"url\":\"https:\/\/secure.gravatar.com\/avatar\/7fa71899795e8f540f615a1f5ab25255dc27aa40f05ee7ddd21aac521e01bf50?s=96&d=identicon&r=g\",\"contentUrl\":\"https:\/\/secure.gravatar.com\/avatar\/7fa71899795e8f540f615a1f5ab25255dc27aa40f05ee7ddd21aac521e01bf50?s=96&d=identicon&r=g\",\"caption\":\"Tomas Jarvid\"},\"description\":\"Jag bor i Ulricehamn i V\u00e4sterg\u00f6tland och \u00e4r f\u00f6rsamlingspr\u00e4st i Svenska Kyrkan f\u00f6r Dalstorps f\u00f6rsamling i Kinds pastorat. P\u00e5 den h\u00e4r bloggen skriver jag ner tankar om vandringen som kristen.\",\"sameAs\":[\"http:\/\/www.vandravagen.se\"],\"url\":\"https:\/\/blogg.svenskakyrkan.se\/vandravagen\/author\/vandravagen\/\"}]}<\/script>\n<!-- \/ Yoast SEO plugin. -->","yoast_head_json":{"title":"Fanfar f\u00f6r er! - Vandra V\u00e4gen","robots":{"index":"index","follow":"follow","max-snippet":"max-snippet:-1","max-image-preview":"max-image-preview:large","max-video-preview":"max-video-preview:-1"},"canonical":"https:\/\/blogg.svenskakyrkan.se\/vandravagen\/2012\/07\/12\/fanfar-for-er\/","og_locale":"sv_SE","og_type":"article","og_title":"Fanfar f\u00f6r er! - Vandra V\u00e4gen","og_description":"Tuuuuuuuuuuuuuut!!!! Det \u00e4r v\u00e4ldigt roligt att fler och fler hittar hit till bloggen. Jag m\u00e4rker ocks\u00e5 att det snabbt kommer fler n\u00e4r n\u00e5gon av er delar en l\u00e4nk eller rekommenderar sidan, s\u00e5 g\u00f6r g\u00e4rna det! Om du tycker att n\u00e5got jag skriver \u00e4r bra s\u00e5 dela g\u00e4rna p\u00e5 facebook eller twitter eller genom att skriva [&hellip;]","og_url":"https:\/\/blogg.svenskakyrkan.se\/vandravagen\/2012\/07\/12\/fanfar-for-er\/","og_site_name":"Vandra V\u00e4gen","article_publisher":"http:\/\/facebook.com\/vandravagen","article_published_time":"2012-07-12T07:10:00+00:00","og_image":[{"url":"http:\/\/1.bp.blogspot.com\/-MPW9IiG165s\/T_52Fr0UcKI\/AAAAAAAAASc\/1l-A6Jr9bVs\/s640\/P5050027.JPG","type":"","width":"","height":""}],"author":"Tomas Jarvid","twitter_card":"summary_large_image","twitter_creator":"@fadertomas","twitter_site":"@fadertomas","twitter_misc":{"Skriven av":"Tomas Jarvid","Ber\u00e4knad l\u00e4stid":"1 minut"},"schema":{"@context":"https:\/\/schema.org","@graph":[{"@type":"Article","@id":"https:\/\/blogg.svenskakyrkan.se\/vandravagen\/2012\/07\/12\/fanfar-for-er\/#article","isPartOf":{"@id":"https:\/\/blogg.svenskakyrkan.se\/vandravagen\/2012\/07\/12\/fanfar-for-er\/"},"author":{"name":"Tomas Jarvid","@id":"https:\/\/blogg.svenskakyrkan.se\/vandravagen\/#\/schema\/person\/25da02d4f76b137d04291711e2c9fc16"},"headline":"Fanfar f\u00f6r er!","datePublished":"2012-07-12T07:10:00+00:00","mainEntityOfPage":{"@id":"https:\/\/blogg.svenskakyrkan.se\/vandravagen\/2012\/07\/12\/fanfar-for-er\/"},"wordCount":231,"commentCount":3,"publisher":{"@id":"https:\/\/blogg.svenskakyrkan.se\/vandravagen\/#organization"},"image":{"@id":"https:\/\/blogg.svenskakyrkan.se\/vandravagen\/2012\/07\/12\/fanfar-for-er\/#primaryimage"},"thumbnailUrl":"http:\/\/1.bp.blogspot.com\/-MPW9IiG165s\/T_52Fr0UcKI\/AAAAAAAAASc\/1l-A6Jr9bVs\/s640\/P5050027.JPG","articleSection":["bloggen"],"inLanguage":"sv-SE","potentialAction":[{"@type":"CommentAction","name":"Comment","target":["https:\/\/blogg.svenskakyrkan.se\/vandravagen\/2012\/07\/12\/fanfar-for-er\/#respond"]}]},{"@type":"WebPage","@id":"https:\/\/blogg.svenskakyrkan.se\/vandravagen\/2012\/07\/12\/fanfar-for-er\/","url":"https:\/\/blogg.svenskakyrkan.se\/vandravagen\/2012\/07\/12\/fanfar-for-er\/","name":"Fanfar f\u00f6r er! - Vandra V\u00e4gen","isPartOf":{"@id":"https:\/\/blogg.svenskakyrkan.se\/vandravagen\/#website"},"primaryImageOfPage":{"@id":"https:\/\/blogg.svenskakyrkan.se\/vandravagen\/2012\/07\/12\/fanfar-for-er\/#primaryimage"},"image":{"@id":"https:\/\/blogg.svenskakyrkan.se\/vandravagen\/2012\/07\/12\/fanfar-for-er\/#primaryimage"},"thumbnailUrl":"http:\/\/1.bp.blogspot.com\/-MPW9IiG165s\/T_52Fr0UcKI\/AAAAAAAAASc\/1l-A6Jr9bVs\/s640\/P5050027.JPG","datePublished":"2012-07-12T07:10:00+00:00","breadcrumb":{"@id":"https:\/\/blogg.svenskakyrkan.se\/vandravagen\/2012\/07\/12\/fanfar-for-er\/#breadcrumb"},"inLanguage":"sv-SE","potentialAction":[{"@type":"ReadAction","target":["https:\/\/blogg.svenskakyrkan.se\/vandravagen\/2012\/07\/12\/fanfar-for-er\/"]}]},{"@type":"ImageObject","inLanguage":"sv-SE","@id":"https:\/\/blogg.svenskakyrkan.se\/vandravagen\/2012\/07\/12\/fanfar-for-er\/#primaryimage","url":"http:\/\/1.bp.blogspot.com\/-MPW9IiG165s\/T_52Fr0UcKI\/AAAAAAAAASc\/1l-A6Jr9bVs\/s640\/P5050027.JPG","contentUrl":"http:\/\/1.bp.blogspot.com\/-MPW9IiG165s\/T_52Fr0UcKI\/AAAAAAAAASc\/1l-A6Jr9bVs\/s640\/P5050027.JPG"},{"@type":"BreadcrumbList","@id":"https:\/\/blogg.svenskakyrkan.se\/vandravagen\/2012\/07\/12\/fanfar-for-er\/#breadcrumb","itemListElement":[{"@type":"ListItem","position":1,"name":"Hem","item":"https:\/\/blogg.svenskakyrkan.se\/vandravagen\/"},{"@type":"ListItem","position":2,"name":"Fanfar f\u00f6r er!"}]},{"@type":"WebSite","@id":"https:\/\/blogg.svenskakyrkan.se\/vandravagen\/#website","url":"https:\/\/blogg.svenskakyrkan.se\/vandravagen\/","name":"Vandra V\u00e4gen","description":"-Mot en tro f\u00f6r hela livet","publisher":{"@id":"https:\/\/blogg.svenskakyrkan.se\/vandravagen\/#organization"},"potentialAction":[{"@type":"SearchAction","target":{"@type":"EntryPoint","urlTemplate":"https:\/\/blogg.svenskakyrkan.se\/vandravagen\/?s={search_term_string}"},"query-input":{"@type":"PropertyValueSpecification","valueRequired":true,"valueName":"search_term_string"}}],"inLanguage":"sv-SE"},{"@type":"Organization","@id":"https:\/\/blogg.svenskakyrkan.se\/vandravagen\/#organization","name":"ulricehamns pastorat","alternateName":"ulricehamns pastorat","url":"https:\/\/blogg.svenskakyrkan.se\/vandravagen\/","logo":{"@type":"ImageObject","inLanguage":"sv-SE","@id":"https:\/\/blogg.svenskakyrkan.se\/vandravagen\/#\/schema\/logo\/image\/","url":"https:\/\/blogg.svenskakyrkan.se\/vandravagen\/files\/2023\/05\/Ulr_logo_RGB.png","contentUrl":"https:\/\/blogg.svenskakyrkan.se\/vandravagen\/files\/2023\/05\/Ulr_logo_RGB.png","width":205,"height":77,"caption":"ulricehamns pastorat"},"image":{"@id":"https:\/\/blogg.svenskakyrkan.se\/vandravagen\/#\/schema\/logo\/image\/"},"sameAs":["http:\/\/facebook.com\/vandravagen","https:\/\/x.com\/fadertomas","http:\/\/www.facebook.com\/svenskakyrkaniulricehamn"]},{"@type":"Person","@id":"https:\/\/blogg.svenskakyrkan.se\/vandravagen\/#\/schema\/person\/25da02d4f76b137d04291711e2c9fc16","name":"Tomas Jarvid","image":{"@type":"ImageObject","inLanguage":"sv-SE","@id":"https:\/\/blogg.svenskakyrkan.se\/vandravagen\/#\/schema\/person\/image\/","url":"https:\/\/secure.gravatar.com\/avatar\/7fa71899795e8f540f615a1f5ab25255dc27aa40f05ee7ddd21aac521e01bf50?s=96&d=identicon&r=g","contentUrl":"https:\/\/secure.gravatar.com\/avatar\/7fa71899795e8f540f615a1f5ab25255dc27aa40f05ee7ddd21aac521e01bf50?s=96&d=identicon&r=g","caption":"Tomas Jarvid"},"description":"Jag bor i Ulricehamn i V\u00e4sterg\u00f6tland och \u00e4r f\u00f6rsamlingspr\u00e4st i Svenska Kyrkan f\u00f6r Dalstorps f\u00f6rsamling i Kinds pastorat. P\u00e5 den h\u00e4r bloggen skriver jag ner tankar om vandringen som kristen.","sameAs":["http:\/\/www.vandravagen.se"],"url":"https:\/\/blogg.svenskakyrkan.se\/vandravagen\/author\/vandravagen\/"}]}},"author_meta":{"ID":"392","user_nicename":"vandravagen","user_url":"http:\/\/www.vandravagen.se","user_registered":"2014-05-19 05:44:52","display_name":"Tomas Jarvid","first_name":"Tomas","last_name":"Jarvid","avatar":"https:\/\/secure.gravatar.com\/avatar\/7fa71899795e8f540f615a1f5ab25255dc27aa40f05ee7ddd21aac521e01bf50?s=96&d=identicon&r=g"},"featured_image":false,"bloginfo":{"name":"Vandra V\u00e4gen","url":"https:\/\/blogg.svenskakyrkan.se\/vandravagen"},"_links":{"self":[{"href":"https:\/\/blogg.svenskakyrkan.se\/vandravagen\/wp-json\/wp\/v2\/posts\/1021","targetHints":{"allow":["GET"]}}],"collection":[{"href":"https:\/\/blogg.svenskakyrkan.se\/vandravagen\/wp-json\/wp\/v2\/posts"}],"about":[{"href":"https:\/\/blogg.svenskakyrkan.se\/vandravagen\/wp-json\/wp\/v2\/types\/post"}],"author":[{"embeddable":true,"href":"https:\/\/blogg.svenskakyrkan.se\/vandravagen\/wp-json\/wp\/v2\/users\/392"}],"replies":[{"embeddable":true,"href":"https:\/\/blogg.svenskakyrkan.se\/vandravagen\/wp-json\/wp\/v2\/comments?post=1021"}],"version-history":[{"count":0,"href":"https:\/\/blogg.svenskakyrkan.se\/vandravagen\/wp-json\/wp\/v2\/posts\/1021\/revisions"}],"wp:attachment":[{"href":"https:\/\/blogg.svenskakyrkan.se\/vandravagen\/wp-json\/wp\/v2\/media?parent=1021"}],"wp:term":[{"taxonomy":"category","embeddable":true,"href":"https:\/\/blogg.svenskakyrkan.se\/vandravagen\/wp-json\/wp\/v2\/categories?post=1021"},{"taxonomy":"post_tag","embeddable":true,"href":"https:\/\/blogg.svenskakyrkan.se\/vandravagen\/wp-json\/wp\/v2\/tags?post=1021"}],"curies":[{"name":"wp","href":"https:\/\/api.w.org\/{rel}","templated":true}]}}