{"id":10211,"date":"2024-12-25T22:18:29","date_gmt":"2024-12-25T21:18:29","guid":{"rendered":"https:\/\/blogg.svenskakyrkan.se\/vandravagen\/?p=10211"},"modified":"2024-12-25T22:18:30","modified_gmt":"2024-12-25T21:18:30","slug":"en-riddare-kladd-som-bonde","status":"publish","type":"post","link":"https:\/\/blogg.svenskakyrkan.se\/vandravagen\/2024\/12\/25\/en-riddare-kladd-som-bonde\/","title":{"rendered":"En riddare kl\u00e4dd som bonde"},"content":{"rendered":"\n<p class=\"is-style-intro\">Min predikan fr\u00e5n julnatten i Ulricehamns kyrka<\/p>\n\n\n\n<p>H\u00e4r \u00e4r predikan jag h\u00f6ll p\u00e5 julnatten. Jag st\u00f6tte p\u00e5 ber\u00e4ttelsen om plogmannen Piers f\u00f6rra vintern och har sparat p\u00e5 den tills nu f\u00f6r att ha n\u00e5got bra till julpredikan s\u00e5 jag hoppas den \u00e4r till gl\u00e4dje f\u00f6r dig som tar del av den.<\/p>\n\n\n\n<h2 class=\"wp-block-heading\">En riddarkamp mellan gott och ont<\/h2>\n\n\n\n<p>I en medeltida allegorisk saga av <strong>William Langland<\/strong> beskriver han en m\u00e4rklig vision. Kampen st\u00e5r mellan gott och ont, mellan det ljusa slottet och m\u00f6rkrets f\u00e4ste nere i dalen. Det finns en m\u00f6rk hotande makt och d\u00e4rf\u00f6r v\u00e4ntar nu alla p\u00e5 att det ska tr\u00e4da fram n\u00e5gon som kan v\u00e5ga ta upp kampen mot det m\u00f6rker som verkar s\u00e5 \u00f6verm\u00e4ktigt!<\/p>\n\n\n\n<p>Eftersom det \u00e4r medeltiden finns det en sl\u00e4tt f\u00f6r kamp mellan riddare, d\u00e4r de stolta brukar rida in kl\u00e4dda i skinande rustning och fladdrande plymer och f\u00e4rgstarka sk\u00f6ldm\u00e4rken. En \u00e4rorik kamp!<\/p>\n\n\n\n<p>Och nu i den h\u00e4r dr\u00f6msynen s\u00e5 verkar det till slut tr\u00e4da fram n\u00e5gon f\u00f6rk\u00e4mpe in p\u00e5 banan! Allas \u00f6gon riktas mot platsen d\u00e4r k\u00e4mpar rider in, och s\u00e5 kommer han!<\/p>\n\n\n\n<h2 class=\"wp-block-heading\">En bonde som riddare<\/h2>\n\n\n\n<p>Men det \u00e4r en m\u00e4rklig syn! En ryttare utan sporrar eller lans. Utan skor p\u00e5 f\u00f6tterna och inte kl\u00e4dd i skinande pl\u00e5t utan i en bondes kl\u00e4der. Ridande p\u00e5 en \u00e5sna ist\u00e4llet f\u00f6r p\u00e5 en h\u00e4st. <\/p>\n\n\n\n<p>Och en r\u00f6st fr\u00e5n ett f\u00f6nster ropar ut vem det \u00e4r: \u201d<strong>Davids son<\/strong>\u201d!\u00a0 Och trumpeter ljuder inte men en k\u00f6r av \u00e4nglar sjunger \u201d<strong>v\u00e4lsignad \u00e4r han som kommer i Herrens namn<\/strong>\u201d<\/p>\n\n\n\n<p>Och s\u00e5 f\u00f6rst\u00e5r vi att det \u00e4r en annorlunda strid som f\u00f6ljer, inte alls vad den onda makten, eller vi f\u00f6r den delen, r\u00e4knat med.<\/p>\n\n\n\n<p>Vi k\u00e4nner igen orden fr\u00e5n Jesus int\u00e5g i Jerusalem som vi h\u00f6rde om nu i b\u00f6rjan av advent s\u00e5 vi f\u00f6rst\u00e5r att det handlar om Jesus, det anade vi ocks\u00e5 n\u00e4r han kom \u00f6dmjuk p\u00e5 en \u00e5sna. Och inatt t\u00e4nker vi f\u00f6rst\u00e5s p\u00e5 Jesus \u00f6dmjuka int\u00e5g i v\u00e4rlden d\u00e5 han fick sitt f\u00f6rsta enkla hem.<\/p>\n\n\n\n<h2 class=\"wp-block-heading\">S\u00e5dan \u00e4r v\u00e4rlden<\/h2>\n\n\n\n<p>P\u00e5 medeltiden var m\u00e4nniskorna strikt uppdelade i de tre st\u00e5nden. Adeln, borgare\/hantverkare och b\u00f6nder. Man t\u00e4nkte att det var lika mycket en naturlag som att regn faller ner\u00e5t, det gick inte att t\u00e4nka sig samh\u00e4llet p\u00e5 n\u00e5got annat s\u00e4tt!<\/p>\n\n\n\n<p>Adeln var de som var satta att vara \u00f6verhet och styra, och som en god riddare skulle man f\u00f6rst\u00e5s ocks\u00e5 hj\u00e4lpa de svaga och strida f\u00f6r dem!<\/p>\n\n\n\n<p>De tre st\u00e5nden gick l\u00e4tt att k\u00e4nna igen p\u00e5 utseendet. Det var ocks\u00e5 n\u00e4stan en naturlag att pr\u00e4sterna hade sina kl\u00e4der, adeln hade sina och f\u00f6ljde sina moden och att b\u00f6nderna hade sina enkla och praktiska arbetskl\u00e4der i gr\u00e5tt. Det var ot\u00e4nkbart att kl\u00e4 sig p\u00e5 n\u00e5got annat s\u00e4tt. Det var inte ens till\u00e5tet.<\/p>\n\n\n\n<h2 class=\"wp-block-heading\">N\u00e5got man inte ens kunde t\u00e4nka sig<\/h2>\n\n\n\n<p>Det finns visserligen ber\u00e4ttelser om kung Arthurs riddare som kl\u00e4r ut sig men i s\u00e5 fall var det fr\u00e5ga om att kl\u00e4 sig i n\u00e5gon mystisk svart rustning som ingen kunde identifiera dem i, men INGEN riddare skulle n\u00e5gonsin kl\u00e4 sig som en bonde. Det hade varit f\u00f6rnedrande och hedern \u00e4r det viktigaste f\u00f6r en riddare!<\/p>\n\n\n\n<p>Denna m\u00e4rklige man p\u00e5 \u00e5snan g\u00f6r n\u00e5got ingen ens hade t\u00e4nkt kunde ske! <\/p>\n\n\n\n<p>Han har dykt upp i Langlands text f\u00f6rut. Det \u00e4r <strong>plogmannen Piers<\/strong> som sitter p\u00e5 \u00e5snan. En enkel bonde. Men nu n\u00e4r han rider fram f\u00f6rst\u00e5r vi vem han egentligen \u00e4r! N\u00e4r h\u00e4rolden ropar och \u00e4nglarna sjunger f\u00f6rst\u00e5r vi att det h\u00e4r handlar om Herren Jesus. <\/p>\n\n\n\n<figure class=\"wp-block-image size-full\"><img loading=\"lazy\" decoding=\"async\" width=\"504\" height=\"821\" src=\"https:\/\/blogg.svenskakyrkan.se\/vandravagen\/files\/2024\/12\/piers.jpg\" alt=\"\" class=\"wp-image-10215\" srcset=\"https:\/\/blogg.svenskakyrkan.se\/vandravagen\/files\/2024\/12\/piers.jpg 504w, https:\/\/blogg.svenskakyrkan.se\/vandravagen\/files\/2024\/12\/piers-300x489.jpg 300w\" sizes=\"auto, (max-width: 504px) 100vw, 504px\" \/><\/figure>\n\n\n\n<p>Om det \u00e4r n\u00e5gon som borde r\u00e4knas som f\u00f6rn\u00e4m s\u00e5 \u00e4r det v\u00e4l han? Skulle han f\u00f6rnedra sig p\u00e5 det h\u00e4r s\u00e4ttet? Komma kl\u00e4dd som en bonde?<\/p>\n\n\n\n<p>\u00c5h\u00f6rarna visste att riddare brukade br\u00e4nna b\u00f6ndernas \u00e5krar i sina krig utan att bekymra sig om vilket lidande det f\u00f6rde med sig. Men denne Piers, han var som dem! Han har ist\u00e4llet delat deras h\u00e5rda villkor. G\u00e5tt med sin plog tillsammans med dem. Vilken m\u00e4rklig f\u00f6rk\u00e4mpe som b\u00e5de kommer fr\u00e5n ovan och \u00e4r en av dem!<\/p>\n\n\n\n<h2 class=\"wp-block-heading\">Fira jul p\u00e5 medeltiden<\/h2>\n\n\n\n<p>N\u00e4r medeltidens m\u00e4nniskor firade jul samlades de kring samma ber\u00e4ttelse om kungen i krubban som vi g\u00f6r inatt. Till och med just h\u00e4r d\u00e4r vi sitter nu fanns en liten skara i en n\u00e5got mindre kyrka och firade julen i samma \u00e5r som Langland skrev sin ber\u00e4ttelse.<\/p>\n\n\n\n<p>En natt som denna k\u00e4nns det f\u00f6rst\u00e5s som att tid och rum inte riktigt \u00e4r som vanligt. Som att vi \u00e4r h\u00e4r tillsammans inf\u00f6r krubban allihop genom tid och rum.<\/p>\n\n\n\n<p>Jag tror vi kanske ocks\u00e5 delar samma hisnande tanke. Att v\u00e4rlden p\u00e5 n\u00e5got vis f\u00f6ddes p\u00e5 nytt d\u00e5 det lilla barnet f\u00f6ddes i Betlehem. D\u00e5 den st\u00f6rste frivilligt blev den minste. Hur kan n\u00e5got bli detsamma efter att en s\u00e5dan sak har h\u00e4nt?<\/p>\n\n\n\n<p>Bogesundsborna d\u00e5 hade v\u00e4l kanske inte h\u00f6rt engelska ber\u00e4ttelser men julevangeliet kanske sade dem samma sak som ber\u00e4ttelsen om den barfota riddaren. <\/p>\n\n\n\n<p>En kung mitt ibland oss. En som vill dela v\u00e5ra villkor. Som f\u00f6rst\u00e5r oss och hur vi har det. S\u00e5 besv\u00e4rligt som han verkar f\u00e5 det f\u00f6rst\u00e5r vi att det m\u00e5ste vara starkt engagemang som g\u00f6r att han l\u00e4mnar sin \u00e4ra i ljusets palatser.<\/p>\n\n\n\n<h2 class=\"wp-block-heading\">Gud med oss<\/h2>\n\n\n\n<p>Som inte tittar ner fr\u00e5n ovan utan g\u00e5r vid v\u00e5r sida. Jesus har m\u00e5nga namn och titlar men den vackraste \u00e4r kanske en som vi f\u00f6rknippar med julen. \u201dImmanuel\u201d, Gud. Med. Oss.<\/p>\n\n\n\n<p>Och de t\u00e4nkte kanske samma som herdarna en g\u00e5ng. \u201dAllt var som det sagts dem\u201d kan vi tolka som att det s\u00e5g ut som de f\u00e5tt h\u00f6ra att det skulle med ett barn i en krubba, men det kan ocks\u00e5 syfta p\u00e5 det \u00e4nglarna sa: \u201den fr\u00e4lsare har f\u00f6tts. <strong>\u00c5T ER<\/strong>\u201d. De hade varit v\u00e4lkomna hos en nyf\u00f6dd kung!<\/p>\n\n\n\n<p>Det m\u00e5 ha varit s\u00e5 att i den h\u00e4r v\u00e4rlden \u00e4r det b\u00e4ttre att vara f\u00f6dd till riddare \u00e4n till bonde eller herde. Men <strong>inf\u00f6r Gud \u00e4r det inte s\u00e5<\/strong>. Varje m\u00e4nniska vi m\u00f6ter \u00e4r \u00e4lskad av Gud. Och vi m\u00e5ste komma ih\u00e5g att r\u00e4kna in oss sj\u00e4lva i det. En fr\u00e4lsare F\u00d6R DIG. Det \u00e4r l\u00e4tt att missa s\u00e5 vi upprepar det i varje nattvard. \u00c4ven i natt n\u00e4r vi kommer till nattvardsbordet om en stund. <strong>F\u00f6r dig utgiven<\/strong>.<\/p>\n\n\n\n<h2 class=\"wp-block-heading\">Otillr\u00e4cklig<\/h2>\n\n\n\n<p>Vi sitter h\u00e4r i v\u00e5r nutid och allt \u00e4r ju annorlunda nu men ocks\u00e5 inte alls s\u00e5 olikt. Vi har inga ouppn\u00e5eliga riddare men vi har alla s\u00e5 mycket annat som \u00e4r ouppn\u00e5eligt. S\u00e5 mycket vi ska klara av. S\u00e5 mycket som kr\u00e4vs f\u00f6r att f\u00e5 k\u00e4nna sig som en bra m\u00e4nniska. <\/p>\n\n\n\n<p>Det \u00e4r det stora problemet f\u00f6r m\u00e5nga idag, att vara sm\u00e4rtsamt otillr\u00e4cklig. Och ju mer vi k\u00e4mpar med att leva upp till alla ideal, desto s\u00e4mre m\u00e5r vi. Julen \u00e4r inte minst en tid f\u00f6r att vara lyckad och lycklig. Det \u00e4r som om den s\u00e4tter ett f\u00f6rstoringsglas \u00f6ver allt i v\u00e5ra liv som inte riktigt h\u00e5ller m\u00e5ttet.<\/p>\n\n\n\n<p>Men Jesus kastar \u00e4nda fr\u00e5n sin f\u00f6delse allt vi vanligtvis vet \u00f6ver \u00e4nda. Vi f\u00e5r se med nya och himmelska \u00f6gon p\u00e5 oss och v\u00e5ra liv.<\/p>\n\n\n\n<h2 class=\"wp-block-heading\">Den som kom ner<\/h2>\n\n\n\n<p>Vem \u00e4r egentligen stor? Vem \u00e4r liten? Inf\u00f6r Gud \u00e4r alla sm\u00e5. Och Guds k\u00e4rlek g\u00e4ller alla sm\u00e5. Om vi nu dr\u00f6mmer om att h\u00f6ja oss ur det vanliga tradiga vardagslivet med sitt slit har Jesus gjort helt tv\u00e4rtom och g\u00e5tt ner i det. Och d\u00e5 \u00e4r det h\u00e4r vanliga livet heligt och Gud \u00e4r n\u00e4ra d\u00e4r vi \u00e4r. M\u00e5 vi f\u00e5 \u00f6gon f\u00f6r att se och \u00f6ron f\u00f6r att h\u00f6ra s\u00e5 att vi kan ana det!<\/p>\n\n\n\n<p>Vuxne Jesus \u00e4gnar sig mycket \u00e5t att s\u00e4ga \u00e5t folk att komma ner. V\u00e4nda sig till honom ist\u00e4llet f\u00f6r att hitta sitt v\u00e4rde n\u00e5gon annanstans. Vi beh\u00f6ver inte f\u00f6rs\u00f6ka bli n\u00e5got. Vi \u00e4r redan \u00e4lskade f\u00f6rbeh\u00e5llsl\u00f6st.<\/p>\n\n\n\n<p>Det \u00e4r inte l\u00e4tt att navigera i en s\u00e5 ny och omkullkastad verklighet s\u00e5 det \u00e4r tur att han kommit f\u00f6r att visa oss v\u00e4gen.<\/p>\n\n\n\n<p>In i v\u00e4rlden<\/p>\n\n\n\n<p>In i m\u00e4nniskolivet<\/p>\n\n\n\n<p>In i fattigdomen<\/p>\n\n\n\n<p>In i s\u00e5rbarheten<\/p>\n\n\n\n<p>In i beroendet av andra<\/p>\n\n\n\n<p><br>\u00c4r min b\u00f6n att f\u00e5 f\u00f6lja dig, du Jesusbarn<\/p>\n\n\n\n<p>Och s\u00e5 f\u00f6r varje dag<\/p>\n\n\n\n<p>Bli allt mindre inst\u00e4ngd<\/p>\n\n\n\n<p>Alltmer n\u00e4rvarande<\/p>\n\n\n\n<p>Alltmer m\u00e4nsklig<\/p>\n\n\n\n<p>Alltmer fri<\/p>\n\n\n\n<p>Alltmer buren<\/p>\n\n\n<div id=\"related-posts-block_2bd88d4952719a64680dc02c9e1ab09a\"  class=\"b-related-posts alignfull\">\n    <div class=\"acf-innerblocks-container\">\n\n<h2 class=\"wp-block-heading\">Liknande inl\u00e4gg<\/h2>\n\n<\/div>\n    \n    \n    <div class=\"wp-block-query alignfull is-layout-flow wp-block-query-is-layout-flow\">\n        <ul class=\"is-flex-container columns-3 alignfull related-posts__content wp-block-post-template is-layout-flow wp-block-post-template-is-layout-flow\"><li class=\"wp-block-post post-10799 post type-post status-publish format-standard has-post-thumbnail hentry category-pask category-predikan tag-bibeln tag-grogu tag-hitta-ut tag-jesus tag-kristen tag-kristen-tro tag-kyrka tag-kyrkan tag-mandalorian tag-orienterare tag-orientering tag-pask tag-predikan tag-process tag-skapelsen tag-star-wars tag-starwars tag-stig tag-the-mandalorian tag-vag tag-vagen tag-vandring\">\n            \n            <div class=\"wp-block-group post__content is-layout-flow wp-block-group-is-layout-flow\">\n                <figure style=\"margin-bottom:var(--wp--preset--spacing--50);\" class=\"wp-block-post-featured-image\"><a href=\"https:\/\/blogg.svenskakyrkan.se\/vandravagen\/2026\/04\/27\/detta-ar-vagen\/\" target=\"_self\"  ><img loading=\"lazy\" decoding=\"async\" width=\"2048\" height=\"1593\" src=\"https:\/\/blogg.svenskakyrkan.se\/vandravagen\/files\/2026\/04\/fiskafanget.jpg\" class=\"attachment-post-thumbnail size-post-thumbnail wp-post-image\" alt=\"&#8221;Detta \u00e4r v\u00e4gen&#8221;\" style=\"object-fit:cover;\" srcset=\"https:\/\/blogg.svenskakyrkan.se\/vandravagen\/files\/2026\/04\/fiskafanget.jpg 2048w, https:\/\/blogg.svenskakyrkan.se\/vandravagen\/files\/2026\/04\/fiskafanget-300x233.jpg 300w, https:\/\/blogg.svenskakyrkan.se\/vandravagen\/files\/2026\/04\/fiskafanget-1024x797.jpg 1024w, https:\/\/blogg.svenskakyrkan.se\/vandravagen\/files\/2026\/04\/fiskafanget-768x597.jpg 768w, https:\/\/blogg.svenskakyrkan.se\/vandravagen\/files\/2026\/04\/fiskafanget-1536x1195.jpg 1536w, https:\/\/blogg.svenskakyrkan.se\/vandravagen\/files\/2026\/04\/fiskafanget-1200x933.jpg 1200w\" sizes=\"auto, (max-width: 2048px) 100vw, 2048px\" \/><\/a><\/figure>\n                <h2 class=\"wp-block-post-title has-h-3-font-size\"><a href=\"https:\/\/blogg.svenskakyrkan.se\/vandravagen\/2026\/04\/27\/detta-ar-vagen\/\" target=\"_self\" >&#8221;Detta \u00e4r v\u00e4gen&#8221;<\/a><\/h2>\n                <div class=\"wp-block-post-date\"><time datetime=\"2026-04-27T21:50:48+02:00\">27 april, 2026<\/time><\/div>\n                <div class=\"wp-block-post-excerpt\"><p class=\"wp-block-post-excerpt__excerpt\">Min predikan om Jesus som v\u00e4gen. Och lite starwars&#8230;<\/p><\/div>\n            <\/div>\n            \n        <\/li><li class=\"wp-block-post post-10783 post type-post status-publish format-standard has-post-thumbnail hentry category-kyrkoaret category-pask category-predikan tag-anglar tag-bibeln tag-evangelium tag-graven tag-jesus tag-kristen tag-kristen-tro tag-kvinnor tag-kyrka tag-kyrkan tag-ljus tag-lukas tag-omojligt tag-pask tag-predikan tag-uppstandelse\">\n            \n            <div class=\"wp-block-group post__content is-layout-flow wp-block-group-is-layout-flow\">\n                <figure style=\"margin-bottom:var(--wp--preset--spacing--50);\" class=\"wp-block-post-featured-image\"><a href=\"https:\/\/blogg.svenskakyrkan.se\/vandravagen\/2026\/04\/06\/vi-ar-kvinnorna-vid-graven\/\" target=\"_self\"  ><img loading=\"lazy\" decoding=\"async\" width=\"593\" height=\"776\" src=\"https:\/\/blogg.svenskakyrkan.se\/vandravagen\/files\/2026\/04\/dodens-gap.jpg\" class=\"attachment-post-thumbnail size-post-thumbnail wp-post-image\" alt=\"Vi \u00e4r kvinnorna vid graven\" style=\"object-fit:cover;\" srcset=\"https:\/\/blogg.svenskakyrkan.se\/vandravagen\/files\/2026\/04\/dodens-gap.jpg 593w, https:\/\/blogg.svenskakyrkan.se\/vandravagen\/files\/2026\/04\/dodens-gap-300x393.jpg 300w\" sizes=\"auto, (max-width: 593px) 100vw, 593px\" \/><\/a><\/figure>\n                <h2 class=\"wp-block-post-title has-h-3-font-size\"><a href=\"https:\/\/blogg.svenskakyrkan.se\/vandravagen\/2026\/04\/06\/vi-ar-kvinnorna-vid-graven\/\" target=\"_self\" >Vi \u00e4r kvinnorna vid graven<\/a><\/h2>\n                <div class=\"wp-block-post-date\"><time datetime=\"2026-04-06T18:53:58+02:00\">6 april, 2026<\/time><\/div>\n                <div class=\"wp-block-post-excerpt\"><p class=\"wp-block-post-excerpt__excerpt\">Min predikan fr\u00e5n p\u00e5sknatten i Ulricehamns kyrka<\/p><\/div>\n            <\/div>\n            \n        <\/li><li class=\"wp-block-post post-10777 post type-post status-publish format-standard has-post-thumbnail hentry category-historia category-skapelseteologi category-teologi tag-25-mars tag-bibeln tag-datum tag-jesus tag-jul tag-jungfru-marie-bebadelsedag tag-korsfastelse tag-kristen tag-kristen-tro tag-kyrka tag-kyrkan tag-langfredag tag-lilja tag-maria tag-pask tag-predikan tag-skapelse tag-skapelsen tag-vardagjamning\">\n            \n            <div class=\"wp-block-group post__content is-layout-flow wp-block-group-is-layout-flow\">\n                <figure style=\"margin-bottom:var(--wp--preset--spacing--50);\" class=\"wp-block-post-featured-image\"><a href=\"https:\/\/blogg.svenskakyrkan.se\/vandravagen\/2026\/04\/02\/25-mars-varldens-viktigaste-datum\/\" target=\"_self\"  ><img loading=\"lazy\" decoding=\"async\" width=\"949\" height=\"1648\" src=\"https:\/\/blogg.svenskakyrkan.se\/vandravagen\/files\/2026\/03\/maria.jpg\" class=\"attachment-post-thumbnail size-post-thumbnail wp-post-image\" alt=\"25 mars, v\u00e4rldens viktigaste datum\" style=\"object-fit:cover;\" srcset=\"https:\/\/blogg.svenskakyrkan.se\/vandravagen\/files\/2026\/03\/maria.jpg 949w, https:\/\/blogg.svenskakyrkan.se\/vandravagen\/files\/2026\/03\/maria-300x521.jpg 300w, https:\/\/blogg.svenskakyrkan.se\/vandravagen\/files\/2026\/03\/maria-768x1334.jpg 768w, https:\/\/blogg.svenskakyrkan.se\/vandravagen\/files\/2026\/03\/maria-885x1536.jpg 885w\" sizes=\"auto, (max-width: 949px) 100vw, 949px\" \/><\/a><\/figure>\n                <h2 class=\"wp-block-post-title has-h-3-font-size\"><a href=\"https:\/\/blogg.svenskakyrkan.se\/vandravagen\/2026\/04\/02\/25-mars-varldens-viktigaste-datum\/\" target=\"_self\" >25 mars, v\u00e4rldens viktigaste datum<\/a><\/h2>\n                <div class=\"wp-block-post-date\"><time datetime=\"2026-04-02T11:15:52+02:00\">2 april, 2026<\/time><\/div>\n                <div class=\"wp-block-post-excerpt\"><p class=\"wp-block-post-excerpt__excerpt\">Om teologin och almanackan dagarna kring v\u00e5rdagj\u00e4mningen<\/p><\/div>\n            <\/div>\n            \n        <\/li><\/ul>\n        \n    <\/div>\n    <\/div>\n","protected":false},"excerpt":{"rendered":"<p>Min predikan fr\u00e5n julnatten i Ulricehamns kyrka H\u00e4r \u00e4r predikan jag h\u00f6ll p\u00e5 julnatten. Jag st\u00f6tte p\u00e5 ber\u00e4ttelsen om plogmannen Piers f\u00f6rra vintern och har sparat p\u00e5 den tills nu f\u00f6r att ha n\u00e5got bra till julpredikan s\u00e5 jag hoppas den \u00e4r till gl\u00e4dje f\u00f6r dig som tar del av den. En riddarkamp mellan gott [&hellip;]<\/p>\n","protected":false},"author":392,"featured_media":10213,"comment_status":"open","ping_status":"open","sticky":false,"template":"","format":"standard","meta":{"_acf_changed":false,"footnotes":""},"categories":[8337,8341,114],"tags":[83926,84663,84664,84381,84256,83878,84050,83880,83879,83901,83890,84660,84529,84657,84659,84658,83875,84662,84661],"class_list":["post-10211","post","type-post","status-publish","format-standard","has-post-thumbnail","hentry","category-historia","category-jul","category-predikan","tag-bibeln","tag-bonde","tag-immanuel","tag-inkarnation","tag-inkarnationen","tag-jesus","tag-jul","tag-kristen","tag-kristen-tro","tag-kyrka","tag-kyrkan","tag-medeltid","tag-otillracklig","tag-piers","tag-plogmannen","tag-plowman","tag-predikan","tag-riddare","tag-william-langland"],"acf":[],"yoast_head":"<!-- This site is optimized with the Yoast SEO plugin v27.1.1 - https:\/\/yoast.com\/product\/yoast-seo-wordpress\/ -->\n<title>En riddare kl\u00e4dd som bonde - Vandra V\u00e4gen<\/title>\n<meta name=\"description\" content=\"Tomas Jarvids julpredikan om plogmannen Piers (Piers plowman) och Jesus f\u00f6delse s\u00e5 att han blev en av oss.\" \/>\n<meta name=\"robots\" content=\"index, follow, max-snippet:-1, max-image-preview:large, max-video-preview:-1\" \/>\n<link rel=\"canonical\" href=\"https:\/\/blogg.svenskakyrkan.se\/vandravagen\/2024\/12\/25\/en-riddare-kladd-som-bonde\/\" \/>\n<meta property=\"og:locale\" content=\"sv_SE\" \/>\n<meta property=\"og:type\" content=\"article\" \/>\n<meta property=\"og:title\" content=\"En riddare kl\u00e4dd som bonde - Vandra V\u00e4gen\" \/>\n<meta property=\"og:description\" content=\"Tomas Jarvids julpredikan om plogmannen Piers (Piers plowman) och Jesus f\u00f6delse s\u00e5 att han blev en av oss.\" \/>\n<meta property=\"og:url\" content=\"https:\/\/blogg.svenskakyrkan.se\/vandravagen\/2024\/12\/25\/en-riddare-kladd-som-bonde\/\" \/>\n<meta property=\"og:site_name\" content=\"Vandra V\u00e4gen\" \/>\n<meta property=\"article:publisher\" content=\"http:\/\/facebook.com\/vandravagen\" \/>\n<meta property=\"article:published_time\" content=\"2024-12-25T21:18:29+00:00\" \/>\n<meta property=\"article:modified_time\" content=\"2024-12-25T21:18:30+00:00\" \/>\n<meta property=\"og:image\" content=\"http:\/\/blogg.svenskakyrkan.se\/vandravagen\/files\/2024\/12\/piers-plowman-1536x1021-1.png\" \/>\n\t<meta property=\"og:image:width\" content=\"1536\" \/>\n\t<meta property=\"og:image:height\" content=\"1021\" \/>\n\t<meta property=\"og:image:type\" content=\"image\/png\" \/>\n<meta name=\"author\" content=\"Tomas Jarvid\" \/>\n<meta name=\"twitter:card\" content=\"summary_large_image\" \/>\n<meta name=\"twitter:creator\" content=\"@fadertomas\" \/>\n<meta name=\"twitter:site\" content=\"@fadertomas\" \/>\n<meta name=\"twitter:label1\" content=\"Skriven av\" \/>\n\t<meta name=\"twitter:data1\" content=\"Tomas Jarvid\" \/>\n\t<meta name=\"twitter:label2\" content=\"Ber\u00e4knad l\u00e4stid\" \/>\n\t<meta name=\"twitter:data2\" content=\"8 minuter\" \/>\n<script type=\"application\/ld+json\" class=\"yoast-schema-graph\">{\"@context\":\"https:\/\/schema.org\",\"@graph\":[{\"@type\":\"Article\",\"@id\":\"https:\/\/blogg.svenskakyrkan.se\/vandravagen\/2024\/12\/25\/en-riddare-kladd-som-bonde\/#article\",\"isPartOf\":{\"@id\":\"https:\/\/blogg.svenskakyrkan.se\/vandravagen\/2024\/12\/25\/en-riddare-kladd-som-bonde\/\"},\"author\":{\"name\":\"Tomas Jarvid\",\"@id\":\"https:\/\/blogg.svenskakyrkan.se\/vandravagen\/#\/schema\/person\/25da02d4f76b137d04291711e2c9fc16\"},\"headline\":\"En riddare kl\u00e4dd som bonde\",\"datePublished\":\"2024-12-25T21:18:29+00:00\",\"dateModified\":\"2024-12-25T21:18:30+00:00\",\"mainEntityOfPage\":{\"@id\":\"https:\/\/blogg.svenskakyrkan.se\/vandravagen\/2024\/12\/25\/en-riddare-kladd-som-bonde\/\"},\"wordCount\":1624,\"commentCount\":2,\"publisher\":{\"@id\":\"https:\/\/blogg.svenskakyrkan.se\/vandravagen\/#organization\"},\"image\":{\"@id\":\"https:\/\/blogg.svenskakyrkan.se\/vandravagen\/2024\/12\/25\/en-riddare-kladd-som-bonde\/#primaryimage\"},\"thumbnailUrl\":\"https:\/\/blogg.svenskakyrkan.se\/vandravagen\/files\/2024\/12\/piers-plowman-1536x1021-1.png\",\"keywords\":[\"bibeln\",\"bonde\",\"immanuel\",\"inkarnation\",\"inkarnationen\",\"Jesus\",\"jul\",\"kristen\",\"kristen tro\",\"kyrka\",\"kyrkan\",\"medeltid\",\"otillr\u00e4cklig\",\"piers\",\"plogmannen\",\"plowman\",\"predikan\",\"riddare\",\"william langland\"],\"articleSection\":[\"historia\",\"jul\",\"predikan\"],\"inLanguage\":\"sv-SE\",\"potentialAction\":[{\"@type\":\"CommentAction\",\"name\":\"Comment\",\"target\":[\"https:\/\/blogg.svenskakyrkan.se\/vandravagen\/2024\/12\/25\/en-riddare-kladd-som-bonde\/#respond\"]}]},{\"@type\":\"WebPage\",\"@id\":\"https:\/\/blogg.svenskakyrkan.se\/vandravagen\/2024\/12\/25\/en-riddare-kladd-som-bonde\/\",\"url\":\"https:\/\/blogg.svenskakyrkan.se\/vandravagen\/2024\/12\/25\/en-riddare-kladd-som-bonde\/\",\"name\":\"En riddare kl\u00e4dd som bonde - Vandra V\u00e4gen\",\"isPartOf\":{\"@id\":\"https:\/\/blogg.svenskakyrkan.se\/vandravagen\/#website\"},\"primaryImageOfPage\":{\"@id\":\"https:\/\/blogg.svenskakyrkan.se\/vandravagen\/2024\/12\/25\/en-riddare-kladd-som-bonde\/#primaryimage\"},\"image\":{\"@id\":\"https:\/\/blogg.svenskakyrkan.se\/vandravagen\/2024\/12\/25\/en-riddare-kladd-som-bonde\/#primaryimage\"},\"thumbnailUrl\":\"https:\/\/blogg.svenskakyrkan.se\/vandravagen\/files\/2024\/12\/piers-plowman-1536x1021-1.png\",\"datePublished\":\"2024-12-25T21:18:29+00:00\",\"dateModified\":\"2024-12-25T21:18:30+00:00\",\"description\":\"Tomas Jarvids julpredikan om plogmannen Piers (Piers plowman) och Jesus f\u00f6delse s\u00e5 att han blev en av oss.\",\"breadcrumb\":{\"@id\":\"https:\/\/blogg.svenskakyrkan.se\/vandravagen\/2024\/12\/25\/en-riddare-kladd-som-bonde\/#breadcrumb\"},\"inLanguage\":\"sv-SE\",\"potentialAction\":[{\"@type\":\"ReadAction\",\"target\":[\"https:\/\/blogg.svenskakyrkan.se\/vandravagen\/2024\/12\/25\/en-riddare-kladd-som-bonde\/\"]}]},{\"@type\":\"ImageObject\",\"inLanguage\":\"sv-SE\",\"@id\":\"https:\/\/blogg.svenskakyrkan.se\/vandravagen\/2024\/12\/25\/en-riddare-kladd-som-bonde\/#primaryimage\",\"url\":\"https:\/\/blogg.svenskakyrkan.se\/vandravagen\/files\/2024\/12\/piers-plowman-1536x1021-1.png\",\"contentUrl\":\"https:\/\/blogg.svenskakyrkan.se\/vandravagen\/files\/2024\/12\/piers-plowman-1536x1021-1.png\",\"width\":1536,\"height\":1021},{\"@type\":\"BreadcrumbList\",\"@id\":\"https:\/\/blogg.svenskakyrkan.se\/vandravagen\/2024\/12\/25\/en-riddare-kladd-som-bonde\/#breadcrumb\",\"itemListElement\":[{\"@type\":\"ListItem\",\"position\":1,\"name\":\"Hem\",\"item\":\"https:\/\/blogg.svenskakyrkan.se\/vandravagen\/\"},{\"@type\":\"ListItem\",\"position\":2,\"name\":\"bibeln\",\"item\":\"https:\/\/blogg.svenskakyrkan.se\/vandravagen\/tag\/bibeln\/\"},{\"@type\":\"ListItem\",\"position\":3,\"name\":\"En riddare kl\u00e4dd som bonde\"}]},{\"@type\":\"WebSite\",\"@id\":\"https:\/\/blogg.svenskakyrkan.se\/vandravagen\/#website\",\"url\":\"https:\/\/blogg.svenskakyrkan.se\/vandravagen\/\",\"name\":\"Vandra V\u00e4gen\",\"description\":\"-Mot en tro f\u00f6r hela livet\",\"publisher\":{\"@id\":\"https:\/\/blogg.svenskakyrkan.se\/vandravagen\/#organization\"},\"potentialAction\":[{\"@type\":\"SearchAction\",\"target\":{\"@type\":\"EntryPoint\",\"urlTemplate\":\"https:\/\/blogg.svenskakyrkan.se\/vandravagen\/?s={search_term_string}\"},\"query-input\":{\"@type\":\"PropertyValueSpecification\",\"valueRequired\":true,\"valueName\":\"search_term_string\"}}],\"inLanguage\":\"sv-SE\"},{\"@type\":\"Organization\",\"@id\":\"https:\/\/blogg.svenskakyrkan.se\/vandravagen\/#organization\",\"name\":\"ulricehamns pastorat\",\"alternateName\":\"ulricehamns pastorat\",\"url\":\"https:\/\/blogg.svenskakyrkan.se\/vandravagen\/\",\"logo\":{\"@type\":\"ImageObject\",\"inLanguage\":\"sv-SE\",\"@id\":\"https:\/\/blogg.svenskakyrkan.se\/vandravagen\/#\/schema\/logo\/image\/\",\"url\":\"https:\/\/blogg.svenskakyrkan.se\/vandravagen\/files\/2023\/05\/Ulr_logo_RGB.png\",\"contentUrl\":\"https:\/\/blogg.svenskakyrkan.se\/vandravagen\/files\/2023\/05\/Ulr_logo_RGB.png\",\"width\":205,\"height\":77,\"caption\":\"ulricehamns pastorat\"},\"image\":{\"@id\":\"https:\/\/blogg.svenskakyrkan.se\/vandravagen\/#\/schema\/logo\/image\/\"},\"sameAs\":[\"http:\/\/facebook.com\/vandravagen\",\"https:\/\/x.com\/fadertomas\",\"http:\/\/www.facebook.com\/svenskakyrkaniulricehamn\"]},{\"@type\":\"Person\",\"@id\":\"https:\/\/blogg.svenskakyrkan.se\/vandravagen\/#\/schema\/person\/25da02d4f76b137d04291711e2c9fc16\",\"name\":\"Tomas Jarvid\",\"image\":{\"@type\":\"ImageObject\",\"inLanguage\":\"sv-SE\",\"@id\":\"https:\/\/blogg.svenskakyrkan.se\/vandravagen\/#\/schema\/person\/image\/\",\"url\":\"https:\/\/secure.gravatar.com\/avatar\/7fa71899795e8f540f615a1f5ab25255dc27aa40f05ee7ddd21aac521e01bf50?s=96&d=identicon&r=g\",\"contentUrl\":\"https:\/\/secure.gravatar.com\/avatar\/7fa71899795e8f540f615a1f5ab25255dc27aa40f05ee7ddd21aac521e01bf50?s=96&d=identicon&r=g\",\"caption\":\"Tomas Jarvid\"},\"description\":\"Jag bor i Ulricehamn i V\u00e4sterg\u00f6tland och \u00e4r f\u00f6rsamlingspr\u00e4st i Svenska Kyrkan f\u00f6r Dalstorps f\u00f6rsamling i Kinds pastorat. P\u00e5 den h\u00e4r bloggen skriver jag ner tankar om vandringen som kristen.\",\"sameAs\":[\"http:\/\/www.vandravagen.se\"],\"url\":\"https:\/\/blogg.svenskakyrkan.se\/vandravagen\/author\/vandravagen\/\"}]}<\/script>\n<!-- \/ Yoast SEO plugin. -->","yoast_head_json":{"title":"En riddare kl\u00e4dd som bonde - Vandra V\u00e4gen","description":"Tomas Jarvids julpredikan om plogmannen Piers (Piers plowman) och Jesus f\u00f6delse s\u00e5 att han blev en av oss.","robots":{"index":"index","follow":"follow","max-snippet":"max-snippet:-1","max-image-preview":"max-image-preview:large","max-video-preview":"max-video-preview:-1"},"canonical":"https:\/\/blogg.svenskakyrkan.se\/vandravagen\/2024\/12\/25\/en-riddare-kladd-som-bonde\/","og_locale":"sv_SE","og_type":"article","og_title":"En riddare kl\u00e4dd som bonde - Vandra V\u00e4gen","og_description":"Tomas Jarvids julpredikan om plogmannen Piers (Piers plowman) och Jesus f\u00f6delse s\u00e5 att han blev en av oss.","og_url":"https:\/\/blogg.svenskakyrkan.se\/vandravagen\/2024\/12\/25\/en-riddare-kladd-som-bonde\/","og_site_name":"Vandra V\u00e4gen","article_publisher":"http:\/\/facebook.com\/vandravagen","article_published_time":"2024-12-25T21:18:29+00:00","article_modified_time":"2024-12-25T21:18:30+00:00","og_image":[{"width":1536,"height":1021,"url":"http:\/\/blogg.svenskakyrkan.se\/vandravagen\/files\/2024\/12\/piers-plowman-1536x1021-1.png","type":"image\/png"}],"author":"Tomas Jarvid","twitter_card":"summary_large_image","twitter_creator":"@fadertomas","twitter_site":"@fadertomas","twitter_misc":{"Skriven av":"Tomas Jarvid","Ber\u00e4knad l\u00e4stid":"8 minuter"},"schema":{"@context":"https:\/\/schema.org","@graph":[{"@type":"Article","@id":"https:\/\/blogg.svenskakyrkan.se\/vandravagen\/2024\/12\/25\/en-riddare-kladd-som-bonde\/#article","isPartOf":{"@id":"https:\/\/blogg.svenskakyrkan.se\/vandravagen\/2024\/12\/25\/en-riddare-kladd-som-bonde\/"},"author":{"name":"Tomas Jarvid","@id":"https:\/\/blogg.svenskakyrkan.se\/vandravagen\/#\/schema\/person\/25da02d4f76b137d04291711e2c9fc16"},"headline":"En riddare kl\u00e4dd som bonde","datePublished":"2024-12-25T21:18:29+00:00","dateModified":"2024-12-25T21:18:30+00:00","mainEntityOfPage":{"@id":"https:\/\/blogg.svenskakyrkan.se\/vandravagen\/2024\/12\/25\/en-riddare-kladd-som-bonde\/"},"wordCount":1624,"commentCount":2,"publisher":{"@id":"https:\/\/blogg.svenskakyrkan.se\/vandravagen\/#organization"},"image":{"@id":"https:\/\/blogg.svenskakyrkan.se\/vandravagen\/2024\/12\/25\/en-riddare-kladd-som-bonde\/#primaryimage"},"thumbnailUrl":"https:\/\/blogg.svenskakyrkan.se\/vandravagen\/files\/2024\/12\/piers-plowman-1536x1021-1.png","keywords":["bibeln","bonde","immanuel","inkarnation","inkarnationen","Jesus","jul","kristen","kristen tro","kyrka","kyrkan","medeltid","otillr\u00e4cklig","piers","plogmannen","plowman","predikan","riddare","william langland"],"articleSection":["historia","jul","predikan"],"inLanguage":"sv-SE","potentialAction":[{"@type":"CommentAction","name":"Comment","target":["https:\/\/blogg.svenskakyrkan.se\/vandravagen\/2024\/12\/25\/en-riddare-kladd-som-bonde\/#respond"]}]},{"@type":"WebPage","@id":"https:\/\/blogg.svenskakyrkan.se\/vandravagen\/2024\/12\/25\/en-riddare-kladd-som-bonde\/","url":"https:\/\/blogg.svenskakyrkan.se\/vandravagen\/2024\/12\/25\/en-riddare-kladd-som-bonde\/","name":"En riddare kl\u00e4dd som bonde - Vandra V\u00e4gen","isPartOf":{"@id":"https:\/\/blogg.svenskakyrkan.se\/vandravagen\/#website"},"primaryImageOfPage":{"@id":"https:\/\/blogg.svenskakyrkan.se\/vandravagen\/2024\/12\/25\/en-riddare-kladd-som-bonde\/#primaryimage"},"image":{"@id":"https:\/\/blogg.svenskakyrkan.se\/vandravagen\/2024\/12\/25\/en-riddare-kladd-som-bonde\/#primaryimage"},"thumbnailUrl":"https:\/\/blogg.svenskakyrkan.se\/vandravagen\/files\/2024\/12\/piers-plowman-1536x1021-1.png","datePublished":"2024-12-25T21:18:29+00:00","dateModified":"2024-12-25T21:18:30+00:00","description":"Tomas Jarvids julpredikan om plogmannen Piers (Piers plowman) och Jesus f\u00f6delse s\u00e5 att han blev en av oss.","breadcrumb":{"@id":"https:\/\/blogg.svenskakyrkan.se\/vandravagen\/2024\/12\/25\/en-riddare-kladd-som-bonde\/#breadcrumb"},"inLanguage":"sv-SE","potentialAction":[{"@type":"ReadAction","target":["https:\/\/blogg.svenskakyrkan.se\/vandravagen\/2024\/12\/25\/en-riddare-kladd-som-bonde\/"]}]},{"@type":"ImageObject","inLanguage":"sv-SE","@id":"https:\/\/blogg.svenskakyrkan.se\/vandravagen\/2024\/12\/25\/en-riddare-kladd-som-bonde\/#primaryimage","url":"https:\/\/blogg.svenskakyrkan.se\/vandravagen\/files\/2024\/12\/piers-plowman-1536x1021-1.png","contentUrl":"https:\/\/blogg.svenskakyrkan.se\/vandravagen\/files\/2024\/12\/piers-plowman-1536x1021-1.png","width":1536,"height":1021},{"@type":"BreadcrumbList","@id":"https:\/\/blogg.svenskakyrkan.se\/vandravagen\/2024\/12\/25\/en-riddare-kladd-som-bonde\/#breadcrumb","itemListElement":[{"@type":"ListItem","position":1,"name":"Hem","item":"https:\/\/blogg.svenskakyrkan.se\/vandravagen\/"},{"@type":"ListItem","position":2,"name":"bibeln","item":"https:\/\/blogg.svenskakyrkan.se\/vandravagen\/tag\/bibeln\/"},{"@type":"ListItem","position":3,"name":"En riddare kl\u00e4dd som bonde"}]},{"@type":"WebSite","@id":"https:\/\/blogg.svenskakyrkan.se\/vandravagen\/#website","url":"https:\/\/blogg.svenskakyrkan.se\/vandravagen\/","name":"Vandra V\u00e4gen","description":"-Mot en tro f\u00f6r hela livet","publisher":{"@id":"https:\/\/blogg.svenskakyrkan.se\/vandravagen\/#organization"},"potentialAction":[{"@type":"SearchAction","target":{"@type":"EntryPoint","urlTemplate":"https:\/\/blogg.svenskakyrkan.se\/vandravagen\/?s={search_term_string}"},"query-input":{"@type":"PropertyValueSpecification","valueRequired":true,"valueName":"search_term_string"}}],"inLanguage":"sv-SE"},{"@type":"Organization","@id":"https:\/\/blogg.svenskakyrkan.se\/vandravagen\/#organization","name":"ulricehamns pastorat","alternateName":"ulricehamns pastorat","url":"https:\/\/blogg.svenskakyrkan.se\/vandravagen\/","logo":{"@type":"ImageObject","inLanguage":"sv-SE","@id":"https:\/\/blogg.svenskakyrkan.se\/vandravagen\/#\/schema\/logo\/image\/","url":"https:\/\/blogg.svenskakyrkan.se\/vandravagen\/files\/2023\/05\/Ulr_logo_RGB.png","contentUrl":"https:\/\/blogg.svenskakyrkan.se\/vandravagen\/files\/2023\/05\/Ulr_logo_RGB.png","width":205,"height":77,"caption":"ulricehamns pastorat"},"image":{"@id":"https:\/\/blogg.svenskakyrkan.se\/vandravagen\/#\/schema\/logo\/image\/"},"sameAs":["http:\/\/facebook.com\/vandravagen","https:\/\/x.com\/fadertomas","http:\/\/www.facebook.com\/svenskakyrkaniulricehamn"]},{"@type":"Person","@id":"https:\/\/blogg.svenskakyrkan.se\/vandravagen\/#\/schema\/person\/25da02d4f76b137d04291711e2c9fc16","name":"Tomas Jarvid","image":{"@type":"ImageObject","inLanguage":"sv-SE","@id":"https:\/\/blogg.svenskakyrkan.se\/vandravagen\/#\/schema\/person\/image\/","url":"https:\/\/secure.gravatar.com\/avatar\/7fa71899795e8f540f615a1f5ab25255dc27aa40f05ee7ddd21aac521e01bf50?s=96&d=identicon&r=g","contentUrl":"https:\/\/secure.gravatar.com\/avatar\/7fa71899795e8f540f615a1f5ab25255dc27aa40f05ee7ddd21aac521e01bf50?s=96&d=identicon&r=g","caption":"Tomas Jarvid"},"description":"Jag bor i Ulricehamn i V\u00e4sterg\u00f6tland och \u00e4r f\u00f6rsamlingspr\u00e4st i Svenska Kyrkan f\u00f6r Dalstorps f\u00f6rsamling i Kinds pastorat. P\u00e5 den h\u00e4r bloggen skriver jag ner tankar om vandringen som kristen.","sameAs":["http:\/\/www.vandravagen.se"],"url":"https:\/\/blogg.svenskakyrkan.se\/vandravagen\/author\/vandravagen\/"}]}},"author_meta":{"ID":"392","user_nicename":"vandravagen","user_url":"http:\/\/www.vandravagen.se","user_registered":"2014-05-19 05:44:52","display_name":"Tomas Jarvid","first_name":"Tomas","last_name":"Jarvid","avatar":"https:\/\/secure.gravatar.com\/avatar\/7fa71899795e8f540f615a1f5ab25255dc27aa40f05ee7ddd21aac521e01bf50?s=96&d=identicon&r=g"},"featured_image":["https:\/\/blogg.svenskakyrkan.se\/vandravagen\/files\/2024\/12\/piers-plowman-1536x1021-1-1024x681.png",1024,681,true],"bloginfo":{"name":"Vandra V\u00e4gen","url":"https:\/\/blogg.svenskakyrkan.se\/vandravagen"},"_links":{"self":[{"href":"https:\/\/blogg.svenskakyrkan.se\/vandravagen\/wp-json\/wp\/v2\/posts\/10211","targetHints":{"allow":["GET"]}}],"collection":[{"href":"https:\/\/blogg.svenskakyrkan.se\/vandravagen\/wp-json\/wp\/v2\/posts"}],"about":[{"href":"https:\/\/blogg.svenskakyrkan.se\/vandravagen\/wp-json\/wp\/v2\/types\/post"}],"author":[{"embeddable":true,"href":"https:\/\/blogg.svenskakyrkan.se\/vandravagen\/wp-json\/wp\/v2\/users\/392"}],"replies":[{"embeddable":true,"href":"https:\/\/blogg.svenskakyrkan.se\/vandravagen\/wp-json\/wp\/v2\/comments?post=10211"}],"version-history":[{"count":2,"href":"https:\/\/blogg.svenskakyrkan.se\/vandravagen\/wp-json\/wp\/v2\/posts\/10211\/revisions"}],"predecessor-version":[{"id":10216,"href":"https:\/\/blogg.svenskakyrkan.se\/vandravagen\/wp-json\/wp\/v2\/posts\/10211\/revisions\/10216"}],"wp:featuredmedia":[{"embeddable":true,"href":"https:\/\/blogg.svenskakyrkan.se\/vandravagen\/wp-json\/wp\/v2\/media\/10213"}],"wp:attachment":[{"href":"https:\/\/blogg.svenskakyrkan.se\/vandravagen\/wp-json\/wp\/v2\/media?parent=10211"}],"wp:term":[{"taxonomy":"category","embeddable":true,"href":"https:\/\/blogg.svenskakyrkan.se\/vandravagen\/wp-json\/wp\/v2\/categories?post=10211"},{"taxonomy":"post_tag","embeddable":true,"href":"https:\/\/blogg.svenskakyrkan.se\/vandravagen\/wp-json\/wp\/v2\/tags?post=10211"}],"curies":[{"name":"wp","href":"https:\/\/api.w.org\/{rel}","templated":true}]}}