{"id":1022,"date":"2012-07-12T00:13:00","date_gmt":"2012-07-11T22:13:00","guid":{"rendered":"http:\/\/blogg.svenskakyrkan.se\/vandravagen\/2012\/07\/12\/pilgrimens-vag-ar-lang\/"},"modified":"2012-07-12T00:13:00","modified_gmt":"2012-07-11T22:13:00","slug":"pilgrimens-vag-ar-lang","status":"publish","type":"post","link":"https:\/\/blogg.svenskakyrkan.se\/vandravagen\/2012\/07\/12\/pilgrimens-vag-ar-lang\/","title":{"rendered":"Pilgrimens v\u00e4g \u00e4r l\u00e5ng"},"content":{"rendered":"<table align=\"center\" cellpadding=\"0\" cellspacing=\"0\">\n<tbody>\n<tr>\n<td><a href=\"https:\/\/lh3.googleusercontent.com\/--8hdng15_pY\/T_32k3E2-1I\/AAAAAAAAAQ4\/9bYKCvPru2U\/s640\/blogger-image-896266363.jpg\"><img loading=\"lazy\" decoding=\"async\" border=\"0\" height=\"300\" src=\"https:\/\/lh3.googleusercontent.com\/--8hdng15_pY\/T_32k3E2-1I\/AAAAAAAAAQ4\/9bYKCvPru2U\/s400\/blogger-image-896266363.jpg\" width=\"400\"><\/a><\/td>\n<\/tr>\n<tr>\n<td>M\u00e5let ligger i fj\u00e4rran; 536 km till Nidaros\/Trondheim.<\/td>\n<\/tr>\n<\/tbody>\n<\/table>\n<table align=\"center\" cellpadding=\"0\" cellspacing=\"0\">\n<tbody>\n<tr>\n<td><a href=\"https:\/\/lh4.googleusercontent.com\/-qibzeMtYb0Y\/T_32mKiaS3I\/AAAAAAAAARA\/7bgjFV5Wb4w\/s640\/blogger-image--441234990.jpg\"><img loading=\"lazy\" decoding=\"async\" border=\"0\" height=\"400\" src=\"https:\/\/lh4.googleusercontent.com\/-qibzeMtYb0Y\/T_32mKiaS3I\/AAAAAAAAARA\/7bgjFV5Wb4w\/s400\/blogger-image--441234990.jpg\" width=\"300\"><\/a><\/td>\n<\/tr>\n<tr>\n<td>H\u00e4rifr\u00e5n vill s\u00e4ga, fr\u00e5n Eksh\u00e4rads kyrka i Klar\u00e4lvsdalen<\/td>\n<\/tr>\n<\/tbody>\n<\/table>\n<div>N\u00e5gra bilder fr\u00e5n semestern som g\u00e5tt. P\u00e5 resa genom V\u00e4rmland passerade vi Eksh\u00e4rads kyrka (som f\u00e5r ett eget blogginl\u00e4gg med allt sp\u00e4nnande som fanns att se d\u00e4r, inom kort p\u00e5 en blogg n\u00e4ra dig) och utanf\u00f6r den stod denna v\u00e4gskylt med avst\u00e5ndet till Nidaros och den helige Olavs ben.<\/div>\n<div><\/div>\n<div>536 km \u00e4r r\u00e4tt l\u00e5ngt att g\u00e5 till fots, och ska man g\u00e5 fr\u00e5n mina hemtrakter (vilket m\u00e5nga gjorde) blir det \u00e4nnu l\u00e4ngre.\u00a0<\/div>\n<div><\/div>\n<div>Som nutida pilgrim kan man en del k\u00e4nna sig fr\u00e4mmande just f\u00f6r m\u00e5let f\u00f6r f\u00e4rden. S\u00e5 har jag sj\u00e4lv k\u00e4nt p\u00e5 de pilgrimsvandringar jag gjort. Jag t\u00e4nker mig inte att jag f\u00e5r avlat vid m\u00e5let, vad betyder det d\u00e5 ist\u00e4llet? Pilgrimsm\u00e5let \u00e4r f\u00f6r mig en plats d\u00e4r man p\u00e5minns om det som ofta \u00e4r otydligt i vardagen, att det finns en Gud som blivit m\u00e4nniska just i den h\u00e4r v\u00e4rlden vi lever i och att det finns heliga kvinnor och m\u00e4n som g\u00e5tt f\u00f6re oss p\u00e5 v\u00e4gen.\u00a0<\/div>\n<div><\/div>\n<div>I de skildringar jag l\u00e4st om vandringar till Santiago de Compostela var det ofta med besvikelse man kom fram till pilgrimsm\u00e5let. Gl\u00e4dje \u00f6ver att vara framme, visst, men \u00e4nd\u00e5 med en k\u00e4nsla av att det inte var det h\u00e4r man letade efter. S\u00e5 kan det nog ocks\u00e5 vara. Varje steg, varje str\u00e4van och \u00e4rligt s\u00f6kande h\u00e4r p\u00e5 jorden \u00e4r ytterst sett ett s\u00f6kande efter Gud. Och honom kan vi bara ana i v\u00e4lsignade glimtar. Vi f\u00e5r forts\u00e4tta v\u00e5r vandring tills den dag d\u00e5 vandringen \u00e4r slut i den stad d\u00e4r livets tr\u00e4d b\u00e4r frukt \u00e5ret om. D\u00e4r, s\u00e4ger uppenbarelseboken, ska ingen bli besviken.<\/div>\n<div>Det \u00e4r ocks\u00e5 en plats som\u00a0<\/div>\n","protected":false},"excerpt":{"rendered":"<p>M\u00e5let ligger i fj\u00e4rran; 536 km till Nidaros\/Trondheim. H\u00e4rifr\u00e5n vill s\u00e4ga, fr\u00e5n Eksh\u00e4rads kyrka i Klar\u00e4lvsdalen N\u00e5gra bilder fr\u00e5n semestern som g\u00e5tt. P\u00e5 resa genom V\u00e4rmland passerade vi Eksh\u00e4rads kyrka (som f\u00e5r ett eget blogginl\u00e4gg med allt sp\u00e4nnande som fanns att se d\u00e4r, inom kort p\u00e5 en blogg n\u00e4ra dig) och utanf\u00f6r den stod denna [&hellip;]<\/p>\n","protected":false},"author":392,"featured_media":0,"comment_status":"open","ping_status":"open","sticky":false,"template":"","format":"standard","meta":{"_acf_changed":false,"footnotes":""},"categories":[56,8331],"tags":[],"class_list":["post-1022","post","type-post","status-publish","format-standard","hentry","category-bilder","category-pilgrim"],"acf":[],"yoast_head":"<!-- This site is optimized with the Yoast SEO plugin v27.1.1 - https:\/\/yoast.com\/product\/yoast-seo-wordpress\/ -->\n<title>Pilgrimens v\u00e4g \u00e4r l\u00e5ng - Vandra V\u00e4gen<\/title>\n<meta name=\"robots\" content=\"index, follow, max-snippet:-1, max-image-preview:large, max-video-preview:-1\" \/>\n<link rel=\"canonical\" href=\"https:\/\/blogg.svenskakyrkan.se\/vandravagen\/2012\/07\/12\/pilgrimens-vag-ar-lang\/\" \/>\n<meta property=\"og:locale\" content=\"sv_SE\" \/>\n<meta property=\"og:type\" content=\"article\" \/>\n<meta property=\"og:title\" content=\"Pilgrimens v\u00e4g \u00e4r l\u00e5ng - Vandra V\u00e4gen\" \/>\n<meta property=\"og:description\" content=\"M\u00e5let ligger i fj\u00e4rran; 536 km till Nidaros\/Trondheim. H\u00e4rifr\u00e5n vill s\u00e4ga, fr\u00e5n Eksh\u00e4rads kyrka i Klar\u00e4lvsdalen N\u00e5gra bilder fr\u00e5n semestern som g\u00e5tt. P\u00e5 resa genom V\u00e4rmland passerade vi Eksh\u00e4rads kyrka (som f\u00e5r ett eget blogginl\u00e4gg med allt sp\u00e4nnande som fanns att se d\u00e4r, inom kort p\u00e5 en blogg n\u00e4ra dig) och utanf\u00f6r den stod denna [&hellip;]\" \/>\n<meta property=\"og:url\" content=\"https:\/\/blogg.svenskakyrkan.se\/vandravagen\/2012\/07\/12\/pilgrimens-vag-ar-lang\/\" \/>\n<meta property=\"og:site_name\" content=\"Vandra V\u00e4gen\" \/>\n<meta property=\"article:publisher\" content=\"http:\/\/facebook.com\/vandravagen\" \/>\n<meta property=\"article:published_time\" content=\"2012-07-11T22:13:00+00:00\" \/>\n<meta property=\"og:image\" content=\"https:\/\/lh3.googleusercontent.com\/--8hdng15_pY\/T_32k3E2-1I\/AAAAAAAAAQ4\/9bYKCvPru2U\/s400\/blogger-image-896266363.jpg\" \/>\n<meta name=\"author\" content=\"Tomas Jarvid\" \/>\n<meta name=\"twitter:card\" content=\"summary_large_image\" \/>\n<meta name=\"twitter:creator\" content=\"@fadertomas\" \/>\n<meta name=\"twitter:site\" content=\"@fadertomas\" \/>\n<meta name=\"twitter:label1\" content=\"Skriven av\" \/>\n\t<meta name=\"twitter:data1\" content=\"Tomas Jarvid\" \/>\n\t<meta name=\"twitter:label2\" content=\"Ber\u00e4knad l\u00e4stid\" \/>\n\t<meta name=\"twitter:data2\" content=\"2 minuter\" \/>\n<script type=\"application\/ld+json\" class=\"yoast-schema-graph\">{\"@context\":\"https:\/\/schema.org\",\"@graph\":[{\"@type\":\"Article\",\"@id\":\"https:\/\/blogg.svenskakyrkan.se\/vandravagen\/2012\/07\/12\/pilgrimens-vag-ar-lang\/#article\",\"isPartOf\":{\"@id\":\"https:\/\/blogg.svenskakyrkan.se\/vandravagen\/2012\/07\/12\/pilgrimens-vag-ar-lang\/\"},\"author\":{\"name\":\"Tomas Jarvid\",\"@id\":\"https:\/\/blogg.svenskakyrkan.se\/vandravagen\/#\/schema\/person\/25da02d4f76b137d04291711e2c9fc16\"},\"headline\":\"Pilgrimens v\u00e4g \u00e4r l\u00e5ng\",\"datePublished\":\"2012-07-11T22:13:00+00:00\",\"mainEntityOfPage\":{\"@id\":\"https:\/\/blogg.svenskakyrkan.se\/vandravagen\/2012\/07\/12\/pilgrimens-vag-ar-lang\/\"},\"wordCount\":356,\"commentCount\":0,\"publisher\":{\"@id\":\"https:\/\/blogg.svenskakyrkan.se\/vandravagen\/#organization\"},\"image\":{\"@id\":\"https:\/\/blogg.svenskakyrkan.se\/vandravagen\/2012\/07\/12\/pilgrimens-vag-ar-lang\/#primaryimage\"},\"thumbnailUrl\":\"https:\/\/lh3.googleusercontent.com\/--8hdng15_pY\/T_32k3E2-1I\/AAAAAAAAAQ4\/9bYKCvPru2U\/s400\/blogger-image-896266363.jpg\",\"articleSection\":[\"bilder\",\"pilgrim\"],\"inLanguage\":\"sv-SE\",\"potentialAction\":[{\"@type\":\"CommentAction\",\"name\":\"Comment\",\"target\":[\"https:\/\/blogg.svenskakyrkan.se\/vandravagen\/2012\/07\/12\/pilgrimens-vag-ar-lang\/#respond\"]}]},{\"@type\":\"WebPage\",\"@id\":\"https:\/\/blogg.svenskakyrkan.se\/vandravagen\/2012\/07\/12\/pilgrimens-vag-ar-lang\/\",\"url\":\"https:\/\/blogg.svenskakyrkan.se\/vandravagen\/2012\/07\/12\/pilgrimens-vag-ar-lang\/\",\"name\":\"Pilgrimens v\u00e4g \u00e4r l\u00e5ng - Vandra V\u00e4gen\",\"isPartOf\":{\"@id\":\"https:\/\/blogg.svenskakyrkan.se\/vandravagen\/#website\"},\"primaryImageOfPage\":{\"@id\":\"https:\/\/blogg.svenskakyrkan.se\/vandravagen\/2012\/07\/12\/pilgrimens-vag-ar-lang\/#primaryimage\"},\"image\":{\"@id\":\"https:\/\/blogg.svenskakyrkan.se\/vandravagen\/2012\/07\/12\/pilgrimens-vag-ar-lang\/#primaryimage\"},\"thumbnailUrl\":\"https:\/\/lh3.googleusercontent.com\/--8hdng15_pY\/T_32k3E2-1I\/AAAAAAAAAQ4\/9bYKCvPru2U\/s400\/blogger-image-896266363.jpg\",\"datePublished\":\"2012-07-11T22:13:00+00:00\",\"breadcrumb\":{\"@id\":\"https:\/\/blogg.svenskakyrkan.se\/vandravagen\/2012\/07\/12\/pilgrimens-vag-ar-lang\/#breadcrumb\"},\"inLanguage\":\"sv-SE\",\"potentialAction\":[{\"@type\":\"ReadAction\",\"target\":[\"https:\/\/blogg.svenskakyrkan.se\/vandravagen\/2012\/07\/12\/pilgrimens-vag-ar-lang\/\"]}]},{\"@type\":\"ImageObject\",\"inLanguage\":\"sv-SE\",\"@id\":\"https:\/\/blogg.svenskakyrkan.se\/vandravagen\/2012\/07\/12\/pilgrimens-vag-ar-lang\/#primaryimage\",\"url\":\"https:\/\/lh3.googleusercontent.com\/--8hdng15_pY\/T_32k3E2-1I\/AAAAAAAAAQ4\/9bYKCvPru2U\/s400\/blogger-image-896266363.jpg\",\"contentUrl\":\"https:\/\/lh3.googleusercontent.com\/--8hdng15_pY\/T_32k3E2-1I\/AAAAAAAAAQ4\/9bYKCvPru2U\/s400\/blogger-image-896266363.jpg\"},{\"@type\":\"BreadcrumbList\",\"@id\":\"https:\/\/blogg.svenskakyrkan.se\/vandravagen\/2012\/07\/12\/pilgrimens-vag-ar-lang\/#breadcrumb\",\"itemListElement\":[{\"@type\":\"ListItem\",\"position\":1,\"name\":\"Hem\",\"item\":\"https:\/\/blogg.svenskakyrkan.se\/vandravagen\/\"},{\"@type\":\"ListItem\",\"position\":2,\"name\":\"Pilgrimens v\u00e4g \u00e4r l\u00e5ng\"}]},{\"@type\":\"WebSite\",\"@id\":\"https:\/\/blogg.svenskakyrkan.se\/vandravagen\/#website\",\"url\":\"https:\/\/blogg.svenskakyrkan.se\/vandravagen\/\",\"name\":\"Vandra V\u00e4gen\",\"description\":\"-Mot en tro f\u00f6r hela livet\",\"publisher\":{\"@id\":\"https:\/\/blogg.svenskakyrkan.se\/vandravagen\/#organization\"},\"potentialAction\":[{\"@type\":\"SearchAction\",\"target\":{\"@type\":\"EntryPoint\",\"urlTemplate\":\"https:\/\/blogg.svenskakyrkan.se\/vandravagen\/?s={search_term_string}\"},\"query-input\":{\"@type\":\"PropertyValueSpecification\",\"valueRequired\":true,\"valueName\":\"search_term_string\"}}],\"inLanguage\":\"sv-SE\"},{\"@type\":\"Organization\",\"@id\":\"https:\/\/blogg.svenskakyrkan.se\/vandravagen\/#organization\",\"name\":\"ulricehamns pastorat\",\"alternateName\":\"ulricehamns pastorat\",\"url\":\"https:\/\/blogg.svenskakyrkan.se\/vandravagen\/\",\"logo\":{\"@type\":\"ImageObject\",\"inLanguage\":\"sv-SE\",\"@id\":\"https:\/\/blogg.svenskakyrkan.se\/vandravagen\/#\/schema\/logo\/image\/\",\"url\":\"https:\/\/blogg.svenskakyrkan.se\/vandravagen\/files\/2023\/05\/Ulr_logo_RGB.png\",\"contentUrl\":\"https:\/\/blogg.svenskakyrkan.se\/vandravagen\/files\/2023\/05\/Ulr_logo_RGB.png\",\"width\":205,\"height\":77,\"caption\":\"ulricehamns pastorat\"},\"image\":{\"@id\":\"https:\/\/blogg.svenskakyrkan.se\/vandravagen\/#\/schema\/logo\/image\/\"},\"sameAs\":[\"http:\/\/facebook.com\/vandravagen\",\"https:\/\/x.com\/fadertomas\",\"http:\/\/www.facebook.com\/svenskakyrkaniulricehamn\"]},{\"@type\":\"Person\",\"@id\":\"https:\/\/blogg.svenskakyrkan.se\/vandravagen\/#\/schema\/person\/25da02d4f76b137d04291711e2c9fc16\",\"name\":\"Tomas Jarvid\",\"image\":{\"@type\":\"ImageObject\",\"inLanguage\":\"sv-SE\",\"@id\":\"https:\/\/blogg.svenskakyrkan.se\/vandravagen\/#\/schema\/person\/image\/\",\"url\":\"https:\/\/secure.gravatar.com\/avatar\/7fa71899795e8f540f615a1f5ab25255dc27aa40f05ee7ddd21aac521e01bf50?s=96&d=identicon&r=g\",\"contentUrl\":\"https:\/\/secure.gravatar.com\/avatar\/7fa71899795e8f540f615a1f5ab25255dc27aa40f05ee7ddd21aac521e01bf50?s=96&d=identicon&r=g\",\"caption\":\"Tomas Jarvid\"},\"description\":\"Jag bor i Ulricehamn i V\u00e4sterg\u00f6tland och \u00e4r f\u00f6rsamlingspr\u00e4st i Svenska Kyrkan f\u00f6r Dalstorps f\u00f6rsamling i Kinds pastorat. P\u00e5 den h\u00e4r bloggen skriver jag ner tankar om vandringen som kristen.\",\"sameAs\":[\"http:\/\/www.vandravagen.se\"],\"url\":\"https:\/\/blogg.svenskakyrkan.se\/vandravagen\/author\/vandravagen\/\"}]}<\/script>\n<!-- \/ Yoast SEO plugin. -->","yoast_head_json":{"title":"Pilgrimens v\u00e4g \u00e4r l\u00e5ng - Vandra V\u00e4gen","robots":{"index":"index","follow":"follow","max-snippet":"max-snippet:-1","max-image-preview":"max-image-preview:large","max-video-preview":"max-video-preview:-1"},"canonical":"https:\/\/blogg.svenskakyrkan.se\/vandravagen\/2012\/07\/12\/pilgrimens-vag-ar-lang\/","og_locale":"sv_SE","og_type":"article","og_title":"Pilgrimens v\u00e4g \u00e4r l\u00e5ng - Vandra V\u00e4gen","og_description":"M\u00e5let ligger i fj\u00e4rran; 536 km till Nidaros\/Trondheim. H\u00e4rifr\u00e5n vill s\u00e4ga, fr\u00e5n Eksh\u00e4rads kyrka i Klar\u00e4lvsdalen N\u00e5gra bilder fr\u00e5n semestern som g\u00e5tt. P\u00e5 resa genom V\u00e4rmland passerade vi Eksh\u00e4rads kyrka (som f\u00e5r ett eget blogginl\u00e4gg med allt sp\u00e4nnande som fanns att se d\u00e4r, inom kort p\u00e5 en blogg n\u00e4ra dig) och utanf\u00f6r den stod denna [&hellip;]","og_url":"https:\/\/blogg.svenskakyrkan.se\/vandravagen\/2012\/07\/12\/pilgrimens-vag-ar-lang\/","og_site_name":"Vandra V\u00e4gen","article_publisher":"http:\/\/facebook.com\/vandravagen","article_published_time":"2012-07-11T22:13:00+00:00","og_image":[{"url":"https:\/\/lh3.googleusercontent.com\/--8hdng15_pY\/T_32k3E2-1I\/AAAAAAAAAQ4\/9bYKCvPru2U\/s400\/blogger-image-896266363.jpg","type":"","width":"","height":""}],"author":"Tomas Jarvid","twitter_card":"summary_large_image","twitter_creator":"@fadertomas","twitter_site":"@fadertomas","twitter_misc":{"Skriven av":"Tomas Jarvid","Ber\u00e4knad l\u00e4stid":"2 minuter"},"schema":{"@context":"https:\/\/schema.org","@graph":[{"@type":"Article","@id":"https:\/\/blogg.svenskakyrkan.se\/vandravagen\/2012\/07\/12\/pilgrimens-vag-ar-lang\/#article","isPartOf":{"@id":"https:\/\/blogg.svenskakyrkan.se\/vandravagen\/2012\/07\/12\/pilgrimens-vag-ar-lang\/"},"author":{"name":"Tomas Jarvid","@id":"https:\/\/blogg.svenskakyrkan.se\/vandravagen\/#\/schema\/person\/25da02d4f76b137d04291711e2c9fc16"},"headline":"Pilgrimens v\u00e4g \u00e4r l\u00e5ng","datePublished":"2012-07-11T22:13:00+00:00","mainEntityOfPage":{"@id":"https:\/\/blogg.svenskakyrkan.se\/vandravagen\/2012\/07\/12\/pilgrimens-vag-ar-lang\/"},"wordCount":356,"commentCount":0,"publisher":{"@id":"https:\/\/blogg.svenskakyrkan.se\/vandravagen\/#organization"},"image":{"@id":"https:\/\/blogg.svenskakyrkan.se\/vandravagen\/2012\/07\/12\/pilgrimens-vag-ar-lang\/#primaryimage"},"thumbnailUrl":"https:\/\/lh3.googleusercontent.com\/--8hdng15_pY\/T_32k3E2-1I\/AAAAAAAAAQ4\/9bYKCvPru2U\/s400\/blogger-image-896266363.jpg","articleSection":["bilder","pilgrim"],"inLanguage":"sv-SE","potentialAction":[{"@type":"CommentAction","name":"Comment","target":["https:\/\/blogg.svenskakyrkan.se\/vandravagen\/2012\/07\/12\/pilgrimens-vag-ar-lang\/#respond"]}]},{"@type":"WebPage","@id":"https:\/\/blogg.svenskakyrkan.se\/vandravagen\/2012\/07\/12\/pilgrimens-vag-ar-lang\/","url":"https:\/\/blogg.svenskakyrkan.se\/vandravagen\/2012\/07\/12\/pilgrimens-vag-ar-lang\/","name":"Pilgrimens v\u00e4g \u00e4r l\u00e5ng - Vandra V\u00e4gen","isPartOf":{"@id":"https:\/\/blogg.svenskakyrkan.se\/vandravagen\/#website"},"primaryImageOfPage":{"@id":"https:\/\/blogg.svenskakyrkan.se\/vandravagen\/2012\/07\/12\/pilgrimens-vag-ar-lang\/#primaryimage"},"image":{"@id":"https:\/\/blogg.svenskakyrkan.se\/vandravagen\/2012\/07\/12\/pilgrimens-vag-ar-lang\/#primaryimage"},"thumbnailUrl":"https:\/\/lh3.googleusercontent.com\/--8hdng15_pY\/T_32k3E2-1I\/AAAAAAAAAQ4\/9bYKCvPru2U\/s400\/blogger-image-896266363.jpg","datePublished":"2012-07-11T22:13:00+00:00","breadcrumb":{"@id":"https:\/\/blogg.svenskakyrkan.se\/vandravagen\/2012\/07\/12\/pilgrimens-vag-ar-lang\/#breadcrumb"},"inLanguage":"sv-SE","potentialAction":[{"@type":"ReadAction","target":["https:\/\/blogg.svenskakyrkan.se\/vandravagen\/2012\/07\/12\/pilgrimens-vag-ar-lang\/"]}]},{"@type":"ImageObject","inLanguage":"sv-SE","@id":"https:\/\/blogg.svenskakyrkan.se\/vandravagen\/2012\/07\/12\/pilgrimens-vag-ar-lang\/#primaryimage","url":"https:\/\/lh3.googleusercontent.com\/--8hdng15_pY\/T_32k3E2-1I\/AAAAAAAAAQ4\/9bYKCvPru2U\/s400\/blogger-image-896266363.jpg","contentUrl":"https:\/\/lh3.googleusercontent.com\/--8hdng15_pY\/T_32k3E2-1I\/AAAAAAAAAQ4\/9bYKCvPru2U\/s400\/blogger-image-896266363.jpg"},{"@type":"BreadcrumbList","@id":"https:\/\/blogg.svenskakyrkan.se\/vandravagen\/2012\/07\/12\/pilgrimens-vag-ar-lang\/#breadcrumb","itemListElement":[{"@type":"ListItem","position":1,"name":"Hem","item":"https:\/\/blogg.svenskakyrkan.se\/vandravagen\/"},{"@type":"ListItem","position":2,"name":"Pilgrimens v\u00e4g \u00e4r l\u00e5ng"}]},{"@type":"WebSite","@id":"https:\/\/blogg.svenskakyrkan.se\/vandravagen\/#website","url":"https:\/\/blogg.svenskakyrkan.se\/vandravagen\/","name":"Vandra V\u00e4gen","description":"-Mot en tro f\u00f6r hela livet","publisher":{"@id":"https:\/\/blogg.svenskakyrkan.se\/vandravagen\/#organization"},"potentialAction":[{"@type":"SearchAction","target":{"@type":"EntryPoint","urlTemplate":"https:\/\/blogg.svenskakyrkan.se\/vandravagen\/?s={search_term_string}"},"query-input":{"@type":"PropertyValueSpecification","valueRequired":true,"valueName":"search_term_string"}}],"inLanguage":"sv-SE"},{"@type":"Organization","@id":"https:\/\/blogg.svenskakyrkan.se\/vandravagen\/#organization","name":"ulricehamns pastorat","alternateName":"ulricehamns pastorat","url":"https:\/\/blogg.svenskakyrkan.se\/vandravagen\/","logo":{"@type":"ImageObject","inLanguage":"sv-SE","@id":"https:\/\/blogg.svenskakyrkan.se\/vandravagen\/#\/schema\/logo\/image\/","url":"https:\/\/blogg.svenskakyrkan.se\/vandravagen\/files\/2023\/05\/Ulr_logo_RGB.png","contentUrl":"https:\/\/blogg.svenskakyrkan.se\/vandravagen\/files\/2023\/05\/Ulr_logo_RGB.png","width":205,"height":77,"caption":"ulricehamns pastorat"},"image":{"@id":"https:\/\/blogg.svenskakyrkan.se\/vandravagen\/#\/schema\/logo\/image\/"},"sameAs":["http:\/\/facebook.com\/vandravagen","https:\/\/x.com\/fadertomas","http:\/\/www.facebook.com\/svenskakyrkaniulricehamn"]},{"@type":"Person","@id":"https:\/\/blogg.svenskakyrkan.se\/vandravagen\/#\/schema\/person\/25da02d4f76b137d04291711e2c9fc16","name":"Tomas Jarvid","image":{"@type":"ImageObject","inLanguage":"sv-SE","@id":"https:\/\/blogg.svenskakyrkan.se\/vandravagen\/#\/schema\/person\/image\/","url":"https:\/\/secure.gravatar.com\/avatar\/7fa71899795e8f540f615a1f5ab25255dc27aa40f05ee7ddd21aac521e01bf50?s=96&d=identicon&r=g","contentUrl":"https:\/\/secure.gravatar.com\/avatar\/7fa71899795e8f540f615a1f5ab25255dc27aa40f05ee7ddd21aac521e01bf50?s=96&d=identicon&r=g","caption":"Tomas Jarvid"},"description":"Jag bor i Ulricehamn i V\u00e4sterg\u00f6tland och \u00e4r f\u00f6rsamlingspr\u00e4st i Svenska Kyrkan f\u00f6r Dalstorps f\u00f6rsamling i Kinds pastorat. P\u00e5 den h\u00e4r bloggen skriver jag ner tankar om vandringen som kristen.","sameAs":["http:\/\/www.vandravagen.se"],"url":"https:\/\/blogg.svenskakyrkan.se\/vandravagen\/author\/vandravagen\/"}]}},"author_meta":{"ID":"392","user_nicename":"vandravagen","user_url":"http:\/\/www.vandravagen.se","user_registered":"2014-05-19 05:44:52","display_name":"Tomas Jarvid","first_name":"Tomas","last_name":"Jarvid","avatar":"https:\/\/secure.gravatar.com\/avatar\/7fa71899795e8f540f615a1f5ab25255dc27aa40f05ee7ddd21aac521e01bf50?s=96&d=identicon&r=g"},"featured_image":false,"bloginfo":{"name":"Vandra V\u00e4gen","url":"https:\/\/blogg.svenskakyrkan.se\/vandravagen"},"_links":{"self":[{"href":"https:\/\/blogg.svenskakyrkan.se\/vandravagen\/wp-json\/wp\/v2\/posts\/1022","targetHints":{"allow":["GET"]}}],"collection":[{"href":"https:\/\/blogg.svenskakyrkan.se\/vandravagen\/wp-json\/wp\/v2\/posts"}],"about":[{"href":"https:\/\/blogg.svenskakyrkan.se\/vandravagen\/wp-json\/wp\/v2\/types\/post"}],"author":[{"embeddable":true,"href":"https:\/\/blogg.svenskakyrkan.se\/vandravagen\/wp-json\/wp\/v2\/users\/392"}],"replies":[{"embeddable":true,"href":"https:\/\/blogg.svenskakyrkan.se\/vandravagen\/wp-json\/wp\/v2\/comments?post=1022"}],"version-history":[{"count":0,"href":"https:\/\/blogg.svenskakyrkan.se\/vandravagen\/wp-json\/wp\/v2\/posts\/1022\/revisions"}],"wp:attachment":[{"href":"https:\/\/blogg.svenskakyrkan.se\/vandravagen\/wp-json\/wp\/v2\/media?parent=1022"}],"wp:term":[{"taxonomy":"category","embeddable":true,"href":"https:\/\/blogg.svenskakyrkan.se\/vandravagen\/wp-json\/wp\/v2\/categories?post=1022"},{"taxonomy":"post_tag","embeddable":true,"href":"https:\/\/blogg.svenskakyrkan.se\/vandravagen\/wp-json\/wp\/v2\/tags?post=1022"}],"curies":[{"name":"wp","href":"https:\/\/api.w.org\/{rel}","templated":true}]}}