{"id":10232,"date":"2025-01-02T22:18:56","date_gmt":"2025-01-02T21:18:56","guid":{"rendered":"https:\/\/blogg.svenskakyrkan.se\/vandravagen\/?p=10232"},"modified":"2025-01-02T22:18:57","modified_gmt":"2025-01-02T21:18:57","slug":"drottningen-av-saba","status":"publish","type":"post","link":"https:\/\/blogg.svenskakyrkan.se\/vandravagen\/2025\/01\/02\/drottningen-av-saba\/","title":{"rendered":"Drottningen av Saba"},"content":{"rendered":"\n<p class=\"is-style-intro\">Vad vet vi om drottningen av Saba som bes\u00f6ker Salomo<\/p>\n\n\n\n<p>Jag skrev nyligen &#8221;<a href=\"https:\/\/blogg.svenskakyrkan.se\/vandravagen\/2025\/01\/01\/den-vise-salomo-som-bild-av-jesus\/\">Den vise Salomo som bild av Jesus<\/a>&#8221; om drottningen av Sabas bes\u00f6k hos kung Salomo som en text som utg\u00f6r bakgrund n\u00e4r stj\u00e4rntydarna bes\u00f6ker Jesusbarnet med sina g\u00e5vor. N\u00e4r v\u00e4l drottningen farit hem st\u00e5r det inget mer om henne i bibeln men det finns mycket intressant i tolkningshistorien h\u00e4r som \u00e4r v\u00e4rt att ta upp!<\/p>\n\n\n\n<p>Den <strong>judiske historikern Josefus<\/strong> skrev ett verk f\u00f6r att ber\u00e4tta f\u00f6r romarna som sitt folks historia ca \u00e5r 94 och d\u00e5 n\u00e4mner han drottningen.<\/p>\n\n\n\n<h2 class=\"wp-block-heading\">Var \u00e4r hon drottning?<\/h2>\n\n\n\n<p>\u201d<strong>Saba<\/strong>\u201d ligger i sj\u00e4lva verket <strong>p\u00e5 arabiska halv\u00f6n<\/strong> s\u00e5 det \u00e4r inte givet att hon var drottning \u00f6ver n\u00e5got vidare stort rike men Josefus menar i sin skrift att hon \u00e4ven var drottning \u00f6ver b\u00e5de <strong>Egypten och Etiopien!<\/strong> Hon f\u00e5r \u00e4ven namnet Nicaule. H\u00e4r kan man misst\u00e4nka att Josefus kanske tar i lite f\u00f6r att framh\u00e4va hur viktig Salomo var som blev hyllad av en s\u00e5 stor h\u00e4rskare!<\/p>\n\n\n\n<p>Jag har lite sv\u00e5rt att tyda om Josefus ocks\u00e5 menade att drottningen och Salomo hade en k\u00e4rleksrelation men som vi ska se har andra helt klart menat det!<\/p>\n\n\n\n<h2 class=\"wp-block-heading\">Ingen hudf\u00e4rg i bibeln<\/h2>\n\n\n\n<p>Bibeln n\u00e4mner i regel inte hudf\u00e4rg s\u00e5 mycket som vi kunde f\u00f6rv\u00e4nta oss. <strong>D\u00e4rmed inte sagt att rasism saknades<\/strong> i den tiden. Man hade ofta v\u00e4ldiga f\u00f6rdomar om andra folk som hade andra seder \u00e4n man sj\u00e4lv och det klarade man utm\u00e4rkt utan att koppla det till hudf\u00e4rgen.<\/p>\n\n\n\n<p>D\u00e4remot gjorde den gamle kyrkofadern Origenes tolkningen att det \u00e4r drottningen av Saba som \u00e4r kvinnan i \u201dh\u00f6ga visan\u201d i bibeln och i s\u00e5 fall beskrivs hon som \u201dsvart och sk\u00f6n\u201d d\u00e4r.<\/p>\n\n\n\n<figure class=\"wp-block-image size-full\"><img loading=\"lazy\" decoding=\"async\" width=\"900\" height=\"729\" src=\"https:\/\/blogg.svenskakyrkan.se\/vandravagen\/files\/2025\/01\/solomon-queen-of-sheba-granger.jpg\" alt=\"\" class=\"wp-image-10238\" srcset=\"https:\/\/blogg.svenskakyrkan.se\/vandravagen\/files\/2025\/01\/solomon-queen-of-sheba-granger.jpg 900w, https:\/\/blogg.svenskakyrkan.se\/vandravagen\/files\/2025\/01\/solomon-queen-of-sheba-granger-300x243.jpg 300w, https:\/\/blogg.svenskakyrkan.se\/vandravagen\/files\/2025\/01\/solomon-queen-of-sheba-granger-768x622.jpg 768w\" sizes=\"auto, (max-width: 900px) 100vw, 900px\" \/><figcaption class=\"wp-element-caption\">S\u00e5 h\u00e4r s\u00e5g nog inte drottningen ut v\u00e4l?<\/figcaption><\/figure>\n\n\n\n<p>Men sedan har ocks\u00e5 den etiopiska kungafamiljen h\u00e4vdat att de har sina anor tillbaka till drottningens och Salomos barn.<\/p>\n\n\n\n<h2 class=\"wp-block-heading\">Kebra Negast<\/h2>\n\n\n\n<p>Det finns en 1300-talsskrift, Kebra Negast, som bidrar med ytterligare legender.<\/p>\n\n\n\n<p>I en moraliskt tveksam ber\u00e4ttelse lurar Salomo sig till en sexuell relation till drottningen som f\u00f6r \u00f6vrigt skildras som en vis och sj\u00e4lvst\u00e4ndig regent. Hennes son Menelik I vill sedan resa och m\u00f6ta sin far Salomo och tar sedan med sig dennes religion hem. Och f\u00e5r p\u00e5 konstiga v\u00e4gar med sig f\u00f6rbundsarken. Senare blir ju Etiopierna kristna men det finns allts\u00e5 en v\u00e4ldig rikedom av ber\u00e4ttelser h\u00e4r som senare \u00e4ven f\u00e5r p\u00e5verkan p\u00e5 rastafaris och s\u00e5 vidare.<\/p>\n\n\n\n<figure class=\"wp-block-image size-full\"><img loading=\"lazy\" decoding=\"async\" width=\"880\" height=\"550\" src=\"https:\/\/blogg.svenskakyrkan.se\/vandravagen\/files\/2025\/01\/soloman-sheba-880-135139911.jpg\" alt=\"\" class=\"wp-image-10239\" srcset=\"https:\/\/blogg.svenskakyrkan.se\/vandravagen\/files\/2025\/01\/soloman-sheba-880-135139911.jpg 880w, https:\/\/blogg.svenskakyrkan.se\/vandravagen\/files\/2025\/01\/soloman-sheba-880-135139911-300x188.jpg 300w, https:\/\/blogg.svenskakyrkan.se\/vandravagen\/files\/2025\/01\/soloman-sheba-880-135139911-768x480.jpg 768w\" sizes=\"auto, (max-width: 880px) 100vw, 880px\" \/><figcaption class=\"wp-element-caption\">Ocks\u00e5 drottningen av Saba. Lite mer \u00f6stligt skildrat.<\/figcaption><\/figure>\n\n\n\n<p>Detta med att avbilda drottningen av Saba som svart har ocks\u00e5 haft stor betydelse f\u00f6r m\u00e5nga och har s\u00e5 \u00e4ven idag. P\u00e5 en del bilder h\u00e4r ser hon verkligen v\u00e4ldigt vit ut men som ni ser har vi ocks\u00e5 f\u00e5tt med en svart drottning p\u00e5 bild!<\/p>\n\n\n<div id=\"related-posts-block_b96f8c7e3dbd4bd39b5ff77a6ed80bcb\"  class=\"b-related-posts alignfull\">\n    <div class=\"acf-innerblocks-container\">\n\n<h2 class=\"wp-block-heading\">Liknande inl\u00e4gg<\/h2>\n\n<\/div>\n    \n    \n    <div class=\"wp-block-query alignfull is-layout-flow wp-block-query-is-layout-flow\">\n        <ul class=\"is-flex-container columns-3 alignfull related-posts__content wp-block-post-template is-layout-flow wp-block-post-template-is-layout-flow\"><li class=\"wp-block-post post-10777 post type-post status-publish format-standard has-post-thumbnail hentry category-historia category-skapelseteologi category-teologi tag-25-mars tag-bibeln tag-datum tag-jesus tag-jul tag-jungfru-marie-bebadelsedag tag-korsfastelse tag-kristen tag-kristen-tro tag-kyrka tag-kyrkan tag-langfredag tag-lilja tag-maria tag-pask tag-predikan tag-skapelse tag-skapelsen tag-vardagjamning\">\n            \n            <div class=\"wp-block-group post__content is-layout-flow wp-block-group-is-layout-flow\">\n                <figure style=\"margin-bottom:var(--wp--preset--spacing--50);\" class=\"wp-block-post-featured-image\"><a href=\"https:\/\/blogg.svenskakyrkan.se\/vandravagen\/2026\/04\/02\/25-mars-varldens-viktigaste-datum\/\" target=\"_self\"  ><img loading=\"lazy\" decoding=\"async\" width=\"949\" height=\"1648\" src=\"https:\/\/blogg.svenskakyrkan.se\/vandravagen\/files\/2026\/03\/maria.jpg\" class=\"attachment-post-thumbnail size-post-thumbnail wp-post-image\" alt=\"25 mars, v\u00e4rldens viktigaste datum\" style=\"object-fit:cover;\" srcset=\"https:\/\/blogg.svenskakyrkan.se\/vandravagen\/files\/2026\/03\/maria.jpg 949w, https:\/\/blogg.svenskakyrkan.se\/vandravagen\/files\/2026\/03\/maria-300x521.jpg 300w, https:\/\/blogg.svenskakyrkan.se\/vandravagen\/files\/2026\/03\/maria-768x1334.jpg 768w, https:\/\/blogg.svenskakyrkan.se\/vandravagen\/files\/2026\/03\/maria-885x1536.jpg 885w\" sizes=\"auto, (max-width: 949px) 100vw, 949px\" \/><\/a><\/figure>\n                <h2 class=\"wp-block-post-title has-h-3-font-size\"><a href=\"https:\/\/blogg.svenskakyrkan.se\/vandravagen\/2026\/04\/02\/25-mars-varldens-viktigaste-datum\/\" target=\"_self\" >25 mars, v\u00e4rldens viktigaste datum<\/a><\/h2>\n                <div class=\"wp-block-post-date\"><time datetime=\"2026-04-02T11:15:52+02:00\">2 april, 2026<\/time><\/div>\n                <div class=\"wp-block-post-excerpt\"><p class=\"wp-block-post-excerpt__excerpt\">Om teologin och almanackan dagarna kring v\u00e5rdagj\u00e4mningen<\/p><\/div>\n            <\/div>\n            \n        <\/li><li class=\"wp-block-post post-10681 post type-post status-publish format-standard has-post-thumbnail hentry category-bibel category-bibeln category-film category-historia tag-anakin tag-betlehem tag-bibeln tag-david tag-jesus tag-jul tag-kristen tag-kristen-tro tag-kung-david tag-kyrka tag-kyrkan tag-luke tag-oken tag-plats tag-rakel tag-rut tag-ruth tag-skywalker tag-tatooine\">\n            \n            <div class=\"wp-block-group post__content is-layout-flow wp-block-group-is-layout-flow\">\n                <figure style=\"margin-bottom:var(--wp--preset--spacing--50);\" class=\"wp-block-post-featured-image\"><a href=\"https:\/\/blogg.svenskakyrkan.se\/vandravagen\/2026\/03\/06\/betlehem-ar-bibelns-tatooine\/\" target=\"_self\"  ><img loading=\"lazy\" decoding=\"async\" width=\"1265\" height=\"631\" src=\"https:\/\/blogg.svenskakyrkan.se\/vandravagen\/files\/2026\/03\/cylonka.jpg\" class=\"attachment-post-thumbnail size-post-thumbnail wp-post-image\" alt=\"Betlehem \u00e4r bibelns Tatooine\" style=\"object-fit:cover;\" srcset=\"https:\/\/blogg.svenskakyrkan.se\/vandravagen\/files\/2026\/03\/cylonka.jpg 1265w, https:\/\/blogg.svenskakyrkan.se\/vandravagen\/files\/2026\/03\/cylonka-300x150.jpg 300w, https:\/\/blogg.svenskakyrkan.se\/vandravagen\/files\/2026\/03\/cylonka-1024x511.jpg 1024w, https:\/\/blogg.svenskakyrkan.se\/vandravagen\/files\/2026\/03\/cylonka-768x383.jpg 768w, https:\/\/blogg.svenskakyrkan.se\/vandravagen\/files\/2026\/03\/cylonka-1200x599.jpg 1200w\" sizes=\"auto, (max-width: 1265px) 100vw, 1265px\" \/><\/a><\/figure>\n                <h2 class=\"wp-block-post-title has-h-3-font-size\"><a href=\"https:\/\/blogg.svenskakyrkan.se\/vandravagen\/2026\/03\/06\/betlehem-ar-bibelns-tatooine\/\" target=\"_self\" >Betlehem \u00e4r bibelns Tatooine<\/a><\/h2>\n                <div class=\"wp-block-post-date\"><time datetime=\"2026-03-06T13:25:48+01:00\">6 mars, 2026<\/time><\/div>\n                <div class=\"wp-block-post-excerpt\"><p class=\"wp-block-post-excerpt__excerpt\">En plats d\u00e4r man varit f\u00f6rut!<\/p><\/div>\n            <\/div>\n            \n        <\/li><li class=\"wp-block-post post-10707 post type-post status-publish format-standard has-post-thumbnail hentry category-historia category-teologi category-tro tag-aterforena tag-augustinus tag-betydelse tag-betyder tag-bibeln tag-cicero tag-innebord tag-jesus tag-kristen tag-kristen-tro tag-kyrka tag-kyrkan tag-religion\">\n            \n            <div class=\"wp-block-group post__content is-layout-flow wp-block-group-is-layout-flow\">\n                <figure style=\"margin-bottom:var(--wp--preset--spacing--50);\" class=\"wp-block-post-featured-image\"><a href=\"https:\/\/blogg.svenskakyrkan.se\/vandravagen\/2026\/02\/04\/vad-betyder-ordet-religion\/\" target=\"_self\"  ><img loading=\"lazy\" decoding=\"async\" width=\"1582\" height=\"2048\" src=\"https:\/\/blogg.svenskakyrkan.se\/vandravagen\/files\/2026\/01\/paulus-omvandelse.jpg\" class=\"attachment-post-thumbnail size-post-thumbnail wp-post-image\" alt=\"Vad betyder ordet &#8221;religion&#8221;?\" style=\"object-fit:cover;\" srcset=\"https:\/\/blogg.svenskakyrkan.se\/vandravagen\/files\/2026\/01\/paulus-omvandelse.jpg 1582w, https:\/\/blogg.svenskakyrkan.se\/vandravagen\/files\/2026\/01\/paulus-omvandelse-300x388.jpg 300w, https:\/\/blogg.svenskakyrkan.se\/vandravagen\/files\/2026\/01\/paulus-omvandelse-1024x1326.jpg 1024w, https:\/\/blogg.svenskakyrkan.se\/vandravagen\/files\/2026\/01\/paulus-omvandelse-768x994.jpg 768w, https:\/\/blogg.svenskakyrkan.se\/vandravagen\/files\/2026\/01\/paulus-omvandelse-1187x1536.jpg 1187w, https:\/\/blogg.svenskakyrkan.se\/vandravagen\/files\/2026\/01\/paulus-omvandelse-1200x1553.jpg 1200w\" sizes=\"auto, (max-width: 1582px) 100vw, 1582px\" \/><\/a><\/figure>\n                <h2 class=\"wp-block-post-title has-h-3-font-size\"><a href=\"https:\/\/blogg.svenskakyrkan.se\/vandravagen\/2026\/02\/04\/vad-betyder-ordet-religion\/\" target=\"_self\" >Vad betyder ordet &#8221;religion&#8221;?<\/a><\/h2>\n                <div class=\"wp-block-post-date\"><time datetime=\"2026-02-04T14:03:11+01:00\">4 februari, 2026<\/time><\/div>\n                <div class=\"wp-block-post-excerpt\"><p class=\"wp-block-post-excerpt__excerpt\">Ett ord som kan passa i v\u00e5r tid?<\/p><\/div>\n            <\/div>\n            \n        <\/li><\/ul>\n        \n    <\/div>\n    <\/div>\n","protected":false},"excerpt":{"rendered":"<p>Vad vet vi om drottningen av Saba som bes\u00f6ker Salomo Jag skrev nyligen &#8221;Den vise Salomo som bild av Jesus&#8221; om drottningen av Sabas bes\u00f6k hos kung Salomo som en text som utg\u00f6r bakgrund n\u00e4r stj\u00e4rntydarna bes\u00f6ker Jesusbarnet med sina g\u00e5vor. N\u00e4r v\u00e4l drottningen farit hem st\u00e5r det inget mer om henne i bibeln men [&hellip;]<\/p>\n","protected":false},"author":392,"featured_media":10237,"comment_status":"open","ping_status":"open","sticky":false,"template":"","format":"standard","meta":{"_acf_changed":false,"footnotes":""},"categories":[14252,8298,8337],"tags":[84671,83926,84678,84677,84669,84383,84679,84683,84680,83878,84077,84050,84684,83880,83879,83901,83890,84682,84681,84670,84110,84388,83947],"class_list":["post-10232","post","type-post","status-publish","format-standard","has-post-thumbnail","hentry","category-bibel","category-bibeln","category-historia","tag-arabien","tag-bibeln","tag-david","tag-drottningen","tag-drottningen-av-saba","tag-egypten","tag-etiopien","tag-hoga-visan","tag-hudfarg","tag-jesus","tag-josefus","tag-jul","tag-kebra-negast","tag-kristen","tag-kristen-tro","tag-kyrka","tag-kyrkan","tag-origenes","tag-rasism","tag-saba","tag-salomo","tag-vise-man","tag-vishet"],"acf":[],"yoast_head":"<!-- This site is optimized with the Yoast SEO plugin v27.1.1 - https:\/\/yoast.com\/product\/yoast-seo-wordpress\/ -->\n<title>Drottningen av Saba - Vandra V\u00e4gen<\/title>\n<meta name=\"description\" content=\"Drottningen av Saba, vem var hon? Var hon svart? Om vad det st\u00e5r om henne i bibeln och hur man sedan t\u00e4nkt i traditionen.\" \/>\n<meta name=\"robots\" content=\"index, follow, max-snippet:-1, max-image-preview:large, max-video-preview:-1\" \/>\n<link rel=\"canonical\" href=\"https:\/\/blogg.svenskakyrkan.se\/vandravagen\/2025\/01\/02\/drottningen-av-saba\/\" \/>\n<meta property=\"og:locale\" content=\"sv_SE\" \/>\n<meta property=\"og:type\" content=\"article\" \/>\n<meta property=\"og:title\" content=\"Drottningen av Saba - Vandra V\u00e4gen\" \/>\n<meta property=\"og:description\" content=\"Drottningen av Saba, vem var hon? Var hon svart? Om vad det st\u00e5r om henne i bibeln och hur man sedan t\u00e4nkt i traditionen.\" \/>\n<meta property=\"og:url\" content=\"https:\/\/blogg.svenskakyrkan.se\/vandravagen\/2025\/01\/02\/drottningen-av-saba\/\" \/>\n<meta property=\"og:site_name\" content=\"Vandra V\u00e4gen\" \/>\n<meta property=\"article:publisher\" content=\"http:\/\/facebook.com\/vandravagen\" \/>\n<meta property=\"article:published_time\" content=\"2025-01-02T21:18:56+00:00\" \/>\n<meta property=\"article:modified_time\" content=\"2025-01-02T21:18:57+00:00\" \/>\n<meta property=\"og:image\" content=\"http:\/\/blogg.svenskakyrkan.se\/vandravagen\/files\/2025\/01\/queenofsheba960.jpg\" \/>\n\t<meta property=\"og:image:width\" content=\"960\" \/>\n\t<meta property=\"og:image:height\" content=\"640\" \/>\n\t<meta property=\"og:image:type\" content=\"image\/jpeg\" \/>\n<meta name=\"author\" content=\"Tomas Jarvid\" \/>\n<meta name=\"twitter:card\" content=\"summary_large_image\" \/>\n<meta name=\"twitter:creator\" content=\"@fadertomas\" \/>\n<meta name=\"twitter:site\" content=\"@fadertomas\" \/>\n<meta name=\"twitter:label1\" content=\"Skriven av\" \/>\n\t<meta name=\"twitter:data1\" content=\"Tomas Jarvid\" \/>\n\t<meta name=\"twitter:label2\" content=\"Ber\u00e4knad l\u00e4stid\" \/>\n\t<meta name=\"twitter:data2\" content=\"3 minuter\" \/>\n<script type=\"application\/ld+json\" class=\"yoast-schema-graph\">{\"@context\":\"https:\/\/schema.org\",\"@graph\":[{\"@type\":\"Article\",\"@id\":\"https:\/\/blogg.svenskakyrkan.se\/vandravagen\/2025\/01\/02\/drottningen-av-saba\/#article\",\"isPartOf\":{\"@id\":\"https:\/\/blogg.svenskakyrkan.se\/vandravagen\/2025\/01\/02\/drottningen-av-saba\/\"},\"author\":{\"name\":\"Tomas Jarvid\",\"@id\":\"https:\/\/blogg.svenskakyrkan.se\/vandravagen\/#\/schema\/person\/25da02d4f76b137d04291711e2c9fc16\"},\"headline\":\"Drottningen av Saba\",\"datePublished\":\"2025-01-02T21:18:56+00:00\",\"dateModified\":\"2025-01-02T21:18:57+00:00\",\"mainEntityOfPage\":{\"@id\":\"https:\/\/blogg.svenskakyrkan.se\/vandravagen\/2025\/01\/02\/drottningen-av-saba\/\"},\"wordCount\":517,\"commentCount\":2,\"publisher\":{\"@id\":\"https:\/\/blogg.svenskakyrkan.se\/vandravagen\/#organization\"},\"image\":{\"@id\":\"https:\/\/blogg.svenskakyrkan.se\/vandravagen\/2025\/01\/02\/drottningen-av-saba\/#primaryimage\"},\"thumbnailUrl\":\"https:\/\/blogg.svenskakyrkan.se\/vandravagen\/files\/2025\/01\/queenofsheba960.jpg\",\"keywords\":[\"arabien\",\"bibeln\",\"david\",\"drottningen\",\"drottningen av saba\",\"egypten\",\"etiopien\",\"h\u00f6ga visan\",\"hudf\u00e4rg\",\"Jesus\",\"josefus\",\"jul\",\"kebra negast\",\"kristen\",\"kristen tro\",\"kyrka\",\"kyrkan\",\"origenes\",\"rasism\",\"saba\",\"salomo\",\"vise m\u00e4n\",\"vishet\"],\"articleSection\":[\"bibel\",\"Bibeln\",\"historia\"],\"inLanguage\":\"sv-SE\",\"potentialAction\":[{\"@type\":\"CommentAction\",\"name\":\"Comment\",\"target\":[\"https:\/\/blogg.svenskakyrkan.se\/vandravagen\/2025\/01\/02\/drottningen-av-saba\/#respond\"]}]},{\"@type\":\"WebPage\",\"@id\":\"https:\/\/blogg.svenskakyrkan.se\/vandravagen\/2025\/01\/02\/drottningen-av-saba\/\",\"url\":\"https:\/\/blogg.svenskakyrkan.se\/vandravagen\/2025\/01\/02\/drottningen-av-saba\/\",\"name\":\"Drottningen av Saba - Vandra V\u00e4gen\",\"isPartOf\":{\"@id\":\"https:\/\/blogg.svenskakyrkan.se\/vandravagen\/#website\"},\"primaryImageOfPage\":{\"@id\":\"https:\/\/blogg.svenskakyrkan.se\/vandravagen\/2025\/01\/02\/drottningen-av-saba\/#primaryimage\"},\"image\":{\"@id\":\"https:\/\/blogg.svenskakyrkan.se\/vandravagen\/2025\/01\/02\/drottningen-av-saba\/#primaryimage\"},\"thumbnailUrl\":\"https:\/\/blogg.svenskakyrkan.se\/vandravagen\/files\/2025\/01\/queenofsheba960.jpg\",\"datePublished\":\"2025-01-02T21:18:56+00:00\",\"dateModified\":\"2025-01-02T21:18:57+00:00\",\"description\":\"Drottningen av Saba, vem var hon? Var hon svart? Om vad det st\u00e5r om henne i bibeln och hur man sedan t\u00e4nkt i traditionen.\",\"breadcrumb\":{\"@id\":\"https:\/\/blogg.svenskakyrkan.se\/vandravagen\/2025\/01\/02\/drottningen-av-saba\/#breadcrumb\"},\"inLanguage\":\"sv-SE\",\"potentialAction\":[{\"@type\":\"ReadAction\",\"target\":[\"https:\/\/blogg.svenskakyrkan.se\/vandravagen\/2025\/01\/02\/drottningen-av-saba\/\"]}]},{\"@type\":\"ImageObject\",\"inLanguage\":\"sv-SE\",\"@id\":\"https:\/\/blogg.svenskakyrkan.se\/vandravagen\/2025\/01\/02\/drottningen-av-saba\/#primaryimage\",\"url\":\"https:\/\/blogg.svenskakyrkan.se\/vandravagen\/files\/2025\/01\/queenofsheba960.jpg\",\"contentUrl\":\"https:\/\/blogg.svenskakyrkan.se\/vandravagen\/files\/2025\/01\/queenofsheba960.jpg\",\"width\":960,\"height\":640},{\"@type\":\"BreadcrumbList\",\"@id\":\"https:\/\/blogg.svenskakyrkan.se\/vandravagen\/2025\/01\/02\/drottningen-av-saba\/#breadcrumb\",\"itemListElement\":[{\"@type\":\"ListItem\",\"position\":1,\"name\":\"Hem\",\"item\":\"https:\/\/blogg.svenskakyrkan.se\/vandravagen\/\"},{\"@type\":\"ListItem\",\"position\":2,\"name\":\"arabien\",\"item\":\"https:\/\/blogg.svenskakyrkan.se\/vandravagen\/tag\/arabien\/\"},{\"@type\":\"ListItem\",\"position\":3,\"name\":\"Drottningen av Saba\"}]},{\"@type\":\"WebSite\",\"@id\":\"https:\/\/blogg.svenskakyrkan.se\/vandravagen\/#website\",\"url\":\"https:\/\/blogg.svenskakyrkan.se\/vandravagen\/\",\"name\":\"Vandra V\u00e4gen\",\"description\":\"-Mot en tro f\u00f6r hela livet\",\"publisher\":{\"@id\":\"https:\/\/blogg.svenskakyrkan.se\/vandravagen\/#organization\"},\"potentialAction\":[{\"@type\":\"SearchAction\",\"target\":{\"@type\":\"EntryPoint\",\"urlTemplate\":\"https:\/\/blogg.svenskakyrkan.se\/vandravagen\/?s={search_term_string}\"},\"query-input\":{\"@type\":\"PropertyValueSpecification\",\"valueRequired\":true,\"valueName\":\"search_term_string\"}}],\"inLanguage\":\"sv-SE\"},{\"@type\":\"Organization\",\"@id\":\"https:\/\/blogg.svenskakyrkan.se\/vandravagen\/#organization\",\"name\":\"ulricehamns pastorat\",\"alternateName\":\"ulricehamns pastorat\",\"url\":\"https:\/\/blogg.svenskakyrkan.se\/vandravagen\/\",\"logo\":{\"@type\":\"ImageObject\",\"inLanguage\":\"sv-SE\",\"@id\":\"https:\/\/blogg.svenskakyrkan.se\/vandravagen\/#\/schema\/logo\/image\/\",\"url\":\"https:\/\/blogg.svenskakyrkan.se\/vandravagen\/files\/2023\/05\/Ulr_logo_RGB.png\",\"contentUrl\":\"https:\/\/blogg.svenskakyrkan.se\/vandravagen\/files\/2023\/05\/Ulr_logo_RGB.png\",\"width\":205,\"height\":77,\"caption\":\"ulricehamns pastorat\"},\"image\":{\"@id\":\"https:\/\/blogg.svenskakyrkan.se\/vandravagen\/#\/schema\/logo\/image\/\"},\"sameAs\":[\"http:\/\/facebook.com\/vandravagen\",\"https:\/\/x.com\/fadertomas\",\"http:\/\/www.facebook.com\/svenskakyrkaniulricehamn\"]},{\"@type\":\"Person\",\"@id\":\"https:\/\/blogg.svenskakyrkan.se\/vandravagen\/#\/schema\/person\/25da02d4f76b137d04291711e2c9fc16\",\"name\":\"Tomas Jarvid\",\"image\":{\"@type\":\"ImageObject\",\"inLanguage\":\"sv-SE\",\"@id\":\"https:\/\/blogg.svenskakyrkan.se\/vandravagen\/#\/schema\/person\/image\/\",\"url\":\"https:\/\/secure.gravatar.com\/avatar\/7fa71899795e8f540f615a1f5ab25255dc27aa40f05ee7ddd21aac521e01bf50?s=96&d=identicon&r=g\",\"contentUrl\":\"https:\/\/secure.gravatar.com\/avatar\/7fa71899795e8f540f615a1f5ab25255dc27aa40f05ee7ddd21aac521e01bf50?s=96&d=identicon&r=g\",\"caption\":\"Tomas Jarvid\"},\"description\":\"Jag bor i Ulricehamn i V\u00e4sterg\u00f6tland och \u00e4r f\u00f6rsamlingspr\u00e4st i Svenska Kyrkan f\u00f6r Dalstorps f\u00f6rsamling i Kinds pastorat. P\u00e5 den h\u00e4r bloggen skriver jag ner tankar om vandringen som kristen.\",\"sameAs\":[\"http:\/\/www.vandravagen.se\"],\"url\":\"https:\/\/blogg.svenskakyrkan.se\/vandravagen\/author\/vandravagen\/\"}]}<\/script>\n<!-- \/ Yoast SEO plugin. -->","yoast_head_json":{"title":"Drottningen av Saba - Vandra V\u00e4gen","description":"Drottningen av Saba, vem var hon? Var hon svart? Om vad det st\u00e5r om henne i bibeln och hur man sedan t\u00e4nkt i traditionen.","robots":{"index":"index","follow":"follow","max-snippet":"max-snippet:-1","max-image-preview":"max-image-preview:large","max-video-preview":"max-video-preview:-1"},"canonical":"https:\/\/blogg.svenskakyrkan.se\/vandravagen\/2025\/01\/02\/drottningen-av-saba\/","og_locale":"sv_SE","og_type":"article","og_title":"Drottningen av Saba - Vandra V\u00e4gen","og_description":"Drottningen av Saba, vem var hon? Var hon svart? Om vad det st\u00e5r om henne i bibeln och hur man sedan t\u00e4nkt i traditionen.","og_url":"https:\/\/blogg.svenskakyrkan.se\/vandravagen\/2025\/01\/02\/drottningen-av-saba\/","og_site_name":"Vandra V\u00e4gen","article_publisher":"http:\/\/facebook.com\/vandravagen","article_published_time":"2025-01-02T21:18:56+00:00","article_modified_time":"2025-01-02T21:18:57+00:00","og_image":[{"width":960,"height":640,"url":"http:\/\/blogg.svenskakyrkan.se\/vandravagen\/files\/2025\/01\/queenofsheba960.jpg","type":"image\/jpeg"}],"author":"Tomas Jarvid","twitter_card":"summary_large_image","twitter_creator":"@fadertomas","twitter_site":"@fadertomas","twitter_misc":{"Skriven av":"Tomas Jarvid","Ber\u00e4knad l\u00e4stid":"3 minuter"},"schema":{"@context":"https:\/\/schema.org","@graph":[{"@type":"Article","@id":"https:\/\/blogg.svenskakyrkan.se\/vandravagen\/2025\/01\/02\/drottningen-av-saba\/#article","isPartOf":{"@id":"https:\/\/blogg.svenskakyrkan.se\/vandravagen\/2025\/01\/02\/drottningen-av-saba\/"},"author":{"name":"Tomas Jarvid","@id":"https:\/\/blogg.svenskakyrkan.se\/vandravagen\/#\/schema\/person\/25da02d4f76b137d04291711e2c9fc16"},"headline":"Drottningen av Saba","datePublished":"2025-01-02T21:18:56+00:00","dateModified":"2025-01-02T21:18:57+00:00","mainEntityOfPage":{"@id":"https:\/\/blogg.svenskakyrkan.se\/vandravagen\/2025\/01\/02\/drottningen-av-saba\/"},"wordCount":517,"commentCount":2,"publisher":{"@id":"https:\/\/blogg.svenskakyrkan.se\/vandravagen\/#organization"},"image":{"@id":"https:\/\/blogg.svenskakyrkan.se\/vandravagen\/2025\/01\/02\/drottningen-av-saba\/#primaryimage"},"thumbnailUrl":"https:\/\/blogg.svenskakyrkan.se\/vandravagen\/files\/2025\/01\/queenofsheba960.jpg","keywords":["arabien","bibeln","david","drottningen","drottningen av saba","egypten","etiopien","h\u00f6ga visan","hudf\u00e4rg","Jesus","josefus","jul","kebra negast","kristen","kristen tro","kyrka","kyrkan","origenes","rasism","saba","salomo","vise m\u00e4n","vishet"],"articleSection":["bibel","Bibeln","historia"],"inLanguage":"sv-SE","potentialAction":[{"@type":"CommentAction","name":"Comment","target":["https:\/\/blogg.svenskakyrkan.se\/vandravagen\/2025\/01\/02\/drottningen-av-saba\/#respond"]}]},{"@type":"WebPage","@id":"https:\/\/blogg.svenskakyrkan.se\/vandravagen\/2025\/01\/02\/drottningen-av-saba\/","url":"https:\/\/blogg.svenskakyrkan.se\/vandravagen\/2025\/01\/02\/drottningen-av-saba\/","name":"Drottningen av Saba - Vandra V\u00e4gen","isPartOf":{"@id":"https:\/\/blogg.svenskakyrkan.se\/vandravagen\/#website"},"primaryImageOfPage":{"@id":"https:\/\/blogg.svenskakyrkan.se\/vandravagen\/2025\/01\/02\/drottningen-av-saba\/#primaryimage"},"image":{"@id":"https:\/\/blogg.svenskakyrkan.se\/vandravagen\/2025\/01\/02\/drottningen-av-saba\/#primaryimage"},"thumbnailUrl":"https:\/\/blogg.svenskakyrkan.se\/vandravagen\/files\/2025\/01\/queenofsheba960.jpg","datePublished":"2025-01-02T21:18:56+00:00","dateModified":"2025-01-02T21:18:57+00:00","description":"Drottningen av Saba, vem var hon? Var hon svart? Om vad det st\u00e5r om henne i bibeln och hur man sedan t\u00e4nkt i traditionen.","breadcrumb":{"@id":"https:\/\/blogg.svenskakyrkan.se\/vandravagen\/2025\/01\/02\/drottningen-av-saba\/#breadcrumb"},"inLanguage":"sv-SE","potentialAction":[{"@type":"ReadAction","target":["https:\/\/blogg.svenskakyrkan.se\/vandravagen\/2025\/01\/02\/drottningen-av-saba\/"]}]},{"@type":"ImageObject","inLanguage":"sv-SE","@id":"https:\/\/blogg.svenskakyrkan.se\/vandravagen\/2025\/01\/02\/drottningen-av-saba\/#primaryimage","url":"https:\/\/blogg.svenskakyrkan.se\/vandravagen\/files\/2025\/01\/queenofsheba960.jpg","contentUrl":"https:\/\/blogg.svenskakyrkan.se\/vandravagen\/files\/2025\/01\/queenofsheba960.jpg","width":960,"height":640},{"@type":"BreadcrumbList","@id":"https:\/\/blogg.svenskakyrkan.se\/vandravagen\/2025\/01\/02\/drottningen-av-saba\/#breadcrumb","itemListElement":[{"@type":"ListItem","position":1,"name":"Hem","item":"https:\/\/blogg.svenskakyrkan.se\/vandravagen\/"},{"@type":"ListItem","position":2,"name":"arabien","item":"https:\/\/blogg.svenskakyrkan.se\/vandravagen\/tag\/arabien\/"},{"@type":"ListItem","position":3,"name":"Drottningen av Saba"}]},{"@type":"WebSite","@id":"https:\/\/blogg.svenskakyrkan.se\/vandravagen\/#website","url":"https:\/\/blogg.svenskakyrkan.se\/vandravagen\/","name":"Vandra V\u00e4gen","description":"-Mot en tro f\u00f6r hela livet","publisher":{"@id":"https:\/\/blogg.svenskakyrkan.se\/vandravagen\/#organization"},"potentialAction":[{"@type":"SearchAction","target":{"@type":"EntryPoint","urlTemplate":"https:\/\/blogg.svenskakyrkan.se\/vandravagen\/?s={search_term_string}"},"query-input":{"@type":"PropertyValueSpecification","valueRequired":true,"valueName":"search_term_string"}}],"inLanguage":"sv-SE"},{"@type":"Organization","@id":"https:\/\/blogg.svenskakyrkan.se\/vandravagen\/#organization","name":"ulricehamns pastorat","alternateName":"ulricehamns pastorat","url":"https:\/\/blogg.svenskakyrkan.se\/vandravagen\/","logo":{"@type":"ImageObject","inLanguage":"sv-SE","@id":"https:\/\/blogg.svenskakyrkan.se\/vandravagen\/#\/schema\/logo\/image\/","url":"https:\/\/blogg.svenskakyrkan.se\/vandravagen\/files\/2023\/05\/Ulr_logo_RGB.png","contentUrl":"https:\/\/blogg.svenskakyrkan.se\/vandravagen\/files\/2023\/05\/Ulr_logo_RGB.png","width":205,"height":77,"caption":"ulricehamns pastorat"},"image":{"@id":"https:\/\/blogg.svenskakyrkan.se\/vandravagen\/#\/schema\/logo\/image\/"},"sameAs":["http:\/\/facebook.com\/vandravagen","https:\/\/x.com\/fadertomas","http:\/\/www.facebook.com\/svenskakyrkaniulricehamn"]},{"@type":"Person","@id":"https:\/\/blogg.svenskakyrkan.se\/vandravagen\/#\/schema\/person\/25da02d4f76b137d04291711e2c9fc16","name":"Tomas Jarvid","image":{"@type":"ImageObject","inLanguage":"sv-SE","@id":"https:\/\/blogg.svenskakyrkan.se\/vandravagen\/#\/schema\/person\/image\/","url":"https:\/\/secure.gravatar.com\/avatar\/7fa71899795e8f540f615a1f5ab25255dc27aa40f05ee7ddd21aac521e01bf50?s=96&d=identicon&r=g","contentUrl":"https:\/\/secure.gravatar.com\/avatar\/7fa71899795e8f540f615a1f5ab25255dc27aa40f05ee7ddd21aac521e01bf50?s=96&d=identicon&r=g","caption":"Tomas Jarvid"},"description":"Jag bor i Ulricehamn i V\u00e4sterg\u00f6tland och \u00e4r f\u00f6rsamlingspr\u00e4st i Svenska Kyrkan f\u00f6r Dalstorps f\u00f6rsamling i Kinds pastorat. P\u00e5 den h\u00e4r bloggen skriver jag ner tankar om vandringen som kristen.","sameAs":["http:\/\/www.vandravagen.se"],"url":"https:\/\/blogg.svenskakyrkan.se\/vandravagen\/author\/vandravagen\/"}]}},"author_meta":{"ID":"392","user_nicename":"vandravagen","user_url":"http:\/\/www.vandravagen.se","user_registered":"2014-05-19 05:44:52","display_name":"Tomas Jarvid","first_name":"Tomas","last_name":"Jarvid","avatar":"https:\/\/secure.gravatar.com\/avatar\/7fa71899795e8f540f615a1f5ab25255dc27aa40f05ee7ddd21aac521e01bf50?s=96&d=identicon&r=g"},"featured_image":["https:\/\/blogg.svenskakyrkan.se\/vandravagen\/files\/2025\/01\/queenofsheba960.jpg",960,640,false],"bloginfo":{"name":"Vandra V\u00e4gen","url":"https:\/\/blogg.svenskakyrkan.se\/vandravagen"},"_links":{"self":[{"href":"https:\/\/blogg.svenskakyrkan.se\/vandravagen\/wp-json\/wp\/v2\/posts\/10232","targetHints":{"allow":["GET"]}}],"collection":[{"href":"https:\/\/blogg.svenskakyrkan.se\/vandravagen\/wp-json\/wp\/v2\/posts"}],"about":[{"href":"https:\/\/blogg.svenskakyrkan.se\/vandravagen\/wp-json\/wp\/v2\/types\/post"}],"author":[{"embeddable":true,"href":"https:\/\/blogg.svenskakyrkan.se\/vandravagen\/wp-json\/wp\/v2\/users\/392"}],"replies":[{"embeddable":true,"href":"https:\/\/blogg.svenskakyrkan.se\/vandravagen\/wp-json\/wp\/v2\/comments?post=10232"}],"version-history":[{"count":3,"href":"https:\/\/blogg.svenskakyrkan.se\/vandravagen\/wp-json\/wp\/v2\/posts\/10232\/revisions"}],"predecessor-version":[{"id":10240,"href":"https:\/\/blogg.svenskakyrkan.se\/vandravagen\/wp-json\/wp\/v2\/posts\/10232\/revisions\/10240"}],"wp:featuredmedia":[{"embeddable":true,"href":"https:\/\/blogg.svenskakyrkan.se\/vandravagen\/wp-json\/wp\/v2\/media\/10237"}],"wp:attachment":[{"href":"https:\/\/blogg.svenskakyrkan.se\/vandravagen\/wp-json\/wp\/v2\/media?parent=10232"}],"wp:term":[{"taxonomy":"category","embeddable":true,"href":"https:\/\/blogg.svenskakyrkan.se\/vandravagen\/wp-json\/wp\/v2\/categories?post=10232"},{"taxonomy":"post_tag","embeddable":true,"href":"https:\/\/blogg.svenskakyrkan.se\/vandravagen\/wp-json\/wp\/v2\/tags?post=10232"}],"curies":[{"name":"wp","href":"https:\/\/api.w.org\/{rel}","templated":true}]}}