{"id":1024,"date":"2012-07-03T23:18:00","date_gmt":"2012-07-03T21:18:00","guid":{"rendered":"http:\/\/blogg.svenskakyrkan.se\/vandravagen\/2012\/07\/03\/tid-for-ingenting-old-news\/"},"modified":"2012-07-03T23:18:00","modified_gmt":"2012-07-03T21:18:00","slug":"tid-for-ingenting-old-news","status":"publish","type":"post","link":"https:\/\/blogg.svenskakyrkan.se\/vandravagen\/2012\/07\/03\/tid-for-ingenting-old-news\/","title":{"rendered":"Tid F\u00f6r Ingenting (old news)"},"content":{"rendered":"<p>Det \u00e4r ju semestertider och mesta delen av tiden n\u00e5r jag mest internet med ajf\u00e5n, det blir inte s\u00e5 mycket bloggat d\u00e5. Det avancerade inl\u00e4gget om det fina i att vara en syndare f\u00e5r v\u00e4nta lite. H\u00e4r kommer i alla fall ett kort fr\u00e5n skolavslutningen f\u00f6r n\u00e5gra veckor sedan. I G\u00f6tene har vi fina relationer till skolorna, vilket vi \u00e4r glada \u00f6ver, och kyrkans medverkan i skolavslutningarna (i kyrkan f\u00f6rst\u00e5s) \u00e4r sj\u00e4lvklar och popul\u00e4r (vilket jag verkligen tycker \u00e4r roligt)!<\/p>\n<table align=\"center\" cellpadding=\"0\" cellspacing=\"0\">\n<tbody>\n<tr>\n<td><a href=\"http:\/\/2.bp.blogspot.com\/-jKnTr_NDOcI\/T_NgmtNph7I\/AAAAAAAAAQg\/cEBzQurFbAE\/s1600\/IMG_0912.JPG\"><img loading=\"lazy\" decoding=\"async\" border=\"0\" height=\"300\" src=\"http:\/\/2.bp.blogspot.com\/-jKnTr_NDOcI\/T_NgmtNph7I\/AAAAAAAAAQg\/cEBzQurFbAE\/s400\/IMG_0912.JPG\" width=\"400\"><\/a><\/td>\n<\/tr>\n<tr>\n<td>Fiske i H\u00f4lmestad kyrka<\/td>\n<\/tr>\n<\/tbody>\n<\/table>\n<p>Bilden visar b\u00f6rjan p\u00e5 \u00e5rets skolavslutnings\u00e4ventyr, med solstolar och metsp\u00f6n och grejer talade jag och Bj\u00f6rn Carlstedt om att det viktigaste inte \u00e4r vad man har att ber\u00e4tta f\u00f6r andra n\u00e4r semestern \u00e4r slut, utan att man hunnit njuta av ledigheten. Det \u00e4r viktigt att ha Tid F\u00f6r Ingenting ocks\u00e5 (TFI). N\u00e5got att ta till sig kanske f\u00f6r b\u00e5de mig och dig? Kanske inget mindre \u00e4n en &#8221;andlig \u00f6vning&#8221;?<\/p>\n","protected":false},"excerpt":{"rendered":"<p>Det \u00e4r ju semestertider och mesta delen av tiden n\u00e5r jag mest internet med ajf\u00e5n, det blir inte s\u00e5 mycket bloggat d\u00e5. Det avancerade inl\u00e4gget om det fina i att vara en syndare f\u00e5r v\u00e4nta lite. H\u00e4r kommer i alla fall ett kort fr\u00e5n skolavslutningen f\u00f6r n\u00e5gra veckor sedan. I G\u00f6tene har vi fina relationer [&hellip;]<\/p>\n","protected":false},"author":392,"featured_media":0,"comment_status":"open","ping_status":"open","sticky":false,"template":"","format":"standard","meta":{"_acf_changed":false,"footnotes":""},"categories":[76369],"tags":[],"class_list":["post-1024","post","type-post","status-publish","format-standard","hentry","category-andlig-ovning"],"acf":[],"yoast_head":"<!-- This site is optimized with the Yoast SEO plugin v27.1.1 - https:\/\/yoast.com\/product\/yoast-seo-wordpress\/ -->\n<title>Tid F\u00f6r Ingenting (old news) - Vandra V\u00e4gen<\/title>\n<meta name=\"robots\" content=\"index, follow, max-snippet:-1, max-image-preview:large, max-video-preview:-1\" \/>\n<link rel=\"canonical\" href=\"https:\/\/blogg.svenskakyrkan.se\/vandravagen\/2012\/07\/03\/tid-for-ingenting-old-news\/\" \/>\n<meta property=\"og:locale\" content=\"sv_SE\" \/>\n<meta property=\"og:type\" content=\"article\" \/>\n<meta property=\"og:title\" content=\"Tid F\u00f6r Ingenting (old news) - Vandra V\u00e4gen\" \/>\n<meta property=\"og:description\" content=\"Det \u00e4r ju semestertider och mesta delen av tiden n\u00e5r jag mest internet med ajf\u00e5n, det blir inte s\u00e5 mycket bloggat d\u00e5. Det avancerade inl\u00e4gget om det fina i att vara en syndare f\u00e5r v\u00e4nta lite. H\u00e4r kommer i alla fall ett kort fr\u00e5n skolavslutningen f\u00f6r n\u00e5gra veckor sedan. I G\u00f6tene har vi fina relationer [&hellip;]\" \/>\n<meta property=\"og:url\" content=\"https:\/\/blogg.svenskakyrkan.se\/vandravagen\/2012\/07\/03\/tid-for-ingenting-old-news\/\" \/>\n<meta property=\"og:site_name\" content=\"Vandra V\u00e4gen\" \/>\n<meta property=\"article:publisher\" content=\"http:\/\/facebook.com\/vandravagen\" \/>\n<meta property=\"article:published_time\" content=\"2012-07-03T21:18:00+00:00\" \/>\n<meta property=\"og:image\" content=\"http:\/\/2.bp.blogspot.com\/-jKnTr_NDOcI\/T_NgmtNph7I\/AAAAAAAAAQg\/cEBzQurFbAE\/s400\/IMG_0912.JPG\" \/>\n<meta name=\"author\" content=\"Tomas Jarvid\" \/>\n<meta name=\"twitter:card\" content=\"summary_large_image\" \/>\n<meta name=\"twitter:creator\" content=\"@fadertomas\" \/>\n<meta name=\"twitter:site\" content=\"@fadertomas\" \/>\n<meta name=\"twitter:label1\" content=\"Skriven av\" \/>\n\t<meta name=\"twitter:data1\" content=\"Tomas Jarvid\" \/>\n\t<meta name=\"twitter:label2\" content=\"Ber\u00e4knad l\u00e4stid\" \/>\n\t<meta name=\"twitter:data2\" content=\"1 minut\" \/>\n<script type=\"application\/ld+json\" class=\"yoast-schema-graph\">{\"@context\":\"https:\/\/schema.org\",\"@graph\":[{\"@type\":\"Article\",\"@id\":\"https:\/\/blogg.svenskakyrkan.se\/vandravagen\/2012\/07\/03\/tid-for-ingenting-old-news\/#article\",\"isPartOf\":{\"@id\":\"https:\/\/blogg.svenskakyrkan.se\/vandravagen\/2012\/07\/03\/tid-for-ingenting-old-news\/\"},\"author\":{\"name\":\"Tomas Jarvid\",\"@id\":\"https:\/\/blogg.svenskakyrkan.se\/vandravagen\/#\/schema\/person\/25da02d4f76b137d04291711e2c9fc16\"},\"headline\":\"Tid F\u00f6r Ingenting (old news)\",\"datePublished\":\"2012-07-03T21:18:00+00:00\",\"mainEntityOfPage\":{\"@id\":\"https:\/\/blogg.svenskakyrkan.se\/vandravagen\/2012\/07\/03\/tid-for-ingenting-old-news\/\"},\"wordCount\":185,\"commentCount\":0,\"publisher\":{\"@id\":\"https:\/\/blogg.svenskakyrkan.se\/vandravagen\/#organization\"},\"image\":{\"@id\":\"https:\/\/blogg.svenskakyrkan.se\/vandravagen\/2012\/07\/03\/tid-for-ingenting-old-news\/#primaryimage\"},\"thumbnailUrl\":\"http:\/\/2.bp.blogspot.com\/-jKnTr_NDOcI\/T_NgmtNph7I\/AAAAAAAAAQg\/cEBzQurFbAE\/s400\/IMG_0912.JPG\",\"articleSection\":[\"andlig \u00f6vning\"],\"inLanguage\":\"sv-SE\",\"potentialAction\":[{\"@type\":\"CommentAction\",\"name\":\"Comment\",\"target\":[\"https:\/\/blogg.svenskakyrkan.se\/vandravagen\/2012\/07\/03\/tid-for-ingenting-old-news\/#respond\"]}]},{\"@type\":\"WebPage\",\"@id\":\"https:\/\/blogg.svenskakyrkan.se\/vandravagen\/2012\/07\/03\/tid-for-ingenting-old-news\/\",\"url\":\"https:\/\/blogg.svenskakyrkan.se\/vandravagen\/2012\/07\/03\/tid-for-ingenting-old-news\/\",\"name\":\"Tid F\u00f6r Ingenting (old news) - Vandra V\u00e4gen\",\"isPartOf\":{\"@id\":\"https:\/\/blogg.svenskakyrkan.se\/vandravagen\/#website\"},\"primaryImageOfPage\":{\"@id\":\"https:\/\/blogg.svenskakyrkan.se\/vandravagen\/2012\/07\/03\/tid-for-ingenting-old-news\/#primaryimage\"},\"image\":{\"@id\":\"https:\/\/blogg.svenskakyrkan.se\/vandravagen\/2012\/07\/03\/tid-for-ingenting-old-news\/#primaryimage\"},\"thumbnailUrl\":\"http:\/\/2.bp.blogspot.com\/-jKnTr_NDOcI\/T_NgmtNph7I\/AAAAAAAAAQg\/cEBzQurFbAE\/s400\/IMG_0912.JPG\",\"datePublished\":\"2012-07-03T21:18:00+00:00\",\"breadcrumb\":{\"@id\":\"https:\/\/blogg.svenskakyrkan.se\/vandravagen\/2012\/07\/03\/tid-for-ingenting-old-news\/#breadcrumb\"},\"inLanguage\":\"sv-SE\",\"potentialAction\":[{\"@type\":\"ReadAction\",\"target\":[\"https:\/\/blogg.svenskakyrkan.se\/vandravagen\/2012\/07\/03\/tid-for-ingenting-old-news\/\"]}]},{\"@type\":\"ImageObject\",\"inLanguage\":\"sv-SE\",\"@id\":\"https:\/\/blogg.svenskakyrkan.se\/vandravagen\/2012\/07\/03\/tid-for-ingenting-old-news\/#primaryimage\",\"url\":\"http:\/\/2.bp.blogspot.com\/-jKnTr_NDOcI\/T_NgmtNph7I\/AAAAAAAAAQg\/cEBzQurFbAE\/s400\/IMG_0912.JPG\",\"contentUrl\":\"http:\/\/2.bp.blogspot.com\/-jKnTr_NDOcI\/T_NgmtNph7I\/AAAAAAAAAQg\/cEBzQurFbAE\/s400\/IMG_0912.JPG\"},{\"@type\":\"BreadcrumbList\",\"@id\":\"https:\/\/blogg.svenskakyrkan.se\/vandravagen\/2012\/07\/03\/tid-for-ingenting-old-news\/#breadcrumb\",\"itemListElement\":[{\"@type\":\"ListItem\",\"position\":1,\"name\":\"Hem\",\"item\":\"https:\/\/blogg.svenskakyrkan.se\/vandravagen\/\"},{\"@type\":\"ListItem\",\"position\":2,\"name\":\"Tid F\u00f6r Ingenting (old news)\"}]},{\"@type\":\"WebSite\",\"@id\":\"https:\/\/blogg.svenskakyrkan.se\/vandravagen\/#website\",\"url\":\"https:\/\/blogg.svenskakyrkan.se\/vandravagen\/\",\"name\":\"Vandra V\u00e4gen\",\"description\":\"-Mot en tro f\u00f6r hela livet\",\"publisher\":{\"@id\":\"https:\/\/blogg.svenskakyrkan.se\/vandravagen\/#organization\"},\"potentialAction\":[{\"@type\":\"SearchAction\",\"target\":{\"@type\":\"EntryPoint\",\"urlTemplate\":\"https:\/\/blogg.svenskakyrkan.se\/vandravagen\/?s={search_term_string}\"},\"query-input\":{\"@type\":\"PropertyValueSpecification\",\"valueRequired\":true,\"valueName\":\"search_term_string\"}}],\"inLanguage\":\"sv-SE\"},{\"@type\":\"Organization\",\"@id\":\"https:\/\/blogg.svenskakyrkan.se\/vandravagen\/#organization\",\"name\":\"ulricehamns pastorat\",\"alternateName\":\"ulricehamns pastorat\",\"url\":\"https:\/\/blogg.svenskakyrkan.se\/vandravagen\/\",\"logo\":{\"@type\":\"ImageObject\",\"inLanguage\":\"sv-SE\",\"@id\":\"https:\/\/blogg.svenskakyrkan.se\/vandravagen\/#\/schema\/logo\/image\/\",\"url\":\"https:\/\/blogg.svenskakyrkan.se\/vandravagen\/files\/2023\/05\/Ulr_logo_RGB.png\",\"contentUrl\":\"https:\/\/blogg.svenskakyrkan.se\/vandravagen\/files\/2023\/05\/Ulr_logo_RGB.png\",\"width\":205,\"height\":77,\"caption\":\"ulricehamns pastorat\"},\"image\":{\"@id\":\"https:\/\/blogg.svenskakyrkan.se\/vandravagen\/#\/schema\/logo\/image\/\"},\"sameAs\":[\"http:\/\/facebook.com\/vandravagen\",\"https:\/\/x.com\/fadertomas\",\"http:\/\/www.facebook.com\/svenskakyrkaniulricehamn\"]},{\"@type\":\"Person\",\"@id\":\"https:\/\/blogg.svenskakyrkan.se\/vandravagen\/#\/schema\/person\/25da02d4f76b137d04291711e2c9fc16\",\"name\":\"Tomas Jarvid\",\"image\":{\"@type\":\"ImageObject\",\"inLanguage\":\"sv-SE\",\"@id\":\"https:\/\/blogg.svenskakyrkan.se\/vandravagen\/#\/schema\/person\/image\/\",\"url\":\"https:\/\/secure.gravatar.com\/avatar\/7fa71899795e8f540f615a1f5ab25255dc27aa40f05ee7ddd21aac521e01bf50?s=96&d=identicon&r=g\",\"contentUrl\":\"https:\/\/secure.gravatar.com\/avatar\/7fa71899795e8f540f615a1f5ab25255dc27aa40f05ee7ddd21aac521e01bf50?s=96&d=identicon&r=g\",\"caption\":\"Tomas Jarvid\"},\"description\":\"Jag bor i Ulricehamn i V\u00e4sterg\u00f6tland och \u00e4r f\u00f6rsamlingspr\u00e4st i Svenska Kyrkan f\u00f6r Dalstorps f\u00f6rsamling i Kinds pastorat. P\u00e5 den h\u00e4r bloggen skriver jag ner tankar om vandringen som kristen.\",\"sameAs\":[\"http:\/\/www.vandravagen.se\"],\"url\":\"https:\/\/blogg.svenskakyrkan.se\/vandravagen\/author\/vandravagen\/\"}]}<\/script>\n<!-- \/ Yoast SEO plugin. -->","yoast_head_json":{"title":"Tid F\u00f6r Ingenting (old news) - Vandra V\u00e4gen","robots":{"index":"index","follow":"follow","max-snippet":"max-snippet:-1","max-image-preview":"max-image-preview:large","max-video-preview":"max-video-preview:-1"},"canonical":"https:\/\/blogg.svenskakyrkan.se\/vandravagen\/2012\/07\/03\/tid-for-ingenting-old-news\/","og_locale":"sv_SE","og_type":"article","og_title":"Tid F\u00f6r Ingenting (old news) - Vandra V\u00e4gen","og_description":"Det \u00e4r ju semestertider och mesta delen av tiden n\u00e5r jag mest internet med ajf\u00e5n, det blir inte s\u00e5 mycket bloggat d\u00e5. Det avancerade inl\u00e4gget om det fina i att vara en syndare f\u00e5r v\u00e4nta lite. H\u00e4r kommer i alla fall ett kort fr\u00e5n skolavslutningen f\u00f6r n\u00e5gra veckor sedan. I G\u00f6tene har vi fina relationer [&hellip;]","og_url":"https:\/\/blogg.svenskakyrkan.se\/vandravagen\/2012\/07\/03\/tid-for-ingenting-old-news\/","og_site_name":"Vandra V\u00e4gen","article_publisher":"http:\/\/facebook.com\/vandravagen","article_published_time":"2012-07-03T21:18:00+00:00","og_image":[{"url":"http:\/\/2.bp.blogspot.com\/-jKnTr_NDOcI\/T_NgmtNph7I\/AAAAAAAAAQg\/cEBzQurFbAE\/s400\/IMG_0912.JPG","type":"","width":"","height":""}],"author":"Tomas Jarvid","twitter_card":"summary_large_image","twitter_creator":"@fadertomas","twitter_site":"@fadertomas","twitter_misc":{"Skriven av":"Tomas Jarvid","Ber\u00e4knad l\u00e4stid":"1 minut"},"schema":{"@context":"https:\/\/schema.org","@graph":[{"@type":"Article","@id":"https:\/\/blogg.svenskakyrkan.se\/vandravagen\/2012\/07\/03\/tid-for-ingenting-old-news\/#article","isPartOf":{"@id":"https:\/\/blogg.svenskakyrkan.se\/vandravagen\/2012\/07\/03\/tid-for-ingenting-old-news\/"},"author":{"name":"Tomas Jarvid","@id":"https:\/\/blogg.svenskakyrkan.se\/vandravagen\/#\/schema\/person\/25da02d4f76b137d04291711e2c9fc16"},"headline":"Tid F\u00f6r Ingenting (old news)","datePublished":"2012-07-03T21:18:00+00:00","mainEntityOfPage":{"@id":"https:\/\/blogg.svenskakyrkan.se\/vandravagen\/2012\/07\/03\/tid-for-ingenting-old-news\/"},"wordCount":185,"commentCount":0,"publisher":{"@id":"https:\/\/blogg.svenskakyrkan.se\/vandravagen\/#organization"},"image":{"@id":"https:\/\/blogg.svenskakyrkan.se\/vandravagen\/2012\/07\/03\/tid-for-ingenting-old-news\/#primaryimage"},"thumbnailUrl":"http:\/\/2.bp.blogspot.com\/-jKnTr_NDOcI\/T_NgmtNph7I\/AAAAAAAAAQg\/cEBzQurFbAE\/s400\/IMG_0912.JPG","articleSection":["andlig \u00f6vning"],"inLanguage":"sv-SE","potentialAction":[{"@type":"CommentAction","name":"Comment","target":["https:\/\/blogg.svenskakyrkan.se\/vandravagen\/2012\/07\/03\/tid-for-ingenting-old-news\/#respond"]}]},{"@type":"WebPage","@id":"https:\/\/blogg.svenskakyrkan.se\/vandravagen\/2012\/07\/03\/tid-for-ingenting-old-news\/","url":"https:\/\/blogg.svenskakyrkan.se\/vandravagen\/2012\/07\/03\/tid-for-ingenting-old-news\/","name":"Tid F\u00f6r Ingenting (old news) - Vandra V\u00e4gen","isPartOf":{"@id":"https:\/\/blogg.svenskakyrkan.se\/vandravagen\/#website"},"primaryImageOfPage":{"@id":"https:\/\/blogg.svenskakyrkan.se\/vandravagen\/2012\/07\/03\/tid-for-ingenting-old-news\/#primaryimage"},"image":{"@id":"https:\/\/blogg.svenskakyrkan.se\/vandravagen\/2012\/07\/03\/tid-for-ingenting-old-news\/#primaryimage"},"thumbnailUrl":"http:\/\/2.bp.blogspot.com\/-jKnTr_NDOcI\/T_NgmtNph7I\/AAAAAAAAAQg\/cEBzQurFbAE\/s400\/IMG_0912.JPG","datePublished":"2012-07-03T21:18:00+00:00","breadcrumb":{"@id":"https:\/\/blogg.svenskakyrkan.se\/vandravagen\/2012\/07\/03\/tid-for-ingenting-old-news\/#breadcrumb"},"inLanguage":"sv-SE","potentialAction":[{"@type":"ReadAction","target":["https:\/\/blogg.svenskakyrkan.se\/vandravagen\/2012\/07\/03\/tid-for-ingenting-old-news\/"]}]},{"@type":"ImageObject","inLanguage":"sv-SE","@id":"https:\/\/blogg.svenskakyrkan.se\/vandravagen\/2012\/07\/03\/tid-for-ingenting-old-news\/#primaryimage","url":"http:\/\/2.bp.blogspot.com\/-jKnTr_NDOcI\/T_NgmtNph7I\/AAAAAAAAAQg\/cEBzQurFbAE\/s400\/IMG_0912.JPG","contentUrl":"http:\/\/2.bp.blogspot.com\/-jKnTr_NDOcI\/T_NgmtNph7I\/AAAAAAAAAQg\/cEBzQurFbAE\/s400\/IMG_0912.JPG"},{"@type":"BreadcrumbList","@id":"https:\/\/blogg.svenskakyrkan.se\/vandravagen\/2012\/07\/03\/tid-for-ingenting-old-news\/#breadcrumb","itemListElement":[{"@type":"ListItem","position":1,"name":"Hem","item":"https:\/\/blogg.svenskakyrkan.se\/vandravagen\/"},{"@type":"ListItem","position":2,"name":"Tid F\u00f6r Ingenting (old news)"}]},{"@type":"WebSite","@id":"https:\/\/blogg.svenskakyrkan.se\/vandravagen\/#website","url":"https:\/\/blogg.svenskakyrkan.se\/vandravagen\/","name":"Vandra V\u00e4gen","description":"-Mot en tro f\u00f6r hela livet","publisher":{"@id":"https:\/\/blogg.svenskakyrkan.se\/vandravagen\/#organization"},"potentialAction":[{"@type":"SearchAction","target":{"@type":"EntryPoint","urlTemplate":"https:\/\/blogg.svenskakyrkan.se\/vandravagen\/?s={search_term_string}"},"query-input":{"@type":"PropertyValueSpecification","valueRequired":true,"valueName":"search_term_string"}}],"inLanguage":"sv-SE"},{"@type":"Organization","@id":"https:\/\/blogg.svenskakyrkan.se\/vandravagen\/#organization","name":"ulricehamns pastorat","alternateName":"ulricehamns pastorat","url":"https:\/\/blogg.svenskakyrkan.se\/vandravagen\/","logo":{"@type":"ImageObject","inLanguage":"sv-SE","@id":"https:\/\/blogg.svenskakyrkan.se\/vandravagen\/#\/schema\/logo\/image\/","url":"https:\/\/blogg.svenskakyrkan.se\/vandravagen\/files\/2023\/05\/Ulr_logo_RGB.png","contentUrl":"https:\/\/blogg.svenskakyrkan.se\/vandravagen\/files\/2023\/05\/Ulr_logo_RGB.png","width":205,"height":77,"caption":"ulricehamns pastorat"},"image":{"@id":"https:\/\/blogg.svenskakyrkan.se\/vandravagen\/#\/schema\/logo\/image\/"},"sameAs":["http:\/\/facebook.com\/vandravagen","https:\/\/x.com\/fadertomas","http:\/\/www.facebook.com\/svenskakyrkaniulricehamn"]},{"@type":"Person","@id":"https:\/\/blogg.svenskakyrkan.se\/vandravagen\/#\/schema\/person\/25da02d4f76b137d04291711e2c9fc16","name":"Tomas Jarvid","image":{"@type":"ImageObject","inLanguage":"sv-SE","@id":"https:\/\/blogg.svenskakyrkan.se\/vandravagen\/#\/schema\/person\/image\/","url":"https:\/\/secure.gravatar.com\/avatar\/7fa71899795e8f540f615a1f5ab25255dc27aa40f05ee7ddd21aac521e01bf50?s=96&d=identicon&r=g","contentUrl":"https:\/\/secure.gravatar.com\/avatar\/7fa71899795e8f540f615a1f5ab25255dc27aa40f05ee7ddd21aac521e01bf50?s=96&d=identicon&r=g","caption":"Tomas Jarvid"},"description":"Jag bor i Ulricehamn i V\u00e4sterg\u00f6tland och \u00e4r f\u00f6rsamlingspr\u00e4st i Svenska Kyrkan f\u00f6r Dalstorps f\u00f6rsamling i Kinds pastorat. P\u00e5 den h\u00e4r bloggen skriver jag ner tankar om vandringen som kristen.","sameAs":["http:\/\/www.vandravagen.se"],"url":"https:\/\/blogg.svenskakyrkan.se\/vandravagen\/author\/vandravagen\/"}]}},"author_meta":{"ID":"392","user_nicename":"vandravagen","user_url":"http:\/\/www.vandravagen.se","user_registered":"2014-05-19 05:44:52","display_name":"Tomas Jarvid","first_name":"Tomas","last_name":"Jarvid","avatar":"https:\/\/secure.gravatar.com\/avatar\/7fa71899795e8f540f615a1f5ab25255dc27aa40f05ee7ddd21aac521e01bf50?s=96&d=identicon&r=g"},"featured_image":false,"bloginfo":{"name":"Vandra V\u00e4gen","url":"https:\/\/blogg.svenskakyrkan.se\/vandravagen"},"_links":{"self":[{"href":"https:\/\/blogg.svenskakyrkan.se\/vandravagen\/wp-json\/wp\/v2\/posts\/1024","targetHints":{"allow":["GET"]}}],"collection":[{"href":"https:\/\/blogg.svenskakyrkan.se\/vandravagen\/wp-json\/wp\/v2\/posts"}],"about":[{"href":"https:\/\/blogg.svenskakyrkan.se\/vandravagen\/wp-json\/wp\/v2\/types\/post"}],"author":[{"embeddable":true,"href":"https:\/\/blogg.svenskakyrkan.se\/vandravagen\/wp-json\/wp\/v2\/users\/392"}],"replies":[{"embeddable":true,"href":"https:\/\/blogg.svenskakyrkan.se\/vandravagen\/wp-json\/wp\/v2\/comments?post=1024"}],"version-history":[{"count":0,"href":"https:\/\/blogg.svenskakyrkan.se\/vandravagen\/wp-json\/wp\/v2\/posts\/1024\/revisions"}],"wp:attachment":[{"href":"https:\/\/blogg.svenskakyrkan.se\/vandravagen\/wp-json\/wp\/v2\/media?parent=1024"}],"wp:term":[{"taxonomy":"category","embeddable":true,"href":"https:\/\/blogg.svenskakyrkan.se\/vandravagen\/wp-json\/wp\/v2\/categories?post=1024"},{"taxonomy":"post_tag","embeddable":true,"href":"https:\/\/blogg.svenskakyrkan.se\/vandravagen\/wp-json\/wp\/v2\/tags?post=1024"}],"curies":[{"name":"wp","href":"https:\/\/api.w.org\/{rel}","templated":true}]}}