{"id":10255,"date":"2025-01-15T21:27:11","date_gmt":"2025-01-15T20:27:11","guid":{"rendered":"https:\/\/blogg.svenskakyrkan.se\/vandravagen\/?p=10255"},"modified":"2025-01-15T21:27:13","modified_gmt":"2025-01-15T20:27:13","slug":"jesus-dop","status":"publish","type":"post","link":"https:\/\/blogg.svenskakyrkan.se\/vandravagen\/2025\/01\/15\/jesus-dop\/","title":{"rendered":"Jesus dop"},"content":{"rendered":"\n<p class=\"is-style-intro\">Varf\u00f6r blir Jesus d\u00f6pt? Och vad har Mose i vassen och Noas ark med Jesus dop att g\u00f6ra?<\/p>\n\n\n\n<p>H\u00e4r \u00e4r min predikan fr\u00e5n s\u00f6ndagen efter trettondagen 2025 i Ulricehamns kyrka. Jag var lite extra stolt att jag fick in den v\u00e4stg\u00f6tska ordet &#8221;b\u00f4s&#8221; i predikan men det st\u00e5r inte med i manuset nedan. Hoppas den \u00e4r till gl\u00e4dje f\u00f6r dig!<\/p>\n\n\n\n<h2 class=\"wp-block-heading\">Varf\u00f6r blir Jesus d\u00f6pt?<\/h2>\n\n\n\n<p>Varf\u00f6r blir Jesus d\u00f6pt? Det \u00e4r fr\u00e5gan. N\u00e4r vi d\u00f6ps s\u00e5 d\u00f6ps vi till gemenskap med Jesus, och det vore ju konstigt om Jesus beh\u00f6vde. N\u00e4r Johannes d\u00f6paren d\u00f6pte s\u00e5 var det ett omv\u00e4ndelsedop. Jag har f\u00e5tt fr\u00e5n Martin Landgren att Johannes f\u00f6rmodligen tog det vanliga judiska bruket att ta rituella bad f\u00f6r att bli rituellt ren och kunna g\u00e5 i templet, och f\u00f6r\u00e4ndrade det till att ta fasta p\u00e5 moralisk omv\u00e4ndelse. Att l\u00e4mna sina synder och b\u00f6rja om.<\/p>\n\n\n\n<p>Men beh\u00f6ver Jesus det? Jesus hade ju inga synder s\u00e4ger vi? Varf\u00f6r skulle han beh\u00f6va d\u00f6pas? Det undrar Johannes ocks\u00e5, vem skulle kunna vara s\u00e5 stor att den kunde d\u00f6pa Jesus? Vi har olika uttalanden fr\u00e5n Johannes i de olika evangelierna och han \u00e4r klar \u00f6ver att Jesus \u00e4r den som \u00e4r st\u00f6rre \u00e4n honom sj\u00e4lv. Han \u00e4r inte v\u00e4rdig att knyta upp hans sandalremmar, hade Johannes varit med p\u00e5 sista m\u00e5ltiden hade han tyckt det var f\u00f6r fint jobb att f\u00e5 tv\u00e4tta Jesus f\u00f6tter.<\/p>\n\n\n\n<h2 class=\"wp-block-heading\">Den som ska rensa den tr\u00f6skade s\u00e4den<\/h2>\n\n\n\n<p>Johannes talar om den som ska komma som en domare. En del \u00e4ldre kanske har koll p\u00e5 tr\u00f6skande, Johannes t\u00e4nker sig att messias \u00e4r som en man som tr\u00f6skat s\u00e4d och slagit p\u00e5 den s\u00e5 k\u00e4rnorna lossar fr\u00e5n agnarna, skalet runt. Sen kastar upp den i luften med en spade och agnarna \u00e4r l\u00e4ttare s\u00e5 de bl\u00e5ser bort vinden s\u00e5 att man bara har vetet kvar. <\/p>\n\n\n\n<p>Det \u00e4r en skr\u00e4mmande bild om vi t\u00e4nker att en del m\u00e4nniskor \u00e4r vete och en del \u00e4r agnar som ska bort. Och det finns andra bibelord vi kan t\u00e4nka p\u00e5 d\u00e5. <\/p>\n\n\n\n<p>Sj\u00e4lv tycker jag det \u00e4r <strong>en hoppfull bild<\/strong> om vi t\u00e4nker att <strong>agnarna \u00e4r v\u00e5ra synder<\/strong> och att Kristus ska komma att skilja oss fr\u00e5n v\u00e5ra synder s\u00e5 att vi kan bli p\u00e5 nytt de Gud skapat oss till. S\u00e4kert en sm\u00e4rtsam process men \u00e4nd\u00e5 en jag vill vara med om.<\/p>\n\n\n\n<p>Det var en liten utvikning. Men varf\u00f6r insisterar Jesus p\u00e5 att bli d\u00f6pt?<\/p>\n\n\n\n<h2 class=\"wp-block-heading\">Tillsammans med hela folket<\/h2>\n\n\n\n<p>I lukasevangeliets version som vi h\u00f6rt betonar man att Jesus d\u00f6ptes tillsammans med hela folket som samlats och det kan vara en nyckel f\u00f6r oss. Det \u00e4r en forts\u00e4ttning p\u00e5 julen d\u00e4r Jesus blir en av oss. Nu forts\u00e4tter han att dela v\u00e5ra villkor och bli en av oss i allt. <\/p>\n\n\n\n<p>De ortodoxa s\u00e4ger att Gud blev som oss f\u00f6r att hj\u00e4lpa oss bli som Gud. I ledarskapsfloskler brukar man s\u00e4ga att skillnaden p\u00e5 en chef och en ledare kommer an p\u00e5 om man inte sitter lugnt i sitt elfenbenstorn utan k\u00e4mpar tillsammans med de man ska leda och visar v\u00e4gen.<\/p>\n\n\n\n<h2 class=\"wp-block-heading\">Moses i vassen<\/h2>\n\n\n\n<p>Varf\u00f6r l\u00e4ser vi d\u00e5 om Moses i vassen i samband med Jesus dop? Det \u00e4r v\u00e4l konstigt?<\/p>\n\n\n\n<p>Farao vill d\u00f6da alla gossebarn bland israeliterna och s\u00e4ger till om att de ska kastas i Nilen. Men Moses blir satt i en korg p\u00e5 vattnet ist\u00e4llet. <\/p>\n\n\n\n<p>Nu ska ni f\u00e5 l\u00e4ra er n\u00e5got som \u00f6ver huvud taget inte m\u00e4rks f\u00f6r oss som l\u00e4ser bibeln p\u00e5 svenska. Hade vi l\u00e4st p\u00e5 hebreiska s\u00e5 hade vi reagerat p\u00e5 den d\u00e4r korgen f\u00f6r <strong>det st\u00e5r inte \u201dkorg\u201d d\u00e4r just utan den kallas f\u00f6r en \u201dark\u201d. <\/strong>Samma ord som Noas ark! <\/p>\n\n\n\n<p>Vi f\u00e5r fundera p\u00e5 likheterna. P\u00e5 Noas tid drunknade m\u00e5nga i vattnet men de i arken klarade sig och fl\u00f6t tills de blev r\u00e4ddade och f\u00f6rde livet vidare. H\u00e4r \u00e4r det den \u00f6vermodige farao som leker gud och vill dr\u00e4nka i vattnet men Mose blir r\u00e4ddad och d\u00e4r finns b\u00f6rjan till r\u00e4ddningen f\u00f6r hela hans folk.<\/p>\n\n\n\n<h2 class=\"wp-block-heading\">Moses namn<\/h2>\n\n\n\n<p>N\u00e4r han tas upp ur korgen f\u00e5r han sitt namn Mose. Vi f\u00e5r en f\u00f6rklaring i bibeltexten om vad det betyder men moderna spr\u00e5kforskare \u00e4r \u00f6verens om att de har fel d\u00e4r. Faraos dotter ger honom f\u00f6rst\u00e5s ett egyptiskt namn och det betyder \u201dson\u201d eller \u201dden som \u00e4r f\u00f6dd\u201d p\u00e5 egyptiska.<\/p>\n\n\n\n<p>Men bibelns f\u00f6rfattare utgick fr\u00e5n vad de tyckte namnet l\u00e4t som och gjorde en egen tolkning till att det handlar om att dra upp. Den som dragits upp ur vattnet. Man kan se symbolik i detta. Vi kan b\u00f6rja med det d\u00e4r med att dra upp. <\/p>\n\n\n\n<p>Mose har ju mer p\u00e5 g\u00e5ng senare, d\u00e5 kommer han bli <strong>den som f\u00f6r hela sitt folk upp<\/strong> ur vattnet torrskodda p\u00e5 andra stranden av s\u00e4vhavet p\u00e5 ett s\u00e4tt som p\u00e5minner om det han varit med om som liten.<\/p>\n\n\n\n<p>Men <strong>han f\u00e5r ocks\u00e5 heta son<\/strong> f\u00f6r prinsessan adopterar honom och g\u00f6r honom till sin son s\u00e5 det passar bra.<\/p>\n\n\n\n<h2 class=\"wp-block-heading\">Adoption av Jesus?<\/h2>\n\n\n\n<p>Tillbaka till Jesus. I den v\u00e4ldigt tidiga kyrkan fanns det grupperingar som kallades <strong>adoptionister<\/strong>. Som t\u00e4nkte att Jesus var en vanlig m\u00e4nniska (mer eller mindre) som i och med dopet blev adopterad till Guds Son och fick sitt uppdrag f\u00f6rst d\u00e5. Det v\u00e4nde sig med tiden alla emot i takt med att treenighetsl\u00e4ran blev mer utarbetad. <\/p>\n\n\n\n<p>Jesus \u00e4r ist\u00e4llet en som alltid varit Gud, f\u00f6dd av Fadern f\u00f6re all tid som det heter i en trosbek\u00e4nnelse. Sonen i treenigheten som har blivit m\u00e4nniska f\u00f6r att r\u00e4dda oss och f\u00f6ra oss hem.<\/p>\n\n\n\n<p>Och vi m\u00e4rker det p\u00e5 s\u00e5dant Jesus s\u00e4ger. Det \u00e4r inte s\u00e5 att han rakt ut deklarerar att \u201djag \u00e4r Gud som blivit m\u00e4nniska\u201d men med massor av olika anspelningar och g\u00e5tor och ledtr\u00e5dar s\u00e5 hintar han om sin gudomlighet. Att s\u00e4ga att man var Messias var i sig ingen h\u00e4delse, de flesta menade att messias skulle vara en vanlig m\u00e4nniska men Jesus g\u00f6r gudomliga anspr\u00e5k och det \u00e4r det som \u00e4r sv\u00e5rt f\u00f6r en del att sm\u00e4lta.<\/p>\n\n\n\n<p>Och det h\u00e4r \u00e4r ett ovanligt tillf\u00e4lle i bibeln d\u00e4r hela treenigheten \u00e4r med! Sonen Jesus, den heliga Anden som en duva och Faderns r\u00f6st fr\u00e5n himlen. Vi har ofta med oss familjen p\u00e5 v\u00e5ra dop och s\u00e5 ocks\u00e5 med Jesus dop tydligen!<\/p>\n\n\n\n<h2 class=\"wp-block-heading\">Vatten och blod<\/h2>\n\n\n\n<p>S\u00e5 vi l\u00e4r oss saker h\u00e4r om vem Jesus \u00e4r! Jag tycker episteltexten vi h\u00f6rde \u00e4r lite sn\u00e5rig om Anden och vattnet och blodet som vittnar om Jesus som Guds son eller r\u00e4tt och sl\u00e4tt: de \u00e4r bevis f\u00f6r oss p\u00e5 att Jesus \u00e4r den vi ska f\u00f6lja. Och d\u00e5 syftar det nog just p\u00e5 det h\u00e4r tillf\u00e4llet. Jesus dop i vatten och r\u00f6sten fr\u00e5n himlen, sedan kommer blodet som utgjuts p\u00e5 korset som \u00e4nnu ett tecken. <\/p>\n\n\n\n<p>Vi kan \u00e4ven se p\u00e5 korset som Jesus stora \u201delddop\u201d om man t\u00e4nker p\u00e5 evangelietexten. Alltihop ramar in Jesu verk med att bli en av oss, dela allt med oss och r\u00e4dda oss.<\/p>\n\n\n\n<p>Jesus \u00e4r f\u00f6rresten som Mose, om ni minns sa jag att f\u00f6r Mose var arkgrejen en f\u00f6rsmak av vad som skulle komma senare d\u00e5 han f\u00f6r upp hela folket ur s\u00e4vhavet befriade. <\/p>\n\n\n\n<p><strong>Jesus dop d\u00e5 han stiger ner i vattnet och kommer upp igen \u00e4r en f\u00f6rsmak p\u00e5 hur han kommer stiga ner i d\u00f6den och uppst\u00e5 med evigt liv till alla.<\/strong> D\u00e4r visar sig verkligen djupet av hans k\u00e4rlek. S\u00e5 han kom genom vattnet f\u00f6rst och sedan genom blodet.<\/p>\n\n\n\n<h2 class=\"wp-block-heading\">Guds adoption av oss<\/h2>\n\n\n\n<p>S\u00e5 ingen adoption f\u00f6r Jesus vid dopet. Det finns gott om bibelst\u00e4llen som talar om att han redan \u00e4r Guds son. D\u00e4remot tycker jag (och b\u00f6rjar slira in p\u00e5 v\u00e5rt dop som kristna) att man kan t\u00e4nka s\u00e5 om sitt eget dop (och l\u00e5na lite bilder fr\u00e5n Moses ocks\u00e5) att n\u00e4r vi d\u00f6ps blir vi adopterade av Gud. Moses kommer upp ut vattnet och \u00e4r pl\u00f6tsligt en prins! Och han f\u00e5r kallas \u201dSon\u201d.<\/p>\n\n\n\n<p>Jag l\u00e4ser g\u00e4rna de h\u00e4r orden fr\u00e5n Jesus dop n\u00e4r jag d\u00f6per konfirmander f\u00f6r n\u00e4r r\u00f6sten talar fr\u00e5n himlen s\u00e4ger den att \u201dDu \u00e4r min \u00e4lskade son, du \u00e4r min utvalde\u201d. Inte alls i samma mening som n\u00e4r det g\u00e4ller Jesus men \u00e4ven vi f\u00e5r ett starkt personligt l\u00f6fte om att vi f\u00e5r r\u00e4knas som barn till Gud.<\/p>\n\n\n\n<h2 class=\"wp-block-heading\">Ambrosius sammanfattar<\/h2>\n\n\n\n<p>Den gamle kyrkofadern Ambosius av Milano (som var en s\u00e5 duktig talare att Augustinus kom f\u00f6r att lyssna p\u00e5 hans predikningar f\u00f6r att l\u00e4ra sig talekonst men r\u00e5kade bli kristen p\u00e5 kuppen), han s\u00e4ger det h\u00e4r v\u00e4ldigt vackert \u00e5r 300 eller s\u00e5 om vad Gud g\u00f6r med oss i v\u00e5rt dop och visar med Jesu dop.<\/p>\n\n\n\n<blockquote class=\"wp-block-quote is-layout-flow wp-block-quote-is-layout-flow\">\n<p>\u201dAnden f\u00f6rnyar sinnet, vattnet ger rening, <strong>blodet visar oss priset<\/strong>. Anden gjorde oss till Guds barn genom adoption, den heliga k\u00e4llans vatten renade oss, Herrens blod frik\u00f6pte oss. Det ena \u00e4r allts\u00e5 osynligt, det andra \u00e5tf\u00f6ljer det andliga sakramentet som ett synligt vittnesb\u00f6rd\u201d. <\/p>\n<\/blockquote>\n\n\n<div id=\"related-posts-block_25f10939281dff924f7f087d213a772e\"  class=\"b-related-posts alignfull\">\n    <div class=\"acf-innerblocks-container\">\n\n<h2 class=\"wp-block-heading\">Liknande inl\u00e4gg<\/h2>\n\n<\/div>\n    \n    \n    <div class=\"wp-block-query alignfull is-layout-flow wp-block-query-is-layout-flow\">\n        <ul class=\"is-flex-container columns-3 alignfull related-posts__content wp-block-post-template is-layout-flow wp-block-post-template-is-layout-flow\"><li class=\"wp-block-post post-10799 post type-post status-publish format-standard has-post-thumbnail hentry category-pask category-predikan tag-bibeln tag-grogu tag-hitta-ut tag-jesus tag-kristen tag-kristen-tro tag-kyrka tag-kyrkan tag-mandalorian tag-orienterare tag-orientering tag-pask tag-predikan tag-process tag-skapelsen tag-star-wars tag-starwars tag-stig tag-the-mandalorian tag-vag tag-vagen tag-vandring\">\n            \n            <div class=\"wp-block-group post__content is-layout-flow wp-block-group-is-layout-flow\">\n                <figure style=\"margin-bottom:var(--wp--preset--spacing--50);\" class=\"wp-block-post-featured-image\"><a href=\"https:\/\/blogg.svenskakyrkan.se\/vandravagen\/2026\/04\/27\/detta-ar-vagen\/\" target=\"_self\"  ><img loading=\"lazy\" decoding=\"async\" width=\"2048\" height=\"1593\" src=\"https:\/\/blogg.svenskakyrkan.se\/vandravagen\/files\/2026\/04\/fiskafanget.jpg\" class=\"attachment-post-thumbnail size-post-thumbnail wp-post-image\" alt=\"&#8221;Detta \u00e4r v\u00e4gen&#8221;\" style=\"object-fit:cover;\" srcset=\"https:\/\/blogg.svenskakyrkan.se\/vandravagen\/files\/2026\/04\/fiskafanget.jpg 2048w, https:\/\/blogg.svenskakyrkan.se\/vandravagen\/files\/2026\/04\/fiskafanget-300x233.jpg 300w, https:\/\/blogg.svenskakyrkan.se\/vandravagen\/files\/2026\/04\/fiskafanget-1024x797.jpg 1024w, https:\/\/blogg.svenskakyrkan.se\/vandravagen\/files\/2026\/04\/fiskafanget-768x597.jpg 768w, https:\/\/blogg.svenskakyrkan.se\/vandravagen\/files\/2026\/04\/fiskafanget-1536x1195.jpg 1536w, https:\/\/blogg.svenskakyrkan.se\/vandravagen\/files\/2026\/04\/fiskafanget-1200x933.jpg 1200w\" sizes=\"auto, (max-width: 2048px) 100vw, 2048px\" \/><\/a><\/figure>\n                <h2 class=\"wp-block-post-title has-h-3-font-size\"><a href=\"https:\/\/blogg.svenskakyrkan.se\/vandravagen\/2026\/04\/27\/detta-ar-vagen\/\" target=\"_self\" >&#8221;Detta \u00e4r v\u00e4gen&#8221;<\/a><\/h2>\n                <div class=\"wp-block-post-date\"><time datetime=\"2026-04-27T21:50:48+02:00\">27 april, 2026<\/time><\/div>\n                <div class=\"wp-block-post-excerpt\"><p class=\"wp-block-post-excerpt__excerpt\">Min predikan om Jesus som v\u00e4gen. Och lite starwars&#8230;<\/p><\/div>\n            <\/div>\n            \n        <\/li><li class=\"wp-block-post post-10783 post type-post status-publish format-standard has-post-thumbnail hentry category-kyrkoaret category-pask category-predikan tag-anglar tag-bibeln tag-evangelium tag-graven tag-jesus tag-kristen tag-kristen-tro tag-kvinnor tag-kyrka tag-kyrkan tag-ljus tag-lukas tag-omojligt tag-pask tag-predikan tag-uppstandelse\">\n            \n            <div class=\"wp-block-group post__content is-layout-flow wp-block-group-is-layout-flow\">\n                <figure style=\"margin-bottom:var(--wp--preset--spacing--50);\" class=\"wp-block-post-featured-image\"><a href=\"https:\/\/blogg.svenskakyrkan.se\/vandravagen\/2026\/04\/06\/vi-ar-kvinnorna-vid-graven\/\" target=\"_self\"  ><img loading=\"lazy\" decoding=\"async\" width=\"593\" height=\"776\" src=\"https:\/\/blogg.svenskakyrkan.se\/vandravagen\/files\/2026\/04\/dodens-gap.jpg\" class=\"attachment-post-thumbnail size-post-thumbnail wp-post-image\" alt=\"Vi \u00e4r kvinnorna vid graven\" style=\"object-fit:cover;\" srcset=\"https:\/\/blogg.svenskakyrkan.se\/vandravagen\/files\/2026\/04\/dodens-gap.jpg 593w, https:\/\/blogg.svenskakyrkan.se\/vandravagen\/files\/2026\/04\/dodens-gap-300x393.jpg 300w\" sizes=\"auto, (max-width: 593px) 100vw, 593px\" \/><\/a><\/figure>\n                <h2 class=\"wp-block-post-title has-h-3-font-size\"><a href=\"https:\/\/blogg.svenskakyrkan.se\/vandravagen\/2026\/04\/06\/vi-ar-kvinnorna-vid-graven\/\" target=\"_self\" >Vi \u00e4r kvinnorna vid graven<\/a><\/h2>\n                <div class=\"wp-block-post-date\"><time datetime=\"2026-04-06T18:53:58+02:00\">6 april, 2026<\/time><\/div>\n                <div class=\"wp-block-post-excerpt\"><p class=\"wp-block-post-excerpt__excerpt\">Min predikan fr\u00e5n p\u00e5sknatten i Ulricehamns kyrka<\/p><\/div>\n            <\/div>\n            \n        <\/li><li class=\"wp-block-post post-10773 post type-post status-publish format-standard has-post-thumbnail hentry category-kyrkoaret category-predikan tag-angel tag-babelsen tag-bebadelsedagen tag-bebadelsen tag-bibeln tag-bob-dylan tag-dag-hammarskold tag-ja tag-jesus tag-jul tag-jungfru tag-jungfru-marie-bebadelsedag tag-kallelse tag-kristen tag-kristen-tro tag-kyrka tag-kyrkan tag-lovsang tag-maria tag-predikan tag-sandning tag-vagen-valde-dig\">\n            \n            <div class=\"wp-block-group post__content is-layout-flow wp-block-group-is-layout-flow\">\n                <figure style=\"margin-bottom:var(--wp--preset--spacing--50);\" class=\"wp-block-post-featured-image\"><a href=\"https:\/\/blogg.svenskakyrkan.se\/vandravagen\/2026\/03\/30\/vad-maria-och-vi-sager-ja-till\/\" target=\"_self\"  ><img loading=\"lazy\" decoding=\"async\" width=\"681\" height=\"1774\" src=\"https:\/\/blogg.svenskakyrkan.se\/vandravagen\/files\/2026\/03\/bebadelsen.jpg\" class=\"attachment-post-thumbnail size-post-thumbnail wp-post-image\" alt=\"Vad Maria och vi s\u00e4ger ja till\" style=\"object-fit:cover;\" srcset=\"https:\/\/blogg.svenskakyrkan.se\/vandravagen\/files\/2026\/03\/bebadelsen.jpg 681w, https:\/\/blogg.svenskakyrkan.se\/vandravagen\/files\/2026\/03\/bebadelsen-300x781.jpg 300w, https:\/\/blogg.svenskakyrkan.se\/vandravagen\/files\/2026\/03\/bebadelsen-590x1536.jpg 590w\" sizes=\"auto, (max-width: 681px) 100vw, 681px\" \/><\/a><\/figure>\n                <h2 class=\"wp-block-post-title has-h-3-font-size\"><a href=\"https:\/\/blogg.svenskakyrkan.se\/vandravagen\/2026\/03\/30\/vad-maria-och-vi-sager-ja-till\/\" target=\"_self\" >Vad Maria och vi s\u00e4ger ja till<\/a><\/h2>\n                <div class=\"wp-block-post-date\"><time datetime=\"2026-03-30T17:54:15+02:00\">30 mars, 2026<\/time><\/div>\n                <div class=\"wp-block-post-excerpt\"><p class=\"wp-block-post-excerpt__excerpt\">Predikan p\u00e5 Jungfru Marie beb\u00e5delsedag i Ulricehamns kyrka<\/p><\/div>\n            <\/div>\n            \n        <\/li><\/ul>\n        \n    <\/div>\n    <\/div>\n","protected":false},"excerpt":{"rendered":"<p>Varf\u00f6r blir Jesus d\u00f6pt? Och vad har Mose i vassen och Noas ark med Jesus dop att g\u00f6ra? H\u00e4r \u00e4r min predikan fr\u00e5n s\u00f6ndagen efter trettondagen 2025 i Ulricehamns kyrka. Jag var lite extra stolt att jag fick in den v\u00e4stg\u00f6tska ordet &#8221;b\u00f4s&#8221; i predikan men det st\u00e5r inte med i manuset nedan. Hoppas den [&hellip;]<\/p>\n","protected":false},"author":392,"featured_media":10258,"comment_status":"open","ping_status":"open","sticky":false,"template":"","format":"standard","meta":{"_acf_changed":false,"footnotes":""},"categories":[8288,114],"tags":[84693,84694,84695,83926,84689,84255,84691,83878,84686,84050,84692,83880,83879,83901,83890,84696,84687,83875,84688,84690],"class_list":["post-10255","post","type-post","status-publish","format-standard","has-post-thumbnail","hentry","category-dop","category-predikan","tag-adoption","tag-adoptionism","tag-ambrosius","tag-bibeln","tag-blodet","tag-dopet","tag-eld","tag-jesus","tag-jesus-dop","tag-jul","tag-kastskovel","tag-kristen","tag-kristen-tro","tag-kyrka","tag-kyrkan","tag-milano","tag-moses","tag-predikan","tag-vassen","tag-vattnet"],"acf":[],"yoast_head":"<!-- This site is optimized with the Yoast SEO plugin v27.1.1 - https:\/\/yoast.com\/product\/yoast-seo-wordpress\/ -->\n<title>Jesus dop - Vandra V\u00e4gen<\/title>\n<meta name=\"robots\" content=\"index, follow, max-snippet:-1, max-image-preview:large, max-video-preview:-1\" \/>\n<link rel=\"canonical\" href=\"https:\/\/blogg.svenskakyrkan.se\/vandravagen\/2025\/01\/15\/jesus-dop\/\" \/>\n<meta property=\"og:locale\" content=\"sv_SE\" \/>\n<meta property=\"og:type\" content=\"article\" \/>\n<meta property=\"og:title\" content=\"Jesus dop - Vandra V\u00e4gen\" \/>\n<meta property=\"og:description\" content=\"Varf\u00f6r blir Jesus d\u00f6pt? Och vad har Mose i vassen och Noas ark med Jesus dop att g\u00f6ra? H\u00e4r \u00e4r min predikan fr\u00e5n s\u00f6ndagen efter trettondagen 2025 i Ulricehamns kyrka. Jag var lite extra stolt att jag fick in den v\u00e4stg\u00f6tska ordet &#8221;b\u00f4s&#8221; i predikan men det st\u00e5r inte med i manuset nedan. Hoppas den [&hellip;]\" \/>\n<meta property=\"og:url\" content=\"https:\/\/blogg.svenskakyrkan.se\/vandravagen\/2025\/01\/15\/jesus-dop\/\" \/>\n<meta property=\"og:site_name\" content=\"Vandra V\u00e4gen\" \/>\n<meta property=\"article:publisher\" content=\"http:\/\/facebook.com\/vandravagen\" \/>\n<meta property=\"article:published_time\" content=\"2025-01-15T20:27:11+00:00\" \/>\n<meta property=\"article:modified_time\" content=\"2025-01-15T20:27:13+00:00\" \/>\n<meta property=\"og:image\" content=\"http:\/\/blogg.svenskakyrkan.se\/vandravagen\/files\/2025\/01\/IMG_3903.jpg\" \/>\n\t<meta property=\"og:image:width\" content=\"923\" \/>\n\t<meta property=\"og:image:height\" content=\"719\" \/>\n\t<meta property=\"og:image:type\" content=\"image\/jpeg\" \/>\n<meta name=\"author\" content=\"Tomas Jarvid\" \/>\n<meta name=\"twitter:card\" content=\"summary_large_image\" \/>\n<meta name=\"twitter:creator\" content=\"@fadertomas\" \/>\n<meta name=\"twitter:site\" content=\"@fadertomas\" \/>\n<meta name=\"twitter:label1\" content=\"Skriven av\" \/>\n\t<meta name=\"twitter:data1\" content=\"Tomas Jarvid\" \/>\n\t<meta name=\"twitter:label2\" content=\"Ber\u00e4knad l\u00e4stid\" \/>\n\t<meta name=\"twitter:data2\" content=\"8 minuter\" \/>\n<script type=\"application\/ld+json\" class=\"yoast-schema-graph\">{\"@context\":\"https:\/\/schema.org\",\"@graph\":[{\"@type\":\"Article\",\"@id\":\"https:\/\/blogg.svenskakyrkan.se\/vandravagen\/2025\/01\/15\/jesus-dop\/#article\",\"isPartOf\":{\"@id\":\"https:\/\/blogg.svenskakyrkan.se\/vandravagen\/2025\/01\/15\/jesus-dop\/\"},\"author\":{\"name\":\"Tomas Jarvid\",\"@id\":\"https:\/\/blogg.svenskakyrkan.se\/vandravagen\/#\/schema\/person\/25da02d4f76b137d04291711e2c9fc16\"},\"headline\":\"Jesus dop\",\"datePublished\":\"2025-01-15T20:27:11+00:00\",\"dateModified\":\"2025-01-15T20:27:13+00:00\",\"mainEntityOfPage\":{\"@id\":\"https:\/\/blogg.svenskakyrkan.se\/vandravagen\/2025\/01\/15\/jesus-dop\/\"},\"wordCount\":1697,\"commentCount\":2,\"publisher\":{\"@id\":\"https:\/\/blogg.svenskakyrkan.se\/vandravagen\/#organization\"},\"image\":{\"@id\":\"https:\/\/blogg.svenskakyrkan.se\/vandravagen\/2025\/01\/15\/jesus-dop\/#primaryimage\"},\"thumbnailUrl\":\"https:\/\/blogg.svenskakyrkan.se\/vandravagen\/files\/2025\/01\/IMG_3903.jpg\",\"keywords\":[\"adoption\",\"adoptionism\",\"ambrosius\",\"bibeln\",\"blodet\",\"dopet\",\"eld\",\"Jesus\",\"jesus dop\",\"jul\",\"kastskovel\",\"kristen\",\"kristen tro\",\"kyrka\",\"kyrkan\",\"milano\",\"moses\",\"predikan\",\"vassen\",\"vattnet\"],\"articleSection\":[\"dop\",\"predikan\"],\"inLanguage\":\"sv-SE\",\"potentialAction\":[{\"@type\":\"CommentAction\",\"name\":\"Comment\",\"target\":[\"https:\/\/blogg.svenskakyrkan.se\/vandravagen\/2025\/01\/15\/jesus-dop\/#respond\"]}]},{\"@type\":\"WebPage\",\"@id\":\"https:\/\/blogg.svenskakyrkan.se\/vandravagen\/2025\/01\/15\/jesus-dop\/\",\"url\":\"https:\/\/blogg.svenskakyrkan.se\/vandravagen\/2025\/01\/15\/jesus-dop\/\",\"name\":\"Jesus dop - Vandra V\u00e4gen\",\"isPartOf\":{\"@id\":\"https:\/\/blogg.svenskakyrkan.se\/vandravagen\/#website\"},\"primaryImageOfPage\":{\"@id\":\"https:\/\/blogg.svenskakyrkan.se\/vandravagen\/2025\/01\/15\/jesus-dop\/#primaryimage\"},\"image\":{\"@id\":\"https:\/\/blogg.svenskakyrkan.se\/vandravagen\/2025\/01\/15\/jesus-dop\/#primaryimage\"},\"thumbnailUrl\":\"https:\/\/blogg.svenskakyrkan.se\/vandravagen\/files\/2025\/01\/IMG_3903.jpg\",\"datePublished\":\"2025-01-15T20:27:11+00:00\",\"dateModified\":\"2025-01-15T20:27:13+00:00\",\"breadcrumb\":{\"@id\":\"https:\/\/blogg.svenskakyrkan.se\/vandravagen\/2025\/01\/15\/jesus-dop\/#breadcrumb\"},\"inLanguage\":\"sv-SE\",\"potentialAction\":[{\"@type\":\"ReadAction\",\"target\":[\"https:\/\/blogg.svenskakyrkan.se\/vandravagen\/2025\/01\/15\/jesus-dop\/\"]}]},{\"@type\":\"ImageObject\",\"inLanguage\":\"sv-SE\",\"@id\":\"https:\/\/blogg.svenskakyrkan.se\/vandravagen\/2025\/01\/15\/jesus-dop\/#primaryimage\",\"url\":\"https:\/\/blogg.svenskakyrkan.se\/vandravagen\/files\/2025\/01\/IMG_3903.jpg\",\"contentUrl\":\"https:\/\/blogg.svenskakyrkan.se\/vandravagen\/files\/2025\/01\/IMG_3903.jpg\",\"width\":923,\"height\":719},{\"@type\":\"BreadcrumbList\",\"@id\":\"https:\/\/blogg.svenskakyrkan.se\/vandravagen\/2025\/01\/15\/jesus-dop\/#breadcrumb\",\"itemListElement\":[{\"@type\":\"ListItem\",\"position\":1,\"name\":\"Hem\",\"item\":\"https:\/\/blogg.svenskakyrkan.se\/vandravagen\/\"},{\"@type\":\"ListItem\",\"position\":2,\"name\":\"adoption\",\"item\":\"https:\/\/blogg.svenskakyrkan.se\/vandravagen\/tag\/adoption\/\"},{\"@type\":\"ListItem\",\"position\":3,\"name\":\"Jesus dop\"}]},{\"@type\":\"WebSite\",\"@id\":\"https:\/\/blogg.svenskakyrkan.se\/vandravagen\/#website\",\"url\":\"https:\/\/blogg.svenskakyrkan.se\/vandravagen\/\",\"name\":\"Vandra V\u00e4gen\",\"description\":\"-Mot en tro f\u00f6r hela livet\",\"publisher\":{\"@id\":\"https:\/\/blogg.svenskakyrkan.se\/vandravagen\/#organization\"},\"potentialAction\":[{\"@type\":\"SearchAction\",\"target\":{\"@type\":\"EntryPoint\",\"urlTemplate\":\"https:\/\/blogg.svenskakyrkan.se\/vandravagen\/?s={search_term_string}\"},\"query-input\":{\"@type\":\"PropertyValueSpecification\",\"valueRequired\":true,\"valueName\":\"search_term_string\"}}],\"inLanguage\":\"sv-SE\"},{\"@type\":\"Organization\",\"@id\":\"https:\/\/blogg.svenskakyrkan.se\/vandravagen\/#organization\",\"name\":\"ulricehamns pastorat\",\"alternateName\":\"ulricehamns pastorat\",\"url\":\"https:\/\/blogg.svenskakyrkan.se\/vandravagen\/\",\"logo\":{\"@type\":\"ImageObject\",\"inLanguage\":\"sv-SE\",\"@id\":\"https:\/\/blogg.svenskakyrkan.se\/vandravagen\/#\/schema\/logo\/image\/\",\"url\":\"https:\/\/blogg.svenskakyrkan.se\/vandravagen\/files\/2023\/05\/Ulr_logo_RGB.png\",\"contentUrl\":\"https:\/\/blogg.svenskakyrkan.se\/vandravagen\/files\/2023\/05\/Ulr_logo_RGB.png\",\"width\":205,\"height\":77,\"caption\":\"ulricehamns pastorat\"},\"image\":{\"@id\":\"https:\/\/blogg.svenskakyrkan.se\/vandravagen\/#\/schema\/logo\/image\/\"},\"sameAs\":[\"http:\/\/facebook.com\/vandravagen\",\"https:\/\/x.com\/fadertomas\",\"http:\/\/www.facebook.com\/svenskakyrkaniulricehamn\"]},{\"@type\":\"Person\",\"@id\":\"https:\/\/blogg.svenskakyrkan.se\/vandravagen\/#\/schema\/person\/25da02d4f76b137d04291711e2c9fc16\",\"name\":\"Tomas Jarvid\",\"image\":{\"@type\":\"ImageObject\",\"inLanguage\":\"sv-SE\",\"@id\":\"https:\/\/blogg.svenskakyrkan.se\/vandravagen\/#\/schema\/person\/image\/\",\"url\":\"https:\/\/secure.gravatar.com\/avatar\/7fa71899795e8f540f615a1f5ab25255dc27aa40f05ee7ddd21aac521e01bf50?s=96&d=identicon&r=g\",\"contentUrl\":\"https:\/\/secure.gravatar.com\/avatar\/7fa71899795e8f540f615a1f5ab25255dc27aa40f05ee7ddd21aac521e01bf50?s=96&d=identicon&r=g\",\"caption\":\"Tomas Jarvid\"},\"description\":\"Jag bor i Ulricehamn i V\u00e4sterg\u00f6tland och \u00e4r f\u00f6rsamlingspr\u00e4st i Svenska Kyrkan f\u00f6r Dalstorps f\u00f6rsamling i Kinds pastorat. P\u00e5 den h\u00e4r bloggen skriver jag ner tankar om vandringen som kristen.\",\"sameAs\":[\"http:\/\/www.vandravagen.se\"],\"url\":\"https:\/\/blogg.svenskakyrkan.se\/vandravagen\/author\/vandravagen\/\"}]}<\/script>\n<!-- \/ Yoast SEO plugin. -->","yoast_head_json":{"title":"Jesus dop - Vandra V\u00e4gen","robots":{"index":"index","follow":"follow","max-snippet":"max-snippet:-1","max-image-preview":"max-image-preview:large","max-video-preview":"max-video-preview:-1"},"canonical":"https:\/\/blogg.svenskakyrkan.se\/vandravagen\/2025\/01\/15\/jesus-dop\/","og_locale":"sv_SE","og_type":"article","og_title":"Jesus dop - Vandra V\u00e4gen","og_description":"Varf\u00f6r blir Jesus d\u00f6pt? Och vad har Mose i vassen och Noas ark med Jesus dop att g\u00f6ra? H\u00e4r \u00e4r min predikan fr\u00e5n s\u00f6ndagen efter trettondagen 2025 i Ulricehamns kyrka. Jag var lite extra stolt att jag fick in den v\u00e4stg\u00f6tska ordet &#8221;b\u00f4s&#8221; i predikan men det st\u00e5r inte med i manuset nedan. Hoppas den [&hellip;]","og_url":"https:\/\/blogg.svenskakyrkan.se\/vandravagen\/2025\/01\/15\/jesus-dop\/","og_site_name":"Vandra V\u00e4gen","article_publisher":"http:\/\/facebook.com\/vandravagen","article_published_time":"2025-01-15T20:27:11+00:00","article_modified_time":"2025-01-15T20:27:13+00:00","og_image":[{"width":923,"height":719,"url":"http:\/\/blogg.svenskakyrkan.se\/vandravagen\/files\/2025\/01\/IMG_3903.jpg","type":"image\/jpeg"}],"author":"Tomas Jarvid","twitter_card":"summary_large_image","twitter_creator":"@fadertomas","twitter_site":"@fadertomas","twitter_misc":{"Skriven av":"Tomas Jarvid","Ber\u00e4knad l\u00e4stid":"8 minuter"},"schema":{"@context":"https:\/\/schema.org","@graph":[{"@type":"Article","@id":"https:\/\/blogg.svenskakyrkan.se\/vandravagen\/2025\/01\/15\/jesus-dop\/#article","isPartOf":{"@id":"https:\/\/blogg.svenskakyrkan.se\/vandravagen\/2025\/01\/15\/jesus-dop\/"},"author":{"name":"Tomas Jarvid","@id":"https:\/\/blogg.svenskakyrkan.se\/vandravagen\/#\/schema\/person\/25da02d4f76b137d04291711e2c9fc16"},"headline":"Jesus dop","datePublished":"2025-01-15T20:27:11+00:00","dateModified":"2025-01-15T20:27:13+00:00","mainEntityOfPage":{"@id":"https:\/\/blogg.svenskakyrkan.se\/vandravagen\/2025\/01\/15\/jesus-dop\/"},"wordCount":1697,"commentCount":2,"publisher":{"@id":"https:\/\/blogg.svenskakyrkan.se\/vandravagen\/#organization"},"image":{"@id":"https:\/\/blogg.svenskakyrkan.se\/vandravagen\/2025\/01\/15\/jesus-dop\/#primaryimage"},"thumbnailUrl":"https:\/\/blogg.svenskakyrkan.se\/vandravagen\/files\/2025\/01\/IMG_3903.jpg","keywords":["adoption","adoptionism","ambrosius","bibeln","blodet","dopet","eld","Jesus","jesus dop","jul","kastskovel","kristen","kristen tro","kyrka","kyrkan","milano","moses","predikan","vassen","vattnet"],"articleSection":["dop","predikan"],"inLanguage":"sv-SE","potentialAction":[{"@type":"CommentAction","name":"Comment","target":["https:\/\/blogg.svenskakyrkan.se\/vandravagen\/2025\/01\/15\/jesus-dop\/#respond"]}]},{"@type":"WebPage","@id":"https:\/\/blogg.svenskakyrkan.se\/vandravagen\/2025\/01\/15\/jesus-dop\/","url":"https:\/\/blogg.svenskakyrkan.se\/vandravagen\/2025\/01\/15\/jesus-dop\/","name":"Jesus dop - Vandra V\u00e4gen","isPartOf":{"@id":"https:\/\/blogg.svenskakyrkan.se\/vandravagen\/#website"},"primaryImageOfPage":{"@id":"https:\/\/blogg.svenskakyrkan.se\/vandravagen\/2025\/01\/15\/jesus-dop\/#primaryimage"},"image":{"@id":"https:\/\/blogg.svenskakyrkan.se\/vandravagen\/2025\/01\/15\/jesus-dop\/#primaryimage"},"thumbnailUrl":"https:\/\/blogg.svenskakyrkan.se\/vandravagen\/files\/2025\/01\/IMG_3903.jpg","datePublished":"2025-01-15T20:27:11+00:00","dateModified":"2025-01-15T20:27:13+00:00","breadcrumb":{"@id":"https:\/\/blogg.svenskakyrkan.se\/vandravagen\/2025\/01\/15\/jesus-dop\/#breadcrumb"},"inLanguage":"sv-SE","potentialAction":[{"@type":"ReadAction","target":["https:\/\/blogg.svenskakyrkan.se\/vandravagen\/2025\/01\/15\/jesus-dop\/"]}]},{"@type":"ImageObject","inLanguage":"sv-SE","@id":"https:\/\/blogg.svenskakyrkan.se\/vandravagen\/2025\/01\/15\/jesus-dop\/#primaryimage","url":"https:\/\/blogg.svenskakyrkan.se\/vandravagen\/files\/2025\/01\/IMG_3903.jpg","contentUrl":"https:\/\/blogg.svenskakyrkan.se\/vandravagen\/files\/2025\/01\/IMG_3903.jpg","width":923,"height":719},{"@type":"BreadcrumbList","@id":"https:\/\/blogg.svenskakyrkan.se\/vandravagen\/2025\/01\/15\/jesus-dop\/#breadcrumb","itemListElement":[{"@type":"ListItem","position":1,"name":"Hem","item":"https:\/\/blogg.svenskakyrkan.se\/vandravagen\/"},{"@type":"ListItem","position":2,"name":"adoption","item":"https:\/\/blogg.svenskakyrkan.se\/vandravagen\/tag\/adoption\/"},{"@type":"ListItem","position":3,"name":"Jesus dop"}]},{"@type":"WebSite","@id":"https:\/\/blogg.svenskakyrkan.se\/vandravagen\/#website","url":"https:\/\/blogg.svenskakyrkan.se\/vandravagen\/","name":"Vandra V\u00e4gen","description":"-Mot en tro f\u00f6r hela livet","publisher":{"@id":"https:\/\/blogg.svenskakyrkan.se\/vandravagen\/#organization"},"potentialAction":[{"@type":"SearchAction","target":{"@type":"EntryPoint","urlTemplate":"https:\/\/blogg.svenskakyrkan.se\/vandravagen\/?s={search_term_string}"},"query-input":{"@type":"PropertyValueSpecification","valueRequired":true,"valueName":"search_term_string"}}],"inLanguage":"sv-SE"},{"@type":"Organization","@id":"https:\/\/blogg.svenskakyrkan.se\/vandravagen\/#organization","name":"ulricehamns pastorat","alternateName":"ulricehamns pastorat","url":"https:\/\/blogg.svenskakyrkan.se\/vandravagen\/","logo":{"@type":"ImageObject","inLanguage":"sv-SE","@id":"https:\/\/blogg.svenskakyrkan.se\/vandravagen\/#\/schema\/logo\/image\/","url":"https:\/\/blogg.svenskakyrkan.se\/vandravagen\/files\/2023\/05\/Ulr_logo_RGB.png","contentUrl":"https:\/\/blogg.svenskakyrkan.se\/vandravagen\/files\/2023\/05\/Ulr_logo_RGB.png","width":205,"height":77,"caption":"ulricehamns pastorat"},"image":{"@id":"https:\/\/blogg.svenskakyrkan.se\/vandravagen\/#\/schema\/logo\/image\/"},"sameAs":["http:\/\/facebook.com\/vandravagen","https:\/\/x.com\/fadertomas","http:\/\/www.facebook.com\/svenskakyrkaniulricehamn"]},{"@type":"Person","@id":"https:\/\/blogg.svenskakyrkan.se\/vandravagen\/#\/schema\/person\/25da02d4f76b137d04291711e2c9fc16","name":"Tomas Jarvid","image":{"@type":"ImageObject","inLanguage":"sv-SE","@id":"https:\/\/blogg.svenskakyrkan.se\/vandravagen\/#\/schema\/person\/image\/","url":"https:\/\/secure.gravatar.com\/avatar\/7fa71899795e8f540f615a1f5ab25255dc27aa40f05ee7ddd21aac521e01bf50?s=96&d=identicon&r=g","contentUrl":"https:\/\/secure.gravatar.com\/avatar\/7fa71899795e8f540f615a1f5ab25255dc27aa40f05ee7ddd21aac521e01bf50?s=96&d=identicon&r=g","caption":"Tomas Jarvid"},"description":"Jag bor i Ulricehamn i V\u00e4sterg\u00f6tland och \u00e4r f\u00f6rsamlingspr\u00e4st i Svenska Kyrkan f\u00f6r Dalstorps f\u00f6rsamling i Kinds pastorat. P\u00e5 den h\u00e4r bloggen skriver jag ner tankar om vandringen som kristen.","sameAs":["http:\/\/www.vandravagen.se"],"url":"https:\/\/blogg.svenskakyrkan.se\/vandravagen\/author\/vandravagen\/"}]}},"author_meta":{"ID":"392","user_nicename":"vandravagen","user_url":"http:\/\/www.vandravagen.se","user_registered":"2014-05-19 05:44:52","display_name":"Tomas Jarvid","first_name":"Tomas","last_name":"Jarvid","avatar":"https:\/\/secure.gravatar.com\/avatar\/7fa71899795e8f540f615a1f5ab25255dc27aa40f05ee7ddd21aac521e01bf50?s=96&d=identicon&r=g"},"featured_image":["https:\/\/blogg.svenskakyrkan.se\/vandravagen\/files\/2025\/01\/IMG_3903.jpg",923,719,false],"bloginfo":{"name":"Vandra V\u00e4gen","url":"https:\/\/blogg.svenskakyrkan.se\/vandravagen"},"_links":{"self":[{"href":"https:\/\/blogg.svenskakyrkan.se\/vandravagen\/wp-json\/wp\/v2\/posts\/10255","targetHints":{"allow":["GET"]}}],"collection":[{"href":"https:\/\/blogg.svenskakyrkan.se\/vandravagen\/wp-json\/wp\/v2\/posts"}],"about":[{"href":"https:\/\/blogg.svenskakyrkan.se\/vandravagen\/wp-json\/wp\/v2\/types\/post"}],"author":[{"embeddable":true,"href":"https:\/\/blogg.svenskakyrkan.se\/vandravagen\/wp-json\/wp\/v2\/users\/392"}],"replies":[{"embeddable":true,"href":"https:\/\/blogg.svenskakyrkan.se\/vandravagen\/wp-json\/wp\/v2\/comments?post=10255"}],"version-history":[{"count":3,"href":"https:\/\/blogg.svenskakyrkan.se\/vandravagen\/wp-json\/wp\/v2\/posts\/10255\/revisions"}],"predecessor-version":[{"id":10259,"href":"https:\/\/blogg.svenskakyrkan.se\/vandravagen\/wp-json\/wp\/v2\/posts\/10255\/revisions\/10259"}],"wp:featuredmedia":[{"embeddable":true,"href":"https:\/\/blogg.svenskakyrkan.se\/vandravagen\/wp-json\/wp\/v2\/media\/10258"}],"wp:attachment":[{"href":"https:\/\/blogg.svenskakyrkan.se\/vandravagen\/wp-json\/wp\/v2\/media?parent=10255"}],"wp:term":[{"taxonomy":"category","embeddable":true,"href":"https:\/\/blogg.svenskakyrkan.se\/vandravagen\/wp-json\/wp\/v2\/categories?post=10255"},{"taxonomy":"post_tag","embeddable":true,"href":"https:\/\/blogg.svenskakyrkan.se\/vandravagen\/wp-json\/wp\/v2\/tags?post=10255"}],"curies":[{"name":"wp","href":"https:\/\/api.w.org\/{rel}","templated":true}]}}