{"id":1027,"date":"2012-06-28T06:47:00","date_gmt":"2012-06-28T04:47:00","guid":{"rendered":"http:\/\/blogg.svenskakyrkan.se\/vandravagen\/2012\/06\/28\/brakdelen-av-en-sekund-av-carolina-johansson\/"},"modified":"2012-06-28T06:47:00","modified_gmt":"2012-06-28T04:47:00","slug":"brakdelen-av-en-sekund-av-carolina-johansson","status":"publish","type":"post","link":"https:\/\/blogg.svenskakyrkan.se\/vandravagen\/2012\/06\/28\/brakdelen-av-en-sekund-av-carolina-johansson\/","title":{"rendered":"Br\u00e5kdelen av en sekund av Carolina Johansson"},"content":{"rendered":"<table align=\"center\" cellpadding=\"0\" cellspacing=\"0\">\n<tbody>\n<tr>\n<td><a href=\"https:\/\/lh6.googleusercontent.com\/-cgDmuyNA9zM\/T-S3z7zCIII\/AAAAAAAAAPI\/yQ6w1B3KGDw\/s640\/blogger-image--741714851.jpg\"><img loading=\"lazy\" decoding=\"async\" border=\"0\" height=\"400\" src=\"https:\/\/lh6.googleusercontent.com\/-cgDmuyNA9zM\/T-S3z7zCIII\/AAAAAAAAAPI\/yQ6w1B3KGDw\/s400\/blogger-image--741714851.jpg\" width=\"300\"><\/a><\/td>\n<\/tr>\n<tr>\n<td>Bra sommarl\u00e4sning!<\/td>\n<\/tr>\n<\/tbody>\n<\/table>\n<p>H\u00e4rom dagen s\u00e5g jag p\u00e5 <a href=\"http:\/\/carolinajohansson.wordpress.com\/\">Carolina Johanssons blogg<\/a>\u00a0att hon delade ut gratisexemplar av sin bok &#8221;<i>Br\u00e5kdelen av en sekund<\/i>&#8221; och eftersom jag var en av de f\u00f6rsta att h\u00f6ra av mig fick jag en bok p\u00e5 posten n\u00e5gon dag senare.\u00a0Boken g\u00e5r f\u00f6rst\u00e5s att k\u00f6pa p\u00e5 n\u00e4tet ocks\u00e5. <a href=\"http:\/\/www.adlibris.com\/se\/product.aspx?isbn=917387261X\">H\u00e4r<\/a> eller <a href=\"http:\/\/www.bokus.com\/bok\/9789173870795\/brakdelen-av-en-sekund\/\">h\u00e4r<\/a> till exempel.<\/p>\n<p>Carolinas bok \u00e4r b\u00e5de fascinerande och ovanlig. Den \u00e4r fascinerande eftersom den rymmer hennes vittnesb\u00f6rd om hur hon fick en kristen tro. Ovanlig f\u00f6r att det finns ganska f\u00e5 s\u00e5dana b\u00f6cker. Speciellt inte s\u00e5dana som inte \u00e4r skrivna av pr\u00e4ster eller pastorer.<\/p>\n<p>Carolina beskriver hur Gud helt ov\u00e4ntat kom in i hennes liv p\u00e5 ett \u00f6gonblick och hur det st\u00e4llde hela livet p\u00e5 \u00e4nda. Det \u00e4r sp\u00e4nnande och gripande l\u00e4sning, b\u00e5de om hur tron v\u00e4cktes och hur den sedan burit i livet. F\u00f6r mig som pr\u00e4st var det ocks\u00e5 v\u00e4ldigt tankev\u00e4ckande att l\u00e4sa hur hon beskriver sina f\u00f6rsta m\u00f6ten med svenska kyrkan, tack Carolina, det tar jag med mig. \u00d6ver huvud taget l\u00e4ste jag boken med en k\u00e4nsla av att st\u00e5 p\u00e5 helig mark, f\u00e5 f\u00f6lja en m\u00e4nniskas v\u00e4g tillsammans med Gud. Det \u00e4r sannerligen stort.<\/p>\n<p>Som jag skrev \u00e4r det ovanligt med b\u00f6cker om m\u00e4nniskor som beskriver livet som kristen. Under n\u00e5gra \u00e5r skrevs det \u00e4nd\u00e5 m\u00e5nga. Jag t\u00e4nker p\u00e5\u00a0<a href=\"http:\/\/www.adlibris.com\/se\/product.aspx?isbn=9173870226\">G\u00f6ran Skyttes bok &#8221;Omv\u00e4nd&#8221;<\/a>,\u00a0<a href=\"http:\/\/www.adlibris.com\/se\/product.aspx?isbn=9173870323\">Ingela Agardhs &#8221;Den st\u00f6rsta nyheten&#8221;<\/a>,\u00a0<a href=\"http:\/\/www.adlibris.com\/se\/product.aspx?isbn=9152630951\">Maria K\u00fcchens &#8221;Anteckningar efter en frontalkrock med Gud&#8221;<\/a>,\u00a0<a href=\"http:\/\/www.adlibris.com\/se\/product.aspx?isbn=9170853096\">Elisabet Sandlunds &#8221;Drabbad av det ov\u00e4ntade&#8221;<\/a>\u00a0och s\u00e4kert ytterligare n\u00e5gon som jag inte kommer p\u00e5 just nu. Jag brukar t\u00e4nka p\u00e5 det som &#8221;journalistv\u00e4ckelsen&#8221;. Pl\u00f6tsligt vittnade m\u00e5nga vana skribenter om sin kristna tro. Det \u00e4r fantastiskt och helt of\u00f6ruts\u00e4gbart, som det brukar vara om det \u00e4r Gud sj\u00e4lv som ligger bakom.<\/p>\n<p>Jag rekommenderar dig f\u00f6rst\u00e5s att l\u00e4sa Carolinas bok (liksom \u00e4ven de andra b\u00f6ckerna jag n\u00e4mnt). Bor du i G\u00f6tene eller har v\u00e4garna f\u00f6rbi s\u00e5 kan du alltid l\u00e5na min, det b\u00e4sta s\u00e4ttet att anv\u00e4nda en g\u00e5va.<\/p>\n","protected":false},"excerpt":{"rendered":"<p>Bra sommarl\u00e4sning! H\u00e4rom dagen s\u00e5g jag p\u00e5 Carolina Johanssons blogg\u00a0att hon delade ut gratisexemplar av sin bok &#8221;Br\u00e5kdelen av en sekund&#8221; och eftersom jag var en av de f\u00f6rsta att h\u00f6ra av mig fick jag en bok p\u00e5 posten n\u00e5gon dag senare.\u00a0Boken g\u00e5r f\u00f6rst\u00e5s att k\u00f6pa p\u00e5 n\u00e4tet ocks\u00e5. H\u00e4r eller h\u00e4r till exempel. Carolinas [&hellip;]<\/p>\n","protected":false},"author":392,"featured_media":0,"comment_status":"open","ping_status":"open","sticky":false,"template":"","format":"standard","meta":{"_acf_changed":false,"footnotes":""},"categories":[75887,8253],"tags":[],"class_list":["post-1027","post","type-post","status-publish","format-standard","hentry","category-andlighet","category-bocker"],"acf":[],"yoast_head":"<!-- This site is optimized with the Yoast SEO plugin v27.1.1 - https:\/\/yoast.com\/product\/yoast-seo-wordpress\/ -->\n<title>Br\u00e5kdelen av en sekund av Carolina Johansson - Vandra V\u00e4gen<\/title>\n<meta name=\"robots\" content=\"index, follow, max-snippet:-1, max-image-preview:large, max-video-preview:-1\" \/>\n<link rel=\"canonical\" href=\"https:\/\/blogg.svenskakyrkan.se\/vandravagen\/2012\/06\/28\/brakdelen-av-en-sekund-av-carolina-johansson\/\" \/>\n<meta property=\"og:locale\" content=\"sv_SE\" \/>\n<meta property=\"og:type\" content=\"article\" \/>\n<meta property=\"og:title\" content=\"Br\u00e5kdelen av en sekund av Carolina Johansson - Vandra V\u00e4gen\" \/>\n<meta property=\"og:description\" content=\"Bra sommarl\u00e4sning! H\u00e4rom dagen s\u00e5g jag p\u00e5 Carolina Johanssons blogg\u00a0att hon delade ut gratisexemplar av sin bok &#8221;Br\u00e5kdelen av en sekund&#8221; och eftersom jag var en av de f\u00f6rsta att h\u00f6ra av mig fick jag en bok p\u00e5 posten n\u00e5gon dag senare.\u00a0Boken g\u00e5r f\u00f6rst\u00e5s att k\u00f6pa p\u00e5 n\u00e4tet ocks\u00e5. H\u00e4r eller h\u00e4r till exempel. Carolinas [&hellip;]\" \/>\n<meta property=\"og:url\" content=\"https:\/\/blogg.svenskakyrkan.se\/vandravagen\/2012\/06\/28\/brakdelen-av-en-sekund-av-carolina-johansson\/\" \/>\n<meta property=\"og:site_name\" content=\"Vandra V\u00e4gen\" \/>\n<meta property=\"article:publisher\" content=\"http:\/\/facebook.com\/vandravagen\" \/>\n<meta property=\"article:published_time\" content=\"2012-06-28T04:47:00+00:00\" \/>\n<meta property=\"og:image\" content=\"https:\/\/lh6.googleusercontent.com\/-cgDmuyNA9zM\/T-S3z7zCIII\/AAAAAAAAAPI\/yQ6w1B3KGDw\/s400\/blogger-image--741714851.jpg\" \/>\n<meta name=\"author\" content=\"Tomas Jarvid\" \/>\n<meta name=\"twitter:card\" content=\"summary_large_image\" \/>\n<meta name=\"twitter:creator\" content=\"@fadertomas\" \/>\n<meta name=\"twitter:site\" content=\"@fadertomas\" \/>\n<meta name=\"twitter:label1\" content=\"Skriven av\" \/>\n\t<meta name=\"twitter:data1\" content=\"Tomas Jarvid\" \/>\n\t<meta name=\"twitter:label2\" content=\"Ber\u00e4knad l\u00e4stid\" \/>\n\t<meta name=\"twitter:data2\" content=\"2 minuter\" \/>\n<script type=\"application\/ld+json\" class=\"yoast-schema-graph\">{\"@context\":\"https:\/\/schema.org\",\"@graph\":[{\"@type\":\"Article\",\"@id\":\"https:\/\/blogg.svenskakyrkan.se\/vandravagen\/2012\/06\/28\/brakdelen-av-en-sekund-av-carolina-johansson\/#article\",\"isPartOf\":{\"@id\":\"https:\/\/blogg.svenskakyrkan.se\/vandravagen\/2012\/06\/28\/brakdelen-av-en-sekund-av-carolina-johansson\/\"},\"author\":{\"name\":\"Tomas Jarvid\",\"@id\":\"https:\/\/blogg.svenskakyrkan.se\/vandravagen\/#\/schema\/person\/25da02d4f76b137d04291711e2c9fc16\"},\"headline\":\"Br\u00e5kdelen av en sekund av Carolina Johansson\",\"datePublished\":\"2012-06-28T04:47:00+00:00\",\"mainEntityOfPage\":{\"@id\":\"https:\/\/blogg.svenskakyrkan.se\/vandravagen\/2012\/06\/28\/brakdelen-av-en-sekund-av-carolina-johansson\/\"},\"wordCount\":400,\"commentCount\":0,\"publisher\":{\"@id\":\"https:\/\/blogg.svenskakyrkan.se\/vandravagen\/#organization\"},\"image\":{\"@id\":\"https:\/\/blogg.svenskakyrkan.se\/vandravagen\/2012\/06\/28\/brakdelen-av-en-sekund-av-carolina-johansson\/#primaryimage\"},\"thumbnailUrl\":\"https:\/\/lh6.googleusercontent.com\/-cgDmuyNA9zM\/T-S3z7zCIII\/AAAAAAAAAPI\/yQ6w1B3KGDw\/s400\/blogger-image--741714851.jpg\",\"articleSection\":[\"andlighet\",\"b\u00f6cker\"],\"inLanguage\":\"sv-SE\",\"potentialAction\":[{\"@type\":\"CommentAction\",\"name\":\"Comment\",\"target\":[\"https:\/\/blogg.svenskakyrkan.se\/vandravagen\/2012\/06\/28\/brakdelen-av-en-sekund-av-carolina-johansson\/#respond\"]}]},{\"@type\":\"WebPage\",\"@id\":\"https:\/\/blogg.svenskakyrkan.se\/vandravagen\/2012\/06\/28\/brakdelen-av-en-sekund-av-carolina-johansson\/\",\"url\":\"https:\/\/blogg.svenskakyrkan.se\/vandravagen\/2012\/06\/28\/brakdelen-av-en-sekund-av-carolina-johansson\/\",\"name\":\"Br\u00e5kdelen av en sekund av Carolina Johansson - Vandra V\u00e4gen\",\"isPartOf\":{\"@id\":\"https:\/\/blogg.svenskakyrkan.se\/vandravagen\/#website\"},\"primaryImageOfPage\":{\"@id\":\"https:\/\/blogg.svenskakyrkan.se\/vandravagen\/2012\/06\/28\/brakdelen-av-en-sekund-av-carolina-johansson\/#primaryimage\"},\"image\":{\"@id\":\"https:\/\/blogg.svenskakyrkan.se\/vandravagen\/2012\/06\/28\/brakdelen-av-en-sekund-av-carolina-johansson\/#primaryimage\"},\"thumbnailUrl\":\"https:\/\/lh6.googleusercontent.com\/-cgDmuyNA9zM\/T-S3z7zCIII\/AAAAAAAAAPI\/yQ6w1B3KGDw\/s400\/blogger-image--741714851.jpg\",\"datePublished\":\"2012-06-28T04:47:00+00:00\",\"breadcrumb\":{\"@id\":\"https:\/\/blogg.svenskakyrkan.se\/vandravagen\/2012\/06\/28\/brakdelen-av-en-sekund-av-carolina-johansson\/#breadcrumb\"},\"inLanguage\":\"sv-SE\",\"potentialAction\":[{\"@type\":\"ReadAction\",\"target\":[\"https:\/\/blogg.svenskakyrkan.se\/vandravagen\/2012\/06\/28\/brakdelen-av-en-sekund-av-carolina-johansson\/\"]}]},{\"@type\":\"ImageObject\",\"inLanguage\":\"sv-SE\",\"@id\":\"https:\/\/blogg.svenskakyrkan.se\/vandravagen\/2012\/06\/28\/brakdelen-av-en-sekund-av-carolina-johansson\/#primaryimage\",\"url\":\"https:\/\/lh6.googleusercontent.com\/-cgDmuyNA9zM\/T-S3z7zCIII\/AAAAAAAAAPI\/yQ6w1B3KGDw\/s400\/blogger-image--741714851.jpg\",\"contentUrl\":\"https:\/\/lh6.googleusercontent.com\/-cgDmuyNA9zM\/T-S3z7zCIII\/AAAAAAAAAPI\/yQ6w1B3KGDw\/s400\/blogger-image--741714851.jpg\"},{\"@type\":\"BreadcrumbList\",\"@id\":\"https:\/\/blogg.svenskakyrkan.se\/vandravagen\/2012\/06\/28\/brakdelen-av-en-sekund-av-carolina-johansson\/#breadcrumb\",\"itemListElement\":[{\"@type\":\"ListItem\",\"position\":1,\"name\":\"Hem\",\"item\":\"https:\/\/blogg.svenskakyrkan.se\/vandravagen\/\"},{\"@type\":\"ListItem\",\"position\":2,\"name\":\"Br\u00e5kdelen av en sekund av Carolina Johansson\"}]},{\"@type\":\"WebSite\",\"@id\":\"https:\/\/blogg.svenskakyrkan.se\/vandravagen\/#website\",\"url\":\"https:\/\/blogg.svenskakyrkan.se\/vandravagen\/\",\"name\":\"Vandra V\u00e4gen\",\"description\":\"-Mot en tro f\u00f6r hela livet\",\"publisher\":{\"@id\":\"https:\/\/blogg.svenskakyrkan.se\/vandravagen\/#organization\"},\"potentialAction\":[{\"@type\":\"SearchAction\",\"target\":{\"@type\":\"EntryPoint\",\"urlTemplate\":\"https:\/\/blogg.svenskakyrkan.se\/vandravagen\/?s={search_term_string}\"},\"query-input\":{\"@type\":\"PropertyValueSpecification\",\"valueRequired\":true,\"valueName\":\"search_term_string\"}}],\"inLanguage\":\"sv-SE\"},{\"@type\":\"Organization\",\"@id\":\"https:\/\/blogg.svenskakyrkan.se\/vandravagen\/#organization\",\"name\":\"ulricehamns pastorat\",\"alternateName\":\"ulricehamns pastorat\",\"url\":\"https:\/\/blogg.svenskakyrkan.se\/vandravagen\/\",\"logo\":{\"@type\":\"ImageObject\",\"inLanguage\":\"sv-SE\",\"@id\":\"https:\/\/blogg.svenskakyrkan.se\/vandravagen\/#\/schema\/logo\/image\/\",\"url\":\"https:\/\/blogg.svenskakyrkan.se\/vandravagen\/files\/2023\/05\/Ulr_logo_RGB.png\",\"contentUrl\":\"https:\/\/blogg.svenskakyrkan.se\/vandravagen\/files\/2023\/05\/Ulr_logo_RGB.png\",\"width\":205,\"height\":77,\"caption\":\"ulricehamns pastorat\"},\"image\":{\"@id\":\"https:\/\/blogg.svenskakyrkan.se\/vandravagen\/#\/schema\/logo\/image\/\"},\"sameAs\":[\"http:\/\/facebook.com\/vandravagen\",\"https:\/\/x.com\/fadertomas\",\"http:\/\/www.facebook.com\/svenskakyrkaniulricehamn\"]},{\"@type\":\"Person\",\"@id\":\"https:\/\/blogg.svenskakyrkan.se\/vandravagen\/#\/schema\/person\/25da02d4f76b137d04291711e2c9fc16\",\"name\":\"Tomas Jarvid\",\"image\":{\"@type\":\"ImageObject\",\"inLanguage\":\"sv-SE\",\"@id\":\"https:\/\/blogg.svenskakyrkan.se\/vandravagen\/#\/schema\/person\/image\/\",\"url\":\"https:\/\/secure.gravatar.com\/avatar\/7fa71899795e8f540f615a1f5ab25255dc27aa40f05ee7ddd21aac521e01bf50?s=96&d=identicon&r=g\",\"contentUrl\":\"https:\/\/secure.gravatar.com\/avatar\/7fa71899795e8f540f615a1f5ab25255dc27aa40f05ee7ddd21aac521e01bf50?s=96&d=identicon&r=g\",\"caption\":\"Tomas Jarvid\"},\"description\":\"Jag bor i Ulricehamn i V\u00e4sterg\u00f6tland och \u00e4r f\u00f6rsamlingspr\u00e4st i Svenska Kyrkan f\u00f6r Dalstorps f\u00f6rsamling i Kinds pastorat. P\u00e5 den h\u00e4r bloggen skriver jag ner tankar om vandringen som kristen.\",\"sameAs\":[\"http:\/\/www.vandravagen.se\"],\"url\":\"https:\/\/blogg.svenskakyrkan.se\/vandravagen\/author\/vandravagen\/\"}]}<\/script>\n<!-- \/ Yoast SEO plugin. -->","yoast_head_json":{"title":"Br\u00e5kdelen av en sekund av Carolina Johansson - Vandra V\u00e4gen","robots":{"index":"index","follow":"follow","max-snippet":"max-snippet:-1","max-image-preview":"max-image-preview:large","max-video-preview":"max-video-preview:-1"},"canonical":"https:\/\/blogg.svenskakyrkan.se\/vandravagen\/2012\/06\/28\/brakdelen-av-en-sekund-av-carolina-johansson\/","og_locale":"sv_SE","og_type":"article","og_title":"Br\u00e5kdelen av en sekund av Carolina Johansson - Vandra V\u00e4gen","og_description":"Bra sommarl\u00e4sning! H\u00e4rom dagen s\u00e5g jag p\u00e5 Carolina Johanssons blogg\u00a0att hon delade ut gratisexemplar av sin bok &#8221;Br\u00e5kdelen av en sekund&#8221; och eftersom jag var en av de f\u00f6rsta att h\u00f6ra av mig fick jag en bok p\u00e5 posten n\u00e5gon dag senare.\u00a0Boken g\u00e5r f\u00f6rst\u00e5s att k\u00f6pa p\u00e5 n\u00e4tet ocks\u00e5. H\u00e4r eller h\u00e4r till exempel. Carolinas [&hellip;]","og_url":"https:\/\/blogg.svenskakyrkan.se\/vandravagen\/2012\/06\/28\/brakdelen-av-en-sekund-av-carolina-johansson\/","og_site_name":"Vandra V\u00e4gen","article_publisher":"http:\/\/facebook.com\/vandravagen","article_published_time":"2012-06-28T04:47:00+00:00","og_image":[{"url":"https:\/\/lh6.googleusercontent.com\/-cgDmuyNA9zM\/T-S3z7zCIII\/AAAAAAAAAPI\/yQ6w1B3KGDw\/s400\/blogger-image--741714851.jpg","type":"","width":"","height":""}],"author":"Tomas Jarvid","twitter_card":"summary_large_image","twitter_creator":"@fadertomas","twitter_site":"@fadertomas","twitter_misc":{"Skriven av":"Tomas Jarvid","Ber\u00e4knad l\u00e4stid":"2 minuter"},"schema":{"@context":"https:\/\/schema.org","@graph":[{"@type":"Article","@id":"https:\/\/blogg.svenskakyrkan.se\/vandravagen\/2012\/06\/28\/brakdelen-av-en-sekund-av-carolina-johansson\/#article","isPartOf":{"@id":"https:\/\/blogg.svenskakyrkan.se\/vandravagen\/2012\/06\/28\/brakdelen-av-en-sekund-av-carolina-johansson\/"},"author":{"name":"Tomas Jarvid","@id":"https:\/\/blogg.svenskakyrkan.se\/vandravagen\/#\/schema\/person\/25da02d4f76b137d04291711e2c9fc16"},"headline":"Br\u00e5kdelen av en sekund av Carolina Johansson","datePublished":"2012-06-28T04:47:00+00:00","mainEntityOfPage":{"@id":"https:\/\/blogg.svenskakyrkan.se\/vandravagen\/2012\/06\/28\/brakdelen-av-en-sekund-av-carolina-johansson\/"},"wordCount":400,"commentCount":0,"publisher":{"@id":"https:\/\/blogg.svenskakyrkan.se\/vandravagen\/#organization"},"image":{"@id":"https:\/\/blogg.svenskakyrkan.se\/vandravagen\/2012\/06\/28\/brakdelen-av-en-sekund-av-carolina-johansson\/#primaryimage"},"thumbnailUrl":"https:\/\/lh6.googleusercontent.com\/-cgDmuyNA9zM\/T-S3z7zCIII\/AAAAAAAAAPI\/yQ6w1B3KGDw\/s400\/blogger-image--741714851.jpg","articleSection":["andlighet","b\u00f6cker"],"inLanguage":"sv-SE","potentialAction":[{"@type":"CommentAction","name":"Comment","target":["https:\/\/blogg.svenskakyrkan.se\/vandravagen\/2012\/06\/28\/brakdelen-av-en-sekund-av-carolina-johansson\/#respond"]}]},{"@type":"WebPage","@id":"https:\/\/blogg.svenskakyrkan.se\/vandravagen\/2012\/06\/28\/brakdelen-av-en-sekund-av-carolina-johansson\/","url":"https:\/\/blogg.svenskakyrkan.se\/vandravagen\/2012\/06\/28\/brakdelen-av-en-sekund-av-carolina-johansson\/","name":"Br\u00e5kdelen av en sekund av Carolina Johansson - Vandra V\u00e4gen","isPartOf":{"@id":"https:\/\/blogg.svenskakyrkan.se\/vandravagen\/#website"},"primaryImageOfPage":{"@id":"https:\/\/blogg.svenskakyrkan.se\/vandravagen\/2012\/06\/28\/brakdelen-av-en-sekund-av-carolina-johansson\/#primaryimage"},"image":{"@id":"https:\/\/blogg.svenskakyrkan.se\/vandravagen\/2012\/06\/28\/brakdelen-av-en-sekund-av-carolina-johansson\/#primaryimage"},"thumbnailUrl":"https:\/\/lh6.googleusercontent.com\/-cgDmuyNA9zM\/T-S3z7zCIII\/AAAAAAAAAPI\/yQ6w1B3KGDw\/s400\/blogger-image--741714851.jpg","datePublished":"2012-06-28T04:47:00+00:00","breadcrumb":{"@id":"https:\/\/blogg.svenskakyrkan.se\/vandravagen\/2012\/06\/28\/brakdelen-av-en-sekund-av-carolina-johansson\/#breadcrumb"},"inLanguage":"sv-SE","potentialAction":[{"@type":"ReadAction","target":["https:\/\/blogg.svenskakyrkan.se\/vandravagen\/2012\/06\/28\/brakdelen-av-en-sekund-av-carolina-johansson\/"]}]},{"@type":"ImageObject","inLanguage":"sv-SE","@id":"https:\/\/blogg.svenskakyrkan.se\/vandravagen\/2012\/06\/28\/brakdelen-av-en-sekund-av-carolina-johansson\/#primaryimage","url":"https:\/\/lh6.googleusercontent.com\/-cgDmuyNA9zM\/T-S3z7zCIII\/AAAAAAAAAPI\/yQ6w1B3KGDw\/s400\/blogger-image--741714851.jpg","contentUrl":"https:\/\/lh6.googleusercontent.com\/-cgDmuyNA9zM\/T-S3z7zCIII\/AAAAAAAAAPI\/yQ6w1B3KGDw\/s400\/blogger-image--741714851.jpg"},{"@type":"BreadcrumbList","@id":"https:\/\/blogg.svenskakyrkan.se\/vandravagen\/2012\/06\/28\/brakdelen-av-en-sekund-av-carolina-johansson\/#breadcrumb","itemListElement":[{"@type":"ListItem","position":1,"name":"Hem","item":"https:\/\/blogg.svenskakyrkan.se\/vandravagen\/"},{"@type":"ListItem","position":2,"name":"Br\u00e5kdelen av en sekund av Carolina Johansson"}]},{"@type":"WebSite","@id":"https:\/\/blogg.svenskakyrkan.se\/vandravagen\/#website","url":"https:\/\/blogg.svenskakyrkan.se\/vandravagen\/","name":"Vandra V\u00e4gen","description":"-Mot en tro f\u00f6r hela livet","publisher":{"@id":"https:\/\/blogg.svenskakyrkan.se\/vandravagen\/#organization"},"potentialAction":[{"@type":"SearchAction","target":{"@type":"EntryPoint","urlTemplate":"https:\/\/blogg.svenskakyrkan.se\/vandravagen\/?s={search_term_string}"},"query-input":{"@type":"PropertyValueSpecification","valueRequired":true,"valueName":"search_term_string"}}],"inLanguage":"sv-SE"},{"@type":"Organization","@id":"https:\/\/blogg.svenskakyrkan.se\/vandravagen\/#organization","name":"ulricehamns pastorat","alternateName":"ulricehamns pastorat","url":"https:\/\/blogg.svenskakyrkan.se\/vandravagen\/","logo":{"@type":"ImageObject","inLanguage":"sv-SE","@id":"https:\/\/blogg.svenskakyrkan.se\/vandravagen\/#\/schema\/logo\/image\/","url":"https:\/\/blogg.svenskakyrkan.se\/vandravagen\/files\/2023\/05\/Ulr_logo_RGB.png","contentUrl":"https:\/\/blogg.svenskakyrkan.se\/vandravagen\/files\/2023\/05\/Ulr_logo_RGB.png","width":205,"height":77,"caption":"ulricehamns pastorat"},"image":{"@id":"https:\/\/blogg.svenskakyrkan.se\/vandravagen\/#\/schema\/logo\/image\/"},"sameAs":["http:\/\/facebook.com\/vandravagen","https:\/\/x.com\/fadertomas","http:\/\/www.facebook.com\/svenskakyrkaniulricehamn"]},{"@type":"Person","@id":"https:\/\/blogg.svenskakyrkan.se\/vandravagen\/#\/schema\/person\/25da02d4f76b137d04291711e2c9fc16","name":"Tomas Jarvid","image":{"@type":"ImageObject","inLanguage":"sv-SE","@id":"https:\/\/blogg.svenskakyrkan.se\/vandravagen\/#\/schema\/person\/image\/","url":"https:\/\/secure.gravatar.com\/avatar\/7fa71899795e8f540f615a1f5ab25255dc27aa40f05ee7ddd21aac521e01bf50?s=96&d=identicon&r=g","contentUrl":"https:\/\/secure.gravatar.com\/avatar\/7fa71899795e8f540f615a1f5ab25255dc27aa40f05ee7ddd21aac521e01bf50?s=96&d=identicon&r=g","caption":"Tomas Jarvid"},"description":"Jag bor i Ulricehamn i V\u00e4sterg\u00f6tland och \u00e4r f\u00f6rsamlingspr\u00e4st i Svenska Kyrkan f\u00f6r Dalstorps f\u00f6rsamling i Kinds pastorat. P\u00e5 den h\u00e4r bloggen skriver jag ner tankar om vandringen som kristen.","sameAs":["http:\/\/www.vandravagen.se"],"url":"https:\/\/blogg.svenskakyrkan.se\/vandravagen\/author\/vandravagen\/"}]}},"author_meta":{"ID":"392","user_nicename":"vandravagen","user_url":"http:\/\/www.vandravagen.se","user_registered":"2014-05-19 05:44:52","display_name":"Tomas Jarvid","first_name":"Tomas","last_name":"Jarvid","avatar":"https:\/\/secure.gravatar.com\/avatar\/7fa71899795e8f540f615a1f5ab25255dc27aa40f05ee7ddd21aac521e01bf50?s=96&d=identicon&r=g"},"featured_image":false,"bloginfo":{"name":"Vandra V\u00e4gen","url":"https:\/\/blogg.svenskakyrkan.se\/vandravagen"},"_links":{"self":[{"href":"https:\/\/blogg.svenskakyrkan.se\/vandravagen\/wp-json\/wp\/v2\/posts\/1027","targetHints":{"allow":["GET"]}}],"collection":[{"href":"https:\/\/blogg.svenskakyrkan.se\/vandravagen\/wp-json\/wp\/v2\/posts"}],"about":[{"href":"https:\/\/blogg.svenskakyrkan.se\/vandravagen\/wp-json\/wp\/v2\/types\/post"}],"author":[{"embeddable":true,"href":"https:\/\/blogg.svenskakyrkan.se\/vandravagen\/wp-json\/wp\/v2\/users\/392"}],"replies":[{"embeddable":true,"href":"https:\/\/blogg.svenskakyrkan.se\/vandravagen\/wp-json\/wp\/v2\/comments?post=1027"}],"version-history":[{"count":0,"href":"https:\/\/blogg.svenskakyrkan.se\/vandravagen\/wp-json\/wp\/v2\/posts\/1027\/revisions"}],"wp:attachment":[{"href":"https:\/\/blogg.svenskakyrkan.se\/vandravagen\/wp-json\/wp\/v2\/media?parent=1027"}],"wp:term":[{"taxonomy":"category","embeddable":true,"href":"https:\/\/blogg.svenskakyrkan.se\/vandravagen\/wp-json\/wp\/v2\/categories?post=1027"},{"taxonomy":"post_tag","embeddable":true,"href":"https:\/\/blogg.svenskakyrkan.se\/vandravagen\/wp-json\/wp\/v2\/tags?post=1027"}],"curies":[{"name":"wp","href":"https:\/\/api.w.org\/{rel}","templated":true}]}}