{"id":10303,"date":"2025-02-25T13:16:44","date_gmt":"2025-02-25T12:16:44","guid":{"rendered":"https:\/\/blogg.svenskakyrkan.se\/vandravagen\/?p=10303"},"modified":"2025-02-25T13:16:46","modified_gmt":"2025-02-25T12:16:46","slug":"vad-betyder-det-att-jesus-gar-pa-vattnet","status":"publish","type":"post","link":"https:\/\/blogg.svenskakyrkan.se\/vandravagen\/2025\/02\/25\/vad-betyder-det-att-jesus-gar-pa-vattnet\/","title":{"rendered":"Vad betyder det att Jesus g\u00e5r p\u00e5 vattnet?"},"content":{"rendered":"\n<p class=\"is-style-intro\">Vi tar en n\u00e4rmare titt p\u00e5 ett av Jesus k\u00e4nda underverk!<\/p>\n\n\n\n<p>F\u00f6r ett tag sedan st\u00f6tte jag p\u00e5 ett sp\u00e4nnande historiskt fakta. Att \u00e4ven den romerske kejsaren Caligula (k\u00e4nd f\u00f6r sin grymhet och f\u00f6r m\u00e5nga m\u00e4rkliga infall) \u00e5r 39 gav sig p\u00e5 att g\u00e5 p\u00e5 vatten!<\/p>\n\n\n\n<h2 class=\"wp-block-heading\">Kejsar Caligula g\u00e5r p\u00e5 vatten<\/h2>\n\n\n\n<p>Caligula l\u00e4t ordna s\u00e5 att b\u00e5t lades vid b\u00e5t med bro mellan hela v\u00e4gen \u00f6ver bukten i Neapel. Han tog sedan p\u00e5 sig en gyllene kappa och red \u00f6ver denna v\u00e4g \u00f6ver havet. Dagen d\u00e4rp\u00e5 red han \u00e4ven \u00f6ver med sin stridsvagn. <\/p>\n\n\n\n<p>P\u00e5 detta s\u00e4tt menade Caligula att han hade <strong>visat hur gudomlig han var<\/strong> genom att kunna g\u00e5 p\u00e5 vatten! Att vattnet var s\u00e5 lugnt den dagen f\u00f6rklarade han med att sj\u00e4lva havsguden Neptunus var r\u00e4dd f\u00f6r honom. <\/p>\n\n\n\n<p>Det finns \u00e4ven en ber\u00f6md ber\u00e4ttelse om hur Caligula f\u00f6rklarade krig mot havet och l\u00e4t sina soldater st\u00e5 och hugga p\u00e5 det tills han f\u00f6rklarade sig som segrare.<\/p>\n\n\n\n<h2 class=\"wp-block-heading\">Gudomligt att g\u00e5 p\u00e5 vatten<\/h2>\n\n\n\n<p>I en artikel jag l\u00e4st av Pieter J. Lalleman \u00e4r detta ett av en handfull exempel p\u00e5 m\u00e4nniskors f\u00f6rs\u00f6k att g\u00e5 p\u00e5 vatten genom tiderna. Det tillskrivs perserkungen Xerxes att ha marcherat \u00f6ver Hellesponten med sin arm\u00e9 p\u00e5 en pontonbro, Alexander den store ska ha varit med om att havet delat p\u00e5 sig n\u00e4r han ville komma fram likt f\u00f6r Moses. <\/p>\n\n\n\n<p>Anledningen f\u00f6r s\u00e5na som dessa m\u00e4n torde vara att visa hur gudomliga gestalter de \u00e4r! <strong>Sj\u00e4lvaste havsguden Poseidon\/Neptunus<\/strong> gick p\u00e5 vatten och gav den g\u00e5van till s\u00e4rskilt utvalda s\u00e5som Herakles. <\/p>\n\n\n\n<h2 class=\"wp-block-heading\">Korkf\u00f6tterna<\/h2>\n\n\n\n<p>Men Lalleman skriver ocks\u00e5 att man kan se en stark \u00f6kning i ber\u00e4ttelser om m\u00e4nniskor som g\u00e5r p\u00e5 vatten sedan ber\u00e4ttelsen om hur Jesus gjorde det blev k\u00e4nd i sin samtid! <\/p>\n\n\n\n<p>Det finns till och med en viss Lucianus som skriver en h\u00e5nfull ber\u00e4ttelse <strong>om ett folk med f\u00f6tter av kork som g\u00e5r \u00f6ver havet hem till sitt hemland Korkistan<\/strong>. F\u00f6rmodligen f\u00f6r att g\u00f6ra narr av de kristna.<\/p>\n\n\n\n<h2 class=\"wp-block-heading\">Jesus g\u00e5r p\u00e5 vatten<\/h2>\n\n\n\n<p>Vad g\u00e4ller Jesus vandring p\u00e5 v\u00e5gorna p\u00e5 den galileiska sj\u00f6n (som finns i mark 6:45-52, Matt 14:22-27 and Joh 6:16-21) s\u00e5 m\u00e5ste allts\u00e5 en ickejude vid den tiden ha uppfattat ber\u00e4ttelserna som <strong>vittnesb\u00f6rd om Jesus gudomlighet<\/strong>. Jesus g\u00e5r ju helt utan n\u00e5gra yttre anordningar, bara av egen kraft. <\/p>\n\n\n\n<p>En jude som l\u00e4ste om hur Jesus g\u00e5r p\u00e5 vatten borde f\u00e5tt samma tankar. <\/p>\n\n\n\n<p>Med m\u00e5nga av Jesus underverk \u00e4r det s\u00e5 att han upprepar s\u00e5dant som exempelvis Mose eller Elia har gjort i gamla testamentet <strong>men det finns ingen d\u00e4r som g\u00e5r p\u00e5 vatten<\/strong>. De enda h\u00e4nvisningar som finns till n\u00e5gon som g\u00e5r p\u00e5 vattnet handlar om Gud. <\/p>\n\n\n\n<blockquote class=\"wp-block-quote is-layout-flow wp-block-quote-is-layout-flow\">\n<p>Han ensam sp\u00e4nner ut himlarna och skrider fram \u00f6ver havets rygg. (Job 9:8, folkbibeln)<\/p>\n<\/blockquote>\n\n\n\n<p class=\"is-style-default\">Andra bibelst\u00e4llen som n\u00e4mns \u00e4r Job 38:16 och Habackuk 3:12-15. <\/p>\n\n\n\n<p class=\"is-style-default\">De stora vattnen \u00e4r ocks\u00e5 symboliskt laddade eftersom en m\u00e4nniska inte kan leva i havsdjupen. Gud \u00e4r den som h\u00e5ller de farliga krafterna st\u00e5ngen. <\/p>\n\n\n\n<p>\u00c4ven i gamla testamentet \u00e4r det allts\u00e5 ett tecken p\u00e5 gudomlighet att g\u00e5 p\u00e5 vattnet! Men i de ber\u00e4ttelser vi har om Jesus s\u00e5 g\u00e5r han inte p\u00e5 vattnet f\u00f6r att imponera (som Caligula &amp; co) utan f\u00f6r att hj\u00e4lpa sina l\u00e4rjungar!<\/p>\n\n\n\n<h2 class=\"wp-block-heading\">Jesus g\u00e5r f\u00f6rbi?<\/h2>\n\n\n\n<p>Vi kan ocks\u00e5 notera att det st\u00e5r i Mark 6:48b att Jesus &#8221;skulle g\u00e5 f\u00f6rbi dem&#8221;. Det tycker vi kanske \u00e4r en konstig detalj f\u00f6r han borde v\u00e4l snarare g\u00e5 till dem? <\/p>\n\n\n\n<p>Men \u00e4ven detta \u00e4r en h\u00e4nvisning. Just till andra &#8221;teofanier&#8221;, tillf\u00e4llen i bibeln d\u00e5 Gud visar sig f\u00f6r m\u00e4nniskor. Det st\u00e5r i 2 mos 33:19, 22, 34:36 om n\u00e4r Gud visar sig f\u00f6r Mose genom att g\u00e5 f\u00f6rbi s\u00e5 att Mose kan &#8221;sk\u00e5da Gud p\u00e5 ryggen&#8221;. P\u00e5 liknande s\u00e4tt st\u00e5r det i 1 kung 19:11 om d\u00e5 Gud kommer till Elia p\u00e5 berget Horeb. Mose och Elia \u00e4r i ett l\u00e4ge d\u00e4r de verkligen beh\u00f6ver st\u00f6det av Guds n\u00e4rvaro.<\/p>\n\n\n\n<h2 class=\"wp-block-heading\">Det \u00c4R JAG<\/h2>\n\n\n\n<p>\u00c4ven l\u00e4rjungarna befinner sig i en sv\u00e5r situation d\u00e4r de k\u00e4mpar med v\u00e5gorna p\u00e5 sin lilla b\u00e5t i natten n\u00e4r Jesus kommer g\u00e5ende och visar att han \u00e4r med dem. Jesus gudomlighet m\u00e4rks ocks\u00e5 i svaret till l\u00e4rjungarna (mark 6:50): &#8221;Var lugna det \u00c4R JAG. Var inte r\u00e4dda&#8221; D\u00e4r \u00c4R JAG anspelar p\u00e5 Guds heliga namn. Sedan l\u00e4gger sig vinden. <\/p>\n\n\n\n<p>Sammantaget handlar ber\u00e4ttelserna om hur Jesus g\u00e5r p\u00e5 vattnet om hur hans gudomlighet uppenbaras f\u00f6r l\u00e4rjungarna och det sker p\u00e5 ett s\u00e4tt som \u00e4r till f\u00f6r att hj\u00e4lpa dem i deras sv\u00e5ra situation. <\/p>\n\n\n\n<p>Vad har du f\u00f6r tankar om n\u00e4r Jesus g\u00e5r p\u00e5 vattnet? Skriv en kommentar!<\/p>\n\n\n<div id=\"related-posts-block_d1c412f36ee659eb3fad35cf1c4fa346\"  class=\"b-related-posts alignfull\">\n    <div class=\"acf-innerblocks-container\">\n\n<h2 class=\"wp-block-heading\">Liknande inl\u00e4gg<\/h2>\n\n<\/div>\n    \n    \n    <div class=\"wp-block-query alignfull is-layout-flow wp-block-query-is-layout-flow\">\n        <ul class=\"is-flex-container columns-3 alignfull related-posts__content wp-block-post-template is-layout-flow wp-block-post-template-is-layout-flow\"><li class=\"wp-block-post post-10681 post type-post status-publish format-standard has-post-thumbnail hentry category-bibel category-bibeln category-film category-historia tag-anakin tag-betlehem tag-bibeln tag-david tag-jesus tag-jul tag-kristen tag-kristen-tro tag-kung-david tag-kyrka tag-kyrkan tag-luke tag-oken tag-plats tag-rakel tag-rut tag-ruth tag-skywalker tag-tatooine\">\n            \n            <div class=\"wp-block-group post__content is-layout-flow wp-block-group-is-layout-flow\">\n                <figure style=\"margin-bottom:var(--wp--preset--spacing--50);\" class=\"wp-block-post-featured-image\"><a href=\"https:\/\/blogg.svenskakyrkan.se\/vandravagen\/2026\/03\/06\/betlehem-ar-bibelns-tatooine\/\" target=\"_self\"  ><img loading=\"lazy\" decoding=\"async\" width=\"1265\" height=\"631\" src=\"https:\/\/blogg.svenskakyrkan.se\/vandravagen\/files\/2026\/03\/cylonka.jpg\" class=\"attachment-post-thumbnail size-post-thumbnail wp-post-image\" alt=\"Betlehem \u00e4r bibelns Tatooine\" style=\"object-fit:cover;\" srcset=\"https:\/\/blogg.svenskakyrkan.se\/vandravagen\/files\/2026\/03\/cylonka.jpg 1265w, https:\/\/blogg.svenskakyrkan.se\/vandravagen\/files\/2026\/03\/cylonka-300x150.jpg 300w, https:\/\/blogg.svenskakyrkan.se\/vandravagen\/files\/2026\/03\/cylonka-1024x511.jpg 1024w, https:\/\/blogg.svenskakyrkan.se\/vandravagen\/files\/2026\/03\/cylonka-768x383.jpg 768w, https:\/\/blogg.svenskakyrkan.se\/vandravagen\/files\/2026\/03\/cylonka-1200x599.jpg 1200w\" sizes=\"auto, (max-width: 1265px) 100vw, 1265px\" \/><\/a><\/figure>\n                <h2 class=\"wp-block-post-title has-h-3-font-size\"><a href=\"https:\/\/blogg.svenskakyrkan.se\/vandravagen\/2026\/03\/06\/betlehem-ar-bibelns-tatooine\/\" target=\"_self\" >Betlehem \u00e4r bibelns Tatooine<\/a><\/h2>\n                <div class=\"wp-block-post-date\"><time datetime=\"2026-03-06T13:25:48+01:00\">6 mars, 2026<\/time><\/div>\n                <div class=\"wp-block-post-excerpt\"><p class=\"wp-block-post-excerpt__excerpt\">En plats d\u00e4r man varit f\u00f6rut!<\/p><\/div>\n            <\/div>\n            \n        <\/li><li class=\"wp-block-post post-10708 post type-post status-publish format-standard has-post-thumbnail hentry category-bibel category-bibeln category-vara-manniska tag-abel tag-amy-cuddy tag-bibeln tag-hallning tag-jesus tag-kain tag-kristen tag-kristen-tro tag-krokryggiga tag-kropp-och-sjal tag-kroppen tag-kroppshallning tag-kroppssprak tag-kyrka tag-kyrkan tag-skapelsen tag-ted tag-ted-talk\">\n            \n            <div class=\"wp-block-group post__content is-layout-flow wp-block-group-is-layout-flow\">\n                <figure style=\"margin-bottom:var(--wp--preset--spacing--50);\" class=\"wp-block-post-featured-image\"><a href=\"https:\/\/blogg.svenskakyrkan.se\/vandravagen\/2026\/01\/20\/kroppsprak-i-bibeln\/\" target=\"_self\"  ><img loading=\"lazy\" decoding=\"async\" width=\"1024\" height=\"576\" src=\"https:\/\/blogg.svenskakyrkan.se\/vandravagen\/files\/2026\/01\/kroppsprak.jpg\" class=\"attachment-post-thumbnail size-post-thumbnail wp-post-image\" alt=\"Kroppspr\u00e5k i bibeln\" style=\"object-fit:cover;\" srcset=\"https:\/\/blogg.svenskakyrkan.se\/vandravagen\/files\/2026\/01\/kroppsprak.jpg 1024w, https:\/\/blogg.svenskakyrkan.se\/vandravagen\/files\/2026\/01\/kroppsprak-300x169.jpg 300w, https:\/\/blogg.svenskakyrkan.se\/vandravagen\/files\/2026\/01\/kroppsprak-768x432.jpg 768w\" sizes=\"auto, (max-width: 1024px) 100vw, 1024px\" \/><\/a><\/figure>\n                <h2 class=\"wp-block-post-title has-h-3-font-size\"><a href=\"https:\/\/blogg.svenskakyrkan.se\/vandravagen\/2026\/01\/20\/kroppsprak-i-bibeln\/\" target=\"_self\" >Kroppspr\u00e5k i bibeln<\/a><\/h2>\n                <div class=\"wp-block-post-date\"><time datetime=\"2026-01-20T08:51:22+01:00\">20 januari, 2026<\/time><\/div>\n                <div class=\"wp-block-post-excerpt\"><p class=\"wp-block-post-excerpt__excerpt\">Om att landa i kroppen och komma till besinning<\/p><\/div>\n            <\/div>\n            \n        <\/li><li class=\"wp-block-post post-10702 post type-post status-publish format-standard has-post-thumbnail hentry category-bibeln category-josef category-jul tag-betlehem tag-bibeln tag-jesus tag-jesusbarnet tag-josef tag-josf tag-jul tag-kristen tag-kristen-tro tag-krubba tag-kyrka tag-kyrkan tag-lukas tag-maria tag-matteus tag-skattskrivning tag-stall tag-trolovning tag-trolovningen\">\n            \n            <div class=\"wp-block-group post__content is-layout-flow wp-block-group-is-layout-flow\">\n                <figure style=\"margin-bottom:var(--wp--preset--spacing--50);\" class=\"wp-block-post-featured-image\"><a href=\"https:\/\/blogg.svenskakyrkan.se\/vandravagen\/2026\/01\/12\/josef-och-marias-trolovning\/\" target=\"_self\"  ><img loading=\"lazy\" decoding=\"async\" width=\"770\" height=\"1024\" src=\"https:\/\/blogg.svenskakyrkan.se\/vandravagen\/files\/2026\/01\/josef-bar.jpg\" class=\"attachment-post-thumbnail size-post-thumbnail wp-post-image\" alt=\"Josef och Marias trolovning\" style=\"object-fit:cover;\" srcset=\"https:\/\/blogg.svenskakyrkan.se\/vandravagen\/files\/2026\/01\/josef-bar.jpg 770w, https:\/\/blogg.svenskakyrkan.se\/vandravagen\/files\/2026\/01\/josef-bar-300x399.jpg 300w, https:\/\/blogg.svenskakyrkan.se\/vandravagen\/files\/2026\/01\/josef-bar-768x1021.jpg 768w\" sizes=\"auto, (max-width: 770px) 100vw, 770px\" \/><\/a><\/figure>\n                <h2 class=\"wp-block-post-title has-h-3-font-size\"><a href=\"https:\/\/blogg.svenskakyrkan.se\/vandravagen\/2026\/01\/12\/josef-och-marias-trolovning\/\" target=\"_self\" >Josef och Marias trolovning<\/a><\/h2>\n                <div class=\"wp-block-post-date\"><time datetime=\"2026-01-12T09:32:28+01:00\">12 januari, 2026<\/time><\/div>\n                <div class=\"wp-block-post-excerpt\"><p class=\"wp-block-post-excerpt__excerpt\">Om att Jesus trots allt var f\u00f6dd inom \u00e4ktenskapet<\/p><\/div>\n            <\/div>\n            \n        <\/li><\/ul>\n        \n    <\/div>\n    <\/div>\n","protected":false},"excerpt":{"rendered":"<p>Vi tar en n\u00e4rmare titt p\u00e5 ett av Jesus k\u00e4nda underverk! F\u00f6r ett tag sedan st\u00f6tte jag p\u00e5 ett sp\u00e4nnande historiskt fakta. Att \u00e4ven den romerske kejsaren Caligula (k\u00e4nd f\u00f6r sin grymhet och f\u00f6r m\u00e5nga m\u00e4rkliga infall) \u00e5r 39 gav sig p\u00e5 att g\u00e5 p\u00e5 vatten! Kejsar Caligula g\u00e5r p\u00e5 vatten Caligula l\u00e4t ordna s\u00e5 [&hellip;]<\/p>\n","protected":false},"author":392,"featured_media":10310,"comment_status":"open","ping_status":"open","sticky":false,"template":"","format":"standard","meta":{"_acf_changed":false,"footnotes":""},"categories":[14252,8298],"tags":[83926,84716,84725,84718,84719,84724,83878,84715,84722,83880,83879,83901,83890,84721,84723,84720,83922,84726,84717,84130],"class_list":["post-10303","post","type-post","status-publish","format-standard","has-post-thumbnail","hentry","category-bibel","category-bibeln","tag-bibeln","tag-caligula","tag-epifani","tag-ga","tag-gudomlig","tag-jag-ar","tag-jesus","tag-kaos","tag-korkfotter","tag-kristen","tag-kristen-tro","tag-kyrka","tag-kyrkan","tag-lalleman","tag-lucianus","tag-poseidon","tag-skapelsen","tag-theofani","tag-underverk","tag-vatten"],"acf":[],"yoast_head":"<!-- This site is optimized with the Yoast SEO plugin v27.1.1 - https:\/\/yoast.com\/product\/yoast-seo-wordpress\/ -->\n<title>Vad betyder det att Jesus g\u00e5r p\u00e5 vattnet? - Vandra V\u00e4gen<\/title>\n<meta name=\"description\" content=\"Vi f\u00f6rst\u00e5r vad det betyder att Jesus g\u00e5r p\u00e5 vattnet som n\u00e5got gudomligt. \u00c4ven kejsare Caligula och Poseidon var &quot;gick p\u00e5 vattnet!&quot;.\" \/>\n<meta name=\"robots\" content=\"index, follow, max-snippet:-1, max-image-preview:large, max-video-preview:-1\" \/>\n<link rel=\"canonical\" href=\"https:\/\/blogg.svenskakyrkan.se\/vandravagen\/2025\/02\/25\/vad-betyder-det-att-jesus-gar-pa-vattnet\/\" \/>\n<meta property=\"og:locale\" content=\"sv_SE\" \/>\n<meta property=\"og:type\" content=\"article\" \/>\n<meta property=\"og:title\" content=\"Vad betyder det att Jesus g\u00e5r p\u00e5 vattnet? - Vandra V\u00e4gen\" \/>\n<meta property=\"og:description\" content=\"Vi f\u00f6rst\u00e5r vad det betyder att Jesus g\u00e5r p\u00e5 vattnet som n\u00e5got gudomligt. \u00c4ven kejsare Caligula och Poseidon var &quot;gick p\u00e5 vattnet!&quot;.\" \/>\n<meta property=\"og:url\" content=\"https:\/\/blogg.svenskakyrkan.se\/vandravagen\/2025\/02\/25\/vad-betyder-det-att-jesus-gar-pa-vattnet\/\" \/>\n<meta property=\"og:site_name\" content=\"Vandra V\u00e4gen\" \/>\n<meta property=\"article:publisher\" content=\"http:\/\/facebook.com\/vandravagen\" \/>\n<meta property=\"article:published_time\" content=\"2025-02-25T12:16:44+00:00\" \/>\n<meta property=\"article:modified_time\" content=\"2025-02-25T12:16:46+00:00\" \/>\n<meta property=\"og:image\" content=\"http:\/\/blogg.svenskakyrkan.se\/vandravagen\/files\/2025\/02\/Jesus_Christ_Walking_on_Water_Hand-Painted_Byzantine_Icon_04-600x767-1.jpg\" \/>\n\t<meta property=\"og:image:width\" content=\"600\" \/>\n\t<meta property=\"og:image:height\" content=\"767\" \/>\n\t<meta property=\"og:image:type\" content=\"image\/jpeg\" \/>\n<meta name=\"author\" content=\"Tomas Jarvid\" \/>\n<meta name=\"twitter:card\" content=\"summary_large_image\" \/>\n<meta name=\"twitter:creator\" content=\"@fadertomas\" \/>\n<meta name=\"twitter:site\" content=\"@fadertomas\" \/>\n<meta name=\"twitter:label1\" content=\"Skriven av\" \/>\n\t<meta name=\"twitter:data1\" content=\"Tomas Jarvid\" \/>\n\t<meta name=\"twitter:label2\" content=\"Ber\u00e4knad l\u00e4stid\" \/>\n\t<meta name=\"twitter:data2\" content=\"4 minuter\" \/>\n<script type=\"application\/ld+json\" class=\"yoast-schema-graph\">{\"@context\":\"https:\/\/schema.org\",\"@graph\":[{\"@type\":\"Article\",\"@id\":\"https:\/\/blogg.svenskakyrkan.se\/vandravagen\/2025\/02\/25\/vad-betyder-det-att-jesus-gar-pa-vattnet\/#article\",\"isPartOf\":{\"@id\":\"https:\/\/blogg.svenskakyrkan.se\/vandravagen\/2025\/02\/25\/vad-betyder-det-att-jesus-gar-pa-vattnet\/\"},\"author\":{\"name\":\"Tomas Jarvid\",\"@id\":\"https:\/\/blogg.svenskakyrkan.se\/vandravagen\/#\/schema\/person\/25da02d4f76b137d04291711e2c9fc16\"},\"headline\":\"Vad betyder det att Jesus g\u00e5r p\u00e5 vattnet?\",\"datePublished\":\"2025-02-25T12:16:44+00:00\",\"dateModified\":\"2025-02-25T12:16:46+00:00\",\"mainEntityOfPage\":{\"@id\":\"https:\/\/blogg.svenskakyrkan.se\/vandravagen\/2025\/02\/25\/vad-betyder-det-att-jesus-gar-pa-vattnet\/\"},\"wordCount\":881,\"commentCount\":0,\"publisher\":{\"@id\":\"https:\/\/blogg.svenskakyrkan.se\/vandravagen\/#organization\"},\"image\":{\"@id\":\"https:\/\/blogg.svenskakyrkan.se\/vandravagen\/2025\/02\/25\/vad-betyder-det-att-jesus-gar-pa-vattnet\/#primaryimage\"},\"thumbnailUrl\":\"https:\/\/blogg.svenskakyrkan.se\/vandravagen\/files\/2025\/02\/Jesus_Christ_Walking_on_Water_Hand-Painted_Byzantine_Icon_04-600x767-1.jpg\",\"keywords\":[\"bibeln\",\"caligula\",\"epifani\",\"g\u00e5\",\"gudomlig\",\"jag \u00e4r\",\"Jesus\",\"kaos\",\"korkf\u00f6tter\",\"kristen\",\"kristen tro\",\"kyrka\",\"kyrkan\",\"lalleman\",\"lucianus\",\"poseidon\",\"skapelsen\",\"theofani\",\"underverk\",\"vatten\"],\"articleSection\":[\"bibel\",\"Bibeln\"],\"inLanguage\":\"sv-SE\",\"potentialAction\":[{\"@type\":\"CommentAction\",\"name\":\"Comment\",\"target\":[\"https:\/\/blogg.svenskakyrkan.se\/vandravagen\/2025\/02\/25\/vad-betyder-det-att-jesus-gar-pa-vattnet\/#respond\"]}]},{\"@type\":\"WebPage\",\"@id\":\"https:\/\/blogg.svenskakyrkan.se\/vandravagen\/2025\/02\/25\/vad-betyder-det-att-jesus-gar-pa-vattnet\/\",\"url\":\"https:\/\/blogg.svenskakyrkan.se\/vandravagen\/2025\/02\/25\/vad-betyder-det-att-jesus-gar-pa-vattnet\/\",\"name\":\"Vad betyder det att Jesus g\u00e5r p\u00e5 vattnet? - Vandra V\u00e4gen\",\"isPartOf\":{\"@id\":\"https:\/\/blogg.svenskakyrkan.se\/vandravagen\/#website\"},\"primaryImageOfPage\":{\"@id\":\"https:\/\/blogg.svenskakyrkan.se\/vandravagen\/2025\/02\/25\/vad-betyder-det-att-jesus-gar-pa-vattnet\/#primaryimage\"},\"image\":{\"@id\":\"https:\/\/blogg.svenskakyrkan.se\/vandravagen\/2025\/02\/25\/vad-betyder-det-att-jesus-gar-pa-vattnet\/#primaryimage\"},\"thumbnailUrl\":\"https:\/\/blogg.svenskakyrkan.se\/vandravagen\/files\/2025\/02\/Jesus_Christ_Walking_on_Water_Hand-Painted_Byzantine_Icon_04-600x767-1.jpg\",\"datePublished\":\"2025-02-25T12:16:44+00:00\",\"dateModified\":\"2025-02-25T12:16:46+00:00\",\"description\":\"Vi f\u00f6rst\u00e5r vad det betyder att Jesus g\u00e5r p\u00e5 vattnet som n\u00e5got gudomligt. \u00c4ven kejsare Caligula och Poseidon var \\\"gick p\u00e5 vattnet!\\\".\",\"breadcrumb\":{\"@id\":\"https:\/\/blogg.svenskakyrkan.se\/vandravagen\/2025\/02\/25\/vad-betyder-det-att-jesus-gar-pa-vattnet\/#breadcrumb\"},\"inLanguage\":\"sv-SE\",\"potentialAction\":[{\"@type\":\"ReadAction\",\"target\":[\"https:\/\/blogg.svenskakyrkan.se\/vandravagen\/2025\/02\/25\/vad-betyder-det-att-jesus-gar-pa-vattnet\/\"]}]},{\"@type\":\"ImageObject\",\"inLanguage\":\"sv-SE\",\"@id\":\"https:\/\/blogg.svenskakyrkan.se\/vandravagen\/2025\/02\/25\/vad-betyder-det-att-jesus-gar-pa-vattnet\/#primaryimage\",\"url\":\"https:\/\/blogg.svenskakyrkan.se\/vandravagen\/files\/2025\/02\/Jesus_Christ_Walking_on_Water_Hand-Painted_Byzantine_Icon_04-600x767-1.jpg\",\"contentUrl\":\"https:\/\/blogg.svenskakyrkan.se\/vandravagen\/files\/2025\/02\/Jesus_Christ_Walking_on_Water_Hand-Painted_Byzantine_Icon_04-600x767-1.jpg\",\"width\":600,\"height\":767,\"caption\":\"Jesus g\u00e5r p\u00e5 vattnet\"},{\"@type\":\"BreadcrumbList\",\"@id\":\"https:\/\/blogg.svenskakyrkan.se\/vandravagen\/2025\/02\/25\/vad-betyder-det-att-jesus-gar-pa-vattnet\/#breadcrumb\",\"itemListElement\":[{\"@type\":\"ListItem\",\"position\":1,\"name\":\"Hem\",\"item\":\"https:\/\/blogg.svenskakyrkan.se\/vandravagen\/\"},{\"@type\":\"ListItem\",\"position\":2,\"name\":\"bibeln\",\"item\":\"https:\/\/blogg.svenskakyrkan.se\/vandravagen\/tag\/bibeln\/\"},{\"@type\":\"ListItem\",\"position\":3,\"name\":\"Vad betyder det att Jesus g\u00e5r p\u00e5 vattnet?\"}]},{\"@type\":\"WebSite\",\"@id\":\"https:\/\/blogg.svenskakyrkan.se\/vandravagen\/#website\",\"url\":\"https:\/\/blogg.svenskakyrkan.se\/vandravagen\/\",\"name\":\"Vandra V\u00e4gen\",\"description\":\"-Mot en tro f\u00f6r hela livet\",\"publisher\":{\"@id\":\"https:\/\/blogg.svenskakyrkan.se\/vandravagen\/#organization\"},\"potentialAction\":[{\"@type\":\"SearchAction\",\"target\":{\"@type\":\"EntryPoint\",\"urlTemplate\":\"https:\/\/blogg.svenskakyrkan.se\/vandravagen\/?s={search_term_string}\"},\"query-input\":{\"@type\":\"PropertyValueSpecification\",\"valueRequired\":true,\"valueName\":\"search_term_string\"}}],\"inLanguage\":\"sv-SE\"},{\"@type\":\"Organization\",\"@id\":\"https:\/\/blogg.svenskakyrkan.se\/vandravagen\/#organization\",\"name\":\"ulricehamns pastorat\",\"alternateName\":\"ulricehamns pastorat\",\"url\":\"https:\/\/blogg.svenskakyrkan.se\/vandravagen\/\",\"logo\":{\"@type\":\"ImageObject\",\"inLanguage\":\"sv-SE\",\"@id\":\"https:\/\/blogg.svenskakyrkan.se\/vandravagen\/#\/schema\/logo\/image\/\",\"url\":\"https:\/\/blogg.svenskakyrkan.se\/vandravagen\/files\/2023\/05\/Ulr_logo_RGB.png\",\"contentUrl\":\"https:\/\/blogg.svenskakyrkan.se\/vandravagen\/files\/2023\/05\/Ulr_logo_RGB.png\",\"width\":205,\"height\":77,\"caption\":\"ulricehamns pastorat\"},\"image\":{\"@id\":\"https:\/\/blogg.svenskakyrkan.se\/vandravagen\/#\/schema\/logo\/image\/\"},\"sameAs\":[\"http:\/\/facebook.com\/vandravagen\",\"https:\/\/x.com\/fadertomas\",\"http:\/\/www.facebook.com\/svenskakyrkaniulricehamn\"]},{\"@type\":\"Person\",\"@id\":\"https:\/\/blogg.svenskakyrkan.se\/vandravagen\/#\/schema\/person\/25da02d4f76b137d04291711e2c9fc16\",\"name\":\"Tomas Jarvid\",\"image\":{\"@type\":\"ImageObject\",\"inLanguage\":\"sv-SE\",\"@id\":\"https:\/\/blogg.svenskakyrkan.se\/vandravagen\/#\/schema\/person\/image\/\",\"url\":\"https:\/\/secure.gravatar.com\/avatar\/7fa71899795e8f540f615a1f5ab25255dc27aa40f05ee7ddd21aac521e01bf50?s=96&d=identicon&r=g\",\"contentUrl\":\"https:\/\/secure.gravatar.com\/avatar\/7fa71899795e8f540f615a1f5ab25255dc27aa40f05ee7ddd21aac521e01bf50?s=96&d=identicon&r=g\",\"caption\":\"Tomas Jarvid\"},\"description\":\"Jag bor i Ulricehamn i V\u00e4sterg\u00f6tland och \u00e4r f\u00f6rsamlingspr\u00e4st i Svenska Kyrkan f\u00f6r Dalstorps f\u00f6rsamling i Kinds pastorat. P\u00e5 den h\u00e4r bloggen skriver jag ner tankar om vandringen som kristen.\",\"sameAs\":[\"http:\/\/www.vandravagen.se\"],\"url\":\"https:\/\/blogg.svenskakyrkan.se\/vandravagen\/author\/vandravagen\/\"}]}<\/script>\n<!-- \/ Yoast SEO plugin. -->","yoast_head_json":{"title":"Vad betyder det att Jesus g\u00e5r p\u00e5 vattnet? - Vandra V\u00e4gen","description":"Vi f\u00f6rst\u00e5r vad det betyder att Jesus g\u00e5r p\u00e5 vattnet som n\u00e5got gudomligt. \u00c4ven kejsare Caligula och Poseidon var \"gick p\u00e5 vattnet!\".","robots":{"index":"index","follow":"follow","max-snippet":"max-snippet:-1","max-image-preview":"max-image-preview:large","max-video-preview":"max-video-preview:-1"},"canonical":"https:\/\/blogg.svenskakyrkan.se\/vandravagen\/2025\/02\/25\/vad-betyder-det-att-jesus-gar-pa-vattnet\/","og_locale":"sv_SE","og_type":"article","og_title":"Vad betyder det att Jesus g\u00e5r p\u00e5 vattnet? - Vandra V\u00e4gen","og_description":"Vi f\u00f6rst\u00e5r vad det betyder att Jesus g\u00e5r p\u00e5 vattnet som n\u00e5got gudomligt. \u00c4ven kejsare Caligula och Poseidon var \"gick p\u00e5 vattnet!\".","og_url":"https:\/\/blogg.svenskakyrkan.se\/vandravagen\/2025\/02\/25\/vad-betyder-det-att-jesus-gar-pa-vattnet\/","og_site_name":"Vandra V\u00e4gen","article_publisher":"http:\/\/facebook.com\/vandravagen","article_published_time":"2025-02-25T12:16:44+00:00","article_modified_time":"2025-02-25T12:16:46+00:00","og_image":[{"width":600,"height":767,"url":"http:\/\/blogg.svenskakyrkan.se\/vandravagen\/files\/2025\/02\/Jesus_Christ_Walking_on_Water_Hand-Painted_Byzantine_Icon_04-600x767-1.jpg","type":"image\/jpeg"}],"author":"Tomas Jarvid","twitter_card":"summary_large_image","twitter_creator":"@fadertomas","twitter_site":"@fadertomas","twitter_misc":{"Skriven av":"Tomas Jarvid","Ber\u00e4knad l\u00e4stid":"4 minuter"},"schema":{"@context":"https:\/\/schema.org","@graph":[{"@type":"Article","@id":"https:\/\/blogg.svenskakyrkan.se\/vandravagen\/2025\/02\/25\/vad-betyder-det-att-jesus-gar-pa-vattnet\/#article","isPartOf":{"@id":"https:\/\/blogg.svenskakyrkan.se\/vandravagen\/2025\/02\/25\/vad-betyder-det-att-jesus-gar-pa-vattnet\/"},"author":{"name":"Tomas Jarvid","@id":"https:\/\/blogg.svenskakyrkan.se\/vandravagen\/#\/schema\/person\/25da02d4f76b137d04291711e2c9fc16"},"headline":"Vad betyder det att Jesus g\u00e5r p\u00e5 vattnet?","datePublished":"2025-02-25T12:16:44+00:00","dateModified":"2025-02-25T12:16:46+00:00","mainEntityOfPage":{"@id":"https:\/\/blogg.svenskakyrkan.se\/vandravagen\/2025\/02\/25\/vad-betyder-det-att-jesus-gar-pa-vattnet\/"},"wordCount":881,"commentCount":0,"publisher":{"@id":"https:\/\/blogg.svenskakyrkan.se\/vandravagen\/#organization"},"image":{"@id":"https:\/\/blogg.svenskakyrkan.se\/vandravagen\/2025\/02\/25\/vad-betyder-det-att-jesus-gar-pa-vattnet\/#primaryimage"},"thumbnailUrl":"https:\/\/blogg.svenskakyrkan.se\/vandravagen\/files\/2025\/02\/Jesus_Christ_Walking_on_Water_Hand-Painted_Byzantine_Icon_04-600x767-1.jpg","keywords":["bibeln","caligula","epifani","g\u00e5","gudomlig","jag \u00e4r","Jesus","kaos","korkf\u00f6tter","kristen","kristen tro","kyrka","kyrkan","lalleman","lucianus","poseidon","skapelsen","theofani","underverk","vatten"],"articleSection":["bibel","Bibeln"],"inLanguage":"sv-SE","potentialAction":[{"@type":"CommentAction","name":"Comment","target":["https:\/\/blogg.svenskakyrkan.se\/vandravagen\/2025\/02\/25\/vad-betyder-det-att-jesus-gar-pa-vattnet\/#respond"]}]},{"@type":"WebPage","@id":"https:\/\/blogg.svenskakyrkan.se\/vandravagen\/2025\/02\/25\/vad-betyder-det-att-jesus-gar-pa-vattnet\/","url":"https:\/\/blogg.svenskakyrkan.se\/vandravagen\/2025\/02\/25\/vad-betyder-det-att-jesus-gar-pa-vattnet\/","name":"Vad betyder det att Jesus g\u00e5r p\u00e5 vattnet? - Vandra V\u00e4gen","isPartOf":{"@id":"https:\/\/blogg.svenskakyrkan.se\/vandravagen\/#website"},"primaryImageOfPage":{"@id":"https:\/\/blogg.svenskakyrkan.se\/vandravagen\/2025\/02\/25\/vad-betyder-det-att-jesus-gar-pa-vattnet\/#primaryimage"},"image":{"@id":"https:\/\/blogg.svenskakyrkan.se\/vandravagen\/2025\/02\/25\/vad-betyder-det-att-jesus-gar-pa-vattnet\/#primaryimage"},"thumbnailUrl":"https:\/\/blogg.svenskakyrkan.se\/vandravagen\/files\/2025\/02\/Jesus_Christ_Walking_on_Water_Hand-Painted_Byzantine_Icon_04-600x767-1.jpg","datePublished":"2025-02-25T12:16:44+00:00","dateModified":"2025-02-25T12:16:46+00:00","description":"Vi f\u00f6rst\u00e5r vad det betyder att Jesus g\u00e5r p\u00e5 vattnet som n\u00e5got gudomligt. \u00c4ven kejsare Caligula och Poseidon var \"gick p\u00e5 vattnet!\".","breadcrumb":{"@id":"https:\/\/blogg.svenskakyrkan.se\/vandravagen\/2025\/02\/25\/vad-betyder-det-att-jesus-gar-pa-vattnet\/#breadcrumb"},"inLanguage":"sv-SE","potentialAction":[{"@type":"ReadAction","target":["https:\/\/blogg.svenskakyrkan.se\/vandravagen\/2025\/02\/25\/vad-betyder-det-att-jesus-gar-pa-vattnet\/"]}]},{"@type":"ImageObject","inLanguage":"sv-SE","@id":"https:\/\/blogg.svenskakyrkan.se\/vandravagen\/2025\/02\/25\/vad-betyder-det-att-jesus-gar-pa-vattnet\/#primaryimage","url":"https:\/\/blogg.svenskakyrkan.se\/vandravagen\/files\/2025\/02\/Jesus_Christ_Walking_on_Water_Hand-Painted_Byzantine_Icon_04-600x767-1.jpg","contentUrl":"https:\/\/blogg.svenskakyrkan.se\/vandravagen\/files\/2025\/02\/Jesus_Christ_Walking_on_Water_Hand-Painted_Byzantine_Icon_04-600x767-1.jpg","width":600,"height":767,"caption":"Jesus g\u00e5r p\u00e5 vattnet"},{"@type":"BreadcrumbList","@id":"https:\/\/blogg.svenskakyrkan.se\/vandravagen\/2025\/02\/25\/vad-betyder-det-att-jesus-gar-pa-vattnet\/#breadcrumb","itemListElement":[{"@type":"ListItem","position":1,"name":"Hem","item":"https:\/\/blogg.svenskakyrkan.se\/vandravagen\/"},{"@type":"ListItem","position":2,"name":"bibeln","item":"https:\/\/blogg.svenskakyrkan.se\/vandravagen\/tag\/bibeln\/"},{"@type":"ListItem","position":3,"name":"Vad betyder det att Jesus g\u00e5r p\u00e5 vattnet?"}]},{"@type":"WebSite","@id":"https:\/\/blogg.svenskakyrkan.se\/vandravagen\/#website","url":"https:\/\/blogg.svenskakyrkan.se\/vandravagen\/","name":"Vandra V\u00e4gen","description":"-Mot en tro f\u00f6r hela livet","publisher":{"@id":"https:\/\/blogg.svenskakyrkan.se\/vandravagen\/#organization"},"potentialAction":[{"@type":"SearchAction","target":{"@type":"EntryPoint","urlTemplate":"https:\/\/blogg.svenskakyrkan.se\/vandravagen\/?s={search_term_string}"},"query-input":{"@type":"PropertyValueSpecification","valueRequired":true,"valueName":"search_term_string"}}],"inLanguage":"sv-SE"},{"@type":"Organization","@id":"https:\/\/blogg.svenskakyrkan.se\/vandravagen\/#organization","name":"ulricehamns pastorat","alternateName":"ulricehamns pastorat","url":"https:\/\/blogg.svenskakyrkan.se\/vandravagen\/","logo":{"@type":"ImageObject","inLanguage":"sv-SE","@id":"https:\/\/blogg.svenskakyrkan.se\/vandravagen\/#\/schema\/logo\/image\/","url":"https:\/\/blogg.svenskakyrkan.se\/vandravagen\/files\/2023\/05\/Ulr_logo_RGB.png","contentUrl":"https:\/\/blogg.svenskakyrkan.se\/vandravagen\/files\/2023\/05\/Ulr_logo_RGB.png","width":205,"height":77,"caption":"ulricehamns pastorat"},"image":{"@id":"https:\/\/blogg.svenskakyrkan.se\/vandravagen\/#\/schema\/logo\/image\/"},"sameAs":["http:\/\/facebook.com\/vandravagen","https:\/\/x.com\/fadertomas","http:\/\/www.facebook.com\/svenskakyrkaniulricehamn"]},{"@type":"Person","@id":"https:\/\/blogg.svenskakyrkan.se\/vandravagen\/#\/schema\/person\/25da02d4f76b137d04291711e2c9fc16","name":"Tomas Jarvid","image":{"@type":"ImageObject","inLanguage":"sv-SE","@id":"https:\/\/blogg.svenskakyrkan.se\/vandravagen\/#\/schema\/person\/image\/","url":"https:\/\/secure.gravatar.com\/avatar\/7fa71899795e8f540f615a1f5ab25255dc27aa40f05ee7ddd21aac521e01bf50?s=96&d=identicon&r=g","contentUrl":"https:\/\/secure.gravatar.com\/avatar\/7fa71899795e8f540f615a1f5ab25255dc27aa40f05ee7ddd21aac521e01bf50?s=96&d=identicon&r=g","caption":"Tomas Jarvid"},"description":"Jag bor i Ulricehamn i V\u00e4sterg\u00f6tland och \u00e4r f\u00f6rsamlingspr\u00e4st i Svenska Kyrkan f\u00f6r Dalstorps f\u00f6rsamling i Kinds pastorat. P\u00e5 den h\u00e4r bloggen skriver jag ner tankar om vandringen som kristen.","sameAs":["http:\/\/www.vandravagen.se"],"url":"https:\/\/blogg.svenskakyrkan.se\/vandravagen\/author\/vandravagen\/"}]}},"author_meta":{"ID":"392","user_nicename":"vandravagen","user_url":"http:\/\/www.vandravagen.se","user_registered":"2014-05-19 05:44:52","display_name":"Tomas Jarvid","first_name":"Tomas","last_name":"Jarvid","avatar":"https:\/\/secure.gravatar.com\/avatar\/7fa71899795e8f540f615a1f5ab25255dc27aa40f05ee7ddd21aac521e01bf50?s=96&d=identicon&r=g"},"featured_image":["https:\/\/blogg.svenskakyrkan.se\/vandravagen\/files\/2025\/02\/Jesus_Christ_Walking_on_Water_Hand-Painted_Byzantine_Icon_04-600x767-1.jpg",600,767,false],"bloginfo":{"name":"Vandra V\u00e4gen","url":"https:\/\/blogg.svenskakyrkan.se\/vandravagen"},"_links":{"self":[{"href":"https:\/\/blogg.svenskakyrkan.se\/vandravagen\/wp-json\/wp\/v2\/posts\/10303","targetHints":{"allow":["GET"]}}],"collection":[{"href":"https:\/\/blogg.svenskakyrkan.se\/vandravagen\/wp-json\/wp\/v2\/posts"}],"about":[{"href":"https:\/\/blogg.svenskakyrkan.se\/vandravagen\/wp-json\/wp\/v2\/types\/post"}],"author":[{"embeddable":true,"href":"https:\/\/blogg.svenskakyrkan.se\/vandravagen\/wp-json\/wp\/v2\/users\/392"}],"replies":[{"embeddable":true,"href":"https:\/\/blogg.svenskakyrkan.se\/vandravagen\/wp-json\/wp\/v2\/comments?post=10303"}],"version-history":[{"count":3,"href":"https:\/\/blogg.svenskakyrkan.se\/vandravagen\/wp-json\/wp\/v2\/posts\/10303\/revisions"}],"predecessor-version":[{"id":10311,"href":"https:\/\/blogg.svenskakyrkan.se\/vandravagen\/wp-json\/wp\/v2\/posts\/10303\/revisions\/10311"}],"wp:featuredmedia":[{"embeddable":true,"href":"https:\/\/blogg.svenskakyrkan.se\/vandravagen\/wp-json\/wp\/v2\/media\/10310"}],"wp:attachment":[{"href":"https:\/\/blogg.svenskakyrkan.se\/vandravagen\/wp-json\/wp\/v2\/media?parent=10303"}],"wp:term":[{"taxonomy":"category","embeddable":true,"href":"https:\/\/blogg.svenskakyrkan.se\/vandravagen\/wp-json\/wp\/v2\/categories?post=10303"},{"taxonomy":"post_tag","embeddable":true,"href":"https:\/\/blogg.svenskakyrkan.se\/vandravagen\/wp-json\/wp\/v2\/tags?post=10303"}],"curies":[{"name":"wp","href":"https:\/\/api.w.org\/{rel}","templated":true}]}}