{"id":1032,"date":"2012-06-10T19:22:00","date_gmt":"2012-06-10T17:22:00","guid":{"rendered":"http:\/\/blogg.svenskakyrkan.se\/vandravagen\/2012\/06\/10\/hur-ofta-ska-jag-fira-gudstjanst\/"},"modified":"2012-06-10T19:22:00","modified_gmt":"2012-06-10T17:22:00","slug":"hur-ofta-ska-jag-fira-gudstjanst","status":"publish","type":"post","link":"https:\/\/blogg.svenskakyrkan.se\/vandravagen\/2012\/06\/10\/hur-ofta-ska-jag-fira-gudstjanst\/","title":{"rendered":"Hur ofta ska jag fira gudstj\u00e4nst?"},"content":{"rendered":"<table align=\"center\" cellpadding=\"0\" cellspacing=\"0\">\n<tbody>\n<tr>\n<td><a href=\"http:\/\/3.bp.blogspot.com\/-oHUMQh-OBJ4\/T0qgYmGs2sI\/AAAAAAAAAFY\/eAdcu-hiiog\/s1600\/IMG_0036.JPG\"><img loading=\"lazy\" decoding=\"async\" border=\"0\" height=\"240\" src=\"http:\/\/3.bp.blogspot.com\/-oHUMQh-OBJ4\/T0qgYmGs2sI\/AAAAAAAAAFY\/eAdcu-hiiog\/s320\/IMG_0036.JPG\" width=\"320\"><\/a><\/td>\n<\/tr>\n<tr>\n<td>Yes! Snart gudstj\u00e4nst!<\/td>\n<\/tr>\n<\/tbody>\n<\/table>\n<p>Jag lyssnade nyligen p\u00e5 en pr\u00e4st fr\u00e5n Sk\u00e5ne. Han ber\u00e4ttade att han inte brukade s\u00e4ga \u00e5t konfirmanderna hur m\u00e5nga gudstj\u00e4nster de skulle fira under konfirmandtiden som man g\u00f6r p\u00e5 m\u00e5nga h\u00e5ll. I st\u00e4llet sa han helt enkelt till dem att f\u00f6r en kristen \u00e4r det det normala att fira gudstj\u00e4nst varje s\u00f6ndag. Visst kunde det finnas tillf\u00e4llen d\u00e5 man fick g\u00f6ra ett undantag men d\u00e5 missade man ju n\u00e5got.<\/p>\n<p>Jag tror faktiskt att han lyckades f\u00e5 konfirmanderna med p\u00e5 t\u00e5get ocks\u00e5. Helt klart s\u00e5 h\u00e5ller jag med honom. En s\u00f6ndag utan gudstj\u00e4nst blir v\u00e4ldigt halv f\u00f6r mig sj\u00e4lv. Har man f\u00e5tt in vanan s\u00e5 sitter den.<\/p>\n<p>Fredrik Mod\u00e9us skriver ocks\u00e5 om att det \u00e4r en bra tankevurpa att b\u00f6rja se det <i>normalfall<\/i> ist\u00e4llet f\u00f6r <i>undantagsfall<\/i> att man firar gudstj\u00e4nst p\u00e5 s\u00f6ndagen. I den bok jag l\u00e4st riktar han sig speciellt mycket till anst\u00e4llda och f\u00f6rtroendevalda med den uppmaningen. Den som har en ledande position \u00e4r ju n\u00e4mligen ocks\u00e5 en f\u00f6rebild f\u00f6r andra vare sig man \u00f6nskar det eller inte. Det g\u00e4ller f\u00f6rst\u00e5s f\u00f6r fler \u00e4n f\u00f6rtroendevalda. I yngre generationer i svenska Kyrkan idag har vi tyv\u00e4rr inte mycket till kultur av att det \u00e4r viktigt med regelbundna gudstj\u00e4nster.<\/p>\n<p>Varf\u00f6r ska man d\u00e5 fira gudstj\u00e4nst ofta? Svaret \u00e4r ganska enkelt egentligen. F\u00f6r din egen skull.<\/p>\n<p>Inte s\u00e5 att det alltid \u00e4r v\u00e4ldigt roligt att g\u00e5 i kyrkan, men \u00e5 andra sidan \u00e4r du kanske inte heller j\u00e4tteglad p\u00e5 v\u00e4g till gymmet, d\u00e4remot g\u00e5r du n\u00f6jd d\u00e4rifr\u00e5n. Det \u00e4r helt enkelt bra att avs\u00e4tta tid f\u00f6r det som \u00e4r viktigt och din sj\u00e4l och ditt inre liv \u00e4r viktiga. Visst g\u00e5r det bra att be hemma eller i skogen eller vad som helst men det \u00e4r ocks\u00e5 viktigt att samlas tillsammans med andra och dela gudstj\u00e4nst med andra. Och regelbundenheten \u00e4r viktig om den kristna tron verkligen ska kunna ha en plats i v\u00e5ra liv.<\/p>\n<p>Vi beh\u00f6ver ocks\u00e5 st\u00e4ndigt p\u00e5minnas om en del saker. Till exempel att det finns en Gud som vill r\u00e5 om dig och vara din Gud, du f\u00e5r l\u00e5ta bli att sj\u00e4lv f\u00f6rs\u00f6ka vara Gud (du klarar det \u00e4nd\u00e5 inte n\u00e5got vidare) eller att du inte beh\u00f6ver g\u00f6ra n\u00e5got, prestera n\u00e5got eller vara p\u00e5 n\u00e5got speciellt s\u00e4tt f\u00f6r att f\u00e5 finnas och ha en plats i v\u00e4rlden. Allt s\u00e5dant \u00e4r saker man borde f\u00e5 ta till sig i gudstj\u00e4nsten och som man kanske inte f\u00e5r h\u00f6ra n\u00e5gon annanstans. Utan att h\u00e4mta st\u00f6d i bibel och gudstj\u00e4nst och b\u00f6n bleknar de insikterna fort.<\/p>\n<p>Hur ofta ska man d\u00e5 fira gudstj\u00e4nst? Fr\u00e5gan \u00e4r felst\u00e4lld; det \u00e4r inget krav utan ett erbjudande. Ett som \u00e4r b\u00e4ttre att l\u00e4gga sin tid p\u00e5 \u00e4n mycket annat.<\/p>\n","protected":false},"excerpt":{"rendered":"<p>Yes! Snart gudstj\u00e4nst! Jag lyssnade nyligen p\u00e5 en pr\u00e4st fr\u00e5n Sk\u00e5ne. Han ber\u00e4ttade att han inte brukade s\u00e4ga \u00e5t konfirmanderna hur m\u00e5nga gudstj\u00e4nster de skulle fira under konfirmandtiden som man g\u00f6r p\u00e5 m\u00e5nga h\u00e5ll. I st\u00e4llet sa han helt enkelt till dem att f\u00f6r en kristen \u00e4r det det normala att fira gudstj\u00e4nst varje s\u00f6ndag. [&hellip;]<\/p>\n","protected":false},"author":392,"featured_media":0,"comment_status":"open","ping_status":"open","sticky":false,"template":"","format":"standard","meta":{"_acf_changed":false,"footnotes":""},"categories":[8265,33574],"tags":[],"class_list":["post-1032","post","type-post","status-publish","format-standard","hentry","category-gudstjanst","category-kyrkan"],"acf":[],"yoast_head":"<!-- This site is optimized with the Yoast SEO plugin v27.1.1 - https:\/\/yoast.com\/product\/yoast-seo-wordpress\/ -->\n<title>Hur ofta ska jag fira gudstj\u00e4nst? - Vandra V\u00e4gen<\/title>\n<meta name=\"robots\" content=\"index, follow, max-snippet:-1, max-image-preview:large, max-video-preview:-1\" \/>\n<link rel=\"canonical\" href=\"https:\/\/blogg.svenskakyrkan.se\/vandravagen\/2012\/06\/10\/hur-ofta-ska-jag-fira-gudstjanst\/\" \/>\n<meta property=\"og:locale\" content=\"sv_SE\" \/>\n<meta property=\"og:type\" content=\"article\" \/>\n<meta property=\"og:title\" content=\"Hur ofta ska jag fira gudstj\u00e4nst? - Vandra V\u00e4gen\" \/>\n<meta property=\"og:description\" content=\"Yes! Snart gudstj\u00e4nst! Jag lyssnade nyligen p\u00e5 en pr\u00e4st fr\u00e5n Sk\u00e5ne. Han ber\u00e4ttade att han inte brukade s\u00e4ga \u00e5t konfirmanderna hur m\u00e5nga gudstj\u00e4nster de skulle fira under konfirmandtiden som man g\u00f6r p\u00e5 m\u00e5nga h\u00e5ll. I st\u00e4llet sa han helt enkelt till dem att f\u00f6r en kristen \u00e4r det det normala att fira gudstj\u00e4nst varje s\u00f6ndag. [&hellip;]\" \/>\n<meta property=\"og:url\" content=\"https:\/\/blogg.svenskakyrkan.se\/vandravagen\/2012\/06\/10\/hur-ofta-ska-jag-fira-gudstjanst\/\" \/>\n<meta property=\"og:site_name\" content=\"Vandra V\u00e4gen\" \/>\n<meta property=\"article:publisher\" content=\"http:\/\/facebook.com\/vandravagen\" \/>\n<meta property=\"article:published_time\" content=\"2012-06-10T17:22:00+00:00\" \/>\n<meta property=\"og:image\" content=\"http:\/\/3.bp.blogspot.com\/-oHUMQh-OBJ4\/T0qgYmGs2sI\/AAAAAAAAAFY\/eAdcu-hiiog\/s320\/IMG_0036.JPG\" \/>\n<meta name=\"author\" content=\"Tomas Jarvid\" \/>\n<meta name=\"twitter:card\" content=\"summary_large_image\" \/>\n<meta name=\"twitter:creator\" content=\"@fadertomas\" \/>\n<meta name=\"twitter:site\" content=\"@fadertomas\" \/>\n<meta name=\"twitter:label1\" content=\"Skriven av\" \/>\n\t<meta name=\"twitter:data1\" content=\"Tomas Jarvid\" \/>\n\t<meta name=\"twitter:label2\" content=\"Ber\u00e4knad l\u00e4stid\" \/>\n\t<meta name=\"twitter:data2\" content=\"3 minuter\" \/>\n<script type=\"application\/ld+json\" class=\"yoast-schema-graph\">{\"@context\":\"https:\/\/schema.org\",\"@graph\":[{\"@type\":\"Article\",\"@id\":\"https:\/\/blogg.svenskakyrkan.se\/vandravagen\/2012\/06\/10\/hur-ofta-ska-jag-fira-gudstjanst\/#article\",\"isPartOf\":{\"@id\":\"https:\/\/blogg.svenskakyrkan.se\/vandravagen\/2012\/06\/10\/hur-ofta-ska-jag-fira-gudstjanst\/\"},\"author\":{\"name\":\"Tomas Jarvid\",\"@id\":\"https:\/\/blogg.svenskakyrkan.se\/vandravagen\/#\/schema\/person\/25da02d4f76b137d04291711e2c9fc16\"},\"headline\":\"Hur ofta ska jag fira gudstj\u00e4nst?\",\"datePublished\":\"2012-06-10T17:22:00+00:00\",\"mainEntityOfPage\":{\"@id\":\"https:\/\/blogg.svenskakyrkan.se\/vandravagen\/2012\/06\/10\/hur-ofta-ska-jag-fira-gudstjanst\/\"},\"wordCount\":545,\"commentCount\":0,\"publisher\":{\"@id\":\"https:\/\/blogg.svenskakyrkan.se\/vandravagen\/#organization\"},\"image\":{\"@id\":\"https:\/\/blogg.svenskakyrkan.se\/vandravagen\/2012\/06\/10\/hur-ofta-ska-jag-fira-gudstjanst\/#primaryimage\"},\"thumbnailUrl\":\"http:\/\/3.bp.blogspot.com\/-oHUMQh-OBJ4\/T0qgYmGs2sI\/AAAAAAAAAFY\/eAdcu-hiiog\/s320\/IMG_0036.JPG\",\"articleSection\":[\"Gudstj\u00e4nst\",\"kyrkan\"],\"inLanguage\":\"sv-SE\",\"potentialAction\":[{\"@type\":\"CommentAction\",\"name\":\"Comment\",\"target\":[\"https:\/\/blogg.svenskakyrkan.se\/vandravagen\/2012\/06\/10\/hur-ofta-ska-jag-fira-gudstjanst\/#respond\"]}]},{\"@type\":\"WebPage\",\"@id\":\"https:\/\/blogg.svenskakyrkan.se\/vandravagen\/2012\/06\/10\/hur-ofta-ska-jag-fira-gudstjanst\/\",\"url\":\"https:\/\/blogg.svenskakyrkan.se\/vandravagen\/2012\/06\/10\/hur-ofta-ska-jag-fira-gudstjanst\/\",\"name\":\"Hur ofta ska jag fira gudstj\u00e4nst? - Vandra V\u00e4gen\",\"isPartOf\":{\"@id\":\"https:\/\/blogg.svenskakyrkan.se\/vandravagen\/#website\"},\"primaryImageOfPage\":{\"@id\":\"https:\/\/blogg.svenskakyrkan.se\/vandravagen\/2012\/06\/10\/hur-ofta-ska-jag-fira-gudstjanst\/#primaryimage\"},\"image\":{\"@id\":\"https:\/\/blogg.svenskakyrkan.se\/vandravagen\/2012\/06\/10\/hur-ofta-ska-jag-fira-gudstjanst\/#primaryimage\"},\"thumbnailUrl\":\"http:\/\/3.bp.blogspot.com\/-oHUMQh-OBJ4\/T0qgYmGs2sI\/AAAAAAAAAFY\/eAdcu-hiiog\/s320\/IMG_0036.JPG\",\"datePublished\":\"2012-06-10T17:22:00+00:00\",\"breadcrumb\":{\"@id\":\"https:\/\/blogg.svenskakyrkan.se\/vandravagen\/2012\/06\/10\/hur-ofta-ska-jag-fira-gudstjanst\/#breadcrumb\"},\"inLanguage\":\"sv-SE\",\"potentialAction\":[{\"@type\":\"ReadAction\",\"target\":[\"https:\/\/blogg.svenskakyrkan.se\/vandravagen\/2012\/06\/10\/hur-ofta-ska-jag-fira-gudstjanst\/\"]}]},{\"@type\":\"ImageObject\",\"inLanguage\":\"sv-SE\",\"@id\":\"https:\/\/blogg.svenskakyrkan.se\/vandravagen\/2012\/06\/10\/hur-ofta-ska-jag-fira-gudstjanst\/#primaryimage\",\"url\":\"http:\/\/3.bp.blogspot.com\/-oHUMQh-OBJ4\/T0qgYmGs2sI\/AAAAAAAAAFY\/eAdcu-hiiog\/s320\/IMG_0036.JPG\",\"contentUrl\":\"http:\/\/3.bp.blogspot.com\/-oHUMQh-OBJ4\/T0qgYmGs2sI\/AAAAAAAAAFY\/eAdcu-hiiog\/s320\/IMG_0036.JPG\"},{\"@type\":\"BreadcrumbList\",\"@id\":\"https:\/\/blogg.svenskakyrkan.se\/vandravagen\/2012\/06\/10\/hur-ofta-ska-jag-fira-gudstjanst\/#breadcrumb\",\"itemListElement\":[{\"@type\":\"ListItem\",\"position\":1,\"name\":\"Hem\",\"item\":\"https:\/\/blogg.svenskakyrkan.se\/vandravagen\/\"},{\"@type\":\"ListItem\",\"position\":2,\"name\":\"Hur ofta ska jag fira gudstj\u00e4nst?\"}]},{\"@type\":\"WebSite\",\"@id\":\"https:\/\/blogg.svenskakyrkan.se\/vandravagen\/#website\",\"url\":\"https:\/\/blogg.svenskakyrkan.se\/vandravagen\/\",\"name\":\"Vandra V\u00e4gen\",\"description\":\"-Mot en tro f\u00f6r hela livet\",\"publisher\":{\"@id\":\"https:\/\/blogg.svenskakyrkan.se\/vandravagen\/#organization\"},\"potentialAction\":[{\"@type\":\"SearchAction\",\"target\":{\"@type\":\"EntryPoint\",\"urlTemplate\":\"https:\/\/blogg.svenskakyrkan.se\/vandravagen\/?s={search_term_string}\"},\"query-input\":{\"@type\":\"PropertyValueSpecification\",\"valueRequired\":true,\"valueName\":\"search_term_string\"}}],\"inLanguage\":\"sv-SE\"},{\"@type\":\"Organization\",\"@id\":\"https:\/\/blogg.svenskakyrkan.se\/vandravagen\/#organization\",\"name\":\"ulricehamns pastorat\",\"alternateName\":\"ulricehamns pastorat\",\"url\":\"https:\/\/blogg.svenskakyrkan.se\/vandravagen\/\",\"logo\":{\"@type\":\"ImageObject\",\"inLanguage\":\"sv-SE\",\"@id\":\"https:\/\/blogg.svenskakyrkan.se\/vandravagen\/#\/schema\/logo\/image\/\",\"url\":\"https:\/\/blogg.svenskakyrkan.se\/vandravagen\/files\/2023\/05\/Ulr_logo_RGB.png\",\"contentUrl\":\"https:\/\/blogg.svenskakyrkan.se\/vandravagen\/files\/2023\/05\/Ulr_logo_RGB.png\",\"width\":205,\"height\":77,\"caption\":\"ulricehamns pastorat\"},\"image\":{\"@id\":\"https:\/\/blogg.svenskakyrkan.se\/vandravagen\/#\/schema\/logo\/image\/\"},\"sameAs\":[\"http:\/\/facebook.com\/vandravagen\",\"https:\/\/x.com\/fadertomas\",\"http:\/\/www.facebook.com\/svenskakyrkaniulricehamn\"]},{\"@type\":\"Person\",\"@id\":\"https:\/\/blogg.svenskakyrkan.se\/vandravagen\/#\/schema\/person\/25da02d4f76b137d04291711e2c9fc16\",\"name\":\"Tomas Jarvid\",\"image\":{\"@type\":\"ImageObject\",\"inLanguage\":\"sv-SE\",\"@id\":\"https:\/\/blogg.svenskakyrkan.se\/vandravagen\/#\/schema\/person\/image\/\",\"url\":\"https:\/\/secure.gravatar.com\/avatar\/7fa71899795e8f540f615a1f5ab25255dc27aa40f05ee7ddd21aac521e01bf50?s=96&d=identicon&r=g\",\"contentUrl\":\"https:\/\/secure.gravatar.com\/avatar\/7fa71899795e8f540f615a1f5ab25255dc27aa40f05ee7ddd21aac521e01bf50?s=96&d=identicon&r=g\",\"caption\":\"Tomas Jarvid\"},\"description\":\"Jag bor i Ulricehamn i V\u00e4sterg\u00f6tland och \u00e4r f\u00f6rsamlingspr\u00e4st i Svenska Kyrkan f\u00f6r Dalstorps f\u00f6rsamling i Kinds pastorat. P\u00e5 den h\u00e4r bloggen skriver jag ner tankar om vandringen som kristen.\",\"sameAs\":[\"http:\/\/www.vandravagen.se\"],\"url\":\"https:\/\/blogg.svenskakyrkan.se\/vandravagen\/author\/vandravagen\/\"}]}<\/script>\n<!-- \/ Yoast SEO plugin. -->","yoast_head_json":{"title":"Hur ofta ska jag fira gudstj\u00e4nst? - Vandra V\u00e4gen","robots":{"index":"index","follow":"follow","max-snippet":"max-snippet:-1","max-image-preview":"max-image-preview:large","max-video-preview":"max-video-preview:-1"},"canonical":"https:\/\/blogg.svenskakyrkan.se\/vandravagen\/2012\/06\/10\/hur-ofta-ska-jag-fira-gudstjanst\/","og_locale":"sv_SE","og_type":"article","og_title":"Hur ofta ska jag fira gudstj\u00e4nst? - Vandra V\u00e4gen","og_description":"Yes! Snart gudstj\u00e4nst! Jag lyssnade nyligen p\u00e5 en pr\u00e4st fr\u00e5n Sk\u00e5ne. Han ber\u00e4ttade att han inte brukade s\u00e4ga \u00e5t konfirmanderna hur m\u00e5nga gudstj\u00e4nster de skulle fira under konfirmandtiden som man g\u00f6r p\u00e5 m\u00e5nga h\u00e5ll. I st\u00e4llet sa han helt enkelt till dem att f\u00f6r en kristen \u00e4r det det normala att fira gudstj\u00e4nst varje s\u00f6ndag. [&hellip;]","og_url":"https:\/\/blogg.svenskakyrkan.se\/vandravagen\/2012\/06\/10\/hur-ofta-ska-jag-fira-gudstjanst\/","og_site_name":"Vandra V\u00e4gen","article_publisher":"http:\/\/facebook.com\/vandravagen","article_published_time":"2012-06-10T17:22:00+00:00","og_image":[{"url":"http:\/\/3.bp.blogspot.com\/-oHUMQh-OBJ4\/T0qgYmGs2sI\/AAAAAAAAAFY\/eAdcu-hiiog\/s320\/IMG_0036.JPG","type":"","width":"","height":""}],"author":"Tomas Jarvid","twitter_card":"summary_large_image","twitter_creator":"@fadertomas","twitter_site":"@fadertomas","twitter_misc":{"Skriven av":"Tomas Jarvid","Ber\u00e4knad l\u00e4stid":"3 minuter"},"schema":{"@context":"https:\/\/schema.org","@graph":[{"@type":"Article","@id":"https:\/\/blogg.svenskakyrkan.se\/vandravagen\/2012\/06\/10\/hur-ofta-ska-jag-fira-gudstjanst\/#article","isPartOf":{"@id":"https:\/\/blogg.svenskakyrkan.se\/vandravagen\/2012\/06\/10\/hur-ofta-ska-jag-fira-gudstjanst\/"},"author":{"name":"Tomas Jarvid","@id":"https:\/\/blogg.svenskakyrkan.se\/vandravagen\/#\/schema\/person\/25da02d4f76b137d04291711e2c9fc16"},"headline":"Hur ofta ska jag fira gudstj\u00e4nst?","datePublished":"2012-06-10T17:22:00+00:00","mainEntityOfPage":{"@id":"https:\/\/blogg.svenskakyrkan.se\/vandravagen\/2012\/06\/10\/hur-ofta-ska-jag-fira-gudstjanst\/"},"wordCount":545,"commentCount":0,"publisher":{"@id":"https:\/\/blogg.svenskakyrkan.se\/vandravagen\/#organization"},"image":{"@id":"https:\/\/blogg.svenskakyrkan.se\/vandravagen\/2012\/06\/10\/hur-ofta-ska-jag-fira-gudstjanst\/#primaryimage"},"thumbnailUrl":"http:\/\/3.bp.blogspot.com\/-oHUMQh-OBJ4\/T0qgYmGs2sI\/AAAAAAAAAFY\/eAdcu-hiiog\/s320\/IMG_0036.JPG","articleSection":["Gudstj\u00e4nst","kyrkan"],"inLanguage":"sv-SE","potentialAction":[{"@type":"CommentAction","name":"Comment","target":["https:\/\/blogg.svenskakyrkan.se\/vandravagen\/2012\/06\/10\/hur-ofta-ska-jag-fira-gudstjanst\/#respond"]}]},{"@type":"WebPage","@id":"https:\/\/blogg.svenskakyrkan.se\/vandravagen\/2012\/06\/10\/hur-ofta-ska-jag-fira-gudstjanst\/","url":"https:\/\/blogg.svenskakyrkan.se\/vandravagen\/2012\/06\/10\/hur-ofta-ska-jag-fira-gudstjanst\/","name":"Hur ofta ska jag fira gudstj\u00e4nst? - Vandra V\u00e4gen","isPartOf":{"@id":"https:\/\/blogg.svenskakyrkan.se\/vandravagen\/#website"},"primaryImageOfPage":{"@id":"https:\/\/blogg.svenskakyrkan.se\/vandravagen\/2012\/06\/10\/hur-ofta-ska-jag-fira-gudstjanst\/#primaryimage"},"image":{"@id":"https:\/\/blogg.svenskakyrkan.se\/vandravagen\/2012\/06\/10\/hur-ofta-ska-jag-fira-gudstjanst\/#primaryimage"},"thumbnailUrl":"http:\/\/3.bp.blogspot.com\/-oHUMQh-OBJ4\/T0qgYmGs2sI\/AAAAAAAAAFY\/eAdcu-hiiog\/s320\/IMG_0036.JPG","datePublished":"2012-06-10T17:22:00+00:00","breadcrumb":{"@id":"https:\/\/blogg.svenskakyrkan.se\/vandravagen\/2012\/06\/10\/hur-ofta-ska-jag-fira-gudstjanst\/#breadcrumb"},"inLanguage":"sv-SE","potentialAction":[{"@type":"ReadAction","target":["https:\/\/blogg.svenskakyrkan.se\/vandravagen\/2012\/06\/10\/hur-ofta-ska-jag-fira-gudstjanst\/"]}]},{"@type":"ImageObject","inLanguage":"sv-SE","@id":"https:\/\/blogg.svenskakyrkan.se\/vandravagen\/2012\/06\/10\/hur-ofta-ska-jag-fira-gudstjanst\/#primaryimage","url":"http:\/\/3.bp.blogspot.com\/-oHUMQh-OBJ4\/T0qgYmGs2sI\/AAAAAAAAAFY\/eAdcu-hiiog\/s320\/IMG_0036.JPG","contentUrl":"http:\/\/3.bp.blogspot.com\/-oHUMQh-OBJ4\/T0qgYmGs2sI\/AAAAAAAAAFY\/eAdcu-hiiog\/s320\/IMG_0036.JPG"},{"@type":"BreadcrumbList","@id":"https:\/\/blogg.svenskakyrkan.se\/vandravagen\/2012\/06\/10\/hur-ofta-ska-jag-fira-gudstjanst\/#breadcrumb","itemListElement":[{"@type":"ListItem","position":1,"name":"Hem","item":"https:\/\/blogg.svenskakyrkan.se\/vandravagen\/"},{"@type":"ListItem","position":2,"name":"Hur ofta ska jag fira gudstj\u00e4nst?"}]},{"@type":"WebSite","@id":"https:\/\/blogg.svenskakyrkan.se\/vandravagen\/#website","url":"https:\/\/blogg.svenskakyrkan.se\/vandravagen\/","name":"Vandra V\u00e4gen","description":"-Mot en tro f\u00f6r hela livet","publisher":{"@id":"https:\/\/blogg.svenskakyrkan.se\/vandravagen\/#organization"},"potentialAction":[{"@type":"SearchAction","target":{"@type":"EntryPoint","urlTemplate":"https:\/\/blogg.svenskakyrkan.se\/vandravagen\/?s={search_term_string}"},"query-input":{"@type":"PropertyValueSpecification","valueRequired":true,"valueName":"search_term_string"}}],"inLanguage":"sv-SE"},{"@type":"Organization","@id":"https:\/\/blogg.svenskakyrkan.se\/vandravagen\/#organization","name":"ulricehamns pastorat","alternateName":"ulricehamns pastorat","url":"https:\/\/blogg.svenskakyrkan.se\/vandravagen\/","logo":{"@type":"ImageObject","inLanguage":"sv-SE","@id":"https:\/\/blogg.svenskakyrkan.se\/vandravagen\/#\/schema\/logo\/image\/","url":"https:\/\/blogg.svenskakyrkan.se\/vandravagen\/files\/2023\/05\/Ulr_logo_RGB.png","contentUrl":"https:\/\/blogg.svenskakyrkan.se\/vandravagen\/files\/2023\/05\/Ulr_logo_RGB.png","width":205,"height":77,"caption":"ulricehamns pastorat"},"image":{"@id":"https:\/\/blogg.svenskakyrkan.se\/vandravagen\/#\/schema\/logo\/image\/"},"sameAs":["http:\/\/facebook.com\/vandravagen","https:\/\/x.com\/fadertomas","http:\/\/www.facebook.com\/svenskakyrkaniulricehamn"]},{"@type":"Person","@id":"https:\/\/blogg.svenskakyrkan.se\/vandravagen\/#\/schema\/person\/25da02d4f76b137d04291711e2c9fc16","name":"Tomas Jarvid","image":{"@type":"ImageObject","inLanguage":"sv-SE","@id":"https:\/\/blogg.svenskakyrkan.se\/vandravagen\/#\/schema\/person\/image\/","url":"https:\/\/secure.gravatar.com\/avatar\/7fa71899795e8f540f615a1f5ab25255dc27aa40f05ee7ddd21aac521e01bf50?s=96&d=identicon&r=g","contentUrl":"https:\/\/secure.gravatar.com\/avatar\/7fa71899795e8f540f615a1f5ab25255dc27aa40f05ee7ddd21aac521e01bf50?s=96&d=identicon&r=g","caption":"Tomas Jarvid"},"description":"Jag bor i Ulricehamn i V\u00e4sterg\u00f6tland och \u00e4r f\u00f6rsamlingspr\u00e4st i Svenska Kyrkan f\u00f6r Dalstorps f\u00f6rsamling i Kinds pastorat. P\u00e5 den h\u00e4r bloggen skriver jag ner tankar om vandringen som kristen.","sameAs":["http:\/\/www.vandravagen.se"],"url":"https:\/\/blogg.svenskakyrkan.se\/vandravagen\/author\/vandravagen\/"}]}},"author_meta":{"ID":"392","user_nicename":"vandravagen","user_url":"http:\/\/www.vandravagen.se","user_registered":"2014-05-19 05:44:52","display_name":"Tomas Jarvid","first_name":"Tomas","last_name":"Jarvid","avatar":"https:\/\/secure.gravatar.com\/avatar\/7fa71899795e8f540f615a1f5ab25255dc27aa40f05ee7ddd21aac521e01bf50?s=96&d=identicon&r=g"},"featured_image":false,"bloginfo":{"name":"Vandra V\u00e4gen","url":"https:\/\/blogg.svenskakyrkan.se\/vandravagen"},"_links":{"self":[{"href":"https:\/\/blogg.svenskakyrkan.se\/vandravagen\/wp-json\/wp\/v2\/posts\/1032","targetHints":{"allow":["GET"]}}],"collection":[{"href":"https:\/\/blogg.svenskakyrkan.se\/vandravagen\/wp-json\/wp\/v2\/posts"}],"about":[{"href":"https:\/\/blogg.svenskakyrkan.se\/vandravagen\/wp-json\/wp\/v2\/types\/post"}],"author":[{"embeddable":true,"href":"https:\/\/blogg.svenskakyrkan.se\/vandravagen\/wp-json\/wp\/v2\/users\/392"}],"replies":[{"embeddable":true,"href":"https:\/\/blogg.svenskakyrkan.se\/vandravagen\/wp-json\/wp\/v2\/comments?post=1032"}],"version-history":[{"count":0,"href":"https:\/\/blogg.svenskakyrkan.se\/vandravagen\/wp-json\/wp\/v2\/posts\/1032\/revisions"}],"wp:attachment":[{"href":"https:\/\/blogg.svenskakyrkan.se\/vandravagen\/wp-json\/wp\/v2\/media?parent=1032"}],"wp:term":[{"taxonomy":"category","embeddable":true,"href":"https:\/\/blogg.svenskakyrkan.se\/vandravagen\/wp-json\/wp\/v2\/categories?post=1032"},{"taxonomy":"post_tag","embeddable":true,"href":"https:\/\/blogg.svenskakyrkan.se\/vandravagen\/wp-json\/wp\/v2\/tags?post=1032"}],"curies":[{"name":"wp","href":"https:\/\/api.w.org\/{rel}","templated":true}]}}