{"id":1033,"date":"2012-06-08T16:22:00","date_gmt":"2012-06-08T14:22:00","guid":{"rendered":"http:\/\/blogg.svenskakyrkan.se\/vandravagen\/2012\/06\/08\/skal-for-hatt\/"},"modified":"2012-06-08T16:22:00","modified_gmt":"2012-06-08T14:22:00","slug":"skal-for-hatt","status":"publish","type":"post","link":"https:\/\/blogg.svenskakyrkan.se\/vandravagen\/2012\/06\/08\/skal-for-hatt\/","title":{"rendered":"Sk\u00e4l f\u00f6r hatt!"},"content":{"rendered":"<table align=\"center\" cellpadding=\"0\" cellspacing=\"0\">\n<tbody>\n<tr>\n<td><a href=\"https:\/\/lh5.googleusercontent.com\/-ymNF-ZT9l0M\/T8pQFiWYdYI\/AAAAAAAAAN4\/F_FORkeR40I\/s640\/blogger-image-2122694068.jpg\"><img decoding=\"async\" border=\"0\" src=\"https:\/\/lh5.googleusercontent.com\/-ymNF-ZT9l0M\/T8pQFiWYdYI\/AAAAAAAAAN4\/F_FORkeR40I\/s640\/blogger-image-2122694068.jpg\"><\/a><\/td>\n<\/tr>\n<tr>\n<td>Sk\u00e4len<\/td>\n<\/tr>\n<\/tbody>\n<\/table>\n<p>Sett i skyltf\u00f6nster till hattaff\u00e4r i Lidk\u00f6ping. D\u00e4r kan man ocks\u00e5 k\u00f6pa hatt om man vill&#8230;<\/p>\n<p>F\u00f6r den som har sv\u00e5rt att l\u00e4sa den h\u00e4r lilla bilden st\u00e5r det:<\/p>\n<\/p>\n<ol>\n<li>Du blir alltid glad<\/li>\n<li>Du g\u00f6r andra m\u00e4nniskor glada<\/li>\n<li>Du f\u00f6rst\u00e4rker din personlighet<\/li>\n<li>Du v\u00e4cker uppm\u00e4rksamhet<\/li>\n<li>\u00c4r du kvinna f\u00e5r du ha hatten p\u00e5 dig inomhus<\/li>\n<li>\u00c4r du man f\u00e5r du lyfta p\u00e5 hatten f\u00f6r en kvinna<\/li>\n<li>Du har j\u00e4ttekul n\u00e4r du provar dig fram till r\u00e4tt hatt<\/li>\n<\/ol>\n<div>Sen vet jag ett sk\u00e4l till, som jag h\u00f6rt om s\u00e5dana h\u00e4r hattar:<\/div>\n<table align=\"center\" cellpadding=\"0\" cellspacing=\"0\">\n<tbody>\n<tr>\n<td><a href=\"http:\/\/1.bp.blogspot.com\/-my162p6W_nU\/T9CcUWFFScI\/AAAAAAAAAOQ\/7yVakOr3JUk\/s1600\/intro_judleb_kippa_g.jpg\"><img loading=\"lazy\" decoding=\"async\" border=\"0\" height=\"219\" src=\"http:\/\/1.bp.blogspot.com\/-my162p6W_nU\/T9CcUWFFScI\/AAAAAAAAAOQ\/7yVakOr3JUk\/s320\/intro_judleb_kippa_g.jpg\" width=\"320\"><\/a><\/td>\n<\/tr>\n<tr>\n<td>Judisk kippa<\/td>\n<\/tr>\n<\/tbody>\n<\/table>\n<div><\/div>\n<div>Den som har en s\u00e5dan p\u00e5 sig p\u00e5minner sig sj\u00e4lv att han inte \u00e4r hur stor som \u00a0helst. Vi m\u00e4nniskor har v\u00e5ra begr\u00e4nsningar, och vi st\u00e5r under en som \u00e4r \u00f6ver oss. N\u00e5got att t\u00e4nka p\u00e5 med eller utan hatt!<\/div>\n<div><\/div>\n<div><\/div>\n","protected":false},"excerpt":{"rendered":"<p>Sk\u00e4len Sett i skyltf\u00f6nster till hattaff\u00e4r i Lidk\u00f6ping. D\u00e4r kan man ocks\u00e5 k\u00f6pa hatt om man vill&#8230; F\u00f6r den som har sv\u00e5rt att l\u00e4sa den h\u00e4r lilla bilden st\u00e5r det: Du blir alltid glad Du g\u00f6r andra m\u00e4nniskor glada Du f\u00f6rst\u00e4rker din personlighet Du v\u00e4cker uppm\u00e4rksamhet \u00c4r du kvinna f\u00e5r du ha hatten p\u00e5 dig [&hellip;]<\/p>\n","protected":false},"author":392,"featured_media":0,"comment_status":"open","ping_status":"open","sticky":false,"template":"","format":"standard","meta":{"_acf_changed":false,"footnotes":""},"categories":[76766],"tags":[],"class_list":["post-1033","post","type-post","status-publish","format-standard","hentry","category-blandat"],"acf":[],"yoast_head":"<!-- This site is optimized with the Yoast SEO plugin v27.1.1 - https:\/\/yoast.com\/product\/yoast-seo-wordpress\/ -->\n<title>Sk\u00e4l f\u00f6r hatt! - Vandra V\u00e4gen<\/title>\n<meta name=\"robots\" content=\"index, follow, max-snippet:-1, max-image-preview:large, max-video-preview:-1\" \/>\n<link rel=\"canonical\" href=\"https:\/\/blogg.svenskakyrkan.se\/vandravagen\/2012\/06\/08\/skal-for-hatt\/\" \/>\n<meta property=\"og:locale\" content=\"sv_SE\" \/>\n<meta property=\"og:type\" content=\"article\" \/>\n<meta property=\"og:title\" content=\"Sk\u00e4l f\u00f6r hatt! - Vandra V\u00e4gen\" \/>\n<meta property=\"og:description\" content=\"Sk\u00e4len Sett i skyltf\u00f6nster till hattaff\u00e4r i Lidk\u00f6ping. D\u00e4r kan man ocks\u00e5 k\u00f6pa hatt om man vill&#8230; F\u00f6r den som har sv\u00e5rt att l\u00e4sa den h\u00e4r lilla bilden st\u00e5r det: Du blir alltid glad Du g\u00f6r andra m\u00e4nniskor glada Du f\u00f6rst\u00e4rker din personlighet Du v\u00e4cker uppm\u00e4rksamhet \u00c4r du kvinna f\u00e5r du ha hatten p\u00e5 dig [&hellip;]\" \/>\n<meta property=\"og:url\" content=\"https:\/\/blogg.svenskakyrkan.se\/vandravagen\/2012\/06\/08\/skal-for-hatt\/\" \/>\n<meta property=\"og:site_name\" content=\"Vandra V\u00e4gen\" \/>\n<meta property=\"article:publisher\" content=\"http:\/\/facebook.com\/vandravagen\" \/>\n<meta property=\"article:published_time\" content=\"2012-06-08T14:22:00+00:00\" \/>\n<meta property=\"og:image\" content=\"https:\/\/lh5.googleusercontent.com\/-ymNF-ZT9l0M\/T8pQFiWYdYI\/AAAAAAAAAN4\/F_FORkeR40I\/s640\/blogger-image-2122694068.jpg\" \/>\n<meta name=\"author\" content=\"Tomas Jarvid\" \/>\n<meta name=\"twitter:card\" content=\"summary_large_image\" \/>\n<meta name=\"twitter:creator\" content=\"@fadertomas\" \/>\n<meta name=\"twitter:site\" content=\"@fadertomas\" \/>\n<meta name=\"twitter:label1\" content=\"Skriven av\" \/>\n\t<meta name=\"twitter:data1\" content=\"Tomas Jarvid\" \/>\n\t<meta name=\"twitter:label2\" content=\"Ber\u00e4knad l\u00e4stid\" \/>\n\t<meta name=\"twitter:data2\" content=\"1 minut\" \/>\n<script type=\"application\/ld+json\" class=\"yoast-schema-graph\">{\"@context\":\"https:\/\/schema.org\",\"@graph\":[{\"@type\":\"Article\",\"@id\":\"https:\/\/blogg.svenskakyrkan.se\/vandravagen\/2012\/06\/08\/skal-for-hatt\/#article\",\"isPartOf\":{\"@id\":\"https:\/\/blogg.svenskakyrkan.se\/vandravagen\/2012\/06\/08\/skal-for-hatt\/\"},\"author\":{\"name\":\"Tomas Jarvid\",\"@id\":\"https:\/\/blogg.svenskakyrkan.se\/vandravagen\/#\/schema\/person\/25da02d4f76b137d04291711e2c9fc16\"},\"headline\":\"Sk\u00e4l f\u00f6r hatt!\",\"datePublished\":\"2012-06-08T14:22:00+00:00\",\"mainEntityOfPage\":{\"@id\":\"https:\/\/blogg.svenskakyrkan.se\/vandravagen\/2012\/06\/08\/skal-for-hatt\/\"},\"wordCount\":174,\"commentCount\":0,\"publisher\":{\"@id\":\"https:\/\/blogg.svenskakyrkan.se\/vandravagen\/#organization\"},\"image\":{\"@id\":\"https:\/\/blogg.svenskakyrkan.se\/vandravagen\/2012\/06\/08\/skal-for-hatt\/#primaryimage\"},\"thumbnailUrl\":\"https:\/\/lh5.googleusercontent.com\/-ymNF-ZT9l0M\/T8pQFiWYdYI\/AAAAAAAAAN4\/F_FORkeR40I\/s640\/blogger-image-2122694068.jpg\",\"articleSection\":[\"blandat\"],\"inLanguage\":\"sv-SE\",\"potentialAction\":[{\"@type\":\"CommentAction\",\"name\":\"Comment\",\"target\":[\"https:\/\/blogg.svenskakyrkan.se\/vandravagen\/2012\/06\/08\/skal-for-hatt\/#respond\"]}]},{\"@type\":\"WebPage\",\"@id\":\"https:\/\/blogg.svenskakyrkan.se\/vandravagen\/2012\/06\/08\/skal-for-hatt\/\",\"url\":\"https:\/\/blogg.svenskakyrkan.se\/vandravagen\/2012\/06\/08\/skal-for-hatt\/\",\"name\":\"Sk\u00e4l f\u00f6r hatt! - Vandra V\u00e4gen\",\"isPartOf\":{\"@id\":\"https:\/\/blogg.svenskakyrkan.se\/vandravagen\/#website\"},\"primaryImageOfPage\":{\"@id\":\"https:\/\/blogg.svenskakyrkan.se\/vandravagen\/2012\/06\/08\/skal-for-hatt\/#primaryimage\"},\"image\":{\"@id\":\"https:\/\/blogg.svenskakyrkan.se\/vandravagen\/2012\/06\/08\/skal-for-hatt\/#primaryimage\"},\"thumbnailUrl\":\"https:\/\/lh5.googleusercontent.com\/-ymNF-ZT9l0M\/T8pQFiWYdYI\/AAAAAAAAAN4\/F_FORkeR40I\/s640\/blogger-image-2122694068.jpg\",\"datePublished\":\"2012-06-08T14:22:00+00:00\",\"breadcrumb\":{\"@id\":\"https:\/\/blogg.svenskakyrkan.se\/vandravagen\/2012\/06\/08\/skal-for-hatt\/#breadcrumb\"},\"inLanguage\":\"sv-SE\",\"potentialAction\":[{\"@type\":\"ReadAction\",\"target\":[\"https:\/\/blogg.svenskakyrkan.se\/vandravagen\/2012\/06\/08\/skal-for-hatt\/\"]}]},{\"@type\":\"ImageObject\",\"inLanguage\":\"sv-SE\",\"@id\":\"https:\/\/blogg.svenskakyrkan.se\/vandravagen\/2012\/06\/08\/skal-for-hatt\/#primaryimage\",\"url\":\"https:\/\/lh5.googleusercontent.com\/-ymNF-ZT9l0M\/T8pQFiWYdYI\/AAAAAAAAAN4\/F_FORkeR40I\/s640\/blogger-image-2122694068.jpg\",\"contentUrl\":\"https:\/\/lh5.googleusercontent.com\/-ymNF-ZT9l0M\/T8pQFiWYdYI\/AAAAAAAAAN4\/F_FORkeR40I\/s640\/blogger-image-2122694068.jpg\"},{\"@type\":\"BreadcrumbList\",\"@id\":\"https:\/\/blogg.svenskakyrkan.se\/vandravagen\/2012\/06\/08\/skal-for-hatt\/#breadcrumb\",\"itemListElement\":[{\"@type\":\"ListItem\",\"position\":1,\"name\":\"Hem\",\"item\":\"https:\/\/blogg.svenskakyrkan.se\/vandravagen\/\"},{\"@type\":\"ListItem\",\"position\":2,\"name\":\"Sk\u00e4l f\u00f6r hatt!\"}]},{\"@type\":\"WebSite\",\"@id\":\"https:\/\/blogg.svenskakyrkan.se\/vandravagen\/#website\",\"url\":\"https:\/\/blogg.svenskakyrkan.se\/vandravagen\/\",\"name\":\"Vandra V\u00e4gen\",\"description\":\"-Mot en tro f\u00f6r hela livet\",\"publisher\":{\"@id\":\"https:\/\/blogg.svenskakyrkan.se\/vandravagen\/#organization\"},\"potentialAction\":[{\"@type\":\"SearchAction\",\"target\":{\"@type\":\"EntryPoint\",\"urlTemplate\":\"https:\/\/blogg.svenskakyrkan.se\/vandravagen\/?s={search_term_string}\"},\"query-input\":{\"@type\":\"PropertyValueSpecification\",\"valueRequired\":true,\"valueName\":\"search_term_string\"}}],\"inLanguage\":\"sv-SE\"},{\"@type\":\"Organization\",\"@id\":\"https:\/\/blogg.svenskakyrkan.se\/vandravagen\/#organization\",\"name\":\"ulricehamns pastorat\",\"alternateName\":\"ulricehamns pastorat\",\"url\":\"https:\/\/blogg.svenskakyrkan.se\/vandravagen\/\",\"logo\":{\"@type\":\"ImageObject\",\"inLanguage\":\"sv-SE\",\"@id\":\"https:\/\/blogg.svenskakyrkan.se\/vandravagen\/#\/schema\/logo\/image\/\",\"url\":\"https:\/\/blogg.svenskakyrkan.se\/vandravagen\/files\/2023\/05\/Ulr_logo_RGB.png\",\"contentUrl\":\"https:\/\/blogg.svenskakyrkan.se\/vandravagen\/files\/2023\/05\/Ulr_logo_RGB.png\",\"width\":205,\"height\":77,\"caption\":\"ulricehamns pastorat\"},\"image\":{\"@id\":\"https:\/\/blogg.svenskakyrkan.se\/vandravagen\/#\/schema\/logo\/image\/\"},\"sameAs\":[\"http:\/\/facebook.com\/vandravagen\",\"https:\/\/x.com\/fadertomas\",\"http:\/\/www.facebook.com\/svenskakyrkaniulricehamn\"]},{\"@type\":\"Person\",\"@id\":\"https:\/\/blogg.svenskakyrkan.se\/vandravagen\/#\/schema\/person\/25da02d4f76b137d04291711e2c9fc16\",\"name\":\"Tomas Jarvid\",\"image\":{\"@type\":\"ImageObject\",\"inLanguage\":\"sv-SE\",\"@id\":\"https:\/\/blogg.svenskakyrkan.se\/vandravagen\/#\/schema\/person\/image\/\",\"url\":\"https:\/\/secure.gravatar.com\/avatar\/7fa71899795e8f540f615a1f5ab25255dc27aa40f05ee7ddd21aac521e01bf50?s=96&d=identicon&r=g\",\"contentUrl\":\"https:\/\/secure.gravatar.com\/avatar\/7fa71899795e8f540f615a1f5ab25255dc27aa40f05ee7ddd21aac521e01bf50?s=96&d=identicon&r=g\",\"caption\":\"Tomas Jarvid\"},\"description\":\"Jag bor i Ulricehamn i V\u00e4sterg\u00f6tland och \u00e4r f\u00f6rsamlingspr\u00e4st i Svenska Kyrkan f\u00f6r Dalstorps f\u00f6rsamling i Kinds pastorat. P\u00e5 den h\u00e4r bloggen skriver jag ner tankar om vandringen som kristen.\",\"sameAs\":[\"http:\/\/www.vandravagen.se\"],\"url\":\"https:\/\/blogg.svenskakyrkan.se\/vandravagen\/author\/vandravagen\/\"}]}<\/script>\n<!-- \/ Yoast SEO plugin. -->","yoast_head_json":{"title":"Sk\u00e4l f\u00f6r hatt! - Vandra V\u00e4gen","robots":{"index":"index","follow":"follow","max-snippet":"max-snippet:-1","max-image-preview":"max-image-preview:large","max-video-preview":"max-video-preview:-1"},"canonical":"https:\/\/blogg.svenskakyrkan.se\/vandravagen\/2012\/06\/08\/skal-for-hatt\/","og_locale":"sv_SE","og_type":"article","og_title":"Sk\u00e4l f\u00f6r hatt! - Vandra V\u00e4gen","og_description":"Sk\u00e4len Sett i skyltf\u00f6nster till hattaff\u00e4r i Lidk\u00f6ping. D\u00e4r kan man ocks\u00e5 k\u00f6pa hatt om man vill&#8230; F\u00f6r den som har sv\u00e5rt att l\u00e4sa den h\u00e4r lilla bilden st\u00e5r det: Du blir alltid glad Du g\u00f6r andra m\u00e4nniskor glada Du f\u00f6rst\u00e4rker din personlighet Du v\u00e4cker uppm\u00e4rksamhet \u00c4r du kvinna f\u00e5r du ha hatten p\u00e5 dig [&hellip;]","og_url":"https:\/\/blogg.svenskakyrkan.se\/vandravagen\/2012\/06\/08\/skal-for-hatt\/","og_site_name":"Vandra V\u00e4gen","article_publisher":"http:\/\/facebook.com\/vandravagen","article_published_time":"2012-06-08T14:22:00+00:00","og_image":[{"url":"https:\/\/lh5.googleusercontent.com\/-ymNF-ZT9l0M\/T8pQFiWYdYI\/AAAAAAAAAN4\/F_FORkeR40I\/s640\/blogger-image-2122694068.jpg","type":"","width":"","height":""}],"author":"Tomas Jarvid","twitter_card":"summary_large_image","twitter_creator":"@fadertomas","twitter_site":"@fadertomas","twitter_misc":{"Skriven av":"Tomas Jarvid","Ber\u00e4knad l\u00e4stid":"1 minut"},"schema":{"@context":"https:\/\/schema.org","@graph":[{"@type":"Article","@id":"https:\/\/blogg.svenskakyrkan.se\/vandravagen\/2012\/06\/08\/skal-for-hatt\/#article","isPartOf":{"@id":"https:\/\/blogg.svenskakyrkan.se\/vandravagen\/2012\/06\/08\/skal-for-hatt\/"},"author":{"name":"Tomas Jarvid","@id":"https:\/\/blogg.svenskakyrkan.se\/vandravagen\/#\/schema\/person\/25da02d4f76b137d04291711e2c9fc16"},"headline":"Sk\u00e4l f\u00f6r hatt!","datePublished":"2012-06-08T14:22:00+00:00","mainEntityOfPage":{"@id":"https:\/\/blogg.svenskakyrkan.se\/vandravagen\/2012\/06\/08\/skal-for-hatt\/"},"wordCount":174,"commentCount":0,"publisher":{"@id":"https:\/\/blogg.svenskakyrkan.se\/vandravagen\/#organization"},"image":{"@id":"https:\/\/blogg.svenskakyrkan.se\/vandravagen\/2012\/06\/08\/skal-for-hatt\/#primaryimage"},"thumbnailUrl":"https:\/\/lh5.googleusercontent.com\/-ymNF-ZT9l0M\/T8pQFiWYdYI\/AAAAAAAAAN4\/F_FORkeR40I\/s640\/blogger-image-2122694068.jpg","articleSection":["blandat"],"inLanguage":"sv-SE","potentialAction":[{"@type":"CommentAction","name":"Comment","target":["https:\/\/blogg.svenskakyrkan.se\/vandravagen\/2012\/06\/08\/skal-for-hatt\/#respond"]}]},{"@type":"WebPage","@id":"https:\/\/blogg.svenskakyrkan.se\/vandravagen\/2012\/06\/08\/skal-for-hatt\/","url":"https:\/\/blogg.svenskakyrkan.se\/vandravagen\/2012\/06\/08\/skal-for-hatt\/","name":"Sk\u00e4l f\u00f6r hatt! - Vandra V\u00e4gen","isPartOf":{"@id":"https:\/\/blogg.svenskakyrkan.se\/vandravagen\/#website"},"primaryImageOfPage":{"@id":"https:\/\/blogg.svenskakyrkan.se\/vandravagen\/2012\/06\/08\/skal-for-hatt\/#primaryimage"},"image":{"@id":"https:\/\/blogg.svenskakyrkan.se\/vandravagen\/2012\/06\/08\/skal-for-hatt\/#primaryimage"},"thumbnailUrl":"https:\/\/lh5.googleusercontent.com\/-ymNF-ZT9l0M\/T8pQFiWYdYI\/AAAAAAAAAN4\/F_FORkeR40I\/s640\/blogger-image-2122694068.jpg","datePublished":"2012-06-08T14:22:00+00:00","breadcrumb":{"@id":"https:\/\/blogg.svenskakyrkan.se\/vandravagen\/2012\/06\/08\/skal-for-hatt\/#breadcrumb"},"inLanguage":"sv-SE","potentialAction":[{"@type":"ReadAction","target":["https:\/\/blogg.svenskakyrkan.se\/vandravagen\/2012\/06\/08\/skal-for-hatt\/"]}]},{"@type":"ImageObject","inLanguage":"sv-SE","@id":"https:\/\/blogg.svenskakyrkan.se\/vandravagen\/2012\/06\/08\/skal-for-hatt\/#primaryimage","url":"https:\/\/lh5.googleusercontent.com\/-ymNF-ZT9l0M\/T8pQFiWYdYI\/AAAAAAAAAN4\/F_FORkeR40I\/s640\/blogger-image-2122694068.jpg","contentUrl":"https:\/\/lh5.googleusercontent.com\/-ymNF-ZT9l0M\/T8pQFiWYdYI\/AAAAAAAAAN4\/F_FORkeR40I\/s640\/blogger-image-2122694068.jpg"},{"@type":"BreadcrumbList","@id":"https:\/\/blogg.svenskakyrkan.se\/vandravagen\/2012\/06\/08\/skal-for-hatt\/#breadcrumb","itemListElement":[{"@type":"ListItem","position":1,"name":"Hem","item":"https:\/\/blogg.svenskakyrkan.se\/vandravagen\/"},{"@type":"ListItem","position":2,"name":"Sk\u00e4l f\u00f6r hatt!"}]},{"@type":"WebSite","@id":"https:\/\/blogg.svenskakyrkan.se\/vandravagen\/#website","url":"https:\/\/blogg.svenskakyrkan.se\/vandravagen\/","name":"Vandra V\u00e4gen","description":"-Mot en tro f\u00f6r hela livet","publisher":{"@id":"https:\/\/blogg.svenskakyrkan.se\/vandravagen\/#organization"},"potentialAction":[{"@type":"SearchAction","target":{"@type":"EntryPoint","urlTemplate":"https:\/\/blogg.svenskakyrkan.se\/vandravagen\/?s={search_term_string}"},"query-input":{"@type":"PropertyValueSpecification","valueRequired":true,"valueName":"search_term_string"}}],"inLanguage":"sv-SE"},{"@type":"Organization","@id":"https:\/\/blogg.svenskakyrkan.se\/vandravagen\/#organization","name":"ulricehamns pastorat","alternateName":"ulricehamns pastorat","url":"https:\/\/blogg.svenskakyrkan.se\/vandravagen\/","logo":{"@type":"ImageObject","inLanguage":"sv-SE","@id":"https:\/\/blogg.svenskakyrkan.se\/vandravagen\/#\/schema\/logo\/image\/","url":"https:\/\/blogg.svenskakyrkan.se\/vandravagen\/files\/2023\/05\/Ulr_logo_RGB.png","contentUrl":"https:\/\/blogg.svenskakyrkan.se\/vandravagen\/files\/2023\/05\/Ulr_logo_RGB.png","width":205,"height":77,"caption":"ulricehamns pastorat"},"image":{"@id":"https:\/\/blogg.svenskakyrkan.se\/vandravagen\/#\/schema\/logo\/image\/"},"sameAs":["http:\/\/facebook.com\/vandravagen","https:\/\/x.com\/fadertomas","http:\/\/www.facebook.com\/svenskakyrkaniulricehamn"]},{"@type":"Person","@id":"https:\/\/blogg.svenskakyrkan.se\/vandravagen\/#\/schema\/person\/25da02d4f76b137d04291711e2c9fc16","name":"Tomas Jarvid","image":{"@type":"ImageObject","inLanguage":"sv-SE","@id":"https:\/\/blogg.svenskakyrkan.se\/vandravagen\/#\/schema\/person\/image\/","url":"https:\/\/secure.gravatar.com\/avatar\/7fa71899795e8f540f615a1f5ab25255dc27aa40f05ee7ddd21aac521e01bf50?s=96&d=identicon&r=g","contentUrl":"https:\/\/secure.gravatar.com\/avatar\/7fa71899795e8f540f615a1f5ab25255dc27aa40f05ee7ddd21aac521e01bf50?s=96&d=identicon&r=g","caption":"Tomas Jarvid"},"description":"Jag bor i Ulricehamn i V\u00e4sterg\u00f6tland och \u00e4r f\u00f6rsamlingspr\u00e4st i Svenska Kyrkan f\u00f6r Dalstorps f\u00f6rsamling i Kinds pastorat. P\u00e5 den h\u00e4r bloggen skriver jag ner tankar om vandringen som kristen.","sameAs":["http:\/\/www.vandravagen.se"],"url":"https:\/\/blogg.svenskakyrkan.se\/vandravagen\/author\/vandravagen\/"}]}},"author_meta":{"ID":"392","user_nicename":"vandravagen","user_url":"http:\/\/www.vandravagen.se","user_registered":"2014-05-19 05:44:52","display_name":"Tomas Jarvid","first_name":"Tomas","last_name":"Jarvid","avatar":"https:\/\/secure.gravatar.com\/avatar\/7fa71899795e8f540f615a1f5ab25255dc27aa40f05ee7ddd21aac521e01bf50?s=96&d=identicon&r=g"},"featured_image":false,"bloginfo":{"name":"Vandra V\u00e4gen","url":"https:\/\/blogg.svenskakyrkan.se\/vandravagen"},"_links":{"self":[{"href":"https:\/\/blogg.svenskakyrkan.se\/vandravagen\/wp-json\/wp\/v2\/posts\/1033","targetHints":{"allow":["GET"]}}],"collection":[{"href":"https:\/\/blogg.svenskakyrkan.se\/vandravagen\/wp-json\/wp\/v2\/posts"}],"about":[{"href":"https:\/\/blogg.svenskakyrkan.se\/vandravagen\/wp-json\/wp\/v2\/types\/post"}],"author":[{"embeddable":true,"href":"https:\/\/blogg.svenskakyrkan.se\/vandravagen\/wp-json\/wp\/v2\/users\/392"}],"replies":[{"embeddable":true,"href":"https:\/\/blogg.svenskakyrkan.se\/vandravagen\/wp-json\/wp\/v2\/comments?post=1033"}],"version-history":[{"count":0,"href":"https:\/\/blogg.svenskakyrkan.se\/vandravagen\/wp-json\/wp\/v2\/posts\/1033\/revisions"}],"wp:attachment":[{"href":"https:\/\/blogg.svenskakyrkan.se\/vandravagen\/wp-json\/wp\/v2\/media?parent=1033"}],"wp:term":[{"taxonomy":"category","embeddable":true,"href":"https:\/\/blogg.svenskakyrkan.se\/vandravagen\/wp-json\/wp\/v2\/categories?post=1033"},{"taxonomy":"post_tag","embeddable":true,"href":"https:\/\/blogg.svenskakyrkan.se\/vandravagen\/wp-json\/wp\/v2\/tags?post=1033"}],"curies":[{"name":"wp","href":"https:\/\/api.w.org\/{rel}","templated":true}]}}