{"id":104,"date":"2014-03-31T08:50:00","date_gmt":"2014-03-31T06:50:00","guid":{"rendered":"http:\/\/blogg.svenskakyrkan.se\/vandravagen\/2014\/03\/31\/vad-ar-frihet\/"},"modified":"2014-03-31T08:50:00","modified_gmt":"2014-03-31T06:50:00","slug":"vad-ar-frihet","status":"publish","type":"post","link":"https:\/\/blogg.svenskakyrkan.se\/vandravagen\/2014\/03\/31\/vad-ar-frihet\/","title":{"rendered":"Vad \u00e4r frihet?"},"content":{"rendered":"<table align=\"center\" cellpadding=\"0\" cellspacing=\"0\">\n<tbody>\n<tr>\n<td><a href=\"http:\/\/1.bp.blogspot.com\/-wcjchmbTK24\/UzkPBsgcYCI\/AAAAAAAAHQw\/nOcoXbZPCO4\/s1600\/IMG_3325.JPG\"><img loading=\"lazy\" decoding=\"async\" border=\"0\" src=\"http:\/\/1.bp.blogspot.com\/-wcjchmbTK24\/UzkPBsgcYCI\/AAAAAAAAHQw\/nOcoXbZPCO4\/s1600\/IMG_3325.JPG\" height=\"640\" width=\"499\"><\/a><\/td>\n<\/tr>\n<tr>\n<td>Du, k\u00e4nner du dig inte r\u00e4tt begr\u00e4nsad av de d\u00e4r remmarna? Dags att bli mer obunden?<\/td>\n<\/tr>\n<\/tbody>\n<\/table>\n<p>N\u00e4r Carl Sj\u00f6gren avskedpredikade i Ulricehamn s\u00e5 anv\u00e4nde han bilden av en som skottar tak p\u00e5 vintern. F\u00f6r honom \u00e4r inte repet till skorstenen en begr\u00e4nsning av friheten utan tv\u00e4rtom n\u00e5got som ger frihet att r\u00f6ra sig fritt p\u00e5 taket. P\u00e5 samma s\u00e4tt i livet i stort. Om vi binder oss vid r\u00e4tt saker kan vi leva de liv vi verkligen vill. Vigselringen g\u00f6r det m\u00f6jligt att \u00e4lska utan att oroligt snegla \u00e5t andra h\u00e5ll. Relationen till Gud befriar oss fr\u00e5n att bli alltf\u00f6r fast vid oss sj\u00e4lva (eller andra).<\/p>\n<p>Vi t\u00e4nker oss ofta att frihet helt enkelt \u00e4r att kunna g\u00f6ra vad man vill. P\u00e5 ett s\u00e4tt st\u00e4mmer det ocks\u00e5 r\u00e4tt bra f\u00f6r i vardagslag handlar ju frihet om att bli kvitt olika begr\u00e4nsningar. P\u00e5 ett djupare plan st\u00e4mmer det d\u00e4remot inte.<\/p>\n<p>Anledningen att det \u00e4r otillr\u00e4ckligt att s\u00e4ga att frihet \u00e4r att kunna g\u00f6ra vad man vill \u00e4r, enligt kristen tanke, att det \u00e4r n\u00e5got p\u00e5 tok med v\u00e5r vilja.<\/p>\n<p><b>Vi kan inte v\u00e4lja fritt vad vi vill <\/b>eftersom vi inte kan vilja vad vi vill.\u00a0Tyv\u00e4rr \u00e4r v\u00e5r vilja ofta r\u00e4tt missriktad. V\u00e5ra m\u00e5l \u00e4r sj\u00e4lviska, v\u00e5r syn p\u00e5 tillvaron \u00e4r begr\u00e4nsad, vi \u00e4r f\u00e5ngna under avund, girighet och annat. Paulus skriver att det jag vill det g\u00f6r jag inte men det jag inte vill, det g\u00f6r jag. Luther skulle sagt att v\u00e5r vilja \u00e4r tr\u00e4lbunden, r\u00e4tt kraftfullt ord det! Hur fri man \u00e4n \u00e4r i yttre mening kan man \u00e4nd\u00e5 vara v\u00e4ldigt l\u00e5st p\u00e5 insidan.<\/p>\n<p>Frihet \u00e4r d\u00e4rf\u00f6r inte bara att ha obegr\u00e4nsad handlingsfrihet utan kanske framf\u00f6rallt att bli befriad fr\u00e5n d\u00e5liga bindningar, destruktiva m\u00f6nster och annat. Frihet \u00e4r inte bara frihet <b>fr\u00e5n<\/b> olika tvingande omst\u00e4ndigheter, det \u00e4r ocks\u00e5 frihet <b>till<\/b> att leva som man vill. Verkligt fri blir man inte genom att h\u00e5lla alla v\u00e4gar \u00f6ppna.<\/p>\n<p>N\u00e4r den kristna tron s\u00e4ger att Jesus Kristus \u00e4r befriaren betyder det att det \u00e4r n\u00e4r vi st\u00e5r i relation till honom som vi verkligen blir fria att leva det liv vi \u00e4r menade f\u00f6r. Luther skriver att ingen \u00e4r s\u00e5 fri som den som \u00e4r bunden vid Kristus. M\u00e4rkligt t\u00e4nkt va? Oberoende kan ingen m\u00e4nniska \u00e4nd\u00e5 vara, b\u00e4st d\u00e5 att binda sig vid den som alltid vill oss v\u00e4l!<\/p>\n","protected":false},"excerpt":{"rendered":"<p>Du, k\u00e4nner du dig inte r\u00e4tt begr\u00e4nsad av de d\u00e4r remmarna? Dags att bli mer obunden? N\u00e4r Carl Sj\u00f6gren avskedpredikade i Ulricehamn s\u00e5 anv\u00e4nde han bilden av en som skottar tak p\u00e5 vintern. F\u00f6r honom \u00e4r inte repet till skorstenen en begr\u00e4nsning av friheten utan tv\u00e4rtom n\u00e5got som ger frihet att r\u00f6ra sig fritt p\u00e5 [&hellip;]<\/p>\n","protected":false},"author":392,"featured_media":0,"comment_status":"open","ping_status":"open","sticky":false,"template":"","format":"standard","meta":{"_acf_changed":false,"footnotes":""},"categories":[76189,117,77554],"tags":[],"class_list":["post-104","post","type-post","status-publish","format-standard","hentry","category-dagens-kyrka","category-teologi","category-vara-manniska"],"acf":[],"yoast_head":"<!-- This site is optimized with the Yoast SEO plugin v27.1.1 - https:\/\/yoast.com\/product\/yoast-seo-wordpress\/ -->\n<title>Vad \u00e4r frihet? - Vandra V\u00e4gen<\/title>\n<meta name=\"robots\" content=\"index, follow, max-snippet:-1, max-image-preview:large, max-video-preview:-1\" \/>\n<link rel=\"canonical\" href=\"https:\/\/blogg.svenskakyrkan.se\/vandravagen\/2014\/03\/31\/vad-ar-frihet\/\" \/>\n<meta property=\"og:locale\" content=\"sv_SE\" \/>\n<meta property=\"og:type\" content=\"article\" \/>\n<meta property=\"og:title\" content=\"Vad \u00e4r frihet? - Vandra V\u00e4gen\" \/>\n<meta property=\"og:description\" content=\"Du, k\u00e4nner du dig inte r\u00e4tt begr\u00e4nsad av de d\u00e4r remmarna? Dags att bli mer obunden? N\u00e4r Carl Sj\u00f6gren avskedpredikade i Ulricehamn s\u00e5 anv\u00e4nde han bilden av en som skottar tak p\u00e5 vintern. F\u00f6r honom \u00e4r inte repet till skorstenen en begr\u00e4nsning av friheten utan tv\u00e4rtom n\u00e5got som ger frihet att r\u00f6ra sig fritt p\u00e5 [&hellip;]\" \/>\n<meta property=\"og:url\" content=\"https:\/\/blogg.svenskakyrkan.se\/vandravagen\/2014\/03\/31\/vad-ar-frihet\/\" \/>\n<meta property=\"og:site_name\" content=\"Vandra V\u00e4gen\" \/>\n<meta property=\"article:publisher\" content=\"http:\/\/facebook.com\/vandravagen\" \/>\n<meta property=\"article:published_time\" content=\"2014-03-31T06:50:00+00:00\" \/>\n<meta property=\"og:image\" content=\"http:\/\/1.bp.blogspot.com\/-wcjchmbTK24\/UzkPBsgcYCI\/AAAAAAAAHQw\/nOcoXbZPCO4\/s1600\/IMG_3325.JPG\" \/>\n<meta name=\"author\" content=\"Tomas Jarvid\" \/>\n<meta name=\"twitter:card\" content=\"summary_large_image\" \/>\n<meta name=\"twitter:creator\" content=\"@fadertomas\" \/>\n<meta name=\"twitter:site\" content=\"@fadertomas\" \/>\n<meta name=\"twitter:label1\" content=\"Skriven av\" \/>\n\t<meta name=\"twitter:data1\" content=\"Tomas Jarvid\" \/>\n\t<meta name=\"twitter:label2\" content=\"Ber\u00e4knad l\u00e4stid\" \/>\n\t<meta name=\"twitter:data2\" content=\"2 minuter\" \/>\n<script type=\"application\/ld+json\" class=\"yoast-schema-graph\">{\"@context\":\"https:\/\/schema.org\",\"@graph\":[{\"@type\":\"Article\",\"@id\":\"https:\/\/blogg.svenskakyrkan.se\/vandravagen\/2014\/03\/31\/vad-ar-frihet\/#article\",\"isPartOf\":{\"@id\":\"https:\/\/blogg.svenskakyrkan.se\/vandravagen\/2014\/03\/31\/vad-ar-frihet\/\"},\"author\":{\"name\":\"Tomas Jarvid\",\"@id\":\"https:\/\/blogg.svenskakyrkan.se\/vandravagen\/#\/schema\/person\/25da02d4f76b137d04291711e2c9fc16\"},\"headline\":\"Vad \u00e4r frihet?\",\"datePublished\":\"2014-03-31T06:50:00+00:00\",\"mainEntityOfPage\":{\"@id\":\"https:\/\/blogg.svenskakyrkan.se\/vandravagen\/2014\/03\/31\/vad-ar-frihet\/\"},\"wordCount\":462,\"commentCount\":0,\"publisher\":{\"@id\":\"https:\/\/blogg.svenskakyrkan.se\/vandravagen\/#organization\"},\"image\":{\"@id\":\"https:\/\/blogg.svenskakyrkan.se\/vandravagen\/2014\/03\/31\/vad-ar-frihet\/#primaryimage\"},\"thumbnailUrl\":\"http:\/\/1.bp.blogspot.com\/-wcjchmbTK24\/UzkPBsgcYCI\/AAAAAAAAHQw\/nOcoXbZPCO4\/s1600\/IMG_3325.JPG\",\"articleSection\":[\"Dagens Kyrka\",\"Teologi\",\"vara m\u00e4nniska\"],\"inLanguage\":\"sv-SE\",\"potentialAction\":[{\"@type\":\"CommentAction\",\"name\":\"Comment\",\"target\":[\"https:\/\/blogg.svenskakyrkan.se\/vandravagen\/2014\/03\/31\/vad-ar-frihet\/#respond\"]}]},{\"@type\":\"WebPage\",\"@id\":\"https:\/\/blogg.svenskakyrkan.se\/vandravagen\/2014\/03\/31\/vad-ar-frihet\/\",\"url\":\"https:\/\/blogg.svenskakyrkan.se\/vandravagen\/2014\/03\/31\/vad-ar-frihet\/\",\"name\":\"Vad \u00e4r frihet? - Vandra V\u00e4gen\",\"isPartOf\":{\"@id\":\"https:\/\/blogg.svenskakyrkan.se\/vandravagen\/#website\"},\"primaryImageOfPage\":{\"@id\":\"https:\/\/blogg.svenskakyrkan.se\/vandravagen\/2014\/03\/31\/vad-ar-frihet\/#primaryimage\"},\"image\":{\"@id\":\"https:\/\/blogg.svenskakyrkan.se\/vandravagen\/2014\/03\/31\/vad-ar-frihet\/#primaryimage\"},\"thumbnailUrl\":\"http:\/\/1.bp.blogspot.com\/-wcjchmbTK24\/UzkPBsgcYCI\/AAAAAAAAHQw\/nOcoXbZPCO4\/s1600\/IMG_3325.JPG\",\"datePublished\":\"2014-03-31T06:50:00+00:00\",\"breadcrumb\":{\"@id\":\"https:\/\/blogg.svenskakyrkan.se\/vandravagen\/2014\/03\/31\/vad-ar-frihet\/#breadcrumb\"},\"inLanguage\":\"sv-SE\",\"potentialAction\":[{\"@type\":\"ReadAction\",\"target\":[\"https:\/\/blogg.svenskakyrkan.se\/vandravagen\/2014\/03\/31\/vad-ar-frihet\/\"]}]},{\"@type\":\"ImageObject\",\"inLanguage\":\"sv-SE\",\"@id\":\"https:\/\/blogg.svenskakyrkan.se\/vandravagen\/2014\/03\/31\/vad-ar-frihet\/#primaryimage\",\"url\":\"http:\/\/1.bp.blogspot.com\/-wcjchmbTK24\/UzkPBsgcYCI\/AAAAAAAAHQw\/nOcoXbZPCO4\/s1600\/IMG_3325.JPG\",\"contentUrl\":\"http:\/\/1.bp.blogspot.com\/-wcjchmbTK24\/UzkPBsgcYCI\/AAAAAAAAHQw\/nOcoXbZPCO4\/s1600\/IMG_3325.JPG\"},{\"@type\":\"BreadcrumbList\",\"@id\":\"https:\/\/blogg.svenskakyrkan.se\/vandravagen\/2014\/03\/31\/vad-ar-frihet\/#breadcrumb\",\"itemListElement\":[{\"@type\":\"ListItem\",\"position\":1,\"name\":\"Hem\",\"item\":\"https:\/\/blogg.svenskakyrkan.se\/vandravagen\/\"},{\"@type\":\"ListItem\",\"position\":2,\"name\":\"Vad \u00e4r frihet?\"}]},{\"@type\":\"WebSite\",\"@id\":\"https:\/\/blogg.svenskakyrkan.se\/vandravagen\/#website\",\"url\":\"https:\/\/blogg.svenskakyrkan.se\/vandravagen\/\",\"name\":\"Vandra V\u00e4gen\",\"description\":\"-Mot en tro f\u00f6r hela livet\",\"publisher\":{\"@id\":\"https:\/\/blogg.svenskakyrkan.se\/vandravagen\/#organization\"},\"potentialAction\":[{\"@type\":\"SearchAction\",\"target\":{\"@type\":\"EntryPoint\",\"urlTemplate\":\"https:\/\/blogg.svenskakyrkan.se\/vandravagen\/?s={search_term_string}\"},\"query-input\":{\"@type\":\"PropertyValueSpecification\",\"valueRequired\":true,\"valueName\":\"search_term_string\"}}],\"inLanguage\":\"sv-SE\"},{\"@type\":\"Organization\",\"@id\":\"https:\/\/blogg.svenskakyrkan.se\/vandravagen\/#organization\",\"name\":\"ulricehamns pastorat\",\"alternateName\":\"ulricehamns pastorat\",\"url\":\"https:\/\/blogg.svenskakyrkan.se\/vandravagen\/\",\"logo\":{\"@type\":\"ImageObject\",\"inLanguage\":\"sv-SE\",\"@id\":\"https:\/\/blogg.svenskakyrkan.se\/vandravagen\/#\/schema\/logo\/image\/\",\"url\":\"https:\/\/blogg.svenskakyrkan.se\/vandravagen\/files\/2023\/05\/Ulr_logo_RGB.png\",\"contentUrl\":\"https:\/\/blogg.svenskakyrkan.se\/vandravagen\/files\/2023\/05\/Ulr_logo_RGB.png\",\"width\":205,\"height\":77,\"caption\":\"ulricehamns pastorat\"},\"image\":{\"@id\":\"https:\/\/blogg.svenskakyrkan.se\/vandravagen\/#\/schema\/logo\/image\/\"},\"sameAs\":[\"http:\/\/facebook.com\/vandravagen\",\"https:\/\/x.com\/fadertomas\",\"http:\/\/www.facebook.com\/svenskakyrkaniulricehamn\"]},{\"@type\":\"Person\",\"@id\":\"https:\/\/blogg.svenskakyrkan.se\/vandravagen\/#\/schema\/person\/25da02d4f76b137d04291711e2c9fc16\",\"name\":\"Tomas Jarvid\",\"image\":{\"@type\":\"ImageObject\",\"inLanguage\":\"sv-SE\",\"@id\":\"https:\/\/blogg.svenskakyrkan.se\/vandravagen\/#\/schema\/person\/image\/\",\"url\":\"https:\/\/secure.gravatar.com\/avatar\/7fa71899795e8f540f615a1f5ab25255dc27aa40f05ee7ddd21aac521e01bf50?s=96&d=identicon&r=g\",\"contentUrl\":\"https:\/\/secure.gravatar.com\/avatar\/7fa71899795e8f540f615a1f5ab25255dc27aa40f05ee7ddd21aac521e01bf50?s=96&d=identicon&r=g\",\"caption\":\"Tomas Jarvid\"},\"description\":\"Jag bor i Ulricehamn i V\u00e4sterg\u00f6tland och \u00e4r f\u00f6rsamlingspr\u00e4st i Svenska Kyrkan f\u00f6r Dalstorps f\u00f6rsamling i Kinds pastorat. P\u00e5 den h\u00e4r bloggen skriver jag ner tankar om vandringen som kristen.\",\"sameAs\":[\"http:\/\/www.vandravagen.se\"],\"url\":\"https:\/\/blogg.svenskakyrkan.se\/vandravagen\/author\/vandravagen\/\"}]}<\/script>\n<!-- \/ Yoast SEO plugin. -->","yoast_head_json":{"title":"Vad \u00e4r frihet? - Vandra V\u00e4gen","robots":{"index":"index","follow":"follow","max-snippet":"max-snippet:-1","max-image-preview":"max-image-preview:large","max-video-preview":"max-video-preview:-1"},"canonical":"https:\/\/blogg.svenskakyrkan.se\/vandravagen\/2014\/03\/31\/vad-ar-frihet\/","og_locale":"sv_SE","og_type":"article","og_title":"Vad \u00e4r frihet? - Vandra V\u00e4gen","og_description":"Du, k\u00e4nner du dig inte r\u00e4tt begr\u00e4nsad av de d\u00e4r remmarna? Dags att bli mer obunden? N\u00e4r Carl Sj\u00f6gren avskedpredikade i Ulricehamn s\u00e5 anv\u00e4nde han bilden av en som skottar tak p\u00e5 vintern. F\u00f6r honom \u00e4r inte repet till skorstenen en begr\u00e4nsning av friheten utan tv\u00e4rtom n\u00e5got som ger frihet att r\u00f6ra sig fritt p\u00e5 [&hellip;]","og_url":"https:\/\/blogg.svenskakyrkan.se\/vandravagen\/2014\/03\/31\/vad-ar-frihet\/","og_site_name":"Vandra V\u00e4gen","article_publisher":"http:\/\/facebook.com\/vandravagen","article_published_time":"2014-03-31T06:50:00+00:00","og_image":[{"url":"http:\/\/1.bp.blogspot.com\/-wcjchmbTK24\/UzkPBsgcYCI\/AAAAAAAAHQw\/nOcoXbZPCO4\/s1600\/IMG_3325.JPG","type":"","width":"","height":""}],"author":"Tomas Jarvid","twitter_card":"summary_large_image","twitter_creator":"@fadertomas","twitter_site":"@fadertomas","twitter_misc":{"Skriven av":"Tomas Jarvid","Ber\u00e4knad l\u00e4stid":"2 minuter"},"schema":{"@context":"https:\/\/schema.org","@graph":[{"@type":"Article","@id":"https:\/\/blogg.svenskakyrkan.se\/vandravagen\/2014\/03\/31\/vad-ar-frihet\/#article","isPartOf":{"@id":"https:\/\/blogg.svenskakyrkan.se\/vandravagen\/2014\/03\/31\/vad-ar-frihet\/"},"author":{"name":"Tomas Jarvid","@id":"https:\/\/blogg.svenskakyrkan.se\/vandravagen\/#\/schema\/person\/25da02d4f76b137d04291711e2c9fc16"},"headline":"Vad \u00e4r frihet?","datePublished":"2014-03-31T06:50:00+00:00","mainEntityOfPage":{"@id":"https:\/\/blogg.svenskakyrkan.se\/vandravagen\/2014\/03\/31\/vad-ar-frihet\/"},"wordCount":462,"commentCount":0,"publisher":{"@id":"https:\/\/blogg.svenskakyrkan.se\/vandravagen\/#organization"},"image":{"@id":"https:\/\/blogg.svenskakyrkan.se\/vandravagen\/2014\/03\/31\/vad-ar-frihet\/#primaryimage"},"thumbnailUrl":"http:\/\/1.bp.blogspot.com\/-wcjchmbTK24\/UzkPBsgcYCI\/AAAAAAAAHQw\/nOcoXbZPCO4\/s1600\/IMG_3325.JPG","articleSection":["Dagens Kyrka","Teologi","vara m\u00e4nniska"],"inLanguage":"sv-SE","potentialAction":[{"@type":"CommentAction","name":"Comment","target":["https:\/\/blogg.svenskakyrkan.se\/vandravagen\/2014\/03\/31\/vad-ar-frihet\/#respond"]}]},{"@type":"WebPage","@id":"https:\/\/blogg.svenskakyrkan.se\/vandravagen\/2014\/03\/31\/vad-ar-frihet\/","url":"https:\/\/blogg.svenskakyrkan.se\/vandravagen\/2014\/03\/31\/vad-ar-frihet\/","name":"Vad \u00e4r frihet? - Vandra V\u00e4gen","isPartOf":{"@id":"https:\/\/blogg.svenskakyrkan.se\/vandravagen\/#website"},"primaryImageOfPage":{"@id":"https:\/\/blogg.svenskakyrkan.se\/vandravagen\/2014\/03\/31\/vad-ar-frihet\/#primaryimage"},"image":{"@id":"https:\/\/blogg.svenskakyrkan.se\/vandravagen\/2014\/03\/31\/vad-ar-frihet\/#primaryimage"},"thumbnailUrl":"http:\/\/1.bp.blogspot.com\/-wcjchmbTK24\/UzkPBsgcYCI\/AAAAAAAAHQw\/nOcoXbZPCO4\/s1600\/IMG_3325.JPG","datePublished":"2014-03-31T06:50:00+00:00","breadcrumb":{"@id":"https:\/\/blogg.svenskakyrkan.se\/vandravagen\/2014\/03\/31\/vad-ar-frihet\/#breadcrumb"},"inLanguage":"sv-SE","potentialAction":[{"@type":"ReadAction","target":["https:\/\/blogg.svenskakyrkan.se\/vandravagen\/2014\/03\/31\/vad-ar-frihet\/"]}]},{"@type":"ImageObject","inLanguage":"sv-SE","@id":"https:\/\/blogg.svenskakyrkan.se\/vandravagen\/2014\/03\/31\/vad-ar-frihet\/#primaryimage","url":"http:\/\/1.bp.blogspot.com\/-wcjchmbTK24\/UzkPBsgcYCI\/AAAAAAAAHQw\/nOcoXbZPCO4\/s1600\/IMG_3325.JPG","contentUrl":"http:\/\/1.bp.blogspot.com\/-wcjchmbTK24\/UzkPBsgcYCI\/AAAAAAAAHQw\/nOcoXbZPCO4\/s1600\/IMG_3325.JPG"},{"@type":"BreadcrumbList","@id":"https:\/\/blogg.svenskakyrkan.se\/vandravagen\/2014\/03\/31\/vad-ar-frihet\/#breadcrumb","itemListElement":[{"@type":"ListItem","position":1,"name":"Hem","item":"https:\/\/blogg.svenskakyrkan.se\/vandravagen\/"},{"@type":"ListItem","position":2,"name":"Vad \u00e4r frihet?"}]},{"@type":"WebSite","@id":"https:\/\/blogg.svenskakyrkan.se\/vandravagen\/#website","url":"https:\/\/blogg.svenskakyrkan.se\/vandravagen\/","name":"Vandra V\u00e4gen","description":"-Mot en tro f\u00f6r hela livet","publisher":{"@id":"https:\/\/blogg.svenskakyrkan.se\/vandravagen\/#organization"},"potentialAction":[{"@type":"SearchAction","target":{"@type":"EntryPoint","urlTemplate":"https:\/\/blogg.svenskakyrkan.se\/vandravagen\/?s={search_term_string}"},"query-input":{"@type":"PropertyValueSpecification","valueRequired":true,"valueName":"search_term_string"}}],"inLanguage":"sv-SE"},{"@type":"Organization","@id":"https:\/\/blogg.svenskakyrkan.se\/vandravagen\/#organization","name":"ulricehamns pastorat","alternateName":"ulricehamns pastorat","url":"https:\/\/blogg.svenskakyrkan.se\/vandravagen\/","logo":{"@type":"ImageObject","inLanguage":"sv-SE","@id":"https:\/\/blogg.svenskakyrkan.se\/vandravagen\/#\/schema\/logo\/image\/","url":"https:\/\/blogg.svenskakyrkan.se\/vandravagen\/files\/2023\/05\/Ulr_logo_RGB.png","contentUrl":"https:\/\/blogg.svenskakyrkan.se\/vandravagen\/files\/2023\/05\/Ulr_logo_RGB.png","width":205,"height":77,"caption":"ulricehamns pastorat"},"image":{"@id":"https:\/\/blogg.svenskakyrkan.se\/vandravagen\/#\/schema\/logo\/image\/"},"sameAs":["http:\/\/facebook.com\/vandravagen","https:\/\/x.com\/fadertomas","http:\/\/www.facebook.com\/svenskakyrkaniulricehamn"]},{"@type":"Person","@id":"https:\/\/blogg.svenskakyrkan.se\/vandravagen\/#\/schema\/person\/25da02d4f76b137d04291711e2c9fc16","name":"Tomas Jarvid","image":{"@type":"ImageObject","inLanguage":"sv-SE","@id":"https:\/\/blogg.svenskakyrkan.se\/vandravagen\/#\/schema\/person\/image\/","url":"https:\/\/secure.gravatar.com\/avatar\/7fa71899795e8f540f615a1f5ab25255dc27aa40f05ee7ddd21aac521e01bf50?s=96&d=identicon&r=g","contentUrl":"https:\/\/secure.gravatar.com\/avatar\/7fa71899795e8f540f615a1f5ab25255dc27aa40f05ee7ddd21aac521e01bf50?s=96&d=identicon&r=g","caption":"Tomas Jarvid"},"description":"Jag bor i Ulricehamn i V\u00e4sterg\u00f6tland och \u00e4r f\u00f6rsamlingspr\u00e4st i Svenska Kyrkan f\u00f6r Dalstorps f\u00f6rsamling i Kinds pastorat. P\u00e5 den h\u00e4r bloggen skriver jag ner tankar om vandringen som kristen.","sameAs":["http:\/\/www.vandravagen.se"],"url":"https:\/\/blogg.svenskakyrkan.se\/vandravagen\/author\/vandravagen\/"}]}},"author_meta":{"ID":"392","user_nicename":"vandravagen","user_url":"http:\/\/www.vandravagen.se","user_registered":"2014-05-19 05:44:52","display_name":"Tomas Jarvid","first_name":"Tomas","last_name":"Jarvid","avatar":"https:\/\/secure.gravatar.com\/avatar\/7fa71899795e8f540f615a1f5ab25255dc27aa40f05ee7ddd21aac521e01bf50?s=96&d=identicon&r=g"},"featured_image":false,"bloginfo":{"name":"Vandra V\u00e4gen","url":"https:\/\/blogg.svenskakyrkan.se\/vandravagen"},"_links":{"self":[{"href":"https:\/\/blogg.svenskakyrkan.se\/vandravagen\/wp-json\/wp\/v2\/posts\/104","targetHints":{"allow":["GET"]}}],"collection":[{"href":"https:\/\/blogg.svenskakyrkan.se\/vandravagen\/wp-json\/wp\/v2\/posts"}],"about":[{"href":"https:\/\/blogg.svenskakyrkan.se\/vandravagen\/wp-json\/wp\/v2\/types\/post"}],"author":[{"embeddable":true,"href":"https:\/\/blogg.svenskakyrkan.se\/vandravagen\/wp-json\/wp\/v2\/users\/392"}],"replies":[{"embeddable":true,"href":"https:\/\/blogg.svenskakyrkan.se\/vandravagen\/wp-json\/wp\/v2\/comments?post=104"}],"version-history":[{"count":0,"href":"https:\/\/blogg.svenskakyrkan.se\/vandravagen\/wp-json\/wp\/v2\/posts\/104\/revisions"}],"wp:attachment":[{"href":"https:\/\/blogg.svenskakyrkan.se\/vandravagen\/wp-json\/wp\/v2\/media?parent=104"}],"wp:term":[{"taxonomy":"category","embeddable":true,"href":"https:\/\/blogg.svenskakyrkan.se\/vandravagen\/wp-json\/wp\/v2\/categories?post=104"},{"taxonomy":"post_tag","embeddable":true,"href":"https:\/\/blogg.svenskakyrkan.se\/vandravagen\/wp-json\/wp\/v2\/tags?post=104"}],"curies":[{"name":"wp","href":"https:\/\/api.w.org\/{rel}","templated":true}]}}