{"id":10482,"date":"2025-05-21T14:20:02","date_gmt":"2025-05-21T12:20:02","guid":{"rendered":"https:\/\/blogg.svenskakyrkan.se\/vandravagen\/?p=10482"},"modified":"2025-05-21T14:20:04","modified_gmt":"2025-05-21T12:20:04","slug":"jesus-maste-last-sakarja","status":"publish","type":"post","link":"https:\/\/blogg.svenskakyrkan.se\/vandravagen\/2025\/05\/21\/jesus-maste-last-sakarja\/","title":{"rendered":"Jesus m\u00e5ste l\u00e4st Sakarja"},"content":{"rendered":"\n<p class=\"is-style-intro\">Hur Jesus syn p\u00e5 sitt uppdrag formats av profetiorna i Sakarjas bok<\/p>\n\n\n\n<p>Jag l\u00e4ste nyligen Sakarjas bok i gamla testamentet i sin helhet. Jag gjorde det med ett s\u00e4rskilt \u00f6ga p\u00e5 vad det kan finnas f\u00f6r tankar om messias d\u00e4r och hur Jesus kan ha tagit till sig dem. Jag har ocks\u00e5 haft gl\u00e4dje av <a href=\"\/Users\/tomjarvi\/OneDrive%20-%20Trossamfundet%20Svenska%20kyrkan\/Skrivbordet\/SAKARJA-KOMPENDIUM.pdf\">Lars M\u00f6rlings kompendium om Sakarja<\/a>.<\/p>\n\n\n\n<h2 class=\"wp-block-heading\">Mer \u00e4n den \u00f6dmjuke kungen p\u00e5 \u00e5snan!<\/h2>\n\n\n\n<p>Det utan tvekan mest ber\u00f6mda textstycket i Sakarja \u00e4r profetian om den segrande men \u00f6dmjuke kungen p\u00e5 \u00e5snan som Jesus sedan iscens\u00e4tter i och med sitt int\u00e5g i Jerusalem n\u00e5gra dagar f\u00f6re p\u00e5sken. Jesus int\u00e5g finns med i samtliga fyra evangelier s\u00e5 det \u00e4r en central h\u00e4ndelse n\u00e4r det kommer till kyrkans f\u00f6rst\u00e5else om Jesus som messias. <\/p>\n\n\n\n<p>Det \u00e4r ocks\u00e5 uppenbarligen viktigt f\u00f6r hur Jesus s\u00e5g p\u00e5 sitt uppdrag eftersom han iscens\u00e4tter profetian som han g\u00f6r.<\/p>\n\n\n\n<p>D\u00e5 blir ju fr\u00e5gan: finns det mer i Sakarja som Jesus kan ha haft i tankarna i sin reflektion kring sig sj\u00e4lv och sitt uppdrag?<\/p>\n\n\n\n<h2 class=\"wp-block-heading\">Bilder om messias<\/h2>\n\n\n\n<p>Det finns bilder som \u00e4r direkt messianska och s\u00e5 finns det andra som med lite mer fri tolkning kan f\u00f6rst\u00e5s p\u00e5 ett s\u00e5dant s\u00e4tt. Jag skrev nyligen <a href=\"https:\/\/blogg.svenskakyrkan.se\/vandravagen\/2025\/05\/01\/de-trettio-silverpengarna\/\">om de trettio silvermynten som Judas f\u00f6rr\u00e5der Jesus f\u00f6r<\/a> och att den summan \u00e4r h\u00e4mtad fr\u00e5n Sakarja. D\u00e5 som del i en historia om hur lite folket v\u00e4rdes\u00e4tter sin herde. Den texten hade \u00e5tminstone jag beh\u00f6vt lite f\u00f6rf\u00f6rst\u00e5else f\u00f6r att tolka messianskt. <\/p>\n\n\n\n<p><strong>En direkt profetia<\/strong> finns i Sakarja kapitel 3. F\u00f6rst h\u00f6r vi om \u00f6verstepr\u00e4sten <strong>Josua <\/strong>(som ju lustigt nog heter samma som Jesus i lite annan namnform). Josua \u00e4r som pr\u00e4st representant f\u00f6r hela folket och n\u00e4r vi f\u00e5r h\u00f6ra om hur han ska uppr\u00e4ttas och kl\u00e4s i nya kl\u00e4der \u00e4r det en bild f\u00f6r hur hela folket ska f\u00e5 en ny framtid. <\/p>\n\n\n\n<p>Jag t\u00e4nker ocks\u00e5 man kan stanna upp lite inf\u00f6r den h\u00e4r scenen eftersom <strong>det \u00e4r en slags domstolsscen<\/strong> d\u00e4r satan anklagar Josua. I teologihistorien har man haft en f\u00f6rk\u00e4rlek till just s\u00e5na s\u00e4tt att se p\u00e5 fr\u00e4lsningen, som att bli frik\u00e4nd i Guds domstol.<\/p>\n\n\n\n<h2 class=\"wp-block-heading\">&#8221;Telningen&#8221;<\/h2>\n\n\n\n<p>Detta f\u00f6ljs sedan upp med utsagor om \u201dtelningen\u201d.<\/p>\n\n\n\n<p>En telning \u00e4r ju i den m\u00e5n det anv\u00e4nds p\u00e5 svenska idag ett barn och ordet \u00e4r samma som i Jesaja 11:1.  D\u00e4r st\u00e5r det om ett <strong>rotskott<\/strong>, ett barn till kung David som ska tr\u00e4da fram: messias. <\/p>\n\n\n\n<p><strong>Telningen liknas ocks\u00e5 vid en \u201dsten\u201d<\/strong> vilket vi k\u00e4nner igen fr\u00e5n att Jesus citerar Jesaja som ocks\u00e5 talar om h\u00f6rnstenen som folket ratat.<\/p>\n\n\n\n<p>Tack vare denna telning ska Gud \u201d<strong>utpl\u00e5na detta lands missg\u00e4rning p\u00e5 en enda dag<\/strong>\u201d ( sak 3:9) och d\u00e4refter ska alla f\u00e5 bjuda in sina v\u00e4nner att sitta under sin vinstock och sitt fikontr\u00e4d. En bild f\u00f6r messias fredsrike.<\/p>\n\n\n\n<h2 class=\"wp-block-heading\">Oljan<\/h2>\n\n\n\n<p>Snabbt f\u00f6ljs bilden upp med en bild av en sjuarmad ljusstake (sak 4). <strong>Ljusstaken f\u00e5r sin olja <\/strong>fr\u00e5n tv\u00e5 olivtr\u00e4d som st\u00e5r p\u00e5 sidorna om den. Vi f\u00e5r h\u00f6ra att dessa tv\u00e5 tr\u00e4d \u00e4r \u201dde b\u00e5da smorda som st\u00e5r inf\u00f6r hela v\u00e4rldens herre\u201d( sak 4:14).<\/p>\n\n\n\n<p>Gud talar och s\u00e4ger att \u201dvarken med styrka eller makt utan med min ande, s\u00e4ger Herren Sebaot\u201d (Sak 4:6b). <\/p>\n\n\n\n<p>Olja som brinner i en s\u00e5dan ljusstake b\u00f6r vi f\u00f6rknippa med templet och vi kan sluta oss till att <strong>gudstj\u00e4nsten till Gud ska h\u00e5llas levande<\/strong> genom dessa b\u00e5da smorda. <strong>Smord <\/strong>\u00e4r just vad ordet messias betyder men h\u00e4r \u00e4r de allts\u00e5 tv\u00e5 stycken. I sitt sammanhang syftar de p\u00e5 folkets ledare Serubabbel och Josua.<\/p>\n\n\n\n<p>Vi senare kristna k\u00e4nner dock igen. I Uppenbarelseboken f\u00e5r vi h\u00f6ra om <strong>en som liknar en m\u00e4nniskoson som st\u00e5r mitt bland sju lampst\u00e4ll av guld<\/strong> och som \u00e4r en f\u00f6rh\u00f6jd bild av Jesus Kristus i sin stora makt.<\/p>\n\n\n\n<h2 class=\"wp-block-heading\">En enda messias?<\/h2>\n\n\n\n<p>Men d\u00e5 \u00e4r det ju <strong>bara en messias vid lampst\u00e4llet<\/strong>? Serubabbel och Josua st\u00e5r f\u00f6r tv\u00e5 olika institutioner, den politiska makten (det n\u00e4rmaste en kung judarna hade vid den h\u00e4r tiden) och den pr\u00e4sterliga. I kristen teologi brukar man t\u00e4nka att Jesus f\u00f6renar de olika aspekterna av smorda tj\u00e4nare som finns i gt i sin egen person. <\/p>\n\n\n\n<p>Jesus \u00e4r s\u00e5 att s\u00e4ga b\u00e5da tr\u00e4den och den som fl\u00f6dar av den heliga Anden symboliserat av oljan.<\/p>\n\n\n\n<p>Senare i Sakarja blir <strong>Josua ocks\u00e5 kr\u00f6nt.<\/strong> Egentligen kunde inte pr\u00e4ster bli kungar i Israel men i Sakarjas syn blir det s\u00e5. Josua (som allts\u00e5 heter likadant som Jesus i n\u00e5got annan namnform) blir allts\u00e5 i visionen just en s\u00e5dan gestalt som f\u00f6renar alla aspekter av vad det inneb\u00e4r att vara Guds smorde. <\/p>\n\n\n\n<p>Jag citerar h\u00e4r enligt folkbibelns \u00f6vers\u00e4ttning f\u00f6r d\u00e4r lyfts det fram tydligare med denna f\u00f6renande pr\u00e4st-kung-gestalt (jag har igen egen m\u00f6jlighet att bed\u00f6ma om det \u00e4r den b\u00e4sta \u00f6vers\u00e4ttningen):<\/p>\n\n\n\n<blockquote class=\"wp-block-quote is-layout-flow wp-block-quote-is-layout-flow\">\n<p>\u201dS\u00e5 s\u00e4ger Herren Sebaot: Se, en man vars namn \u00e4r Telningen Under honom ska det gro, och han ska bygga Herrens tempel. Ja, han ska bygga Herrens tempel, han ska vinna h\u00e4rlighet och sitta p\u00e5 sin tron och regera. En pr\u00e4st ska han vara p\u00e5 sin tron, och frid ska r\u00e5da mellan b\u00e5da\u201d (6:12-13)<\/p>\n<\/blockquote>\n\n\n\n<p>Detta med att Jesus \u00e4r b\u00e5de pr\u00e4st och kung \u00e4r ett inslag inom kristen kristologi. D\u00e5 brukar man dessutom l\u00e4gga till att han \u00e4r profet s\u00e5 att han har ett \u201dtrefaldigt \u00e4mbete\u201d.<\/p>\n\n\n\n<h2 class=\"wp-block-heading\">Den genomborrade och f\u00f6rbundsblodet<\/h2>\n\n\n\n<p>Jag har redan n\u00e4mnt hur evangelisten h\u00e4nvisar till sak 11 d\u00e5 Jesus <strong>blir f\u00f6rr\u00e5dd f\u00f6r 30 silvermynt<\/strong>. Jesus citerar sedan sj\u00e4lv sak 13:7 i Matt 26:31 eller Mark 14:27. Det handlar om att Gud till\u00e5ter att sv\u00e4rds lyfts och att hans <strong>herde blir d\u00f6dad och f\u00e5rhjorden skingrad<\/strong>.<\/p>\n\n\n\n<p>Man kan ocks\u00e5 stanna upp inf\u00f6r sak 12:10ff d\u00e4r folket ska s\u00f6rja och gr\u00e5ta \u00f6ver \u201d<strong>den de har genomborrat<\/strong>\u201d. Vilket man ju hajjar till inf\u00f6r d\u00e5 man k\u00e4nner till Jesus korsf\u00e4stelse och detta ord citeras ocks\u00e5 i Joh 19:37.<\/p>\n\n\n\n<p>I evangelierna talar Jesus om vinet i nattvarden som \u201dsitt blod, <strong>f\u00f6rbundsblodet<\/strong>\u201d. Detta g\u00e5r tillbaka p\u00e5 en h\u00e4ndelse i 2 mos d\u00e5 Gud sluter f\u00f6rbund med Israel genom att st\u00e4nka offerblod \u00f6ver dem. F\u00f6rbundsblodet kommer faktiskt ocks\u00e5 upp i sak 9:11-12:<\/p>\n\n\n\n<blockquote class=\"wp-block-quote is-layout-flow wp-block-quote-is-layout-flow\">\n<p>\u201dI kraft av blodsf\u00f6rbundet med dig skall jag sl\u00e4ppa dina f\u00e5ngar ur den tomma brunnen. Kom tillbaka till borgen, ni f\u00e5ngar som f\u00e5tt ett hopp!\u201d<\/p>\n<\/blockquote>\n\n\n\n<p>H\u00e4r \u00e5terkommer allts\u00e5 ordet &#8221;f\u00f6rbundsblodet&#8221; men den h\u00e4r g\u00e5ngen som n\u00e5got som ger befrielse ur en situation som kan likna d\u00f6d (att vara nerkastad i en brunn). <\/p>\n\n\n\n<p>Det h\u00e4r liknar ju n\u00e5got mer v\u00e5rt kristna s\u00e4tt att se p\u00e5 Jesus blod i nattvarden som n\u00e5got fr\u00e4lsande.<\/p>\n\n\n\n<h2 class=\"wp-block-heading\">Dina egna tankar?<\/h2>\n\n\n\n<p>Det h\u00e4r var en kanske ganska l\u00e5ng genomg\u00e5ng av olika bibelord Jesus kan ha funderat mycket p\u00e5 d\u00e5 hans vision f\u00f6r sitt uppdrag klarnade. Sammantaget \u00e4r det en hel del! Vad t\u00e4nker du som l\u00e4st om detta? V\u00e4cker det n\u00e5gra tankar s\u00e5 skriv g\u00e4rna en kommentar!<\/p>\n\n\n<div id=\"related-posts-block_5fcf6fd7c257f1c398daf0f9596c601f\"  class=\"b-related-posts alignfull\">\n    <div class=\"acf-innerblocks-container\">\n\n<h2 class=\"wp-block-heading\">Liknande inl\u00e4gg<\/h2>\n\n<\/div>\n    \n    \n    <div class=\"wp-block-query alignfull is-layout-flow wp-block-query-is-layout-flow\">\n        <ul class=\"is-flex-container columns-3 alignfull related-posts__content wp-block-post-template is-layout-flow wp-block-post-template-is-layout-flow\"><li class=\"wp-block-post post-10681 post type-post status-publish format-standard has-post-thumbnail hentry category-bibel category-bibeln category-film category-historia tag-anakin tag-betlehem tag-bibeln tag-david tag-jesus tag-jul tag-kristen tag-kristen-tro tag-kung-david tag-kyrka tag-kyrkan tag-luke tag-oken tag-plats tag-rakel tag-rut tag-ruth tag-skywalker tag-tatooine\">\n            \n            <div class=\"wp-block-group post__content is-layout-flow wp-block-group-is-layout-flow\">\n                <figure style=\"margin-bottom:var(--wp--preset--spacing--50);\" class=\"wp-block-post-featured-image\"><a href=\"https:\/\/blogg.svenskakyrkan.se\/vandravagen\/2026\/03\/06\/betlehem-ar-bibelns-tatooine\/\" target=\"_self\"  ><img loading=\"lazy\" decoding=\"async\" width=\"1265\" height=\"631\" src=\"https:\/\/blogg.svenskakyrkan.se\/vandravagen\/files\/2026\/03\/cylonka.jpg\" class=\"attachment-post-thumbnail size-post-thumbnail wp-post-image\" alt=\"Betlehem \u00e4r bibelns Tatooine\" style=\"object-fit:cover;\" srcset=\"https:\/\/blogg.svenskakyrkan.se\/vandravagen\/files\/2026\/03\/cylonka.jpg 1265w, https:\/\/blogg.svenskakyrkan.se\/vandravagen\/files\/2026\/03\/cylonka-300x150.jpg 300w, https:\/\/blogg.svenskakyrkan.se\/vandravagen\/files\/2026\/03\/cylonka-1024x511.jpg 1024w, https:\/\/blogg.svenskakyrkan.se\/vandravagen\/files\/2026\/03\/cylonka-768x383.jpg 768w, https:\/\/blogg.svenskakyrkan.se\/vandravagen\/files\/2026\/03\/cylonka-1200x599.jpg 1200w\" sizes=\"auto, (max-width: 1265px) 100vw, 1265px\" \/><\/a><\/figure>\n                <h2 class=\"wp-block-post-title has-h-3-font-size\"><a href=\"https:\/\/blogg.svenskakyrkan.se\/vandravagen\/2026\/03\/06\/betlehem-ar-bibelns-tatooine\/\" target=\"_self\" >Betlehem \u00e4r bibelns Tatooine<\/a><\/h2>\n                <div class=\"wp-block-post-date\"><time datetime=\"2026-03-06T13:25:48+01:00\">6 mars, 2026<\/time><\/div>\n                <div class=\"wp-block-post-excerpt\"><p class=\"wp-block-post-excerpt__excerpt\">En plats d\u00e4r man varit f\u00f6rut!<\/p><\/div>\n            <\/div>\n            \n        <\/li><li class=\"wp-block-post post-10708 post type-post status-publish format-standard has-post-thumbnail hentry category-bibel category-bibeln category-vara-manniska tag-abel tag-amy-cuddy tag-bibeln tag-hallning tag-jesus tag-kain tag-kristen tag-kristen-tro tag-krokryggiga tag-kropp-och-sjal tag-kroppen tag-kroppshallning tag-kroppssprak tag-kyrka tag-kyrkan tag-skapelsen tag-ted tag-ted-talk\">\n            \n            <div class=\"wp-block-group post__content is-layout-flow wp-block-group-is-layout-flow\">\n                <figure style=\"margin-bottom:var(--wp--preset--spacing--50);\" class=\"wp-block-post-featured-image\"><a href=\"https:\/\/blogg.svenskakyrkan.se\/vandravagen\/2026\/01\/20\/kroppsprak-i-bibeln\/\" target=\"_self\"  ><img loading=\"lazy\" decoding=\"async\" width=\"1024\" height=\"576\" src=\"https:\/\/blogg.svenskakyrkan.se\/vandravagen\/files\/2026\/01\/kroppsprak.jpg\" class=\"attachment-post-thumbnail size-post-thumbnail wp-post-image\" alt=\"Kroppspr\u00e5k i bibeln\" style=\"object-fit:cover;\" srcset=\"https:\/\/blogg.svenskakyrkan.se\/vandravagen\/files\/2026\/01\/kroppsprak.jpg 1024w, https:\/\/blogg.svenskakyrkan.se\/vandravagen\/files\/2026\/01\/kroppsprak-300x169.jpg 300w, https:\/\/blogg.svenskakyrkan.se\/vandravagen\/files\/2026\/01\/kroppsprak-768x432.jpg 768w\" sizes=\"auto, (max-width: 1024px) 100vw, 1024px\" \/><\/a><\/figure>\n                <h2 class=\"wp-block-post-title has-h-3-font-size\"><a href=\"https:\/\/blogg.svenskakyrkan.se\/vandravagen\/2026\/01\/20\/kroppsprak-i-bibeln\/\" target=\"_self\" >Kroppspr\u00e5k i bibeln<\/a><\/h2>\n                <div class=\"wp-block-post-date\"><time datetime=\"2026-01-20T08:51:22+01:00\">20 januari, 2026<\/time><\/div>\n                <div class=\"wp-block-post-excerpt\"><p class=\"wp-block-post-excerpt__excerpt\">Om att landa i kroppen och komma till besinning<\/p><\/div>\n            <\/div>\n            \n        <\/li><li class=\"wp-block-post post-10702 post type-post status-publish format-standard has-post-thumbnail hentry category-bibeln category-josef category-jul tag-betlehem tag-bibeln tag-jesus tag-jesusbarnet tag-josef tag-josf tag-jul tag-kristen tag-kristen-tro tag-krubba tag-kyrka tag-kyrkan tag-lukas tag-maria tag-matteus tag-skattskrivning tag-stall tag-trolovning tag-trolovningen\">\n            \n            <div class=\"wp-block-group post__content is-layout-flow wp-block-group-is-layout-flow\">\n                <figure style=\"margin-bottom:var(--wp--preset--spacing--50);\" class=\"wp-block-post-featured-image\"><a href=\"https:\/\/blogg.svenskakyrkan.se\/vandravagen\/2026\/01\/12\/josef-och-marias-trolovning\/\" target=\"_self\"  ><img loading=\"lazy\" decoding=\"async\" width=\"770\" height=\"1024\" src=\"https:\/\/blogg.svenskakyrkan.se\/vandravagen\/files\/2026\/01\/josef-bar.jpg\" class=\"attachment-post-thumbnail size-post-thumbnail wp-post-image\" alt=\"Josef och Marias trolovning\" style=\"object-fit:cover;\" srcset=\"https:\/\/blogg.svenskakyrkan.se\/vandravagen\/files\/2026\/01\/josef-bar.jpg 770w, https:\/\/blogg.svenskakyrkan.se\/vandravagen\/files\/2026\/01\/josef-bar-300x399.jpg 300w, https:\/\/blogg.svenskakyrkan.se\/vandravagen\/files\/2026\/01\/josef-bar-768x1021.jpg 768w\" sizes=\"auto, (max-width: 770px) 100vw, 770px\" \/><\/a><\/figure>\n                <h2 class=\"wp-block-post-title has-h-3-font-size\"><a href=\"https:\/\/blogg.svenskakyrkan.se\/vandravagen\/2026\/01\/12\/josef-och-marias-trolovning\/\" target=\"_self\" >Josef och Marias trolovning<\/a><\/h2>\n                <div class=\"wp-block-post-date\"><time datetime=\"2026-01-12T09:32:28+01:00\">12 januari, 2026<\/time><\/div>\n                <div class=\"wp-block-post-excerpt\"><p class=\"wp-block-post-excerpt__excerpt\">Om att Jesus trots allt var f\u00f6dd inom \u00e4ktenskapet<\/p><\/div>\n            <\/div>\n            \n        <\/li><\/ul>\n        \n    <\/div>\n    <\/div>\n","protected":false},"excerpt":{"rendered":"<p>Hur Jesus syn p\u00e5 sitt uppdrag formats av profetiorna i Sakarjas bok Jag l\u00e4ste nyligen Sakarjas bok i gamla testamentet i sin helhet. Jag gjorde det med ett s\u00e4rskilt \u00f6ga p\u00e5 vad det kan finnas f\u00f6r tankar om messias d\u00e4r och hur Jesus kan ha tagit till sig dem. Jag har ocks\u00e5 haft gl\u00e4dje av [&hellip;]<\/p>\n","protected":false},"author":392,"featured_media":10483,"comment_status":"open","ping_status":"open","sticky":false,"template":"","format":"standard","meta":{"_acf_changed":false,"footnotes":""},"categories":[14252,81118,8298],"tags":[84040,83926,84763,84797,84796,84798,83878,83880,83879,83901,83890,84795,84778,84650,84799],"class_list":["post-10482","post","type-post","status-publish","format-standard","has-post-thumbnail","hentry","category-bibel","category-bibelbocker","category-bibeln","tag-asna","tag-bibeln","tag-forbundsblodet","tag-gamla-testamentet","tag-gt","tag-herden","tag-jesus","tag-kristen","tag-kristen-tro","tag-kyrka","tag-kyrkan","tag-profet","tag-profetior","tag-sakarja","tag-silvermynten"],"acf":[],"yoast_head":"<!-- This site is optimized with the Yoast SEO plugin v27.1.1 - https:\/\/yoast.com\/product\/yoast-seo-wordpress\/ -->\n<title>Jesus m\u00e5ste l\u00e4st Sakarja - Vandra V\u00e4gen<\/title>\n<meta name=\"description\" content=\"Tankar om hur Jesus syn p\u00e5 sig sj\u00e4lv liknar det som framtr\u00e4der i Sakarjas profetior i hans bok i gamla testamentet.\" \/>\n<meta name=\"robots\" content=\"index, follow, max-snippet:-1, max-image-preview:large, max-video-preview:-1\" \/>\n<link rel=\"canonical\" href=\"https:\/\/blogg.svenskakyrkan.se\/vandravagen\/2025\/05\/21\/jesus-maste-last-sakarja\/\" \/>\n<meta property=\"og:locale\" content=\"sv_SE\" \/>\n<meta property=\"og:type\" content=\"article\" \/>\n<meta property=\"og:title\" content=\"Jesus m\u00e5ste l\u00e4st Sakarja - Vandra V\u00e4gen\" \/>\n<meta property=\"og:description\" content=\"Tankar om hur Jesus syn p\u00e5 sig sj\u00e4lv liknar det som framtr\u00e4der i Sakarjas profetior i hans bok i gamla testamentet.\" \/>\n<meta property=\"og:url\" content=\"https:\/\/blogg.svenskakyrkan.se\/vandravagen\/2025\/05\/21\/jesus-maste-last-sakarja\/\" \/>\n<meta property=\"og:site_name\" content=\"Vandra V\u00e4gen\" \/>\n<meta property=\"article:publisher\" content=\"http:\/\/facebook.com\/vandravagen\" \/>\n<meta property=\"article:published_time\" content=\"2025-05-21T12:20:02+00:00\" \/>\n<meta property=\"article:modified_time\" content=\"2025-05-21T12:20:04+00:00\" \/>\n<meta property=\"og:image\" content=\"http:\/\/blogg.svenskakyrkan.se\/vandravagen\/files\/2025\/05\/sakarja.jpg\" \/>\n\t<meta property=\"og:image:width\" content=\"1200\" \/>\n\t<meta property=\"og:image:height\" content=\"510\" \/>\n\t<meta property=\"og:image:type\" content=\"image\/jpeg\" \/>\n<meta name=\"author\" content=\"Tomas Jarvid\" \/>\n<meta name=\"twitter:card\" content=\"summary_large_image\" \/>\n<meta name=\"twitter:creator\" content=\"@fadertomas\" \/>\n<meta name=\"twitter:site\" content=\"@fadertomas\" \/>\n<meta name=\"twitter:label1\" content=\"Skriven av\" \/>\n\t<meta name=\"twitter:data1\" content=\"Tomas Jarvid\" \/>\n\t<meta name=\"twitter:label2\" content=\"Ber\u00e4knad l\u00e4stid\" \/>\n\t<meta name=\"twitter:data2\" content=\"6 minuter\" \/>\n<script type=\"application\/ld+json\" class=\"yoast-schema-graph\">{\"@context\":\"https:\/\/schema.org\",\"@graph\":[{\"@type\":\"Article\",\"@id\":\"https:\/\/blogg.svenskakyrkan.se\/vandravagen\/2025\/05\/21\/jesus-maste-last-sakarja\/#article\",\"isPartOf\":{\"@id\":\"https:\/\/blogg.svenskakyrkan.se\/vandravagen\/2025\/05\/21\/jesus-maste-last-sakarja\/\"},\"author\":{\"name\":\"Tomas Jarvid\",\"@id\":\"https:\/\/blogg.svenskakyrkan.se\/vandravagen\/#\/schema\/person\/25da02d4f76b137d04291711e2c9fc16\"},\"headline\":\"Jesus m\u00e5ste l\u00e4st Sakarja\",\"datePublished\":\"2025-05-21T12:20:02+00:00\",\"dateModified\":\"2025-05-21T12:20:04+00:00\",\"mainEntityOfPage\":{\"@id\":\"https:\/\/blogg.svenskakyrkan.se\/vandravagen\/2025\/05\/21\/jesus-maste-last-sakarja\/\"},\"wordCount\":1297,\"commentCount\":0,\"publisher\":{\"@id\":\"https:\/\/blogg.svenskakyrkan.se\/vandravagen\/#organization\"},\"image\":{\"@id\":\"https:\/\/blogg.svenskakyrkan.se\/vandravagen\/2025\/05\/21\/jesus-maste-last-sakarja\/#primaryimage\"},\"thumbnailUrl\":\"https:\/\/blogg.svenskakyrkan.se\/vandravagen\/files\/2025\/05\/sakarja.jpg\",\"keywords\":[\"\u00e5sna\",\"bibeln\",\"f\u00f6rbundsblodet\",\"gamla testamentet\",\"gt\",\"herden\",\"Jesus\",\"kristen\",\"kristen tro\",\"kyrka\",\"kyrkan\",\"profet\",\"profetior\",\"sakarja\",\"silvermynten\"],\"articleSection\":[\"bibel\",\"bibelb\u00f6cker\",\"Bibeln\"],\"inLanguage\":\"sv-SE\",\"potentialAction\":[{\"@type\":\"CommentAction\",\"name\":\"Comment\",\"target\":[\"https:\/\/blogg.svenskakyrkan.se\/vandravagen\/2025\/05\/21\/jesus-maste-last-sakarja\/#respond\"]}]},{\"@type\":\"WebPage\",\"@id\":\"https:\/\/blogg.svenskakyrkan.se\/vandravagen\/2025\/05\/21\/jesus-maste-last-sakarja\/\",\"url\":\"https:\/\/blogg.svenskakyrkan.se\/vandravagen\/2025\/05\/21\/jesus-maste-last-sakarja\/\",\"name\":\"Jesus m\u00e5ste l\u00e4st Sakarja - Vandra V\u00e4gen\",\"isPartOf\":{\"@id\":\"https:\/\/blogg.svenskakyrkan.se\/vandravagen\/#website\"},\"primaryImageOfPage\":{\"@id\":\"https:\/\/blogg.svenskakyrkan.se\/vandravagen\/2025\/05\/21\/jesus-maste-last-sakarja\/#primaryimage\"},\"image\":{\"@id\":\"https:\/\/blogg.svenskakyrkan.se\/vandravagen\/2025\/05\/21\/jesus-maste-last-sakarja\/#primaryimage\"},\"thumbnailUrl\":\"https:\/\/blogg.svenskakyrkan.se\/vandravagen\/files\/2025\/05\/sakarja.jpg\",\"datePublished\":\"2025-05-21T12:20:02+00:00\",\"dateModified\":\"2025-05-21T12:20:04+00:00\",\"description\":\"Tankar om hur Jesus syn p\u00e5 sig sj\u00e4lv liknar det som framtr\u00e4der i Sakarjas profetior i hans bok i gamla testamentet.\",\"breadcrumb\":{\"@id\":\"https:\/\/blogg.svenskakyrkan.se\/vandravagen\/2025\/05\/21\/jesus-maste-last-sakarja\/#breadcrumb\"},\"inLanguage\":\"sv-SE\",\"potentialAction\":[{\"@type\":\"ReadAction\",\"target\":[\"https:\/\/blogg.svenskakyrkan.se\/vandravagen\/2025\/05\/21\/jesus-maste-last-sakarja\/\"]}]},{\"@type\":\"ImageObject\",\"inLanguage\":\"sv-SE\",\"@id\":\"https:\/\/blogg.svenskakyrkan.se\/vandravagen\/2025\/05\/21\/jesus-maste-last-sakarja\/#primaryimage\",\"url\":\"https:\/\/blogg.svenskakyrkan.se\/vandravagen\/files\/2025\/05\/sakarja.jpg\",\"contentUrl\":\"https:\/\/blogg.svenskakyrkan.se\/vandravagen\/files\/2025\/05\/sakarja.jpg\",\"width\":1200,\"height\":510,\"caption\":\"En av sakarjas syner\"},{\"@type\":\"BreadcrumbList\",\"@id\":\"https:\/\/blogg.svenskakyrkan.se\/vandravagen\/2025\/05\/21\/jesus-maste-last-sakarja\/#breadcrumb\",\"itemListElement\":[{\"@type\":\"ListItem\",\"position\":1,\"name\":\"Hem\",\"item\":\"https:\/\/blogg.svenskakyrkan.se\/vandravagen\/\"},{\"@type\":\"ListItem\",\"position\":2,\"name\":\"\u00e5sna\",\"item\":\"https:\/\/blogg.svenskakyrkan.se\/vandravagen\/tag\/asna\/\"},{\"@type\":\"ListItem\",\"position\":3,\"name\":\"Jesus m\u00e5ste l\u00e4st Sakarja\"}]},{\"@type\":\"WebSite\",\"@id\":\"https:\/\/blogg.svenskakyrkan.se\/vandravagen\/#website\",\"url\":\"https:\/\/blogg.svenskakyrkan.se\/vandravagen\/\",\"name\":\"Vandra V\u00e4gen\",\"description\":\"-Mot en tro f\u00f6r hela livet\",\"publisher\":{\"@id\":\"https:\/\/blogg.svenskakyrkan.se\/vandravagen\/#organization\"},\"potentialAction\":[{\"@type\":\"SearchAction\",\"target\":{\"@type\":\"EntryPoint\",\"urlTemplate\":\"https:\/\/blogg.svenskakyrkan.se\/vandravagen\/?s={search_term_string}\"},\"query-input\":{\"@type\":\"PropertyValueSpecification\",\"valueRequired\":true,\"valueName\":\"search_term_string\"}}],\"inLanguage\":\"sv-SE\"},{\"@type\":\"Organization\",\"@id\":\"https:\/\/blogg.svenskakyrkan.se\/vandravagen\/#organization\",\"name\":\"ulricehamns pastorat\",\"alternateName\":\"ulricehamns pastorat\",\"url\":\"https:\/\/blogg.svenskakyrkan.se\/vandravagen\/\",\"logo\":{\"@type\":\"ImageObject\",\"inLanguage\":\"sv-SE\",\"@id\":\"https:\/\/blogg.svenskakyrkan.se\/vandravagen\/#\/schema\/logo\/image\/\",\"url\":\"https:\/\/blogg.svenskakyrkan.se\/vandravagen\/files\/2023\/05\/Ulr_logo_RGB.png\",\"contentUrl\":\"https:\/\/blogg.svenskakyrkan.se\/vandravagen\/files\/2023\/05\/Ulr_logo_RGB.png\",\"width\":205,\"height\":77,\"caption\":\"ulricehamns pastorat\"},\"image\":{\"@id\":\"https:\/\/blogg.svenskakyrkan.se\/vandravagen\/#\/schema\/logo\/image\/\"},\"sameAs\":[\"http:\/\/facebook.com\/vandravagen\",\"https:\/\/x.com\/fadertomas\",\"http:\/\/www.facebook.com\/svenskakyrkaniulricehamn\"]},{\"@type\":\"Person\",\"@id\":\"https:\/\/blogg.svenskakyrkan.se\/vandravagen\/#\/schema\/person\/25da02d4f76b137d04291711e2c9fc16\",\"name\":\"Tomas Jarvid\",\"image\":{\"@type\":\"ImageObject\",\"inLanguage\":\"sv-SE\",\"@id\":\"https:\/\/blogg.svenskakyrkan.se\/vandravagen\/#\/schema\/person\/image\/\",\"url\":\"https:\/\/secure.gravatar.com\/avatar\/7fa71899795e8f540f615a1f5ab25255dc27aa40f05ee7ddd21aac521e01bf50?s=96&d=identicon&r=g\",\"contentUrl\":\"https:\/\/secure.gravatar.com\/avatar\/7fa71899795e8f540f615a1f5ab25255dc27aa40f05ee7ddd21aac521e01bf50?s=96&d=identicon&r=g\",\"caption\":\"Tomas Jarvid\"},\"description\":\"Jag bor i Ulricehamn i V\u00e4sterg\u00f6tland och \u00e4r f\u00f6rsamlingspr\u00e4st i Svenska Kyrkan f\u00f6r Dalstorps f\u00f6rsamling i Kinds pastorat. P\u00e5 den h\u00e4r bloggen skriver jag ner tankar om vandringen som kristen.\",\"sameAs\":[\"http:\/\/www.vandravagen.se\"],\"url\":\"https:\/\/blogg.svenskakyrkan.se\/vandravagen\/author\/vandravagen\/\"}]}<\/script>\n<!-- \/ Yoast SEO plugin. -->","yoast_head_json":{"title":"Jesus m\u00e5ste l\u00e4st Sakarja - Vandra V\u00e4gen","description":"Tankar om hur Jesus syn p\u00e5 sig sj\u00e4lv liknar det som framtr\u00e4der i Sakarjas profetior i hans bok i gamla testamentet.","robots":{"index":"index","follow":"follow","max-snippet":"max-snippet:-1","max-image-preview":"max-image-preview:large","max-video-preview":"max-video-preview:-1"},"canonical":"https:\/\/blogg.svenskakyrkan.se\/vandravagen\/2025\/05\/21\/jesus-maste-last-sakarja\/","og_locale":"sv_SE","og_type":"article","og_title":"Jesus m\u00e5ste l\u00e4st Sakarja - Vandra V\u00e4gen","og_description":"Tankar om hur Jesus syn p\u00e5 sig sj\u00e4lv liknar det som framtr\u00e4der i Sakarjas profetior i hans bok i gamla testamentet.","og_url":"https:\/\/blogg.svenskakyrkan.se\/vandravagen\/2025\/05\/21\/jesus-maste-last-sakarja\/","og_site_name":"Vandra V\u00e4gen","article_publisher":"http:\/\/facebook.com\/vandravagen","article_published_time":"2025-05-21T12:20:02+00:00","article_modified_time":"2025-05-21T12:20:04+00:00","og_image":[{"width":1200,"height":510,"url":"http:\/\/blogg.svenskakyrkan.se\/vandravagen\/files\/2025\/05\/sakarja.jpg","type":"image\/jpeg"}],"author":"Tomas Jarvid","twitter_card":"summary_large_image","twitter_creator":"@fadertomas","twitter_site":"@fadertomas","twitter_misc":{"Skriven av":"Tomas Jarvid","Ber\u00e4knad l\u00e4stid":"6 minuter"},"schema":{"@context":"https:\/\/schema.org","@graph":[{"@type":"Article","@id":"https:\/\/blogg.svenskakyrkan.se\/vandravagen\/2025\/05\/21\/jesus-maste-last-sakarja\/#article","isPartOf":{"@id":"https:\/\/blogg.svenskakyrkan.se\/vandravagen\/2025\/05\/21\/jesus-maste-last-sakarja\/"},"author":{"name":"Tomas Jarvid","@id":"https:\/\/blogg.svenskakyrkan.se\/vandravagen\/#\/schema\/person\/25da02d4f76b137d04291711e2c9fc16"},"headline":"Jesus m\u00e5ste l\u00e4st Sakarja","datePublished":"2025-05-21T12:20:02+00:00","dateModified":"2025-05-21T12:20:04+00:00","mainEntityOfPage":{"@id":"https:\/\/blogg.svenskakyrkan.se\/vandravagen\/2025\/05\/21\/jesus-maste-last-sakarja\/"},"wordCount":1297,"commentCount":0,"publisher":{"@id":"https:\/\/blogg.svenskakyrkan.se\/vandravagen\/#organization"},"image":{"@id":"https:\/\/blogg.svenskakyrkan.se\/vandravagen\/2025\/05\/21\/jesus-maste-last-sakarja\/#primaryimage"},"thumbnailUrl":"https:\/\/blogg.svenskakyrkan.se\/vandravagen\/files\/2025\/05\/sakarja.jpg","keywords":["\u00e5sna","bibeln","f\u00f6rbundsblodet","gamla testamentet","gt","herden","Jesus","kristen","kristen tro","kyrka","kyrkan","profet","profetior","sakarja","silvermynten"],"articleSection":["bibel","bibelb\u00f6cker","Bibeln"],"inLanguage":"sv-SE","potentialAction":[{"@type":"CommentAction","name":"Comment","target":["https:\/\/blogg.svenskakyrkan.se\/vandravagen\/2025\/05\/21\/jesus-maste-last-sakarja\/#respond"]}]},{"@type":"WebPage","@id":"https:\/\/blogg.svenskakyrkan.se\/vandravagen\/2025\/05\/21\/jesus-maste-last-sakarja\/","url":"https:\/\/blogg.svenskakyrkan.se\/vandravagen\/2025\/05\/21\/jesus-maste-last-sakarja\/","name":"Jesus m\u00e5ste l\u00e4st Sakarja - Vandra V\u00e4gen","isPartOf":{"@id":"https:\/\/blogg.svenskakyrkan.se\/vandravagen\/#website"},"primaryImageOfPage":{"@id":"https:\/\/blogg.svenskakyrkan.se\/vandravagen\/2025\/05\/21\/jesus-maste-last-sakarja\/#primaryimage"},"image":{"@id":"https:\/\/blogg.svenskakyrkan.se\/vandravagen\/2025\/05\/21\/jesus-maste-last-sakarja\/#primaryimage"},"thumbnailUrl":"https:\/\/blogg.svenskakyrkan.se\/vandravagen\/files\/2025\/05\/sakarja.jpg","datePublished":"2025-05-21T12:20:02+00:00","dateModified":"2025-05-21T12:20:04+00:00","description":"Tankar om hur Jesus syn p\u00e5 sig sj\u00e4lv liknar det som framtr\u00e4der i Sakarjas profetior i hans bok i gamla testamentet.","breadcrumb":{"@id":"https:\/\/blogg.svenskakyrkan.se\/vandravagen\/2025\/05\/21\/jesus-maste-last-sakarja\/#breadcrumb"},"inLanguage":"sv-SE","potentialAction":[{"@type":"ReadAction","target":["https:\/\/blogg.svenskakyrkan.se\/vandravagen\/2025\/05\/21\/jesus-maste-last-sakarja\/"]}]},{"@type":"ImageObject","inLanguage":"sv-SE","@id":"https:\/\/blogg.svenskakyrkan.se\/vandravagen\/2025\/05\/21\/jesus-maste-last-sakarja\/#primaryimage","url":"https:\/\/blogg.svenskakyrkan.se\/vandravagen\/files\/2025\/05\/sakarja.jpg","contentUrl":"https:\/\/blogg.svenskakyrkan.se\/vandravagen\/files\/2025\/05\/sakarja.jpg","width":1200,"height":510,"caption":"En av sakarjas syner"},{"@type":"BreadcrumbList","@id":"https:\/\/blogg.svenskakyrkan.se\/vandravagen\/2025\/05\/21\/jesus-maste-last-sakarja\/#breadcrumb","itemListElement":[{"@type":"ListItem","position":1,"name":"Hem","item":"https:\/\/blogg.svenskakyrkan.se\/vandravagen\/"},{"@type":"ListItem","position":2,"name":"\u00e5sna","item":"https:\/\/blogg.svenskakyrkan.se\/vandravagen\/tag\/asna\/"},{"@type":"ListItem","position":3,"name":"Jesus m\u00e5ste l\u00e4st Sakarja"}]},{"@type":"WebSite","@id":"https:\/\/blogg.svenskakyrkan.se\/vandravagen\/#website","url":"https:\/\/blogg.svenskakyrkan.se\/vandravagen\/","name":"Vandra V\u00e4gen","description":"-Mot en tro f\u00f6r hela livet","publisher":{"@id":"https:\/\/blogg.svenskakyrkan.se\/vandravagen\/#organization"},"potentialAction":[{"@type":"SearchAction","target":{"@type":"EntryPoint","urlTemplate":"https:\/\/blogg.svenskakyrkan.se\/vandravagen\/?s={search_term_string}"},"query-input":{"@type":"PropertyValueSpecification","valueRequired":true,"valueName":"search_term_string"}}],"inLanguage":"sv-SE"},{"@type":"Organization","@id":"https:\/\/blogg.svenskakyrkan.se\/vandravagen\/#organization","name":"ulricehamns pastorat","alternateName":"ulricehamns pastorat","url":"https:\/\/blogg.svenskakyrkan.se\/vandravagen\/","logo":{"@type":"ImageObject","inLanguage":"sv-SE","@id":"https:\/\/blogg.svenskakyrkan.se\/vandravagen\/#\/schema\/logo\/image\/","url":"https:\/\/blogg.svenskakyrkan.se\/vandravagen\/files\/2023\/05\/Ulr_logo_RGB.png","contentUrl":"https:\/\/blogg.svenskakyrkan.se\/vandravagen\/files\/2023\/05\/Ulr_logo_RGB.png","width":205,"height":77,"caption":"ulricehamns pastorat"},"image":{"@id":"https:\/\/blogg.svenskakyrkan.se\/vandravagen\/#\/schema\/logo\/image\/"},"sameAs":["http:\/\/facebook.com\/vandravagen","https:\/\/x.com\/fadertomas","http:\/\/www.facebook.com\/svenskakyrkaniulricehamn"]},{"@type":"Person","@id":"https:\/\/blogg.svenskakyrkan.se\/vandravagen\/#\/schema\/person\/25da02d4f76b137d04291711e2c9fc16","name":"Tomas Jarvid","image":{"@type":"ImageObject","inLanguage":"sv-SE","@id":"https:\/\/blogg.svenskakyrkan.se\/vandravagen\/#\/schema\/person\/image\/","url":"https:\/\/secure.gravatar.com\/avatar\/7fa71899795e8f540f615a1f5ab25255dc27aa40f05ee7ddd21aac521e01bf50?s=96&d=identicon&r=g","contentUrl":"https:\/\/secure.gravatar.com\/avatar\/7fa71899795e8f540f615a1f5ab25255dc27aa40f05ee7ddd21aac521e01bf50?s=96&d=identicon&r=g","caption":"Tomas Jarvid"},"description":"Jag bor i Ulricehamn i V\u00e4sterg\u00f6tland och \u00e4r f\u00f6rsamlingspr\u00e4st i Svenska Kyrkan f\u00f6r Dalstorps f\u00f6rsamling i Kinds pastorat. P\u00e5 den h\u00e4r bloggen skriver jag ner tankar om vandringen som kristen.","sameAs":["http:\/\/www.vandravagen.se"],"url":"https:\/\/blogg.svenskakyrkan.se\/vandravagen\/author\/vandravagen\/"}]}},"author_meta":{"ID":"392","user_nicename":"vandravagen","user_url":"http:\/\/www.vandravagen.se","user_registered":"2014-05-19 05:44:52","display_name":"Tomas Jarvid","first_name":"Tomas","last_name":"Jarvid","avatar":"https:\/\/secure.gravatar.com\/avatar\/7fa71899795e8f540f615a1f5ab25255dc27aa40f05ee7ddd21aac521e01bf50?s=96&d=identicon&r=g"},"featured_image":["https:\/\/blogg.svenskakyrkan.se\/vandravagen\/files\/2025\/05\/sakarja-1024x435.jpg",1024,435,true],"bloginfo":{"name":"Vandra V\u00e4gen","url":"https:\/\/blogg.svenskakyrkan.se\/vandravagen"},"_links":{"self":[{"href":"https:\/\/blogg.svenskakyrkan.se\/vandravagen\/wp-json\/wp\/v2\/posts\/10482","targetHints":{"allow":["GET"]}}],"collection":[{"href":"https:\/\/blogg.svenskakyrkan.se\/vandravagen\/wp-json\/wp\/v2\/posts"}],"about":[{"href":"https:\/\/blogg.svenskakyrkan.se\/vandravagen\/wp-json\/wp\/v2\/types\/post"}],"author":[{"embeddable":true,"href":"https:\/\/blogg.svenskakyrkan.se\/vandravagen\/wp-json\/wp\/v2\/users\/392"}],"replies":[{"embeddable":true,"href":"https:\/\/blogg.svenskakyrkan.se\/vandravagen\/wp-json\/wp\/v2\/comments?post=10482"}],"version-history":[{"count":1,"href":"https:\/\/blogg.svenskakyrkan.se\/vandravagen\/wp-json\/wp\/v2\/posts\/10482\/revisions"}],"predecessor-version":[{"id":10484,"href":"https:\/\/blogg.svenskakyrkan.se\/vandravagen\/wp-json\/wp\/v2\/posts\/10482\/revisions\/10484"}],"wp:featuredmedia":[{"embeddable":true,"href":"https:\/\/blogg.svenskakyrkan.se\/vandravagen\/wp-json\/wp\/v2\/media\/10483"}],"wp:attachment":[{"href":"https:\/\/blogg.svenskakyrkan.se\/vandravagen\/wp-json\/wp\/v2\/media?parent=10482"}],"wp:term":[{"taxonomy":"category","embeddable":true,"href":"https:\/\/blogg.svenskakyrkan.se\/vandravagen\/wp-json\/wp\/v2\/categories?post=10482"},{"taxonomy":"post_tag","embeddable":true,"href":"https:\/\/blogg.svenskakyrkan.se\/vandravagen\/wp-json\/wp\/v2\/tags?post=10482"}],"curies":[{"name":"wp","href":"https:\/\/api.w.org\/{rel}","templated":true}]}}