{"id":1057,"date":"2012-04-20T11:02:00","date_gmt":"2012-04-20T09:02:00","guid":{"rendered":"http:\/\/blogg.svenskakyrkan.se\/vandravagen\/2012\/04\/20\/stalmannen-vs-jesus\/"},"modified":"2012-04-20T11:02:00","modified_gmt":"2012-04-20T09:02:00","slug":"stalmannen-vs-jesus","status":"publish","type":"post","link":"https:\/\/blogg.svenskakyrkan.se\/vandravagen\/2012\/04\/20\/stalmannen-vs-jesus\/","title":{"rendered":"St\u00e5lmannen vs Jesus"},"content":{"rendered":"<table align=\"center\" cellpadding=\"0\" cellspacing=\"0\">\n<tbody>\n<tr>\n<td><a href=\"http:\/\/4.bp.blogspot.com\/-7Rz7aUO55ik\/T40Zo4c-jmI\/AAAAAAAAAJo\/b9Nz_fcaa_Y\/s1600\/superman_144542420.jpg\"><img loading=\"lazy\" decoding=\"async\" border=\"0\" height=\"209\" src=\"http:\/\/4.bp.blogspot.com\/-7Rz7aUO55ik\/T40Zo4c-jmI\/AAAAAAAAAJo\/b9Nz_fcaa_Y\/s320\/superman_144542420.jpg\" width=\"320\"><\/a><\/td>\n<\/tr>\n<tr>\n<td><span>Detta \u00e4r inte Jesus<\/span><\/td>\n<\/tr>\n<\/tbody>\n<\/table>\n<p>Jag har tidigare skrivit om\u00a0<a href=\"http:\/\/vagenixp.blogspot.se\/2012\/04\/batman-vs-jesus.html\">Batman vs Jesus<\/a>\u00a0och hur olika de \u00e4r varandra. Det finns dock en superhj\u00e4lte som ligger n\u00e4rmare till hands f\u00f6r de flesta n\u00e4r man t\u00e4nker p\u00e5 den stora GODHETEN personifierad. det \u00e4r f\u00f6rst\u00e5s mannen p\u00e5 bilden, St\u00e5lmannen.<\/p>\n<p>St\u00e5lmannen \u00e4r otroligt m\u00e4ktig, har fantastiska krafter och \u00e4r dessutom n\u00e4rmast orubblig i sin moral. \u00c4r inte det en r\u00e4tt bra liknelse f\u00f6r en Fr\u00e4lsare?<\/p>\n<p>Nja. Det kunde man ju tro. Och det har ocks\u00e5 varit popul\u00e4rt genom hela kyrkans historia att se p\u00e5 Jesus p\u00e5 det s\u00e4ttet. Framf\u00f6rallt t\u00e4nker jag p\u00e5 de tidiga gnostikerna som s\u00e5g Jesus som en &#8221;theos aner&#8221;, en gudam\u00e4nniska. Gud som stigit ner ibland oss.<\/p>\n<p>Och det \u00e4r ju s\u00e5 n\u00e4ra sanningen om Jesus att man kan tycka jag \u00e4r petig nu. Det finns dock en viktig skillnad. Jesus Kristus \u00e4r Gud som kommer till jorden SOM M\u00c4NNISKA.<\/p>\n<p>St\u00e5lmannen \u00e4r ju os\u00e5rbar men evangeliet om Jesus \u00e4r ber\u00e4ttelsen om att Gud gick med p\u00e5 att bli s\u00e5rbar och g\u00e5 in i det m\u00e4nskliga lidandet. Det \u00e4r en av de stora sakerna med den kristna tron, att Gud sj\u00e4lv vet hur vi har det f\u00f6r han har sj\u00e4lv upplevt det. St\u00e5lis vet ju inte hur det \u00e4r att ha ont eller vara bristf\u00e4llig men det vet Jesus. det g\u00f6r det l\u00e4ttare att v\u00e4nda sig till honom med sina bekymmer. Visst h\u00e4nder det mycket under d\u00e4r Jesus g\u00e5r fram men det \u00e4r f\u00f6r att han \u00e4r den enda m\u00e4nniskan sedan Adam som st\u00e5r i en hel relation till Gud. Hans och Faderns vilja \u00e4r ett \u00a0genom den heliga Anden. Jesus har inga superkrafter utan \u00e4r helt och h\u00e5llet m\u00e4nniska. Samtidigt \u00e4r han (obegripligt nog) helt och h\u00e5llet Gud mitt i det enkla.<\/p>\n<p><span><em>Det \u00e4r f\u00f6r \u00f6vrigt intressant att St\u00e5lmannens skapare (Shiegel och Shuster som var judar) var inspirerade av den judiska legenden om beskyddargestalten\u00a0<\/em><\/span><span><em><a href=\"http:\/\/sv.wikipedia.org\/wiki\/Golem\">golem<\/a><\/em><\/span><span>\u00a0(\u05d2\u05d5\u05dc\u05dd) , en gudomlig v\u00e4ktare som hj\u00e4lper det judiska folket.\u00a0<\/span><br \/><span><br \/><\/span><\/p>\n<div><a href=\"http:\/\/1.bp.blogspot.com\/-pBIfe8NH6GA\/T40doGLbpYI\/AAAAAAAAAJw\/7a2RpiyOpDk\/s1600\/220px-Golem_by_Philippe_Semeria.jpg\"><img loading=\"lazy\" decoding=\"async\" border=\"0\" height=\"320\" src=\"http:\/\/1.bp.blogspot.com\/-pBIfe8NH6GA\/T40doGLbpYI\/AAAAAAAAAJw\/7a2RpiyOpDk\/s320\/220px-Golem_by_Philippe_Semeria.jpg\" width=\"190\"><\/a><\/div>\n<p><span><br \/><\/span><br \/><span><br \/><\/span><\/p>\n","protected":false},"excerpt":{"rendered":"<p>Detta \u00e4r inte Jesus Jag har tidigare skrivit om\u00a0Batman vs Jesus\u00a0och hur olika de \u00e4r varandra. Det finns dock en superhj\u00e4lte som ligger n\u00e4rmare till hands f\u00f6r de flesta n\u00e4r man t\u00e4nker p\u00e5 den stora GODHETEN personifierad. det \u00e4r f\u00f6rst\u00e5s mannen p\u00e5 bilden, St\u00e5lmannen. St\u00e5lmannen \u00e4r otroligt m\u00e4ktig, har fantastiska krafter och \u00e4r dessutom n\u00e4rmast [&hellip;]<\/p>\n","protected":false},"author":392,"featured_media":0,"comment_status":"open","ping_status":"open","sticky":false,"template":"","format":"standard","meta":{"_acf_changed":false,"footnotes":""},"categories":[80161,117],"tags":[],"class_list":["post-1057","post","type-post","status-publish","format-standard","hentry","category-superhjaltar","category-teologi"],"acf":[],"yoast_head":"<!-- This site is optimized with the Yoast SEO plugin v27.1.1 - https:\/\/yoast.com\/product\/yoast-seo-wordpress\/ -->\n<title>St\u00e5lmannen vs Jesus - Vandra V\u00e4gen<\/title>\n<meta name=\"robots\" content=\"index, follow, max-snippet:-1, max-image-preview:large, max-video-preview:-1\" \/>\n<link rel=\"canonical\" href=\"https:\/\/blogg.svenskakyrkan.se\/vandravagen\/2012\/04\/20\/stalmannen-vs-jesus\/\" \/>\n<meta property=\"og:locale\" content=\"sv_SE\" \/>\n<meta property=\"og:type\" content=\"article\" \/>\n<meta property=\"og:title\" content=\"St\u00e5lmannen vs Jesus - Vandra V\u00e4gen\" \/>\n<meta property=\"og:description\" content=\"Detta \u00e4r inte Jesus Jag har tidigare skrivit om\u00a0Batman vs Jesus\u00a0och hur olika de \u00e4r varandra. Det finns dock en superhj\u00e4lte som ligger n\u00e4rmare till hands f\u00f6r de flesta n\u00e4r man t\u00e4nker p\u00e5 den stora GODHETEN personifierad. det \u00e4r f\u00f6rst\u00e5s mannen p\u00e5 bilden, St\u00e5lmannen. St\u00e5lmannen \u00e4r otroligt m\u00e4ktig, har fantastiska krafter och \u00e4r dessutom n\u00e4rmast [&hellip;]\" \/>\n<meta property=\"og:url\" content=\"https:\/\/blogg.svenskakyrkan.se\/vandravagen\/2012\/04\/20\/stalmannen-vs-jesus\/\" \/>\n<meta property=\"og:site_name\" content=\"Vandra V\u00e4gen\" \/>\n<meta property=\"article:publisher\" content=\"http:\/\/facebook.com\/vandravagen\" \/>\n<meta property=\"article:published_time\" content=\"2012-04-20T09:02:00+00:00\" \/>\n<meta property=\"og:image\" content=\"http:\/\/4.bp.blogspot.com\/-7Rz7aUO55ik\/T40Zo4c-jmI\/AAAAAAAAAJo\/b9Nz_fcaa_Y\/s320\/superman_144542420.jpg\" \/>\n<meta name=\"author\" content=\"Tomas Jarvid\" \/>\n<meta name=\"twitter:card\" content=\"summary_large_image\" \/>\n<meta name=\"twitter:creator\" content=\"@fadertomas\" \/>\n<meta name=\"twitter:site\" content=\"@fadertomas\" \/>\n<meta name=\"twitter:label1\" content=\"Skriven av\" \/>\n\t<meta name=\"twitter:data1\" content=\"Tomas Jarvid\" \/>\n\t<meta name=\"twitter:label2\" content=\"Ber\u00e4knad l\u00e4stid\" \/>\n\t<meta name=\"twitter:data2\" content=\"2 minuter\" \/>\n<script type=\"application\/ld+json\" class=\"yoast-schema-graph\">{\"@context\":\"https:\/\/schema.org\",\"@graph\":[{\"@type\":\"Article\",\"@id\":\"https:\/\/blogg.svenskakyrkan.se\/vandravagen\/2012\/04\/20\/stalmannen-vs-jesus\/#article\",\"isPartOf\":{\"@id\":\"https:\/\/blogg.svenskakyrkan.se\/vandravagen\/2012\/04\/20\/stalmannen-vs-jesus\/\"},\"author\":{\"name\":\"Tomas Jarvid\",\"@id\":\"https:\/\/blogg.svenskakyrkan.se\/vandravagen\/#\/schema\/person\/25da02d4f76b137d04291711e2c9fc16\"},\"headline\":\"St\u00e5lmannen vs Jesus\",\"datePublished\":\"2012-04-20T09:02:00+00:00\",\"mainEntityOfPage\":{\"@id\":\"https:\/\/blogg.svenskakyrkan.se\/vandravagen\/2012\/04\/20\/stalmannen-vs-jesus\/\"},\"wordCount\":374,\"commentCount\":0,\"publisher\":{\"@id\":\"https:\/\/blogg.svenskakyrkan.se\/vandravagen\/#organization\"},\"image\":{\"@id\":\"https:\/\/blogg.svenskakyrkan.se\/vandravagen\/2012\/04\/20\/stalmannen-vs-jesus\/#primaryimage\"},\"thumbnailUrl\":\"http:\/\/4.bp.blogspot.com\/-7Rz7aUO55ik\/T40Zo4c-jmI\/AAAAAAAAAJo\/b9Nz_fcaa_Y\/s320\/superman_144542420.jpg\",\"articleSection\":[\"superhj\u00e4ltar\",\"Teologi\"],\"inLanguage\":\"sv-SE\",\"potentialAction\":[{\"@type\":\"CommentAction\",\"name\":\"Comment\",\"target\":[\"https:\/\/blogg.svenskakyrkan.se\/vandravagen\/2012\/04\/20\/stalmannen-vs-jesus\/#respond\"]}]},{\"@type\":\"WebPage\",\"@id\":\"https:\/\/blogg.svenskakyrkan.se\/vandravagen\/2012\/04\/20\/stalmannen-vs-jesus\/\",\"url\":\"https:\/\/blogg.svenskakyrkan.se\/vandravagen\/2012\/04\/20\/stalmannen-vs-jesus\/\",\"name\":\"St\u00e5lmannen vs Jesus - Vandra V\u00e4gen\",\"isPartOf\":{\"@id\":\"https:\/\/blogg.svenskakyrkan.se\/vandravagen\/#website\"},\"primaryImageOfPage\":{\"@id\":\"https:\/\/blogg.svenskakyrkan.se\/vandravagen\/2012\/04\/20\/stalmannen-vs-jesus\/#primaryimage\"},\"image\":{\"@id\":\"https:\/\/blogg.svenskakyrkan.se\/vandravagen\/2012\/04\/20\/stalmannen-vs-jesus\/#primaryimage\"},\"thumbnailUrl\":\"http:\/\/4.bp.blogspot.com\/-7Rz7aUO55ik\/T40Zo4c-jmI\/AAAAAAAAAJo\/b9Nz_fcaa_Y\/s320\/superman_144542420.jpg\",\"datePublished\":\"2012-04-20T09:02:00+00:00\",\"breadcrumb\":{\"@id\":\"https:\/\/blogg.svenskakyrkan.se\/vandravagen\/2012\/04\/20\/stalmannen-vs-jesus\/#breadcrumb\"},\"inLanguage\":\"sv-SE\",\"potentialAction\":[{\"@type\":\"ReadAction\",\"target\":[\"https:\/\/blogg.svenskakyrkan.se\/vandravagen\/2012\/04\/20\/stalmannen-vs-jesus\/\"]}]},{\"@type\":\"ImageObject\",\"inLanguage\":\"sv-SE\",\"@id\":\"https:\/\/blogg.svenskakyrkan.se\/vandravagen\/2012\/04\/20\/stalmannen-vs-jesus\/#primaryimage\",\"url\":\"http:\/\/4.bp.blogspot.com\/-7Rz7aUO55ik\/T40Zo4c-jmI\/AAAAAAAAAJo\/b9Nz_fcaa_Y\/s320\/superman_144542420.jpg\",\"contentUrl\":\"http:\/\/4.bp.blogspot.com\/-7Rz7aUO55ik\/T40Zo4c-jmI\/AAAAAAAAAJo\/b9Nz_fcaa_Y\/s320\/superman_144542420.jpg\"},{\"@type\":\"BreadcrumbList\",\"@id\":\"https:\/\/blogg.svenskakyrkan.se\/vandravagen\/2012\/04\/20\/stalmannen-vs-jesus\/#breadcrumb\",\"itemListElement\":[{\"@type\":\"ListItem\",\"position\":1,\"name\":\"Hem\",\"item\":\"https:\/\/blogg.svenskakyrkan.se\/vandravagen\/\"},{\"@type\":\"ListItem\",\"position\":2,\"name\":\"St\u00e5lmannen vs Jesus\"}]},{\"@type\":\"WebSite\",\"@id\":\"https:\/\/blogg.svenskakyrkan.se\/vandravagen\/#website\",\"url\":\"https:\/\/blogg.svenskakyrkan.se\/vandravagen\/\",\"name\":\"Vandra V\u00e4gen\",\"description\":\"-Mot en tro f\u00f6r hela livet\",\"publisher\":{\"@id\":\"https:\/\/blogg.svenskakyrkan.se\/vandravagen\/#organization\"},\"potentialAction\":[{\"@type\":\"SearchAction\",\"target\":{\"@type\":\"EntryPoint\",\"urlTemplate\":\"https:\/\/blogg.svenskakyrkan.se\/vandravagen\/?s={search_term_string}\"},\"query-input\":{\"@type\":\"PropertyValueSpecification\",\"valueRequired\":true,\"valueName\":\"search_term_string\"}}],\"inLanguage\":\"sv-SE\"},{\"@type\":\"Organization\",\"@id\":\"https:\/\/blogg.svenskakyrkan.se\/vandravagen\/#organization\",\"name\":\"ulricehamns pastorat\",\"alternateName\":\"ulricehamns pastorat\",\"url\":\"https:\/\/blogg.svenskakyrkan.se\/vandravagen\/\",\"logo\":{\"@type\":\"ImageObject\",\"inLanguage\":\"sv-SE\",\"@id\":\"https:\/\/blogg.svenskakyrkan.se\/vandravagen\/#\/schema\/logo\/image\/\",\"url\":\"https:\/\/blogg.svenskakyrkan.se\/vandravagen\/files\/2023\/05\/Ulr_logo_RGB.png\",\"contentUrl\":\"https:\/\/blogg.svenskakyrkan.se\/vandravagen\/files\/2023\/05\/Ulr_logo_RGB.png\",\"width\":205,\"height\":77,\"caption\":\"ulricehamns pastorat\"},\"image\":{\"@id\":\"https:\/\/blogg.svenskakyrkan.se\/vandravagen\/#\/schema\/logo\/image\/\"},\"sameAs\":[\"http:\/\/facebook.com\/vandravagen\",\"https:\/\/x.com\/fadertomas\",\"http:\/\/www.facebook.com\/svenskakyrkaniulricehamn\"]},{\"@type\":\"Person\",\"@id\":\"https:\/\/blogg.svenskakyrkan.se\/vandravagen\/#\/schema\/person\/25da02d4f76b137d04291711e2c9fc16\",\"name\":\"Tomas Jarvid\",\"image\":{\"@type\":\"ImageObject\",\"inLanguage\":\"sv-SE\",\"@id\":\"https:\/\/blogg.svenskakyrkan.se\/vandravagen\/#\/schema\/person\/image\/\",\"url\":\"https:\/\/secure.gravatar.com\/avatar\/7fa71899795e8f540f615a1f5ab25255dc27aa40f05ee7ddd21aac521e01bf50?s=96&d=identicon&r=g\",\"contentUrl\":\"https:\/\/secure.gravatar.com\/avatar\/7fa71899795e8f540f615a1f5ab25255dc27aa40f05ee7ddd21aac521e01bf50?s=96&d=identicon&r=g\",\"caption\":\"Tomas Jarvid\"},\"description\":\"Jag bor i Ulricehamn i V\u00e4sterg\u00f6tland och \u00e4r f\u00f6rsamlingspr\u00e4st i Svenska Kyrkan f\u00f6r Dalstorps f\u00f6rsamling i Kinds pastorat. P\u00e5 den h\u00e4r bloggen skriver jag ner tankar om vandringen som kristen.\",\"sameAs\":[\"http:\/\/www.vandravagen.se\"],\"url\":\"https:\/\/blogg.svenskakyrkan.se\/vandravagen\/author\/vandravagen\/\"}]}<\/script>\n<!-- \/ Yoast SEO plugin. -->","yoast_head_json":{"title":"St\u00e5lmannen vs Jesus - Vandra V\u00e4gen","robots":{"index":"index","follow":"follow","max-snippet":"max-snippet:-1","max-image-preview":"max-image-preview:large","max-video-preview":"max-video-preview:-1"},"canonical":"https:\/\/blogg.svenskakyrkan.se\/vandravagen\/2012\/04\/20\/stalmannen-vs-jesus\/","og_locale":"sv_SE","og_type":"article","og_title":"St\u00e5lmannen vs Jesus - Vandra V\u00e4gen","og_description":"Detta \u00e4r inte Jesus Jag har tidigare skrivit om\u00a0Batman vs Jesus\u00a0och hur olika de \u00e4r varandra. Det finns dock en superhj\u00e4lte som ligger n\u00e4rmare till hands f\u00f6r de flesta n\u00e4r man t\u00e4nker p\u00e5 den stora GODHETEN personifierad. det \u00e4r f\u00f6rst\u00e5s mannen p\u00e5 bilden, St\u00e5lmannen. St\u00e5lmannen \u00e4r otroligt m\u00e4ktig, har fantastiska krafter och \u00e4r dessutom n\u00e4rmast [&hellip;]","og_url":"https:\/\/blogg.svenskakyrkan.se\/vandravagen\/2012\/04\/20\/stalmannen-vs-jesus\/","og_site_name":"Vandra V\u00e4gen","article_publisher":"http:\/\/facebook.com\/vandravagen","article_published_time":"2012-04-20T09:02:00+00:00","og_image":[{"url":"http:\/\/4.bp.blogspot.com\/-7Rz7aUO55ik\/T40Zo4c-jmI\/AAAAAAAAAJo\/b9Nz_fcaa_Y\/s320\/superman_144542420.jpg","type":"","width":"","height":""}],"author":"Tomas Jarvid","twitter_card":"summary_large_image","twitter_creator":"@fadertomas","twitter_site":"@fadertomas","twitter_misc":{"Skriven av":"Tomas Jarvid","Ber\u00e4knad l\u00e4stid":"2 minuter"},"schema":{"@context":"https:\/\/schema.org","@graph":[{"@type":"Article","@id":"https:\/\/blogg.svenskakyrkan.se\/vandravagen\/2012\/04\/20\/stalmannen-vs-jesus\/#article","isPartOf":{"@id":"https:\/\/blogg.svenskakyrkan.se\/vandravagen\/2012\/04\/20\/stalmannen-vs-jesus\/"},"author":{"name":"Tomas Jarvid","@id":"https:\/\/blogg.svenskakyrkan.se\/vandravagen\/#\/schema\/person\/25da02d4f76b137d04291711e2c9fc16"},"headline":"St\u00e5lmannen vs Jesus","datePublished":"2012-04-20T09:02:00+00:00","mainEntityOfPage":{"@id":"https:\/\/blogg.svenskakyrkan.se\/vandravagen\/2012\/04\/20\/stalmannen-vs-jesus\/"},"wordCount":374,"commentCount":0,"publisher":{"@id":"https:\/\/blogg.svenskakyrkan.se\/vandravagen\/#organization"},"image":{"@id":"https:\/\/blogg.svenskakyrkan.se\/vandravagen\/2012\/04\/20\/stalmannen-vs-jesus\/#primaryimage"},"thumbnailUrl":"http:\/\/4.bp.blogspot.com\/-7Rz7aUO55ik\/T40Zo4c-jmI\/AAAAAAAAAJo\/b9Nz_fcaa_Y\/s320\/superman_144542420.jpg","articleSection":["superhj\u00e4ltar","Teologi"],"inLanguage":"sv-SE","potentialAction":[{"@type":"CommentAction","name":"Comment","target":["https:\/\/blogg.svenskakyrkan.se\/vandravagen\/2012\/04\/20\/stalmannen-vs-jesus\/#respond"]}]},{"@type":"WebPage","@id":"https:\/\/blogg.svenskakyrkan.se\/vandravagen\/2012\/04\/20\/stalmannen-vs-jesus\/","url":"https:\/\/blogg.svenskakyrkan.se\/vandravagen\/2012\/04\/20\/stalmannen-vs-jesus\/","name":"St\u00e5lmannen vs Jesus - Vandra V\u00e4gen","isPartOf":{"@id":"https:\/\/blogg.svenskakyrkan.se\/vandravagen\/#website"},"primaryImageOfPage":{"@id":"https:\/\/blogg.svenskakyrkan.se\/vandravagen\/2012\/04\/20\/stalmannen-vs-jesus\/#primaryimage"},"image":{"@id":"https:\/\/blogg.svenskakyrkan.se\/vandravagen\/2012\/04\/20\/stalmannen-vs-jesus\/#primaryimage"},"thumbnailUrl":"http:\/\/4.bp.blogspot.com\/-7Rz7aUO55ik\/T40Zo4c-jmI\/AAAAAAAAAJo\/b9Nz_fcaa_Y\/s320\/superman_144542420.jpg","datePublished":"2012-04-20T09:02:00+00:00","breadcrumb":{"@id":"https:\/\/blogg.svenskakyrkan.se\/vandravagen\/2012\/04\/20\/stalmannen-vs-jesus\/#breadcrumb"},"inLanguage":"sv-SE","potentialAction":[{"@type":"ReadAction","target":["https:\/\/blogg.svenskakyrkan.se\/vandravagen\/2012\/04\/20\/stalmannen-vs-jesus\/"]}]},{"@type":"ImageObject","inLanguage":"sv-SE","@id":"https:\/\/blogg.svenskakyrkan.se\/vandravagen\/2012\/04\/20\/stalmannen-vs-jesus\/#primaryimage","url":"http:\/\/4.bp.blogspot.com\/-7Rz7aUO55ik\/T40Zo4c-jmI\/AAAAAAAAAJo\/b9Nz_fcaa_Y\/s320\/superman_144542420.jpg","contentUrl":"http:\/\/4.bp.blogspot.com\/-7Rz7aUO55ik\/T40Zo4c-jmI\/AAAAAAAAAJo\/b9Nz_fcaa_Y\/s320\/superman_144542420.jpg"},{"@type":"BreadcrumbList","@id":"https:\/\/blogg.svenskakyrkan.se\/vandravagen\/2012\/04\/20\/stalmannen-vs-jesus\/#breadcrumb","itemListElement":[{"@type":"ListItem","position":1,"name":"Hem","item":"https:\/\/blogg.svenskakyrkan.se\/vandravagen\/"},{"@type":"ListItem","position":2,"name":"St\u00e5lmannen vs Jesus"}]},{"@type":"WebSite","@id":"https:\/\/blogg.svenskakyrkan.se\/vandravagen\/#website","url":"https:\/\/blogg.svenskakyrkan.se\/vandravagen\/","name":"Vandra V\u00e4gen","description":"-Mot en tro f\u00f6r hela livet","publisher":{"@id":"https:\/\/blogg.svenskakyrkan.se\/vandravagen\/#organization"},"potentialAction":[{"@type":"SearchAction","target":{"@type":"EntryPoint","urlTemplate":"https:\/\/blogg.svenskakyrkan.se\/vandravagen\/?s={search_term_string}"},"query-input":{"@type":"PropertyValueSpecification","valueRequired":true,"valueName":"search_term_string"}}],"inLanguage":"sv-SE"},{"@type":"Organization","@id":"https:\/\/blogg.svenskakyrkan.se\/vandravagen\/#organization","name":"ulricehamns pastorat","alternateName":"ulricehamns pastorat","url":"https:\/\/blogg.svenskakyrkan.se\/vandravagen\/","logo":{"@type":"ImageObject","inLanguage":"sv-SE","@id":"https:\/\/blogg.svenskakyrkan.se\/vandravagen\/#\/schema\/logo\/image\/","url":"https:\/\/blogg.svenskakyrkan.se\/vandravagen\/files\/2023\/05\/Ulr_logo_RGB.png","contentUrl":"https:\/\/blogg.svenskakyrkan.se\/vandravagen\/files\/2023\/05\/Ulr_logo_RGB.png","width":205,"height":77,"caption":"ulricehamns pastorat"},"image":{"@id":"https:\/\/blogg.svenskakyrkan.se\/vandravagen\/#\/schema\/logo\/image\/"},"sameAs":["http:\/\/facebook.com\/vandravagen","https:\/\/x.com\/fadertomas","http:\/\/www.facebook.com\/svenskakyrkaniulricehamn"]},{"@type":"Person","@id":"https:\/\/blogg.svenskakyrkan.se\/vandravagen\/#\/schema\/person\/25da02d4f76b137d04291711e2c9fc16","name":"Tomas Jarvid","image":{"@type":"ImageObject","inLanguage":"sv-SE","@id":"https:\/\/blogg.svenskakyrkan.se\/vandravagen\/#\/schema\/person\/image\/","url":"https:\/\/secure.gravatar.com\/avatar\/7fa71899795e8f540f615a1f5ab25255dc27aa40f05ee7ddd21aac521e01bf50?s=96&d=identicon&r=g","contentUrl":"https:\/\/secure.gravatar.com\/avatar\/7fa71899795e8f540f615a1f5ab25255dc27aa40f05ee7ddd21aac521e01bf50?s=96&d=identicon&r=g","caption":"Tomas Jarvid"},"description":"Jag bor i Ulricehamn i V\u00e4sterg\u00f6tland och \u00e4r f\u00f6rsamlingspr\u00e4st i Svenska Kyrkan f\u00f6r Dalstorps f\u00f6rsamling i Kinds pastorat. P\u00e5 den h\u00e4r bloggen skriver jag ner tankar om vandringen som kristen.","sameAs":["http:\/\/www.vandravagen.se"],"url":"https:\/\/blogg.svenskakyrkan.se\/vandravagen\/author\/vandravagen\/"}]}},"author_meta":{"ID":"392","user_nicename":"vandravagen","user_url":"http:\/\/www.vandravagen.se","user_registered":"2014-05-19 05:44:52","display_name":"Tomas Jarvid","first_name":"Tomas","last_name":"Jarvid","avatar":"https:\/\/secure.gravatar.com\/avatar\/7fa71899795e8f540f615a1f5ab25255dc27aa40f05ee7ddd21aac521e01bf50?s=96&d=identicon&r=g"},"featured_image":false,"bloginfo":{"name":"Vandra V\u00e4gen","url":"https:\/\/blogg.svenskakyrkan.se\/vandravagen"},"_links":{"self":[{"href":"https:\/\/blogg.svenskakyrkan.se\/vandravagen\/wp-json\/wp\/v2\/posts\/1057","targetHints":{"allow":["GET"]}}],"collection":[{"href":"https:\/\/blogg.svenskakyrkan.se\/vandravagen\/wp-json\/wp\/v2\/posts"}],"about":[{"href":"https:\/\/blogg.svenskakyrkan.se\/vandravagen\/wp-json\/wp\/v2\/types\/post"}],"author":[{"embeddable":true,"href":"https:\/\/blogg.svenskakyrkan.se\/vandravagen\/wp-json\/wp\/v2\/users\/392"}],"replies":[{"embeddable":true,"href":"https:\/\/blogg.svenskakyrkan.se\/vandravagen\/wp-json\/wp\/v2\/comments?post=1057"}],"version-history":[{"count":0,"href":"https:\/\/blogg.svenskakyrkan.se\/vandravagen\/wp-json\/wp\/v2\/posts\/1057\/revisions"}],"wp:attachment":[{"href":"https:\/\/blogg.svenskakyrkan.se\/vandravagen\/wp-json\/wp\/v2\/media?parent=1057"}],"wp:term":[{"taxonomy":"category","embeddable":true,"href":"https:\/\/blogg.svenskakyrkan.se\/vandravagen\/wp-json\/wp\/v2\/categories?post=1057"},{"taxonomy":"post_tag","embeddable":true,"href":"https:\/\/blogg.svenskakyrkan.se\/vandravagen\/wp-json\/wp\/v2\/tags?post=1057"}],"curies":[{"name":"wp","href":"https:\/\/api.w.org\/{rel}","templated":true}]}}