{"id":10575,"date":"2025-08-27T08:25:00","date_gmt":"2025-08-27T06:25:00","guid":{"rendered":"https:\/\/blogg.svenskakyrkan.se\/vandravagen\/?p=10575"},"modified":"2025-08-27T08:25:02","modified_gmt":"2025-08-27T06:25:02","slug":"blev-jona-uppaten-av-en-val","status":"publish","type":"post","link":"https:\/\/blogg.svenskakyrkan.se\/vandravagen\/2025\/08\/27\/blev-jona-uppaten-av-en-val\/","title":{"rendered":"Blev Jona upp\u00e4ten av en val?"},"content":{"rendered":"\n<p class=\"is-style-intro\">S\u00e5 h\u00e4r i valtider i kyrkan m\u00e5ste vi ju fundera p\u00e5 valar i bibeln!<\/p>\n\n\n\n<p>Den h\u00e4r texten \u00e4r ocks\u00e5 publicerad i v\u00e5r pastoratstidning &#8221;kyrkbacken&#8221;. S\u00e5h\u00e4r inf\u00f6r kyrkovalet \u00e4r det lite roligt att t\u00e4nka p\u00e5 valar i bibeln. Finns det s\u00e5na? <\/p>\n\n\n\n<p>F\u00f6r m\u00e5nga g\u00e5r nog tankarna genast till Jona bok i gamla testamentet. D\u00e4r har vi ber\u00e4ttelsen om profeten som v\u00e4grade utf\u00f6ra sitt uppdrag fr\u00e5n Gud och ist\u00e4llet drog till havs, hamnade i en storm och kastades i havet d\u00e4r han slukades av en\u2026 vad\u00e5? <\/p>\n\n\n\n<p>L\u00e4ser man noga i bibeln s\u00e5 st\u00e5r det faktiskt inget om n\u00e5gon val. Det som st\u00e5r \u00e4r att Jona blir slukad av en \u201dstor fisk\u201d.<\/p>\n\n\n\n<h2 class=\"wp-block-heading\">Enligt Moby Dick<\/h2>\n\n\n\n<p>Fr\u00e5gan om djurets arttillh\u00f6righet tas faktiskt upp i den k\u00e4nda valf\u00e5ngarromanen Moby Dick. Bokens ber\u00e4ttare menar best\u00e4mt att det <em>givetvis<\/em> var en val som slukade Jona. Och i n\u00e4sta andetag menar han ocks\u00e5 valar \u00e4r fiskar (de r\u00e5kar bara vara fiskar som andas med lungor). Hur trov\u00e4rdig \u00e4r en s\u00e5dan k\u00e4lla?<\/p>\n\n\n\n<p>Vi som l\u00e4rt oss att valar \u00e4r d\u00e4ggdjur kan le \u00e5t denna okunskap i biologi men vi inser samtidigt att v\u00e5rt biologiska system \u00e4r ganska nytt. <\/p>\n\n\n\n<p>Om det \u00e4nnu i mitten av 1800-talet d\u00e5 Moby Dick skrevs inte var s\u00e5 sj\u00e4lvklart vad som r\u00e4knades som fisk s\u00e5 var det kanske inte det i bibelf\u00f6rfattarens \u00f6gon heller? Valen ser ju absolut mer ut som en fisk \u00e4n som n\u00e5got annat.<\/p>\n\n\n\n<h2 class=\"wp-block-heading\">Leviatan<\/h2>\n\n\n\n<p>Moby Dicks ber\u00e4ttare kallar ocks\u00e5 \u00e5terkommande de stora valarna som de med fara f\u00f6r sitt liv f\u00f6rs\u00f6ker f\u00e5nga f\u00f6r ett annat bibliskt ord: Leviatan.<\/p>\n\n\n\n<p>I bibelns tankev\u00e4rld \u00e4r Leviatan ett stort havsmonster som r\u00f6r sig i djupet. Israeliterna var ingen sj\u00f6fararnation s\u00e5 allt som hade med havet att g\u00f6ra var ganska skr\u00e4mmande f\u00f6r m\u00e5nga. N\u00e4r Jona blir slukad av valen \u00e4r det som att det \u00e4r sj\u00e4lva d\u00f6dens k\u00e4ftar som sluter sig om honom.<\/p>\n\n\n\n<p>Boken om Jona \u00e4r tacksam att skildra i barnbiblar och i s\u00f6ndagsskola eftersom den \u00e4r s\u00e5 dramatisk. D\u00e4rf\u00f6r \u00e4r det l\u00e4tt att tro att det \u00e4r en enkel ber\u00e4ttelse f\u00f6r barn och att den kanske inte \u00e4r s\u00e5 mycket f\u00f6r vuxna att bry sig om. S\u00e5 \u00e4r det verkligen inte. <\/p>\n\n\n\n<h2 class=\"wp-block-heading\">Det sista kapitlet som s\u00e4llan \u00e4r med<\/h2>\n\n\n\n<p>Ganska f\u00e5 bibelvetare menar att man ska l\u00e4sa om Jona och valen som en historisk h\u00e4ndelse utan snarare som en ironisk ber\u00e4ttelse om en d\u00e5lig profet och hur vi f\u00f6rh\u00e5ller oss till Guds vilja. Bokens sista kapitel kommer s\u00e4llan med i barnbiblarna men d\u00e4r kommer sj\u00e4lva po\u00e4ngen!<\/p>\n\n\n\n<p>I det sista kapitlet har Jona blivit uppspottad p\u00e5 land och Gud kallar honom f\u00f6r andra g\u00e5ngen till att g\u00e5 och predika i fiendernas huvudstad Nineve. Jona g\u00f6r det (p\u00e5 ett halvhj\u00e4rtat s\u00e4tt) och resultatet blir otroligt! Hela staden och de h\u00e4rskande d\u00e4r v\u00e4nder om fr\u00e5n sina onda v\u00e4gar!<\/p>\n\n\n\n<p>Och \u00e4nd\u00e5 blir Jona sur! <\/p>\n\n\n\n<p>Han klagar till Gud och s\u00e4ger att det var just d\u00e4rf\u00f6r han inte ville g\u00e5. Han ville inte ge de onda en chans att v\u00e4nda om och bli skonade fr\u00e5n Guds dom! <\/p>\n\n\n\n<p>Slutet p\u00e5 hela boken \u00e4r en fr\u00e5ga fr\u00e5n Gud som blir h\u00e4ngande i luften: f\u00f6rst\u00e5r du inte att jag bryr mig om folket i Nineve ocks\u00e5? \u00c4r inte \u00e4ven de dina medm\u00e4nniskor?<\/p>\n\n\n\n<p>Och oavsett vad man tror om m\u00f6jligheten att \u00f6verleva tre dygn i en valmage s\u00e5 kommer ingen av oss undan fr\u00e5gan Gud st\u00e4ller. Inte minst kommer den utmaningen tillbaka l\u00e4ngre fram i bibeln hos Jonas (betydligt b\u00e4ttre) eftertr\u00e4dare. Jesus sj\u00e4lv!<\/p>\n\n\n\n<h2 class=\"wp-block-heading\">Jona enligt Jesus<\/h2>\n\n\n\n<p>Folket ber Jesus om ett tecken s\u00e5 att de ska kunna tro men han s\u00e4ger att de bara ska f\u00e5 \u201dJonatecknet\u201d. <\/p>\n\n\n\n<p>Med det menar han att precis som Jona var som d\u00f6d i fiskens mage innan han kom ut igen i det fria, s\u00e5 ska Jesus d\u00f6 och l\u00e4mna graven och leva p\u00e5 nytt. Det \u00e4r det stora tecken vi f\u00e5r s\u00e5 att vi ska lita p\u00e5 b\u00e5de Guds makt och Guds omsorg om oss.<\/p>\n\n\n\n<p>Jesus \u00e5terv\u00e4nder ocks\u00e5 till fr\u00e5gan Gud st\u00e4ller till Jona. Han talar till oss om att \u00e4lska \u00e4ven dem vi ser som fiender, eftersom Gud g\u00f6r det! Och \u00e4ven om det \u00e4r ett bud som svider rej\u00e4lt ibland att f\u00f6rs\u00f6ka f\u00f6lja s\u00e5 \u00e4r det samtidigt goda nyheter f\u00f6r oss. Det betyder ju att Gud \u00e4lskar \u00e4ven s\u00e5na som inte \u00e4r f\u00f6rtj\u00e4nta av det. Och d\u00e5 kan vi v\u00e5ga tro att den k\u00e4rleken g\u00e4ller \u00e4ven oss.<\/p>\n\n\n<div id=\"related-posts-block_aa69329dc175a8fd44440dded1e19777\"  class=\"b-related-posts alignfull\">\n    <div class=\"acf-innerblocks-container\">\n\n<h2 class=\"wp-block-heading\">Liknande inl\u00e4gg<\/h2>\n\n<\/div>\n    \n    \n    <div class=\"wp-block-query alignfull is-layout-flow wp-block-query-is-layout-flow\">\n        <ul class=\"is-flex-container columns-3 alignfull related-posts__content wp-block-post-template is-layout-flow wp-block-post-template-is-layout-flow\"><li class=\"wp-block-post post-10681 post type-post status-publish format-standard has-post-thumbnail hentry category-bibel category-bibeln category-film category-historia tag-anakin tag-betlehem tag-bibeln tag-david tag-jesus tag-jul tag-kristen tag-kristen-tro tag-kung-david tag-kyrka tag-kyrkan tag-luke tag-oken tag-plats tag-rakel tag-rut tag-ruth tag-skywalker tag-tatooine\">\n            \n            <div class=\"wp-block-group post__content is-layout-flow wp-block-group-is-layout-flow\">\n                <figure style=\"margin-bottom:var(--wp--preset--spacing--50);\" class=\"wp-block-post-featured-image\"><a href=\"https:\/\/blogg.svenskakyrkan.se\/vandravagen\/2026\/03\/06\/betlehem-ar-bibelns-tatooine\/\" target=\"_self\"  ><img loading=\"lazy\" decoding=\"async\" width=\"1265\" height=\"631\" src=\"https:\/\/blogg.svenskakyrkan.se\/vandravagen\/files\/2026\/03\/cylonka.jpg\" class=\"attachment-post-thumbnail size-post-thumbnail wp-post-image\" alt=\"Betlehem \u00e4r bibelns Tatooine\" style=\"object-fit:cover;\" srcset=\"https:\/\/blogg.svenskakyrkan.se\/vandravagen\/files\/2026\/03\/cylonka.jpg 1265w, https:\/\/blogg.svenskakyrkan.se\/vandravagen\/files\/2026\/03\/cylonka-300x150.jpg 300w, https:\/\/blogg.svenskakyrkan.se\/vandravagen\/files\/2026\/03\/cylonka-1024x511.jpg 1024w, https:\/\/blogg.svenskakyrkan.se\/vandravagen\/files\/2026\/03\/cylonka-768x383.jpg 768w, https:\/\/blogg.svenskakyrkan.se\/vandravagen\/files\/2026\/03\/cylonka-1200x599.jpg 1200w\" sizes=\"auto, (max-width: 1265px) 100vw, 1265px\" \/><\/a><\/figure>\n                <h2 class=\"wp-block-post-title has-h-3-font-size\"><a href=\"https:\/\/blogg.svenskakyrkan.se\/vandravagen\/2026\/03\/06\/betlehem-ar-bibelns-tatooine\/\" target=\"_self\" >Betlehem \u00e4r bibelns Tatooine<\/a><\/h2>\n                <div class=\"wp-block-post-date\"><time datetime=\"2026-03-06T13:25:48+01:00\">6 mars, 2026<\/time><\/div>\n                <div class=\"wp-block-post-excerpt\"><p class=\"wp-block-post-excerpt__excerpt\">En plats d\u00e4r man varit f\u00f6rut!<\/p><\/div>\n            <\/div>\n            \n        <\/li><li class=\"wp-block-post post-10708 post type-post status-publish format-standard has-post-thumbnail hentry category-bibel category-bibeln category-vara-manniska tag-abel tag-amy-cuddy tag-bibeln tag-hallning tag-jesus tag-kain tag-kristen tag-kristen-tro tag-krokryggiga tag-kropp-och-sjal tag-kroppen tag-kroppshallning tag-kroppssprak tag-kyrka tag-kyrkan tag-skapelsen tag-ted tag-ted-talk\">\n            \n            <div class=\"wp-block-group post__content is-layout-flow wp-block-group-is-layout-flow\">\n                <figure style=\"margin-bottom:var(--wp--preset--spacing--50);\" class=\"wp-block-post-featured-image\"><a href=\"https:\/\/blogg.svenskakyrkan.se\/vandravagen\/2026\/01\/20\/kroppsprak-i-bibeln\/\" target=\"_self\"  ><img loading=\"lazy\" decoding=\"async\" width=\"1024\" height=\"576\" src=\"https:\/\/blogg.svenskakyrkan.se\/vandravagen\/files\/2026\/01\/kroppsprak.jpg\" class=\"attachment-post-thumbnail size-post-thumbnail wp-post-image\" alt=\"Kroppspr\u00e5k i bibeln\" style=\"object-fit:cover;\" srcset=\"https:\/\/blogg.svenskakyrkan.se\/vandravagen\/files\/2026\/01\/kroppsprak.jpg 1024w, https:\/\/blogg.svenskakyrkan.se\/vandravagen\/files\/2026\/01\/kroppsprak-300x169.jpg 300w, https:\/\/blogg.svenskakyrkan.se\/vandravagen\/files\/2026\/01\/kroppsprak-768x432.jpg 768w\" sizes=\"auto, (max-width: 1024px) 100vw, 1024px\" \/><\/a><\/figure>\n                <h2 class=\"wp-block-post-title has-h-3-font-size\"><a href=\"https:\/\/blogg.svenskakyrkan.se\/vandravagen\/2026\/01\/20\/kroppsprak-i-bibeln\/\" target=\"_self\" >Kroppspr\u00e5k i bibeln<\/a><\/h2>\n                <div class=\"wp-block-post-date\"><time datetime=\"2026-01-20T08:51:22+01:00\">20 januari, 2026<\/time><\/div>\n                <div class=\"wp-block-post-excerpt\"><p class=\"wp-block-post-excerpt__excerpt\">Om att landa i kroppen och komma till besinning<\/p><\/div>\n            <\/div>\n            \n        <\/li><li class=\"wp-block-post post-10702 post type-post status-publish format-standard has-post-thumbnail hentry category-bibeln category-josef category-jul tag-betlehem tag-bibeln tag-jesus tag-jesusbarnet tag-josef tag-josf tag-jul tag-kristen tag-kristen-tro tag-krubba tag-kyrka tag-kyrkan tag-lukas tag-maria tag-matteus tag-skattskrivning tag-stall tag-trolovning tag-trolovningen\">\n            \n            <div class=\"wp-block-group post__content is-layout-flow wp-block-group-is-layout-flow\">\n                <figure style=\"margin-bottom:var(--wp--preset--spacing--50);\" class=\"wp-block-post-featured-image\"><a href=\"https:\/\/blogg.svenskakyrkan.se\/vandravagen\/2026\/01\/12\/josef-och-marias-trolovning\/\" target=\"_self\"  ><img loading=\"lazy\" decoding=\"async\" width=\"770\" height=\"1024\" src=\"https:\/\/blogg.svenskakyrkan.se\/vandravagen\/files\/2026\/01\/josef-bar.jpg\" class=\"attachment-post-thumbnail size-post-thumbnail wp-post-image\" alt=\"Josef och Marias trolovning\" style=\"object-fit:cover;\" srcset=\"https:\/\/blogg.svenskakyrkan.se\/vandravagen\/files\/2026\/01\/josef-bar.jpg 770w, https:\/\/blogg.svenskakyrkan.se\/vandravagen\/files\/2026\/01\/josef-bar-300x399.jpg 300w, https:\/\/blogg.svenskakyrkan.se\/vandravagen\/files\/2026\/01\/josef-bar-768x1021.jpg 768w\" sizes=\"auto, (max-width: 770px) 100vw, 770px\" \/><\/a><\/figure>\n                <h2 class=\"wp-block-post-title has-h-3-font-size\"><a href=\"https:\/\/blogg.svenskakyrkan.se\/vandravagen\/2026\/01\/12\/josef-och-marias-trolovning\/\" target=\"_self\" >Josef och Marias trolovning<\/a><\/h2>\n                <div class=\"wp-block-post-date\"><time datetime=\"2026-01-12T09:32:28+01:00\">12 januari, 2026<\/time><\/div>\n                <div class=\"wp-block-post-excerpt\"><p class=\"wp-block-post-excerpt__excerpt\">Om att Jesus trots allt var f\u00f6dd inom \u00e4ktenskapet<\/p><\/div>\n            <\/div>\n            \n        <\/li><\/ul>\n        \n    <\/div>\n    <\/div>\n","protected":false},"excerpt":{"rendered":"<p>S\u00e5 h\u00e4r i valtider i kyrkan m\u00e5ste vi ju fundera p\u00e5 valar i bibeln! Den h\u00e4r texten \u00e4r ocks\u00e5 publicerad i v\u00e5r pastoratstidning &#8221;kyrkbacken&#8221;. S\u00e5h\u00e4r inf\u00f6r kyrkovalet \u00e4r det lite roligt att t\u00e4nka p\u00e5 valar i bibeln. Finns det s\u00e5na? F\u00f6r m\u00e5nga g\u00e5r nog tankarna genast till Jona bok i gamla testamentet. D\u00e4r har vi [&hellip;]<\/p>\n","protected":false},"author":392,"featured_media":10576,"comment_status":"open","ping_status":"open","sticky":false,"template":"","format":"standard","meta":{"_acf_changed":false,"footnotes":""},"categories":[33559,14252,81118,8298],"tags":[83926,84797,83878,84244,84850,84858,83880,83879,83901,83890,84853,84855,84854,84857,84856,84851,84852],"class_list":["post-10575","post","type-post","status-publish","format-standard","has-post-thumbnail","hentry","category-berattelser","category-bibel","category-bibelbocker","category-bibeln","tag-bibeln","tag-gamla-testamentet","tag-jesus","tag-jona","tag-jona-bok","tag-jonatecknet","tag-kristen","tag-kristen-tro","tag-kyrka","tag-kyrkan","tag-kyrkoval","tag-levitan","tag-moby-dick","tag-nineve","tag-stor-fisk","tag-val","tag-valen"],"acf":[],"yoast_head":"<!-- This site is optimized with the Yoast SEO plugin v27.1.1 - https:\/\/yoast.com\/product\/yoast-seo-wordpress\/ -->\n<title>Blev Jona upp\u00e4ten av en val? - Vandra V\u00e4gen<\/title>\n<meta name=\"description\" content=\"\u00c4r det en val som slukar Jona i bibelber\u00e4ttelsen? \u00c4ven om man inte l\u00e4ser om jona bokstavligt finns det mycket att l\u00e4ra.\" \/>\n<meta name=\"robots\" content=\"index, follow, max-snippet:-1, max-image-preview:large, max-video-preview:-1\" \/>\n<link rel=\"canonical\" href=\"https:\/\/blogg.svenskakyrkan.se\/vandravagen\/2025\/08\/27\/blev-jona-uppaten-av-en-val\/\" \/>\n<meta property=\"og:locale\" content=\"sv_SE\" \/>\n<meta property=\"og:type\" content=\"article\" \/>\n<meta property=\"og:title\" content=\"Blev Jona upp\u00e4ten av en val? - Vandra V\u00e4gen\" \/>\n<meta property=\"og:description\" content=\"\u00c4r det en val som slukar Jona i bibelber\u00e4ttelsen? \u00c4ven om man inte l\u00e4ser om jona bokstavligt finns det mycket att l\u00e4ra.\" \/>\n<meta property=\"og:url\" content=\"https:\/\/blogg.svenskakyrkan.se\/vandravagen\/2025\/08\/27\/blev-jona-uppaten-av-en-val\/\" \/>\n<meta property=\"og:site_name\" content=\"Vandra V\u00e4gen\" \/>\n<meta property=\"article:publisher\" content=\"http:\/\/facebook.com\/vandravagen\" \/>\n<meta property=\"article:published_time\" content=\"2025-08-27T06:25:00+00:00\" \/>\n<meta property=\"article:modified_time\" content=\"2025-08-27T06:25:02+00:00\" \/>\n<meta property=\"og:image\" content=\"http:\/\/blogg.svenskakyrkan.se\/vandravagen\/files\/2025\/08\/jona.jpg\" \/>\n\t<meta property=\"og:image:width\" content=\"900\" \/>\n\t<meta property=\"og:image:height\" content=\"500\" \/>\n\t<meta property=\"og:image:type\" content=\"image\/jpeg\" \/>\n<meta name=\"author\" content=\"Tomas Jarvid\" \/>\n<meta name=\"twitter:card\" content=\"summary_large_image\" \/>\n<meta name=\"twitter:creator\" content=\"@fadertomas\" \/>\n<meta name=\"twitter:site\" content=\"@fadertomas\" \/>\n<meta name=\"twitter:label1\" content=\"Skriven av\" \/>\n\t<meta name=\"twitter:data1\" content=\"Tomas Jarvid\" \/>\n\t<meta name=\"twitter:label2\" content=\"Ber\u00e4knad l\u00e4stid\" \/>\n\t<meta name=\"twitter:data2\" content=\"4 minuter\" \/>\n<script type=\"application\/ld+json\" class=\"yoast-schema-graph\">{\"@context\":\"https:\/\/schema.org\",\"@graph\":[{\"@type\":\"Article\",\"@id\":\"https:\/\/blogg.svenskakyrkan.se\/vandravagen\/2025\/08\/27\/blev-jona-uppaten-av-en-val\/#article\",\"isPartOf\":{\"@id\":\"https:\/\/blogg.svenskakyrkan.se\/vandravagen\/2025\/08\/27\/blev-jona-uppaten-av-en-val\/\"},\"author\":{\"name\":\"Tomas Jarvid\",\"@id\":\"https:\/\/blogg.svenskakyrkan.se\/vandravagen\/#\/schema\/person\/25da02d4f76b137d04291711e2c9fc16\"},\"headline\":\"Blev Jona upp\u00e4ten av en val?\",\"datePublished\":\"2025-08-27T06:25:00+00:00\",\"dateModified\":\"2025-08-27T06:25:02+00:00\",\"mainEntityOfPage\":{\"@id\":\"https:\/\/blogg.svenskakyrkan.se\/vandravagen\/2025\/08\/27\/blev-jona-uppaten-av-en-val\/\"},\"wordCount\":855,\"commentCount\":0,\"publisher\":{\"@id\":\"https:\/\/blogg.svenskakyrkan.se\/vandravagen\/#organization\"},\"image\":{\"@id\":\"https:\/\/blogg.svenskakyrkan.se\/vandravagen\/2025\/08\/27\/blev-jona-uppaten-av-en-val\/#primaryimage\"},\"thumbnailUrl\":\"https:\/\/blogg.svenskakyrkan.se\/vandravagen\/files\/2025\/08\/jona.jpg\",\"keywords\":[\"bibeln\",\"gamla testamentet\",\"Jesus\",\"jona\",\"jona bok\",\"jonatecknet\",\"kristen\",\"kristen tro\",\"kyrka\",\"kyrkan\",\"kyrkoval\",\"levitan\",\"moby dick\",\"Nineve\",\"stor fisk\",\"val\",\"valen\"],\"articleSection\":[\"ber\u00e4ttelser\",\"bibel\",\"bibelb\u00f6cker\",\"Bibeln\"],\"inLanguage\":\"sv-SE\",\"potentialAction\":[{\"@type\":\"CommentAction\",\"name\":\"Comment\",\"target\":[\"https:\/\/blogg.svenskakyrkan.se\/vandravagen\/2025\/08\/27\/blev-jona-uppaten-av-en-val\/#respond\"]}]},{\"@type\":\"WebPage\",\"@id\":\"https:\/\/blogg.svenskakyrkan.se\/vandravagen\/2025\/08\/27\/blev-jona-uppaten-av-en-val\/\",\"url\":\"https:\/\/blogg.svenskakyrkan.se\/vandravagen\/2025\/08\/27\/blev-jona-uppaten-av-en-val\/\",\"name\":\"Blev Jona upp\u00e4ten av en val? - Vandra V\u00e4gen\",\"isPartOf\":{\"@id\":\"https:\/\/blogg.svenskakyrkan.se\/vandravagen\/#website\"},\"primaryImageOfPage\":{\"@id\":\"https:\/\/blogg.svenskakyrkan.se\/vandravagen\/2025\/08\/27\/blev-jona-uppaten-av-en-val\/#primaryimage\"},\"image\":{\"@id\":\"https:\/\/blogg.svenskakyrkan.se\/vandravagen\/2025\/08\/27\/blev-jona-uppaten-av-en-val\/#primaryimage\"},\"thumbnailUrl\":\"https:\/\/blogg.svenskakyrkan.se\/vandravagen\/files\/2025\/08\/jona.jpg\",\"datePublished\":\"2025-08-27T06:25:00+00:00\",\"dateModified\":\"2025-08-27T06:25:02+00:00\",\"description\":\"\u00c4r det en val som slukar Jona i bibelber\u00e4ttelsen? \u00c4ven om man inte l\u00e4ser om jona bokstavligt finns det mycket att l\u00e4ra.\",\"breadcrumb\":{\"@id\":\"https:\/\/blogg.svenskakyrkan.se\/vandravagen\/2025\/08\/27\/blev-jona-uppaten-av-en-val\/#breadcrumb\"},\"inLanguage\":\"sv-SE\",\"potentialAction\":[{\"@type\":\"ReadAction\",\"target\":[\"https:\/\/blogg.svenskakyrkan.se\/vandravagen\/2025\/08\/27\/blev-jona-uppaten-av-en-val\/\"]}]},{\"@type\":\"ImageObject\",\"inLanguage\":\"sv-SE\",\"@id\":\"https:\/\/blogg.svenskakyrkan.se\/vandravagen\/2025\/08\/27\/blev-jona-uppaten-av-en-val\/#primaryimage\",\"url\":\"https:\/\/blogg.svenskakyrkan.se\/vandravagen\/files\/2025\/08\/jona.jpg\",\"contentUrl\":\"https:\/\/blogg.svenskakyrkan.se\/vandravagen\/files\/2025\/08\/jona.jpg\",\"width\":900,\"height\":500,\"caption\":\"Jona kommer ut ur valen redo att predika\"},{\"@type\":\"BreadcrumbList\",\"@id\":\"https:\/\/blogg.svenskakyrkan.se\/vandravagen\/2025\/08\/27\/blev-jona-uppaten-av-en-val\/#breadcrumb\",\"itemListElement\":[{\"@type\":\"ListItem\",\"position\":1,\"name\":\"Hem\",\"item\":\"https:\/\/blogg.svenskakyrkan.se\/vandravagen\/\"},{\"@type\":\"ListItem\",\"position\":2,\"name\":\"bibeln\",\"item\":\"https:\/\/blogg.svenskakyrkan.se\/vandravagen\/tag\/bibeln\/\"},{\"@type\":\"ListItem\",\"position\":3,\"name\":\"Blev Jona upp\u00e4ten av en val?\"}]},{\"@type\":\"WebSite\",\"@id\":\"https:\/\/blogg.svenskakyrkan.se\/vandravagen\/#website\",\"url\":\"https:\/\/blogg.svenskakyrkan.se\/vandravagen\/\",\"name\":\"Vandra V\u00e4gen\",\"description\":\"-Mot en tro f\u00f6r hela livet\",\"publisher\":{\"@id\":\"https:\/\/blogg.svenskakyrkan.se\/vandravagen\/#organization\"},\"potentialAction\":[{\"@type\":\"SearchAction\",\"target\":{\"@type\":\"EntryPoint\",\"urlTemplate\":\"https:\/\/blogg.svenskakyrkan.se\/vandravagen\/?s={search_term_string}\"},\"query-input\":{\"@type\":\"PropertyValueSpecification\",\"valueRequired\":true,\"valueName\":\"search_term_string\"}}],\"inLanguage\":\"sv-SE\"},{\"@type\":\"Organization\",\"@id\":\"https:\/\/blogg.svenskakyrkan.se\/vandravagen\/#organization\",\"name\":\"ulricehamns pastorat\",\"alternateName\":\"ulricehamns pastorat\",\"url\":\"https:\/\/blogg.svenskakyrkan.se\/vandravagen\/\",\"logo\":{\"@type\":\"ImageObject\",\"inLanguage\":\"sv-SE\",\"@id\":\"https:\/\/blogg.svenskakyrkan.se\/vandravagen\/#\/schema\/logo\/image\/\",\"url\":\"https:\/\/blogg.svenskakyrkan.se\/vandravagen\/files\/2023\/05\/Ulr_logo_RGB.png\",\"contentUrl\":\"https:\/\/blogg.svenskakyrkan.se\/vandravagen\/files\/2023\/05\/Ulr_logo_RGB.png\",\"width\":205,\"height\":77,\"caption\":\"ulricehamns pastorat\"},\"image\":{\"@id\":\"https:\/\/blogg.svenskakyrkan.se\/vandravagen\/#\/schema\/logo\/image\/\"},\"sameAs\":[\"http:\/\/facebook.com\/vandravagen\",\"https:\/\/x.com\/fadertomas\",\"http:\/\/www.facebook.com\/svenskakyrkaniulricehamn\"]},{\"@type\":\"Person\",\"@id\":\"https:\/\/blogg.svenskakyrkan.se\/vandravagen\/#\/schema\/person\/25da02d4f76b137d04291711e2c9fc16\",\"name\":\"Tomas Jarvid\",\"image\":{\"@type\":\"ImageObject\",\"inLanguage\":\"sv-SE\",\"@id\":\"https:\/\/blogg.svenskakyrkan.se\/vandravagen\/#\/schema\/person\/image\/\",\"url\":\"https:\/\/secure.gravatar.com\/avatar\/7fa71899795e8f540f615a1f5ab25255dc27aa40f05ee7ddd21aac521e01bf50?s=96&d=identicon&r=g\",\"contentUrl\":\"https:\/\/secure.gravatar.com\/avatar\/7fa71899795e8f540f615a1f5ab25255dc27aa40f05ee7ddd21aac521e01bf50?s=96&d=identicon&r=g\",\"caption\":\"Tomas Jarvid\"},\"description\":\"Jag bor i Ulricehamn i V\u00e4sterg\u00f6tland och \u00e4r f\u00f6rsamlingspr\u00e4st i Svenska Kyrkan f\u00f6r Dalstorps f\u00f6rsamling i Kinds pastorat. P\u00e5 den h\u00e4r bloggen skriver jag ner tankar om vandringen som kristen.\",\"sameAs\":[\"http:\/\/www.vandravagen.se\"],\"url\":\"https:\/\/blogg.svenskakyrkan.se\/vandravagen\/author\/vandravagen\/\"}]}<\/script>\n<!-- \/ Yoast SEO plugin. -->","yoast_head_json":{"title":"Blev Jona upp\u00e4ten av en val? - Vandra V\u00e4gen","description":"\u00c4r det en val som slukar Jona i bibelber\u00e4ttelsen? \u00c4ven om man inte l\u00e4ser om jona bokstavligt finns det mycket att l\u00e4ra.","robots":{"index":"index","follow":"follow","max-snippet":"max-snippet:-1","max-image-preview":"max-image-preview:large","max-video-preview":"max-video-preview:-1"},"canonical":"https:\/\/blogg.svenskakyrkan.se\/vandravagen\/2025\/08\/27\/blev-jona-uppaten-av-en-val\/","og_locale":"sv_SE","og_type":"article","og_title":"Blev Jona upp\u00e4ten av en val? - Vandra V\u00e4gen","og_description":"\u00c4r det en val som slukar Jona i bibelber\u00e4ttelsen? \u00c4ven om man inte l\u00e4ser om jona bokstavligt finns det mycket att l\u00e4ra.","og_url":"https:\/\/blogg.svenskakyrkan.se\/vandravagen\/2025\/08\/27\/blev-jona-uppaten-av-en-val\/","og_site_name":"Vandra V\u00e4gen","article_publisher":"http:\/\/facebook.com\/vandravagen","article_published_time":"2025-08-27T06:25:00+00:00","article_modified_time":"2025-08-27T06:25:02+00:00","og_image":[{"width":900,"height":500,"url":"http:\/\/blogg.svenskakyrkan.se\/vandravagen\/files\/2025\/08\/jona.jpg","type":"image\/jpeg"}],"author":"Tomas Jarvid","twitter_card":"summary_large_image","twitter_creator":"@fadertomas","twitter_site":"@fadertomas","twitter_misc":{"Skriven av":"Tomas Jarvid","Ber\u00e4knad l\u00e4stid":"4 minuter"},"schema":{"@context":"https:\/\/schema.org","@graph":[{"@type":"Article","@id":"https:\/\/blogg.svenskakyrkan.se\/vandravagen\/2025\/08\/27\/blev-jona-uppaten-av-en-val\/#article","isPartOf":{"@id":"https:\/\/blogg.svenskakyrkan.se\/vandravagen\/2025\/08\/27\/blev-jona-uppaten-av-en-val\/"},"author":{"name":"Tomas Jarvid","@id":"https:\/\/blogg.svenskakyrkan.se\/vandravagen\/#\/schema\/person\/25da02d4f76b137d04291711e2c9fc16"},"headline":"Blev Jona upp\u00e4ten av en val?","datePublished":"2025-08-27T06:25:00+00:00","dateModified":"2025-08-27T06:25:02+00:00","mainEntityOfPage":{"@id":"https:\/\/blogg.svenskakyrkan.se\/vandravagen\/2025\/08\/27\/blev-jona-uppaten-av-en-val\/"},"wordCount":855,"commentCount":0,"publisher":{"@id":"https:\/\/blogg.svenskakyrkan.se\/vandravagen\/#organization"},"image":{"@id":"https:\/\/blogg.svenskakyrkan.se\/vandravagen\/2025\/08\/27\/blev-jona-uppaten-av-en-val\/#primaryimage"},"thumbnailUrl":"https:\/\/blogg.svenskakyrkan.se\/vandravagen\/files\/2025\/08\/jona.jpg","keywords":["bibeln","gamla testamentet","Jesus","jona","jona bok","jonatecknet","kristen","kristen tro","kyrka","kyrkan","kyrkoval","levitan","moby dick","Nineve","stor fisk","val","valen"],"articleSection":["ber\u00e4ttelser","bibel","bibelb\u00f6cker","Bibeln"],"inLanguage":"sv-SE","potentialAction":[{"@type":"CommentAction","name":"Comment","target":["https:\/\/blogg.svenskakyrkan.se\/vandravagen\/2025\/08\/27\/blev-jona-uppaten-av-en-val\/#respond"]}]},{"@type":"WebPage","@id":"https:\/\/blogg.svenskakyrkan.se\/vandravagen\/2025\/08\/27\/blev-jona-uppaten-av-en-val\/","url":"https:\/\/blogg.svenskakyrkan.se\/vandravagen\/2025\/08\/27\/blev-jona-uppaten-av-en-val\/","name":"Blev Jona upp\u00e4ten av en val? - Vandra V\u00e4gen","isPartOf":{"@id":"https:\/\/blogg.svenskakyrkan.se\/vandravagen\/#website"},"primaryImageOfPage":{"@id":"https:\/\/blogg.svenskakyrkan.se\/vandravagen\/2025\/08\/27\/blev-jona-uppaten-av-en-val\/#primaryimage"},"image":{"@id":"https:\/\/blogg.svenskakyrkan.se\/vandravagen\/2025\/08\/27\/blev-jona-uppaten-av-en-val\/#primaryimage"},"thumbnailUrl":"https:\/\/blogg.svenskakyrkan.se\/vandravagen\/files\/2025\/08\/jona.jpg","datePublished":"2025-08-27T06:25:00+00:00","dateModified":"2025-08-27T06:25:02+00:00","description":"\u00c4r det en val som slukar Jona i bibelber\u00e4ttelsen? \u00c4ven om man inte l\u00e4ser om jona bokstavligt finns det mycket att l\u00e4ra.","breadcrumb":{"@id":"https:\/\/blogg.svenskakyrkan.se\/vandravagen\/2025\/08\/27\/blev-jona-uppaten-av-en-val\/#breadcrumb"},"inLanguage":"sv-SE","potentialAction":[{"@type":"ReadAction","target":["https:\/\/blogg.svenskakyrkan.se\/vandravagen\/2025\/08\/27\/blev-jona-uppaten-av-en-val\/"]}]},{"@type":"ImageObject","inLanguage":"sv-SE","@id":"https:\/\/blogg.svenskakyrkan.se\/vandravagen\/2025\/08\/27\/blev-jona-uppaten-av-en-val\/#primaryimage","url":"https:\/\/blogg.svenskakyrkan.se\/vandravagen\/files\/2025\/08\/jona.jpg","contentUrl":"https:\/\/blogg.svenskakyrkan.se\/vandravagen\/files\/2025\/08\/jona.jpg","width":900,"height":500,"caption":"Jona kommer ut ur valen redo att predika"},{"@type":"BreadcrumbList","@id":"https:\/\/blogg.svenskakyrkan.se\/vandravagen\/2025\/08\/27\/blev-jona-uppaten-av-en-val\/#breadcrumb","itemListElement":[{"@type":"ListItem","position":1,"name":"Hem","item":"https:\/\/blogg.svenskakyrkan.se\/vandravagen\/"},{"@type":"ListItem","position":2,"name":"bibeln","item":"https:\/\/blogg.svenskakyrkan.se\/vandravagen\/tag\/bibeln\/"},{"@type":"ListItem","position":3,"name":"Blev Jona upp\u00e4ten av en val?"}]},{"@type":"WebSite","@id":"https:\/\/blogg.svenskakyrkan.se\/vandravagen\/#website","url":"https:\/\/blogg.svenskakyrkan.se\/vandravagen\/","name":"Vandra V\u00e4gen","description":"-Mot en tro f\u00f6r hela livet","publisher":{"@id":"https:\/\/blogg.svenskakyrkan.se\/vandravagen\/#organization"},"potentialAction":[{"@type":"SearchAction","target":{"@type":"EntryPoint","urlTemplate":"https:\/\/blogg.svenskakyrkan.se\/vandravagen\/?s={search_term_string}"},"query-input":{"@type":"PropertyValueSpecification","valueRequired":true,"valueName":"search_term_string"}}],"inLanguage":"sv-SE"},{"@type":"Organization","@id":"https:\/\/blogg.svenskakyrkan.se\/vandravagen\/#organization","name":"ulricehamns pastorat","alternateName":"ulricehamns pastorat","url":"https:\/\/blogg.svenskakyrkan.se\/vandravagen\/","logo":{"@type":"ImageObject","inLanguage":"sv-SE","@id":"https:\/\/blogg.svenskakyrkan.se\/vandravagen\/#\/schema\/logo\/image\/","url":"https:\/\/blogg.svenskakyrkan.se\/vandravagen\/files\/2023\/05\/Ulr_logo_RGB.png","contentUrl":"https:\/\/blogg.svenskakyrkan.se\/vandravagen\/files\/2023\/05\/Ulr_logo_RGB.png","width":205,"height":77,"caption":"ulricehamns pastorat"},"image":{"@id":"https:\/\/blogg.svenskakyrkan.se\/vandravagen\/#\/schema\/logo\/image\/"},"sameAs":["http:\/\/facebook.com\/vandravagen","https:\/\/x.com\/fadertomas","http:\/\/www.facebook.com\/svenskakyrkaniulricehamn"]},{"@type":"Person","@id":"https:\/\/blogg.svenskakyrkan.se\/vandravagen\/#\/schema\/person\/25da02d4f76b137d04291711e2c9fc16","name":"Tomas Jarvid","image":{"@type":"ImageObject","inLanguage":"sv-SE","@id":"https:\/\/blogg.svenskakyrkan.se\/vandravagen\/#\/schema\/person\/image\/","url":"https:\/\/secure.gravatar.com\/avatar\/7fa71899795e8f540f615a1f5ab25255dc27aa40f05ee7ddd21aac521e01bf50?s=96&d=identicon&r=g","contentUrl":"https:\/\/secure.gravatar.com\/avatar\/7fa71899795e8f540f615a1f5ab25255dc27aa40f05ee7ddd21aac521e01bf50?s=96&d=identicon&r=g","caption":"Tomas Jarvid"},"description":"Jag bor i Ulricehamn i V\u00e4sterg\u00f6tland och \u00e4r f\u00f6rsamlingspr\u00e4st i Svenska Kyrkan f\u00f6r Dalstorps f\u00f6rsamling i Kinds pastorat. P\u00e5 den h\u00e4r bloggen skriver jag ner tankar om vandringen som kristen.","sameAs":["http:\/\/www.vandravagen.se"],"url":"https:\/\/blogg.svenskakyrkan.se\/vandravagen\/author\/vandravagen\/"}]}},"author_meta":{"ID":"392","user_nicename":"vandravagen","user_url":"http:\/\/www.vandravagen.se","user_registered":"2014-05-19 05:44:52","display_name":"Tomas Jarvid","first_name":"Tomas","last_name":"Jarvid","avatar":"https:\/\/secure.gravatar.com\/avatar\/7fa71899795e8f540f615a1f5ab25255dc27aa40f05ee7ddd21aac521e01bf50?s=96&d=identicon&r=g"},"featured_image":["https:\/\/blogg.svenskakyrkan.se\/vandravagen\/files\/2025\/08\/jona.jpg",900,500,false],"bloginfo":{"name":"Vandra V\u00e4gen","url":"https:\/\/blogg.svenskakyrkan.se\/vandravagen"},"_links":{"self":[{"href":"https:\/\/blogg.svenskakyrkan.se\/vandravagen\/wp-json\/wp\/v2\/posts\/10575","targetHints":{"allow":["GET"]}}],"collection":[{"href":"https:\/\/blogg.svenskakyrkan.se\/vandravagen\/wp-json\/wp\/v2\/posts"}],"about":[{"href":"https:\/\/blogg.svenskakyrkan.se\/vandravagen\/wp-json\/wp\/v2\/types\/post"}],"author":[{"embeddable":true,"href":"https:\/\/blogg.svenskakyrkan.se\/vandravagen\/wp-json\/wp\/v2\/users\/392"}],"replies":[{"embeddable":true,"href":"https:\/\/blogg.svenskakyrkan.se\/vandravagen\/wp-json\/wp\/v2\/comments?post=10575"}],"version-history":[{"count":1,"href":"https:\/\/blogg.svenskakyrkan.se\/vandravagen\/wp-json\/wp\/v2\/posts\/10575\/revisions"}],"predecessor-version":[{"id":10577,"href":"https:\/\/blogg.svenskakyrkan.se\/vandravagen\/wp-json\/wp\/v2\/posts\/10575\/revisions\/10577"}],"wp:featuredmedia":[{"embeddable":true,"href":"https:\/\/blogg.svenskakyrkan.se\/vandravagen\/wp-json\/wp\/v2\/media\/10576"}],"wp:attachment":[{"href":"https:\/\/blogg.svenskakyrkan.se\/vandravagen\/wp-json\/wp\/v2\/media?parent=10575"}],"wp:term":[{"taxonomy":"category","embeddable":true,"href":"https:\/\/blogg.svenskakyrkan.se\/vandravagen\/wp-json\/wp\/v2\/categories?post=10575"},{"taxonomy":"post_tag","embeddable":true,"href":"https:\/\/blogg.svenskakyrkan.se\/vandravagen\/wp-json\/wp\/v2\/tags?post=10575"}],"curies":[{"name":"wp","href":"https:\/\/api.w.org\/{rel}","templated":true}]}}