{"id":10773,"date":"2026-03-30T17:54:15","date_gmt":"2026-03-30T15:54:15","guid":{"rendered":"https:\/\/blogg.svenskakyrkan.se\/vandravagen\/?p=10773"},"modified":"2026-03-30T17:54:17","modified_gmt":"2026-03-30T15:54:17","slug":"vad-maria-och-vi-sager-ja-till","status":"publish","type":"post","link":"https:\/\/blogg.svenskakyrkan.se\/vandravagen\/2026\/03\/30\/vad-maria-och-vi-sager-ja-till\/","title":{"rendered":"Vad Maria och vi s\u00e4ger ja till"},"content":{"rendered":"\n<p class=\"is-style-intro\">Predikan p\u00e5 Jungfru Marie beb\u00e5delsedag i Ulricehamns kyrka<\/p>\n\n\n<figure class=\"wp-block-post-featured-image\"><img loading=\"lazy\" decoding=\"async\" width=\"681\" height=\"1774\" src=\"https:\/\/blogg.svenskakyrkan.se\/vandravagen\/files\/2026\/03\/bebadelsen.jpg\" class=\"attachment-post-thumbnail size-post-thumbnail wp-post-image\" alt=\"\" style=\"object-fit:cover;\" srcset=\"https:\/\/blogg.svenskakyrkan.se\/vandravagen\/files\/2026\/03\/bebadelsen.jpg 681w, https:\/\/blogg.svenskakyrkan.se\/vandravagen\/files\/2026\/03\/bebadelsen-300x781.jpg 300w, https:\/\/blogg.svenskakyrkan.se\/vandravagen\/files\/2026\/03\/bebadelsen-590x1536.jpg 590w\" sizes=\"auto, (max-width: 681px) 100vw, 681px\" \/><\/figure>\n\n\n<p>H\u00e4r \u00e4r den predikan jag h\u00f6ll p\u00e5 beb\u00e5delsedagen i Ulricehamns kyrka. Jag f\u00f6rs\u00f6ker s\u00e4ga n\u00e5got om olika aspekter p\u00e5 vad vi kyrkan kallar &#8221;kallelse&#8221;. <\/p>\n\n\n\n<p>Egentligen \u00e4r det snyggt att dela upp det s\u00e5 att man anv\u00e4nder ordet &#8221;kallelse&#8221; f\u00f6r v\u00e5r kallelse hem till Gud och &#8221;s\u00e4ndning&#8221; f\u00f6r v\u00e5rt uppdrag i v\u00e4rlden men s\u00e5 blev det inte denna g\u00e5ng. Hoppas det h\u00e4r kan vara till gl\u00e4dje f\u00f6r dig!<\/p>\n\n\n\n<h2 class=\"wp-block-heading\">Det valda livet<\/h2>\n\n\n\n<p>P\u00e5 pr\u00e4stutbildningen fick jag h\u00f6ra om hur v\u00e5r rektor Lars-G\u00f6ran en g\u00e5ng hade h\u00e5llit tal p\u00e5 n\u00e5gon slags examen f\u00f6r unga vuxna p\u00e5 v\u00e4g ut i livet. Han hade talat d\u00e4r om \u201ddet valda livet\u201d. <\/p>\n\n\n\n<p>Han menade att f\u00f6r m\u00e5nga blir det lite grann slumpen som f\u00e5r avg\u00f6ra hur det blir. Man tr\u00e4ffar n\u00e5gon och det f\u00e5r visa sig med tiden om det blir vi f\u00f6r livet, eller man r\u00e5kar hamna p\u00e5 en arbetsplats och s\u00e5 \u00e4r man kvar d\u00e4r. <\/p>\n\n\n\n<p>Han ville uppmuntra ungdomarna att fundera p\u00e5 allvar vad de sj\u00e4lva egentligen ville. Leva ett liv som de valt att leva. Och i det ingick det nog en hel del om v\u00e4rderingar t\u00e4nker jag mig. Att inte bara utg\u00e5 fr\u00e5n att om alla andra s\u00e4ger att karri\u00e4r och ekonomi \u00e4r viktiga m\u00e5l s\u00e5 \u00e4r det s\u00e5 det \u00e4r utan fundera p\u00e5 vad jag sj\u00e4lv tycker \u00e4r v\u00e4rdefullt att \u00e4gna sig \u00e5t. <\/p>\n\n\n\n<p>Vilka g\u00e5vor jag har och hur kan jag anv\u00e4nda dem s\u00e5 de blir till gl\u00e4dje?<\/p>\n\n\n\n<h2 class=\"wp-block-heading\">Vad vi s\u00e4ger ja till<\/h2>\n\n\n\n<p>Idag p\u00e5 jungfru Marias dag \u00e4r det aktuellt det d\u00e4r med vad vi s\u00e4ger ja till. Vi kan ha med oss Lars-G\u00f6rans r\u00e5d och t\u00e4nka att det kanske r\u00e4cker halva v\u00e4gen n\u00e4r vi fundera p\u00e5 v\u00e5r kallelse som kristna. <\/p>\n\n\n\n<p>Det \u00e4r r\u00e4tt sv\u00e5rt i v\u00e5r tid att t\u00e4nka sj\u00e4lv och t\u00e4nka sina tankar f\u00e4rdigt utan att bli avbruten av n\u00e5gon distraktion. Och att det formar v\u00e5ra liv mycket vad vi s\u00e4ger ja till. <\/p>\n\n\n\n<p>V\u00e5r egen vilja verkar ov\u00e4ntat viktig f\u00f6r Gud. Gud fr\u00e5gar ov\u00e4ntat mycket i bibeln f\u00f6r att vara en Gud. <\/p>\n\n\n\n<h2 class=\"wp-block-heading\">Marias v\u00e4gval<\/h2>\n\n\n\n<p>P\u00e5 marias tid levde man inte alls med s\u00e5 m\u00e5nga val som vi g\u00f6r idag men det hon st\u00e4lldes inf\u00f6r var desto st\u00f6rre.<\/p>\n\n\n\n<p>F\u00f6rutom m\u00e4staren sj\u00e4lv s\u00e5 \u00e4r Maria v\u00e5r st\u00f6rsta f\u00f6rebild i att tro. Hon verkar st\u00e5 stadigt i vem hon \u00e4r och i hur hon erfarit att Gud \u00e4r och s\u00e5 v\u00e4ljer hon v\u00e4g utifr\u00e5n det. P\u00e5 ett \u00f6gonblick. <\/p>\n\n\n\n<p>Det h\u00e4r \u00e4r f\u00f6rst\u00e5s den andra delen f\u00f6r oss i att fundera p\u00e5 v\u00e5r egen kallelse. <\/p>\n\n\n\n<p>Vem \u00e4r jag och vad vill jag, och vad vill Gud mig? Och var m\u00f6ts de h\u00e4r b\u00e5da fr\u00e5gorna? Jag t\u00e4nker att b\u00e5da fr\u00e5gorna \u00e4r lika viktiga f\u00f6r en troende m\u00e4nniska. Det \u00e4r d\u00e4r v\u00e5ra liv m\u00f6ter den levande Guden.<\/p>\n\n\n\n<p>Vi hade f\u00f6rel\u00e4sning f\u00f6r n\u00e5gra veckor sedan av Mikael Tellbe och han p\u00e5minde om att tro kan \u00f6vers\u00e4ttas p\u00e5 m\u00e5nga s\u00e4tt. Klart att Maria trodde p\u00e5 Gud, hon litade ocks\u00e5 p\u00e5 Guds trofasthet och godhet. <\/p>\n\n\n\n<p>Hon sj\u00e4lv var trofast och v\u00e4nd mot sin Gud i sitt liv. Vi ser p\u00e5 den stora lovs\u00e5ngen hon brister ut i hur stolt och glad hon \u00e4r att f\u00e5 vara en del av Guds m\u00e4ktiga verk. Marias val blir en naturlig f\u00f6ljd av vem hon \u00e4r. Hon \u00e4r en som \u00e4r beredd att lyssna till Guds r\u00f6st.<\/p>\n\n\n\n<h2 class=\"wp-block-heading\">Ett ja fr\u00e5n hj\u00e4rtat<\/h2>\n\n\n\n<p>Att s\u00e4ga ja \u00e4r som sagt en viktig sak i v\u00e5r tro. Som pr\u00e4st fr\u00e5gar man vid dop, vid vigslar och s\u00e5 vidare, vill du bli d\u00f6pt, vill du vara den h\u00e4r m\u00e4nniskan trogen? Och det spelar stor roll vad vi s\u00e4ger ja till. <\/p>\n\n\n\n<p>Ibland n\u00e4r det talas om trohet i samh\u00e4llet s\u00e5 verkar det n\u00e4stan bara betyda \u201datt inte vara otrogen\u201d men jag tror det \u00e4r mer \u00e4n s\u00e5. <\/p>\n\n\n\n<p>Att vara trogen har med det d\u00e4r ordet vi tyv\u00e4rr inte har p\u00e5 svenska att g\u00f6ra: \u201dcommitment\u201d, ett engagemang f\u00f6r det man vill vara trogen. Ett ja ska komma fr\u00e5n hj\u00e4rtat kan man s\u00e4ga, kanske lite tvekande f\u00f6rst\u00e5s men det ska ha med v\u00e5r djupa l\u00e4ngtan att g\u00f6ra. <\/p>\n\n\n\n<p>Detta stora ja f\u00e5r vi \u00f6vers\u00e4tta i alla m\u00f6jliga vardagliga v\u00e4gval. Saker vi f\u00e5r s\u00e4ga ja till och s\u00e5dant vi f\u00e5r s\u00e4ga nej till. Vi har lov att anv\u00e4nda v\u00e5rt f\u00f6rst\u00e5nd d\u00e4r.<\/p>\n\n\n\n<h2 class=\"wp-block-heading\">Alla m\u00e5ste tj\u00e4na n\u00e5gon<\/h2>\n\n\n\n<p>Bob Dylan skrev en g\u00e5ng en v\u00e4ldigt kristen skiva med l\u00e5ten \u201dYou gotta serve somebody .It may be the devil or it may be the Lord, but you have to serve somebody\u201d. Du m\u00e5ste tj\u00e4na n\u00e5gon. Det tror jag \u00e4r djupt sant och Maria sa ju att hon \u00e4r Herrens tj\u00e4narinna. Jag tror att det \u00e4r en illusion att vi skulle kunna stanna neutrala i fr\u00e5gor som \u00e4r viktiga i livet.<\/p>\n\n\n\n<p>Alla tj\u00e4nar n\u00e5gon eller n\u00e5got. Vems tj\u00e4nare \u00e4r jag? \u00c4r det egot eller pengarna eller vad andra tycker\u2026 s\u00e5 leder det fel. Och vi g\u00e5r alla fel hela tiden men vi f\u00e5r \u00e5terv\u00e4nda till att n\u00e4r vi tj\u00e4nar Gud kan allt f\u00e5 r\u00e4tt plats. Och det kr\u00e4ver inte bara ett ja en g\u00e5ng utan det kr\u00e4ver ett ja varje dag. <\/p>\n\n\n\n<p>Man kunde b\u00f6rja sin dag med Marias ord \u201djag \u00e4r herrens tj\u00e4narinna\u201d. Det \u00e4r verkligen inget f\u00f6rnedrande med att se p\u00e5 sig sj\u00e4lv som en tj\u00e4nare. Det \u00e4r att g\u00e5 i den h\u00f6gstes tj\u00e4nst, det godas tj\u00e4nst. Allt m\u00e5ste tj\u00e4na n\u00e5gon. Jag vill v\u00e4lja som Maria.<\/p>\n\n\n\n<h2 class=\"wp-block-heading\">Utan att veta vad det leder till<\/h2>\n\n\n\n<p>M\u00e5nga \u00e4r lite r\u00e4dda f\u00f6r att s\u00e4ga ja till saker. Jag ocks\u00e5, man \u00e4r lite r\u00e4dd att bli invald i n\u00e5got f\u00f6r man vet inte riktigt vad det kommer inneb\u00e4ra. Man har en aning f\u00f6rst\u00e5s men man kan inte veta helt i f\u00f6rv\u00e4g. Kommer jag klara det? Blir det tr\u00e5kigt? <\/p>\n\n\n\n<p>N\u00e4r det g\u00e4ller v\u00e5rt stora ja till Gud s\u00e5 kan vi inte heller veta riktigt i f\u00f6rv\u00e4g. Maria kunde inte veta vad det h\u00e4r skulle inneb\u00e4ra. Ser man till den korta beskrivningen hon f\u00e5r s\u00e5 kunde man ha helt andra bilder av hur det skulle g\u00e5 f\u00f6r Jesus. Kung f\u00f6r evigt. S\u00e5 blir det ju ocks\u00e5 men v\u00e4gen dit \u00e4r ov\u00e4ntad och tuff.<\/p>\n\n\n\n<h2 class=\"wp-block-heading\">V\u00e4gen valde dig<\/h2>\n\n\n\n<p>M\u00e5nga kristna v\u00e4nder sig till Maria just f\u00f6r att hon vet hur tung v\u00e4gen kan vara. P\u00e5 bilder ser man henne med sju sv\u00e4rd in i hj\u00e4rtat f\u00f6r de sm\u00e4rtor hon f\u00e5r utst\u00e5 l\u00e4ngs v\u00e4gen. <\/p>\n\n\n\n<p>Dag Hammarsk\u00f6ld har satt ord v\u00e4l p\u00e5 den m\u00e4rkliga k\u00e4nslan att efter ett tag tappar kanske fr\u00e5gan om vad vi sj\u00e4lva valt lite grann sin betydelse. Vi lever de liv v\u00e5ra val medf\u00f6rt.<\/p>\n\n\n\n<p>Man kan se framf\u00f6r sig hur han dignar under alla fr\u00e5gor han hade p\u00e5 sina axlar som ledare f\u00f6r FN, hur ensamt det var men att han inte hade n\u00e5got annat val \u00e4n att streta vidare. Han skrev:<\/p>\n\n\n\n<pre class=\"wp-block-verse\">Andras v\u00e4g <br>har rastplatser i solen <br>d\u00e4r de m\u00f6tas.<br>Men detta \u00e4r din v\u00e4g, <br>och det \u00e4r nu, <br>nu, du inte f\u00e5r svika.<br><br>Gr\u00e5t om du kan, <br>gr\u00e5t men klaga inte.<br><br>V\u00e4gen valde dig<br>- och du ska tacka.<\/pre>\n\n\n\n<p>V\u00e4gen valde dig. Det \u00e4r ocks\u00e5 starka ord om en kristen kallelse. \u00a0Man st\u00e5r d\u00e4r man st\u00e5r, med det man f\u00e5tt att hantera. V\u00e4gen har valt oss. <\/p>\n\n\n\n<p>Vi beh\u00f6ver aldrig leta l\u00e5ngt borta efter en uppgift f\u00f6r den finns \u00f6verallt omkring oss. V\u00e5ra val har lett oss till s\u00e5dant vi inte alls visste att det skulle bli. En kristen kallelse handlar mycket om att k\u00e4rleken till v\u00e5r n\u00e4sta, eller Gud sj\u00e4lv, leder oss vidare p\u00e5 v\u00e4gar som vi inte vet vart de leder.<\/p>\n\n\n\n<h2 class=\"wp-block-heading\">En sv\u00e5r v\u00e4g<\/h2>\n\n\n\n<p>S\u00e5 det \u00e4r ibland en ganska k\u00e4rv verklighet att f\u00f6rs\u00f6ka leva efter sin kristna tro. Att f\u00f6rs\u00f6ka \u00e4lska sin n\u00e4sta \u00e4r ingen dans p\u00e5 rosor. Ibland \u00e4r det s\u00e5 man vill gr\u00e5ta. Man kan undra om Dag Hammarsk\u00f6ld n\u00e5gon g\u00e5ng \u00f6nskade slippa sina b\u00f6rdor, det verkar inte s\u00e5 p\u00e5 dikten. Hit har min v\u00e4g f\u00f6rt mig. Jag f\u00e5r \u00e4nd\u00e5 tacka att detta blivit min v\u00e4g. <\/p>\n\n\n\n<p>Han st\u00e5r liksom i konsekvenserna av det valda livet och det finns n\u00e5got v\u00e4ldigt stort i det.<\/p>\n\n\n\n<h2 class=\"wp-block-heading\">Lovs\u00e5ngen<\/h2>\n\n\n\n<p>Men vi kan inte sluta d\u00e4r i hur jobbigt det kan vara. Maria sjunger sin lovs\u00e5ng och vi f\u00e5r l\u00e4ra av henne:<\/p>\n\n\n\n<pre class=\"wp-block-verse\">O Maria, l\u00e4r oss dina s\u00e5nger. <br>L\u00e4r oss \u00e4lska honom som har vandrat <br>genom d\u00f6d och grav till livets rike. <br>Du vare lovad Kristus.<\/pre>\n\n\n\n<p>Vi har s\u00e5 m\u00e5nga lovs\u00e5nger bland dagens textl\u00e4sningar. Det \u00e4r inte om hur otroliga och duktiga vi \u00e4r med att leva ut v\u00e5r tro i v\u00e5ra liv, det \u00e4r om han som \u00e4r den osynlige Gudens avbild, fr\u00e5n begynnelsen, den som vi f\u00e5r tillh\u00f6ra. Den som upph\u00f6jer de ringa, som med sitt blod p\u00e5 korset stiftar fred och till slut ska f\u00f6rsona allt med sig. <\/p>\n\n\n\n<p>Maria f\u00e5r ocks\u00e5 l\u00e4ra oss att h\u00f6ja blicken och se p\u00e5 Guds m\u00e4ktiga verk.<\/p>\n\n\n\n<h2 class=\"wp-block-heading\">Guds stora ja<\/h2>\n\n\n\n<p>Att leva sin tro, att f\u00f6lja sina ja dit de leder oss och ge dem p\u00e5 nytt varje dag, det klarar vi inte sj\u00e4lva. D\u00e5 f\u00f6rst\u00e5r vi att vi beh\u00f6ver en fr\u00e4lsare, och vi f\u00e5r vila i det Jesus Kristus gjort f\u00f6r oss. <\/p>\n\n\n\n<p>V\u00e5rt Ja l\u00e4r nog skifta lite nyans med \u00e5ren. Ja jag vill f\u00f6lja dig, kan vi kanske s\u00e4ga som unga, och se framf\u00f6r oss allt vad vi skulle kunna g\u00f6ra f\u00f6r Gud, men i f\u00f6rl\u00e4ngningen f\u00f6rst\u00e5r vi att egentligen handlar mitt ja till Gud om att jag beh\u00f6ver honom. Allt mer f\u00e5r vi \u00e4lska honom som har vandrat genom d\u00f6d och grav till ljusets rike. <\/p>\n\n\n\n<p>Och v\u00e5rt ja drunkar allt mer i gl\u00e4djen \u00f6ver hans stora ja till oss. <\/p>\n\n\n\n<p>Ja, jag vill du ska finnas. <\/p>\n\n\n\n<p>Ja, jag ger aldrig upp om dig, jag g\u00f6r dig till min. <\/p>\n\n\n\n<p>Ja, jag vill ge dig min kraft idag ocks\u00e5. <\/p>\n\n\n\n<p>\u00c4ven Guds ja finns d\u00e4r varje dag. Han som \u00e4r god och trofast.<\/p>\n\n\n\n<p>Maria fick se det \u00e4ngeln sagt bli verklighet, hon tog det till sitt hj\u00e4rta och begrundade det. M\u00e5 vi alla f\u00e5 se hur Gud \u00e4r verklig och n\u00e4rvarande i v\u00e5ra liv. M\u00e5 det bli k\u00e4llan till v\u00e5r lovs\u00e5ng.<\/p>\n\n\n<div id=\"related-posts-block_690a0c9491d3be8eca74df7986897a68\"  class=\"b-related-posts alignfull\">\n    <div class=\"acf-innerblocks-container\">\n\n<h2 class=\"wp-block-heading\">Relaterade inl\u00e4gg<\/h2>\n\n<\/div>\n    \n    \n    <div class=\"wp-block-query alignfull is-layout-flow wp-block-query-is-layout-flow\">\n        <ul class=\"is-flex-container columns-3 alignfull related-posts__content wp-block-post-template is-layout-flow wp-block-post-template-is-layout-flow\"><li class=\"wp-block-post post-10799 post type-post status-publish format-standard has-post-thumbnail hentry category-pask category-predikan tag-bibeln tag-grogu tag-hitta-ut tag-jesus tag-kristen tag-kristen-tro tag-kyrka tag-kyrkan tag-mandalorian tag-orienterare tag-orientering tag-pask tag-predikan tag-process tag-skapelsen tag-star-wars tag-starwars tag-stig tag-the-mandalorian tag-vag tag-vagen tag-vandring\">\n            \n            <div class=\"wp-block-group post__content is-layout-flow wp-block-group-is-layout-flow\">\n                <figure style=\"margin-bottom:var(--wp--preset--spacing--50);\" class=\"wp-block-post-featured-image\"><a href=\"https:\/\/blogg.svenskakyrkan.se\/vandravagen\/2026\/04\/27\/detta-ar-vagen\/\" target=\"_self\"  ><img loading=\"lazy\" decoding=\"async\" width=\"2048\" height=\"1593\" src=\"https:\/\/blogg.svenskakyrkan.se\/vandravagen\/files\/2026\/04\/fiskafanget.jpg\" class=\"attachment-post-thumbnail size-post-thumbnail wp-post-image\" alt=\"&#8221;Detta \u00e4r v\u00e4gen&#8221;\" style=\"object-fit:cover;\" srcset=\"https:\/\/blogg.svenskakyrkan.se\/vandravagen\/files\/2026\/04\/fiskafanget.jpg 2048w, https:\/\/blogg.svenskakyrkan.se\/vandravagen\/files\/2026\/04\/fiskafanget-300x233.jpg 300w, https:\/\/blogg.svenskakyrkan.se\/vandravagen\/files\/2026\/04\/fiskafanget-1024x797.jpg 1024w, https:\/\/blogg.svenskakyrkan.se\/vandravagen\/files\/2026\/04\/fiskafanget-768x597.jpg 768w, https:\/\/blogg.svenskakyrkan.se\/vandravagen\/files\/2026\/04\/fiskafanget-1536x1195.jpg 1536w, https:\/\/blogg.svenskakyrkan.se\/vandravagen\/files\/2026\/04\/fiskafanget-1200x933.jpg 1200w\" sizes=\"auto, (max-width: 2048px) 100vw, 2048px\" \/><\/a><\/figure>\n                <h2 class=\"wp-block-post-title has-h-3-font-size\"><a href=\"https:\/\/blogg.svenskakyrkan.se\/vandravagen\/2026\/04\/27\/detta-ar-vagen\/\" target=\"_self\" >&#8221;Detta \u00e4r v\u00e4gen&#8221;<\/a><\/h2>\n                <div class=\"wp-block-post-date\"><time datetime=\"2026-04-27T21:50:48+02:00\">27 april, 2026<\/time><\/div>\n                <div class=\"wp-block-post-excerpt\"><p class=\"wp-block-post-excerpt__excerpt\">Min predikan om Jesus som v\u00e4gen. Och lite starwars&#8230;<\/p><\/div>\n            <\/div>\n            \n        <\/li><li class=\"wp-block-post post-10783 post type-post status-publish format-standard has-post-thumbnail hentry category-kyrkoaret category-pask category-predikan tag-anglar tag-bibeln tag-evangelium tag-graven tag-jesus tag-kristen tag-kristen-tro tag-kvinnor tag-kyrka tag-kyrkan tag-ljus tag-lukas tag-omojligt tag-pask tag-predikan tag-uppstandelse\">\n            \n            <div class=\"wp-block-group post__content is-layout-flow wp-block-group-is-layout-flow\">\n                <figure style=\"margin-bottom:var(--wp--preset--spacing--50);\" class=\"wp-block-post-featured-image\"><a href=\"https:\/\/blogg.svenskakyrkan.se\/vandravagen\/2026\/04\/06\/vi-ar-kvinnorna-vid-graven\/\" target=\"_self\"  ><img loading=\"lazy\" decoding=\"async\" width=\"593\" height=\"776\" src=\"https:\/\/blogg.svenskakyrkan.se\/vandravagen\/files\/2026\/04\/dodens-gap.jpg\" class=\"attachment-post-thumbnail size-post-thumbnail wp-post-image\" alt=\"Vi \u00e4r kvinnorna vid graven\" style=\"object-fit:cover;\" srcset=\"https:\/\/blogg.svenskakyrkan.se\/vandravagen\/files\/2026\/04\/dodens-gap.jpg 593w, https:\/\/blogg.svenskakyrkan.se\/vandravagen\/files\/2026\/04\/dodens-gap-300x393.jpg 300w\" sizes=\"auto, (max-width: 593px) 100vw, 593px\" \/><\/a><\/figure>\n                <h2 class=\"wp-block-post-title has-h-3-font-size\"><a href=\"https:\/\/blogg.svenskakyrkan.se\/vandravagen\/2026\/04\/06\/vi-ar-kvinnorna-vid-graven\/\" target=\"_self\" >Vi \u00e4r kvinnorna vid graven<\/a><\/h2>\n                <div class=\"wp-block-post-date\"><time datetime=\"2026-04-06T18:53:58+02:00\">6 april, 2026<\/time><\/div>\n                <div class=\"wp-block-post-excerpt\"><p class=\"wp-block-post-excerpt__excerpt\">Min predikan fr\u00e5n p\u00e5sknatten i Ulricehamns kyrka<\/p><\/div>\n            <\/div>\n            \n        <\/li><li class=\"wp-block-post post-10743 post type-post status-publish format-standard has-post-thumbnail hentry category-fastan category-kyrkan category-predikan tag-alska tag-bibeln tag-elsa-beskow tag-fanny-och-alexander tag-fasta tag-fastan tag-fastlagssondagen tag-jesus tag-karlek tag-klicheer tag-kristen tag-kristen-tro tag-kyrka tag-kyrkan tag-ofortjant tag-predikan tag-relationsrad tag-wilfred-stinissen\">\n            \n            <div class=\"wp-block-group post__content is-layout-flow wp-block-group-is-layout-flow\">\n                <figure style=\"margin-bottom:var(--wp--preset--spacing--50);\" class=\"wp-block-post-featured-image\"><a href=\"https:\/\/blogg.svenskakyrkan.se\/vandravagen\/2026\/02\/17\/om-vi-verkligen-forstod-att-gud-ar-karlek\/\" target=\"_self\"  ><img loading=\"lazy\" decoding=\"async\" width=\"609\" height=\"680\" src=\"https:\/\/blogg.svenskakyrkan.se\/vandravagen\/files\/2026\/02\/IMG_3025.jpg\" class=\"attachment-post-thumbnail size-post-thumbnail wp-post-image\" alt=\"Om vi verkligen f\u00f6rstod att Gud \u00e4r k\u00e4rlek\" style=\"object-fit:cover;\" srcset=\"https:\/\/blogg.svenskakyrkan.se\/vandravagen\/files\/2026\/02\/IMG_3025.jpg 609w, https:\/\/blogg.svenskakyrkan.se\/vandravagen\/files\/2026\/02\/IMG_3025-300x335.jpg 300w\" sizes=\"auto, (max-width: 609px) 100vw, 609px\" \/><\/a><\/figure>\n                <h2 class=\"wp-block-post-title has-h-3-font-size\"><a href=\"https:\/\/blogg.svenskakyrkan.se\/vandravagen\/2026\/02\/17\/om-vi-verkligen-forstod-att-gud-ar-karlek\/\" target=\"_self\" >Om vi verkligen f\u00f6rstod att Gud \u00e4r k\u00e4rlek<\/a><\/h2>\n                <div class=\"wp-block-post-date\"><time datetime=\"2026-02-17T13:20:57+01:00\">17 februari, 2026<\/time><\/div>\n                <div class=\"wp-block-post-excerpt\"><p class=\"wp-block-post-excerpt__excerpt\">Min predikan fr\u00e5n fastlagss\u00f6ndagen i s\u00f6ndags i Ulricehamns kyrka<\/p><\/div>\n            <\/div>\n            \n        <\/li><\/ul>\n        \n    <\/div>\n    <\/div>\n","protected":false},"excerpt":{"rendered":"<p>Predikan p\u00e5 Jungfru Marie beb\u00e5delsedag i Ulricehamns kyrka H\u00e4r \u00e4r den predikan jag h\u00f6ll p\u00e5 beb\u00e5delsedagen i Ulricehamns kyrka. Jag f\u00f6rs\u00f6ker s\u00e4ga n\u00e5got om olika aspekter p\u00e5 vad vi kyrkan kallar &#8221;kallelse&#8221;. Egentligen \u00e4r det snyggt att dela upp det s\u00e5 att man anv\u00e4nder ordet &#8221;kallelse&#8221; f\u00f6r v\u00e5r kallelse hem till Gud och &#8221;s\u00e4ndning&#8221; f\u00f6r [&hellip;]<\/p>\n","protected":false},"author":392,"featured_media":10775,"comment_status":"open","ping_status":"open","sticky":false,"template":"","format":"standard","meta":{"_acf_changed":false,"footnotes":""},"categories":[8252,114],"tags":[84742,84982,84438,84983,83926,84988,84986,84985,83878,84050,84984,84437,84269,83880,83879,83901,83890,84024,84049,83875,84267,84987],"class_list":["post-10773","post","type-post","status-publish","format-standard","has-post-thumbnail","hentry","category-kyrkoaret","category-predikan","tag-angel","tag-babelsen","tag-bebadelsedagen","tag-bebadelsen","tag-bibeln","tag-bob-dylan","tag-dag-hammarskold","tag-ja","tag-jesus","tag-jul","tag-jungfru","tag-jungfru-marie-bebadelsedag","tag-kallelse","tag-kristen","tag-kristen-tro","tag-kyrka","tag-kyrkan","tag-lovsang","tag-maria","tag-predikan","tag-sandning","tag-vagen-valde-dig"],"acf":[],"yoast_head":"<!-- This site is optimized with the Yoast SEO plugin v27.1.1 - https:\/\/yoast.com\/product\/yoast-seo-wordpress\/ -->\n<title>Vad Maria och vi s\u00e4ger ja till - Vandra V\u00e4gen<\/title>\n<meta name=\"description\" content=\"Tomas Jarvids predikan om Maria, det valda livet, om v\u00e5r kallelse att tj\u00e4na och om att Gud sagt sitt ja till oss.\" \/>\n<meta name=\"robots\" content=\"index, follow, max-snippet:-1, max-image-preview:large, max-video-preview:-1\" \/>\n<link rel=\"canonical\" href=\"https:\/\/blogg.svenskakyrkan.se\/vandravagen\/2026\/03\/30\/vad-maria-och-vi-sager-ja-till\/\" \/>\n<meta property=\"og:locale\" content=\"sv_SE\" \/>\n<meta property=\"og:type\" content=\"article\" \/>\n<meta property=\"og:title\" content=\"Vad Maria och vi s\u00e4ger ja till - Vandra V\u00e4gen\" \/>\n<meta property=\"og:description\" content=\"Tomas Jarvids predikan om Maria, det valda livet, om v\u00e5r kallelse att tj\u00e4na och om att Gud sagt sitt ja till oss.\" \/>\n<meta property=\"og:url\" content=\"https:\/\/blogg.svenskakyrkan.se\/vandravagen\/2026\/03\/30\/vad-maria-och-vi-sager-ja-till\/\" \/>\n<meta property=\"og:site_name\" content=\"Vandra V\u00e4gen\" \/>\n<meta property=\"article:publisher\" content=\"http:\/\/facebook.com\/vandravagen\" \/>\n<meta property=\"article:published_time\" content=\"2026-03-30T15:54:15+00:00\" \/>\n<meta property=\"article:modified_time\" content=\"2026-03-30T15:54:17+00:00\" \/>\n<meta property=\"og:image\" content=\"http:\/\/blogg.svenskakyrkan.se\/vandravagen\/files\/2026\/03\/bebadelsen.jpg\" \/>\n\t<meta property=\"og:image:width\" content=\"681\" \/>\n\t<meta property=\"og:image:height\" content=\"1774\" \/>\n\t<meta property=\"og:image:type\" content=\"image\/jpeg\" \/>\n<meta name=\"author\" content=\"Tomas Jarvid\" \/>\n<meta name=\"twitter:card\" content=\"summary_large_image\" \/>\n<meta name=\"twitter:creator\" content=\"@fadertomas\" \/>\n<meta name=\"twitter:site\" content=\"@fadertomas\" \/>\n<meta name=\"twitter:label1\" content=\"Skriven av\" \/>\n\t<meta name=\"twitter:data1\" content=\"Tomas Jarvid\" \/>\n\t<meta name=\"twitter:label2\" content=\"Ber\u00e4knad l\u00e4stid\" \/>\n\t<meta name=\"twitter:data2\" content=\"9 minuter\" \/>\n<script type=\"application\/ld+json\" class=\"yoast-schema-graph\">{\"@context\":\"https:\/\/schema.org\",\"@graph\":[{\"@type\":\"Article\",\"@id\":\"https:\/\/blogg.svenskakyrkan.se\/vandravagen\/2026\/03\/30\/vad-maria-och-vi-sager-ja-till\/#article\",\"isPartOf\":{\"@id\":\"https:\/\/blogg.svenskakyrkan.se\/vandravagen\/2026\/03\/30\/vad-maria-och-vi-sager-ja-till\/\"},\"author\":{\"name\":\"Tomas Jarvid\",\"@id\":\"https:\/\/blogg.svenskakyrkan.se\/vandravagen\/#\/schema\/person\/25da02d4f76b137d04291711e2c9fc16\"},\"headline\":\"Vad Maria och vi s\u00e4ger ja till\",\"datePublished\":\"2026-03-30T15:54:15+00:00\",\"dateModified\":\"2026-03-30T15:54:17+00:00\",\"mainEntityOfPage\":{\"@id\":\"https:\/\/blogg.svenskakyrkan.se\/vandravagen\/2026\/03\/30\/vad-maria-och-vi-sager-ja-till\/\"},\"wordCount\":1935,\"commentCount\":2,\"publisher\":{\"@id\":\"https:\/\/blogg.svenskakyrkan.se\/vandravagen\/#organization\"},\"image\":{\"@id\":\"https:\/\/blogg.svenskakyrkan.se\/vandravagen\/2026\/03\/30\/vad-maria-och-vi-sager-ja-till\/#primaryimage\"},\"thumbnailUrl\":\"https:\/\/blogg.svenskakyrkan.se\/vandravagen\/files\/2026\/03\/bebadelsen.jpg\",\"keywords\":[\"\u00e4ngel\",\"b\u00e5belsen\",\"beb\u00e5delsedagen\",\"beb\u00e5delsen\",\"bibeln\",\"bob dylan\",\"dag hammarsk\u00f6ld\",\"ja\",\"Jesus\",\"jul\",\"jungfru\",\"jungfru marie beb\u00e5delsedag\",\"kallelse\",\"kristen\",\"kristen tro\",\"kyrka\",\"kyrkan\",\"lovs\u00e5ng\",\"maria\",\"predikan\",\"s\u00e4ndning\",\"v\u00e4gen valde dig\"],\"articleSection\":[\"kyrko\u00e5ret\",\"predikan\"],\"inLanguage\":\"sv-SE\",\"potentialAction\":[{\"@type\":\"CommentAction\",\"name\":\"Comment\",\"target\":[\"https:\/\/blogg.svenskakyrkan.se\/vandravagen\/2026\/03\/30\/vad-maria-och-vi-sager-ja-till\/#respond\"]}]},{\"@type\":\"WebPage\",\"@id\":\"https:\/\/blogg.svenskakyrkan.se\/vandravagen\/2026\/03\/30\/vad-maria-och-vi-sager-ja-till\/\",\"url\":\"https:\/\/blogg.svenskakyrkan.se\/vandravagen\/2026\/03\/30\/vad-maria-och-vi-sager-ja-till\/\",\"name\":\"Vad Maria och vi s\u00e4ger ja till - Vandra V\u00e4gen\",\"isPartOf\":{\"@id\":\"https:\/\/blogg.svenskakyrkan.se\/vandravagen\/#website\"},\"primaryImageOfPage\":{\"@id\":\"https:\/\/blogg.svenskakyrkan.se\/vandravagen\/2026\/03\/30\/vad-maria-och-vi-sager-ja-till\/#primaryimage\"},\"image\":{\"@id\":\"https:\/\/blogg.svenskakyrkan.se\/vandravagen\/2026\/03\/30\/vad-maria-och-vi-sager-ja-till\/#primaryimage\"},\"thumbnailUrl\":\"https:\/\/blogg.svenskakyrkan.se\/vandravagen\/files\/2026\/03\/bebadelsen.jpg\",\"datePublished\":\"2026-03-30T15:54:15+00:00\",\"dateModified\":\"2026-03-30T15:54:17+00:00\",\"description\":\"Tomas Jarvids predikan om Maria, det valda livet, om v\u00e5r kallelse att tj\u00e4na och om att Gud sagt sitt ja till oss.\",\"breadcrumb\":{\"@id\":\"https:\/\/blogg.svenskakyrkan.se\/vandravagen\/2026\/03\/30\/vad-maria-och-vi-sager-ja-till\/#breadcrumb\"},\"inLanguage\":\"sv-SE\",\"potentialAction\":[{\"@type\":\"ReadAction\",\"target\":[\"https:\/\/blogg.svenskakyrkan.se\/vandravagen\/2026\/03\/30\/vad-maria-och-vi-sager-ja-till\/\"]}]},{\"@type\":\"ImageObject\",\"inLanguage\":\"sv-SE\",\"@id\":\"https:\/\/blogg.svenskakyrkan.se\/vandravagen\/2026\/03\/30\/vad-maria-och-vi-sager-ja-till\/#primaryimage\",\"url\":\"https:\/\/blogg.svenskakyrkan.se\/vandravagen\/files\/2026\/03\/bebadelsen.jpg\",\"contentUrl\":\"https:\/\/blogg.svenskakyrkan.se\/vandravagen\/files\/2026\/03\/bebadelsen.jpg\",\"width\":681,\"height\":1774},{\"@type\":\"BreadcrumbList\",\"@id\":\"https:\/\/blogg.svenskakyrkan.se\/vandravagen\/2026\/03\/30\/vad-maria-och-vi-sager-ja-till\/#breadcrumb\",\"itemListElement\":[{\"@type\":\"ListItem\",\"position\":1,\"name\":\"Hem\",\"item\":\"https:\/\/blogg.svenskakyrkan.se\/vandravagen\/\"},{\"@type\":\"ListItem\",\"position\":2,\"name\":\"\u00e4ngel\",\"item\":\"https:\/\/blogg.svenskakyrkan.se\/vandravagen\/tag\/angel\/\"},{\"@type\":\"ListItem\",\"position\":3,\"name\":\"Vad Maria och vi s\u00e4ger ja till\"}]},{\"@type\":\"WebSite\",\"@id\":\"https:\/\/blogg.svenskakyrkan.se\/vandravagen\/#website\",\"url\":\"https:\/\/blogg.svenskakyrkan.se\/vandravagen\/\",\"name\":\"Vandra V\u00e4gen\",\"description\":\"-Mot en tro f\u00f6r hela livet\",\"publisher\":{\"@id\":\"https:\/\/blogg.svenskakyrkan.se\/vandravagen\/#organization\"},\"potentialAction\":[{\"@type\":\"SearchAction\",\"target\":{\"@type\":\"EntryPoint\",\"urlTemplate\":\"https:\/\/blogg.svenskakyrkan.se\/vandravagen\/?s={search_term_string}\"},\"query-input\":{\"@type\":\"PropertyValueSpecification\",\"valueRequired\":true,\"valueName\":\"search_term_string\"}}],\"inLanguage\":\"sv-SE\"},{\"@type\":\"Organization\",\"@id\":\"https:\/\/blogg.svenskakyrkan.se\/vandravagen\/#organization\",\"name\":\"ulricehamns pastorat\",\"alternateName\":\"ulricehamns pastorat\",\"url\":\"https:\/\/blogg.svenskakyrkan.se\/vandravagen\/\",\"logo\":{\"@type\":\"ImageObject\",\"inLanguage\":\"sv-SE\",\"@id\":\"https:\/\/blogg.svenskakyrkan.se\/vandravagen\/#\/schema\/logo\/image\/\",\"url\":\"https:\/\/blogg.svenskakyrkan.se\/vandravagen\/files\/2023\/05\/Ulr_logo_RGB.png\",\"contentUrl\":\"https:\/\/blogg.svenskakyrkan.se\/vandravagen\/files\/2023\/05\/Ulr_logo_RGB.png\",\"width\":205,\"height\":77,\"caption\":\"ulricehamns pastorat\"},\"image\":{\"@id\":\"https:\/\/blogg.svenskakyrkan.se\/vandravagen\/#\/schema\/logo\/image\/\"},\"sameAs\":[\"http:\/\/facebook.com\/vandravagen\",\"https:\/\/x.com\/fadertomas\",\"http:\/\/www.facebook.com\/svenskakyrkaniulricehamn\"]},{\"@type\":\"Person\",\"@id\":\"https:\/\/blogg.svenskakyrkan.se\/vandravagen\/#\/schema\/person\/25da02d4f76b137d04291711e2c9fc16\",\"name\":\"Tomas Jarvid\",\"image\":{\"@type\":\"ImageObject\",\"inLanguage\":\"sv-SE\",\"@id\":\"https:\/\/blogg.svenskakyrkan.se\/vandravagen\/#\/schema\/person\/image\/\",\"url\":\"https:\/\/secure.gravatar.com\/avatar\/7fa71899795e8f540f615a1f5ab25255dc27aa40f05ee7ddd21aac521e01bf50?s=96&d=identicon&r=g\",\"contentUrl\":\"https:\/\/secure.gravatar.com\/avatar\/7fa71899795e8f540f615a1f5ab25255dc27aa40f05ee7ddd21aac521e01bf50?s=96&d=identicon&r=g\",\"caption\":\"Tomas Jarvid\"},\"description\":\"Jag bor i Ulricehamn i V\u00e4sterg\u00f6tland och \u00e4r f\u00f6rsamlingspr\u00e4st i Svenska Kyrkan f\u00f6r Dalstorps f\u00f6rsamling i Kinds pastorat. P\u00e5 den h\u00e4r bloggen skriver jag ner tankar om vandringen som kristen.\",\"sameAs\":[\"http:\/\/www.vandravagen.se\"],\"url\":\"https:\/\/blogg.svenskakyrkan.se\/vandravagen\/author\/vandravagen\/\"}]}<\/script>\n<!-- \/ Yoast SEO plugin. -->","yoast_head_json":{"title":"Vad Maria och vi s\u00e4ger ja till - Vandra V\u00e4gen","description":"Tomas Jarvids predikan om Maria, det valda livet, om v\u00e5r kallelse att tj\u00e4na och om att Gud sagt sitt ja till oss.","robots":{"index":"index","follow":"follow","max-snippet":"max-snippet:-1","max-image-preview":"max-image-preview:large","max-video-preview":"max-video-preview:-1"},"canonical":"https:\/\/blogg.svenskakyrkan.se\/vandravagen\/2026\/03\/30\/vad-maria-och-vi-sager-ja-till\/","og_locale":"sv_SE","og_type":"article","og_title":"Vad Maria och vi s\u00e4ger ja till - Vandra V\u00e4gen","og_description":"Tomas Jarvids predikan om Maria, det valda livet, om v\u00e5r kallelse att tj\u00e4na och om att Gud sagt sitt ja till oss.","og_url":"https:\/\/blogg.svenskakyrkan.se\/vandravagen\/2026\/03\/30\/vad-maria-och-vi-sager-ja-till\/","og_site_name":"Vandra V\u00e4gen","article_publisher":"http:\/\/facebook.com\/vandravagen","article_published_time":"2026-03-30T15:54:15+00:00","article_modified_time":"2026-03-30T15:54:17+00:00","og_image":[{"width":681,"height":1774,"url":"http:\/\/blogg.svenskakyrkan.se\/vandravagen\/files\/2026\/03\/bebadelsen.jpg","type":"image\/jpeg"}],"author":"Tomas Jarvid","twitter_card":"summary_large_image","twitter_creator":"@fadertomas","twitter_site":"@fadertomas","twitter_misc":{"Skriven av":"Tomas Jarvid","Ber\u00e4knad l\u00e4stid":"9 minuter"},"schema":{"@context":"https:\/\/schema.org","@graph":[{"@type":"Article","@id":"https:\/\/blogg.svenskakyrkan.se\/vandravagen\/2026\/03\/30\/vad-maria-och-vi-sager-ja-till\/#article","isPartOf":{"@id":"https:\/\/blogg.svenskakyrkan.se\/vandravagen\/2026\/03\/30\/vad-maria-och-vi-sager-ja-till\/"},"author":{"name":"Tomas Jarvid","@id":"https:\/\/blogg.svenskakyrkan.se\/vandravagen\/#\/schema\/person\/25da02d4f76b137d04291711e2c9fc16"},"headline":"Vad Maria och vi s\u00e4ger ja till","datePublished":"2026-03-30T15:54:15+00:00","dateModified":"2026-03-30T15:54:17+00:00","mainEntityOfPage":{"@id":"https:\/\/blogg.svenskakyrkan.se\/vandravagen\/2026\/03\/30\/vad-maria-och-vi-sager-ja-till\/"},"wordCount":1935,"commentCount":2,"publisher":{"@id":"https:\/\/blogg.svenskakyrkan.se\/vandravagen\/#organization"},"image":{"@id":"https:\/\/blogg.svenskakyrkan.se\/vandravagen\/2026\/03\/30\/vad-maria-och-vi-sager-ja-till\/#primaryimage"},"thumbnailUrl":"https:\/\/blogg.svenskakyrkan.se\/vandravagen\/files\/2026\/03\/bebadelsen.jpg","keywords":["\u00e4ngel","b\u00e5belsen","beb\u00e5delsedagen","beb\u00e5delsen","bibeln","bob dylan","dag hammarsk\u00f6ld","ja","Jesus","jul","jungfru","jungfru marie beb\u00e5delsedag","kallelse","kristen","kristen tro","kyrka","kyrkan","lovs\u00e5ng","maria","predikan","s\u00e4ndning","v\u00e4gen valde dig"],"articleSection":["kyrko\u00e5ret","predikan"],"inLanguage":"sv-SE","potentialAction":[{"@type":"CommentAction","name":"Comment","target":["https:\/\/blogg.svenskakyrkan.se\/vandravagen\/2026\/03\/30\/vad-maria-och-vi-sager-ja-till\/#respond"]}]},{"@type":"WebPage","@id":"https:\/\/blogg.svenskakyrkan.se\/vandravagen\/2026\/03\/30\/vad-maria-och-vi-sager-ja-till\/","url":"https:\/\/blogg.svenskakyrkan.se\/vandravagen\/2026\/03\/30\/vad-maria-och-vi-sager-ja-till\/","name":"Vad Maria och vi s\u00e4ger ja till - Vandra V\u00e4gen","isPartOf":{"@id":"https:\/\/blogg.svenskakyrkan.se\/vandravagen\/#website"},"primaryImageOfPage":{"@id":"https:\/\/blogg.svenskakyrkan.se\/vandravagen\/2026\/03\/30\/vad-maria-och-vi-sager-ja-till\/#primaryimage"},"image":{"@id":"https:\/\/blogg.svenskakyrkan.se\/vandravagen\/2026\/03\/30\/vad-maria-och-vi-sager-ja-till\/#primaryimage"},"thumbnailUrl":"https:\/\/blogg.svenskakyrkan.se\/vandravagen\/files\/2026\/03\/bebadelsen.jpg","datePublished":"2026-03-30T15:54:15+00:00","dateModified":"2026-03-30T15:54:17+00:00","description":"Tomas Jarvids predikan om Maria, det valda livet, om v\u00e5r kallelse att tj\u00e4na och om att Gud sagt sitt ja till oss.","breadcrumb":{"@id":"https:\/\/blogg.svenskakyrkan.se\/vandravagen\/2026\/03\/30\/vad-maria-och-vi-sager-ja-till\/#breadcrumb"},"inLanguage":"sv-SE","potentialAction":[{"@type":"ReadAction","target":["https:\/\/blogg.svenskakyrkan.se\/vandravagen\/2026\/03\/30\/vad-maria-och-vi-sager-ja-till\/"]}]},{"@type":"ImageObject","inLanguage":"sv-SE","@id":"https:\/\/blogg.svenskakyrkan.se\/vandravagen\/2026\/03\/30\/vad-maria-och-vi-sager-ja-till\/#primaryimage","url":"https:\/\/blogg.svenskakyrkan.se\/vandravagen\/files\/2026\/03\/bebadelsen.jpg","contentUrl":"https:\/\/blogg.svenskakyrkan.se\/vandravagen\/files\/2026\/03\/bebadelsen.jpg","width":681,"height":1774},{"@type":"BreadcrumbList","@id":"https:\/\/blogg.svenskakyrkan.se\/vandravagen\/2026\/03\/30\/vad-maria-och-vi-sager-ja-till\/#breadcrumb","itemListElement":[{"@type":"ListItem","position":1,"name":"Hem","item":"https:\/\/blogg.svenskakyrkan.se\/vandravagen\/"},{"@type":"ListItem","position":2,"name":"\u00e4ngel","item":"https:\/\/blogg.svenskakyrkan.se\/vandravagen\/tag\/angel\/"},{"@type":"ListItem","position":3,"name":"Vad Maria och vi s\u00e4ger ja till"}]},{"@type":"WebSite","@id":"https:\/\/blogg.svenskakyrkan.se\/vandravagen\/#website","url":"https:\/\/blogg.svenskakyrkan.se\/vandravagen\/","name":"Vandra V\u00e4gen","description":"-Mot en tro f\u00f6r hela livet","publisher":{"@id":"https:\/\/blogg.svenskakyrkan.se\/vandravagen\/#organization"},"potentialAction":[{"@type":"SearchAction","target":{"@type":"EntryPoint","urlTemplate":"https:\/\/blogg.svenskakyrkan.se\/vandravagen\/?s={search_term_string}"},"query-input":{"@type":"PropertyValueSpecification","valueRequired":true,"valueName":"search_term_string"}}],"inLanguage":"sv-SE"},{"@type":"Organization","@id":"https:\/\/blogg.svenskakyrkan.se\/vandravagen\/#organization","name":"ulricehamns pastorat","alternateName":"ulricehamns pastorat","url":"https:\/\/blogg.svenskakyrkan.se\/vandravagen\/","logo":{"@type":"ImageObject","inLanguage":"sv-SE","@id":"https:\/\/blogg.svenskakyrkan.se\/vandravagen\/#\/schema\/logo\/image\/","url":"https:\/\/blogg.svenskakyrkan.se\/vandravagen\/files\/2023\/05\/Ulr_logo_RGB.png","contentUrl":"https:\/\/blogg.svenskakyrkan.se\/vandravagen\/files\/2023\/05\/Ulr_logo_RGB.png","width":205,"height":77,"caption":"ulricehamns pastorat"},"image":{"@id":"https:\/\/blogg.svenskakyrkan.se\/vandravagen\/#\/schema\/logo\/image\/"},"sameAs":["http:\/\/facebook.com\/vandravagen","https:\/\/x.com\/fadertomas","http:\/\/www.facebook.com\/svenskakyrkaniulricehamn"]},{"@type":"Person","@id":"https:\/\/blogg.svenskakyrkan.se\/vandravagen\/#\/schema\/person\/25da02d4f76b137d04291711e2c9fc16","name":"Tomas Jarvid","image":{"@type":"ImageObject","inLanguage":"sv-SE","@id":"https:\/\/blogg.svenskakyrkan.se\/vandravagen\/#\/schema\/person\/image\/","url":"https:\/\/secure.gravatar.com\/avatar\/7fa71899795e8f540f615a1f5ab25255dc27aa40f05ee7ddd21aac521e01bf50?s=96&d=identicon&r=g","contentUrl":"https:\/\/secure.gravatar.com\/avatar\/7fa71899795e8f540f615a1f5ab25255dc27aa40f05ee7ddd21aac521e01bf50?s=96&d=identicon&r=g","caption":"Tomas Jarvid"},"description":"Jag bor i Ulricehamn i V\u00e4sterg\u00f6tland och \u00e4r f\u00f6rsamlingspr\u00e4st i Svenska Kyrkan f\u00f6r Dalstorps f\u00f6rsamling i Kinds pastorat. P\u00e5 den h\u00e4r bloggen skriver jag ner tankar om vandringen som kristen.","sameAs":["http:\/\/www.vandravagen.se"],"url":"https:\/\/blogg.svenskakyrkan.se\/vandravagen\/author\/vandravagen\/"}]}},"author_meta":{"ID":"392","user_nicename":"vandravagen","user_url":"http:\/\/www.vandravagen.se","user_registered":"2014-05-19 05:44:52","display_name":"Tomas Jarvid","first_name":"Tomas","last_name":"Jarvid","avatar":"https:\/\/secure.gravatar.com\/avatar\/7fa71899795e8f540f615a1f5ab25255dc27aa40f05ee7ddd21aac521e01bf50?s=96&d=identicon&r=g"},"featured_image":["https:\/\/blogg.svenskakyrkan.se\/vandravagen\/files\/2026\/03\/bebadelsen.jpg",681,1774,false],"bloginfo":{"name":"Vandra V\u00e4gen","url":"https:\/\/blogg.svenskakyrkan.se\/vandravagen"},"_links":{"self":[{"href":"https:\/\/blogg.svenskakyrkan.se\/vandravagen\/wp-json\/wp\/v2\/posts\/10773","targetHints":{"allow":["GET"]}}],"collection":[{"href":"https:\/\/blogg.svenskakyrkan.se\/vandravagen\/wp-json\/wp\/v2\/posts"}],"about":[{"href":"https:\/\/blogg.svenskakyrkan.se\/vandravagen\/wp-json\/wp\/v2\/types\/post"}],"author":[{"embeddable":true,"href":"https:\/\/blogg.svenskakyrkan.se\/vandravagen\/wp-json\/wp\/v2\/users\/392"}],"replies":[{"embeddable":true,"href":"https:\/\/blogg.svenskakyrkan.se\/vandravagen\/wp-json\/wp\/v2\/comments?post=10773"}],"version-history":[{"count":2,"href":"https:\/\/blogg.svenskakyrkan.se\/vandravagen\/wp-json\/wp\/v2\/posts\/10773\/revisions"}],"predecessor-version":[{"id":10776,"href":"https:\/\/blogg.svenskakyrkan.se\/vandravagen\/wp-json\/wp\/v2\/posts\/10773\/revisions\/10776"}],"wp:featuredmedia":[{"embeddable":true,"href":"https:\/\/blogg.svenskakyrkan.se\/vandravagen\/wp-json\/wp\/v2\/media\/10775"}],"wp:attachment":[{"href":"https:\/\/blogg.svenskakyrkan.se\/vandravagen\/wp-json\/wp\/v2\/media?parent=10773"}],"wp:term":[{"taxonomy":"category","embeddable":true,"href":"https:\/\/blogg.svenskakyrkan.se\/vandravagen\/wp-json\/wp\/v2\/categories?post=10773"},{"taxonomy":"post_tag","embeddable":true,"href":"https:\/\/blogg.svenskakyrkan.se\/vandravagen\/wp-json\/wp\/v2\/tags?post=10773"}],"curies":[{"name":"wp","href":"https:\/\/api.w.org\/{rel}","templated":true}]}}