{"id":10799,"date":"2026-04-27T21:50:48","date_gmt":"2026-04-27T19:50:48","guid":{"rendered":"https:\/\/blogg.svenskakyrkan.se\/vandravagen\/?p=10799"},"modified":"2026-04-27T21:50:50","modified_gmt":"2026-04-27T19:50:50","slug":"detta-ar-vagen","status":"publish","type":"post","link":"https:\/\/blogg.svenskakyrkan.se\/vandravagen\/2026\/04\/27\/detta-ar-vagen\/","title":{"rendered":"&#8221;Detta \u00e4r v\u00e4gen&#8221;"},"content":{"rendered":"\n<p class=\"is-style-intro\">Min predikan om Jesus som v\u00e4gen. Och lite starwars&#8230;<\/p>\n\n\n<figure class=\"wp-block-post-featured-image\"><img loading=\"lazy\" decoding=\"async\" width=\"2048\" height=\"1593\" src=\"https:\/\/blogg.svenskakyrkan.se\/vandravagen\/files\/2026\/04\/fiskafanget.jpg\" class=\"attachment-post-thumbnail size-post-thumbnail wp-post-image\" alt=\"Jesus kallar oss att f\u00f6lja honom\" style=\"object-fit:cover;\" srcset=\"https:\/\/blogg.svenskakyrkan.se\/vandravagen\/files\/2026\/04\/fiskafanget.jpg 2048w, https:\/\/blogg.svenskakyrkan.se\/vandravagen\/files\/2026\/04\/fiskafanget-300x233.jpg 300w, https:\/\/blogg.svenskakyrkan.se\/vandravagen\/files\/2026\/04\/fiskafanget-1024x797.jpg 1024w, https:\/\/blogg.svenskakyrkan.se\/vandravagen\/files\/2026\/04\/fiskafanget-768x597.jpg 768w, https:\/\/blogg.svenskakyrkan.se\/vandravagen\/files\/2026\/04\/fiskafanget-1536x1195.jpg 1536w, https:\/\/blogg.svenskakyrkan.se\/vandravagen\/files\/2026\/04\/fiskafanget-1200x933.jpg 1200w\" sizes=\"auto, (max-width: 2048px) 100vw, 2048px\" \/><\/figure>\n\n\n<p>H\u00e4r \u00e4r predikan jag h\u00f6ll i Ulricehamns kyrka och i Brunnsn\u00e4s ig\u00e5r p\u00e5 fj\u00e4rde s\u00f6ndagen i p\u00e5sk. Jag f\u00f6rs\u00f6ker mig p\u00e5 att tala lite om starwars och &#8221;mandalorian&#8221; f\u00f6r att illustrera den kristna v\u00e4gen. Och s\u00e5 finns det med lite bonusmaterial!<\/p>\n\n\n\n<h2 class=\"wp-block-heading\">Ett s\u00e4kert s\u00e4tt att misslyckas<\/h2>\n\n\n\n<p>Ett s\u00e4kert s\u00e4tt att misslyckas med sin predikan \u00e4r nog att utg\u00e5 fr\u00e5n n\u00e5gon tv-serie eller film och sen hoppas att ni som lyssnar alls k\u00e4nner till den s\u00e5 att ni \u00e4r med p\u00e5 noterna. Men man f\u00e5r ju chansa ibland, s\u00e5 nu k\u00f6r vi!<\/p>\n\n\n\n<p>Men jag h\u00e5ller er p\u00e5 halster lite f\u00f6r jag vill f\u00f6rst p\u00e5minna om att 8 maj n\u00e4rmar sig. Vad h\u00e4nder d\u00e5? Jo d\u00e5 sl\u00e4pps hitta-ut-kontrollerna i Ulricehamn. Som man f\u00e5r g\u00e5 runt i skogarna och leta upp under sommaren. Jag \u00e4r en avdankad orienterare s\u00e5 jag tycker det \u00e4r v\u00e4ldigt roligt att f\u00e5 dra runt med karta. En stark rekommendation!<\/p>\n\n\n\n<h2 class=\"wp-block-heading\">V\u00e4rldens b\u00e4sta orienterare<\/h2>\n\n\n\n<p>N\u00e4r man \u00e4r ute och letar kontroller s\u00e5 f\u00f6ljer man f\u00f6rst\u00e5s sin karta, kanske kompass. Det finns f\u00f6rst\u00e5s ocks\u00e5 lite risk att man g\u00e5r vilse. Man f\u00f6ljer v\u00e4gar och stigar s\u00e5 l\u00e4nge man kan men i regel sitter kontrollerna lite utanf\u00f6r stigarna eller hur? <\/p>\n\n\n\n<p>Man f\u00e5r ge sig ut i obanad terr\u00e4ng den sista biten. Det kan vara det sv\u00e5raste. Och kanske lite l\u00e4skigt att vara ute p\u00e5 m\u00e5f\u00e5.<\/p>\n\n\n\n<p>Men s\u00e5vida det inte \u00e4r exakt 8e maj s\u00e5 brukar man m\u00e4rka n\u00e4r man n\u00e4rmar sig att det visst finns en stig. En liten l\u00e4tt upptrampad stig av orienterare som g\u00e5tt f\u00f6re. Och den kan man f\u00f6lja s\u00e5 brukar det vara v\u00e4ldigt p\u00e5litligt. \u201dTitta en orienterarstig\u201d s\u00e4ger vi d\u00e5.<\/p>\n\n\n\n<p>Nu f\u00e5r ni t\u00e4nka er att Jesus \u00e4r v\u00e4rldens b\u00e4sta orienterare. Han har varit f\u00f6re \u00f6verallt. Och han har v\u00e4ldigt stora f\u00f6tter som g\u00f6r v\u00e4ldigt stora sp\u00e5r. &nbsp;D\u00e4r han g\u00e5tt har det blivit en stig p\u00e5 en g\u00e5ng. Och den f\u00e5r vi f\u00f6lja.<\/p>\n\n\n\n<h2 class=\"wp-block-heading\">Jesus egen v\u00e4g<\/h2>\n\n\n\n<p>V\u00e4g eller vandring \u00e4r lite av en \u00e4lsklingsbild jag har. Jag har till exempel en blogg som heter Vandra V\u00e4gen. Som av en slump \u00e4r det dit ni f\u00e5r g\u00e5 om ni vill ha <strong>den of\u00f6rkortade versionen av den h\u00e4r predikan<\/strong> f\u00f6r h\u00e4r hade jag t\u00e4nkt flyta ut i en ganska l\u00e5ng utl\u00e4ggning om \u201dden breda och den smala v\u00e4gen\u201d Jesus talar om och om allvaret i att hela v\u00e5r civilisation \u00e4r p\u00e5 en oh\u00e5llbar kurs om vi inte kan hitta en annan v\u00e4g.<\/p>\n\n\n\n<p>F\u00f6r att bespara er s\u00e5 kan vi bara konstatera att Jesus visar p\u00e5 ett annat s\u00e4tt att leva. Med respekt f\u00f6r Gud och hans skapelse, med avvisande av v\u00e5ld och med k\u00e4rlek till \u00e4ven sina fiender. Man verkar alltid naiv n\u00e4r man s\u00e4ger det men det finns ett fint citat av GK Chesterton f\u00f6r det tillf\u00e4llet:<\/p>\n\n\n\n<blockquote class=\"wp-block-quote is-layout-flow wp-block-quote-is-layout-flow\">\n<p>Kristendomen har inte pr\u00f6vats och funnits otillr\u00e4cklig, den har funnits sv\u00e5r och inte pr\u00f6vats<\/p>\n<\/blockquote>\n\n\n\n<p>N\u00e4r den har pr\u00f6vats, med ickev\u00e5ld och str\u00e4van efter r\u00e4ttvisa och j\u00e4mlikhet s\u00e5 skulle jag nog s\u00e4ga att den funkat v\u00e4ldigt bra.<\/p>\n\n\n\n<p>Men \u00e5ter till orienterarstigen. Vad \u00e4r det f\u00f6r stig vi ska vandra. Som avviker fr\u00e5n vad som pekas ut f\u00f6r oss i samh\u00e4llet i stort?<\/p>\n\n\n\n<h2 class=\"wp-block-heading\">V\u00e4gens b\u00f6rjan<\/h2>\n\n\n\n<p>Den v\u00e4gen handlar p\u00e5 alla s\u00e4tt om Jesus sj\u00e4lv men precis som alla v\u00e4gar g\u00e4ller att den f\u00f6rst\u00e5s har n\u00e5gonstans man kommer ifr\u00e5n och n\u00e5gonstans man \u00e4r p\u00e5 v\u00e4g. V\u00e4gen b\u00f6rjar inte med oss, jag vill t\u00e4nka att den b\u00f6rjade med p\u00e5sken, den vi fortfarande firar.<\/p>\n\n\n\n<p>V\u00e5r kristna v\u00e4g b\u00f6rjade n\u00e4r Jesus gick ur graven. Vi har ju st\u00e5tt d\u00e4r i p\u00e5sken och tagit in att h\u00e4r b\u00f6rjar verkligen n\u00e5got nytt med andra f\u00f6ruts\u00e4ttningar. Nu har han trampat upp en helt ny stig, en helt ny v\u00e4g att g\u00e5 som inte fanns f\u00f6rut.<\/p>\n\n\n\n<p>&nbsp;Det \u00e4r hela tiden Jesus seger \u00f6ver synd och d\u00f6d som \u00e4r grunden vi st\u00e5r p\u00e5. Utan den skulle egentligen allt vara f\u00e5f\u00e4ngt. Och Jesus s\u00e4ger oss \u201dDen som f\u00f6ljer mig ska inte vandra i m\u00f6rker utan ha livets ljus\u201d. Och samtidigt som han vandrar ut ur graven tar han upp oss p\u00e5 sin v\u00e4g! Han g\u00e5r f\u00f6re och han g\u00e5r med.<\/p>\n\n\n\n<h2 class=\"wp-block-heading\">Vandring dag och natt<\/h2>\n\n\n\n<p>F\u00f6r sedan \u00e4r tron ocks\u00e5 en vandring. Vi kan t\u00e4nka p\u00e5 l\u00e4sningen fr\u00e5n gamla testamentet, sedan Gud r\u00e4ddat folket ur slaveriet vandrar de tillsammans med varandra, och Gud \u00e4r ocks\u00e5 med dem! Som en eldpelare om natten och som en molnpelare om dagen. <\/p>\n\n\n\n<p>Och fr\u00e5n p\u00e5sken f\u00e5r t\u00e4nka oss l\u00e4rjungarna i Emmaus som uppt\u00e4ckte att Jesus hade varit med dem p\u00e5 v\u00e4gen fast de inte f\u00f6rst\u00e5tt det. Att han finns dold ibland oss i den h\u00e4r gemenskapen som f\u00e5tt hans nya bud att \u00e4lska varandra.<\/p>\n\n\n\n<p>Jag t\u00e4nker p\u00e5 de d\u00e4r eld och molnpelarna att det \u00e4r lite tufft att de ska g\u00e5 b\u00e5de dag och natt men s\u00e5 vet jag ocks\u00e5 att v\u00e5r vandring genom livet g\u00e5r genom b\u00e5de ljusa och m\u00f6rka dagar. Ibland m\u00e4rker vi mer \u00e4n ibland att vi beh\u00f6ver livets ljus med oss f\u00f6r att det \u00e4r s\u00e5 sv\u00e5rt. Sv\u00e5rt att orka och sv\u00e5rt att hitta v\u00e4gen. Vi beh\u00f6ver en medvandrare som delat allt med oss. Det stod s\u00e5 vackert:<\/p>\n\n\n\n<blockquote class=\"wp-block-quote is-layout-flow wp-block-quote-is-layout-flow\">\n<p>Han som d\u00f6tt f\u00f6r oss f\u00f6r att vi ska leva tillsammans med honom, vare sig vi nu \u00e4r vakna eller sover<\/p>\n<\/blockquote>\n\n\n\n<h2 class=\"wp-block-heading\">M\u00e5let i fj\u00e4rran<\/h2>\n\n\n\n<p>Och v\u00e4gen har ett m\u00e5l. I fj\u00e4rran. Det som b\u00f6rjade vid den tomma graven ska sluta n\u00e4r alla gravar \u00e4r tomma. N\u00e4r Guds dr\u00f6m f\u00f6r v\u00e4rlden en dag blir verklighet. Jesus uppst\u00e5ndelse \u00e4r det som g\u00f6r att vi v\u00e5gar hoppas p\u00e5 att den dagen ska komma. Vi har f\u00e5tt en f\u00f6raning om att allt ligger i Guds goda h\u00e4nder. <\/p>\n\n\n\n<p>M\u00e5let kanske \u00e4r avl\u00e4gset i v\u00e5r vardag men det ger \u00e4nd\u00e5 mening \u00e5t allt. Ingen godhet \u00e4r f\u00f6rg\u00e4ves f\u00f6r godhet ska en dag vara allt som finns.<\/p>\n\n\n\n<p>Men det \u00e4r f\u00f6rst\u00e5s en konst att leva p\u00e5 v\u00e4gen. Konsten best\u00e5r som vanligt i att p\u00e5minna sig om sin v\u00e4g ofta f\u00f6r det \u00e4r l\u00e4tt att gl\u00f6mma. Nu kommer den popul\u00e4rkulturella referensen som ni v\u00e4ntat p\u00e5!<\/p>\n\n\n\n<h2 class=\"wp-block-heading\">Mandalorierna och de kristna<\/h2>\n\n\n\n<p>N\u00e5got starwars-fan h\u00e4r? Det finns en tv-serie om det m\u00e4rkliga folket \u201dmandalorierna\u201d, fr\u00e5n planeten Mandalore. De avviker fr\u00e5n andra folk genom sitt s\u00e4tt att leva. De lever i v\u00e4rlden men anpassar sig inte efter den, skulle Paulus ha sagt, utan de h\u00e5ller fast vid sin identitet och h\u00e4mtar styrka i sina seder. <\/p>\n\n\n\n<p>De \u00e4r v\u00e4ldigt bepansrade och har rustning p\u00e5 sig. Man skulle kunna t\u00e4nka p\u00e5 trons rustning i Efesierbrevet. \u00a0Och de har alltid hj\u00e4lm p\u00e5 huvudet.<\/p>\n\n\n\n<p>Det \u00e4r en underlig kultur och kanske borde kristna verka lite underligare \u00e4n vi g\u00f6r sett utifr\u00e5n?<\/p>\n\n\n\n<p>Det finns f\u00f6rst\u00e5s saker som \u00e4r sv\u00e5ra att se som s\u00e4rskilt kristna med dem. Fr\u00e4mst att de \u00e4r n\u00e5gon slags legosoldater. Det \u00e4r ju \u00e4nd\u00e5 mycket pang-pang.<\/p>\n\n\n\n<p>Och det d\u00e4r med hj\u00e4lmen tycker jag ocks\u00e5 \u00e4r lite m\u00e4rkligt med kristna m\u00e5tt. Vi hade konfirmation ig\u00e5r h\u00e4r och konfirmanderna hade gjort masker som de fick ta av sig och l\u00e4gga p\u00e5 altaret h\u00e4r. <\/p>\n\n\n\n<p>De ligger kvar. Det f\u00e5r vara v\u00e5r p\u00e5minnelse n\u00e4r vi g\u00e5r fram till nattvarden att inf\u00f6r Gud beh\u00f6ver vi inte dem. Och vi f\u00e5r samla mod att visa oss som vi \u00e4r inf\u00f6r varandra ocks\u00e5.<\/p>\n\n\n\n<h2 class=\"wp-block-heading\">Detta \u00e4r v\u00e4gen<\/h2>\n\n\n\n<p>Men men, det som \u00e4r v\u00e4ldigt gripande \u00e4r att n\u00e4r de h\u00e4r mandalorierna st\u00e4lls inf\u00f6r n\u00e5got sv\u00e5rt val s\u00e5 g\u00e5r de till sin tradition och funderar p\u00e5 hur de ska till\u00e4mpa den och sedan s\u00e4ger de till varandra\u2026 N\u00e5gon som vet?<\/p>\n\n\n\n<p><strong>Detta \u00e4r v\u00e4gen! <\/strong>Och sedan stretar de p\u00e5. Det \u00e4r att leva p\u00e5 det s\u00e4ttet som g\u00f6r dem till det de \u00e4r.<\/p>\n\n\n\n<p>Jag har nog ocks\u00e5 v\u00e4st <strong>\u201ddetta \u00e4r v\u00e4gen\u201d <\/strong>ganska m\u00e5nga g\u00e5nger. F\u00f6r man k\u00e4nner inte alltid f\u00f6r allting. Men det \u00e4r p\u00e5 m\u00e5nga s\u00e4tt v\u00e5ra praktiker som g\u00f6r att vi h\u00e5ller oss p\u00e5 den kristna v\u00e4gen. <\/p>\n\n\n\n<p>Man kan alltid fundera p\u00e5 \u201dm\u00e5ste man g\u00f6ra s\u00e5 och s\u00e5\u201d men en del saker \u00e4r helt enkelt s\u00e5na att de g\u00f6r oss till det vi \u00e4r.<\/p>\n\n\n\n<h2 class=\"wp-block-heading\">Det korta svaret p\u00e5 varf\u00f6r<\/h2>\n\n\n\n<p>S\u00e5 man skulle kunna besvara ganska m\u00e5nga fr\u00e5gor om kristen tro s\u00e5:<\/p>\n\n\n\n<p>Varf\u00f6r ska vi be?\u00a0-Det \u00e4r V\u00e4gen. Den v\u00e4g vi f\u00e5tt av Jesus.<\/p>\n\n\n\n<p>Varf\u00f6r ska man vara \u00f6dmjuk?&nbsp;-Det \u00e4r V\u00e4gen.<\/p>\n\n\n\n<p>Varf\u00f6r ska man leva i fred med sin n\u00e4sta och \u00e4lska sina fiender?&nbsp;-Det \u00e4r V\u00e4gen.<\/p>\n\n\n\n<p>Ibland kanske man ska g\u00f6ra undantag fr\u00e5n andra principer av omsorg om medm\u00e4nniskan? Skulle Jesus gjort det? I s\u00e5 fall \u00e4r detta V\u00e4gen. <\/p>\n\n\n\n<p>Det r\u00f6r sig hela tiden om en balansakt mellan att ta till sig ett normsystem men inte bli bokstavstrogen. Det \u00e4r i slut\u00e4ndan Jesus som \u00e4r v\u00e4gen.<\/p>\n\n\n\n<h2 class=\"wp-block-heading\">Att ta hand om en liten p\u00e5 v\u00e4gen<\/h2>\n\n\n\n<p>Det fina med huvudpersonen Mando \u00e4r att han r\u00e5kat f\u00e5 en liten varelse att ta hand om. Det f\u00f6r\u00e4ndrar honom, han som \u00e4r en s\u00e5dan tuffing visar andra sidor. F\u00f6r oss \u00e4r detta v\u00e4gen. <\/p>\n\n\n\n<p>Vi l\u00e4r oss om att vandra v\u00e4gen n\u00e4r vi tar oss an de som beh\u00f6ver oss. Det \u00e4r skolan kan man s\u00e4ga.<\/p>\n\n\n\n<h2 class=\"wp-block-heading\">V\u00e4gen \u00e4r det lockande med tron<\/h2>\n\n\n\n<p>Min gissning f\u00f6r v\u00e5r egen tid \u00e4r att det h\u00e4r med den kristna tron som en v\u00e4g kommer att vara mycket viktigt. <\/p>\n\n\n\n<p>Om nu m\u00e4nniskor b\u00f6rjar bli nyfikna p\u00e5 den kristna tron s\u00e5 \u00e4r det <strong>f\u00f6r att beh\u00f6ver en v\u00e4g.<\/strong><\/p>\n\n\n\n<p>Man kanske t\u00e4nker det mer \u00e4n man t\u00e4nker p\u00e5 sin tunga syndab\u00f6rda (som kyrkan kanske oftare predikat). <\/p>\n\n\n\n<p>Man beh\u00f6ver en riktning, och en v\u00e4g. Man \u00e4r kanske tveksam till folk som menar att de redan \u00e4r framme men man vill g\u00e4rna lyssna till n\u00e5gon som g\u00e5tt en bit. Man beh\u00f6ver ett hopp och en tillh\u00f6righet. Man kanske \u00e4r tveksam till att ha en Herre men visst skulle man \u00e4nd\u00e5 beh\u00f6va en herde?<\/p>\n\n\n\n<h2 class=\"wp-block-heading\">V\u00e4gen som val och som g\u00e5va<\/h2>\n\n\n\n<p>Jag vet att jag sj\u00e4lv beh\u00f6ver allt detta och att det gott f\u00f6r mig att ha en v\u00e4g att vandra.<\/p>\n\n\n\n<p>Och man kan v\u00e4lja det varje dag, s\u00e4ga att \u201ddetta \u00e4r v\u00e4gen, f\u00f6r de kristna och f\u00f6r mig\u201d. Men man kan lika g\u00e4rna f\u00f6rundras \u00f6ver att jag p\u00e5 n\u00e5got s\u00e4tt har hamnat p\u00e5 den h\u00e4r v\u00e4gen. Detta \u00e4r Guds verk. Han som har d\u00f6tt f\u00f6r oss f\u00f6r att vi skall leva tillsammans med honom.<\/p>\n\n\n\n<h2 class=\"wp-block-heading\">BONUSMATERIAL<\/h2>\n\n\n\n<p>(Det kanske \u00e4r dumt att verkligen l\u00e4gga in bortklippta texter s\u00e5h\u00e4r men nu sa jag ju s\u00e5 i predikan s\u00e5 jag f\u00e5r h\u00e5lla det. H\u00e4r \u00e4r n\u00e5gra tankar om den &#8221;breda och den smala&#8221; v\u00e4gen.)<\/p>\n\n\n\n<p>I andra bibelord talar Jesus om den breda och den smala v\u00e4gen. <\/p>\n\n\n\n<p>L\u00e4ser man Lucky Luke brukar \u201dden breda eller smala v\u00e4gen\u201d vara uttryck f\u00f6r att vara laglydig eller kriminell men jag tror inte det \u00e4r po\u00e4ngen fr\u00e5n b\u00f6rjan. <\/p>\n\n\n\n<p>Huvudpo\u00e4ngen \u00e4r nog att den breda v\u00e4gen \u00e4r den som \u201dalla g\u00e5r\u201d. Det kr\u00e4ver inte n\u00e5got s\u00e4rskilt st\u00e4llningstagande utan man hamnar p\u00e5 den n\u00e4r man flyter med str\u00f6mmen och g\u00f6r som det verkar vanligt. Inte olagligt men kanske ogenomt\u00e4nkt.<\/p>\n\n\n\n<p>Och s\u00e5 kan man ju t\u00e4nka sig samh\u00e4llet. Att det finns lite av en tyst \u00f6verenskommelse om vad livet ska inneh\u00e5lla och vad man ska str\u00e4va efter. Villa, volvo, vovve som m\u00e5l f\u00f6r livet sa man f\u00f6rr. Ni f\u00e5r sj\u00e4lva fylla i b\u00e4ttre med vad ni tycker det \u00e4r som verkar vara mallen i er omgivning.<\/p>\n\n\n\n<p>Vi har ju ett individualistiskt samh\u00e4lle s\u00e5 det \u00e4r viktigt nu att man k\u00e4nner att man v\u00e4ljer sj\u00e4lv men det \u00e4r ofta bara en k\u00e4nsla. Det visar sig att alla v\u00e4ljer att vara unika p\u00e5 i stort sett samma s\u00e4tt.<\/p>\n\n\n\n<h2 class=\"wp-block-heading\">Enda v\u00e4gens politik<\/h2>\n\n\n\n<p>Politiskt har det ju funnits lite olika v\u00e4gar att f\u00f6lja men nu lever vi efter ideologiernas d\u00f6d. Det har liksom bara blivit kapitalism och pragmatism kvar f\u00f6r politikerna.<\/p>\n\n\n\n<p><strong>N\u00e4r kommunismen kapsejsade s\u00e5 var det till och med s\u00e5 att nyliberala politiker utropade att deras kapitalistiska politik var \u201dden enda v\u00e4gens politik\u201d.<\/strong><\/p>\n\n\n\n<p>Det var lite om den breda v\u00e4gen. Jag upplever att f\u00e5 nog \u00e4r s\u00e4rskilt n\u00f6jda med att vara p\u00e5 \u201dden breda\u201d (eller enda v\u00e4gen) f\u00f6r den har sv\u00e5rt att riktigt ge oss det vi beh\u00f6ver. Den ger inte mening och sammanhang.<\/p>\n\n\n\n<p>F\u00f6rstorar man sedan upp v\u00e5ra individuella liv p\u00e5 samh\u00e4llsniv\u00e5 k\u00e4nns det l\u00e4tt som att vara p\u00e5 ett skenande t\u00e5g, mitt bland sina egna val hinner man inte riktigt t\u00e4nka p\u00e5 vart alltihop h\u00e5ller p\u00e5 att ta v\u00e4gen men vi m\u00e4rker att det inte verkar s\u00e5 bra. <\/p>\n\n\n\n<p>Villa, volvo och vovve l\u00e5ter ju inte orimligt men med tiden har det ocks\u00e5 blivit tydligt att det hela tiden verkar finnas mer man ska l\u00e4gga till f\u00f6r att bli lycklig.<\/p>\n\n\n\n<h2 class=\"wp-block-heading\">Inte ens miljard\u00e4rer har tillr\u00e4ckligt<\/h2>\n\n\n\n<p>Det \u00e4r om\u00f6jligt att resurserna ska kunna r\u00e4cka till n\u00e4r vi aldrig verkar kunna ha tillr\u00e4ckligt mycket. Vi kan inte titta p\u00e5 miljard\u00e4rerna som f\u00f6rebilder f\u00f6r de verkar fatta minst av alla. <\/p>\n\n\n\n<p>De tror inte heller att de har tillr\u00e4ckligt! Och inte verkar de bli s\u00e4rskilt goda m\u00e4nniskor heller. Och om man kan kl\u00e4ttra s\u00e5 h\u00f6gt och \u00e4nd\u00e5 inte n\u00e5tt det man s\u00f6ker f\u00e5r man nog b\u00f6rja fundera p\u00e5 om stegen st\u00e5r lutad mot fel v\u00e4gg fr\u00e5n b\u00f6rjan.<\/p>\n\n\n\n<p>Den kris vi ser i klimat, ekologi, demokrati, mental h\u00e4lsa och s\u00e5 vidare bottnar i en andlig kris. I ett skadat f\u00f6rh\u00e5llande till v\u00e5r v\u00e4rld och till v\u00e5r skapare och till v\u00e5ra egna sj\u00e4lar.<\/p>\n\n\n\n<h2 class=\"wp-block-heading\">Att f\u00f6lja Jesus v\u00e4g kunde vara en v\u00e4g bort fr\u00e5n katastrofen<\/h2>\n\n\n\n<p>Jag har h\u00f6rt en utl\u00e4ggning om att Jesus kanske hade hatet mot romarna i tanken n\u00e4r han talade om den breda och den smala v\u00e4gen. Att m\u00e5nga verkade vilja ha ett v\u00e4pnat uppror. <\/p>\n\n\n\n<p>Den smala v\u00e4gen var hans egen v\u00e4g, som inneb\u00e4r k\u00e4rlek till och med mot sina fiender. Han s\u00e5g att uppror kommer leda till katastrof (vilket det ocks\u00e5 gjorde \u00e5r 70 d\u00e5 romarna krossade hela folket) men menade att det fanns en annan v\u00e4g.<\/p>\n\n\n\n<p>\u201dHan har stigit ner till oss fr\u00e5n h\u00f6jden, f\u00f6r att styra v\u00e5ra f\u00f6tter in p\u00e5 fredens v\u00e4g\u201d.<\/p>\n\n\n\n<p>Och kristna har h\u00e4vdat sedan dess att det finns en annan v\u00e4g. Att man kan g\u00f6ra motst\u00e5nd mot det onda utan att ta till dess metoder. Att fred \u00e4r v\u00e4gen till fred. Man verkar i regel v\u00e4ldigt naiv n\u00e4r man h\u00e4vdar det. Men man kan d\u00e5 \u00e5terv\u00e4nda till GK Chestertons ord:<\/p>\n\n\n\n<p><strong><a href=\"https:\/\/citatboken.se\/_567050_Kristendomen_har_inte\">Kristendomen har inte pr\u00f6vats och funnits otillr\u00e4cklig; den har funnits sv\u00e5r och inte pr\u00f6vats.<\/a><\/strong><\/p>\n\n\n<div id=\"related-posts-block_a685867bef3439ac3e4e351fee231ab3\"  class=\"b-related-posts alignfull\">\n    <div class=\"acf-innerblocks-container\">\n\n<h2 class=\"wp-block-heading\">Liknande inl\u00e4gg<\/h2>\n\n<\/div>\n    \n    \n    <div class=\"wp-block-query alignfull is-layout-flow wp-block-query-is-layout-flow\">\n        <ul class=\"is-flex-container columns-3 alignfull related-posts__content wp-block-post-template is-layout-flow wp-block-post-template-is-layout-flow\"><li class=\"wp-block-post post-10783 post type-post status-publish format-standard has-post-thumbnail hentry category-kyrkoaret category-pask category-predikan tag-anglar tag-bibeln tag-evangelium tag-graven tag-jesus tag-kristen tag-kristen-tro tag-kvinnor tag-kyrka tag-kyrkan tag-ljus tag-lukas tag-omojligt tag-pask tag-predikan tag-uppstandelse\">\n            \n            <div class=\"wp-block-group post__content is-layout-flow wp-block-group-is-layout-flow\">\n                <figure style=\"margin-bottom:var(--wp--preset--spacing--50);\" class=\"wp-block-post-featured-image\"><a href=\"https:\/\/blogg.svenskakyrkan.se\/vandravagen\/2026\/04\/06\/vi-ar-kvinnorna-vid-graven\/\" target=\"_self\"  ><img loading=\"lazy\" decoding=\"async\" width=\"593\" height=\"776\" src=\"https:\/\/blogg.svenskakyrkan.se\/vandravagen\/files\/2026\/04\/dodens-gap.jpg\" class=\"attachment-post-thumbnail size-post-thumbnail wp-post-image\" alt=\"Vi \u00e4r kvinnorna vid graven\" style=\"object-fit:cover;\" srcset=\"https:\/\/blogg.svenskakyrkan.se\/vandravagen\/files\/2026\/04\/dodens-gap.jpg 593w, https:\/\/blogg.svenskakyrkan.se\/vandravagen\/files\/2026\/04\/dodens-gap-300x393.jpg 300w\" sizes=\"auto, (max-width: 593px) 100vw, 593px\" \/><\/a><\/figure>\n                <h2 class=\"wp-block-post-title has-h-3-font-size\"><a href=\"https:\/\/blogg.svenskakyrkan.se\/vandravagen\/2026\/04\/06\/vi-ar-kvinnorna-vid-graven\/\" target=\"_self\" >Vi \u00e4r kvinnorna vid graven<\/a><\/h2>\n                <div class=\"wp-block-post-date\"><time datetime=\"2026-04-06T18:53:58+02:00\">6 april, 2026<\/time><\/div>\n                <div class=\"wp-block-post-excerpt\"><p class=\"wp-block-post-excerpt__excerpt\">Min predikan fr\u00e5n p\u00e5sknatten i Ulricehamns kyrka<\/p><\/div>\n            <\/div>\n            \n        <\/li><li class=\"wp-block-post post-10773 post type-post status-publish format-standard has-post-thumbnail hentry category-kyrkoaret category-predikan tag-angel tag-babelsen tag-bebadelsedagen tag-bebadelsen tag-bibeln tag-bob-dylan tag-dag-hammarskold tag-ja tag-jesus tag-jul tag-jungfru tag-jungfru-marie-bebadelsedag tag-kallelse tag-kristen tag-kristen-tro tag-kyrka tag-kyrkan tag-lovsang tag-maria tag-predikan tag-sandning tag-vagen-valde-dig\">\n            \n            <div class=\"wp-block-group post__content is-layout-flow wp-block-group-is-layout-flow\">\n                <figure style=\"margin-bottom:var(--wp--preset--spacing--50);\" class=\"wp-block-post-featured-image\"><a href=\"https:\/\/blogg.svenskakyrkan.se\/vandravagen\/2026\/03\/30\/vad-maria-och-vi-sager-ja-till\/\" target=\"_self\"  ><img loading=\"lazy\" decoding=\"async\" width=\"681\" height=\"1774\" src=\"https:\/\/blogg.svenskakyrkan.se\/vandravagen\/files\/2026\/03\/bebadelsen.jpg\" class=\"attachment-post-thumbnail size-post-thumbnail wp-post-image\" alt=\"Vad Maria och vi s\u00e4ger ja till\" style=\"object-fit:cover;\" srcset=\"https:\/\/blogg.svenskakyrkan.se\/vandravagen\/files\/2026\/03\/bebadelsen.jpg 681w, https:\/\/blogg.svenskakyrkan.se\/vandravagen\/files\/2026\/03\/bebadelsen-300x781.jpg 300w, https:\/\/blogg.svenskakyrkan.se\/vandravagen\/files\/2026\/03\/bebadelsen-590x1536.jpg 590w\" sizes=\"auto, (max-width: 681px) 100vw, 681px\" \/><\/a><\/figure>\n                <h2 class=\"wp-block-post-title has-h-3-font-size\"><a href=\"https:\/\/blogg.svenskakyrkan.se\/vandravagen\/2026\/03\/30\/vad-maria-och-vi-sager-ja-till\/\" target=\"_self\" >Vad Maria och vi s\u00e4ger ja till<\/a><\/h2>\n                <div class=\"wp-block-post-date\"><time datetime=\"2026-03-30T17:54:15+02:00\">30 mars, 2026<\/time><\/div>\n                <div class=\"wp-block-post-excerpt\"><p class=\"wp-block-post-excerpt__excerpt\">Predikan p\u00e5 Jungfru Marie beb\u00e5delsedag i Ulricehamns kyrka<\/p><\/div>\n            <\/div>\n            \n        <\/li><li class=\"wp-block-post post-10743 post type-post status-publish format-standard has-post-thumbnail hentry category-fastan category-kyrkan category-predikan tag-alska tag-bibeln tag-elsa-beskow tag-fanny-och-alexander tag-fasta tag-fastan tag-fastlagssondagen tag-jesus tag-karlek tag-klicheer tag-kristen tag-kristen-tro tag-kyrka tag-kyrkan tag-ofortjant tag-predikan tag-relationsrad tag-wilfred-stinissen\">\n            \n            <div class=\"wp-block-group post__content is-layout-flow wp-block-group-is-layout-flow\">\n                <figure style=\"margin-bottom:var(--wp--preset--spacing--50);\" class=\"wp-block-post-featured-image\"><a href=\"https:\/\/blogg.svenskakyrkan.se\/vandravagen\/2026\/02\/17\/om-vi-verkligen-forstod-att-gud-ar-karlek\/\" target=\"_self\"  ><img loading=\"lazy\" decoding=\"async\" width=\"609\" height=\"680\" src=\"https:\/\/blogg.svenskakyrkan.se\/vandravagen\/files\/2026\/02\/IMG_3025.jpg\" class=\"attachment-post-thumbnail size-post-thumbnail wp-post-image\" alt=\"Om vi verkligen f\u00f6rstod att Gud \u00e4r k\u00e4rlek\" style=\"object-fit:cover;\" srcset=\"https:\/\/blogg.svenskakyrkan.se\/vandravagen\/files\/2026\/02\/IMG_3025.jpg 609w, https:\/\/blogg.svenskakyrkan.se\/vandravagen\/files\/2026\/02\/IMG_3025-300x335.jpg 300w\" sizes=\"auto, (max-width: 609px) 100vw, 609px\" \/><\/a><\/figure>\n                <h2 class=\"wp-block-post-title has-h-3-font-size\"><a href=\"https:\/\/blogg.svenskakyrkan.se\/vandravagen\/2026\/02\/17\/om-vi-verkligen-forstod-att-gud-ar-karlek\/\" target=\"_self\" >Om vi verkligen f\u00f6rstod att Gud \u00e4r k\u00e4rlek<\/a><\/h2>\n                <div class=\"wp-block-post-date\"><time datetime=\"2026-02-17T13:20:57+01:00\">17 februari, 2026<\/time><\/div>\n                <div class=\"wp-block-post-excerpt\"><p class=\"wp-block-post-excerpt__excerpt\">Min predikan fr\u00e5n fastlagss\u00f6ndagen i s\u00f6ndags i Ulricehamns kyrka<\/p><\/div>\n            <\/div>\n            \n        <\/li><\/ul>\n        \n    <\/div>\n    <\/div>\n","protected":false},"excerpt":{"rendered":"<p>Min predikan om Jesus som v\u00e4gen. Och lite starwars&#8230; H\u00e4r \u00e4r predikan jag h\u00f6ll i Ulricehamns kyrka och i Brunnsn\u00e4s ig\u00e5r p\u00e5 fj\u00e4rde s\u00f6ndagen i p\u00e5sk. Jag f\u00f6rs\u00f6ker mig p\u00e5 att tala lite om starwars och &#8221;mandalorian&#8221; f\u00f6r att illustrera den kristna v\u00e4gen. Och s\u00e5 finns det med lite bonusmaterial! Ett s\u00e4kert s\u00e4tt att misslyckas [&hellip;]<\/p>\n","protected":false},"author":392,"featured_media":10804,"comment_status":"open","ping_status":"open","sticky":false,"template":"","format":"standard","meta":{"_acf_changed":false,"footnotes":""},"categories":[7964,114],"tags":[83926,84252,84998,83878,83880,83879,83901,83890,84246,85000,84999,83866,83875,85003,83922,84249,84248,85004,84247,85001,83877,85002],"class_list":["post-10799","post","type-post","status-publish","format-standard","has-post-thumbnail","hentry","category-pask","category-predikan","tag-bibeln","tag-grogu","tag-hitta-ut","tag-jesus","tag-kristen","tag-kristen-tro","tag-kyrka","tag-kyrkan","tag-mandalorian","tag-orienterare","tag-orientering","tag-pask","tag-predikan","tag-process","tag-skapelsen","tag-star-wars","tag-starwars","tag-stig","tag-the-mandalorian","tag-vag","tag-vagen","tag-vandring"],"acf":[],"yoast_head":"<!-- This site is optimized with the Yoast SEO plugin v27.1.1 - https:\/\/yoast.com\/product\/yoast-seo-wordpress\/ -->\n<title>&quot;Detta \u00e4r v\u00e4gen&quot; - Vandra V\u00e4gen<\/title>\n<meta name=\"description\" content=\"Tomas Jarvids predikan om Jesus som v\u00e4gen utifr\u00e5n tv-serien &quot;Mandalorian&quot;. Vi f\u00e5r \u00f6va oss i att f\u00f6lja den v\u00e4g Jesus gett.\" \/>\n<meta name=\"robots\" content=\"index, follow, max-snippet:-1, max-image-preview:large, max-video-preview:-1\" \/>\n<link rel=\"canonical\" href=\"https:\/\/blogg.svenskakyrkan.se\/vandravagen\/2026\/04\/27\/detta-ar-vagen\/\" \/>\n<meta property=\"og:locale\" content=\"sv_SE\" \/>\n<meta property=\"og:type\" content=\"article\" \/>\n<meta property=\"og:title\" content=\"&quot;Detta \u00e4r v\u00e4gen&quot; - Vandra V\u00e4gen\" \/>\n<meta property=\"og:description\" content=\"Tomas Jarvids predikan om Jesus som v\u00e4gen utifr\u00e5n tv-serien &quot;Mandalorian&quot;. Vi f\u00e5r \u00f6va oss i att f\u00f6lja den v\u00e4g Jesus gett.\" \/>\n<meta property=\"og:url\" content=\"https:\/\/blogg.svenskakyrkan.se\/vandravagen\/2026\/04\/27\/detta-ar-vagen\/\" \/>\n<meta property=\"og:site_name\" content=\"Vandra V\u00e4gen\" \/>\n<meta property=\"article:publisher\" content=\"http:\/\/facebook.com\/vandravagen\" \/>\n<meta property=\"article:published_time\" content=\"2026-04-27T19:50:48+00:00\" \/>\n<meta property=\"article:modified_time\" content=\"2026-04-27T19:50:50+00:00\" \/>\n<meta property=\"og:image\" content=\"http:\/\/blogg.svenskakyrkan.se\/vandravagen\/files\/2026\/04\/fiskafanget.jpg\" \/>\n\t<meta property=\"og:image:width\" content=\"2048\" \/>\n\t<meta property=\"og:image:height\" content=\"1593\" \/>\n\t<meta property=\"og:image:type\" content=\"image\/jpeg\" \/>\n<meta name=\"author\" content=\"Tomas Jarvid\" \/>\n<meta name=\"twitter:card\" content=\"summary_large_image\" \/>\n<meta name=\"twitter:creator\" content=\"@fadertomas\" \/>\n<meta name=\"twitter:site\" content=\"@fadertomas\" \/>\n<meta name=\"twitter:label1\" content=\"Skriven av\" \/>\n\t<meta name=\"twitter:data1\" content=\"Tomas Jarvid\" \/>\n\t<meta name=\"twitter:label2\" content=\"Ber\u00e4knad l\u00e4stid\" \/>\n\t<meta name=\"twitter:data2\" content=\"12 minuter\" \/>\n<script type=\"application\/ld+json\" class=\"yoast-schema-graph\">{\"@context\":\"https:\/\/schema.org\",\"@graph\":[{\"@type\":\"Article\",\"@id\":\"https:\/\/blogg.svenskakyrkan.se\/vandravagen\/2026\/04\/27\/detta-ar-vagen\/#article\",\"isPartOf\":{\"@id\":\"https:\/\/blogg.svenskakyrkan.se\/vandravagen\/2026\/04\/27\/detta-ar-vagen\/\"},\"author\":{\"name\":\"Tomas Jarvid\",\"@id\":\"https:\/\/blogg.svenskakyrkan.se\/vandravagen\/#\/schema\/person\/25da02d4f76b137d04291711e2c9fc16\"},\"headline\":\"&#8221;Detta \u00e4r v\u00e4gen&#8221;\",\"datePublished\":\"2026-04-27T19:50:48+00:00\",\"dateModified\":\"2026-04-27T19:50:50+00:00\",\"mainEntityOfPage\":{\"@id\":\"https:\/\/blogg.svenskakyrkan.se\/vandravagen\/2026\/04\/27\/detta-ar-vagen\/\"},\"wordCount\":2867,\"commentCount\":0,\"publisher\":{\"@id\":\"https:\/\/blogg.svenskakyrkan.se\/vandravagen\/#organization\"},\"image\":{\"@id\":\"https:\/\/blogg.svenskakyrkan.se\/vandravagen\/2026\/04\/27\/detta-ar-vagen\/#primaryimage\"},\"thumbnailUrl\":\"https:\/\/blogg.svenskakyrkan.se\/vandravagen\/files\/2026\/04\/fiskafanget.jpg\",\"keywords\":[\"bibeln\",\"grogu\",\"hitta ut\",\"Jesus\",\"kristen\",\"kristen tro\",\"kyrka\",\"kyrkan\",\"mandalorian\",\"orienterare\",\"orientering\",\"p\u00e5sk\",\"predikan\",\"process\",\"skapelsen\",\"star wars\",\"starwars\",\"stig\",\"the mandalorian\",\"v\u00e4g\",\"v\u00e4gen\",\"vandring\"],\"articleSection\":[\"p\u00e5sk\",\"predikan\"],\"inLanguage\":\"sv-SE\",\"potentialAction\":[{\"@type\":\"CommentAction\",\"name\":\"Comment\",\"target\":[\"https:\/\/blogg.svenskakyrkan.se\/vandravagen\/2026\/04\/27\/detta-ar-vagen\/#respond\"]}]},{\"@type\":\"WebPage\",\"@id\":\"https:\/\/blogg.svenskakyrkan.se\/vandravagen\/2026\/04\/27\/detta-ar-vagen\/\",\"url\":\"https:\/\/blogg.svenskakyrkan.se\/vandravagen\/2026\/04\/27\/detta-ar-vagen\/\",\"name\":\"\\\"Detta \u00e4r v\u00e4gen\\\" - Vandra V\u00e4gen\",\"isPartOf\":{\"@id\":\"https:\/\/blogg.svenskakyrkan.se\/vandravagen\/#website\"},\"primaryImageOfPage\":{\"@id\":\"https:\/\/blogg.svenskakyrkan.se\/vandravagen\/2026\/04\/27\/detta-ar-vagen\/#primaryimage\"},\"image\":{\"@id\":\"https:\/\/blogg.svenskakyrkan.se\/vandravagen\/2026\/04\/27\/detta-ar-vagen\/#primaryimage\"},\"thumbnailUrl\":\"https:\/\/blogg.svenskakyrkan.se\/vandravagen\/files\/2026\/04\/fiskafanget.jpg\",\"datePublished\":\"2026-04-27T19:50:48+00:00\",\"dateModified\":\"2026-04-27T19:50:50+00:00\",\"description\":\"Tomas Jarvids predikan om Jesus som v\u00e4gen utifr\u00e5n tv-serien \\\"Mandalorian\\\". Vi f\u00e5r \u00f6va oss i att f\u00f6lja den v\u00e4g Jesus gett.\",\"breadcrumb\":{\"@id\":\"https:\/\/blogg.svenskakyrkan.se\/vandravagen\/2026\/04\/27\/detta-ar-vagen\/#breadcrumb\"},\"inLanguage\":\"sv-SE\",\"potentialAction\":[{\"@type\":\"ReadAction\",\"target\":[\"https:\/\/blogg.svenskakyrkan.se\/vandravagen\/2026\/04\/27\/detta-ar-vagen\/\"]}]},{\"@type\":\"ImageObject\",\"inLanguage\":\"sv-SE\",\"@id\":\"https:\/\/blogg.svenskakyrkan.se\/vandravagen\/2026\/04\/27\/detta-ar-vagen\/#primaryimage\",\"url\":\"https:\/\/blogg.svenskakyrkan.se\/vandravagen\/files\/2026\/04\/fiskafanget.jpg\",\"contentUrl\":\"https:\/\/blogg.svenskakyrkan.se\/vandravagen\/files\/2026\/04\/fiskafanget.jpg\",\"width\":2048,\"height\":1593,\"caption\":\"Jesus kallar oss att f\u00f6lja honom\"},{\"@type\":\"BreadcrumbList\",\"@id\":\"https:\/\/blogg.svenskakyrkan.se\/vandravagen\/2026\/04\/27\/detta-ar-vagen\/#breadcrumb\",\"itemListElement\":[{\"@type\":\"ListItem\",\"position\":1,\"name\":\"Hem\",\"item\":\"https:\/\/blogg.svenskakyrkan.se\/vandravagen\/\"},{\"@type\":\"ListItem\",\"position\":2,\"name\":\"bibeln\",\"item\":\"https:\/\/blogg.svenskakyrkan.se\/vandravagen\/tag\/bibeln\/\"},{\"@type\":\"ListItem\",\"position\":3,\"name\":\"&#8221;Detta \u00e4r v\u00e4gen&#8221;\"}]},{\"@type\":\"WebSite\",\"@id\":\"https:\/\/blogg.svenskakyrkan.se\/vandravagen\/#website\",\"url\":\"https:\/\/blogg.svenskakyrkan.se\/vandravagen\/\",\"name\":\"Vandra V\u00e4gen\",\"description\":\"-Mot en tro f\u00f6r hela livet\",\"publisher\":{\"@id\":\"https:\/\/blogg.svenskakyrkan.se\/vandravagen\/#organization\"},\"potentialAction\":[{\"@type\":\"SearchAction\",\"target\":{\"@type\":\"EntryPoint\",\"urlTemplate\":\"https:\/\/blogg.svenskakyrkan.se\/vandravagen\/?s={search_term_string}\"},\"query-input\":{\"@type\":\"PropertyValueSpecification\",\"valueRequired\":true,\"valueName\":\"search_term_string\"}}],\"inLanguage\":\"sv-SE\"},{\"@type\":\"Organization\",\"@id\":\"https:\/\/blogg.svenskakyrkan.se\/vandravagen\/#organization\",\"name\":\"ulricehamns pastorat\",\"alternateName\":\"ulricehamns pastorat\",\"url\":\"https:\/\/blogg.svenskakyrkan.se\/vandravagen\/\",\"logo\":{\"@type\":\"ImageObject\",\"inLanguage\":\"sv-SE\",\"@id\":\"https:\/\/blogg.svenskakyrkan.se\/vandravagen\/#\/schema\/logo\/image\/\",\"url\":\"https:\/\/blogg.svenskakyrkan.se\/vandravagen\/files\/2023\/05\/Ulr_logo_RGB.png\",\"contentUrl\":\"https:\/\/blogg.svenskakyrkan.se\/vandravagen\/files\/2023\/05\/Ulr_logo_RGB.png\",\"width\":205,\"height\":77,\"caption\":\"ulricehamns pastorat\"},\"image\":{\"@id\":\"https:\/\/blogg.svenskakyrkan.se\/vandravagen\/#\/schema\/logo\/image\/\"},\"sameAs\":[\"http:\/\/facebook.com\/vandravagen\",\"https:\/\/x.com\/fadertomas\",\"http:\/\/www.facebook.com\/svenskakyrkaniulricehamn\"]},{\"@type\":\"Person\",\"@id\":\"https:\/\/blogg.svenskakyrkan.se\/vandravagen\/#\/schema\/person\/25da02d4f76b137d04291711e2c9fc16\",\"name\":\"Tomas Jarvid\",\"image\":{\"@type\":\"ImageObject\",\"inLanguage\":\"sv-SE\",\"@id\":\"https:\/\/blogg.svenskakyrkan.se\/vandravagen\/#\/schema\/person\/image\/\",\"url\":\"https:\/\/secure.gravatar.com\/avatar\/7fa71899795e8f540f615a1f5ab25255dc27aa40f05ee7ddd21aac521e01bf50?s=96&d=identicon&r=g\",\"contentUrl\":\"https:\/\/secure.gravatar.com\/avatar\/7fa71899795e8f540f615a1f5ab25255dc27aa40f05ee7ddd21aac521e01bf50?s=96&d=identicon&r=g\",\"caption\":\"Tomas Jarvid\"},\"description\":\"Jag bor i Ulricehamn i V\u00e4sterg\u00f6tland och \u00e4r f\u00f6rsamlingspr\u00e4st i Svenska Kyrkan f\u00f6r Dalstorps f\u00f6rsamling i Kinds pastorat. P\u00e5 den h\u00e4r bloggen skriver jag ner tankar om vandringen som kristen.\",\"sameAs\":[\"http:\/\/www.vandravagen.se\"],\"url\":\"https:\/\/blogg.svenskakyrkan.se\/vandravagen\/author\/vandravagen\/\"}]}<\/script>\n<!-- \/ Yoast SEO plugin. -->","yoast_head_json":{"title":"\"Detta \u00e4r v\u00e4gen\" - Vandra V\u00e4gen","description":"Tomas Jarvids predikan om Jesus som v\u00e4gen utifr\u00e5n tv-serien \"Mandalorian\". Vi f\u00e5r \u00f6va oss i att f\u00f6lja den v\u00e4g Jesus gett.","robots":{"index":"index","follow":"follow","max-snippet":"max-snippet:-1","max-image-preview":"max-image-preview:large","max-video-preview":"max-video-preview:-1"},"canonical":"https:\/\/blogg.svenskakyrkan.se\/vandravagen\/2026\/04\/27\/detta-ar-vagen\/","og_locale":"sv_SE","og_type":"article","og_title":"\"Detta \u00e4r v\u00e4gen\" - Vandra V\u00e4gen","og_description":"Tomas Jarvids predikan om Jesus som v\u00e4gen utifr\u00e5n tv-serien \"Mandalorian\". Vi f\u00e5r \u00f6va oss i att f\u00f6lja den v\u00e4g Jesus gett.","og_url":"https:\/\/blogg.svenskakyrkan.se\/vandravagen\/2026\/04\/27\/detta-ar-vagen\/","og_site_name":"Vandra V\u00e4gen","article_publisher":"http:\/\/facebook.com\/vandravagen","article_published_time":"2026-04-27T19:50:48+00:00","article_modified_time":"2026-04-27T19:50:50+00:00","og_image":[{"width":2048,"height":1593,"url":"http:\/\/blogg.svenskakyrkan.se\/vandravagen\/files\/2026\/04\/fiskafanget.jpg","type":"image\/jpeg"}],"author":"Tomas Jarvid","twitter_card":"summary_large_image","twitter_creator":"@fadertomas","twitter_site":"@fadertomas","twitter_misc":{"Skriven av":"Tomas Jarvid","Ber\u00e4knad l\u00e4stid":"12 minuter"},"schema":{"@context":"https:\/\/schema.org","@graph":[{"@type":"Article","@id":"https:\/\/blogg.svenskakyrkan.se\/vandravagen\/2026\/04\/27\/detta-ar-vagen\/#article","isPartOf":{"@id":"https:\/\/blogg.svenskakyrkan.se\/vandravagen\/2026\/04\/27\/detta-ar-vagen\/"},"author":{"name":"Tomas Jarvid","@id":"https:\/\/blogg.svenskakyrkan.se\/vandravagen\/#\/schema\/person\/25da02d4f76b137d04291711e2c9fc16"},"headline":"&#8221;Detta \u00e4r v\u00e4gen&#8221;","datePublished":"2026-04-27T19:50:48+00:00","dateModified":"2026-04-27T19:50:50+00:00","mainEntityOfPage":{"@id":"https:\/\/blogg.svenskakyrkan.se\/vandravagen\/2026\/04\/27\/detta-ar-vagen\/"},"wordCount":2867,"commentCount":0,"publisher":{"@id":"https:\/\/blogg.svenskakyrkan.se\/vandravagen\/#organization"},"image":{"@id":"https:\/\/blogg.svenskakyrkan.se\/vandravagen\/2026\/04\/27\/detta-ar-vagen\/#primaryimage"},"thumbnailUrl":"https:\/\/blogg.svenskakyrkan.se\/vandravagen\/files\/2026\/04\/fiskafanget.jpg","keywords":["bibeln","grogu","hitta ut","Jesus","kristen","kristen tro","kyrka","kyrkan","mandalorian","orienterare","orientering","p\u00e5sk","predikan","process","skapelsen","star wars","starwars","stig","the mandalorian","v\u00e4g","v\u00e4gen","vandring"],"articleSection":["p\u00e5sk","predikan"],"inLanguage":"sv-SE","potentialAction":[{"@type":"CommentAction","name":"Comment","target":["https:\/\/blogg.svenskakyrkan.se\/vandravagen\/2026\/04\/27\/detta-ar-vagen\/#respond"]}]},{"@type":"WebPage","@id":"https:\/\/blogg.svenskakyrkan.se\/vandravagen\/2026\/04\/27\/detta-ar-vagen\/","url":"https:\/\/blogg.svenskakyrkan.se\/vandravagen\/2026\/04\/27\/detta-ar-vagen\/","name":"\"Detta \u00e4r v\u00e4gen\" - Vandra V\u00e4gen","isPartOf":{"@id":"https:\/\/blogg.svenskakyrkan.se\/vandravagen\/#website"},"primaryImageOfPage":{"@id":"https:\/\/blogg.svenskakyrkan.se\/vandravagen\/2026\/04\/27\/detta-ar-vagen\/#primaryimage"},"image":{"@id":"https:\/\/blogg.svenskakyrkan.se\/vandravagen\/2026\/04\/27\/detta-ar-vagen\/#primaryimage"},"thumbnailUrl":"https:\/\/blogg.svenskakyrkan.se\/vandravagen\/files\/2026\/04\/fiskafanget.jpg","datePublished":"2026-04-27T19:50:48+00:00","dateModified":"2026-04-27T19:50:50+00:00","description":"Tomas Jarvids predikan om Jesus som v\u00e4gen utifr\u00e5n tv-serien \"Mandalorian\". Vi f\u00e5r \u00f6va oss i att f\u00f6lja den v\u00e4g Jesus gett.","breadcrumb":{"@id":"https:\/\/blogg.svenskakyrkan.se\/vandravagen\/2026\/04\/27\/detta-ar-vagen\/#breadcrumb"},"inLanguage":"sv-SE","potentialAction":[{"@type":"ReadAction","target":["https:\/\/blogg.svenskakyrkan.se\/vandravagen\/2026\/04\/27\/detta-ar-vagen\/"]}]},{"@type":"ImageObject","inLanguage":"sv-SE","@id":"https:\/\/blogg.svenskakyrkan.se\/vandravagen\/2026\/04\/27\/detta-ar-vagen\/#primaryimage","url":"https:\/\/blogg.svenskakyrkan.se\/vandravagen\/files\/2026\/04\/fiskafanget.jpg","contentUrl":"https:\/\/blogg.svenskakyrkan.se\/vandravagen\/files\/2026\/04\/fiskafanget.jpg","width":2048,"height":1593,"caption":"Jesus kallar oss att f\u00f6lja honom"},{"@type":"BreadcrumbList","@id":"https:\/\/blogg.svenskakyrkan.se\/vandravagen\/2026\/04\/27\/detta-ar-vagen\/#breadcrumb","itemListElement":[{"@type":"ListItem","position":1,"name":"Hem","item":"https:\/\/blogg.svenskakyrkan.se\/vandravagen\/"},{"@type":"ListItem","position":2,"name":"bibeln","item":"https:\/\/blogg.svenskakyrkan.se\/vandravagen\/tag\/bibeln\/"},{"@type":"ListItem","position":3,"name":"&#8221;Detta \u00e4r v\u00e4gen&#8221;"}]},{"@type":"WebSite","@id":"https:\/\/blogg.svenskakyrkan.se\/vandravagen\/#website","url":"https:\/\/blogg.svenskakyrkan.se\/vandravagen\/","name":"Vandra V\u00e4gen","description":"-Mot en tro f\u00f6r hela livet","publisher":{"@id":"https:\/\/blogg.svenskakyrkan.se\/vandravagen\/#organization"},"potentialAction":[{"@type":"SearchAction","target":{"@type":"EntryPoint","urlTemplate":"https:\/\/blogg.svenskakyrkan.se\/vandravagen\/?s={search_term_string}"},"query-input":{"@type":"PropertyValueSpecification","valueRequired":true,"valueName":"search_term_string"}}],"inLanguage":"sv-SE"},{"@type":"Organization","@id":"https:\/\/blogg.svenskakyrkan.se\/vandravagen\/#organization","name":"ulricehamns pastorat","alternateName":"ulricehamns pastorat","url":"https:\/\/blogg.svenskakyrkan.se\/vandravagen\/","logo":{"@type":"ImageObject","inLanguage":"sv-SE","@id":"https:\/\/blogg.svenskakyrkan.se\/vandravagen\/#\/schema\/logo\/image\/","url":"https:\/\/blogg.svenskakyrkan.se\/vandravagen\/files\/2023\/05\/Ulr_logo_RGB.png","contentUrl":"https:\/\/blogg.svenskakyrkan.se\/vandravagen\/files\/2023\/05\/Ulr_logo_RGB.png","width":205,"height":77,"caption":"ulricehamns pastorat"},"image":{"@id":"https:\/\/blogg.svenskakyrkan.se\/vandravagen\/#\/schema\/logo\/image\/"},"sameAs":["http:\/\/facebook.com\/vandravagen","https:\/\/x.com\/fadertomas","http:\/\/www.facebook.com\/svenskakyrkaniulricehamn"]},{"@type":"Person","@id":"https:\/\/blogg.svenskakyrkan.se\/vandravagen\/#\/schema\/person\/25da02d4f76b137d04291711e2c9fc16","name":"Tomas Jarvid","image":{"@type":"ImageObject","inLanguage":"sv-SE","@id":"https:\/\/blogg.svenskakyrkan.se\/vandravagen\/#\/schema\/person\/image\/","url":"https:\/\/secure.gravatar.com\/avatar\/7fa71899795e8f540f615a1f5ab25255dc27aa40f05ee7ddd21aac521e01bf50?s=96&d=identicon&r=g","contentUrl":"https:\/\/secure.gravatar.com\/avatar\/7fa71899795e8f540f615a1f5ab25255dc27aa40f05ee7ddd21aac521e01bf50?s=96&d=identicon&r=g","caption":"Tomas Jarvid"},"description":"Jag bor i Ulricehamn i V\u00e4sterg\u00f6tland och \u00e4r f\u00f6rsamlingspr\u00e4st i Svenska Kyrkan f\u00f6r Dalstorps f\u00f6rsamling i Kinds pastorat. P\u00e5 den h\u00e4r bloggen skriver jag ner tankar om vandringen som kristen.","sameAs":["http:\/\/www.vandravagen.se"],"url":"https:\/\/blogg.svenskakyrkan.se\/vandravagen\/author\/vandravagen\/"}]}},"author_meta":{"ID":"392","user_nicename":"vandravagen","user_url":"http:\/\/www.vandravagen.se","user_registered":"2014-05-19 05:44:52","display_name":"Tomas Jarvid","first_name":"Tomas","last_name":"Jarvid","avatar":"https:\/\/secure.gravatar.com\/avatar\/7fa71899795e8f540f615a1f5ab25255dc27aa40f05ee7ddd21aac521e01bf50?s=96&d=identicon&r=g"},"featured_image":["https:\/\/blogg.svenskakyrkan.se\/vandravagen\/files\/2026\/04\/fiskafanget-1024x797.jpg",1024,797,true],"bloginfo":{"name":"Vandra V\u00e4gen","url":"https:\/\/blogg.svenskakyrkan.se\/vandravagen"},"_links":{"self":[{"href":"https:\/\/blogg.svenskakyrkan.se\/vandravagen\/wp-json\/wp\/v2\/posts\/10799","targetHints":{"allow":["GET"]}}],"collection":[{"href":"https:\/\/blogg.svenskakyrkan.se\/vandravagen\/wp-json\/wp\/v2\/posts"}],"about":[{"href":"https:\/\/blogg.svenskakyrkan.se\/vandravagen\/wp-json\/wp\/v2\/types\/post"}],"author":[{"embeddable":true,"href":"https:\/\/blogg.svenskakyrkan.se\/vandravagen\/wp-json\/wp\/v2\/users\/392"}],"replies":[{"embeddable":true,"href":"https:\/\/blogg.svenskakyrkan.se\/vandravagen\/wp-json\/wp\/v2\/comments?post=10799"}],"version-history":[{"count":2,"href":"https:\/\/blogg.svenskakyrkan.se\/vandravagen\/wp-json\/wp\/v2\/posts\/10799\/revisions"}],"predecessor-version":[{"id":10805,"href":"https:\/\/blogg.svenskakyrkan.se\/vandravagen\/wp-json\/wp\/v2\/posts\/10799\/revisions\/10805"}],"wp:featuredmedia":[{"embeddable":true,"href":"https:\/\/blogg.svenskakyrkan.se\/vandravagen\/wp-json\/wp\/v2\/media\/10804"}],"wp:attachment":[{"href":"https:\/\/blogg.svenskakyrkan.se\/vandravagen\/wp-json\/wp\/v2\/media?parent=10799"}],"wp:term":[{"taxonomy":"category","embeddable":true,"href":"https:\/\/blogg.svenskakyrkan.se\/vandravagen\/wp-json\/wp\/v2\/categories?post=10799"},{"taxonomy":"post_tag","embeddable":true,"href":"https:\/\/blogg.svenskakyrkan.se\/vandravagen\/wp-json\/wp\/v2\/tags?post=10799"}],"curies":[{"name":"wp","href":"https:\/\/api.w.org\/{rel}","templated":true}]}}