{"id":10801,"date":"2026-04-26T22:59:45","date_gmt":"2026-04-26T20:59:45","guid":{"rendered":"https:\/\/blogg.svenskakyrkan.se\/vandravagen\/?p=10801"},"modified":"2026-04-26T22:59:47","modified_gmt":"2026-04-26T20:59:47","slug":"7-blandade-tankar-pa-fjarde-pasksondagen","status":"publish","type":"post","link":"https:\/\/blogg.svenskakyrkan.se\/vandravagen\/2026\/04\/26\/7-blandade-tankar-pa-fjarde-pasksondagen\/","title":{"rendered":"7 blandade tankar p\u00e5 fj\u00e4rde p\u00e5sks\u00f6ndagen"},"content":{"rendered":"\n<p class=\"is-style-intro\">Ny s\u00f6ndag, nya blandade tankar!<\/p>\n\n\n<figure class=\"wp-block-post-featured-image\"><img loading=\"lazy\" decoding=\"async\" width=\"505\" height=\"590\" src=\"https:\/\/blogg.svenskakyrkan.se\/vandravagen\/files\/2026\/04\/ikonmalaren-thamar.jpg\" class=\"attachment-post-thumbnail size-post-thumbnail wp-post-image\" alt=\"Ikonm\u00e5lare\" style=\"object-fit:cover;\" srcset=\"https:\/\/blogg.svenskakyrkan.se\/vandravagen\/files\/2026\/04\/ikonmalaren-thamar.jpg 505w, https:\/\/blogg.svenskakyrkan.se\/vandravagen\/files\/2026\/04\/ikonmalaren-thamar-300x350.jpg 300w\" sizes=\"auto, (max-width: 505px) 100vw, 505px\" \/><\/figure>\n\n\n<ol class=\"wp-block-list\">\n<li>Glad s\u00f6ndag k\u00e4ra l\u00e4sare! Och alltj\u00e4mt en glad p\u00e5sk!<\/li>\n<\/ol>\n\n\n\n<p>2. Sitter h\u00e4r ganska tr\u00f6tt efter helgens arbete. Ig\u00e5r var det konfirmation f\u00f6r en av mina konfirmandgrupper i Ulricehamns kyrka. De sk\u00f6tte sig fint och allt var v\u00e4l med det men det \u00e4r f\u00f6rst\u00e5s mycket att h\u00e5lla i huvudet en s\u00e5dan gudstj\u00e4nst.<\/p>\n\n\n\n<p>3. Sedan d\u00f6pte jag ocks\u00e5 ett barn och p\u00e5 grund av n\u00e5got missf\u00f6rst\u00e5nd d\u00f6k inte kantorn upp s\u00e5 jag blev \u00e4ven kantor p\u00e5 gitarr. Sp\u00e4nning i vardagen ju.<\/p>\n\n\n\n<p>4. Och idag har jag lett tv\u00e5 m\u00e4ssor. En i Ulricehamns kyrka p\u00e5 f\u00f6rmiddagen och en p\u00e5 kv\u00e4llen i Brunnsn\u00e4skyrkan. <\/p>\n\n\n\n<p>5. Predikan kommer h\u00e4r i morgon eller s\u00e5. Jag m\u00e5 vara f\u00f6rl\u00e5ten att jag predikade \u00f6ver s\u00f6ndagens \u00e4mne n\u00e4r nu rubriken hade anknytningspunkter till mitt l\u00e5nga bloggande. &#8221;V\u00e4gen till livet&#8221; stod det i psalmboken om denna s\u00f6ndag. <\/p>\n\n\n\n<p>6. Vi har tittat p\u00e5 \u00e5rets backsippor ocks\u00e5. P\u00e5 ett st\u00e4lle i H\u00f6ssna.<\/p>\n\n\n\n<p>7. Hur har du det nu i p\u00e5sktiden? Skriv en rad och ber\u00e4tta!<\/p>\n\n\n<div id=\"related-posts-block_15de54b7215e5693dc10b639166c3479\"  class=\"b-related-posts alignfull\">\n    <div class=\"acf-innerblocks-container\">\n\n<h2 class=\"wp-block-heading\">Liknande inl\u00e4gg<\/h2>\n\n<\/div>\n    \n    \n    <div class=\"wp-block-query alignfull is-layout-flow wp-block-query-is-layout-flow\">\n        <ul class=\"is-flex-container columns-3 alignfull related-posts__content wp-block-post-template is-layout-flow wp-block-post-template-is-layout-flow\"><li class=\"wp-block-post post-10796 post type-post status-publish format-standard has-post-thumbnail hentry category-blandat\">\n            \n            <div class=\"wp-block-group post__content is-layout-flow wp-block-group-is-layout-flow\">\n                <figure style=\"margin-bottom:var(--wp--preset--spacing--50);\" class=\"wp-block-post-featured-image\"><a href=\"https:\/\/blogg.svenskakyrkan.se\/vandravagen\/2026\/04\/20\/11-blandade-tankar-pa-fodelsedagen\/\" target=\"_self\"  ><img loading=\"lazy\" decoding=\"async\" width=\"983\" height=\"821\" src=\"https:\/\/blogg.svenskakyrkan.se\/vandravagen\/files\/2026\/04\/armborst.jpg\" class=\"attachment-post-thumbnail size-post-thumbnail wp-post-image\" alt=\"11 blandade tankar p\u00e5 f\u00f6delsedagen\" style=\"object-fit:cover;\" srcset=\"https:\/\/blogg.svenskakyrkan.se\/vandravagen\/files\/2026\/04\/armborst.jpg 983w, https:\/\/blogg.svenskakyrkan.se\/vandravagen\/files\/2026\/04\/armborst-300x251.jpg 300w, https:\/\/blogg.svenskakyrkan.se\/vandravagen\/files\/2026\/04\/armborst-768x641.jpg 768w\" sizes=\"auto, (max-width: 983px) 100vw, 983px\" \/><\/a><\/figure>\n                <h2 class=\"wp-block-post-title has-h-3-font-size\"><a href=\"https:\/\/blogg.svenskakyrkan.se\/vandravagen\/2026\/04\/20\/11-blandade-tankar-pa-fodelsedagen\/\" target=\"_self\" >11 blandade tankar p\u00e5 f\u00f6delsedagen<\/a><\/h2>\n                <div class=\"wp-block-post-date\"><time datetime=\"2026-04-20T21:48:56+02:00\">20 april, 2026<\/time><\/div>\n                <div class=\"wp-block-post-excerpt\"><p class=\"wp-block-post-excerpt__excerpt\">Ny f\u00f6delsedag, nya blandade tankar!<\/p><\/div>\n            <\/div>\n            \n        <\/li><li class=\"wp-block-post post-10792 post type-post status-publish format-standard has-post-thumbnail hentry category-blandat\">\n            \n            <div class=\"wp-block-group post__content is-layout-flow wp-block-group-is-layout-flow\">\n                <figure style=\"margin-bottom:var(--wp--preset--spacing--50);\" class=\"wp-block-post-featured-image\"><a href=\"https:\/\/blogg.svenskakyrkan.se\/vandravagen\/2026\/04\/12\/9-blandade-tankar-pa-andra-pasksondagen\/\" target=\"_self\"  ><img loading=\"lazy\" decoding=\"async\" width=\"1920\" height=\"2560\" src=\"https:\/\/blogg.svenskakyrkan.se\/vandravagen\/files\/2026\/04\/IMG_8832-scaled.jpg\" class=\"attachment-post-thumbnail size-post-thumbnail wp-post-image\" alt=\"9 blandade tankar p\u00e5 andra p\u00e5sks\u00f6ndagen\" style=\"object-fit:cover;\" srcset=\"https:\/\/blogg.svenskakyrkan.se\/vandravagen\/files\/2026\/04\/IMG_8832-scaled.jpg 1920w, https:\/\/blogg.svenskakyrkan.se\/vandravagen\/files\/2026\/04\/IMG_8832-300x400.jpg 300w, https:\/\/blogg.svenskakyrkan.se\/vandravagen\/files\/2026\/04\/IMG_8832-1024x1365.jpg 1024w, https:\/\/blogg.svenskakyrkan.se\/vandravagen\/files\/2026\/04\/IMG_8832-768x1024.jpg 768w, https:\/\/blogg.svenskakyrkan.se\/vandravagen\/files\/2026\/04\/IMG_8832-1152x1536.jpg 1152w, https:\/\/blogg.svenskakyrkan.se\/vandravagen\/files\/2026\/04\/IMG_8832-1536x2048.jpg 1536w, https:\/\/blogg.svenskakyrkan.se\/vandravagen\/files\/2026\/04\/IMG_8832-1200x1600.jpg 1200w\" sizes=\"auto, (max-width: 1920px) 100vw, 1920px\" \/><\/a><\/figure>\n                <h2 class=\"wp-block-post-title has-h-3-font-size\"><a href=\"https:\/\/blogg.svenskakyrkan.se\/vandravagen\/2026\/04\/12\/9-blandade-tankar-pa-andra-pasksondagen\/\" target=\"_self\" >9 blandade tankar p\u00e5 andra p\u00e5sks\u00f6ndagen<\/a><\/h2>\n                <div class=\"wp-block-post-date\"><time datetime=\"2026-04-12T23:18:21+02:00\">12 april, 2026<\/time><\/div>\n                <div class=\"wp-block-post-excerpt\"><p class=\"wp-block-post-excerpt__excerpt\">Ny s\u00f6ndag, nya blandade tankar!<\/p><\/div>\n            <\/div>\n            \n        <\/li><li class=\"wp-block-post post-10785 post type-post status-publish format-standard has-post-thumbnail hentry category-blandat\">\n            \n            <div class=\"wp-block-group post__content is-layout-flow wp-block-group-is-layout-flow\">\n                <figure style=\"margin-bottom:var(--wp--preset--spacing--50);\" class=\"wp-block-post-featured-image\"><a href=\"https:\/\/blogg.svenskakyrkan.se\/vandravagen\/2026\/04\/05\/9-blandade-tankar-pa-paskdagen\/\" target=\"_self\"  ><img loading=\"lazy\" decoding=\"async\" width=\"526\" height=\"714\" src=\"https:\/\/blogg.svenskakyrkan.se\/vandravagen\/files\/2026\/04\/lammets-tillbedjan.jpg\" class=\"attachment-post-thumbnail size-post-thumbnail wp-post-image\" alt=\"9 blandade tankar p\u00e5 p\u00e5skdagen\" style=\"object-fit:cover;\" srcset=\"https:\/\/blogg.svenskakyrkan.se\/vandravagen\/files\/2026\/04\/lammets-tillbedjan.jpg 526w, https:\/\/blogg.svenskakyrkan.se\/vandravagen\/files\/2026\/04\/lammets-tillbedjan-300x407.jpg 300w\" sizes=\"auto, (max-width: 526px) 100vw, 526px\" \/><\/a><\/figure>\n                <h2 class=\"wp-block-post-title has-h-3-font-size\"><a href=\"https:\/\/blogg.svenskakyrkan.se\/vandravagen\/2026\/04\/05\/9-blandade-tankar-pa-paskdagen\/\" target=\"_self\" >9 blandade tankar p\u00e5 p\u00e5skdagen<\/a><\/h2>\n                <div class=\"wp-block-post-date\"><time datetime=\"2026-04-05T22:21:53+02:00\">5 april, 2026<\/time><\/div>\n                <div class=\"wp-block-post-excerpt\"><p class=\"wp-block-post-excerpt__excerpt\">Glad p\u00e5sk k\u00e4ra l\u00e4sare! Hoppas p\u00e5sken varit god f\u00f6r dig s\u00e5 h\u00e4r l\u00e5ngt! 2. Jag har predikat p\u00e5 p\u00e5sknattsm\u00e4ssan och den predikan kommer f\u00f6rst\u00e5s h\u00e4r imorgon eller s\u00e5. Det \u00e4r verkligen en fin gudstj\u00e4nst och numera \u00e4r vi ganska m\u00e5nga som samlas d\u00e4r p\u00e5 natten. M\u00e5nga har ursprung i andra[\u2026]<\/p><\/div>\n            <\/div>\n            \n        <\/li><\/ul>\n        \n    <\/div>\n    <\/div>\n\n\n\n<p><\/p>\n","protected":false},"excerpt":{"rendered":"<p>Ny s\u00f6ndag, nya blandade tankar! 2. Sitter h\u00e4r ganska tr\u00f6tt efter helgens arbete. Ig\u00e5r var det konfirmation f\u00f6r en av mina konfirmandgrupper i Ulricehamns kyrka. De sk\u00f6tte sig fint och allt var v\u00e4l med det men det \u00e4r f\u00f6rst\u00e5s mycket att h\u00e5lla i huvudet en s\u00e5dan gudstj\u00e4nst. 3. Sedan d\u00f6pte jag ocks\u00e5 ett barn och [&hellip;]<\/p>\n","protected":false},"author":392,"featured_media":10802,"comment_status":"open","ping_status":"open","sticky":false,"template":"","format":"standard","meta":{"_acf_changed":false,"footnotes":""},"categories":[76766],"tags":[],"class_list":["post-10801","post","type-post","status-publish","format-standard","has-post-thumbnail","hentry","category-blandat"],"acf":[],"yoast_head":"<!-- This site is optimized with the Yoast SEO plugin v27.1.1 - https:\/\/yoast.com\/product\/yoast-seo-wordpress\/ -->\n<title>7 blandade tankar p\u00e5 fj\u00e4rde p\u00e5sks\u00f6ndagen - Vandra V\u00e4gen<\/title>\n<meta name=\"robots\" content=\"index, follow, max-snippet:-1, max-image-preview:large, max-video-preview:-1\" \/>\n<link rel=\"canonical\" href=\"https:\/\/blogg.svenskakyrkan.se\/vandravagen\/2026\/04\/26\/7-blandade-tankar-pa-fjarde-pasksondagen\/\" \/>\n<meta property=\"og:locale\" content=\"sv_SE\" \/>\n<meta property=\"og:type\" content=\"article\" \/>\n<meta property=\"og:title\" content=\"7 blandade tankar p\u00e5 fj\u00e4rde p\u00e5sks\u00f6ndagen - Vandra V\u00e4gen\" \/>\n<meta property=\"og:description\" content=\"Ny s\u00f6ndag, nya blandade tankar! 2. Sitter h\u00e4r ganska tr\u00f6tt efter helgens arbete. Ig\u00e5r var det konfirmation f\u00f6r en av mina konfirmandgrupper i Ulricehamns kyrka. De sk\u00f6tte sig fint och allt var v\u00e4l med det men det \u00e4r f\u00f6rst\u00e5s mycket att h\u00e5lla i huvudet en s\u00e5dan gudstj\u00e4nst. 3. Sedan d\u00f6pte jag ocks\u00e5 ett barn och [&hellip;]\" \/>\n<meta property=\"og:url\" content=\"https:\/\/blogg.svenskakyrkan.se\/vandravagen\/2026\/04\/26\/7-blandade-tankar-pa-fjarde-pasksondagen\/\" \/>\n<meta property=\"og:site_name\" content=\"Vandra V\u00e4gen\" \/>\n<meta property=\"article:publisher\" content=\"http:\/\/facebook.com\/vandravagen\" \/>\n<meta property=\"article:published_time\" content=\"2026-04-26T20:59:45+00:00\" \/>\n<meta property=\"article:modified_time\" content=\"2026-04-26T20:59:47+00:00\" \/>\n<meta property=\"og:image\" content=\"http:\/\/blogg.svenskakyrkan.se\/vandravagen\/files\/2026\/04\/ikonmalaren-thamar.jpg\" \/>\n\t<meta property=\"og:image:width\" content=\"505\" \/>\n\t<meta property=\"og:image:height\" content=\"590\" \/>\n\t<meta property=\"og:image:type\" content=\"image\/jpeg\" \/>\n<meta name=\"author\" content=\"Tomas Jarvid\" \/>\n<meta name=\"twitter:card\" content=\"summary_large_image\" \/>\n<meta name=\"twitter:creator\" content=\"@fadertomas\" \/>\n<meta name=\"twitter:site\" content=\"@fadertomas\" \/>\n<meta name=\"twitter:label1\" content=\"Skriven av\" \/>\n\t<meta name=\"twitter:data1\" content=\"Tomas Jarvid\" \/>\n\t<meta name=\"twitter:label2\" content=\"Ber\u00e4knad l\u00e4stid\" \/>\n\t<meta name=\"twitter:data2\" content=\"2 minuter\" \/>\n<script type=\"application\/ld+json\" class=\"yoast-schema-graph\">{\"@context\":\"https:\/\/schema.org\",\"@graph\":[{\"@type\":\"Article\",\"@id\":\"https:\/\/blogg.svenskakyrkan.se\/vandravagen\/2026\/04\/26\/7-blandade-tankar-pa-fjarde-pasksondagen\/#article\",\"isPartOf\":{\"@id\":\"https:\/\/blogg.svenskakyrkan.se\/vandravagen\/2026\/04\/26\/7-blandade-tankar-pa-fjarde-pasksondagen\/\"},\"author\":{\"name\":\"Tomas Jarvid\",\"@id\":\"https:\/\/blogg.svenskakyrkan.se\/vandravagen\/#\/schema\/person\/25da02d4f76b137d04291711e2c9fc16\"},\"headline\":\"7 blandade tankar p\u00e5 fj\u00e4rde p\u00e5sks\u00f6ndagen\",\"datePublished\":\"2026-04-26T20:59:45+00:00\",\"dateModified\":\"2026-04-26T20:59:47+00:00\",\"mainEntityOfPage\":{\"@id\":\"https:\/\/blogg.svenskakyrkan.se\/vandravagen\/2026\/04\/26\/7-blandade-tankar-pa-fjarde-pasksondagen\/\"},\"wordCount\":211,\"commentCount\":2,\"publisher\":{\"@id\":\"https:\/\/blogg.svenskakyrkan.se\/vandravagen\/#organization\"},\"image\":{\"@id\":\"https:\/\/blogg.svenskakyrkan.se\/vandravagen\/2026\/04\/26\/7-blandade-tankar-pa-fjarde-pasksondagen\/#primaryimage\"},\"thumbnailUrl\":\"https:\/\/blogg.svenskakyrkan.se\/vandravagen\/files\/2026\/04\/ikonmalaren-thamar.jpg\",\"articleSection\":[\"blandat\"],\"inLanguage\":\"sv-SE\",\"potentialAction\":[{\"@type\":\"CommentAction\",\"name\":\"Comment\",\"target\":[\"https:\/\/blogg.svenskakyrkan.se\/vandravagen\/2026\/04\/26\/7-blandade-tankar-pa-fjarde-pasksondagen\/#respond\"]}]},{\"@type\":\"WebPage\",\"@id\":\"https:\/\/blogg.svenskakyrkan.se\/vandravagen\/2026\/04\/26\/7-blandade-tankar-pa-fjarde-pasksondagen\/\",\"url\":\"https:\/\/blogg.svenskakyrkan.se\/vandravagen\/2026\/04\/26\/7-blandade-tankar-pa-fjarde-pasksondagen\/\",\"name\":\"7 blandade tankar p\u00e5 fj\u00e4rde p\u00e5sks\u00f6ndagen - Vandra V\u00e4gen\",\"isPartOf\":{\"@id\":\"https:\/\/blogg.svenskakyrkan.se\/vandravagen\/#website\"},\"primaryImageOfPage\":{\"@id\":\"https:\/\/blogg.svenskakyrkan.se\/vandravagen\/2026\/04\/26\/7-blandade-tankar-pa-fjarde-pasksondagen\/#primaryimage\"},\"image\":{\"@id\":\"https:\/\/blogg.svenskakyrkan.se\/vandravagen\/2026\/04\/26\/7-blandade-tankar-pa-fjarde-pasksondagen\/#primaryimage\"},\"thumbnailUrl\":\"https:\/\/blogg.svenskakyrkan.se\/vandravagen\/files\/2026\/04\/ikonmalaren-thamar.jpg\",\"datePublished\":\"2026-04-26T20:59:45+00:00\",\"dateModified\":\"2026-04-26T20:59:47+00:00\",\"breadcrumb\":{\"@id\":\"https:\/\/blogg.svenskakyrkan.se\/vandravagen\/2026\/04\/26\/7-blandade-tankar-pa-fjarde-pasksondagen\/#breadcrumb\"},\"inLanguage\":\"sv-SE\",\"potentialAction\":[{\"@type\":\"ReadAction\",\"target\":[\"https:\/\/blogg.svenskakyrkan.se\/vandravagen\/2026\/04\/26\/7-blandade-tankar-pa-fjarde-pasksondagen\/\"]}]},{\"@type\":\"ImageObject\",\"inLanguage\":\"sv-SE\",\"@id\":\"https:\/\/blogg.svenskakyrkan.se\/vandravagen\/2026\/04\/26\/7-blandade-tankar-pa-fjarde-pasksondagen\/#primaryimage\",\"url\":\"https:\/\/blogg.svenskakyrkan.se\/vandravagen\/files\/2026\/04\/ikonmalaren-thamar.jpg\",\"contentUrl\":\"https:\/\/blogg.svenskakyrkan.se\/vandravagen\/files\/2026\/04\/ikonmalaren-thamar.jpg\",\"width\":505,\"height\":590,\"caption\":\"Screenshot\"},{\"@type\":\"BreadcrumbList\",\"@id\":\"https:\/\/blogg.svenskakyrkan.se\/vandravagen\/2026\/04\/26\/7-blandade-tankar-pa-fjarde-pasksondagen\/#breadcrumb\",\"itemListElement\":[{\"@type\":\"ListItem\",\"position\":1,\"name\":\"Hem\",\"item\":\"https:\/\/blogg.svenskakyrkan.se\/vandravagen\/\"},{\"@type\":\"ListItem\",\"position\":2,\"name\":\"7 blandade tankar p\u00e5 fj\u00e4rde p\u00e5sks\u00f6ndagen\"}]},{\"@type\":\"WebSite\",\"@id\":\"https:\/\/blogg.svenskakyrkan.se\/vandravagen\/#website\",\"url\":\"https:\/\/blogg.svenskakyrkan.se\/vandravagen\/\",\"name\":\"Vandra V\u00e4gen\",\"description\":\"-Mot en tro f\u00f6r hela livet\",\"publisher\":{\"@id\":\"https:\/\/blogg.svenskakyrkan.se\/vandravagen\/#organization\"},\"potentialAction\":[{\"@type\":\"SearchAction\",\"target\":{\"@type\":\"EntryPoint\",\"urlTemplate\":\"https:\/\/blogg.svenskakyrkan.se\/vandravagen\/?s={search_term_string}\"},\"query-input\":{\"@type\":\"PropertyValueSpecification\",\"valueRequired\":true,\"valueName\":\"search_term_string\"}}],\"inLanguage\":\"sv-SE\"},{\"@type\":\"Organization\",\"@id\":\"https:\/\/blogg.svenskakyrkan.se\/vandravagen\/#organization\",\"name\":\"ulricehamns pastorat\",\"alternateName\":\"ulricehamns pastorat\",\"url\":\"https:\/\/blogg.svenskakyrkan.se\/vandravagen\/\",\"logo\":{\"@type\":\"ImageObject\",\"inLanguage\":\"sv-SE\",\"@id\":\"https:\/\/blogg.svenskakyrkan.se\/vandravagen\/#\/schema\/logo\/image\/\",\"url\":\"https:\/\/blogg.svenskakyrkan.se\/vandravagen\/files\/2023\/05\/Ulr_logo_RGB.png\",\"contentUrl\":\"https:\/\/blogg.svenskakyrkan.se\/vandravagen\/files\/2023\/05\/Ulr_logo_RGB.png\",\"width\":205,\"height\":77,\"caption\":\"ulricehamns pastorat\"},\"image\":{\"@id\":\"https:\/\/blogg.svenskakyrkan.se\/vandravagen\/#\/schema\/logo\/image\/\"},\"sameAs\":[\"http:\/\/facebook.com\/vandravagen\",\"https:\/\/x.com\/fadertomas\",\"http:\/\/www.facebook.com\/svenskakyrkaniulricehamn\"]},{\"@type\":\"Person\",\"@id\":\"https:\/\/blogg.svenskakyrkan.se\/vandravagen\/#\/schema\/person\/25da02d4f76b137d04291711e2c9fc16\",\"name\":\"Tomas Jarvid\",\"image\":{\"@type\":\"ImageObject\",\"inLanguage\":\"sv-SE\",\"@id\":\"https:\/\/blogg.svenskakyrkan.se\/vandravagen\/#\/schema\/person\/image\/\",\"url\":\"https:\/\/secure.gravatar.com\/avatar\/7fa71899795e8f540f615a1f5ab25255dc27aa40f05ee7ddd21aac521e01bf50?s=96&d=identicon&r=g\",\"contentUrl\":\"https:\/\/secure.gravatar.com\/avatar\/7fa71899795e8f540f615a1f5ab25255dc27aa40f05ee7ddd21aac521e01bf50?s=96&d=identicon&r=g\",\"caption\":\"Tomas Jarvid\"},\"description\":\"Jag bor i Ulricehamn i V\u00e4sterg\u00f6tland och \u00e4r f\u00f6rsamlingspr\u00e4st i Svenska Kyrkan f\u00f6r Dalstorps f\u00f6rsamling i Kinds pastorat. P\u00e5 den h\u00e4r bloggen skriver jag ner tankar om vandringen som kristen.\",\"sameAs\":[\"http:\/\/www.vandravagen.se\"],\"url\":\"https:\/\/blogg.svenskakyrkan.se\/vandravagen\/author\/vandravagen\/\"}]}<\/script>\n<!-- \/ Yoast SEO plugin. -->","yoast_head_json":{"title":"7 blandade tankar p\u00e5 fj\u00e4rde p\u00e5sks\u00f6ndagen - Vandra V\u00e4gen","robots":{"index":"index","follow":"follow","max-snippet":"max-snippet:-1","max-image-preview":"max-image-preview:large","max-video-preview":"max-video-preview:-1"},"canonical":"https:\/\/blogg.svenskakyrkan.se\/vandravagen\/2026\/04\/26\/7-blandade-tankar-pa-fjarde-pasksondagen\/","og_locale":"sv_SE","og_type":"article","og_title":"7 blandade tankar p\u00e5 fj\u00e4rde p\u00e5sks\u00f6ndagen - Vandra V\u00e4gen","og_description":"Ny s\u00f6ndag, nya blandade tankar! 2. Sitter h\u00e4r ganska tr\u00f6tt efter helgens arbete. Ig\u00e5r var det konfirmation f\u00f6r en av mina konfirmandgrupper i Ulricehamns kyrka. De sk\u00f6tte sig fint och allt var v\u00e4l med det men det \u00e4r f\u00f6rst\u00e5s mycket att h\u00e5lla i huvudet en s\u00e5dan gudstj\u00e4nst. 3. Sedan d\u00f6pte jag ocks\u00e5 ett barn och [&hellip;]","og_url":"https:\/\/blogg.svenskakyrkan.se\/vandravagen\/2026\/04\/26\/7-blandade-tankar-pa-fjarde-pasksondagen\/","og_site_name":"Vandra V\u00e4gen","article_publisher":"http:\/\/facebook.com\/vandravagen","article_published_time":"2026-04-26T20:59:45+00:00","article_modified_time":"2026-04-26T20:59:47+00:00","og_image":[{"width":505,"height":590,"url":"http:\/\/blogg.svenskakyrkan.se\/vandravagen\/files\/2026\/04\/ikonmalaren-thamar.jpg","type":"image\/jpeg"}],"author":"Tomas Jarvid","twitter_card":"summary_large_image","twitter_creator":"@fadertomas","twitter_site":"@fadertomas","twitter_misc":{"Skriven av":"Tomas Jarvid","Ber\u00e4knad l\u00e4stid":"2 minuter"},"schema":{"@context":"https:\/\/schema.org","@graph":[{"@type":"Article","@id":"https:\/\/blogg.svenskakyrkan.se\/vandravagen\/2026\/04\/26\/7-blandade-tankar-pa-fjarde-pasksondagen\/#article","isPartOf":{"@id":"https:\/\/blogg.svenskakyrkan.se\/vandravagen\/2026\/04\/26\/7-blandade-tankar-pa-fjarde-pasksondagen\/"},"author":{"name":"Tomas Jarvid","@id":"https:\/\/blogg.svenskakyrkan.se\/vandravagen\/#\/schema\/person\/25da02d4f76b137d04291711e2c9fc16"},"headline":"7 blandade tankar p\u00e5 fj\u00e4rde p\u00e5sks\u00f6ndagen","datePublished":"2026-04-26T20:59:45+00:00","dateModified":"2026-04-26T20:59:47+00:00","mainEntityOfPage":{"@id":"https:\/\/blogg.svenskakyrkan.se\/vandravagen\/2026\/04\/26\/7-blandade-tankar-pa-fjarde-pasksondagen\/"},"wordCount":211,"commentCount":2,"publisher":{"@id":"https:\/\/blogg.svenskakyrkan.se\/vandravagen\/#organization"},"image":{"@id":"https:\/\/blogg.svenskakyrkan.se\/vandravagen\/2026\/04\/26\/7-blandade-tankar-pa-fjarde-pasksondagen\/#primaryimage"},"thumbnailUrl":"https:\/\/blogg.svenskakyrkan.se\/vandravagen\/files\/2026\/04\/ikonmalaren-thamar.jpg","articleSection":["blandat"],"inLanguage":"sv-SE","potentialAction":[{"@type":"CommentAction","name":"Comment","target":["https:\/\/blogg.svenskakyrkan.se\/vandravagen\/2026\/04\/26\/7-blandade-tankar-pa-fjarde-pasksondagen\/#respond"]}]},{"@type":"WebPage","@id":"https:\/\/blogg.svenskakyrkan.se\/vandravagen\/2026\/04\/26\/7-blandade-tankar-pa-fjarde-pasksondagen\/","url":"https:\/\/blogg.svenskakyrkan.se\/vandravagen\/2026\/04\/26\/7-blandade-tankar-pa-fjarde-pasksondagen\/","name":"7 blandade tankar p\u00e5 fj\u00e4rde p\u00e5sks\u00f6ndagen - Vandra V\u00e4gen","isPartOf":{"@id":"https:\/\/blogg.svenskakyrkan.se\/vandravagen\/#website"},"primaryImageOfPage":{"@id":"https:\/\/blogg.svenskakyrkan.se\/vandravagen\/2026\/04\/26\/7-blandade-tankar-pa-fjarde-pasksondagen\/#primaryimage"},"image":{"@id":"https:\/\/blogg.svenskakyrkan.se\/vandravagen\/2026\/04\/26\/7-blandade-tankar-pa-fjarde-pasksondagen\/#primaryimage"},"thumbnailUrl":"https:\/\/blogg.svenskakyrkan.se\/vandravagen\/files\/2026\/04\/ikonmalaren-thamar.jpg","datePublished":"2026-04-26T20:59:45+00:00","dateModified":"2026-04-26T20:59:47+00:00","breadcrumb":{"@id":"https:\/\/blogg.svenskakyrkan.se\/vandravagen\/2026\/04\/26\/7-blandade-tankar-pa-fjarde-pasksondagen\/#breadcrumb"},"inLanguage":"sv-SE","potentialAction":[{"@type":"ReadAction","target":["https:\/\/blogg.svenskakyrkan.se\/vandravagen\/2026\/04\/26\/7-blandade-tankar-pa-fjarde-pasksondagen\/"]}]},{"@type":"ImageObject","inLanguage":"sv-SE","@id":"https:\/\/blogg.svenskakyrkan.se\/vandravagen\/2026\/04\/26\/7-blandade-tankar-pa-fjarde-pasksondagen\/#primaryimage","url":"https:\/\/blogg.svenskakyrkan.se\/vandravagen\/files\/2026\/04\/ikonmalaren-thamar.jpg","contentUrl":"https:\/\/blogg.svenskakyrkan.se\/vandravagen\/files\/2026\/04\/ikonmalaren-thamar.jpg","width":505,"height":590,"caption":"Screenshot"},{"@type":"BreadcrumbList","@id":"https:\/\/blogg.svenskakyrkan.se\/vandravagen\/2026\/04\/26\/7-blandade-tankar-pa-fjarde-pasksondagen\/#breadcrumb","itemListElement":[{"@type":"ListItem","position":1,"name":"Hem","item":"https:\/\/blogg.svenskakyrkan.se\/vandravagen\/"},{"@type":"ListItem","position":2,"name":"7 blandade tankar p\u00e5 fj\u00e4rde p\u00e5sks\u00f6ndagen"}]},{"@type":"WebSite","@id":"https:\/\/blogg.svenskakyrkan.se\/vandravagen\/#website","url":"https:\/\/blogg.svenskakyrkan.se\/vandravagen\/","name":"Vandra V\u00e4gen","description":"-Mot en tro f\u00f6r hela livet","publisher":{"@id":"https:\/\/blogg.svenskakyrkan.se\/vandravagen\/#organization"},"potentialAction":[{"@type":"SearchAction","target":{"@type":"EntryPoint","urlTemplate":"https:\/\/blogg.svenskakyrkan.se\/vandravagen\/?s={search_term_string}"},"query-input":{"@type":"PropertyValueSpecification","valueRequired":true,"valueName":"search_term_string"}}],"inLanguage":"sv-SE"},{"@type":"Organization","@id":"https:\/\/blogg.svenskakyrkan.se\/vandravagen\/#organization","name":"ulricehamns pastorat","alternateName":"ulricehamns pastorat","url":"https:\/\/blogg.svenskakyrkan.se\/vandravagen\/","logo":{"@type":"ImageObject","inLanguage":"sv-SE","@id":"https:\/\/blogg.svenskakyrkan.se\/vandravagen\/#\/schema\/logo\/image\/","url":"https:\/\/blogg.svenskakyrkan.se\/vandravagen\/files\/2023\/05\/Ulr_logo_RGB.png","contentUrl":"https:\/\/blogg.svenskakyrkan.se\/vandravagen\/files\/2023\/05\/Ulr_logo_RGB.png","width":205,"height":77,"caption":"ulricehamns pastorat"},"image":{"@id":"https:\/\/blogg.svenskakyrkan.se\/vandravagen\/#\/schema\/logo\/image\/"},"sameAs":["http:\/\/facebook.com\/vandravagen","https:\/\/x.com\/fadertomas","http:\/\/www.facebook.com\/svenskakyrkaniulricehamn"]},{"@type":"Person","@id":"https:\/\/blogg.svenskakyrkan.se\/vandravagen\/#\/schema\/person\/25da02d4f76b137d04291711e2c9fc16","name":"Tomas Jarvid","image":{"@type":"ImageObject","inLanguage":"sv-SE","@id":"https:\/\/blogg.svenskakyrkan.se\/vandravagen\/#\/schema\/person\/image\/","url":"https:\/\/secure.gravatar.com\/avatar\/7fa71899795e8f540f615a1f5ab25255dc27aa40f05ee7ddd21aac521e01bf50?s=96&d=identicon&r=g","contentUrl":"https:\/\/secure.gravatar.com\/avatar\/7fa71899795e8f540f615a1f5ab25255dc27aa40f05ee7ddd21aac521e01bf50?s=96&d=identicon&r=g","caption":"Tomas Jarvid"},"description":"Jag bor i Ulricehamn i V\u00e4sterg\u00f6tland och \u00e4r f\u00f6rsamlingspr\u00e4st i Svenska Kyrkan f\u00f6r Dalstorps f\u00f6rsamling i Kinds pastorat. P\u00e5 den h\u00e4r bloggen skriver jag ner tankar om vandringen som kristen.","sameAs":["http:\/\/www.vandravagen.se"],"url":"https:\/\/blogg.svenskakyrkan.se\/vandravagen\/author\/vandravagen\/"}]}},"author_meta":{"ID":"392","user_nicename":"vandravagen","user_url":"http:\/\/www.vandravagen.se","user_registered":"2014-05-19 05:44:52","display_name":"Tomas Jarvid","first_name":"Tomas","last_name":"Jarvid","avatar":"https:\/\/secure.gravatar.com\/avatar\/7fa71899795e8f540f615a1f5ab25255dc27aa40f05ee7ddd21aac521e01bf50?s=96&d=identicon&r=g"},"featured_image":["https:\/\/blogg.svenskakyrkan.se\/vandravagen\/files\/2026\/04\/ikonmalaren-thamar.jpg",505,590,false],"bloginfo":{"name":"Vandra V\u00e4gen","url":"https:\/\/blogg.svenskakyrkan.se\/vandravagen"},"_links":{"self":[{"href":"https:\/\/blogg.svenskakyrkan.se\/vandravagen\/wp-json\/wp\/v2\/posts\/10801","targetHints":{"allow":["GET"]}}],"collection":[{"href":"https:\/\/blogg.svenskakyrkan.se\/vandravagen\/wp-json\/wp\/v2\/posts"}],"about":[{"href":"https:\/\/blogg.svenskakyrkan.se\/vandravagen\/wp-json\/wp\/v2\/types\/post"}],"author":[{"embeddable":true,"href":"https:\/\/blogg.svenskakyrkan.se\/vandravagen\/wp-json\/wp\/v2\/users\/392"}],"replies":[{"embeddable":true,"href":"https:\/\/blogg.svenskakyrkan.se\/vandravagen\/wp-json\/wp\/v2\/comments?post=10801"}],"version-history":[{"count":1,"href":"https:\/\/blogg.svenskakyrkan.se\/vandravagen\/wp-json\/wp\/v2\/posts\/10801\/revisions"}],"predecessor-version":[{"id":10803,"href":"https:\/\/blogg.svenskakyrkan.se\/vandravagen\/wp-json\/wp\/v2\/posts\/10801\/revisions\/10803"}],"wp:featuredmedia":[{"embeddable":true,"href":"https:\/\/blogg.svenskakyrkan.se\/vandravagen\/wp-json\/wp\/v2\/media\/10802"}],"wp:attachment":[{"href":"https:\/\/blogg.svenskakyrkan.se\/vandravagen\/wp-json\/wp\/v2\/media?parent=10801"}],"wp:term":[{"taxonomy":"category","embeddable":true,"href":"https:\/\/blogg.svenskakyrkan.se\/vandravagen\/wp-json\/wp\/v2\/categories?post=10801"},{"taxonomy":"post_tag","embeddable":true,"href":"https:\/\/blogg.svenskakyrkan.se\/vandravagen\/wp-json\/wp\/v2\/tags?post=10801"}],"curies":[{"name":"wp","href":"https:\/\/api.w.org\/{rel}","templated":true}]}}