{"id":114,"date":"2014-03-23T19:50:00","date_gmt":"2014-03-23T18:50:00","guid":{"rendered":"http:\/\/blogg.svenskakyrkan.se\/vandravagen\/2014\/03\/23\/marias-lovsang-pa-gregorianskt-vis\/"},"modified":"2014-03-23T19:50:00","modified_gmt":"2014-03-23T18:50:00","slug":"marias-lovsang-pa-gregorianskt-vis","status":"publish","type":"post","link":"https:\/\/blogg.svenskakyrkan.se\/vandravagen\/2014\/03\/23\/marias-lovsang-pa-gregorianskt-vis\/","title":{"rendered":"Marias lovs\u00e5ng (p\u00e5 gregorianskt vis)"},"content":{"rendered":"<div>\n<div><\/div>\n<\/p>\n<table align=\"center\" cellpadding=\"0\" cellspacing=\"0\">\n<tbody>\n<tr>\n<td><a href=\"http:\/\/2.bp.blogspot.com\/-Nl1T5681Ayg\/Uy8eZacC2jI\/AAAAAAAAHOI\/GXabhe9jzR8\/s1600\/annuncia01.jpg\"><img loading=\"lazy\" decoding=\"async\" border=\"0\" src=\"http:\/\/2.bp.blogspot.com\/-Nl1T5681Ayg\/Uy8eZacC2jI\/AAAAAAAAHOI\/GXabhe9jzR8\/s1600\/annuncia01.jpg\" height=\"640\" width=\"474\"><\/a><\/td>\n<\/tr>\n<tr>\n<td>Var h\u00e4lsad du h\u00f6gt ben\u00e5dade!<\/td>\n<\/tr>\n<\/tbody>\n<\/table>\n<\/div>\n<div><span>Dagens predikotext har varit om hur \u00e4ngeln Gabriel kommer till Maria f\u00f6r att s\u00e4ga att hon ska f\u00f6da Guds son. Annars stod denna fantastiska lovs\u00e5ng ur Marias mun som alternativ l\u00e4sning. L\u00e4s och lyssna.<\/span><br \/><span><br \/><\/span><\/div>\n<div><\/div>\n<div><\/div>\n<div><\/div>\n<div><\/div>\n<div><\/div>\n<div><\/div>\n<\/p>\n<div><\/div>\n<div>D\u00e5 sade Maria:<\/div>\n<p>&#8221;Min sj\u00e4l prisar Herrens storhet,<br \/>min ande jublar \u00f6ver Gud, min fr\u00e4lsare:<br \/>han har v\u00e4nt sin blick till sin ringa tj\u00e4narinna.<br \/>Fr\u00e5n denna stund skall alla sl\u00e4kten prisa mig salig:<br \/>stora ting l\u00e5ter den M\u00e4ktige ske med mig,<br \/>hans namn \u00e4r heligt,<br \/>och hans f\u00f6rbarmande med dem som fruktar honom<br \/>varar fr\u00e5n sl\u00e4kte till sl\u00e4kte.<br \/>Han g\u00f6r m\u00e4ktiga verk med sin arm,<br \/>han skingrar dem som har \u00f6vermodiga planer.<br \/>Han st\u00f6rtar h\u00e4rskare fr\u00e5n deras troner,<br \/>och han upph\u00f6jer de ringa.<br \/>Hungriga m\u00e4ttar han med sina g\u00e5vor,<br \/>och rika skickar han tomh\u00e4nta bort.<br \/>Han tar sig an sin tj\u00e4nare Israel<br \/>och h\u00e5ller sitt l\u00f6fte till v\u00e5ra f\u00e4der:<br \/>att f\u00f6rbarma sig \u00f6ver Abraham<br \/>och hans barn, till evig tid.&#8221;<\/p>\n","protected":false},"excerpt":{"rendered":"<p>Var h\u00e4lsad du h\u00f6gt ben\u00e5dade! Dagens predikotext har varit om hur \u00e4ngeln Gabriel kommer till Maria f\u00f6r att s\u00e4ga att hon ska f\u00f6da Guds son. Annars stod denna fantastiska lovs\u00e5ng ur Marias mun som alternativ l\u00e4sning. L\u00e4s och lyssna. D\u00e5 sade Maria: &#8221;Min sj\u00e4l prisar Herrens storhet,min ande jublar \u00f6ver Gud, min fr\u00e4lsare:han har v\u00e4nt [&hellip;]<\/p>\n","protected":false},"author":392,"featured_media":0,"comment_status":"open","ping_status":"open","sticky":false,"template":"","format":"standard","meta":{"_acf_changed":false,"footnotes":""},"categories":[76189,19356,8252,8266],"tags":[],"class_list":["post-114","post","type-post","status-publish","format-standard","hentry","category-dagens-kyrka","category-helgon","category-kyrkoaret","category-musik"],"acf":[],"yoast_head":"<!-- This site is optimized with the Yoast SEO plugin v27.1.1 - https:\/\/yoast.com\/product\/yoast-seo-wordpress\/ -->\n<title>Marias lovs\u00e5ng (p\u00e5 gregorianskt vis) - Vandra V\u00e4gen<\/title>\n<meta name=\"robots\" content=\"index, follow, max-snippet:-1, max-image-preview:large, max-video-preview:-1\" \/>\n<link rel=\"canonical\" href=\"https:\/\/blogg.svenskakyrkan.se\/vandravagen\/2014\/03\/23\/marias-lovsang-pa-gregorianskt-vis\/\" \/>\n<meta property=\"og:locale\" content=\"sv_SE\" \/>\n<meta property=\"og:type\" content=\"article\" \/>\n<meta property=\"og:title\" content=\"Marias lovs\u00e5ng (p\u00e5 gregorianskt vis) - Vandra V\u00e4gen\" \/>\n<meta property=\"og:description\" content=\"Var h\u00e4lsad du h\u00f6gt ben\u00e5dade! Dagens predikotext har varit om hur \u00e4ngeln Gabriel kommer till Maria f\u00f6r att s\u00e4ga att hon ska f\u00f6da Guds son. Annars stod denna fantastiska lovs\u00e5ng ur Marias mun som alternativ l\u00e4sning. L\u00e4s och lyssna. D\u00e5 sade Maria: &#8221;Min sj\u00e4l prisar Herrens storhet,min ande jublar \u00f6ver Gud, min fr\u00e4lsare:han har v\u00e4nt [&hellip;]\" \/>\n<meta property=\"og:url\" content=\"https:\/\/blogg.svenskakyrkan.se\/vandravagen\/2014\/03\/23\/marias-lovsang-pa-gregorianskt-vis\/\" \/>\n<meta property=\"og:site_name\" content=\"Vandra V\u00e4gen\" \/>\n<meta property=\"article:publisher\" content=\"http:\/\/facebook.com\/vandravagen\" \/>\n<meta property=\"article:published_time\" content=\"2014-03-23T18:50:00+00:00\" \/>\n<meta property=\"og:image\" content=\"http:\/\/2.bp.blogspot.com\/-Nl1T5681Ayg\/Uy8eZacC2jI\/AAAAAAAAHOI\/GXabhe9jzR8\/s1600\/annuncia01.jpg\" \/>\n<meta name=\"author\" content=\"Tomas Jarvid\" \/>\n<meta name=\"twitter:card\" content=\"summary_large_image\" \/>\n<meta name=\"twitter:creator\" content=\"@fadertomas\" \/>\n<meta name=\"twitter:site\" content=\"@fadertomas\" \/>\n<meta name=\"twitter:label1\" content=\"Skriven av\" \/>\n\t<meta name=\"twitter:data1\" content=\"Tomas Jarvid\" \/>\n\t<meta name=\"twitter:label2\" content=\"Ber\u00e4knad l\u00e4stid\" \/>\n\t<meta name=\"twitter:data2\" content=\"1 minut\" \/>\n<script type=\"application\/ld+json\" class=\"yoast-schema-graph\">{\"@context\":\"https:\/\/schema.org\",\"@graph\":[{\"@type\":\"Article\",\"@id\":\"https:\/\/blogg.svenskakyrkan.se\/vandravagen\/2014\/03\/23\/marias-lovsang-pa-gregorianskt-vis\/#article\",\"isPartOf\":{\"@id\":\"https:\/\/blogg.svenskakyrkan.se\/vandravagen\/2014\/03\/23\/marias-lovsang-pa-gregorianskt-vis\/\"},\"author\":{\"name\":\"Tomas Jarvid\",\"@id\":\"https:\/\/blogg.svenskakyrkan.se\/vandravagen\/#\/schema\/person\/25da02d4f76b137d04291711e2c9fc16\"},\"headline\":\"Marias lovs\u00e5ng (p\u00e5 gregorianskt vis)\",\"datePublished\":\"2014-03-23T18:50:00+00:00\",\"mainEntityOfPage\":{\"@id\":\"https:\/\/blogg.svenskakyrkan.se\/vandravagen\/2014\/03\/23\/marias-lovsang-pa-gregorianskt-vis\/\"},\"wordCount\":198,\"commentCount\":0,\"publisher\":{\"@id\":\"https:\/\/blogg.svenskakyrkan.se\/vandravagen\/#organization\"},\"image\":{\"@id\":\"https:\/\/blogg.svenskakyrkan.se\/vandravagen\/2014\/03\/23\/marias-lovsang-pa-gregorianskt-vis\/#primaryimage\"},\"thumbnailUrl\":\"http:\/\/2.bp.blogspot.com\/-Nl1T5681Ayg\/Uy8eZacC2jI\/AAAAAAAAHOI\/GXabhe9jzR8\/s1600\/annuncia01.jpg\",\"articleSection\":[\"Dagens Kyrka\",\"helgon\",\"kyrko\u00e5ret\",\"musik\"],\"inLanguage\":\"sv-SE\",\"potentialAction\":[{\"@type\":\"CommentAction\",\"name\":\"Comment\",\"target\":[\"https:\/\/blogg.svenskakyrkan.se\/vandravagen\/2014\/03\/23\/marias-lovsang-pa-gregorianskt-vis\/#respond\"]}]},{\"@type\":\"WebPage\",\"@id\":\"https:\/\/blogg.svenskakyrkan.se\/vandravagen\/2014\/03\/23\/marias-lovsang-pa-gregorianskt-vis\/\",\"url\":\"https:\/\/blogg.svenskakyrkan.se\/vandravagen\/2014\/03\/23\/marias-lovsang-pa-gregorianskt-vis\/\",\"name\":\"Marias lovs\u00e5ng (p\u00e5 gregorianskt vis) - Vandra V\u00e4gen\",\"isPartOf\":{\"@id\":\"https:\/\/blogg.svenskakyrkan.se\/vandravagen\/#website\"},\"primaryImageOfPage\":{\"@id\":\"https:\/\/blogg.svenskakyrkan.se\/vandravagen\/2014\/03\/23\/marias-lovsang-pa-gregorianskt-vis\/#primaryimage\"},\"image\":{\"@id\":\"https:\/\/blogg.svenskakyrkan.se\/vandravagen\/2014\/03\/23\/marias-lovsang-pa-gregorianskt-vis\/#primaryimage\"},\"thumbnailUrl\":\"http:\/\/2.bp.blogspot.com\/-Nl1T5681Ayg\/Uy8eZacC2jI\/AAAAAAAAHOI\/GXabhe9jzR8\/s1600\/annuncia01.jpg\",\"datePublished\":\"2014-03-23T18:50:00+00:00\",\"breadcrumb\":{\"@id\":\"https:\/\/blogg.svenskakyrkan.se\/vandravagen\/2014\/03\/23\/marias-lovsang-pa-gregorianskt-vis\/#breadcrumb\"},\"inLanguage\":\"sv-SE\",\"potentialAction\":[{\"@type\":\"ReadAction\",\"target\":[\"https:\/\/blogg.svenskakyrkan.se\/vandravagen\/2014\/03\/23\/marias-lovsang-pa-gregorianskt-vis\/\"]}]},{\"@type\":\"ImageObject\",\"inLanguage\":\"sv-SE\",\"@id\":\"https:\/\/blogg.svenskakyrkan.se\/vandravagen\/2014\/03\/23\/marias-lovsang-pa-gregorianskt-vis\/#primaryimage\",\"url\":\"http:\/\/2.bp.blogspot.com\/-Nl1T5681Ayg\/Uy8eZacC2jI\/AAAAAAAAHOI\/GXabhe9jzR8\/s1600\/annuncia01.jpg\",\"contentUrl\":\"http:\/\/2.bp.blogspot.com\/-Nl1T5681Ayg\/Uy8eZacC2jI\/AAAAAAAAHOI\/GXabhe9jzR8\/s1600\/annuncia01.jpg\"},{\"@type\":\"BreadcrumbList\",\"@id\":\"https:\/\/blogg.svenskakyrkan.se\/vandravagen\/2014\/03\/23\/marias-lovsang-pa-gregorianskt-vis\/#breadcrumb\",\"itemListElement\":[{\"@type\":\"ListItem\",\"position\":1,\"name\":\"Hem\",\"item\":\"https:\/\/blogg.svenskakyrkan.se\/vandravagen\/\"},{\"@type\":\"ListItem\",\"position\":2,\"name\":\"Marias lovs\u00e5ng (p\u00e5 gregorianskt vis)\"}]},{\"@type\":\"WebSite\",\"@id\":\"https:\/\/blogg.svenskakyrkan.se\/vandravagen\/#website\",\"url\":\"https:\/\/blogg.svenskakyrkan.se\/vandravagen\/\",\"name\":\"Vandra V\u00e4gen\",\"description\":\"-Mot en tro f\u00f6r hela livet\",\"publisher\":{\"@id\":\"https:\/\/blogg.svenskakyrkan.se\/vandravagen\/#organization\"},\"potentialAction\":[{\"@type\":\"SearchAction\",\"target\":{\"@type\":\"EntryPoint\",\"urlTemplate\":\"https:\/\/blogg.svenskakyrkan.se\/vandravagen\/?s={search_term_string}\"},\"query-input\":{\"@type\":\"PropertyValueSpecification\",\"valueRequired\":true,\"valueName\":\"search_term_string\"}}],\"inLanguage\":\"sv-SE\"},{\"@type\":\"Organization\",\"@id\":\"https:\/\/blogg.svenskakyrkan.se\/vandravagen\/#organization\",\"name\":\"ulricehamns pastorat\",\"alternateName\":\"ulricehamns pastorat\",\"url\":\"https:\/\/blogg.svenskakyrkan.se\/vandravagen\/\",\"logo\":{\"@type\":\"ImageObject\",\"inLanguage\":\"sv-SE\",\"@id\":\"https:\/\/blogg.svenskakyrkan.se\/vandravagen\/#\/schema\/logo\/image\/\",\"url\":\"https:\/\/blogg.svenskakyrkan.se\/vandravagen\/files\/2023\/05\/Ulr_logo_RGB.png\",\"contentUrl\":\"https:\/\/blogg.svenskakyrkan.se\/vandravagen\/files\/2023\/05\/Ulr_logo_RGB.png\",\"width\":205,\"height\":77,\"caption\":\"ulricehamns pastorat\"},\"image\":{\"@id\":\"https:\/\/blogg.svenskakyrkan.se\/vandravagen\/#\/schema\/logo\/image\/\"},\"sameAs\":[\"http:\/\/facebook.com\/vandravagen\",\"https:\/\/x.com\/fadertomas\",\"http:\/\/www.facebook.com\/svenskakyrkaniulricehamn\"]},{\"@type\":\"Person\",\"@id\":\"https:\/\/blogg.svenskakyrkan.se\/vandravagen\/#\/schema\/person\/25da02d4f76b137d04291711e2c9fc16\",\"name\":\"Tomas Jarvid\",\"image\":{\"@type\":\"ImageObject\",\"inLanguage\":\"sv-SE\",\"@id\":\"https:\/\/blogg.svenskakyrkan.se\/vandravagen\/#\/schema\/person\/image\/\",\"url\":\"https:\/\/secure.gravatar.com\/avatar\/7fa71899795e8f540f615a1f5ab25255dc27aa40f05ee7ddd21aac521e01bf50?s=96&d=identicon&r=g\",\"contentUrl\":\"https:\/\/secure.gravatar.com\/avatar\/7fa71899795e8f540f615a1f5ab25255dc27aa40f05ee7ddd21aac521e01bf50?s=96&d=identicon&r=g\",\"caption\":\"Tomas Jarvid\"},\"description\":\"Jag bor i Ulricehamn i V\u00e4sterg\u00f6tland och \u00e4r f\u00f6rsamlingspr\u00e4st i Svenska Kyrkan f\u00f6r Dalstorps f\u00f6rsamling i Kinds pastorat. P\u00e5 den h\u00e4r bloggen skriver jag ner tankar om vandringen som kristen.\",\"sameAs\":[\"http:\/\/www.vandravagen.se\"],\"url\":\"https:\/\/blogg.svenskakyrkan.se\/vandravagen\/author\/vandravagen\/\"}]}<\/script>\n<!-- \/ Yoast SEO plugin. -->","yoast_head_json":{"title":"Marias lovs\u00e5ng (p\u00e5 gregorianskt vis) - Vandra V\u00e4gen","robots":{"index":"index","follow":"follow","max-snippet":"max-snippet:-1","max-image-preview":"max-image-preview:large","max-video-preview":"max-video-preview:-1"},"canonical":"https:\/\/blogg.svenskakyrkan.se\/vandravagen\/2014\/03\/23\/marias-lovsang-pa-gregorianskt-vis\/","og_locale":"sv_SE","og_type":"article","og_title":"Marias lovs\u00e5ng (p\u00e5 gregorianskt vis) - Vandra V\u00e4gen","og_description":"Var h\u00e4lsad du h\u00f6gt ben\u00e5dade! Dagens predikotext har varit om hur \u00e4ngeln Gabriel kommer till Maria f\u00f6r att s\u00e4ga att hon ska f\u00f6da Guds son. Annars stod denna fantastiska lovs\u00e5ng ur Marias mun som alternativ l\u00e4sning. L\u00e4s och lyssna. D\u00e5 sade Maria: &#8221;Min sj\u00e4l prisar Herrens storhet,min ande jublar \u00f6ver Gud, min fr\u00e4lsare:han har v\u00e4nt [&hellip;]","og_url":"https:\/\/blogg.svenskakyrkan.se\/vandravagen\/2014\/03\/23\/marias-lovsang-pa-gregorianskt-vis\/","og_site_name":"Vandra V\u00e4gen","article_publisher":"http:\/\/facebook.com\/vandravagen","article_published_time":"2014-03-23T18:50:00+00:00","og_image":[{"url":"http:\/\/2.bp.blogspot.com\/-Nl1T5681Ayg\/Uy8eZacC2jI\/AAAAAAAAHOI\/GXabhe9jzR8\/s1600\/annuncia01.jpg","type":"","width":"","height":""}],"author":"Tomas Jarvid","twitter_card":"summary_large_image","twitter_creator":"@fadertomas","twitter_site":"@fadertomas","twitter_misc":{"Skriven av":"Tomas Jarvid","Ber\u00e4knad l\u00e4stid":"1 minut"},"schema":{"@context":"https:\/\/schema.org","@graph":[{"@type":"Article","@id":"https:\/\/blogg.svenskakyrkan.se\/vandravagen\/2014\/03\/23\/marias-lovsang-pa-gregorianskt-vis\/#article","isPartOf":{"@id":"https:\/\/blogg.svenskakyrkan.se\/vandravagen\/2014\/03\/23\/marias-lovsang-pa-gregorianskt-vis\/"},"author":{"name":"Tomas Jarvid","@id":"https:\/\/blogg.svenskakyrkan.se\/vandravagen\/#\/schema\/person\/25da02d4f76b137d04291711e2c9fc16"},"headline":"Marias lovs\u00e5ng (p\u00e5 gregorianskt vis)","datePublished":"2014-03-23T18:50:00+00:00","mainEntityOfPage":{"@id":"https:\/\/blogg.svenskakyrkan.se\/vandravagen\/2014\/03\/23\/marias-lovsang-pa-gregorianskt-vis\/"},"wordCount":198,"commentCount":0,"publisher":{"@id":"https:\/\/blogg.svenskakyrkan.se\/vandravagen\/#organization"},"image":{"@id":"https:\/\/blogg.svenskakyrkan.se\/vandravagen\/2014\/03\/23\/marias-lovsang-pa-gregorianskt-vis\/#primaryimage"},"thumbnailUrl":"http:\/\/2.bp.blogspot.com\/-Nl1T5681Ayg\/Uy8eZacC2jI\/AAAAAAAAHOI\/GXabhe9jzR8\/s1600\/annuncia01.jpg","articleSection":["Dagens Kyrka","helgon","kyrko\u00e5ret","musik"],"inLanguage":"sv-SE","potentialAction":[{"@type":"CommentAction","name":"Comment","target":["https:\/\/blogg.svenskakyrkan.se\/vandravagen\/2014\/03\/23\/marias-lovsang-pa-gregorianskt-vis\/#respond"]}]},{"@type":"WebPage","@id":"https:\/\/blogg.svenskakyrkan.se\/vandravagen\/2014\/03\/23\/marias-lovsang-pa-gregorianskt-vis\/","url":"https:\/\/blogg.svenskakyrkan.se\/vandravagen\/2014\/03\/23\/marias-lovsang-pa-gregorianskt-vis\/","name":"Marias lovs\u00e5ng (p\u00e5 gregorianskt vis) - Vandra V\u00e4gen","isPartOf":{"@id":"https:\/\/blogg.svenskakyrkan.se\/vandravagen\/#website"},"primaryImageOfPage":{"@id":"https:\/\/blogg.svenskakyrkan.se\/vandravagen\/2014\/03\/23\/marias-lovsang-pa-gregorianskt-vis\/#primaryimage"},"image":{"@id":"https:\/\/blogg.svenskakyrkan.se\/vandravagen\/2014\/03\/23\/marias-lovsang-pa-gregorianskt-vis\/#primaryimage"},"thumbnailUrl":"http:\/\/2.bp.blogspot.com\/-Nl1T5681Ayg\/Uy8eZacC2jI\/AAAAAAAAHOI\/GXabhe9jzR8\/s1600\/annuncia01.jpg","datePublished":"2014-03-23T18:50:00+00:00","breadcrumb":{"@id":"https:\/\/blogg.svenskakyrkan.se\/vandravagen\/2014\/03\/23\/marias-lovsang-pa-gregorianskt-vis\/#breadcrumb"},"inLanguage":"sv-SE","potentialAction":[{"@type":"ReadAction","target":["https:\/\/blogg.svenskakyrkan.se\/vandravagen\/2014\/03\/23\/marias-lovsang-pa-gregorianskt-vis\/"]}]},{"@type":"ImageObject","inLanguage":"sv-SE","@id":"https:\/\/blogg.svenskakyrkan.se\/vandravagen\/2014\/03\/23\/marias-lovsang-pa-gregorianskt-vis\/#primaryimage","url":"http:\/\/2.bp.blogspot.com\/-Nl1T5681Ayg\/Uy8eZacC2jI\/AAAAAAAAHOI\/GXabhe9jzR8\/s1600\/annuncia01.jpg","contentUrl":"http:\/\/2.bp.blogspot.com\/-Nl1T5681Ayg\/Uy8eZacC2jI\/AAAAAAAAHOI\/GXabhe9jzR8\/s1600\/annuncia01.jpg"},{"@type":"BreadcrumbList","@id":"https:\/\/blogg.svenskakyrkan.se\/vandravagen\/2014\/03\/23\/marias-lovsang-pa-gregorianskt-vis\/#breadcrumb","itemListElement":[{"@type":"ListItem","position":1,"name":"Hem","item":"https:\/\/blogg.svenskakyrkan.se\/vandravagen\/"},{"@type":"ListItem","position":2,"name":"Marias lovs\u00e5ng (p\u00e5 gregorianskt vis)"}]},{"@type":"WebSite","@id":"https:\/\/blogg.svenskakyrkan.se\/vandravagen\/#website","url":"https:\/\/blogg.svenskakyrkan.se\/vandravagen\/","name":"Vandra V\u00e4gen","description":"-Mot en tro f\u00f6r hela livet","publisher":{"@id":"https:\/\/blogg.svenskakyrkan.se\/vandravagen\/#organization"},"potentialAction":[{"@type":"SearchAction","target":{"@type":"EntryPoint","urlTemplate":"https:\/\/blogg.svenskakyrkan.se\/vandravagen\/?s={search_term_string}"},"query-input":{"@type":"PropertyValueSpecification","valueRequired":true,"valueName":"search_term_string"}}],"inLanguage":"sv-SE"},{"@type":"Organization","@id":"https:\/\/blogg.svenskakyrkan.se\/vandravagen\/#organization","name":"ulricehamns pastorat","alternateName":"ulricehamns pastorat","url":"https:\/\/blogg.svenskakyrkan.se\/vandravagen\/","logo":{"@type":"ImageObject","inLanguage":"sv-SE","@id":"https:\/\/blogg.svenskakyrkan.se\/vandravagen\/#\/schema\/logo\/image\/","url":"https:\/\/blogg.svenskakyrkan.se\/vandravagen\/files\/2023\/05\/Ulr_logo_RGB.png","contentUrl":"https:\/\/blogg.svenskakyrkan.se\/vandravagen\/files\/2023\/05\/Ulr_logo_RGB.png","width":205,"height":77,"caption":"ulricehamns pastorat"},"image":{"@id":"https:\/\/blogg.svenskakyrkan.se\/vandravagen\/#\/schema\/logo\/image\/"},"sameAs":["http:\/\/facebook.com\/vandravagen","https:\/\/x.com\/fadertomas","http:\/\/www.facebook.com\/svenskakyrkaniulricehamn"]},{"@type":"Person","@id":"https:\/\/blogg.svenskakyrkan.se\/vandravagen\/#\/schema\/person\/25da02d4f76b137d04291711e2c9fc16","name":"Tomas Jarvid","image":{"@type":"ImageObject","inLanguage":"sv-SE","@id":"https:\/\/blogg.svenskakyrkan.se\/vandravagen\/#\/schema\/person\/image\/","url":"https:\/\/secure.gravatar.com\/avatar\/7fa71899795e8f540f615a1f5ab25255dc27aa40f05ee7ddd21aac521e01bf50?s=96&d=identicon&r=g","contentUrl":"https:\/\/secure.gravatar.com\/avatar\/7fa71899795e8f540f615a1f5ab25255dc27aa40f05ee7ddd21aac521e01bf50?s=96&d=identicon&r=g","caption":"Tomas Jarvid"},"description":"Jag bor i Ulricehamn i V\u00e4sterg\u00f6tland och \u00e4r f\u00f6rsamlingspr\u00e4st i Svenska Kyrkan f\u00f6r Dalstorps f\u00f6rsamling i Kinds pastorat. P\u00e5 den h\u00e4r bloggen skriver jag ner tankar om vandringen som kristen.","sameAs":["http:\/\/www.vandravagen.se"],"url":"https:\/\/blogg.svenskakyrkan.se\/vandravagen\/author\/vandravagen\/"}]}},"author_meta":{"ID":"392","user_nicename":"vandravagen","user_url":"http:\/\/www.vandravagen.se","user_registered":"2014-05-19 05:44:52","display_name":"Tomas Jarvid","first_name":"Tomas","last_name":"Jarvid","avatar":"https:\/\/secure.gravatar.com\/avatar\/7fa71899795e8f540f615a1f5ab25255dc27aa40f05ee7ddd21aac521e01bf50?s=96&d=identicon&r=g"},"featured_image":false,"bloginfo":{"name":"Vandra V\u00e4gen","url":"https:\/\/blogg.svenskakyrkan.se\/vandravagen"},"_links":{"self":[{"href":"https:\/\/blogg.svenskakyrkan.se\/vandravagen\/wp-json\/wp\/v2\/posts\/114","targetHints":{"allow":["GET"]}}],"collection":[{"href":"https:\/\/blogg.svenskakyrkan.se\/vandravagen\/wp-json\/wp\/v2\/posts"}],"about":[{"href":"https:\/\/blogg.svenskakyrkan.se\/vandravagen\/wp-json\/wp\/v2\/types\/post"}],"author":[{"embeddable":true,"href":"https:\/\/blogg.svenskakyrkan.se\/vandravagen\/wp-json\/wp\/v2\/users\/392"}],"replies":[{"embeddable":true,"href":"https:\/\/blogg.svenskakyrkan.se\/vandravagen\/wp-json\/wp\/v2\/comments?post=114"}],"version-history":[{"count":0,"href":"https:\/\/blogg.svenskakyrkan.se\/vandravagen\/wp-json\/wp\/v2\/posts\/114\/revisions"}],"wp:attachment":[{"href":"https:\/\/blogg.svenskakyrkan.se\/vandravagen\/wp-json\/wp\/v2\/media?parent=114"}],"wp:term":[{"taxonomy":"category","embeddable":true,"href":"https:\/\/blogg.svenskakyrkan.se\/vandravagen\/wp-json\/wp\/v2\/categories?post=114"},{"taxonomy":"post_tag","embeddable":true,"href":"https:\/\/blogg.svenskakyrkan.se\/vandravagen\/wp-json\/wp\/v2\/tags?post=114"}],"curies":[{"name":"wp","href":"https:\/\/api.w.org\/{rel}","templated":true}]}}