{"id":125,"date":"2014-03-17T09:47:00","date_gmt":"2014-03-17T08:47:00","guid":{"rendered":"http:\/\/blogg.svenskakyrkan.se\/vandravagen\/2014\/03\/17\/en-kyrklig-app-om-kyrkoaret\/"},"modified":"2014-03-17T09:47:00","modified_gmt":"2014-03-17T08:47:00","slug":"en-kyrklig-app-om-kyrkoaret","status":"publish","type":"post","link":"https:\/\/blogg.svenskakyrkan.se\/vandravagen\/2014\/03\/17\/en-kyrklig-app-om-kyrkoaret\/","title":{"rendered":"En kyrklig app om kyrko\u00e5ret"},"content":{"rendered":"<table align=\"center\" cellpadding=\"0\" cellspacing=\"0\">\n<tbody>\n<tr>\n<td><a href=\"http:\/\/2.bp.blogspot.com\/-Rq69RjBTHvo\/UyakrB5OccI\/AAAAAAAAHL4\/93VnngOfyXk\/s1600\/Ska%CC%88rmavbild+2014-03-17+kl.+08.30.31.png\"><img loading=\"lazy\" decoding=\"async\" border=\"0\" src=\"http:\/\/2.bp.blogspot.com\/-Rq69RjBTHvo\/UyakrB5OccI\/AAAAAAAAHL4\/93VnngOfyXk\/s1600\/Ska%CC%88rmavbild+2014-03-17+kl.+08.30.31.png\" height=\"361\" width=\"400\"><\/a><\/td>\n<\/tr>\n<tr>\n<td>Kyrko\u00e5rsappens logga, en snygg cirkel.<\/td>\n<\/tr>\n<\/tbody>\n<\/table>\n<div><\/div>\n<div>F\u00f6r den som \u00e4r m\u00e5ttligt insyltad i kyrkliga grejer kanske det \u00e4r en \u00f6verraskning att det ens finns n\u00e5got s\u00e5dant som kyrkliga appar. K\u00f6r inte vi med stentavlor och stenciler eller n\u00e5t? Jag har skrivit en del tidigare h\u00e4r och <a href=\"http:\/\/www.vandravagen.se\/2012\/03\/app-app-app.html\">tipsat om appar<\/a>, till exempel den f\u00f6rn\u00e4mliga &#8221;<a href=\"http:\/\/www.vandravagen.se\/2013\/04\/appen-funkar-i-gotene.html\">kyrkguiden<\/a>&#8221; och nu kommer ett nytt tips.<\/div>\n<div><\/div>\n<div>Jag \u00e4r lite mallig (l\u00e4ttfl\u00f6rtad verkar jag vara) f\u00f6r en av appens skapare, Gabriel Fjellander (som tidigare gjort apparna &#8221;bibeln idag&#8221; och &#8221;tideg\u00e4rdsappen&#8221;, mailade och bad mig skriva om <a href=\"http:\/\/www.kyrkoarsappen.se\/\">kyrko\u00e5rsappen<\/a> som han just varit med och gjort klart. Jag kunde till och med f\u00e5tt ett gratisex men det s\u00e5g jag visst inte f\u00f6rr\u00e4n vid andra titten i mailet och d\u00e5 var det f\u00f6rsent.\u00a0<\/div>\n<div><\/div>\n<div>Jag har skrivit lite om kyrko\u00e5ret h\u00e4r innan (<a href=\"http:\/\/www.vandravagen.se\/2013\/11\/en-andlig-kostcirkel.html\">en andlig kostcirkel)<\/a> och v\u00e4ldigt mycket av det jag skriver knyter an till kyrkans \u00e5r p\u00e5 ett eller annat s\u00e4tt eftersom jag lever uppe i det som pr\u00e4st.<\/div>\n<div><\/div>\n<div>Hur som helst har jag tittat lite i appen och det ser bra ut. Appen ers\u00e4tter i stort sett bl\u00e4ddrande i evangelieboken l\u00e4ngst bak i psalmboken. Man f\u00e5r genast upp aktuell helgdag med f\u00e4rg, b\u00f6ner, texter och utsmyckningar.<\/div>\n<div><\/div>\n<div><\/div>\n<table align=\"center\" cellpadding=\"0\" cellspacing=\"0\">\n<tbody>\n<tr>\n<td><a href=\"http:\/\/3.bp.blogspot.com\/-s4oKYHhqgfE\/UyakrYOWoSI\/AAAAAAAAHL8\/pancAnusshQ\/s1600\/Ska%CC%88rmavbild+2014-03-17+kl.+08.30.22.png\"><img loading=\"lazy\" decoding=\"async\" border=\"0\" src=\"http:\/\/3.bp.blogspot.com\/-s4oKYHhqgfE\/UyakrYOWoSI\/AAAAAAAAHL8\/pancAnusshQ\/s1600\/Ska%CC%88rmavbild+2014-03-17+kl.+08.30.22.png\" height=\"400\" width=\"200\"><\/a><\/td>\n<\/tr>\n<tr>\n<td>S\u00e5 h\u00e4r kan det se ut (bild fr\u00e5n kyrko\u00e5rsappens sida).<\/td>\n<\/tr>\n<\/tbody>\n<\/table>\n<p>Sedan \u00e4r det inte mer men det \u00e4r \u00e5 andra sidan bra grejer och l\u00e4ttsk\u00f6tt. Jag har sedan tidigare lagt in s\u00f6ndagens texter i mobilens kalender via <a href=\"http:\/\/lektionarium.se\/lectio\/\">lectionarium<\/a>, en v\u00e4ldigt smidig grej (och gratis). H\u00e4r f\u00e5r man lite mer och anv\u00e4ndbarheten \u00f6kar d\u00e4rf\u00f6r ganska kraftigt. Det \u00e4r till exempel en t\u00e4nkbar grej f\u00f6r en f\u00f6rsamling att k\u00f6pa in appen till m\u00e5nga kyrkv\u00e4rdar\/anst\u00e4llda\/annat som \u00e4r intresserade men kanske inte s\u00e5 tekniskt avancerade. Appen \u00e4r l\u00e4tthanterad.<\/p>\n<div><\/div>\n<div>Den kostar n\u00e5gra kronor men betydligt mycket mindre \u00e4n de b\u00f6cker som ges ut \u00e5rligen kring s\u00f6ndagarna i kyrko\u00e5ret. Jag r\u00e4knar med att den kan r\u00e4dda en virrig pr\u00e4st (mig allts\u00e5) en och annan g\u00e5ng fram\u00f6ver.<\/p>\n<p>Det \u00e4r ett roligt initiativ och \u00e4nnu ett exempel p\u00e5 hur tekniken smyger sig in i kyrkan. Det skulle vara intressant om du skriver en kommentar nedan om hur du skulle g\u00f6ra. Skulle du k\u00e4nna dig bekv\u00e4m med att titta i mobilen ist\u00e4llet f\u00f6r i psalmboken i kyrkan? Bekv\u00e4m med att din b\u00e4nkgranne g\u00f6r det?<\/p>\n<div><\/div>\n<\/div>\n","protected":false},"excerpt":{"rendered":"<p>Kyrko\u00e5rsappens logga, en snygg cirkel. F\u00f6r den som \u00e4r m\u00e5ttligt insyltad i kyrkliga grejer kanske det \u00e4r en \u00f6verraskning att det ens finns n\u00e5got s\u00e5dant som kyrkliga appar. K\u00f6r inte vi med stentavlor och stenciler eller n\u00e5t? Jag har skrivit en del tidigare h\u00e4r och tipsat om appar, till exempel den f\u00f6rn\u00e4mliga &#8221;kyrkguiden&#8221; och nu [&hellip;]<\/p>\n","protected":false},"author":392,"featured_media":0,"comment_status":"open","ping_status":"open","sticky":false,"template":"","format":"standard","meta":{"_acf_changed":false,"footnotes":""},"categories":[76766,76189,8252],"tags":[],"class_list":["post-125","post","type-post","status-publish","format-standard","hentry","category-blandat","category-dagens-kyrka","category-kyrkoaret"],"acf":[],"yoast_head":"<!-- This site is optimized with the Yoast SEO plugin v27.1.1 - https:\/\/yoast.com\/product\/yoast-seo-wordpress\/ -->\n<title>En kyrklig app om kyrko\u00e5ret - Vandra V\u00e4gen<\/title>\n<meta name=\"robots\" content=\"index, follow, max-snippet:-1, max-image-preview:large, max-video-preview:-1\" \/>\n<link rel=\"canonical\" href=\"https:\/\/blogg.svenskakyrkan.se\/vandravagen\/2014\/03\/17\/en-kyrklig-app-om-kyrkoaret\/\" \/>\n<meta property=\"og:locale\" content=\"sv_SE\" \/>\n<meta property=\"og:type\" content=\"article\" \/>\n<meta property=\"og:title\" content=\"En kyrklig app om kyrko\u00e5ret - Vandra V\u00e4gen\" \/>\n<meta property=\"og:description\" content=\"Kyrko\u00e5rsappens logga, en snygg cirkel. F\u00f6r den som \u00e4r m\u00e5ttligt insyltad i kyrkliga grejer kanske det \u00e4r en \u00f6verraskning att det ens finns n\u00e5got s\u00e5dant som kyrkliga appar. K\u00f6r inte vi med stentavlor och stenciler eller n\u00e5t? Jag har skrivit en del tidigare h\u00e4r och tipsat om appar, till exempel den f\u00f6rn\u00e4mliga &#8221;kyrkguiden&#8221; och nu [&hellip;]\" \/>\n<meta property=\"og:url\" content=\"https:\/\/blogg.svenskakyrkan.se\/vandravagen\/2014\/03\/17\/en-kyrklig-app-om-kyrkoaret\/\" \/>\n<meta property=\"og:site_name\" content=\"Vandra V\u00e4gen\" \/>\n<meta property=\"article:publisher\" content=\"http:\/\/facebook.com\/vandravagen\" \/>\n<meta property=\"article:published_time\" content=\"2014-03-17T08:47:00+00:00\" \/>\n<meta property=\"og:image\" content=\"http:\/\/2.bp.blogspot.com\/-Rq69RjBTHvo\/UyakrB5OccI\/AAAAAAAAHL4\/93VnngOfyXk\/s1600\/Ska%CC%88rmavbild+2014-03-17+kl.+08.30.31.png\" \/>\n<meta name=\"author\" content=\"Tomas Jarvid\" \/>\n<meta name=\"twitter:card\" content=\"summary_large_image\" \/>\n<meta name=\"twitter:creator\" content=\"@fadertomas\" \/>\n<meta name=\"twitter:site\" content=\"@fadertomas\" \/>\n<meta name=\"twitter:label1\" content=\"Skriven av\" \/>\n\t<meta name=\"twitter:data1\" content=\"Tomas Jarvid\" \/>\n\t<meta name=\"twitter:label2\" content=\"Ber\u00e4knad l\u00e4stid\" \/>\n\t<meta name=\"twitter:data2\" content=\"2 minuter\" \/>\n<script type=\"application\/ld+json\" class=\"yoast-schema-graph\">{\"@context\":\"https:\/\/schema.org\",\"@graph\":[{\"@type\":\"Article\",\"@id\":\"https:\/\/blogg.svenskakyrkan.se\/vandravagen\/2014\/03\/17\/en-kyrklig-app-om-kyrkoaret\/#article\",\"isPartOf\":{\"@id\":\"https:\/\/blogg.svenskakyrkan.se\/vandravagen\/2014\/03\/17\/en-kyrklig-app-om-kyrkoaret\/\"},\"author\":{\"name\":\"Tomas Jarvid\",\"@id\":\"https:\/\/blogg.svenskakyrkan.se\/vandravagen\/#\/schema\/person\/25da02d4f76b137d04291711e2c9fc16\"},\"headline\":\"En kyrklig app om kyrko\u00e5ret\",\"datePublished\":\"2014-03-17T08:47:00+00:00\",\"mainEntityOfPage\":{\"@id\":\"https:\/\/blogg.svenskakyrkan.se\/vandravagen\/2014\/03\/17\/en-kyrklig-app-om-kyrkoaret\/\"},\"wordCount\":446,\"commentCount\":0,\"publisher\":{\"@id\":\"https:\/\/blogg.svenskakyrkan.se\/vandravagen\/#organization\"},\"image\":{\"@id\":\"https:\/\/blogg.svenskakyrkan.se\/vandravagen\/2014\/03\/17\/en-kyrklig-app-om-kyrkoaret\/#primaryimage\"},\"thumbnailUrl\":\"http:\/\/2.bp.blogspot.com\/-Rq69RjBTHvo\/UyakrB5OccI\/AAAAAAAAHL4\/93VnngOfyXk\/s1600\/Ska%CC%88rmavbild+2014-03-17+kl.+08.30.31.png\",\"articleSection\":[\"blandat\",\"Dagens Kyrka\",\"kyrko\u00e5ret\"],\"inLanguage\":\"sv-SE\",\"potentialAction\":[{\"@type\":\"CommentAction\",\"name\":\"Comment\",\"target\":[\"https:\/\/blogg.svenskakyrkan.se\/vandravagen\/2014\/03\/17\/en-kyrklig-app-om-kyrkoaret\/#respond\"]}]},{\"@type\":\"WebPage\",\"@id\":\"https:\/\/blogg.svenskakyrkan.se\/vandravagen\/2014\/03\/17\/en-kyrklig-app-om-kyrkoaret\/\",\"url\":\"https:\/\/blogg.svenskakyrkan.se\/vandravagen\/2014\/03\/17\/en-kyrklig-app-om-kyrkoaret\/\",\"name\":\"En kyrklig app om kyrko\u00e5ret - Vandra V\u00e4gen\",\"isPartOf\":{\"@id\":\"https:\/\/blogg.svenskakyrkan.se\/vandravagen\/#website\"},\"primaryImageOfPage\":{\"@id\":\"https:\/\/blogg.svenskakyrkan.se\/vandravagen\/2014\/03\/17\/en-kyrklig-app-om-kyrkoaret\/#primaryimage\"},\"image\":{\"@id\":\"https:\/\/blogg.svenskakyrkan.se\/vandravagen\/2014\/03\/17\/en-kyrklig-app-om-kyrkoaret\/#primaryimage\"},\"thumbnailUrl\":\"http:\/\/2.bp.blogspot.com\/-Rq69RjBTHvo\/UyakrB5OccI\/AAAAAAAAHL4\/93VnngOfyXk\/s1600\/Ska%CC%88rmavbild+2014-03-17+kl.+08.30.31.png\",\"datePublished\":\"2014-03-17T08:47:00+00:00\",\"breadcrumb\":{\"@id\":\"https:\/\/blogg.svenskakyrkan.se\/vandravagen\/2014\/03\/17\/en-kyrklig-app-om-kyrkoaret\/#breadcrumb\"},\"inLanguage\":\"sv-SE\",\"potentialAction\":[{\"@type\":\"ReadAction\",\"target\":[\"https:\/\/blogg.svenskakyrkan.se\/vandravagen\/2014\/03\/17\/en-kyrklig-app-om-kyrkoaret\/\"]}]},{\"@type\":\"ImageObject\",\"inLanguage\":\"sv-SE\",\"@id\":\"https:\/\/blogg.svenskakyrkan.se\/vandravagen\/2014\/03\/17\/en-kyrklig-app-om-kyrkoaret\/#primaryimage\",\"url\":\"http:\/\/2.bp.blogspot.com\/-Rq69RjBTHvo\/UyakrB5OccI\/AAAAAAAAHL4\/93VnngOfyXk\/s1600\/Ska%CC%88rmavbild+2014-03-17+kl.+08.30.31.png\",\"contentUrl\":\"http:\/\/2.bp.blogspot.com\/-Rq69RjBTHvo\/UyakrB5OccI\/AAAAAAAAHL4\/93VnngOfyXk\/s1600\/Ska%CC%88rmavbild+2014-03-17+kl.+08.30.31.png\"},{\"@type\":\"BreadcrumbList\",\"@id\":\"https:\/\/blogg.svenskakyrkan.se\/vandravagen\/2014\/03\/17\/en-kyrklig-app-om-kyrkoaret\/#breadcrumb\",\"itemListElement\":[{\"@type\":\"ListItem\",\"position\":1,\"name\":\"Hem\",\"item\":\"https:\/\/blogg.svenskakyrkan.se\/vandravagen\/\"},{\"@type\":\"ListItem\",\"position\":2,\"name\":\"En kyrklig app om kyrko\u00e5ret\"}]},{\"@type\":\"WebSite\",\"@id\":\"https:\/\/blogg.svenskakyrkan.se\/vandravagen\/#website\",\"url\":\"https:\/\/blogg.svenskakyrkan.se\/vandravagen\/\",\"name\":\"Vandra V\u00e4gen\",\"description\":\"-Mot en tro f\u00f6r hela livet\",\"publisher\":{\"@id\":\"https:\/\/blogg.svenskakyrkan.se\/vandravagen\/#organization\"},\"potentialAction\":[{\"@type\":\"SearchAction\",\"target\":{\"@type\":\"EntryPoint\",\"urlTemplate\":\"https:\/\/blogg.svenskakyrkan.se\/vandravagen\/?s={search_term_string}\"},\"query-input\":{\"@type\":\"PropertyValueSpecification\",\"valueRequired\":true,\"valueName\":\"search_term_string\"}}],\"inLanguage\":\"sv-SE\"},{\"@type\":\"Organization\",\"@id\":\"https:\/\/blogg.svenskakyrkan.se\/vandravagen\/#organization\",\"name\":\"ulricehamns pastorat\",\"alternateName\":\"ulricehamns pastorat\",\"url\":\"https:\/\/blogg.svenskakyrkan.se\/vandravagen\/\",\"logo\":{\"@type\":\"ImageObject\",\"inLanguage\":\"sv-SE\",\"@id\":\"https:\/\/blogg.svenskakyrkan.se\/vandravagen\/#\/schema\/logo\/image\/\",\"url\":\"https:\/\/blogg.svenskakyrkan.se\/vandravagen\/files\/2023\/05\/Ulr_logo_RGB.png\",\"contentUrl\":\"https:\/\/blogg.svenskakyrkan.se\/vandravagen\/files\/2023\/05\/Ulr_logo_RGB.png\",\"width\":205,\"height\":77,\"caption\":\"ulricehamns pastorat\"},\"image\":{\"@id\":\"https:\/\/blogg.svenskakyrkan.se\/vandravagen\/#\/schema\/logo\/image\/\"},\"sameAs\":[\"http:\/\/facebook.com\/vandravagen\",\"https:\/\/x.com\/fadertomas\",\"http:\/\/www.facebook.com\/svenskakyrkaniulricehamn\"]},{\"@type\":\"Person\",\"@id\":\"https:\/\/blogg.svenskakyrkan.se\/vandravagen\/#\/schema\/person\/25da02d4f76b137d04291711e2c9fc16\",\"name\":\"Tomas Jarvid\",\"image\":{\"@type\":\"ImageObject\",\"inLanguage\":\"sv-SE\",\"@id\":\"https:\/\/blogg.svenskakyrkan.se\/vandravagen\/#\/schema\/person\/image\/\",\"url\":\"https:\/\/secure.gravatar.com\/avatar\/7fa71899795e8f540f615a1f5ab25255dc27aa40f05ee7ddd21aac521e01bf50?s=96&d=identicon&r=g\",\"contentUrl\":\"https:\/\/secure.gravatar.com\/avatar\/7fa71899795e8f540f615a1f5ab25255dc27aa40f05ee7ddd21aac521e01bf50?s=96&d=identicon&r=g\",\"caption\":\"Tomas Jarvid\"},\"description\":\"Jag bor i Ulricehamn i V\u00e4sterg\u00f6tland och \u00e4r f\u00f6rsamlingspr\u00e4st i Svenska Kyrkan f\u00f6r Dalstorps f\u00f6rsamling i Kinds pastorat. P\u00e5 den h\u00e4r bloggen skriver jag ner tankar om vandringen som kristen.\",\"sameAs\":[\"http:\/\/www.vandravagen.se\"],\"url\":\"https:\/\/blogg.svenskakyrkan.se\/vandravagen\/author\/vandravagen\/\"}]}<\/script>\n<!-- \/ Yoast SEO plugin. -->","yoast_head_json":{"title":"En kyrklig app om kyrko\u00e5ret - Vandra V\u00e4gen","robots":{"index":"index","follow":"follow","max-snippet":"max-snippet:-1","max-image-preview":"max-image-preview:large","max-video-preview":"max-video-preview:-1"},"canonical":"https:\/\/blogg.svenskakyrkan.se\/vandravagen\/2014\/03\/17\/en-kyrklig-app-om-kyrkoaret\/","og_locale":"sv_SE","og_type":"article","og_title":"En kyrklig app om kyrko\u00e5ret - Vandra V\u00e4gen","og_description":"Kyrko\u00e5rsappens logga, en snygg cirkel. F\u00f6r den som \u00e4r m\u00e5ttligt insyltad i kyrkliga grejer kanske det \u00e4r en \u00f6verraskning att det ens finns n\u00e5got s\u00e5dant som kyrkliga appar. K\u00f6r inte vi med stentavlor och stenciler eller n\u00e5t? Jag har skrivit en del tidigare h\u00e4r och tipsat om appar, till exempel den f\u00f6rn\u00e4mliga &#8221;kyrkguiden&#8221; och nu [&hellip;]","og_url":"https:\/\/blogg.svenskakyrkan.se\/vandravagen\/2014\/03\/17\/en-kyrklig-app-om-kyrkoaret\/","og_site_name":"Vandra V\u00e4gen","article_publisher":"http:\/\/facebook.com\/vandravagen","article_published_time":"2014-03-17T08:47:00+00:00","og_image":[{"url":"http:\/\/2.bp.blogspot.com\/-Rq69RjBTHvo\/UyakrB5OccI\/AAAAAAAAHL4\/93VnngOfyXk\/s1600\/Ska%CC%88rmavbild+2014-03-17+kl.+08.30.31.png","type":"","width":"","height":""}],"author":"Tomas Jarvid","twitter_card":"summary_large_image","twitter_creator":"@fadertomas","twitter_site":"@fadertomas","twitter_misc":{"Skriven av":"Tomas Jarvid","Ber\u00e4knad l\u00e4stid":"2 minuter"},"schema":{"@context":"https:\/\/schema.org","@graph":[{"@type":"Article","@id":"https:\/\/blogg.svenskakyrkan.se\/vandravagen\/2014\/03\/17\/en-kyrklig-app-om-kyrkoaret\/#article","isPartOf":{"@id":"https:\/\/blogg.svenskakyrkan.se\/vandravagen\/2014\/03\/17\/en-kyrklig-app-om-kyrkoaret\/"},"author":{"name":"Tomas Jarvid","@id":"https:\/\/blogg.svenskakyrkan.se\/vandravagen\/#\/schema\/person\/25da02d4f76b137d04291711e2c9fc16"},"headline":"En kyrklig app om kyrko\u00e5ret","datePublished":"2014-03-17T08:47:00+00:00","mainEntityOfPage":{"@id":"https:\/\/blogg.svenskakyrkan.se\/vandravagen\/2014\/03\/17\/en-kyrklig-app-om-kyrkoaret\/"},"wordCount":446,"commentCount":0,"publisher":{"@id":"https:\/\/blogg.svenskakyrkan.se\/vandravagen\/#organization"},"image":{"@id":"https:\/\/blogg.svenskakyrkan.se\/vandravagen\/2014\/03\/17\/en-kyrklig-app-om-kyrkoaret\/#primaryimage"},"thumbnailUrl":"http:\/\/2.bp.blogspot.com\/-Rq69RjBTHvo\/UyakrB5OccI\/AAAAAAAAHL4\/93VnngOfyXk\/s1600\/Ska%CC%88rmavbild+2014-03-17+kl.+08.30.31.png","articleSection":["blandat","Dagens Kyrka","kyrko\u00e5ret"],"inLanguage":"sv-SE","potentialAction":[{"@type":"CommentAction","name":"Comment","target":["https:\/\/blogg.svenskakyrkan.se\/vandravagen\/2014\/03\/17\/en-kyrklig-app-om-kyrkoaret\/#respond"]}]},{"@type":"WebPage","@id":"https:\/\/blogg.svenskakyrkan.se\/vandravagen\/2014\/03\/17\/en-kyrklig-app-om-kyrkoaret\/","url":"https:\/\/blogg.svenskakyrkan.se\/vandravagen\/2014\/03\/17\/en-kyrklig-app-om-kyrkoaret\/","name":"En kyrklig app om kyrko\u00e5ret - Vandra V\u00e4gen","isPartOf":{"@id":"https:\/\/blogg.svenskakyrkan.se\/vandravagen\/#website"},"primaryImageOfPage":{"@id":"https:\/\/blogg.svenskakyrkan.se\/vandravagen\/2014\/03\/17\/en-kyrklig-app-om-kyrkoaret\/#primaryimage"},"image":{"@id":"https:\/\/blogg.svenskakyrkan.se\/vandravagen\/2014\/03\/17\/en-kyrklig-app-om-kyrkoaret\/#primaryimage"},"thumbnailUrl":"http:\/\/2.bp.blogspot.com\/-Rq69RjBTHvo\/UyakrB5OccI\/AAAAAAAAHL4\/93VnngOfyXk\/s1600\/Ska%CC%88rmavbild+2014-03-17+kl.+08.30.31.png","datePublished":"2014-03-17T08:47:00+00:00","breadcrumb":{"@id":"https:\/\/blogg.svenskakyrkan.se\/vandravagen\/2014\/03\/17\/en-kyrklig-app-om-kyrkoaret\/#breadcrumb"},"inLanguage":"sv-SE","potentialAction":[{"@type":"ReadAction","target":["https:\/\/blogg.svenskakyrkan.se\/vandravagen\/2014\/03\/17\/en-kyrklig-app-om-kyrkoaret\/"]}]},{"@type":"ImageObject","inLanguage":"sv-SE","@id":"https:\/\/blogg.svenskakyrkan.se\/vandravagen\/2014\/03\/17\/en-kyrklig-app-om-kyrkoaret\/#primaryimage","url":"http:\/\/2.bp.blogspot.com\/-Rq69RjBTHvo\/UyakrB5OccI\/AAAAAAAAHL4\/93VnngOfyXk\/s1600\/Ska%CC%88rmavbild+2014-03-17+kl.+08.30.31.png","contentUrl":"http:\/\/2.bp.blogspot.com\/-Rq69RjBTHvo\/UyakrB5OccI\/AAAAAAAAHL4\/93VnngOfyXk\/s1600\/Ska%CC%88rmavbild+2014-03-17+kl.+08.30.31.png"},{"@type":"BreadcrumbList","@id":"https:\/\/blogg.svenskakyrkan.se\/vandravagen\/2014\/03\/17\/en-kyrklig-app-om-kyrkoaret\/#breadcrumb","itemListElement":[{"@type":"ListItem","position":1,"name":"Hem","item":"https:\/\/blogg.svenskakyrkan.se\/vandravagen\/"},{"@type":"ListItem","position":2,"name":"En kyrklig app om kyrko\u00e5ret"}]},{"@type":"WebSite","@id":"https:\/\/blogg.svenskakyrkan.se\/vandravagen\/#website","url":"https:\/\/blogg.svenskakyrkan.se\/vandravagen\/","name":"Vandra V\u00e4gen","description":"-Mot en tro f\u00f6r hela livet","publisher":{"@id":"https:\/\/blogg.svenskakyrkan.se\/vandravagen\/#organization"},"potentialAction":[{"@type":"SearchAction","target":{"@type":"EntryPoint","urlTemplate":"https:\/\/blogg.svenskakyrkan.se\/vandravagen\/?s={search_term_string}"},"query-input":{"@type":"PropertyValueSpecification","valueRequired":true,"valueName":"search_term_string"}}],"inLanguage":"sv-SE"},{"@type":"Organization","@id":"https:\/\/blogg.svenskakyrkan.se\/vandravagen\/#organization","name":"ulricehamns pastorat","alternateName":"ulricehamns pastorat","url":"https:\/\/blogg.svenskakyrkan.se\/vandravagen\/","logo":{"@type":"ImageObject","inLanguage":"sv-SE","@id":"https:\/\/blogg.svenskakyrkan.se\/vandravagen\/#\/schema\/logo\/image\/","url":"https:\/\/blogg.svenskakyrkan.se\/vandravagen\/files\/2023\/05\/Ulr_logo_RGB.png","contentUrl":"https:\/\/blogg.svenskakyrkan.se\/vandravagen\/files\/2023\/05\/Ulr_logo_RGB.png","width":205,"height":77,"caption":"ulricehamns pastorat"},"image":{"@id":"https:\/\/blogg.svenskakyrkan.se\/vandravagen\/#\/schema\/logo\/image\/"},"sameAs":["http:\/\/facebook.com\/vandravagen","https:\/\/x.com\/fadertomas","http:\/\/www.facebook.com\/svenskakyrkaniulricehamn"]},{"@type":"Person","@id":"https:\/\/blogg.svenskakyrkan.se\/vandravagen\/#\/schema\/person\/25da02d4f76b137d04291711e2c9fc16","name":"Tomas Jarvid","image":{"@type":"ImageObject","inLanguage":"sv-SE","@id":"https:\/\/blogg.svenskakyrkan.se\/vandravagen\/#\/schema\/person\/image\/","url":"https:\/\/secure.gravatar.com\/avatar\/7fa71899795e8f540f615a1f5ab25255dc27aa40f05ee7ddd21aac521e01bf50?s=96&d=identicon&r=g","contentUrl":"https:\/\/secure.gravatar.com\/avatar\/7fa71899795e8f540f615a1f5ab25255dc27aa40f05ee7ddd21aac521e01bf50?s=96&d=identicon&r=g","caption":"Tomas Jarvid"},"description":"Jag bor i Ulricehamn i V\u00e4sterg\u00f6tland och \u00e4r f\u00f6rsamlingspr\u00e4st i Svenska Kyrkan f\u00f6r Dalstorps f\u00f6rsamling i Kinds pastorat. P\u00e5 den h\u00e4r bloggen skriver jag ner tankar om vandringen som kristen.","sameAs":["http:\/\/www.vandravagen.se"],"url":"https:\/\/blogg.svenskakyrkan.se\/vandravagen\/author\/vandravagen\/"}]}},"author_meta":{"ID":"392","user_nicename":"vandravagen","user_url":"http:\/\/www.vandravagen.se","user_registered":"2014-05-19 05:44:52","display_name":"Tomas Jarvid","first_name":"Tomas","last_name":"Jarvid","avatar":"https:\/\/secure.gravatar.com\/avatar\/7fa71899795e8f540f615a1f5ab25255dc27aa40f05ee7ddd21aac521e01bf50?s=96&d=identicon&r=g"},"featured_image":false,"bloginfo":{"name":"Vandra V\u00e4gen","url":"https:\/\/blogg.svenskakyrkan.se\/vandravagen"},"_links":{"self":[{"href":"https:\/\/blogg.svenskakyrkan.se\/vandravagen\/wp-json\/wp\/v2\/posts\/125","targetHints":{"allow":["GET"]}}],"collection":[{"href":"https:\/\/blogg.svenskakyrkan.se\/vandravagen\/wp-json\/wp\/v2\/posts"}],"about":[{"href":"https:\/\/blogg.svenskakyrkan.se\/vandravagen\/wp-json\/wp\/v2\/types\/post"}],"author":[{"embeddable":true,"href":"https:\/\/blogg.svenskakyrkan.se\/vandravagen\/wp-json\/wp\/v2\/users\/392"}],"replies":[{"embeddable":true,"href":"https:\/\/blogg.svenskakyrkan.se\/vandravagen\/wp-json\/wp\/v2\/comments?post=125"}],"version-history":[{"count":0,"href":"https:\/\/blogg.svenskakyrkan.se\/vandravagen\/wp-json\/wp\/v2\/posts\/125\/revisions"}],"wp:attachment":[{"href":"https:\/\/blogg.svenskakyrkan.se\/vandravagen\/wp-json\/wp\/v2\/media?parent=125"}],"wp:term":[{"taxonomy":"category","embeddable":true,"href":"https:\/\/blogg.svenskakyrkan.se\/vandravagen\/wp-json\/wp\/v2\/categories?post=125"},{"taxonomy":"post_tag","embeddable":true,"href":"https:\/\/blogg.svenskakyrkan.se\/vandravagen\/wp-json\/wp\/v2\/tags?post=125"}],"curies":[{"name":"wp","href":"https:\/\/api.w.org\/{rel}","templated":true}]}}