{"id":129,"date":"2014-03-13T08:00:00","date_gmt":"2014-03-13T07:00:00","guid":{"rendered":"http:\/\/blogg.svenskakyrkan.se\/vandravagen\/2014\/03\/13\/veckans-samlade-favoriter-fran-twitter\/"},"modified":"2014-03-13T08:00:00","modified_gmt":"2014-03-13T07:00:00","slug":"veckans-samlade-favoriter-fran-twitter","status":"publish","type":"post","link":"https:\/\/blogg.svenskakyrkan.se\/vandravagen\/2014\/03\/13\/veckans-samlade-favoriter-fran-twitter\/","title":{"rendered":"Veckans samlade favoriter fr\u00e5n twitter"},"content":{"rendered":"<table align=\"center\" cellpadding=\"0\" cellspacing=\"0\">\n<tbody>\n<tr>\n<td><a href=\"http:\/\/1.bp.blogspot.com\/-iGFAKpj2j6I\/UyDTSsxKiSI\/AAAAAAAAHKk\/GihtaQArEgs\/s1600\/svamp.jpg\"><img loading=\"lazy\" decoding=\"async\" border=\"0\" src=\"http:\/\/1.bp.blogspot.com\/-iGFAKpj2j6I\/UyDTSsxKiSI\/AAAAAAAAHKk\/GihtaQArEgs\/s1600\/svamp.jpg\" height=\"480\" width=\"640\"><\/a><\/td>\n<\/tr>\n<tr>\n<td>En stor och r\u00f6d svamp i skogen. Ville bara visa den f\u00f6r jag tycker den \u00e4r h\u00e4ftig!<\/td>\n<\/tr>\n<\/tbody>\n<\/table>\n<div><\/div>\n<div>En st\u00e5ende punkt p\u00e5 Vandra V\u00e4gen \u00e4r favorittweetsen. Det vet du f\u00f6rst\u00e5s om du f\u00f6ljt bloggen l\u00e4nge men det kommer ju en del nya l\u00e4sare nu i och med #blogg100-utmaningen s\u00e5 jag skriver n\u00e5got om det \u00e4nd\u00e5. Det finns s\u00e5 mycket fantastiskt som skrivs och som f\u00f6rtj\u00e4nar en andra titt, d\u00e4rf\u00f6r tycker jag om att backa tillbaka genom mina favoritmarkeringar och dela de b\u00e4sta vidare. \u00a0Du m\u00e4rker snart att jag f\u00f6ljer r\u00e4tt mycket d\u00f6da gubbar p\u00e5 twitter&#8230;<\/div>\n<div><\/div>\n<div>I vanligt ordning har jag f\u00f6rs\u00f6kt sortera dem i lite olika h\u00f6gar. S\u00e5dant som har mer &#8221;andlig&#8221; inriktning, allm\u00e4nna klokheten och allm\u00e4nna tokigheter. I dag har vi en miniavdelning f\u00f6r fastan ocks\u00e5. H\u00e5ll tillgodo!<\/div>\n<div><\/div>\n<div><\/div>\n<div><b>Kristna (?) tweets<\/b><\/div>\n<div><\/div>\n<div><\/div>\n<div>DET H\u00c4R kallar jag Luther-citat:<\/div>\n<div><a href=\"http:\/\/4.bp.blogspot.com\/-QpY-e1C4L6E\/UyDSzBnR2tI\/AAAAAAAAHHg\/ZkAQmaupSnc\/s1600\/Ska%CC%88rmavbild+2014-03-12+kl.+22.12.53.png\"><img loading=\"lazy\" decoding=\"async\" border=\"0\" src=\"http:\/\/4.bp.blogspot.com\/-QpY-e1C4L6E\/UyDSzBnR2tI\/AAAAAAAAHHg\/ZkAQmaupSnc\/s1600\/Ska%CC%88rmavbild+2014-03-12+kl.+22.12.53.png\" height=\"65\" width=\"400\"><\/a><\/div>\n<div><\/div>\n<div><\/div>\n<div><a href=\"http:\/\/1.bp.blogspot.com\/-_9hhIzlz_JI\/UyDS1lMYY8I\/AAAAAAAAHII\/SasEDsNrQhU\/s1600\/Ska%CC%88rmavbild+2014-03-12+kl.+22.13.07.png\"><img loading=\"lazy\" decoding=\"async\" border=\"0\" src=\"http:\/\/1.bp.blogspot.com\/-_9hhIzlz_JI\/UyDS1lMYY8I\/AAAAAAAAHII\/SasEDsNrQhU\/s1600\/Ska%CC%88rmavbild+2014-03-12+kl.+22.13.07.png\" height=\"52\" width=\"400\"><\/a><\/div>\n<div><\/div>\n<div><\/div>\n<div><a href=\"http:\/\/2.bp.blogspot.com\/-deFJpwjxbXI\/UyDS6mC7KRI\/AAAAAAAAHJE\/NXd6tfjjcJM\/s1600\/Ska%CC%88rmavbild+2014-03-12+kl.+22.23.06.png\"><img loading=\"lazy\" decoding=\"async\" border=\"0\" src=\"http:\/\/2.bp.blogspot.com\/-deFJpwjxbXI\/UyDS6mC7KRI\/AAAAAAAAHJE\/NXd6tfjjcJM\/s1600\/Ska%CC%88rmavbild+2014-03-12+kl.+22.23.06.png\" height=\"63\" width=\"400\"><\/a><\/div>\n<div><\/div>\n<div><\/div>\n<div><a href=\"http:\/\/1.bp.blogspot.com\/-z8uxP4O3Ua4\/UyDSzGLYpnI\/AAAAAAAAHHc\/9Hm5aVy87Yc\/s1600\/Ska%CC%88rmavbild+2014-03-12+kl.+22.12.42.png\"><img loading=\"lazy\" decoding=\"async\" border=\"0\" src=\"http:\/\/1.bp.blogspot.com\/-z8uxP4O3Ua4\/UyDSzGLYpnI\/AAAAAAAAHHc\/9Hm5aVy87Yc\/s1600\/Ska%CC%88rmavbild+2014-03-12+kl.+22.12.42.png\" height=\"55\" width=\"400\"><\/a><\/div>\n<div><a href=\"http:\/\/4.bp.blogspot.com\/-owa4moTG6ko\/UyDS0MecbTI\/AAAAAAAAHHw\/NMB8Ei9hocw\/s1600\/Ska%CC%88rmavbild+2014-03-12+kl.+22.15.52.png\"><img loading=\"lazy\" decoding=\"async\" border=\"0\" src=\"http:\/\/4.bp.blogspot.com\/-owa4moTG6ko\/UyDS0MecbTI\/AAAAAAAAHHw\/NMB8Ei9hocw\/s1600\/Ska%CC%88rmavbild+2014-03-12+kl.+22.15.52.png\" height=\"90\" width=\"400\"><\/a><\/div>\n<div><\/div>\n<div><\/div>\n<div>(det h\u00e4r har jag skrivit om, om &#8221;<a href=\"http:\/\/www.vandravagen.se\/2013\/10\/det-godas-problem.html\">det godas problem<\/a>&#8221;)<\/div>\n<div><a href=\"http:\/\/4.bp.blogspot.com\/-cBrxf3SDyrc\/UyDS026lFwI\/AAAAAAAAHH4\/MNuR7fcuH8w\/s1600\/Ska%CC%88rmavbild+2014-03-12+kl.+22.16.43.png\"><img loading=\"lazy\" decoding=\"async\" border=\"0\" src=\"http:\/\/4.bp.blogspot.com\/-cBrxf3SDyrc\/UyDS026lFwI\/AAAAAAAAHH4\/MNuR7fcuH8w\/s1600\/Ska%CC%88rmavbild+2014-03-12+kl.+22.16.43.png\" height=\"66\" width=\"400\"><\/a><\/div>\n<div><\/div>\n<div><\/div>\n<div><a href=\"http:\/\/1.bp.blogspot.com\/-zYwlxeoo-VQ\/UyDS3twBPPI\/AAAAAAAAHIY\/tHu3xWLQLO0\/s1600\/Ska%CC%88rmavbild+2014-03-12+kl.+22.17.22.png\"><img loading=\"lazy\" decoding=\"async\" border=\"0\" src=\"http:\/\/1.bp.blogspot.com\/-zYwlxeoo-VQ\/UyDS3twBPPI\/AAAAAAAAHIY\/tHu3xWLQLO0\/s1600\/Ska%CC%88rmavbild+2014-03-12+kl.+22.17.22.png\" height=\"63\" width=\"400\"><\/a><\/div>\n<\/p>\n<div><\/div>\n<div>Tr\u00e4ffande!<\/div>\n<div><a href=\"http:\/\/4.bp.blogspot.com\/-Ls90FVgJ6bM\/UyDTAsnz-II\/AAAAAAAAHKc\/sGYTyY5WljA\/s1600\/Ska%CC%88rmavbild+2014-03-12+kl.+22.28.15.png\"><img loading=\"lazy\" decoding=\"async\" border=\"0\" src=\"http:\/\/4.bp.blogspot.com\/-Ls90FVgJ6bM\/UyDTAsnz-II\/AAAAAAAAHKc\/sGYTyY5WljA\/s1600\/Ska%CC%88rmavbild+2014-03-12+kl.+22.28.15.png\" height=\"65\" width=\"400\"><\/a><\/div>\n<div><\/div>\n<div><\/div>\n<div><b>Fastetweets<\/b><\/div>\n<div><\/div>\n<div><a href=\"http:\/\/4.bp.blogspot.com\/-Mrw7NdQEwIs\/UyDS5PvrWhI\/AAAAAAAAHI0\/RzOM6HhiGh4\/s1600\/Ska%CC%88rmavbild+2014-03-12+kl.+22.21.58.png\"><img loading=\"lazy\" decoding=\"async\" border=\"0\" src=\"http:\/\/4.bp.blogspot.com\/-Mrw7NdQEwIs\/UyDS5PvrWhI\/AAAAAAAAHI0\/RzOM6HhiGh4\/s1600\/Ska%CC%88rmavbild+2014-03-12+kl.+22.21.58.png\" height=\"67\" width=\"400\"><\/a><\/div>\n<div><\/div>\n<div><\/div>\n<div><a href=\"http:\/\/1.bp.blogspot.com\/--O8Q_B2Kt6Q\/UyDS7AhCziI\/AAAAAAAAHJI\/BYW2mKdIETY\/s1600\/Ska%CC%88rmavbild+2014-03-12+kl.+22.21.02.png\"><img loading=\"lazy\" decoding=\"async\" border=\"0\" src=\"http:\/\/1.bp.blogspot.com\/--O8Q_B2Kt6Q\/UyDS7AhCziI\/AAAAAAAAHJI\/BYW2mKdIETY\/s1600\/Ska%CC%88rmavbild+2014-03-12+kl.+22.21.02.png\" height=\"52\" width=\"400\"><\/a><\/div>\n<div>(eller som jag brukar s\u00e4ga: i \u00e5r fastar jag fr\u00e5n ansvar&#8230;)<\/div>\n<div><\/div>\n<div><\/div>\n<div><a href=\"http:\/\/2.bp.blogspot.com\/-cR-4rijGE2A\/UyDS8ifA2EI\/AAAAAAAAHJg\/CtjUniW0Xqc\/s1600\/Ska%CC%88rmavbild+2014-03-12+kl.+22.25.27.png\"><img loading=\"lazy\" decoding=\"async\" border=\"0\" src=\"http:\/\/2.bp.blogspot.com\/-cR-4rijGE2A\/UyDS8ifA2EI\/AAAAAAAAHJg\/CtjUniW0Xqc\/s1600\/Ska%CC%88rmavbild+2014-03-12+kl.+22.25.27.png\" height=\"63\" width=\"400\"><\/a><\/div>\n<div><\/div>\n<div><\/div>\n<div><\/div>\n<div><b>Kloka tweets<\/b><\/div>\n<div><b><br \/><\/b><\/div>\n<div><a href=\"http:\/\/2.bp.blogspot.com\/-S7qf7dxkt2U\/UyDS4wK245I\/AAAAAAAAHI4\/ZKdLWBlPVug\/s1600\/Ska%CC%88rmavbild+2014-03-12+kl.+22.18.26.png\"><img loading=\"lazy\" decoding=\"async\" border=\"0\" src=\"http:\/\/2.bp.blogspot.com\/-S7qf7dxkt2U\/UyDS4wK245I\/AAAAAAAAHI4\/ZKdLWBlPVug\/s1600\/Ska%CC%88rmavbild+2014-03-12+kl.+22.18.26.png\" height=\"65\" width=\"400\"><\/a><\/div>\n<div><\/div>\n<div><\/div>\n<div><a href=\"http:\/\/1.bp.blogspot.com\/-UbQyrPVqwhw\/UyDS20ie_UI\/AAAAAAAAHIU\/UEPEv3jy18w\/s1600\/Ska%CC%88rmavbild+2014-03-12+kl.+22.19.07.png\"><img loading=\"lazy\" decoding=\"async\" border=\"0\" src=\"http:\/\/1.bp.blogspot.com\/-UbQyrPVqwhw\/UyDS20ie_UI\/AAAAAAAAHIU\/UEPEv3jy18w\/s1600\/Ska%CC%88rmavbild+2014-03-12+kl.+22.19.07.png\" height=\"66\" width=\"400\"><\/a><\/div>\n<div><\/div>\n<div><\/div>\n<div><a href=\"http:\/\/3.bp.blogspot.com\/-YAvTnWt_Yj4\/UyDS308Y5-I\/AAAAAAAAHIg\/xxNOtEnTv0w\/s1600\/Ska%CC%88rmavbild+2014-03-12+kl.+22.19.22.png\"><img loading=\"lazy\" decoding=\"async\" border=\"0\" src=\"http:\/\/3.bp.blogspot.com\/-YAvTnWt_Yj4\/UyDS308Y5-I\/AAAAAAAAHIg\/xxNOtEnTv0w\/s1600\/Ska%CC%88rmavbild+2014-03-12+kl.+22.19.22.png\" height=\"66\" width=\"400\"><\/a><\/div>\n<div><\/div>\n<div><\/div>\n<div><a href=\"http:\/\/4.bp.blogspot.com\/-LywCIos00DM\/UyDS8bDhfVI\/AAAAAAAAHJw\/3EnMA8rMTDQ\/s1600\/Ska%CC%88rmavbild+2014-03-12+kl.+22.22.55.png\"><img loading=\"lazy\" decoding=\"async\" border=\"0\" src=\"http:\/\/4.bp.blogspot.com\/-LywCIos00DM\/UyDS8bDhfVI\/AAAAAAAAHJw\/3EnMA8rMTDQ\/s1600\/Ska%CC%88rmavbild+2014-03-12+kl.+22.22.55.png\" height=\"77\" width=\"400\"><\/a><\/div>\n<div><\/div>\n<div><\/div>\n<div><a href=\"http:\/\/4.bp.blogspot.com\/-A7ScOE-AX40\/UyDS7bXD8tI\/AAAAAAAAHJY\/oI5AbcH-tRE\/s1600\/Ska%CC%88rmavbild+2014-03-12+kl.+22.23.39.png\"><img loading=\"lazy\" decoding=\"async\" border=\"0\" src=\"http:\/\/4.bp.blogspot.com\/-A7ScOE-AX40\/UyDS7bXD8tI\/AAAAAAAAHJY\/oI5AbcH-tRE\/s1600\/Ska%CC%88rmavbild+2014-03-12+kl.+22.23.39.png\" height=\"66\" width=\"400\"><\/a><\/div>\n<div><\/div>\n<div><\/div>\n<div><\/div>\n<div><b>Roliga\/fyndiga\/\u00f6vriga tweets<\/b><\/div>\n<div>Jag brukar inte ha med bildtweets men detta allts\u00e5:<\/div>\n<div><a href=\"http:\/\/3.bp.blogspot.com\/-9X0yoJaNTZg\/UyDSz5_j4rI\/AAAAAAAAHHs\/MIIqGpSpsbA\/s1600\/Ska%CC%88rmavbild+2014-03-12+kl.+22.14.59.png\"><img loading=\"lazy\" decoding=\"async\" border=\"0\" src=\"http:\/\/3.bp.blogspot.com\/-9X0yoJaNTZg\/UyDSz5_j4rI\/AAAAAAAAHHs\/MIIqGpSpsbA\/s1600\/Ska%CC%88rmavbild+2014-03-12+kl.+22.14.59.png\" height=\"252\" width=\"400\"><\/a><\/div>\n<\/p>\n<div><\/div>\n<\/p>\n<div><a href=\"http:\/\/2.bp.blogspot.com\/-w_fhXGKwOEg\/UyDS1nl7ZAI\/AAAAAAAAHIE\/ZfpKkcPM6uM\/s1600\/Ska%CC%88rmavbild+2014-03-12+kl.+22.17.35.png\"><img loading=\"lazy\" decoding=\"async\" border=\"0\" src=\"http:\/\/2.bp.blogspot.com\/-w_fhXGKwOEg\/UyDS1nl7ZAI\/AAAAAAAAHIE\/ZfpKkcPM6uM\/s1600\/Ska%CC%88rmavbild+2014-03-12+kl.+22.17.35.png\" height=\"63\" width=\"400\"><\/a><\/div>\n<\/p>\n<div><\/div>\n<div><a href=\"http:\/\/1.bp.blogspot.com\/-nv5-Dms8uWU\/UyDS4BClfII\/AAAAAAAAHIo\/M8wnjVB9cCs\/s1600\/Ska%CC%88rmavbild+2014-03-12+kl.+22.20.01.png\"><img loading=\"lazy\" decoding=\"async\" border=\"0\" src=\"http:\/\/1.bp.blogspot.com\/-nv5-Dms8uWU\/UyDS4BClfII\/AAAAAAAAHIo\/M8wnjVB9cCs\/s1600\/Ska%CC%88rmavbild+2014-03-12+kl.+22.20.01.png\" height=\"66\" width=\"400\"><\/a><\/div>\n<\/p>\n<div><\/div>\n<\/p>\n<div><a href=\"http:\/\/4.bp.blogspot.com\/-ryzhF7p70qU\/UyDS7qFl7UI\/AAAAAAAAHJU\/_kGR5WjNxJA\/s1600\/Ska%CC%88rmavbild+2014-03-12+kl.+22.24.29.png\"><img loading=\"lazy\" decoding=\"async\" border=\"0\" src=\"http:\/\/4.bp.blogspot.com\/-ryzhF7p70qU\/UyDS7qFl7UI\/AAAAAAAAHJU\/_kGR5WjNxJA\/s1600\/Ska%CC%88rmavbild+2014-03-12+kl.+22.24.29.png\" height=\"52\" width=\"400\"><\/a><\/div>\n<\/p>\n<div><\/div>\n<div><a href=\"http:\/\/3.bp.blogspot.com\/-qkefiUA_1bo\/UyDS-zIDlBI\/AAAAAAAAHKI\/pB10ROQGZUs\/s1600\/Ska%CC%88rmavbild+2014-03-12+kl.+22.24.35.png\"><img loading=\"lazy\" decoding=\"async\" border=\"0\" src=\"http:\/\/3.bp.blogspot.com\/-qkefiUA_1bo\/UyDS-zIDlBI\/AAAAAAAAHKI\/pB10ROQGZUs\/s1600\/Ska%CC%88rmavbild+2014-03-12+kl.+22.24.35.png\" height=\"111\" width=\"400\"><\/a><\/div>\n<\/p>\n<div><\/div>\n<\/p>\n<div><a href=\"http:\/\/4.bp.blogspot.com\/-yvxW7Jyt5XQ\/UyDS9EmIB1I\/AAAAAAAAHJo\/Qh7zLVqJoHA\/s1600\/Ska%CC%88rmavbild+2014-03-12+kl.+22.27.26.png\"><img loading=\"lazy\" decoding=\"async\" border=\"0\" src=\"http:\/\/4.bp.blogspot.com\/-yvxW7Jyt5XQ\/UyDS9EmIB1I\/AAAAAAAAHJo\/Qh7zLVqJoHA\/s1600\/Ska%CC%88rmavbild+2014-03-12+kl.+22.27.26.png\" height=\"62\" width=\"400\"><\/a><\/div>\n<\/p>\n<div><\/div>\n<\/p>\n<div><a href=\"http:\/\/1.bp.blogspot.com\/-p3yNGX3NtR0\/UyDS-j_c_HI\/AAAAAAAAHKE\/ZW2gKhilNBI\/s1600\/Ska%CC%88rmavbild+2014-03-12+kl.+22.28.48.png\"><img loading=\"lazy\" decoding=\"async\" border=\"0\" src=\"http:\/\/1.bp.blogspot.com\/-p3yNGX3NtR0\/UyDS-j_c_HI\/AAAAAAAAHKE\/ZW2gKhilNBI\/s1600\/Ska%CC%88rmavbild+2014-03-12+kl.+22.28.48.png\" height=\"78\" width=\"400\"><\/a><\/div>\n<div><\/div>\n<div><\/div>\n<div>\u00a0Ledarskap a la Henrik den 8e:<\/div>\n<div><a href=\"http:\/\/1.bp.blogspot.com\/-6Zi3w0bp030\/UyDS_XiX6vI\/AAAAAAAAHKQ\/kjgnWOo5m9Y\/s1600\/Ska%CC%88rmavbild+2014-03-12+kl.+22.28.59.png\"><img loading=\"lazy\" decoding=\"async\" border=\"0\" src=\"http:\/\/1.bp.blogspot.com\/-6Zi3w0bp030\/UyDS_XiX6vI\/AAAAAAAAHKQ\/kjgnWOo5m9Y\/s1600\/Ska%CC%88rmavbild+2014-03-12+kl.+22.28.59.png\" height=\"113\" width=\"400\"><\/a><\/div>\n<div><\/div>\n<div><\/div>\n<div><\/div>\n<div><b>Veckans b\u00e4sta tweet<\/b><\/div>\n<div><\/div>\n<div>kommer fr\u00e5n @missfunboard!<\/div>\n<div><a href=\"http:\/\/1.bp.blogspot.com\/-bkWUbqu64MQ\/UyDS9plnTVI\/AAAAAAAAHJ4\/Hk5WHbJzUZE\/s1600\/Ska%CC%88rmavbild+2014-03-12+kl.+22.27.46.png\"><img loading=\"lazy\" decoding=\"async\" border=\"0\" src=\"http:\/\/1.bp.blogspot.com\/-bkWUbqu64MQ\/UyDS9plnTVI\/AAAAAAAAHJ4\/Hk5WHbJzUZE\/s1600\/Ska%CC%88rmavbild+2014-03-12+kl.+22.27.46.png\" height=\"62\" width=\"400\"><\/a><\/div>\n<div><\/div>\n<div>Tack alla!<\/div><\/p>\n","protected":false},"excerpt":{"rendered":"<p>En stor och r\u00f6d svamp i skogen. Ville bara visa den f\u00f6r jag tycker den \u00e4r h\u00e4ftig! En st\u00e5ende punkt p\u00e5 Vandra V\u00e4gen \u00e4r favorittweetsen. Det vet du f\u00f6rst\u00e5s om du f\u00f6ljt bloggen l\u00e4nge men det kommer ju en del nya l\u00e4sare nu i och med #blogg100-utmaningen s\u00e5 jag skriver n\u00e5got om det \u00e4nd\u00e5. Det [&hellip;]<\/p>\n","protected":false},"author":392,"featured_media":0,"comment_status":"open","ping_status":"open","sticky":false,"template":"","format":"standard","meta":{"_acf_changed":false,"footnotes":""},"categories":[78772],"tags":[],"class_list":["post-129","post","type-post","status-publish","format-standard","hentry","category-favorittweets"],"acf":[],"yoast_head":"<!-- This site is optimized with the Yoast SEO plugin v27.1.1 - https:\/\/yoast.com\/product\/yoast-seo-wordpress\/ -->\n<title>Veckans samlade favoriter fr\u00e5n twitter - Vandra V\u00e4gen<\/title>\n<meta name=\"robots\" content=\"index, follow, max-snippet:-1, max-image-preview:large, max-video-preview:-1\" \/>\n<link rel=\"canonical\" href=\"https:\/\/blogg.svenskakyrkan.se\/vandravagen\/2014\/03\/13\/veckans-samlade-favoriter-fran-twitter\/\" \/>\n<meta property=\"og:locale\" content=\"sv_SE\" \/>\n<meta property=\"og:type\" content=\"article\" \/>\n<meta property=\"og:title\" content=\"Veckans samlade favoriter fr\u00e5n twitter - Vandra V\u00e4gen\" \/>\n<meta property=\"og:description\" content=\"En stor och r\u00f6d svamp i skogen. Ville bara visa den f\u00f6r jag tycker den \u00e4r h\u00e4ftig! En st\u00e5ende punkt p\u00e5 Vandra V\u00e4gen \u00e4r favorittweetsen. Det vet du f\u00f6rst\u00e5s om du f\u00f6ljt bloggen l\u00e4nge men det kommer ju en del nya l\u00e4sare nu i och med #blogg100-utmaningen s\u00e5 jag skriver n\u00e5got om det \u00e4nd\u00e5. Det [&hellip;]\" \/>\n<meta property=\"og:url\" content=\"https:\/\/blogg.svenskakyrkan.se\/vandravagen\/2014\/03\/13\/veckans-samlade-favoriter-fran-twitter\/\" \/>\n<meta property=\"og:site_name\" content=\"Vandra V\u00e4gen\" \/>\n<meta property=\"article:publisher\" content=\"http:\/\/facebook.com\/vandravagen\" \/>\n<meta property=\"article:published_time\" content=\"2014-03-13T07:00:00+00:00\" \/>\n<meta property=\"og:image\" content=\"http:\/\/1.bp.blogspot.com\/-iGFAKpj2j6I\/UyDTSsxKiSI\/AAAAAAAAHKk\/GihtaQArEgs\/s1600\/svamp.jpg\" \/>\n<meta name=\"author\" content=\"Tomas Jarvid\" \/>\n<meta name=\"twitter:card\" content=\"summary_large_image\" \/>\n<meta name=\"twitter:creator\" content=\"@fadertomas\" \/>\n<meta name=\"twitter:site\" content=\"@fadertomas\" \/>\n<meta name=\"twitter:label1\" content=\"Skriven av\" \/>\n\t<meta name=\"twitter:data1\" content=\"Tomas Jarvid\" \/>\n\t<meta name=\"twitter:label2\" content=\"Ber\u00e4knad l\u00e4stid\" \/>\n\t<meta name=\"twitter:data2\" content=\"1 minut\" \/>\n<script type=\"application\/ld+json\" class=\"yoast-schema-graph\">{\"@context\":\"https:\/\/schema.org\",\"@graph\":[{\"@type\":\"Article\",\"@id\":\"https:\/\/blogg.svenskakyrkan.se\/vandravagen\/2014\/03\/13\/veckans-samlade-favoriter-fran-twitter\/#article\",\"isPartOf\":{\"@id\":\"https:\/\/blogg.svenskakyrkan.se\/vandravagen\/2014\/03\/13\/veckans-samlade-favoriter-fran-twitter\/\"},\"author\":{\"name\":\"Tomas Jarvid\",\"@id\":\"https:\/\/blogg.svenskakyrkan.se\/vandravagen\/#\/schema\/person\/25da02d4f76b137d04291711e2c9fc16\"},\"headline\":\"Veckans samlade favoriter fr\u00e5n twitter\",\"datePublished\":\"2014-03-13T07:00:00+00:00\",\"mainEntityOfPage\":{\"@id\":\"https:\/\/blogg.svenskakyrkan.se\/vandravagen\/2014\/03\/13\/veckans-samlade-favoriter-fran-twitter\/\"},\"wordCount\":229,\"commentCount\":0,\"publisher\":{\"@id\":\"https:\/\/blogg.svenskakyrkan.se\/vandravagen\/#organization\"},\"image\":{\"@id\":\"https:\/\/blogg.svenskakyrkan.se\/vandravagen\/2014\/03\/13\/veckans-samlade-favoriter-fran-twitter\/#primaryimage\"},\"thumbnailUrl\":\"http:\/\/1.bp.blogspot.com\/-iGFAKpj2j6I\/UyDTSsxKiSI\/AAAAAAAAHKk\/GihtaQArEgs\/s1600\/svamp.jpg\",\"articleSection\":[\"favorittweets\"],\"inLanguage\":\"sv-SE\",\"potentialAction\":[{\"@type\":\"CommentAction\",\"name\":\"Comment\",\"target\":[\"https:\/\/blogg.svenskakyrkan.se\/vandravagen\/2014\/03\/13\/veckans-samlade-favoriter-fran-twitter\/#respond\"]}]},{\"@type\":\"WebPage\",\"@id\":\"https:\/\/blogg.svenskakyrkan.se\/vandravagen\/2014\/03\/13\/veckans-samlade-favoriter-fran-twitter\/\",\"url\":\"https:\/\/blogg.svenskakyrkan.se\/vandravagen\/2014\/03\/13\/veckans-samlade-favoriter-fran-twitter\/\",\"name\":\"Veckans samlade favoriter fr\u00e5n twitter - Vandra V\u00e4gen\",\"isPartOf\":{\"@id\":\"https:\/\/blogg.svenskakyrkan.se\/vandravagen\/#website\"},\"primaryImageOfPage\":{\"@id\":\"https:\/\/blogg.svenskakyrkan.se\/vandravagen\/2014\/03\/13\/veckans-samlade-favoriter-fran-twitter\/#primaryimage\"},\"image\":{\"@id\":\"https:\/\/blogg.svenskakyrkan.se\/vandravagen\/2014\/03\/13\/veckans-samlade-favoriter-fran-twitter\/#primaryimage\"},\"thumbnailUrl\":\"http:\/\/1.bp.blogspot.com\/-iGFAKpj2j6I\/UyDTSsxKiSI\/AAAAAAAAHKk\/GihtaQArEgs\/s1600\/svamp.jpg\",\"datePublished\":\"2014-03-13T07:00:00+00:00\",\"breadcrumb\":{\"@id\":\"https:\/\/blogg.svenskakyrkan.se\/vandravagen\/2014\/03\/13\/veckans-samlade-favoriter-fran-twitter\/#breadcrumb\"},\"inLanguage\":\"sv-SE\",\"potentialAction\":[{\"@type\":\"ReadAction\",\"target\":[\"https:\/\/blogg.svenskakyrkan.se\/vandravagen\/2014\/03\/13\/veckans-samlade-favoriter-fran-twitter\/\"]}]},{\"@type\":\"ImageObject\",\"inLanguage\":\"sv-SE\",\"@id\":\"https:\/\/blogg.svenskakyrkan.se\/vandravagen\/2014\/03\/13\/veckans-samlade-favoriter-fran-twitter\/#primaryimage\",\"url\":\"http:\/\/1.bp.blogspot.com\/-iGFAKpj2j6I\/UyDTSsxKiSI\/AAAAAAAAHKk\/GihtaQArEgs\/s1600\/svamp.jpg\",\"contentUrl\":\"http:\/\/1.bp.blogspot.com\/-iGFAKpj2j6I\/UyDTSsxKiSI\/AAAAAAAAHKk\/GihtaQArEgs\/s1600\/svamp.jpg\"},{\"@type\":\"BreadcrumbList\",\"@id\":\"https:\/\/blogg.svenskakyrkan.se\/vandravagen\/2014\/03\/13\/veckans-samlade-favoriter-fran-twitter\/#breadcrumb\",\"itemListElement\":[{\"@type\":\"ListItem\",\"position\":1,\"name\":\"Hem\",\"item\":\"https:\/\/blogg.svenskakyrkan.se\/vandravagen\/\"},{\"@type\":\"ListItem\",\"position\":2,\"name\":\"Veckans samlade favoriter fr\u00e5n twitter\"}]},{\"@type\":\"WebSite\",\"@id\":\"https:\/\/blogg.svenskakyrkan.se\/vandravagen\/#website\",\"url\":\"https:\/\/blogg.svenskakyrkan.se\/vandravagen\/\",\"name\":\"Vandra V\u00e4gen\",\"description\":\"-Mot en tro f\u00f6r hela livet\",\"publisher\":{\"@id\":\"https:\/\/blogg.svenskakyrkan.se\/vandravagen\/#organization\"},\"potentialAction\":[{\"@type\":\"SearchAction\",\"target\":{\"@type\":\"EntryPoint\",\"urlTemplate\":\"https:\/\/blogg.svenskakyrkan.se\/vandravagen\/?s={search_term_string}\"},\"query-input\":{\"@type\":\"PropertyValueSpecification\",\"valueRequired\":true,\"valueName\":\"search_term_string\"}}],\"inLanguage\":\"sv-SE\"},{\"@type\":\"Organization\",\"@id\":\"https:\/\/blogg.svenskakyrkan.se\/vandravagen\/#organization\",\"name\":\"ulricehamns pastorat\",\"alternateName\":\"ulricehamns pastorat\",\"url\":\"https:\/\/blogg.svenskakyrkan.se\/vandravagen\/\",\"logo\":{\"@type\":\"ImageObject\",\"inLanguage\":\"sv-SE\",\"@id\":\"https:\/\/blogg.svenskakyrkan.se\/vandravagen\/#\/schema\/logo\/image\/\",\"url\":\"https:\/\/blogg.svenskakyrkan.se\/vandravagen\/files\/2023\/05\/Ulr_logo_RGB.png\",\"contentUrl\":\"https:\/\/blogg.svenskakyrkan.se\/vandravagen\/files\/2023\/05\/Ulr_logo_RGB.png\",\"width\":205,\"height\":77,\"caption\":\"ulricehamns pastorat\"},\"image\":{\"@id\":\"https:\/\/blogg.svenskakyrkan.se\/vandravagen\/#\/schema\/logo\/image\/\"},\"sameAs\":[\"http:\/\/facebook.com\/vandravagen\",\"https:\/\/x.com\/fadertomas\",\"http:\/\/www.facebook.com\/svenskakyrkaniulricehamn\"]},{\"@type\":\"Person\",\"@id\":\"https:\/\/blogg.svenskakyrkan.se\/vandravagen\/#\/schema\/person\/25da02d4f76b137d04291711e2c9fc16\",\"name\":\"Tomas Jarvid\",\"image\":{\"@type\":\"ImageObject\",\"inLanguage\":\"sv-SE\",\"@id\":\"https:\/\/blogg.svenskakyrkan.se\/vandravagen\/#\/schema\/person\/image\/\",\"url\":\"https:\/\/secure.gravatar.com\/avatar\/7fa71899795e8f540f615a1f5ab25255dc27aa40f05ee7ddd21aac521e01bf50?s=96&d=identicon&r=g\",\"contentUrl\":\"https:\/\/secure.gravatar.com\/avatar\/7fa71899795e8f540f615a1f5ab25255dc27aa40f05ee7ddd21aac521e01bf50?s=96&d=identicon&r=g\",\"caption\":\"Tomas Jarvid\"},\"description\":\"Jag bor i Ulricehamn i V\u00e4sterg\u00f6tland och \u00e4r f\u00f6rsamlingspr\u00e4st i Svenska Kyrkan f\u00f6r Dalstorps f\u00f6rsamling i Kinds pastorat. P\u00e5 den h\u00e4r bloggen skriver jag ner tankar om vandringen som kristen.\",\"sameAs\":[\"http:\/\/www.vandravagen.se\"],\"url\":\"https:\/\/blogg.svenskakyrkan.se\/vandravagen\/author\/vandravagen\/\"}]}<\/script>\n<!-- \/ Yoast SEO plugin. -->","yoast_head_json":{"title":"Veckans samlade favoriter fr\u00e5n twitter - Vandra V\u00e4gen","robots":{"index":"index","follow":"follow","max-snippet":"max-snippet:-1","max-image-preview":"max-image-preview:large","max-video-preview":"max-video-preview:-1"},"canonical":"https:\/\/blogg.svenskakyrkan.se\/vandravagen\/2014\/03\/13\/veckans-samlade-favoriter-fran-twitter\/","og_locale":"sv_SE","og_type":"article","og_title":"Veckans samlade favoriter fr\u00e5n twitter - Vandra V\u00e4gen","og_description":"En stor och r\u00f6d svamp i skogen. Ville bara visa den f\u00f6r jag tycker den \u00e4r h\u00e4ftig! En st\u00e5ende punkt p\u00e5 Vandra V\u00e4gen \u00e4r favorittweetsen. Det vet du f\u00f6rst\u00e5s om du f\u00f6ljt bloggen l\u00e4nge men det kommer ju en del nya l\u00e4sare nu i och med #blogg100-utmaningen s\u00e5 jag skriver n\u00e5got om det \u00e4nd\u00e5. Det [&hellip;]","og_url":"https:\/\/blogg.svenskakyrkan.se\/vandravagen\/2014\/03\/13\/veckans-samlade-favoriter-fran-twitter\/","og_site_name":"Vandra V\u00e4gen","article_publisher":"http:\/\/facebook.com\/vandravagen","article_published_time":"2014-03-13T07:00:00+00:00","og_image":[{"url":"http:\/\/1.bp.blogspot.com\/-iGFAKpj2j6I\/UyDTSsxKiSI\/AAAAAAAAHKk\/GihtaQArEgs\/s1600\/svamp.jpg","type":"","width":"","height":""}],"author":"Tomas Jarvid","twitter_card":"summary_large_image","twitter_creator":"@fadertomas","twitter_site":"@fadertomas","twitter_misc":{"Skriven av":"Tomas Jarvid","Ber\u00e4knad l\u00e4stid":"1 minut"},"schema":{"@context":"https:\/\/schema.org","@graph":[{"@type":"Article","@id":"https:\/\/blogg.svenskakyrkan.se\/vandravagen\/2014\/03\/13\/veckans-samlade-favoriter-fran-twitter\/#article","isPartOf":{"@id":"https:\/\/blogg.svenskakyrkan.se\/vandravagen\/2014\/03\/13\/veckans-samlade-favoriter-fran-twitter\/"},"author":{"name":"Tomas Jarvid","@id":"https:\/\/blogg.svenskakyrkan.se\/vandravagen\/#\/schema\/person\/25da02d4f76b137d04291711e2c9fc16"},"headline":"Veckans samlade favoriter fr\u00e5n twitter","datePublished":"2014-03-13T07:00:00+00:00","mainEntityOfPage":{"@id":"https:\/\/blogg.svenskakyrkan.se\/vandravagen\/2014\/03\/13\/veckans-samlade-favoriter-fran-twitter\/"},"wordCount":229,"commentCount":0,"publisher":{"@id":"https:\/\/blogg.svenskakyrkan.se\/vandravagen\/#organization"},"image":{"@id":"https:\/\/blogg.svenskakyrkan.se\/vandravagen\/2014\/03\/13\/veckans-samlade-favoriter-fran-twitter\/#primaryimage"},"thumbnailUrl":"http:\/\/1.bp.blogspot.com\/-iGFAKpj2j6I\/UyDTSsxKiSI\/AAAAAAAAHKk\/GihtaQArEgs\/s1600\/svamp.jpg","articleSection":["favorittweets"],"inLanguage":"sv-SE","potentialAction":[{"@type":"CommentAction","name":"Comment","target":["https:\/\/blogg.svenskakyrkan.se\/vandravagen\/2014\/03\/13\/veckans-samlade-favoriter-fran-twitter\/#respond"]}]},{"@type":"WebPage","@id":"https:\/\/blogg.svenskakyrkan.se\/vandravagen\/2014\/03\/13\/veckans-samlade-favoriter-fran-twitter\/","url":"https:\/\/blogg.svenskakyrkan.se\/vandravagen\/2014\/03\/13\/veckans-samlade-favoriter-fran-twitter\/","name":"Veckans samlade favoriter fr\u00e5n twitter - Vandra V\u00e4gen","isPartOf":{"@id":"https:\/\/blogg.svenskakyrkan.se\/vandravagen\/#website"},"primaryImageOfPage":{"@id":"https:\/\/blogg.svenskakyrkan.se\/vandravagen\/2014\/03\/13\/veckans-samlade-favoriter-fran-twitter\/#primaryimage"},"image":{"@id":"https:\/\/blogg.svenskakyrkan.se\/vandravagen\/2014\/03\/13\/veckans-samlade-favoriter-fran-twitter\/#primaryimage"},"thumbnailUrl":"http:\/\/1.bp.blogspot.com\/-iGFAKpj2j6I\/UyDTSsxKiSI\/AAAAAAAAHKk\/GihtaQArEgs\/s1600\/svamp.jpg","datePublished":"2014-03-13T07:00:00+00:00","breadcrumb":{"@id":"https:\/\/blogg.svenskakyrkan.se\/vandravagen\/2014\/03\/13\/veckans-samlade-favoriter-fran-twitter\/#breadcrumb"},"inLanguage":"sv-SE","potentialAction":[{"@type":"ReadAction","target":["https:\/\/blogg.svenskakyrkan.se\/vandravagen\/2014\/03\/13\/veckans-samlade-favoriter-fran-twitter\/"]}]},{"@type":"ImageObject","inLanguage":"sv-SE","@id":"https:\/\/blogg.svenskakyrkan.se\/vandravagen\/2014\/03\/13\/veckans-samlade-favoriter-fran-twitter\/#primaryimage","url":"http:\/\/1.bp.blogspot.com\/-iGFAKpj2j6I\/UyDTSsxKiSI\/AAAAAAAAHKk\/GihtaQArEgs\/s1600\/svamp.jpg","contentUrl":"http:\/\/1.bp.blogspot.com\/-iGFAKpj2j6I\/UyDTSsxKiSI\/AAAAAAAAHKk\/GihtaQArEgs\/s1600\/svamp.jpg"},{"@type":"BreadcrumbList","@id":"https:\/\/blogg.svenskakyrkan.se\/vandravagen\/2014\/03\/13\/veckans-samlade-favoriter-fran-twitter\/#breadcrumb","itemListElement":[{"@type":"ListItem","position":1,"name":"Hem","item":"https:\/\/blogg.svenskakyrkan.se\/vandravagen\/"},{"@type":"ListItem","position":2,"name":"Veckans samlade favoriter fr\u00e5n twitter"}]},{"@type":"WebSite","@id":"https:\/\/blogg.svenskakyrkan.se\/vandravagen\/#website","url":"https:\/\/blogg.svenskakyrkan.se\/vandravagen\/","name":"Vandra V\u00e4gen","description":"-Mot en tro f\u00f6r hela livet","publisher":{"@id":"https:\/\/blogg.svenskakyrkan.se\/vandravagen\/#organization"},"potentialAction":[{"@type":"SearchAction","target":{"@type":"EntryPoint","urlTemplate":"https:\/\/blogg.svenskakyrkan.se\/vandravagen\/?s={search_term_string}"},"query-input":{"@type":"PropertyValueSpecification","valueRequired":true,"valueName":"search_term_string"}}],"inLanguage":"sv-SE"},{"@type":"Organization","@id":"https:\/\/blogg.svenskakyrkan.se\/vandravagen\/#organization","name":"ulricehamns pastorat","alternateName":"ulricehamns pastorat","url":"https:\/\/blogg.svenskakyrkan.se\/vandravagen\/","logo":{"@type":"ImageObject","inLanguage":"sv-SE","@id":"https:\/\/blogg.svenskakyrkan.se\/vandravagen\/#\/schema\/logo\/image\/","url":"https:\/\/blogg.svenskakyrkan.se\/vandravagen\/files\/2023\/05\/Ulr_logo_RGB.png","contentUrl":"https:\/\/blogg.svenskakyrkan.se\/vandravagen\/files\/2023\/05\/Ulr_logo_RGB.png","width":205,"height":77,"caption":"ulricehamns pastorat"},"image":{"@id":"https:\/\/blogg.svenskakyrkan.se\/vandravagen\/#\/schema\/logo\/image\/"},"sameAs":["http:\/\/facebook.com\/vandravagen","https:\/\/x.com\/fadertomas","http:\/\/www.facebook.com\/svenskakyrkaniulricehamn"]},{"@type":"Person","@id":"https:\/\/blogg.svenskakyrkan.se\/vandravagen\/#\/schema\/person\/25da02d4f76b137d04291711e2c9fc16","name":"Tomas Jarvid","image":{"@type":"ImageObject","inLanguage":"sv-SE","@id":"https:\/\/blogg.svenskakyrkan.se\/vandravagen\/#\/schema\/person\/image\/","url":"https:\/\/secure.gravatar.com\/avatar\/7fa71899795e8f540f615a1f5ab25255dc27aa40f05ee7ddd21aac521e01bf50?s=96&d=identicon&r=g","contentUrl":"https:\/\/secure.gravatar.com\/avatar\/7fa71899795e8f540f615a1f5ab25255dc27aa40f05ee7ddd21aac521e01bf50?s=96&d=identicon&r=g","caption":"Tomas Jarvid"},"description":"Jag bor i Ulricehamn i V\u00e4sterg\u00f6tland och \u00e4r f\u00f6rsamlingspr\u00e4st i Svenska Kyrkan f\u00f6r Dalstorps f\u00f6rsamling i Kinds pastorat. P\u00e5 den h\u00e4r bloggen skriver jag ner tankar om vandringen som kristen.","sameAs":["http:\/\/www.vandravagen.se"],"url":"https:\/\/blogg.svenskakyrkan.se\/vandravagen\/author\/vandravagen\/"}]}},"author_meta":{"ID":"392","user_nicename":"vandravagen","user_url":"http:\/\/www.vandravagen.se","user_registered":"2014-05-19 05:44:52","display_name":"Tomas Jarvid","first_name":"Tomas","last_name":"Jarvid","avatar":"https:\/\/secure.gravatar.com\/avatar\/7fa71899795e8f540f615a1f5ab25255dc27aa40f05ee7ddd21aac521e01bf50?s=96&d=identicon&r=g"},"featured_image":false,"bloginfo":{"name":"Vandra V\u00e4gen","url":"https:\/\/blogg.svenskakyrkan.se\/vandravagen"},"_links":{"self":[{"href":"https:\/\/blogg.svenskakyrkan.se\/vandravagen\/wp-json\/wp\/v2\/posts\/129","targetHints":{"allow":["GET"]}}],"collection":[{"href":"https:\/\/blogg.svenskakyrkan.se\/vandravagen\/wp-json\/wp\/v2\/posts"}],"about":[{"href":"https:\/\/blogg.svenskakyrkan.se\/vandravagen\/wp-json\/wp\/v2\/types\/post"}],"author":[{"embeddable":true,"href":"https:\/\/blogg.svenskakyrkan.se\/vandravagen\/wp-json\/wp\/v2\/users\/392"}],"replies":[{"embeddable":true,"href":"https:\/\/blogg.svenskakyrkan.se\/vandravagen\/wp-json\/wp\/v2\/comments?post=129"}],"version-history":[{"count":0,"href":"https:\/\/blogg.svenskakyrkan.se\/vandravagen\/wp-json\/wp\/v2\/posts\/129\/revisions"}],"wp:attachment":[{"href":"https:\/\/blogg.svenskakyrkan.se\/vandravagen\/wp-json\/wp\/v2\/media?parent=129"}],"wp:term":[{"taxonomy":"category","embeddable":true,"href":"https:\/\/blogg.svenskakyrkan.se\/vandravagen\/wp-json\/wp\/v2\/categories?post=129"},{"taxonomy":"post_tag","embeddable":true,"href":"https:\/\/blogg.svenskakyrkan.se\/vandravagen\/wp-json\/wp\/v2\/tags?post=129"}],"curies":[{"name":"wp","href":"https:\/\/api.w.org\/{rel}","templated":true}]}}