{"id":132,"date":"2014-03-11T09:44:00","date_gmt":"2014-03-11T08:44:00","guid":{"rendered":"http:\/\/blogg.svenskakyrkan.se\/vandravagen\/2014\/03\/11\/varsolen-som-bild-av-gud\/"},"modified":"2014-03-11T09:44:00","modified_gmt":"2014-03-11T08:44:00","slug":"varsolen-som-bild-av-gud","status":"publish","type":"post","link":"https:\/\/blogg.svenskakyrkan.se\/vandravagen\/2014\/03\/11\/varsolen-som-bild-av-gud\/","title":{"rendered":"V\u00e5rsolen som bild av Gud"},"content":{"rendered":"<table align=\"center\" cellpadding=\"0\" cellspacing=\"0\">\n<tbody>\n<tr>\n<td><a href=\"http:\/\/2.bp.blogspot.com\/-VdkF7zO3rdA\/Ux2KWg35boI\/AAAAAAAAHGk\/tz__FJfsDXM\/s1600\/Ska%CC%88lvum+sol.jpg\"><img loading=\"lazy\" decoding=\"async\" border=\"0\" src=\"http:\/\/2.bp.blogspot.com\/-VdkF7zO3rdA\/Ux2KWg35boI\/AAAAAAAAHGk\/tz__FJfsDXM\/s1600\/Ska%CC%88lvum+sol.jpg\" height=\"640\" width=\"552\"><\/a><\/td>\n<\/tr>\n<tr>\n<td>Koret i Sk\u00e4lvums kyrka, med Solen som st\u00e5r i \u00f6ster och stiger upp!<\/td>\n<\/tr>\n<\/tbody>\n<\/table>\n<div><\/div>\n<div><\/div>\n<p>Solen skiner \u00f6ver Husaby idag och har s\u00e5 gjort n\u00e5gra dagar (efter vad som k\u00e4nns som minst fyra m\u00e5nader november?). Det \u00e4r h\u00e4rligt och man lever upp. Det \u00e4r l\u00e4ttare att leva n\u00e4r solen tittar fram! det g\u00f6r ocks\u00e5 att det \u00e4r en del i den kristna symboliken som talar extra starkt till mig just idag:<\/p>\n<p>I Sk\u00e4lvums kyrka en liten bit h\u00e4rifr\u00e5n kan man se bilden ovan. L\u00e4ngst fram i koret ser man en sol avbildad. Altaret i v\u00e5ra kyrkor \u00e4r alltid v\u00e4nda mot \u00f6ster, mot den stigande solen och den nya dagen. D\u00e4r \u00e4r ju ocks\u00e5 ett litet f\u00f6nster som vetter mot \u00f6ster och tar in ljus d\u00e4rifr\u00e5n. P\u00e5 ett s\u00e4tt kommer framtiden fr\u00e5n \u00f6ster, varje nytt dygn rullar in \u00f6ver oss fr\u00e5n datumgr\u00e4nsen l\u00e5ngt bort p\u00e5 andra sidan jorden fr\u00e5n det h\u00e5llet. Solen p\u00e5minner om Kristus som steg upp igen fr\u00e5n de d\u00f6da och ger av det nya livet \u00e5t oss. Han ger hopp om framtiden och ska en dag r\u00e5da \u00f6ver allt, det \u00e4r framtidshoppet det!<\/p>\n<p>Tidigt b\u00f6rjade Kyrkan fira jul vid midvintern. Det gjorde man f\u00f6r att knyta an till en befintlig hednisk h\u00f6gtid &#8221;den obesegrade solens fest&#8221;. Solen som varit p\u00e5 retr\u00e4tt b\u00f6rjar ju \u00e5ter vinna mark vid midvintern. Vad kunde v\u00e4l passa b\u00e4ttre f\u00f6r de kristna \u00e4n att d\u00e5 fira Jesu f\u00f6delse, Guds ljus som kommer in i v\u00e5rt m\u00f6rker.<\/p>\n<p>Ibland talar man om svenskarna som ett soldyrkande folk och det \u00e4r i s\u00e5 fall inte konstigt s\u00e5 som klimatet \u00e4r h\u00e4r. P\u00e5 bibelns tid f\u00f6rekom det verklig soldyrkan, man s\u00e5g solen som en gud. I skapelseber\u00e4ttelsen i b\u00f6rjan av bibeln st\u00e5r det om hur Gud skapar det &#8221;stora ljuset och det lilla ljuset&#8221;. De kallas inte ens f\u00f6r sol och m\u00e5ne och m\u00e4rkligt nog skapas de f\u00f6rst p\u00e5 fj\u00e4rde dagen. Allt detta \u00e4r konstigt att f\u00f6rst\u00e5 om det inte vore s\u00e5 att skapelseber\u00e4ttelsens skrevs som markering mot omgivande religioner. -Solen och m\u00e5nen \u00e4r inte gudomliga, de \u00e4r delar av skapelsen &#8211; och Gud \u00e4r den som r\u00e5der \u00f6ver allt och har skapat allt.<\/p>\n<p>F\u00f6r att forts\u00e4tta ytterligare p\u00e5 soltemat s\u00e5 har den gamle kyrkofadern Tertullianus anv\u00e4nt solen som bild f\u00f6r att f\u00f6rklara treenigheten. Gud Fadern liknas vid solen, Sonen liknas vid dess str\u00e5lar (vi ser ju inte solen utom genom dess str\u00e5lar) och den Heliga Anden vid v\u00e4rmen och ljuset som blir f\u00f6ljden (Guds n\u00e4rvaro i v\u00e5ra liv). I Anden, genom Sonen, till Fadern. Tre aspekter av ljuset men inte \u00e5tskilda.<\/p>\n<p>Har du st\u00f6tt p\u00e5 de h\u00e4r tankarna innan? Jag gissar att det h\u00e4r \u00e4r mindre k\u00e4nt?<\/p>\n","protected":false},"excerpt":{"rendered":"<p>Koret i Sk\u00e4lvums kyrka, med Solen som st\u00e5r i \u00f6ster och stiger upp! Solen skiner \u00f6ver Husaby idag och har s\u00e5 gjort n\u00e5gra dagar (efter vad som k\u00e4nns som minst fyra m\u00e5nader november?). Det \u00e4r h\u00e4rligt och man lever upp. Det \u00e4r l\u00e4ttare att leva n\u00e4r solen tittar fram! det g\u00f6r ocks\u00e5 att det \u00e4r [&hellip;]<\/p>\n","protected":false},"author":392,"featured_media":0,"comment_status":"open","ping_status":"open","sticky":false,"template":"","format":"standard","meta":{"_acf_changed":false,"footnotes":""},"categories":[76189,117],"tags":[],"class_list":["post-132","post","type-post","status-publish","format-standard","hentry","category-dagens-kyrka","category-teologi"],"acf":[],"yoast_head":"<!-- This site is optimized with the Yoast SEO plugin v27.1.1 - https:\/\/yoast.com\/product\/yoast-seo-wordpress\/ -->\n<title>V\u00e5rsolen som bild av Gud - Vandra V\u00e4gen<\/title>\n<meta name=\"robots\" content=\"index, follow, max-snippet:-1, max-image-preview:large, max-video-preview:-1\" \/>\n<link rel=\"canonical\" href=\"https:\/\/blogg.svenskakyrkan.se\/vandravagen\/2014\/03\/11\/varsolen-som-bild-av-gud\/\" \/>\n<meta property=\"og:locale\" content=\"sv_SE\" \/>\n<meta property=\"og:type\" content=\"article\" \/>\n<meta property=\"og:title\" content=\"V\u00e5rsolen som bild av Gud - Vandra V\u00e4gen\" \/>\n<meta property=\"og:description\" content=\"Koret i Sk\u00e4lvums kyrka, med Solen som st\u00e5r i \u00f6ster och stiger upp! Solen skiner \u00f6ver Husaby idag och har s\u00e5 gjort n\u00e5gra dagar (efter vad som k\u00e4nns som minst fyra m\u00e5nader november?). Det \u00e4r h\u00e4rligt och man lever upp. Det \u00e4r l\u00e4ttare att leva n\u00e4r solen tittar fram! det g\u00f6r ocks\u00e5 att det \u00e4r [&hellip;]\" \/>\n<meta property=\"og:url\" content=\"https:\/\/blogg.svenskakyrkan.se\/vandravagen\/2014\/03\/11\/varsolen-som-bild-av-gud\/\" \/>\n<meta property=\"og:site_name\" content=\"Vandra V\u00e4gen\" \/>\n<meta property=\"article:publisher\" content=\"http:\/\/facebook.com\/vandravagen\" \/>\n<meta property=\"article:published_time\" content=\"2014-03-11T08:44:00+00:00\" \/>\n<meta property=\"og:image\" content=\"http:\/\/2.bp.blogspot.com\/-VdkF7zO3rdA\/Ux2KWg35boI\/AAAAAAAAHGk\/tz__FJfsDXM\/s1600\/Ska%CC%88lvum+sol.jpg\" \/>\n<meta name=\"author\" content=\"Tomas Jarvid\" \/>\n<meta name=\"twitter:card\" content=\"summary_large_image\" \/>\n<meta name=\"twitter:creator\" content=\"@fadertomas\" \/>\n<meta name=\"twitter:site\" content=\"@fadertomas\" \/>\n<meta name=\"twitter:label1\" content=\"Skriven av\" \/>\n\t<meta name=\"twitter:data1\" content=\"Tomas Jarvid\" \/>\n\t<meta name=\"twitter:label2\" content=\"Ber\u00e4knad l\u00e4stid\" \/>\n\t<meta name=\"twitter:data2\" content=\"3 minuter\" \/>\n<script type=\"application\/ld+json\" class=\"yoast-schema-graph\">{\"@context\":\"https:\/\/schema.org\",\"@graph\":[{\"@type\":\"Article\",\"@id\":\"https:\/\/blogg.svenskakyrkan.se\/vandravagen\/2014\/03\/11\/varsolen-som-bild-av-gud\/#article\",\"isPartOf\":{\"@id\":\"https:\/\/blogg.svenskakyrkan.se\/vandravagen\/2014\/03\/11\/varsolen-som-bild-av-gud\/\"},\"author\":{\"name\":\"Tomas Jarvid\",\"@id\":\"https:\/\/blogg.svenskakyrkan.se\/vandravagen\/#\/schema\/person\/25da02d4f76b137d04291711e2c9fc16\"},\"headline\":\"V\u00e5rsolen som bild av Gud\",\"datePublished\":\"2014-03-11T08:44:00+00:00\",\"mainEntityOfPage\":{\"@id\":\"https:\/\/blogg.svenskakyrkan.se\/vandravagen\/2014\/03\/11\/varsolen-som-bild-av-gud\/\"},\"wordCount\":515,\"commentCount\":10,\"publisher\":{\"@id\":\"https:\/\/blogg.svenskakyrkan.se\/vandravagen\/#organization\"},\"image\":{\"@id\":\"https:\/\/blogg.svenskakyrkan.se\/vandravagen\/2014\/03\/11\/varsolen-som-bild-av-gud\/#primaryimage\"},\"thumbnailUrl\":\"http:\/\/2.bp.blogspot.com\/-VdkF7zO3rdA\/Ux2KWg35boI\/AAAAAAAAHGk\/tz__FJfsDXM\/s1600\/Ska%CC%88lvum+sol.jpg\",\"articleSection\":[\"Dagens Kyrka\",\"Teologi\"],\"inLanguage\":\"sv-SE\",\"potentialAction\":[{\"@type\":\"CommentAction\",\"name\":\"Comment\",\"target\":[\"https:\/\/blogg.svenskakyrkan.se\/vandravagen\/2014\/03\/11\/varsolen-som-bild-av-gud\/#respond\"]}]},{\"@type\":\"WebPage\",\"@id\":\"https:\/\/blogg.svenskakyrkan.se\/vandravagen\/2014\/03\/11\/varsolen-som-bild-av-gud\/\",\"url\":\"https:\/\/blogg.svenskakyrkan.se\/vandravagen\/2014\/03\/11\/varsolen-som-bild-av-gud\/\",\"name\":\"V\u00e5rsolen som bild av Gud - Vandra V\u00e4gen\",\"isPartOf\":{\"@id\":\"https:\/\/blogg.svenskakyrkan.se\/vandravagen\/#website\"},\"primaryImageOfPage\":{\"@id\":\"https:\/\/blogg.svenskakyrkan.se\/vandravagen\/2014\/03\/11\/varsolen-som-bild-av-gud\/#primaryimage\"},\"image\":{\"@id\":\"https:\/\/blogg.svenskakyrkan.se\/vandravagen\/2014\/03\/11\/varsolen-som-bild-av-gud\/#primaryimage\"},\"thumbnailUrl\":\"http:\/\/2.bp.blogspot.com\/-VdkF7zO3rdA\/Ux2KWg35boI\/AAAAAAAAHGk\/tz__FJfsDXM\/s1600\/Ska%CC%88lvum+sol.jpg\",\"datePublished\":\"2014-03-11T08:44:00+00:00\",\"breadcrumb\":{\"@id\":\"https:\/\/blogg.svenskakyrkan.se\/vandravagen\/2014\/03\/11\/varsolen-som-bild-av-gud\/#breadcrumb\"},\"inLanguage\":\"sv-SE\",\"potentialAction\":[{\"@type\":\"ReadAction\",\"target\":[\"https:\/\/blogg.svenskakyrkan.se\/vandravagen\/2014\/03\/11\/varsolen-som-bild-av-gud\/\"]}]},{\"@type\":\"ImageObject\",\"inLanguage\":\"sv-SE\",\"@id\":\"https:\/\/blogg.svenskakyrkan.se\/vandravagen\/2014\/03\/11\/varsolen-som-bild-av-gud\/#primaryimage\",\"url\":\"http:\/\/2.bp.blogspot.com\/-VdkF7zO3rdA\/Ux2KWg35boI\/AAAAAAAAHGk\/tz__FJfsDXM\/s1600\/Ska%CC%88lvum+sol.jpg\",\"contentUrl\":\"http:\/\/2.bp.blogspot.com\/-VdkF7zO3rdA\/Ux2KWg35boI\/AAAAAAAAHGk\/tz__FJfsDXM\/s1600\/Ska%CC%88lvum+sol.jpg\"},{\"@type\":\"BreadcrumbList\",\"@id\":\"https:\/\/blogg.svenskakyrkan.se\/vandravagen\/2014\/03\/11\/varsolen-som-bild-av-gud\/#breadcrumb\",\"itemListElement\":[{\"@type\":\"ListItem\",\"position\":1,\"name\":\"Hem\",\"item\":\"https:\/\/blogg.svenskakyrkan.se\/vandravagen\/\"},{\"@type\":\"ListItem\",\"position\":2,\"name\":\"V\u00e5rsolen som bild av Gud\"}]},{\"@type\":\"WebSite\",\"@id\":\"https:\/\/blogg.svenskakyrkan.se\/vandravagen\/#website\",\"url\":\"https:\/\/blogg.svenskakyrkan.se\/vandravagen\/\",\"name\":\"Vandra V\u00e4gen\",\"description\":\"-Mot en tro f\u00f6r hela livet\",\"publisher\":{\"@id\":\"https:\/\/blogg.svenskakyrkan.se\/vandravagen\/#organization\"},\"potentialAction\":[{\"@type\":\"SearchAction\",\"target\":{\"@type\":\"EntryPoint\",\"urlTemplate\":\"https:\/\/blogg.svenskakyrkan.se\/vandravagen\/?s={search_term_string}\"},\"query-input\":{\"@type\":\"PropertyValueSpecification\",\"valueRequired\":true,\"valueName\":\"search_term_string\"}}],\"inLanguage\":\"sv-SE\"},{\"@type\":\"Organization\",\"@id\":\"https:\/\/blogg.svenskakyrkan.se\/vandravagen\/#organization\",\"name\":\"ulricehamns pastorat\",\"alternateName\":\"ulricehamns pastorat\",\"url\":\"https:\/\/blogg.svenskakyrkan.se\/vandravagen\/\",\"logo\":{\"@type\":\"ImageObject\",\"inLanguage\":\"sv-SE\",\"@id\":\"https:\/\/blogg.svenskakyrkan.se\/vandravagen\/#\/schema\/logo\/image\/\",\"url\":\"https:\/\/blogg.svenskakyrkan.se\/vandravagen\/files\/2023\/05\/Ulr_logo_RGB.png\",\"contentUrl\":\"https:\/\/blogg.svenskakyrkan.se\/vandravagen\/files\/2023\/05\/Ulr_logo_RGB.png\",\"width\":205,\"height\":77,\"caption\":\"ulricehamns pastorat\"},\"image\":{\"@id\":\"https:\/\/blogg.svenskakyrkan.se\/vandravagen\/#\/schema\/logo\/image\/\"},\"sameAs\":[\"http:\/\/facebook.com\/vandravagen\",\"https:\/\/x.com\/fadertomas\",\"http:\/\/www.facebook.com\/svenskakyrkaniulricehamn\"]},{\"@type\":\"Person\",\"@id\":\"https:\/\/blogg.svenskakyrkan.se\/vandravagen\/#\/schema\/person\/25da02d4f76b137d04291711e2c9fc16\",\"name\":\"Tomas Jarvid\",\"image\":{\"@type\":\"ImageObject\",\"inLanguage\":\"sv-SE\",\"@id\":\"https:\/\/blogg.svenskakyrkan.se\/vandravagen\/#\/schema\/person\/image\/\",\"url\":\"https:\/\/secure.gravatar.com\/avatar\/7fa71899795e8f540f615a1f5ab25255dc27aa40f05ee7ddd21aac521e01bf50?s=96&d=identicon&r=g\",\"contentUrl\":\"https:\/\/secure.gravatar.com\/avatar\/7fa71899795e8f540f615a1f5ab25255dc27aa40f05ee7ddd21aac521e01bf50?s=96&d=identicon&r=g\",\"caption\":\"Tomas Jarvid\"},\"description\":\"Jag bor i Ulricehamn i V\u00e4sterg\u00f6tland och \u00e4r f\u00f6rsamlingspr\u00e4st i Svenska Kyrkan f\u00f6r Dalstorps f\u00f6rsamling i Kinds pastorat. P\u00e5 den h\u00e4r bloggen skriver jag ner tankar om vandringen som kristen.\",\"sameAs\":[\"http:\/\/www.vandravagen.se\"],\"url\":\"https:\/\/blogg.svenskakyrkan.se\/vandravagen\/author\/vandravagen\/\"}]}<\/script>\n<!-- \/ Yoast SEO plugin. -->","yoast_head_json":{"title":"V\u00e5rsolen som bild av Gud - Vandra V\u00e4gen","robots":{"index":"index","follow":"follow","max-snippet":"max-snippet:-1","max-image-preview":"max-image-preview:large","max-video-preview":"max-video-preview:-1"},"canonical":"https:\/\/blogg.svenskakyrkan.se\/vandravagen\/2014\/03\/11\/varsolen-som-bild-av-gud\/","og_locale":"sv_SE","og_type":"article","og_title":"V\u00e5rsolen som bild av Gud - Vandra V\u00e4gen","og_description":"Koret i Sk\u00e4lvums kyrka, med Solen som st\u00e5r i \u00f6ster och stiger upp! Solen skiner \u00f6ver Husaby idag och har s\u00e5 gjort n\u00e5gra dagar (efter vad som k\u00e4nns som minst fyra m\u00e5nader november?). Det \u00e4r h\u00e4rligt och man lever upp. Det \u00e4r l\u00e4ttare att leva n\u00e4r solen tittar fram! det g\u00f6r ocks\u00e5 att det \u00e4r [&hellip;]","og_url":"https:\/\/blogg.svenskakyrkan.se\/vandravagen\/2014\/03\/11\/varsolen-som-bild-av-gud\/","og_site_name":"Vandra V\u00e4gen","article_publisher":"http:\/\/facebook.com\/vandravagen","article_published_time":"2014-03-11T08:44:00+00:00","og_image":[{"url":"http:\/\/2.bp.blogspot.com\/-VdkF7zO3rdA\/Ux2KWg35boI\/AAAAAAAAHGk\/tz__FJfsDXM\/s1600\/Ska%CC%88lvum+sol.jpg","type":"","width":"","height":""}],"author":"Tomas Jarvid","twitter_card":"summary_large_image","twitter_creator":"@fadertomas","twitter_site":"@fadertomas","twitter_misc":{"Skriven av":"Tomas Jarvid","Ber\u00e4knad l\u00e4stid":"3 minuter"},"schema":{"@context":"https:\/\/schema.org","@graph":[{"@type":"Article","@id":"https:\/\/blogg.svenskakyrkan.se\/vandravagen\/2014\/03\/11\/varsolen-som-bild-av-gud\/#article","isPartOf":{"@id":"https:\/\/blogg.svenskakyrkan.se\/vandravagen\/2014\/03\/11\/varsolen-som-bild-av-gud\/"},"author":{"name":"Tomas Jarvid","@id":"https:\/\/blogg.svenskakyrkan.se\/vandravagen\/#\/schema\/person\/25da02d4f76b137d04291711e2c9fc16"},"headline":"V\u00e5rsolen som bild av Gud","datePublished":"2014-03-11T08:44:00+00:00","mainEntityOfPage":{"@id":"https:\/\/blogg.svenskakyrkan.se\/vandravagen\/2014\/03\/11\/varsolen-som-bild-av-gud\/"},"wordCount":515,"commentCount":10,"publisher":{"@id":"https:\/\/blogg.svenskakyrkan.se\/vandravagen\/#organization"},"image":{"@id":"https:\/\/blogg.svenskakyrkan.se\/vandravagen\/2014\/03\/11\/varsolen-som-bild-av-gud\/#primaryimage"},"thumbnailUrl":"http:\/\/2.bp.blogspot.com\/-VdkF7zO3rdA\/Ux2KWg35boI\/AAAAAAAAHGk\/tz__FJfsDXM\/s1600\/Ska%CC%88lvum+sol.jpg","articleSection":["Dagens Kyrka","Teologi"],"inLanguage":"sv-SE","potentialAction":[{"@type":"CommentAction","name":"Comment","target":["https:\/\/blogg.svenskakyrkan.se\/vandravagen\/2014\/03\/11\/varsolen-som-bild-av-gud\/#respond"]}]},{"@type":"WebPage","@id":"https:\/\/blogg.svenskakyrkan.se\/vandravagen\/2014\/03\/11\/varsolen-som-bild-av-gud\/","url":"https:\/\/blogg.svenskakyrkan.se\/vandravagen\/2014\/03\/11\/varsolen-som-bild-av-gud\/","name":"V\u00e5rsolen som bild av Gud - Vandra V\u00e4gen","isPartOf":{"@id":"https:\/\/blogg.svenskakyrkan.se\/vandravagen\/#website"},"primaryImageOfPage":{"@id":"https:\/\/blogg.svenskakyrkan.se\/vandravagen\/2014\/03\/11\/varsolen-som-bild-av-gud\/#primaryimage"},"image":{"@id":"https:\/\/blogg.svenskakyrkan.se\/vandravagen\/2014\/03\/11\/varsolen-som-bild-av-gud\/#primaryimage"},"thumbnailUrl":"http:\/\/2.bp.blogspot.com\/-VdkF7zO3rdA\/Ux2KWg35boI\/AAAAAAAAHGk\/tz__FJfsDXM\/s1600\/Ska%CC%88lvum+sol.jpg","datePublished":"2014-03-11T08:44:00+00:00","breadcrumb":{"@id":"https:\/\/blogg.svenskakyrkan.se\/vandravagen\/2014\/03\/11\/varsolen-som-bild-av-gud\/#breadcrumb"},"inLanguage":"sv-SE","potentialAction":[{"@type":"ReadAction","target":["https:\/\/blogg.svenskakyrkan.se\/vandravagen\/2014\/03\/11\/varsolen-som-bild-av-gud\/"]}]},{"@type":"ImageObject","inLanguage":"sv-SE","@id":"https:\/\/blogg.svenskakyrkan.se\/vandravagen\/2014\/03\/11\/varsolen-som-bild-av-gud\/#primaryimage","url":"http:\/\/2.bp.blogspot.com\/-VdkF7zO3rdA\/Ux2KWg35boI\/AAAAAAAAHGk\/tz__FJfsDXM\/s1600\/Ska%CC%88lvum+sol.jpg","contentUrl":"http:\/\/2.bp.blogspot.com\/-VdkF7zO3rdA\/Ux2KWg35boI\/AAAAAAAAHGk\/tz__FJfsDXM\/s1600\/Ska%CC%88lvum+sol.jpg"},{"@type":"BreadcrumbList","@id":"https:\/\/blogg.svenskakyrkan.se\/vandravagen\/2014\/03\/11\/varsolen-som-bild-av-gud\/#breadcrumb","itemListElement":[{"@type":"ListItem","position":1,"name":"Hem","item":"https:\/\/blogg.svenskakyrkan.se\/vandravagen\/"},{"@type":"ListItem","position":2,"name":"V\u00e5rsolen som bild av Gud"}]},{"@type":"WebSite","@id":"https:\/\/blogg.svenskakyrkan.se\/vandravagen\/#website","url":"https:\/\/blogg.svenskakyrkan.se\/vandravagen\/","name":"Vandra V\u00e4gen","description":"-Mot en tro f\u00f6r hela livet","publisher":{"@id":"https:\/\/blogg.svenskakyrkan.se\/vandravagen\/#organization"},"potentialAction":[{"@type":"SearchAction","target":{"@type":"EntryPoint","urlTemplate":"https:\/\/blogg.svenskakyrkan.se\/vandravagen\/?s={search_term_string}"},"query-input":{"@type":"PropertyValueSpecification","valueRequired":true,"valueName":"search_term_string"}}],"inLanguage":"sv-SE"},{"@type":"Organization","@id":"https:\/\/blogg.svenskakyrkan.se\/vandravagen\/#organization","name":"ulricehamns pastorat","alternateName":"ulricehamns pastorat","url":"https:\/\/blogg.svenskakyrkan.se\/vandravagen\/","logo":{"@type":"ImageObject","inLanguage":"sv-SE","@id":"https:\/\/blogg.svenskakyrkan.se\/vandravagen\/#\/schema\/logo\/image\/","url":"https:\/\/blogg.svenskakyrkan.se\/vandravagen\/files\/2023\/05\/Ulr_logo_RGB.png","contentUrl":"https:\/\/blogg.svenskakyrkan.se\/vandravagen\/files\/2023\/05\/Ulr_logo_RGB.png","width":205,"height":77,"caption":"ulricehamns pastorat"},"image":{"@id":"https:\/\/blogg.svenskakyrkan.se\/vandravagen\/#\/schema\/logo\/image\/"},"sameAs":["http:\/\/facebook.com\/vandravagen","https:\/\/x.com\/fadertomas","http:\/\/www.facebook.com\/svenskakyrkaniulricehamn"]},{"@type":"Person","@id":"https:\/\/blogg.svenskakyrkan.se\/vandravagen\/#\/schema\/person\/25da02d4f76b137d04291711e2c9fc16","name":"Tomas Jarvid","image":{"@type":"ImageObject","inLanguage":"sv-SE","@id":"https:\/\/blogg.svenskakyrkan.se\/vandravagen\/#\/schema\/person\/image\/","url":"https:\/\/secure.gravatar.com\/avatar\/7fa71899795e8f540f615a1f5ab25255dc27aa40f05ee7ddd21aac521e01bf50?s=96&d=identicon&r=g","contentUrl":"https:\/\/secure.gravatar.com\/avatar\/7fa71899795e8f540f615a1f5ab25255dc27aa40f05ee7ddd21aac521e01bf50?s=96&d=identicon&r=g","caption":"Tomas Jarvid"},"description":"Jag bor i Ulricehamn i V\u00e4sterg\u00f6tland och \u00e4r f\u00f6rsamlingspr\u00e4st i Svenska Kyrkan f\u00f6r Dalstorps f\u00f6rsamling i Kinds pastorat. P\u00e5 den h\u00e4r bloggen skriver jag ner tankar om vandringen som kristen.","sameAs":["http:\/\/www.vandravagen.se"],"url":"https:\/\/blogg.svenskakyrkan.se\/vandravagen\/author\/vandravagen\/"}]}},"author_meta":{"ID":"392","user_nicename":"vandravagen","user_url":"http:\/\/www.vandravagen.se","user_registered":"2014-05-19 05:44:52","display_name":"Tomas Jarvid","first_name":"Tomas","last_name":"Jarvid","avatar":"https:\/\/secure.gravatar.com\/avatar\/7fa71899795e8f540f615a1f5ab25255dc27aa40f05ee7ddd21aac521e01bf50?s=96&d=identicon&r=g"},"featured_image":false,"bloginfo":{"name":"Vandra V\u00e4gen","url":"https:\/\/blogg.svenskakyrkan.se\/vandravagen"},"_links":{"self":[{"href":"https:\/\/blogg.svenskakyrkan.se\/vandravagen\/wp-json\/wp\/v2\/posts\/132","targetHints":{"allow":["GET"]}}],"collection":[{"href":"https:\/\/blogg.svenskakyrkan.se\/vandravagen\/wp-json\/wp\/v2\/posts"}],"about":[{"href":"https:\/\/blogg.svenskakyrkan.se\/vandravagen\/wp-json\/wp\/v2\/types\/post"}],"author":[{"embeddable":true,"href":"https:\/\/blogg.svenskakyrkan.se\/vandravagen\/wp-json\/wp\/v2\/users\/392"}],"replies":[{"embeddable":true,"href":"https:\/\/blogg.svenskakyrkan.se\/vandravagen\/wp-json\/wp\/v2\/comments?post=132"}],"version-history":[{"count":0,"href":"https:\/\/blogg.svenskakyrkan.se\/vandravagen\/wp-json\/wp\/v2\/posts\/132\/revisions"}],"wp:attachment":[{"href":"https:\/\/blogg.svenskakyrkan.se\/vandravagen\/wp-json\/wp\/v2\/media?parent=132"}],"wp:term":[{"taxonomy":"category","embeddable":true,"href":"https:\/\/blogg.svenskakyrkan.se\/vandravagen\/wp-json\/wp\/v2\/categories?post=132"},{"taxonomy":"post_tag","embeddable":true,"href":"https:\/\/blogg.svenskakyrkan.se\/vandravagen\/wp-json\/wp\/v2\/tags?post=132"}],"curies":[{"name":"wp","href":"https:\/\/api.w.org\/{rel}","templated":true}]}}