{"id":138,"date":"2014-03-07T19:00:00","date_gmt":"2014-03-07T18:00:00","guid":{"rendered":"http:\/\/blogg.svenskakyrkan.se\/vandravagen\/2014\/03\/07\/var-katt-och-sankta-felicitas\/"},"modified":"2014-03-07T19:00:00","modified_gmt":"2014-03-07T18:00:00","slug":"var-katt-och-sankta-felicitas","status":"publish","type":"post","link":"https:\/\/blogg.svenskakyrkan.se\/vandravagen\/2014\/03\/07\/var-katt-och-sankta-felicitas\/","title":{"rendered":"V\u00e5r katt och sankta Felicitas"},"content":{"rendered":"<table align=\"center\" cellpadding=\"0\" cellspacing=\"0\">\n<tbody>\n<tr>\n<td><a href=\"http:\/\/2.bp.blogspot.com\/-LL5YjnXJWtQ\/T1efOnnHFdI\/AAAAAAAAAGQ\/yhbshOnihBA\/s1600\/P5150039.JPG\"><img loading=\"lazy\" decoding=\"async\" border=\"0\" src=\"http:\/\/2.bp.blogspot.com\/-LL5YjnXJWtQ\/T1efOnnHFdI\/AAAAAAAAAGQ\/yhbshOnihBA\/s320\/P5150039.JPG\" height=\"480\" width=\"640\"><\/a><\/td>\n<\/tr>\n<tr>\n<td>Felis katt av Husaby<\/td>\n<\/tr>\n<\/tbody>\n<\/table>\n<p>Idag, den 7e mars \u00e4r det de kvinnliga martyrerna Perpetua och Felicitas dag enligt den katolska helgonkalendern. De dog som martyrer under en f\u00f6rf\u00f6ljelse denna dag \u00e5r 202. Perpetua var en rik kvinna och Felicitas hennes slav, men de f\u00f6renades av sin kristna tro s\u00e5 att de mer blev som syskon. Perpetua l\u00e4mnade efter sig sin dagbok och det \u00e4r den \u00e4ldsta texten bevarad av en kristen kvinna.<\/p>\n<p>V\u00e5r katt heter faktiskt Felicitas. Jo, vi kallar henne i och f\u00f6r sig f\u00f6r Felis men det \u00e4r mer ett smeknamn (dessutom \u00e4r hon en Felis Catus p\u00e5 latin). S\u00e5 n\u00f6rdiga namn kan man ha p\u00e5 husdjuren i pr\u00e4stfamiljen.<\/p>\n<p>N\u00e5ja, vad har d\u00e5 Felis katt f\u00f6r kvalit\u00e9er om man j\u00e4mf\u00f6r med helgonen? S\u00e5 v\u00e4rst \u00f6dmjuk \u00e4r hon ju inte, som m\u00e5nga katter tror hon snarare att hon \u00e4r husets herre. Men s\u00e5 \u00e4r det en sak jag t\u00e4nkt p\u00e5 sista tiden. Felis \u00e4r en katt, hon kan inte annat och hon vill inte annat. Hon \u00e4r den Gud skapat henne till. S\u00e5 \u00e4r det d\u00e4remot inte med oss m\u00e4nniskor. Vi \u00e4r m\u00e4nniskor, skapade att leva i beroende och relation till v\u00e5r himmelske Fader. Men vi vill inte vara det. Vi har sv\u00e5rt att t\u00e5la v\u00e5ra m\u00e4nskliga begr\u00e4nsningar. Att inte veta allt, att inte kunna allt och s\u00e5 vidare. Felis \u00e4r n\u00f6jd med att vara katt, men vi vill vara som Gud. Kanske kan den lilla katten vara ett f\u00f6red\u00f6me f\u00f6r oss \u00e4nd\u00e5?<\/p>\n<p>(Det h\u00e4r \u00e4r en \u00e5terbloggning av en tidigare 7e mars. Testar att damma av ett gammalt inl\u00e4gg och se hur man g\u00f6r.)<\/p>\n","protected":false},"excerpt":{"rendered":"<p>Felis katt av Husaby Idag, den 7e mars \u00e4r det de kvinnliga martyrerna Perpetua och Felicitas dag enligt den katolska helgonkalendern. De dog som martyrer under en f\u00f6rf\u00f6ljelse denna dag \u00e5r 202. Perpetua var en rik kvinna och Felicitas hennes slav, men de f\u00f6renades av sin kristna tro s\u00e5 att de mer blev som syskon. [&hellip;]<\/p>\n","protected":false},"author":392,"featured_media":0,"comment_status":"open","ping_status":"open","sticky":false,"template":"","format":"standard","meta":{"_acf_changed":false,"footnotes":""},"categories":[19356,117],"tags":[],"class_list":["post-138","post","type-post","status-publish","format-standard","hentry","category-helgon","category-teologi"],"acf":[],"yoast_head":"<!-- This site is optimized with the Yoast SEO plugin v27.1.1 - https:\/\/yoast.com\/product\/yoast-seo-wordpress\/ -->\n<title>V\u00e5r katt och sankta Felicitas - Vandra V\u00e4gen<\/title>\n<meta name=\"robots\" content=\"index, follow, max-snippet:-1, max-image-preview:large, max-video-preview:-1\" \/>\n<link rel=\"canonical\" href=\"https:\/\/blogg.svenskakyrkan.se\/vandravagen\/2014\/03\/07\/var-katt-och-sankta-felicitas\/\" \/>\n<meta property=\"og:locale\" content=\"sv_SE\" \/>\n<meta property=\"og:type\" content=\"article\" \/>\n<meta property=\"og:title\" content=\"V\u00e5r katt och sankta Felicitas - Vandra V\u00e4gen\" \/>\n<meta property=\"og:description\" content=\"Felis katt av Husaby Idag, den 7e mars \u00e4r det de kvinnliga martyrerna Perpetua och Felicitas dag enligt den katolska helgonkalendern. De dog som martyrer under en f\u00f6rf\u00f6ljelse denna dag \u00e5r 202. Perpetua var en rik kvinna och Felicitas hennes slav, men de f\u00f6renades av sin kristna tro s\u00e5 att de mer blev som syskon. [&hellip;]\" \/>\n<meta property=\"og:url\" content=\"https:\/\/blogg.svenskakyrkan.se\/vandravagen\/2014\/03\/07\/var-katt-och-sankta-felicitas\/\" \/>\n<meta property=\"og:site_name\" content=\"Vandra V\u00e4gen\" \/>\n<meta property=\"article:publisher\" content=\"http:\/\/facebook.com\/vandravagen\" \/>\n<meta property=\"article:published_time\" content=\"2014-03-07T18:00:00+00:00\" \/>\n<meta property=\"og:image\" content=\"http:\/\/2.bp.blogspot.com\/-LL5YjnXJWtQ\/T1efOnnHFdI\/AAAAAAAAAGQ\/yhbshOnihBA\/s320\/P5150039.JPG\" \/>\n<meta name=\"author\" content=\"Tomas Jarvid\" \/>\n<meta name=\"twitter:card\" content=\"summary_large_image\" \/>\n<meta name=\"twitter:creator\" content=\"@fadertomas\" \/>\n<meta name=\"twitter:site\" content=\"@fadertomas\" \/>\n<meta name=\"twitter:label1\" content=\"Skriven av\" \/>\n\t<meta name=\"twitter:data1\" content=\"Tomas Jarvid\" \/>\n\t<meta name=\"twitter:label2\" content=\"Ber\u00e4knad l\u00e4stid\" \/>\n\t<meta name=\"twitter:data2\" content=\"1 minut\" \/>\n<script type=\"application\/ld+json\" class=\"yoast-schema-graph\">{\"@context\":\"https:\/\/schema.org\",\"@graph\":[{\"@type\":\"Article\",\"@id\":\"https:\/\/blogg.svenskakyrkan.se\/vandravagen\/2014\/03\/07\/var-katt-och-sankta-felicitas\/#article\",\"isPartOf\":{\"@id\":\"https:\/\/blogg.svenskakyrkan.se\/vandravagen\/2014\/03\/07\/var-katt-och-sankta-felicitas\/\"},\"author\":{\"name\":\"Tomas Jarvid\",\"@id\":\"https:\/\/blogg.svenskakyrkan.se\/vandravagen\/#\/schema\/person\/25da02d4f76b137d04291711e2c9fc16\"},\"headline\":\"V\u00e5r katt och sankta Felicitas\",\"datePublished\":\"2014-03-07T18:00:00+00:00\",\"mainEntityOfPage\":{\"@id\":\"https:\/\/blogg.svenskakyrkan.se\/vandravagen\/2014\/03\/07\/var-katt-och-sankta-felicitas\/\"},\"wordCount\":304,\"commentCount\":4,\"publisher\":{\"@id\":\"https:\/\/blogg.svenskakyrkan.se\/vandravagen\/#organization\"},\"image\":{\"@id\":\"https:\/\/blogg.svenskakyrkan.se\/vandravagen\/2014\/03\/07\/var-katt-och-sankta-felicitas\/#primaryimage\"},\"thumbnailUrl\":\"http:\/\/2.bp.blogspot.com\/-LL5YjnXJWtQ\/T1efOnnHFdI\/AAAAAAAAAGQ\/yhbshOnihBA\/s320\/P5150039.JPG\",\"articleSection\":[\"helgon\",\"Teologi\"],\"inLanguage\":\"sv-SE\",\"potentialAction\":[{\"@type\":\"CommentAction\",\"name\":\"Comment\",\"target\":[\"https:\/\/blogg.svenskakyrkan.se\/vandravagen\/2014\/03\/07\/var-katt-och-sankta-felicitas\/#respond\"]}]},{\"@type\":\"WebPage\",\"@id\":\"https:\/\/blogg.svenskakyrkan.se\/vandravagen\/2014\/03\/07\/var-katt-och-sankta-felicitas\/\",\"url\":\"https:\/\/blogg.svenskakyrkan.se\/vandravagen\/2014\/03\/07\/var-katt-och-sankta-felicitas\/\",\"name\":\"V\u00e5r katt och sankta Felicitas - Vandra V\u00e4gen\",\"isPartOf\":{\"@id\":\"https:\/\/blogg.svenskakyrkan.se\/vandravagen\/#website\"},\"primaryImageOfPage\":{\"@id\":\"https:\/\/blogg.svenskakyrkan.se\/vandravagen\/2014\/03\/07\/var-katt-och-sankta-felicitas\/#primaryimage\"},\"image\":{\"@id\":\"https:\/\/blogg.svenskakyrkan.se\/vandravagen\/2014\/03\/07\/var-katt-och-sankta-felicitas\/#primaryimage\"},\"thumbnailUrl\":\"http:\/\/2.bp.blogspot.com\/-LL5YjnXJWtQ\/T1efOnnHFdI\/AAAAAAAAAGQ\/yhbshOnihBA\/s320\/P5150039.JPG\",\"datePublished\":\"2014-03-07T18:00:00+00:00\",\"breadcrumb\":{\"@id\":\"https:\/\/blogg.svenskakyrkan.se\/vandravagen\/2014\/03\/07\/var-katt-och-sankta-felicitas\/#breadcrumb\"},\"inLanguage\":\"sv-SE\",\"potentialAction\":[{\"@type\":\"ReadAction\",\"target\":[\"https:\/\/blogg.svenskakyrkan.se\/vandravagen\/2014\/03\/07\/var-katt-och-sankta-felicitas\/\"]}]},{\"@type\":\"ImageObject\",\"inLanguage\":\"sv-SE\",\"@id\":\"https:\/\/blogg.svenskakyrkan.se\/vandravagen\/2014\/03\/07\/var-katt-och-sankta-felicitas\/#primaryimage\",\"url\":\"http:\/\/2.bp.blogspot.com\/-LL5YjnXJWtQ\/T1efOnnHFdI\/AAAAAAAAAGQ\/yhbshOnihBA\/s320\/P5150039.JPG\",\"contentUrl\":\"http:\/\/2.bp.blogspot.com\/-LL5YjnXJWtQ\/T1efOnnHFdI\/AAAAAAAAAGQ\/yhbshOnihBA\/s320\/P5150039.JPG\"},{\"@type\":\"BreadcrumbList\",\"@id\":\"https:\/\/blogg.svenskakyrkan.se\/vandravagen\/2014\/03\/07\/var-katt-och-sankta-felicitas\/#breadcrumb\",\"itemListElement\":[{\"@type\":\"ListItem\",\"position\":1,\"name\":\"Hem\",\"item\":\"https:\/\/blogg.svenskakyrkan.se\/vandravagen\/\"},{\"@type\":\"ListItem\",\"position\":2,\"name\":\"V\u00e5r katt och sankta Felicitas\"}]},{\"@type\":\"WebSite\",\"@id\":\"https:\/\/blogg.svenskakyrkan.se\/vandravagen\/#website\",\"url\":\"https:\/\/blogg.svenskakyrkan.se\/vandravagen\/\",\"name\":\"Vandra V\u00e4gen\",\"description\":\"-Mot en tro f\u00f6r hela livet\",\"publisher\":{\"@id\":\"https:\/\/blogg.svenskakyrkan.se\/vandravagen\/#organization\"},\"potentialAction\":[{\"@type\":\"SearchAction\",\"target\":{\"@type\":\"EntryPoint\",\"urlTemplate\":\"https:\/\/blogg.svenskakyrkan.se\/vandravagen\/?s={search_term_string}\"},\"query-input\":{\"@type\":\"PropertyValueSpecification\",\"valueRequired\":true,\"valueName\":\"search_term_string\"}}],\"inLanguage\":\"sv-SE\"},{\"@type\":\"Organization\",\"@id\":\"https:\/\/blogg.svenskakyrkan.se\/vandravagen\/#organization\",\"name\":\"ulricehamns pastorat\",\"alternateName\":\"ulricehamns pastorat\",\"url\":\"https:\/\/blogg.svenskakyrkan.se\/vandravagen\/\",\"logo\":{\"@type\":\"ImageObject\",\"inLanguage\":\"sv-SE\",\"@id\":\"https:\/\/blogg.svenskakyrkan.se\/vandravagen\/#\/schema\/logo\/image\/\",\"url\":\"https:\/\/blogg.svenskakyrkan.se\/vandravagen\/files\/2023\/05\/Ulr_logo_RGB.png\",\"contentUrl\":\"https:\/\/blogg.svenskakyrkan.se\/vandravagen\/files\/2023\/05\/Ulr_logo_RGB.png\",\"width\":205,\"height\":77,\"caption\":\"ulricehamns pastorat\"},\"image\":{\"@id\":\"https:\/\/blogg.svenskakyrkan.se\/vandravagen\/#\/schema\/logo\/image\/\"},\"sameAs\":[\"http:\/\/facebook.com\/vandravagen\",\"https:\/\/x.com\/fadertomas\",\"http:\/\/www.facebook.com\/svenskakyrkaniulricehamn\"]},{\"@type\":\"Person\",\"@id\":\"https:\/\/blogg.svenskakyrkan.se\/vandravagen\/#\/schema\/person\/25da02d4f76b137d04291711e2c9fc16\",\"name\":\"Tomas Jarvid\",\"image\":{\"@type\":\"ImageObject\",\"inLanguage\":\"sv-SE\",\"@id\":\"https:\/\/blogg.svenskakyrkan.se\/vandravagen\/#\/schema\/person\/image\/\",\"url\":\"https:\/\/secure.gravatar.com\/avatar\/7fa71899795e8f540f615a1f5ab25255dc27aa40f05ee7ddd21aac521e01bf50?s=96&d=identicon&r=g\",\"contentUrl\":\"https:\/\/secure.gravatar.com\/avatar\/7fa71899795e8f540f615a1f5ab25255dc27aa40f05ee7ddd21aac521e01bf50?s=96&d=identicon&r=g\",\"caption\":\"Tomas Jarvid\"},\"description\":\"Jag bor i Ulricehamn i V\u00e4sterg\u00f6tland och \u00e4r f\u00f6rsamlingspr\u00e4st i Svenska Kyrkan f\u00f6r Dalstorps f\u00f6rsamling i Kinds pastorat. P\u00e5 den h\u00e4r bloggen skriver jag ner tankar om vandringen som kristen.\",\"sameAs\":[\"http:\/\/www.vandravagen.se\"],\"url\":\"https:\/\/blogg.svenskakyrkan.se\/vandravagen\/author\/vandravagen\/\"}]}<\/script>\n<!-- \/ Yoast SEO plugin. -->","yoast_head_json":{"title":"V\u00e5r katt och sankta Felicitas - Vandra V\u00e4gen","robots":{"index":"index","follow":"follow","max-snippet":"max-snippet:-1","max-image-preview":"max-image-preview:large","max-video-preview":"max-video-preview:-1"},"canonical":"https:\/\/blogg.svenskakyrkan.se\/vandravagen\/2014\/03\/07\/var-katt-och-sankta-felicitas\/","og_locale":"sv_SE","og_type":"article","og_title":"V\u00e5r katt och sankta Felicitas - Vandra V\u00e4gen","og_description":"Felis katt av Husaby Idag, den 7e mars \u00e4r det de kvinnliga martyrerna Perpetua och Felicitas dag enligt den katolska helgonkalendern. De dog som martyrer under en f\u00f6rf\u00f6ljelse denna dag \u00e5r 202. Perpetua var en rik kvinna och Felicitas hennes slav, men de f\u00f6renades av sin kristna tro s\u00e5 att de mer blev som syskon. [&hellip;]","og_url":"https:\/\/blogg.svenskakyrkan.se\/vandravagen\/2014\/03\/07\/var-katt-och-sankta-felicitas\/","og_site_name":"Vandra V\u00e4gen","article_publisher":"http:\/\/facebook.com\/vandravagen","article_published_time":"2014-03-07T18:00:00+00:00","og_image":[{"url":"http:\/\/2.bp.blogspot.com\/-LL5YjnXJWtQ\/T1efOnnHFdI\/AAAAAAAAAGQ\/yhbshOnihBA\/s320\/P5150039.JPG","type":"","width":"","height":""}],"author":"Tomas Jarvid","twitter_card":"summary_large_image","twitter_creator":"@fadertomas","twitter_site":"@fadertomas","twitter_misc":{"Skriven av":"Tomas Jarvid","Ber\u00e4knad l\u00e4stid":"1 minut"},"schema":{"@context":"https:\/\/schema.org","@graph":[{"@type":"Article","@id":"https:\/\/blogg.svenskakyrkan.se\/vandravagen\/2014\/03\/07\/var-katt-och-sankta-felicitas\/#article","isPartOf":{"@id":"https:\/\/blogg.svenskakyrkan.se\/vandravagen\/2014\/03\/07\/var-katt-och-sankta-felicitas\/"},"author":{"name":"Tomas Jarvid","@id":"https:\/\/blogg.svenskakyrkan.se\/vandravagen\/#\/schema\/person\/25da02d4f76b137d04291711e2c9fc16"},"headline":"V\u00e5r katt och sankta Felicitas","datePublished":"2014-03-07T18:00:00+00:00","mainEntityOfPage":{"@id":"https:\/\/blogg.svenskakyrkan.se\/vandravagen\/2014\/03\/07\/var-katt-och-sankta-felicitas\/"},"wordCount":304,"commentCount":4,"publisher":{"@id":"https:\/\/blogg.svenskakyrkan.se\/vandravagen\/#organization"},"image":{"@id":"https:\/\/blogg.svenskakyrkan.se\/vandravagen\/2014\/03\/07\/var-katt-och-sankta-felicitas\/#primaryimage"},"thumbnailUrl":"http:\/\/2.bp.blogspot.com\/-LL5YjnXJWtQ\/T1efOnnHFdI\/AAAAAAAAAGQ\/yhbshOnihBA\/s320\/P5150039.JPG","articleSection":["helgon","Teologi"],"inLanguage":"sv-SE","potentialAction":[{"@type":"CommentAction","name":"Comment","target":["https:\/\/blogg.svenskakyrkan.se\/vandravagen\/2014\/03\/07\/var-katt-och-sankta-felicitas\/#respond"]}]},{"@type":"WebPage","@id":"https:\/\/blogg.svenskakyrkan.se\/vandravagen\/2014\/03\/07\/var-katt-och-sankta-felicitas\/","url":"https:\/\/blogg.svenskakyrkan.se\/vandravagen\/2014\/03\/07\/var-katt-och-sankta-felicitas\/","name":"V\u00e5r katt och sankta Felicitas - Vandra V\u00e4gen","isPartOf":{"@id":"https:\/\/blogg.svenskakyrkan.se\/vandravagen\/#website"},"primaryImageOfPage":{"@id":"https:\/\/blogg.svenskakyrkan.se\/vandravagen\/2014\/03\/07\/var-katt-och-sankta-felicitas\/#primaryimage"},"image":{"@id":"https:\/\/blogg.svenskakyrkan.se\/vandravagen\/2014\/03\/07\/var-katt-och-sankta-felicitas\/#primaryimage"},"thumbnailUrl":"http:\/\/2.bp.blogspot.com\/-LL5YjnXJWtQ\/T1efOnnHFdI\/AAAAAAAAAGQ\/yhbshOnihBA\/s320\/P5150039.JPG","datePublished":"2014-03-07T18:00:00+00:00","breadcrumb":{"@id":"https:\/\/blogg.svenskakyrkan.se\/vandravagen\/2014\/03\/07\/var-katt-och-sankta-felicitas\/#breadcrumb"},"inLanguage":"sv-SE","potentialAction":[{"@type":"ReadAction","target":["https:\/\/blogg.svenskakyrkan.se\/vandravagen\/2014\/03\/07\/var-katt-och-sankta-felicitas\/"]}]},{"@type":"ImageObject","inLanguage":"sv-SE","@id":"https:\/\/blogg.svenskakyrkan.se\/vandravagen\/2014\/03\/07\/var-katt-och-sankta-felicitas\/#primaryimage","url":"http:\/\/2.bp.blogspot.com\/-LL5YjnXJWtQ\/T1efOnnHFdI\/AAAAAAAAAGQ\/yhbshOnihBA\/s320\/P5150039.JPG","contentUrl":"http:\/\/2.bp.blogspot.com\/-LL5YjnXJWtQ\/T1efOnnHFdI\/AAAAAAAAAGQ\/yhbshOnihBA\/s320\/P5150039.JPG"},{"@type":"BreadcrumbList","@id":"https:\/\/blogg.svenskakyrkan.se\/vandravagen\/2014\/03\/07\/var-katt-och-sankta-felicitas\/#breadcrumb","itemListElement":[{"@type":"ListItem","position":1,"name":"Hem","item":"https:\/\/blogg.svenskakyrkan.se\/vandravagen\/"},{"@type":"ListItem","position":2,"name":"V\u00e5r katt och sankta Felicitas"}]},{"@type":"WebSite","@id":"https:\/\/blogg.svenskakyrkan.se\/vandravagen\/#website","url":"https:\/\/blogg.svenskakyrkan.se\/vandravagen\/","name":"Vandra V\u00e4gen","description":"-Mot en tro f\u00f6r hela livet","publisher":{"@id":"https:\/\/blogg.svenskakyrkan.se\/vandravagen\/#organization"},"potentialAction":[{"@type":"SearchAction","target":{"@type":"EntryPoint","urlTemplate":"https:\/\/blogg.svenskakyrkan.se\/vandravagen\/?s={search_term_string}"},"query-input":{"@type":"PropertyValueSpecification","valueRequired":true,"valueName":"search_term_string"}}],"inLanguage":"sv-SE"},{"@type":"Organization","@id":"https:\/\/blogg.svenskakyrkan.se\/vandravagen\/#organization","name":"ulricehamns pastorat","alternateName":"ulricehamns pastorat","url":"https:\/\/blogg.svenskakyrkan.se\/vandravagen\/","logo":{"@type":"ImageObject","inLanguage":"sv-SE","@id":"https:\/\/blogg.svenskakyrkan.se\/vandravagen\/#\/schema\/logo\/image\/","url":"https:\/\/blogg.svenskakyrkan.se\/vandravagen\/files\/2023\/05\/Ulr_logo_RGB.png","contentUrl":"https:\/\/blogg.svenskakyrkan.se\/vandravagen\/files\/2023\/05\/Ulr_logo_RGB.png","width":205,"height":77,"caption":"ulricehamns pastorat"},"image":{"@id":"https:\/\/blogg.svenskakyrkan.se\/vandravagen\/#\/schema\/logo\/image\/"},"sameAs":["http:\/\/facebook.com\/vandravagen","https:\/\/x.com\/fadertomas","http:\/\/www.facebook.com\/svenskakyrkaniulricehamn"]},{"@type":"Person","@id":"https:\/\/blogg.svenskakyrkan.se\/vandravagen\/#\/schema\/person\/25da02d4f76b137d04291711e2c9fc16","name":"Tomas Jarvid","image":{"@type":"ImageObject","inLanguage":"sv-SE","@id":"https:\/\/blogg.svenskakyrkan.se\/vandravagen\/#\/schema\/person\/image\/","url":"https:\/\/secure.gravatar.com\/avatar\/7fa71899795e8f540f615a1f5ab25255dc27aa40f05ee7ddd21aac521e01bf50?s=96&d=identicon&r=g","contentUrl":"https:\/\/secure.gravatar.com\/avatar\/7fa71899795e8f540f615a1f5ab25255dc27aa40f05ee7ddd21aac521e01bf50?s=96&d=identicon&r=g","caption":"Tomas Jarvid"},"description":"Jag bor i Ulricehamn i V\u00e4sterg\u00f6tland och \u00e4r f\u00f6rsamlingspr\u00e4st i Svenska Kyrkan f\u00f6r Dalstorps f\u00f6rsamling i Kinds pastorat. P\u00e5 den h\u00e4r bloggen skriver jag ner tankar om vandringen som kristen.","sameAs":["http:\/\/www.vandravagen.se"],"url":"https:\/\/blogg.svenskakyrkan.se\/vandravagen\/author\/vandravagen\/"}]}},"author_meta":{"ID":"392","user_nicename":"vandravagen","user_url":"http:\/\/www.vandravagen.se","user_registered":"2014-05-19 05:44:52","display_name":"Tomas Jarvid","first_name":"Tomas","last_name":"Jarvid","avatar":"https:\/\/secure.gravatar.com\/avatar\/7fa71899795e8f540f615a1f5ab25255dc27aa40f05ee7ddd21aac521e01bf50?s=96&d=identicon&r=g"},"featured_image":false,"bloginfo":{"name":"Vandra V\u00e4gen","url":"https:\/\/blogg.svenskakyrkan.se\/vandravagen"},"_links":{"self":[{"href":"https:\/\/blogg.svenskakyrkan.se\/vandravagen\/wp-json\/wp\/v2\/posts\/138","targetHints":{"allow":["GET"]}}],"collection":[{"href":"https:\/\/blogg.svenskakyrkan.se\/vandravagen\/wp-json\/wp\/v2\/posts"}],"about":[{"href":"https:\/\/blogg.svenskakyrkan.se\/vandravagen\/wp-json\/wp\/v2\/types\/post"}],"author":[{"embeddable":true,"href":"https:\/\/blogg.svenskakyrkan.se\/vandravagen\/wp-json\/wp\/v2\/users\/392"}],"replies":[{"embeddable":true,"href":"https:\/\/blogg.svenskakyrkan.se\/vandravagen\/wp-json\/wp\/v2\/comments?post=138"}],"version-history":[{"count":0,"href":"https:\/\/blogg.svenskakyrkan.se\/vandravagen\/wp-json\/wp\/v2\/posts\/138\/revisions"}],"wp:attachment":[{"href":"https:\/\/blogg.svenskakyrkan.se\/vandravagen\/wp-json\/wp\/v2\/media?parent=138"}],"wp:term":[{"taxonomy":"category","embeddable":true,"href":"https:\/\/blogg.svenskakyrkan.se\/vandravagen\/wp-json\/wp\/v2\/categories?post=138"},{"taxonomy":"post_tag","embeddable":true,"href":"https:\/\/blogg.svenskakyrkan.se\/vandravagen\/wp-json\/wp\/v2\/tags?post=138"}],"curies":[{"name":"wp","href":"https:\/\/api.w.org\/{rel}","templated":true}]}}